{"id":24078,"date":"2026-04-29T15:50:38","date_gmt":"2026-04-29T15:50:38","guid":{"rendered":"https:\/\/aliancaevangelica.pt\/site\/?p=24078"},"modified":"2026-04-29T15:51:27","modified_gmt":"2026-04-29T15:51:27","slug":"forum-evangelico-2019","status":"publish","type":"post","link":"https:\/\/aliancaevangelica.pt\/site\/forum-evangelico-2019\/","title":{"rendered":"F\u00f3rum Evang\u00e9lico 2019"},"content":{"rendered":"\n<h2 class=\"wp-block-heading\">Sobre o F\u00f3rum Evang\u00e9lico 2019<\/h2>\n\n\n\n<p>\u00c9 j\u00e1 nos dias&nbsp;<strong>22 e 23 de Mar\u00e7o<\/strong>&nbsp;que vai ter lugar o&nbsp;<strong>F\u00f3rum Evang\u00e9lico<\/strong>, organizado pela Alian\u00e7a Evang\u00e9lica Portuguesa,no&nbsp;<strong>Audit\u00f3rio da Faculdade de Medicina Dent\u00e1ria de Lisboa<\/strong>. O objetivo \u00e9 mobilizar as igrejas a estarem juntas neste dia, conectando minist\u00e9rios \/ organiza\u00e7\u00f5es, proporcionar comunh\u00e3o entre fam\u00edlias e celebrarmos juntos a Deus.&nbsp;<\/p>\n\n\n\n<p>Neste \u00e2mbito, ter\u00e1 lugar tamb\u00e9m a&nbsp;<strong>EXPO Evang\u00e9lica&nbsp;<\/strong>cerca 30 minist\u00e9rios e organiza\u00e7\u00f5es representadas.<\/p>\n\n\n\n<p>As portas abrem sexta-feira \u00e0s 19h, com um ser\u00e3o mais dedicado aos jovens com o concerto de&nbsp;<strong>Martim Vicente&nbsp;<\/strong>e os amigos, e com uma Palavra partilhada por&nbsp;<strong>Pedro Barbosa<\/strong>, dos \u201cThe Four\u201d (Minist\u00e9rio da \u00c1gape Portugal).<\/p>\n\n\n\n<p>No s\u00e1bado de manh\u00e3, al\u00e9m do devocional com a Bertina Tom\u00e9, temos quatro <strong><a href=\"#networks\">NetWorks<\/a>. <\/strong>Para te inscreveres <a href=\"https:\/\/docs.google.com\/forms\/d\/e\/1FAIpQLSfB7Md8x0AhhDVoEuOpj7627uLlHSKSErnBdksbAtGmdHC5EA\/viewform\" target=\"_blank\" rel=\"noreferrer noopener\">Clica Aqui<\/a>)<\/p>\n\n\n\n<p>Destacamos ainda o&nbsp;<strong>Espa\u00e7o de Ora\u00e7\u00e3o, Family Games&nbsp;<\/strong>e a <strong>celebra\u00e7\u00e3o final<\/strong>,&nbsp;com o&nbsp;<strong>Coral do Festival da Esperan\u00e7a <\/strong>e ainda&nbsp;um Painel dedicado ao trabalho social da comunidade evang\u00e9lica (com participa\u00e7\u00e3o da FEREDE \u2013 Rede de Igrejas Evang\u00e9licas de Espanha).<\/p>\n\n\n\n<p>Conhe\u00e7a aqui o <strong><a href=\"#programa\">Programa Completo<\/a>.<\/strong><\/p>\n\n\n\n<p>Venha participar e desafie tamb\u00e9m a sua igreja a estar connosco!<\/p>\n\n\n\n<h2 class=\"wp-block-heading\">NETWORKS<\/h2>\n\n\n\n<h2 class=\"wp-block-heading\">Mulheres, Refugiados e Tr\u00e1fico de Seres Humanos<\/h2>\n\n\n\n<p>Mulheres, Refugiados e Tr\u00e1fico de Seres Humanos, s\u00e3o tr\u00eas assuntos fundamentais da agenda internacional.<\/p>\n\n\n\n<p>Perante a complexidade destes temas globais, cremos que a Igreja comprometida com o Evangelho de Cristo, que se levanta e age em amor, \u00e9 a melhor resposta em qualquer local. Cremos que Deus usa a sua igreja mesmo em tempos de volatilidade e incerteza como os que vivemos. O mesmo Deus que usou Jos\u00e9, Ester ou Daniel, pode usar qualquer um de n\u00f3s.<\/p>\n\n\n\n<p>Venha ouvir sobre organiza\u00e7\u00f5es e pessoas de compaix\u00e3o que Deus tem levantado para fazer a diferen\u00e7a e partilhe tamb\u00e9m a sua experi\u00eancia. Este painel vai ser moderado pela soci\u00f3loga Elsa Correia Pereira. Entre os participantes est\u00e3o S\u00f3nia Sim\u00f5es (Programa &#8220;Mulheres de Esperan\u00e7a&#8221; da RTM),Irina Sanha (TSH nos PALOP), Anabela Gon\u00e7alves (Ex\u00e9rcito de Salva\u00e7\u00e3o), Givas (OM &#8211; Refugiados), Leanne Rodhes (Abolishion &#8211; programa de sensibiliza\u00e7\u00e3o sobre o tr\u00e1fico de seres humanos ), entre outros convidados a confirmar brevemente.<\/p>\n\n\n\n<h2 class=\"wp-block-heading\">Minist\u00e9rios Juvenis, Infantis e Desportivos<\/h2>\n\n\n\n<p>As Crian\u00e7as e jovens s\u00e3o na verdade o presente e o futuro das nossas comunidades Crist\u00e3s Evang\u00e9licas.<\/p>\n\n\n\n<p>Sabemos que ao investirmos de forma cuidadosa nestas faixas et\u00e1rias estamos a investir na sa\u00fade das nossas comunidades no presente e no futuro.<\/p>\n\n\n\n<p>Sabemos que existem diversos minist\u00e9rios e Igrejas que Deus tem usado para desenvolver materiais e estrat\u00e9gias que nos ajudam a alcan\u00e7ar estes objectivos.<\/p>\n\n\n\n<p>Este f\u00f3rum ir\u00e1 refletir sobre a situa\u00e7\u00e3o atual no nosso pa\u00eds e, criativamente e em conjunto, sonhar com o futuro.<\/p>\n\n\n\n<h2 class=\"wp-block-heading\">A\u00e7\u00e3o Social<\/h2>\n\n\n\n<p>\u201cOs pobres sempre os tereis convosco.\u201d A afirma\u00e7\u00e3o de Jesus poderia deixar-nos inativos, mas hoje reconhecemos que as dicotomias na nossa sociedade est\u00e3o cada vez mais acentuadas.<\/p>\n\n\n\n<p>A Igreja \u00e9 chamada a escutar, a reconhecer, a agir e a envolver-se com pessoas.&nbsp;Procuraremos com alguns amigos e os seus exemplos estimular, desenvolver e ampliar uma vis\u00e3o de trabalho social da Igreja.<\/p>\n\n\n\n<p>N\u00e3o deixando de olhar para dentro mas sendo estimulados a alargar a nossa mente e vis\u00e3o procurando estabelecer parcerias que levem o suave aroma de Jesus, aqueles que Ele j\u00e1 ama mas que ainda n\u00e3o o sabem.<\/p>\n\n\n\n<h2 class=\"wp-block-heading\">Planta\u00e7\u00e3o e Revitaliza\u00e7\u00e3o de Igrejas<\/h2>\n\n\n\n<p>O F\u00f3rum de Planta\u00e7\u00e3o e Revitaliza\u00e7\u00e3o de igreja pretende ser uma amostra do que Deus est\u00e1 a fazer entre n\u00f3s. Iremos ouvir o testemunho de 6 diferentes experi\u00eancias, em contextos diferentes e com abordagens diferentes. Conscientes de que o Esp\u00edrito faz o que quer e como quer naqueles que se disp\u00f5em a ser usados por Ele, n\u00e3o pretendemos desvendar o \u201c segredo\u201d na planta\u00e7\u00e3o e revitaliza\u00e7\u00e3o de igrejas, mas contamos que o Esp\u00edrito nos encoraje e motive ao vermos como Deus est\u00e1 a agir nestes diversos contextos.<\/p>\n\n\n\n<p>Acreditamos que ao mesmo tempo que plantamos novas igrejas, em particular em lugares onde n\u00e3o existem outras, precisamos de cuidar e revitalizar muitas das igrejas que est\u00e3o no nosso meio.<\/p>\n\n\n\n<p>Haver\u00e1 espa\u00e7o para interpelarmos o painel e assim enriquecer o di\u00e1logo e os desafios apresentados.<\/p>\n\n\n\n<h1 class=\"wp-block-heading\"><strong>PROGRAMA<\/strong><\/h1>\n\n\n\n<figure class=\"wp-block-table\"><table class=\"has-fixed-layout\"><tbody><tr><td colspan=\"2\"><strong>Sexta 22 Mar\u00e7o 2019<\/strong><\/td><\/tr><tr><td>19h00<\/td><td>Abertura Expo Evang\u00e9lica<\/td><\/tr><tr><td>20h30<\/td><td>Celebra\u00e7\u00e3o Jovem Concerto Martin Vicente e os Amigos Pedro Barbosa (Palavra)<\/td><\/tr><tr><td>22:00<\/td><td>Encerramento<\/td><\/tr><tr><td colspan=\"2\"><strong>S\u00e1bado 23 Mar\u00e7o 2019<\/strong><\/td><\/tr><tr><td>9h30<\/td><td>Abertura das portas \/ Abertura EXPO Evang\u00e9lica<\/td><\/tr><tr><td>10h00<\/td><td>Devocional (Bertina Tom\u00e9) Intro Semin\u00e1rios \/ NetWorks<\/td><\/tr><tr><td>10h30<\/td><td>Semin\u00e1rios \/ NetWorks: \u201cMulheres, Refugiados e Tr\u00e1fico de Seres Humanos\u201d \u201cMinist\u00e9rios Juvenis, Infantis e Desportivos\u201d \u201cPlanta\u00e7\u00e3o e Revitaliza\u00e7\u00e3o de Igrejas\u201d \u201cA\u00e7\u00e3o Social\u201d &#8211; Conselho Geral (reservado a membros)<\/td><\/tr><tr><td>12h30<\/td><td>EXPO Evang\u00e9lica (almo\u00e7o)<\/td><\/tr><tr><td>14h30<\/td><td>Lan\u00e7amento do Livro \u201cDi\u00e1rio de Uma Mulher Feliz\u201d<\/td><\/tr><tr><td>15h00<\/td><td>Family Games<\/td><\/tr><tr><td>16h00<\/td><td><strong>Grande Celebra\u00e7\u00e3o<\/strong> &#8211; Coral do Festival da Esperan\u00e7a &#8211; Painel dedicado ao trabalho social da comunidade evang\u00e9lica com participa\u00e7\u00e3o da FEREDE (Rede de Igrejas Evang\u00e9licas de Espanha) &#8211; Mensagem (Dr. Mariano Bl\u00e1zquez Burgo \u2013 FEREDE)<\/td><\/tr><tr><td>19h00<\/td><td>Encerramento<\/td><\/tr><\/tbody><\/table><\/figure>\n\n\n\n<div style=\"height:100px\" aria-hidden=\"true\" class=\"wp-block-spacer\"><\/div>\n","protected":false},"excerpt":{"rendered":"<p>Sobre o F\u00f3rum Evang\u00e9lico 2019 \u00c9 j\u00e1 nos dias&nbsp;22 e 23 de Mar\u00e7o&nbsp;que vai ter lugar o&nbsp;F\u00f3rum Evang\u00e9lico, organizado pela Alian\u00e7a Evang\u00e9lica Portuguesa,no&nbsp;Audit\u00f3rio da Faculdade de Medicina Dent\u00e1ria de Lisboa. O objetivo \u00e9 mobilizar as igrejas a estarem juntas neste dia, conectando minist\u00e9rios \/ organiza\u00e7\u00f5es, proporcionar comunh\u00e3o entre fam\u00edlias e celebrarmos juntos a Deus.&nbsp; Neste<\/p>\n","protected":false},"author":3,"featured_media":16885,"comment_status":"open","ping_status":"open","sticky":false,"template":"","format":"standard","meta":{"_piecal_is_event":false,"_piecal_start_date":"","_piecal_end_date":"","_piecal_is_allday":false,"_uag_custom_page_level_css":"","_themeisle_gutenberg_block_has_review":false,"_vp_format_video_url":"","_vp_image_focal_point":[],"footnotes":""},"categories":[68],"tags":[],"class_list":["post-24078","post","type-post","status-publish","format-standard","has-post-thumbnail","hentry","category-forum"],"yoast_head":"<!-- This site is optimized with the Yoast SEO plugin v27.5 - https:\/\/yoast.com\/product\/yoast-seo-wordpress\/ -->\n<title>F\u00f3rum Evang\u00e9lico 2019 - AEP<\/title>\n<meta name=\"robots\" content=\"index, follow, max-snippet:-1, max-image-preview:large, max-video-preview:-1\" \/>\n<link rel=\"canonical\" href=\"https:\/\/aliancaevangelica.pt\/site\/forum-evangelico-2019\/\" \/>\n<meta property=\"og:locale\" content=\"pt_PT\" \/>\n<meta property=\"og:type\" content=\"article\" \/>\n<meta property=\"og:title\" content=\"F\u00f3rum Evang\u00e9lico 2019 - AEP\" \/>\n<meta property=\"og:description\" content=\"Sobre o F\u00f3rum Evang\u00e9lico 2019 \u00c9 j\u00e1 nos dias&nbsp;22 e 23 de Mar\u00e7o&nbsp;que vai ter lugar o&nbsp;F\u00f3rum Evang\u00e9lico, organizado pela Alian\u00e7a Evang\u00e9lica Portuguesa,no&nbsp;Audit\u00f3rio da Faculdade de Medicina Dent\u00e1ria de Lisboa. O objetivo \u00e9 mobilizar as igrejas a estarem juntas neste dia, conectando minist\u00e9rios \/ organiza\u00e7\u00f5es, proporcionar comunh\u00e3o entre fam\u00edlias e celebrarmos juntos a Deus.&nbsp; Neste\" \/>\n<meta property=\"og:url\" content=\"https:\/\/aliancaevangelica.pt\/site\/forum-evangelico-2019\/\" \/>\n<meta property=\"og:site_name\" content=\"AEP\" \/>\n<meta property=\"article:publisher\" content=\"http:\/\/facebook.com\/aeportuguesa\" \/>\n<meta property=\"article:published_time\" content=\"2026-04-29T15:50:38+00:00\" \/>\n<meta property=\"article:modified_time\" content=\"2026-04-29T15:51:27+00:00\" \/>\n<meta property=\"og:image\" content=\"https:\/\/aliancaevangelica.pt\/site\/wp-content\/uploads\/2019\/02\/tb-forum-page2.jpg\" \/>\n\t<meta property=\"og:image:width\" content=\"1568\" \/>\n\t<meta property=\"og:image:height\" content=\"882\" \/>\n\t<meta property=\"og:image:type\" content=\"image\/jpeg\" \/>\n<meta name=\"author\" content=\"AEP\" \/>\n<meta name=\"twitter:card\" content=\"summary_large_image\" \/>\n<meta name=\"twitter:label1\" content=\"Escrito por\" \/>\n\t<meta name=\"twitter:data1\" content=\"AEP\" \/>\n\t<meta name=\"twitter:label2\" content=\"Tempo estimado de leitura\" \/>\n\t<meta name=\"twitter:data2\" content=\"5 minutos\" \/>\n<script type=\"application\/ld+json\" class=\"yoast-schema-graph\">{\"@context\":\"https:\\\/\\\/schema.org\",\"@graph\":[{\"@type\":\"Article\",\"@id\":\"https:\\\/\\\/aliancaevangelica.pt\\\/site\\\/forum-evangelico-2019\\\/#article\",\"isPartOf\":{\"@id\":\"https:\\\/\\\/aliancaevangelica.pt\\\/site\\\/forum-evangelico-2019\\\/\"},\"author\":{\"name\":\"AEP\",\"@id\":\"https:\\\/\\\/aliancaevangelica.pt\\\/site\\\/#\\\/schema\\\/person\\\/770f46e2228e382b34054569bb7bf365\"},\"headline\":\"F\u00f3rum Evang\u00e9lico 2019\",\"datePublished\":\"2026-04-29T15:50:38+00:00\",\"dateModified\":\"2026-04-29T15:51:27+00:00\",\"mainEntityOfPage\":{\"@id\":\"https:\\\/\\\/aliancaevangelica.pt\\\/site\\\/forum-evangelico-2019\\\/\"},\"wordCount\":908,\"commentCount\":0,\"publisher\":{\"@id\":\"https:\\\/\\\/aliancaevangelica.pt\\\/site\\\/#organization\"},\"image\":{\"@id\":\"https:\\\/\\\/aliancaevangelica.pt\\\/site\\\/forum-evangelico-2019\\\/#primaryimage\"},\"thumbnailUrl\":\"https:\\\/\\\/aliancaevangelica.pt\\\/site\\\/wp-content\\\/uploads\\\/2019\\\/02\\\/tb-forum-page2.jpg\",\"articleSection\":[\"F\u00f3rum\"],\"inLanguage\":\"pt-PT\",\"potentialAction\":[{\"@type\":\"CommentAction\",\"name\":\"Comment\",\"target\":[\"https:\\\/\\\/aliancaevangelica.pt\\\/site\\\/forum-evangelico-2019\\\/#respond\"]}]},{\"@type\":\"WebPage\",\"@id\":\"https:\\\/\\\/aliancaevangelica.pt\\\/site\\\/forum-evangelico-2019\\\/\",\"url\":\"https:\\\/\\\/aliancaevangelica.pt\\\/site\\\/forum-evangelico-2019\\\/\",\"name\":\"F\u00f3rum Evang\u00e9lico 2019 - AEP\",\"isPartOf\":{\"@id\":\"https:\\\/\\\/aliancaevangelica.pt\\\/site\\\/#website\"},\"primaryImageOfPage\":{\"@id\":\"https:\\\/\\\/aliancaevangelica.pt\\\/site\\\/forum-evangelico-2019\\\/#primaryimage\"},\"image\":{\"@id\":\"https:\\\/\\\/aliancaevangelica.pt\\\/site\\\/forum-evangelico-2019\\\/#primaryimage\"},\"thumbnailUrl\":\"https:\\\/\\\/aliancaevangelica.pt\\\/site\\\/wp-content\\\/uploads\\\/2019\\\/02\\\/tb-forum-page2.jpg\",\"datePublished\":\"2026-04-29T15:50:38+00:00\",\"dateModified\":\"2026-04-29T15:51:27+00:00\",\"breadcrumb\":{\"@id\":\"https:\\\/\\\/aliancaevangelica.pt\\\/site\\\/forum-evangelico-2019\\\/#breadcrumb\"},\"inLanguage\":\"pt-PT\",\"potentialAction\":[{\"@type\":\"ReadAction\",\"target\":[\"https:\\\/\\\/aliancaevangelica.pt\\\/site\\\/forum-evangelico-2019\\\/\"]}]},{\"@type\":\"ImageObject\",\"inLanguage\":\"pt-PT\",\"@id\":\"https:\\\/\\\/aliancaevangelica.pt\\\/site\\\/forum-evangelico-2019\\\/#primaryimage\",\"url\":\"https:\\\/\\\/aliancaevangelica.pt\\\/site\\\/wp-content\\\/uploads\\\/2019\\\/02\\\/tb-forum-page2.jpg\",\"contentUrl\":\"https:\\\/\\\/aliancaevangelica.pt\\\/site\\\/wp-content\\\/uploads\\\/2019\\\/02\\\/tb-forum-page2.jpg\",\"width\":1568,\"height\":882},{\"@type\":\"BreadcrumbList\",\"@id\":\"https:\\\/\\\/aliancaevangelica.pt\\\/site\\\/forum-evangelico-2019\\\/#breadcrumb\",\"itemListElement\":[{\"@type\":\"ListItem\",\"position\":1,\"name\":\"In\u00edcio\",\"item\":\"https:\\\/\\\/aliancaevangelica.pt\\\/site\\\/\"},{\"@type\":\"ListItem\",\"position\":2,\"name\":\"F\u00f3rum Evang\u00e9lico 2019\"}]},{\"@type\":\"WebSite\",\"@id\":\"https:\\\/\\\/aliancaevangelica.pt\\\/site\\\/#website\",\"url\":\"https:\\\/\\\/aliancaevangelica.pt\\\/site\\\/\",\"name\":\"Alian\u00e7a Evang\u00e9lica Portuguesa\",\"description\":\"Alian\u00e7a Evang\u00e9lica Portuguesa\",\"publisher\":{\"@id\":\"https:\\\/\\\/aliancaevangelica.pt\\\/site\\\/#organization\"},\"potentialAction\":[{\"@type\":\"SearchAction\",\"target\":{\"@type\":\"EntryPoint\",\"urlTemplate\":\"https:\\\/\\\/aliancaevangelica.pt\\\/site\\\/?s={search_term_string}\"},\"query-input\":{\"@type\":\"PropertyValueSpecification\",\"valueRequired\":true,\"valueName\":\"search_term_string\"}}],\"inLanguage\":\"pt-PT\"},{\"@type\":\"Organization\",\"@id\":\"https:\\\/\\\/aliancaevangelica.pt\\\/site\\\/#organization\",\"name\":\"Alian\u00e7a Evang\u00e9lica Portuguesa\",\"url\":\"https:\\\/\\\/aliancaevangelica.pt\\\/site\\\/\",\"logo\":{\"@type\":\"ImageObject\",\"inLanguage\":\"pt-PT\",\"@id\":\"https:\\\/\\\/aliancaevangelica.pt\\\/site\\\/#\\\/schema\\\/logo\\\/image\\\/\",\"url\":\"https:\\\/\\\/aliancaevangelica.pt\\\/site\\\/wp-content\\\/uploads\\\/2017\\\/11\\\/logo-AEP-cor.png\",\"contentUrl\":\"https:\\\/\\\/aliancaevangelica.pt\\\/site\\\/wp-content\\\/uploads\\\/2017\\\/11\\\/logo-AEP-cor.png\",\"width\":1156,\"height\":672,\"caption\":\"Alian\u00e7a Evang\u00e9lica Portuguesa\"},\"image\":{\"@id\":\"https:\\\/\\\/aliancaevangelica.pt\\\/site\\\/#\\\/schema\\\/logo\\\/image\\\/\"},\"sameAs\":[\"http:\\\/\\\/facebook.com\\\/aeportuguesa\",\"http:\\\/\\\/instagram.com\\\/aliancaep\",\"http:\\\/\\\/youtube.com\\\/aeportuguesa\"]},{\"@type\":\"Person\",\"@id\":\"https:\\\/\\\/aliancaevangelica.pt\\\/site\\\/#\\\/schema\\\/person\\\/770f46e2228e382b34054569bb7bf365\",\"name\":\"AEP\",\"url\":\"https:\\\/\\\/aliancaevangelica.pt\\\/site\\\/author\\\/wpadmaep\\\/\"}]}<\/script>\n<!-- \/ Yoast SEO plugin. -->","yoast_head_json":{"title":"F\u00f3rum Evang\u00e9lico 2019 - AEP","robots":{"index":"index","follow":"follow","max-snippet":"max-snippet:-1","max-image-preview":"max-image-preview:large","max-video-preview":"max-video-preview:-1"},"canonical":"https:\/\/aliancaevangelica.pt\/site\/forum-evangelico-2019\/","og_locale":"pt_PT","og_type":"article","og_title":"F\u00f3rum Evang\u00e9lico 2019 - AEP","og_description":"Sobre o F\u00f3rum Evang\u00e9lico 2019 \u00c9 j\u00e1 nos dias&nbsp;22 e 23 de Mar\u00e7o&nbsp;que vai ter lugar o&nbsp;F\u00f3rum Evang\u00e9lico, organizado pela Alian\u00e7a Evang\u00e9lica Portuguesa,no&nbsp;Audit\u00f3rio da Faculdade de Medicina Dent\u00e1ria de Lisboa. O objetivo \u00e9 mobilizar as igrejas a estarem juntas neste dia, conectando minist\u00e9rios \/ organiza\u00e7\u00f5es, proporcionar comunh\u00e3o entre fam\u00edlias e celebrarmos juntos a Deus.&nbsp; Neste","og_url":"https:\/\/aliancaevangelica.pt\/site\/forum-evangelico-2019\/","og_site_name":"AEP","article_publisher":"http:\/\/facebook.com\/aeportuguesa","article_published_time":"2026-04-29T15:50:38+00:00","article_modified_time":"2026-04-29T15:51:27+00:00","og_image":[{"width":1568,"height":882,"url":"https:\/\/aliancaevangelica.pt\/site\/wp-content\/uploads\/2019\/02\/tb-forum-page2.jpg","type":"image\/jpeg"}],"author":"AEP","twitter_card":"summary_large_image","twitter_misc":{"Escrito por":"AEP","Tempo estimado de leitura":"5 minutos"},"schema":{"@context":"https:\/\/schema.org","@graph":[{"@type":"Article","@id":"https:\/\/aliancaevangelica.pt\/site\/forum-evangelico-2019\/#article","isPartOf":{"@id":"https:\/\/aliancaevangelica.pt\/site\/forum-evangelico-2019\/"},"author":{"name":"AEP","@id":"https:\/\/aliancaevangelica.pt\/site\/#\/schema\/person\/770f46e2228e382b34054569bb7bf365"},"headline":"F\u00f3rum Evang\u00e9lico 2019","datePublished":"2026-04-29T15:50:38+00:00","dateModified":"2026-04-29T15:51:27+00:00","mainEntityOfPage":{"@id":"https:\/\/aliancaevangelica.pt\/site\/forum-evangelico-2019\/"},"wordCount":908,"commentCount":0,"publisher":{"@id":"https:\/\/aliancaevangelica.pt\/site\/#organization"},"image":{"@id":"https:\/\/aliancaevangelica.pt\/site\/forum-evangelico-2019\/#primaryimage"},"thumbnailUrl":"https:\/\/aliancaevangelica.pt\/site\/wp-content\/uploads\/2019\/02\/tb-forum-page2.jpg","articleSection":["F\u00f3rum"],"inLanguage":"pt-PT","potentialAction":[{"@type":"CommentAction","name":"Comment","target":["https:\/\/aliancaevangelica.pt\/site\/forum-evangelico-2019\/#respond"]}]},{"@type":"WebPage","@id":"https:\/\/aliancaevangelica.pt\/site\/forum-evangelico-2019\/","url":"https:\/\/aliancaevangelica.pt\/site\/forum-evangelico-2019\/","name":"F\u00f3rum Evang\u00e9lico 2019 - AEP","isPartOf":{"@id":"https:\/\/aliancaevangelica.pt\/site\/#website"},"primaryImageOfPage":{"@id":"https:\/\/aliancaevangelica.pt\/site\/forum-evangelico-2019\/#primaryimage"},"image":{"@id":"https:\/\/aliancaevangelica.pt\/site\/forum-evangelico-2019\/#primaryimage"},"thumbnailUrl":"https:\/\/aliancaevangelica.pt\/site\/wp-content\/uploads\/2019\/02\/tb-forum-page2.jpg","datePublished":"2026-04-29T15:50:38+00:00","dateModified":"2026-04-29T15:51:27+00:00","breadcrumb":{"@id":"https:\/\/aliancaevangelica.pt\/site\/forum-evangelico-2019\/#breadcrumb"},"inLanguage":"pt-PT","potentialAction":[{"@type":"ReadAction","target":["https:\/\/aliancaevangelica.pt\/site\/forum-evangelico-2019\/"]}]},{"@type":"ImageObject","inLanguage":"pt-PT","@id":"https:\/\/aliancaevangelica.pt\/site\/forum-evangelico-2019\/#primaryimage","url":"https:\/\/aliancaevangelica.pt\/site\/wp-content\/uploads\/2019\/02\/tb-forum-page2.jpg","contentUrl":"https:\/\/aliancaevangelica.pt\/site\/wp-content\/uploads\/2019\/02\/tb-forum-page2.jpg","width":1568,"height":882},{"@type":"BreadcrumbList","@id":"https:\/\/aliancaevangelica.pt\/site\/forum-evangelico-2019\/#breadcrumb","itemListElement":[{"@type":"ListItem","position":1,"name":"In\u00edcio","item":"https:\/\/aliancaevangelica.pt\/site\/"},{"@type":"ListItem","position":2,"name":"F\u00f3rum Evang\u00e9lico 2019"}]},{"@type":"WebSite","@id":"https:\/\/aliancaevangelica.pt\/site\/#website","url":"https:\/\/aliancaevangelica.pt\/site\/","name":"Alian\u00e7a Evang\u00e9lica Portuguesa","description":"Alian\u00e7a Evang\u00e9lica Portuguesa","publisher":{"@id":"https:\/\/aliancaevangelica.pt\/site\/#organization"},"potentialAction":[{"@type":"SearchAction","target":{"@type":"EntryPoint","urlTemplate":"https:\/\/aliancaevangelica.pt\/site\/?s={search_term_string}"},"query-input":{"@type":"PropertyValueSpecification","valueRequired":true,"valueName":"search_term_string"}}],"inLanguage":"pt-PT"},{"@type":"Organization","@id":"https:\/\/aliancaevangelica.pt\/site\/#organization","name":"Alian\u00e7a Evang\u00e9lica Portuguesa","url":"https:\/\/aliancaevangelica.pt\/site\/","logo":{"@type":"ImageObject","inLanguage":"pt-PT","@id":"https:\/\/aliancaevangelica.pt\/site\/#\/schema\/logo\/image\/","url":"https:\/\/aliancaevangelica.pt\/site\/wp-content\/uploads\/2017\/11\/logo-AEP-cor.png","contentUrl":"https:\/\/aliancaevangelica.pt\/site\/wp-content\/uploads\/2017\/11\/logo-AEP-cor.png","width":1156,"height":672,"caption":"Alian\u00e7a Evang\u00e9lica Portuguesa"},"image":{"@id":"https:\/\/aliancaevangelica.pt\/site\/#\/schema\/logo\/image\/"},"sameAs":["http:\/\/facebook.com\/aeportuguesa","http:\/\/instagram.com\/aliancaep","http:\/\/youtube.com\/aeportuguesa"]},{"@type":"Person","@id":"https:\/\/aliancaevangelica.pt\/site\/#\/schema\/person\/770f46e2228e382b34054569bb7bf365","name":"AEP","url":"https:\/\/aliancaevangelica.pt\/site\/author\/wpadmaep\/"}]}},"uagb_featured_image_src":{"full":["https:\/\/aliancaevangelica.pt\/site\/wp-content\/uploads\/2019\/02\/tb-forum-page2.jpg",1568,882,false],"thumbnail":["https:\/\/aliancaevangelica.pt\/site\/wp-content\/uploads\/2019\/02\/tb-forum-page2-150x150.jpg",150,150,true],"medium":["https:\/\/aliancaevangelica.pt\/site\/wp-content\/uploads\/2019\/02\/tb-forum-page2-300x169.jpg",300,169,true],"medium_large":["https:\/\/aliancaevangelica.pt\/site\/wp-content\/uploads\/2019\/02\/tb-forum-page2-768x432.jpg",768,432,true],"large":["https:\/\/aliancaevangelica.pt\/site\/wp-content\/uploads\/2019\/02\/tb-forum-page2-1024x576.jpg",960,540,true],"1536x1536":["https:\/\/aliancaevangelica.pt\/site\/wp-content\/uploads\/2019\/02\/tb-forum-page2.jpg",1536,864,false],"2048x2048":["https:\/\/aliancaevangelica.pt\/site\/wp-content\/uploads\/2019\/02\/tb-forum-page2.jpg",1568,882,false],"vp_sm":["https:\/\/aliancaevangelica.pt\/site\/wp-content\/uploads\/2019\/02\/tb-forum-page2.jpg",500,281,false],"vp_md":["https:\/\/aliancaevangelica.pt\/site\/wp-content\/uploads\/2019\/02\/tb-forum-page2.jpg",800,450,false],"vp_lg":["https:\/\/aliancaevangelica.pt\/site\/wp-content\/uploads\/2019\/02\/tb-forum-page2.jpg",1280,720,false],"vp_xl":["https:\/\/aliancaevangelica.pt\/site\/wp-content\/uploads\/2019\/02\/tb-forum-page2.jpg",1568,882,false],"vp_sm_popup":["https:\/\/aliancaevangelica.pt\/site\/wp-content\/uploads\/2019\/02\/tb-forum-page2.jpg",500,281,false],"vp_md_popup":["https:\/\/aliancaevangelica.pt\/site\/wp-content\/uploads\/2019\/02\/tb-forum-page2.jpg",800,450,false],"vp_xl_popup":["https:\/\/aliancaevangelica.pt\/site\/wp-content\/uploads\/2019\/02\/tb-forum-page2.jpg",1568,882,false],"newsx-150x100":["https:\/\/aliancaevangelica.pt\/site\/wp-content\/uploads\/2019\/02\/tb-forum-page2.jpg",150,84,false],"newsx-330x220":["https:\/\/aliancaevangelica.pt\/site\/wp-content\/uploads\/2019\/02\/tb-forum-page2.jpg",330,186,false],"newsx-420x280":["https:\/\/aliancaevangelica.pt\/site\/wp-content\/uploads\/2019\/02\/tb-forum-page2.jpg",420,236,false],"newsx-510x340":["https:\/\/aliancaevangelica.pt\/site\/wp-content\/uploads\/2019\/02\/tb-forum-page2.jpg",510,287,false],"newsx-640x480":["https:\/\/aliancaevangelica.pt\/site\/wp-content\/uploads\/2019\/02\/tb-forum-page2.jpg",640,360,false],"newsx-670x370":["https:\/\/aliancaevangelica.pt\/site\/wp-content\/uploads\/2019\/02\/tb-forum-page2.jpg",658,370,false],"newsx-860x570":["https:\/\/aliancaevangelica.pt\/site\/wp-content\/uploads\/2019\/02\/tb-forum-page2.jpg",860,484,false],"newsx-1000x750":["https:\/\/aliancaevangelica.pt\/site\/wp-content\/uploads\/2019\/02\/tb-forum-page2.jpg",1000,563,false],"newsx-1200x600":["https:\/\/aliancaevangelica.pt\/site\/wp-content\/uploads\/2019\/02\/tb-forum-page2.jpg",1067,600,false]},"uagb_author_info":{"display_name":"AEP","author_link":"https:\/\/aliancaevangelica.pt\/site\/author\/wpadmaep\/"},"uagb_comment_info":0,"uagb_excerpt":"Sobre o F\u00f3rum Evang\u00e9lico 2019 \u00c9 j\u00e1 nos dias&nbsp;22 e 23 de Mar\u00e7o&nbsp;que vai ter lugar o&nbsp;F\u00f3rum Evang\u00e9lico, organizado pela Alian\u00e7a Evang\u00e9lica Portuguesa,no&nbsp;Audit\u00f3rio da Faculdade de Medicina Dent\u00e1ria de Lisboa. O objetivo \u00e9 mobilizar as igrejas a estarem juntas neste dia, conectando minist\u00e9rios \/ organiza\u00e7\u00f5es, proporcionar comunh\u00e3o entre fam\u00edlias e celebrarmos juntos a Deus.&nbsp; Neste","_links":{"self":[{"href":"https:\/\/aliancaevangelica.pt\/site\/wp-json\/wp\/v2\/posts\/24078","targetHints":{"allow":["GET"]}}],"collection":[{"href":"https:\/\/aliancaevangelica.pt\/site\/wp-json\/wp\/v2\/posts"}],"about":[{"href":"https:\/\/aliancaevangelica.pt\/site\/wp-json\/wp\/v2\/types\/post"}],"author":[{"embeddable":true,"href":"https:\/\/aliancaevangelica.pt\/site\/wp-json\/wp\/v2\/users\/3"}],"replies":[{"embeddable":true,"href":"https:\/\/aliancaevangelica.pt\/site\/wp-json\/wp\/v2\/comments?post=24078"}],"version-history":[{"count":1,"href":"https:\/\/aliancaevangelica.pt\/site\/wp-json\/wp\/v2\/posts\/24078\/revisions"}],"predecessor-version":[{"id":24079,"href":"https:\/\/aliancaevangelica.pt\/site\/wp-json\/wp\/v2\/posts\/24078\/revisions\/24079"}],"wp:featuredmedia":[{"embeddable":true,"href":"https:\/\/aliancaevangelica.pt\/site\/wp-json\/wp\/v2\/media\/16885"}],"wp:attachment":[{"href":"https:\/\/aliancaevangelica.pt\/site\/wp-json\/wp\/v2\/media?parent=24078"}],"wp:term":[{"taxonomy":"category","embeddable":true,"href":"https:\/\/aliancaevangelica.pt\/site\/wp-json\/wp\/v2\/categories?post=24078"},{"taxonomy":"post_tag","embeddable":true,"href":"https:\/\/aliancaevangelica.pt\/site\/wp-json\/wp\/v2\/tags?post=24078"}],"curies":[{"name":"wp","href":"https:\/\/api.w.org\/{rel}","templated":true}]}}