{"id":23625,"date":"2026-04-27T21:27:13","date_gmt":"2026-04-27T21:27:13","guid":{"rendered":"https:\/\/aliancaevangelica.pt\/site\/?p=23625"},"modified":"2026-04-28T10:19:03","modified_gmt":"2026-04-28T10:19:03","slug":"matriculas-de-alunos","status":"publish","type":"post","link":"https:\/\/aliancaevangelica.pt\/site\/matriculas-de-alunos\/","title":{"rendered":"Matr\u00edculas de Alunos: abril \/ maio"},"content":{"rendered":"\n<h3 class=\"wp-block-heading\">MATR\u00cdCULAS EM EDUCA\u00c7\u00c3O MORAL E RELIGIOSA EVANG\u00c9LICA<\/h3>\n\n\n\n<p>A disciplina de <strong>EDUCA\u00c7\u00c3O MORAL E RELIGIOSA<\/strong> \u00e9 uma disciplina curricular de oferta obrigat\u00f3ria em todas as escolas e de frequ\u00eancia facultativa para os alunos do ensino b\u00e1sico e secund\u00e1rio (Decreto-Lei n.o 55\/2018, art.\u00ba 13 e 14\u00ba.).<\/p>\n\n\n\n<h3 class=\"wp-block-heading\">COMO PODE SER EFETUADA A INSCRI\u00c7\u00c3O NESTA DISCIPLINA?<\/h3>\n\n\n\n<p>As matr\u00edculas s\u00e3o efetuadas atrav\u00e9s do preenchimento do documento oficial, \u201c<strong><a href=\"https:\/\/aliancaevangelica.pt\/site\/wp-content\/uploads\/2026\/04\/Requerimento_matricula_EMR_editavel.pdf\">REQUERIMENTO PARA MATR\u00cdCULA NA DISCIPLINA DE EDUCA\u00c7\u00c3O MORAL E RELIGIOSA<\/a><\/strong>\u201d, a ser entregue ao Professor Titular para o caso do 1\u00ba. ciclo (1\u00ba., 2\u00ba., 3\u00ba. e 4\u00ba. ano), ao Diretor de Turma para os outros anos de escolaridade ou na secretaria, caso n\u00e3o tenha sido poss\u00edvel atrav\u00e9s dos processos indicados anteriormente, nomeadamente quando existe mudan\u00e7a de escola.<\/p>\n\n\n\n<p>A constitui\u00e7\u00e3o das turmas est\u00e1 dependente da exist\u00eancia de alunos inscritos pelo que, no ato da matr\u00edcula, em caso algum poder\u00e1 ser dada a informa\u00e7\u00e3o de que a \u201cdisciplina n\u00e3o existe na escola\u201d ou que \u201cn\u00e3o tem professor para lecionar\u201d.<\/p>\n\n\n\n<h3 class=\"wp-block-heading\">A RENOVA\u00c7\u00c3O AUTOM\u00c1TICA DA MATR\u00cdCULA N\u00c3O CONTEMPLA A OP\u00c7\u00c3O RELIGIOSA?<\/h3>\n\n\n\n<p>Para cada ano letivo o encarregado de educa\u00e7\u00e3o ter\u00e1 sempre de voltar a inscrever o seu educando em <strong>EMRE<\/strong>. Dever\u00e1 faz\u00ea-lo <strong>a partir do m\u00eas de abril<\/strong> para o<strong> 1\u00ba. ciclo<\/strong> e <strong>a partir de maio<\/strong> para os <strong>restantes n\u00edveis de ensino<\/strong>.<\/p>\n\n\n\n<p>Durante o <strong>m\u00eas de julho<\/strong>, o encarregado de educa\u00e7\u00e3o dever\u00e1 <strong>dirigir-se \u00e0 secretaria da escola sede<\/strong>, para <strong>confirmar a inscri\u00e7\u00e3o do seu educando<\/strong> em <strong>EMRE<\/strong>. A matr\u00edcula pode ser efetuada pelo encarregado de educa\u00e7\u00e3o ou pelo aluno quando maior de 16 anos de idade.<\/p>\n\n\n\n<p>A inscri\u00e7\u00e3o efetuada atrav\u00e9s do \u201c<strong>PORTAL DAS MATR\u00cdCULAS<\/strong>\u201d precisa ser complementada atrav\u00e9s da entrega do \u201c<strong>REQUERIMENTO PARA MATR\u00cdCULA NA DISCIPLINA DE EDUCA\u00c7\u00c3O MORAL E RELIGIOSA<\/strong>\u201d<\/p>\n\n\n\n<h3 class=\"wp-block-heading\">QUANTOS ALUNOS S\u00c3O NECESS\u00c1RIOS PARA A CONSTITUI\u00c7\u00c3O DE UMA TURMA DE EMRE?<\/h3>\n\n\n\n<ul class=\"wp-block-list\">\n<li>A partir de <strong>10 alunos<\/strong> inscritos em <strong>EMRE <\/strong>numa determinada escola, existe a possibilidade de se <strong>constituir uma turma curricular<\/strong>, mesmo que frequentem diferentes anos ou ciclos de estudos, havendo neste caso lugar \u00e0 celebra\u00e7\u00e3o de contrato e \u00e0 remunera\u00e7\u00e3o do docente;<\/li>\n\n\n\n<li>Se o n\u00famero de alunos inscritos em <strong>EMRE <\/strong>for <strong>inferior a 10<\/strong> e se a dire\u00e7\u00e3o da escola o autorizar, os alunos poder\u00e3o usufruir de ensino evang\u00e9lico atrav\u00e9s da cria\u00e7\u00e3o de um Clube B\u00edblico Evang\u00e9lico a ser coordenado por um docente em regime de voluntariado proposto pela <strong>COMACEP<\/strong>.<\/li>\n<\/ul>\n\n\n\n<div class=\"wp-block-uagb-buttons uagb-buttons__outer-wrap uagb-btn__default-btn uagb-btn-tablet__default-btn uagb-btn-mobile__default-btn uagb-block-014e4eba\"><div class=\"uagb-buttons__wrap uagb-buttons-layout-wrap \">\n<div class=\"wp-block-uagb-buttons-child uagb-buttons__outer-wrap uagb-block-47c25e4c wp-block-button\"><div class=\"uagb-button__wrapper\"><a class=\"uagb-buttons-repeater wp-block-button__link\" aria-label=\"\" href=\"https:\/\/aliancaevangelica.pt\/site\/wp-content\/uploads\/2026\/04\/Requerimento_matricula_EMR_editavel.pdf\" rel=\"follow noopener\" target=\"_self\" role=\"button\"><div class=\"uagb-button__link\">Descarregar o documento de Matr\u00edcula<\/div><span class=\"uagb-button__icon uagb-button__icon-position-after\"><svg xmlns=\"https:\/\/www.w3.org\/2000\/svg\" viewBox=\"0 0 512 512\" aria-hidden=\"true\" focussable=\"false\"><path d=\"M480 352h-133.5l-45.25 45.25C289.2 409.3 273.1 416 256 416s-33.16-6.656-45.25-18.75L165.5 352H32c-17.67 0-32 14.33-32 32v96c0 17.67 14.33 32 32 32h448c17.67 0 32-14.33 32-32v-96C512 366.3 497.7 352 480 352zM432 456c-13.2 0-24-10.8-24-24c0-13.2 10.8-24 24-24s24 10.8 24 24C456 445.2 445.2 456 432 456zM233.4 374.6C239.6 380.9 247.8 384 256 384s16.38-3.125 22.62-9.375l128-128c12.49-12.5 12.49-32.75 0-45.25c-12.5-12.5-32.76-12.5-45.25 0L288 274.8V32c0-17.67-14.33-32-32-32C238.3 0 224 14.33 224 32v242.8L150.6 201.4c-12.49-12.5-32.75-12.5-45.25 0c-12.49 12.5-12.49 32.75 0 45.25L233.4 374.6z\"><\/path><\/svg><\/span><\/a><\/div><\/div>\n<\/div><\/div>\n\n\n\n<div style=\"height:15px\" aria-hidden=\"true\" class=\"wp-block-spacer\"><\/div>\n\n\n\n<h4 class=\"wp-block-heading has-text-align-center\">Para mais informa\u00e7\u00f5es, contacte a <strong>COMACEP<\/strong><\/h4>\n\n\n\n<p class=\"has-text-align-center\"><strong><a href=\"mailto:comacep@portalevangelico.pt\">comacep@portalevangelico.pt<\/a><\/strong><br>Tel. <a href=\"tel:351932870405\"><strong>932870405<\/strong><\/a> \/ <a href=\"tel:351917118111\"><strong>917118111<\/strong><\/a> \/ <strong><a href=\"tel:351968270320\">968270320<\/a><\/strong><\/p>\n\n\n\n<p class=\"has-text-align-center\">Se deseja conhecer melhor a <strong>COMACEP<\/strong>, visite-nos em: <a href=\"https:\/\/linktr.ee\/comacep\">https:\/\/linktr.ee\/comacep<\/a><\/p>\n\n\n\n<div class=\"wp-block-uagb-image uagb-block-7aa2be0d wp-block-uagb-image--layout-default wp-block-uagb-image--effect-static wp-block-uagb-image--align-none\"><figure class=\"wp-block-uagb-image__figure\"><img decoding=\"async\" srcset=\"https:\/\/aliancaevangelica.pt\/site\/wp-content\/uploads\/2026\/04\/linktree_cep.jpg ,https:\/\/aliancaevangelica.pt\/site\/wp-content\/uploads\/2026\/04\/linktree_cep.jpg 780w, https:\/\/aliancaevangelica.pt\/site\/wp-content\/uploads\/2026\/04\/linktree_cep.jpg 360w\" sizes=\"auto, (max-width: 480px) 150px\" src=\"https:\/\/aliancaevangelica.pt\/site\/wp-content\/uploads\/2026\/04\/linktree_cep.jpg\" alt=\"\" class=\"uag-image-23792\" width=\"1065\" height=\"596\" title=\"linktree_cep\" loading=\"lazy\" role=\"img\"\/><\/figure><\/div>\n\n\n\n<p>Para mais informa\u00e7\u00e3o sobre a disciplina de <strong>EMRE<\/strong>, visite-nos em: <a href=\"https:\/\/linktr.ee\/moralevangelica\">https:\/\/linktr.ee\/moralevangelica<\/a><\/p>\n\n\n\n<div class=\"wp-block-uagb-image uagb-block-2a96088d wp-block-uagb-image--layout-default wp-block-uagb-image--effect-static wp-block-uagb-image--align-none\"><figure class=\"wp-block-uagb-image__figure\"><img decoding=\"async\" srcset=\"https:\/\/aliancaevangelica.pt\/site\/wp-content\/uploads\/2026\/04\/emreQR2.png ,https:\/\/aliancaevangelica.pt\/site\/wp-content\/uploads\/2026\/04\/emreQR2.png 780w, https:\/\/aliancaevangelica.pt\/site\/wp-content\/uploads\/2026\/04\/emreQR2.png 360w\" sizes=\"auto, (max-width: 480px) 150px\" src=\"https:\/\/aliancaevangelica.pt\/site\/wp-content\/uploads\/2026\/04\/emreQR2.png\" alt=\"\" class=\"uag-image-23644\" width=\"204\" height=\"200\" title=\"emreQR2\" loading=\"lazy\" role=\"img\"\/><\/figure><\/div>\n\n\n\n<div style=\"height:100px\" aria-hidden=\"true\" class=\"wp-block-spacer\"><\/div>\n","protected":false},"excerpt":{"rendered":"<p>MATR\u00cdCULAS EM EDUCA\u00c7\u00c3O MORAL E RELIGIOSA EVANG\u00c9LICA A disciplina de EDUCA\u00c7\u00c3O MORAL E RELIGIOSA \u00e9 uma disciplina curricular de oferta obrigat\u00f3ria em todas as escolas e de frequ\u00eancia facultativa para<\/p>\n","protected":false},"author":3,"featured_media":18932,"comment_status":"closed","ping_status":"closed","sticky":false,"template":"","format":"standard","meta":{"_uag_custom_page_level_css":"","_themeisle_gutenberg_block_has_review":false,"_vp_format_video_url":"","_vp_image_focal_point":[],"footnotes":""},"categories":[70,119,7],"tags":[],"class_list":["post-23625","post","type-post","status-publish","format-standard","has-post-thumbnail","hentry","category-destaques","category-emre-comacep","category-noticias"],"yoast_head":"<!-- This site is optimized with the Yoast SEO plugin v27.5 - https:\/\/yoast.com\/product\/yoast-seo-wordpress\/ -->\n<title>Matr\u00edculas de Alunos: abril \/ maio - AEP<\/title>\n<meta name=\"robots\" content=\"index, follow, max-snippet:-1, max-image-preview:large, max-video-preview:-1\" \/>\n<link rel=\"canonical\" href=\"https:\/\/aliancaevangelica.pt\/site\/matriculas-de-alunos\/\" \/>\n<meta property=\"og:locale\" content=\"pt_PT\" \/>\n<meta property=\"og:type\" content=\"article\" \/>\n<meta property=\"og:title\" content=\"Matr\u00edculas de Alunos: abril \/ maio - AEP\" \/>\n<meta property=\"og:description\" content=\"MATR\u00cdCULAS EM EDUCA\u00c7\u00c3O MORAL E RELIGIOSA EVANG\u00c9LICA A disciplina de EDUCA\u00c7\u00c3O MORAL E RELIGIOSA \u00e9 uma disciplina curricular de oferta obrigat\u00f3ria em todas as escolas e de frequ\u00eancia facultativa para\" \/>\n<meta property=\"og:url\" content=\"https:\/\/aliancaevangelica.pt\/site\/matriculas-de-alunos\/\" \/>\n<meta property=\"og:site_name\" content=\"AEP\" \/>\n<meta property=\"article:publisher\" content=\"http:\/\/facebook.com\/aeportuguesa\" \/>\n<meta property=\"article:published_time\" content=\"2026-04-27T21:27:13+00:00\" \/>\n<meta property=\"article:modified_time\" content=\"2026-04-28T10:19:03+00:00\" \/>\n<meta property=\"og:image\" content=\"https:\/\/aliancaevangelica.pt\/site\/wp-content\/uploads\/2021\/04\/Cartaz_COMACEP-2021.png\" \/>\n\t<meta property=\"og:image:width\" content=\"886\" \/>\n\t<meta property=\"og:image:height\" content=\"496\" \/>\n\t<meta property=\"og:image:type\" content=\"image\/png\" \/>\n<meta name=\"author\" content=\"AEP\" \/>\n<meta name=\"twitter:card\" content=\"summary_large_image\" \/>\n<meta name=\"twitter:label1\" content=\"Escrito por\" \/>\n\t<meta name=\"twitter:data1\" content=\"AEP\" \/>\n\t<meta name=\"twitter:label2\" content=\"Tempo estimado de leitura\" \/>\n\t<meta name=\"twitter:data2\" content=\"3 minutos\" \/>\n<script type=\"application\/ld+json\" class=\"yoast-schema-graph\">{\"@context\":\"https:\\\/\\\/schema.org\",\"@graph\":[{\"@type\":\"Article\",\"@id\":\"https:\\\/\\\/aliancaevangelica.pt\\\/site\\\/matriculas-de-alunos\\\/#article\",\"isPartOf\":{\"@id\":\"https:\\\/\\\/aliancaevangelica.pt\\\/site\\\/matriculas-de-alunos\\\/\"},\"author\":{\"name\":\"AEP\",\"@id\":\"https:\\\/\\\/aliancaevangelica.pt\\\/site\\\/#\\\/schema\\\/person\\\/770f46e2228e382b34054569bb7bf365\"},\"headline\":\"Matr\u00edculas de Alunos: abril \\\/ maio\",\"datePublished\":\"2026-04-27T21:27:13+00:00\",\"dateModified\":\"2026-04-28T10:19:03+00:00\",\"mainEntityOfPage\":{\"@id\":\"https:\\\/\\\/aliancaevangelica.pt\\\/site\\\/matriculas-de-alunos\\\/\"},\"wordCount\":474,\"publisher\":{\"@id\":\"https:\\\/\\\/aliancaevangelica.pt\\\/site\\\/#organization\"},\"image\":{\"@id\":\"https:\\\/\\\/aliancaevangelica.pt\\\/site\\\/matriculas-de-alunos\\\/#primaryimage\"},\"thumbnailUrl\":\"https:\\\/\\\/aliancaevangelica.pt\\\/site\\\/wp-content\\\/uploads\\\/2021\\\/04\\\/Cartaz_COMACEP-2021.png\",\"articleSection\":[\"Destaques\",\"Emre\\\/Comacep\",\"Not\u00edcias\"],\"inLanguage\":\"pt-PT\"},{\"@type\":\"WebPage\",\"@id\":\"https:\\\/\\\/aliancaevangelica.pt\\\/site\\\/matriculas-de-alunos\\\/\",\"url\":\"https:\\\/\\\/aliancaevangelica.pt\\\/site\\\/matriculas-de-alunos\\\/\",\"name\":\"Matr\u00edculas de Alunos: abril \\\/ maio - AEP\",\"isPartOf\":{\"@id\":\"https:\\\/\\\/aliancaevangelica.pt\\\/site\\\/#website\"},\"primaryImageOfPage\":{\"@id\":\"https:\\\/\\\/aliancaevangelica.pt\\\/site\\\/matriculas-de-alunos\\\/#primaryimage\"},\"image\":{\"@id\":\"https:\\\/\\\/aliancaevangelica.pt\\\/site\\\/matriculas-de-alunos\\\/#primaryimage\"},\"thumbnailUrl\":\"https:\\\/\\\/aliancaevangelica.pt\\\/site\\\/wp-content\\\/uploads\\\/2021\\\/04\\\/Cartaz_COMACEP-2021.png\",\"datePublished\":\"2026-04-27T21:27:13+00:00\",\"dateModified\":\"2026-04-28T10:19:03+00:00\",\"breadcrumb\":{\"@id\":\"https:\\\/\\\/aliancaevangelica.pt\\\/site\\\/matriculas-de-alunos\\\/#breadcrumb\"},\"inLanguage\":\"pt-PT\",\"potentialAction\":[{\"@type\":\"ReadAction\",\"target\":[\"https:\\\/\\\/aliancaevangelica.pt\\\/site\\\/matriculas-de-alunos\\\/\"]}]},{\"@type\":\"ImageObject\",\"inLanguage\":\"pt-PT\",\"@id\":\"https:\\\/\\\/aliancaevangelica.pt\\\/site\\\/matriculas-de-alunos\\\/#primaryimage\",\"url\":\"https:\\\/\\\/aliancaevangelica.pt\\\/site\\\/wp-content\\\/uploads\\\/2021\\\/04\\\/Cartaz_COMACEP-2021.png\",\"contentUrl\":\"https:\\\/\\\/aliancaevangelica.pt\\\/site\\\/wp-content\\\/uploads\\\/2021\\\/04\\\/Cartaz_COMACEP-2021.png\",\"width\":886,\"height\":496},{\"@type\":\"BreadcrumbList\",\"@id\":\"https:\\\/\\\/aliancaevangelica.pt\\\/site\\\/matriculas-de-alunos\\\/#breadcrumb\",\"itemListElement\":[{\"@type\":\"ListItem\",\"position\":1,\"name\":\"In\u00edcio\",\"item\":\"https:\\\/\\\/aliancaevangelica.pt\\\/site\\\/\"},{\"@type\":\"ListItem\",\"position\":2,\"name\":\"Matr\u00edculas de Alunos: abril \\\/ maio\"}]},{\"@type\":\"WebSite\",\"@id\":\"https:\\\/\\\/aliancaevangelica.pt\\\/site\\\/#website\",\"url\":\"https:\\\/\\\/aliancaevangelica.pt\\\/site\\\/\",\"name\":\"Alian\u00e7a Evang\u00e9lica Portuguesa\",\"description\":\"Alian\u00e7a Evang\u00e9lica Portuguesa\",\"publisher\":{\"@id\":\"https:\\\/\\\/aliancaevangelica.pt\\\/site\\\/#organization\"},\"potentialAction\":[{\"@type\":\"SearchAction\",\"target\":{\"@type\":\"EntryPoint\",\"urlTemplate\":\"https:\\\/\\\/aliancaevangelica.pt\\\/site\\\/?s={search_term_string}\"},\"query-input\":{\"@type\":\"PropertyValueSpecification\",\"valueRequired\":true,\"valueName\":\"search_term_string\"}}],\"inLanguage\":\"pt-PT\"},{\"@type\":\"Organization\",\"@id\":\"https:\\\/\\\/aliancaevangelica.pt\\\/site\\\/#organization\",\"name\":\"Alian\u00e7a Evang\u00e9lica Portuguesa\",\"url\":\"https:\\\/\\\/aliancaevangelica.pt\\\/site\\\/\",\"logo\":{\"@type\":\"ImageObject\",\"inLanguage\":\"pt-PT\",\"@id\":\"https:\\\/\\\/aliancaevangelica.pt\\\/site\\\/#\\\/schema\\\/logo\\\/image\\\/\",\"url\":\"https:\\\/\\\/aliancaevangelica.pt\\\/site\\\/wp-content\\\/uploads\\\/2017\\\/11\\\/logo-AEP-cor.png\",\"contentUrl\":\"https:\\\/\\\/aliancaevangelica.pt\\\/site\\\/wp-content\\\/uploads\\\/2017\\\/11\\\/logo-AEP-cor.png\",\"width\":1156,\"height\":672,\"caption\":\"Alian\u00e7a Evang\u00e9lica Portuguesa\"},\"image\":{\"@id\":\"https:\\\/\\\/aliancaevangelica.pt\\\/site\\\/#\\\/schema\\\/logo\\\/image\\\/\"},\"sameAs\":[\"http:\\\/\\\/facebook.com\\\/aeportuguesa\",\"http:\\\/\\\/instagram.com\\\/aliancaep\",\"http:\\\/\\\/youtube.com\\\/aeportuguesa\"]},{\"@type\":\"Person\",\"@id\":\"https:\\\/\\\/aliancaevangelica.pt\\\/site\\\/#\\\/schema\\\/person\\\/770f46e2228e382b34054569bb7bf365\",\"name\":\"AEP\",\"url\":\"https:\\\/\\\/aliancaevangelica.pt\\\/site\\\/author\\\/wpadmaep\\\/\"}]}<\/script>\n<!-- \/ Yoast SEO plugin. -->","yoast_head_json":{"title":"Matr\u00edculas de Alunos: abril \/ maio - AEP","robots":{"index":"index","follow":"follow","max-snippet":"max-snippet:-1","max-image-preview":"max-image-preview:large","max-video-preview":"max-video-preview:-1"},"canonical":"https:\/\/aliancaevangelica.pt\/site\/matriculas-de-alunos\/","og_locale":"pt_PT","og_type":"article","og_title":"Matr\u00edculas de Alunos: abril \/ maio - AEP","og_description":"MATR\u00cdCULAS EM EDUCA\u00c7\u00c3O MORAL E RELIGIOSA EVANG\u00c9LICA A disciplina de EDUCA\u00c7\u00c3O MORAL E RELIGIOSA \u00e9 uma disciplina curricular de oferta obrigat\u00f3ria em todas as escolas e de frequ\u00eancia facultativa para","og_url":"https:\/\/aliancaevangelica.pt\/site\/matriculas-de-alunos\/","og_site_name":"AEP","article_publisher":"http:\/\/facebook.com\/aeportuguesa","article_published_time":"2026-04-27T21:27:13+00:00","article_modified_time":"2026-04-28T10:19:03+00:00","og_image":[{"width":886,"height":496,"url":"https:\/\/aliancaevangelica.pt\/site\/wp-content\/uploads\/2021\/04\/Cartaz_COMACEP-2021.png","type":"image\/png"}],"author":"AEP","twitter_card":"summary_large_image","twitter_misc":{"Escrito por":"AEP","Tempo estimado de leitura":"3 minutos"},"schema":{"@context":"https:\/\/schema.org","@graph":[{"@type":"Article","@id":"https:\/\/aliancaevangelica.pt\/site\/matriculas-de-alunos\/#article","isPartOf":{"@id":"https:\/\/aliancaevangelica.pt\/site\/matriculas-de-alunos\/"},"author":{"name":"AEP","@id":"https:\/\/aliancaevangelica.pt\/site\/#\/schema\/person\/770f46e2228e382b34054569bb7bf365"},"headline":"Matr\u00edculas de Alunos: abril \/ maio","datePublished":"2026-04-27T21:27:13+00:00","dateModified":"2026-04-28T10:19:03+00:00","mainEntityOfPage":{"@id":"https:\/\/aliancaevangelica.pt\/site\/matriculas-de-alunos\/"},"wordCount":474,"publisher":{"@id":"https:\/\/aliancaevangelica.pt\/site\/#organization"},"image":{"@id":"https:\/\/aliancaevangelica.pt\/site\/matriculas-de-alunos\/#primaryimage"},"thumbnailUrl":"https:\/\/aliancaevangelica.pt\/site\/wp-content\/uploads\/2021\/04\/Cartaz_COMACEP-2021.png","articleSection":["Destaques","Emre\/Comacep","Not\u00edcias"],"inLanguage":"pt-PT"},{"@type":"WebPage","@id":"https:\/\/aliancaevangelica.pt\/site\/matriculas-de-alunos\/","url":"https:\/\/aliancaevangelica.pt\/site\/matriculas-de-alunos\/","name":"Matr\u00edculas de Alunos: abril \/ maio - AEP","isPartOf":{"@id":"https:\/\/aliancaevangelica.pt\/site\/#website"},"primaryImageOfPage":{"@id":"https:\/\/aliancaevangelica.pt\/site\/matriculas-de-alunos\/#primaryimage"},"image":{"@id":"https:\/\/aliancaevangelica.pt\/site\/matriculas-de-alunos\/#primaryimage"},"thumbnailUrl":"https:\/\/aliancaevangelica.pt\/site\/wp-content\/uploads\/2021\/04\/Cartaz_COMACEP-2021.png","datePublished":"2026-04-27T21:27:13+00:00","dateModified":"2026-04-28T10:19:03+00:00","breadcrumb":{"@id":"https:\/\/aliancaevangelica.pt\/site\/matriculas-de-alunos\/#breadcrumb"},"inLanguage":"pt-PT","potentialAction":[{"@type":"ReadAction","target":["https:\/\/aliancaevangelica.pt\/site\/matriculas-de-alunos\/"]}]},{"@type":"ImageObject","inLanguage":"pt-PT","@id":"https:\/\/aliancaevangelica.pt\/site\/matriculas-de-alunos\/#primaryimage","url":"https:\/\/aliancaevangelica.pt\/site\/wp-content\/uploads\/2021\/04\/Cartaz_COMACEP-2021.png","contentUrl":"https:\/\/aliancaevangelica.pt\/site\/wp-content\/uploads\/2021\/04\/Cartaz_COMACEP-2021.png","width":886,"height":496},{"@type":"BreadcrumbList","@id":"https:\/\/aliancaevangelica.pt\/site\/matriculas-de-alunos\/#breadcrumb","itemListElement":[{"@type":"ListItem","position":1,"name":"In\u00edcio","item":"https:\/\/aliancaevangelica.pt\/site\/"},{"@type":"ListItem","position":2,"name":"Matr\u00edculas de Alunos: abril \/ maio"}]},{"@type":"WebSite","@id":"https:\/\/aliancaevangelica.pt\/site\/#website","url":"https:\/\/aliancaevangelica.pt\/site\/","name":"Alian\u00e7a Evang\u00e9lica Portuguesa","description":"Alian\u00e7a Evang\u00e9lica Portuguesa","publisher":{"@id":"https:\/\/aliancaevangelica.pt\/site\/#organization"},"potentialAction":[{"@type":"SearchAction","target":{"@type":"EntryPoint","urlTemplate":"https:\/\/aliancaevangelica.pt\/site\/?s={search_term_string}"},"query-input":{"@type":"PropertyValueSpecification","valueRequired":true,"valueName":"search_term_string"}}],"inLanguage":"pt-PT"},{"@type":"Organization","@id":"https:\/\/aliancaevangelica.pt\/site\/#organization","name":"Alian\u00e7a Evang\u00e9lica Portuguesa","url":"https:\/\/aliancaevangelica.pt\/site\/","logo":{"@type":"ImageObject","inLanguage":"pt-PT","@id":"https:\/\/aliancaevangelica.pt\/site\/#\/schema\/logo\/image\/","url":"https:\/\/aliancaevangelica.pt\/site\/wp-content\/uploads\/2017\/11\/logo-AEP-cor.png","contentUrl":"https:\/\/aliancaevangelica.pt\/site\/wp-content\/uploads\/2017\/11\/logo-AEP-cor.png","width":1156,"height":672,"caption":"Alian\u00e7a Evang\u00e9lica Portuguesa"},"image":{"@id":"https:\/\/aliancaevangelica.pt\/site\/#\/schema\/logo\/image\/"},"sameAs":["http:\/\/facebook.com\/aeportuguesa","http:\/\/instagram.com\/aliancaep","http:\/\/youtube.com\/aeportuguesa"]},{"@type":"Person","@id":"https:\/\/aliancaevangelica.pt\/site\/#\/schema\/person\/770f46e2228e382b34054569bb7bf365","name":"AEP","url":"https:\/\/aliancaevangelica.pt\/site\/author\/wpadmaep\/"}]}},"uagb_featured_image_src":{"full":["https:\/\/aliancaevangelica.pt\/site\/wp-content\/uploads\/2021\/04\/Cartaz_COMACEP-2021.png",886,496,false],"thumbnail":["https:\/\/aliancaevangelica.pt\/site\/wp-content\/uploads\/2021\/04\/Cartaz_COMACEP-2021-150x150.png",150,150,true],"medium":["https:\/\/aliancaevangelica.pt\/site\/wp-content\/uploads\/2021\/04\/Cartaz_COMACEP-2021-300x168.png",300,168,true],"medium_large":["https:\/\/aliancaevangelica.pt\/site\/wp-content\/uploads\/2021\/04\/Cartaz_COMACEP-2021-768x430.png",768,430,true],"large":["https:\/\/aliancaevangelica.pt\/site\/wp-content\/uploads\/2021\/04\/Cartaz_COMACEP-2021.png",886,496,false],"1536x1536":["https:\/\/aliancaevangelica.pt\/site\/wp-content\/uploads\/2021\/04\/Cartaz_COMACEP-2021.png",886,496,false],"2048x2048":["https:\/\/aliancaevangelica.pt\/site\/wp-content\/uploads\/2021\/04\/Cartaz_COMACEP-2021.png",886,496,false],"vp_sm":["https:\/\/aliancaevangelica.pt\/site\/wp-content\/uploads\/2021\/04\/Cartaz_COMACEP-2021.png",500,280,false],"vp_md":["https:\/\/aliancaevangelica.pt\/site\/wp-content\/uploads\/2021\/04\/Cartaz_COMACEP-2021.png",800,448,false],"vp_lg":["https:\/\/aliancaevangelica.pt\/site\/wp-content\/uploads\/2021\/04\/Cartaz_COMACEP-2021.png",886,496,false],"vp_xl":["https:\/\/aliancaevangelica.pt\/site\/wp-content\/uploads\/2021\/04\/Cartaz_COMACEP-2021.png",886,496,false],"vp_sm_popup":["https:\/\/aliancaevangelica.pt\/site\/wp-content\/uploads\/2021\/04\/Cartaz_COMACEP-2021.png",500,280,false],"vp_md_popup":["https:\/\/aliancaevangelica.pt\/site\/wp-content\/uploads\/2021\/04\/Cartaz_COMACEP-2021.png",800,448,false],"vp_xl_popup":["https:\/\/aliancaevangelica.pt\/site\/wp-content\/uploads\/2021\/04\/Cartaz_COMACEP-2021.png",886,496,false],"newsx-150x100":["https:\/\/aliancaevangelica.pt\/site\/wp-content\/uploads\/2021\/04\/Cartaz_COMACEP-2021.png",150,84,false],"newsx-330x220":["https:\/\/aliancaevangelica.pt\/site\/wp-content\/uploads\/2021\/04\/Cartaz_COMACEP-2021.png",330,185,false],"newsx-420x280":["https:\/\/aliancaevangelica.pt\/site\/wp-content\/uploads\/2021\/04\/Cartaz_COMACEP-2021.png",420,235,false],"newsx-510x340":["https:\/\/aliancaevangelica.pt\/site\/wp-content\/uploads\/2021\/04\/Cartaz_COMACEP-2021.png",510,286,false],"newsx-640x480":["https:\/\/aliancaevangelica.pt\/site\/wp-content\/uploads\/2021\/04\/Cartaz_COMACEP-2021.png",640,358,false],"newsx-670x370":["https:\/\/aliancaevangelica.pt\/site\/wp-content\/uploads\/2021\/04\/Cartaz_COMACEP-2021.png",661,370,false],"newsx-860x570":["https:\/\/aliancaevangelica.pt\/site\/wp-content\/uploads\/2021\/04\/Cartaz_COMACEP-2021.png",860,481,false],"newsx-1000x750":["https:\/\/aliancaevangelica.pt\/site\/wp-content\/uploads\/2021\/04\/Cartaz_COMACEP-2021.png",886,496,false],"newsx-1200x600":["https:\/\/aliancaevangelica.pt\/site\/wp-content\/uploads\/2021\/04\/Cartaz_COMACEP-2021.png",886,496,false]},"uagb_author_info":{"display_name":"AEP","author_link":"https:\/\/aliancaevangelica.pt\/site\/author\/wpadmaep\/"},"uagb_comment_info":0,"uagb_excerpt":"MATR\u00cdCULAS EM EDUCA\u00c7\u00c3O MORAL E RELIGIOSA EVANG\u00c9LICA A disciplina de EDUCA\u00c7\u00c3O MORAL E RELIGIOSA \u00e9 uma disciplina curricular de oferta obrigat\u00f3ria em todas as escolas e de frequ\u00eancia facultativa para","_links":{"self":[{"href":"https:\/\/aliancaevangelica.pt\/site\/wp-json\/wp\/v2\/posts\/23625","targetHints":{"allow":["GET"]}}],"collection":[{"href":"https:\/\/aliancaevangelica.pt\/site\/wp-json\/wp\/v2\/posts"}],"about":[{"href":"https:\/\/aliancaevangelica.pt\/site\/wp-json\/wp\/v2\/types\/post"}],"author":[{"embeddable":true,"href":"https:\/\/aliancaevangelica.pt\/site\/wp-json\/wp\/v2\/users\/3"}],"replies":[{"embeddable":true,"href":"https:\/\/aliancaevangelica.pt\/site\/wp-json\/wp\/v2\/comments?post=23625"}],"version-history":[{"count":17,"href":"https:\/\/aliancaevangelica.pt\/site\/wp-json\/wp\/v2\/posts\/23625\/revisions"}],"predecessor-version":[{"id":23794,"href":"https:\/\/aliancaevangelica.pt\/site\/wp-json\/wp\/v2\/posts\/23625\/revisions\/23794"}],"wp:featuredmedia":[{"embeddable":true,"href":"https:\/\/aliancaevangelica.pt\/site\/wp-json\/wp\/v2\/media\/18932"}],"wp:attachment":[{"href":"https:\/\/aliancaevangelica.pt\/site\/wp-json\/wp\/v2\/media?parent=23625"}],"wp:term":[{"taxonomy":"category","embeddable":true,"href":"https:\/\/aliancaevangelica.pt\/site\/wp-json\/wp\/v2\/categories?post=23625"},{"taxonomy":"post_tag","embeddable":true,"href":"https:\/\/aliancaevangelica.pt\/site\/wp-json\/wp\/v2\/tags?post=23625"}],"curies":[{"name":"wp","href":"https:\/\/api.w.org\/{rel}","templated":true}]}}