{"id":23542,"date":"2026-04-25T17:55:58","date_gmt":"2026-04-25T17:55:58","guid":{"rendered":"https:\/\/aliancaevangelica.pt\/site\/?p=23542"},"modified":"2026-04-25T18:22:27","modified_gmt":"2026-04-25T18:22:27","slug":"reportagem-do-forum-evangelico-no-programa-luz-das-nacoes-rtp2","status":"publish","type":"post","link":"https:\/\/aliancaevangelica.pt\/site\/reportagem-do-forum-evangelico-no-programa-luz-das-nacoes-rtp2\/","title":{"rendered":"Reportagem do &#8220;F\u00f3rum Evang\u00e9lico&#8221; no programa &#8220;Luz das Na\u00e7\u00f5es&#8221; RTP2"},"content":{"rendered":"\n<h2 class=\"wp-block-heading has-text-align-center\">A F\u00e9 dos Homens de 24 abr 2026 &#8211; RTP Play<\/h2>\n\n\n\n<h3 class=\"wp-block-heading has-text-align-center\">Reportagem do &#8220;F\u00f3rum Evang\u00e9lico&#8221; no programa &#8220;Luz das Na\u00e7\u00f5es&#8221; RTP2<\/h3>\n\n\n\n<div class=\"wp-block-uagb-image uagb-block-26dc59c8 wp-block-uagb-image--layout-default wp-block-uagb-image--effect-static wp-block-uagb-image--align-none\"><figure class=\"wp-block-uagb-image__figure\"><a class=\"\" href=\"https:\/\/share.google\/5qs61xLLP25uIGnUf\" target=\"\" rel=\"noopener\"><img decoding=\"async\" srcset=\"https:\/\/aliancaevangelica.pt\/site\/wp-content\/uploads\/2026\/04\/Fe-dos-Homens-1.png ,https:\/\/aliancaevangelica.pt\/site\/wp-content\/uploads\/2026\/04\/Fe-dos-Homens-1.png 780w, https:\/\/aliancaevangelica.pt\/site\/wp-content\/uploads\/2026\/04\/Fe-dos-Homens-1.png 360w\" sizes=\"auto, (max-width: 480px) 150px\" src=\"https:\/\/aliancaevangelica.pt\/site\/wp-content\/uploads\/2026\/04\/Fe-dos-Homens-1.png\" alt=\"\" class=\"uag-image-23547\" width=\"742\" height=\"429\" title=\"Fe-dos-Homens\" loading=\"lazy\" role=\"img\"\/><\/a><\/figure><\/div>\n\n\n\n<div style=\"height:100px\" aria-hidden=\"true\" class=\"wp-block-spacer\"><\/div>\n","protected":false},"excerpt":{"rendered":"<p>A F\u00e9 dos Homens de 24 abr 2026 &#8211; RTP Play Reportagem do &#8220;F\u00f3rum Evang\u00e9lico&#8221; no programa &#8220;Luz das Na\u00e7\u00f5es&#8221; RTP2<\/p>\n","protected":false},"author":3,"featured_media":21860,"comment_status":"closed","ping_status":"closed","sticky":false,"template":"","format":"standard","meta":{"_uag_custom_page_level_css":"","_themeisle_gutenberg_block_has_review":false,"_vp_format_video_url":"","_vp_image_focal_point":[],"footnotes":""},"categories":[70,68],"tags":[],"class_list":["post-23542","post","type-post","status-publish","format-standard","has-post-thumbnail","hentry","category-destaques","category-forum"],"yoast_head":"<!-- This site is optimized with the Yoast SEO plugin v27.5 - https:\/\/yoast.com\/product\/yoast-seo-wordpress\/ -->\n<title>Reportagem do &quot;F\u00f3rum Evang\u00e9lico&quot; no programa &quot;Luz das Na\u00e7\u00f5es&quot; RTP2 - AEP<\/title>\n<meta name=\"robots\" content=\"index, follow, max-snippet:-1, max-image-preview:large, max-video-preview:-1\" \/>\n<link rel=\"canonical\" href=\"https:\/\/aliancaevangelica.pt\/site\/reportagem-do-forum-evangelico-no-programa-luz-das-nacoes-rtp2\/\" \/>\n<meta property=\"og:locale\" content=\"pt_PT\" \/>\n<meta property=\"og:type\" content=\"article\" \/>\n<meta property=\"og:title\" content=\"Reportagem do &quot;F\u00f3rum Evang\u00e9lico&quot; no programa &quot;Luz das Na\u00e7\u00f5es&quot; RTP2 - AEP\" \/>\n<meta property=\"og:description\" content=\"A F\u00e9 dos Homens de 24 abr 2026 &#8211; RTP Play Reportagem do &#8220;F\u00f3rum Evang\u00e9lico&#8221; no programa &#8220;Luz das Na\u00e7\u00f5es&#8221; RTP2\" \/>\n<meta property=\"og:url\" content=\"https:\/\/aliancaevangelica.pt\/site\/reportagem-do-forum-evangelico-no-programa-luz-das-nacoes-rtp2\/\" \/>\n<meta property=\"og:site_name\" content=\"AEP\" \/>\n<meta property=\"article:publisher\" content=\"http:\/\/facebook.com\/aeportuguesa\" \/>\n<meta property=\"article:published_time\" content=\"2026-04-25T17:55:58+00:00\" \/>\n<meta property=\"article:modified_time\" content=\"2026-04-25T18:22:27+00:00\" \/>\n<meta property=\"og:image\" content=\"https:\/\/aliancaevangelica.pt\/site\/wp-content\/uploads\/2026\/03\/aep100.jpg\" \/>\n\t<meta property=\"og:image:width\" content=\"1170\" \/>\n\t<meta property=\"og:image:height\" content=\"609\" \/>\n\t<meta property=\"og:image:type\" content=\"image\/jpeg\" \/>\n<meta name=\"author\" content=\"AEP\" \/>\n<meta name=\"twitter:card\" content=\"summary_large_image\" \/>\n<meta name=\"twitter:label1\" content=\"Escrito por\" \/>\n\t<meta name=\"twitter:data1\" content=\"AEP\" \/>\n\t<meta name=\"twitter:label2\" content=\"Tempo estimado de leitura\" \/>\n\t<meta name=\"twitter:data2\" content=\"1 minuto\" \/>\n<script type=\"application\/ld+json\" class=\"yoast-schema-graph\">{\"@context\":\"https:\\\/\\\/schema.org\",\"@graph\":[{\"@type\":\"Article\",\"@id\":\"https:\\\/\\\/aliancaevangelica.pt\\\/site\\\/reportagem-do-forum-evangelico-no-programa-luz-das-nacoes-rtp2\\\/#article\",\"isPartOf\":{\"@id\":\"https:\\\/\\\/aliancaevangelica.pt\\\/site\\\/reportagem-do-forum-evangelico-no-programa-luz-das-nacoes-rtp2\\\/\"},\"author\":{\"name\":\"AEP\",\"@id\":\"https:\\\/\\\/aliancaevangelica.pt\\\/site\\\/#\\\/schema\\\/person\\\/770f46e2228e382b34054569bb7bf365\"},\"headline\":\"Reportagem do &#8220;F\u00f3rum Evang\u00e9lico&#8221; no programa &#8220;Luz das Na\u00e7\u00f5es&#8221; RTP2\",\"datePublished\":\"2026-04-25T17:55:58+00:00\",\"dateModified\":\"2026-04-25T18:22:27+00:00\",\"mainEntityOfPage\":{\"@id\":\"https:\\\/\\\/aliancaevangelica.pt\\\/site\\\/reportagem-do-forum-evangelico-no-programa-luz-das-nacoes-rtp2\\\/\"},\"wordCount\":35,\"publisher\":{\"@id\":\"https:\\\/\\\/aliancaevangelica.pt\\\/site\\\/#organization\"},\"image\":{\"@id\":\"https:\\\/\\\/aliancaevangelica.pt\\\/site\\\/reportagem-do-forum-evangelico-no-programa-luz-das-nacoes-rtp2\\\/#primaryimage\"},\"thumbnailUrl\":\"https:\\\/\\\/aliancaevangelica.pt\\\/site\\\/wp-content\\\/uploads\\\/2026\\\/03\\\/aep100.jpg\",\"articleSection\":[\"Destaques\",\"F\u00f3rum\"],\"inLanguage\":\"pt-PT\"},{\"@type\":\"WebPage\",\"@id\":\"https:\\\/\\\/aliancaevangelica.pt\\\/site\\\/reportagem-do-forum-evangelico-no-programa-luz-das-nacoes-rtp2\\\/\",\"url\":\"https:\\\/\\\/aliancaevangelica.pt\\\/site\\\/reportagem-do-forum-evangelico-no-programa-luz-das-nacoes-rtp2\\\/\",\"name\":\"Reportagem do \\\"F\u00f3rum Evang\u00e9lico\\\" no programa \\\"Luz das Na\u00e7\u00f5es\\\" RTP2 - AEP\",\"isPartOf\":{\"@id\":\"https:\\\/\\\/aliancaevangelica.pt\\\/site\\\/#website\"},\"primaryImageOfPage\":{\"@id\":\"https:\\\/\\\/aliancaevangelica.pt\\\/site\\\/reportagem-do-forum-evangelico-no-programa-luz-das-nacoes-rtp2\\\/#primaryimage\"},\"image\":{\"@id\":\"https:\\\/\\\/aliancaevangelica.pt\\\/site\\\/reportagem-do-forum-evangelico-no-programa-luz-das-nacoes-rtp2\\\/#primaryimage\"},\"thumbnailUrl\":\"https:\\\/\\\/aliancaevangelica.pt\\\/site\\\/wp-content\\\/uploads\\\/2026\\\/03\\\/aep100.jpg\",\"datePublished\":\"2026-04-25T17:55:58+00:00\",\"dateModified\":\"2026-04-25T18:22:27+00:00\",\"breadcrumb\":{\"@id\":\"https:\\\/\\\/aliancaevangelica.pt\\\/site\\\/reportagem-do-forum-evangelico-no-programa-luz-das-nacoes-rtp2\\\/#breadcrumb\"},\"inLanguage\":\"pt-PT\",\"potentialAction\":[{\"@type\":\"ReadAction\",\"target\":[\"https:\\\/\\\/aliancaevangelica.pt\\\/site\\\/reportagem-do-forum-evangelico-no-programa-luz-das-nacoes-rtp2\\\/\"]}]},{\"@type\":\"ImageObject\",\"inLanguage\":\"pt-PT\",\"@id\":\"https:\\\/\\\/aliancaevangelica.pt\\\/site\\\/reportagem-do-forum-evangelico-no-programa-luz-das-nacoes-rtp2\\\/#primaryimage\",\"url\":\"https:\\\/\\\/aliancaevangelica.pt\\\/site\\\/wp-content\\\/uploads\\\/2026\\\/03\\\/aep100.jpg\",\"contentUrl\":\"https:\\\/\\\/aliancaevangelica.pt\\\/site\\\/wp-content\\\/uploads\\\/2026\\\/03\\\/aep100.jpg\",\"width\":1170,\"height\":609},{\"@type\":\"BreadcrumbList\",\"@id\":\"https:\\\/\\\/aliancaevangelica.pt\\\/site\\\/reportagem-do-forum-evangelico-no-programa-luz-das-nacoes-rtp2\\\/#breadcrumb\",\"itemListElement\":[{\"@type\":\"ListItem\",\"position\":1,\"name\":\"In\u00edcio\",\"item\":\"https:\\\/\\\/aliancaevangelica.pt\\\/site\\\/\"},{\"@type\":\"ListItem\",\"position\":2,\"name\":\"Reportagem do &#8220;F\u00f3rum Evang\u00e9lico&#8221; no programa &#8220;Luz das Na\u00e7\u00f5es&#8221; RTP2\"}]},{\"@type\":\"WebSite\",\"@id\":\"https:\\\/\\\/aliancaevangelica.pt\\\/site\\\/#website\",\"url\":\"https:\\\/\\\/aliancaevangelica.pt\\\/site\\\/\",\"name\":\"Alian\u00e7a Evang\u00e9lica Portuguesa\",\"description\":\"Alian\u00e7a Evang\u00e9lica Portuguesa\",\"publisher\":{\"@id\":\"https:\\\/\\\/aliancaevangelica.pt\\\/site\\\/#organization\"},\"potentialAction\":[{\"@type\":\"SearchAction\",\"target\":{\"@type\":\"EntryPoint\",\"urlTemplate\":\"https:\\\/\\\/aliancaevangelica.pt\\\/site\\\/?s={search_term_string}\"},\"query-input\":{\"@type\":\"PropertyValueSpecification\",\"valueRequired\":true,\"valueName\":\"search_term_string\"}}],\"inLanguage\":\"pt-PT\"},{\"@type\":\"Organization\",\"@id\":\"https:\\\/\\\/aliancaevangelica.pt\\\/site\\\/#organization\",\"name\":\"Alian\u00e7a Evang\u00e9lica Portuguesa\",\"url\":\"https:\\\/\\\/aliancaevangelica.pt\\\/site\\\/\",\"logo\":{\"@type\":\"ImageObject\",\"inLanguage\":\"pt-PT\",\"@id\":\"https:\\\/\\\/aliancaevangelica.pt\\\/site\\\/#\\\/schema\\\/logo\\\/image\\\/\",\"url\":\"https:\\\/\\\/aliancaevangelica.pt\\\/site\\\/wp-content\\\/uploads\\\/2017\\\/11\\\/logo-AEP-cor.png\",\"contentUrl\":\"https:\\\/\\\/aliancaevangelica.pt\\\/site\\\/wp-content\\\/uploads\\\/2017\\\/11\\\/logo-AEP-cor.png\",\"width\":1156,\"height\":672,\"caption\":\"Alian\u00e7a Evang\u00e9lica Portuguesa\"},\"image\":{\"@id\":\"https:\\\/\\\/aliancaevangelica.pt\\\/site\\\/#\\\/schema\\\/logo\\\/image\\\/\"},\"sameAs\":[\"http:\\\/\\\/facebook.com\\\/aeportuguesa\",\"http:\\\/\\\/instagram.com\\\/aliancaep\",\"http:\\\/\\\/youtube.com\\\/aeportuguesa\"]},{\"@type\":\"Person\",\"@id\":\"https:\\\/\\\/aliancaevangelica.pt\\\/site\\\/#\\\/schema\\\/person\\\/770f46e2228e382b34054569bb7bf365\",\"name\":\"AEP\",\"url\":\"https:\\\/\\\/aliancaevangelica.pt\\\/site\\\/author\\\/wpadmaep\\\/\"}]}<\/script>\n<!-- \/ Yoast SEO plugin. -->","yoast_head_json":{"title":"Reportagem do \"F\u00f3rum Evang\u00e9lico\" no programa \"Luz das Na\u00e7\u00f5es\" RTP2 - AEP","robots":{"index":"index","follow":"follow","max-snippet":"max-snippet:-1","max-image-preview":"max-image-preview:large","max-video-preview":"max-video-preview:-1"},"canonical":"https:\/\/aliancaevangelica.pt\/site\/reportagem-do-forum-evangelico-no-programa-luz-das-nacoes-rtp2\/","og_locale":"pt_PT","og_type":"article","og_title":"Reportagem do \"F\u00f3rum Evang\u00e9lico\" no programa \"Luz das Na\u00e7\u00f5es\" RTP2 - AEP","og_description":"A F\u00e9 dos Homens de 24 abr 2026 &#8211; RTP Play Reportagem do &#8220;F\u00f3rum Evang\u00e9lico&#8221; no programa &#8220;Luz das Na\u00e7\u00f5es&#8221; RTP2","og_url":"https:\/\/aliancaevangelica.pt\/site\/reportagem-do-forum-evangelico-no-programa-luz-das-nacoes-rtp2\/","og_site_name":"AEP","article_publisher":"http:\/\/facebook.com\/aeportuguesa","article_published_time":"2026-04-25T17:55:58+00:00","article_modified_time":"2026-04-25T18:22:27+00:00","og_image":[{"width":1170,"height":609,"url":"https:\/\/aliancaevangelica.pt\/site\/wp-content\/uploads\/2026\/03\/aep100.jpg","type":"image\/jpeg"}],"author":"AEP","twitter_card":"summary_large_image","twitter_misc":{"Escrito por":"AEP","Tempo estimado de leitura":"1 minuto"},"schema":{"@context":"https:\/\/schema.org","@graph":[{"@type":"Article","@id":"https:\/\/aliancaevangelica.pt\/site\/reportagem-do-forum-evangelico-no-programa-luz-das-nacoes-rtp2\/#article","isPartOf":{"@id":"https:\/\/aliancaevangelica.pt\/site\/reportagem-do-forum-evangelico-no-programa-luz-das-nacoes-rtp2\/"},"author":{"name":"AEP","@id":"https:\/\/aliancaevangelica.pt\/site\/#\/schema\/person\/770f46e2228e382b34054569bb7bf365"},"headline":"Reportagem do &#8220;F\u00f3rum Evang\u00e9lico&#8221; no programa &#8220;Luz das Na\u00e7\u00f5es&#8221; RTP2","datePublished":"2026-04-25T17:55:58+00:00","dateModified":"2026-04-25T18:22:27+00:00","mainEntityOfPage":{"@id":"https:\/\/aliancaevangelica.pt\/site\/reportagem-do-forum-evangelico-no-programa-luz-das-nacoes-rtp2\/"},"wordCount":35,"publisher":{"@id":"https:\/\/aliancaevangelica.pt\/site\/#organization"},"image":{"@id":"https:\/\/aliancaevangelica.pt\/site\/reportagem-do-forum-evangelico-no-programa-luz-das-nacoes-rtp2\/#primaryimage"},"thumbnailUrl":"https:\/\/aliancaevangelica.pt\/site\/wp-content\/uploads\/2026\/03\/aep100.jpg","articleSection":["Destaques","F\u00f3rum"],"inLanguage":"pt-PT"},{"@type":"WebPage","@id":"https:\/\/aliancaevangelica.pt\/site\/reportagem-do-forum-evangelico-no-programa-luz-das-nacoes-rtp2\/","url":"https:\/\/aliancaevangelica.pt\/site\/reportagem-do-forum-evangelico-no-programa-luz-das-nacoes-rtp2\/","name":"Reportagem do \"F\u00f3rum Evang\u00e9lico\" no programa \"Luz das Na\u00e7\u00f5es\" RTP2 - AEP","isPartOf":{"@id":"https:\/\/aliancaevangelica.pt\/site\/#website"},"primaryImageOfPage":{"@id":"https:\/\/aliancaevangelica.pt\/site\/reportagem-do-forum-evangelico-no-programa-luz-das-nacoes-rtp2\/#primaryimage"},"image":{"@id":"https:\/\/aliancaevangelica.pt\/site\/reportagem-do-forum-evangelico-no-programa-luz-das-nacoes-rtp2\/#primaryimage"},"thumbnailUrl":"https:\/\/aliancaevangelica.pt\/site\/wp-content\/uploads\/2026\/03\/aep100.jpg","datePublished":"2026-04-25T17:55:58+00:00","dateModified":"2026-04-25T18:22:27+00:00","breadcrumb":{"@id":"https:\/\/aliancaevangelica.pt\/site\/reportagem-do-forum-evangelico-no-programa-luz-das-nacoes-rtp2\/#breadcrumb"},"inLanguage":"pt-PT","potentialAction":[{"@type":"ReadAction","target":["https:\/\/aliancaevangelica.pt\/site\/reportagem-do-forum-evangelico-no-programa-luz-das-nacoes-rtp2\/"]}]},{"@type":"ImageObject","inLanguage":"pt-PT","@id":"https:\/\/aliancaevangelica.pt\/site\/reportagem-do-forum-evangelico-no-programa-luz-das-nacoes-rtp2\/#primaryimage","url":"https:\/\/aliancaevangelica.pt\/site\/wp-content\/uploads\/2026\/03\/aep100.jpg","contentUrl":"https:\/\/aliancaevangelica.pt\/site\/wp-content\/uploads\/2026\/03\/aep100.jpg","width":1170,"height":609},{"@type":"BreadcrumbList","@id":"https:\/\/aliancaevangelica.pt\/site\/reportagem-do-forum-evangelico-no-programa-luz-das-nacoes-rtp2\/#breadcrumb","itemListElement":[{"@type":"ListItem","position":1,"name":"In\u00edcio","item":"https:\/\/aliancaevangelica.pt\/site\/"},{"@type":"ListItem","position":2,"name":"Reportagem do &#8220;F\u00f3rum Evang\u00e9lico&#8221; no programa &#8220;Luz das Na\u00e7\u00f5es&#8221; RTP2"}]},{"@type":"WebSite","@id":"https:\/\/aliancaevangelica.pt\/site\/#website","url":"https:\/\/aliancaevangelica.pt\/site\/","name":"Alian\u00e7a Evang\u00e9lica Portuguesa","description":"Alian\u00e7a Evang\u00e9lica Portuguesa","publisher":{"@id":"https:\/\/aliancaevangelica.pt\/site\/#organization"},"potentialAction":[{"@type":"SearchAction","target":{"@type":"EntryPoint","urlTemplate":"https:\/\/aliancaevangelica.pt\/site\/?s={search_term_string}"},"query-input":{"@type":"PropertyValueSpecification","valueRequired":true,"valueName":"search_term_string"}}],"inLanguage":"pt-PT"},{"@type":"Organization","@id":"https:\/\/aliancaevangelica.pt\/site\/#organization","name":"Alian\u00e7a Evang\u00e9lica Portuguesa","url":"https:\/\/aliancaevangelica.pt\/site\/","logo":{"@type":"ImageObject","inLanguage":"pt-PT","@id":"https:\/\/aliancaevangelica.pt\/site\/#\/schema\/logo\/image\/","url":"https:\/\/aliancaevangelica.pt\/site\/wp-content\/uploads\/2017\/11\/logo-AEP-cor.png","contentUrl":"https:\/\/aliancaevangelica.pt\/site\/wp-content\/uploads\/2017\/11\/logo-AEP-cor.png","width":1156,"height":672,"caption":"Alian\u00e7a Evang\u00e9lica Portuguesa"},"image":{"@id":"https:\/\/aliancaevangelica.pt\/site\/#\/schema\/logo\/image\/"},"sameAs":["http:\/\/facebook.com\/aeportuguesa","http:\/\/instagram.com\/aliancaep","http:\/\/youtube.com\/aeportuguesa"]},{"@type":"Person","@id":"https:\/\/aliancaevangelica.pt\/site\/#\/schema\/person\/770f46e2228e382b34054569bb7bf365","name":"AEP","url":"https:\/\/aliancaevangelica.pt\/site\/author\/wpadmaep\/"}]}},"uagb_featured_image_src":{"full":["https:\/\/aliancaevangelica.pt\/site\/wp-content\/uploads\/2026\/03\/aep100.jpg",1170,609,false],"thumbnail":["https:\/\/aliancaevangelica.pt\/site\/wp-content\/uploads\/2026\/03\/aep100-150x150.jpg",150,150,true],"medium":["https:\/\/aliancaevangelica.pt\/site\/wp-content\/uploads\/2026\/03\/aep100-300x156.jpg",300,156,true],"medium_large":["https:\/\/aliancaevangelica.pt\/site\/wp-content\/uploads\/2026\/03\/aep100-768x400.jpg",768,400,true],"large":["https:\/\/aliancaevangelica.pt\/site\/wp-content\/uploads\/2026\/03\/aep100-1024x533.jpg",960,500,true],"1536x1536":["https:\/\/aliancaevangelica.pt\/site\/wp-content\/uploads\/2026\/03\/aep100.jpg",1170,609,false],"2048x2048":["https:\/\/aliancaevangelica.pt\/site\/wp-content\/uploads\/2026\/03\/aep100.jpg",1170,609,false],"vp_sm":["https:\/\/aliancaevangelica.pt\/site\/wp-content\/uploads\/2026\/03\/aep100.jpg",500,260,false],"vp_md":["https:\/\/aliancaevangelica.pt\/site\/wp-content\/uploads\/2026\/03\/aep100.jpg",800,416,false],"vp_lg":["https:\/\/aliancaevangelica.pt\/site\/wp-content\/uploads\/2026\/03\/aep100.jpg",1170,609,false],"vp_xl":["https:\/\/aliancaevangelica.pt\/site\/wp-content\/uploads\/2026\/03\/aep100.jpg",1170,609,false],"vp_sm_popup":["https:\/\/aliancaevangelica.pt\/site\/wp-content\/uploads\/2026\/03\/aep100.jpg",500,260,false],"vp_md_popup":["https:\/\/aliancaevangelica.pt\/site\/wp-content\/uploads\/2026\/03\/aep100.jpg",800,416,false],"vp_xl_popup":["https:\/\/aliancaevangelica.pt\/site\/wp-content\/uploads\/2026\/03\/aep100.jpg",1170,609,false],"newsx-150x100":["https:\/\/aliancaevangelica.pt\/site\/wp-content\/uploads\/2026\/03\/aep100.jpg",150,78,false],"newsx-330x220":["https:\/\/aliancaevangelica.pt\/site\/wp-content\/uploads\/2026\/03\/aep100.jpg",330,172,false],"newsx-420x280":["https:\/\/aliancaevangelica.pt\/site\/wp-content\/uploads\/2026\/03\/aep100.jpg",420,219,false],"newsx-510x340":["https:\/\/aliancaevangelica.pt\/site\/wp-content\/uploads\/2026\/03\/aep100.jpg",510,265,false],"newsx-640x480":["https:\/\/aliancaevangelica.pt\/site\/wp-content\/uploads\/2026\/03\/aep100.jpg",640,333,false],"newsx-670x370":["https:\/\/aliancaevangelica.pt\/site\/wp-content\/uploads\/2026\/03\/aep100.jpg",670,349,false],"newsx-860x570":["https:\/\/aliancaevangelica.pt\/site\/wp-content\/uploads\/2026\/03\/aep100.jpg",860,448,false],"newsx-1000x750":["https:\/\/aliancaevangelica.pt\/site\/wp-content\/uploads\/2026\/03\/aep100.jpg",1000,521,false],"newsx-1200x600":["https:\/\/aliancaevangelica.pt\/site\/wp-content\/uploads\/2026\/03\/aep100.jpg",1153,600,false]},"uagb_author_info":{"display_name":"AEP","author_link":"https:\/\/aliancaevangelica.pt\/site\/author\/wpadmaep\/"},"uagb_comment_info":0,"uagb_excerpt":"A F\u00e9 dos Homens de 24 abr 2026 &#8211; RTP Play Reportagem do &#8220;F\u00f3rum Evang\u00e9lico&#8221; no programa &#8220;Luz das Na\u00e7\u00f5es&#8221; RTP2","_links":{"self":[{"href":"https:\/\/aliancaevangelica.pt\/site\/wp-json\/wp\/v2\/posts\/23542","targetHints":{"allow":["GET"]}}],"collection":[{"href":"https:\/\/aliancaevangelica.pt\/site\/wp-json\/wp\/v2\/posts"}],"about":[{"href":"https:\/\/aliancaevangelica.pt\/site\/wp-json\/wp\/v2\/types\/post"}],"author":[{"embeddable":true,"href":"https:\/\/aliancaevangelica.pt\/site\/wp-json\/wp\/v2\/users\/3"}],"replies":[{"embeddable":true,"href":"https:\/\/aliancaevangelica.pt\/site\/wp-json\/wp\/v2\/comments?post=23542"}],"version-history":[{"count":7,"href":"https:\/\/aliancaevangelica.pt\/site\/wp-json\/wp\/v2\/posts\/23542\/revisions"}],"predecessor-version":[{"id":23555,"href":"https:\/\/aliancaevangelica.pt\/site\/wp-json\/wp\/v2\/posts\/23542\/revisions\/23555"}],"wp:featuredmedia":[{"embeddable":true,"href":"https:\/\/aliancaevangelica.pt\/site\/wp-json\/wp\/v2\/media\/21860"}],"wp:attachment":[{"href":"https:\/\/aliancaevangelica.pt\/site\/wp-json\/wp\/v2\/media?parent=23542"}],"wp:term":[{"taxonomy":"category","embeddable":true,"href":"https:\/\/aliancaevangelica.pt\/site\/wp-json\/wp\/v2\/categories?post=23542"},{"taxonomy":"post_tag","embeddable":true,"href":"https:\/\/aliancaevangelica.pt\/site\/wp-json\/wp\/v2\/tags?post=23542"}],"curies":[{"name":"wp","href":"https:\/\/api.w.org\/{rel}","templated":true}]}}