{"id":21389,"date":"2026-01-30T15:26:47","date_gmt":"2026-01-30T15:26:47","guid":{"rendered":"https:\/\/aliancaevangelica.pt\/site\/?p=21389"},"modified":"2026-04-07T13:23:16","modified_gmt":"2026-04-07T13:23:16","slug":"solidariedade-com-as-vitimas-da-depressao-kristin","status":"publish","type":"post","link":"https:\/\/aliancaevangelica.pt\/site\/solidariedade-com-as-vitimas-da-depressao-kristin\/","title":{"rendered":"Solidariedade com as V\u00edtimas da Depress\u00e3o Kristin"},"content":{"rendered":"\n<p><em><strong>Perto est\u00e1 o Senhor dos que t\u00eam o cora\u00e7\u00e3o quebrantado, e salva os contritos de esp\u00edrito. (Salmos\u00a034:18)<\/strong><\/em><\/p>\n\n\n\n<h4 class=\"wp-block-heading\">A Alian\u00e7a Evang\u00e9lica Portuguesa&nbsp;manifesta&nbsp;o seu profundo pesar pelas perdas irrepar\u00e1veis de vidas humanas,&nbsp;bem como&nbsp;a&nbsp;sua sincera&nbsp;solidariedade&nbsp;para&nbsp;com as pessoas feridas e&nbsp;com&nbsp;aquelas que sofreram danos materiais&nbsp;significativos&nbsp;em diversas regi\u00f5es do territ\u00f3rio nacional,&nbsp;na sequ\u00eancia&nbsp;dos tr\u00e1gicos efeitos do fen\u00f3meno meteorol\u00f3gico&nbsp;<em>Kristin<\/em>,&nbsp;que ocorreu&nbsp;no passado dia 28 de janeiro de 2026. Neste&nbsp;tempo marcado pela&nbsp;dor,&nbsp;pela consterna\u00e7\u00e3o&nbsp;e ainda alguma incerteza, manifestamos a nossa&nbsp;profunda&nbsp;compaix\u00e3o para com todas as fam\u00edlias enlutadas, assim como&nbsp;para com os que ficaram feridos e todos&nbsp;quantos&nbsp;viram os seus lares, meios de subsist\u00eancia e bens essenciais gravemente afetados.<\/h4>\n\n\n\n<p>Como comunidade crist\u00e3 evang\u00e9lica&nbsp;presente e comprometida com a sociedade portuguesa, afirmamos publicamente que as nossas ora\u00e7\u00f5es&nbsp;acompanham&nbsp;com os que sofrem&nbsp;neste momento. Cremos num Deus presente no meio da adversidade, que&nbsp;escuta o clamor dos aflitos, consola&nbsp;os cora\u00e7\u00f5es quebrantados e sustenta os que atravessam o vale da dor.<\/p>\n\n\n\n<p>Recordamos de forma particular os crentes, igrejas e organiza\u00e7\u00f5es evang\u00e9licas&nbsp;diretamente&nbsp;afetados por esta situa\u00e7\u00e3o, especialmente nas regi\u00f5es de Leiria e Coimbra, assegurando-lhes a nossa comunh\u00e3o&nbsp;fraterna, intercess\u00e3o cont\u00ednua&nbsp;e&nbsp;solidariedade crist\u00e3.&nbsp;Reconhecemos o impacto que estas circunst\u00e2ncias t\u00eam tamb\u00e9m na vida comunit\u00e1ria, no testemunho p\u00fablico da f\u00e9 e no servi\u00e7o que muitas igrejas e organiza\u00e7\u00f5es prestam \u00e0s popula\u00e7\u00f5es locais.<\/p>\n\n\n\n<p>Reconhecemos e agradecemos o trabalho incans\u00e1vel das autoridades, prote\u00e7\u00e3o civil,&nbsp;for\u00e7as de seguran\u00e7a,&nbsp;servi\u00e7os de emerg\u00eancia e de todos os&nbsp;profissionais e volunt\u00e1rios&nbsp;que, com coragem,&nbsp;dedica\u00e7\u00e3o&nbsp;e sentido de miss\u00e3o,&nbsp;est\u00e3o no terreno a prestar aux\u00edlio \u00e0s&nbsp;pessoas e entidades&nbsp;afetadas.<\/p>\n\n\n\n<p>Que este tempo de sofrimento seja tamb\u00e9m um tempo de uni\u00e3o, compaix\u00e3o e&nbsp;responsabilidade partilhadas, em que cada gesto de cuidado contribua para a reconstru\u00e7\u00e3o das vidas e das comunidades atingidas.<\/p>\n\n\n\n<p>A Alian\u00e7a Evang\u00e9lica Portuguesa&nbsp;apresenta-se&nbsp;dispon\u00edvel para colaborar dentro das suas possibilidades, mas certamente com as ora\u00e7\u00f5es de toda a comunidade evang\u00e9lica no nosso pa\u00eds. <\/p>\n\n\n\n<div class=\"wp-block-uagb-separator uagb-block-1cc5d9bc wp-block-uagb-separator--text\"><div class=\"uagb-separator-spacing-wrapper\"><div class=\"wp-block-uagb-separator__inner\" style=\"--my-background-image:\"><div class=\"wp-block-uagb-separator-element\"><h4 class=\"uagb-html-tag\">Relacionados<\/h4><\/div><\/div><\/div><\/div>\n\n\n\n\t\t\t<div class=\"wp-block-uagb-post-carousel uagb-post-grid  uagb-post__image-position-top uagb-post__image-enabled uagb-block-6300f423     uagb-post__arrow-outside uagb-slick-carousel uagb-post__items uagb-post__columns-4 is-carousel uagb-post__columns-tablet-2 uagb-post__columns-mobile-1 uagb-post__carousel_equal-height\" data-total=\"1\" style=\"\">\n\n\t\t\t\t\t\t\t\t\t\t\t\t<article class=\"uagb-post__inner-wrap\">\t\t\t\t\t\t\t\t<div class='uagb-post__image'>\n\t\t\t\t\t\t\t\t\t<a href=\"https:\/\/aliancaevangelica.pt\/site\/o-grito-silencioso\/\" target=\"_self\" rel=\"bookmark noopener noreferrer\"><img loading=\"lazy\" decoding=\"async\" width=\"635\" height=\"660\" src=\"https:\/\/aliancaevangelica.pt\/site\/wp-content\/uploads\/2026\/03\/1200x1200_2x-100.jpg.avif\" class=\"attachment-large size-large\" alt=\"\" \/>\t\t\t\t\t<\/a>\n\t\t\t\t\t\t\t\t\t<\/div>\n\t\t\t\t\t\t<h5 class=\"uagb-post__title uagb-post__text\">\n\t\t\t\t<a href=\"https:\/\/aliancaevangelica.pt\/site\/o-grito-silencioso\/\" target=\"_self\" rel=\"bookmark noopener noreferrer\">O Grito Silencioso<\/a>\n\t\t\t<\/h5>\n\t\t\t\t\t\t<div class='uagb-post__text uagb-post-grid-byline'>\n\t\t\t\t\t\t\t\t<time datetime=\"2026-03-19T17:17:49+00:00\" class=\"uagb-post__date\">\n\t\t\t\t<span class=\"dashicons-calendar dashicons\"><\/span>\t\t\t\t\t19 Mar\u00e7o, 2026\t\t\t\t<\/time>\n\t\t\t\t\t\t<\/div>\n\t\t\t\n\t\t\t\t\t\t\t\t\t<\/article>\n\t\t\t\t\t\t\t\t\t\t\t\t\t\t\t\t<article class=\"uagb-post__inner-wrap\">\t\t\t\t\t\t\t\t<div class='uagb-post__image'>\n\t\t\t\t\t\t\t\t\t<a href=\"https:\/\/aliancaevangelica.pt\/site\/programas-de-tv-apoio-comunidade-evangelica\/\" target=\"_self\" rel=\"bookmark noopener noreferrer\"><img loading=\"lazy\" decoding=\"async\" width=\"960\" height=\"500\" src=\"https:\/\/aliancaevangelica.pt\/site\/wp-content\/uploads\/2026\/03\/aep100-1024x533.jpg\" class=\"attachment-large size-large\" alt=\"\" \/>\t\t\t\t\t<\/a>\n\t\t\t\t\t\t\t\t\t<\/div>\n\t\t\t\t\t\t<h5 class=\"uagb-post__title uagb-post__text\">\n\t\t\t\t<a href=\"https:\/\/aliancaevangelica.pt\/site\/programas-de-tv-apoio-comunidade-evangelica\/\" target=\"_self\" rel=\"bookmark noopener noreferrer\">Programas de Tv &#8211; Apoio Comunidade Evang\u00e9lica<\/a>\n\t\t\t<\/h5>\n\t\t\t\t\t\t<div class='uagb-post__text uagb-post-grid-byline'>\n\t\t\t\t\t\t\t\t<time datetime=\"2026-03-02T19:37:12+00:00\" class=\"uagb-post__date\">\n\t\t\t\t<span class=\"dashicons-calendar dashicons\"><\/span>\t\t\t\t\t2 Mar\u00e7o, 2026\t\t\t\t<\/time>\n\t\t\t\t\t\t<\/div>\n\t\t\t\n\t\t\t\t\t\t\t\t\t<\/article>\n\t\t\t\t\t\t\t\t\t\t\t\t\t\t\t\t<article class=\"uagb-post__inner-wrap\">\t\t\t\t\t\t\t\t<div class='uagb-post__image'>\n\t\t\t\t\t\t\t\t\t<a href=\"https:\/\/aliancaevangelica.pt\/site\/apoio-ao-monte-esperanca-instituto-biblico-assembleias-de-deus\/\" target=\"_self\" rel=\"bookmark noopener noreferrer\"><img loading=\"lazy\" decoding=\"async\" width=\"960\" height=\"540\" src=\"https:\/\/aliancaevangelica.pt\/site\/wp-content\/uploads\/2026\/03\/meibad-005-1024x576.jpeg\" class=\"attachment-large size-large\" alt=\"\" \/>\t\t\t\t\t<\/a>\n\t\t\t\t\t\t\t\t\t<\/div>\n\t\t\t\t\t\t<h5 class=\"uagb-post__title uagb-post__text\">\n\t\t\t\t<a href=\"https:\/\/aliancaevangelica.pt\/site\/apoio-ao-monte-esperanca-instituto-biblico-assembleias-de-deus\/\" target=\"_self\" rel=\"bookmark noopener noreferrer\">Apoio ao Monte Esperan\u00e7a Instituto B\u00edblico Assembleias de Deus<\/a>\n\t\t\t<\/h5>\n\t\t\t\t\t\t<div class='uagb-post__text uagb-post-grid-byline'>\n\t\t\t\t\t\t\t\t<time datetime=\"2026-03-01T04:11:01+00:00\" class=\"uagb-post__date\">\n\t\t\t\t<span class=\"dashicons-calendar dashicons\"><\/span>\t\t\t\t\t1 Mar\u00e7o, 2026\t\t\t\t<\/time>\n\t\t\t\t\t\t<\/div>\n\t\t\t\n\t\t\t\t\t\t\t\t\t<\/article>\n\t\t\t\t\t\t\t\t\t\t\t\t\t\t\t\t<article class=\"uagb-post__inner-wrap\">\t\t\t\t\t\t\t\t<div class='uagb-post__image'>\n\t\t\t\t\t\t\t\t\t<a href=\"https:\/\/aliancaevangelica.pt\/site\/apoio-a-igreja-reviver-leiria\/\" target=\"_self\" rel=\"bookmark noopener noreferrer\"><img loading=\"lazy\" decoding=\"async\" width=\"960\" height=\"544\" src=\"https:\/\/aliancaevangelica.pt\/site\/wp-content\/uploads\/2026\/03\/ig-reviver-leiria-001-1024x580.jpeg\" class=\"attachment-large size-large\" alt=\"\" \/>\t\t\t\t\t<\/a>\n\t\t\t\t\t\t\t\t\t<\/div>\n\t\t\t\t\t\t<h5 class=\"uagb-post__title uagb-post__text\">\n\t\t\t\t<a href=\"https:\/\/aliancaevangelica.pt\/site\/apoio-a-igreja-reviver-leiria\/\" target=\"_self\" rel=\"bookmark noopener noreferrer\">Apoio \u00e0 Igreja Reviver Leiria<\/a>\n\t\t\t<\/h5>\n\t\t\t\t\t\t<div class='uagb-post__text uagb-post-grid-byline'>\n\t\t\t\t\t\t\t\t<time datetime=\"2026-03-01T03:52:26+00:00\" class=\"uagb-post__date\">\n\t\t\t\t<span class=\"dashicons-calendar dashicons\"><\/span>\t\t\t\t\t1 Mar\u00e7o, 2026\t\t\t\t<\/time>\n\t\t\t\t\t\t<\/div>\n\t\t\t\n\t\t\t\t\t\t\t\t\t<\/article>\n\t\t\t\t\t\t\t\t\t\t\t\t\t\t\t\t<article class=\"uagb-post__inner-wrap\">\t\t\t\t\t\t\t\t<div class='uagb-post__image'>\n\t\t\t\t\t\t\t\t\t<a href=\"https:\/\/aliancaevangelica.pt\/site\/apoio-a-igreja-baptista-vieira-de-leiria\/\" target=\"_self\" rel=\"bookmark noopener noreferrer\"><img loading=\"lazy\" decoding=\"async\" width=\"960\" height=\"573\" src=\"https:\/\/aliancaevangelica.pt\/site\/wp-content\/uploads\/2026\/03\/ib-vieira-leiria-002-1024x611.jpeg\" class=\"attachment-large size-large\" alt=\"\" \/>\t\t\t\t\t<\/a>\n\t\t\t\t\t\t\t\t\t<\/div>\n\t\t\t\t\t\t<h5 class=\"uagb-post__title uagb-post__text\">\n\t\t\t\t<a href=\"https:\/\/aliancaevangelica.pt\/site\/apoio-a-igreja-baptista-vieira-de-leiria\/\" target=\"_self\" rel=\"bookmark noopener noreferrer\">Apoio \u00e0 Igreja Baptista Vieira de Leiria<\/a>\n\t\t\t<\/h5>\n\t\t\t\t\t\t<div class='uagb-post__text uagb-post-grid-byline'>\n\t\t\t\t\t\t\t\t<time datetime=\"2026-03-01T03:25:41+00:00\" class=\"uagb-post__date\">\n\t\t\t\t<span class=\"dashicons-calendar dashicons\"><\/span>\t\t\t\t\t1 Mar\u00e7o, 2026\t\t\t\t<\/time>\n\t\t\t\t\t\t<\/div>\n\t\t\t\n\t\t\t\t\t\t\t\t\t<\/article>\n\t\t\t\t\t\t\t\t\t\t\t\t\t\t\t\t<article class=\"uagb-post__inner-wrap\">\t\t\t\t\t\t\t\t<div class='uagb-post__image'>\n\t\t\t\t\t\t\t\t\t<a href=\"https:\/\/aliancaevangelica.pt\/site\/apoio-ao-acampamento-atalaia\/\" target=\"_self\" rel=\"bookmark noopener noreferrer\"><img loading=\"lazy\" decoding=\"async\" width=\"768\" height=\"1024\" src=\"https:\/\/aliancaevangelica.pt\/site\/wp-content\/uploads\/2026\/03\/acamp-atalaia-006-768x1024.jpeg\" class=\"attachment-large size-large\" alt=\"\" \/>\t\t\t\t\t<\/a>\n\t\t\t\t\t\t\t\t\t<\/div>\n\t\t\t\t\t\t<h5 class=\"uagb-post__title uagb-post__text\">\n\t\t\t\t<a href=\"https:\/\/aliancaevangelica.pt\/site\/apoio-ao-acampamento-atalaia\/\" target=\"_self\" rel=\"bookmark noopener noreferrer\">Apoio ao Acampamento Atalaia<\/a>\n\t\t\t<\/h5>\n\t\t\t\t\t\t<div class='uagb-post__text uagb-post-grid-byline'>\n\t\t\t\t\t\t\t\t<time datetime=\"2026-03-01T03:18:44+00:00\" class=\"uagb-post__date\">\n\t\t\t\t<span class=\"dashicons-calendar dashicons\"><\/span>\t\t\t\t\t1 Mar\u00e7o, 2026\t\t\t\t<\/time>\n\t\t\t\t\t\t<\/div>\n\t\t\t\n\t\t\t\t\t\t\t\t\t<\/article>\n\t\t\t\t\t\t\t\t\t\t\t\t\t\t\t\t<article class=\"uagb-post__inner-wrap\">\t\t\t\t\t\t\t\t<div class='uagb-post__image'>\n\t\t\t\t\t\t\t\t\t<a href=\"https:\/\/aliancaevangelica.pt\/site\/apoio-a-assembleia-de-deus-monte-real-leiria\/\" target=\"_self\" rel=\"bookmark noopener noreferrer\"><img loading=\"lazy\" decoding=\"async\" width=\"960\" height=\"960\" src=\"https:\/\/aliancaevangelica.pt\/site\/wp-content\/uploads\/2026\/02\/apoio-adleiria-002-1024x1024.jpeg\" class=\"attachment-large size-large\" alt=\"\" \/>\t\t\t\t\t<\/a>\n\t\t\t\t\t\t\t\t\t<\/div>\n\t\t\t\t\t\t<h5 class=\"uagb-post__title uagb-post__text\">\n\t\t\t\t<a href=\"https:\/\/aliancaevangelica.pt\/site\/apoio-a-assembleia-de-deus-monte-real-leiria\/\" target=\"_self\" rel=\"bookmark noopener noreferrer\">Apoio \u00e0 Assembleia de Deus Monte Real (Leiria)<\/a>\n\t\t\t<\/h5>\n\t\t\t\t\t\t<div class='uagb-post__text uagb-post-grid-byline'>\n\t\t\t\t\t\t\t\t<time datetime=\"2026-02-28T23:26:03+00:00\" class=\"uagb-post__date\">\n\t\t\t\t<span class=\"dashicons-calendar dashicons\"><\/span>\t\t\t\t\t28 Fevereiro, 2026\t\t\t\t<\/time>\n\t\t\t\t\t\t<\/div>\n\t\t\t\n\t\t\t\t\t\t\t\t\t<\/article>\n\t\t\t\t\t\t\t\t\t\t\t\t\t\t\t\t<article class=\"uagb-post__inner-wrap\">\t\t\t\t\t\t\t\t<div class='uagb-post__image'>\n\t\t\t\t\t\t\t\t\t<a href=\"https:\/\/aliancaevangelica.pt\/site\/apoio-ao-acampamento-baptista-de-agua-de-madeiros\/\" target=\"_self\" rel=\"bookmark noopener noreferrer\"><img loading=\"lazy\" decoding=\"async\" width=\"810\" height=\"608\" src=\"https:\/\/aliancaevangelica.pt\/site\/wp-content\/uploads\/2026\/02\/apoio-acb001.jpeg\" class=\"attachment-large size-large\" alt=\"\" \/>\t\t\t\t\t<\/a>\n\t\t\t\t\t\t\t\t\t<\/div>\n\t\t\t\t\t\t<h5 class=\"uagb-post__title uagb-post__text\">\n\t\t\t\t<a href=\"https:\/\/aliancaevangelica.pt\/site\/apoio-ao-acampamento-baptista-de-agua-de-madeiros\/\" target=\"_self\" rel=\"bookmark noopener noreferrer\">Apoio ao Acampamento Baptista de \u00c1gua de Madeiros<\/a>\n\t\t\t<\/h5>\n\t\t\t\t\t\t<div class='uagb-post__text uagb-post-grid-byline'>\n\t\t\t\t\t\t\t\t<time datetime=\"2026-02-28T22:57:03+00:00\" class=\"uagb-post__date\">\n\t\t\t\t<span class=\"dashicons-calendar dashicons\"><\/span>\t\t\t\t\t28 Fevereiro, 2026\t\t\t\t<\/time>\n\t\t\t\t\t\t<\/div>\n\t\t\t\n\t\t\t\t\t\t\t\t\t<\/article>\n\t\t\t\t\t\t\t\t\t\t\t\t\t\t\t\t<article class=\"uagb-post__inner-wrap\">\t\t\t\t\t\t\t\t<div class='uagb-post__image'>\n\t\t\t\t\t\t\t\t\t<a href=\"https:\/\/aliancaevangelica.pt\/site\/voluntarios-tempo-de-esperanca\/\" target=\"_self\" rel=\"bookmark noopener noreferrer\"><img loading=\"lazy\" decoding=\"async\" width=\"960\" height=\"960\" src=\"https:\/\/aliancaevangelica.pt\/site\/wp-content\/uploads\/2026\/02\/tempo-esperanca-010-1024x1024.jpeg\" class=\"attachment-large size-large\" alt=\"\" \/>\t\t\t\t\t<\/a>\n\t\t\t\t\t\t\t\t\t<\/div>\n\t\t\t\t\t\t<h5 class=\"uagb-post__title uagb-post__text\">\n\t\t\t\t<a href=\"https:\/\/aliancaevangelica.pt\/site\/voluntarios-tempo-de-esperanca\/\" target=\"_self\" rel=\"bookmark noopener noreferrer\">Volunt\u00e1rios &#8211; Tempo de Esperan\u00e7a<\/a>\n\t\t\t<\/h5>\n\t\t\t\t\t\t<div class='uagb-post__text uagb-post-grid-byline'>\n\t\t\t\t\t\t\t\t<time datetime=\"2026-02-28T22:26:18+00:00\" class=\"uagb-post__date\">\n\t\t\t\t<span class=\"dashicons-calendar dashicons\"><\/span>\t\t\t\t\t28 Fevereiro, 2026\t\t\t\t<\/time>\n\t\t\t\t\t\t<\/div>\n\t\t\t\n\t\t\t\t\t\t\t\t\t<\/article>\n\t\t\t\t\t\t\t\t\t\t\t\t\t\t\t\t<article class=\"uagb-post__inner-wrap\">\t\t\t\t\t\t\t\t<div class='uagb-post__image'>\n\t\t\t\t\t\t\t\t\t<a href=\"https:\/\/aliancaevangelica.pt\/site\/como-e-usado-o-seu-donativo\/\" target=\"_self\" rel=\"bookmark noopener noreferrer\"><img loading=\"lazy\" decoding=\"async\" width=\"819\" height=\"1024\" src=\"https:\/\/aliancaevangelica.pt\/site\/wp-content\/uploads\/2026\/02\/WhatsApp-Image-2026-02-02-at-21.28.03-819x1024.jpeg\" class=\"attachment-large size-large\" alt=\"\" \/>\t\t\t\t\t<\/a>\n\t\t\t\t\t\t\t\t\t<\/div>\n\t\t\t\t\t\t<h5 class=\"uagb-post__title uagb-post__text\">\n\t\t\t\t<a href=\"https:\/\/aliancaevangelica.pt\/site\/como-e-usado-o-seu-donativo\/\" target=\"_self\" rel=\"bookmark noopener noreferrer\">Tempo de Reconstru\u00e7\u00e3o &#8211; Destino dos Donativos Recebidos<\/a>\n\t\t\t<\/h5>\n\t\t\t\t\t\t<div class='uagb-post__text uagb-post-grid-byline'>\n\t\t\t\t\t\t\t\t<time datetime=\"2026-02-28T22:02:20+00:00\" class=\"uagb-post__date\">\n\t\t\t\t<span class=\"dashicons-calendar dashicons\"><\/span>\t\t\t\t\t28 Fevereiro, 2026\t\t\t\t<\/time>\n\t\t\t\t\t\t<\/div>\n\t\t\t\n\t\t\t\t\t\t\t\t\t<\/article>\n\t\t\t\t\t\t\t\t\t\t\t\t\t\t\t\t<article class=\"uagb-post__inner-wrap\">\t\t\t\t\t\t\t\t<div class='uagb-post__image'>\n\t\t\t\t\t\t\t\t\t<a href=\"https:\/\/aliancaevangelica.pt\/site\/refletir-jesus-em-tempos-de-crise\/\" target=\"_self\" rel=\"bookmark noopener noreferrer\"><img loading=\"lazy\" decoding=\"async\" width=\"819\" height=\"1024\" src=\"https:\/\/aliancaevangelica.pt\/site\/wp-content\/uploads\/2026\/02\/WhatsApp-Image-2026-02-02-at-21.28.03-819x1024.jpeg\" class=\"attachment-large size-large\" alt=\"\" \/>\t\t\t\t\t<\/a>\n\t\t\t\t\t\t\t\t\t<\/div>\n\t\t\t\t\t\t<h5 class=\"uagb-post__title uagb-post__text\">\n\t\t\t\t<a href=\"https:\/\/aliancaevangelica.pt\/site\/refletir-jesus-em-tempos-de-crise\/\" target=\"_self\" rel=\"bookmark noopener noreferrer\">Refletir Jesus em Tempos de Crise<\/a>\n\t\t\t<\/h5>\n\t\t\t\t\t\t<div class='uagb-post__text uagb-post-grid-byline'>\n\t\t\t\t\t\t\t\t<time datetime=\"2026-02-03T11:21:30+00:00\" class=\"uagb-post__date\">\n\t\t\t\t<span class=\"dashicons-calendar dashicons\"><\/span>\t\t\t\t\t3 Fevereiro, 2026\t\t\t\t<\/time>\n\t\t\t\t\t\t<\/div>\n\t\t\t\n\t\t\t\t\t\t\t\t\t<\/article>\n\t\t\t\t\t\t\t\t\t\t\t\t\t\t\t\t<article class=\"uagb-post__inner-wrap\">\t\t\t\t\t\t\t\t<div class='uagb-post__image'>\n\t\t\t\t\t\t\t\t\t<a href=\"https:\/\/aliancaevangelica.pt\/site\/dia-internacional-de-oracao-pela-igreja-perseguida-3\/\" target=\"_self\" rel=\"bookmark noopener noreferrer\"><img loading=\"lazy\" decoding=\"async\" width=\"724\" height=\"1024\" src=\"https:\/\/aliancaevangelica.pt\/site\/wp-content\/uploads\/2025\/10\/zOW8EmzQ-724x1024.jpeg\" class=\"attachment-large size-large\" alt=\"\" \/>\t\t\t\t\t<\/a>\n\t\t\t\t\t\t\t\t\t<\/div>\n\t\t\t\t\t\t<h5 class=\"uagb-post__title uagb-post__text\">\n\t\t\t\t<a href=\"https:\/\/aliancaevangelica.pt\/site\/dia-internacional-de-oracao-pela-igreja-perseguida-3\/\" target=\"_self\" rel=\"bookmark noopener noreferrer\">Dia Internacional de Ora\u00e7\u00e3o pela Igreja Perseguida<\/a>\n\t\t\t<\/h5>\n\t\t\t\t\t\t<div class='uagb-post__text uagb-post-grid-byline'>\n\t\t\t\t\t\t\t\t<time datetime=\"2025-10-30T18:39:14+00:00\" class=\"uagb-post__date\">\n\t\t\t\t<span class=\"dashicons-calendar dashicons\"><\/span>\t\t\t\t\t30 Outubro, 2025\t\t\t\t<\/time>\n\t\t\t\t\t\t<\/div>\n\t\t\t\n\t\t\t\t\t\t\t\t\t<\/article>\n\t\t\t\t\t\t\t\t\t\t\t\t\t\t\t\t<article class=\"uagb-post__inner-wrap\">\t\t\t\t\t\t\t\t<div class='uagb-post__image'>\n\t\t\t\t\t\t\t\t\t<a href=\"https:\/\/aliancaevangelica.pt\/site\/emergencia-rio-grande-do-sul-brazil\/\" target=\"_self\" rel=\"bookmark noopener noreferrer\"><img loading=\"lazy\" decoding=\"async\" width=\"819\" height=\"1024\" src=\"https:\/\/aliancaevangelica.pt\/site\/wp-content\/uploads\/2024\/05\/WhatsApp-Image-2024-05-22-at-15.42.10-819x1024.jpeg\" class=\"attachment-large size-large\" alt=\"\" \/>\t\t\t\t\t<\/a>\n\t\t\t\t\t\t\t\t\t<\/div>\n\t\t\t\t\t\t<h5 class=\"uagb-post__title uagb-post__text\">\n\t\t\t\t<a href=\"https:\/\/aliancaevangelica.pt\/site\/emergencia-rio-grande-do-sul-brazil\/\" target=\"_self\" rel=\"bookmark noopener noreferrer\">Emerg\u00eancia Rio Grande do Sul &#8211; Brazil<\/a>\n\t\t\t<\/h5>\n\t\t\t\t\t\t<div class='uagb-post__text uagb-post-grid-byline'>\n\t\t\t\t\t\t\t\t<time datetime=\"2024-05-26T10:58:40+00:00\" class=\"uagb-post__date\">\n\t\t\t\t<span class=\"dashicons-calendar dashicons\"><\/span>\t\t\t\t\t26 Maio, 2024\t\t\t\t<\/time>\n\t\t\t\t\t\t<\/div>\n\t\t\t\n\t\t\t\t\t\t\t\t\t<\/article>\n\t\t\t\t\t\t\t\t\t\t\t\t\t\t\t\t<article class=\"uagb-post__inner-wrap\">\t\t\t\t\t\t\t\t<div class='uagb-post__image'>\n\t\t\t\t\t\t\t\t\t<a href=\"https:\/\/aliancaevangelica.pt\/site\/dia-internacional-de-oracao-pela-igreja-perseguida-2\/\" target=\"_self\" rel=\"bookmark noopener noreferrer\"><img loading=\"lazy\" decoding=\"async\" width=\"722\" height=\"906\" src=\"https:\/\/aliancaevangelica.pt\/site\/wp-content\/uploads\/2023\/10\/Captura-de-ecra\u0303-2023-10-17-a\u0300s-17.01.25.png\" class=\"attachment-large size-large\" alt=\"\" \/>\t\t\t\t\t<\/a>\n\t\t\t\t\t\t\t\t\t<\/div>\n\t\t\t\t\t\t<h5 class=\"uagb-post__title uagb-post__text\">\n\t\t\t\t<a href=\"https:\/\/aliancaevangelica.pt\/site\/dia-internacional-de-oracao-pela-igreja-perseguida-2\/\" target=\"_self\" rel=\"bookmark noopener noreferrer\">Dia Internacional de Ora\u00e7\u00e3o pela Igreja Perseguida<\/a>\n\t\t\t<\/h5>\n\t\t\t\t\t\t<div class='uagb-post__text uagb-post-grid-byline'>\n\t\t\t\t\t\t\t\t<time datetime=\"2023-10-17T16:01:59+00:00\" class=\"uagb-post__date\">\n\t\t\t\t<span class=\"dashicons-calendar dashicons\"><\/span>\t\t\t\t\t17 Outubro, 2023\t\t\t\t<\/time>\n\t\t\t\t\t\t<\/div>\n\t\t\t\n\t\t\t\t\t\t\t\t\t<\/article>\n\t\t\t\t\t\t\t\t\t\t\t\t\t\t\t\t<article class=\"uagb-post__inner-wrap\">\t\t\t\t\t\t\t\t<div class='uagb-post__image'>\n\t\t\t\t\t\t\t\t\t<a href=\"https:\/\/aliancaevangelica.pt\/site\/domingos-mundiais-do-refugiado-world-refugee-sunday\/\" target=\"_self\" rel=\"bookmark noopener noreferrer\"><img loading=\"lazy\" decoding=\"async\" width=\"723\" height=\"1024\" src=\"https:\/\/aliancaevangelica.pt\/site\/wp-content\/uploads\/2023\/06\/Captura-de-ecra\u0303-2023-06-15-a\u0300s-16.52.32-723x1024.png\" class=\"attachment-large size-large\" alt=\"\" \/>\t\t\t\t\t<\/a>\n\t\t\t\t\t\t\t\t\t<\/div>\n\t\t\t\t\t\t<h5 class=\"uagb-post__title uagb-post__text\">\n\t\t\t\t<a href=\"https:\/\/aliancaevangelica.pt\/site\/domingos-mundiais-do-refugiado-world-refugee-sunday\/\" target=\"_self\" rel=\"bookmark noopener noreferrer\">Domingos Mundiais do Refugiado (World Refugee Sunday)<\/a>\n\t\t\t<\/h5>\n\t\t\t\t\t\t<div class='uagb-post__text uagb-post-grid-byline'>\n\t\t\t\t\t\t\t\t<time datetime=\"2023-06-15T15:54:00+00:00\" class=\"uagb-post__date\">\n\t\t\t\t<span class=\"dashicons-calendar dashicons\"><\/span>\t\t\t\t\t15 Junho, 2023\t\t\t\t<\/time>\n\t\t\t\t\t\t<\/div>\n\t\t\t\n\t\t\t\t\t\t\t\t\t<\/article>\n\t\t\t\t\t\t\t\t\t\t\t\t\t\t\t\t<article class=\"uagb-post__inner-wrap\">\t\t\t\t\t\t\t\t<div class='uagb-post__image'>\n\t\t\t\t\t\t\t\t\t<a href=\"https:\/\/aliancaevangelica.pt\/site\/resposta-a-crise-na-ucrania\/\" target=\"_self\" rel=\"bookmark noopener noreferrer\"><img loading=\"lazy\" decoding=\"async\" width=\"777\" height=\"671\" src=\"https:\/\/aliancaevangelica.pt\/site\/wp-content\/uploads\/2022\/03\/Captura-de-ecra\u0303-2022-03-03-a\u0300s-14.33.15.png\" class=\"attachment-large size-large\" alt=\"\" \/>\t\t\t\t\t<\/a>\n\t\t\t\t\t\t\t\t\t<\/div>\n\t\t\t\t\t\t<h5 class=\"uagb-post__title uagb-post__text\">\n\t\t\t\t<a href=\"https:\/\/aliancaevangelica.pt\/site\/resposta-a-crise-na-ucrania\/\" target=\"_self\" rel=\"bookmark noopener noreferrer\">Resposta \u00e0 crise na Ucr\u00e2nia<\/a>\n\t\t\t<\/h5>\n\t\t\t\t\t\t<div class='uagb-post__text uagb-post-grid-byline'>\n\t\t\t\t\t\t\t\t<time datetime=\"2022-03-03T14:51:15+00:00\" class=\"uagb-post__date\">\n\t\t\t\t<span class=\"dashicons-calendar dashicons\"><\/span>\t\t\t\t\t3 Mar\u00e7o, 2022\t\t\t\t<\/time>\n\t\t\t\t\t\t<\/div>\n\t\t\t\n\t\t\t\t\t\t\t\t\t<\/article>\n\t\t\t\t\t\t\t\t\t\t\t\t\t\t\t\t<article class=\"uagb-post__inner-wrap\">\t\t\t\t\t\t\t\t<div class='uagb-post__image'>\n\t\t\t\t\t\t\t\t\t<a href=\"https:\/\/aliancaevangelica.pt\/site\/dia-internacional-de-oracao-pela-igreja-perseguida\/\" target=\"_self\" rel=\"bookmark noopener noreferrer\"><img loading=\"lazy\" decoding=\"async\" width=\"314\" height=\"161\" src=\"https:\/\/aliancaevangelica.pt\/site\/wp-content\/uploads\/2021\/10\/WhatsApp-Image-2021-10-02-at-12.10.55.jpeg\" class=\"attachment-large size-large\" alt=\"\" \/>\t\t\t\t\t<\/a>\n\t\t\t\t\t\t\t\t\t<\/div>\n\t\t\t\t\t\t<h5 class=\"uagb-post__title uagb-post__text\">\n\t\t\t\t<a href=\"https:\/\/aliancaevangelica.pt\/site\/dia-internacional-de-oracao-pela-igreja-perseguida\/\" target=\"_self\" rel=\"bookmark noopener noreferrer\">Dia Internacional de Ora\u00e7\u00e3o pela Igreja Perseguida<\/a>\n\t\t\t<\/h5>\n\t\t\t\t\t\t<div class='uagb-post__text uagb-post-grid-byline'>\n\t\t\t\t\t\t\t\t<time datetime=\"2021-10-07T12:24:40+00:00\" class=\"uagb-post__date\">\n\t\t\t\t<span class=\"dashicons-calendar dashicons\"><\/span>\t\t\t\t\t7 Outubro, 2021\t\t\t\t<\/time>\n\t\t\t\t\t\t<\/div>\n\t\t\t\n\t\t\t\t\t\t\t\t\t<\/article>\n\t\t\t\t\t\t\t\t\t\t\t<\/div>\n\t\t\t","protected":false},"excerpt":{"rendered":"<p>Perto est\u00e1 o Senhor dos que t\u00eam o cora\u00e7\u00e3o quebrantado, e salva os contritos de esp\u00edrito. (Salmos\u00a034:18) A Alian\u00e7a Evang\u00e9lica Portuguesa&nbsp;manifesta&nbsp;o seu profundo pesar pelas perdas irrepar\u00e1veis de vidas humanas,&nbsp;bem como&nbsp;a&nbsp;sua sincera&nbsp;solidariedade&nbsp;para&nbsp;com as pessoas feridas e&nbsp;com&nbsp;aquelas que sofreram danos materiais&nbsp;significativos&nbsp;em diversas regi\u00f5es do territ\u00f3rio nacional,&nbsp;na sequ\u00eancia&nbsp;dos tr\u00e1gicos efeitos do fen\u00f3meno meteorol\u00f3gico&nbsp;Kristin,&nbsp;que ocorreu&nbsp;no passado dia 28<\/p>\n","protected":false},"author":2,"featured_media":18498,"comment_status":"open","ping_status":"open","sticky":false,"template":"","format":"standard","meta":{"_piecal_is_event":false,"_piecal_start_date":"","_piecal_end_date":"","_piecal_is_allday":false,"_uag_custom_page_level_css":"","_themeisle_gutenberg_block_has_review":false,"_vp_format_video_url":"","_vp_image_focal_point":[],"footnotes":""},"categories":[67],"tags":[],"class_list":["post-21389","post","type-post","status-publish","format-standard","has-post-thumbnail","hentry","category-solidariedade"],"yoast_head":"<!-- This site is optimized with the Yoast SEO plugin v27.5 - https:\/\/yoast.com\/product\/yoast-seo-wordpress\/ -->\n<title>Solidariedade com as V\u00edtimas da Depress\u00e3o Kristin - AEP<\/title>\n<meta name=\"robots\" content=\"index, follow, max-snippet:-1, max-image-preview:large, max-video-preview:-1\" \/>\n<link rel=\"canonical\" href=\"https:\/\/aliancaevangelica.pt\/site\/solidariedade-com-as-vitimas-da-depressao-kristin\/\" \/>\n<meta property=\"og:locale\" content=\"pt_PT\" \/>\n<meta property=\"og:type\" content=\"article\" \/>\n<meta property=\"og:title\" content=\"Solidariedade com as V\u00edtimas da Depress\u00e3o Kristin - AEP\" \/>\n<meta property=\"og:description\" content=\"Perto est\u00e1 o Senhor dos que t\u00eam o cora\u00e7\u00e3o quebrantado, e salva os contritos de esp\u00edrito. (Salmos\u00a034:18) A Alian\u00e7a Evang\u00e9lica Portuguesa&nbsp;manifesta&nbsp;o seu profundo pesar pelas perdas irrepar\u00e1veis de vidas humanas,&nbsp;bem como&nbsp;a&nbsp;sua sincera&nbsp;solidariedade&nbsp;para&nbsp;com as pessoas feridas e&nbsp;com&nbsp;aquelas que sofreram danos materiais&nbsp;significativos&nbsp;em diversas regi\u00f5es do territ\u00f3rio nacional,&nbsp;na sequ\u00eancia&nbsp;dos tr\u00e1gicos efeitos do fen\u00f3meno meteorol\u00f3gico&nbsp;Kristin,&nbsp;que ocorreu&nbsp;no passado dia 28\" \/>\n<meta property=\"og:url\" content=\"https:\/\/aliancaevangelica.pt\/site\/solidariedade-com-as-vitimas-da-depressao-kristin\/\" \/>\n<meta property=\"og:site_name\" content=\"AEP\" \/>\n<meta property=\"article:publisher\" content=\"http:\/\/facebook.com\/aeportuguesa\" \/>\n<meta property=\"article:author\" content=\"aeportugal\" \/>\n<meta property=\"article:published_time\" content=\"2026-01-30T15:26:47+00:00\" \/>\n<meta property=\"article:modified_time\" content=\"2026-04-07T13:23:16+00:00\" \/>\n<meta property=\"og:image\" content=\"https:\/\/aliancaevangelica.pt\/site\/wp-content\/uploads\/2020\/10\/AEP-logo-background_Prancheta-1_Prancheta-1.png\" \/>\n\t<meta property=\"og:image:width\" content=\"1366\" \/>\n\t<meta property=\"og:image:height\" content=\"768\" \/>\n\t<meta property=\"og:image:type\" content=\"image\/png\" \/>\n<meta name=\"author\" content=\"AEP\" \/>\n<meta name=\"twitter:card\" content=\"summary_large_image\" \/>\n<meta name=\"twitter:label1\" content=\"Escrito por\" \/>\n\t<meta name=\"twitter:data1\" content=\"AEP\" \/>\n\t<meta name=\"twitter:label2\" content=\"Tempo estimado de leitura\" \/>\n\t<meta name=\"twitter:data2\" content=\"3 minutos\" \/>\n<script type=\"application\/ld+json\" class=\"yoast-schema-graph\">{\"@context\":\"https:\\\/\\\/schema.org\",\"@graph\":[{\"@type\":\"Article\",\"@id\":\"https:\\\/\\\/aliancaevangelica.pt\\\/site\\\/solidariedade-com-as-vitimas-da-depressao-kristin\\\/#article\",\"isPartOf\":{\"@id\":\"https:\\\/\\\/aliancaevangelica.pt\\\/site\\\/solidariedade-com-as-vitimas-da-depressao-kristin\\\/\"},\"author\":{\"name\":\"AEP\",\"@id\":\"https:\\\/\\\/aliancaevangelica.pt\\\/site\\\/#\\\/schema\\\/person\\\/3b47cfc7535eff1e820f31c2d67eafcf\"},\"headline\":\"Solidariedade com as V\u00edtimas da Depress\u00e3o Kristin\",\"datePublished\":\"2026-01-30T15:26:47+00:00\",\"dateModified\":\"2026-04-07T13:23:16+00:00\",\"mainEntityOfPage\":{\"@id\":\"https:\\\/\\\/aliancaevangelica.pt\\\/site\\\/solidariedade-com-as-vitimas-da-depressao-kristin\\\/\"},\"wordCount\":443,\"commentCount\":0,\"publisher\":{\"@id\":\"https:\\\/\\\/aliancaevangelica.pt\\\/site\\\/#organization\"},\"image\":{\"@id\":\"https:\\\/\\\/aliancaevangelica.pt\\\/site\\\/solidariedade-com-as-vitimas-da-depressao-kristin\\\/#primaryimage\"},\"thumbnailUrl\":\"https:\\\/\\\/aliancaevangelica.pt\\\/site\\\/wp-content\\\/uploads\\\/2020\\\/10\\\/AEP-logo-background_Prancheta-1_Prancheta-1.png\",\"articleSection\":[\"Solidariedade\"],\"inLanguage\":\"pt-PT\",\"potentialAction\":[{\"@type\":\"CommentAction\",\"name\":\"Comment\",\"target\":[\"https:\\\/\\\/aliancaevangelica.pt\\\/site\\\/solidariedade-com-as-vitimas-da-depressao-kristin\\\/#respond\"]}]},{\"@type\":\"WebPage\",\"@id\":\"https:\\\/\\\/aliancaevangelica.pt\\\/site\\\/solidariedade-com-as-vitimas-da-depressao-kristin\\\/\",\"url\":\"https:\\\/\\\/aliancaevangelica.pt\\\/site\\\/solidariedade-com-as-vitimas-da-depressao-kristin\\\/\",\"name\":\"Solidariedade com as V\u00edtimas da Depress\u00e3o Kristin - AEP\",\"isPartOf\":{\"@id\":\"https:\\\/\\\/aliancaevangelica.pt\\\/site\\\/#website\"},\"primaryImageOfPage\":{\"@id\":\"https:\\\/\\\/aliancaevangelica.pt\\\/site\\\/solidariedade-com-as-vitimas-da-depressao-kristin\\\/#primaryimage\"},\"image\":{\"@id\":\"https:\\\/\\\/aliancaevangelica.pt\\\/site\\\/solidariedade-com-as-vitimas-da-depressao-kristin\\\/#primaryimage\"},\"thumbnailUrl\":\"https:\\\/\\\/aliancaevangelica.pt\\\/site\\\/wp-content\\\/uploads\\\/2020\\\/10\\\/AEP-logo-background_Prancheta-1_Prancheta-1.png\",\"datePublished\":\"2026-01-30T15:26:47+00:00\",\"dateModified\":\"2026-04-07T13:23:16+00:00\",\"breadcrumb\":{\"@id\":\"https:\\\/\\\/aliancaevangelica.pt\\\/site\\\/solidariedade-com-as-vitimas-da-depressao-kristin\\\/#breadcrumb\"},\"inLanguage\":\"pt-PT\",\"potentialAction\":[{\"@type\":\"ReadAction\",\"target\":[\"https:\\\/\\\/aliancaevangelica.pt\\\/site\\\/solidariedade-com-as-vitimas-da-depressao-kristin\\\/\"]}]},{\"@type\":\"ImageObject\",\"inLanguage\":\"pt-PT\",\"@id\":\"https:\\\/\\\/aliancaevangelica.pt\\\/site\\\/solidariedade-com-as-vitimas-da-depressao-kristin\\\/#primaryimage\",\"url\":\"https:\\\/\\\/aliancaevangelica.pt\\\/site\\\/wp-content\\\/uploads\\\/2020\\\/10\\\/AEP-logo-background_Prancheta-1_Prancheta-1.png\",\"contentUrl\":\"https:\\\/\\\/aliancaevangelica.pt\\\/site\\\/wp-content\\\/uploads\\\/2020\\\/10\\\/AEP-logo-background_Prancheta-1_Prancheta-1.png\",\"width\":1366,\"height\":768},{\"@type\":\"BreadcrumbList\",\"@id\":\"https:\\\/\\\/aliancaevangelica.pt\\\/site\\\/solidariedade-com-as-vitimas-da-depressao-kristin\\\/#breadcrumb\",\"itemListElement\":[{\"@type\":\"ListItem\",\"position\":1,\"name\":\"In\u00edcio\",\"item\":\"https:\\\/\\\/aliancaevangelica.pt\\\/site\\\/\"},{\"@type\":\"ListItem\",\"position\":2,\"name\":\"Solidariedade com as V\u00edtimas da Depress\u00e3o Kristin\"}]},{\"@type\":\"WebSite\",\"@id\":\"https:\\\/\\\/aliancaevangelica.pt\\\/site\\\/#website\",\"url\":\"https:\\\/\\\/aliancaevangelica.pt\\\/site\\\/\",\"name\":\"Alian\u00e7a Evang\u00e9lica Portuguesa\",\"description\":\"Alian\u00e7a Evang\u00e9lica Portuguesa\",\"publisher\":{\"@id\":\"https:\\\/\\\/aliancaevangelica.pt\\\/site\\\/#organization\"},\"potentialAction\":[{\"@type\":\"SearchAction\",\"target\":{\"@type\":\"EntryPoint\",\"urlTemplate\":\"https:\\\/\\\/aliancaevangelica.pt\\\/site\\\/?s={search_term_string}\"},\"query-input\":{\"@type\":\"PropertyValueSpecification\",\"valueRequired\":true,\"valueName\":\"search_term_string\"}}],\"inLanguage\":\"pt-PT\"},{\"@type\":\"Organization\",\"@id\":\"https:\\\/\\\/aliancaevangelica.pt\\\/site\\\/#organization\",\"name\":\"Alian\u00e7a Evang\u00e9lica Portuguesa\",\"url\":\"https:\\\/\\\/aliancaevangelica.pt\\\/site\\\/\",\"logo\":{\"@type\":\"ImageObject\",\"inLanguage\":\"pt-PT\",\"@id\":\"https:\\\/\\\/aliancaevangelica.pt\\\/site\\\/#\\\/schema\\\/logo\\\/image\\\/\",\"url\":\"https:\\\/\\\/aliancaevangelica.pt\\\/site\\\/wp-content\\\/uploads\\\/2017\\\/11\\\/logo-AEP-cor.png\",\"contentUrl\":\"https:\\\/\\\/aliancaevangelica.pt\\\/site\\\/wp-content\\\/uploads\\\/2017\\\/11\\\/logo-AEP-cor.png\",\"width\":1156,\"height\":672,\"caption\":\"Alian\u00e7a Evang\u00e9lica Portuguesa\"},\"image\":{\"@id\":\"https:\\\/\\\/aliancaevangelica.pt\\\/site\\\/#\\\/schema\\\/logo\\\/image\\\/\"},\"sameAs\":[\"http:\\\/\\\/facebook.com\\\/aeportuguesa\",\"http:\\\/\\\/instagram.com\\\/aliancaep\",\"http:\\\/\\\/youtube.com\\\/aeportuguesa\"]},{\"@type\":\"Person\",\"@id\":\"https:\\\/\\\/aliancaevangelica.pt\\\/site\\\/#\\\/schema\\\/person\\\/3b47cfc7535eff1e820f31c2d67eafcf\",\"name\":\"AEP\",\"sameAs\":[\"aeportugal\"],\"url\":\"https:\\\/\\\/aliancaevangelica.pt\\\/site\\\/author\\\/aeportugal\\\/\"}]}<\/script>\n<!-- \/ Yoast SEO plugin. -->","yoast_head_json":{"title":"Solidariedade com as V\u00edtimas da Depress\u00e3o Kristin - AEP","robots":{"index":"index","follow":"follow","max-snippet":"max-snippet:-1","max-image-preview":"max-image-preview:large","max-video-preview":"max-video-preview:-1"},"canonical":"https:\/\/aliancaevangelica.pt\/site\/solidariedade-com-as-vitimas-da-depressao-kristin\/","og_locale":"pt_PT","og_type":"article","og_title":"Solidariedade com as V\u00edtimas da Depress\u00e3o Kristin - AEP","og_description":"Perto est\u00e1 o Senhor dos que t\u00eam o cora\u00e7\u00e3o quebrantado, e salva os contritos de esp\u00edrito. (Salmos\u00a034:18) A Alian\u00e7a Evang\u00e9lica Portuguesa&nbsp;manifesta&nbsp;o seu profundo pesar pelas perdas irrepar\u00e1veis de vidas humanas,&nbsp;bem como&nbsp;a&nbsp;sua sincera&nbsp;solidariedade&nbsp;para&nbsp;com as pessoas feridas e&nbsp;com&nbsp;aquelas que sofreram danos materiais&nbsp;significativos&nbsp;em diversas regi\u00f5es do territ\u00f3rio nacional,&nbsp;na sequ\u00eancia&nbsp;dos tr\u00e1gicos efeitos do fen\u00f3meno meteorol\u00f3gico&nbsp;Kristin,&nbsp;que ocorreu&nbsp;no passado dia 28","og_url":"https:\/\/aliancaevangelica.pt\/site\/solidariedade-com-as-vitimas-da-depressao-kristin\/","og_site_name":"AEP","article_publisher":"http:\/\/facebook.com\/aeportuguesa","article_author":"aeportugal","article_published_time":"2026-01-30T15:26:47+00:00","article_modified_time":"2026-04-07T13:23:16+00:00","og_image":[{"width":1366,"height":768,"url":"https:\/\/aliancaevangelica.pt\/site\/wp-content\/uploads\/2020\/10\/AEP-logo-background_Prancheta-1_Prancheta-1.png","type":"image\/png"}],"author":"AEP","twitter_card":"summary_large_image","twitter_misc":{"Escrito por":"AEP","Tempo estimado de leitura":"3 minutos"},"schema":{"@context":"https:\/\/schema.org","@graph":[{"@type":"Article","@id":"https:\/\/aliancaevangelica.pt\/site\/solidariedade-com-as-vitimas-da-depressao-kristin\/#article","isPartOf":{"@id":"https:\/\/aliancaevangelica.pt\/site\/solidariedade-com-as-vitimas-da-depressao-kristin\/"},"author":{"name":"AEP","@id":"https:\/\/aliancaevangelica.pt\/site\/#\/schema\/person\/3b47cfc7535eff1e820f31c2d67eafcf"},"headline":"Solidariedade com as V\u00edtimas da Depress\u00e3o Kristin","datePublished":"2026-01-30T15:26:47+00:00","dateModified":"2026-04-07T13:23:16+00:00","mainEntityOfPage":{"@id":"https:\/\/aliancaevangelica.pt\/site\/solidariedade-com-as-vitimas-da-depressao-kristin\/"},"wordCount":443,"commentCount":0,"publisher":{"@id":"https:\/\/aliancaevangelica.pt\/site\/#organization"},"image":{"@id":"https:\/\/aliancaevangelica.pt\/site\/solidariedade-com-as-vitimas-da-depressao-kristin\/#primaryimage"},"thumbnailUrl":"https:\/\/aliancaevangelica.pt\/site\/wp-content\/uploads\/2020\/10\/AEP-logo-background_Prancheta-1_Prancheta-1.png","articleSection":["Solidariedade"],"inLanguage":"pt-PT","potentialAction":[{"@type":"CommentAction","name":"Comment","target":["https:\/\/aliancaevangelica.pt\/site\/solidariedade-com-as-vitimas-da-depressao-kristin\/#respond"]}]},{"@type":"WebPage","@id":"https:\/\/aliancaevangelica.pt\/site\/solidariedade-com-as-vitimas-da-depressao-kristin\/","url":"https:\/\/aliancaevangelica.pt\/site\/solidariedade-com-as-vitimas-da-depressao-kristin\/","name":"Solidariedade com as V\u00edtimas da Depress\u00e3o Kristin - AEP","isPartOf":{"@id":"https:\/\/aliancaevangelica.pt\/site\/#website"},"primaryImageOfPage":{"@id":"https:\/\/aliancaevangelica.pt\/site\/solidariedade-com-as-vitimas-da-depressao-kristin\/#primaryimage"},"image":{"@id":"https:\/\/aliancaevangelica.pt\/site\/solidariedade-com-as-vitimas-da-depressao-kristin\/#primaryimage"},"thumbnailUrl":"https:\/\/aliancaevangelica.pt\/site\/wp-content\/uploads\/2020\/10\/AEP-logo-background_Prancheta-1_Prancheta-1.png","datePublished":"2026-01-30T15:26:47+00:00","dateModified":"2026-04-07T13:23:16+00:00","breadcrumb":{"@id":"https:\/\/aliancaevangelica.pt\/site\/solidariedade-com-as-vitimas-da-depressao-kristin\/#breadcrumb"},"inLanguage":"pt-PT","potentialAction":[{"@type":"ReadAction","target":["https:\/\/aliancaevangelica.pt\/site\/solidariedade-com-as-vitimas-da-depressao-kristin\/"]}]},{"@type":"ImageObject","inLanguage":"pt-PT","@id":"https:\/\/aliancaevangelica.pt\/site\/solidariedade-com-as-vitimas-da-depressao-kristin\/#primaryimage","url":"https:\/\/aliancaevangelica.pt\/site\/wp-content\/uploads\/2020\/10\/AEP-logo-background_Prancheta-1_Prancheta-1.png","contentUrl":"https:\/\/aliancaevangelica.pt\/site\/wp-content\/uploads\/2020\/10\/AEP-logo-background_Prancheta-1_Prancheta-1.png","width":1366,"height":768},{"@type":"BreadcrumbList","@id":"https:\/\/aliancaevangelica.pt\/site\/solidariedade-com-as-vitimas-da-depressao-kristin\/#breadcrumb","itemListElement":[{"@type":"ListItem","position":1,"name":"In\u00edcio","item":"https:\/\/aliancaevangelica.pt\/site\/"},{"@type":"ListItem","position":2,"name":"Solidariedade com as V\u00edtimas da Depress\u00e3o Kristin"}]},{"@type":"WebSite","@id":"https:\/\/aliancaevangelica.pt\/site\/#website","url":"https:\/\/aliancaevangelica.pt\/site\/","name":"Alian\u00e7a Evang\u00e9lica Portuguesa","description":"Alian\u00e7a Evang\u00e9lica Portuguesa","publisher":{"@id":"https:\/\/aliancaevangelica.pt\/site\/#organization"},"potentialAction":[{"@type":"SearchAction","target":{"@type":"EntryPoint","urlTemplate":"https:\/\/aliancaevangelica.pt\/site\/?s={search_term_string}"},"query-input":{"@type":"PropertyValueSpecification","valueRequired":true,"valueName":"search_term_string"}}],"inLanguage":"pt-PT"},{"@type":"Organization","@id":"https:\/\/aliancaevangelica.pt\/site\/#organization","name":"Alian\u00e7a Evang\u00e9lica Portuguesa","url":"https:\/\/aliancaevangelica.pt\/site\/","logo":{"@type":"ImageObject","inLanguage":"pt-PT","@id":"https:\/\/aliancaevangelica.pt\/site\/#\/schema\/logo\/image\/","url":"https:\/\/aliancaevangelica.pt\/site\/wp-content\/uploads\/2017\/11\/logo-AEP-cor.png","contentUrl":"https:\/\/aliancaevangelica.pt\/site\/wp-content\/uploads\/2017\/11\/logo-AEP-cor.png","width":1156,"height":672,"caption":"Alian\u00e7a Evang\u00e9lica Portuguesa"},"image":{"@id":"https:\/\/aliancaevangelica.pt\/site\/#\/schema\/logo\/image\/"},"sameAs":["http:\/\/facebook.com\/aeportuguesa","http:\/\/instagram.com\/aliancaep","http:\/\/youtube.com\/aeportuguesa"]},{"@type":"Person","@id":"https:\/\/aliancaevangelica.pt\/site\/#\/schema\/person\/3b47cfc7535eff1e820f31c2d67eafcf","name":"AEP","sameAs":["aeportugal"],"url":"https:\/\/aliancaevangelica.pt\/site\/author\/aeportugal\/"}]}},"uagb_featured_image_src":{"full":["https:\/\/aliancaevangelica.pt\/site\/wp-content\/uploads\/2020\/10\/AEP-logo-background_Prancheta-1_Prancheta-1.png",1366,768,false],"thumbnail":["https:\/\/aliancaevangelica.pt\/site\/wp-content\/uploads\/2020\/10\/AEP-logo-background_Prancheta-1_Prancheta-1-150x150.png",150,150,true],"medium":["https:\/\/aliancaevangelica.pt\/site\/wp-content\/uploads\/2020\/10\/AEP-logo-background_Prancheta-1_Prancheta-1-300x169.png",300,169,true],"medium_large":["https:\/\/aliancaevangelica.pt\/site\/wp-content\/uploads\/2020\/10\/AEP-logo-background_Prancheta-1_Prancheta-1-768x432.png",768,432,true],"large":["https:\/\/aliancaevangelica.pt\/site\/wp-content\/uploads\/2020\/10\/AEP-logo-background_Prancheta-1_Prancheta-1-1024x576.png",960,540,true],"1536x1536":["https:\/\/aliancaevangelica.pt\/site\/wp-content\/uploads\/2020\/10\/AEP-logo-background_Prancheta-1_Prancheta-1.png",1366,768,false],"2048x2048":["https:\/\/aliancaevangelica.pt\/site\/wp-content\/uploads\/2020\/10\/AEP-logo-background_Prancheta-1_Prancheta-1.png",1366,768,false],"vp_sm":["https:\/\/aliancaevangelica.pt\/site\/wp-content\/uploads\/2020\/10\/AEP-logo-background_Prancheta-1_Prancheta-1.png",500,281,false],"vp_md":["https:\/\/aliancaevangelica.pt\/site\/wp-content\/uploads\/2020\/10\/AEP-logo-background_Prancheta-1_Prancheta-1.png",800,450,false],"vp_lg":["https:\/\/aliancaevangelica.pt\/site\/wp-content\/uploads\/2020\/10\/AEP-logo-background_Prancheta-1_Prancheta-1.png",1280,720,false],"vp_xl":["https:\/\/aliancaevangelica.pt\/site\/wp-content\/uploads\/2020\/10\/AEP-logo-background_Prancheta-1_Prancheta-1.png",1366,768,false],"vp_sm_popup":["https:\/\/aliancaevangelica.pt\/site\/wp-content\/uploads\/2020\/10\/AEP-logo-background_Prancheta-1_Prancheta-1.png",500,281,false],"vp_md_popup":["https:\/\/aliancaevangelica.pt\/site\/wp-content\/uploads\/2020\/10\/AEP-logo-background_Prancheta-1_Prancheta-1.png",800,450,false],"vp_xl_popup":["https:\/\/aliancaevangelica.pt\/site\/wp-content\/uploads\/2020\/10\/AEP-logo-background_Prancheta-1_Prancheta-1.png",1366,768,false],"newsx-150x100":["https:\/\/aliancaevangelica.pt\/site\/wp-content\/uploads\/2020\/10\/AEP-logo-background_Prancheta-1_Prancheta-1.png",150,84,false],"newsx-330x220":["https:\/\/aliancaevangelica.pt\/site\/wp-content\/uploads\/2020\/10\/AEP-logo-background_Prancheta-1_Prancheta-1.png",330,186,false],"newsx-420x280":["https:\/\/aliancaevangelica.pt\/site\/wp-content\/uploads\/2020\/10\/AEP-logo-background_Prancheta-1_Prancheta-1.png",420,236,false],"newsx-510x340":["https:\/\/aliancaevangelica.pt\/site\/wp-content\/uploads\/2020\/10\/AEP-logo-background_Prancheta-1_Prancheta-1.png",510,287,false],"newsx-640x480":["https:\/\/aliancaevangelica.pt\/site\/wp-content\/uploads\/2020\/10\/AEP-logo-background_Prancheta-1_Prancheta-1.png",640,360,false],"newsx-670x370":["https:\/\/aliancaevangelica.pt\/site\/wp-content\/uploads\/2020\/10\/AEP-logo-background_Prancheta-1_Prancheta-1.png",658,370,false],"newsx-860x570":["https:\/\/aliancaevangelica.pt\/site\/wp-content\/uploads\/2020\/10\/AEP-logo-background_Prancheta-1_Prancheta-1.png",860,484,false],"newsx-1000x750":["https:\/\/aliancaevangelica.pt\/site\/wp-content\/uploads\/2020\/10\/AEP-logo-background_Prancheta-1_Prancheta-1.png",1000,562,false],"newsx-1200x600":["https:\/\/aliancaevangelica.pt\/site\/wp-content\/uploads\/2020\/10\/AEP-logo-background_Prancheta-1_Prancheta-1.png",1067,600,false]},"uagb_author_info":{"display_name":"AEP","author_link":"https:\/\/aliancaevangelica.pt\/site\/author\/aeportugal\/"},"uagb_comment_info":0,"uagb_excerpt":"Perto est\u00e1 o Senhor dos que t\u00eam o cora\u00e7\u00e3o quebrantado, e salva os contritos de esp\u00edrito. (Salmos\u00a034:18) A Alian\u00e7a Evang\u00e9lica Portuguesa&nbsp;manifesta&nbsp;o seu profundo pesar pelas perdas irrepar\u00e1veis de vidas humanas,&nbsp;bem como&nbsp;a&nbsp;sua sincera&nbsp;solidariedade&nbsp;para&nbsp;com as pessoas feridas e&nbsp;com&nbsp;aquelas que sofreram danos materiais&nbsp;significativos&nbsp;em diversas regi\u00f5es do territ\u00f3rio nacional,&nbsp;na sequ\u00eancia&nbsp;dos tr\u00e1gicos efeitos do fen\u00f3meno meteorol\u00f3gico&nbsp;Kristin,&nbsp;que ocorreu&nbsp;no passado dia 28","_links":{"self":[{"href":"https:\/\/aliancaevangelica.pt\/site\/wp-json\/wp\/v2\/posts\/21389","targetHints":{"allow":["GET"]}}],"collection":[{"href":"https:\/\/aliancaevangelica.pt\/site\/wp-json\/wp\/v2\/posts"}],"about":[{"href":"https:\/\/aliancaevangelica.pt\/site\/wp-json\/wp\/v2\/types\/post"}],"author":[{"embeddable":true,"href":"https:\/\/aliancaevangelica.pt\/site\/wp-json\/wp\/v2\/users\/2"}],"replies":[{"embeddable":true,"href":"https:\/\/aliancaevangelica.pt\/site\/wp-json\/wp\/v2\/comments?post=21389"}],"version-history":[{"count":13,"href":"https:\/\/aliancaevangelica.pt\/site\/wp-json\/wp\/v2\/posts\/21389\/revisions"}],"predecessor-version":[{"id":22252,"href":"https:\/\/aliancaevangelica.pt\/site\/wp-json\/wp\/v2\/posts\/21389\/revisions\/22252"}],"wp:featuredmedia":[{"embeddable":true,"href":"https:\/\/aliancaevangelica.pt\/site\/wp-json\/wp\/v2\/media\/18498"}],"wp:attachment":[{"href":"https:\/\/aliancaevangelica.pt\/site\/wp-json\/wp\/v2\/media?parent=21389"}],"wp:term":[{"taxonomy":"category","embeddable":true,"href":"https:\/\/aliancaevangelica.pt\/site\/wp-json\/wp\/v2\/categories?post=21389"},{"taxonomy":"post_tag","embeddable":true,"href":"https:\/\/aliancaevangelica.pt\/site\/wp-json\/wp\/v2\/tags?post=21389"}],"curies":[{"name":"wp","href":"https:\/\/api.w.org\/{rel}","templated":true}]}}