{"id":21184,"date":"2025-08-07T17:17:46","date_gmt":"2025-08-07T17:17:46","guid":{"rendered":"https:\/\/aliancaevangelica.pt\/site\/?p=21184"},"modified":"2026-04-30T18:34:13","modified_gmt":"2026-04-30T18:34:13","slug":"cooperacao-entre-o-estado-central-e-autarquias-com-igrejas","status":"publish","type":"post","link":"https:\/\/aliancaevangelica.pt\/site\/cooperacao-entre-o-estado-central-e-autarquias-com-igrejas\/","title":{"rendered":"Coopera\u00e7\u00e3o entre o Estado central e Autarquias com Igrejas"},"content":{"rendered":"\n<p>A Alian\u00e7a Evang\u00e9lica Portuguesa (AEP) vem lamentar o tratamento jornal\u00edstico efetuado em certos \u00f3rg\u00e3os de comunica\u00e7\u00e3o social que vieram dar destaque a um protocolo entre a C\u00e2mara Municipal de Loures e a Igreja Hillsong Portugal, organiza\u00e7\u00e3o legalmente aut\u00f3noma, com sede naquele concelho e que \u00e9 membro da AEP. Sobre este assunto, partilhamos todos os esclarecimentos prestados pela Igreja Hillsong Portugal, em anexo, mas resulta claro que o montante protocolado colaborar\u00e1 para o desenvolvimento de diversas atividades culturais e sociais, incluindo apoio a sem abrigo, e ainda o uso do espa\u00e7o da Igreja para eventos da C\u00e2mara Municipal de Loures ou outras organiza\u00e7\u00f5es parceiras.&nbsp;<\/p>\n\n\n\n<p>Considera a AEP que \u00e9 de louvar que as autarquias e outros organismos p\u00fablicos reconhe\u00e7am a presen\u00e7a hist\u00f3rica \u2013 com mais de um s\u00e9culo \u2013 e a import\u00e2ncia das igrejas protestantes\/evang\u00e9licas em territ\u00f3rio nacional, bem como da sua vasta e consistente obra nos mais diversos dom\u00ednios, designadamente social, cultural e outros. Esta abertura ao di\u00e1logo institucional e \u00e0 coopera\u00e7\u00e3o pr\u00e1tica \u00e9 um sinal saud\u00e1vel de uma sociedade democr\u00e1tica, plural e solid\u00e1ria.<\/p>\n\n\n\n<p>Sucede que protocolos semelhantes s\u00e3o celebrados com outras organiza\u00e7\u00f5es sociais ou religiosas no mesmo concelho e genericamente em quase todos os munic\u00edpios deste pa\u00eds, sem que seja dado destaque noticioso, demonstrado que este caso, por ser uma igreja evang\u00e9lica \u00e9 caso raro, o que \u00e9 demonstrativo da discrimina\u00e7\u00e3o ainda existente para com esta minoria religiosa.O Estado Portugu\u00eas \u00e9 n\u00e3o confessional, pelo que n\u00e3o adota nenhuma religi\u00e3o oficial e n\u00e3o interfere em quest\u00f5es religiosas. Isso implica que o Estado n\u00e3o imp\u00f5e nenhuma cren\u00e7a religiosa e garante a liberdade de consci\u00eancia, de religi\u00e3o e de culto a todos os cidad\u00e3os, bem como acolhe e coopera com as religi\u00f5es minorit\u00e1rias, de acordo com a sua representatividade, conforme previsto na Lei da Liberdade Religiosa em Portugal (Lei n.\u00ba 16\/2001), que estabelece a coopera\u00e7\u00e3o entre o Estado e as igrejas e comunidades religiosas. Essa coopera\u00e7\u00e3o manifesta-se atrav\u00e9s de parcerias em \u00e1reas como a promo\u00e7\u00e3o dos direitos humanos, o desenvolvimento integral das pessoas e a defesa de valores como a paz, a liberdade, a solidariedade e a toler\u00e2ncia.<\/p>\n\n\n\n<p><strong>Veja <a href=\"https:\/\/aliancaevangelica.pt\/site\/wp-content\/uploads\/2025\/08\/Esclarecimentos-sobre-o-protocolo-de-cooperacao-Hillsong-Portugal-CML.pdf\"><em>aqui<\/em><\/a> tamb\u00e9m o Comunicado da Hillsong Portugal<\/strong><\/p>\n","protected":false},"excerpt":{"rendered":"<p>A Alian\u00e7a Evang\u00e9lica Portuguesa (AEP) vem lamentar o tratamento jornal\u00edstico efetuado em certos \u00f3rg\u00e3os de comunica\u00e7\u00e3o social que vieram dar destaque a um protocolo entre a C\u00e2mara Municipal de Loures e a Igreja Hillsong Portugal, organiza\u00e7\u00e3o legalmente aut\u00f3noma, com sede naquele concelho e que \u00e9 membro da AEP. Sobre este assunto, partilhamos todos os esclarecimentos<\/p>\n","protected":false},"author":2,"featured_media":16260,"comment_status":"closed","ping_status":"open","sticky":false,"template":"","format":"standard","meta":{"_uag_custom_page_level_css":"","_themeisle_gutenberg_block_has_review":false,"_vp_format_video_url":"","_vp_image_focal_point":[],"footnotes":""},"categories":[141],"tags":[145],"class_list":["post-21184","post","type-post","status-publish","format-standard","has-post-thumbnail","hentry","category-comunicacao","tag-tomadas-de-posicao"],"yoast_head":"<!-- This site is optimized with the Yoast SEO plugin v27.5 - https:\/\/yoast.com\/product\/yoast-seo-wordpress\/ -->\n<title>Coopera\u00e7\u00e3o entre o Estado central e Autarquias com Igrejas - AEP<\/title>\n<meta name=\"robots\" content=\"index, follow, max-snippet:-1, max-image-preview:large, max-video-preview:-1\" \/>\n<link rel=\"canonical\" href=\"https:\/\/aliancaevangelica.pt\/site\/cooperacao-entre-o-estado-central-e-autarquias-com-igrejas\/\" \/>\n<meta property=\"og:locale\" content=\"pt_PT\" \/>\n<meta property=\"og:type\" content=\"article\" \/>\n<meta property=\"og:title\" content=\"Coopera\u00e7\u00e3o entre o Estado central e Autarquias com Igrejas - AEP\" \/>\n<meta property=\"og:description\" content=\"A Alian\u00e7a Evang\u00e9lica Portuguesa (AEP) vem lamentar o tratamento jornal\u00edstico efetuado em certos \u00f3rg\u00e3os de comunica\u00e7\u00e3o social que vieram dar destaque a um protocolo entre a C\u00e2mara Municipal de Loures e a Igreja Hillsong Portugal, organiza\u00e7\u00e3o legalmente aut\u00f3noma, com sede naquele concelho e que \u00e9 membro da AEP. Sobre este assunto, partilhamos todos os esclarecimentos\" \/>\n<meta property=\"og:url\" content=\"https:\/\/aliancaevangelica.pt\/site\/cooperacao-entre-o-estado-central-e-autarquias-com-igrejas\/\" \/>\n<meta property=\"og:site_name\" content=\"AEP\" \/>\n<meta property=\"article:publisher\" content=\"http:\/\/facebook.com\/aeportuguesa\" \/>\n<meta property=\"article:author\" content=\"aeportugal\" \/>\n<meta property=\"article:published_time\" content=\"2025-08-07T17:17:46+00:00\" \/>\n<meta property=\"article:modified_time\" content=\"2026-04-30T18:34:13+00:00\" \/>\n<meta property=\"og:image\" content=\"https:\/\/aliancaevangelica.pt\/site\/wp-content\/uploads\/2018\/07\/img-padrao-artigo.jpg\" \/>\n\t<meta property=\"og:image:width\" content=\"1280\" \/>\n\t<meta property=\"og:image:height\" content=\"800\" \/>\n\t<meta property=\"og:image:type\" content=\"image\/jpeg\" \/>\n<meta name=\"author\" content=\"AEP\" \/>\n<meta name=\"twitter:card\" content=\"summary_large_image\" \/>\n<meta name=\"twitter:label1\" content=\"Escrito por\" \/>\n\t<meta name=\"twitter:data1\" content=\"AEP\" \/>\n\t<meta name=\"twitter:label2\" content=\"Tempo estimado de leitura\" \/>\n\t<meta name=\"twitter:data2\" content=\"2 minutos\" \/>\n<script type=\"application\/ld+json\" class=\"yoast-schema-graph\">{\"@context\":\"https:\\\/\\\/schema.org\",\"@graph\":[{\"@type\":\"Article\",\"@id\":\"https:\\\/\\\/aliancaevangelica.pt\\\/site\\\/cooperacao-entre-o-estado-central-e-autarquias-com-igrejas\\\/#article\",\"isPartOf\":{\"@id\":\"https:\\\/\\\/aliancaevangelica.pt\\\/site\\\/cooperacao-entre-o-estado-central-e-autarquias-com-igrejas\\\/\"},\"author\":{\"name\":\"AEP\",\"@id\":\"https:\\\/\\\/aliancaevangelica.pt\\\/site\\\/#\\\/schema\\\/person\\\/3b47cfc7535eff1e820f31c2d67eafcf\"},\"headline\":\"Coopera\u00e7\u00e3o entre o Estado central e Autarquias com Igrejas\",\"datePublished\":\"2025-08-07T17:17:46+00:00\",\"dateModified\":\"2026-04-30T18:34:13+00:00\",\"mainEntityOfPage\":{\"@id\":\"https:\\\/\\\/aliancaevangelica.pt\\\/site\\\/cooperacao-entre-o-estado-central-e-autarquias-com-igrejas\\\/\"},\"wordCount\":409,\"publisher\":{\"@id\":\"https:\\\/\\\/aliancaevangelica.pt\\\/site\\\/#organization\"},\"image\":{\"@id\":\"https:\\\/\\\/aliancaevangelica.pt\\\/site\\\/cooperacao-entre-o-estado-central-e-autarquias-com-igrejas\\\/#primaryimage\"},\"thumbnailUrl\":\"https:\\\/\\\/aliancaevangelica.pt\\\/site\\\/wp-content\\\/uploads\\\/2018\\\/07\\\/img-padrao-artigo.jpg\",\"keywords\":[\"Tomadas de Posi\u00e7\u00e3o\"],\"articleSection\":[\"COMUNICA\u00c7\u00c3O\"],\"inLanguage\":\"pt-PT\"},{\"@type\":\"WebPage\",\"@id\":\"https:\\\/\\\/aliancaevangelica.pt\\\/site\\\/cooperacao-entre-o-estado-central-e-autarquias-com-igrejas\\\/\",\"url\":\"https:\\\/\\\/aliancaevangelica.pt\\\/site\\\/cooperacao-entre-o-estado-central-e-autarquias-com-igrejas\\\/\",\"name\":\"Coopera\u00e7\u00e3o entre o Estado central e Autarquias com Igrejas - AEP\",\"isPartOf\":{\"@id\":\"https:\\\/\\\/aliancaevangelica.pt\\\/site\\\/#website\"},\"primaryImageOfPage\":{\"@id\":\"https:\\\/\\\/aliancaevangelica.pt\\\/site\\\/cooperacao-entre-o-estado-central-e-autarquias-com-igrejas\\\/#primaryimage\"},\"image\":{\"@id\":\"https:\\\/\\\/aliancaevangelica.pt\\\/site\\\/cooperacao-entre-o-estado-central-e-autarquias-com-igrejas\\\/#primaryimage\"},\"thumbnailUrl\":\"https:\\\/\\\/aliancaevangelica.pt\\\/site\\\/wp-content\\\/uploads\\\/2018\\\/07\\\/img-padrao-artigo.jpg\",\"datePublished\":\"2025-08-07T17:17:46+00:00\",\"dateModified\":\"2026-04-30T18:34:13+00:00\",\"breadcrumb\":{\"@id\":\"https:\\\/\\\/aliancaevangelica.pt\\\/site\\\/cooperacao-entre-o-estado-central-e-autarquias-com-igrejas\\\/#breadcrumb\"},\"inLanguage\":\"pt-PT\",\"potentialAction\":[{\"@type\":\"ReadAction\",\"target\":[\"https:\\\/\\\/aliancaevangelica.pt\\\/site\\\/cooperacao-entre-o-estado-central-e-autarquias-com-igrejas\\\/\"]}]},{\"@type\":\"ImageObject\",\"inLanguage\":\"pt-PT\",\"@id\":\"https:\\\/\\\/aliancaevangelica.pt\\\/site\\\/cooperacao-entre-o-estado-central-e-autarquias-com-igrejas\\\/#primaryimage\",\"url\":\"https:\\\/\\\/aliancaevangelica.pt\\\/site\\\/wp-content\\\/uploads\\\/2018\\\/07\\\/img-padrao-artigo.jpg\",\"contentUrl\":\"https:\\\/\\\/aliancaevangelica.pt\\\/site\\\/wp-content\\\/uploads\\\/2018\\\/07\\\/img-padrao-artigo.jpg\",\"width\":1280,\"height\":800},{\"@type\":\"BreadcrumbList\",\"@id\":\"https:\\\/\\\/aliancaevangelica.pt\\\/site\\\/cooperacao-entre-o-estado-central-e-autarquias-com-igrejas\\\/#breadcrumb\",\"itemListElement\":[{\"@type\":\"ListItem\",\"position\":1,\"name\":\"In\u00edcio\",\"item\":\"https:\\\/\\\/aliancaevangelica.pt\\\/site\\\/\"},{\"@type\":\"ListItem\",\"position\":2,\"name\":\"Coopera\u00e7\u00e3o entre o Estado central e Autarquias com Igrejas\"}]},{\"@type\":\"WebSite\",\"@id\":\"https:\\\/\\\/aliancaevangelica.pt\\\/site\\\/#website\",\"url\":\"https:\\\/\\\/aliancaevangelica.pt\\\/site\\\/\",\"name\":\"Alian\u00e7a Evang\u00e9lica Portuguesa\",\"description\":\"Alian\u00e7a Evang\u00e9lica Portuguesa\",\"publisher\":{\"@id\":\"https:\\\/\\\/aliancaevangelica.pt\\\/site\\\/#organization\"},\"potentialAction\":[{\"@type\":\"SearchAction\",\"target\":{\"@type\":\"EntryPoint\",\"urlTemplate\":\"https:\\\/\\\/aliancaevangelica.pt\\\/site\\\/?s={search_term_string}\"},\"query-input\":{\"@type\":\"PropertyValueSpecification\",\"valueRequired\":true,\"valueName\":\"search_term_string\"}}],\"inLanguage\":\"pt-PT\"},{\"@type\":\"Organization\",\"@id\":\"https:\\\/\\\/aliancaevangelica.pt\\\/site\\\/#organization\",\"name\":\"Alian\u00e7a Evang\u00e9lica Portuguesa\",\"url\":\"https:\\\/\\\/aliancaevangelica.pt\\\/site\\\/\",\"logo\":{\"@type\":\"ImageObject\",\"inLanguage\":\"pt-PT\",\"@id\":\"https:\\\/\\\/aliancaevangelica.pt\\\/site\\\/#\\\/schema\\\/logo\\\/image\\\/\",\"url\":\"https:\\\/\\\/aliancaevangelica.pt\\\/site\\\/wp-content\\\/uploads\\\/2017\\\/11\\\/logo-AEP-cor.png\",\"contentUrl\":\"https:\\\/\\\/aliancaevangelica.pt\\\/site\\\/wp-content\\\/uploads\\\/2017\\\/11\\\/logo-AEP-cor.png\",\"width\":1156,\"height\":672,\"caption\":\"Alian\u00e7a Evang\u00e9lica Portuguesa\"},\"image\":{\"@id\":\"https:\\\/\\\/aliancaevangelica.pt\\\/site\\\/#\\\/schema\\\/logo\\\/image\\\/\"},\"sameAs\":[\"http:\\\/\\\/facebook.com\\\/aeportuguesa\",\"http:\\\/\\\/instagram.com\\\/aliancaep\",\"http:\\\/\\\/youtube.com\\\/aeportuguesa\"]},{\"@type\":\"Person\",\"@id\":\"https:\\\/\\\/aliancaevangelica.pt\\\/site\\\/#\\\/schema\\\/person\\\/3b47cfc7535eff1e820f31c2d67eafcf\",\"name\":\"AEP\",\"sameAs\":[\"aeportugal\"],\"url\":\"https:\\\/\\\/aliancaevangelica.pt\\\/site\\\/author\\\/aeportugal\\\/\"}]}<\/script>\n<!-- \/ Yoast SEO plugin. -->","yoast_head_json":{"title":"Coopera\u00e7\u00e3o entre o Estado central e Autarquias com Igrejas - AEP","robots":{"index":"index","follow":"follow","max-snippet":"max-snippet:-1","max-image-preview":"max-image-preview:large","max-video-preview":"max-video-preview:-1"},"canonical":"https:\/\/aliancaevangelica.pt\/site\/cooperacao-entre-o-estado-central-e-autarquias-com-igrejas\/","og_locale":"pt_PT","og_type":"article","og_title":"Coopera\u00e7\u00e3o entre o Estado central e Autarquias com Igrejas - AEP","og_description":"A Alian\u00e7a Evang\u00e9lica Portuguesa (AEP) vem lamentar o tratamento jornal\u00edstico efetuado em certos \u00f3rg\u00e3os de comunica\u00e7\u00e3o social que vieram dar destaque a um protocolo entre a C\u00e2mara Municipal de Loures e a Igreja Hillsong Portugal, organiza\u00e7\u00e3o legalmente aut\u00f3noma, com sede naquele concelho e que \u00e9 membro da AEP. Sobre este assunto, partilhamos todos os esclarecimentos","og_url":"https:\/\/aliancaevangelica.pt\/site\/cooperacao-entre-o-estado-central-e-autarquias-com-igrejas\/","og_site_name":"AEP","article_publisher":"http:\/\/facebook.com\/aeportuguesa","article_author":"aeportugal","article_published_time":"2025-08-07T17:17:46+00:00","article_modified_time":"2026-04-30T18:34:13+00:00","og_image":[{"width":1280,"height":800,"url":"https:\/\/aliancaevangelica.pt\/site\/wp-content\/uploads\/2018\/07\/img-padrao-artigo.jpg","type":"image\/jpeg"}],"author":"AEP","twitter_card":"summary_large_image","twitter_misc":{"Escrito por":"AEP","Tempo estimado de leitura":"2 minutos"},"schema":{"@context":"https:\/\/schema.org","@graph":[{"@type":"Article","@id":"https:\/\/aliancaevangelica.pt\/site\/cooperacao-entre-o-estado-central-e-autarquias-com-igrejas\/#article","isPartOf":{"@id":"https:\/\/aliancaevangelica.pt\/site\/cooperacao-entre-o-estado-central-e-autarquias-com-igrejas\/"},"author":{"name":"AEP","@id":"https:\/\/aliancaevangelica.pt\/site\/#\/schema\/person\/3b47cfc7535eff1e820f31c2d67eafcf"},"headline":"Coopera\u00e7\u00e3o entre o Estado central e Autarquias com Igrejas","datePublished":"2025-08-07T17:17:46+00:00","dateModified":"2026-04-30T18:34:13+00:00","mainEntityOfPage":{"@id":"https:\/\/aliancaevangelica.pt\/site\/cooperacao-entre-o-estado-central-e-autarquias-com-igrejas\/"},"wordCount":409,"publisher":{"@id":"https:\/\/aliancaevangelica.pt\/site\/#organization"},"image":{"@id":"https:\/\/aliancaevangelica.pt\/site\/cooperacao-entre-o-estado-central-e-autarquias-com-igrejas\/#primaryimage"},"thumbnailUrl":"https:\/\/aliancaevangelica.pt\/site\/wp-content\/uploads\/2018\/07\/img-padrao-artigo.jpg","keywords":["Tomadas de Posi\u00e7\u00e3o"],"articleSection":["COMUNICA\u00c7\u00c3O"],"inLanguage":"pt-PT"},{"@type":"WebPage","@id":"https:\/\/aliancaevangelica.pt\/site\/cooperacao-entre-o-estado-central-e-autarquias-com-igrejas\/","url":"https:\/\/aliancaevangelica.pt\/site\/cooperacao-entre-o-estado-central-e-autarquias-com-igrejas\/","name":"Coopera\u00e7\u00e3o entre o Estado central e Autarquias com Igrejas - AEP","isPartOf":{"@id":"https:\/\/aliancaevangelica.pt\/site\/#website"},"primaryImageOfPage":{"@id":"https:\/\/aliancaevangelica.pt\/site\/cooperacao-entre-o-estado-central-e-autarquias-com-igrejas\/#primaryimage"},"image":{"@id":"https:\/\/aliancaevangelica.pt\/site\/cooperacao-entre-o-estado-central-e-autarquias-com-igrejas\/#primaryimage"},"thumbnailUrl":"https:\/\/aliancaevangelica.pt\/site\/wp-content\/uploads\/2018\/07\/img-padrao-artigo.jpg","datePublished":"2025-08-07T17:17:46+00:00","dateModified":"2026-04-30T18:34:13+00:00","breadcrumb":{"@id":"https:\/\/aliancaevangelica.pt\/site\/cooperacao-entre-o-estado-central-e-autarquias-com-igrejas\/#breadcrumb"},"inLanguage":"pt-PT","potentialAction":[{"@type":"ReadAction","target":["https:\/\/aliancaevangelica.pt\/site\/cooperacao-entre-o-estado-central-e-autarquias-com-igrejas\/"]}]},{"@type":"ImageObject","inLanguage":"pt-PT","@id":"https:\/\/aliancaevangelica.pt\/site\/cooperacao-entre-o-estado-central-e-autarquias-com-igrejas\/#primaryimage","url":"https:\/\/aliancaevangelica.pt\/site\/wp-content\/uploads\/2018\/07\/img-padrao-artigo.jpg","contentUrl":"https:\/\/aliancaevangelica.pt\/site\/wp-content\/uploads\/2018\/07\/img-padrao-artigo.jpg","width":1280,"height":800},{"@type":"BreadcrumbList","@id":"https:\/\/aliancaevangelica.pt\/site\/cooperacao-entre-o-estado-central-e-autarquias-com-igrejas\/#breadcrumb","itemListElement":[{"@type":"ListItem","position":1,"name":"In\u00edcio","item":"https:\/\/aliancaevangelica.pt\/site\/"},{"@type":"ListItem","position":2,"name":"Coopera\u00e7\u00e3o entre o Estado central e Autarquias com Igrejas"}]},{"@type":"WebSite","@id":"https:\/\/aliancaevangelica.pt\/site\/#website","url":"https:\/\/aliancaevangelica.pt\/site\/","name":"Alian\u00e7a Evang\u00e9lica Portuguesa","description":"Alian\u00e7a Evang\u00e9lica Portuguesa","publisher":{"@id":"https:\/\/aliancaevangelica.pt\/site\/#organization"},"potentialAction":[{"@type":"SearchAction","target":{"@type":"EntryPoint","urlTemplate":"https:\/\/aliancaevangelica.pt\/site\/?s={search_term_string}"},"query-input":{"@type":"PropertyValueSpecification","valueRequired":true,"valueName":"search_term_string"}}],"inLanguage":"pt-PT"},{"@type":"Organization","@id":"https:\/\/aliancaevangelica.pt\/site\/#organization","name":"Alian\u00e7a Evang\u00e9lica Portuguesa","url":"https:\/\/aliancaevangelica.pt\/site\/","logo":{"@type":"ImageObject","inLanguage":"pt-PT","@id":"https:\/\/aliancaevangelica.pt\/site\/#\/schema\/logo\/image\/","url":"https:\/\/aliancaevangelica.pt\/site\/wp-content\/uploads\/2017\/11\/logo-AEP-cor.png","contentUrl":"https:\/\/aliancaevangelica.pt\/site\/wp-content\/uploads\/2017\/11\/logo-AEP-cor.png","width":1156,"height":672,"caption":"Alian\u00e7a Evang\u00e9lica Portuguesa"},"image":{"@id":"https:\/\/aliancaevangelica.pt\/site\/#\/schema\/logo\/image\/"},"sameAs":["http:\/\/facebook.com\/aeportuguesa","http:\/\/instagram.com\/aliancaep","http:\/\/youtube.com\/aeportuguesa"]},{"@type":"Person","@id":"https:\/\/aliancaevangelica.pt\/site\/#\/schema\/person\/3b47cfc7535eff1e820f31c2d67eafcf","name":"AEP","sameAs":["aeportugal"],"url":"https:\/\/aliancaevangelica.pt\/site\/author\/aeportugal\/"}]}},"uagb_featured_image_src":{"full":["https:\/\/aliancaevangelica.pt\/site\/wp-content\/uploads\/2018\/07\/img-padrao-artigo.jpg",1280,800,false],"thumbnail":["https:\/\/aliancaevangelica.pt\/site\/wp-content\/uploads\/2018\/07\/img-padrao-artigo-150x150.jpg",150,150,true],"medium":["https:\/\/aliancaevangelica.pt\/site\/wp-content\/uploads\/2018\/07\/img-padrao-artigo-300x188.jpg",300,188,true],"medium_large":["https:\/\/aliancaevangelica.pt\/site\/wp-content\/uploads\/2018\/07\/img-padrao-artigo-768x480.jpg",768,480,true],"large":["https:\/\/aliancaevangelica.pt\/site\/wp-content\/uploads\/2018\/07\/img-padrao-artigo-1024x640.jpg",960,600,true],"1536x1536":["https:\/\/aliancaevangelica.pt\/site\/wp-content\/uploads\/2018\/07\/img-padrao-artigo.jpg",1280,800,false],"2048x2048":["https:\/\/aliancaevangelica.pt\/site\/wp-content\/uploads\/2018\/07\/img-padrao-artigo.jpg",1280,800,false],"vp_sm":["https:\/\/aliancaevangelica.pt\/site\/wp-content\/uploads\/2018\/07\/img-padrao-artigo.jpg",500,313,false],"vp_md":["https:\/\/aliancaevangelica.pt\/site\/wp-content\/uploads\/2018\/07\/img-padrao-artigo.jpg",800,500,false],"vp_lg":["https:\/\/aliancaevangelica.pt\/site\/wp-content\/uploads\/2018\/07\/img-padrao-artigo.jpg",1280,800,false],"vp_xl":["https:\/\/aliancaevangelica.pt\/site\/wp-content\/uploads\/2018\/07\/img-padrao-artigo.jpg",1280,800,false],"vp_sm_popup":["https:\/\/aliancaevangelica.pt\/site\/wp-content\/uploads\/2018\/07\/img-padrao-artigo.jpg",500,313,false],"vp_md_popup":["https:\/\/aliancaevangelica.pt\/site\/wp-content\/uploads\/2018\/07\/img-padrao-artigo.jpg",800,500,false],"vp_xl_popup":["https:\/\/aliancaevangelica.pt\/site\/wp-content\/uploads\/2018\/07\/img-padrao-artigo.jpg",1280,800,false],"newsx-150x100":["https:\/\/aliancaevangelica.pt\/site\/wp-content\/uploads\/2018\/07\/img-padrao-artigo.jpg",150,94,false],"newsx-330x220":["https:\/\/aliancaevangelica.pt\/site\/wp-content\/uploads\/2018\/07\/img-padrao-artigo.jpg",330,206,false],"newsx-420x280":["https:\/\/aliancaevangelica.pt\/site\/wp-content\/uploads\/2018\/07\/img-padrao-artigo.jpg",420,263,false],"newsx-510x340":["https:\/\/aliancaevangelica.pt\/site\/wp-content\/uploads\/2018\/07\/img-padrao-artigo.jpg",510,319,false],"newsx-640x480":["https:\/\/aliancaevangelica.pt\/site\/wp-content\/uploads\/2018\/07\/img-padrao-artigo.jpg",640,400,false],"newsx-670x370":["https:\/\/aliancaevangelica.pt\/site\/wp-content\/uploads\/2018\/07\/img-padrao-artigo.jpg",592,370,false],"newsx-860x570":["https:\/\/aliancaevangelica.pt\/site\/wp-content\/uploads\/2018\/07\/img-padrao-artigo.jpg",860,538,false],"newsx-1000x750":["https:\/\/aliancaevangelica.pt\/site\/wp-content\/uploads\/2018\/07\/img-padrao-artigo.jpg",1000,625,false],"newsx-1200x600":["https:\/\/aliancaevangelica.pt\/site\/wp-content\/uploads\/2018\/07\/img-padrao-artigo.jpg",960,600,false]},"uagb_author_info":{"display_name":"AEP","author_link":"https:\/\/aliancaevangelica.pt\/site\/author\/aeportugal\/"},"uagb_comment_info":0,"uagb_excerpt":"A Alian\u00e7a Evang\u00e9lica Portuguesa (AEP) vem lamentar o tratamento jornal\u00edstico efetuado em certos \u00f3rg\u00e3os de comunica\u00e7\u00e3o social que vieram dar destaque a um protocolo entre a C\u00e2mara Municipal de Loures e a Igreja Hillsong Portugal, organiza\u00e7\u00e3o legalmente aut\u00f3noma, com sede naquele concelho e que \u00e9 membro da AEP. Sobre este assunto, partilhamos todos os esclarecimentos","_links":{"self":[{"href":"https:\/\/aliancaevangelica.pt\/site\/wp-json\/wp\/v2\/posts\/21184","targetHints":{"allow":["GET"]}}],"collection":[{"href":"https:\/\/aliancaevangelica.pt\/site\/wp-json\/wp\/v2\/posts"}],"about":[{"href":"https:\/\/aliancaevangelica.pt\/site\/wp-json\/wp\/v2\/types\/post"}],"author":[{"embeddable":true,"href":"https:\/\/aliancaevangelica.pt\/site\/wp-json\/wp\/v2\/users\/2"}],"replies":[{"embeddable":true,"href":"https:\/\/aliancaevangelica.pt\/site\/wp-json\/wp\/v2\/comments?post=21184"}],"version-history":[{"count":1,"href":"https:\/\/aliancaevangelica.pt\/site\/wp-json\/wp\/v2\/posts\/21184\/revisions"}],"predecessor-version":[{"id":21186,"href":"https:\/\/aliancaevangelica.pt\/site\/wp-json\/wp\/v2\/posts\/21184\/revisions\/21186"}],"wp:featuredmedia":[{"embeddable":true,"href":"https:\/\/aliancaevangelica.pt\/site\/wp-json\/wp\/v2\/media\/16260"}],"wp:attachment":[{"href":"https:\/\/aliancaevangelica.pt\/site\/wp-json\/wp\/v2\/media?parent=21184"}],"wp:term":[{"taxonomy":"category","embeddable":true,"href":"https:\/\/aliancaevangelica.pt\/site\/wp-json\/wp\/v2\/categories?post=21184"},{"taxonomy":"post_tag","embeddable":true,"href":"https:\/\/aliancaevangelica.pt\/site\/wp-json\/wp\/v2\/tags?post=21184"}],"curies":[{"name":"wp","href":"https:\/\/api.w.org\/{rel}","templated":true}]}}