{"id":21088,"date":"2025-03-23T11:42:38","date_gmt":"2025-03-23T11:42:38","guid":{"rendered":"https:\/\/aliancaevangelica.pt\/site\/?p=21088"},"modified":"2026-04-07T17:57:23","modified_gmt":"2026-04-07T17:57:23","slug":"esclarecimento-noticia-emigracao-ilegal-e-arrendamento-sem-condicoes-de-habitabilidade","status":"publish","type":"post","link":"https:\/\/aliancaevangelica.pt\/site\/esclarecimento-noticia-emigracao-ilegal-e-arrendamento-sem-condicoes-de-habitabilidade\/","title":{"rendered":"Esclarecimento &#8211; Not\u00edcia imigra\u00e7\u00e3o ilegal e arrendamento sem condi\u00e7\u00f5es de habitabilidade"},"content":{"rendered":"\n<p>Na sequ\u00eancia de not\u00edcias divulgadas nos \u00faltimos dias em v\u00e1rios meios de comunica\u00e7\u00e3o social, indicando como suspeitos da pr\u00e1tica de crimes de aux\u00edlio \u00e0&nbsp;imigra\u00e7\u00e3o ilegal e arrendamento sem condi\u00e7\u00f5es de habitabilidade por um casal dirigente de uma alegada Igreja Evang\u00e9lica presente no Seixal, a Alian\u00e7a Evang\u00e9lica Portuguesa vem apresentar o seu rep\u00fadio pelas praticas reportadas e informar que a dita institui\u00e7\u00e3o n\u00e3o pertence \u00e0 Alian\u00e7a Evang\u00e9lica Portuguesa, nem t\u00e3o pouco,&nbsp;&nbsp;as praticas reportadas permitiriam a respetiva inscri\u00e7\u00e3o.<\/p>\n\n\n\n<p>Consideram-se desadequadas as not\u00edcias de manchete evocando a express\u00e3o Evang\u00e9licos, Igreja Evang\u00e9lica ou Pastores Evang\u00e9licos, pois s\u00e3o gen\u00e9ricas e, por isso, afetam a honra, a dignidade e a credibilidade de todas as igrejas evang\u00e9licas, de todos os pastores evang\u00e9licos e de todos os evang\u00e9licos, que n\u00e3o se reveem nas pr\u00e1ticas noticiadas.&nbsp;&nbsp;<\/p>\n\n\n\n<p>Chamamos ainda \u00e0 aten\u00e7\u00e3o que a posi\u00e7\u00e3o da Alian\u00e7a Evang\u00e9lica Portuguesa \u00e9 que o p\u00falpito, ou a comunica\u00e7\u00e3o oficial de qualquer igreja evang\u00e9lica, n\u00e3o sejam usados para divulga\u00e7\u00e3o ou instrumentaliza\u00e7\u00e3o de qualquer campanha partid\u00e1ria, nem aceitamos que o nome Evang\u00e9lico seja associado a qualquer partido. A&nbsp;interven\u00e7\u00e3o pol\u00edtica dever\u00e1 ser sempre individual do crente cidad\u00e3o e n\u00e3o da igreja como comunidade, evitando que se confundam as eventuais fun\u00e7\u00f5es exercidas na igreja com a candidatura ou no exerc\u00edcio das fun\u00e7\u00f5es publicas.<\/p>\n\n\n\n<p>Alerta-se ainda os cidad\u00e3os em geral para se certificarem de que a entidade religiosa est\u00e1 inscrita na Alian\u00e7a Evang\u00e9lica Portuguesa como forma de distinguir as igrejas evang\u00e9licas reconhecidas por esse organismo em Portugal, das n\u00e3o reconhecidas. Para o efeito poder\u00e3o consultar o site&nbsp;<a href=\"https:\/\/aliancaevangelica.pt\/site\/igrejas\/\">https:\/\/aliancaevangelica.pt\/site\/igrejas\/<\/a>&nbsp;.<\/p>\n","protected":false},"excerpt":{"rendered":"<p>Na sequ\u00eancia de not\u00edcias divulgadas nos \u00faltimos dias em v\u00e1rios meios de comunica\u00e7\u00e3o social, indicando como suspeitos da pr\u00e1tica de crimes de aux\u00edlio \u00e0&nbsp;imigra\u00e7\u00e3o ilegal e arrendamento sem condi\u00e7\u00f5es de habitabilidade por um casal dirigente de uma alegada Igreja Evang\u00e9lica presente no Seixal, a Alian\u00e7a Evang\u00e9lica Portuguesa vem apresentar o seu rep\u00fadio pelas praticas reportadas<\/p>\n","protected":false},"author":2,"featured_media":18339,"comment_status":"closed","ping_status":"open","sticky":false,"template":"","format":"standard","meta":{"_uag_custom_page_level_css":"","_themeisle_gutenberg_block_has_review":false,"_vp_format_video_url":"","_vp_image_focal_point":[],"footnotes":""},"categories":[52],"tags":[],"class_list":["post-21088","post","type-post","status-publish","format-standard","has-post-thumbnail","hentry","category-tomadas-de-posicao"],"yoast_head":"<!-- This site is optimized with the Yoast SEO plugin v27.5 - https:\/\/yoast.com\/product\/yoast-seo-wordpress\/ -->\n<title>Esclarecimento - Not\u00edcia imigra\u00e7\u00e3o ilegal e arrendamento sem condi\u00e7\u00f5es de habitabilidade - AEP<\/title>\n<meta name=\"robots\" content=\"index, follow, max-snippet:-1, max-image-preview:large, max-video-preview:-1\" \/>\n<link rel=\"canonical\" href=\"https:\/\/aliancaevangelica.pt\/site\/esclarecimento-noticia-emigracao-ilegal-e-arrendamento-sem-condicoes-de-habitabilidade\/\" \/>\n<meta property=\"og:locale\" content=\"pt_PT\" \/>\n<meta property=\"og:type\" content=\"article\" \/>\n<meta property=\"og:title\" content=\"Esclarecimento - Not\u00edcia imigra\u00e7\u00e3o ilegal e arrendamento sem condi\u00e7\u00f5es de habitabilidade - AEP\" \/>\n<meta property=\"og:description\" content=\"Na sequ\u00eancia de not\u00edcias divulgadas nos \u00faltimos dias em v\u00e1rios meios de comunica\u00e7\u00e3o social, indicando como suspeitos da pr\u00e1tica de crimes de aux\u00edlio \u00e0&nbsp;imigra\u00e7\u00e3o ilegal e arrendamento sem condi\u00e7\u00f5es de habitabilidade por um casal dirigente de uma alegada Igreja Evang\u00e9lica presente no Seixal, a Alian\u00e7a Evang\u00e9lica Portuguesa vem apresentar o seu rep\u00fadio pelas praticas reportadas\" \/>\n<meta property=\"og:url\" content=\"https:\/\/aliancaevangelica.pt\/site\/esclarecimento-noticia-emigracao-ilegal-e-arrendamento-sem-condicoes-de-habitabilidade\/\" \/>\n<meta property=\"og:site_name\" content=\"AEP\" \/>\n<meta property=\"article:publisher\" content=\"http:\/\/facebook.com\/aeportuguesa\" \/>\n<meta property=\"article:author\" content=\"aeportugal\" \/>\n<meta property=\"article:published_time\" content=\"2025-03-23T11:42:38+00:00\" \/>\n<meta property=\"article:modified_time\" content=\"2026-04-07T17:57:23+00:00\" \/>\n<meta property=\"og:image\" content=\"https:\/\/aliancaevangelica.pt\/site\/wp-content\/uploads\/2020\/07\/logo-AEP.png\" \/>\n\t<meta property=\"og:image:width\" content=\"1156\" \/>\n\t<meta property=\"og:image:height\" content=\"672\" \/>\n\t<meta property=\"og:image:type\" content=\"image\/png\" \/>\n<meta name=\"author\" content=\"AEP\" \/>\n<meta name=\"twitter:card\" content=\"summary_large_image\" \/>\n<meta name=\"twitter:label1\" content=\"Escrito por\" \/>\n\t<meta name=\"twitter:data1\" content=\"AEP\" \/>\n\t<meta name=\"twitter:label2\" content=\"Tempo estimado de leitura\" \/>\n\t<meta name=\"twitter:data2\" content=\"2 minutos\" \/>\n<script type=\"application\/ld+json\" class=\"yoast-schema-graph\">{\"@context\":\"https:\\\/\\\/schema.org\",\"@graph\":[{\"@type\":\"Article\",\"@id\":\"https:\\\/\\\/aliancaevangelica.pt\\\/site\\\/esclarecimento-noticia-emigracao-ilegal-e-arrendamento-sem-condicoes-de-habitabilidade\\\/#article\",\"isPartOf\":{\"@id\":\"https:\\\/\\\/aliancaevangelica.pt\\\/site\\\/esclarecimento-noticia-emigracao-ilegal-e-arrendamento-sem-condicoes-de-habitabilidade\\\/\"},\"author\":{\"name\":\"AEP\",\"@id\":\"https:\\\/\\\/aliancaevangelica.pt\\\/site\\\/#\\\/schema\\\/person\\\/3b47cfc7535eff1e820f31c2d67eafcf\"},\"headline\":\"Esclarecimento &#8211; Not\u00edcia imigra\u00e7\u00e3o ilegal e arrendamento sem condi\u00e7\u00f5es de habitabilidade\",\"datePublished\":\"2025-03-23T11:42:38+00:00\",\"dateModified\":\"2026-04-07T17:57:23+00:00\",\"mainEntityOfPage\":{\"@id\":\"https:\\\/\\\/aliancaevangelica.pt\\\/site\\\/esclarecimento-noticia-emigracao-ilegal-e-arrendamento-sem-condicoes-de-habitabilidade\\\/\"},\"wordCount\":330,\"publisher\":{\"@id\":\"https:\\\/\\\/aliancaevangelica.pt\\\/site\\\/#organization\"},\"image\":{\"@id\":\"https:\\\/\\\/aliancaevangelica.pt\\\/site\\\/esclarecimento-noticia-emigracao-ilegal-e-arrendamento-sem-condicoes-de-habitabilidade\\\/#primaryimage\"},\"thumbnailUrl\":\"https:\\\/\\\/aliancaevangelica.pt\\\/site\\\/wp-content\\\/uploads\\\/2020\\\/07\\\/logo-AEP.png\",\"articleSection\":[\"Tomadas de Posi\u00e7\u00e3o\"],\"inLanguage\":\"pt-PT\"},{\"@type\":\"WebPage\",\"@id\":\"https:\\\/\\\/aliancaevangelica.pt\\\/site\\\/esclarecimento-noticia-emigracao-ilegal-e-arrendamento-sem-condicoes-de-habitabilidade\\\/\",\"url\":\"https:\\\/\\\/aliancaevangelica.pt\\\/site\\\/esclarecimento-noticia-emigracao-ilegal-e-arrendamento-sem-condicoes-de-habitabilidade\\\/\",\"name\":\"Esclarecimento - Not\u00edcia imigra\u00e7\u00e3o ilegal e arrendamento sem condi\u00e7\u00f5es de habitabilidade - AEP\",\"isPartOf\":{\"@id\":\"https:\\\/\\\/aliancaevangelica.pt\\\/site\\\/#website\"},\"primaryImageOfPage\":{\"@id\":\"https:\\\/\\\/aliancaevangelica.pt\\\/site\\\/esclarecimento-noticia-emigracao-ilegal-e-arrendamento-sem-condicoes-de-habitabilidade\\\/#primaryimage\"},\"image\":{\"@id\":\"https:\\\/\\\/aliancaevangelica.pt\\\/site\\\/esclarecimento-noticia-emigracao-ilegal-e-arrendamento-sem-condicoes-de-habitabilidade\\\/#primaryimage\"},\"thumbnailUrl\":\"https:\\\/\\\/aliancaevangelica.pt\\\/site\\\/wp-content\\\/uploads\\\/2020\\\/07\\\/logo-AEP.png\",\"datePublished\":\"2025-03-23T11:42:38+00:00\",\"dateModified\":\"2026-04-07T17:57:23+00:00\",\"breadcrumb\":{\"@id\":\"https:\\\/\\\/aliancaevangelica.pt\\\/site\\\/esclarecimento-noticia-emigracao-ilegal-e-arrendamento-sem-condicoes-de-habitabilidade\\\/#breadcrumb\"},\"inLanguage\":\"pt-PT\",\"potentialAction\":[{\"@type\":\"ReadAction\",\"target\":[\"https:\\\/\\\/aliancaevangelica.pt\\\/site\\\/esclarecimento-noticia-emigracao-ilegal-e-arrendamento-sem-condicoes-de-habitabilidade\\\/\"]}]},{\"@type\":\"ImageObject\",\"inLanguage\":\"pt-PT\",\"@id\":\"https:\\\/\\\/aliancaevangelica.pt\\\/site\\\/esclarecimento-noticia-emigracao-ilegal-e-arrendamento-sem-condicoes-de-habitabilidade\\\/#primaryimage\",\"url\":\"https:\\\/\\\/aliancaevangelica.pt\\\/site\\\/wp-content\\\/uploads\\\/2020\\\/07\\\/logo-AEP.png\",\"contentUrl\":\"https:\\\/\\\/aliancaevangelica.pt\\\/site\\\/wp-content\\\/uploads\\\/2020\\\/07\\\/logo-AEP.png\",\"width\":1156,\"height\":672},{\"@type\":\"BreadcrumbList\",\"@id\":\"https:\\\/\\\/aliancaevangelica.pt\\\/site\\\/esclarecimento-noticia-emigracao-ilegal-e-arrendamento-sem-condicoes-de-habitabilidade\\\/#breadcrumb\",\"itemListElement\":[{\"@type\":\"ListItem\",\"position\":1,\"name\":\"In\u00edcio\",\"item\":\"https:\\\/\\\/aliancaevangelica.pt\\\/site\\\/\"},{\"@type\":\"ListItem\",\"position\":2,\"name\":\"Esclarecimento &#8211; Not\u00edcia imigra\u00e7\u00e3o ilegal e arrendamento sem condi\u00e7\u00f5es de habitabilidade\"}]},{\"@type\":\"WebSite\",\"@id\":\"https:\\\/\\\/aliancaevangelica.pt\\\/site\\\/#website\",\"url\":\"https:\\\/\\\/aliancaevangelica.pt\\\/site\\\/\",\"name\":\"Alian\u00e7a Evang\u00e9lica Portuguesa\",\"description\":\"Alian\u00e7a Evang\u00e9lica Portuguesa\",\"publisher\":{\"@id\":\"https:\\\/\\\/aliancaevangelica.pt\\\/site\\\/#organization\"},\"potentialAction\":[{\"@type\":\"SearchAction\",\"target\":{\"@type\":\"EntryPoint\",\"urlTemplate\":\"https:\\\/\\\/aliancaevangelica.pt\\\/site\\\/?s={search_term_string}\"},\"query-input\":{\"@type\":\"PropertyValueSpecification\",\"valueRequired\":true,\"valueName\":\"search_term_string\"}}],\"inLanguage\":\"pt-PT\"},{\"@type\":\"Organization\",\"@id\":\"https:\\\/\\\/aliancaevangelica.pt\\\/site\\\/#organization\",\"name\":\"Alian\u00e7a Evang\u00e9lica Portuguesa\",\"url\":\"https:\\\/\\\/aliancaevangelica.pt\\\/site\\\/\",\"logo\":{\"@type\":\"ImageObject\",\"inLanguage\":\"pt-PT\",\"@id\":\"https:\\\/\\\/aliancaevangelica.pt\\\/site\\\/#\\\/schema\\\/logo\\\/image\\\/\",\"url\":\"https:\\\/\\\/aliancaevangelica.pt\\\/site\\\/wp-content\\\/uploads\\\/2017\\\/11\\\/logo-AEP-cor.png\",\"contentUrl\":\"https:\\\/\\\/aliancaevangelica.pt\\\/site\\\/wp-content\\\/uploads\\\/2017\\\/11\\\/logo-AEP-cor.png\",\"width\":1156,\"height\":672,\"caption\":\"Alian\u00e7a Evang\u00e9lica Portuguesa\"},\"image\":{\"@id\":\"https:\\\/\\\/aliancaevangelica.pt\\\/site\\\/#\\\/schema\\\/logo\\\/image\\\/\"},\"sameAs\":[\"http:\\\/\\\/facebook.com\\\/aeportuguesa\",\"http:\\\/\\\/instagram.com\\\/aliancaep\",\"http:\\\/\\\/youtube.com\\\/aeportuguesa\"]},{\"@type\":\"Person\",\"@id\":\"https:\\\/\\\/aliancaevangelica.pt\\\/site\\\/#\\\/schema\\\/person\\\/3b47cfc7535eff1e820f31c2d67eafcf\",\"name\":\"AEP\",\"sameAs\":[\"aeportugal\"],\"url\":\"https:\\\/\\\/aliancaevangelica.pt\\\/site\\\/author\\\/aeportugal\\\/\"}]}<\/script>\n<!-- \/ Yoast SEO plugin. -->","yoast_head_json":{"title":"Esclarecimento - Not\u00edcia imigra\u00e7\u00e3o ilegal e arrendamento sem condi\u00e7\u00f5es de habitabilidade - AEP","robots":{"index":"index","follow":"follow","max-snippet":"max-snippet:-1","max-image-preview":"max-image-preview:large","max-video-preview":"max-video-preview:-1"},"canonical":"https:\/\/aliancaevangelica.pt\/site\/esclarecimento-noticia-emigracao-ilegal-e-arrendamento-sem-condicoes-de-habitabilidade\/","og_locale":"pt_PT","og_type":"article","og_title":"Esclarecimento - Not\u00edcia imigra\u00e7\u00e3o ilegal e arrendamento sem condi\u00e7\u00f5es de habitabilidade - AEP","og_description":"Na sequ\u00eancia de not\u00edcias divulgadas nos \u00faltimos dias em v\u00e1rios meios de comunica\u00e7\u00e3o social, indicando como suspeitos da pr\u00e1tica de crimes de aux\u00edlio \u00e0&nbsp;imigra\u00e7\u00e3o ilegal e arrendamento sem condi\u00e7\u00f5es de habitabilidade por um casal dirigente de uma alegada Igreja Evang\u00e9lica presente no Seixal, a Alian\u00e7a Evang\u00e9lica Portuguesa vem apresentar o seu rep\u00fadio pelas praticas reportadas","og_url":"https:\/\/aliancaevangelica.pt\/site\/esclarecimento-noticia-emigracao-ilegal-e-arrendamento-sem-condicoes-de-habitabilidade\/","og_site_name":"AEP","article_publisher":"http:\/\/facebook.com\/aeportuguesa","article_author":"aeportugal","article_published_time":"2025-03-23T11:42:38+00:00","article_modified_time":"2026-04-07T17:57:23+00:00","og_image":[{"width":1156,"height":672,"url":"https:\/\/aliancaevangelica.pt\/site\/wp-content\/uploads\/2020\/07\/logo-AEP.png","type":"image\/png"}],"author":"AEP","twitter_card":"summary_large_image","twitter_misc":{"Escrito por":"AEP","Tempo estimado de leitura":"2 minutos"},"schema":{"@context":"https:\/\/schema.org","@graph":[{"@type":"Article","@id":"https:\/\/aliancaevangelica.pt\/site\/esclarecimento-noticia-emigracao-ilegal-e-arrendamento-sem-condicoes-de-habitabilidade\/#article","isPartOf":{"@id":"https:\/\/aliancaevangelica.pt\/site\/esclarecimento-noticia-emigracao-ilegal-e-arrendamento-sem-condicoes-de-habitabilidade\/"},"author":{"name":"AEP","@id":"https:\/\/aliancaevangelica.pt\/site\/#\/schema\/person\/3b47cfc7535eff1e820f31c2d67eafcf"},"headline":"Esclarecimento &#8211; Not\u00edcia imigra\u00e7\u00e3o ilegal e arrendamento sem condi\u00e7\u00f5es de habitabilidade","datePublished":"2025-03-23T11:42:38+00:00","dateModified":"2026-04-07T17:57:23+00:00","mainEntityOfPage":{"@id":"https:\/\/aliancaevangelica.pt\/site\/esclarecimento-noticia-emigracao-ilegal-e-arrendamento-sem-condicoes-de-habitabilidade\/"},"wordCount":330,"publisher":{"@id":"https:\/\/aliancaevangelica.pt\/site\/#organization"},"image":{"@id":"https:\/\/aliancaevangelica.pt\/site\/esclarecimento-noticia-emigracao-ilegal-e-arrendamento-sem-condicoes-de-habitabilidade\/#primaryimage"},"thumbnailUrl":"https:\/\/aliancaevangelica.pt\/site\/wp-content\/uploads\/2020\/07\/logo-AEP.png","articleSection":["Tomadas de Posi\u00e7\u00e3o"],"inLanguage":"pt-PT"},{"@type":"WebPage","@id":"https:\/\/aliancaevangelica.pt\/site\/esclarecimento-noticia-emigracao-ilegal-e-arrendamento-sem-condicoes-de-habitabilidade\/","url":"https:\/\/aliancaevangelica.pt\/site\/esclarecimento-noticia-emigracao-ilegal-e-arrendamento-sem-condicoes-de-habitabilidade\/","name":"Esclarecimento - Not\u00edcia imigra\u00e7\u00e3o ilegal e arrendamento sem condi\u00e7\u00f5es de habitabilidade - AEP","isPartOf":{"@id":"https:\/\/aliancaevangelica.pt\/site\/#website"},"primaryImageOfPage":{"@id":"https:\/\/aliancaevangelica.pt\/site\/esclarecimento-noticia-emigracao-ilegal-e-arrendamento-sem-condicoes-de-habitabilidade\/#primaryimage"},"image":{"@id":"https:\/\/aliancaevangelica.pt\/site\/esclarecimento-noticia-emigracao-ilegal-e-arrendamento-sem-condicoes-de-habitabilidade\/#primaryimage"},"thumbnailUrl":"https:\/\/aliancaevangelica.pt\/site\/wp-content\/uploads\/2020\/07\/logo-AEP.png","datePublished":"2025-03-23T11:42:38+00:00","dateModified":"2026-04-07T17:57:23+00:00","breadcrumb":{"@id":"https:\/\/aliancaevangelica.pt\/site\/esclarecimento-noticia-emigracao-ilegal-e-arrendamento-sem-condicoes-de-habitabilidade\/#breadcrumb"},"inLanguage":"pt-PT","potentialAction":[{"@type":"ReadAction","target":["https:\/\/aliancaevangelica.pt\/site\/esclarecimento-noticia-emigracao-ilegal-e-arrendamento-sem-condicoes-de-habitabilidade\/"]}]},{"@type":"ImageObject","inLanguage":"pt-PT","@id":"https:\/\/aliancaevangelica.pt\/site\/esclarecimento-noticia-emigracao-ilegal-e-arrendamento-sem-condicoes-de-habitabilidade\/#primaryimage","url":"https:\/\/aliancaevangelica.pt\/site\/wp-content\/uploads\/2020\/07\/logo-AEP.png","contentUrl":"https:\/\/aliancaevangelica.pt\/site\/wp-content\/uploads\/2020\/07\/logo-AEP.png","width":1156,"height":672},{"@type":"BreadcrumbList","@id":"https:\/\/aliancaevangelica.pt\/site\/esclarecimento-noticia-emigracao-ilegal-e-arrendamento-sem-condicoes-de-habitabilidade\/#breadcrumb","itemListElement":[{"@type":"ListItem","position":1,"name":"In\u00edcio","item":"https:\/\/aliancaevangelica.pt\/site\/"},{"@type":"ListItem","position":2,"name":"Esclarecimento &#8211; Not\u00edcia imigra\u00e7\u00e3o ilegal e arrendamento sem condi\u00e7\u00f5es de habitabilidade"}]},{"@type":"WebSite","@id":"https:\/\/aliancaevangelica.pt\/site\/#website","url":"https:\/\/aliancaevangelica.pt\/site\/","name":"Alian\u00e7a Evang\u00e9lica Portuguesa","description":"Alian\u00e7a Evang\u00e9lica Portuguesa","publisher":{"@id":"https:\/\/aliancaevangelica.pt\/site\/#organization"},"potentialAction":[{"@type":"SearchAction","target":{"@type":"EntryPoint","urlTemplate":"https:\/\/aliancaevangelica.pt\/site\/?s={search_term_string}"},"query-input":{"@type":"PropertyValueSpecification","valueRequired":true,"valueName":"search_term_string"}}],"inLanguage":"pt-PT"},{"@type":"Organization","@id":"https:\/\/aliancaevangelica.pt\/site\/#organization","name":"Alian\u00e7a Evang\u00e9lica Portuguesa","url":"https:\/\/aliancaevangelica.pt\/site\/","logo":{"@type":"ImageObject","inLanguage":"pt-PT","@id":"https:\/\/aliancaevangelica.pt\/site\/#\/schema\/logo\/image\/","url":"https:\/\/aliancaevangelica.pt\/site\/wp-content\/uploads\/2017\/11\/logo-AEP-cor.png","contentUrl":"https:\/\/aliancaevangelica.pt\/site\/wp-content\/uploads\/2017\/11\/logo-AEP-cor.png","width":1156,"height":672,"caption":"Alian\u00e7a Evang\u00e9lica Portuguesa"},"image":{"@id":"https:\/\/aliancaevangelica.pt\/site\/#\/schema\/logo\/image\/"},"sameAs":["http:\/\/facebook.com\/aeportuguesa","http:\/\/instagram.com\/aliancaep","http:\/\/youtube.com\/aeportuguesa"]},{"@type":"Person","@id":"https:\/\/aliancaevangelica.pt\/site\/#\/schema\/person\/3b47cfc7535eff1e820f31c2d67eafcf","name":"AEP","sameAs":["aeportugal"],"url":"https:\/\/aliancaevangelica.pt\/site\/author\/aeportugal\/"}]}},"uagb_featured_image_src":{"full":["https:\/\/aliancaevangelica.pt\/site\/wp-content\/uploads\/2020\/07\/logo-AEP.png",1156,672,false],"thumbnail":["https:\/\/aliancaevangelica.pt\/site\/wp-content\/uploads\/2020\/07\/logo-AEP-150x150.png",150,150,true],"medium":["https:\/\/aliancaevangelica.pt\/site\/wp-content\/uploads\/2020\/07\/logo-AEP-300x174.png",300,174,true],"medium_large":["https:\/\/aliancaevangelica.pt\/site\/wp-content\/uploads\/2020\/07\/logo-AEP-768x446.png",768,446,true],"large":["https:\/\/aliancaevangelica.pt\/site\/wp-content\/uploads\/2020\/07\/logo-AEP-1024x595.png",960,558,true],"1536x1536":["https:\/\/aliancaevangelica.pt\/site\/wp-content\/uploads\/2020\/07\/logo-AEP.png",1156,672,false],"2048x2048":["https:\/\/aliancaevangelica.pt\/site\/wp-content\/uploads\/2020\/07\/logo-AEP.png",1156,672,false],"vp_sm":["https:\/\/aliancaevangelica.pt\/site\/wp-content\/uploads\/2020\/07\/logo-AEP.png",500,291,false],"vp_md":["https:\/\/aliancaevangelica.pt\/site\/wp-content\/uploads\/2020\/07\/logo-AEP.png",800,465,false],"vp_lg":["https:\/\/aliancaevangelica.pt\/site\/wp-content\/uploads\/2020\/07\/logo-AEP.png",1156,672,false],"vp_xl":["https:\/\/aliancaevangelica.pt\/site\/wp-content\/uploads\/2020\/07\/logo-AEP.png",1156,672,false],"vp_sm_popup":["https:\/\/aliancaevangelica.pt\/site\/wp-content\/uploads\/2020\/07\/logo-AEP.png",500,291,false],"vp_md_popup":["https:\/\/aliancaevangelica.pt\/site\/wp-content\/uploads\/2020\/07\/logo-AEP.png",800,465,false],"vp_xl_popup":["https:\/\/aliancaevangelica.pt\/site\/wp-content\/uploads\/2020\/07\/logo-AEP.png",1156,672,false],"newsx-150x100":["https:\/\/aliancaevangelica.pt\/site\/wp-content\/uploads\/2020\/07\/logo-AEP.png",150,87,false],"newsx-330x220":["https:\/\/aliancaevangelica.pt\/site\/wp-content\/uploads\/2020\/07\/logo-AEP.png",330,192,false],"newsx-420x280":["https:\/\/aliancaevangelica.pt\/site\/wp-content\/uploads\/2020\/07\/logo-AEP.png",420,244,false],"newsx-510x340":["https:\/\/aliancaevangelica.pt\/site\/wp-content\/uploads\/2020\/07\/logo-AEP.png",510,296,false],"newsx-640x480":["https:\/\/aliancaevangelica.pt\/site\/wp-content\/uploads\/2020\/07\/logo-AEP.png",640,372,false],"newsx-670x370":["https:\/\/aliancaevangelica.pt\/site\/wp-content\/uploads\/2020\/07\/logo-AEP.png",636,370,false],"newsx-860x570":["https:\/\/aliancaevangelica.pt\/site\/wp-content\/uploads\/2020\/07\/logo-AEP.png",860,500,false],"newsx-1000x750":["https:\/\/aliancaevangelica.pt\/site\/wp-content\/uploads\/2020\/07\/logo-AEP.png",1000,581,false],"newsx-1200x600":["https:\/\/aliancaevangelica.pt\/site\/wp-content\/uploads\/2020\/07\/logo-AEP.png",1032,600,false]},"uagb_author_info":{"display_name":"AEP","author_link":"https:\/\/aliancaevangelica.pt\/site\/author\/aeportugal\/"},"uagb_comment_info":0,"uagb_excerpt":"Na sequ\u00eancia de not\u00edcias divulgadas nos \u00faltimos dias em v\u00e1rios meios de comunica\u00e7\u00e3o social, indicando como suspeitos da pr\u00e1tica de crimes de aux\u00edlio \u00e0&nbsp;imigra\u00e7\u00e3o ilegal e arrendamento sem condi\u00e7\u00f5es de habitabilidade por um casal dirigente de uma alegada Igreja Evang\u00e9lica presente no Seixal, a Alian\u00e7a Evang\u00e9lica Portuguesa vem apresentar o seu rep\u00fadio pelas praticas reportadas","_links":{"self":[{"href":"https:\/\/aliancaevangelica.pt\/site\/wp-json\/wp\/v2\/posts\/21088","targetHints":{"allow":["GET"]}}],"collection":[{"href":"https:\/\/aliancaevangelica.pt\/site\/wp-json\/wp\/v2\/posts"}],"about":[{"href":"https:\/\/aliancaevangelica.pt\/site\/wp-json\/wp\/v2\/types\/post"}],"author":[{"embeddable":true,"href":"https:\/\/aliancaevangelica.pt\/site\/wp-json\/wp\/v2\/users\/2"}],"replies":[{"embeddable":true,"href":"https:\/\/aliancaevangelica.pt\/site\/wp-json\/wp\/v2\/comments?post=21088"}],"version-history":[{"count":2,"href":"https:\/\/aliancaevangelica.pt\/site\/wp-json\/wp\/v2\/posts\/21088\/revisions"}],"predecessor-version":[{"id":21090,"href":"https:\/\/aliancaevangelica.pt\/site\/wp-json\/wp\/v2\/posts\/21088\/revisions\/21090"}],"wp:featuredmedia":[{"embeddable":true,"href":"https:\/\/aliancaevangelica.pt\/site\/wp-json\/wp\/v2\/media\/18339"}],"wp:attachment":[{"href":"https:\/\/aliancaevangelica.pt\/site\/wp-json\/wp\/v2\/media?parent=21088"}],"wp:term":[{"taxonomy":"category","embeddable":true,"href":"https:\/\/aliancaevangelica.pt\/site\/wp-json\/wp\/v2\/categories?post=21088"},{"taxonomy":"post_tag","embeddable":true,"href":"https:\/\/aliancaevangelica.pt\/site\/wp-json\/wp\/v2\/tags?post=21088"}],"curies":[{"name":"wp","href":"https:\/\/api.w.org\/{rel}","templated":true}]}}