{"id":20904,"date":"2024-10-22T21:54:54","date_gmt":"2024-10-22T21:54:54","guid":{"rendered":"https:\/\/aliancaevangelica.pt\/site\/?p=20904"},"modified":"2026-04-07T19:15:52","modified_gmt":"2026-04-07T19:15:52","slug":"dia-global-do-evangelismo-2024","status":"publish","type":"post","link":"https:\/\/aliancaevangelica.pt\/site\/dia-global-do-evangelismo-2024\/","title":{"rendered":"Dia Global do Evangelismo 2024"},"content":{"rendered":"\n<p>Dia Global de Evangelismo Mas o que \u00e9?<br>\u2022\u2060 \u2060\u00c9 um evento organizado pela Dare 2 Share junto com outras organiza\u00e7\u00f5es.<br>Ele oferece TREINAMENTOS *EM V\u00cdDEO para grupos de jovens e adolescente, os capacitando a INICIAREM CONVERSAS<br>EVANGEL\u00cdSTICAS com seus amigos e em suas comunidades.<\/p>\n\n\n\n<p>Link para inscri\u00e7\u00e3o da sua igreja:<\/p>\n\n\n\n<figure class=\"wp-block-embed is-type-wp-embed is-provider-dare-2-share wp-block-embed-dare-2-share\"><div class=\"wp-block-embed__wrapper\">\n<blockquote class=\"wp-embedded-content\" data-secret=\"vvW5p9g5Ii\"><a href=\"https:\/\/www.dare2share.org\/pt-deg24\/\">D2S LIVE &#8211; Dia Global de Evangelismo<\/a><\/blockquote><iframe loading=\"lazy\" class=\"wp-embedded-content\" sandbox=\"allow-scripts\" security=\"restricted\" style=\"position: absolute; visibility: hidden;\" title=\"&#8220;D2S LIVE &#8211; Dia Global de Evangelismo&#8221; &#8212; Dare 2 Share\" src=\"https:\/\/www.dare2share.org\/pt-deg24\/embed\/#?secret=JEBB4TLEUI#?secret=vvW5p9g5Ii\" data-secret=\"vvW5p9g5Ii\" width=\"600\" height=\"338\" frameborder=\"0\" marginwidth=\"0\" marginheight=\"0\" scrolling=\"no\"><\/iframe>\n<\/div><\/figure>\n","protected":false},"excerpt":{"rendered":"<p>Dia Global de Evangelismo Mas o que \u00e9?\u2022\u2060 \u2060\u00c9 um evento organizado pela Dare 2 Share junto com outras organiza\u00e7\u00f5es.Ele oferece TREINAMENTOS *EM V\u00cdDEO para grupos de jovens e adolescente, os capacitando a INICIAREM CONVERSASEVANGEL\u00cdSTICAS com seus amigos e em suas comunidades. Link para inscri\u00e7\u00e3o da sua igreja:<\/p>\n","protected":false},"author":2,"featured_media":20905,"comment_status":"open","ping_status":"open","sticky":false,"template":"","format":"standard","meta":{"_uag_custom_page_level_css":"","_themeisle_gutenberg_block_has_review":false,"_vp_format_video_url":"","_vp_image_focal_point":[],"footnotes":""},"categories":[110,101],"tags":[],"class_list":["post-20904","post","type-post","status-publish","format-standard","has-post-thumbnail","hentry","category-movimento-lausanne","category-oracao"],"yoast_head":"<!-- This site is optimized with the Yoast SEO plugin v27.5 - https:\/\/yoast.com\/product\/yoast-seo-wordpress\/ -->\n<title>Dia Global do Evangelismo 2024 - AEP<\/title>\n<meta name=\"robots\" content=\"index, follow, max-snippet:-1, max-image-preview:large, max-video-preview:-1\" \/>\n<link rel=\"canonical\" href=\"https:\/\/aliancaevangelica.pt\/site\/dia-global-do-evangelismo-2024\/\" \/>\n<meta property=\"og:locale\" content=\"pt_PT\" \/>\n<meta property=\"og:type\" content=\"article\" \/>\n<meta property=\"og:title\" content=\"Dia Global do Evangelismo 2024 - AEP\" \/>\n<meta property=\"og:description\" content=\"Dia Global de Evangelismo Mas o que \u00e9?\u2022\u2060 \u2060\u00c9 um evento organizado pela Dare 2 Share junto com outras organiza\u00e7\u00f5es.Ele oferece TREINAMENTOS *EM V\u00cdDEO para grupos de jovens e adolescente, os capacitando a INICIAREM CONVERSASEVANGEL\u00cdSTICAS com seus amigos e em suas comunidades. Link para inscri\u00e7\u00e3o da sua igreja:\" \/>\n<meta property=\"og:url\" content=\"https:\/\/aliancaevangelica.pt\/site\/dia-global-do-evangelismo-2024\/\" \/>\n<meta property=\"og:site_name\" content=\"AEP\" \/>\n<meta property=\"article:publisher\" content=\"http:\/\/facebook.com\/aeportuguesa\" \/>\n<meta property=\"article:author\" content=\"aeportugal\" \/>\n<meta property=\"article:published_time\" content=\"2024-10-22T21:54:54+00:00\" \/>\n<meta property=\"article:modified_time\" content=\"2026-04-07T19:15:52+00:00\" \/>\n<meta property=\"og:image\" content=\"https:\/\/aliancaevangelica.pt\/site\/wp-content\/uploads\/2024\/10\/WhatsApp-Image-2024-10-18-at-09.09.17.jpeg\" \/>\n\t<meta property=\"og:image:width\" content=\"1600\" \/>\n\t<meta property=\"og:image:height\" content=\"900\" \/>\n\t<meta property=\"og:image:type\" content=\"image\/jpeg\" \/>\n<meta name=\"author\" content=\"AEP\" \/>\n<meta name=\"twitter:card\" content=\"summary_large_image\" \/>\n<meta name=\"twitter:label1\" content=\"Escrito por\" \/>\n\t<meta name=\"twitter:data1\" content=\"AEP\" \/>\n\t<meta name=\"twitter:label2\" content=\"Tempo estimado de leitura\" \/>\n\t<meta name=\"twitter:data2\" content=\"1 minuto\" \/>\n<script type=\"application\/ld+json\" class=\"yoast-schema-graph\">{\"@context\":\"https:\\\/\\\/schema.org\",\"@graph\":[{\"@type\":\"Article\",\"@id\":\"https:\\\/\\\/aliancaevangelica.pt\\\/site\\\/dia-global-do-evangelismo-2024\\\/#article\",\"isPartOf\":{\"@id\":\"https:\\\/\\\/aliancaevangelica.pt\\\/site\\\/dia-global-do-evangelismo-2024\\\/\"},\"author\":{\"name\":\"AEP\",\"@id\":\"https:\\\/\\\/aliancaevangelica.pt\\\/site\\\/#\\\/schema\\\/person\\\/3b47cfc7535eff1e820f31c2d67eafcf\"},\"headline\":\"Dia Global do Evangelismo 2024\",\"datePublished\":\"2024-10-22T21:54:54+00:00\",\"dateModified\":\"2026-04-07T19:15:52+00:00\",\"mainEntityOfPage\":{\"@id\":\"https:\\\/\\\/aliancaevangelica.pt\\\/site\\\/dia-global-do-evangelismo-2024\\\/\"},\"wordCount\":60,\"commentCount\":0,\"publisher\":{\"@id\":\"https:\\\/\\\/aliancaevangelica.pt\\\/site\\\/#organization\"},\"image\":{\"@id\":\"https:\\\/\\\/aliancaevangelica.pt\\\/site\\\/dia-global-do-evangelismo-2024\\\/#primaryimage\"},\"thumbnailUrl\":\"https:\\\/\\\/aliancaevangelica.pt\\\/site\\\/wp-content\\\/uploads\\\/2024\\\/10\\\/WhatsApp-Image-2024-10-18-at-09.09.17.jpeg\",\"articleSection\":[\"MOVIMENTO LAUSANNE\",\"ORA\u00c7\u00c3O\"],\"inLanguage\":\"pt-PT\",\"potentialAction\":[{\"@type\":\"CommentAction\",\"name\":\"Comment\",\"target\":[\"https:\\\/\\\/aliancaevangelica.pt\\\/site\\\/dia-global-do-evangelismo-2024\\\/#respond\"]}]},{\"@type\":\"WebPage\",\"@id\":\"https:\\\/\\\/aliancaevangelica.pt\\\/site\\\/dia-global-do-evangelismo-2024\\\/\",\"url\":\"https:\\\/\\\/aliancaevangelica.pt\\\/site\\\/dia-global-do-evangelismo-2024\\\/\",\"name\":\"Dia Global do Evangelismo 2024 - AEP\",\"isPartOf\":{\"@id\":\"https:\\\/\\\/aliancaevangelica.pt\\\/site\\\/#website\"},\"primaryImageOfPage\":{\"@id\":\"https:\\\/\\\/aliancaevangelica.pt\\\/site\\\/dia-global-do-evangelismo-2024\\\/#primaryimage\"},\"image\":{\"@id\":\"https:\\\/\\\/aliancaevangelica.pt\\\/site\\\/dia-global-do-evangelismo-2024\\\/#primaryimage\"},\"thumbnailUrl\":\"https:\\\/\\\/aliancaevangelica.pt\\\/site\\\/wp-content\\\/uploads\\\/2024\\\/10\\\/WhatsApp-Image-2024-10-18-at-09.09.17.jpeg\",\"datePublished\":\"2024-10-22T21:54:54+00:00\",\"dateModified\":\"2026-04-07T19:15:52+00:00\",\"breadcrumb\":{\"@id\":\"https:\\\/\\\/aliancaevangelica.pt\\\/site\\\/dia-global-do-evangelismo-2024\\\/#breadcrumb\"},\"inLanguage\":\"pt-PT\",\"potentialAction\":[{\"@type\":\"ReadAction\",\"target\":[\"https:\\\/\\\/aliancaevangelica.pt\\\/site\\\/dia-global-do-evangelismo-2024\\\/\"]}]},{\"@type\":\"ImageObject\",\"inLanguage\":\"pt-PT\",\"@id\":\"https:\\\/\\\/aliancaevangelica.pt\\\/site\\\/dia-global-do-evangelismo-2024\\\/#primaryimage\",\"url\":\"https:\\\/\\\/aliancaevangelica.pt\\\/site\\\/wp-content\\\/uploads\\\/2024\\\/10\\\/WhatsApp-Image-2024-10-18-at-09.09.17.jpeg\",\"contentUrl\":\"https:\\\/\\\/aliancaevangelica.pt\\\/site\\\/wp-content\\\/uploads\\\/2024\\\/10\\\/WhatsApp-Image-2024-10-18-at-09.09.17.jpeg\",\"width\":1600,\"height\":900},{\"@type\":\"BreadcrumbList\",\"@id\":\"https:\\\/\\\/aliancaevangelica.pt\\\/site\\\/dia-global-do-evangelismo-2024\\\/#breadcrumb\",\"itemListElement\":[{\"@type\":\"ListItem\",\"position\":1,\"name\":\"In\u00edcio\",\"item\":\"https:\\\/\\\/aliancaevangelica.pt\\\/site\\\/\"},{\"@type\":\"ListItem\",\"position\":2,\"name\":\"Dia Global do Evangelismo 2024\"}]},{\"@type\":\"WebSite\",\"@id\":\"https:\\\/\\\/aliancaevangelica.pt\\\/site\\\/#website\",\"url\":\"https:\\\/\\\/aliancaevangelica.pt\\\/site\\\/\",\"name\":\"Alian\u00e7a Evang\u00e9lica Portuguesa\",\"description\":\"Alian\u00e7a Evang\u00e9lica Portuguesa\",\"publisher\":{\"@id\":\"https:\\\/\\\/aliancaevangelica.pt\\\/site\\\/#organization\"},\"potentialAction\":[{\"@type\":\"SearchAction\",\"target\":{\"@type\":\"EntryPoint\",\"urlTemplate\":\"https:\\\/\\\/aliancaevangelica.pt\\\/site\\\/?s={search_term_string}\"},\"query-input\":{\"@type\":\"PropertyValueSpecification\",\"valueRequired\":true,\"valueName\":\"search_term_string\"}}],\"inLanguage\":\"pt-PT\"},{\"@type\":\"Organization\",\"@id\":\"https:\\\/\\\/aliancaevangelica.pt\\\/site\\\/#organization\",\"name\":\"Alian\u00e7a Evang\u00e9lica Portuguesa\",\"url\":\"https:\\\/\\\/aliancaevangelica.pt\\\/site\\\/\",\"logo\":{\"@type\":\"ImageObject\",\"inLanguage\":\"pt-PT\",\"@id\":\"https:\\\/\\\/aliancaevangelica.pt\\\/site\\\/#\\\/schema\\\/logo\\\/image\\\/\",\"url\":\"https:\\\/\\\/aliancaevangelica.pt\\\/site\\\/wp-content\\\/uploads\\\/2017\\\/11\\\/logo-AEP-cor.png\",\"contentUrl\":\"https:\\\/\\\/aliancaevangelica.pt\\\/site\\\/wp-content\\\/uploads\\\/2017\\\/11\\\/logo-AEP-cor.png\",\"width\":1156,\"height\":672,\"caption\":\"Alian\u00e7a Evang\u00e9lica Portuguesa\"},\"image\":{\"@id\":\"https:\\\/\\\/aliancaevangelica.pt\\\/site\\\/#\\\/schema\\\/logo\\\/image\\\/\"},\"sameAs\":[\"http:\\\/\\\/facebook.com\\\/aeportuguesa\",\"http:\\\/\\\/instagram.com\\\/aliancaep\",\"http:\\\/\\\/youtube.com\\\/aeportuguesa\"]},{\"@type\":\"Person\",\"@id\":\"https:\\\/\\\/aliancaevangelica.pt\\\/site\\\/#\\\/schema\\\/person\\\/3b47cfc7535eff1e820f31c2d67eafcf\",\"name\":\"AEP\",\"sameAs\":[\"aeportugal\"],\"url\":\"https:\\\/\\\/aliancaevangelica.pt\\\/site\\\/author\\\/aeportugal\\\/\"}]}<\/script>\n<!-- \/ Yoast SEO plugin. -->","yoast_head_json":{"title":"Dia Global do Evangelismo 2024 - AEP","robots":{"index":"index","follow":"follow","max-snippet":"max-snippet:-1","max-image-preview":"max-image-preview:large","max-video-preview":"max-video-preview:-1"},"canonical":"https:\/\/aliancaevangelica.pt\/site\/dia-global-do-evangelismo-2024\/","og_locale":"pt_PT","og_type":"article","og_title":"Dia Global do Evangelismo 2024 - AEP","og_description":"Dia Global de Evangelismo Mas o que \u00e9?\u2022\u2060 \u2060\u00c9 um evento organizado pela Dare 2 Share junto com outras organiza\u00e7\u00f5es.Ele oferece TREINAMENTOS *EM V\u00cdDEO para grupos de jovens e adolescente, os capacitando a INICIAREM CONVERSASEVANGEL\u00cdSTICAS com seus amigos e em suas comunidades. Link para inscri\u00e7\u00e3o da sua igreja:","og_url":"https:\/\/aliancaevangelica.pt\/site\/dia-global-do-evangelismo-2024\/","og_site_name":"AEP","article_publisher":"http:\/\/facebook.com\/aeportuguesa","article_author":"aeportugal","article_published_time":"2024-10-22T21:54:54+00:00","article_modified_time":"2026-04-07T19:15:52+00:00","og_image":[{"width":1600,"height":900,"url":"https:\/\/aliancaevangelica.pt\/site\/wp-content\/uploads\/2024\/10\/WhatsApp-Image-2024-10-18-at-09.09.17.jpeg","type":"image\/jpeg"}],"author":"AEP","twitter_card":"summary_large_image","twitter_misc":{"Escrito por":"AEP","Tempo estimado de leitura":"1 minuto"},"schema":{"@context":"https:\/\/schema.org","@graph":[{"@type":"Article","@id":"https:\/\/aliancaevangelica.pt\/site\/dia-global-do-evangelismo-2024\/#article","isPartOf":{"@id":"https:\/\/aliancaevangelica.pt\/site\/dia-global-do-evangelismo-2024\/"},"author":{"name":"AEP","@id":"https:\/\/aliancaevangelica.pt\/site\/#\/schema\/person\/3b47cfc7535eff1e820f31c2d67eafcf"},"headline":"Dia Global do Evangelismo 2024","datePublished":"2024-10-22T21:54:54+00:00","dateModified":"2026-04-07T19:15:52+00:00","mainEntityOfPage":{"@id":"https:\/\/aliancaevangelica.pt\/site\/dia-global-do-evangelismo-2024\/"},"wordCount":60,"commentCount":0,"publisher":{"@id":"https:\/\/aliancaevangelica.pt\/site\/#organization"},"image":{"@id":"https:\/\/aliancaevangelica.pt\/site\/dia-global-do-evangelismo-2024\/#primaryimage"},"thumbnailUrl":"https:\/\/aliancaevangelica.pt\/site\/wp-content\/uploads\/2024\/10\/WhatsApp-Image-2024-10-18-at-09.09.17.jpeg","articleSection":["MOVIMENTO LAUSANNE","ORA\u00c7\u00c3O"],"inLanguage":"pt-PT","potentialAction":[{"@type":"CommentAction","name":"Comment","target":["https:\/\/aliancaevangelica.pt\/site\/dia-global-do-evangelismo-2024\/#respond"]}]},{"@type":"WebPage","@id":"https:\/\/aliancaevangelica.pt\/site\/dia-global-do-evangelismo-2024\/","url":"https:\/\/aliancaevangelica.pt\/site\/dia-global-do-evangelismo-2024\/","name":"Dia Global do Evangelismo 2024 - AEP","isPartOf":{"@id":"https:\/\/aliancaevangelica.pt\/site\/#website"},"primaryImageOfPage":{"@id":"https:\/\/aliancaevangelica.pt\/site\/dia-global-do-evangelismo-2024\/#primaryimage"},"image":{"@id":"https:\/\/aliancaevangelica.pt\/site\/dia-global-do-evangelismo-2024\/#primaryimage"},"thumbnailUrl":"https:\/\/aliancaevangelica.pt\/site\/wp-content\/uploads\/2024\/10\/WhatsApp-Image-2024-10-18-at-09.09.17.jpeg","datePublished":"2024-10-22T21:54:54+00:00","dateModified":"2026-04-07T19:15:52+00:00","breadcrumb":{"@id":"https:\/\/aliancaevangelica.pt\/site\/dia-global-do-evangelismo-2024\/#breadcrumb"},"inLanguage":"pt-PT","potentialAction":[{"@type":"ReadAction","target":["https:\/\/aliancaevangelica.pt\/site\/dia-global-do-evangelismo-2024\/"]}]},{"@type":"ImageObject","inLanguage":"pt-PT","@id":"https:\/\/aliancaevangelica.pt\/site\/dia-global-do-evangelismo-2024\/#primaryimage","url":"https:\/\/aliancaevangelica.pt\/site\/wp-content\/uploads\/2024\/10\/WhatsApp-Image-2024-10-18-at-09.09.17.jpeg","contentUrl":"https:\/\/aliancaevangelica.pt\/site\/wp-content\/uploads\/2024\/10\/WhatsApp-Image-2024-10-18-at-09.09.17.jpeg","width":1600,"height":900},{"@type":"BreadcrumbList","@id":"https:\/\/aliancaevangelica.pt\/site\/dia-global-do-evangelismo-2024\/#breadcrumb","itemListElement":[{"@type":"ListItem","position":1,"name":"In\u00edcio","item":"https:\/\/aliancaevangelica.pt\/site\/"},{"@type":"ListItem","position":2,"name":"Dia Global do Evangelismo 2024"}]},{"@type":"WebSite","@id":"https:\/\/aliancaevangelica.pt\/site\/#website","url":"https:\/\/aliancaevangelica.pt\/site\/","name":"Alian\u00e7a Evang\u00e9lica Portuguesa","description":"Alian\u00e7a Evang\u00e9lica Portuguesa","publisher":{"@id":"https:\/\/aliancaevangelica.pt\/site\/#organization"},"potentialAction":[{"@type":"SearchAction","target":{"@type":"EntryPoint","urlTemplate":"https:\/\/aliancaevangelica.pt\/site\/?s={search_term_string}"},"query-input":{"@type":"PropertyValueSpecification","valueRequired":true,"valueName":"search_term_string"}}],"inLanguage":"pt-PT"},{"@type":"Organization","@id":"https:\/\/aliancaevangelica.pt\/site\/#organization","name":"Alian\u00e7a Evang\u00e9lica Portuguesa","url":"https:\/\/aliancaevangelica.pt\/site\/","logo":{"@type":"ImageObject","inLanguage":"pt-PT","@id":"https:\/\/aliancaevangelica.pt\/site\/#\/schema\/logo\/image\/","url":"https:\/\/aliancaevangelica.pt\/site\/wp-content\/uploads\/2017\/11\/logo-AEP-cor.png","contentUrl":"https:\/\/aliancaevangelica.pt\/site\/wp-content\/uploads\/2017\/11\/logo-AEP-cor.png","width":1156,"height":672,"caption":"Alian\u00e7a Evang\u00e9lica Portuguesa"},"image":{"@id":"https:\/\/aliancaevangelica.pt\/site\/#\/schema\/logo\/image\/"},"sameAs":["http:\/\/facebook.com\/aeportuguesa","http:\/\/instagram.com\/aliancaep","http:\/\/youtube.com\/aeportuguesa"]},{"@type":"Person","@id":"https:\/\/aliancaevangelica.pt\/site\/#\/schema\/person\/3b47cfc7535eff1e820f31c2d67eafcf","name":"AEP","sameAs":["aeportugal"],"url":"https:\/\/aliancaevangelica.pt\/site\/author\/aeportugal\/"}]}},"uagb_featured_image_src":{"full":["https:\/\/aliancaevangelica.pt\/site\/wp-content\/uploads\/2024\/10\/WhatsApp-Image-2024-10-18-at-09.09.17.jpeg",1600,900,false],"thumbnail":["https:\/\/aliancaevangelica.pt\/site\/wp-content\/uploads\/2024\/10\/WhatsApp-Image-2024-10-18-at-09.09.17-150x150.jpeg",150,150,true],"medium":["https:\/\/aliancaevangelica.pt\/site\/wp-content\/uploads\/2024\/10\/WhatsApp-Image-2024-10-18-at-09.09.17-300x169.jpeg",300,169,true],"medium_large":["https:\/\/aliancaevangelica.pt\/site\/wp-content\/uploads\/2024\/10\/WhatsApp-Image-2024-10-18-at-09.09.17-768x432.jpeg",768,432,true],"large":["https:\/\/aliancaevangelica.pt\/site\/wp-content\/uploads\/2024\/10\/WhatsApp-Image-2024-10-18-at-09.09.17-1024x576.jpeg",960,540,true],"1536x1536":["https:\/\/aliancaevangelica.pt\/site\/wp-content\/uploads\/2024\/10\/WhatsApp-Image-2024-10-18-at-09.09.17-1536x864.jpeg",1536,864,true],"2048x2048":["https:\/\/aliancaevangelica.pt\/site\/wp-content\/uploads\/2024\/10\/WhatsApp-Image-2024-10-18-at-09.09.17.jpeg",1600,900,false],"vp_sm":["https:\/\/aliancaevangelica.pt\/site\/wp-content\/uploads\/2024\/10\/WhatsApp-Image-2024-10-18-at-09.09.17.jpeg",500,281,false],"vp_md":["https:\/\/aliancaevangelica.pt\/site\/wp-content\/uploads\/2024\/10\/WhatsApp-Image-2024-10-18-at-09.09.17.jpeg",800,450,false],"vp_lg":["https:\/\/aliancaevangelica.pt\/site\/wp-content\/uploads\/2024\/10\/WhatsApp-Image-2024-10-18-at-09.09.17.jpeg",1280,720,false],"vp_xl":["https:\/\/aliancaevangelica.pt\/site\/wp-content\/uploads\/2024\/10\/WhatsApp-Image-2024-10-18-at-09.09.17.jpeg",1600,900,false],"vp_sm_popup":["https:\/\/aliancaevangelica.pt\/site\/wp-content\/uploads\/2024\/10\/WhatsApp-Image-2024-10-18-at-09.09.17.jpeg",500,281,false],"vp_md_popup":["https:\/\/aliancaevangelica.pt\/site\/wp-content\/uploads\/2024\/10\/WhatsApp-Image-2024-10-18-at-09.09.17.jpeg",800,450,false],"vp_xl_popup":["https:\/\/aliancaevangelica.pt\/site\/wp-content\/uploads\/2024\/10\/WhatsApp-Image-2024-10-18-at-09.09.17.jpeg",1600,900,false],"newsx-150x100":["https:\/\/aliancaevangelica.pt\/site\/wp-content\/uploads\/2024\/10\/WhatsApp-Image-2024-10-18-at-09.09.17.jpeg",150,84,false],"newsx-330x220":["https:\/\/aliancaevangelica.pt\/site\/wp-content\/uploads\/2024\/10\/WhatsApp-Image-2024-10-18-at-09.09.17.jpeg",330,186,false],"newsx-420x280":["https:\/\/aliancaevangelica.pt\/site\/wp-content\/uploads\/2024\/10\/WhatsApp-Image-2024-10-18-at-09.09.17.jpeg",420,236,false],"newsx-510x340":["https:\/\/aliancaevangelica.pt\/site\/wp-content\/uploads\/2024\/10\/WhatsApp-Image-2024-10-18-at-09.09.17.jpeg",510,287,false],"newsx-640x480":["https:\/\/aliancaevangelica.pt\/site\/wp-content\/uploads\/2024\/10\/WhatsApp-Image-2024-10-18-at-09.09.17.jpeg",640,360,false],"newsx-670x370":["https:\/\/aliancaevangelica.pt\/site\/wp-content\/uploads\/2024\/10\/WhatsApp-Image-2024-10-18-at-09.09.17.jpeg",658,370,false],"newsx-860x570":["https:\/\/aliancaevangelica.pt\/site\/wp-content\/uploads\/2024\/10\/WhatsApp-Image-2024-10-18-at-09.09.17.jpeg",860,484,false],"newsx-1000x750":["https:\/\/aliancaevangelica.pt\/site\/wp-content\/uploads\/2024\/10\/WhatsApp-Image-2024-10-18-at-09.09.17.jpeg",1000,563,false],"newsx-1200x600":["https:\/\/aliancaevangelica.pt\/site\/wp-content\/uploads\/2024\/10\/WhatsApp-Image-2024-10-18-at-09.09.17.jpeg",1067,600,false]},"uagb_author_info":{"display_name":"AEP","author_link":"https:\/\/aliancaevangelica.pt\/site\/author\/aeportugal\/"},"uagb_comment_info":0,"uagb_excerpt":"Dia Global de Evangelismo Mas o que \u00e9?\u2022\u2060 \u2060\u00c9 um evento organizado pela Dare 2 Share junto com outras organiza\u00e7\u00f5es.Ele oferece TREINAMENTOS *EM V\u00cdDEO para grupos de jovens e adolescente, os capacitando a INICIAREM CONVERSASEVANGEL\u00cdSTICAS com seus amigos e em suas comunidades. Link para inscri\u00e7\u00e3o da sua igreja:","_links":{"self":[{"href":"https:\/\/aliancaevangelica.pt\/site\/wp-json\/wp\/v2\/posts\/20904","targetHints":{"allow":["GET"]}}],"collection":[{"href":"https:\/\/aliancaevangelica.pt\/site\/wp-json\/wp\/v2\/posts"}],"about":[{"href":"https:\/\/aliancaevangelica.pt\/site\/wp-json\/wp\/v2\/types\/post"}],"author":[{"embeddable":true,"href":"https:\/\/aliancaevangelica.pt\/site\/wp-json\/wp\/v2\/users\/2"}],"replies":[{"embeddable":true,"href":"https:\/\/aliancaevangelica.pt\/site\/wp-json\/wp\/v2\/comments?post=20904"}],"version-history":[{"count":2,"href":"https:\/\/aliancaevangelica.pt\/site\/wp-json\/wp\/v2\/posts\/20904\/revisions"}],"predecessor-version":[{"id":20908,"href":"https:\/\/aliancaevangelica.pt\/site\/wp-json\/wp\/v2\/posts\/20904\/revisions\/20908"}],"wp:featuredmedia":[{"embeddable":true,"href":"https:\/\/aliancaevangelica.pt\/site\/wp-json\/wp\/v2\/media\/20905"}],"wp:attachment":[{"href":"https:\/\/aliancaevangelica.pt\/site\/wp-json\/wp\/v2\/media?parent=20904"}],"wp:term":[{"taxonomy":"category","embeddable":true,"href":"https:\/\/aliancaevangelica.pt\/site\/wp-json\/wp\/v2\/categories?post=20904"},{"taxonomy":"post_tag","embeddable":true,"href":"https:\/\/aliancaevangelica.pt\/site\/wp-json\/wp\/v2\/tags?post=20904"}],"curies":[{"name":"wp","href":"https:\/\/api.w.org\/{rel}","templated":true}]}}