{"id":20901,"date":"2024-10-22T21:52:11","date_gmt":"2024-10-22T21:52:11","guid":{"rendered":"https:\/\/aliancaevangelica.pt\/site\/?p=20901"},"modified":"2026-04-07T19:28:05","modified_gmt":"2026-04-07T19:28:05","slug":"conferencias-2024-apcb","status":"publish","type":"post","link":"https:\/\/aliancaevangelica.pt\/site\/conferencias-2024-apcb\/","title":{"rendered":"Confer\u00eancias 2024 APCB"},"content":{"rendered":"\n<p>\u00c9 j\u00e1 no dia 31 de outubro que damos in\u00edcio \u00e0s confer\u00eancias da APCB, e queremos convid\u00e1-lo(a) a participar nestes momentos de edifica\u00e7\u00e3o e aprendizagem.<\/p>\n\n\n\n<p>A 2\u00aa Confer\u00eancia de Mulheres APCB ter\u00e1 lugar no dia 31 de outubro, na Igreja Batista da Ramada, pelas 18:00, com a palestrante irm\u00e3 Renata Gandolfo, que abordar\u00e1 o tema &#8220;Mestras do Bem&#8221;.<\/p>\n\n\n\n<p>A 7\u00aa Confer\u00eancia da APCB ir\u00e1 decorrer nos dias 1 e 2 de novembro, no Centro de Forma\u00e7\u00e3o Crist\u00e3 da Ramada, com rece\u00e7\u00e3o a partir das 08:30 em ambos os dias, e com os palestrantes Pr. M\u00e1rio Pina, Pr. Walace Juliare e Pr. David C\u00e1ceres, sob o tema &#8220;Criar uma Cultura de Cuidado na Igreja&#8221;.<\/p>\n\n\n\n<p>Pela primeira vez, realizaremos a 1\u00aa Confer\u00eancia da APCB no Porto, nos dias 8 e 9 de novembro, na 3\u00aa Igreja Batista do Porto. A rece\u00e7\u00e3o no dia 8 inicia \u00e0s 19:30 e no dia 9 \u00e0s 09:30, com os palestrantes Pr. Pedro Barbosa, Pr. Tiago Bugalho, Pr. Tiago Capote e irm\u00e3 Renata Gandolfo, tamb\u00e9m com o tema &#8220;Criar uma Cultura de Cuidado na Igreja&#8221;.<\/p>\n\n\n\n<p>As inscri\u00e7\u00f5es podem ser feitas atrav\u00e9s deste link: <a href=\"https:\/\/aconselhamentobiblico.pt\/?fbclid=PAZXh0bgNhZW0CMTEAAabP8YImN1sWKX9FAUm2NQteoc9n2CtDHupijus-GP9HnGRBDFnc87JhfEo_aem_sxJzFTcc3P-y6lxhV6RKfw\">https:\/\/aconselhamentobiblico.pt\/?fbclid=PAZXh0bgNhZW0CMTEAAabP8YImN1sWKX9FAUm2NQteoc9n2CtDHupijus-GP9HnGRBDFnc87JhfEo_aem_sxJzFTcc3P-y6lxhV6RKfw<\/a>.<\/p>\n\n\n\n<p>Estamos confiantes de que estas confer\u00eancias ser\u00e3o de grande b\u00ean\u00e7\u00e3o para todos os irm\u00e3os. Contamos com a vossa presen\u00e7a!<\/p>\n","protected":false},"excerpt":{"rendered":"<p>\u00c9 j\u00e1 no dia 31 de outubro que damos in\u00edcio \u00e0s confer\u00eancias da APCB, e queremos convid\u00e1-lo(a) a participar nestes momentos de edifica\u00e7\u00e3o e aprendizagem. A 2\u00aa Confer\u00eancia de Mulheres APCB ter\u00e1 lugar no dia 31 de outubro, na Igreja Batista da Ramada, pelas 18:00, com a palestrante irm\u00e3 Renata Gandolfo, que abordar\u00e1 o tema<\/p>\n","protected":false},"author":2,"featured_media":20902,"comment_status":"open","ping_status":"open","sticky":false,"template":"","format":"standard","meta":{"_uag_custom_page_level_css":"","_themeisle_gutenberg_block_has_review":false,"_vp_format_video_url":"","_vp_image_focal_point":[],"footnotes":""},"categories":[47,109],"tags":[],"class_list":["post-20901","post","type-post","status-publish","format-standard","has-post-thumbnail","hentry","category-mulheres-casais-e-familia","category-visao-e-ministerios"],"yoast_head":"<!-- This site is optimized with the Yoast SEO plugin v27.5 - https:\/\/yoast.com\/product\/yoast-seo-wordpress\/ -->\n<title>Confer\u00eancias 2024 APCB - AEP<\/title>\n<meta name=\"robots\" content=\"index, follow, max-snippet:-1, max-image-preview:large, max-video-preview:-1\" \/>\n<link rel=\"canonical\" href=\"https:\/\/aliancaevangelica.pt\/site\/conferencias-2024-apcb\/\" \/>\n<meta property=\"og:locale\" content=\"pt_PT\" \/>\n<meta property=\"og:type\" content=\"article\" \/>\n<meta property=\"og:title\" content=\"Confer\u00eancias 2024 APCB - AEP\" \/>\n<meta property=\"og:description\" content=\"\u00c9 j\u00e1 no dia 31 de outubro que damos in\u00edcio \u00e0s confer\u00eancias da APCB, e queremos convid\u00e1-lo(a) a participar nestes momentos de edifica\u00e7\u00e3o e aprendizagem. A 2\u00aa Confer\u00eancia de Mulheres APCB ter\u00e1 lugar no dia 31 de outubro, na Igreja Batista da Ramada, pelas 18:00, com a palestrante irm\u00e3 Renata Gandolfo, que abordar\u00e1 o tema\" \/>\n<meta property=\"og:url\" content=\"https:\/\/aliancaevangelica.pt\/site\/conferencias-2024-apcb\/\" \/>\n<meta property=\"og:site_name\" content=\"AEP\" \/>\n<meta property=\"article:publisher\" content=\"http:\/\/facebook.com\/aeportuguesa\" \/>\n<meta property=\"article:author\" content=\"aeportugal\" \/>\n<meta property=\"article:published_time\" content=\"2024-10-22T21:52:11+00:00\" \/>\n<meta property=\"article:modified_time\" content=\"2026-04-07T19:28:05+00:00\" \/>\n<meta property=\"og:image\" content=\"https:\/\/aliancaevangelica.pt\/site\/wp-content\/uploads\/2024\/10\/WhatsApp-Image-2024-10-18-at-07.48.45.jpeg\" \/>\n\t<meta property=\"og:image:width\" content=\"1600\" \/>\n\t<meta property=\"og:image:height\" content=\"900\" \/>\n\t<meta property=\"og:image:type\" content=\"image\/jpeg\" \/>\n<meta name=\"author\" content=\"AEP\" \/>\n<meta name=\"twitter:card\" content=\"summary_large_image\" \/>\n<meta name=\"twitter:label1\" content=\"Escrito por\" \/>\n\t<meta name=\"twitter:data1\" content=\"AEP\" \/>\n\t<meta name=\"twitter:label2\" content=\"Tempo estimado de leitura\" \/>\n\t<meta name=\"twitter:data2\" content=\"2 minutos\" \/>\n<script type=\"application\/ld+json\" class=\"yoast-schema-graph\">{\"@context\":\"https:\\\/\\\/schema.org\",\"@graph\":[{\"@type\":\"Article\",\"@id\":\"https:\\\/\\\/aliancaevangelica.pt\\\/site\\\/conferencias-2024-apcb\\\/#article\",\"isPartOf\":{\"@id\":\"https:\\\/\\\/aliancaevangelica.pt\\\/site\\\/conferencias-2024-apcb\\\/\"},\"author\":{\"name\":\"AEP\",\"@id\":\"https:\\\/\\\/aliancaevangelica.pt\\\/site\\\/#\\\/schema\\\/person\\\/3b47cfc7535eff1e820f31c2d67eafcf\"},\"headline\":\"Confer\u00eancias 2024 APCB\",\"datePublished\":\"2024-10-22T21:52:11+00:00\",\"dateModified\":\"2026-04-07T19:28:05+00:00\",\"mainEntityOfPage\":{\"@id\":\"https:\\\/\\\/aliancaevangelica.pt\\\/site\\\/conferencias-2024-apcb\\\/\"},\"wordCount\":233,\"commentCount\":0,\"publisher\":{\"@id\":\"https:\\\/\\\/aliancaevangelica.pt\\\/site\\\/#organization\"},\"image\":{\"@id\":\"https:\\\/\\\/aliancaevangelica.pt\\\/site\\\/conferencias-2024-apcb\\\/#primaryimage\"},\"thumbnailUrl\":\"https:\\\/\\\/aliancaevangelica.pt\\\/site\\\/wp-content\\\/uploads\\\/2024\\\/10\\\/WhatsApp-Image-2024-10-18-at-07.48.45.jpeg\",\"articleSection\":[\"Mulheres, Casais e Fam\u00edlia\",\"Vis\u00e3o e Minist\u00e9rios\"],\"inLanguage\":\"pt-PT\",\"potentialAction\":[{\"@type\":\"CommentAction\",\"name\":\"Comment\",\"target\":[\"https:\\\/\\\/aliancaevangelica.pt\\\/site\\\/conferencias-2024-apcb\\\/#respond\"]}]},{\"@type\":\"WebPage\",\"@id\":\"https:\\\/\\\/aliancaevangelica.pt\\\/site\\\/conferencias-2024-apcb\\\/\",\"url\":\"https:\\\/\\\/aliancaevangelica.pt\\\/site\\\/conferencias-2024-apcb\\\/\",\"name\":\"Confer\u00eancias 2024 APCB - AEP\",\"isPartOf\":{\"@id\":\"https:\\\/\\\/aliancaevangelica.pt\\\/site\\\/#website\"},\"primaryImageOfPage\":{\"@id\":\"https:\\\/\\\/aliancaevangelica.pt\\\/site\\\/conferencias-2024-apcb\\\/#primaryimage\"},\"image\":{\"@id\":\"https:\\\/\\\/aliancaevangelica.pt\\\/site\\\/conferencias-2024-apcb\\\/#primaryimage\"},\"thumbnailUrl\":\"https:\\\/\\\/aliancaevangelica.pt\\\/site\\\/wp-content\\\/uploads\\\/2024\\\/10\\\/WhatsApp-Image-2024-10-18-at-07.48.45.jpeg\",\"datePublished\":\"2024-10-22T21:52:11+00:00\",\"dateModified\":\"2026-04-07T19:28:05+00:00\",\"breadcrumb\":{\"@id\":\"https:\\\/\\\/aliancaevangelica.pt\\\/site\\\/conferencias-2024-apcb\\\/#breadcrumb\"},\"inLanguage\":\"pt-PT\",\"potentialAction\":[{\"@type\":\"ReadAction\",\"target\":[\"https:\\\/\\\/aliancaevangelica.pt\\\/site\\\/conferencias-2024-apcb\\\/\"]}]},{\"@type\":\"ImageObject\",\"inLanguage\":\"pt-PT\",\"@id\":\"https:\\\/\\\/aliancaevangelica.pt\\\/site\\\/conferencias-2024-apcb\\\/#primaryimage\",\"url\":\"https:\\\/\\\/aliancaevangelica.pt\\\/site\\\/wp-content\\\/uploads\\\/2024\\\/10\\\/WhatsApp-Image-2024-10-18-at-07.48.45.jpeg\",\"contentUrl\":\"https:\\\/\\\/aliancaevangelica.pt\\\/site\\\/wp-content\\\/uploads\\\/2024\\\/10\\\/WhatsApp-Image-2024-10-18-at-07.48.45.jpeg\",\"width\":1600,\"height\":900},{\"@type\":\"BreadcrumbList\",\"@id\":\"https:\\\/\\\/aliancaevangelica.pt\\\/site\\\/conferencias-2024-apcb\\\/#breadcrumb\",\"itemListElement\":[{\"@type\":\"ListItem\",\"position\":1,\"name\":\"In\u00edcio\",\"item\":\"https:\\\/\\\/aliancaevangelica.pt\\\/site\\\/\"},{\"@type\":\"ListItem\",\"position\":2,\"name\":\"Confer\u00eancias 2024 APCB\"}]},{\"@type\":\"WebSite\",\"@id\":\"https:\\\/\\\/aliancaevangelica.pt\\\/site\\\/#website\",\"url\":\"https:\\\/\\\/aliancaevangelica.pt\\\/site\\\/\",\"name\":\"Alian\u00e7a Evang\u00e9lica Portuguesa\",\"description\":\"Alian\u00e7a Evang\u00e9lica Portuguesa\",\"publisher\":{\"@id\":\"https:\\\/\\\/aliancaevangelica.pt\\\/site\\\/#organization\"},\"potentialAction\":[{\"@type\":\"SearchAction\",\"target\":{\"@type\":\"EntryPoint\",\"urlTemplate\":\"https:\\\/\\\/aliancaevangelica.pt\\\/site\\\/?s={search_term_string}\"},\"query-input\":{\"@type\":\"PropertyValueSpecification\",\"valueRequired\":true,\"valueName\":\"search_term_string\"}}],\"inLanguage\":\"pt-PT\"},{\"@type\":\"Organization\",\"@id\":\"https:\\\/\\\/aliancaevangelica.pt\\\/site\\\/#organization\",\"name\":\"Alian\u00e7a Evang\u00e9lica Portuguesa\",\"url\":\"https:\\\/\\\/aliancaevangelica.pt\\\/site\\\/\",\"logo\":{\"@type\":\"ImageObject\",\"inLanguage\":\"pt-PT\",\"@id\":\"https:\\\/\\\/aliancaevangelica.pt\\\/site\\\/#\\\/schema\\\/logo\\\/image\\\/\",\"url\":\"https:\\\/\\\/aliancaevangelica.pt\\\/site\\\/wp-content\\\/uploads\\\/2017\\\/11\\\/logo-AEP-cor.png\",\"contentUrl\":\"https:\\\/\\\/aliancaevangelica.pt\\\/site\\\/wp-content\\\/uploads\\\/2017\\\/11\\\/logo-AEP-cor.png\",\"width\":1156,\"height\":672,\"caption\":\"Alian\u00e7a Evang\u00e9lica Portuguesa\"},\"image\":{\"@id\":\"https:\\\/\\\/aliancaevangelica.pt\\\/site\\\/#\\\/schema\\\/logo\\\/image\\\/\"},\"sameAs\":[\"http:\\\/\\\/facebook.com\\\/aeportuguesa\",\"http:\\\/\\\/instagram.com\\\/aliancaep\",\"http:\\\/\\\/youtube.com\\\/aeportuguesa\"]},{\"@type\":\"Person\",\"@id\":\"https:\\\/\\\/aliancaevangelica.pt\\\/site\\\/#\\\/schema\\\/person\\\/3b47cfc7535eff1e820f31c2d67eafcf\",\"name\":\"AEP\",\"sameAs\":[\"aeportugal\"],\"url\":\"https:\\\/\\\/aliancaevangelica.pt\\\/site\\\/author\\\/aeportugal\\\/\"}]}<\/script>\n<!-- \/ Yoast SEO plugin. -->","yoast_head_json":{"title":"Confer\u00eancias 2024 APCB - AEP","robots":{"index":"index","follow":"follow","max-snippet":"max-snippet:-1","max-image-preview":"max-image-preview:large","max-video-preview":"max-video-preview:-1"},"canonical":"https:\/\/aliancaevangelica.pt\/site\/conferencias-2024-apcb\/","og_locale":"pt_PT","og_type":"article","og_title":"Confer\u00eancias 2024 APCB - AEP","og_description":"\u00c9 j\u00e1 no dia 31 de outubro que damos in\u00edcio \u00e0s confer\u00eancias da APCB, e queremos convid\u00e1-lo(a) a participar nestes momentos de edifica\u00e7\u00e3o e aprendizagem. A 2\u00aa Confer\u00eancia de Mulheres APCB ter\u00e1 lugar no dia 31 de outubro, na Igreja Batista da Ramada, pelas 18:00, com a palestrante irm\u00e3 Renata Gandolfo, que abordar\u00e1 o tema","og_url":"https:\/\/aliancaevangelica.pt\/site\/conferencias-2024-apcb\/","og_site_name":"AEP","article_publisher":"http:\/\/facebook.com\/aeportuguesa","article_author":"aeportugal","article_published_time":"2024-10-22T21:52:11+00:00","article_modified_time":"2026-04-07T19:28:05+00:00","og_image":[{"width":1600,"height":900,"url":"https:\/\/aliancaevangelica.pt\/site\/wp-content\/uploads\/2024\/10\/WhatsApp-Image-2024-10-18-at-07.48.45.jpeg","type":"image\/jpeg"}],"author":"AEP","twitter_card":"summary_large_image","twitter_misc":{"Escrito por":"AEP","Tempo estimado de leitura":"2 minutos"},"schema":{"@context":"https:\/\/schema.org","@graph":[{"@type":"Article","@id":"https:\/\/aliancaevangelica.pt\/site\/conferencias-2024-apcb\/#article","isPartOf":{"@id":"https:\/\/aliancaevangelica.pt\/site\/conferencias-2024-apcb\/"},"author":{"name":"AEP","@id":"https:\/\/aliancaevangelica.pt\/site\/#\/schema\/person\/3b47cfc7535eff1e820f31c2d67eafcf"},"headline":"Confer\u00eancias 2024 APCB","datePublished":"2024-10-22T21:52:11+00:00","dateModified":"2026-04-07T19:28:05+00:00","mainEntityOfPage":{"@id":"https:\/\/aliancaevangelica.pt\/site\/conferencias-2024-apcb\/"},"wordCount":233,"commentCount":0,"publisher":{"@id":"https:\/\/aliancaevangelica.pt\/site\/#organization"},"image":{"@id":"https:\/\/aliancaevangelica.pt\/site\/conferencias-2024-apcb\/#primaryimage"},"thumbnailUrl":"https:\/\/aliancaevangelica.pt\/site\/wp-content\/uploads\/2024\/10\/WhatsApp-Image-2024-10-18-at-07.48.45.jpeg","articleSection":["Mulheres, Casais e Fam\u00edlia","Vis\u00e3o e Minist\u00e9rios"],"inLanguage":"pt-PT","potentialAction":[{"@type":"CommentAction","name":"Comment","target":["https:\/\/aliancaevangelica.pt\/site\/conferencias-2024-apcb\/#respond"]}]},{"@type":"WebPage","@id":"https:\/\/aliancaevangelica.pt\/site\/conferencias-2024-apcb\/","url":"https:\/\/aliancaevangelica.pt\/site\/conferencias-2024-apcb\/","name":"Confer\u00eancias 2024 APCB - AEP","isPartOf":{"@id":"https:\/\/aliancaevangelica.pt\/site\/#website"},"primaryImageOfPage":{"@id":"https:\/\/aliancaevangelica.pt\/site\/conferencias-2024-apcb\/#primaryimage"},"image":{"@id":"https:\/\/aliancaevangelica.pt\/site\/conferencias-2024-apcb\/#primaryimage"},"thumbnailUrl":"https:\/\/aliancaevangelica.pt\/site\/wp-content\/uploads\/2024\/10\/WhatsApp-Image-2024-10-18-at-07.48.45.jpeg","datePublished":"2024-10-22T21:52:11+00:00","dateModified":"2026-04-07T19:28:05+00:00","breadcrumb":{"@id":"https:\/\/aliancaevangelica.pt\/site\/conferencias-2024-apcb\/#breadcrumb"},"inLanguage":"pt-PT","potentialAction":[{"@type":"ReadAction","target":["https:\/\/aliancaevangelica.pt\/site\/conferencias-2024-apcb\/"]}]},{"@type":"ImageObject","inLanguage":"pt-PT","@id":"https:\/\/aliancaevangelica.pt\/site\/conferencias-2024-apcb\/#primaryimage","url":"https:\/\/aliancaevangelica.pt\/site\/wp-content\/uploads\/2024\/10\/WhatsApp-Image-2024-10-18-at-07.48.45.jpeg","contentUrl":"https:\/\/aliancaevangelica.pt\/site\/wp-content\/uploads\/2024\/10\/WhatsApp-Image-2024-10-18-at-07.48.45.jpeg","width":1600,"height":900},{"@type":"BreadcrumbList","@id":"https:\/\/aliancaevangelica.pt\/site\/conferencias-2024-apcb\/#breadcrumb","itemListElement":[{"@type":"ListItem","position":1,"name":"In\u00edcio","item":"https:\/\/aliancaevangelica.pt\/site\/"},{"@type":"ListItem","position":2,"name":"Confer\u00eancias 2024 APCB"}]},{"@type":"WebSite","@id":"https:\/\/aliancaevangelica.pt\/site\/#website","url":"https:\/\/aliancaevangelica.pt\/site\/","name":"Alian\u00e7a Evang\u00e9lica Portuguesa","description":"Alian\u00e7a Evang\u00e9lica Portuguesa","publisher":{"@id":"https:\/\/aliancaevangelica.pt\/site\/#organization"},"potentialAction":[{"@type":"SearchAction","target":{"@type":"EntryPoint","urlTemplate":"https:\/\/aliancaevangelica.pt\/site\/?s={search_term_string}"},"query-input":{"@type":"PropertyValueSpecification","valueRequired":true,"valueName":"search_term_string"}}],"inLanguage":"pt-PT"},{"@type":"Organization","@id":"https:\/\/aliancaevangelica.pt\/site\/#organization","name":"Alian\u00e7a Evang\u00e9lica Portuguesa","url":"https:\/\/aliancaevangelica.pt\/site\/","logo":{"@type":"ImageObject","inLanguage":"pt-PT","@id":"https:\/\/aliancaevangelica.pt\/site\/#\/schema\/logo\/image\/","url":"https:\/\/aliancaevangelica.pt\/site\/wp-content\/uploads\/2017\/11\/logo-AEP-cor.png","contentUrl":"https:\/\/aliancaevangelica.pt\/site\/wp-content\/uploads\/2017\/11\/logo-AEP-cor.png","width":1156,"height":672,"caption":"Alian\u00e7a Evang\u00e9lica Portuguesa"},"image":{"@id":"https:\/\/aliancaevangelica.pt\/site\/#\/schema\/logo\/image\/"},"sameAs":["http:\/\/facebook.com\/aeportuguesa","http:\/\/instagram.com\/aliancaep","http:\/\/youtube.com\/aeportuguesa"]},{"@type":"Person","@id":"https:\/\/aliancaevangelica.pt\/site\/#\/schema\/person\/3b47cfc7535eff1e820f31c2d67eafcf","name":"AEP","sameAs":["aeportugal"],"url":"https:\/\/aliancaevangelica.pt\/site\/author\/aeportugal\/"}]}},"uagb_featured_image_src":{"full":["https:\/\/aliancaevangelica.pt\/site\/wp-content\/uploads\/2024\/10\/WhatsApp-Image-2024-10-18-at-07.48.45.jpeg",1600,900,false],"thumbnail":["https:\/\/aliancaevangelica.pt\/site\/wp-content\/uploads\/2024\/10\/WhatsApp-Image-2024-10-18-at-07.48.45-150x150.jpeg",150,150,true],"medium":["https:\/\/aliancaevangelica.pt\/site\/wp-content\/uploads\/2024\/10\/WhatsApp-Image-2024-10-18-at-07.48.45-300x169.jpeg",300,169,true],"medium_large":["https:\/\/aliancaevangelica.pt\/site\/wp-content\/uploads\/2024\/10\/WhatsApp-Image-2024-10-18-at-07.48.45-768x432.jpeg",768,432,true],"large":["https:\/\/aliancaevangelica.pt\/site\/wp-content\/uploads\/2024\/10\/WhatsApp-Image-2024-10-18-at-07.48.45-1024x576.jpeg",960,540,true],"1536x1536":["https:\/\/aliancaevangelica.pt\/site\/wp-content\/uploads\/2024\/10\/WhatsApp-Image-2024-10-18-at-07.48.45-1536x864.jpeg",1536,864,true],"2048x2048":["https:\/\/aliancaevangelica.pt\/site\/wp-content\/uploads\/2024\/10\/WhatsApp-Image-2024-10-18-at-07.48.45.jpeg",1600,900,false],"vp_sm":["https:\/\/aliancaevangelica.pt\/site\/wp-content\/uploads\/2024\/10\/WhatsApp-Image-2024-10-18-at-07.48.45.jpeg",500,281,false],"vp_md":["https:\/\/aliancaevangelica.pt\/site\/wp-content\/uploads\/2024\/10\/WhatsApp-Image-2024-10-18-at-07.48.45.jpeg",800,450,false],"vp_lg":["https:\/\/aliancaevangelica.pt\/site\/wp-content\/uploads\/2024\/10\/WhatsApp-Image-2024-10-18-at-07.48.45.jpeg",1280,720,false],"vp_xl":["https:\/\/aliancaevangelica.pt\/site\/wp-content\/uploads\/2024\/10\/WhatsApp-Image-2024-10-18-at-07.48.45.jpeg",1600,900,false],"vp_sm_popup":["https:\/\/aliancaevangelica.pt\/site\/wp-content\/uploads\/2024\/10\/WhatsApp-Image-2024-10-18-at-07.48.45.jpeg",500,281,false],"vp_md_popup":["https:\/\/aliancaevangelica.pt\/site\/wp-content\/uploads\/2024\/10\/WhatsApp-Image-2024-10-18-at-07.48.45.jpeg",800,450,false],"vp_xl_popup":["https:\/\/aliancaevangelica.pt\/site\/wp-content\/uploads\/2024\/10\/WhatsApp-Image-2024-10-18-at-07.48.45.jpeg",1600,900,false],"newsx-150x100":["https:\/\/aliancaevangelica.pt\/site\/wp-content\/uploads\/2024\/10\/WhatsApp-Image-2024-10-18-at-07.48.45.jpeg",150,84,false],"newsx-330x220":["https:\/\/aliancaevangelica.pt\/site\/wp-content\/uploads\/2024\/10\/WhatsApp-Image-2024-10-18-at-07.48.45.jpeg",330,186,false],"newsx-420x280":["https:\/\/aliancaevangelica.pt\/site\/wp-content\/uploads\/2024\/10\/WhatsApp-Image-2024-10-18-at-07.48.45.jpeg",420,236,false],"newsx-510x340":["https:\/\/aliancaevangelica.pt\/site\/wp-content\/uploads\/2024\/10\/WhatsApp-Image-2024-10-18-at-07.48.45.jpeg",510,287,false],"newsx-640x480":["https:\/\/aliancaevangelica.pt\/site\/wp-content\/uploads\/2024\/10\/WhatsApp-Image-2024-10-18-at-07.48.45.jpeg",640,360,false],"newsx-670x370":["https:\/\/aliancaevangelica.pt\/site\/wp-content\/uploads\/2024\/10\/WhatsApp-Image-2024-10-18-at-07.48.45.jpeg",658,370,false],"newsx-860x570":["https:\/\/aliancaevangelica.pt\/site\/wp-content\/uploads\/2024\/10\/WhatsApp-Image-2024-10-18-at-07.48.45.jpeg",860,484,false],"newsx-1000x750":["https:\/\/aliancaevangelica.pt\/site\/wp-content\/uploads\/2024\/10\/WhatsApp-Image-2024-10-18-at-07.48.45.jpeg",1000,563,false],"newsx-1200x600":["https:\/\/aliancaevangelica.pt\/site\/wp-content\/uploads\/2024\/10\/WhatsApp-Image-2024-10-18-at-07.48.45.jpeg",1067,600,false]},"uagb_author_info":{"display_name":"AEP","author_link":"https:\/\/aliancaevangelica.pt\/site\/author\/aeportugal\/"},"uagb_comment_info":0,"uagb_excerpt":"\u00c9 j\u00e1 no dia 31 de outubro que damos in\u00edcio \u00e0s confer\u00eancias da APCB, e queremos convid\u00e1-lo(a) a participar nestes momentos de edifica\u00e7\u00e3o e aprendizagem. A 2\u00aa Confer\u00eancia de Mulheres APCB ter\u00e1 lugar no dia 31 de outubro, na Igreja Batista da Ramada, pelas 18:00, com a palestrante irm\u00e3 Renata Gandolfo, que abordar\u00e1 o tema","_links":{"self":[{"href":"https:\/\/aliancaevangelica.pt\/site\/wp-json\/wp\/v2\/posts\/20901","targetHints":{"allow":["GET"]}}],"collection":[{"href":"https:\/\/aliancaevangelica.pt\/site\/wp-json\/wp\/v2\/posts"}],"about":[{"href":"https:\/\/aliancaevangelica.pt\/site\/wp-json\/wp\/v2\/types\/post"}],"author":[{"embeddable":true,"href":"https:\/\/aliancaevangelica.pt\/site\/wp-json\/wp\/v2\/users\/2"}],"replies":[{"embeddable":true,"href":"https:\/\/aliancaevangelica.pt\/site\/wp-json\/wp\/v2\/comments?post=20901"}],"version-history":[{"count":1,"href":"https:\/\/aliancaevangelica.pt\/site\/wp-json\/wp\/v2\/posts\/20901\/revisions"}],"predecessor-version":[{"id":20903,"href":"https:\/\/aliancaevangelica.pt\/site\/wp-json\/wp\/v2\/posts\/20901\/revisions\/20903"}],"wp:featuredmedia":[{"embeddable":true,"href":"https:\/\/aliancaevangelica.pt\/site\/wp-json\/wp\/v2\/media\/20902"}],"wp:attachment":[{"href":"https:\/\/aliancaevangelica.pt\/site\/wp-json\/wp\/v2\/media?parent=20901"}],"wp:term":[{"taxonomy":"category","embeddable":true,"href":"https:\/\/aliancaevangelica.pt\/site\/wp-json\/wp\/v2\/categories?post=20901"},{"taxonomy":"post_tag","embeddable":true,"href":"https:\/\/aliancaevangelica.pt\/site\/wp-json\/wp\/v2\/tags?post=20901"}],"curies":[{"name":"wp","href":"https:\/\/api.w.org\/{rel}","templated":true}]}}