{"id":20791,"date":"2024-06-28T18:36:02","date_gmt":"2024-06-28T18:36:02","guid":{"rendered":"https:\/\/aliancaevangelica.pt\/site\/?p=20791"},"modified":"2026-04-07T19:53:45","modified_gmt":"2026-04-07T19:53:45","slug":"testemunho-de-vida-sobre-um-pai-2","status":"publish","type":"post","link":"https:\/\/aliancaevangelica.pt\/site\/testemunho-de-vida-sobre-um-pai-2\/","title":{"rendered":"Testemunho de vida sobre um pai"},"content":{"rendered":"\n<p><strong>Tenho saudades do meu pai. Tenho saudades das minhas conversas com ele nas tr\u00eas vezes por semana que \u00edamos juntos a Coimbra para as minhas aulas de m\u00fasica. Tenho saudades de quando par\u00e1vamos para lanchar num caf\u00e9 local. Ainda hoje sinto o gosto das sandes que com muito custo e com muito trabalho o meu pai pagava. Hoje n\u00e3o sinto mais com a minha boca, mas sinto com o cora\u00e7\u00e3o. Hoje at\u00e9 posso parar no mesmo caf\u00e9, e paro, mas a sande n\u00e3o tem o mesmo sabor.\u00a0<\/strong><\/p>\n\n\n\n<p>Conhecer aquele homem como meu pai foi um dos maiores privil\u00e9gios da minha vida. Alguns amigos, que agora nos s\u00e3o comuns, refletem como ele era dispon\u00edvel e sempre pronto a servir no Reino. Mas eu reflito como tive o privil\u00e9gio de cozinhar com ele, de fazer m\u00fasica com ele, de cantar e dan\u00e7ar com ele, de conduzir com ele, de jogar computador com ele. Sinceramente, n\u00e3o me lembro de conversar com o meu pai sobre as coisas maiores da vida. Lembro-me de falar pouco mais de uma ou duas vezes sobre o curso superior que haveria de escolher. Mas lembro-me t\u00e3o bem de como sempre foi um encarregado de educa\u00e7\u00e3o presente e como me acompanhou no primeiro dia de inscri\u00e7\u00e3o na universidade. N\u00e3o me lembro se algu\u00e9m vez fal\u00e1mos sobre as minhas maiores ambi\u00e7\u00f5es de vida. Mas lembro-me de que ele me preparou muito cedo para todos os desassossegos do dia-a-dia. \u00c9 assim que olho para tr\u00e1s e percebo o legado que me deixou. Claro que tivemos longas conversas teol\u00f3gicas, e que em parte explicam a minha avidez por fazer perguntas e obter respostas. Acima de tudo, aprendi com o meu pai que a vida vive-se vivendo. Sem cera, sem mentiras, sem esconder os problemas e sem deixar de celebrar as pequenas vit\u00f3rias.<\/p>\n\n\n\n<p>Mas \u00e0s vezes me pergunto: Como a nossa rela\u00e7\u00e3o foi t\u00e3o bem-sucedida? Como o meu pai aprendeu a ser pai? Ele ficou sem pai muito cedo. Foi criado por uma tia feiticeira, ainda em Angola. Depois foi aperfilhado e aprendeu a ser homem. Veio para Portugal, aprendeu a ser evangelista. O meu pai aprendeu a ser muita coisa, mas nunca a ser pai. Enfim, chego \u00e0 conclus\u00e3o: ele aprendeu a ser pai ao mesmo tempo que eu aprendi a ser filha. E creio que esta foi a beleza da nossa rela\u00e7\u00e3o. Aprendemos juntos. Est\u00e1vamos em p\u00e9 de igualdade na experi\u00eancia de ser fam\u00edlia. Foi nessa humildade que eu aprendi a responder como filha, mas que ele tamb\u00e9m aprendeu a ser respons\u00e1vel como pai.&nbsp;Aprendemos juntos, mas n\u00e3o aprendemos sozinhos. Deus foi o centro da nossa fam\u00edlia, mas foi o Deus que tratou com cada um de n\u00f3s de forma particular. O Deus do meu pai \u00e9 o meu Deus, mas o nosso relacionamento com Ele nunca foi igual. O meu pai sabia disso e por isso aceitou a liberdade de como Deus estava a fazer-me filha d\u2019Ele tamb\u00e9m. Esta realidade foi importante, e talvez ainda n\u00e3o a entenda em toda a dimens\u00e3o porque eu n\u00e3o sou m\u00e3e. Mas posso entender que o meu Pai n\u00e3o imp\u00f4s a sua forma de ser pai \u2013 cheio de ideais e conjeturas &#8211; para que o Pai tivesse oportunidade de me fazer Sua filha. Olho para tr\u00e1s e vejo a humildade que isso requer. O meu pai instru\u00ed-me em todo o conselho de Deus, mas precisou aprender a ser pai na medida que eu n\u00e3o era apenas filha dele. Deus escreveu a minha hist\u00f3ria de forma diferente da dele, e como pai teve de aprender a conviver com essa diferen\u00e7a, n\u00e3o pressionando expetativas, mas dando-me coragem para seguir o meu pr\u00f3prio caminho. Mas nem sempre foi f\u00e1cil, nem para um, nem para outro. O meu pai teve de aprender que a independ\u00eancia que ele ensinou, um dia me levaria a ser uma menina cheia de opini\u00f5es. O meu pai teve de aprender que o facto de eu escutar Deus me levaria a outros lugares e profiss\u00f5es longe do que ele pensava que eu iria seguir. E nessa aprendizagem, o ferro afiou o ferro, como um amigo ensina o amigo, mas tamb\u00e9m um pai e uma filha se ensinaram um ao outro. O meu pai falhou, porque al\u00e9m de ser pai era ser humano. Eu tamb\u00e9m falhei como filha e assim aprendi muito com o meu pai. E na nossa rela\u00e7\u00e3o de pai e filha, crescemos os dois na experi\u00eancia com Deus.&nbsp;<\/p>\n\n\n\n<p>Termino como comecei. Tenho saudades do meu pai. Esta palavra, antes, era uma palavra comum, at\u00e9 banal. De um momento para o outro, h\u00e1 13 anos, tornou-se uma palavra rara nos meus l\u00e1bios, mas que foi ganhando um novo significado no meu cora\u00e7\u00e3o. Ainda aprendo com o meu pai. Vinte e um anos de vida foram poucos para mim, mas foram os suficientes para me continuar a guiar na sua aus\u00eancia. S\u00f3 Deus sabe porque apenas foram vinte e um, mas a f\u00e9 e vida do meu pai ainda me ajudam a buscar pelo Pai celestial e a agradecer-Lhe pela experi\u00eancia de filha.&nbsp;<\/p>\n\n\n\n<div style=\"height:25px\" aria-hidden=\"true\" class=\"wp-block-spacer\"><\/div>\n\n\n\n<div class=\"wp-block-media-text is-stacked-on-mobile\" style=\"grid-template-columns:31% auto\"><figure class=\"wp-block-media-text__media\"><img decoding=\"async\" src=\"https:\/\/aliancaevangelica.pt\/site\/wp-content\/uploads\/2024\/06\/Debora-Hossi.jpg\" alt=\"\" class=\"wp-image-20792 size-full\"\/><\/figure><div class=\"wp-block-media-text__content\">\n<p>D\u00e9bora Hossi<br><em><br>Gestora de Conte\u00fado no Procurar Jesus<br>(minist\u00e9rio de evangelismo na Internet da Associa\u00e7\u00e3o Evangel\u00edstica Billy Graham)<\/em><br><\/p>\n<\/div><\/div>\n\n\n\n<div style=\"height:100px\" aria-hidden=\"true\" class=\"wp-block-spacer\"><\/div>\n","protected":false},"excerpt":{"rendered":"<p>Tenho saudades do meu pai. Tenho saudades das minhas conversas com ele nas tr\u00eas vezes por semana que \u00edamos juntos a Coimbra para as minhas aulas de m\u00fasica. Tenho saudades de quando par\u00e1vamos para lanchar num caf\u00e9 local. Ainda hoje sinto o gosto das sandes que com muito custo e com muito trabalho o meu<\/p>\n","protected":false},"author":2,"featured_media":20604,"comment_status":"closed","ping_status":"open","sticky":false,"template":"","format":"standard","meta":{"_uag_custom_page_level_css":"","_themeisle_gutenberg_block_has_review":false,"_vp_format_video_url":"","_vp_image_focal_point":[],"footnotes":""},"categories":[47,98],"tags":[],"class_list":["post-20791","post","type-post","status-publish","format-standard","has-post-thumbnail","hentry","category-mulheres-casais-e-familia","category-testemunhos"],"yoast_head":"<!-- This site is optimized with the Yoast SEO plugin v27.5 - https:\/\/yoast.com\/product\/yoast-seo-wordpress\/ -->\n<title>Testemunho de vida sobre um pai - AEP<\/title>\n<meta name=\"robots\" content=\"index, follow, max-snippet:-1, max-image-preview:large, max-video-preview:-1\" \/>\n<link rel=\"canonical\" href=\"https:\/\/aliancaevangelica.pt\/site\/testemunho-de-vida-sobre-um-pai-2\/\" \/>\n<meta property=\"og:locale\" content=\"pt_PT\" \/>\n<meta property=\"og:type\" content=\"article\" \/>\n<meta property=\"og:title\" content=\"Testemunho de vida sobre um pai - AEP\" \/>\n<meta property=\"og:description\" content=\"Tenho saudades do meu pai. Tenho saudades das minhas conversas com ele nas tr\u00eas vezes por semana que \u00edamos juntos a Coimbra para as minhas aulas de m\u00fasica. Tenho saudades de quando par\u00e1vamos para lanchar num caf\u00e9 local. Ainda hoje sinto o gosto das sandes que com muito custo e com muito trabalho o meu\" \/>\n<meta property=\"og:url\" content=\"https:\/\/aliancaevangelica.pt\/site\/testemunho-de-vida-sobre-um-pai-2\/\" \/>\n<meta property=\"og:site_name\" content=\"AEP\" \/>\n<meta property=\"article:publisher\" content=\"http:\/\/facebook.com\/aeportuguesa\" \/>\n<meta property=\"article:author\" content=\"aeportugal\" \/>\n<meta property=\"article:published_time\" content=\"2024-06-28T18:36:02+00:00\" \/>\n<meta property=\"article:modified_time\" content=\"2026-04-07T19:53:45+00:00\" \/>\n<meta property=\"og:image\" content=\"https:\/\/aliancaevangelica.pt\/site\/wp-content\/uploads\/2024\/03\/Captura-de-ecra\u0303-2024-03-19-a\u0300s-17.21.46.png\" \/>\n\t<meta property=\"og:image:width\" content=\"1532\" \/>\n\t<meta property=\"og:image:height\" content=\"1146\" \/>\n\t<meta property=\"og:image:type\" content=\"image\/png\" \/>\n<meta name=\"author\" content=\"AEP\" \/>\n<meta name=\"twitter:card\" content=\"summary_large_image\" \/>\n<meta name=\"twitter:label1\" content=\"Escrito por\" \/>\n\t<meta name=\"twitter:data1\" content=\"AEP\" \/>\n\t<meta name=\"twitter:label2\" content=\"Tempo estimado de leitura\" \/>\n\t<meta name=\"twitter:data2\" content=\"6 minutos\" \/>\n<script type=\"application\/ld+json\" class=\"yoast-schema-graph\">{\"@context\":\"https:\\\/\\\/schema.org\",\"@graph\":[{\"@type\":\"Article\",\"@id\":\"https:\\\/\\\/aliancaevangelica.pt\\\/site\\\/testemunho-de-vida-sobre-um-pai-2\\\/#article\",\"isPartOf\":{\"@id\":\"https:\\\/\\\/aliancaevangelica.pt\\\/site\\\/testemunho-de-vida-sobre-um-pai-2\\\/\"},\"author\":{\"name\":\"AEP\",\"@id\":\"https:\\\/\\\/aliancaevangelica.pt\\\/site\\\/#\\\/schema\\\/person\\\/3b47cfc7535eff1e820f31c2d67eafcf\"},\"headline\":\"Testemunho de vida sobre um pai\",\"datePublished\":\"2024-06-28T18:36:02+00:00\",\"dateModified\":\"2026-04-07T19:53:45+00:00\",\"mainEntityOfPage\":{\"@id\":\"https:\\\/\\\/aliancaevangelica.pt\\\/site\\\/testemunho-de-vida-sobre-um-pai-2\\\/\"},\"wordCount\":930,\"publisher\":{\"@id\":\"https:\\\/\\\/aliancaevangelica.pt\\\/site\\\/#organization\"},\"image\":{\"@id\":\"https:\\\/\\\/aliancaevangelica.pt\\\/site\\\/testemunho-de-vida-sobre-um-pai-2\\\/#primaryimage\"},\"thumbnailUrl\":\"https:\\\/\\\/aliancaevangelica.pt\\\/site\\\/wp-content\\\/uploads\\\/2024\\\/03\\\/Captura-de-ecra\u0303-2024-03-19-a\u0300s-17.21.46.png\",\"articleSection\":[\"Mulheres, Casais e Fam\u00edlia\",\"Testemunhos\"],\"inLanguage\":\"pt-PT\"},{\"@type\":\"WebPage\",\"@id\":\"https:\\\/\\\/aliancaevangelica.pt\\\/site\\\/testemunho-de-vida-sobre-um-pai-2\\\/\",\"url\":\"https:\\\/\\\/aliancaevangelica.pt\\\/site\\\/testemunho-de-vida-sobre-um-pai-2\\\/\",\"name\":\"Testemunho de vida sobre um pai - AEP\",\"isPartOf\":{\"@id\":\"https:\\\/\\\/aliancaevangelica.pt\\\/site\\\/#website\"},\"primaryImageOfPage\":{\"@id\":\"https:\\\/\\\/aliancaevangelica.pt\\\/site\\\/testemunho-de-vida-sobre-um-pai-2\\\/#primaryimage\"},\"image\":{\"@id\":\"https:\\\/\\\/aliancaevangelica.pt\\\/site\\\/testemunho-de-vida-sobre-um-pai-2\\\/#primaryimage\"},\"thumbnailUrl\":\"https:\\\/\\\/aliancaevangelica.pt\\\/site\\\/wp-content\\\/uploads\\\/2024\\\/03\\\/Captura-de-ecra\u0303-2024-03-19-a\u0300s-17.21.46.png\",\"datePublished\":\"2024-06-28T18:36:02+00:00\",\"dateModified\":\"2026-04-07T19:53:45+00:00\",\"breadcrumb\":{\"@id\":\"https:\\\/\\\/aliancaevangelica.pt\\\/site\\\/testemunho-de-vida-sobre-um-pai-2\\\/#breadcrumb\"},\"inLanguage\":\"pt-PT\",\"potentialAction\":[{\"@type\":\"ReadAction\",\"target\":[\"https:\\\/\\\/aliancaevangelica.pt\\\/site\\\/testemunho-de-vida-sobre-um-pai-2\\\/\"]}]},{\"@type\":\"ImageObject\",\"inLanguage\":\"pt-PT\",\"@id\":\"https:\\\/\\\/aliancaevangelica.pt\\\/site\\\/testemunho-de-vida-sobre-um-pai-2\\\/#primaryimage\",\"url\":\"https:\\\/\\\/aliancaevangelica.pt\\\/site\\\/wp-content\\\/uploads\\\/2024\\\/03\\\/Captura-de-ecra\u0303-2024-03-19-a\u0300s-17.21.46.png\",\"contentUrl\":\"https:\\\/\\\/aliancaevangelica.pt\\\/site\\\/wp-content\\\/uploads\\\/2024\\\/03\\\/Captura-de-ecra\u0303-2024-03-19-a\u0300s-17.21.46.png\",\"width\":1532,\"height\":1146},{\"@type\":\"BreadcrumbList\",\"@id\":\"https:\\\/\\\/aliancaevangelica.pt\\\/site\\\/testemunho-de-vida-sobre-um-pai-2\\\/#breadcrumb\",\"itemListElement\":[{\"@type\":\"ListItem\",\"position\":1,\"name\":\"In\u00edcio\",\"item\":\"https:\\\/\\\/aliancaevangelica.pt\\\/site\\\/\"},{\"@type\":\"ListItem\",\"position\":2,\"name\":\"Testemunho de vida sobre um pai\"}]},{\"@type\":\"WebSite\",\"@id\":\"https:\\\/\\\/aliancaevangelica.pt\\\/site\\\/#website\",\"url\":\"https:\\\/\\\/aliancaevangelica.pt\\\/site\\\/\",\"name\":\"Alian\u00e7a Evang\u00e9lica Portuguesa\",\"description\":\"Alian\u00e7a Evang\u00e9lica Portuguesa\",\"publisher\":{\"@id\":\"https:\\\/\\\/aliancaevangelica.pt\\\/site\\\/#organization\"},\"potentialAction\":[{\"@type\":\"SearchAction\",\"target\":{\"@type\":\"EntryPoint\",\"urlTemplate\":\"https:\\\/\\\/aliancaevangelica.pt\\\/site\\\/?s={search_term_string}\"},\"query-input\":{\"@type\":\"PropertyValueSpecification\",\"valueRequired\":true,\"valueName\":\"search_term_string\"}}],\"inLanguage\":\"pt-PT\"},{\"@type\":\"Organization\",\"@id\":\"https:\\\/\\\/aliancaevangelica.pt\\\/site\\\/#organization\",\"name\":\"Alian\u00e7a Evang\u00e9lica Portuguesa\",\"url\":\"https:\\\/\\\/aliancaevangelica.pt\\\/site\\\/\",\"logo\":{\"@type\":\"ImageObject\",\"inLanguage\":\"pt-PT\",\"@id\":\"https:\\\/\\\/aliancaevangelica.pt\\\/site\\\/#\\\/schema\\\/logo\\\/image\\\/\",\"url\":\"https:\\\/\\\/aliancaevangelica.pt\\\/site\\\/wp-content\\\/uploads\\\/2017\\\/11\\\/logo-AEP-cor.png\",\"contentUrl\":\"https:\\\/\\\/aliancaevangelica.pt\\\/site\\\/wp-content\\\/uploads\\\/2017\\\/11\\\/logo-AEP-cor.png\",\"width\":1156,\"height\":672,\"caption\":\"Alian\u00e7a Evang\u00e9lica Portuguesa\"},\"image\":{\"@id\":\"https:\\\/\\\/aliancaevangelica.pt\\\/site\\\/#\\\/schema\\\/logo\\\/image\\\/\"},\"sameAs\":[\"http:\\\/\\\/facebook.com\\\/aeportuguesa\",\"http:\\\/\\\/instagram.com\\\/aliancaep\",\"http:\\\/\\\/youtube.com\\\/aeportuguesa\"]},{\"@type\":\"Person\",\"@id\":\"https:\\\/\\\/aliancaevangelica.pt\\\/site\\\/#\\\/schema\\\/person\\\/3b47cfc7535eff1e820f31c2d67eafcf\",\"name\":\"AEP\",\"sameAs\":[\"aeportugal\"],\"url\":\"https:\\\/\\\/aliancaevangelica.pt\\\/site\\\/author\\\/aeportugal\\\/\"}]}<\/script>\n<!-- \/ Yoast SEO plugin. -->","yoast_head_json":{"title":"Testemunho de vida sobre um pai - AEP","robots":{"index":"index","follow":"follow","max-snippet":"max-snippet:-1","max-image-preview":"max-image-preview:large","max-video-preview":"max-video-preview:-1"},"canonical":"https:\/\/aliancaevangelica.pt\/site\/testemunho-de-vida-sobre-um-pai-2\/","og_locale":"pt_PT","og_type":"article","og_title":"Testemunho de vida sobre um pai - AEP","og_description":"Tenho saudades do meu pai. Tenho saudades das minhas conversas com ele nas tr\u00eas vezes por semana que \u00edamos juntos a Coimbra para as minhas aulas de m\u00fasica. Tenho saudades de quando par\u00e1vamos para lanchar num caf\u00e9 local. Ainda hoje sinto o gosto das sandes que com muito custo e com muito trabalho o meu","og_url":"https:\/\/aliancaevangelica.pt\/site\/testemunho-de-vida-sobre-um-pai-2\/","og_site_name":"AEP","article_publisher":"http:\/\/facebook.com\/aeportuguesa","article_author":"aeportugal","article_published_time":"2024-06-28T18:36:02+00:00","article_modified_time":"2026-04-07T19:53:45+00:00","og_image":[{"width":1532,"height":1146,"url":"https:\/\/aliancaevangelica.pt\/site\/wp-content\/uploads\/2024\/03\/Captura-de-ecra\u0303-2024-03-19-a\u0300s-17.21.46.png","type":"image\/png"}],"author":"AEP","twitter_card":"summary_large_image","twitter_misc":{"Escrito por":"AEP","Tempo estimado de leitura":"6 minutos"},"schema":{"@context":"https:\/\/schema.org","@graph":[{"@type":"Article","@id":"https:\/\/aliancaevangelica.pt\/site\/testemunho-de-vida-sobre-um-pai-2\/#article","isPartOf":{"@id":"https:\/\/aliancaevangelica.pt\/site\/testemunho-de-vida-sobre-um-pai-2\/"},"author":{"name":"AEP","@id":"https:\/\/aliancaevangelica.pt\/site\/#\/schema\/person\/3b47cfc7535eff1e820f31c2d67eafcf"},"headline":"Testemunho de vida sobre um pai","datePublished":"2024-06-28T18:36:02+00:00","dateModified":"2026-04-07T19:53:45+00:00","mainEntityOfPage":{"@id":"https:\/\/aliancaevangelica.pt\/site\/testemunho-de-vida-sobre-um-pai-2\/"},"wordCount":930,"publisher":{"@id":"https:\/\/aliancaevangelica.pt\/site\/#organization"},"image":{"@id":"https:\/\/aliancaevangelica.pt\/site\/testemunho-de-vida-sobre-um-pai-2\/#primaryimage"},"thumbnailUrl":"https:\/\/aliancaevangelica.pt\/site\/wp-content\/uploads\/2024\/03\/Captura-de-ecra\u0303-2024-03-19-a\u0300s-17.21.46.png","articleSection":["Mulheres, Casais e Fam\u00edlia","Testemunhos"],"inLanguage":"pt-PT"},{"@type":"WebPage","@id":"https:\/\/aliancaevangelica.pt\/site\/testemunho-de-vida-sobre-um-pai-2\/","url":"https:\/\/aliancaevangelica.pt\/site\/testemunho-de-vida-sobre-um-pai-2\/","name":"Testemunho de vida sobre um pai - AEP","isPartOf":{"@id":"https:\/\/aliancaevangelica.pt\/site\/#website"},"primaryImageOfPage":{"@id":"https:\/\/aliancaevangelica.pt\/site\/testemunho-de-vida-sobre-um-pai-2\/#primaryimage"},"image":{"@id":"https:\/\/aliancaevangelica.pt\/site\/testemunho-de-vida-sobre-um-pai-2\/#primaryimage"},"thumbnailUrl":"https:\/\/aliancaevangelica.pt\/site\/wp-content\/uploads\/2024\/03\/Captura-de-ecra\u0303-2024-03-19-a\u0300s-17.21.46.png","datePublished":"2024-06-28T18:36:02+00:00","dateModified":"2026-04-07T19:53:45+00:00","breadcrumb":{"@id":"https:\/\/aliancaevangelica.pt\/site\/testemunho-de-vida-sobre-um-pai-2\/#breadcrumb"},"inLanguage":"pt-PT","potentialAction":[{"@type":"ReadAction","target":["https:\/\/aliancaevangelica.pt\/site\/testemunho-de-vida-sobre-um-pai-2\/"]}]},{"@type":"ImageObject","inLanguage":"pt-PT","@id":"https:\/\/aliancaevangelica.pt\/site\/testemunho-de-vida-sobre-um-pai-2\/#primaryimage","url":"https:\/\/aliancaevangelica.pt\/site\/wp-content\/uploads\/2024\/03\/Captura-de-ecra\u0303-2024-03-19-a\u0300s-17.21.46.png","contentUrl":"https:\/\/aliancaevangelica.pt\/site\/wp-content\/uploads\/2024\/03\/Captura-de-ecra\u0303-2024-03-19-a\u0300s-17.21.46.png","width":1532,"height":1146},{"@type":"BreadcrumbList","@id":"https:\/\/aliancaevangelica.pt\/site\/testemunho-de-vida-sobre-um-pai-2\/#breadcrumb","itemListElement":[{"@type":"ListItem","position":1,"name":"In\u00edcio","item":"https:\/\/aliancaevangelica.pt\/site\/"},{"@type":"ListItem","position":2,"name":"Testemunho de vida sobre um pai"}]},{"@type":"WebSite","@id":"https:\/\/aliancaevangelica.pt\/site\/#website","url":"https:\/\/aliancaevangelica.pt\/site\/","name":"Alian\u00e7a Evang\u00e9lica Portuguesa","description":"Alian\u00e7a Evang\u00e9lica Portuguesa","publisher":{"@id":"https:\/\/aliancaevangelica.pt\/site\/#organization"},"potentialAction":[{"@type":"SearchAction","target":{"@type":"EntryPoint","urlTemplate":"https:\/\/aliancaevangelica.pt\/site\/?s={search_term_string}"},"query-input":{"@type":"PropertyValueSpecification","valueRequired":true,"valueName":"search_term_string"}}],"inLanguage":"pt-PT"},{"@type":"Organization","@id":"https:\/\/aliancaevangelica.pt\/site\/#organization","name":"Alian\u00e7a Evang\u00e9lica Portuguesa","url":"https:\/\/aliancaevangelica.pt\/site\/","logo":{"@type":"ImageObject","inLanguage":"pt-PT","@id":"https:\/\/aliancaevangelica.pt\/site\/#\/schema\/logo\/image\/","url":"https:\/\/aliancaevangelica.pt\/site\/wp-content\/uploads\/2017\/11\/logo-AEP-cor.png","contentUrl":"https:\/\/aliancaevangelica.pt\/site\/wp-content\/uploads\/2017\/11\/logo-AEP-cor.png","width":1156,"height":672,"caption":"Alian\u00e7a Evang\u00e9lica Portuguesa"},"image":{"@id":"https:\/\/aliancaevangelica.pt\/site\/#\/schema\/logo\/image\/"},"sameAs":["http:\/\/facebook.com\/aeportuguesa","http:\/\/instagram.com\/aliancaep","http:\/\/youtube.com\/aeportuguesa"]},{"@type":"Person","@id":"https:\/\/aliancaevangelica.pt\/site\/#\/schema\/person\/3b47cfc7535eff1e820f31c2d67eafcf","name":"AEP","sameAs":["aeportugal"],"url":"https:\/\/aliancaevangelica.pt\/site\/author\/aeportugal\/"}]}},"uagb_featured_image_src":{"full":["https:\/\/aliancaevangelica.pt\/site\/wp-content\/uploads\/2024\/03\/Captura-de-ecra\u0303-2024-03-19-a\u0300s-17.21.46.png",1532,1146,false],"thumbnail":["https:\/\/aliancaevangelica.pt\/site\/wp-content\/uploads\/2024\/03\/Captura-de-ecra\u0303-2024-03-19-a\u0300s-17.21.46-150x150.png",150,150,true],"medium":["https:\/\/aliancaevangelica.pt\/site\/wp-content\/uploads\/2024\/03\/Captura-de-ecra\u0303-2024-03-19-a\u0300s-17.21.46-300x224.png",300,224,true],"medium_large":["https:\/\/aliancaevangelica.pt\/site\/wp-content\/uploads\/2024\/03\/Captura-de-ecra\u0303-2024-03-19-a\u0300s-17.21.46-768x574.png",768,574,true],"large":["https:\/\/aliancaevangelica.pt\/site\/wp-content\/uploads\/2024\/03\/Captura-de-ecra\u0303-2024-03-19-a\u0300s-17.21.46-1024x766.png",960,718,true],"1536x1536":["https:\/\/aliancaevangelica.pt\/site\/wp-content\/uploads\/2024\/03\/Captura-de-ecra\u0303-2024-03-19-a\u0300s-17.21.46.png",1532,1146,false],"2048x2048":["https:\/\/aliancaevangelica.pt\/site\/wp-content\/uploads\/2024\/03\/Captura-de-ecra\u0303-2024-03-19-a\u0300s-17.21.46.png",1532,1146,false],"vp_sm":["https:\/\/aliancaevangelica.pt\/site\/wp-content\/uploads\/2024\/03\/Captura-de-ecra\u0303-2024-03-19-a\u0300s-17.21.46.png",500,374,false],"vp_md":["https:\/\/aliancaevangelica.pt\/site\/wp-content\/uploads\/2024\/03\/Captura-de-ecra\u0303-2024-03-19-a\u0300s-17.21.46.png",800,598,false],"vp_lg":["https:\/\/aliancaevangelica.pt\/site\/wp-content\/uploads\/2024\/03\/Captura-de-ecra\u0303-2024-03-19-a\u0300s-17.21.46.png",1280,957,false],"vp_xl":["https:\/\/aliancaevangelica.pt\/site\/wp-content\/uploads\/2024\/03\/Captura-de-ecra\u0303-2024-03-19-a\u0300s-17.21.46.png",1532,1146,false],"vp_sm_popup":["https:\/\/aliancaevangelica.pt\/site\/wp-content\/uploads\/2024\/03\/Captura-de-ecra\u0303-2024-03-19-a\u0300s-17.21.46.png",500,374,false],"vp_md_popup":["https:\/\/aliancaevangelica.pt\/site\/wp-content\/uploads\/2024\/03\/Captura-de-ecra\u0303-2024-03-19-a\u0300s-17.21.46.png",800,598,false],"vp_xl_popup":["https:\/\/aliancaevangelica.pt\/site\/wp-content\/uploads\/2024\/03\/Captura-de-ecra\u0303-2024-03-19-a\u0300s-17.21.46.png",1532,1146,false],"newsx-150x100":["https:\/\/aliancaevangelica.pt\/site\/wp-content\/uploads\/2024\/03\/Captura-de-ecra\u0303-2024-03-19-a\u0300s-17.21.46.png",134,100,false],"newsx-330x220":["https:\/\/aliancaevangelica.pt\/site\/wp-content\/uploads\/2024\/03\/Captura-de-ecra\u0303-2024-03-19-a\u0300s-17.21.46.png",294,220,false],"newsx-420x280":["https:\/\/aliancaevangelica.pt\/site\/wp-content\/uploads\/2024\/03\/Captura-de-ecra\u0303-2024-03-19-a\u0300s-17.21.46.png",374,280,false],"newsx-510x340":["https:\/\/aliancaevangelica.pt\/site\/wp-content\/uploads\/2024\/03\/Captura-de-ecra\u0303-2024-03-19-a\u0300s-17.21.46.png",455,340,false],"newsx-640x480":["https:\/\/aliancaevangelica.pt\/site\/wp-content\/uploads\/2024\/03\/Captura-de-ecra\u0303-2024-03-19-a\u0300s-17.21.46.png",640,480,false],"newsx-670x370":["https:\/\/aliancaevangelica.pt\/site\/wp-content\/uploads\/2024\/03\/Captura-de-ecra\u0303-2024-03-19-a\u0300s-17.21.46.png",495,370,false],"newsx-860x570":["https:\/\/aliancaevangelica.pt\/site\/wp-content\/uploads\/2024\/03\/Captura-de-ecra\u0303-2024-03-19-a\u0300s-17.21.46.png",762,570,false],"newsx-1000x750":["https:\/\/aliancaevangelica.pt\/site\/wp-content\/uploads\/2024\/03\/Captura-de-ecra\u0303-2024-03-19-a\u0300s-17.21.46.png",1000,748,false],"newsx-1200x600":["https:\/\/aliancaevangelica.pt\/site\/wp-content\/uploads\/2024\/03\/Captura-de-ecra\u0303-2024-03-19-a\u0300s-17.21.46.png",802,600,false]},"uagb_author_info":{"display_name":"AEP","author_link":"https:\/\/aliancaevangelica.pt\/site\/author\/aeportugal\/"},"uagb_comment_info":0,"uagb_excerpt":"Tenho saudades do meu pai. Tenho saudades das minhas conversas com ele nas tr\u00eas vezes por semana que \u00edamos juntos a Coimbra para as minhas aulas de m\u00fasica. Tenho saudades de quando par\u00e1vamos para lanchar num caf\u00e9 local. Ainda hoje sinto o gosto das sandes que com muito custo e com muito trabalho o meu","_links":{"self":[{"href":"https:\/\/aliancaevangelica.pt\/site\/wp-json\/wp\/v2\/posts\/20791","targetHints":{"allow":["GET"]}}],"collection":[{"href":"https:\/\/aliancaevangelica.pt\/site\/wp-json\/wp\/v2\/posts"}],"about":[{"href":"https:\/\/aliancaevangelica.pt\/site\/wp-json\/wp\/v2\/types\/post"}],"author":[{"embeddable":true,"href":"https:\/\/aliancaevangelica.pt\/site\/wp-json\/wp\/v2\/users\/2"}],"replies":[{"embeddable":true,"href":"https:\/\/aliancaevangelica.pt\/site\/wp-json\/wp\/v2\/comments?post=20791"}],"version-history":[{"count":7,"href":"https:\/\/aliancaevangelica.pt\/site\/wp-json\/wp\/v2\/posts\/20791\/revisions"}],"predecessor-version":[{"id":22415,"href":"https:\/\/aliancaevangelica.pt\/site\/wp-json\/wp\/v2\/posts\/20791\/revisions\/22415"}],"wp:featuredmedia":[{"embeddable":true,"href":"https:\/\/aliancaevangelica.pt\/site\/wp-json\/wp\/v2\/media\/20604"}],"wp:attachment":[{"href":"https:\/\/aliancaevangelica.pt\/site\/wp-json\/wp\/v2\/media?parent=20791"}],"wp:term":[{"taxonomy":"category","embeddable":true,"href":"https:\/\/aliancaevangelica.pt\/site\/wp-json\/wp\/v2\/categories?post=20791"},{"taxonomy":"post_tag","embeddable":true,"href":"https:\/\/aliancaevangelica.pt\/site\/wp-json\/wp\/v2\/tags?post=20791"}],"curies":[{"name":"wp","href":"https:\/\/api.w.org\/{rel}","templated":true}]}}