{"id":20754,"date":"2024-05-26T10:58:40","date_gmt":"2024-05-26T10:58:40","guid":{"rendered":"https:\/\/aliancaevangelica.pt\/site\/?p=20754"},"modified":"2026-04-14T01:13:13","modified_gmt":"2026-04-14T01:13:13","slug":"emergencia-rio-grande-do-sul-brazil","status":"publish","type":"post","link":"https:\/\/aliancaevangelica.pt\/site\/emergencia-rio-grande-do-sul-brazil\/","title":{"rendered":"Emerg\u00eancia Rio Grande do Sul &#8211; Brazil"},"content":{"rendered":"\n<p>As \u00e1guas est\u00e3o a baixar, e a revelar a destrui\u00e7\u00e3o, bem como a verdadeira dimens\u00e3o da calamidade. Vamos ajudar? A Alian\u00e7a Evang\u00e9lica Portuguesa junta-se \u00e0 Alian\u00e7a Evang\u00e9lica Brasileira no apoio, cada euro doado ser\u00e1 encaminhado para quem precisa, atrav\u00e9s dos muitos volunt\u00e1rios no terreno.<\/p>\n\n\n\n<p>Alian\u00e7a Evang\u00e9lica Portuguesa&nbsp;IBAN: PT50 0033 0000 4528 2173 8960 5. Coloque &#8220;Apoio Rio Grande do Sul&#8221; na descri\u00e7\u00e3o e para facilitar adicione 2 c\u00eantimos ao final do montante.<\/p>\n\n\n\n<p>\u201cO generoso prosperar\u00e1; quem d\u00e1 al\u00edvio aos outros, al\u00edvio receber\u00e1.\u201dProv\u00e9rbios 11:25<\/p>\n","protected":false},"excerpt":{"rendered":"<p>As \u00e1guas est\u00e3o a baixar, e a revelar a destrui\u00e7\u00e3o, bem como a verdadeira dimens\u00e3o da calamidade. Vamos ajudar? A Alian\u00e7a Evang\u00e9lica Portuguesa junta-se \u00e0 Alian\u00e7a Evang\u00e9lica Brasileira no apoio,<\/p>\n","protected":false},"author":2,"featured_media":20755,"comment_status":"open","ping_status":"open","sticky":false,"template":"","format":"standard","meta":{"_uag_custom_page_level_css":"","_themeisle_gutenberg_block_has_review":false,"_vp_format_video_url":"","_vp_image_focal_point":[],"footnotes":""},"categories":[101,67],"tags":[],"class_list":["post-20754","post","type-post","status-publish","format-standard","has-post-thumbnail","hentry","category-oracao-e-missoes","category-solidariedade"],"yoast_head":"<!-- This site is optimized with the Yoast SEO plugin v27.5 - https:\/\/yoast.com\/product\/yoast-seo-wordpress\/ -->\n<title>Emerg\u00eancia Rio Grande do Sul - Brazil - AEP<\/title>\n<meta name=\"robots\" content=\"index, follow, max-snippet:-1, max-image-preview:large, max-video-preview:-1\" \/>\n<link rel=\"canonical\" href=\"https:\/\/aliancaevangelica.pt\/site\/emergencia-rio-grande-do-sul-brazil\/\" \/>\n<meta property=\"og:locale\" content=\"pt_PT\" \/>\n<meta property=\"og:type\" content=\"article\" \/>\n<meta property=\"og:title\" content=\"Emerg\u00eancia Rio Grande do Sul - Brazil - AEP\" \/>\n<meta property=\"og:description\" content=\"As \u00e1guas est\u00e3o a baixar, e a revelar a destrui\u00e7\u00e3o, bem como a verdadeira dimens\u00e3o da calamidade. Vamos ajudar? A Alian\u00e7a Evang\u00e9lica Portuguesa junta-se \u00e0 Alian\u00e7a Evang\u00e9lica Brasileira no apoio,\" \/>\n<meta property=\"og:url\" content=\"https:\/\/aliancaevangelica.pt\/site\/emergencia-rio-grande-do-sul-brazil\/\" \/>\n<meta property=\"og:site_name\" content=\"AEP\" \/>\n<meta property=\"article:publisher\" content=\"http:\/\/facebook.com\/aeportuguesa\" \/>\n<meta property=\"article:author\" content=\"aeportugal\" \/>\n<meta property=\"article:published_time\" content=\"2024-05-26T10:58:40+00:00\" \/>\n<meta property=\"article:modified_time\" content=\"2026-04-14T01:13:13+00:00\" \/>\n<meta property=\"og:image\" content=\"https:\/\/aliancaevangelica.pt\/site\/wp-content\/uploads\/2024\/05\/WhatsApp-Image-2024-05-22-at-15.42.10.jpeg\" \/>\n\t<meta property=\"og:image:width\" content=\"1024\" \/>\n\t<meta property=\"og:image:height\" content=\"1280\" \/>\n\t<meta property=\"og:image:type\" content=\"image\/jpeg\" \/>\n<meta name=\"author\" content=\"AEP\" \/>\n<meta name=\"twitter:card\" content=\"summary_large_image\" \/>\n<meta name=\"twitter:label1\" content=\"Escrito por\" \/>\n\t<meta name=\"twitter:data1\" content=\"AEP\" \/>\n\t<meta name=\"twitter:label2\" content=\"Tempo estimado de leitura\" \/>\n\t<meta name=\"twitter:data2\" content=\"1 minuto\" \/>\n<script type=\"application\/ld+json\" class=\"yoast-schema-graph\">{\"@context\":\"https:\\\/\\\/schema.org\",\"@graph\":[{\"@type\":\"Article\",\"@id\":\"https:\\\/\\\/aliancaevangelica.pt\\\/site\\\/emergencia-rio-grande-do-sul-brazil\\\/#article\",\"isPartOf\":{\"@id\":\"https:\\\/\\\/aliancaevangelica.pt\\\/site\\\/emergencia-rio-grande-do-sul-brazil\\\/\"},\"author\":{\"name\":\"AEP\",\"@id\":\"https:\\\/\\\/aliancaevangelica.pt\\\/site\\\/#\\\/schema\\\/person\\\/3b47cfc7535eff1e820f31c2d67eafcf\"},\"headline\":\"Emerg\u00eancia Rio Grande do Sul &#8211; Brazil\",\"datePublished\":\"2024-05-26T10:58:40+00:00\",\"dateModified\":\"2026-04-14T01:13:13+00:00\",\"mainEntityOfPage\":{\"@id\":\"https:\\\/\\\/aliancaevangelica.pt\\\/site\\\/emergencia-rio-grande-do-sul-brazil\\\/\"},\"wordCount\":101,\"commentCount\":0,\"publisher\":{\"@id\":\"https:\\\/\\\/aliancaevangelica.pt\\\/site\\\/#organization\"},\"image\":{\"@id\":\"https:\\\/\\\/aliancaevangelica.pt\\\/site\\\/emergencia-rio-grande-do-sul-brazil\\\/#primaryimage\"},\"thumbnailUrl\":\"https:\\\/\\\/aliancaevangelica.pt\\\/site\\\/wp-content\\\/uploads\\\/2024\\\/05\\\/WhatsApp-Image-2024-05-22-at-15.42.10.jpeg\",\"articleSection\":[\"Ora\u00e7\u00e3o e Miss\u00f5es\",\"Solidariedade\"],\"inLanguage\":\"pt-PT\",\"potentialAction\":[{\"@type\":\"CommentAction\",\"name\":\"Comment\",\"target\":[\"https:\\\/\\\/aliancaevangelica.pt\\\/site\\\/emergencia-rio-grande-do-sul-brazil\\\/#respond\"]}]},{\"@type\":\"WebPage\",\"@id\":\"https:\\\/\\\/aliancaevangelica.pt\\\/site\\\/emergencia-rio-grande-do-sul-brazil\\\/\",\"url\":\"https:\\\/\\\/aliancaevangelica.pt\\\/site\\\/emergencia-rio-grande-do-sul-brazil\\\/\",\"name\":\"Emerg\u00eancia Rio Grande do Sul - Brazil - AEP\",\"isPartOf\":{\"@id\":\"https:\\\/\\\/aliancaevangelica.pt\\\/site\\\/#website\"},\"primaryImageOfPage\":{\"@id\":\"https:\\\/\\\/aliancaevangelica.pt\\\/site\\\/emergencia-rio-grande-do-sul-brazil\\\/#primaryimage\"},\"image\":{\"@id\":\"https:\\\/\\\/aliancaevangelica.pt\\\/site\\\/emergencia-rio-grande-do-sul-brazil\\\/#primaryimage\"},\"thumbnailUrl\":\"https:\\\/\\\/aliancaevangelica.pt\\\/site\\\/wp-content\\\/uploads\\\/2024\\\/05\\\/WhatsApp-Image-2024-05-22-at-15.42.10.jpeg\",\"datePublished\":\"2024-05-26T10:58:40+00:00\",\"dateModified\":\"2026-04-14T01:13:13+00:00\",\"breadcrumb\":{\"@id\":\"https:\\\/\\\/aliancaevangelica.pt\\\/site\\\/emergencia-rio-grande-do-sul-brazil\\\/#breadcrumb\"},\"inLanguage\":\"pt-PT\",\"potentialAction\":[{\"@type\":\"ReadAction\",\"target\":[\"https:\\\/\\\/aliancaevangelica.pt\\\/site\\\/emergencia-rio-grande-do-sul-brazil\\\/\"]}]},{\"@type\":\"ImageObject\",\"inLanguage\":\"pt-PT\",\"@id\":\"https:\\\/\\\/aliancaevangelica.pt\\\/site\\\/emergencia-rio-grande-do-sul-brazil\\\/#primaryimage\",\"url\":\"https:\\\/\\\/aliancaevangelica.pt\\\/site\\\/wp-content\\\/uploads\\\/2024\\\/05\\\/WhatsApp-Image-2024-05-22-at-15.42.10.jpeg\",\"contentUrl\":\"https:\\\/\\\/aliancaevangelica.pt\\\/site\\\/wp-content\\\/uploads\\\/2024\\\/05\\\/WhatsApp-Image-2024-05-22-at-15.42.10.jpeg\",\"width\":1024,\"height\":1280},{\"@type\":\"BreadcrumbList\",\"@id\":\"https:\\\/\\\/aliancaevangelica.pt\\\/site\\\/emergencia-rio-grande-do-sul-brazil\\\/#breadcrumb\",\"itemListElement\":[{\"@type\":\"ListItem\",\"position\":1,\"name\":\"In\u00edcio\",\"item\":\"https:\\\/\\\/aliancaevangelica.pt\\\/site\\\/\"},{\"@type\":\"ListItem\",\"position\":2,\"name\":\"Emerg\u00eancia Rio Grande do Sul &#8211; Brazil\"}]},{\"@type\":\"WebSite\",\"@id\":\"https:\\\/\\\/aliancaevangelica.pt\\\/site\\\/#website\",\"url\":\"https:\\\/\\\/aliancaevangelica.pt\\\/site\\\/\",\"name\":\"Alian\u00e7a Evang\u00e9lica Portuguesa\",\"description\":\"Alian\u00e7a Evang\u00e9lica Portuguesa\",\"publisher\":{\"@id\":\"https:\\\/\\\/aliancaevangelica.pt\\\/site\\\/#organization\"},\"potentialAction\":[{\"@type\":\"SearchAction\",\"target\":{\"@type\":\"EntryPoint\",\"urlTemplate\":\"https:\\\/\\\/aliancaevangelica.pt\\\/site\\\/?s={search_term_string}\"},\"query-input\":{\"@type\":\"PropertyValueSpecification\",\"valueRequired\":true,\"valueName\":\"search_term_string\"}}],\"inLanguage\":\"pt-PT\"},{\"@type\":\"Organization\",\"@id\":\"https:\\\/\\\/aliancaevangelica.pt\\\/site\\\/#organization\",\"name\":\"Alian\u00e7a Evang\u00e9lica Portuguesa\",\"url\":\"https:\\\/\\\/aliancaevangelica.pt\\\/site\\\/\",\"logo\":{\"@type\":\"ImageObject\",\"inLanguage\":\"pt-PT\",\"@id\":\"https:\\\/\\\/aliancaevangelica.pt\\\/site\\\/#\\\/schema\\\/logo\\\/image\\\/\",\"url\":\"https:\\\/\\\/aliancaevangelica.pt\\\/site\\\/wp-content\\\/uploads\\\/2017\\\/11\\\/logo-AEP-cor.png\",\"contentUrl\":\"https:\\\/\\\/aliancaevangelica.pt\\\/site\\\/wp-content\\\/uploads\\\/2017\\\/11\\\/logo-AEP-cor.png\",\"width\":1156,\"height\":672,\"caption\":\"Alian\u00e7a Evang\u00e9lica Portuguesa\"},\"image\":{\"@id\":\"https:\\\/\\\/aliancaevangelica.pt\\\/site\\\/#\\\/schema\\\/logo\\\/image\\\/\"},\"sameAs\":[\"http:\\\/\\\/facebook.com\\\/aeportuguesa\",\"http:\\\/\\\/instagram.com\\\/aliancaep\",\"http:\\\/\\\/youtube.com\\\/aeportuguesa\"]},{\"@type\":\"Person\",\"@id\":\"https:\\\/\\\/aliancaevangelica.pt\\\/site\\\/#\\\/schema\\\/person\\\/3b47cfc7535eff1e820f31c2d67eafcf\",\"name\":\"AEP\",\"sameAs\":[\"aeportugal\"],\"url\":\"https:\\\/\\\/aliancaevangelica.pt\\\/site\\\/author\\\/aeportugal\\\/\"}]}<\/script>\n<!-- \/ Yoast SEO plugin. -->","yoast_head_json":{"title":"Emerg\u00eancia Rio Grande do Sul - Brazil - AEP","robots":{"index":"index","follow":"follow","max-snippet":"max-snippet:-1","max-image-preview":"max-image-preview:large","max-video-preview":"max-video-preview:-1"},"canonical":"https:\/\/aliancaevangelica.pt\/site\/emergencia-rio-grande-do-sul-brazil\/","og_locale":"pt_PT","og_type":"article","og_title":"Emerg\u00eancia Rio Grande do Sul - Brazil - AEP","og_description":"As \u00e1guas est\u00e3o a baixar, e a revelar a destrui\u00e7\u00e3o, bem como a verdadeira dimens\u00e3o da calamidade. Vamos ajudar? A Alian\u00e7a Evang\u00e9lica Portuguesa junta-se \u00e0 Alian\u00e7a Evang\u00e9lica Brasileira no apoio,","og_url":"https:\/\/aliancaevangelica.pt\/site\/emergencia-rio-grande-do-sul-brazil\/","og_site_name":"AEP","article_publisher":"http:\/\/facebook.com\/aeportuguesa","article_author":"aeportugal","article_published_time":"2024-05-26T10:58:40+00:00","article_modified_time":"2026-04-14T01:13:13+00:00","og_image":[{"width":1024,"height":1280,"url":"https:\/\/aliancaevangelica.pt\/site\/wp-content\/uploads\/2024\/05\/WhatsApp-Image-2024-05-22-at-15.42.10.jpeg","type":"image\/jpeg"}],"author":"AEP","twitter_card":"summary_large_image","twitter_misc":{"Escrito por":"AEP","Tempo estimado de leitura":"1 minuto"},"schema":{"@context":"https:\/\/schema.org","@graph":[{"@type":"Article","@id":"https:\/\/aliancaevangelica.pt\/site\/emergencia-rio-grande-do-sul-brazil\/#article","isPartOf":{"@id":"https:\/\/aliancaevangelica.pt\/site\/emergencia-rio-grande-do-sul-brazil\/"},"author":{"name":"AEP","@id":"https:\/\/aliancaevangelica.pt\/site\/#\/schema\/person\/3b47cfc7535eff1e820f31c2d67eafcf"},"headline":"Emerg\u00eancia Rio Grande do Sul &#8211; Brazil","datePublished":"2024-05-26T10:58:40+00:00","dateModified":"2026-04-14T01:13:13+00:00","mainEntityOfPage":{"@id":"https:\/\/aliancaevangelica.pt\/site\/emergencia-rio-grande-do-sul-brazil\/"},"wordCount":101,"commentCount":0,"publisher":{"@id":"https:\/\/aliancaevangelica.pt\/site\/#organization"},"image":{"@id":"https:\/\/aliancaevangelica.pt\/site\/emergencia-rio-grande-do-sul-brazil\/#primaryimage"},"thumbnailUrl":"https:\/\/aliancaevangelica.pt\/site\/wp-content\/uploads\/2024\/05\/WhatsApp-Image-2024-05-22-at-15.42.10.jpeg","articleSection":["Ora\u00e7\u00e3o e Miss\u00f5es","Solidariedade"],"inLanguage":"pt-PT","potentialAction":[{"@type":"CommentAction","name":"Comment","target":["https:\/\/aliancaevangelica.pt\/site\/emergencia-rio-grande-do-sul-brazil\/#respond"]}]},{"@type":"WebPage","@id":"https:\/\/aliancaevangelica.pt\/site\/emergencia-rio-grande-do-sul-brazil\/","url":"https:\/\/aliancaevangelica.pt\/site\/emergencia-rio-grande-do-sul-brazil\/","name":"Emerg\u00eancia Rio Grande do Sul - Brazil - AEP","isPartOf":{"@id":"https:\/\/aliancaevangelica.pt\/site\/#website"},"primaryImageOfPage":{"@id":"https:\/\/aliancaevangelica.pt\/site\/emergencia-rio-grande-do-sul-brazil\/#primaryimage"},"image":{"@id":"https:\/\/aliancaevangelica.pt\/site\/emergencia-rio-grande-do-sul-brazil\/#primaryimage"},"thumbnailUrl":"https:\/\/aliancaevangelica.pt\/site\/wp-content\/uploads\/2024\/05\/WhatsApp-Image-2024-05-22-at-15.42.10.jpeg","datePublished":"2024-05-26T10:58:40+00:00","dateModified":"2026-04-14T01:13:13+00:00","breadcrumb":{"@id":"https:\/\/aliancaevangelica.pt\/site\/emergencia-rio-grande-do-sul-brazil\/#breadcrumb"},"inLanguage":"pt-PT","potentialAction":[{"@type":"ReadAction","target":["https:\/\/aliancaevangelica.pt\/site\/emergencia-rio-grande-do-sul-brazil\/"]}]},{"@type":"ImageObject","inLanguage":"pt-PT","@id":"https:\/\/aliancaevangelica.pt\/site\/emergencia-rio-grande-do-sul-brazil\/#primaryimage","url":"https:\/\/aliancaevangelica.pt\/site\/wp-content\/uploads\/2024\/05\/WhatsApp-Image-2024-05-22-at-15.42.10.jpeg","contentUrl":"https:\/\/aliancaevangelica.pt\/site\/wp-content\/uploads\/2024\/05\/WhatsApp-Image-2024-05-22-at-15.42.10.jpeg","width":1024,"height":1280},{"@type":"BreadcrumbList","@id":"https:\/\/aliancaevangelica.pt\/site\/emergencia-rio-grande-do-sul-brazil\/#breadcrumb","itemListElement":[{"@type":"ListItem","position":1,"name":"In\u00edcio","item":"https:\/\/aliancaevangelica.pt\/site\/"},{"@type":"ListItem","position":2,"name":"Emerg\u00eancia Rio Grande do Sul &#8211; Brazil"}]},{"@type":"WebSite","@id":"https:\/\/aliancaevangelica.pt\/site\/#website","url":"https:\/\/aliancaevangelica.pt\/site\/","name":"Alian\u00e7a Evang\u00e9lica Portuguesa","description":"Alian\u00e7a Evang\u00e9lica Portuguesa","publisher":{"@id":"https:\/\/aliancaevangelica.pt\/site\/#organization"},"potentialAction":[{"@type":"SearchAction","target":{"@type":"EntryPoint","urlTemplate":"https:\/\/aliancaevangelica.pt\/site\/?s={search_term_string}"},"query-input":{"@type":"PropertyValueSpecification","valueRequired":true,"valueName":"search_term_string"}}],"inLanguage":"pt-PT"},{"@type":"Organization","@id":"https:\/\/aliancaevangelica.pt\/site\/#organization","name":"Alian\u00e7a Evang\u00e9lica Portuguesa","url":"https:\/\/aliancaevangelica.pt\/site\/","logo":{"@type":"ImageObject","inLanguage":"pt-PT","@id":"https:\/\/aliancaevangelica.pt\/site\/#\/schema\/logo\/image\/","url":"https:\/\/aliancaevangelica.pt\/site\/wp-content\/uploads\/2017\/11\/logo-AEP-cor.png","contentUrl":"https:\/\/aliancaevangelica.pt\/site\/wp-content\/uploads\/2017\/11\/logo-AEP-cor.png","width":1156,"height":672,"caption":"Alian\u00e7a Evang\u00e9lica Portuguesa"},"image":{"@id":"https:\/\/aliancaevangelica.pt\/site\/#\/schema\/logo\/image\/"},"sameAs":["http:\/\/facebook.com\/aeportuguesa","http:\/\/instagram.com\/aliancaep","http:\/\/youtube.com\/aeportuguesa"]},{"@type":"Person","@id":"https:\/\/aliancaevangelica.pt\/site\/#\/schema\/person\/3b47cfc7535eff1e820f31c2d67eafcf","name":"AEP","sameAs":["aeportugal"],"url":"https:\/\/aliancaevangelica.pt\/site\/author\/aeportugal\/"}]}},"uagb_featured_image_src":{"full":["https:\/\/aliancaevangelica.pt\/site\/wp-content\/uploads\/2024\/05\/WhatsApp-Image-2024-05-22-at-15.42.10.jpeg",1024,1280,false],"thumbnail":["https:\/\/aliancaevangelica.pt\/site\/wp-content\/uploads\/2024\/05\/WhatsApp-Image-2024-05-22-at-15.42.10-150x150.jpeg",150,150,true],"medium":["https:\/\/aliancaevangelica.pt\/site\/wp-content\/uploads\/2024\/05\/WhatsApp-Image-2024-05-22-at-15.42.10-240x300.jpeg",240,300,true],"medium_large":["https:\/\/aliancaevangelica.pt\/site\/wp-content\/uploads\/2024\/05\/WhatsApp-Image-2024-05-22-at-15.42.10-768x960.jpeg",768,960,true],"large":["https:\/\/aliancaevangelica.pt\/site\/wp-content\/uploads\/2024\/05\/WhatsApp-Image-2024-05-22-at-15.42.10-819x1024.jpeg",819,1024,true],"1536x1536":["https:\/\/aliancaevangelica.pt\/site\/wp-content\/uploads\/2024\/05\/WhatsApp-Image-2024-05-22-at-15.42.10.jpeg",1024,1280,false],"2048x2048":["https:\/\/aliancaevangelica.pt\/site\/wp-content\/uploads\/2024\/05\/WhatsApp-Image-2024-05-22-at-15.42.10.jpeg",1024,1280,false],"vp_sm":["https:\/\/aliancaevangelica.pt\/site\/wp-content\/uploads\/2024\/05\/WhatsApp-Image-2024-05-22-at-15.42.10.jpeg",500,625,false],"vp_md":["https:\/\/aliancaevangelica.pt\/site\/wp-content\/uploads\/2024\/05\/WhatsApp-Image-2024-05-22-at-15.42.10.jpeg",800,1000,false],"vp_lg":["https:\/\/aliancaevangelica.pt\/site\/wp-content\/uploads\/2024\/05\/WhatsApp-Image-2024-05-22-at-15.42.10.jpeg",1024,1280,false],"vp_xl":["https:\/\/aliancaevangelica.pt\/site\/wp-content\/uploads\/2024\/05\/WhatsApp-Image-2024-05-22-at-15.42.10.jpeg",1024,1280,false],"vp_sm_popup":["https:\/\/aliancaevangelica.pt\/site\/wp-content\/uploads\/2024\/05\/WhatsApp-Image-2024-05-22-at-15.42.10.jpeg",500,625,false],"vp_md_popup":["https:\/\/aliancaevangelica.pt\/site\/wp-content\/uploads\/2024\/05\/WhatsApp-Image-2024-05-22-at-15.42.10.jpeg",800,1000,false],"vp_xl_popup":["https:\/\/aliancaevangelica.pt\/site\/wp-content\/uploads\/2024\/05\/WhatsApp-Image-2024-05-22-at-15.42.10.jpeg",1024,1280,false],"newsx-150x100":["https:\/\/aliancaevangelica.pt\/site\/wp-content\/uploads\/2024\/05\/WhatsApp-Image-2024-05-22-at-15.42.10.jpeg",80,100,false],"newsx-330x220":["https:\/\/aliancaevangelica.pt\/site\/wp-content\/uploads\/2024\/05\/WhatsApp-Image-2024-05-22-at-15.42.10.jpeg",176,220,false],"newsx-420x280":["https:\/\/aliancaevangelica.pt\/site\/wp-content\/uploads\/2024\/05\/WhatsApp-Image-2024-05-22-at-15.42.10.jpeg",224,280,false],"newsx-510x340":["https:\/\/aliancaevangelica.pt\/site\/wp-content\/uploads\/2024\/05\/WhatsApp-Image-2024-05-22-at-15.42.10.jpeg",272,340,false],"newsx-640x480":["https:\/\/aliancaevangelica.pt\/site\/wp-content\/uploads\/2024\/05\/WhatsApp-Image-2024-05-22-at-15.42.10.jpeg",384,480,false],"newsx-670x370":["https:\/\/aliancaevangelica.pt\/site\/wp-content\/uploads\/2024\/05\/WhatsApp-Image-2024-05-22-at-15.42.10.jpeg",296,370,false],"newsx-860x570":["https:\/\/aliancaevangelica.pt\/site\/wp-content\/uploads\/2024\/05\/WhatsApp-Image-2024-05-22-at-15.42.10.jpeg",456,570,false],"newsx-1000x750":["https:\/\/aliancaevangelica.pt\/site\/wp-content\/uploads\/2024\/05\/WhatsApp-Image-2024-05-22-at-15.42.10.jpeg",600,750,false],"newsx-1200x600":["https:\/\/aliancaevangelica.pt\/site\/wp-content\/uploads\/2024\/05\/WhatsApp-Image-2024-05-22-at-15.42.10.jpeg",480,600,false]},"uagb_author_info":{"display_name":"AEP","author_link":"https:\/\/aliancaevangelica.pt\/site\/author\/aeportugal\/"},"uagb_comment_info":0,"uagb_excerpt":"As \u00e1guas est\u00e3o a baixar, e a revelar a destrui\u00e7\u00e3o, bem como a verdadeira dimens\u00e3o da calamidade. Vamos ajudar? A Alian\u00e7a Evang\u00e9lica Portuguesa junta-se \u00e0 Alian\u00e7a Evang\u00e9lica Brasileira no apoio,","_links":{"self":[{"href":"https:\/\/aliancaevangelica.pt\/site\/wp-json\/wp\/v2\/posts\/20754","targetHints":{"allow":["GET"]}}],"collection":[{"href":"https:\/\/aliancaevangelica.pt\/site\/wp-json\/wp\/v2\/posts"}],"about":[{"href":"https:\/\/aliancaevangelica.pt\/site\/wp-json\/wp\/v2\/types\/post"}],"author":[{"embeddable":true,"href":"https:\/\/aliancaevangelica.pt\/site\/wp-json\/wp\/v2\/users\/2"}],"replies":[{"embeddable":true,"href":"https:\/\/aliancaevangelica.pt\/site\/wp-json\/wp\/v2\/comments?post=20754"}],"version-history":[{"count":3,"href":"https:\/\/aliancaevangelica.pt\/site\/wp-json\/wp\/v2\/posts\/20754\/revisions"}],"predecessor-version":[{"id":20758,"href":"https:\/\/aliancaevangelica.pt\/site\/wp-json\/wp\/v2\/posts\/20754\/revisions\/20758"}],"wp:featuredmedia":[{"embeddable":true,"href":"https:\/\/aliancaevangelica.pt\/site\/wp-json\/wp\/v2\/media\/20755"}],"wp:attachment":[{"href":"https:\/\/aliancaevangelica.pt\/site\/wp-json\/wp\/v2\/media?parent=20754"}],"wp:term":[{"taxonomy":"category","embeddable":true,"href":"https:\/\/aliancaevangelica.pt\/site\/wp-json\/wp\/v2\/categories?post=20754"},{"taxonomy":"post_tag","embeddable":true,"href":"https:\/\/aliancaevangelica.pt\/site\/wp-json\/wp\/v2\/tags?post=20754"}],"curies":[{"name":"wp","href":"https:\/\/api.w.org\/{rel}","templated":true}]}}