{"id":20658,"date":"2024-05-03T14:21:18","date_gmt":"2024-05-03T14:21:18","guid":{"rendered":"https:\/\/aliancaevangelica.pt\/site\/?p=20658"},"modified":"2026-04-30T19:07:29","modified_gmt":"2026-04-30T19:07:29","slug":"educacao-moral-e-religiosa-evangelica-inscreve-te-na-tua-escola-2","status":"publish","type":"post","link":"https:\/\/aliancaevangelica.pt\/site\/educacao-moral-e-religiosa-evangelica-inscreve-te-na-tua-escola-2\/","title":{"rendered":"Educa\u00e7\u00e3o Moral e Religiosa Evang\u00e9lica: Inscreve-te na tua escola!"},"content":{"rendered":"\n<div class=\"wp-block-file\"><a href=\"https:\/\/aliancaevangelica.pt\/site\/wp-content\/uploads\/2024\/05\/a3-jovem.pdf\">a3-jovem<\/a><a href=\"https:\/\/aliancaevangelica.pt\/site\/wp-content\/uploads\/2024\/05\/a3-jovem.pdf\" class=\"wp-block-file__button\" download>Descarregar<\/a><\/div>\n\n\n\n<p>A Disciplina de Educa\u00e7\u00e3o Moral e Religiosa Evang\u00e9lica (EMRE) \u00e9 um espa\u00e7o de inspira\u00e7\u00e3o crist\u00e3, aberto a todos os alunos das escolas p\u00fablicas do 1\u00ba ao 12\u00ba ano, de oferta obrigat\u00f3ria e matr\u00edcula opcional.<\/p>\n\n\n\n<p>&#8220;Vive e Partilha&#8221; \u00e9 o tema para o pr\u00f3ximo ano letivo!<\/p>\n\n\n\n<p>COLOCAR as duas Vers\u00f5es dos cartazes (das crian\u00e7as e dos adolescentes)<strong>Quais s\u00e3o ent\u00e3o os principais dom\u00ednios a desenvolver atrav\u00e9s da&nbsp;EMRE:O curr\u00edculo da disciplina de Educa\u00e7\u00e3o Moral e Religiosa Evang\u00e9lica encontra-se centrado na multidimensionalidade da Vida Crist\u00e3.&nbsp;Os conhecimentos, capacidades e atitudes, s\u00e3o aprofundados ao longo do percurso escolar do aluno, de acordo com a sua idade e grau de maturidade, partindo sempre dos seguintes dom\u00ednios: Relacionamento com Deus; Relacionamento Comigo Pr\u00f3prio; Relacionamento com a Fam\u00edlia; Relacionamento com o Pr\u00f3ximo; Relacionamento com a Natureza<\/strong>.<strong><u>Como posso fazer a inscri\u00e7\u00e3o na disciplina de EMRE?<\/u>As matr\u00edculas s\u00e3o feitas atrav\u00e9s do preenchimento do documento oficial, \u201cREQUERIMENTO PARA MATR\u00cdCULA NA DISCIPLINA DE EDUCA\u00c7\u00c3O MORAL E RELIGIOSA\u201d, a&nbsp;ser entregue&nbsp;ao professor titular para o caso do 1\u00ba ciclo (1\u00ba, 2\u00ba, 3\u00ba e 4\u00ba ano),&nbsp;ao Diretor de Turma para os outros anos de escolaridade&nbsp;e na secretaria, caso n\u00e3o tenha sido poss\u00edvel atrav\u00e9s dos processos indicados anteriormente, nomeadamente quando existe mudan\u00e7a de escola.&nbsp;Os alunos maiores de 16 anos podem efetuar a sua pr\u00f3pria matr\u00edcula.<\/strong>Requerimento para matricular em EMRE a entregar \u00e0 escola dispon\u00edvel&nbsp;<strong>aqui<\/strong>:<\/p>\n\n\n\n<div class=\"wp-block-file\"><a href=\"https:\/\/aliancaevangelica.pt\/site\/wp-content\/uploads\/2024\/05\/Requerimento_Oficial.pdf\">Requerimento_Oficial<\/a><a href=\"https:\/\/aliancaevangelica.pt\/site\/wp-content\/uploads\/2024\/05\/Requerimento_Oficial.pdf\" class=\"wp-block-file__button\" download>Descarregar<\/a><\/div>\n\n\n\n<p><strong><u>Se na escola alegarem que a disciplina n\u00e3o existe, posso na mesma fazer a matr\u00edcula?<\/u>\u00c0 luz da lei ningu\u00e9m pode impedir a inscri\u00e7\u00e3o em EMRE. O facto de a disciplina nunca ter funcionado em determinado estabelecimento de ensino n\u00e3o \u00e9 impeditivo para que ela possa vir a funcionar no ano letivo seguinte.Se algu\u00e9m&nbsp;impedir a inscri\u00e7\u00e3o em EMRE, o encarregado de educa\u00e7\u00e3o deve preencher de imediato o \u201c&nbsp;REQUERIMENTO PARA MATR\u00cdCULA NA DISCIPLINA DE EDUCA\u00c7\u00c3O MORAL E RELIGIOSA\u201d e dirigir-se \u00e0 Dire\u00e7\u00e3o da Escola Sede de Agrupamento para entrega do mesmo, reportando a situa\u00e7\u00e3o ocorrida.&nbsp;Sem inscri\u00e7\u00f5es a EMRE nunca poder\u00e1 vir a funcionar!<\/strong><\/p>\n\n\n\n<p><br><strong><u>A partir de quantos alunos a disciplina pode funcionar?<\/u><\/strong><\/p>\n\n\n\n<p>Para a forma\u00e7\u00e3o de uma turma curricular, dever\u00e3o estar inscritos no m\u00ednimo 10 alunos, mesmo que sejam de diferentes ciclos de estudo, anos ou turmas.&nbsp;<br><strong><u>E se forem menos de 10 alunos inscritos, a disciplina pode na mesma funcionar?<\/u><\/strong><\/p>\n\n\n\n<p>Se estiverem inscritos menos de 10 alunos, a COMACEP ir\u00e1 propor \u00e0 escola o funcionamento de um \u201cClube B\u00edblico Evang\u00e9lico\u201d, a fim proporcionar ensino b\u00edblico evang\u00e9lico a estes estudantes.&nbsp;<\/p>\n\n\n\n<p><strong>O que deve fazer a escola ap\u00f3s as matr\u00edculas feitas:<\/strong><\/p>\n\n\n\n<blockquote class=\"wp-block-quote is-layout-flow wp-block-quote-is-layout-flow\"><p>Conclu\u00eddo o processo de matr\u00edculas, solicitamos que seja feito o&nbsp;levantamento do&nbsp;<u>n\u00famero de alunos inscritos em EMRE<\/u>, em cada uma das escolas do agrupamento e que essa&nbsp;contagem seja comunicada \u00e0 COMACEP, bem como a&nbsp;<u>inexist\u00eancia de inscri\u00e7\u00f5es<\/u>, se for esse o caso.<\/p><\/blockquote>\n\n\n\n<p><strong>&nbsp;<\/strong><\/p>\n\n\n\n<p><strong>Inscrevi o meu filho. E agora?<\/strong><\/p>\n\n\n\n<p>Durante o m\u00eas de julho, o encarregado de educa\u00e7\u00e3o deve dirigir-se \u00e0 secretaria da escola sede, para confirmar a inscri\u00e7\u00e3o do seu educando em EMRE.&nbsp;No in\u00edcio do ano letivo,&nbsp;caso n\u00e3o se encontre assinalado no hor\u00e1rio do aluno a aula de EMRE, o encarregado de educa\u00e7\u00e3o deve pedir uma justifica\u00e7\u00e3o \u00e0 dire\u00e7\u00e3o do Agrupamento de Escolas.&nbsp;Caso se verifique alguma situa\u00e7\u00e3o irregular, deve&nbsp;informar de imediato a COMACEP.<\/p>\n\n\n\n<p><br><strong><u>O meu filho est\u00e1 inscrito em EMRE, mas foi colocado em EMRC. E agora?<\/u><\/strong><\/p>\n\n\n\n<p>Se aluno for inserido numa turma de EMRC (Educa\u00e7\u00e3o Moral e Religiosa Cat\u00f3lica), o encarregado de educa\u00e7\u00e3o dever\u00e1 dirigir-se de imediato \u00e0 Dire\u00e7\u00e3o da Escola Sede de Agrupamento para que o engano seja logo corrigido. Se o processo n\u00e3o for imediato, deve contactar a COMACEP.<\/p>\n\n\n\n<blockquote class=\"wp-block-quote is-layout-flow wp-block-quote-is-layout-flow\"><p><em><strong>NOTA INTERNA:&nbsp;<\/strong><strong>O PORTAL DAS MATR\u00cdCULAS N\u00c3O EST\u00c1 A FUNCIONAR BEM.&nbsp;<\/strong><strong>AS INSCRI\u00c7\u00d5ES DE CAT\u00d3LICA E DE EVANG\u00c9LICA COSTUMAM VIR TODAS MISTURADAS.&nbsp;<\/strong><strong>O IMPORTANTE \u00c9 ENFATIZAR A NECESSIDADE DE ENTREGA DO REQUERIMENTO DE MODO PRESENCIAL E A SOLICITA\u00c7\u00c3O DO COMPROVATIVO DE ENTREGA.<\/strong><\/em><\/p><\/blockquote>\n\n\n\n<blockquote class=\"wp-block-quote is-layout-flow wp-block-quote-is-layout-flow\"><p><strong>OS PROCEDIMENTOS EFETUADOS ATRAV\u00c9S DO PORTAL DAS MATR\u00cdCULAS (<a rel=\"noreferrer noopener\" href=\"https:\/\/portaldasmatriculas.edu.gov.pt\/\" target=\"_blank\">https:\/\/portaldasmatriculas.edu.gov.pt\/<\/a>) DEVEM&nbsp;SER&nbsp;SEMPRE COMPLEMNETADOS COM A ENTREGA PRESENCIAL DO&nbsp;\u201cREQUERIMENTO PARA MATR\u00cdCULA NA DISCIPLINA DE EDUCA\u00c7\u00c3O MORAL E RELIGIOSA\u201d <\/strong><\/p><\/blockquote>\n\n\n\n<p>&nbsp;Para mais informa\u00e7\u00f5es contactar:&nbsp;<\/p>\n\n\n\n<p>Contactos:<\/p>\n\n\n\n<p><a href=\"mailto:comacep@portalevangelico.pt\" target=\"_blank\" rel=\"noreferrer noopener\">comacep@portalevangelico.pt<\/a><\/p>\n\n\n\n<p>Se deseja conhecer melhor o minist\u00e9rio da COMACEP, visite-nos em:<\/p>\n\n\n\n<p><a href=\"https:\/\/linktr.ee\/comacep\">https:\/\/linktr.ee\/comacep<\/a><\/p>\n\n\n\n\n\n<p>&nbsp;<img loading=\"lazy\" decoding=\"async\" src=\"https:\/\/mail.google.com\/mail\/u\/0?ui=2&amp;ik=a635278423&amp;attid=0.1.1&amp;permmsgid=msg-f:1797776657220007942&amp;th=18f2fc583f167806&amp;view=fimg&amp;fur=ip&amp;sz=s0-l75-ft&amp;attbid=ANGjdJ8vOV0X2kuDXsPdI5979TECXacRKEGrzp90t-A6MO4dg7qxs7ywGD5Jmk_OetWUMhb5Ozi5hHe9DQ0e0xx5bfbAzAw7_L19eonRVwXrNX7Kd5FIacTgU5aWCE8&amp;disp=emb\" alt=\"image.png\" width=\"99\" height=\"100\"><\/p>\n\n\n\n<p>Para mais informa\u00e7\u00e3o sobre a disciplina de EMRE, visite-nos em:<\/p>\n\n\n\n<p><a href=\"https:\/\/linktr.ee\/moralevangelica\">https:\/\/linktr.ee\/moralevangelica<\/a><\/p>\n\n\n\n<p><strong><\/strong><img loading=\"lazy\" decoding=\"async\" src=\"https:\/\/mail.google.com\/mail\/u\/0?ui=2&amp;ik=a635278423&amp;attid=0.1.2&amp;permmsgid=msg-f:1797776657220007942&amp;th=18f2fc583f167806&amp;view=fimg&amp;fur=ip&amp;sz=s0-l75-ft&amp;attbid=ANGjdJ8vWuR_S40ELtF3CchJfFng5JhklGJJ0STDn_ra2zzuwuiXCKCROk0Bd3yc8A1t6vpKtJxm4bnFB_2-HbfHqQ2_qnQTg7w3lWzvMOfq0L2pgOjek1NQE6dQnM8&amp;disp=emb\" alt=\"image.png\" width=\"103\" height=\"104\"><\/p>\n","protected":false},"excerpt":{"rendered":"<p>A Disciplina de Educa\u00e7\u00e3o Moral e Religiosa Evang\u00e9lica (EMRE) \u00e9 um espa\u00e7o de inspira\u00e7\u00e3o crist\u00e3, aberto a todos os alunos das escolas p\u00fablicas do 1\u00ba ao 12\u00ba ano, de oferta obrigat\u00f3ria e matr\u00edcula opcional. &#8220;Vive e Partilha&#8221; \u00e9 o tema para o pr\u00f3ximo ano letivo! COLOCAR as duas Vers\u00f5es dos cartazes (das crian\u00e7as e dos<\/p>\n","protected":false},"author":2,"featured_media":20660,"comment_status":"open","ping_status":"open","sticky":false,"template":"","format":"standard","meta":{"_uag_custom_page_level_css":"","_themeisle_gutenberg_block_has_review":false,"_vp_format_video_url":"","_vp_image_focal_point":[],"footnotes":""},"categories":[119],"tags":[153],"class_list":["post-20658","post","type-post","status-publish","format-standard","has-post-thumbnail","hentry","category-comacep","tag-emre"],"yoast_head":"<!-- This site is optimized with the Yoast SEO plugin v27.5 - https:\/\/yoast.com\/product\/yoast-seo-wordpress\/ -->\n<title>Educa\u00e7\u00e3o Moral e Religiosa Evang\u00e9lica: Inscreve-te na tua escola! - AEP<\/title>\n<meta name=\"robots\" content=\"index, follow, max-snippet:-1, max-image-preview:large, max-video-preview:-1\" \/>\n<link rel=\"canonical\" href=\"https:\/\/aliancaevangelica.pt\/site\/educacao-moral-e-religiosa-evangelica-inscreve-te-na-tua-escola-2\/\" \/>\n<meta property=\"og:locale\" content=\"pt_PT\" \/>\n<meta property=\"og:type\" content=\"article\" \/>\n<meta property=\"og:title\" content=\"Educa\u00e7\u00e3o Moral e Religiosa Evang\u00e9lica: Inscreve-te na tua escola! - AEP\" \/>\n<meta property=\"og:description\" content=\"A Disciplina de Educa\u00e7\u00e3o Moral e Religiosa Evang\u00e9lica (EMRE) \u00e9 um espa\u00e7o de inspira\u00e7\u00e3o crist\u00e3, aberto a todos os alunos das escolas p\u00fablicas do 1\u00ba ao 12\u00ba ano, de oferta obrigat\u00f3ria e matr\u00edcula opcional. &#8220;Vive e Partilha&#8221; \u00e9 o tema para o pr\u00f3ximo ano letivo! COLOCAR as duas Vers\u00f5es dos cartazes (das crian\u00e7as e dos\" \/>\n<meta property=\"og:url\" content=\"https:\/\/aliancaevangelica.pt\/site\/educacao-moral-e-religiosa-evangelica-inscreve-te-na-tua-escola-2\/\" \/>\n<meta property=\"og:site_name\" content=\"AEP\" \/>\n<meta property=\"article:publisher\" content=\"http:\/\/facebook.com\/aeportuguesa\" \/>\n<meta property=\"article:author\" content=\"aeportugal\" \/>\n<meta property=\"article:published_time\" content=\"2024-05-03T14:21:18+00:00\" \/>\n<meta property=\"article:modified_time\" content=\"2026-04-30T19:07:29+00:00\" \/>\n<meta property=\"og:image\" content=\"https:\/\/aliancaevangelica.pt\/site\/wp-content\/uploads\/2024\/05\/Captura-de-ecra\u0303-2024-05-03-a\u0300s-15.20.23.png\" \/>\n\t<meta property=\"og:image:width\" content=\"1034\" \/>\n\t<meta property=\"og:image:height\" content=\"1466\" \/>\n\t<meta property=\"og:image:type\" content=\"image\/png\" \/>\n<meta name=\"author\" content=\"AEP\" \/>\n<meta name=\"twitter:card\" content=\"summary_large_image\" \/>\n<meta name=\"twitter:label1\" content=\"Escrito por\" \/>\n\t<meta name=\"twitter:data1\" content=\"AEP\" \/>\n\t<meta name=\"twitter:label2\" content=\"Tempo estimado de leitura\" \/>\n\t<meta name=\"twitter:data2\" content=\"5 minutos\" \/>\n<script type=\"application\/ld+json\" class=\"yoast-schema-graph\">{\"@context\":\"https:\\\/\\\/schema.org\",\"@graph\":[{\"@type\":\"Article\",\"@id\":\"https:\\\/\\\/aliancaevangelica.pt\\\/site\\\/educacao-moral-e-religiosa-evangelica-inscreve-te-na-tua-escola-2\\\/#article\",\"isPartOf\":{\"@id\":\"https:\\\/\\\/aliancaevangelica.pt\\\/site\\\/educacao-moral-e-religiosa-evangelica-inscreve-te-na-tua-escola-2\\\/\"},\"author\":{\"name\":\"AEP\",\"@id\":\"https:\\\/\\\/aliancaevangelica.pt\\\/site\\\/#\\\/schema\\\/person\\\/3b47cfc7535eff1e820f31c2d67eafcf\"},\"headline\":\"Educa\u00e7\u00e3o Moral e Religiosa Evang\u00e9lica: Inscreve-te na tua escola!\",\"datePublished\":\"2024-05-03T14:21:18+00:00\",\"dateModified\":\"2026-04-30T19:07:29+00:00\",\"mainEntityOfPage\":{\"@id\":\"https:\\\/\\\/aliancaevangelica.pt\\\/site\\\/educacao-moral-e-religiosa-evangelica-inscreve-te-na-tua-escola-2\\\/\"},\"wordCount\":825,\"commentCount\":0,\"publisher\":{\"@id\":\"https:\\\/\\\/aliancaevangelica.pt\\\/site\\\/#organization\"},\"image\":{\"@id\":\"https:\\\/\\\/aliancaevangelica.pt\\\/site\\\/educacao-moral-e-religiosa-evangelica-inscreve-te-na-tua-escola-2\\\/#primaryimage\"},\"thumbnailUrl\":\"https:\\\/\\\/aliancaevangelica.pt\\\/site\\\/wp-content\\\/uploads\\\/2024\\\/05\\\/Captura-de-ecra\u0303-2024-05-03-a\u0300s-15.20.23.png\",\"keywords\":[\"EMRE\"],\"articleSection\":[\"COMACEP\"],\"inLanguage\":\"pt-PT\",\"potentialAction\":[{\"@type\":\"CommentAction\",\"name\":\"Comment\",\"target\":[\"https:\\\/\\\/aliancaevangelica.pt\\\/site\\\/educacao-moral-e-religiosa-evangelica-inscreve-te-na-tua-escola-2\\\/#respond\"]}]},{\"@type\":\"WebPage\",\"@id\":\"https:\\\/\\\/aliancaevangelica.pt\\\/site\\\/educacao-moral-e-religiosa-evangelica-inscreve-te-na-tua-escola-2\\\/\",\"url\":\"https:\\\/\\\/aliancaevangelica.pt\\\/site\\\/educacao-moral-e-religiosa-evangelica-inscreve-te-na-tua-escola-2\\\/\",\"name\":\"Educa\u00e7\u00e3o Moral e Religiosa Evang\u00e9lica: Inscreve-te na tua escola! - AEP\",\"isPartOf\":{\"@id\":\"https:\\\/\\\/aliancaevangelica.pt\\\/site\\\/#website\"},\"primaryImageOfPage\":{\"@id\":\"https:\\\/\\\/aliancaevangelica.pt\\\/site\\\/educacao-moral-e-religiosa-evangelica-inscreve-te-na-tua-escola-2\\\/#primaryimage\"},\"image\":{\"@id\":\"https:\\\/\\\/aliancaevangelica.pt\\\/site\\\/educacao-moral-e-religiosa-evangelica-inscreve-te-na-tua-escola-2\\\/#primaryimage\"},\"thumbnailUrl\":\"https:\\\/\\\/aliancaevangelica.pt\\\/site\\\/wp-content\\\/uploads\\\/2024\\\/05\\\/Captura-de-ecra\u0303-2024-05-03-a\u0300s-15.20.23.png\",\"datePublished\":\"2024-05-03T14:21:18+00:00\",\"dateModified\":\"2026-04-30T19:07:29+00:00\",\"breadcrumb\":{\"@id\":\"https:\\\/\\\/aliancaevangelica.pt\\\/site\\\/educacao-moral-e-religiosa-evangelica-inscreve-te-na-tua-escola-2\\\/#breadcrumb\"},\"inLanguage\":\"pt-PT\",\"potentialAction\":[{\"@type\":\"ReadAction\",\"target\":[\"https:\\\/\\\/aliancaevangelica.pt\\\/site\\\/educacao-moral-e-religiosa-evangelica-inscreve-te-na-tua-escola-2\\\/\"]}]},{\"@type\":\"ImageObject\",\"inLanguage\":\"pt-PT\",\"@id\":\"https:\\\/\\\/aliancaevangelica.pt\\\/site\\\/educacao-moral-e-religiosa-evangelica-inscreve-te-na-tua-escola-2\\\/#primaryimage\",\"url\":\"https:\\\/\\\/aliancaevangelica.pt\\\/site\\\/wp-content\\\/uploads\\\/2024\\\/05\\\/Captura-de-ecra\u0303-2024-05-03-a\u0300s-15.20.23.png\",\"contentUrl\":\"https:\\\/\\\/aliancaevangelica.pt\\\/site\\\/wp-content\\\/uploads\\\/2024\\\/05\\\/Captura-de-ecra\u0303-2024-05-03-a\u0300s-15.20.23.png\",\"width\":1034,\"height\":1466},{\"@type\":\"BreadcrumbList\",\"@id\":\"https:\\\/\\\/aliancaevangelica.pt\\\/site\\\/educacao-moral-e-religiosa-evangelica-inscreve-te-na-tua-escola-2\\\/#breadcrumb\",\"itemListElement\":[{\"@type\":\"ListItem\",\"position\":1,\"name\":\"In\u00edcio\",\"item\":\"https:\\\/\\\/aliancaevangelica.pt\\\/site\\\/\"},{\"@type\":\"ListItem\",\"position\":2,\"name\":\"Educa\u00e7\u00e3o Moral e Religiosa Evang\u00e9lica: Inscreve-te na tua escola!\"}]},{\"@type\":\"WebSite\",\"@id\":\"https:\\\/\\\/aliancaevangelica.pt\\\/site\\\/#website\",\"url\":\"https:\\\/\\\/aliancaevangelica.pt\\\/site\\\/\",\"name\":\"Alian\u00e7a Evang\u00e9lica Portuguesa\",\"description\":\"Alian\u00e7a Evang\u00e9lica Portuguesa\",\"publisher\":{\"@id\":\"https:\\\/\\\/aliancaevangelica.pt\\\/site\\\/#organization\"},\"potentialAction\":[{\"@type\":\"SearchAction\",\"target\":{\"@type\":\"EntryPoint\",\"urlTemplate\":\"https:\\\/\\\/aliancaevangelica.pt\\\/site\\\/?s={search_term_string}\"},\"query-input\":{\"@type\":\"PropertyValueSpecification\",\"valueRequired\":true,\"valueName\":\"search_term_string\"}}],\"inLanguage\":\"pt-PT\"},{\"@type\":\"Organization\",\"@id\":\"https:\\\/\\\/aliancaevangelica.pt\\\/site\\\/#organization\",\"name\":\"Alian\u00e7a Evang\u00e9lica Portuguesa\",\"url\":\"https:\\\/\\\/aliancaevangelica.pt\\\/site\\\/\",\"logo\":{\"@type\":\"ImageObject\",\"inLanguage\":\"pt-PT\",\"@id\":\"https:\\\/\\\/aliancaevangelica.pt\\\/site\\\/#\\\/schema\\\/logo\\\/image\\\/\",\"url\":\"https:\\\/\\\/aliancaevangelica.pt\\\/site\\\/wp-content\\\/uploads\\\/2017\\\/11\\\/logo-AEP-cor.png\",\"contentUrl\":\"https:\\\/\\\/aliancaevangelica.pt\\\/site\\\/wp-content\\\/uploads\\\/2017\\\/11\\\/logo-AEP-cor.png\",\"width\":1156,\"height\":672,\"caption\":\"Alian\u00e7a Evang\u00e9lica Portuguesa\"},\"image\":{\"@id\":\"https:\\\/\\\/aliancaevangelica.pt\\\/site\\\/#\\\/schema\\\/logo\\\/image\\\/\"},\"sameAs\":[\"http:\\\/\\\/facebook.com\\\/aeportuguesa\",\"http:\\\/\\\/instagram.com\\\/aliancaep\",\"http:\\\/\\\/youtube.com\\\/aeportuguesa\"]},{\"@type\":\"Person\",\"@id\":\"https:\\\/\\\/aliancaevangelica.pt\\\/site\\\/#\\\/schema\\\/person\\\/3b47cfc7535eff1e820f31c2d67eafcf\",\"name\":\"AEP\",\"sameAs\":[\"aeportugal\"],\"url\":\"https:\\\/\\\/aliancaevangelica.pt\\\/site\\\/author\\\/aeportugal\\\/\"}]}<\/script>\n<!-- \/ Yoast SEO plugin. -->","yoast_head_json":{"title":"Educa\u00e7\u00e3o Moral e Religiosa Evang\u00e9lica: Inscreve-te na tua escola! - AEP","robots":{"index":"index","follow":"follow","max-snippet":"max-snippet:-1","max-image-preview":"max-image-preview:large","max-video-preview":"max-video-preview:-1"},"canonical":"https:\/\/aliancaevangelica.pt\/site\/educacao-moral-e-religiosa-evangelica-inscreve-te-na-tua-escola-2\/","og_locale":"pt_PT","og_type":"article","og_title":"Educa\u00e7\u00e3o Moral e Religiosa Evang\u00e9lica: Inscreve-te na tua escola! - AEP","og_description":"A Disciplina de Educa\u00e7\u00e3o Moral e Religiosa Evang\u00e9lica (EMRE) \u00e9 um espa\u00e7o de inspira\u00e7\u00e3o crist\u00e3, aberto a todos os alunos das escolas p\u00fablicas do 1\u00ba ao 12\u00ba ano, de oferta obrigat\u00f3ria e matr\u00edcula opcional. &#8220;Vive e Partilha&#8221; \u00e9 o tema para o pr\u00f3ximo ano letivo! COLOCAR as duas Vers\u00f5es dos cartazes (das crian\u00e7as e dos","og_url":"https:\/\/aliancaevangelica.pt\/site\/educacao-moral-e-religiosa-evangelica-inscreve-te-na-tua-escola-2\/","og_site_name":"AEP","article_publisher":"http:\/\/facebook.com\/aeportuguesa","article_author":"aeportugal","article_published_time":"2024-05-03T14:21:18+00:00","article_modified_time":"2026-04-30T19:07:29+00:00","og_image":[{"width":1034,"height":1466,"url":"https:\/\/aliancaevangelica.pt\/site\/wp-content\/uploads\/2024\/05\/Captura-de-ecra\u0303-2024-05-03-a\u0300s-15.20.23.png","type":"image\/png"}],"author":"AEP","twitter_card":"summary_large_image","twitter_misc":{"Escrito por":"AEP","Tempo estimado de leitura":"5 minutos"},"schema":{"@context":"https:\/\/schema.org","@graph":[{"@type":"Article","@id":"https:\/\/aliancaevangelica.pt\/site\/educacao-moral-e-religiosa-evangelica-inscreve-te-na-tua-escola-2\/#article","isPartOf":{"@id":"https:\/\/aliancaevangelica.pt\/site\/educacao-moral-e-religiosa-evangelica-inscreve-te-na-tua-escola-2\/"},"author":{"name":"AEP","@id":"https:\/\/aliancaevangelica.pt\/site\/#\/schema\/person\/3b47cfc7535eff1e820f31c2d67eafcf"},"headline":"Educa\u00e7\u00e3o Moral e Religiosa Evang\u00e9lica: Inscreve-te na tua escola!","datePublished":"2024-05-03T14:21:18+00:00","dateModified":"2026-04-30T19:07:29+00:00","mainEntityOfPage":{"@id":"https:\/\/aliancaevangelica.pt\/site\/educacao-moral-e-religiosa-evangelica-inscreve-te-na-tua-escola-2\/"},"wordCount":825,"commentCount":0,"publisher":{"@id":"https:\/\/aliancaevangelica.pt\/site\/#organization"},"image":{"@id":"https:\/\/aliancaevangelica.pt\/site\/educacao-moral-e-religiosa-evangelica-inscreve-te-na-tua-escola-2\/#primaryimage"},"thumbnailUrl":"https:\/\/aliancaevangelica.pt\/site\/wp-content\/uploads\/2024\/05\/Captura-de-ecra\u0303-2024-05-03-a\u0300s-15.20.23.png","keywords":["EMRE"],"articleSection":["COMACEP"],"inLanguage":"pt-PT","potentialAction":[{"@type":"CommentAction","name":"Comment","target":["https:\/\/aliancaevangelica.pt\/site\/educacao-moral-e-religiosa-evangelica-inscreve-te-na-tua-escola-2\/#respond"]}]},{"@type":"WebPage","@id":"https:\/\/aliancaevangelica.pt\/site\/educacao-moral-e-religiosa-evangelica-inscreve-te-na-tua-escola-2\/","url":"https:\/\/aliancaevangelica.pt\/site\/educacao-moral-e-religiosa-evangelica-inscreve-te-na-tua-escola-2\/","name":"Educa\u00e7\u00e3o Moral e Religiosa Evang\u00e9lica: Inscreve-te na tua escola! - AEP","isPartOf":{"@id":"https:\/\/aliancaevangelica.pt\/site\/#website"},"primaryImageOfPage":{"@id":"https:\/\/aliancaevangelica.pt\/site\/educacao-moral-e-religiosa-evangelica-inscreve-te-na-tua-escola-2\/#primaryimage"},"image":{"@id":"https:\/\/aliancaevangelica.pt\/site\/educacao-moral-e-religiosa-evangelica-inscreve-te-na-tua-escola-2\/#primaryimage"},"thumbnailUrl":"https:\/\/aliancaevangelica.pt\/site\/wp-content\/uploads\/2024\/05\/Captura-de-ecra\u0303-2024-05-03-a\u0300s-15.20.23.png","datePublished":"2024-05-03T14:21:18+00:00","dateModified":"2026-04-30T19:07:29+00:00","breadcrumb":{"@id":"https:\/\/aliancaevangelica.pt\/site\/educacao-moral-e-religiosa-evangelica-inscreve-te-na-tua-escola-2\/#breadcrumb"},"inLanguage":"pt-PT","potentialAction":[{"@type":"ReadAction","target":["https:\/\/aliancaevangelica.pt\/site\/educacao-moral-e-religiosa-evangelica-inscreve-te-na-tua-escola-2\/"]}]},{"@type":"ImageObject","inLanguage":"pt-PT","@id":"https:\/\/aliancaevangelica.pt\/site\/educacao-moral-e-religiosa-evangelica-inscreve-te-na-tua-escola-2\/#primaryimage","url":"https:\/\/aliancaevangelica.pt\/site\/wp-content\/uploads\/2024\/05\/Captura-de-ecra\u0303-2024-05-03-a\u0300s-15.20.23.png","contentUrl":"https:\/\/aliancaevangelica.pt\/site\/wp-content\/uploads\/2024\/05\/Captura-de-ecra\u0303-2024-05-03-a\u0300s-15.20.23.png","width":1034,"height":1466},{"@type":"BreadcrumbList","@id":"https:\/\/aliancaevangelica.pt\/site\/educacao-moral-e-religiosa-evangelica-inscreve-te-na-tua-escola-2\/#breadcrumb","itemListElement":[{"@type":"ListItem","position":1,"name":"In\u00edcio","item":"https:\/\/aliancaevangelica.pt\/site\/"},{"@type":"ListItem","position":2,"name":"Educa\u00e7\u00e3o Moral e Religiosa Evang\u00e9lica: Inscreve-te na tua escola!"}]},{"@type":"WebSite","@id":"https:\/\/aliancaevangelica.pt\/site\/#website","url":"https:\/\/aliancaevangelica.pt\/site\/","name":"Alian\u00e7a Evang\u00e9lica Portuguesa","description":"Alian\u00e7a Evang\u00e9lica Portuguesa","publisher":{"@id":"https:\/\/aliancaevangelica.pt\/site\/#organization"},"potentialAction":[{"@type":"SearchAction","target":{"@type":"EntryPoint","urlTemplate":"https:\/\/aliancaevangelica.pt\/site\/?s={search_term_string}"},"query-input":{"@type":"PropertyValueSpecification","valueRequired":true,"valueName":"search_term_string"}}],"inLanguage":"pt-PT"},{"@type":"Organization","@id":"https:\/\/aliancaevangelica.pt\/site\/#organization","name":"Alian\u00e7a Evang\u00e9lica Portuguesa","url":"https:\/\/aliancaevangelica.pt\/site\/","logo":{"@type":"ImageObject","inLanguage":"pt-PT","@id":"https:\/\/aliancaevangelica.pt\/site\/#\/schema\/logo\/image\/","url":"https:\/\/aliancaevangelica.pt\/site\/wp-content\/uploads\/2017\/11\/logo-AEP-cor.png","contentUrl":"https:\/\/aliancaevangelica.pt\/site\/wp-content\/uploads\/2017\/11\/logo-AEP-cor.png","width":1156,"height":672,"caption":"Alian\u00e7a Evang\u00e9lica Portuguesa"},"image":{"@id":"https:\/\/aliancaevangelica.pt\/site\/#\/schema\/logo\/image\/"},"sameAs":["http:\/\/facebook.com\/aeportuguesa","http:\/\/instagram.com\/aliancaep","http:\/\/youtube.com\/aeportuguesa"]},{"@type":"Person","@id":"https:\/\/aliancaevangelica.pt\/site\/#\/schema\/person\/3b47cfc7535eff1e820f31c2d67eafcf","name":"AEP","sameAs":["aeportugal"],"url":"https:\/\/aliancaevangelica.pt\/site\/author\/aeportugal\/"}]}},"uagb_featured_image_src":{"full":["https:\/\/aliancaevangelica.pt\/site\/wp-content\/uploads\/2024\/05\/Captura-de-ecra\u0303-2024-05-03-a\u0300s-15.20.23.png",1034,1466,false],"thumbnail":["https:\/\/aliancaevangelica.pt\/site\/wp-content\/uploads\/2024\/05\/Captura-de-ecra\u0303-2024-05-03-a\u0300s-15.20.23-150x150.png",150,150,true],"medium":["https:\/\/aliancaevangelica.pt\/site\/wp-content\/uploads\/2024\/05\/Captura-de-ecra\u0303-2024-05-03-a\u0300s-15.20.23-212x300.png",212,300,true],"medium_large":["https:\/\/aliancaevangelica.pt\/site\/wp-content\/uploads\/2024\/05\/Captura-de-ecra\u0303-2024-05-03-a\u0300s-15.20.23-768x1089.png",768,1089,true],"large":["https:\/\/aliancaevangelica.pt\/site\/wp-content\/uploads\/2024\/05\/Captura-de-ecra\u0303-2024-05-03-a\u0300s-15.20.23-722x1024.png",722,1024,true],"1536x1536":["https:\/\/aliancaevangelica.pt\/site\/wp-content\/uploads\/2024\/05\/Captura-de-ecra\u0303-2024-05-03-a\u0300s-15.20.23.png",1034,1466,false],"2048x2048":["https:\/\/aliancaevangelica.pt\/site\/wp-content\/uploads\/2024\/05\/Captura-de-ecra\u0303-2024-05-03-a\u0300s-15.20.23.png",1034,1466,false],"vp_sm":["https:\/\/aliancaevangelica.pt\/site\/wp-content\/uploads\/2024\/05\/Captura-de-ecra\u0303-2024-05-03-a\u0300s-15.20.23.png",500,709,false],"vp_md":["https:\/\/aliancaevangelica.pt\/site\/wp-content\/uploads\/2024\/05\/Captura-de-ecra\u0303-2024-05-03-a\u0300s-15.20.23.png",800,1134,false],"vp_lg":["https:\/\/aliancaevangelica.pt\/site\/wp-content\/uploads\/2024\/05\/Captura-de-ecra\u0303-2024-05-03-a\u0300s-15.20.23.png",1034,1466,false],"vp_xl":["https:\/\/aliancaevangelica.pt\/site\/wp-content\/uploads\/2024\/05\/Captura-de-ecra\u0303-2024-05-03-a\u0300s-15.20.23.png",1034,1466,false],"vp_sm_popup":["https:\/\/aliancaevangelica.pt\/site\/wp-content\/uploads\/2024\/05\/Captura-de-ecra\u0303-2024-05-03-a\u0300s-15.20.23.png",500,709,false],"vp_md_popup":["https:\/\/aliancaevangelica.pt\/site\/wp-content\/uploads\/2024\/05\/Captura-de-ecra\u0303-2024-05-03-a\u0300s-15.20.23.png",800,1134,false],"vp_xl_popup":["https:\/\/aliancaevangelica.pt\/site\/wp-content\/uploads\/2024\/05\/Captura-de-ecra\u0303-2024-05-03-a\u0300s-15.20.23.png",1034,1466,false],"newsx-150x100":["https:\/\/aliancaevangelica.pt\/site\/wp-content\/uploads\/2024\/05\/Captura-de-ecra\u0303-2024-05-03-a\u0300s-15.20.23.png",71,100,false],"newsx-330x220":["https:\/\/aliancaevangelica.pt\/site\/wp-content\/uploads\/2024\/05\/Captura-de-ecra\u0303-2024-05-03-a\u0300s-15.20.23.png",155,220,false],"newsx-420x280":["https:\/\/aliancaevangelica.pt\/site\/wp-content\/uploads\/2024\/05\/Captura-de-ecra\u0303-2024-05-03-a\u0300s-15.20.23.png",197,280,false],"newsx-510x340":["https:\/\/aliancaevangelica.pt\/site\/wp-content\/uploads\/2024\/05\/Captura-de-ecra\u0303-2024-05-03-a\u0300s-15.20.23.png",240,340,false],"newsx-640x480":["https:\/\/aliancaevangelica.pt\/site\/wp-content\/uploads\/2024\/05\/Captura-de-ecra\u0303-2024-05-03-a\u0300s-15.20.23.png",339,480,false],"newsx-670x370":["https:\/\/aliancaevangelica.pt\/site\/wp-content\/uploads\/2024\/05\/Captura-de-ecra\u0303-2024-05-03-a\u0300s-15.20.23.png",261,370,false],"newsx-860x570":["https:\/\/aliancaevangelica.pt\/site\/wp-content\/uploads\/2024\/05\/Captura-de-ecra\u0303-2024-05-03-a\u0300s-15.20.23.png",402,570,false],"newsx-1000x750":["https:\/\/aliancaevangelica.pt\/site\/wp-content\/uploads\/2024\/05\/Captura-de-ecra\u0303-2024-05-03-a\u0300s-15.20.23.png",529,750,false],"newsx-1200x600":["https:\/\/aliancaevangelica.pt\/site\/wp-content\/uploads\/2024\/05\/Captura-de-ecra\u0303-2024-05-03-a\u0300s-15.20.23.png",423,600,false]},"uagb_author_info":{"display_name":"AEP","author_link":"https:\/\/aliancaevangelica.pt\/site\/author\/aeportugal\/"},"uagb_comment_info":0,"uagb_excerpt":"A Disciplina de Educa\u00e7\u00e3o Moral e Religiosa Evang\u00e9lica (EMRE) \u00e9 um espa\u00e7o de inspira\u00e7\u00e3o crist\u00e3, aberto a todos os alunos das escolas p\u00fablicas do 1\u00ba ao 12\u00ba ano, de oferta obrigat\u00f3ria e matr\u00edcula opcional. &#8220;Vive e Partilha&#8221; \u00e9 o tema para o pr\u00f3ximo ano letivo! COLOCAR as duas Vers\u00f5es dos cartazes (das crian\u00e7as e dos","_links":{"self":[{"href":"https:\/\/aliancaevangelica.pt\/site\/wp-json\/wp\/v2\/posts\/20658","targetHints":{"allow":["GET"]}}],"collection":[{"href":"https:\/\/aliancaevangelica.pt\/site\/wp-json\/wp\/v2\/posts"}],"about":[{"href":"https:\/\/aliancaevangelica.pt\/site\/wp-json\/wp\/v2\/types\/post"}],"author":[{"embeddable":true,"href":"https:\/\/aliancaevangelica.pt\/site\/wp-json\/wp\/v2\/users\/2"}],"replies":[{"embeddable":true,"href":"https:\/\/aliancaevangelica.pt\/site\/wp-json\/wp\/v2\/comments?post=20658"}],"version-history":[{"count":2,"href":"https:\/\/aliancaevangelica.pt\/site\/wp-json\/wp\/v2\/posts\/20658\/revisions"}],"predecessor-version":[{"id":20876,"href":"https:\/\/aliancaevangelica.pt\/site\/wp-json\/wp\/v2\/posts\/20658\/revisions\/20876"}],"wp:featuredmedia":[{"embeddable":true,"href":"https:\/\/aliancaevangelica.pt\/site\/wp-json\/wp\/v2\/media\/20660"}],"wp:attachment":[{"href":"https:\/\/aliancaevangelica.pt\/site\/wp-json\/wp\/v2\/media?parent=20658"}],"wp:term":[{"taxonomy":"category","embeddable":true,"href":"https:\/\/aliancaevangelica.pt\/site\/wp-json\/wp\/v2\/categories?post=20658"},{"taxonomy":"post_tag","embeddable":true,"href":"https:\/\/aliancaevangelica.pt\/site\/wp-json\/wp\/v2\/tags?post=20658"}],"curies":[{"name":"wp","href":"https:\/\/api.w.org\/{rel}","templated":true}]}}