{"id":20626,"date":"2024-04-01T21:20:56","date_gmt":"2024-04-01T21:20:56","guid":{"rendered":"https:\/\/aliancaevangelica.pt\/site\/?p=20626"},"modified":"2026-04-30T19:10:56","modified_gmt":"2026-04-30T19:10:56","slug":"reportagem-som-da-liberdade-um-filme-sobre-o-trafico-de-criancas","status":"publish","type":"post","link":"https:\/\/aliancaevangelica.pt\/site\/reportagem-som-da-liberdade-um-filme-sobre-o-trafico-de-criancas\/","title":{"rendered":"Reportagem: Som da Liberdade. Um filme sobre o tr\u00e1fico de crian\u00e7as"},"content":{"rendered":"\n<figure class=\"wp-block-image size-large\"><img loading=\"lazy\" decoding=\"async\" width=\"828\" height=\"753\" src=\"https:\/\/aliancaevangelica.pt\/site\/wp-content\/uploads\/2024\/04\/WhatsApp-Image-2024-03-25-at-15.36.17.jpeg\" alt=\"\" class=\"wp-image-20628\" srcset=\"https:\/\/aliancaevangelica.pt\/site\/wp-content\/uploads\/2024\/04\/WhatsApp-Image-2024-03-25-at-15.36.17.jpeg 828w, https:\/\/aliancaevangelica.pt\/site\/wp-content\/uploads\/2024\/04\/WhatsApp-Image-2024-03-25-at-15.36.17-300x273.jpeg 300w, https:\/\/aliancaevangelica.pt\/site\/wp-content\/uploads\/2024\/04\/WhatsApp-Image-2024-03-25-at-15.36.17-768x698.jpeg 768w\" sizes=\"auto, (max-width: 828px) 100vw, 828px\" \/><\/figure>\n\n\n\n<p>No passado dia 11 de fevereiro, os jovens e adolescentes da Assembleia de Deus \u201cEncontro Vida\u201d, assistiram ao filme \u201cSom da Liberdade\u201d, uma longa-metragem que estreou em 2023 e que aborda a tem\u00e1tica do tr\u00e1fico de crian\u00e7as.&nbsp;Eram dez e meia da manh\u00e3 de domingo, quando os jovens e adolescentes da igreja Encontro Vida se reuniram para assistirem em conjunto ao drama \u201cSom da Liberdade\u201d, produzido pela Angel Studios.<br>Antes de darem in\u00edcio ao filme, os jovens aproveitaram para conviver uns com os outros enquanto esperavam por aqueles que ainda pudessem chegar. As expetativas estavam muito equilibradas, sendo que havia alguns que, primeiro, queriam ver o filme e depois desenvolver uma opini\u00e3o, enquanto outros estavam ansiosos e um pouco curiosos para saber o que ia acontecer.<br>A igreja come\u00e7ou a ficar composta. Ouvia-se o barulho da napa das cadeiras \u00e0 medida que os jovens e adolescentes se sentavam. A equipa de multim\u00e9dia da igreja apagou as luzes, projetou a imagem no ecr\u00e3, aumentou o som e deu-se in\u00edcio ao filme. O sil\u00eancio j\u00e1 se sentia e via-se uma enorme concentra\u00e7\u00e3o por parte dos espetadores para acompanharem os primeiros momentos da hist\u00f3ria.<br>O \u201cSom da Liberdade\u201d \u00e9 uma longa-metragem baseada na hist\u00f3ria ver\u00eddica de Timothy Ballard, um ativista contra o tr\u00e1fico de crian\u00e7as e, tamb\u00e9m, um dos principais respons\u00e1veis pela consciencializa\u00e7\u00e3o do tr\u00e1fico sexual e do que o mesmo envolve.<br>Tim Ballard \u00e9 autor de diversos livros e pai de nove filhos, dois dos quais s\u00e3o adotados. Em 2013, fundou a organiza\u00e7\u00e3o sem fins lucrativos Operation Underground Railroad (OUR), a qual lhe concedeu o privil\u00e9gio de resgatar milhares de v\u00edtimas da trag\u00e9dia que define o tr\u00e1fico humano.<br>Com o apoio das doa\u00e7\u00f5es privadas, Ballard e a sua organiza\u00e7\u00e3o conseguiram salvar muitas vidas, no entanto, o processo nem sempre foi f\u00e1cil.<br>No decorrer da sua atividade pelo mundo, Ballard enfrentou muitos problemas relacionados com as regras e as leis de cada pa\u00eds e ainda teve de lutar contra algumas autoridades locais, todavia, a compaix\u00e3o pelas v\u00edtimas f\u00ea-lo manter-se firme e hirto na sua caminhada.<br>No filme, o ator Jim Caviezel, que representa Tim Ballard, decide dedicar a sua vida, exclusivamente, \u00e0 miss\u00e3o de resgatar crian\u00e7as v\u00edtimas de tr\u00e1fico sexual na Col\u00f4mbia.<br>Ap\u00f3s conseguir resgatar Miguel, uma das crian\u00e7as v\u00edtimas de uma rede de tr\u00e1fico sexual, Jim fica a saber que a irm\u00e3 de Miguel tamb\u00e9m foi raptada e \u00e9 nesse momento que Jim decide abandonar o seu emprego e tudo o que tem para salvar a menina.<br>O grupo de lideran\u00e7a do minist\u00e9rio de jovens e adolescentes da igreja Encontro Vida, decidiu incluir o filme \u201cSom da Liberdade\u201d numa das atividades do segundo per\u00edodo do ano letivo de 2023\/2024. Esta iniciativa surgiu da necessidade de \u201cos jovens e adolescentes se saberem posicionar, enquanto crist\u00e3os, perante a dor do outro, o sofrimento e a injusti\u00e7a no mundo. Serve tamb\u00e9m como reflex\u00e3o de como se t\u00eam preocupado com as dificuldades das pessoas mais vulner\u00e1veis ao seu redor\u201d, afirma Jo\u00e3o Beir\u00e3o, um dos l\u00edderes da Gera\u00e7\u00e3o Touch, o nome dado ao minist\u00e9rio de jovens e adolescentes da AD Encontro Vida.<br>Antes de o filme ser exibido na igreja, os l\u00edderes assistiram ao mesmo no cinema, o que deu para concluir que \u201cn\u00e3o era chocante em termos de imagens e em termos gr\u00e1ficos, mas ao mesmo tempo retratava o tema de forma sensata, sem tirar a responsabilidade e o peso que este acarreta\u201d, indica Jo\u00e3o Beir\u00e3o.<br>A B\u00edblia alerta o crist\u00e3o para esta realidade atrav\u00e9s de diversas passagens, sendo uma delas Deuteron\u00f3mio 24:7: \u201cSe for descoberto algu\u00e9m que, havendo roubado um dentre seus irm\u00e3os, dos filhos de Israel, e tenha escravizado ou vendido, esse ladr\u00e3o morrer\u00e1. Assim, exterminar\u00e1s o mal do meio de ti\u201d.<br>O livro de Deuteron\u00f3mio foi escrito por Mois\u00e9s, na \u00e9poca em que o povo de Israel andava pelo deserto, antes de ir para a Terra Prometida por Deus a Abra\u00e3o.O cap\u00edtulo 24 em espec\u00edfico, transmite a ideia de que a justi\u00e7a deve ser sempre equilibrada e demonstra uma grande miseric\u00f3rdia e compaix\u00e3o com os direitos dos mais vulner\u00e1veis.<br>Este cap\u00edtulo da B\u00edblia tamb\u00e9m enfatiza a import\u00e2ncia da vida e da dignidade humana para Deus, Aquele que \u00e9 sempre Justo e o Consolador do seu povo. O bem-estar dos mais necessitados e a justi\u00e7a para com o povo s\u00e3o duas caracter\u00edsticas salientadas neste vers\u00edculo.<br>Outros exemplos de passagens b\u00edblicas que referem que o crist\u00e3o deve procurar fazer justi\u00e7a pelos outros s\u00e3o Mateus 19:19: \u201c\u2026Amar\u00e1s o teu pr\u00f3ximo como a ti mesmo\u201d; Ef\u00e9sios 4:32: \u201cAntes, sede uns para com os outros benignos, misericordiosos, perdoando-vos uns aos outros, como tamb\u00e9m Deus vos perdoou em Cristo\u201d; Prov\u00e9rbios 31:8-9: \u201cAbre a tua boca a favor do mudo, a favor do direito de todos os desamparados. Abre a tua boca, julga retamente, e faze justi\u00e7a aos pobres e aos necessitados\u201d; Isa\u00edas 1:17: \u201cAprendei a fazer bem; procurai o que \u00e9 justo; ajudai o oprimido; fazei justi\u00e7a ao \u00f3rf\u00e3o; tratai da causa das vi\u00favas\u201d, entre muitos outros.<br>O livro de Mateus foi escrito por volta do ano de 50 d.C., pelo pr\u00f3prio ap\u00f3stolo e relata o in\u00edcio da vida de Jesus na terra e tamb\u00e9m os primeiros passos da igreja inicial.O cap\u00edtulo 19 tem o seu contexto na regi\u00e3o da Judeia e relata o encontro de Jesus com um jovem rico que lhe perguntou o que era necess\u00e1rio para herdar a vida eterna, ou seja, viver para sempre com Deus. Em resposta, Jesus referiu a import\u00e2ncia de os seus seguidores renunciarem tudo em prol de uma vida de comunh\u00e3o com Ele e tamb\u00e9m destacou a obedi\u00eancia aos dez mandamentos, que se encontram em \u00caxodo 20:1-17. &nbsp;\u00c9 precisamente aqui que Jesus diz ao jovem que ele devia amar o pr\u00f3ximo como a si mesmo.<br>No que toca a Ef\u00e9sios 4:32, a ep\u00edstola de Paulo aos crentes de \u00c9feso foi escrita entre os anos de 60 e 63 d.C. pouco depois do livro de Mateus. O principal objetivo de Paulo ao escrever esta carta foi poder dar ferramentas e ensinamentos s\u00f3lidos para todos os crist\u00e3os em \u00c9feso que procuraram ser mais parecidos com o car\u00e1cter de Jesus Cristo.<br>Consequentemente, no cap\u00edtulo 4 deste livro, Paulo real\u00e7a a uni\u00e3o que os crist\u00e3os devem ter uns com os outros. O ap\u00f3stolo indica que a vida de Cristo no crente leva a que o mesmo seja uma pessoa benigna, que pratique atos de bondade e que tenha a capacidade de perdoar os erros que os outros cometem contra ele, tal como Deus fez com toda a humanidade.<br>Em rela\u00e7\u00e3o ao livro de Prov\u00e9rbios, este est\u00e1 inserido no Antigo Testamento e foi escrito pelo Rei Salom\u00e3o por volta do ano de 900 a.C.<br>O cap\u00edtulo 31 cita os ensinamentos que a m\u00e3e do Rei Lemuel, um dos reis mencionados em Prov\u00e9rbios, lhe concedeu.<br>Especificamente nos vers\u00edculos 8 e 9, a m\u00e3e de Lemuel aconselhou-o a lutar por aqueles que, por diversos motivos, n\u00e3o conseguiram ter Voz na sociedade. Encorajou-o a fazer justi\u00e7a pelos necessitados e a cuidar deles.<br>Por \u00faltimo, para contextualizar o livro de Isa\u00edas, \u00e9 necess\u00e1rio dizer que este tamb\u00e9m est\u00e1 enquadrado no Antigo Testamento da B\u00edblia e que foi escrito pelo pr\u00f3prio profeta no ano de 900 a.C.<br>Na \u00e9poca em que Isa\u00edas escreveu esta obra, a na\u00e7\u00e3o de Jud\u00e1, que habitou na terra de Jerusal\u00e9m, passou por um per\u00edodo de forte rebeldia contra Deus e a mensagem que o profeta passou foi a de arrependimento e reconcilia\u00e7\u00e3o com o Senhor.<br>Isa\u00edas exortou o povo a fazer o bem e a lutar pelas causas dos mais necessitados, contrastando a condi\u00e7\u00e3o de pecado atual do povo com as b\u00ean\u00e7\u00e3os que o mesmo poderia ter ao obedecer a Deus e ao que Ele pretendia.<br>O grupo da Gera\u00e7\u00e3o Touch, ainda inclui alguns adolescentes, mas essa nunca foi uma justifica\u00e7\u00e3o para ocultar a realidade que o filme passa. De acordo com Jo\u00e3o Beir\u00e3o, \u201co confronto com o real \u00e9 muito necess\u00e1rio para os mais novos conhecerem o mundo em que vivem e para que pensem no que est\u00e3o a fazer no seu dia-a-dia para amar mais o pr\u00f3ximo. \u00c9 fundamental n\u00e3o deixarmos de ter sensibilidade para com o outro\u201d, alega o l\u00edder de jovens e adolescentes.<br>O filme apela ainda para o cuidado que os jovens e, especialmente, os mais novos devem ter com a Internet. Muitos adolescentes s\u00e3o seduzidos a participar em concursos e em atividades, sem terem a plena no\u00e7\u00e3o do esquema que est\u00e1 por tr\u00e1s e por isso \u201ca mensagem tamb\u00e9m \u00e9 boa nesse sentido, porque nos leva a pensar sobre o uso que damos \u00e0 Internet e \u00e1s redes sociais\u201d, declara Jo\u00e3o Beir\u00e3o.<br>Ap\u00f3s uma hora e meia de filme, as luzes voltaram a estar acesas e o ecr\u00e3 foi desligado. A rea\u00e7\u00e3o dos jovens foi de alguma reflex\u00e3o sobre o que tinham acabado de assistir. \u201cEu tinha ideia de que este tema era real, mas n\u00e3o sabia que o n\u00famero de crian\u00e7as afetadas pelo tr\u00e1fico humano e sexual a n\u00edvel mundial, era t\u00e3o elevado\u201d, refere a jovem Ana Sofia Sousa, estudante de mestrado em investiga\u00e7\u00e3o biom\u00e9dica.<br>Miguel Pires, estudante de 13 anos e um dos adolescentes que tamb\u00e9m faz parte do grupo, afirma que este filme lhe deu uma nova perspetiva em rela\u00e7\u00e3o \u00e0 preocupa\u00e7\u00e3o geral dos pais para com os filhos. \u201cPor vezes os pais n\u00e3o nos deixam sair com os nossos amigos por preocupa\u00e7\u00e3o e realmente \u00e9 verdade, quando estamos l\u00e1 fora n\u00e3o sabemos o que pode acontecer\u201d, indica.<br>Os dois jovens admitiram ter concordado com esta iniciativa por parte da sua igreja local, pois \u201cn\u00e3o \u00e9 um assunto muito falado no meio crist\u00e3o e \u00e9 necess\u00e1rio\u201d, diz Ana Sofia. J\u00e1 Miguel, considerou que \u201cfoi uma atividade importante para termos no\u00e7\u00e3o do que se passa a n\u00edvel global\u201d.<\/p>\n\n\n\n<p>Minist\u00e9rio de jovens e adolescentes da AD Encontro vida<br>12\/03\/2024<\/p>\n","protected":false},"excerpt":{"rendered":"<p>No passado dia 11 de fevereiro, os jovens e adolescentes da Assembleia de Deus \u201cEncontro Vida\u201d, assistiram ao filme \u201cSom da Liberdade\u201d, uma longa-metragem que estreou em 2023 e que aborda a tem\u00e1tica do tr\u00e1fico de crian\u00e7as.&nbsp;Eram dez e meia da manh\u00e3 de domingo, quando os jovens e adolescentes da igreja Encontro Vida se reuniram<\/p>\n","protected":false},"author":2,"featured_media":20480,"comment_status":"open","ping_status":"open","sticky":false,"template":"","format":"standard","meta":{"_uag_custom_page_level_css":"","_themeisle_gutenberg_block_has_review":false,"_vp_format_video_url":"","_vp_image_focal_point":[],"footnotes":""},"categories":[67],"tags":[170],"class_list":["post-20626","post","type-post","status-publish","format-standard","has-post-thumbnail","hentry","category-paz-reconciliacao-e-direitos-humanos","tag-trafico-humano"],"yoast_head":"<!-- This site is optimized with the Yoast SEO plugin v27.5 - https:\/\/yoast.com\/product\/yoast-seo-wordpress\/ -->\n<title>Reportagem: Som da Liberdade. Um filme sobre o tr\u00e1fico de crian\u00e7as - AEP<\/title>\n<meta name=\"robots\" content=\"index, follow, max-snippet:-1, max-image-preview:large, max-video-preview:-1\" \/>\n<link rel=\"canonical\" href=\"https:\/\/aliancaevangelica.pt\/site\/reportagem-som-da-liberdade-um-filme-sobre-o-trafico-de-criancas\/\" \/>\n<meta property=\"og:locale\" content=\"pt_PT\" \/>\n<meta property=\"og:type\" content=\"article\" \/>\n<meta property=\"og:title\" content=\"Reportagem: Som da Liberdade. Um filme sobre o tr\u00e1fico de crian\u00e7as - AEP\" \/>\n<meta property=\"og:description\" content=\"No passado dia 11 de fevereiro, os jovens e adolescentes da Assembleia de Deus \u201cEncontro Vida\u201d, assistiram ao filme \u201cSom da Liberdade\u201d, uma longa-metragem que estreou em 2023 e que aborda a tem\u00e1tica do tr\u00e1fico de crian\u00e7as.&nbsp;Eram dez e meia da manh\u00e3 de domingo, quando os jovens e adolescentes da igreja Encontro Vida se reuniram\" \/>\n<meta property=\"og:url\" content=\"https:\/\/aliancaevangelica.pt\/site\/reportagem-som-da-liberdade-um-filme-sobre-o-trafico-de-criancas\/\" \/>\n<meta property=\"og:site_name\" content=\"AEP\" \/>\n<meta property=\"article:publisher\" content=\"http:\/\/facebook.com\/aeportuguesa\" \/>\n<meta property=\"article:author\" content=\"aeportugal\" \/>\n<meta property=\"article:published_time\" content=\"2024-04-01T21:20:56+00:00\" \/>\n<meta property=\"article:modified_time\" content=\"2026-04-30T19:10:56+00:00\" \/>\n<meta property=\"og:image\" content=\"https:\/\/aliancaevangelica.pt\/site\/wp-content\/uploads\/2023\/12\/Captura-de-ecra\u0303-2023-12-13-a\u0300s-21.26.12.png\" \/>\n\t<meta property=\"og:image:width\" content=\"808\" \/>\n\t<meta property=\"og:image:height\" content=\"1140\" \/>\n\t<meta property=\"og:image:type\" content=\"image\/png\" \/>\n<meta name=\"author\" content=\"AEP\" \/>\n<meta name=\"twitter:card\" content=\"summary_large_image\" \/>\n<meta name=\"twitter:label1\" content=\"Escrito por\" \/>\n\t<meta name=\"twitter:data1\" content=\"AEP\" \/>\n\t<meta name=\"twitter:label2\" content=\"Tempo estimado de leitura\" \/>\n\t<meta name=\"twitter:data2\" content=\"9 minutos\" \/>\n<script type=\"application\/ld+json\" class=\"yoast-schema-graph\">{\"@context\":\"https:\\\/\\\/schema.org\",\"@graph\":[{\"@type\":\"Article\",\"@id\":\"https:\\\/\\\/aliancaevangelica.pt\\\/site\\\/reportagem-som-da-liberdade-um-filme-sobre-o-trafico-de-criancas\\\/#article\",\"isPartOf\":{\"@id\":\"https:\\\/\\\/aliancaevangelica.pt\\\/site\\\/reportagem-som-da-liberdade-um-filme-sobre-o-trafico-de-criancas\\\/\"},\"author\":{\"name\":\"AEP\",\"@id\":\"https:\\\/\\\/aliancaevangelica.pt\\\/site\\\/#\\\/schema\\\/person\\\/3b47cfc7535eff1e820f31c2d67eafcf\"},\"headline\":\"Reportagem: Som da Liberdade. Um filme sobre o tr\u00e1fico de crian\u00e7as\",\"datePublished\":\"2024-04-01T21:20:56+00:00\",\"dateModified\":\"2026-04-30T19:10:56+00:00\",\"mainEntityOfPage\":{\"@id\":\"https:\\\/\\\/aliancaevangelica.pt\\\/site\\\/reportagem-som-da-liberdade-um-filme-sobre-o-trafico-de-criancas\\\/\"},\"wordCount\":1796,\"commentCount\":0,\"publisher\":{\"@id\":\"https:\\\/\\\/aliancaevangelica.pt\\\/site\\\/#organization\"},\"image\":{\"@id\":\"https:\\\/\\\/aliancaevangelica.pt\\\/site\\\/reportagem-som-da-liberdade-um-filme-sobre-o-trafico-de-criancas\\\/#primaryimage\"},\"thumbnailUrl\":\"https:\\\/\\\/aliancaevangelica.pt\\\/site\\\/wp-content\\\/uploads\\\/2023\\\/12\\\/Captura-de-ecra\u0303-2023-12-13-a\u0300s-21.26.12.png\",\"keywords\":[\"Tr\u00e1fico Humano\"],\"articleSection\":[\"PAZ, RECONCILIA\u00c7\u00c3O E DIREITOS HUMANOS\"],\"inLanguage\":\"pt-PT\",\"potentialAction\":[{\"@type\":\"CommentAction\",\"name\":\"Comment\",\"target\":[\"https:\\\/\\\/aliancaevangelica.pt\\\/site\\\/reportagem-som-da-liberdade-um-filme-sobre-o-trafico-de-criancas\\\/#respond\"]}]},{\"@type\":\"WebPage\",\"@id\":\"https:\\\/\\\/aliancaevangelica.pt\\\/site\\\/reportagem-som-da-liberdade-um-filme-sobre-o-trafico-de-criancas\\\/\",\"url\":\"https:\\\/\\\/aliancaevangelica.pt\\\/site\\\/reportagem-som-da-liberdade-um-filme-sobre-o-trafico-de-criancas\\\/\",\"name\":\"Reportagem: Som da Liberdade. Um filme sobre o tr\u00e1fico de crian\u00e7as - AEP\",\"isPartOf\":{\"@id\":\"https:\\\/\\\/aliancaevangelica.pt\\\/site\\\/#website\"},\"primaryImageOfPage\":{\"@id\":\"https:\\\/\\\/aliancaevangelica.pt\\\/site\\\/reportagem-som-da-liberdade-um-filme-sobre-o-trafico-de-criancas\\\/#primaryimage\"},\"image\":{\"@id\":\"https:\\\/\\\/aliancaevangelica.pt\\\/site\\\/reportagem-som-da-liberdade-um-filme-sobre-o-trafico-de-criancas\\\/#primaryimage\"},\"thumbnailUrl\":\"https:\\\/\\\/aliancaevangelica.pt\\\/site\\\/wp-content\\\/uploads\\\/2023\\\/12\\\/Captura-de-ecra\u0303-2023-12-13-a\u0300s-21.26.12.png\",\"datePublished\":\"2024-04-01T21:20:56+00:00\",\"dateModified\":\"2026-04-30T19:10:56+00:00\",\"breadcrumb\":{\"@id\":\"https:\\\/\\\/aliancaevangelica.pt\\\/site\\\/reportagem-som-da-liberdade-um-filme-sobre-o-trafico-de-criancas\\\/#breadcrumb\"},\"inLanguage\":\"pt-PT\",\"potentialAction\":[{\"@type\":\"ReadAction\",\"target\":[\"https:\\\/\\\/aliancaevangelica.pt\\\/site\\\/reportagem-som-da-liberdade-um-filme-sobre-o-trafico-de-criancas\\\/\"]}]},{\"@type\":\"ImageObject\",\"inLanguage\":\"pt-PT\",\"@id\":\"https:\\\/\\\/aliancaevangelica.pt\\\/site\\\/reportagem-som-da-liberdade-um-filme-sobre-o-trafico-de-criancas\\\/#primaryimage\",\"url\":\"https:\\\/\\\/aliancaevangelica.pt\\\/site\\\/wp-content\\\/uploads\\\/2023\\\/12\\\/Captura-de-ecra\u0303-2023-12-13-a\u0300s-21.26.12.png\",\"contentUrl\":\"https:\\\/\\\/aliancaevangelica.pt\\\/site\\\/wp-content\\\/uploads\\\/2023\\\/12\\\/Captura-de-ecra\u0303-2023-12-13-a\u0300s-21.26.12.png\",\"width\":808,\"height\":1140},{\"@type\":\"BreadcrumbList\",\"@id\":\"https:\\\/\\\/aliancaevangelica.pt\\\/site\\\/reportagem-som-da-liberdade-um-filme-sobre-o-trafico-de-criancas\\\/#breadcrumb\",\"itemListElement\":[{\"@type\":\"ListItem\",\"position\":1,\"name\":\"In\u00edcio\",\"item\":\"https:\\\/\\\/aliancaevangelica.pt\\\/site\\\/\"},{\"@type\":\"ListItem\",\"position\":2,\"name\":\"Reportagem: Som da Liberdade. Um filme sobre o tr\u00e1fico de crian\u00e7as\"}]},{\"@type\":\"WebSite\",\"@id\":\"https:\\\/\\\/aliancaevangelica.pt\\\/site\\\/#website\",\"url\":\"https:\\\/\\\/aliancaevangelica.pt\\\/site\\\/\",\"name\":\"Alian\u00e7a Evang\u00e9lica Portuguesa\",\"description\":\"Alian\u00e7a Evang\u00e9lica Portuguesa\",\"publisher\":{\"@id\":\"https:\\\/\\\/aliancaevangelica.pt\\\/site\\\/#organization\"},\"potentialAction\":[{\"@type\":\"SearchAction\",\"target\":{\"@type\":\"EntryPoint\",\"urlTemplate\":\"https:\\\/\\\/aliancaevangelica.pt\\\/site\\\/?s={search_term_string}\"},\"query-input\":{\"@type\":\"PropertyValueSpecification\",\"valueRequired\":true,\"valueName\":\"search_term_string\"}}],\"inLanguage\":\"pt-PT\"},{\"@type\":\"Organization\",\"@id\":\"https:\\\/\\\/aliancaevangelica.pt\\\/site\\\/#organization\",\"name\":\"Alian\u00e7a Evang\u00e9lica Portuguesa\",\"url\":\"https:\\\/\\\/aliancaevangelica.pt\\\/site\\\/\",\"logo\":{\"@type\":\"ImageObject\",\"inLanguage\":\"pt-PT\",\"@id\":\"https:\\\/\\\/aliancaevangelica.pt\\\/site\\\/#\\\/schema\\\/logo\\\/image\\\/\",\"url\":\"https:\\\/\\\/aliancaevangelica.pt\\\/site\\\/wp-content\\\/uploads\\\/2017\\\/11\\\/logo-AEP-cor.png\",\"contentUrl\":\"https:\\\/\\\/aliancaevangelica.pt\\\/site\\\/wp-content\\\/uploads\\\/2017\\\/11\\\/logo-AEP-cor.png\",\"width\":1156,\"height\":672,\"caption\":\"Alian\u00e7a Evang\u00e9lica Portuguesa\"},\"image\":{\"@id\":\"https:\\\/\\\/aliancaevangelica.pt\\\/site\\\/#\\\/schema\\\/logo\\\/image\\\/\"},\"sameAs\":[\"http:\\\/\\\/facebook.com\\\/aeportuguesa\",\"http:\\\/\\\/instagram.com\\\/aliancaep\",\"http:\\\/\\\/youtube.com\\\/aeportuguesa\"]},{\"@type\":\"Person\",\"@id\":\"https:\\\/\\\/aliancaevangelica.pt\\\/site\\\/#\\\/schema\\\/person\\\/3b47cfc7535eff1e820f31c2d67eafcf\",\"name\":\"AEP\",\"sameAs\":[\"aeportugal\"],\"url\":\"https:\\\/\\\/aliancaevangelica.pt\\\/site\\\/author\\\/aeportugal\\\/\"}]}<\/script>\n<!-- \/ Yoast SEO plugin. -->","yoast_head_json":{"title":"Reportagem: Som da Liberdade. Um filme sobre o tr\u00e1fico de crian\u00e7as - AEP","robots":{"index":"index","follow":"follow","max-snippet":"max-snippet:-1","max-image-preview":"max-image-preview:large","max-video-preview":"max-video-preview:-1"},"canonical":"https:\/\/aliancaevangelica.pt\/site\/reportagem-som-da-liberdade-um-filme-sobre-o-trafico-de-criancas\/","og_locale":"pt_PT","og_type":"article","og_title":"Reportagem: Som da Liberdade. Um filme sobre o tr\u00e1fico de crian\u00e7as - AEP","og_description":"No passado dia 11 de fevereiro, os jovens e adolescentes da Assembleia de Deus \u201cEncontro Vida\u201d, assistiram ao filme \u201cSom da Liberdade\u201d, uma longa-metragem que estreou em 2023 e que aborda a tem\u00e1tica do tr\u00e1fico de crian\u00e7as.&nbsp;Eram dez e meia da manh\u00e3 de domingo, quando os jovens e adolescentes da igreja Encontro Vida se reuniram","og_url":"https:\/\/aliancaevangelica.pt\/site\/reportagem-som-da-liberdade-um-filme-sobre-o-trafico-de-criancas\/","og_site_name":"AEP","article_publisher":"http:\/\/facebook.com\/aeportuguesa","article_author":"aeportugal","article_published_time":"2024-04-01T21:20:56+00:00","article_modified_time":"2026-04-30T19:10:56+00:00","og_image":[{"width":808,"height":1140,"url":"https:\/\/aliancaevangelica.pt\/site\/wp-content\/uploads\/2023\/12\/Captura-de-ecra\u0303-2023-12-13-a\u0300s-21.26.12.png","type":"image\/png"}],"author":"AEP","twitter_card":"summary_large_image","twitter_misc":{"Escrito por":"AEP","Tempo estimado de leitura":"9 minutos"},"schema":{"@context":"https:\/\/schema.org","@graph":[{"@type":"Article","@id":"https:\/\/aliancaevangelica.pt\/site\/reportagem-som-da-liberdade-um-filme-sobre-o-trafico-de-criancas\/#article","isPartOf":{"@id":"https:\/\/aliancaevangelica.pt\/site\/reportagem-som-da-liberdade-um-filme-sobre-o-trafico-de-criancas\/"},"author":{"name":"AEP","@id":"https:\/\/aliancaevangelica.pt\/site\/#\/schema\/person\/3b47cfc7535eff1e820f31c2d67eafcf"},"headline":"Reportagem: Som da Liberdade. Um filme sobre o tr\u00e1fico de crian\u00e7as","datePublished":"2024-04-01T21:20:56+00:00","dateModified":"2026-04-30T19:10:56+00:00","mainEntityOfPage":{"@id":"https:\/\/aliancaevangelica.pt\/site\/reportagem-som-da-liberdade-um-filme-sobre-o-trafico-de-criancas\/"},"wordCount":1796,"commentCount":0,"publisher":{"@id":"https:\/\/aliancaevangelica.pt\/site\/#organization"},"image":{"@id":"https:\/\/aliancaevangelica.pt\/site\/reportagem-som-da-liberdade-um-filme-sobre-o-trafico-de-criancas\/#primaryimage"},"thumbnailUrl":"https:\/\/aliancaevangelica.pt\/site\/wp-content\/uploads\/2023\/12\/Captura-de-ecra\u0303-2023-12-13-a\u0300s-21.26.12.png","keywords":["Tr\u00e1fico Humano"],"articleSection":["PAZ, RECONCILIA\u00c7\u00c3O E DIREITOS HUMANOS"],"inLanguage":"pt-PT","potentialAction":[{"@type":"CommentAction","name":"Comment","target":["https:\/\/aliancaevangelica.pt\/site\/reportagem-som-da-liberdade-um-filme-sobre-o-trafico-de-criancas\/#respond"]}]},{"@type":"WebPage","@id":"https:\/\/aliancaevangelica.pt\/site\/reportagem-som-da-liberdade-um-filme-sobre-o-trafico-de-criancas\/","url":"https:\/\/aliancaevangelica.pt\/site\/reportagem-som-da-liberdade-um-filme-sobre-o-trafico-de-criancas\/","name":"Reportagem: Som da Liberdade. Um filme sobre o tr\u00e1fico de crian\u00e7as - AEP","isPartOf":{"@id":"https:\/\/aliancaevangelica.pt\/site\/#website"},"primaryImageOfPage":{"@id":"https:\/\/aliancaevangelica.pt\/site\/reportagem-som-da-liberdade-um-filme-sobre-o-trafico-de-criancas\/#primaryimage"},"image":{"@id":"https:\/\/aliancaevangelica.pt\/site\/reportagem-som-da-liberdade-um-filme-sobre-o-trafico-de-criancas\/#primaryimage"},"thumbnailUrl":"https:\/\/aliancaevangelica.pt\/site\/wp-content\/uploads\/2023\/12\/Captura-de-ecra\u0303-2023-12-13-a\u0300s-21.26.12.png","datePublished":"2024-04-01T21:20:56+00:00","dateModified":"2026-04-30T19:10:56+00:00","breadcrumb":{"@id":"https:\/\/aliancaevangelica.pt\/site\/reportagem-som-da-liberdade-um-filme-sobre-o-trafico-de-criancas\/#breadcrumb"},"inLanguage":"pt-PT","potentialAction":[{"@type":"ReadAction","target":["https:\/\/aliancaevangelica.pt\/site\/reportagem-som-da-liberdade-um-filme-sobre-o-trafico-de-criancas\/"]}]},{"@type":"ImageObject","inLanguage":"pt-PT","@id":"https:\/\/aliancaevangelica.pt\/site\/reportagem-som-da-liberdade-um-filme-sobre-o-trafico-de-criancas\/#primaryimage","url":"https:\/\/aliancaevangelica.pt\/site\/wp-content\/uploads\/2023\/12\/Captura-de-ecra\u0303-2023-12-13-a\u0300s-21.26.12.png","contentUrl":"https:\/\/aliancaevangelica.pt\/site\/wp-content\/uploads\/2023\/12\/Captura-de-ecra\u0303-2023-12-13-a\u0300s-21.26.12.png","width":808,"height":1140},{"@type":"BreadcrumbList","@id":"https:\/\/aliancaevangelica.pt\/site\/reportagem-som-da-liberdade-um-filme-sobre-o-trafico-de-criancas\/#breadcrumb","itemListElement":[{"@type":"ListItem","position":1,"name":"In\u00edcio","item":"https:\/\/aliancaevangelica.pt\/site\/"},{"@type":"ListItem","position":2,"name":"Reportagem: Som da Liberdade. Um filme sobre o tr\u00e1fico de crian\u00e7as"}]},{"@type":"WebSite","@id":"https:\/\/aliancaevangelica.pt\/site\/#website","url":"https:\/\/aliancaevangelica.pt\/site\/","name":"Alian\u00e7a Evang\u00e9lica Portuguesa","description":"Alian\u00e7a Evang\u00e9lica Portuguesa","publisher":{"@id":"https:\/\/aliancaevangelica.pt\/site\/#organization"},"potentialAction":[{"@type":"SearchAction","target":{"@type":"EntryPoint","urlTemplate":"https:\/\/aliancaevangelica.pt\/site\/?s={search_term_string}"},"query-input":{"@type":"PropertyValueSpecification","valueRequired":true,"valueName":"search_term_string"}}],"inLanguage":"pt-PT"},{"@type":"Organization","@id":"https:\/\/aliancaevangelica.pt\/site\/#organization","name":"Alian\u00e7a Evang\u00e9lica Portuguesa","url":"https:\/\/aliancaevangelica.pt\/site\/","logo":{"@type":"ImageObject","inLanguage":"pt-PT","@id":"https:\/\/aliancaevangelica.pt\/site\/#\/schema\/logo\/image\/","url":"https:\/\/aliancaevangelica.pt\/site\/wp-content\/uploads\/2017\/11\/logo-AEP-cor.png","contentUrl":"https:\/\/aliancaevangelica.pt\/site\/wp-content\/uploads\/2017\/11\/logo-AEP-cor.png","width":1156,"height":672,"caption":"Alian\u00e7a Evang\u00e9lica Portuguesa"},"image":{"@id":"https:\/\/aliancaevangelica.pt\/site\/#\/schema\/logo\/image\/"},"sameAs":["http:\/\/facebook.com\/aeportuguesa","http:\/\/instagram.com\/aliancaep","http:\/\/youtube.com\/aeportuguesa"]},{"@type":"Person","@id":"https:\/\/aliancaevangelica.pt\/site\/#\/schema\/person\/3b47cfc7535eff1e820f31c2d67eafcf","name":"AEP","sameAs":["aeportugal"],"url":"https:\/\/aliancaevangelica.pt\/site\/author\/aeportugal\/"}]}},"uagb_featured_image_src":{"full":["https:\/\/aliancaevangelica.pt\/site\/wp-content\/uploads\/2023\/12\/Captura-de-ecra\u0303-2023-12-13-a\u0300s-21.26.12.png",808,1140,false],"thumbnail":["https:\/\/aliancaevangelica.pt\/site\/wp-content\/uploads\/2023\/12\/Captura-de-ecra\u0303-2023-12-13-a\u0300s-21.26.12-150x150.png",150,150,true],"medium":["https:\/\/aliancaevangelica.pt\/site\/wp-content\/uploads\/2023\/12\/Captura-de-ecra\u0303-2023-12-13-a\u0300s-21.26.12-213x300.png",213,300,true],"medium_large":["https:\/\/aliancaevangelica.pt\/site\/wp-content\/uploads\/2023\/12\/Captura-de-ecra\u0303-2023-12-13-a\u0300s-21.26.12-768x1084.png",768,1084,true],"large":["https:\/\/aliancaevangelica.pt\/site\/wp-content\/uploads\/2023\/12\/Captura-de-ecra\u0303-2023-12-13-a\u0300s-21.26.12-726x1024.png",726,1024,true],"1536x1536":["https:\/\/aliancaevangelica.pt\/site\/wp-content\/uploads\/2023\/12\/Captura-de-ecra\u0303-2023-12-13-a\u0300s-21.26.12.png",808,1140,false],"2048x2048":["https:\/\/aliancaevangelica.pt\/site\/wp-content\/uploads\/2023\/12\/Captura-de-ecra\u0303-2023-12-13-a\u0300s-21.26.12.png",808,1140,false],"vp_sm":["https:\/\/aliancaevangelica.pt\/site\/wp-content\/uploads\/2023\/12\/Captura-de-ecra\u0303-2023-12-13-a\u0300s-21.26.12.png",500,705,false],"vp_md":["https:\/\/aliancaevangelica.pt\/site\/wp-content\/uploads\/2023\/12\/Captura-de-ecra\u0303-2023-12-13-a\u0300s-21.26.12.png",800,1129,false],"vp_lg":["https:\/\/aliancaevangelica.pt\/site\/wp-content\/uploads\/2023\/12\/Captura-de-ecra\u0303-2023-12-13-a\u0300s-21.26.12.png",808,1140,false],"vp_xl":["https:\/\/aliancaevangelica.pt\/site\/wp-content\/uploads\/2023\/12\/Captura-de-ecra\u0303-2023-12-13-a\u0300s-21.26.12.png",808,1140,false],"vp_sm_popup":["https:\/\/aliancaevangelica.pt\/site\/wp-content\/uploads\/2023\/12\/Captura-de-ecra\u0303-2023-12-13-a\u0300s-21.26.12.png",500,705,false],"vp_md_popup":["https:\/\/aliancaevangelica.pt\/site\/wp-content\/uploads\/2023\/12\/Captura-de-ecra\u0303-2023-12-13-a\u0300s-21.26.12.png",800,1129,false],"vp_xl_popup":["https:\/\/aliancaevangelica.pt\/site\/wp-content\/uploads\/2023\/12\/Captura-de-ecra\u0303-2023-12-13-a\u0300s-21.26.12.png",808,1140,false],"newsx-150x100":["https:\/\/aliancaevangelica.pt\/site\/wp-content\/uploads\/2023\/12\/Captura-de-ecra\u0303-2023-12-13-a\u0300s-21.26.12.png",71,100,false],"newsx-330x220":["https:\/\/aliancaevangelica.pt\/site\/wp-content\/uploads\/2023\/12\/Captura-de-ecra\u0303-2023-12-13-a\u0300s-21.26.12.png",156,220,false],"newsx-420x280":["https:\/\/aliancaevangelica.pt\/site\/wp-content\/uploads\/2023\/12\/Captura-de-ecra\u0303-2023-12-13-a\u0300s-21.26.12.png",198,280,false],"newsx-510x340":["https:\/\/aliancaevangelica.pt\/site\/wp-content\/uploads\/2023\/12\/Captura-de-ecra\u0303-2023-12-13-a\u0300s-21.26.12.png",241,340,false],"newsx-640x480":["https:\/\/aliancaevangelica.pt\/site\/wp-content\/uploads\/2023\/12\/Captura-de-ecra\u0303-2023-12-13-a\u0300s-21.26.12.png",340,480,false],"newsx-670x370":["https:\/\/aliancaevangelica.pt\/site\/wp-content\/uploads\/2023\/12\/Captura-de-ecra\u0303-2023-12-13-a\u0300s-21.26.12.png",262,370,false],"newsx-860x570":["https:\/\/aliancaevangelica.pt\/site\/wp-content\/uploads\/2023\/12\/Captura-de-ecra\u0303-2023-12-13-a\u0300s-21.26.12.png",404,570,false],"newsx-1000x750":["https:\/\/aliancaevangelica.pt\/site\/wp-content\/uploads\/2023\/12\/Captura-de-ecra\u0303-2023-12-13-a\u0300s-21.26.12.png",532,750,false],"newsx-1200x600":["https:\/\/aliancaevangelica.pt\/site\/wp-content\/uploads\/2023\/12\/Captura-de-ecra\u0303-2023-12-13-a\u0300s-21.26.12.png",425,600,false]},"uagb_author_info":{"display_name":"AEP","author_link":"https:\/\/aliancaevangelica.pt\/site\/author\/aeportugal\/"},"uagb_comment_info":0,"uagb_excerpt":"No passado dia 11 de fevereiro, os jovens e adolescentes da Assembleia de Deus \u201cEncontro Vida\u201d, assistiram ao filme \u201cSom da Liberdade\u201d, uma longa-metragem que estreou em 2023 e que aborda a tem\u00e1tica do tr\u00e1fico de crian\u00e7as.&nbsp;Eram dez e meia da manh\u00e3 de domingo, quando os jovens e adolescentes da igreja Encontro Vida se reuniram","_links":{"self":[{"href":"https:\/\/aliancaevangelica.pt\/site\/wp-json\/wp\/v2\/posts\/20626","targetHints":{"allow":["GET"]}}],"collection":[{"href":"https:\/\/aliancaevangelica.pt\/site\/wp-json\/wp\/v2\/posts"}],"about":[{"href":"https:\/\/aliancaevangelica.pt\/site\/wp-json\/wp\/v2\/types\/post"}],"author":[{"embeddable":true,"href":"https:\/\/aliancaevangelica.pt\/site\/wp-json\/wp\/v2\/users\/2"}],"replies":[{"embeddable":true,"href":"https:\/\/aliancaevangelica.pt\/site\/wp-json\/wp\/v2\/comments?post=20626"}],"version-history":[{"count":1,"href":"https:\/\/aliancaevangelica.pt\/site\/wp-json\/wp\/v2\/posts\/20626\/revisions"}],"predecessor-version":[{"id":20629,"href":"https:\/\/aliancaevangelica.pt\/site\/wp-json\/wp\/v2\/posts\/20626\/revisions\/20629"}],"wp:featuredmedia":[{"embeddable":true,"href":"https:\/\/aliancaevangelica.pt\/site\/wp-json\/wp\/v2\/media\/20480"}],"wp:attachment":[{"href":"https:\/\/aliancaevangelica.pt\/site\/wp-json\/wp\/v2\/media?parent=20626"}],"wp:term":[{"taxonomy":"category","embeddable":true,"href":"https:\/\/aliancaevangelica.pt\/site\/wp-json\/wp\/v2\/categories?post=20626"},{"taxonomy":"post_tag","embeddable":true,"href":"https:\/\/aliancaevangelica.pt\/site\/wp-json\/wp\/v2\/tags?post=20626"}],"curies":[{"name":"wp","href":"https:\/\/api.w.org\/{rel}","templated":true}]}}