{"id":20620,"date":"2024-03-27T14:51:36","date_gmt":"2024-03-27T14:51:36","guid":{"rendered":"https:\/\/aliancaevangelica.pt\/site\/?p=20620"},"modified":"2026-04-07T09:58:43","modified_gmt":"2026-04-07T09:58:43","slug":"esclarecimento","status":"publish","type":"post","link":"https:\/\/aliancaevangelica.pt\/site\/esclarecimento\/","title":{"rendered":"Esclarecimento"},"content":{"rendered":"\n<p>A prop\u00f3sito da manchete da edi\u00e7\u00e3o de hoje do Di\u00e1rio de Not\u00edcias, com o texto intitulado \u00abA influ\u00eancia dos pastores evang\u00e9licos nos votos: \u201cN\u00e3o vamos parar at\u00e9 que a B\u00edblia entre no Parlamento\u201d\u00bb, vem a Alian\u00e7a Evang\u00e9lica Portuguesa (AEP) esclarecer o seguinte:<\/p>\n\n\n\n<ol class=\"wp-block-list\"><li>A igreja Assembleia de Deus Vit\u00f3ria em Cristo (ADVEC) n\u00e3o \u00e9 filiada na AEP nem nenhum dos pastores ou l\u00edderes eclesi\u00e1sticos mencionados no texto.<\/li><li>A AEP faz-se representar oficialmente atrav\u00e9s do seu presidente da Dire\u00e7\u00e3o ou de qualquer membro dos seus \u00f3rg\u00e3os designados para o efeito, sendo que nenhum deles esteve presente no pequeno-almo\u00e7o de 15 de mar\u00e7o nem em nenhuma das outras iniciativas referidas na pe\u00e7a.<\/li><\/ol>\n\n\n\n<p>Vimos ainda lamentar que, dado o destaque e a dimens\u00e3o que o jornal deu \u00e0 not\u00edcia, a AEP, enquanto a mais antiga e abrangente entidade representativa dos evang\u00e9licos em Portugal, n\u00e3o tenha sido previamente ouvida para poder contrapor a imprecis\u00f5es e fake news que o texto \u00e9 f\u00e9rtil em propalar.<br>Para que conste, a AEP est\u00e1 presente em Portugal, desde 1849, com atividade regular desde 1879, constitu\u00edda em 1921, com Estatutos aprovados em 1935, sendo pessoa coletiva religiosa radicada desde 2006. Atravessamos todos os regimes do per\u00edodo contempor\u00e2neo portugu\u00eas na estrita observ\u00e2ncia e respeito pelos poderes pol\u00edticos e outros poderes f\u00e1ticos, ainda que muitas vezes ao longo deste percurso, mesmo na atualidade, o enquadramento jur\u00eddico-legal n\u00e3o nos tenha sido favor\u00e1vel, nem a a\u00e7\u00e3o antag\u00f3nica de certas for\u00e7as sociais e religiosas. No presente, tal como no passado, a AEP preserva sempre a sua natureza estritamente apartid\u00e1ria.<\/p>\n\n\n\n<p>A Dire\u00e7\u00e3o<\/p>\n\n\n\n<p>26.03.2024<\/p>\n\n\n\n<p><\/p>\n\n\n\n<div class=\"wp-block-file\"><a href=\"https:\/\/aliancaevangelica.pt\/site\/wp-content\/uploads\/2024\/03\/2024-Esclarecimento-DN.pdf\">2024-Esclarecimento-DN<\/a><a href=\"https:\/\/aliancaevangelica.pt\/site\/wp-content\/uploads\/2024\/03\/2024-Esclarecimento-DN.pdf\" class=\"wp-block-file__button\" download>Descarregar<\/a><\/div>\n","protected":false},"excerpt":{"rendered":"<p>A prop\u00f3sito da manchete da edi\u00e7\u00e3o de hoje do Di\u00e1rio de Not\u00edcias, com o texto intitulado \u00abA influ\u00eancia dos pastores evang\u00e9licos nos votos: \u201cN\u00e3o vamos parar at\u00e9 que a B\u00edblia entre no Parlamento\u201d\u00bb, vem a Alian\u00e7a Evang\u00e9lica Portuguesa (AEP) esclarecer o seguinte: A igreja Assembleia de Deus Vit\u00f3ria em Cristo (ADVEC) n\u00e3o \u00e9 filiada na<\/p>\n","protected":false},"author":2,"featured_media":0,"comment_status":"closed","ping_status":"open","sticky":false,"template":"","format":"standard","meta":{"_uag_custom_page_level_css":"","_themeisle_gutenberg_block_has_review":false,"_vp_format_video_url":"","_vp_image_focal_point":[],"footnotes":""},"categories":[52],"tags":[],"class_list":["post-20620","post","type-post","status-publish","format-standard","hentry","category-tomadas-de-posicao"],"yoast_head":"<!-- This site is optimized with the Yoast SEO plugin v27.5 - https:\/\/yoast.com\/product\/yoast-seo-wordpress\/ -->\n<title>Esclarecimento - AEP<\/title>\n<meta name=\"robots\" content=\"index, follow, max-snippet:-1, max-image-preview:large, max-video-preview:-1\" \/>\n<link rel=\"canonical\" href=\"https:\/\/aliancaevangelica.pt\/site\/esclarecimento\/\" \/>\n<meta property=\"og:locale\" content=\"pt_PT\" \/>\n<meta property=\"og:type\" content=\"article\" \/>\n<meta property=\"og:title\" content=\"Esclarecimento - AEP\" \/>\n<meta property=\"og:description\" content=\"A prop\u00f3sito da manchete da edi\u00e7\u00e3o de hoje do Di\u00e1rio de Not\u00edcias, com o texto intitulado \u00abA influ\u00eancia dos pastores evang\u00e9licos nos votos: \u201cN\u00e3o vamos parar at\u00e9 que a B\u00edblia entre no Parlamento\u201d\u00bb, vem a Alian\u00e7a Evang\u00e9lica Portuguesa (AEP) esclarecer o seguinte: A igreja Assembleia de Deus Vit\u00f3ria em Cristo (ADVEC) n\u00e3o \u00e9 filiada na\" \/>\n<meta property=\"og:url\" content=\"https:\/\/aliancaevangelica.pt\/site\/esclarecimento\/\" \/>\n<meta property=\"og:site_name\" content=\"AEP\" \/>\n<meta property=\"article:publisher\" content=\"http:\/\/facebook.com\/aeportuguesa\" \/>\n<meta property=\"article:author\" content=\"aeportugal\" \/>\n<meta property=\"article:published_time\" content=\"2024-03-27T14:51:36+00:00\" \/>\n<meta property=\"article:modified_time\" content=\"2026-04-07T09:58:43+00:00\" \/>\n<meta name=\"author\" content=\"AEP\" \/>\n<meta name=\"twitter:card\" content=\"summary_large_image\" \/>\n<meta name=\"twitter:label1\" content=\"Escrito por\" \/>\n\t<meta name=\"twitter:data1\" content=\"AEP\" \/>\n\t<meta name=\"twitter:label2\" content=\"Tempo estimado de leitura\" \/>\n\t<meta name=\"twitter:data2\" content=\"1 minuto\" \/>\n<script type=\"application\/ld+json\" class=\"yoast-schema-graph\">{\"@context\":\"https:\\\/\\\/schema.org\",\"@graph\":[{\"@type\":\"Article\",\"@id\":\"https:\\\/\\\/aliancaevangelica.pt\\\/site\\\/esclarecimento\\\/#article\",\"isPartOf\":{\"@id\":\"https:\\\/\\\/aliancaevangelica.pt\\\/site\\\/esclarecimento\\\/\"},\"author\":{\"name\":\"AEP\",\"@id\":\"https:\\\/\\\/aliancaevangelica.pt\\\/site\\\/#\\\/schema\\\/person\\\/3b47cfc7535eff1e820f31c2d67eafcf\"},\"headline\":\"Esclarecimento\",\"datePublished\":\"2024-03-27T14:51:36+00:00\",\"dateModified\":\"2026-04-07T09:58:43+00:00\",\"mainEntityOfPage\":{\"@id\":\"https:\\\/\\\/aliancaevangelica.pt\\\/site\\\/esclarecimento\\\/\"},\"wordCount\":291,\"publisher\":{\"@id\":\"https:\\\/\\\/aliancaevangelica.pt\\\/site\\\/#organization\"},\"articleSection\":[\"Tomadas de Posi\u00e7\u00e3o\"],\"inLanguage\":\"pt-PT\"},{\"@type\":\"WebPage\",\"@id\":\"https:\\\/\\\/aliancaevangelica.pt\\\/site\\\/esclarecimento\\\/\",\"url\":\"https:\\\/\\\/aliancaevangelica.pt\\\/site\\\/esclarecimento\\\/\",\"name\":\"Esclarecimento - AEP\",\"isPartOf\":{\"@id\":\"https:\\\/\\\/aliancaevangelica.pt\\\/site\\\/#website\"},\"datePublished\":\"2024-03-27T14:51:36+00:00\",\"dateModified\":\"2026-04-07T09:58:43+00:00\",\"breadcrumb\":{\"@id\":\"https:\\\/\\\/aliancaevangelica.pt\\\/site\\\/esclarecimento\\\/#breadcrumb\"},\"inLanguage\":\"pt-PT\",\"potentialAction\":[{\"@type\":\"ReadAction\",\"target\":[\"https:\\\/\\\/aliancaevangelica.pt\\\/site\\\/esclarecimento\\\/\"]}]},{\"@type\":\"BreadcrumbList\",\"@id\":\"https:\\\/\\\/aliancaevangelica.pt\\\/site\\\/esclarecimento\\\/#breadcrumb\",\"itemListElement\":[{\"@type\":\"ListItem\",\"position\":1,\"name\":\"In\u00edcio\",\"item\":\"https:\\\/\\\/aliancaevangelica.pt\\\/site\\\/\"},{\"@type\":\"ListItem\",\"position\":2,\"name\":\"Esclarecimento\"}]},{\"@type\":\"WebSite\",\"@id\":\"https:\\\/\\\/aliancaevangelica.pt\\\/site\\\/#website\",\"url\":\"https:\\\/\\\/aliancaevangelica.pt\\\/site\\\/\",\"name\":\"Alian\u00e7a Evang\u00e9lica Portuguesa\",\"description\":\"Alian\u00e7a Evang\u00e9lica Portuguesa\",\"publisher\":{\"@id\":\"https:\\\/\\\/aliancaevangelica.pt\\\/site\\\/#organization\"},\"potentialAction\":[{\"@type\":\"SearchAction\",\"target\":{\"@type\":\"EntryPoint\",\"urlTemplate\":\"https:\\\/\\\/aliancaevangelica.pt\\\/site\\\/?s={search_term_string}\"},\"query-input\":{\"@type\":\"PropertyValueSpecification\",\"valueRequired\":true,\"valueName\":\"search_term_string\"}}],\"inLanguage\":\"pt-PT\"},{\"@type\":\"Organization\",\"@id\":\"https:\\\/\\\/aliancaevangelica.pt\\\/site\\\/#organization\",\"name\":\"Alian\u00e7a Evang\u00e9lica Portuguesa\",\"url\":\"https:\\\/\\\/aliancaevangelica.pt\\\/site\\\/\",\"logo\":{\"@type\":\"ImageObject\",\"inLanguage\":\"pt-PT\",\"@id\":\"https:\\\/\\\/aliancaevangelica.pt\\\/site\\\/#\\\/schema\\\/logo\\\/image\\\/\",\"url\":\"https:\\\/\\\/aliancaevangelica.pt\\\/site\\\/wp-content\\\/uploads\\\/2017\\\/11\\\/logo-AEP-cor.png\",\"contentUrl\":\"https:\\\/\\\/aliancaevangelica.pt\\\/site\\\/wp-content\\\/uploads\\\/2017\\\/11\\\/logo-AEP-cor.png\",\"width\":1156,\"height\":672,\"caption\":\"Alian\u00e7a Evang\u00e9lica Portuguesa\"},\"image\":{\"@id\":\"https:\\\/\\\/aliancaevangelica.pt\\\/site\\\/#\\\/schema\\\/logo\\\/image\\\/\"},\"sameAs\":[\"http:\\\/\\\/facebook.com\\\/aeportuguesa\",\"http:\\\/\\\/instagram.com\\\/aliancaep\",\"http:\\\/\\\/youtube.com\\\/aeportuguesa\"]},{\"@type\":\"Person\",\"@id\":\"https:\\\/\\\/aliancaevangelica.pt\\\/site\\\/#\\\/schema\\\/person\\\/3b47cfc7535eff1e820f31c2d67eafcf\",\"name\":\"AEP\",\"sameAs\":[\"aeportugal\"],\"url\":\"https:\\\/\\\/aliancaevangelica.pt\\\/site\\\/author\\\/aeportugal\\\/\"}]}<\/script>\n<!-- \/ Yoast SEO plugin. -->","yoast_head_json":{"title":"Esclarecimento - AEP","robots":{"index":"index","follow":"follow","max-snippet":"max-snippet:-1","max-image-preview":"max-image-preview:large","max-video-preview":"max-video-preview:-1"},"canonical":"https:\/\/aliancaevangelica.pt\/site\/esclarecimento\/","og_locale":"pt_PT","og_type":"article","og_title":"Esclarecimento - AEP","og_description":"A prop\u00f3sito da manchete da edi\u00e7\u00e3o de hoje do Di\u00e1rio de Not\u00edcias, com o texto intitulado \u00abA influ\u00eancia dos pastores evang\u00e9licos nos votos: \u201cN\u00e3o vamos parar at\u00e9 que a B\u00edblia entre no Parlamento\u201d\u00bb, vem a Alian\u00e7a Evang\u00e9lica Portuguesa (AEP) esclarecer o seguinte: A igreja Assembleia de Deus Vit\u00f3ria em Cristo (ADVEC) n\u00e3o \u00e9 filiada na","og_url":"https:\/\/aliancaevangelica.pt\/site\/esclarecimento\/","og_site_name":"AEP","article_publisher":"http:\/\/facebook.com\/aeportuguesa","article_author":"aeportugal","article_published_time":"2024-03-27T14:51:36+00:00","article_modified_time":"2026-04-07T09:58:43+00:00","author":"AEP","twitter_card":"summary_large_image","twitter_misc":{"Escrito por":"AEP","Tempo estimado de leitura":"1 minuto"},"schema":{"@context":"https:\/\/schema.org","@graph":[{"@type":"Article","@id":"https:\/\/aliancaevangelica.pt\/site\/esclarecimento\/#article","isPartOf":{"@id":"https:\/\/aliancaevangelica.pt\/site\/esclarecimento\/"},"author":{"name":"AEP","@id":"https:\/\/aliancaevangelica.pt\/site\/#\/schema\/person\/3b47cfc7535eff1e820f31c2d67eafcf"},"headline":"Esclarecimento","datePublished":"2024-03-27T14:51:36+00:00","dateModified":"2026-04-07T09:58:43+00:00","mainEntityOfPage":{"@id":"https:\/\/aliancaevangelica.pt\/site\/esclarecimento\/"},"wordCount":291,"publisher":{"@id":"https:\/\/aliancaevangelica.pt\/site\/#organization"},"articleSection":["Tomadas de Posi\u00e7\u00e3o"],"inLanguage":"pt-PT"},{"@type":"WebPage","@id":"https:\/\/aliancaevangelica.pt\/site\/esclarecimento\/","url":"https:\/\/aliancaevangelica.pt\/site\/esclarecimento\/","name":"Esclarecimento - AEP","isPartOf":{"@id":"https:\/\/aliancaevangelica.pt\/site\/#website"},"datePublished":"2024-03-27T14:51:36+00:00","dateModified":"2026-04-07T09:58:43+00:00","breadcrumb":{"@id":"https:\/\/aliancaevangelica.pt\/site\/esclarecimento\/#breadcrumb"},"inLanguage":"pt-PT","potentialAction":[{"@type":"ReadAction","target":["https:\/\/aliancaevangelica.pt\/site\/esclarecimento\/"]}]},{"@type":"BreadcrumbList","@id":"https:\/\/aliancaevangelica.pt\/site\/esclarecimento\/#breadcrumb","itemListElement":[{"@type":"ListItem","position":1,"name":"In\u00edcio","item":"https:\/\/aliancaevangelica.pt\/site\/"},{"@type":"ListItem","position":2,"name":"Esclarecimento"}]},{"@type":"WebSite","@id":"https:\/\/aliancaevangelica.pt\/site\/#website","url":"https:\/\/aliancaevangelica.pt\/site\/","name":"Alian\u00e7a Evang\u00e9lica Portuguesa","description":"Alian\u00e7a Evang\u00e9lica Portuguesa","publisher":{"@id":"https:\/\/aliancaevangelica.pt\/site\/#organization"},"potentialAction":[{"@type":"SearchAction","target":{"@type":"EntryPoint","urlTemplate":"https:\/\/aliancaevangelica.pt\/site\/?s={search_term_string}"},"query-input":{"@type":"PropertyValueSpecification","valueRequired":true,"valueName":"search_term_string"}}],"inLanguage":"pt-PT"},{"@type":"Organization","@id":"https:\/\/aliancaevangelica.pt\/site\/#organization","name":"Alian\u00e7a Evang\u00e9lica Portuguesa","url":"https:\/\/aliancaevangelica.pt\/site\/","logo":{"@type":"ImageObject","inLanguage":"pt-PT","@id":"https:\/\/aliancaevangelica.pt\/site\/#\/schema\/logo\/image\/","url":"https:\/\/aliancaevangelica.pt\/site\/wp-content\/uploads\/2017\/11\/logo-AEP-cor.png","contentUrl":"https:\/\/aliancaevangelica.pt\/site\/wp-content\/uploads\/2017\/11\/logo-AEP-cor.png","width":1156,"height":672,"caption":"Alian\u00e7a Evang\u00e9lica Portuguesa"},"image":{"@id":"https:\/\/aliancaevangelica.pt\/site\/#\/schema\/logo\/image\/"},"sameAs":["http:\/\/facebook.com\/aeportuguesa","http:\/\/instagram.com\/aliancaep","http:\/\/youtube.com\/aeportuguesa"]},{"@type":"Person","@id":"https:\/\/aliancaevangelica.pt\/site\/#\/schema\/person\/3b47cfc7535eff1e820f31c2d67eafcf","name":"AEP","sameAs":["aeportugal"],"url":"https:\/\/aliancaevangelica.pt\/site\/author\/aeportugal\/"}]}},"uagb_featured_image_src":{"full":false,"thumbnail":false,"medium":false,"medium_large":false,"large":false,"1536x1536":false,"2048x2048":false,"vp_sm":false,"vp_md":false,"vp_lg":false,"vp_xl":false,"vp_sm_popup":false,"vp_md_popup":false,"vp_xl_popup":false,"newsx-150x100":false,"newsx-330x220":false,"newsx-420x280":false,"newsx-510x340":false,"newsx-640x480":false,"newsx-670x370":false,"newsx-860x570":false,"newsx-1000x750":false,"newsx-1200x600":false},"uagb_author_info":{"display_name":"AEP","author_link":"https:\/\/aliancaevangelica.pt\/site\/author\/aeportugal\/"},"uagb_comment_info":0,"uagb_excerpt":"A prop\u00f3sito da manchete da edi\u00e7\u00e3o de hoje do Di\u00e1rio de Not\u00edcias, com o texto intitulado \u00abA influ\u00eancia dos pastores evang\u00e9licos nos votos: \u201cN\u00e3o vamos parar at\u00e9 que a B\u00edblia entre no Parlamento\u201d\u00bb, vem a Alian\u00e7a Evang\u00e9lica Portuguesa (AEP) esclarecer o seguinte: A igreja Assembleia de Deus Vit\u00f3ria em Cristo (ADVEC) n\u00e3o \u00e9 filiada na","_links":{"self":[{"href":"https:\/\/aliancaevangelica.pt\/site\/wp-json\/wp\/v2\/posts\/20620","targetHints":{"allow":["GET"]}}],"collection":[{"href":"https:\/\/aliancaevangelica.pt\/site\/wp-json\/wp\/v2\/posts"}],"about":[{"href":"https:\/\/aliancaevangelica.pt\/site\/wp-json\/wp\/v2\/types\/post"}],"author":[{"embeddable":true,"href":"https:\/\/aliancaevangelica.pt\/site\/wp-json\/wp\/v2\/users\/2"}],"replies":[{"embeddable":true,"href":"https:\/\/aliancaevangelica.pt\/site\/wp-json\/wp\/v2\/comments?post=20620"}],"version-history":[{"count":2,"href":"https:\/\/aliancaevangelica.pt\/site\/wp-json\/wp\/v2\/posts\/20620\/revisions"}],"predecessor-version":[{"id":22265,"href":"https:\/\/aliancaevangelica.pt\/site\/wp-json\/wp\/v2\/posts\/20620\/revisions\/22265"}],"wp:attachment":[{"href":"https:\/\/aliancaevangelica.pt\/site\/wp-json\/wp\/v2\/media?parent=20620"}],"wp:term":[{"taxonomy":"category","embeddable":true,"href":"https:\/\/aliancaevangelica.pt\/site\/wp-json\/wp\/v2\/categories?post=20620"},{"taxonomy":"post_tag","embeddable":true,"href":"https:\/\/aliancaevangelica.pt\/site\/wp-json\/wp\/v2\/tags?post=20620"}],"curies":[{"name":"wp","href":"https:\/\/api.w.org\/{rel}","templated":true}]}}