{"id":20519,"date":"2024-01-18T15:11:39","date_gmt":"2024-01-18T15:11:39","guid":{"rendered":"https:\/\/aliancaevangelica.pt\/site\/?p=20519"},"modified":"2024-01-18T15:11:42","modified_gmt":"2024-01-18T15:11:42","slug":"gratidao-e-contentamento","status":"publish","type":"post","link":"https:\/\/aliancaevangelica.pt\/site\/gratidao-e-contentamento\/","title":{"rendered":"Gratid\u00e3o e contentamento"},"content":{"rendered":"<div class=\"gmail-page\" title=\"Page 1\">\n<div class=\"gmail-section\">\n<div class=\"gmail-layoutArea\">\n<div class=\"gmail-column\">\n<p class=\"p1\"><b>Em 2024, desejo\u2026<\/b><\/p>\n<p class=\"p1\">H\u00e1 um certo mist\u00e9rio em come\u00e7ar algo novo. Um misto de entusiasmo e curiosidade que nos transporta a tirarmos projetos da gaveta e em querer coloc\u00e1-los em pr\u00e1tica. Quem nunca definiu objetivos arrojados num in\u00edcio de um novo ano? Quem nunca disse frases como: \u201c\u00c9 neste ano que vou conseguir\u2026\u201d?<\/p>\n<p class=\"p1\">N\u00e3o \u00e9 necess\u00e1rio ser perita na ci\u00eancia do comportamento humano para perceber que raros s\u00e3o os casos que persistem nesses objetivos at\u00e9 fevereiro! Deveremos descart\u00e1-los? N\u00e3o necessariamente! Algumas estrat\u00e9gias, como por exemplo, definir objetivos SMART, poder\u00e3o ajudar em mudan\u00e7as comportamentais. Este conceito parte do acr\u00f3nimo formado pelas iniciais das palavras \u201cEspec\u00edfico\u201d (Specific), \u201cMensur\u00e1vel\u201d (Measurable), \u201cAlcan\u00e7\u00e1vel\u201d (Attainable), \u201cRealista\u201d (Realistic) e \u201cTemporal\u201d (Time-bound) e \u00e9 uma ferramenta interessante, utilizada em diversos contextos, para quem pretende alcan\u00e7ar novos objetivos.<\/p>\n<p class=\"p1\">Determinar metas motiva e potencia a a\u00e7\u00e3o. Um objetivo alcan\u00e7ado traz uma satisfa\u00e7\u00e3o inerente \u00e0 experi\u00eancia humana. A euforia de uma meta cumprida pode ser intensa e prazerosa, mas, tamb\u00e9m, pode ser fugaz. Quando se alcan\u00e7a uma meta, a emo\u00e7\u00e3o de satisfa\u00e7\u00e3o n\u00e3o persiste e, muitas vezes somos motivados a procurar um novo alvo! Ap\u00f3s a brevidade do cumprimento deste objetivo, surge algo novo a atingir! Corremos, assim, o perigo de vivermos de \u201cmeta em meta\u201d, persistindo numa insatisfa\u00e7\u00e3o constante por algo que ainda falta alcan\u00e7ar, desgastadas por afazeres profissionais ou pessoais.<\/p>\n<p class=\"p1\">O ap\u00f3stolo Paulo na sua carta aos Ef\u00e9sios refere \u201cMuito me alegrei no Senhor por me terem manifestado novamente sentimentos de carinho (&#8230;) N\u00e3o digo isto por precisar de alguma coisa, pois aprendi a contentar-me com o que tenho. Sei viver na pobreza e tamb\u00e9m na abund\u00e2ncia. Aprendi a viver em toda e qualquer situa\u00e7\u00e3o: a ter fartura e a ter fome, a ter em abund\u00e2ncia e a n\u00e3o ter o suficiente\u201d (Ef\u00e9sios 4:10-12 BPT).<\/p>\n<p class=\"p1\">No grego o conceito \u201cautarkes\u201d significa \u201ccontentamento\u201d, referindo-se \u00e0 capacidade de satisfazer as necessidades sem depender de fatores externos. O \u201ccontentamento\u201d a que Paulo se refere \u00e9 um estado em que as circunst\u00e2ncias externas n\u00e3o t\u00eam condi\u00e7\u00f5es para perturbar a sua tranquilidade \u00edntima. Atualmente o termo \u201ccontentamento\u201d n\u00e3o parece divergir muito pois reflete a satisfa\u00e7\u00e3o e a gratid\u00e3o com a vida e com aquilo que se tem, referindo-se \u00e0 capacidade de encontrar alegria independentemente das situa\u00e7\u00f5es que surgem. O ap\u00f3stolo explica que o seu contentamento vem, n\u00e3o das coisas que ele tem nesta vida nem dos acontecimentos, mas emana da sua rela\u00e7\u00e3o com Deus. Encontrando-se preso e com in\u00fameros motivos para lamento, Paulo ensina-nos que o contentamento, nesta vida, \u00e9 uma atitude\u00a0aprendida\u00a0(4:11) e n\u00e3o espont\u00e2nea.<span class=\"Apple-converted-space\">\u00a0<\/span><\/p>\n<p class=\"p1\">Na sua carta aos filipenses, observamos que Paulo conhecia bem o impacto da gratid\u00e3o e contentamento na sua vida. Recentemente, as neuroci\u00eancias tamb\u00e9m t\u00eam vindo a descobrir o impacto desta emo\u00e7\u00e3o. Parece que a<i> gratid\u00e3o estimula a <\/i>via da recompensa<i>, o percurso cerebral que \u00e9 ativado quando realizamos algo em que somos bem-sucedidos, libertando dopamina, um dos neurotransmissores que aumenta a sensa\u00e7\u00e3o de prazer. A gratid\u00e3o tamb\u00e9m estimula a produ\u00e7\u00e3o da hormona oxitocina, associada \u00e0 tranquilidade, \u00e0 redu\u00e7\u00e3o da ansiedade\/medo e ao afeto.<span class=\"Apple-converted-space\">\u00a0<\/span><\/i><\/p>\n<p class=\"p1\"><i> A pr\u00e1tica de gratid\u00e3o a Cristo apresenta-se como uma ferramenta poderosa para cultivar uma vida plena. Contrariamente a outras emo\u00e7\u00f5es, a gratid\u00e3o nem sempre aparece de forma espont\u00e2nea, mas tem de ser praticada e aprendida, tal como o <\/i>ap\u00f3stolo Paulo referiu. Como desafio, partilho alguns exerc\u00edcios que poder\u00e3o ajudar nesta pr\u00e1tica:<\/p>\n<ul class=\"ul1\">\n<li class=\"li1\"><i>Escreva um di\u00e1rio de gratid\u00e3o<\/i>. Despenda diariamente de alguns minutos e anote alguns aspetos positivos e simples acerca do seu dia, como, por exemplo, \u201cuma boa refei\u00e7\u00e3o\u201d, \u201cuma conversa com uma amiga\u201d ou \u201ca supera\u00e7\u00e3o de um obst\u00e1culo\u201d.<\/li>\n<li class=\"li1\"><i>Agrade\u00e7a.<\/i> Esteja atenta ao longo do dia e observe oportunidades para dizer &#8220;obrigada&#8221; a Deus e \u00e0queles que a rodeiam. Reconhe\u00e7a o cuidado de Deus nos pormenores da sua vida e as atitudes agrad\u00e1veis daqueles que est\u00e3o \u00e0 sua volta.<span class=\"Apple-converted-space\">\u00a0<\/span><\/li>\n<li class=\"li1\"><i>Preste aten\u00e7\u00e3o.<\/i> Fa\u00e7a um passeio e foque a sua aten\u00e7\u00e3o de modo a apreciar o que a rodeia. Pode faz\u00ea-lo concentrando-se em cada um dos seus sentidos, um de cada vez. Passe um minuto apenas ouvindo, um minuto olhando para o seu redor e assim por diante. Tente reparar naquilo que observa, nos sons, nos odores e nas sensa\u00e7\u00f5es, como a brisa que toca na pele, ou as nuvens que dan\u00e7am no c\u00e9u\u2026 aprecie a diversidade da Cria\u00e7\u00e3o.<\/li>\n<li class=\"li1\"><i>Pratique a contempla\u00e7\u00e3o.<\/i> Reduza as distra\u00e7\u00f5es como telefones ou TV e expresse uma ora\u00e7\u00e3o de gratid\u00e3o a Deus, lembrando as coisas boas do seu dia. Tal como precisamos de escovar os dentes diariamente, pense nesta pr\u00e1tica como algo que fa\u00e7a parte da sua rotina de autocuidado di\u00e1rio.<\/li>\n<li class=\"li1\"><i>Converse acerca da Gratid\u00e3o.<\/i> Dialogue com o seu c\u00f4njuge, filhos e\/ou amigos acerca daquilo pelo qual se sentiu grata ao longo do dia. Fa\u00e7a desta atitude uma rotina di\u00e1ria, quer seja durante uma refei\u00e7\u00e3o ou antes de dormir, em que juntos aprendam acerca da gratid\u00e3o a Deus.<\/li>\n<\/ul>\n<p class=\"p3\">A pr\u00e1tica de gratid\u00e3o n\u00e3o anula as dificuldades nem transforma as situa\u00e7\u00f5es, mas treina o nosso olhar a reconhecer a beleza, a maravilha e cuidado de Deus. Em 2024, em vez de objetivos a atingir, desafie-se a adotar uma atitude de gratid\u00e3o como estilo de vida!<\/p>\n<\/div>\n<\/div>\n<\/div>\n<\/div>\n<p>[movedo_single_image image=&#8221;20517&#8243; animation=&#8221;grve-zoom-in&#8221;]Miriam Mateus<\/p>\n<p class=\"p1\">Esposa. M\u00e3e.<\/p>\n<p class=\"p1\">Psic\u00f3loga e psicoterapeuta infanto-juvenil<\/p>\n<p class=\"p1\">Membro da Dire\u00e7\u00e3o da Alian\u00e7a Evang\u00e9lica Portuguesa<\/p>\n<p class=\"p1\">\n","protected":false},"excerpt":{"rendered":"<p>Em 2024, desejo\u2026 H\u00e1 um certo mist\u00e9rio em come\u00e7ar algo novo. Um misto de entusiasmo e curiosidade que nos transporta a tirarmos projetos da gaveta e em querer coloc\u00e1-los em pr\u00e1tica. Quem nunca definiu objetivos arrojados num in\u00edcio de um novo ano? Quem nunca disse frases como: \u201c\u00c9 neste ano que vou conseguir\u2026\u201d? N\u00e3o \u00e9<\/p>\n","protected":false},"author":2,"featured_media":20520,"comment_status":"open","ping_status":"open","sticky":false,"template":"","format":"standard","meta":{"_uag_custom_page_level_css":"","_themeisle_gutenberg_block_has_review":false,"_vp_format_video_url":"","_vp_image_focal_point":[],"footnotes":""},"categories":[45,47],"tags":[],"class_list":["post-20519","post","type-post","status-publish","format-standard","has-post-thumbnail","hentry","category-geral","category-mulheres-casais-e-familia"],"yoast_head":"<!-- This site is optimized with the Yoast SEO plugin v27.5 - https:\/\/yoast.com\/product\/yoast-seo-wordpress\/ -->\n<title>Gratid\u00e3o e contentamento - AEP<\/title>\n<meta name=\"robots\" content=\"index, follow, max-snippet:-1, max-image-preview:large, max-video-preview:-1\" \/>\n<link rel=\"canonical\" href=\"https:\/\/aliancaevangelica.pt\/site\/gratidao-e-contentamento\/\" \/>\n<meta property=\"og:locale\" content=\"pt_PT\" \/>\n<meta property=\"og:type\" content=\"article\" \/>\n<meta property=\"og:title\" content=\"Gratid\u00e3o e contentamento - AEP\" \/>\n<meta property=\"og:description\" content=\"Em 2024, desejo\u2026 H\u00e1 um certo mist\u00e9rio em come\u00e7ar algo novo. Um misto de entusiasmo e curiosidade que nos transporta a tirarmos projetos da gaveta e em querer coloc\u00e1-los em pr\u00e1tica. Quem nunca definiu objetivos arrojados num in\u00edcio de um novo ano? Quem nunca disse frases como: \u201c\u00c9 neste ano que vou conseguir\u2026\u201d? N\u00e3o \u00e9\" \/>\n<meta property=\"og:url\" content=\"https:\/\/aliancaevangelica.pt\/site\/gratidao-e-contentamento\/\" \/>\n<meta property=\"og:site_name\" content=\"AEP\" \/>\n<meta property=\"article:publisher\" content=\"http:\/\/facebook.com\/aeportuguesa\" \/>\n<meta property=\"article:author\" content=\"aeportugal\" \/>\n<meta property=\"article:published_time\" content=\"2024-01-18T15:11:39+00:00\" \/>\n<meta property=\"article:modified_time\" content=\"2024-01-18T15:11:42+00:00\" \/>\n<meta property=\"og:image\" content=\"https:\/\/aliancaevangelica.pt\/site\/wp-content\/uploads\/2024\/01\/Captura-de-ecra\u0303-2024-01-18-a\u0300s-15.11.07.png\" \/>\n\t<meta property=\"og:image:width\" content=\"1600\" \/>\n\t<meta property=\"og:image:height\" content=\"1072\" \/>\n\t<meta property=\"og:image:type\" content=\"image\/png\" \/>\n<meta name=\"author\" content=\"AEP\" \/>\n<meta name=\"twitter:card\" content=\"summary_large_image\" \/>\n<meta name=\"twitter:label1\" content=\"Escrito por\" \/>\n\t<meta name=\"twitter:data1\" content=\"AEP\" \/>\n\t<meta name=\"twitter:label2\" content=\"Tempo estimado de leitura\" \/>\n\t<meta name=\"twitter:data2\" content=\"5 minutos\" \/>\n<script type=\"application\/ld+json\" class=\"yoast-schema-graph\">{\"@context\":\"https:\\\/\\\/schema.org\",\"@graph\":[{\"@type\":\"Article\",\"@id\":\"https:\\\/\\\/aliancaevangelica.pt\\\/site\\\/gratidao-e-contentamento\\\/#article\",\"isPartOf\":{\"@id\":\"https:\\\/\\\/aliancaevangelica.pt\\\/site\\\/gratidao-e-contentamento\\\/\"},\"author\":{\"name\":\"AEP\",\"@id\":\"https:\\\/\\\/aliancaevangelica.pt\\\/site\\\/#\\\/schema\\\/person\\\/3b47cfc7535eff1e820f31c2d67eafcf\"},\"headline\":\"Gratid\u00e3o e contentamento\",\"datePublished\":\"2024-01-18T15:11:39+00:00\",\"dateModified\":\"2024-01-18T15:11:42+00:00\",\"mainEntityOfPage\":{\"@id\":\"https:\\\/\\\/aliancaevangelica.pt\\\/site\\\/gratidao-e-contentamento\\\/\"},\"wordCount\":978,\"commentCount\":0,\"publisher\":{\"@id\":\"https:\\\/\\\/aliancaevangelica.pt\\\/site\\\/#organization\"},\"image\":{\"@id\":\"https:\\\/\\\/aliancaevangelica.pt\\\/site\\\/gratidao-e-contentamento\\\/#primaryimage\"},\"thumbnailUrl\":\"https:\\\/\\\/aliancaevangelica.pt\\\/site\\\/wp-content\\\/uploads\\\/2024\\\/01\\\/Captura-de-ecra\u0303-2024-01-18-a\u0300s-15.11.07.png\",\"articleSection\":[\"1-Geral\",\"Mulheres, Casais e Fam\u00edlia\"],\"inLanguage\":\"pt-PT\",\"potentialAction\":[{\"@type\":\"CommentAction\",\"name\":\"Comment\",\"target\":[\"https:\\\/\\\/aliancaevangelica.pt\\\/site\\\/gratidao-e-contentamento\\\/#respond\"]}]},{\"@type\":\"WebPage\",\"@id\":\"https:\\\/\\\/aliancaevangelica.pt\\\/site\\\/gratidao-e-contentamento\\\/\",\"url\":\"https:\\\/\\\/aliancaevangelica.pt\\\/site\\\/gratidao-e-contentamento\\\/\",\"name\":\"Gratid\u00e3o e contentamento - AEP\",\"isPartOf\":{\"@id\":\"https:\\\/\\\/aliancaevangelica.pt\\\/site\\\/#website\"},\"primaryImageOfPage\":{\"@id\":\"https:\\\/\\\/aliancaevangelica.pt\\\/site\\\/gratidao-e-contentamento\\\/#primaryimage\"},\"image\":{\"@id\":\"https:\\\/\\\/aliancaevangelica.pt\\\/site\\\/gratidao-e-contentamento\\\/#primaryimage\"},\"thumbnailUrl\":\"https:\\\/\\\/aliancaevangelica.pt\\\/site\\\/wp-content\\\/uploads\\\/2024\\\/01\\\/Captura-de-ecra\u0303-2024-01-18-a\u0300s-15.11.07.png\",\"datePublished\":\"2024-01-18T15:11:39+00:00\",\"dateModified\":\"2024-01-18T15:11:42+00:00\",\"breadcrumb\":{\"@id\":\"https:\\\/\\\/aliancaevangelica.pt\\\/site\\\/gratidao-e-contentamento\\\/#breadcrumb\"},\"inLanguage\":\"pt-PT\",\"potentialAction\":[{\"@type\":\"ReadAction\",\"target\":[\"https:\\\/\\\/aliancaevangelica.pt\\\/site\\\/gratidao-e-contentamento\\\/\"]}]},{\"@type\":\"ImageObject\",\"inLanguage\":\"pt-PT\",\"@id\":\"https:\\\/\\\/aliancaevangelica.pt\\\/site\\\/gratidao-e-contentamento\\\/#primaryimage\",\"url\":\"https:\\\/\\\/aliancaevangelica.pt\\\/site\\\/wp-content\\\/uploads\\\/2024\\\/01\\\/Captura-de-ecra\u0303-2024-01-18-a\u0300s-15.11.07.png\",\"contentUrl\":\"https:\\\/\\\/aliancaevangelica.pt\\\/site\\\/wp-content\\\/uploads\\\/2024\\\/01\\\/Captura-de-ecra\u0303-2024-01-18-a\u0300s-15.11.07.png\",\"width\":1600,\"height\":1072},{\"@type\":\"BreadcrumbList\",\"@id\":\"https:\\\/\\\/aliancaevangelica.pt\\\/site\\\/gratidao-e-contentamento\\\/#breadcrumb\",\"itemListElement\":[{\"@type\":\"ListItem\",\"position\":1,\"name\":\"In\u00edcio\",\"item\":\"https:\\\/\\\/aliancaevangelica.pt\\\/site\\\/\"},{\"@type\":\"ListItem\",\"position\":2,\"name\":\"Gratid\u00e3o e contentamento\"}]},{\"@type\":\"WebSite\",\"@id\":\"https:\\\/\\\/aliancaevangelica.pt\\\/site\\\/#website\",\"url\":\"https:\\\/\\\/aliancaevangelica.pt\\\/site\\\/\",\"name\":\"Alian\u00e7a Evang\u00e9lica Portuguesa\",\"description\":\"Alian\u00e7a Evang\u00e9lica Portuguesa\",\"publisher\":{\"@id\":\"https:\\\/\\\/aliancaevangelica.pt\\\/site\\\/#organization\"},\"potentialAction\":[{\"@type\":\"SearchAction\",\"target\":{\"@type\":\"EntryPoint\",\"urlTemplate\":\"https:\\\/\\\/aliancaevangelica.pt\\\/site\\\/?s={search_term_string}\"},\"query-input\":{\"@type\":\"PropertyValueSpecification\",\"valueRequired\":true,\"valueName\":\"search_term_string\"}}],\"inLanguage\":\"pt-PT\"},{\"@type\":\"Organization\",\"@id\":\"https:\\\/\\\/aliancaevangelica.pt\\\/site\\\/#organization\",\"name\":\"Alian\u00e7a Evang\u00e9lica Portuguesa\",\"url\":\"https:\\\/\\\/aliancaevangelica.pt\\\/site\\\/\",\"logo\":{\"@type\":\"ImageObject\",\"inLanguage\":\"pt-PT\",\"@id\":\"https:\\\/\\\/aliancaevangelica.pt\\\/site\\\/#\\\/schema\\\/logo\\\/image\\\/\",\"url\":\"https:\\\/\\\/aliancaevangelica.pt\\\/site\\\/wp-content\\\/uploads\\\/2017\\\/11\\\/logo-AEP-cor.png\",\"contentUrl\":\"https:\\\/\\\/aliancaevangelica.pt\\\/site\\\/wp-content\\\/uploads\\\/2017\\\/11\\\/logo-AEP-cor.png\",\"width\":1156,\"height\":672,\"caption\":\"Alian\u00e7a Evang\u00e9lica Portuguesa\"},\"image\":{\"@id\":\"https:\\\/\\\/aliancaevangelica.pt\\\/site\\\/#\\\/schema\\\/logo\\\/image\\\/\"},\"sameAs\":[\"http:\\\/\\\/facebook.com\\\/aeportuguesa\",\"http:\\\/\\\/instagram.com\\\/aliancaep\",\"http:\\\/\\\/youtube.com\\\/aeportuguesa\"]},{\"@type\":\"Person\",\"@id\":\"https:\\\/\\\/aliancaevangelica.pt\\\/site\\\/#\\\/schema\\\/person\\\/3b47cfc7535eff1e820f31c2d67eafcf\",\"name\":\"AEP\",\"sameAs\":[\"aeportugal\"],\"url\":\"https:\\\/\\\/aliancaevangelica.pt\\\/site\\\/author\\\/aeportugal\\\/\"}]}<\/script>\n<!-- \/ Yoast SEO plugin. -->","yoast_head_json":{"title":"Gratid\u00e3o e contentamento - AEP","robots":{"index":"index","follow":"follow","max-snippet":"max-snippet:-1","max-image-preview":"max-image-preview:large","max-video-preview":"max-video-preview:-1"},"canonical":"https:\/\/aliancaevangelica.pt\/site\/gratidao-e-contentamento\/","og_locale":"pt_PT","og_type":"article","og_title":"Gratid\u00e3o e contentamento - AEP","og_description":"Em 2024, desejo\u2026 H\u00e1 um certo mist\u00e9rio em come\u00e7ar algo novo. Um misto de entusiasmo e curiosidade que nos transporta a tirarmos projetos da gaveta e em querer coloc\u00e1-los em pr\u00e1tica. Quem nunca definiu objetivos arrojados num in\u00edcio de um novo ano? Quem nunca disse frases como: \u201c\u00c9 neste ano que vou conseguir\u2026\u201d? N\u00e3o \u00e9","og_url":"https:\/\/aliancaevangelica.pt\/site\/gratidao-e-contentamento\/","og_site_name":"AEP","article_publisher":"http:\/\/facebook.com\/aeportuguesa","article_author":"aeportugal","article_published_time":"2024-01-18T15:11:39+00:00","article_modified_time":"2024-01-18T15:11:42+00:00","og_image":[{"width":1600,"height":1072,"url":"https:\/\/aliancaevangelica.pt\/site\/wp-content\/uploads\/2024\/01\/Captura-de-ecra\u0303-2024-01-18-a\u0300s-15.11.07.png","type":"image\/png"}],"author":"AEP","twitter_card":"summary_large_image","twitter_misc":{"Escrito por":"AEP","Tempo estimado de leitura":"5 minutos"},"schema":{"@context":"https:\/\/schema.org","@graph":[{"@type":"Article","@id":"https:\/\/aliancaevangelica.pt\/site\/gratidao-e-contentamento\/#article","isPartOf":{"@id":"https:\/\/aliancaevangelica.pt\/site\/gratidao-e-contentamento\/"},"author":{"name":"AEP","@id":"https:\/\/aliancaevangelica.pt\/site\/#\/schema\/person\/3b47cfc7535eff1e820f31c2d67eafcf"},"headline":"Gratid\u00e3o e contentamento","datePublished":"2024-01-18T15:11:39+00:00","dateModified":"2024-01-18T15:11:42+00:00","mainEntityOfPage":{"@id":"https:\/\/aliancaevangelica.pt\/site\/gratidao-e-contentamento\/"},"wordCount":978,"commentCount":0,"publisher":{"@id":"https:\/\/aliancaevangelica.pt\/site\/#organization"},"image":{"@id":"https:\/\/aliancaevangelica.pt\/site\/gratidao-e-contentamento\/#primaryimage"},"thumbnailUrl":"https:\/\/aliancaevangelica.pt\/site\/wp-content\/uploads\/2024\/01\/Captura-de-ecra\u0303-2024-01-18-a\u0300s-15.11.07.png","articleSection":["1-Geral","Mulheres, Casais e Fam\u00edlia"],"inLanguage":"pt-PT","potentialAction":[{"@type":"CommentAction","name":"Comment","target":["https:\/\/aliancaevangelica.pt\/site\/gratidao-e-contentamento\/#respond"]}]},{"@type":"WebPage","@id":"https:\/\/aliancaevangelica.pt\/site\/gratidao-e-contentamento\/","url":"https:\/\/aliancaevangelica.pt\/site\/gratidao-e-contentamento\/","name":"Gratid\u00e3o e contentamento - AEP","isPartOf":{"@id":"https:\/\/aliancaevangelica.pt\/site\/#website"},"primaryImageOfPage":{"@id":"https:\/\/aliancaevangelica.pt\/site\/gratidao-e-contentamento\/#primaryimage"},"image":{"@id":"https:\/\/aliancaevangelica.pt\/site\/gratidao-e-contentamento\/#primaryimage"},"thumbnailUrl":"https:\/\/aliancaevangelica.pt\/site\/wp-content\/uploads\/2024\/01\/Captura-de-ecra\u0303-2024-01-18-a\u0300s-15.11.07.png","datePublished":"2024-01-18T15:11:39+00:00","dateModified":"2024-01-18T15:11:42+00:00","breadcrumb":{"@id":"https:\/\/aliancaevangelica.pt\/site\/gratidao-e-contentamento\/#breadcrumb"},"inLanguage":"pt-PT","potentialAction":[{"@type":"ReadAction","target":["https:\/\/aliancaevangelica.pt\/site\/gratidao-e-contentamento\/"]}]},{"@type":"ImageObject","inLanguage":"pt-PT","@id":"https:\/\/aliancaevangelica.pt\/site\/gratidao-e-contentamento\/#primaryimage","url":"https:\/\/aliancaevangelica.pt\/site\/wp-content\/uploads\/2024\/01\/Captura-de-ecra\u0303-2024-01-18-a\u0300s-15.11.07.png","contentUrl":"https:\/\/aliancaevangelica.pt\/site\/wp-content\/uploads\/2024\/01\/Captura-de-ecra\u0303-2024-01-18-a\u0300s-15.11.07.png","width":1600,"height":1072},{"@type":"BreadcrumbList","@id":"https:\/\/aliancaevangelica.pt\/site\/gratidao-e-contentamento\/#breadcrumb","itemListElement":[{"@type":"ListItem","position":1,"name":"In\u00edcio","item":"https:\/\/aliancaevangelica.pt\/site\/"},{"@type":"ListItem","position":2,"name":"Gratid\u00e3o e contentamento"}]},{"@type":"WebSite","@id":"https:\/\/aliancaevangelica.pt\/site\/#website","url":"https:\/\/aliancaevangelica.pt\/site\/","name":"Alian\u00e7a Evang\u00e9lica Portuguesa","description":"Alian\u00e7a Evang\u00e9lica Portuguesa","publisher":{"@id":"https:\/\/aliancaevangelica.pt\/site\/#organization"},"potentialAction":[{"@type":"SearchAction","target":{"@type":"EntryPoint","urlTemplate":"https:\/\/aliancaevangelica.pt\/site\/?s={search_term_string}"},"query-input":{"@type":"PropertyValueSpecification","valueRequired":true,"valueName":"search_term_string"}}],"inLanguage":"pt-PT"},{"@type":"Organization","@id":"https:\/\/aliancaevangelica.pt\/site\/#organization","name":"Alian\u00e7a Evang\u00e9lica Portuguesa","url":"https:\/\/aliancaevangelica.pt\/site\/","logo":{"@type":"ImageObject","inLanguage":"pt-PT","@id":"https:\/\/aliancaevangelica.pt\/site\/#\/schema\/logo\/image\/","url":"https:\/\/aliancaevangelica.pt\/site\/wp-content\/uploads\/2017\/11\/logo-AEP-cor.png","contentUrl":"https:\/\/aliancaevangelica.pt\/site\/wp-content\/uploads\/2017\/11\/logo-AEP-cor.png","width":1156,"height":672,"caption":"Alian\u00e7a Evang\u00e9lica Portuguesa"},"image":{"@id":"https:\/\/aliancaevangelica.pt\/site\/#\/schema\/logo\/image\/"},"sameAs":["http:\/\/facebook.com\/aeportuguesa","http:\/\/instagram.com\/aliancaep","http:\/\/youtube.com\/aeportuguesa"]},{"@type":"Person","@id":"https:\/\/aliancaevangelica.pt\/site\/#\/schema\/person\/3b47cfc7535eff1e820f31c2d67eafcf","name":"AEP","sameAs":["aeportugal"],"url":"https:\/\/aliancaevangelica.pt\/site\/author\/aeportugal\/"}]}},"uagb_featured_image_src":{"full":["https:\/\/aliancaevangelica.pt\/site\/wp-content\/uploads\/2024\/01\/Captura-de-ecra\u0303-2024-01-18-a\u0300s-15.11.07.png",1600,1072,false],"thumbnail":["https:\/\/aliancaevangelica.pt\/site\/wp-content\/uploads\/2024\/01\/Captura-de-ecra\u0303-2024-01-18-a\u0300s-15.11.07-150x150.png",150,150,true],"medium":["https:\/\/aliancaevangelica.pt\/site\/wp-content\/uploads\/2024\/01\/Captura-de-ecra\u0303-2024-01-18-a\u0300s-15.11.07-300x201.png",300,201,true],"medium_large":["https:\/\/aliancaevangelica.pt\/site\/wp-content\/uploads\/2024\/01\/Captura-de-ecra\u0303-2024-01-18-a\u0300s-15.11.07-768x515.png",768,515,true],"large":["https:\/\/aliancaevangelica.pt\/site\/wp-content\/uploads\/2024\/01\/Captura-de-ecra\u0303-2024-01-18-a\u0300s-15.11.07-1024x686.png",960,643,true],"1536x1536":["https:\/\/aliancaevangelica.pt\/site\/wp-content\/uploads\/2024\/01\/Captura-de-ecra\u0303-2024-01-18-a\u0300s-15.11.07-1536x1029.png",1536,1029,true],"2048x2048":["https:\/\/aliancaevangelica.pt\/site\/wp-content\/uploads\/2024\/01\/Captura-de-ecra\u0303-2024-01-18-a\u0300s-15.11.07.png",1600,1072,false],"vp_sm":["https:\/\/aliancaevangelica.pt\/site\/wp-content\/uploads\/2024\/01\/Captura-de-ecra\u0303-2024-01-18-a\u0300s-15.11.07.png",500,335,false],"vp_md":["https:\/\/aliancaevangelica.pt\/site\/wp-content\/uploads\/2024\/01\/Captura-de-ecra\u0303-2024-01-18-a\u0300s-15.11.07.png",800,536,false],"vp_lg":["https:\/\/aliancaevangelica.pt\/site\/wp-content\/uploads\/2024\/01\/Captura-de-ecra\u0303-2024-01-18-a\u0300s-15.11.07.png",1280,858,false],"vp_xl":["https:\/\/aliancaevangelica.pt\/site\/wp-content\/uploads\/2024\/01\/Captura-de-ecra\u0303-2024-01-18-a\u0300s-15.11.07.png",1600,1072,false],"vp_sm_popup":["https:\/\/aliancaevangelica.pt\/site\/wp-content\/uploads\/2024\/01\/Captura-de-ecra\u0303-2024-01-18-a\u0300s-15.11.07.png",500,335,false],"vp_md_popup":["https:\/\/aliancaevangelica.pt\/site\/wp-content\/uploads\/2024\/01\/Captura-de-ecra\u0303-2024-01-18-a\u0300s-15.11.07.png",800,536,false],"vp_xl_popup":["https:\/\/aliancaevangelica.pt\/site\/wp-content\/uploads\/2024\/01\/Captura-de-ecra\u0303-2024-01-18-a\u0300s-15.11.07.png",1600,1072,false],"newsx-150x100":["https:\/\/aliancaevangelica.pt\/site\/wp-content\/uploads\/2024\/01\/Captura-de-ecra\u0303-2024-01-18-a\u0300s-15.11.07.png",150,100,false],"newsx-330x220":["https:\/\/aliancaevangelica.pt\/site\/wp-content\/uploads\/2024\/01\/Captura-de-ecra\u0303-2024-01-18-a\u0300s-15.11.07.png",328,220,false],"newsx-420x280":["https:\/\/aliancaevangelica.pt\/site\/wp-content\/uploads\/2024\/01\/Captura-de-ecra\u0303-2024-01-18-a\u0300s-15.11.07.png",418,280,false],"newsx-510x340":["https:\/\/aliancaevangelica.pt\/site\/wp-content\/uploads\/2024\/01\/Captura-de-ecra\u0303-2024-01-18-a\u0300s-15.11.07.png",507,340,false],"newsx-640x480":["https:\/\/aliancaevangelica.pt\/site\/wp-content\/uploads\/2024\/01\/Captura-de-ecra\u0303-2024-01-18-a\u0300s-15.11.07.png",640,429,false],"newsx-670x370":["https:\/\/aliancaevangelica.pt\/site\/wp-content\/uploads\/2024\/01\/Captura-de-ecra\u0303-2024-01-18-a\u0300s-15.11.07.png",552,370,false],"newsx-860x570":["https:\/\/aliancaevangelica.pt\/site\/wp-content\/uploads\/2024\/01\/Captura-de-ecra\u0303-2024-01-18-a\u0300s-15.11.07.png",851,570,false],"newsx-1000x750":["https:\/\/aliancaevangelica.pt\/site\/wp-content\/uploads\/2024\/01\/Captura-de-ecra\u0303-2024-01-18-a\u0300s-15.11.07.png",1000,670,false],"newsx-1200x600":["https:\/\/aliancaevangelica.pt\/site\/wp-content\/uploads\/2024\/01\/Captura-de-ecra\u0303-2024-01-18-a\u0300s-15.11.07.png",896,600,false]},"uagb_author_info":{"display_name":"AEP","author_link":"https:\/\/aliancaevangelica.pt\/site\/author\/aeportugal\/"},"uagb_comment_info":0,"uagb_excerpt":"Em 2024, desejo\u2026 H\u00e1 um certo mist\u00e9rio em come\u00e7ar algo novo. Um misto de entusiasmo e curiosidade que nos transporta a tirarmos projetos da gaveta e em querer coloc\u00e1-los em pr\u00e1tica. Quem nunca definiu objetivos arrojados num in\u00edcio de um novo ano? Quem nunca disse frases como: \u201c\u00c9 neste ano que vou conseguir\u2026\u201d? N\u00e3o \u00e9","_links":{"self":[{"href":"https:\/\/aliancaevangelica.pt\/site\/wp-json\/wp\/v2\/posts\/20519","targetHints":{"allow":["GET"]}}],"collection":[{"href":"https:\/\/aliancaevangelica.pt\/site\/wp-json\/wp\/v2\/posts"}],"about":[{"href":"https:\/\/aliancaevangelica.pt\/site\/wp-json\/wp\/v2\/types\/post"}],"author":[{"embeddable":true,"href":"https:\/\/aliancaevangelica.pt\/site\/wp-json\/wp\/v2\/users\/2"}],"replies":[{"embeddable":true,"href":"https:\/\/aliancaevangelica.pt\/site\/wp-json\/wp\/v2\/comments?post=20519"}],"version-history":[{"count":1,"href":"https:\/\/aliancaevangelica.pt\/site\/wp-json\/wp\/v2\/posts\/20519\/revisions"}],"predecessor-version":[{"id":20521,"href":"https:\/\/aliancaevangelica.pt\/site\/wp-json\/wp\/v2\/posts\/20519\/revisions\/20521"}],"wp:featuredmedia":[{"embeddable":true,"href":"https:\/\/aliancaevangelica.pt\/site\/wp-json\/wp\/v2\/media\/20520"}],"wp:attachment":[{"href":"https:\/\/aliancaevangelica.pt\/site\/wp-json\/wp\/v2\/media?parent=20519"}],"wp:term":[{"taxonomy":"category","embeddable":true,"href":"https:\/\/aliancaevangelica.pt\/site\/wp-json\/wp\/v2\/categories?post=20519"},{"taxonomy":"post_tag","embeddable":true,"href":"https:\/\/aliancaevangelica.pt\/site\/wp-json\/wp\/v2\/tags?post=20519"}],"curies":[{"name":"wp","href":"https:\/\/api.w.org\/{rel}","templated":true}]}}