{"id":20474,"date":"2023-12-11T15:17:05","date_gmt":"2023-12-11T15:17:05","guid":{"rendered":"https:\/\/aliancaevangelica.pt\/site\/?p=20474"},"modified":"2023-12-11T15:17:08","modified_gmt":"2023-12-11T15:17:08","slug":"nutricao","status":"publish","type":"post","link":"https:\/\/aliancaevangelica.pt\/site\/nutricao\/","title":{"rendered":"Nutri\u00e7\u00e3o"},"content":{"rendered":"<p class=\"p1\"><b>\u201c<i>Al\u00e9m do mais, ningu\u00e9m jamais odiou o seu pr\u00f3prio corpo, antes o alimenta e dele cuida, como tamb\u00e9m Cristo faz com a igreja.\u201d<\/i> Ef\u00e9sios 5:29<\/b><\/p>\n<p class=\"p1\">Cuidar faz parte de n\u00f3s, segundo Aquele que foi O primeiro cuidador, e que nos criou com a responsabilidade de ser o templo do Esp\u00edrito Santo. Sendo que se n\u00e3o somos de n\u00f3s mesmos, significa que entreg\u00e1mos esta nossa &#8220;casa&#8221; e, como tal, \u00e9 bom que ela esteja bem tratada.<span class=\"Apple-converted-space\">\u00a0<\/span><\/p>\n<p class=\"p1\">Para conseguir compreender o cuidar do seu corpo face aos desafios da atualidade, ao longo deste texto, vamos desconstruir alguns conceitos que sempre ouviu na \u00e1rea da Nutri\u00e7\u00e3o.<\/p>\n<p class=\"p1\">\n<p class=\"p1\">Entender a alimenta\u00e7\u00e3o como fundamental para a nossa sa\u00fade n\u00e3o \u00e9, com certeza, novidade para ningu\u00e9m. No entanto, a forma como temos entendido o conceito de uma dieta saud\u00e1vel pode estar distorcido, confundido ou at\u00e9 dif\u00edcil de definir. Come\u00e7amos com o facto de dieta n\u00e3o ser s\u00f3 o documento que um Nutricionista lhe d\u00e1, mas sim tudo o que ingere. Portanto, mesmo sem querer, est\u00e1 todos os dias em dieta. Se calhar est\u00e1 no processo de descobrir a dieta mais adequada para si, mas no meio de tantas pol\u00e9micas, modas, mitos, e (demasiada) informa\u00e7\u00e3o torna-se uma tarefa dif\u00edcil distinguir o certo do errado relativamente \u00e0 alimenta\u00e7\u00e3o.<span class=\"Apple-converted-space\">\u00a0<\/span><\/p>\n<p class=\"p1\">\n<p class=\"p1\">Uma das defini\u00e7\u00f5es mais recentes para uma dieta adequada segundo a FAO* \u00e9 ser promotora de sa\u00fade e prevenir a doen\u00e7a. \u00c9 aquela que fornece nutrientes de forma adequada, sem excesso, com subst\u00e2ncias de alimentos nutritivos promotoras da sa\u00fade e evita o consumo de subst\u00e2ncias prejudiciais. A OMS** acrescenta o facto de nos proteger contra a malnutri\u00e7\u00e3o em todas as suas formas e de doen\u00e7as n\u00e3o transmiss\u00edveis, como diabetes, doen\u00e7as card\u00edacas, AVC***, e cancro.<span class=\"Apple-converted-space\">\u00a0<\/span><\/p>\n<p class=\"p1\">\n<p class=\"p1\">Agora, a quest\u00e3o \u00e9: conseguiremos n\u00f3s atingir esta plenitude? Pois bem, perfei\u00e7\u00e3o tamb\u00e9m sabemos que n\u00e3o iremos atingir. Agora, com certeza, j\u00e1 ouviu, por exemplo, que o p\u00e3o engorda, ou que o alimento x provocou uma doen\u00e7a grave. Posso responder j\u00e1 que n\u00e3o, e que essas pessoas ter\u00e3o dificuldades em comprov\u00e1-lo de forma exata, j\u00e1 que n\u00e3o comem s\u00f3 um alimento o dia todo. Tenho tamb\u00e9m algumas d\u00favidas que Jesus se associaria ao p\u00e3o se ele fosse a pior coisa que tivesse sido criada. Posto isto, os estudos de relev\u00e2ncia direcionam-nos para padr\u00f5es alimentares e de estilo de vida (e como \u00e9 claro n\u00e3o poderia deixar de enaltecer o nosso padr\u00e3o alimentar mediterr\u00e2nico), que adiciona aqui o conceito de frequ\u00eancia atrav\u00e9s do qual os alimentos s\u00e3o consumidos habitualmente. Habitual \u00e9 diferente de sempre e nunca, assim como adequado \u00e9 diferente de bom e mau. N\u00e3o, n\u00e3o quero transformar este texto numa an\u00e1lise lingu\u00edstica, mas sim alertar para melhorarmos a rela\u00e7\u00e3o que muitas de n\u00f3s t\u00eam com a alimenta\u00e7\u00e3o. Tem sido investigado que a ingest\u00e3o alimentar \u00e9 influenciada por m\u00faltiplos fatores:<\/p>\n<p class=\"p1\">\n<ul class=\"ul1\">\n<li class=\"li1\">Intr\u00ednsecos aos alimentos (ex: sabor, fatores percetivos)<\/li>\n<li class=\"li1\">Fatores externos aos alimentos (ex: informa\u00e7\u00e3o, ambiente social, ambiente f\u00edsico)<\/li>\n<li class=\"li1\">Fatores de estado cl\u00ednico e pessoal (ex: caracter\u00edsticas biol\u00f3gicas e necessidades fisiol\u00f3gicas, componentes psicol\u00f3gicos, h\u00e1bitos e experi\u00eancias)<\/li>\n<li class=\"li1\">Fatores cognitivos (ex: conhecimento e habilidades, atitude\u2026)<\/li>\n<li class=\"li1\">Fatores socioculturais (ex: cultura, vari\u00e1veis \u200b\u200becon\u00f3micas, elementos pol\u00edticos).<span class=\"Apple-converted-space\">\u00a0<\/span><\/li>\n<\/ul>\n<p class=\"p1\">\n<p class=\"p1\">Portanto, ingerir um alimento pode trazer sentimentos, mem\u00f3rias, experi\u00eancias, viv\u00eancias, cultura, nutrientes, uma intera\u00e7\u00e3o din\u00e2mica de v\u00e1rios fatores\u2026 \u00c9 poss\u00edvel assim entender porque implementar mudan\u00e7as na alimenta\u00e7\u00e3o pode ser complexo. \u00c9 prov\u00e1vel que j\u00e1 tenha visto ou experienciado algu\u00e9m que decidiu nunca mais comer bolos, por exemplo. Que quando falha, e volta a consumir esses alimentos identifica sentimentos de culpa e desiste de tudo a que se prop\u00f4s. Ou algu\u00e9m que decidiu seguir uma dieta restritiva, por um valor na balan\u00e7a que n\u00e3o conseguiu manter, e at\u00e9 fez com que depois ganhasse mais peso do que tinha antes. Desta forma, aplicar o bom senso provavelmente ir\u00e1 proteg\u00ea-lo de abordagens extremistas. Exemplo: &#8220;dieta do\u2026 (inserir um nome que chame a aten\u00e7\u00e3o)&#8221;, que muitas vezes podem trazer at\u00e9 consequ\u00eancias negativas na sua sa\u00fade.<span class=\"Apple-converted-space\">\u00a0<\/span><\/p>\n<p class=\"p1\">Se durante toda a sua vida ingeriu determinado alimento na sua rotina e, de repente, algu\u00e9m lhe diz que nunca mais na sua vida vai voltar a ingeri-lo para atingir o seu objetivo. Esque\u00e7a! O melhor ser\u00e1 mesmo desprezar essa recomenda\u00e7\u00e3o. Cuidar de n\u00f3s tamb\u00e9m come\u00e7a por ter aten\u00e7\u00e3o aos julgamentos feitos \u00e0 alimenta\u00e7\u00e3o. A conota\u00e7\u00e3o que atribu\u00edmos aos alimentos em vez de nos ajudar pode sabotar o nosso processo. Poder\u00e1 tornar-se um processo imposs\u00edvel em vez de ser um processo progressivo de mudan\u00e7a de comportamentos.<\/p>\n<p class=\"p1\">\n<p class=\"p1\">Se na sua alimenta\u00e7\u00e3o identifica que existe uma predomin\u00e2ncia de alimentos pouco nutritivos e uma rara inclus\u00e3o dos vegetais, fruta, cereais integrais, fontes proteicas (de baixo teor de gordura), nas suas refei\u00e7\u00f5es, ent\u00e3o pode ter de mudar e inverter algumas prioridades. E sim, estes grupos alimentares s\u00e3o mesmo necess\u00e1rios diariamente (excluindo os casos de patologia identificada). Eventualmente, no in\u00edcio, come\u00e7ar\u00e1 por serem uma disciplina que muitas vezes poderemos n\u00e3o ter vontade de seguir, mas com a repeti\u00e7\u00e3o do comportamento, tornar-se-\u00e3o um h\u00e1bito.<span class=\"Apple-converted-space\">\u00a0<\/span><\/p>\n<p class=\"p1\">Costumo comparar a introdu\u00e7\u00e3o de um estilo de vida saud\u00e1vel, \u00e0 disciplina do emprego. Podemos at\u00e9 ter um emprego excelente que nos d\u00e1 um gozo enorme, mas muitas vezes preferia estar de f\u00e9rias numa est\u00e2ncia paradis\u00edaca ou estar a dormir em sua casa, a ir trabalhar. Mas vai na mesma, certo? Se a sua resposta foi sim, ent\u00e3o estar\u00e1 a agir por disciplina. Para aquelas \u00e1reas que s\u00e3o mais dif\u00edceis de modificar, para si, pense nisto antes de agir mediante a sua vontade. Se for determinada nas suas decis\u00f5es com certeza conseguir\u00e1 um bom resultado.<\/p>\n<p class=\"p1\">Ainda assim, se identifica que est\u00e1 a ir demasiadas vezes \u00e0 sua cadeia de fast-food preferida, ou que n\u00e3o consegue resistir sempre que passa pela padaria do seu bairro (e passa por ela todos os dias), ent\u00e3o poder\u00e1 estar a ter dificuldade no autocontrolo. E como diz a passagem b\u00edblica: <b><i>&#8220;Todas as coisas me s\u00e3o l\u00edcitas, mas nem todas as coisas conv\u00eam. Todas as coisas me s\u00e3o l\u00edcitas, mas eu n\u00e3o me deixarei dominar por nenhuma&#8221;.1 Cor\u00edntios 6:12<\/i><\/b><\/p>\n<p class=\"p1\">\n<p class=\"p1\">Curioso que at\u00e9 a b\u00edblia nos leva a refletir sobre isto: Decis\u00f5es! A nossa decis\u00e3o \u00e9 inevit\u00e1vel e no fim das contas vai ser voc\u00ea o respons\u00e1vel pelas melhores escolhas alimentares para si. Assim como na nossa jornada crist\u00e3 ser\u00e1 dif\u00edcil ambicionar uma vida na terra com a total aus\u00eancia de pecado, e por isso, vamo-nos arrependendo e aprendendo com os mesmos, ser\u00e1 dif\u00edcil tamb\u00e9m ambicionar uma vida sem alimentos menos nutritivos.<span class=\"Apple-converted-space\">\u00a0<\/span><\/p>\n<p class=\"p1\"><b><i>\u201cAssim, quer voc\u00eas comam, quer bebam, quer fa\u00e7am qualquer outra coisa, fa\u00e7am tudo para a gl\u00f3ria de Deus.\u201d<\/i> 1 Cor\u00edntios 10:31<\/b><\/p>\n<p class=\"p1\">Vamos percorrendo o caminho que nos faz mudar o alvo e direcionar as nossas atitudes para o que Deus se agrada, da mesma forma na alimenta\u00e7\u00e3o tamb\u00e9m direcionamos os nossos esfor\u00e7os para o melhor cujo alvo ser\u00e3o comportamentos alimentares saud\u00e1veis e alimentos ricos em nutrientes, habitualmente. N\u00e3o desistimos porque err\u00e1mos num dia. N\u00e3o desistimos porque Ele nos permite existir, nos permite aproximar-nos Dele e fazermos tudo para a Sua honra e gl\u00f3ria.<\/p>\n<p class=\"p3\">*<span class=\"s1\">FAO &#8211; <\/span>Food and Agriculture Organization<\/p>\n<p class=\"p3\">**<span class=\"s1\">OMS<\/span> &#8211; Organiza\u00e7\u00e3o Mundial de Sa\u00fade<\/p>\n<p class=\"p3\">***<span class=\"s1\">AVC<\/span> &#8211; Acidente Vascular Cerebral<\/p>\n<p class=\"p5\"><b>In\u00eas Monteiro<\/b>, Nutricionista e Team Leader na Teladoc Health<\/p>\n","protected":false},"excerpt":{"rendered":"<p>\u201cAl\u00e9m do mais, ningu\u00e9m jamais odiou o seu pr\u00f3prio corpo, antes o alimenta e dele cuida, como tamb\u00e9m Cristo faz com a igreja.\u201d Ef\u00e9sios 5:29 Cuidar faz parte de n\u00f3s, segundo Aquele que foi O primeiro cuidador, e que nos criou com a responsabilidade de ser o templo do Esp\u00edrito Santo. Sendo que se n\u00e3o<\/p>\n","protected":false},"author":2,"featured_media":20475,"comment_status":"open","ping_status":"open","sticky":false,"template":"","format":"standard","meta":{"_uag_custom_page_level_css":"","_themeisle_gutenberg_block_has_review":false,"_vp_format_video_url":"","_vp_image_focal_point":[],"footnotes":""},"categories":[45,47],"tags":[],"class_list":["post-20474","post","type-post","status-publish","format-standard","has-post-thumbnail","hentry","category-geral","category-mulheres-casais-e-familia"],"yoast_head":"<!-- This site is optimized with the Yoast SEO plugin v27.5 - https:\/\/yoast.com\/product\/yoast-seo-wordpress\/ -->\n<title>Nutri\u00e7\u00e3o - AEP<\/title>\n<meta name=\"robots\" content=\"index, follow, max-snippet:-1, max-image-preview:large, max-video-preview:-1\" \/>\n<link rel=\"canonical\" href=\"https:\/\/aliancaevangelica.pt\/site\/nutricao\/\" \/>\n<meta property=\"og:locale\" content=\"pt_PT\" \/>\n<meta property=\"og:type\" content=\"article\" \/>\n<meta property=\"og:title\" content=\"Nutri\u00e7\u00e3o - AEP\" \/>\n<meta property=\"og:description\" content=\"\u201cAl\u00e9m do mais, ningu\u00e9m jamais odiou o seu pr\u00f3prio corpo, antes o alimenta e dele cuida, como tamb\u00e9m Cristo faz com a igreja.\u201d Ef\u00e9sios 5:29 Cuidar faz parte de n\u00f3s, segundo Aquele que foi O primeiro cuidador, e que nos criou com a responsabilidade de ser o templo do Esp\u00edrito Santo. Sendo que se n\u00e3o\" \/>\n<meta property=\"og:url\" content=\"https:\/\/aliancaevangelica.pt\/site\/nutricao\/\" \/>\n<meta property=\"og:site_name\" content=\"AEP\" \/>\n<meta property=\"article:publisher\" content=\"http:\/\/facebook.com\/aeportuguesa\" \/>\n<meta property=\"article:author\" content=\"aeportugal\" \/>\n<meta property=\"article:published_time\" content=\"2023-12-11T15:17:05+00:00\" \/>\n<meta property=\"article:modified_time\" content=\"2023-12-11T15:17:08+00:00\" \/>\n<meta property=\"og:image\" content=\"https:\/\/aliancaevangelica.pt\/site\/wp-content\/uploads\/2023\/12\/Captura-de-ecra\u0303-2023-12-11-a\u0300s-15.15.26.png\" \/>\n\t<meta property=\"og:image:width\" content=\"928\" \/>\n\t<meta property=\"og:image:height\" content=\"970\" \/>\n\t<meta property=\"og:image:type\" content=\"image\/png\" \/>\n<meta name=\"author\" content=\"AEP\" \/>\n<meta name=\"twitter:card\" content=\"summary_large_image\" \/>\n<meta name=\"twitter:label1\" content=\"Escrito por\" \/>\n\t<meta name=\"twitter:data1\" content=\"AEP\" \/>\n\t<meta name=\"twitter:label2\" content=\"Tempo estimado de leitura\" \/>\n\t<meta name=\"twitter:data2\" content=\"7 minutos\" \/>\n<script type=\"application\/ld+json\" class=\"yoast-schema-graph\">{\"@context\":\"https:\\\/\\\/schema.org\",\"@graph\":[{\"@type\":\"Article\",\"@id\":\"https:\\\/\\\/aliancaevangelica.pt\\\/site\\\/nutricao\\\/#article\",\"isPartOf\":{\"@id\":\"https:\\\/\\\/aliancaevangelica.pt\\\/site\\\/nutricao\\\/\"},\"author\":{\"name\":\"AEP\",\"@id\":\"https:\\\/\\\/aliancaevangelica.pt\\\/site\\\/#\\\/schema\\\/person\\\/3b47cfc7535eff1e820f31c2d67eafcf\"},\"headline\":\"Nutri\u00e7\u00e3o\",\"datePublished\":\"2023-12-11T15:17:05+00:00\",\"dateModified\":\"2023-12-11T15:17:08+00:00\",\"mainEntityOfPage\":{\"@id\":\"https:\\\/\\\/aliancaevangelica.pt\\\/site\\\/nutricao\\\/\"},\"wordCount\":1326,\"commentCount\":0,\"publisher\":{\"@id\":\"https:\\\/\\\/aliancaevangelica.pt\\\/site\\\/#organization\"},\"image\":{\"@id\":\"https:\\\/\\\/aliancaevangelica.pt\\\/site\\\/nutricao\\\/#primaryimage\"},\"thumbnailUrl\":\"https:\\\/\\\/aliancaevangelica.pt\\\/site\\\/wp-content\\\/uploads\\\/2023\\\/12\\\/Captura-de-ecra\u0303-2023-12-11-a\u0300s-15.15.26.png\",\"articleSection\":[\"1-Geral\",\"Mulheres, Casais e Fam\u00edlia\"],\"inLanguage\":\"pt-PT\",\"potentialAction\":[{\"@type\":\"CommentAction\",\"name\":\"Comment\",\"target\":[\"https:\\\/\\\/aliancaevangelica.pt\\\/site\\\/nutricao\\\/#respond\"]}]},{\"@type\":\"WebPage\",\"@id\":\"https:\\\/\\\/aliancaevangelica.pt\\\/site\\\/nutricao\\\/\",\"url\":\"https:\\\/\\\/aliancaevangelica.pt\\\/site\\\/nutricao\\\/\",\"name\":\"Nutri\u00e7\u00e3o - AEP\",\"isPartOf\":{\"@id\":\"https:\\\/\\\/aliancaevangelica.pt\\\/site\\\/#website\"},\"primaryImageOfPage\":{\"@id\":\"https:\\\/\\\/aliancaevangelica.pt\\\/site\\\/nutricao\\\/#primaryimage\"},\"image\":{\"@id\":\"https:\\\/\\\/aliancaevangelica.pt\\\/site\\\/nutricao\\\/#primaryimage\"},\"thumbnailUrl\":\"https:\\\/\\\/aliancaevangelica.pt\\\/site\\\/wp-content\\\/uploads\\\/2023\\\/12\\\/Captura-de-ecra\u0303-2023-12-11-a\u0300s-15.15.26.png\",\"datePublished\":\"2023-12-11T15:17:05+00:00\",\"dateModified\":\"2023-12-11T15:17:08+00:00\",\"breadcrumb\":{\"@id\":\"https:\\\/\\\/aliancaevangelica.pt\\\/site\\\/nutricao\\\/#breadcrumb\"},\"inLanguage\":\"pt-PT\",\"potentialAction\":[{\"@type\":\"ReadAction\",\"target\":[\"https:\\\/\\\/aliancaevangelica.pt\\\/site\\\/nutricao\\\/\"]}]},{\"@type\":\"ImageObject\",\"inLanguage\":\"pt-PT\",\"@id\":\"https:\\\/\\\/aliancaevangelica.pt\\\/site\\\/nutricao\\\/#primaryimage\",\"url\":\"https:\\\/\\\/aliancaevangelica.pt\\\/site\\\/wp-content\\\/uploads\\\/2023\\\/12\\\/Captura-de-ecra\u0303-2023-12-11-a\u0300s-15.15.26.png\",\"contentUrl\":\"https:\\\/\\\/aliancaevangelica.pt\\\/site\\\/wp-content\\\/uploads\\\/2023\\\/12\\\/Captura-de-ecra\u0303-2023-12-11-a\u0300s-15.15.26.png\",\"width\":928,\"height\":970},{\"@type\":\"BreadcrumbList\",\"@id\":\"https:\\\/\\\/aliancaevangelica.pt\\\/site\\\/nutricao\\\/#breadcrumb\",\"itemListElement\":[{\"@type\":\"ListItem\",\"position\":1,\"name\":\"In\u00edcio\",\"item\":\"https:\\\/\\\/aliancaevangelica.pt\\\/site\\\/\"},{\"@type\":\"ListItem\",\"position\":2,\"name\":\"Nutri\u00e7\u00e3o\"}]},{\"@type\":\"WebSite\",\"@id\":\"https:\\\/\\\/aliancaevangelica.pt\\\/site\\\/#website\",\"url\":\"https:\\\/\\\/aliancaevangelica.pt\\\/site\\\/\",\"name\":\"Alian\u00e7a Evang\u00e9lica Portuguesa\",\"description\":\"Alian\u00e7a Evang\u00e9lica Portuguesa\",\"publisher\":{\"@id\":\"https:\\\/\\\/aliancaevangelica.pt\\\/site\\\/#organization\"},\"potentialAction\":[{\"@type\":\"SearchAction\",\"target\":{\"@type\":\"EntryPoint\",\"urlTemplate\":\"https:\\\/\\\/aliancaevangelica.pt\\\/site\\\/?s={search_term_string}\"},\"query-input\":{\"@type\":\"PropertyValueSpecification\",\"valueRequired\":true,\"valueName\":\"search_term_string\"}}],\"inLanguage\":\"pt-PT\"},{\"@type\":\"Organization\",\"@id\":\"https:\\\/\\\/aliancaevangelica.pt\\\/site\\\/#organization\",\"name\":\"Alian\u00e7a Evang\u00e9lica Portuguesa\",\"url\":\"https:\\\/\\\/aliancaevangelica.pt\\\/site\\\/\",\"logo\":{\"@type\":\"ImageObject\",\"inLanguage\":\"pt-PT\",\"@id\":\"https:\\\/\\\/aliancaevangelica.pt\\\/site\\\/#\\\/schema\\\/logo\\\/image\\\/\",\"url\":\"https:\\\/\\\/aliancaevangelica.pt\\\/site\\\/wp-content\\\/uploads\\\/2017\\\/11\\\/logo-AEP-cor.png\",\"contentUrl\":\"https:\\\/\\\/aliancaevangelica.pt\\\/site\\\/wp-content\\\/uploads\\\/2017\\\/11\\\/logo-AEP-cor.png\",\"width\":1156,\"height\":672,\"caption\":\"Alian\u00e7a Evang\u00e9lica Portuguesa\"},\"image\":{\"@id\":\"https:\\\/\\\/aliancaevangelica.pt\\\/site\\\/#\\\/schema\\\/logo\\\/image\\\/\"},\"sameAs\":[\"http:\\\/\\\/facebook.com\\\/aeportuguesa\",\"http:\\\/\\\/instagram.com\\\/aliancaep\",\"http:\\\/\\\/youtube.com\\\/aeportuguesa\"]},{\"@type\":\"Person\",\"@id\":\"https:\\\/\\\/aliancaevangelica.pt\\\/site\\\/#\\\/schema\\\/person\\\/3b47cfc7535eff1e820f31c2d67eafcf\",\"name\":\"AEP\",\"sameAs\":[\"aeportugal\"],\"url\":\"https:\\\/\\\/aliancaevangelica.pt\\\/site\\\/author\\\/aeportugal\\\/\"}]}<\/script>\n<!-- \/ Yoast SEO plugin. -->","yoast_head_json":{"title":"Nutri\u00e7\u00e3o - AEP","robots":{"index":"index","follow":"follow","max-snippet":"max-snippet:-1","max-image-preview":"max-image-preview:large","max-video-preview":"max-video-preview:-1"},"canonical":"https:\/\/aliancaevangelica.pt\/site\/nutricao\/","og_locale":"pt_PT","og_type":"article","og_title":"Nutri\u00e7\u00e3o - AEP","og_description":"\u201cAl\u00e9m do mais, ningu\u00e9m jamais odiou o seu pr\u00f3prio corpo, antes o alimenta e dele cuida, como tamb\u00e9m Cristo faz com a igreja.\u201d Ef\u00e9sios 5:29 Cuidar faz parte de n\u00f3s, segundo Aquele que foi O primeiro cuidador, e que nos criou com a responsabilidade de ser o templo do Esp\u00edrito Santo. Sendo que se n\u00e3o","og_url":"https:\/\/aliancaevangelica.pt\/site\/nutricao\/","og_site_name":"AEP","article_publisher":"http:\/\/facebook.com\/aeportuguesa","article_author":"aeportugal","article_published_time":"2023-12-11T15:17:05+00:00","article_modified_time":"2023-12-11T15:17:08+00:00","og_image":[{"width":928,"height":970,"url":"https:\/\/aliancaevangelica.pt\/site\/wp-content\/uploads\/2023\/12\/Captura-de-ecra\u0303-2023-12-11-a\u0300s-15.15.26.png","type":"image\/png"}],"author":"AEP","twitter_card":"summary_large_image","twitter_misc":{"Escrito por":"AEP","Tempo estimado de leitura":"7 minutos"},"schema":{"@context":"https:\/\/schema.org","@graph":[{"@type":"Article","@id":"https:\/\/aliancaevangelica.pt\/site\/nutricao\/#article","isPartOf":{"@id":"https:\/\/aliancaevangelica.pt\/site\/nutricao\/"},"author":{"name":"AEP","@id":"https:\/\/aliancaevangelica.pt\/site\/#\/schema\/person\/3b47cfc7535eff1e820f31c2d67eafcf"},"headline":"Nutri\u00e7\u00e3o","datePublished":"2023-12-11T15:17:05+00:00","dateModified":"2023-12-11T15:17:08+00:00","mainEntityOfPage":{"@id":"https:\/\/aliancaevangelica.pt\/site\/nutricao\/"},"wordCount":1326,"commentCount":0,"publisher":{"@id":"https:\/\/aliancaevangelica.pt\/site\/#organization"},"image":{"@id":"https:\/\/aliancaevangelica.pt\/site\/nutricao\/#primaryimage"},"thumbnailUrl":"https:\/\/aliancaevangelica.pt\/site\/wp-content\/uploads\/2023\/12\/Captura-de-ecra\u0303-2023-12-11-a\u0300s-15.15.26.png","articleSection":["1-Geral","Mulheres, Casais e Fam\u00edlia"],"inLanguage":"pt-PT","potentialAction":[{"@type":"CommentAction","name":"Comment","target":["https:\/\/aliancaevangelica.pt\/site\/nutricao\/#respond"]}]},{"@type":"WebPage","@id":"https:\/\/aliancaevangelica.pt\/site\/nutricao\/","url":"https:\/\/aliancaevangelica.pt\/site\/nutricao\/","name":"Nutri\u00e7\u00e3o - AEP","isPartOf":{"@id":"https:\/\/aliancaevangelica.pt\/site\/#website"},"primaryImageOfPage":{"@id":"https:\/\/aliancaevangelica.pt\/site\/nutricao\/#primaryimage"},"image":{"@id":"https:\/\/aliancaevangelica.pt\/site\/nutricao\/#primaryimage"},"thumbnailUrl":"https:\/\/aliancaevangelica.pt\/site\/wp-content\/uploads\/2023\/12\/Captura-de-ecra\u0303-2023-12-11-a\u0300s-15.15.26.png","datePublished":"2023-12-11T15:17:05+00:00","dateModified":"2023-12-11T15:17:08+00:00","breadcrumb":{"@id":"https:\/\/aliancaevangelica.pt\/site\/nutricao\/#breadcrumb"},"inLanguage":"pt-PT","potentialAction":[{"@type":"ReadAction","target":["https:\/\/aliancaevangelica.pt\/site\/nutricao\/"]}]},{"@type":"ImageObject","inLanguage":"pt-PT","@id":"https:\/\/aliancaevangelica.pt\/site\/nutricao\/#primaryimage","url":"https:\/\/aliancaevangelica.pt\/site\/wp-content\/uploads\/2023\/12\/Captura-de-ecra\u0303-2023-12-11-a\u0300s-15.15.26.png","contentUrl":"https:\/\/aliancaevangelica.pt\/site\/wp-content\/uploads\/2023\/12\/Captura-de-ecra\u0303-2023-12-11-a\u0300s-15.15.26.png","width":928,"height":970},{"@type":"BreadcrumbList","@id":"https:\/\/aliancaevangelica.pt\/site\/nutricao\/#breadcrumb","itemListElement":[{"@type":"ListItem","position":1,"name":"In\u00edcio","item":"https:\/\/aliancaevangelica.pt\/site\/"},{"@type":"ListItem","position":2,"name":"Nutri\u00e7\u00e3o"}]},{"@type":"WebSite","@id":"https:\/\/aliancaevangelica.pt\/site\/#website","url":"https:\/\/aliancaevangelica.pt\/site\/","name":"Alian\u00e7a Evang\u00e9lica Portuguesa","description":"Alian\u00e7a Evang\u00e9lica Portuguesa","publisher":{"@id":"https:\/\/aliancaevangelica.pt\/site\/#organization"},"potentialAction":[{"@type":"SearchAction","target":{"@type":"EntryPoint","urlTemplate":"https:\/\/aliancaevangelica.pt\/site\/?s={search_term_string}"},"query-input":{"@type":"PropertyValueSpecification","valueRequired":true,"valueName":"search_term_string"}}],"inLanguage":"pt-PT"},{"@type":"Organization","@id":"https:\/\/aliancaevangelica.pt\/site\/#organization","name":"Alian\u00e7a Evang\u00e9lica Portuguesa","url":"https:\/\/aliancaevangelica.pt\/site\/","logo":{"@type":"ImageObject","inLanguage":"pt-PT","@id":"https:\/\/aliancaevangelica.pt\/site\/#\/schema\/logo\/image\/","url":"https:\/\/aliancaevangelica.pt\/site\/wp-content\/uploads\/2017\/11\/logo-AEP-cor.png","contentUrl":"https:\/\/aliancaevangelica.pt\/site\/wp-content\/uploads\/2017\/11\/logo-AEP-cor.png","width":1156,"height":672,"caption":"Alian\u00e7a Evang\u00e9lica Portuguesa"},"image":{"@id":"https:\/\/aliancaevangelica.pt\/site\/#\/schema\/logo\/image\/"},"sameAs":["http:\/\/facebook.com\/aeportuguesa","http:\/\/instagram.com\/aliancaep","http:\/\/youtube.com\/aeportuguesa"]},{"@type":"Person","@id":"https:\/\/aliancaevangelica.pt\/site\/#\/schema\/person\/3b47cfc7535eff1e820f31c2d67eafcf","name":"AEP","sameAs":["aeportugal"],"url":"https:\/\/aliancaevangelica.pt\/site\/author\/aeportugal\/"}]}},"uagb_featured_image_src":{"full":["https:\/\/aliancaevangelica.pt\/site\/wp-content\/uploads\/2023\/12\/Captura-de-ecra\u0303-2023-12-11-a\u0300s-15.15.26.png",928,970,false],"thumbnail":["https:\/\/aliancaevangelica.pt\/site\/wp-content\/uploads\/2023\/12\/Captura-de-ecra\u0303-2023-12-11-a\u0300s-15.15.26-150x150.png",150,150,true],"medium":["https:\/\/aliancaevangelica.pt\/site\/wp-content\/uploads\/2023\/12\/Captura-de-ecra\u0303-2023-12-11-a\u0300s-15.15.26-287x300.png",287,300,true],"medium_large":["https:\/\/aliancaevangelica.pt\/site\/wp-content\/uploads\/2023\/12\/Captura-de-ecra\u0303-2023-12-11-a\u0300s-15.15.26-768x803.png",768,803,true],"large":["https:\/\/aliancaevangelica.pt\/site\/wp-content\/uploads\/2023\/12\/Captura-de-ecra\u0303-2023-12-11-a\u0300s-15.15.26.png",928,970,false],"1536x1536":["https:\/\/aliancaevangelica.pt\/site\/wp-content\/uploads\/2023\/12\/Captura-de-ecra\u0303-2023-12-11-a\u0300s-15.15.26.png",928,970,false],"2048x2048":["https:\/\/aliancaevangelica.pt\/site\/wp-content\/uploads\/2023\/12\/Captura-de-ecra\u0303-2023-12-11-a\u0300s-15.15.26.png",928,970,false],"vp_sm":["https:\/\/aliancaevangelica.pt\/site\/wp-content\/uploads\/2023\/12\/Captura-de-ecra\u0303-2023-12-11-a\u0300s-15.15.26.png",500,523,false],"vp_md":["https:\/\/aliancaevangelica.pt\/site\/wp-content\/uploads\/2023\/12\/Captura-de-ecra\u0303-2023-12-11-a\u0300s-15.15.26.png",800,836,false],"vp_lg":["https:\/\/aliancaevangelica.pt\/site\/wp-content\/uploads\/2023\/12\/Captura-de-ecra\u0303-2023-12-11-a\u0300s-15.15.26.png",928,970,false],"vp_xl":["https:\/\/aliancaevangelica.pt\/site\/wp-content\/uploads\/2023\/12\/Captura-de-ecra\u0303-2023-12-11-a\u0300s-15.15.26.png",928,970,false],"vp_sm_popup":["https:\/\/aliancaevangelica.pt\/site\/wp-content\/uploads\/2023\/12\/Captura-de-ecra\u0303-2023-12-11-a\u0300s-15.15.26.png",500,523,false],"vp_md_popup":["https:\/\/aliancaevangelica.pt\/site\/wp-content\/uploads\/2023\/12\/Captura-de-ecra\u0303-2023-12-11-a\u0300s-15.15.26.png",800,836,false],"vp_xl_popup":["https:\/\/aliancaevangelica.pt\/site\/wp-content\/uploads\/2023\/12\/Captura-de-ecra\u0303-2023-12-11-a\u0300s-15.15.26.png",928,970,false],"newsx-150x100":["https:\/\/aliancaevangelica.pt\/site\/wp-content\/uploads\/2023\/12\/Captura-de-ecra\u0303-2023-12-11-a\u0300s-15.15.26.png",96,100,false],"newsx-330x220":["https:\/\/aliancaevangelica.pt\/site\/wp-content\/uploads\/2023\/12\/Captura-de-ecra\u0303-2023-12-11-a\u0300s-15.15.26.png",210,220,false],"newsx-420x280":["https:\/\/aliancaevangelica.pt\/site\/wp-content\/uploads\/2023\/12\/Captura-de-ecra\u0303-2023-12-11-a\u0300s-15.15.26.png",268,280,false],"newsx-510x340":["https:\/\/aliancaevangelica.pt\/site\/wp-content\/uploads\/2023\/12\/Captura-de-ecra\u0303-2023-12-11-a\u0300s-15.15.26.png",325,340,false],"newsx-640x480":["https:\/\/aliancaevangelica.pt\/site\/wp-content\/uploads\/2023\/12\/Captura-de-ecra\u0303-2023-12-11-a\u0300s-15.15.26.png",459,480,false],"newsx-670x370":["https:\/\/aliancaevangelica.pt\/site\/wp-content\/uploads\/2023\/12\/Captura-de-ecra\u0303-2023-12-11-a\u0300s-15.15.26.png",354,370,false],"newsx-860x570":["https:\/\/aliancaevangelica.pt\/site\/wp-content\/uploads\/2023\/12\/Captura-de-ecra\u0303-2023-12-11-a\u0300s-15.15.26.png",545,570,false],"newsx-1000x750":["https:\/\/aliancaevangelica.pt\/site\/wp-content\/uploads\/2023\/12\/Captura-de-ecra\u0303-2023-12-11-a\u0300s-15.15.26.png",718,750,false],"newsx-1200x600":["https:\/\/aliancaevangelica.pt\/site\/wp-content\/uploads\/2023\/12\/Captura-de-ecra\u0303-2023-12-11-a\u0300s-15.15.26.png",574,600,false]},"uagb_author_info":{"display_name":"AEP","author_link":"https:\/\/aliancaevangelica.pt\/site\/author\/aeportugal\/"},"uagb_comment_info":0,"uagb_excerpt":"\u201cAl\u00e9m do mais, ningu\u00e9m jamais odiou o seu pr\u00f3prio corpo, antes o alimenta e dele cuida, como tamb\u00e9m Cristo faz com a igreja.\u201d Ef\u00e9sios 5:29 Cuidar faz parte de n\u00f3s, segundo Aquele que foi O primeiro cuidador, e que nos criou com a responsabilidade de ser o templo do Esp\u00edrito Santo. Sendo que se n\u00e3o","_links":{"self":[{"href":"https:\/\/aliancaevangelica.pt\/site\/wp-json\/wp\/v2\/posts\/20474","targetHints":{"allow":["GET"]}}],"collection":[{"href":"https:\/\/aliancaevangelica.pt\/site\/wp-json\/wp\/v2\/posts"}],"about":[{"href":"https:\/\/aliancaevangelica.pt\/site\/wp-json\/wp\/v2\/types\/post"}],"author":[{"embeddable":true,"href":"https:\/\/aliancaevangelica.pt\/site\/wp-json\/wp\/v2\/users\/2"}],"replies":[{"embeddable":true,"href":"https:\/\/aliancaevangelica.pt\/site\/wp-json\/wp\/v2\/comments?post=20474"}],"version-history":[{"count":1,"href":"https:\/\/aliancaevangelica.pt\/site\/wp-json\/wp\/v2\/posts\/20474\/revisions"}],"predecessor-version":[{"id":20476,"href":"https:\/\/aliancaevangelica.pt\/site\/wp-json\/wp\/v2\/posts\/20474\/revisions\/20476"}],"wp:featuredmedia":[{"embeddable":true,"href":"https:\/\/aliancaevangelica.pt\/site\/wp-json\/wp\/v2\/media\/20475"}],"wp:attachment":[{"href":"https:\/\/aliancaevangelica.pt\/site\/wp-json\/wp\/v2\/media?parent=20474"}],"wp:term":[{"taxonomy":"category","embeddable":true,"href":"https:\/\/aliancaevangelica.pt\/site\/wp-json\/wp\/v2\/categories?post=20474"},{"taxonomy":"post_tag","embeddable":true,"href":"https:\/\/aliancaevangelica.pt\/site\/wp-json\/wp\/v2\/tags?post=20474"}],"curies":[{"name":"wp","href":"https:\/\/api.w.org\/{rel}","templated":true}]}}