{"id":20273,"date":"2023-07-17T12:18:37","date_gmt":"2023-07-17T12:18:37","guid":{"rendered":"https:\/\/aliancaevangelica.pt\/site\/?p=20273"},"modified":"2023-07-17T12:18:40","modified_gmt":"2023-07-17T12:18:40","slug":"avos-com-sabedoria-e-ternura","status":"publish","type":"post","link":"https:\/\/aliancaevangelica.pt\/site\/avos-com-sabedoria-e-ternura\/","title":{"rendered":"Av\u00f3s com sabedoria e ternura"},"content":{"rendered":"<p class=\"p1\">Era um quarto cheio. Doze homens rodeavam a cama, atentos ao idoso que ali estava, prestes a terminar o seu percurso de vida. Invisual e com uma sa\u00fade muito debilitada, ele fizera quest\u00e3o de se reunir com todos os seus filhos naquele momento t\u00e3o delicado e emotivo. E ali estavam eles \u2013 homens dedicados \u00e0s tarefas agr\u00edcolas, \u00e0 ca\u00e7a, \u00e0 pesca \u2013 as profiss\u00f5es mais comuns da altura, com tantas recorda\u00e7\u00f5es da vida longa de seu pai. Com ele tinham vivido momentos de trabalho, viagens, de rela\u00e7\u00e3o com Deus, de desentendimentos entre si, de mentira, de procura de recursos em tempo de fome, de surpresa, de perd\u00e3o, de abund\u00e2ncia\u2026 Um novelo denso de experi\u00eancias, desenroladas ao longo de uma vida\u2026<\/p>\n<p class=\"p1\">Agora, Jac\u00f3 decidira cham\u00e1-los. Em ambiente de despedida, ele tinha uma mensagem para cada um, a transmitir filho a filho. Foram palavras de reflex\u00e3o e avalia\u00e7\u00e3o sobre a vida e tamb\u00e9m com sentido prof\u00e9tico que, certamente, ter\u00e3o ficado preciosamente guardadas nas suas mem\u00f3rias (G\u00e9nesis 49).<\/p>\n<p class=\"p1\">Antes, por\u00e9m, foi altura de estar s\u00f3 com Jos\u00e9, talvez o filho mais sofrido e que menos beneficiou da sua companhia e, tamb\u00e9m, e finalmente, o mais bem-sucedido de todos. Era governador do Egipto e Deus o usara para alimentar toda a fam\u00edlia em tempo de grande car\u00eancia.<\/p>\n<p class=\"p1\">Enquanto conversam, embora Jac\u00f3 n\u00e3o veja, ele entende que est\u00e3o duas crian\u00e7as junto deste seu filho e pergunta: \u201cQuem s\u00e3o estes?\u201d Ao entender que s\u00e3o os seus netos, filhos de Jos\u00e9, manifesta logo a sua inten\u00e7\u00e3o de lhes dar tamb\u00e9m a sua b\u00ean\u00e7\u00e3o, como se usava na altura.<\/p>\n<p class=\"p1\">Manass\u00e9s e Efraim, assim se chamavam os meninos, aproximam-se de Jac\u00f3 e ele coloca a sua m\u00e3o direita sobre a cabe\u00e7a de Efraim, o neto mais novo. Jos\u00e9 que, certamente, se sentia deliciado com esse momento, fica, de repente, incomodado. O filho mais velho \u00e9 Manass\u00e9s e sobre esse dever\u00e3o vir as maiores b\u00ean\u00e7\u00e3os. Assim era costume, no benef\u00edcio de ser o primog\u00e9nito e sobre ele deveria repousar a m\u00e3o direita do av\u00f4. De imediato, Jos\u00e9 procura corrigir o mover da m\u00e3o de pele enrugada, de um homem que j\u00e1 n\u00e3o pode ver e, certamente, se equivocou. Coisas da idade\u2026 Ser\u00e1?<\/p>\n<p class=\"p1\">Contudo, Jac\u00f3 sabe bem aquilo que est\u00e1 a fazer. \u00c9 verdade que os seus olhos j\u00e1 nada enxergam. O contraste do azul do c\u00e9u com o branco macio das nuvens, o faiscar da luz do sol sobre a \u00e1gua, que oferece \u00e0 superf\u00edcie do rio um tom prateado, s\u00e3o maravilhas que ele j\u00e1 n\u00e3o alcan\u00e7a. Contudo, ele tem uma vis\u00e3o que se move para al\u00e9m do que \u00e9 terreno. E tem revela\u00e7\u00e3o sobre a vida dos netos, vislumbres do futuro, sabendo que Efraim vir\u00e1 a ser maior do que Manass\u00e9s. Por isso foi sobre a sua cabe\u00e7a que fez tocar a sua m\u00e3o direita e ali permanecer\u00e1. \u201cEu sei, meu filho, eu sei\u2026\u201d (G\u00e9nesis 48:13-20).<\/p>\n<p class=\"p1\">O papel de um av\u00f4 e de uma av\u00f3 sobre os seus netos pode ter uma dimens\u00e3o espiritual muito maior do que imaginamos e n\u00e3o \u00e9 limitado pela fragilidade f\u00edsica, a menor acuidade sensorial, um corpo desgastado pela idade, porque \u201cainda que o nosso homem exterior se corrompa, o interior, contudo, se renova de dia em dia.\u201d (2 Cor\u00edntios 4:16)<\/p>\n<p class=\"p1\">Respeitando o papel prim\u00e1rio dos pais sobre a vida dos seus netos, entenda, como av\u00f4 ou av\u00f3, o papel carinhoso, de suporte e de ora\u00e7\u00e3o, que Deus lhe confiou no dia-a-dia de cada um deles. Deixe que Ele lhe ofere\u00e7a discernimento e entendimento sobre a melhor forma de ajudar, sem ser intrusivo(a) e tamb\u00e9m n\u00e3o permitindo que esse apoio seja t\u00e3o frequente e pesado que se constitua como uma carga excessiva para si.<\/p>\n<p class=\"p1\">Como a av\u00f3 Loide, busque e cultive uma f\u00e9 aut\u00eantica que possa transmitir aos netos (2 Tim\u00f3teo 1:5).<\/p>\n<p class=\"p1\">Como Noemi que, n\u00e3o sendo av\u00f3 biol\u00f3gica, desempenhou esse papel, delicie-se e ofere\u00e7a um colo terno e seguro (Rute 4:13-16).<span class=\"Apple-converted-space\">\u00a0 \u00a0<\/span><\/p>\n<p class=\"p1\"><span style=\"font-size: inherit;\">[movedo_single_image image=&#8221;19564&#8243; animation=&#8221;grve-zoom-in&#8221;]<\/span>Bertina Coias Tom\u00e9<\/p>\n<p class=\"p1\">Psic\u00f3loga<\/p>\n<p class=\"p1\">Especialista em Psicologia Cl\u00ednica e da Sa\u00fade e em Psicologia Comunit\u00e1ria<\/p>\n","protected":false},"excerpt":{"rendered":"<p>Era um quarto cheio. Doze homens rodeavam a cama, atentos ao idoso que ali estava, prestes a terminar o seu percurso de vida. Invisual e com uma sa\u00fade muito debilitada, ele fizera quest\u00e3o de se reunir com todos os seus filhos naquele momento t\u00e3o delicado e emotivo. E ali estavam eles \u2013 homens dedicados \u00e0s<\/p>\n","protected":false},"author":2,"featured_media":20274,"comment_status":"open","ping_status":"open","sticky":false,"template":"","format":"standard","meta":{"_uag_custom_page_level_css":"","_themeisle_gutenberg_block_has_review":false,"_vp_format_video_url":"","_vp_image_focal_point":[],"footnotes":""},"categories":[45,47],"tags":[],"class_list":["post-20273","post","type-post","status-publish","format-standard","has-post-thumbnail","hentry","category-geral","category-mulheres-casais-e-familia"],"yoast_head":"<!-- This site is optimized with the Yoast SEO plugin v27.5 - https:\/\/yoast.com\/product\/yoast-seo-wordpress\/ -->\n<title>Av\u00f3s com sabedoria e ternura - AEP<\/title>\n<meta name=\"robots\" content=\"index, follow, max-snippet:-1, max-image-preview:large, max-video-preview:-1\" \/>\n<link rel=\"canonical\" href=\"https:\/\/aliancaevangelica.pt\/site\/avos-com-sabedoria-e-ternura\/\" \/>\n<meta property=\"og:locale\" content=\"pt_PT\" \/>\n<meta property=\"og:type\" content=\"article\" \/>\n<meta property=\"og:title\" content=\"Av\u00f3s com sabedoria e ternura - AEP\" \/>\n<meta property=\"og:description\" content=\"Era um quarto cheio. Doze homens rodeavam a cama, atentos ao idoso que ali estava, prestes a terminar o seu percurso de vida. Invisual e com uma sa\u00fade muito debilitada, ele fizera quest\u00e3o de se reunir com todos os seus filhos naquele momento t\u00e3o delicado e emotivo. E ali estavam eles \u2013 homens dedicados \u00e0s\" \/>\n<meta property=\"og:url\" content=\"https:\/\/aliancaevangelica.pt\/site\/avos-com-sabedoria-e-ternura\/\" \/>\n<meta property=\"og:site_name\" content=\"AEP\" \/>\n<meta property=\"article:publisher\" content=\"http:\/\/facebook.com\/aeportuguesa\" \/>\n<meta property=\"article:author\" content=\"aeportugal\" \/>\n<meta property=\"article:published_time\" content=\"2023-07-17T12:18:37+00:00\" \/>\n<meta property=\"article:modified_time\" content=\"2023-07-17T12:18:40+00:00\" \/>\n<meta property=\"og:image\" content=\"https:\/\/aliancaevangelica.pt\/site\/wp-content\/uploads\/2023\/07\/Captura-de-ecra\u0303-2023-07-17-a\u0300s-13.05.39.png\" \/>\n\t<meta property=\"og:image:width\" content=\"1039\" \/>\n\t<meta property=\"og:image:height\" content=\"693\" \/>\n\t<meta property=\"og:image:type\" content=\"image\/png\" \/>\n<meta name=\"author\" content=\"AEP\" \/>\n<meta name=\"twitter:card\" content=\"summary_large_image\" \/>\n<meta name=\"twitter:label1\" content=\"Escrito por\" \/>\n\t<meta name=\"twitter:data1\" content=\"AEP\" \/>\n\t<meta name=\"twitter:label2\" content=\"Tempo estimado de leitura\" \/>\n\t<meta name=\"twitter:data2\" content=\"4 minutos\" \/>\n<script type=\"application\/ld+json\" class=\"yoast-schema-graph\">{\"@context\":\"https:\\\/\\\/schema.org\",\"@graph\":[{\"@type\":\"Article\",\"@id\":\"https:\\\/\\\/aliancaevangelica.pt\\\/site\\\/avos-com-sabedoria-e-ternura\\\/#article\",\"isPartOf\":{\"@id\":\"https:\\\/\\\/aliancaevangelica.pt\\\/site\\\/avos-com-sabedoria-e-ternura\\\/\"},\"author\":{\"name\":\"AEP\",\"@id\":\"https:\\\/\\\/aliancaevangelica.pt\\\/site\\\/#\\\/schema\\\/person\\\/3b47cfc7535eff1e820f31c2d67eafcf\"},\"headline\":\"Av\u00f3s com sabedoria e ternura\",\"datePublished\":\"2023-07-17T12:18:37+00:00\",\"dateModified\":\"2023-07-17T12:18:40+00:00\",\"mainEntityOfPage\":{\"@id\":\"https:\\\/\\\/aliancaevangelica.pt\\\/site\\\/avos-com-sabedoria-e-ternura\\\/\"},\"wordCount\":737,\"commentCount\":0,\"publisher\":{\"@id\":\"https:\\\/\\\/aliancaevangelica.pt\\\/site\\\/#organization\"},\"image\":{\"@id\":\"https:\\\/\\\/aliancaevangelica.pt\\\/site\\\/avos-com-sabedoria-e-ternura\\\/#primaryimage\"},\"thumbnailUrl\":\"https:\\\/\\\/aliancaevangelica.pt\\\/site\\\/wp-content\\\/uploads\\\/2023\\\/07\\\/Captura-de-ecra\u0303-2023-07-17-a\u0300s-13.05.39.png\",\"articleSection\":[\"1-Geral\",\"Mulheres, Casais e Fam\u00edlia\"],\"inLanguage\":\"pt-PT\",\"potentialAction\":[{\"@type\":\"CommentAction\",\"name\":\"Comment\",\"target\":[\"https:\\\/\\\/aliancaevangelica.pt\\\/site\\\/avos-com-sabedoria-e-ternura\\\/#respond\"]}]},{\"@type\":\"WebPage\",\"@id\":\"https:\\\/\\\/aliancaevangelica.pt\\\/site\\\/avos-com-sabedoria-e-ternura\\\/\",\"url\":\"https:\\\/\\\/aliancaevangelica.pt\\\/site\\\/avos-com-sabedoria-e-ternura\\\/\",\"name\":\"Av\u00f3s com sabedoria e ternura - AEP\",\"isPartOf\":{\"@id\":\"https:\\\/\\\/aliancaevangelica.pt\\\/site\\\/#website\"},\"primaryImageOfPage\":{\"@id\":\"https:\\\/\\\/aliancaevangelica.pt\\\/site\\\/avos-com-sabedoria-e-ternura\\\/#primaryimage\"},\"image\":{\"@id\":\"https:\\\/\\\/aliancaevangelica.pt\\\/site\\\/avos-com-sabedoria-e-ternura\\\/#primaryimage\"},\"thumbnailUrl\":\"https:\\\/\\\/aliancaevangelica.pt\\\/site\\\/wp-content\\\/uploads\\\/2023\\\/07\\\/Captura-de-ecra\u0303-2023-07-17-a\u0300s-13.05.39.png\",\"datePublished\":\"2023-07-17T12:18:37+00:00\",\"dateModified\":\"2023-07-17T12:18:40+00:00\",\"breadcrumb\":{\"@id\":\"https:\\\/\\\/aliancaevangelica.pt\\\/site\\\/avos-com-sabedoria-e-ternura\\\/#breadcrumb\"},\"inLanguage\":\"pt-PT\",\"potentialAction\":[{\"@type\":\"ReadAction\",\"target\":[\"https:\\\/\\\/aliancaevangelica.pt\\\/site\\\/avos-com-sabedoria-e-ternura\\\/\"]}]},{\"@type\":\"ImageObject\",\"inLanguage\":\"pt-PT\",\"@id\":\"https:\\\/\\\/aliancaevangelica.pt\\\/site\\\/avos-com-sabedoria-e-ternura\\\/#primaryimage\",\"url\":\"https:\\\/\\\/aliancaevangelica.pt\\\/site\\\/wp-content\\\/uploads\\\/2023\\\/07\\\/Captura-de-ecra\u0303-2023-07-17-a\u0300s-13.05.39.png\",\"contentUrl\":\"https:\\\/\\\/aliancaevangelica.pt\\\/site\\\/wp-content\\\/uploads\\\/2023\\\/07\\\/Captura-de-ecra\u0303-2023-07-17-a\u0300s-13.05.39.png\",\"width\":1039,\"height\":693},{\"@type\":\"BreadcrumbList\",\"@id\":\"https:\\\/\\\/aliancaevangelica.pt\\\/site\\\/avos-com-sabedoria-e-ternura\\\/#breadcrumb\",\"itemListElement\":[{\"@type\":\"ListItem\",\"position\":1,\"name\":\"In\u00edcio\",\"item\":\"https:\\\/\\\/aliancaevangelica.pt\\\/site\\\/\"},{\"@type\":\"ListItem\",\"position\":2,\"name\":\"Av\u00f3s com sabedoria e ternura\"}]},{\"@type\":\"WebSite\",\"@id\":\"https:\\\/\\\/aliancaevangelica.pt\\\/site\\\/#website\",\"url\":\"https:\\\/\\\/aliancaevangelica.pt\\\/site\\\/\",\"name\":\"Alian\u00e7a Evang\u00e9lica Portuguesa\",\"description\":\"Alian\u00e7a Evang\u00e9lica Portuguesa\",\"publisher\":{\"@id\":\"https:\\\/\\\/aliancaevangelica.pt\\\/site\\\/#organization\"},\"potentialAction\":[{\"@type\":\"SearchAction\",\"target\":{\"@type\":\"EntryPoint\",\"urlTemplate\":\"https:\\\/\\\/aliancaevangelica.pt\\\/site\\\/?s={search_term_string}\"},\"query-input\":{\"@type\":\"PropertyValueSpecification\",\"valueRequired\":true,\"valueName\":\"search_term_string\"}}],\"inLanguage\":\"pt-PT\"},{\"@type\":\"Organization\",\"@id\":\"https:\\\/\\\/aliancaevangelica.pt\\\/site\\\/#organization\",\"name\":\"Alian\u00e7a Evang\u00e9lica Portuguesa\",\"url\":\"https:\\\/\\\/aliancaevangelica.pt\\\/site\\\/\",\"logo\":{\"@type\":\"ImageObject\",\"inLanguage\":\"pt-PT\",\"@id\":\"https:\\\/\\\/aliancaevangelica.pt\\\/site\\\/#\\\/schema\\\/logo\\\/image\\\/\",\"url\":\"https:\\\/\\\/aliancaevangelica.pt\\\/site\\\/wp-content\\\/uploads\\\/2017\\\/11\\\/logo-AEP-cor.png\",\"contentUrl\":\"https:\\\/\\\/aliancaevangelica.pt\\\/site\\\/wp-content\\\/uploads\\\/2017\\\/11\\\/logo-AEP-cor.png\",\"width\":1156,\"height\":672,\"caption\":\"Alian\u00e7a Evang\u00e9lica Portuguesa\"},\"image\":{\"@id\":\"https:\\\/\\\/aliancaevangelica.pt\\\/site\\\/#\\\/schema\\\/logo\\\/image\\\/\"},\"sameAs\":[\"http:\\\/\\\/facebook.com\\\/aeportuguesa\",\"http:\\\/\\\/instagram.com\\\/aliancaep\",\"http:\\\/\\\/youtube.com\\\/aeportuguesa\"]},{\"@type\":\"Person\",\"@id\":\"https:\\\/\\\/aliancaevangelica.pt\\\/site\\\/#\\\/schema\\\/person\\\/3b47cfc7535eff1e820f31c2d67eafcf\",\"name\":\"AEP\",\"sameAs\":[\"aeportugal\"],\"url\":\"https:\\\/\\\/aliancaevangelica.pt\\\/site\\\/author\\\/aeportugal\\\/\"}]}<\/script>\n<!-- \/ Yoast SEO plugin. -->","yoast_head_json":{"title":"Av\u00f3s com sabedoria e ternura - AEP","robots":{"index":"index","follow":"follow","max-snippet":"max-snippet:-1","max-image-preview":"max-image-preview:large","max-video-preview":"max-video-preview:-1"},"canonical":"https:\/\/aliancaevangelica.pt\/site\/avos-com-sabedoria-e-ternura\/","og_locale":"pt_PT","og_type":"article","og_title":"Av\u00f3s com sabedoria e ternura - AEP","og_description":"Era um quarto cheio. Doze homens rodeavam a cama, atentos ao idoso que ali estava, prestes a terminar o seu percurso de vida. Invisual e com uma sa\u00fade muito debilitada, ele fizera quest\u00e3o de se reunir com todos os seus filhos naquele momento t\u00e3o delicado e emotivo. E ali estavam eles \u2013 homens dedicados \u00e0s","og_url":"https:\/\/aliancaevangelica.pt\/site\/avos-com-sabedoria-e-ternura\/","og_site_name":"AEP","article_publisher":"http:\/\/facebook.com\/aeportuguesa","article_author":"aeportugal","article_published_time":"2023-07-17T12:18:37+00:00","article_modified_time":"2023-07-17T12:18:40+00:00","og_image":[{"width":1039,"height":693,"url":"https:\/\/aliancaevangelica.pt\/site\/wp-content\/uploads\/2023\/07\/Captura-de-ecra\u0303-2023-07-17-a\u0300s-13.05.39.png","type":"image\/png"}],"author":"AEP","twitter_card":"summary_large_image","twitter_misc":{"Escrito por":"AEP","Tempo estimado de leitura":"4 minutos"},"schema":{"@context":"https:\/\/schema.org","@graph":[{"@type":"Article","@id":"https:\/\/aliancaevangelica.pt\/site\/avos-com-sabedoria-e-ternura\/#article","isPartOf":{"@id":"https:\/\/aliancaevangelica.pt\/site\/avos-com-sabedoria-e-ternura\/"},"author":{"name":"AEP","@id":"https:\/\/aliancaevangelica.pt\/site\/#\/schema\/person\/3b47cfc7535eff1e820f31c2d67eafcf"},"headline":"Av\u00f3s com sabedoria e ternura","datePublished":"2023-07-17T12:18:37+00:00","dateModified":"2023-07-17T12:18:40+00:00","mainEntityOfPage":{"@id":"https:\/\/aliancaevangelica.pt\/site\/avos-com-sabedoria-e-ternura\/"},"wordCount":737,"commentCount":0,"publisher":{"@id":"https:\/\/aliancaevangelica.pt\/site\/#organization"},"image":{"@id":"https:\/\/aliancaevangelica.pt\/site\/avos-com-sabedoria-e-ternura\/#primaryimage"},"thumbnailUrl":"https:\/\/aliancaevangelica.pt\/site\/wp-content\/uploads\/2023\/07\/Captura-de-ecra\u0303-2023-07-17-a\u0300s-13.05.39.png","articleSection":["1-Geral","Mulheres, Casais e Fam\u00edlia"],"inLanguage":"pt-PT","potentialAction":[{"@type":"CommentAction","name":"Comment","target":["https:\/\/aliancaevangelica.pt\/site\/avos-com-sabedoria-e-ternura\/#respond"]}]},{"@type":"WebPage","@id":"https:\/\/aliancaevangelica.pt\/site\/avos-com-sabedoria-e-ternura\/","url":"https:\/\/aliancaevangelica.pt\/site\/avos-com-sabedoria-e-ternura\/","name":"Av\u00f3s com sabedoria e ternura - AEP","isPartOf":{"@id":"https:\/\/aliancaevangelica.pt\/site\/#website"},"primaryImageOfPage":{"@id":"https:\/\/aliancaevangelica.pt\/site\/avos-com-sabedoria-e-ternura\/#primaryimage"},"image":{"@id":"https:\/\/aliancaevangelica.pt\/site\/avos-com-sabedoria-e-ternura\/#primaryimage"},"thumbnailUrl":"https:\/\/aliancaevangelica.pt\/site\/wp-content\/uploads\/2023\/07\/Captura-de-ecra\u0303-2023-07-17-a\u0300s-13.05.39.png","datePublished":"2023-07-17T12:18:37+00:00","dateModified":"2023-07-17T12:18:40+00:00","breadcrumb":{"@id":"https:\/\/aliancaevangelica.pt\/site\/avos-com-sabedoria-e-ternura\/#breadcrumb"},"inLanguage":"pt-PT","potentialAction":[{"@type":"ReadAction","target":["https:\/\/aliancaevangelica.pt\/site\/avos-com-sabedoria-e-ternura\/"]}]},{"@type":"ImageObject","inLanguage":"pt-PT","@id":"https:\/\/aliancaevangelica.pt\/site\/avos-com-sabedoria-e-ternura\/#primaryimage","url":"https:\/\/aliancaevangelica.pt\/site\/wp-content\/uploads\/2023\/07\/Captura-de-ecra\u0303-2023-07-17-a\u0300s-13.05.39.png","contentUrl":"https:\/\/aliancaevangelica.pt\/site\/wp-content\/uploads\/2023\/07\/Captura-de-ecra\u0303-2023-07-17-a\u0300s-13.05.39.png","width":1039,"height":693},{"@type":"BreadcrumbList","@id":"https:\/\/aliancaevangelica.pt\/site\/avos-com-sabedoria-e-ternura\/#breadcrumb","itemListElement":[{"@type":"ListItem","position":1,"name":"In\u00edcio","item":"https:\/\/aliancaevangelica.pt\/site\/"},{"@type":"ListItem","position":2,"name":"Av\u00f3s com sabedoria e ternura"}]},{"@type":"WebSite","@id":"https:\/\/aliancaevangelica.pt\/site\/#website","url":"https:\/\/aliancaevangelica.pt\/site\/","name":"Alian\u00e7a Evang\u00e9lica Portuguesa","description":"Alian\u00e7a Evang\u00e9lica Portuguesa","publisher":{"@id":"https:\/\/aliancaevangelica.pt\/site\/#organization"},"potentialAction":[{"@type":"SearchAction","target":{"@type":"EntryPoint","urlTemplate":"https:\/\/aliancaevangelica.pt\/site\/?s={search_term_string}"},"query-input":{"@type":"PropertyValueSpecification","valueRequired":true,"valueName":"search_term_string"}}],"inLanguage":"pt-PT"},{"@type":"Organization","@id":"https:\/\/aliancaevangelica.pt\/site\/#organization","name":"Alian\u00e7a Evang\u00e9lica Portuguesa","url":"https:\/\/aliancaevangelica.pt\/site\/","logo":{"@type":"ImageObject","inLanguage":"pt-PT","@id":"https:\/\/aliancaevangelica.pt\/site\/#\/schema\/logo\/image\/","url":"https:\/\/aliancaevangelica.pt\/site\/wp-content\/uploads\/2017\/11\/logo-AEP-cor.png","contentUrl":"https:\/\/aliancaevangelica.pt\/site\/wp-content\/uploads\/2017\/11\/logo-AEP-cor.png","width":1156,"height":672,"caption":"Alian\u00e7a Evang\u00e9lica Portuguesa"},"image":{"@id":"https:\/\/aliancaevangelica.pt\/site\/#\/schema\/logo\/image\/"},"sameAs":["http:\/\/facebook.com\/aeportuguesa","http:\/\/instagram.com\/aliancaep","http:\/\/youtube.com\/aeportuguesa"]},{"@type":"Person","@id":"https:\/\/aliancaevangelica.pt\/site\/#\/schema\/person\/3b47cfc7535eff1e820f31c2d67eafcf","name":"AEP","sameAs":["aeportugal"],"url":"https:\/\/aliancaevangelica.pt\/site\/author\/aeportugal\/"}]}},"uagb_featured_image_src":{"full":["https:\/\/aliancaevangelica.pt\/site\/wp-content\/uploads\/2023\/07\/Captura-de-ecra\u0303-2023-07-17-a\u0300s-13.05.39.png",1039,693,false],"thumbnail":["https:\/\/aliancaevangelica.pt\/site\/wp-content\/uploads\/2023\/07\/Captura-de-ecra\u0303-2023-07-17-a\u0300s-13.05.39-150x150.png",150,150,true],"medium":["https:\/\/aliancaevangelica.pt\/site\/wp-content\/uploads\/2023\/07\/Captura-de-ecra\u0303-2023-07-17-a\u0300s-13.05.39-300x200.png",300,200,true],"medium_large":["https:\/\/aliancaevangelica.pt\/site\/wp-content\/uploads\/2023\/07\/Captura-de-ecra\u0303-2023-07-17-a\u0300s-13.05.39-768x512.png",768,512,true],"large":["https:\/\/aliancaevangelica.pt\/site\/wp-content\/uploads\/2023\/07\/Captura-de-ecra\u0303-2023-07-17-a\u0300s-13.05.39-1024x683.png",960,640,true],"1536x1536":["https:\/\/aliancaevangelica.pt\/site\/wp-content\/uploads\/2023\/07\/Captura-de-ecra\u0303-2023-07-17-a\u0300s-13.05.39.png",1039,693,false],"2048x2048":["https:\/\/aliancaevangelica.pt\/site\/wp-content\/uploads\/2023\/07\/Captura-de-ecra\u0303-2023-07-17-a\u0300s-13.05.39.png",1039,693,false],"vp_sm":["https:\/\/aliancaevangelica.pt\/site\/wp-content\/uploads\/2023\/07\/Captura-de-ecra\u0303-2023-07-17-a\u0300s-13.05.39.png",500,333,false],"vp_md":["https:\/\/aliancaevangelica.pt\/site\/wp-content\/uploads\/2023\/07\/Captura-de-ecra\u0303-2023-07-17-a\u0300s-13.05.39.png",800,534,false],"vp_lg":["https:\/\/aliancaevangelica.pt\/site\/wp-content\/uploads\/2023\/07\/Captura-de-ecra\u0303-2023-07-17-a\u0300s-13.05.39.png",1039,693,false],"vp_xl":["https:\/\/aliancaevangelica.pt\/site\/wp-content\/uploads\/2023\/07\/Captura-de-ecra\u0303-2023-07-17-a\u0300s-13.05.39.png",1039,693,false],"vp_sm_popup":["https:\/\/aliancaevangelica.pt\/site\/wp-content\/uploads\/2023\/07\/Captura-de-ecra\u0303-2023-07-17-a\u0300s-13.05.39.png",500,333,false],"vp_md_popup":["https:\/\/aliancaevangelica.pt\/site\/wp-content\/uploads\/2023\/07\/Captura-de-ecra\u0303-2023-07-17-a\u0300s-13.05.39.png",800,534,false],"vp_xl_popup":["https:\/\/aliancaevangelica.pt\/site\/wp-content\/uploads\/2023\/07\/Captura-de-ecra\u0303-2023-07-17-a\u0300s-13.05.39.png",1039,693,false],"newsx-150x100":["https:\/\/aliancaevangelica.pt\/site\/wp-content\/uploads\/2023\/07\/Captura-de-ecra\u0303-2023-07-17-a\u0300s-13.05.39.png",150,100,false],"newsx-330x220":["https:\/\/aliancaevangelica.pt\/site\/wp-content\/uploads\/2023\/07\/Captura-de-ecra\u0303-2023-07-17-a\u0300s-13.05.39.png",330,220,false],"newsx-420x280":["https:\/\/aliancaevangelica.pt\/site\/wp-content\/uploads\/2023\/07\/Captura-de-ecra\u0303-2023-07-17-a\u0300s-13.05.39.png",420,280,false],"newsx-510x340":["https:\/\/aliancaevangelica.pt\/site\/wp-content\/uploads\/2023\/07\/Captura-de-ecra\u0303-2023-07-17-a\u0300s-13.05.39.png",510,340,false],"newsx-640x480":["https:\/\/aliancaevangelica.pt\/site\/wp-content\/uploads\/2023\/07\/Captura-de-ecra\u0303-2023-07-17-a\u0300s-13.05.39.png",640,427,false],"newsx-670x370":["https:\/\/aliancaevangelica.pt\/site\/wp-content\/uploads\/2023\/07\/Captura-de-ecra\u0303-2023-07-17-a\u0300s-13.05.39.png",555,370,false],"newsx-860x570":["https:\/\/aliancaevangelica.pt\/site\/wp-content\/uploads\/2023\/07\/Captura-de-ecra\u0303-2023-07-17-a\u0300s-13.05.39.png",855,570,false],"newsx-1000x750":["https:\/\/aliancaevangelica.pt\/site\/wp-content\/uploads\/2023\/07\/Captura-de-ecra\u0303-2023-07-17-a\u0300s-13.05.39.png",1000,667,false],"newsx-1200x600":["https:\/\/aliancaevangelica.pt\/site\/wp-content\/uploads\/2023\/07\/Captura-de-ecra\u0303-2023-07-17-a\u0300s-13.05.39.png",900,600,false]},"uagb_author_info":{"display_name":"AEP","author_link":"https:\/\/aliancaevangelica.pt\/site\/author\/aeportugal\/"},"uagb_comment_info":0,"uagb_excerpt":"Era um quarto cheio. Doze homens rodeavam a cama, atentos ao idoso que ali estava, prestes a terminar o seu percurso de vida. Invisual e com uma sa\u00fade muito debilitada, ele fizera quest\u00e3o de se reunir com todos os seus filhos naquele momento t\u00e3o delicado e emotivo. E ali estavam eles \u2013 homens dedicados \u00e0s","_links":{"self":[{"href":"https:\/\/aliancaevangelica.pt\/site\/wp-json\/wp\/v2\/posts\/20273","targetHints":{"allow":["GET"]}}],"collection":[{"href":"https:\/\/aliancaevangelica.pt\/site\/wp-json\/wp\/v2\/posts"}],"about":[{"href":"https:\/\/aliancaevangelica.pt\/site\/wp-json\/wp\/v2\/types\/post"}],"author":[{"embeddable":true,"href":"https:\/\/aliancaevangelica.pt\/site\/wp-json\/wp\/v2\/users\/2"}],"replies":[{"embeddable":true,"href":"https:\/\/aliancaevangelica.pt\/site\/wp-json\/wp\/v2\/comments?post=20273"}],"version-history":[{"count":1,"href":"https:\/\/aliancaevangelica.pt\/site\/wp-json\/wp\/v2\/posts\/20273\/revisions"}],"predecessor-version":[{"id":20275,"href":"https:\/\/aliancaevangelica.pt\/site\/wp-json\/wp\/v2\/posts\/20273\/revisions\/20275"}],"wp:featuredmedia":[{"embeddable":true,"href":"https:\/\/aliancaevangelica.pt\/site\/wp-json\/wp\/v2\/media\/20274"}],"wp:attachment":[{"href":"https:\/\/aliancaevangelica.pt\/site\/wp-json\/wp\/v2\/media?parent=20273"}],"wp:term":[{"taxonomy":"category","embeddable":true,"href":"https:\/\/aliancaevangelica.pt\/site\/wp-json\/wp\/v2\/categories?post=20273"},{"taxonomy":"post_tag","embeddable":true,"href":"https:\/\/aliancaevangelica.pt\/site\/wp-json\/wp\/v2\/tags?post=20273"}],"curies":[{"name":"wp","href":"https:\/\/api.w.org\/{rel}","templated":true}]}}