{"id":20115,"date":"2023-05-19T09:00:00","date_gmt":"2023-05-19T09:00:00","guid":{"rendered":"https:\/\/aliancaevangelica.pt\/site\/?p=20115"},"modified":"2023-05-18T13:09:19","modified_gmt":"2023-05-18T13:09:19","slug":"honrar-a-deus-com-o-meu-trabalho","status":"publish","type":"post","link":"https:\/\/aliancaevangelica.pt\/site\/honrar-a-deus-com-o-meu-trabalho\/","title":{"rendered":"Honrar a Deus com o meu trabalho."},"content":{"rendered":"<p class=\"p1\"><strong>Servir a Cristo com os meus dons.<\/strong><\/p>\n<p class=\"p3\">Desde que me conhe\u00e7o que sou entusiasta pelo trabalho. Qualquer projeto escolar podia contar com o meu contributo, assim como tarefas de voluntariado e in\u00fameras responsabilidades eclesi\u00e1sticas.<\/p>\n<p class=\"p3\">Por detr\u00e1s deste entusiasmo, estava sempre uma necessidade de me sentir \u00fatil ao servi\u00e7o da comunidade, da sociedade e do outro.<\/p>\n<p class=\"p3\">Esta \u201cadi\u00e7\u00e3o\u201d ao servi\u00e7o fez-me escolher uma profiss\u00e3o sacrificial, mal paga e muitas vezes mal falada. Sou h\u00e1 15 anos uma feliz assistente social.<\/p>\n<p class=\"p3\">Na B\u00edblia, encontrei um dos lemas da minha vida: <span class=\"s1\">\u201cO que fizerem, fa\u00e7am-no de todo o cora\u00e7\u00e3o como se estivessem a servir o Senhor e n\u00e3o os homens.\u201d Col 3:23 BPT.<\/span><\/p>\n<p class=\"p3\">O ap\u00f3stolo Paulo ensinou-me que n\u00e3o h\u00e1 tarefas pequenas ou insignificantes para aquele que obedece. A nossa atitude em tudo deve de ser como a de um\u00a0 servo porque tudo o que eu fa\u00e7o \u00e9 para Deus.<\/p>\n<p class=\"p3\">Iniciei a minha vida profissional aos 16 anos como empregada de mesa. Apesar de total aus\u00eancia de experi\u00eancia, estava entusiasmada e com a certeza que queria aprender e servir. Conclui rapidamente que n\u00e3o ia ser f\u00e1cil! Entre o ritmo dos pedidos, o equil\u00edbrio na bandeja e as bolhas nos p\u00e9s, cada dia parecia mais exigente do que o anterior. Fiz muitos erros: deixei cair bebidas em cima de clientes, vendi cortes de carne que n\u00e3o existiam na ementa, aconselhei sobremesas com ovos crus a gr\u00e1vidas, entre outras distra\u00e7\u00f5es e limita\u00e7\u00f5es t\u00edpicas da minha idade. Mas, aprendi! Aprendi que responder com simpatia a um cliente resmung\u00e3o pode alterar toda a situa\u00e7\u00e3o terminando com uma bela gorjeta. Aprendi que muitas vezes os outros \u2013 clientes, colegas e chefias \u2013 s\u00e3o muito mais tolerantes com os nossos erros do que connosco pr\u00f3prios. Aprendi a partilhar dividindo as gorjetas entre todos os meus colegas. Aprendi que cada trabalhador tem uma hist\u00f3ria, uma fam\u00edlia e uma luta.<\/p>\n<p class=\"p3\">Mas mantinha-se a pergunta: Como posso saber que o meu trabalho honra a Deus?<\/p>\n<p class=\"p3\">Procurei ent\u00e3o analisar a minha atitude e aferir como esta era percecionada pelos outros. Duas caracter\u00edsticas tornaram-se inegoci\u00e1veis: a <b>excel\u00eancia e o entusiasmo<\/b>.<\/p>\n<p class=\"p3\">Primeiro, se eu fizer o meu trabalho, n\u00e3o para a chefia, mas para o Senhor, lutarei pela excel\u00eancia. Isto significa que darei o meu melhor, porque a \u00fanica aprova\u00e7\u00e3o que importa para mim \u00e9 a de Deus.<\/p>\n<p class=\"p3\">E, por consequ\u00eancia, trabalharei com entusiasmo porque sei o porqu\u00ea do meu esfor\u00e7o. Como ajo para Deus, encontro alegria no que fa\u00e7o.<\/p>\n<p class=\"p3\"><span class=\"s2\">\u201cTrabalhem e n\u00e3o sejam pregui\u00e7osos. Sirvam o Senhor com dedica\u00e7\u00e3o e fervor\u201d. Rom 12:11 BPT<\/span><\/p>\n<p class=\"p3\">Quando penso na import\u00e2ncia da excel\u00eancia, lembro-me tamb\u00e9m de Jos\u00e9 e da sua hist\u00f3ria contada no livro de G\u00e9nesis. A sua excel\u00eancia no trabalho, em qualquer fun\u00e7\u00e3o que lhe foi atribu\u00edda, n\u00e3o dependeu de uma boa retribui\u00e7\u00e3o monet\u00e1ria nem de palavras de elogio. Ali\u00e1s, nas circunst\u00e2ncias mais adversas ele n\u00e3o perdeu o foco nem corrompeu a sua ess\u00eancia e os seus dons. Acima de tudo, todos \u00e0 sua volta viam que Deus estava com ele.<\/p>\n<p class=\"p3\"><span class=\"s2\">\u201cO\u00a0seu amo come\u00e7ou a dar-se conta de que o\u00a0Senhor\u00a0estava com Jos\u00e9 e que, por isso, tudo o que ele fazia era bem sucedido.\u201d\u00a0G\u00eanesis 39:3 BPT<\/span><\/p>\n<p class=\"p3\">Esta dimens\u00e3o do servi\u00e7o e o foco em Cristo e n\u00e3o nos homens tem sido essencial para a minha fun\u00e7\u00e3o como assistente social. \u00c9 por isso que continuo a investir em pessoas mesmo depois de ser mal interpretada, difamada, ofendida e desprezada. \u00c9 por isso que consigo ver que a raiva do outro, ainda que me seja direcionada, prov\u00e9m de uma dor e m\u00e1goa sofrida. E \u00e9 com o meu foco em Cristo que consigo dar sem expectativa de receber nada em troca mas na esperan\u00e7a do milagre da mudan\u00e7a que s\u00f3 Jesus pode trazer.<\/p>\n<p class=\"p3\">Mas, nos momentos em que me deixo vencer pelo meu ego, pelo meu sentido de justi\u00e7a e pela minha necessidade de valoriza\u00e7\u00e3o, torno-me menos entusiasta e menos excelente na minha fun\u00e7\u00e3o. \u00c9 nesses momentos que prejudico os que devia servir e deixo de honrar a Deus com o meu trabalho. \u00c9 por isso que em tudo o que fa\u00e7o e em tudo o que sou \u2013 como mulher, esposa, m\u00e3e, disc\u00edpula e assistente social \u2013 tenho de voltar ao centro e relembrar as palavras de Jesus <span class=\"s1\">\u201c<\/span><span class=\"s2\">O meu mandamento \u00e9 este: amem-se uns aos outros como eu sempre vos amei.\u00a0\u201c Jo\u00e3o 15:12 BPT<\/span><\/p>\n<p class=\"p3\">\u00c9 pr\u00e1tica da minha profiss\u00e3o e da minha identidade crist\u00e3 acreditar sempre na restaura\u00e7\u00e3o e no poder transformador do amor de Jesus. E \u00e9 por isso que n\u00e3o desisto do outro nem de melhorar quem sou.<\/p>\n<p class=\"p3\">O meu desejo \u00e9 servir a Deus com excel\u00eancia e com isso testemunhar com entusiasmo quem Ele \u00e9 aos que se cruzam no meu caminho.<\/p>\n<p class=\"p3\"><span class=\"s3\">\u201cCada um exer\u00e7a o dom que recebeu para servir os outros, administrando fielmente a gra\u00e7a de Deus em suas m\u00faltiplas formas.\u201d 1Pedro 4:10<\/span><\/p>\n<p class=\"p1\"><span style=\"font-size: inherit;\">[movedo_single_image image=&#8221;20110&#8243; animation=&#8221;grve-zoom-in&#8221;]<\/span><\/p>\n<p class=\"p1\">Priscila Pighin Silva<\/p>\n<p class=\"p1\">Diretora t\u00e9cnica e assistente social da Resid\u00eancia Tempor\u00e1ria para M\u00e3es Adultas da Associa\u00e7\u00e3o de Socorros M\u00e9dicos o Vigilante.<\/p>\n<p class=\"p1\"><span style=\"font-size: inherit;\"><\/span><\/p>\n","protected":false},"excerpt":{"rendered":"<p>Servir a Cristo com os meus dons. Desde que me conhe\u00e7o que sou entusiasta pelo trabalho. Qualquer projeto escolar podia contar com o meu contributo, assim como tarefas de voluntariado e in\u00fameras responsabilidades eclesi\u00e1sticas. Por detr\u00e1s deste entusiasmo, estava sempre uma necessidade de me sentir \u00fatil ao servi\u00e7o da comunidade, da sociedade e do outro.<\/p>\n","protected":false},"author":2,"featured_media":20116,"comment_status":"open","ping_status":"open","sticky":false,"template":"","format":"standard","meta":{"_uag_custom_page_level_css":"","_themeisle_gutenberg_block_has_review":false,"_vp_format_video_url":"","_vp_image_focal_point":[],"footnotes":""},"categories":[45,47],"tags":[],"class_list":["post-20115","post","type-post","status-publish","format-standard","has-post-thumbnail","hentry","category-geral","category-mulheres-casais-e-familia"],"yoast_head":"<!-- This site is optimized with the Yoast SEO plugin v27.5 - https:\/\/yoast.com\/product\/yoast-seo-wordpress\/ -->\n<title>Honrar a Deus com o meu trabalho. - AEP<\/title>\n<meta name=\"robots\" content=\"index, follow, max-snippet:-1, max-image-preview:large, max-video-preview:-1\" \/>\n<link rel=\"canonical\" href=\"https:\/\/aliancaevangelica.pt\/site\/honrar-a-deus-com-o-meu-trabalho\/\" \/>\n<meta property=\"og:locale\" content=\"pt_PT\" \/>\n<meta property=\"og:type\" content=\"article\" \/>\n<meta property=\"og:title\" content=\"Honrar a Deus com o meu trabalho. - AEP\" \/>\n<meta property=\"og:description\" content=\"Servir a Cristo com os meus dons. Desde que me conhe\u00e7o que sou entusiasta pelo trabalho. Qualquer projeto escolar podia contar com o meu contributo, assim como tarefas de voluntariado e in\u00fameras responsabilidades eclesi\u00e1sticas. Por detr\u00e1s deste entusiasmo, estava sempre uma necessidade de me sentir \u00fatil ao servi\u00e7o da comunidade, da sociedade e do outro.\" \/>\n<meta property=\"og:url\" content=\"https:\/\/aliancaevangelica.pt\/site\/honrar-a-deus-com-o-meu-trabalho\/\" \/>\n<meta property=\"og:site_name\" content=\"AEP\" \/>\n<meta property=\"article:publisher\" content=\"http:\/\/facebook.com\/aeportuguesa\" \/>\n<meta property=\"article:author\" content=\"aeportugal\" \/>\n<meta property=\"article:published_time\" content=\"2023-05-19T09:00:00+00:00\" \/>\n<meta property=\"og:image\" content=\"https:\/\/aliancaevangelica.pt\/site\/wp-content\/uploads\/2023\/05\/Captura-de-ecra\u0303-2023-05-18-a\u0300s-13.52.43.png\" \/>\n\t<meta property=\"og:image:width\" content=\"990\" \/>\n\t<meta property=\"og:image:height\" content=\"690\" \/>\n\t<meta property=\"og:image:type\" content=\"image\/png\" \/>\n<meta name=\"author\" content=\"AEP\" \/>\n<meta name=\"twitter:card\" content=\"summary_large_image\" \/>\n<meta name=\"twitter:label1\" content=\"Escrito por\" \/>\n\t<meta name=\"twitter:data1\" content=\"AEP\" \/>\n\t<meta name=\"twitter:label2\" content=\"Tempo estimado de leitura\" \/>\n\t<meta name=\"twitter:data2\" content=\"5 minutos\" \/>\n<script type=\"application\/ld+json\" class=\"yoast-schema-graph\">{\"@context\":\"https:\\\/\\\/schema.org\",\"@graph\":[{\"@type\":\"Article\",\"@id\":\"https:\\\/\\\/aliancaevangelica.pt\\\/site\\\/honrar-a-deus-com-o-meu-trabalho\\\/#article\",\"isPartOf\":{\"@id\":\"https:\\\/\\\/aliancaevangelica.pt\\\/site\\\/honrar-a-deus-com-o-meu-trabalho\\\/\"},\"author\":{\"name\":\"AEP\",\"@id\":\"https:\\\/\\\/aliancaevangelica.pt\\\/site\\\/#\\\/schema\\\/person\\\/3b47cfc7535eff1e820f31c2d67eafcf\"},\"headline\":\"Honrar a Deus com o meu trabalho.\",\"datePublished\":\"2023-05-19T09:00:00+00:00\",\"mainEntityOfPage\":{\"@id\":\"https:\\\/\\\/aliancaevangelica.pt\\\/site\\\/honrar-a-deus-com-o-meu-trabalho\\\/\"},\"wordCount\":907,\"commentCount\":0,\"publisher\":{\"@id\":\"https:\\\/\\\/aliancaevangelica.pt\\\/site\\\/#organization\"},\"image\":{\"@id\":\"https:\\\/\\\/aliancaevangelica.pt\\\/site\\\/honrar-a-deus-com-o-meu-trabalho\\\/#primaryimage\"},\"thumbnailUrl\":\"https:\\\/\\\/aliancaevangelica.pt\\\/site\\\/wp-content\\\/uploads\\\/2023\\\/05\\\/Captura-de-ecra\u0303-2023-05-18-a\u0300s-13.52.43.png\",\"articleSection\":[\"1-Geral\",\"Mulheres, Casais e Fam\u00edlia\"],\"inLanguage\":\"pt-PT\",\"potentialAction\":[{\"@type\":\"CommentAction\",\"name\":\"Comment\",\"target\":[\"https:\\\/\\\/aliancaevangelica.pt\\\/site\\\/honrar-a-deus-com-o-meu-trabalho\\\/#respond\"]}]},{\"@type\":\"WebPage\",\"@id\":\"https:\\\/\\\/aliancaevangelica.pt\\\/site\\\/honrar-a-deus-com-o-meu-trabalho\\\/\",\"url\":\"https:\\\/\\\/aliancaevangelica.pt\\\/site\\\/honrar-a-deus-com-o-meu-trabalho\\\/\",\"name\":\"Honrar a Deus com o meu trabalho. - AEP\",\"isPartOf\":{\"@id\":\"https:\\\/\\\/aliancaevangelica.pt\\\/site\\\/#website\"},\"primaryImageOfPage\":{\"@id\":\"https:\\\/\\\/aliancaevangelica.pt\\\/site\\\/honrar-a-deus-com-o-meu-trabalho\\\/#primaryimage\"},\"image\":{\"@id\":\"https:\\\/\\\/aliancaevangelica.pt\\\/site\\\/honrar-a-deus-com-o-meu-trabalho\\\/#primaryimage\"},\"thumbnailUrl\":\"https:\\\/\\\/aliancaevangelica.pt\\\/site\\\/wp-content\\\/uploads\\\/2023\\\/05\\\/Captura-de-ecra\u0303-2023-05-18-a\u0300s-13.52.43.png\",\"datePublished\":\"2023-05-19T09:00:00+00:00\",\"breadcrumb\":{\"@id\":\"https:\\\/\\\/aliancaevangelica.pt\\\/site\\\/honrar-a-deus-com-o-meu-trabalho\\\/#breadcrumb\"},\"inLanguage\":\"pt-PT\",\"potentialAction\":[{\"@type\":\"ReadAction\",\"target\":[\"https:\\\/\\\/aliancaevangelica.pt\\\/site\\\/honrar-a-deus-com-o-meu-trabalho\\\/\"]}]},{\"@type\":\"ImageObject\",\"inLanguage\":\"pt-PT\",\"@id\":\"https:\\\/\\\/aliancaevangelica.pt\\\/site\\\/honrar-a-deus-com-o-meu-trabalho\\\/#primaryimage\",\"url\":\"https:\\\/\\\/aliancaevangelica.pt\\\/site\\\/wp-content\\\/uploads\\\/2023\\\/05\\\/Captura-de-ecra\u0303-2023-05-18-a\u0300s-13.52.43.png\",\"contentUrl\":\"https:\\\/\\\/aliancaevangelica.pt\\\/site\\\/wp-content\\\/uploads\\\/2023\\\/05\\\/Captura-de-ecra\u0303-2023-05-18-a\u0300s-13.52.43.png\",\"width\":990,\"height\":690},{\"@type\":\"BreadcrumbList\",\"@id\":\"https:\\\/\\\/aliancaevangelica.pt\\\/site\\\/honrar-a-deus-com-o-meu-trabalho\\\/#breadcrumb\",\"itemListElement\":[{\"@type\":\"ListItem\",\"position\":1,\"name\":\"In\u00edcio\",\"item\":\"https:\\\/\\\/aliancaevangelica.pt\\\/site\\\/\"},{\"@type\":\"ListItem\",\"position\":2,\"name\":\"Honrar a Deus com o meu trabalho.\"}]},{\"@type\":\"WebSite\",\"@id\":\"https:\\\/\\\/aliancaevangelica.pt\\\/site\\\/#website\",\"url\":\"https:\\\/\\\/aliancaevangelica.pt\\\/site\\\/\",\"name\":\"Alian\u00e7a Evang\u00e9lica Portuguesa\",\"description\":\"Alian\u00e7a Evang\u00e9lica Portuguesa\",\"publisher\":{\"@id\":\"https:\\\/\\\/aliancaevangelica.pt\\\/site\\\/#organization\"},\"potentialAction\":[{\"@type\":\"SearchAction\",\"target\":{\"@type\":\"EntryPoint\",\"urlTemplate\":\"https:\\\/\\\/aliancaevangelica.pt\\\/site\\\/?s={search_term_string}\"},\"query-input\":{\"@type\":\"PropertyValueSpecification\",\"valueRequired\":true,\"valueName\":\"search_term_string\"}}],\"inLanguage\":\"pt-PT\"},{\"@type\":\"Organization\",\"@id\":\"https:\\\/\\\/aliancaevangelica.pt\\\/site\\\/#organization\",\"name\":\"Alian\u00e7a Evang\u00e9lica Portuguesa\",\"url\":\"https:\\\/\\\/aliancaevangelica.pt\\\/site\\\/\",\"logo\":{\"@type\":\"ImageObject\",\"inLanguage\":\"pt-PT\",\"@id\":\"https:\\\/\\\/aliancaevangelica.pt\\\/site\\\/#\\\/schema\\\/logo\\\/image\\\/\",\"url\":\"https:\\\/\\\/aliancaevangelica.pt\\\/site\\\/wp-content\\\/uploads\\\/2017\\\/11\\\/logo-AEP-cor.png\",\"contentUrl\":\"https:\\\/\\\/aliancaevangelica.pt\\\/site\\\/wp-content\\\/uploads\\\/2017\\\/11\\\/logo-AEP-cor.png\",\"width\":1156,\"height\":672,\"caption\":\"Alian\u00e7a Evang\u00e9lica Portuguesa\"},\"image\":{\"@id\":\"https:\\\/\\\/aliancaevangelica.pt\\\/site\\\/#\\\/schema\\\/logo\\\/image\\\/\"},\"sameAs\":[\"http:\\\/\\\/facebook.com\\\/aeportuguesa\",\"http:\\\/\\\/instagram.com\\\/aliancaep\",\"http:\\\/\\\/youtube.com\\\/aeportuguesa\"]},{\"@type\":\"Person\",\"@id\":\"https:\\\/\\\/aliancaevangelica.pt\\\/site\\\/#\\\/schema\\\/person\\\/3b47cfc7535eff1e820f31c2d67eafcf\",\"name\":\"AEP\",\"sameAs\":[\"aeportugal\"],\"url\":\"https:\\\/\\\/aliancaevangelica.pt\\\/site\\\/author\\\/aeportugal\\\/\"}]}<\/script>\n<!-- \/ Yoast SEO plugin. -->","yoast_head_json":{"title":"Honrar a Deus com o meu trabalho. - AEP","robots":{"index":"index","follow":"follow","max-snippet":"max-snippet:-1","max-image-preview":"max-image-preview:large","max-video-preview":"max-video-preview:-1"},"canonical":"https:\/\/aliancaevangelica.pt\/site\/honrar-a-deus-com-o-meu-trabalho\/","og_locale":"pt_PT","og_type":"article","og_title":"Honrar a Deus com o meu trabalho. - AEP","og_description":"Servir a Cristo com os meus dons. Desde que me conhe\u00e7o que sou entusiasta pelo trabalho. Qualquer projeto escolar podia contar com o meu contributo, assim como tarefas de voluntariado e in\u00fameras responsabilidades eclesi\u00e1sticas. Por detr\u00e1s deste entusiasmo, estava sempre uma necessidade de me sentir \u00fatil ao servi\u00e7o da comunidade, da sociedade e do outro.","og_url":"https:\/\/aliancaevangelica.pt\/site\/honrar-a-deus-com-o-meu-trabalho\/","og_site_name":"AEP","article_publisher":"http:\/\/facebook.com\/aeportuguesa","article_author":"aeportugal","article_published_time":"2023-05-19T09:00:00+00:00","og_image":[{"width":990,"height":690,"url":"https:\/\/aliancaevangelica.pt\/site\/wp-content\/uploads\/2023\/05\/Captura-de-ecra\u0303-2023-05-18-a\u0300s-13.52.43.png","type":"image\/png"}],"author":"AEP","twitter_card":"summary_large_image","twitter_misc":{"Escrito por":"AEP","Tempo estimado de leitura":"5 minutos"},"schema":{"@context":"https:\/\/schema.org","@graph":[{"@type":"Article","@id":"https:\/\/aliancaevangelica.pt\/site\/honrar-a-deus-com-o-meu-trabalho\/#article","isPartOf":{"@id":"https:\/\/aliancaevangelica.pt\/site\/honrar-a-deus-com-o-meu-trabalho\/"},"author":{"name":"AEP","@id":"https:\/\/aliancaevangelica.pt\/site\/#\/schema\/person\/3b47cfc7535eff1e820f31c2d67eafcf"},"headline":"Honrar a Deus com o meu trabalho.","datePublished":"2023-05-19T09:00:00+00:00","mainEntityOfPage":{"@id":"https:\/\/aliancaevangelica.pt\/site\/honrar-a-deus-com-o-meu-trabalho\/"},"wordCount":907,"commentCount":0,"publisher":{"@id":"https:\/\/aliancaevangelica.pt\/site\/#organization"},"image":{"@id":"https:\/\/aliancaevangelica.pt\/site\/honrar-a-deus-com-o-meu-trabalho\/#primaryimage"},"thumbnailUrl":"https:\/\/aliancaevangelica.pt\/site\/wp-content\/uploads\/2023\/05\/Captura-de-ecra\u0303-2023-05-18-a\u0300s-13.52.43.png","articleSection":["1-Geral","Mulheres, Casais e Fam\u00edlia"],"inLanguage":"pt-PT","potentialAction":[{"@type":"CommentAction","name":"Comment","target":["https:\/\/aliancaevangelica.pt\/site\/honrar-a-deus-com-o-meu-trabalho\/#respond"]}]},{"@type":"WebPage","@id":"https:\/\/aliancaevangelica.pt\/site\/honrar-a-deus-com-o-meu-trabalho\/","url":"https:\/\/aliancaevangelica.pt\/site\/honrar-a-deus-com-o-meu-trabalho\/","name":"Honrar a Deus com o meu trabalho. - AEP","isPartOf":{"@id":"https:\/\/aliancaevangelica.pt\/site\/#website"},"primaryImageOfPage":{"@id":"https:\/\/aliancaevangelica.pt\/site\/honrar-a-deus-com-o-meu-trabalho\/#primaryimage"},"image":{"@id":"https:\/\/aliancaevangelica.pt\/site\/honrar-a-deus-com-o-meu-trabalho\/#primaryimage"},"thumbnailUrl":"https:\/\/aliancaevangelica.pt\/site\/wp-content\/uploads\/2023\/05\/Captura-de-ecra\u0303-2023-05-18-a\u0300s-13.52.43.png","datePublished":"2023-05-19T09:00:00+00:00","breadcrumb":{"@id":"https:\/\/aliancaevangelica.pt\/site\/honrar-a-deus-com-o-meu-trabalho\/#breadcrumb"},"inLanguage":"pt-PT","potentialAction":[{"@type":"ReadAction","target":["https:\/\/aliancaevangelica.pt\/site\/honrar-a-deus-com-o-meu-trabalho\/"]}]},{"@type":"ImageObject","inLanguage":"pt-PT","@id":"https:\/\/aliancaevangelica.pt\/site\/honrar-a-deus-com-o-meu-trabalho\/#primaryimage","url":"https:\/\/aliancaevangelica.pt\/site\/wp-content\/uploads\/2023\/05\/Captura-de-ecra\u0303-2023-05-18-a\u0300s-13.52.43.png","contentUrl":"https:\/\/aliancaevangelica.pt\/site\/wp-content\/uploads\/2023\/05\/Captura-de-ecra\u0303-2023-05-18-a\u0300s-13.52.43.png","width":990,"height":690},{"@type":"BreadcrumbList","@id":"https:\/\/aliancaevangelica.pt\/site\/honrar-a-deus-com-o-meu-trabalho\/#breadcrumb","itemListElement":[{"@type":"ListItem","position":1,"name":"In\u00edcio","item":"https:\/\/aliancaevangelica.pt\/site\/"},{"@type":"ListItem","position":2,"name":"Honrar a Deus com o meu trabalho."}]},{"@type":"WebSite","@id":"https:\/\/aliancaevangelica.pt\/site\/#website","url":"https:\/\/aliancaevangelica.pt\/site\/","name":"Alian\u00e7a Evang\u00e9lica Portuguesa","description":"Alian\u00e7a Evang\u00e9lica Portuguesa","publisher":{"@id":"https:\/\/aliancaevangelica.pt\/site\/#organization"},"potentialAction":[{"@type":"SearchAction","target":{"@type":"EntryPoint","urlTemplate":"https:\/\/aliancaevangelica.pt\/site\/?s={search_term_string}"},"query-input":{"@type":"PropertyValueSpecification","valueRequired":true,"valueName":"search_term_string"}}],"inLanguage":"pt-PT"},{"@type":"Organization","@id":"https:\/\/aliancaevangelica.pt\/site\/#organization","name":"Alian\u00e7a Evang\u00e9lica Portuguesa","url":"https:\/\/aliancaevangelica.pt\/site\/","logo":{"@type":"ImageObject","inLanguage":"pt-PT","@id":"https:\/\/aliancaevangelica.pt\/site\/#\/schema\/logo\/image\/","url":"https:\/\/aliancaevangelica.pt\/site\/wp-content\/uploads\/2017\/11\/logo-AEP-cor.png","contentUrl":"https:\/\/aliancaevangelica.pt\/site\/wp-content\/uploads\/2017\/11\/logo-AEP-cor.png","width":1156,"height":672,"caption":"Alian\u00e7a Evang\u00e9lica Portuguesa"},"image":{"@id":"https:\/\/aliancaevangelica.pt\/site\/#\/schema\/logo\/image\/"},"sameAs":["http:\/\/facebook.com\/aeportuguesa","http:\/\/instagram.com\/aliancaep","http:\/\/youtube.com\/aeportuguesa"]},{"@type":"Person","@id":"https:\/\/aliancaevangelica.pt\/site\/#\/schema\/person\/3b47cfc7535eff1e820f31c2d67eafcf","name":"AEP","sameAs":["aeportugal"],"url":"https:\/\/aliancaevangelica.pt\/site\/author\/aeportugal\/"}]}},"uagb_featured_image_src":{"full":["https:\/\/aliancaevangelica.pt\/site\/wp-content\/uploads\/2023\/05\/Captura-de-ecra\u0303-2023-05-18-a\u0300s-13.52.43.png",990,690,false],"thumbnail":["https:\/\/aliancaevangelica.pt\/site\/wp-content\/uploads\/2023\/05\/Captura-de-ecra\u0303-2023-05-18-a\u0300s-13.52.43-150x150.png",150,150,true],"medium":["https:\/\/aliancaevangelica.pt\/site\/wp-content\/uploads\/2023\/05\/Captura-de-ecra\u0303-2023-05-18-a\u0300s-13.52.43-300x209.png",300,209,true],"medium_large":["https:\/\/aliancaevangelica.pt\/site\/wp-content\/uploads\/2023\/05\/Captura-de-ecra\u0303-2023-05-18-a\u0300s-13.52.43-768x535.png",768,535,true],"large":["https:\/\/aliancaevangelica.pt\/site\/wp-content\/uploads\/2023\/05\/Captura-de-ecra\u0303-2023-05-18-a\u0300s-13.52.43.png",960,669,false],"1536x1536":["https:\/\/aliancaevangelica.pt\/site\/wp-content\/uploads\/2023\/05\/Captura-de-ecra\u0303-2023-05-18-a\u0300s-13.52.43.png",990,690,false],"2048x2048":["https:\/\/aliancaevangelica.pt\/site\/wp-content\/uploads\/2023\/05\/Captura-de-ecra\u0303-2023-05-18-a\u0300s-13.52.43.png",990,690,false],"vp_sm":["https:\/\/aliancaevangelica.pt\/site\/wp-content\/uploads\/2023\/05\/Captura-de-ecra\u0303-2023-05-18-a\u0300s-13.52.43.png",500,348,false],"vp_md":["https:\/\/aliancaevangelica.pt\/site\/wp-content\/uploads\/2023\/05\/Captura-de-ecra\u0303-2023-05-18-a\u0300s-13.52.43.png",800,558,false],"vp_lg":["https:\/\/aliancaevangelica.pt\/site\/wp-content\/uploads\/2023\/05\/Captura-de-ecra\u0303-2023-05-18-a\u0300s-13.52.43.png",990,690,false],"vp_xl":["https:\/\/aliancaevangelica.pt\/site\/wp-content\/uploads\/2023\/05\/Captura-de-ecra\u0303-2023-05-18-a\u0300s-13.52.43.png",990,690,false],"vp_sm_popup":["https:\/\/aliancaevangelica.pt\/site\/wp-content\/uploads\/2023\/05\/Captura-de-ecra\u0303-2023-05-18-a\u0300s-13.52.43.png",500,348,false],"vp_md_popup":["https:\/\/aliancaevangelica.pt\/site\/wp-content\/uploads\/2023\/05\/Captura-de-ecra\u0303-2023-05-18-a\u0300s-13.52.43.png",800,558,false],"vp_xl_popup":["https:\/\/aliancaevangelica.pt\/site\/wp-content\/uploads\/2023\/05\/Captura-de-ecra\u0303-2023-05-18-a\u0300s-13.52.43.png",990,690,false],"newsx-150x100":["https:\/\/aliancaevangelica.pt\/site\/wp-content\/uploads\/2023\/05\/Captura-de-ecra\u0303-2023-05-18-a\u0300s-13.52.43.png",143,100,false],"newsx-330x220":["https:\/\/aliancaevangelica.pt\/site\/wp-content\/uploads\/2023\/05\/Captura-de-ecra\u0303-2023-05-18-a\u0300s-13.52.43.png",316,220,false],"newsx-420x280":["https:\/\/aliancaevangelica.pt\/site\/wp-content\/uploads\/2023\/05\/Captura-de-ecra\u0303-2023-05-18-a\u0300s-13.52.43.png",402,280,false],"newsx-510x340":["https:\/\/aliancaevangelica.pt\/site\/wp-content\/uploads\/2023\/05\/Captura-de-ecra\u0303-2023-05-18-a\u0300s-13.52.43.png",488,340,false],"newsx-640x480":["https:\/\/aliancaevangelica.pt\/site\/wp-content\/uploads\/2023\/05\/Captura-de-ecra\u0303-2023-05-18-a\u0300s-13.52.43.png",640,446,false],"newsx-670x370":["https:\/\/aliancaevangelica.pt\/site\/wp-content\/uploads\/2023\/05\/Captura-de-ecra\u0303-2023-05-18-a\u0300s-13.52.43.png",531,370,false],"newsx-860x570":["https:\/\/aliancaevangelica.pt\/site\/wp-content\/uploads\/2023\/05\/Captura-de-ecra\u0303-2023-05-18-a\u0300s-13.52.43.png",818,570,false],"newsx-1000x750":["https:\/\/aliancaevangelica.pt\/site\/wp-content\/uploads\/2023\/05\/Captura-de-ecra\u0303-2023-05-18-a\u0300s-13.52.43.png",990,690,false],"newsx-1200x600":["https:\/\/aliancaevangelica.pt\/site\/wp-content\/uploads\/2023\/05\/Captura-de-ecra\u0303-2023-05-18-a\u0300s-13.52.43.png",861,600,false]},"uagb_author_info":{"display_name":"AEP","author_link":"https:\/\/aliancaevangelica.pt\/site\/author\/aeportugal\/"},"uagb_comment_info":0,"uagb_excerpt":"Servir a Cristo com os meus dons. Desde que me conhe\u00e7o que sou entusiasta pelo trabalho. Qualquer projeto escolar podia contar com o meu contributo, assim como tarefas de voluntariado e in\u00fameras responsabilidades eclesi\u00e1sticas. Por detr\u00e1s deste entusiasmo, estava sempre uma necessidade de me sentir \u00fatil ao servi\u00e7o da comunidade, da sociedade e do outro.","_links":{"self":[{"href":"https:\/\/aliancaevangelica.pt\/site\/wp-json\/wp\/v2\/posts\/20115","targetHints":{"allow":["GET"]}}],"collection":[{"href":"https:\/\/aliancaevangelica.pt\/site\/wp-json\/wp\/v2\/posts"}],"about":[{"href":"https:\/\/aliancaevangelica.pt\/site\/wp-json\/wp\/v2\/types\/post"}],"author":[{"embeddable":true,"href":"https:\/\/aliancaevangelica.pt\/site\/wp-json\/wp\/v2\/users\/2"}],"replies":[{"embeddable":true,"href":"https:\/\/aliancaevangelica.pt\/site\/wp-json\/wp\/v2\/comments?post=20115"}],"version-history":[{"count":1,"href":"https:\/\/aliancaevangelica.pt\/site\/wp-json\/wp\/v2\/posts\/20115\/revisions"}],"predecessor-version":[{"id":20117,"href":"https:\/\/aliancaevangelica.pt\/site\/wp-json\/wp\/v2\/posts\/20115\/revisions\/20117"}],"wp:featuredmedia":[{"embeddable":true,"href":"https:\/\/aliancaevangelica.pt\/site\/wp-json\/wp\/v2\/media\/20116"}],"wp:attachment":[{"href":"https:\/\/aliancaevangelica.pt\/site\/wp-json\/wp\/v2\/media?parent=20115"}],"wp:term":[{"taxonomy":"category","embeddable":true,"href":"https:\/\/aliancaevangelica.pt\/site\/wp-json\/wp\/v2\/categories?post=20115"},{"taxonomy":"post_tag","embeddable":true,"href":"https:\/\/aliancaevangelica.pt\/site\/wp-json\/wp\/v2\/tags?post=20115"}],"curies":[{"name":"wp","href":"https:\/\/api.w.org\/{rel}","templated":true}]}}