{"id":20073,"date":"2023-04-28T16:15:12","date_gmt":"2023-04-28T16:15:12","guid":{"rendered":"https:\/\/aliancaevangelica.pt\/site\/?p=20073"},"modified":"2023-06-23T18:10:22","modified_gmt":"2023-06-23T18:10:22","slug":"educacao-moral-e-religiosa-evangelica-inscreve-te-na-tua-escola","status":"publish","type":"post","link":"https:\/\/aliancaevangelica.pt\/site\/educacao-moral-e-religiosa-evangelica-inscreve-te-na-tua-escola\/","title":{"rendered":"Educa\u00e7\u00e3o Moral e Religiosa Evang\u00e9lica: Inscreve-te na tua escola!"},"content":{"rendered":"\n<p>A Disciplina de Educa\u00e7\u00e3o Moral e Religiosa Evang\u00e9lica (EMRE) \u00e9 um espa\u00e7o de inspira\u00e7\u00e3o crist\u00e3, aberto a todos os alunos das escolas p\u00fablicas do 1\u00ba ao 12\u00ba ano. \u00c9 de oferta obrigat\u00f3rio e matr\u00edcula opcional.<\/p>\n\n\n\n<p>No caso dos alunos do 1\u00ba, 5\u00ba, 7\u00ba e 10\u00ba ano, a inscri\u00e7\u00e3o deve ser feita no boletim de matr\u00edcula online (Op\u00e7\u00e3o &#8220;Educa\u00e7\u00e3o Moral e Religiosa&#8221;), mas como n\u00e3o \u00e9 especificada a confiss\u00e3o religiosa, \u00e9 necess\u00e1rio fazer chegar tamb\u00e9m \u00e0 dire\u00e7\u00e3o da escola um requerimento a especificar a escolha em &#8220;Evang\u00e9lica&#8221;. Os alunos dos outros anos letivos que desejem inscrever-se em EMRE tamb\u00e9m devem entregar o mesmo documento na secretaria da escola, mesmo que j\u00e1 tenham frequentado no ano anterior, uma vez que nesses casos a matr\u00edcula \u00e9 renovada automaticamente.<\/p>\n\n\n\n<p><strong>&#8220;Requerimento para matricula na disciplina de EMRE&#8221;<\/strong>:<\/p>\n\n\n\n<div class=\"wp-block-file\"><a href=\"https:\/\/aliancaevangelica.pt\/site\/wp-content\/uploads\/2023\/05\/Requerimento-para-matricula-na-disciplina-de-EMR-1-1.pdf\">Requerimento-para-matricula-na-disciplina-de-EMR-1-1<\/a><a href=\"https:\/\/aliancaevangelica.pt\/site\/wp-content\/uploads\/2023\/05\/Requerimento-para-matricula-na-disciplina-de-EMR-1-1.pdf\" class=\"wp-block-file__button\" download>Descarregar<\/a><\/div>\n\n\n\n<p>(preencher e entregar pessoalmente ou por mail na secretaria da escola. Guardar o comprovativo e enviar tamb\u00e9m para a COMACEP)<\/p>\n\n\n\n<p><strong>Temas para o pr\u00f3ximo Ano Letivo 23\/24:<\/strong><\/p>\n\n\n\n<p>\u201c<strong>O Maior Presente\u201d<\/strong>&nbsp;\u2013 1\u00ba Ciclo (ajudar as crian\u00e7as, de forma l\u00fadica e divertida, a valorizar o dom da vida e a descobrirem o que melhor ela tem para nos oferecer para serem felizes)<\/p>\n\n\n\n<figure class=\"wp-block-gallery columns-1 is-cropped wp-block-gallery-1 is-layout-flex wp-block-gallery-is-layout-flex\"><ul class=\"blocks-gallery-grid\"><li class=\"blocks-gallery-item\"><figure><img loading=\"lazy\" decoding=\"async\" width=\"842\" height=\"594\" src=\"https:\/\/aliancaevangelica.pt\/site\/wp-content\/uploads\/2023\/04\/Captura-de-ecra\u0303-2023-04-28-a\u0300s-17.13.14.png\" alt=\"\" data-id=\"20076\" data-full-url=\"https:\/\/aliancaevangelica.pt\/site\/wp-content\/uploads\/2023\/04\/Captura-de-ecra\u0303-2023-04-28-a\u0300s-17.13.14.png\" data-link=\"https:\/\/aliancaevangelica.pt\/site\/educacao-moral-e-religiosa-evangelica-inscreve-te-na-tua-escola\/captura-de-ecra%cc%83-2023-04-28-as-17-13-14\/\" class=\"wp-image-20076\" srcset=\"https:\/\/aliancaevangelica.pt\/site\/wp-content\/uploads\/2023\/04\/Captura-de-ecra\u0303-2023-04-28-a\u0300s-17.13.14.png 842w, https:\/\/aliancaevangelica.pt\/site\/wp-content\/uploads\/2023\/04\/Captura-de-ecra\u0303-2023-04-28-a\u0300s-17.13.14-300x212.png 300w, https:\/\/aliancaevangelica.pt\/site\/wp-content\/uploads\/2023\/04\/Captura-de-ecra\u0303-2023-04-28-a\u0300s-17.13.14-768x542.png 768w, https:\/\/aliancaevangelica.pt\/site\/wp-content\/uploads\/2023\/04\/Captura-de-ecra\u0303-2023-04-28-a\u0300s-17.13.14-840x594.png 840w\" sizes=\"auto, (max-width: 842px) 100vw, 842px\" \/><\/figure><\/li><\/ul><\/figure>\n\n\n\n<p><strong>\u201cAcreditas?\u201d<\/strong>&nbsp;\u2013 2\u00ba, 3\u00ba Ciclos e Secund\u00e1rio (Ajudar os adolescentes a desenvolverem pensamento cr\u00edtico sobre aquilo em que acreditam, onde cada um pode ser ele pr\u00f3prio e fazer qualquer pergunta)<\/p>\n\n\n\n<figure class=\"wp-block-gallery columns-1 is-cropped wp-block-gallery-2 is-layout-flex wp-block-gallery-is-layout-flex\"><ul class=\"blocks-gallery-grid\"><li class=\"blocks-gallery-item\"><figure><img decoding=\"async\" src=\"https:\/\/aliancaevangelica.pt\/site\/wp-content\/uploads\/2023\/05\/WhatsApp-Image-2023-05-08-at-11.40.31-1024x724.jpeg\" alt=\"\" data-id=\"20098\" data-full-url=\"https:\/\/aliancaevangelica.pt\/site\/wp-content\/uploads\/2023\/05\/WhatsApp-Image-2023-05-08-at-11.40.31.jpeg\" data-link=\"https:\/\/aliancaevangelica.pt\/site\/educacao-moral-e-religiosa-evangelica-inscreve-te-na-tua-escola\/whatsapp-image-2023-05-08-at-11-40-31-2\/\" class=\"wp-image-20098\"\/><\/figure><\/li><\/ul><\/figure>\n\n\n\n<p><strong>Objetivos da Disciplina EMRE:<\/strong><strong><\/strong><\/p>\n\n\n\n<p>\u00b7&nbsp;&nbsp;&nbsp;&nbsp;&nbsp;&nbsp;&nbsp;&nbsp;&nbsp;&nbsp;Relacionamento com Deus<\/p>\n\n\n\n<p>\u00b7&nbsp;&nbsp;&nbsp;&nbsp;&nbsp;&nbsp;&nbsp;&nbsp;&nbsp;&nbsp;Relacionamento Comigo Pr\u00f3prio<\/p>\n\n\n\n<p>\u00b7&nbsp;&nbsp;&nbsp;&nbsp;&nbsp;&nbsp;&nbsp;&nbsp;&nbsp;&nbsp;Relacionamento com a Fam\u00edlia<\/p>\n\n\n\n<p>\u00b7&nbsp;&nbsp;&nbsp;&nbsp;&nbsp;&nbsp;&nbsp;&nbsp;&nbsp;&nbsp;Relacionamento com o Pr\u00f3ximo<\/p>\n\n\n\n<p>\u00b7&nbsp;&nbsp;&nbsp;&nbsp;&nbsp;&nbsp;&nbsp;&nbsp;&nbsp;&nbsp;Relacionamento com a Sociedade&nbsp;&nbsp;&nbsp; &nbsp;<\/p>\n\n\n\n<p> \u00b7&nbsp;&nbsp;&nbsp;&nbsp;&nbsp;&nbsp;&nbsp;&nbsp;&nbsp;&nbsp;Relacionamento com a Natureza&nbsp;<\/p>\n\n\n\n<p>&#8211; Promover valores crist\u00e3os como a gratid\u00e3o, a compaix\u00e3o, o cuidado com o meio ambiente, a auto-estima, etc\u2026<\/p>\n\n\n\n<p>&#8211; Oportunidade de refletir sobre como podemos ter uma rela\u00e7\u00e3o pessoal com Deus, traduzindo-se tamb\u00e9m numa rela\u00e7\u00e3o saud\u00e1vel connosco pr\u00f3prios (forma\u00e7\u00e3o da identidade) e com o outro.<\/p>\n\n\n\n<p>&#8211; Criar um espa\u00e7o sustentado onde os alunos s\u00e3o ouvidos como grupo, mas tamb\u00e9m individualmente, ajudando-os a lidar com a ansiedade, medos, inseguran\u00e7a, combater a depress\u00e3o, etc\u2026<\/p>\n\n\n\n<p>&#8211; Em termos de grupo, promover a valoriza\u00e7\u00e3o e aceita\u00e7\u00e3o do outro, trabalho de equipa, prevenir e combater o bulling, empatia e servi\u00e7o ao pr\u00f3ximo, etc\u2026<\/p>\n\n\n\n<p>&#8211; Criar parcerias com a escola em algumas iniciativas espec\u00edficas (Ex: Dia Mundial da Paz, Dia da Fam\u00edlia, Campanhas de Solidariedade, Natal, P\u00e1scoa, etc..)<\/p>\n\n\n\n<p><strong>Poss\u00edveis Recursos Pedag\u00f3gicos:<\/strong><strong><\/strong><\/p>\n\n\n\n<p>&#8211; Hist\u00f3rias da B\u00edblia e da atualidade;<\/p>\n\n\n\n<p>-M\u00fasica;<\/p>\n\n\n\n<p>-Express\u00e3o Pl\u00e1stica;<\/p>\n\n\n\n<p>-V\u00eddeos;<\/p>\n\n\n\n<p>-Jogos,<\/p>\n\n\n\n<p>Entre outras op\u00e7\u00f5es did\u00e1ticas e criativas.<\/p>\n\n\n\n<p><strong>E depois das Matr\u00edculas feitas:<\/strong><\/p>\n\n\n\n<p>&#8211; Agradecemos a cada agrupamento&nbsp;que&nbsp;contabilize&nbsp;as inscri\u00e7\u00f5es na disciplina de EMRE e informe a COMACEP acerca do n.\u00ba de alunos inscritos e que possam esclarecer os encarregados de educa\u00e7\u00e3o relativamente a eventuais d\u00favidas que possam surgir.<\/p>\n\n\n\n<p>&#8211; Em Junho \/ Julho apuramento das inscri\u00e7\u00f5es em cada escola, com vista \u00e0 cria\u00e7\u00e3o de uma turma curricular (a partir de 10 alunos) ou n\u00e3o-curricular (at\u00e9 9 alunos), em articula\u00e7\u00e3o com a COMACEP (Comiss\u00e3o para A\u00e7\u00e3o Educativa Evang\u00e9lica nas Escolas P\u00fablicas).<\/p>\n\n\n\n<p><strong>Prazo das Matr\u00edculas<br><\/strong>As matr\u00edculas para 2023\/2024 j\u00e1 come\u00e7aram e t\u00eam o seguinte calend\u00e1rio<\/p>\n\n\n\n<p>\u2022 At\u00e9 15 de maio &#8211; educa\u00e7\u00e3o pr\u00e9-escolar e o 1.\u00ba ano do 1.\u00ba ciclo do ensino b\u00e1sico;<br>\u2022 22 a 28 de junho &#8211; 6.\u00ba, 7.\u00ba, 8.\u00ba, 9.\u00ba e 11.\u00ba anos de escolaridade;<br>\u2022 6 a 10 de julho &#8211; 2.\u00ba, 3.\u00ba, 4.\u00ba e 5.\u00ba anos do ensino b\u00e1sico;<br>\u2022 15 a 20 de julho &#8211; 10.\u00ba e 12.\u00ba anos de escolaridade.<strong><br><\/strong><strong>Nota: O diretor de turma ou o professor titular pode entregar ao encarregado de educa\u00e7\u00e3o&nbsp;<\/strong><strong>o documento para atualiza\u00e7\u00e3o de dados<\/strong><strong>, normalmente atrav\u00e9s do aluno, antes destas datas.<\/strong><br>A renova\u00e7\u00e3o das matr\u00edculas nos anos de continuidade de ciclos, designadamente 2.\u00ba, 3.\u00ba, 4.\u00ba, 6.\u00ba, 8.\u00ba, 9.\u00ba e 11.\u00ba anos de escolaridade, \u00e9 autom\u00e1tica caso n\u00e3o se verifique transfer\u00eancia de estabelecimento de educa\u00e7\u00e3o ou de ensino, altera\u00e7\u00e3o de encarregado de educa\u00e7\u00e3o, de curso ou de percurso formativo ou necessidade de escolher disciplinas.<br>Tal como aconteceu em anos anteriores, e dando continua\u00e7\u00e3o \u00e0 desmaterializa\u00e7\u00e3o do processo de matr\u00edcula, os procedimentos devem acontecer, preferencialmente, atrav\u00e9s do Portal das Matr\u00edculas \u2013 em&nbsp;&nbsp;<a href=\"https:\/\/portaldasmatriculas.edu.gov.pt\/\" target=\"_blank\" rel=\"noreferrer noopener\">https:\/\/portaldasmatriculas.edu.gov.pt\/<\/a><\/p>\n\n\n\n<p>&nbsp;Para mais informa\u00e7\u00f5es contactar: COMACEP (Comiss\u00e3o Para A\u00e7\u00e3o Educativa Evang\u00e9lica)<\/p>\n\n\n\n<div class=\"wp-block-file\"><a href=\"https:\/\/aliancaevangelica.pt\/site\/wp-content\/uploads\/2023\/04\/Requerimento-para-matricula-na-disciplina-de-EMR-1.pdf\">Requerimento-para-matricula-na-disciplina-de-EMR-1<\/a><a href=\"https:\/\/aliancaevangelica.pt\/site\/wp-content\/uploads\/2023\/04\/Requerimento-para-matricula-na-disciplina-de-EMR-1.pdf\" class=\"wp-block-file__button\" download>Descarregar<\/a><\/div>\n\n\n\n<p><a href=\"mailto:comacep@portalevangelico.pt\" target=\"_blank\" rel=\"noreferrer noopener\">comacep@portalevangelico.pt<\/a><\/p>\n\n\n\n<p>Tel: 221710531 \/ 932870405<\/p>\n\n\n\n<p><a href=\"https:\/\/www.instagram.com\/comacep_emre\/\">Comacep no instagram<\/a> <\/p>\n\n\n\n<p><a href=\"https:\/\/www.facebook.com\/comacep.777\">Comacep no facebook<\/a><\/p>\n","protected":false},"excerpt":{"rendered":"<p>A Disciplina de Educa\u00e7\u00e3o Moral e Religiosa Evang\u00e9lica (EMRE) \u00e9 um espa\u00e7o de inspira\u00e7\u00e3o crist\u00e3, aberto a todos os alunos das escolas p\u00fablicas do 1\u00ba ao 12\u00ba ano. \u00c9 de<\/p>\n","protected":false},"author":2,"featured_media":20096,"comment_status":"open","ping_status":"open","sticky":true,"template":"","format":"standard","meta":{"_uag_custom_page_level_css":"","_themeisle_gutenberg_block_has_review":false,"_vp_format_video_url":"","_vp_image_focal_point":[],"footnotes":""},"categories":[45,3,2,46,7],"tags":[],"class_list":["post-20073","post","type-post","status-publish","format-standard","has-post-thumbnail","hentry","category-geral","category-artigos-gerais","category-anuncios","category-eventos","category-noticias"],"yoast_head":"<!-- This site is optimized with the Yoast SEO plugin v27.5 - https:\/\/yoast.com\/product\/yoast-seo-wordpress\/ -->\n<title>Educa\u00e7\u00e3o Moral e Religiosa Evang\u00e9lica: Inscreve-te na tua escola! - AEP<\/title>\n<meta name=\"robots\" content=\"index, follow, max-snippet:-1, max-image-preview:large, max-video-preview:-1\" \/>\n<link rel=\"canonical\" href=\"https:\/\/aliancaevangelica.pt\/site\/educacao-moral-e-religiosa-evangelica-inscreve-te-na-tua-escola\/\" \/>\n<meta property=\"og:locale\" content=\"pt_PT\" \/>\n<meta property=\"og:type\" content=\"article\" \/>\n<meta property=\"og:title\" content=\"Educa\u00e7\u00e3o Moral e Religiosa Evang\u00e9lica: Inscreve-te na tua escola! - AEP\" \/>\n<meta property=\"og:description\" content=\"A Disciplina de Educa\u00e7\u00e3o Moral e Religiosa Evang\u00e9lica (EMRE) \u00e9 um espa\u00e7o de inspira\u00e7\u00e3o crist\u00e3, aberto a todos os alunos das escolas p\u00fablicas do 1\u00ba ao 12\u00ba ano. \u00c9 de\" \/>\n<meta property=\"og:url\" content=\"https:\/\/aliancaevangelica.pt\/site\/educacao-moral-e-religiosa-evangelica-inscreve-te-na-tua-escola\/\" \/>\n<meta property=\"og:site_name\" content=\"AEP\" \/>\n<meta property=\"article:publisher\" content=\"http:\/\/facebook.com\/aeportuguesa\" \/>\n<meta property=\"article:author\" content=\"aeportugal\" \/>\n<meta property=\"article:published_time\" content=\"2023-04-28T16:15:12+00:00\" \/>\n<meta property=\"article:modified_time\" content=\"2023-06-23T18:10:22+00:00\" \/>\n<meta property=\"og:image\" content=\"https:\/\/aliancaevangelica.pt\/site\/wp-content\/uploads\/2023\/04\/WhatsApp-Image-2023-05-08-at-11.40.31.jpeg\" \/>\n\t<meta property=\"og:image:width\" content=\"2000\" \/>\n\t<meta property=\"og:image:height\" content=\"1414\" \/>\n\t<meta property=\"og:image:type\" content=\"image\/jpeg\" \/>\n<meta name=\"author\" content=\"AEP\" \/>\n<meta name=\"twitter:card\" content=\"summary_large_image\" \/>\n<meta name=\"twitter:label1\" content=\"Escrito por\" \/>\n\t<meta name=\"twitter:data1\" content=\"AEP\" \/>\n\t<meta name=\"twitter:label2\" content=\"Tempo estimado de leitura\" \/>\n\t<meta name=\"twitter:data2\" content=\"4 minutos\" \/>\n<script type=\"application\/ld+json\" class=\"yoast-schema-graph\">{\"@context\":\"https:\\\/\\\/schema.org\",\"@graph\":[{\"@type\":\"Article\",\"@id\":\"https:\\\/\\\/aliancaevangelica.pt\\\/site\\\/educacao-moral-e-religiosa-evangelica-inscreve-te-na-tua-escola\\\/#article\",\"isPartOf\":{\"@id\":\"https:\\\/\\\/aliancaevangelica.pt\\\/site\\\/educacao-moral-e-religiosa-evangelica-inscreve-te-na-tua-escola\\\/\"},\"author\":{\"name\":\"AEP\",\"@id\":\"https:\\\/\\\/aliancaevangelica.pt\\\/site\\\/#\\\/schema\\\/person\\\/3b47cfc7535eff1e820f31c2d67eafcf\"},\"headline\":\"Educa\u00e7\u00e3o Moral e Religiosa Evang\u00e9lica: Inscreve-te na tua escola!\",\"datePublished\":\"2023-04-28T16:15:12+00:00\",\"dateModified\":\"2023-06-23T18:10:22+00:00\",\"mainEntityOfPage\":{\"@id\":\"https:\\\/\\\/aliancaevangelica.pt\\\/site\\\/educacao-moral-e-religiosa-evangelica-inscreve-te-na-tua-escola\\\/\"},\"wordCount\":820,\"commentCount\":0,\"publisher\":{\"@id\":\"https:\\\/\\\/aliancaevangelica.pt\\\/site\\\/#organization\"},\"image\":{\"@id\":\"https:\\\/\\\/aliancaevangelica.pt\\\/site\\\/educacao-moral-e-religiosa-evangelica-inscreve-te-na-tua-escola\\\/#primaryimage\"},\"thumbnailUrl\":\"https:\\\/\\\/aliancaevangelica.pt\\\/site\\\/wp-content\\\/uploads\\\/2023\\\/04\\\/WhatsApp-Image-2023-05-08-at-11.40.31.jpeg\",\"articleSection\":[\"1-Geral\",\"2-Artigos Gerais\",\"4-An\u00fancios\",\"Eventos\",\"Not\u00edcias\"],\"inLanguage\":\"pt-PT\",\"potentialAction\":[{\"@type\":\"CommentAction\",\"name\":\"Comment\",\"target\":[\"https:\\\/\\\/aliancaevangelica.pt\\\/site\\\/educacao-moral-e-religiosa-evangelica-inscreve-te-na-tua-escola\\\/#respond\"]}]},{\"@type\":\"WebPage\",\"@id\":\"https:\\\/\\\/aliancaevangelica.pt\\\/site\\\/educacao-moral-e-religiosa-evangelica-inscreve-te-na-tua-escola\\\/\",\"url\":\"https:\\\/\\\/aliancaevangelica.pt\\\/site\\\/educacao-moral-e-religiosa-evangelica-inscreve-te-na-tua-escola\\\/\",\"name\":\"Educa\u00e7\u00e3o Moral e Religiosa Evang\u00e9lica: Inscreve-te na tua escola! - AEP\",\"isPartOf\":{\"@id\":\"https:\\\/\\\/aliancaevangelica.pt\\\/site\\\/#website\"},\"primaryImageOfPage\":{\"@id\":\"https:\\\/\\\/aliancaevangelica.pt\\\/site\\\/educacao-moral-e-religiosa-evangelica-inscreve-te-na-tua-escola\\\/#primaryimage\"},\"image\":{\"@id\":\"https:\\\/\\\/aliancaevangelica.pt\\\/site\\\/educacao-moral-e-religiosa-evangelica-inscreve-te-na-tua-escola\\\/#primaryimage\"},\"thumbnailUrl\":\"https:\\\/\\\/aliancaevangelica.pt\\\/site\\\/wp-content\\\/uploads\\\/2023\\\/04\\\/WhatsApp-Image-2023-05-08-at-11.40.31.jpeg\",\"datePublished\":\"2023-04-28T16:15:12+00:00\",\"dateModified\":\"2023-06-23T18:10:22+00:00\",\"breadcrumb\":{\"@id\":\"https:\\\/\\\/aliancaevangelica.pt\\\/site\\\/educacao-moral-e-religiosa-evangelica-inscreve-te-na-tua-escola\\\/#breadcrumb\"},\"inLanguage\":\"pt-PT\",\"potentialAction\":[{\"@type\":\"ReadAction\",\"target\":[\"https:\\\/\\\/aliancaevangelica.pt\\\/site\\\/educacao-moral-e-religiosa-evangelica-inscreve-te-na-tua-escola\\\/\"]}]},{\"@type\":\"ImageObject\",\"inLanguage\":\"pt-PT\",\"@id\":\"https:\\\/\\\/aliancaevangelica.pt\\\/site\\\/educacao-moral-e-religiosa-evangelica-inscreve-te-na-tua-escola\\\/#primaryimage\",\"url\":\"https:\\\/\\\/aliancaevangelica.pt\\\/site\\\/wp-content\\\/uploads\\\/2023\\\/04\\\/WhatsApp-Image-2023-05-08-at-11.40.31.jpeg\",\"contentUrl\":\"https:\\\/\\\/aliancaevangelica.pt\\\/site\\\/wp-content\\\/uploads\\\/2023\\\/04\\\/WhatsApp-Image-2023-05-08-at-11.40.31.jpeg\",\"width\":2000,\"height\":1414},{\"@type\":\"BreadcrumbList\",\"@id\":\"https:\\\/\\\/aliancaevangelica.pt\\\/site\\\/educacao-moral-e-religiosa-evangelica-inscreve-te-na-tua-escola\\\/#breadcrumb\",\"itemListElement\":[{\"@type\":\"ListItem\",\"position\":1,\"name\":\"In\u00edcio\",\"item\":\"https:\\\/\\\/aliancaevangelica.pt\\\/site\\\/\"},{\"@type\":\"ListItem\",\"position\":2,\"name\":\"Educa\u00e7\u00e3o Moral e Religiosa Evang\u00e9lica: Inscreve-te na tua escola!\"}]},{\"@type\":\"WebSite\",\"@id\":\"https:\\\/\\\/aliancaevangelica.pt\\\/site\\\/#website\",\"url\":\"https:\\\/\\\/aliancaevangelica.pt\\\/site\\\/\",\"name\":\"Alian\u00e7a Evang\u00e9lica Portuguesa\",\"description\":\"Alian\u00e7a Evang\u00e9lica Portuguesa\",\"publisher\":{\"@id\":\"https:\\\/\\\/aliancaevangelica.pt\\\/site\\\/#organization\"},\"potentialAction\":[{\"@type\":\"SearchAction\",\"target\":{\"@type\":\"EntryPoint\",\"urlTemplate\":\"https:\\\/\\\/aliancaevangelica.pt\\\/site\\\/?s={search_term_string}\"},\"query-input\":{\"@type\":\"PropertyValueSpecification\",\"valueRequired\":true,\"valueName\":\"search_term_string\"}}],\"inLanguage\":\"pt-PT\"},{\"@type\":\"Organization\",\"@id\":\"https:\\\/\\\/aliancaevangelica.pt\\\/site\\\/#organization\",\"name\":\"Alian\u00e7a Evang\u00e9lica Portuguesa\",\"url\":\"https:\\\/\\\/aliancaevangelica.pt\\\/site\\\/\",\"logo\":{\"@type\":\"ImageObject\",\"inLanguage\":\"pt-PT\",\"@id\":\"https:\\\/\\\/aliancaevangelica.pt\\\/site\\\/#\\\/schema\\\/logo\\\/image\\\/\",\"url\":\"https:\\\/\\\/aliancaevangelica.pt\\\/site\\\/wp-content\\\/uploads\\\/2017\\\/11\\\/logo-AEP-cor.png\",\"contentUrl\":\"https:\\\/\\\/aliancaevangelica.pt\\\/site\\\/wp-content\\\/uploads\\\/2017\\\/11\\\/logo-AEP-cor.png\",\"width\":1156,\"height\":672,\"caption\":\"Alian\u00e7a Evang\u00e9lica Portuguesa\"},\"image\":{\"@id\":\"https:\\\/\\\/aliancaevangelica.pt\\\/site\\\/#\\\/schema\\\/logo\\\/image\\\/\"},\"sameAs\":[\"http:\\\/\\\/facebook.com\\\/aeportuguesa\",\"http:\\\/\\\/instagram.com\\\/aliancaep\",\"http:\\\/\\\/youtube.com\\\/aeportuguesa\"]},{\"@type\":\"Person\",\"@id\":\"https:\\\/\\\/aliancaevangelica.pt\\\/site\\\/#\\\/schema\\\/person\\\/3b47cfc7535eff1e820f31c2d67eafcf\",\"name\":\"AEP\",\"sameAs\":[\"aeportugal\"],\"url\":\"https:\\\/\\\/aliancaevangelica.pt\\\/site\\\/author\\\/aeportugal\\\/\"}]}<\/script>\n<!-- \/ Yoast SEO plugin. -->","yoast_head_json":{"title":"Educa\u00e7\u00e3o Moral e Religiosa Evang\u00e9lica: Inscreve-te na tua escola! - AEP","robots":{"index":"index","follow":"follow","max-snippet":"max-snippet:-1","max-image-preview":"max-image-preview:large","max-video-preview":"max-video-preview:-1"},"canonical":"https:\/\/aliancaevangelica.pt\/site\/educacao-moral-e-religiosa-evangelica-inscreve-te-na-tua-escola\/","og_locale":"pt_PT","og_type":"article","og_title":"Educa\u00e7\u00e3o Moral e Religiosa Evang\u00e9lica: Inscreve-te na tua escola! - AEP","og_description":"A Disciplina de Educa\u00e7\u00e3o Moral e Religiosa Evang\u00e9lica (EMRE) \u00e9 um espa\u00e7o de inspira\u00e7\u00e3o crist\u00e3, aberto a todos os alunos das escolas p\u00fablicas do 1\u00ba ao 12\u00ba ano. \u00c9 de","og_url":"https:\/\/aliancaevangelica.pt\/site\/educacao-moral-e-religiosa-evangelica-inscreve-te-na-tua-escola\/","og_site_name":"AEP","article_publisher":"http:\/\/facebook.com\/aeportuguesa","article_author":"aeportugal","article_published_time":"2023-04-28T16:15:12+00:00","article_modified_time":"2023-06-23T18:10:22+00:00","og_image":[{"width":2000,"height":1414,"url":"https:\/\/aliancaevangelica.pt\/site\/wp-content\/uploads\/2023\/04\/WhatsApp-Image-2023-05-08-at-11.40.31.jpeg","type":"image\/jpeg"}],"author":"AEP","twitter_card":"summary_large_image","twitter_misc":{"Escrito por":"AEP","Tempo estimado de leitura":"4 minutos"},"schema":{"@context":"https:\/\/schema.org","@graph":[{"@type":"Article","@id":"https:\/\/aliancaevangelica.pt\/site\/educacao-moral-e-religiosa-evangelica-inscreve-te-na-tua-escola\/#article","isPartOf":{"@id":"https:\/\/aliancaevangelica.pt\/site\/educacao-moral-e-religiosa-evangelica-inscreve-te-na-tua-escola\/"},"author":{"name":"AEP","@id":"https:\/\/aliancaevangelica.pt\/site\/#\/schema\/person\/3b47cfc7535eff1e820f31c2d67eafcf"},"headline":"Educa\u00e7\u00e3o Moral e Religiosa Evang\u00e9lica: Inscreve-te na tua escola!","datePublished":"2023-04-28T16:15:12+00:00","dateModified":"2023-06-23T18:10:22+00:00","mainEntityOfPage":{"@id":"https:\/\/aliancaevangelica.pt\/site\/educacao-moral-e-religiosa-evangelica-inscreve-te-na-tua-escola\/"},"wordCount":820,"commentCount":0,"publisher":{"@id":"https:\/\/aliancaevangelica.pt\/site\/#organization"},"image":{"@id":"https:\/\/aliancaevangelica.pt\/site\/educacao-moral-e-religiosa-evangelica-inscreve-te-na-tua-escola\/#primaryimage"},"thumbnailUrl":"https:\/\/aliancaevangelica.pt\/site\/wp-content\/uploads\/2023\/04\/WhatsApp-Image-2023-05-08-at-11.40.31.jpeg","articleSection":["1-Geral","2-Artigos Gerais","4-An\u00fancios","Eventos","Not\u00edcias"],"inLanguage":"pt-PT","potentialAction":[{"@type":"CommentAction","name":"Comment","target":["https:\/\/aliancaevangelica.pt\/site\/educacao-moral-e-religiosa-evangelica-inscreve-te-na-tua-escola\/#respond"]}]},{"@type":"WebPage","@id":"https:\/\/aliancaevangelica.pt\/site\/educacao-moral-e-religiosa-evangelica-inscreve-te-na-tua-escola\/","url":"https:\/\/aliancaevangelica.pt\/site\/educacao-moral-e-religiosa-evangelica-inscreve-te-na-tua-escola\/","name":"Educa\u00e7\u00e3o Moral e Religiosa Evang\u00e9lica: Inscreve-te na tua escola! - AEP","isPartOf":{"@id":"https:\/\/aliancaevangelica.pt\/site\/#website"},"primaryImageOfPage":{"@id":"https:\/\/aliancaevangelica.pt\/site\/educacao-moral-e-religiosa-evangelica-inscreve-te-na-tua-escola\/#primaryimage"},"image":{"@id":"https:\/\/aliancaevangelica.pt\/site\/educacao-moral-e-religiosa-evangelica-inscreve-te-na-tua-escola\/#primaryimage"},"thumbnailUrl":"https:\/\/aliancaevangelica.pt\/site\/wp-content\/uploads\/2023\/04\/WhatsApp-Image-2023-05-08-at-11.40.31.jpeg","datePublished":"2023-04-28T16:15:12+00:00","dateModified":"2023-06-23T18:10:22+00:00","breadcrumb":{"@id":"https:\/\/aliancaevangelica.pt\/site\/educacao-moral-e-religiosa-evangelica-inscreve-te-na-tua-escola\/#breadcrumb"},"inLanguage":"pt-PT","potentialAction":[{"@type":"ReadAction","target":["https:\/\/aliancaevangelica.pt\/site\/educacao-moral-e-religiosa-evangelica-inscreve-te-na-tua-escola\/"]}]},{"@type":"ImageObject","inLanguage":"pt-PT","@id":"https:\/\/aliancaevangelica.pt\/site\/educacao-moral-e-religiosa-evangelica-inscreve-te-na-tua-escola\/#primaryimage","url":"https:\/\/aliancaevangelica.pt\/site\/wp-content\/uploads\/2023\/04\/WhatsApp-Image-2023-05-08-at-11.40.31.jpeg","contentUrl":"https:\/\/aliancaevangelica.pt\/site\/wp-content\/uploads\/2023\/04\/WhatsApp-Image-2023-05-08-at-11.40.31.jpeg","width":2000,"height":1414},{"@type":"BreadcrumbList","@id":"https:\/\/aliancaevangelica.pt\/site\/educacao-moral-e-religiosa-evangelica-inscreve-te-na-tua-escola\/#breadcrumb","itemListElement":[{"@type":"ListItem","position":1,"name":"In\u00edcio","item":"https:\/\/aliancaevangelica.pt\/site\/"},{"@type":"ListItem","position":2,"name":"Educa\u00e7\u00e3o Moral e Religiosa Evang\u00e9lica: Inscreve-te na tua escola!"}]},{"@type":"WebSite","@id":"https:\/\/aliancaevangelica.pt\/site\/#website","url":"https:\/\/aliancaevangelica.pt\/site\/","name":"Alian\u00e7a Evang\u00e9lica Portuguesa","description":"Alian\u00e7a Evang\u00e9lica Portuguesa","publisher":{"@id":"https:\/\/aliancaevangelica.pt\/site\/#organization"},"potentialAction":[{"@type":"SearchAction","target":{"@type":"EntryPoint","urlTemplate":"https:\/\/aliancaevangelica.pt\/site\/?s={search_term_string}"},"query-input":{"@type":"PropertyValueSpecification","valueRequired":true,"valueName":"search_term_string"}}],"inLanguage":"pt-PT"},{"@type":"Organization","@id":"https:\/\/aliancaevangelica.pt\/site\/#organization","name":"Alian\u00e7a Evang\u00e9lica Portuguesa","url":"https:\/\/aliancaevangelica.pt\/site\/","logo":{"@type":"ImageObject","inLanguage":"pt-PT","@id":"https:\/\/aliancaevangelica.pt\/site\/#\/schema\/logo\/image\/","url":"https:\/\/aliancaevangelica.pt\/site\/wp-content\/uploads\/2017\/11\/logo-AEP-cor.png","contentUrl":"https:\/\/aliancaevangelica.pt\/site\/wp-content\/uploads\/2017\/11\/logo-AEP-cor.png","width":1156,"height":672,"caption":"Alian\u00e7a Evang\u00e9lica Portuguesa"},"image":{"@id":"https:\/\/aliancaevangelica.pt\/site\/#\/schema\/logo\/image\/"},"sameAs":["http:\/\/facebook.com\/aeportuguesa","http:\/\/instagram.com\/aliancaep","http:\/\/youtube.com\/aeportuguesa"]},{"@type":"Person","@id":"https:\/\/aliancaevangelica.pt\/site\/#\/schema\/person\/3b47cfc7535eff1e820f31c2d67eafcf","name":"AEP","sameAs":["aeportugal"],"url":"https:\/\/aliancaevangelica.pt\/site\/author\/aeportugal\/"}]}},"uagb_featured_image_src":{"full":["https:\/\/aliancaevangelica.pt\/site\/wp-content\/uploads\/2023\/04\/WhatsApp-Image-2023-05-08-at-11.40.31.jpeg",2000,1414,false],"thumbnail":["https:\/\/aliancaevangelica.pt\/site\/wp-content\/uploads\/2023\/04\/WhatsApp-Image-2023-05-08-at-11.40.31-150x150.jpeg",150,150,true],"medium":["https:\/\/aliancaevangelica.pt\/site\/wp-content\/uploads\/2023\/04\/WhatsApp-Image-2023-05-08-at-11.40.31-300x212.jpeg",300,212,true],"medium_large":["https:\/\/aliancaevangelica.pt\/site\/wp-content\/uploads\/2023\/04\/WhatsApp-Image-2023-05-08-at-11.40.31-768x543.jpeg",768,543,true],"large":["https:\/\/aliancaevangelica.pt\/site\/wp-content\/uploads\/2023\/04\/WhatsApp-Image-2023-05-08-at-11.40.31-1024x724.jpeg",960,679,true],"1536x1536":["https:\/\/aliancaevangelica.pt\/site\/wp-content\/uploads\/2023\/04\/WhatsApp-Image-2023-05-08-at-11.40.31-1536x1086.jpeg",1536,1086,true],"2048x2048":["https:\/\/aliancaevangelica.pt\/site\/wp-content\/uploads\/2023\/04\/WhatsApp-Image-2023-05-08-at-11.40.31.jpeg",2000,1414,false],"vp_sm":["https:\/\/aliancaevangelica.pt\/site\/wp-content\/uploads\/2023\/04\/WhatsApp-Image-2023-05-08-at-11.40.31.jpeg",500,354,false],"vp_md":["https:\/\/aliancaevangelica.pt\/site\/wp-content\/uploads\/2023\/04\/WhatsApp-Image-2023-05-08-at-11.40.31.jpeg",800,566,false],"vp_lg":["https:\/\/aliancaevangelica.pt\/site\/wp-content\/uploads\/2023\/04\/WhatsApp-Image-2023-05-08-at-11.40.31.jpeg",1280,905,false],"vp_xl":["https:\/\/aliancaevangelica.pt\/site\/wp-content\/uploads\/2023\/04\/WhatsApp-Image-2023-05-08-at-11.40.31.jpeg",1920,1357,false],"vp_sm_popup":["https:\/\/aliancaevangelica.pt\/site\/wp-content\/uploads\/2023\/04\/WhatsApp-Image-2023-05-08-at-11.40.31.jpeg",500,354,false],"vp_md_popup":["https:\/\/aliancaevangelica.pt\/site\/wp-content\/uploads\/2023\/04\/WhatsApp-Image-2023-05-08-at-11.40.31.jpeg",800,566,false],"vp_xl_popup":["https:\/\/aliancaevangelica.pt\/site\/wp-content\/uploads\/2023\/04\/WhatsApp-Image-2023-05-08-at-11.40.31.jpeg",1920,1357,false],"newsx-150x100":["https:\/\/aliancaevangelica.pt\/site\/wp-content\/uploads\/2023\/04\/WhatsApp-Image-2023-05-08-at-11.40.31.jpeg",141,100,false],"newsx-330x220":["https:\/\/aliancaevangelica.pt\/site\/wp-content\/uploads\/2023\/04\/WhatsApp-Image-2023-05-08-at-11.40.31.jpeg",311,220,false],"newsx-420x280":["https:\/\/aliancaevangelica.pt\/site\/wp-content\/uploads\/2023\/04\/WhatsApp-Image-2023-05-08-at-11.40.31.jpeg",396,280,false],"newsx-510x340":["https:\/\/aliancaevangelica.pt\/site\/wp-content\/uploads\/2023\/04\/WhatsApp-Image-2023-05-08-at-11.40.31.jpeg",481,340,false],"newsx-640x480":["https:\/\/aliancaevangelica.pt\/site\/wp-content\/uploads\/2023\/04\/WhatsApp-Image-2023-05-08-at-11.40.31.jpeg",640,452,false],"newsx-670x370":["https:\/\/aliancaevangelica.pt\/site\/wp-content\/uploads\/2023\/04\/WhatsApp-Image-2023-05-08-at-11.40.31.jpeg",523,370,false],"newsx-860x570":["https:\/\/aliancaevangelica.pt\/site\/wp-content\/uploads\/2023\/04\/WhatsApp-Image-2023-05-08-at-11.40.31.jpeg",806,570,false],"newsx-1000x750":["https:\/\/aliancaevangelica.pt\/site\/wp-content\/uploads\/2023\/04\/WhatsApp-Image-2023-05-08-at-11.40.31.jpeg",1000,707,false],"newsx-1200x600":["https:\/\/aliancaevangelica.pt\/site\/wp-content\/uploads\/2023\/04\/WhatsApp-Image-2023-05-08-at-11.40.31.jpeg",849,600,false]},"uagb_author_info":{"display_name":"AEP","author_link":"https:\/\/aliancaevangelica.pt\/site\/author\/aeportugal\/"},"uagb_comment_info":0,"uagb_excerpt":"A Disciplina de Educa\u00e7\u00e3o Moral e Religiosa Evang\u00e9lica (EMRE) \u00e9 um espa\u00e7o de inspira\u00e7\u00e3o crist\u00e3, aberto a todos os alunos das escolas p\u00fablicas do 1\u00ba ao 12\u00ba ano. \u00c9 de","_links":{"self":[{"href":"https:\/\/aliancaevangelica.pt\/site\/wp-json\/wp\/v2\/posts\/20073","targetHints":{"allow":["GET"]}}],"collection":[{"href":"https:\/\/aliancaevangelica.pt\/site\/wp-json\/wp\/v2\/posts"}],"about":[{"href":"https:\/\/aliancaevangelica.pt\/site\/wp-json\/wp\/v2\/types\/post"}],"author":[{"embeddable":true,"href":"https:\/\/aliancaevangelica.pt\/site\/wp-json\/wp\/v2\/users\/2"}],"replies":[{"embeddable":true,"href":"https:\/\/aliancaevangelica.pt\/site\/wp-json\/wp\/v2\/comments?post=20073"}],"version-history":[{"count":3,"href":"https:\/\/aliancaevangelica.pt\/site\/wp-json\/wp\/v2\/posts\/20073\/revisions"}],"predecessor-version":[{"id":20103,"href":"https:\/\/aliancaevangelica.pt\/site\/wp-json\/wp\/v2\/posts\/20073\/revisions\/20103"}],"wp:featuredmedia":[{"embeddable":true,"href":"https:\/\/aliancaevangelica.pt\/site\/wp-json\/wp\/v2\/media\/20096"}],"wp:attachment":[{"href":"https:\/\/aliancaevangelica.pt\/site\/wp-json\/wp\/v2\/media?parent=20073"}],"wp:term":[{"taxonomy":"category","embeddable":true,"href":"https:\/\/aliancaevangelica.pt\/site\/wp-json\/wp\/v2\/categories?post=20073"},{"taxonomy":"post_tag","embeddable":true,"href":"https:\/\/aliancaevangelica.pt\/site\/wp-json\/wp\/v2\/tags?post=20073"}],"curies":[{"name":"wp","href":"https:\/\/api.w.org\/{rel}","templated":true}]}}