{"id":20056,"date":"2023-04-24T15:17:22","date_gmt":"2023-04-24T15:17:22","guid":{"rendered":"https:\/\/aliancaevangelica.pt\/site\/?p=20056"},"modified":"2023-05-03T21:09:47","modified_gmt":"2023-05-03T21:09:47","slug":"conferencia-lusobrasileira-liberdade-religiosa","status":"publish","type":"post","link":"https:\/\/aliancaevangelica.pt\/site\/conferencia-lusobrasileira-liberdade-religiosa\/","title":{"rendered":"Confer\u00eancia Lusobrasileira &#8220;Liberdade Religiosa&#8221;"},"content":{"rendered":"\n<p>A liberdade religiosa \u00e9 um direito humano fundamental. N\u00e3o tem fronteiras, e congrega todos os povos e sociedades pol\u00edticas.<\/p>\n\n\n\n<p>\u00c9 fundamental que as din\u00e2micas de divindade, moralidade e culto sejam compreendidas como essenciais \u00e0 experi\u00eancia humana, tanto em resposta positiva quanto negativa, em termos de f\u00e9. Por isso, estudar este fen\u00f4meno \u00e9 tema cada vez mais importante sob a \u00f3tica do Direito.<\/p>\n\n\n\n<p>No pr\u00f3ximo dia 06\/05, \u00e0s 10h, no Audit\u00f3rio Jos\u00e9 Ara\u00fajo, da Universidade Lus\u00f3fona (Lisboa, Portugal), os professores Thiago Rafael Vieira e Jean Marques Regina (IBDR, Brasil) se juntar\u00e3o aos professores: dr. Jos\u00e9 Brissos-Lino, dr. Pedro Vaz Patto e dr. Peter Stilwell para profundas discuss\u00f5es sobre o tema.<\/p>\n\n\n\n<p>No evento, trataremos sobre:<\/p>\n\n\n\n<p>\u2022&nbsp;&nbsp;&nbsp;&nbsp;&nbsp;&nbsp;&nbsp;&nbsp;&nbsp;&nbsp;&nbsp;&nbsp; Liberdade Religiosa individual, coletiva e institucional;<\/p>\n\n\n\n<p>\u2022&nbsp;&nbsp;&nbsp;&nbsp;&nbsp;&nbsp;&nbsp;&nbsp;&nbsp;&nbsp;&nbsp;&nbsp; Laicidade Colaborativa nos modelos brasileiro e portugu\u00eas;<\/p>\n\n\n\n<p>\u2022&nbsp;&nbsp;&nbsp;&nbsp;&nbsp;&nbsp;&nbsp;&nbsp;&nbsp;&nbsp;&nbsp;&nbsp; Par\u00e2metros constitucionais sobre os direitos de cren\u00e7a e religi\u00e3o;<\/p>\n\n\n\n<p>\u2022&nbsp;&nbsp;&nbsp;&nbsp;&nbsp;&nbsp;&nbsp;&nbsp;&nbsp;&nbsp;&nbsp;&nbsp; A Agenda ONU 2030 e a liberdade religiosa;<\/p>\n\n\n\n<p>\u2022&nbsp;&nbsp;&nbsp;&nbsp;&nbsp;&nbsp;&nbsp;&nbsp;&nbsp;&nbsp;&nbsp;&nbsp; A contribui\u00e7\u00e3o do cristianismo para a liberdade.<\/p>\n\n\n\n<p>Realizam o evento l, dentre outros, o Instituto Brasileiro de Direito e Religi\u00e3o (IBDR), em parceria com Direito Religioso, F\u00e9&amp;Trabalho, &nbsp;Miss\u00e3o Crist\u00e3 Internacional, R\u00e1dio Transmundial de Portugal, Instituto de Cristianismo Contempor\u00e2neo, Alian\u00e7a Evang\u00e9lica Portuguesa, e a Faculdade de Ci\u00eancia das Religi\u00f5es da Universidade Lus\u00f3fona.Inscri\u00e7\u00f5es em&nbsp;<a href=\"https:\/\/www.even3.com.br\/liberdade-religiosa\" target=\"_blank\" rel=\"noreferrer noopener\">https:\/\/www.even3.com.br\/liberdade-religiosa<\/a><\/p>\n","protected":false},"excerpt":{"rendered":"<p>A liberdade religiosa \u00e9 um direito humano fundamental. N\u00e3o tem fronteiras, e congrega todos os povos e sociedades pol\u00edticas. \u00c9 fundamental que as din\u00e2micas de divindade, moralidade e culto sejam<\/p>\n","protected":false},"author":2,"featured_media":20057,"comment_status":"open","ping_status":"open","sticky":true,"template":"","format":"standard","meta":{"_uag_custom_page_level_css":"","_themeisle_gutenberg_block_has_review":false,"_vp_format_video_url":"","_vp_image_focal_point":[],"footnotes":""},"categories":[3,46],"tags":[],"class_list":["post-20056","post","type-post","status-publish","format-standard","has-post-thumbnail","hentry","category-artigos-gerais","category-eventos"],"yoast_head":"<!-- This site is optimized with the Yoast SEO plugin v27.5 - https:\/\/yoast.com\/product\/yoast-seo-wordpress\/ -->\n<title>Confer\u00eancia Lusobrasileira &quot;Liberdade Religiosa&quot; - AEP<\/title>\n<meta name=\"robots\" content=\"index, follow, max-snippet:-1, max-image-preview:large, max-video-preview:-1\" \/>\n<link rel=\"canonical\" href=\"https:\/\/aliancaevangelica.pt\/site\/conferencia-lusobrasileira-liberdade-religiosa\/\" \/>\n<meta property=\"og:locale\" content=\"pt_PT\" \/>\n<meta property=\"og:type\" content=\"article\" \/>\n<meta property=\"og:title\" content=\"Confer\u00eancia Lusobrasileira &quot;Liberdade Religiosa&quot; - AEP\" \/>\n<meta property=\"og:description\" content=\"A liberdade religiosa \u00e9 um direito humano fundamental. N\u00e3o tem fronteiras, e congrega todos os povos e sociedades pol\u00edticas. \u00c9 fundamental que as din\u00e2micas de divindade, moralidade e culto sejam\" \/>\n<meta property=\"og:url\" content=\"https:\/\/aliancaevangelica.pt\/site\/conferencia-lusobrasileira-liberdade-religiosa\/\" \/>\n<meta property=\"og:site_name\" content=\"AEP\" \/>\n<meta property=\"article:publisher\" content=\"http:\/\/facebook.com\/aeportuguesa\" \/>\n<meta property=\"article:author\" content=\"aeportugal\" \/>\n<meta property=\"article:published_time\" content=\"2023-04-24T15:17:22+00:00\" \/>\n<meta property=\"article:modified_time\" content=\"2023-05-03T21:09:47+00:00\" \/>\n<meta property=\"og:image\" content=\"https:\/\/aliancaevangelica.pt\/site\/wp-content\/uploads\/2023\/04\/FA27C77DE501444D98C3272A4AC21A83.png\" \/>\n\t<meta property=\"og:image:width\" content=\"779\" \/>\n\t<meta property=\"og:image:height\" content=\"349\" \/>\n\t<meta property=\"og:image:type\" content=\"image\/png\" \/>\n<meta name=\"author\" content=\"AEP\" \/>\n<meta name=\"twitter:card\" content=\"summary_large_image\" \/>\n<meta name=\"twitter:label1\" content=\"Escrito por\" \/>\n\t<meta name=\"twitter:data1\" content=\"AEP\" \/>\n\t<meta name=\"twitter:label2\" content=\"Tempo estimado de leitura\" \/>\n\t<meta name=\"twitter:data2\" content=\"1 minuto\" \/>\n<script type=\"application\/ld+json\" class=\"yoast-schema-graph\">{\"@context\":\"https:\\\/\\\/schema.org\",\"@graph\":[{\"@type\":\"Article\",\"@id\":\"https:\\\/\\\/aliancaevangelica.pt\\\/site\\\/conferencia-lusobrasileira-liberdade-religiosa\\\/#article\",\"isPartOf\":{\"@id\":\"https:\\\/\\\/aliancaevangelica.pt\\\/site\\\/conferencia-lusobrasileira-liberdade-religiosa\\\/\"},\"author\":{\"name\":\"AEP\",\"@id\":\"https:\\\/\\\/aliancaevangelica.pt\\\/site\\\/#\\\/schema\\\/person\\\/3b47cfc7535eff1e820f31c2d67eafcf\"},\"headline\":\"Confer\u00eancia Lusobrasileira &#8220;Liberdade Religiosa&#8221;\",\"datePublished\":\"2023-04-24T15:17:22+00:00\",\"dateModified\":\"2023-05-03T21:09:47+00:00\",\"mainEntityOfPage\":{\"@id\":\"https:\\\/\\\/aliancaevangelica.pt\\\/site\\\/conferencia-lusobrasileira-liberdade-religiosa\\\/\"},\"wordCount\":291,\"commentCount\":0,\"publisher\":{\"@id\":\"https:\\\/\\\/aliancaevangelica.pt\\\/site\\\/#organization\"},\"image\":{\"@id\":\"https:\\\/\\\/aliancaevangelica.pt\\\/site\\\/conferencia-lusobrasileira-liberdade-religiosa\\\/#primaryimage\"},\"thumbnailUrl\":\"https:\\\/\\\/aliancaevangelica.pt\\\/site\\\/wp-content\\\/uploads\\\/2023\\\/04\\\/FA27C77DE501444D98C3272A4AC21A83.png\",\"articleSection\":[\"2-Artigos Gerais\",\"Eventos\"],\"inLanguage\":\"pt-PT\",\"potentialAction\":[{\"@type\":\"CommentAction\",\"name\":\"Comment\",\"target\":[\"https:\\\/\\\/aliancaevangelica.pt\\\/site\\\/conferencia-lusobrasileira-liberdade-religiosa\\\/#respond\"]}]},{\"@type\":\"WebPage\",\"@id\":\"https:\\\/\\\/aliancaevangelica.pt\\\/site\\\/conferencia-lusobrasileira-liberdade-religiosa\\\/\",\"url\":\"https:\\\/\\\/aliancaevangelica.pt\\\/site\\\/conferencia-lusobrasileira-liberdade-religiosa\\\/\",\"name\":\"Confer\u00eancia Lusobrasileira \\\"Liberdade Religiosa\\\" - AEP\",\"isPartOf\":{\"@id\":\"https:\\\/\\\/aliancaevangelica.pt\\\/site\\\/#website\"},\"primaryImageOfPage\":{\"@id\":\"https:\\\/\\\/aliancaevangelica.pt\\\/site\\\/conferencia-lusobrasileira-liberdade-religiosa\\\/#primaryimage\"},\"image\":{\"@id\":\"https:\\\/\\\/aliancaevangelica.pt\\\/site\\\/conferencia-lusobrasileira-liberdade-religiosa\\\/#primaryimage\"},\"thumbnailUrl\":\"https:\\\/\\\/aliancaevangelica.pt\\\/site\\\/wp-content\\\/uploads\\\/2023\\\/04\\\/FA27C77DE501444D98C3272A4AC21A83.png\",\"datePublished\":\"2023-04-24T15:17:22+00:00\",\"dateModified\":\"2023-05-03T21:09:47+00:00\",\"breadcrumb\":{\"@id\":\"https:\\\/\\\/aliancaevangelica.pt\\\/site\\\/conferencia-lusobrasileira-liberdade-religiosa\\\/#breadcrumb\"},\"inLanguage\":\"pt-PT\",\"potentialAction\":[{\"@type\":\"ReadAction\",\"target\":[\"https:\\\/\\\/aliancaevangelica.pt\\\/site\\\/conferencia-lusobrasileira-liberdade-religiosa\\\/\"]}]},{\"@type\":\"ImageObject\",\"inLanguage\":\"pt-PT\",\"@id\":\"https:\\\/\\\/aliancaevangelica.pt\\\/site\\\/conferencia-lusobrasileira-liberdade-religiosa\\\/#primaryimage\",\"url\":\"https:\\\/\\\/aliancaevangelica.pt\\\/site\\\/wp-content\\\/uploads\\\/2023\\\/04\\\/FA27C77DE501444D98C3272A4AC21A83.png\",\"contentUrl\":\"https:\\\/\\\/aliancaevangelica.pt\\\/site\\\/wp-content\\\/uploads\\\/2023\\\/04\\\/FA27C77DE501444D98C3272A4AC21A83.png\",\"width\":779,\"height\":349},{\"@type\":\"BreadcrumbList\",\"@id\":\"https:\\\/\\\/aliancaevangelica.pt\\\/site\\\/conferencia-lusobrasileira-liberdade-religiosa\\\/#breadcrumb\",\"itemListElement\":[{\"@type\":\"ListItem\",\"position\":1,\"name\":\"In\u00edcio\",\"item\":\"https:\\\/\\\/aliancaevangelica.pt\\\/site\\\/\"},{\"@type\":\"ListItem\",\"position\":2,\"name\":\"Confer\u00eancia Lusobrasileira &#8220;Liberdade Religiosa&#8221;\"}]},{\"@type\":\"WebSite\",\"@id\":\"https:\\\/\\\/aliancaevangelica.pt\\\/site\\\/#website\",\"url\":\"https:\\\/\\\/aliancaevangelica.pt\\\/site\\\/\",\"name\":\"Alian\u00e7a Evang\u00e9lica Portuguesa\",\"description\":\"Alian\u00e7a Evang\u00e9lica Portuguesa\",\"publisher\":{\"@id\":\"https:\\\/\\\/aliancaevangelica.pt\\\/site\\\/#organization\"},\"potentialAction\":[{\"@type\":\"SearchAction\",\"target\":{\"@type\":\"EntryPoint\",\"urlTemplate\":\"https:\\\/\\\/aliancaevangelica.pt\\\/site\\\/?s={search_term_string}\"},\"query-input\":{\"@type\":\"PropertyValueSpecification\",\"valueRequired\":true,\"valueName\":\"search_term_string\"}}],\"inLanguage\":\"pt-PT\"},{\"@type\":\"Organization\",\"@id\":\"https:\\\/\\\/aliancaevangelica.pt\\\/site\\\/#organization\",\"name\":\"Alian\u00e7a Evang\u00e9lica Portuguesa\",\"url\":\"https:\\\/\\\/aliancaevangelica.pt\\\/site\\\/\",\"logo\":{\"@type\":\"ImageObject\",\"inLanguage\":\"pt-PT\",\"@id\":\"https:\\\/\\\/aliancaevangelica.pt\\\/site\\\/#\\\/schema\\\/logo\\\/image\\\/\",\"url\":\"https:\\\/\\\/aliancaevangelica.pt\\\/site\\\/wp-content\\\/uploads\\\/2017\\\/11\\\/logo-AEP-cor.png\",\"contentUrl\":\"https:\\\/\\\/aliancaevangelica.pt\\\/site\\\/wp-content\\\/uploads\\\/2017\\\/11\\\/logo-AEP-cor.png\",\"width\":1156,\"height\":672,\"caption\":\"Alian\u00e7a Evang\u00e9lica Portuguesa\"},\"image\":{\"@id\":\"https:\\\/\\\/aliancaevangelica.pt\\\/site\\\/#\\\/schema\\\/logo\\\/image\\\/\"},\"sameAs\":[\"http:\\\/\\\/facebook.com\\\/aeportuguesa\",\"http:\\\/\\\/instagram.com\\\/aliancaep\",\"http:\\\/\\\/youtube.com\\\/aeportuguesa\"]},{\"@type\":\"Person\",\"@id\":\"https:\\\/\\\/aliancaevangelica.pt\\\/site\\\/#\\\/schema\\\/person\\\/3b47cfc7535eff1e820f31c2d67eafcf\",\"name\":\"AEP\",\"sameAs\":[\"aeportugal\"],\"url\":\"https:\\\/\\\/aliancaevangelica.pt\\\/site\\\/author\\\/aeportugal\\\/\"}]}<\/script>\n<!-- \/ Yoast SEO plugin. -->","yoast_head_json":{"title":"Confer\u00eancia Lusobrasileira \"Liberdade Religiosa\" - AEP","robots":{"index":"index","follow":"follow","max-snippet":"max-snippet:-1","max-image-preview":"max-image-preview:large","max-video-preview":"max-video-preview:-1"},"canonical":"https:\/\/aliancaevangelica.pt\/site\/conferencia-lusobrasileira-liberdade-religiosa\/","og_locale":"pt_PT","og_type":"article","og_title":"Confer\u00eancia Lusobrasileira \"Liberdade Religiosa\" - AEP","og_description":"A liberdade religiosa \u00e9 um direito humano fundamental. N\u00e3o tem fronteiras, e congrega todos os povos e sociedades pol\u00edticas. \u00c9 fundamental que as din\u00e2micas de divindade, moralidade e culto sejam","og_url":"https:\/\/aliancaevangelica.pt\/site\/conferencia-lusobrasileira-liberdade-religiosa\/","og_site_name":"AEP","article_publisher":"http:\/\/facebook.com\/aeportuguesa","article_author":"aeportugal","article_published_time":"2023-04-24T15:17:22+00:00","article_modified_time":"2023-05-03T21:09:47+00:00","og_image":[{"width":779,"height":349,"url":"https:\/\/aliancaevangelica.pt\/site\/wp-content\/uploads\/2023\/04\/FA27C77DE501444D98C3272A4AC21A83.png","type":"image\/png"}],"author":"AEP","twitter_card":"summary_large_image","twitter_misc":{"Escrito por":"AEP","Tempo estimado de leitura":"1 minuto"},"schema":{"@context":"https:\/\/schema.org","@graph":[{"@type":"Article","@id":"https:\/\/aliancaevangelica.pt\/site\/conferencia-lusobrasileira-liberdade-religiosa\/#article","isPartOf":{"@id":"https:\/\/aliancaevangelica.pt\/site\/conferencia-lusobrasileira-liberdade-religiosa\/"},"author":{"name":"AEP","@id":"https:\/\/aliancaevangelica.pt\/site\/#\/schema\/person\/3b47cfc7535eff1e820f31c2d67eafcf"},"headline":"Confer\u00eancia Lusobrasileira &#8220;Liberdade Religiosa&#8221;","datePublished":"2023-04-24T15:17:22+00:00","dateModified":"2023-05-03T21:09:47+00:00","mainEntityOfPage":{"@id":"https:\/\/aliancaevangelica.pt\/site\/conferencia-lusobrasileira-liberdade-religiosa\/"},"wordCount":291,"commentCount":0,"publisher":{"@id":"https:\/\/aliancaevangelica.pt\/site\/#organization"},"image":{"@id":"https:\/\/aliancaevangelica.pt\/site\/conferencia-lusobrasileira-liberdade-religiosa\/#primaryimage"},"thumbnailUrl":"https:\/\/aliancaevangelica.pt\/site\/wp-content\/uploads\/2023\/04\/FA27C77DE501444D98C3272A4AC21A83.png","articleSection":["2-Artigos Gerais","Eventos"],"inLanguage":"pt-PT","potentialAction":[{"@type":"CommentAction","name":"Comment","target":["https:\/\/aliancaevangelica.pt\/site\/conferencia-lusobrasileira-liberdade-religiosa\/#respond"]}]},{"@type":"WebPage","@id":"https:\/\/aliancaevangelica.pt\/site\/conferencia-lusobrasileira-liberdade-religiosa\/","url":"https:\/\/aliancaevangelica.pt\/site\/conferencia-lusobrasileira-liberdade-religiosa\/","name":"Confer\u00eancia Lusobrasileira \"Liberdade Religiosa\" - AEP","isPartOf":{"@id":"https:\/\/aliancaevangelica.pt\/site\/#website"},"primaryImageOfPage":{"@id":"https:\/\/aliancaevangelica.pt\/site\/conferencia-lusobrasileira-liberdade-religiosa\/#primaryimage"},"image":{"@id":"https:\/\/aliancaevangelica.pt\/site\/conferencia-lusobrasileira-liberdade-religiosa\/#primaryimage"},"thumbnailUrl":"https:\/\/aliancaevangelica.pt\/site\/wp-content\/uploads\/2023\/04\/FA27C77DE501444D98C3272A4AC21A83.png","datePublished":"2023-04-24T15:17:22+00:00","dateModified":"2023-05-03T21:09:47+00:00","breadcrumb":{"@id":"https:\/\/aliancaevangelica.pt\/site\/conferencia-lusobrasileira-liberdade-religiosa\/#breadcrumb"},"inLanguage":"pt-PT","potentialAction":[{"@type":"ReadAction","target":["https:\/\/aliancaevangelica.pt\/site\/conferencia-lusobrasileira-liberdade-religiosa\/"]}]},{"@type":"ImageObject","inLanguage":"pt-PT","@id":"https:\/\/aliancaevangelica.pt\/site\/conferencia-lusobrasileira-liberdade-religiosa\/#primaryimage","url":"https:\/\/aliancaevangelica.pt\/site\/wp-content\/uploads\/2023\/04\/FA27C77DE501444D98C3272A4AC21A83.png","contentUrl":"https:\/\/aliancaevangelica.pt\/site\/wp-content\/uploads\/2023\/04\/FA27C77DE501444D98C3272A4AC21A83.png","width":779,"height":349},{"@type":"BreadcrumbList","@id":"https:\/\/aliancaevangelica.pt\/site\/conferencia-lusobrasileira-liberdade-religiosa\/#breadcrumb","itemListElement":[{"@type":"ListItem","position":1,"name":"In\u00edcio","item":"https:\/\/aliancaevangelica.pt\/site\/"},{"@type":"ListItem","position":2,"name":"Confer\u00eancia Lusobrasileira &#8220;Liberdade Religiosa&#8221;"}]},{"@type":"WebSite","@id":"https:\/\/aliancaevangelica.pt\/site\/#website","url":"https:\/\/aliancaevangelica.pt\/site\/","name":"Alian\u00e7a Evang\u00e9lica Portuguesa","description":"Alian\u00e7a Evang\u00e9lica Portuguesa","publisher":{"@id":"https:\/\/aliancaevangelica.pt\/site\/#organization"},"potentialAction":[{"@type":"SearchAction","target":{"@type":"EntryPoint","urlTemplate":"https:\/\/aliancaevangelica.pt\/site\/?s={search_term_string}"},"query-input":{"@type":"PropertyValueSpecification","valueRequired":true,"valueName":"search_term_string"}}],"inLanguage":"pt-PT"},{"@type":"Organization","@id":"https:\/\/aliancaevangelica.pt\/site\/#organization","name":"Alian\u00e7a Evang\u00e9lica Portuguesa","url":"https:\/\/aliancaevangelica.pt\/site\/","logo":{"@type":"ImageObject","inLanguage":"pt-PT","@id":"https:\/\/aliancaevangelica.pt\/site\/#\/schema\/logo\/image\/","url":"https:\/\/aliancaevangelica.pt\/site\/wp-content\/uploads\/2017\/11\/logo-AEP-cor.png","contentUrl":"https:\/\/aliancaevangelica.pt\/site\/wp-content\/uploads\/2017\/11\/logo-AEP-cor.png","width":1156,"height":672,"caption":"Alian\u00e7a Evang\u00e9lica Portuguesa"},"image":{"@id":"https:\/\/aliancaevangelica.pt\/site\/#\/schema\/logo\/image\/"},"sameAs":["http:\/\/facebook.com\/aeportuguesa","http:\/\/instagram.com\/aliancaep","http:\/\/youtube.com\/aeportuguesa"]},{"@type":"Person","@id":"https:\/\/aliancaevangelica.pt\/site\/#\/schema\/person\/3b47cfc7535eff1e820f31c2d67eafcf","name":"AEP","sameAs":["aeportugal"],"url":"https:\/\/aliancaevangelica.pt\/site\/author\/aeportugal\/"}]}},"uagb_featured_image_src":{"full":["https:\/\/aliancaevangelica.pt\/site\/wp-content\/uploads\/2023\/04\/FA27C77DE501444D98C3272A4AC21A83.png",779,349,false],"thumbnail":["https:\/\/aliancaevangelica.pt\/site\/wp-content\/uploads\/2023\/04\/FA27C77DE501444D98C3272A4AC21A83-150x150.png",150,150,true],"medium":["https:\/\/aliancaevangelica.pt\/site\/wp-content\/uploads\/2023\/04\/FA27C77DE501444D98C3272A4AC21A83-300x134.png",300,134,true],"medium_large":["https:\/\/aliancaevangelica.pt\/site\/wp-content\/uploads\/2023\/04\/FA27C77DE501444D98C3272A4AC21A83-768x344.png",768,344,true],"large":["https:\/\/aliancaevangelica.pt\/site\/wp-content\/uploads\/2023\/04\/FA27C77DE501444D98C3272A4AC21A83.png",779,349,false],"1536x1536":["https:\/\/aliancaevangelica.pt\/site\/wp-content\/uploads\/2023\/04\/FA27C77DE501444D98C3272A4AC21A83.png",779,349,false],"2048x2048":["https:\/\/aliancaevangelica.pt\/site\/wp-content\/uploads\/2023\/04\/FA27C77DE501444D98C3272A4AC21A83.png",779,349,false],"vp_sm":["https:\/\/aliancaevangelica.pt\/site\/wp-content\/uploads\/2023\/04\/FA27C77DE501444D98C3272A4AC21A83.png",500,224,false],"vp_md":["https:\/\/aliancaevangelica.pt\/site\/wp-content\/uploads\/2023\/04\/FA27C77DE501444D98C3272A4AC21A83.png",779,349,false],"vp_lg":["https:\/\/aliancaevangelica.pt\/site\/wp-content\/uploads\/2023\/04\/FA27C77DE501444D98C3272A4AC21A83.png",779,349,false],"vp_xl":["https:\/\/aliancaevangelica.pt\/site\/wp-content\/uploads\/2023\/04\/FA27C77DE501444D98C3272A4AC21A83.png",779,349,false],"vp_sm_popup":["https:\/\/aliancaevangelica.pt\/site\/wp-content\/uploads\/2023\/04\/FA27C77DE501444D98C3272A4AC21A83.png",500,224,false],"vp_md_popup":["https:\/\/aliancaevangelica.pt\/site\/wp-content\/uploads\/2023\/04\/FA27C77DE501444D98C3272A4AC21A83.png",779,349,false],"vp_xl_popup":["https:\/\/aliancaevangelica.pt\/site\/wp-content\/uploads\/2023\/04\/FA27C77DE501444D98C3272A4AC21A83.png",779,349,false],"newsx-150x100":["https:\/\/aliancaevangelica.pt\/site\/wp-content\/uploads\/2023\/04\/FA27C77DE501444D98C3272A4AC21A83.png",150,67,false],"newsx-330x220":["https:\/\/aliancaevangelica.pt\/site\/wp-content\/uploads\/2023\/04\/FA27C77DE501444D98C3272A4AC21A83.png",330,148,false],"newsx-420x280":["https:\/\/aliancaevangelica.pt\/site\/wp-content\/uploads\/2023\/04\/FA27C77DE501444D98C3272A4AC21A83.png",420,188,false],"newsx-510x340":["https:\/\/aliancaevangelica.pt\/site\/wp-content\/uploads\/2023\/04\/FA27C77DE501444D98C3272A4AC21A83.png",510,228,false],"newsx-640x480":["https:\/\/aliancaevangelica.pt\/site\/wp-content\/uploads\/2023\/04\/FA27C77DE501444D98C3272A4AC21A83.png",640,287,false],"newsx-670x370":["https:\/\/aliancaevangelica.pt\/site\/wp-content\/uploads\/2023\/04\/FA27C77DE501444D98C3272A4AC21A83.png",670,300,false],"newsx-860x570":["https:\/\/aliancaevangelica.pt\/site\/wp-content\/uploads\/2023\/04\/FA27C77DE501444D98C3272A4AC21A83.png",779,349,false],"newsx-1000x750":["https:\/\/aliancaevangelica.pt\/site\/wp-content\/uploads\/2023\/04\/FA27C77DE501444D98C3272A4AC21A83.png",779,349,false],"newsx-1200x600":["https:\/\/aliancaevangelica.pt\/site\/wp-content\/uploads\/2023\/04\/FA27C77DE501444D98C3272A4AC21A83.png",779,349,false]},"uagb_author_info":{"display_name":"AEP","author_link":"https:\/\/aliancaevangelica.pt\/site\/author\/aeportugal\/"},"uagb_comment_info":0,"uagb_excerpt":"A liberdade religiosa \u00e9 um direito humano fundamental. N\u00e3o tem fronteiras, e congrega todos os povos e sociedades pol\u00edticas. \u00c9 fundamental que as din\u00e2micas de divindade, moralidade e culto sejam","_links":{"self":[{"href":"https:\/\/aliancaevangelica.pt\/site\/wp-json\/wp\/v2\/posts\/20056","targetHints":{"allow":["GET"]}}],"collection":[{"href":"https:\/\/aliancaevangelica.pt\/site\/wp-json\/wp\/v2\/posts"}],"about":[{"href":"https:\/\/aliancaevangelica.pt\/site\/wp-json\/wp\/v2\/types\/post"}],"author":[{"embeddable":true,"href":"https:\/\/aliancaevangelica.pt\/site\/wp-json\/wp\/v2\/users\/2"}],"replies":[{"embeddable":true,"href":"https:\/\/aliancaevangelica.pt\/site\/wp-json\/wp\/v2\/comments?post=20056"}],"version-history":[{"count":1,"href":"https:\/\/aliancaevangelica.pt\/site\/wp-json\/wp\/v2\/posts\/20056\/revisions"}],"predecessor-version":[{"id":20058,"href":"https:\/\/aliancaevangelica.pt\/site\/wp-json\/wp\/v2\/posts\/20056\/revisions\/20058"}],"wp:featuredmedia":[{"embeddable":true,"href":"https:\/\/aliancaevangelica.pt\/site\/wp-json\/wp\/v2\/media\/20057"}],"wp:attachment":[{"href":"https:\/\/aliancaevangelica.pt\/site\/wp-json\/wp\/v2\/media?parent=20056"}],"wp:term":[{"taxonomy":"category","embeddable":true,"href":"https:\/\/aliancaevangelica.pt\/site\/wp-json\/wp\/v2\/categories?post=20056"},{"taxonomy":"post_tag","embeddable":true,"href":"https:\/\/aliancaevangelica.pt\/site\/wp-json\/wp\/v2\/tags?post=20056"}],"curies":[{"name":"wp","href":"https:\/\/api.w.org\/{rel}","templated":true}]}}