{"id":20053,"date":"2023-05-05T08:08:00","date_gmt":"2023-05-05T08:08:00","guid":{"rendered":"https:\/\/aliancaevangelica.pt\/site\/?p=20053"},"modified":"2023-05-03T21:05:27","modified_gmt":"2023-05-03T21:05:27","slug":"ser-mae","status":"publish","type":"post","link":"https:\/\/aliancaevangelica.pt\/site\/ser-mae\/","title":{"rendered":"Ser m\u00e3e\u2026"},"content":{"rendered":"<p class=\"p1\">H\u00e1 quem me trate por Ana, outros tratam-me por Rute e ainda h\u00e1 quem me trate por Ana Rute. Respondo pelos tr\u00eas e n\u00e3o tenho prefer\u00eancia por nenhum. Gosto do meu duplo nome. Mas h\u00e1 quem me trate por \u201cMam\u00e3\u201d. Para os meus filhos, este \u00e9 o meu nome, e eu sei que quando o ou\u00e7o, \u00e9 um deles quem me chama. Eu sou a m\u00e3e deles.<\/p>\n<p class=\"p1\">Atualmente, h\u00e1 quem n\u00e3o goste de ser definida por esse nome. Os tempos modernos acham que nomear algu\u00e9m de apenas \u201cm\u00e3e\u201d \u00e9 reduzir a sua identidade. \u201cEu sou mais do que apenas m\u00e3e\u201d \u2013 ouvimos. Como se ser m\u00e3e fosse uma coisa menor.<\/p>\n<p class=\"p1\">Talvez precisemos reconfigurar o que \u00e9 ser m\u00e3e. Ir at\u00e9 \u00e0 B\u00edblia \u00e9 sempre uma boa ideia. Um exemplo pode ser encontrado na m\u00e3e de Tim\u00f3teo. Tim\u00f3teo era filho de uma judia que tamb\u00e9m era crente, Eunice, e de um pai grego (Actos 16:1,2). N\u00e3o nos s\u00e3o dadas muitas informa\u00e7\u00f5es sobre o seu pai, mas temos algumas sobre a sua m\u00e3e.<\/p>\n<p class=\"p1\">Tim\u00f3teo era um jovem pastor e filho espiritual do ap\u00f3stolo Paulo. Eram bons amigos, e Paulo reconhecia o amor que Tim\u00f3teo tinha \u00e0s Escrituras. E Paulo atribui a f\u00e9 e o car\u00e1cter de Tim\u00f3teo ao fiel testemunho da sua m\u00e3e e da sua av\u00f3.<\/p>\n<p class=\"p1\">Paulo faz refer\u00eancia ao legado dessas mulheres em dois momentos. Primeiro, vemos quando agradece a Deus por Tim\u00f3teo e pela sua f\u00e9. Ele recorda que a sua f\u00e9 sincera habitou primeiro na sua av\u00f3 Loide e depois na sua m\u00e3e Eunice e ele diz: \u201ce estou certo de que tamb\u00e9m habita em ti\u201d (2 Tim\u00f3teo 1:5). Mais tarde, Paulo encoraja Tim\u00f3teo a permanecer firme na Palavra, n\u00e3o se deixando enganar, ou sendo perseguido (2 Tim\u00f3teo 3:12\u201314). E mais uma vez ele lembra que aprendeu e acreditou firmemente na Palavra desde muito jovem, \u201cdesde a inf\u00e2ncia\u201d (2 Tim\u00f3teo 3:15).<\/p>\n<p class=\"p1\">Deus chama as m\u00e3es a ensinarem os filhos no caminho em que devem andar (Prov\u00e9rbios 22:6). A nossa identidade enquanto m\u00e3es assenta em Cristo. Logo, ser \u201capenas m\u00e3e\u201d, n\u00e3o se verifica. Podemos abra\u00e7ar este papel digno sem nos sentirmos minimizadas. Deus promete que, ao iluminarmos este mundo, saberemos que o nosso trabalho n\u00e3o foi em v\u00e3o (Filipenses 2:12\u201316).<\/p>\n<p class=\"p1\">Talvez nunca saibamos o profundo significado deste t\u00edtulo, mas podemos lembrar-nos exemplos como Loide e Eunice, sabendo que gera\u00e7\u00f5es s\u00e3o chamadas \u00e0 salva\u00e7\u00e3o atrav\u00e9s da fidelidade daquelas m\u00e3es que vieram antes de n\u00f3s.<\/p>\n<p class=\"p1\"><span style=\"font-size: inherit;\">[movedo_single_image image=&#8221;20048&#8243; animation=&#8221;grve-zoom-in&#8221;]<\/span><\/p>\n<p class=\"p1\"><span style=\"font-size: inherit;\">Ana Rute Cavaco<\/span><\/p>\n<p class=\"p1\"><span style=\"font-size: inherit;\"><\/span><\/p>\n","protected":false},"excerpt":{"rendered":"<p>H\u00e1 quem me trate por Ana, outros tratam-me por Rute e ainda h\u00e1 quem me trate por Ana Rute. Respondo pelos tr\u00eas e n\u00e3o tenho prefer\u00eancia por nenhum. Gosto do meu duplo nome. Mas h\u00e1 quem me trate por \u201cMam\u00e3\u201d. Para os meus filhos, este \u00e9 o meu nome, e eu sei que quando o<\/p>\n","protected":false},"author":2,"featured_media":20054,"comment_status":"open","ping_status":"open","sticky":false,"template":"","format":"standard","meta":{"_uag_custom_page_level_css":"","_themeisle_gutenberg_block_has_review":false,"_vp_format_video_url":"","_vp_image_focal_point":[],"footnotes":""},"categories":[45,47],"tags":[],"class_list":["post-20053","post","type-post","status-publish","format-standard","has-post-thumbnail","hentry","category-geral","category-mulheres-casais-e-familia"],"yoast_head":"<!-- This site is optimized with the Yoast SEO plugin v27.5 - https:\/\/yoast.com\/product\/yoast-seo-wordpress\/ -->\n<title>Ser m\u00e3e\u2026 - AEP<\/title>\n<meta name=\"robots\" content=\"index, follow, max-snippet:-1, max-image-preview:large, max-video-preview:-1\" \/>\n<link rel=\"canonical\" href=\"https:\/\/aliancaevangelica.pt\/site\/ser-mae\/\" \/>\n<meta property=\"og:locale\" content=\"pt_PT\" \/>\n<meta property=\"og:type\" content=\"article\" \/>\n<meta property=\"og:title\" content=\"Ser m\u00e3e\u2026 - AEP\" \/>\n<meta property=\"og:description\" content=\"H\u00e1 quem me trate por Ana, outros tratam-me por Rute e ainda h\u00e1 quem me trate por Ana Rute. Respondo pelos tr\u00eas e n\u00e3o tenho prefer\u00eancia por nenhum. Gosto do meu duplo nome. Mas h\u00e1 quem me trate por \u201cMam\u00e3\u201d. Para os meus filhos, este \u00e9 o meu nome, e eu sei que quando o\" \/>\n<meta property=\"og:url\" content=\"https:\/\/aliancaevangelica.pt\/site\/ser-mae\/\" \/>\n<meta property=\"og:site_name\" content=\"AEP\" \/>\n<meta property=\"article:publisher\" content=\"http:\/\/facebook.com\/aeportuguesa\" \/>\n<meta property=\"article:author\" content=\"aeportugal\" \/>\n<meta property=\"article:published_time\" content=\"2023-05-05T08:08:00+00:00\" \/>\n<meta property=\"og:image\" content=\"https:\/\/aliancaevangelica.pt\/site\/wp-content\/uploads\/2023\/04\/Captura-de-ecra\u0303-2023-04-24-a\u0300s-16.10.38.png\" \/>\n\t<meta property=\"og:image:width\" content=\"951\" \/>\n\t<meta property=\"og:image:height\" content=\"633\" \/>\n\t<meta property=\"og:image:type\" content=\"image\/png\" \/>\n<meta name=\"author\" content=\"AEP\" \/>\n<meta name=\"twitter:card\" content=\"summary_large_image\" \/>\n<meta name=\"twitter:label1\" content=\"Escrito por\" \/>\n\t<meta name=\"twitter:data1\" content=\"AEP\" \/>\n\t<meta name=\"twitter:label2\" content=\"Tempo estimado de leitura\" \/>\n\t<meta name=\"twitter:data2\" content=\"2 minutos\" \/>\n<script type=\"application\/ld+json\" class=\"yoast-schema-graph\">{\"@context\":\"https:\\\/\\\/schema.org\",\"@graph\":[{\"@type\":\"Article\",\"@id\":\"https:\\\/\\\/aliancaevangelica.pt\\\/site\\\/ser-mae\\\/#article\",\"isPartOf\":{\"@id\":\"https:\\\/\\\/aliancaevangelica.pt\\\/site\\\/ser-mae\\\/\"},\"author\":{\"name\":\"AEP\",\"@id\":\"https:\\\/\\\/aliancaevangelica.pt\\\/site\\\/#\\\/schema\\\/person\\\/3b47cfc7535eff1e820f31c2d67eafcf\"},\"headline\":\"Ser m\u00e3e\u2026\",\"datePublished\":\"2023-05-05T08:08:00+00:00\",\"mainEntityOfPage\":{\"@id\":\"https:\\\/\\\/aliancaevangelica.pt\\\/site\\\/ser-mae\\\/\"},\"wordCount\":450,\"commentCount\":0,\"publisher\":{\"@id\":\"https:\\\/\\\/aliancaevangelica.pt\\\/site\\\/#organization\"},\"image\":{\"@id\":\"https:\\\/\\\/aliancaevangelica.pt\\\/site\\\/ser-mae\\\/#primaryimage\"},\"thumbnailUrl\":\"https:\\\/\\\/aliancaevangelica.pt\\\/site\\\/wp-content\\\/uploads\\\/2023\\\/04\\\/Captura-de-ecra\u0303-2023-04-24-a\u0300s-16.10.38.png\",\"articleSection\":[\"1-Geral\",\"Mulheres, Casais e Fam\u00edlia\"],\"inLanguage\":\"pt-PT\",\"potentialAction\":[{\"@type\":\"CommentAction\",\"name\":\"Comment\",\"target\":[\"https:\\\/\\\/aliancaevangelica.pt\\\/site\\\/ser-mae\\\/#respond\"]}]},{\"@type\":\"WebPage\",\"@id\":\"https:\\\/\\\/aliancaevangelica.pt\\\/site\\\/ser-mae\\\/\",\"url\":\"https:\\\/\\\/aliancaevangelica.pt\\\/site\\\/ser-mae\\\/\",\"name\":\"Ser m\u00e3e\u2026 - AEP\",\"isPartOf\":{\"@id\":\"https:\\\/\\\/aliancaevangelica.pt\\\/site\\\/#website\"},\"primaryImageOfPage\":{\"@id\":\"https:\\\/\\\/aliancaevangelica.pt\\\/site\\\/ser-mae\\\/#primaryimage\"},\"image\":{\"@id\":\"https:\\\/\\\/aliancaevangelica.pt\\\/site\\\/ser-mae\\\/#primaryimage\"},\"thumbnailUrl\":\"https:\\\/\\\/aliancaevangelica.pt\\\/site\\\/wp-content\\\/uploads\\\/2023\\\/04\\\/Captura-de-ecra\u0303-2023-04-24-a\u0300s-16.10.38.png\",\"datePublished\":\"2023-05-05T08:08:00+00:00\",\"breadcrumb\":{\"@id\":\"https:\\\/\\\/aliancaevangelica.pt\\\/site\\\/ser-mae\\\/#breadcrumb\"},\"inLanguage\":\"pt-PT\",\"potentialAction\":[{\"@type\":\"ReadAction\",\"target\":[\"https:\\\/\\\/aliancaevangelica.pt\\\/site\\\/ser-mae\\\/\"]}]},{\"@type\":\"ImageObject\",\"inLanguage\":\"pt-PT\",\"@id\":\"https:\\\/\\\/aliancaevangelica.pt\\\/site\\\/ser-mae\\\/#primaryimage\",\"url\":\"https:\\\/\\\/aliancaevangelica.pt\\\/site\\\/wp-content\\\/uploads\\\/2023\\\/04\\\/Captura-de-ecra\u0303-2023-04-24-a\u0300s-16.10.38.png\",\"contentUrl\":\"https:\\\/\\\/aliancaevangelica.pt\\\/site\\\/wp-content\\\/uploads\\\/2023\\\/04\\\/Captura-de-ecra\u0303-2023-04-24-a\u0300s-16.10.38.png\",\"width\":951,\"height\":633},{\"@type\":\"BreadcrumbList\",\"@id\":\"https:\\\/\\\/aliancaevangelica.pt\\\/site\\\/ser-mae\\\/#breadcrumb\",\"itemListElement\":[{\"@type\":\"ListItem\",\"position\":1,\"name\":\"In\u00edcio\",\"item\":\"https:\\\/\\\/aliancaevangelica.pt\\\/site\\\/\"},{\"@type\":\"ListItem\",\"position\":2,\"name\":\"Ser m\u00e3e\u2026\"}]},{\"@type\":\"WebSite\",\"@id\":\"https:\\\/\\\/aliancaevangelica.pt\\\/site\\\/#website\",\"url\":\"https:\\\/\\\/aliancaevangelica.pt\\\/site\\\/\",\"name\":\"Alian\u00e7a Evang\u00e9lica Portuguesa\",\"description\":\"Alian\u00e7a Evang\u00e9lica Portuguesa\",\"publisher\":{\"@id\":\"https:\\\/\\\/aliancaevangelica.pt\\\/site\\\/#organization\"},\"potentialAction\":[{\"@type\":\"SearchAction\",\"target\":{\"@type\":\"EntryPoint\",\"urlTemplate\":\"https:\\\/\\\/aliancaevangelica.pt\\\/site\\\/?s={search_term_string}\"},\"query-input\":{\"@type\":\"PropertyValueSpecification\",\"valueRequired\":true,\"valueName\":\"search_term_string\"}}],\"inLanguage\":\"pt-PT\"},{\"@type\":\"Organization\",\"@id\":\"https:\\\/\\\/aliancaevangelica.pt\\\/site\\\/#organization\",\"name\":\"Alian\u00e7a Evang\u00e9lica Portuguesa\",\"url\":\"https:\\\/\\\/aliancaevangelica.pt\\\/site\\\/\",\"logo\":{\"@type\":\"ImageObject\",\"inLanguage\":\"pt-PT\",\"@id\":\"https:\\\/\\\/aliancaevangelica.pt\\\/site\\\/#\\\/schema\\\/logo\\\/image\\\/\",\"url\":\"https:\\\/\\\/aliancaevangelica.pt\\\/site\\\/wp-content\\\/uploads\\\/2017\\\/11\\\/logo-AEP-cor.png\",\"contentUrl\":\"https:\\\/\\\/aliancaevangelica.pt\\\/site\\\/wp-content\\\/uploads\\\/2017\\\/11\\\/logo-AEP-cor.png\",\"width\":1156,\"height\":672,\"caption\":\"Alian\u00e7a Evang\u00e9lica Portuguesa\"},\"image\":{\"@id\":\"https:\\\/\\\/aliancaevangelica.pt\\\/site\\\/#\\\/schema\\\/logo\\\/image\\\/\"},\"sameAs\":[\"http:\\\/\\\/facebook.com\\\/aeportuguesa\",\"http:\\\/\\\/instagram.com\\\/aliancaep\",\"http:\\\/\\\/youtube.com\\\/aeportuguesa\"]},{\"@type\":\"Person\",\"@id\":\"https:\\\/\\\/aliancaevangelica.pt\\\/site\\\/#\\\/schema\\\/person\\\/3b47cfc7535eff1e820f31c2d67eafcf\",\"name\":\"AEP\",\"sameAs\":[\"aeportugal\"],\"url\":\"https:\\\/\\\/aliancaevangelica.pt\\\/site\\\/author\\\/aeportugal\\\/\"}]}<\/script>\n<!-- \/ Yoast SEO plugin. -->","yoast_head_json":{"title":"Ser m\u00e3e\u2026 - AEP","robots":{"index":"index","follow":"follow","max-snippet":"max-snippet:-1","max-image-preview":"max-image-preview:large","max-video-preview":"max-video-preview:-1"},"canonical":"https:\/\/aliancaevangelica.pt\/site\/ser-mae\/","og_locale":"pt_PT","og_type":"article","og_title":"Ser m\u00e3e\u2026 - AEP","og_description":"H\u00e1 quem me trate por Ana, outros tratam-me por Rute e ainda h\u00e1 quem me trate por Ana Rute. Respondo pelos tr\u00eas e n\u00e3o tenho prefer\u00eancia por nenhum. Gosto do meu duplo nome. Mas h\u00e1 quem me trate por \u201cMam\u00e3\u201d. Para os meus filhos, este \u00e9 o meu nome, e eu sei que quando o","og_url":"https:\/\/aliancaevangelica.pt\/site\/ser-mae\/","og_site_name":"AEP","article_publisher":"http:\/\/facebook.com\/aeportuguesa","article_author":"aeportugal","article_published_time":"2023-05-05T08:08:00+00:00","og_image":[{"width":951,"height":633,"url":"https:\/\/aliancaevangelica.pt\/site\/wp-content\/uploads\/2023\/04\/Captura-de-ecra\u0303-2023-04-24-a\u0300s-16.10.38.png","type":"image\/png"}],"author":"AEP","twitter_card":"summary_large_image","twitter_misc":{"Escrito por":"AEP","Tempo estimado de leitura":"2 minutos"},"schema":{"@context":"https:\/\/schema.org","@graph":[{"@type":"Article","@id":"https:\/\/aliancaevangelica.pt\/site\/ser-mae\/#article","isPartOf":{"@id":"https:\/\/aliancaevangelica.pt\/site\/ser-mae\/"},"author":{"name":"AEP","@id":"https:\/\/aliancaevangelica.pt\/site\/#\/schema\/person\/3b47cfc7535eff1e820f31c2d67eafcf"},"headline":"Ser m\u00e3e\u2026","datePublished":"2023-05-05T08:08:00+00:00","mainEntityOfPage":{"@id":"https:\/\/aliancaevangelica.pt\/site\/ser-mae\/"},"wordCount":450,"commentCount":0,"publisher":{"@id":"https:\/\/aliancaevangelica.pt\/site\/#organization"},"image":{"@id":"https:\/\/aliancaevangelica.pt\/site\/ser-mae\/#primaryimage"},"thumbnailUrl":"https:\/\/aliancaevangelica.pt\/site\/wp-content\/uploads\/2023\/04\/Captura-de-ecra\u0303-2023-04-24-a\u0300s-16.10.38.png","articleSection":["1-Geral","Mulheres, Casais e Fam\u00edlia"],"inLanguage":"pt-PT","potentialAction":[{"@type":"CommentAction","name":"Comment","target":["https:\/\/aliancaevangelica.pt\/site\/ser-mae\/#respond"]}]},{"@type":"WebPage","@id":"https:\/\/aliancaevangelica.pt\/site\/ser-mae\/","url":"https:\/\/aliancaevangelica.pt\/site\/ser-mae\/","name":"Ser m\u00e3e\u2026 - AEP","isPartOf":{"@id":"https:\/\/aliancaevangelica.pt\/site\/#website"},"primaryImageOfPage":{"@id":"https:\/\/aliancaevangelica.pt\/site\/ser-mae\/#primaryimage"},"image":{"@id":"https:\/\/aliancaevangelica.pt\/site\/ser-mae\/#primaryimage"},"thumbnailUrl":"https:\/\/aliancaevangelica.pt\/site\/wp-content\/uploads\/2023\/04\/Captura-de-ecra\u0303-2023-04-24-a\u0300s-16.10.38.png","datePublished":"2023-05-05T08:08:00+00:00","breadcrumb":{"@id":"https:\/\/aliancaevangelica.pt\/site\/ser-mae\/#breadcrumb"},"inLanguage":"pt-PT","potentialAction":[{"@type":"ReadAction","target":["https:\/\/aliancaevangelica.pt\/site\/ser-mae\/"]}]},{"@type":"ImageObject","inLanguage":"pt-PT","@id":"https:\/\/aliancaevangelica.pt\/site\/ser-mae\/#primaryimage","url":"https:\/\/aliancaevangelica.pt\/site\/wp-content\/uploads\/2023\/04\/Captura-de-ecra\u0303-2023-04-24-a\u0300s-16.10.38.png","contentUrl":"https:\/\/aliancaevangelica.pt\/site\/wp-content\/uploads\/2023\/04\/Captura-de-ecra\u0303-2023-04-24-a\u0300s-16.10.38.png","width":951,"height":633},{"@type":"BreadcrumbList","@id":"https:\/\/aliancaevangelica.pt\/site\/ser-mae\/#breadcrumb","itemListElement":[{"@type":"ListItem","position":1,"name":"In\u00edcio","item":"https:\/\/aliancaevangelica.pt\/site\/"},{"@type":"ListItem","position":2,"name":"Ser m\u00e3e\u2026"}]},{"@type":"WebSite","@id":"https:\/\/aliancaevangelica.pt\/site\/#website","url":"https:\/\/aliancaevangelica.pt\/site\/","name":"Alian\u00e7a Evang\u00e9lica Portuguesa","description":"Alian\u00e7a Evang\u00e9lica Portuguesa","publisher":{"@id":"https:\/\/aliancaevangelica.pt\/site\/#organization"},"potentialAction":[{"@type":"SearchAction","target":{"@type":"EntryPoint","urlTemplate":"https:\/\/aliancaevangelica.pt\/site\/?s={search_term_string}"},"query-input":{"@type":"PropertyValueSpecification","valueRequired":true,"valueName":"search_term_string"}}],"inLanguage":"pt-PT"},{"@type":"Organization","@id":"https:\/\/aliancaevangelica.pt\/site\/#organization","name":"Alian\u00e7a Evang\u00e9lica Portuguesa","url":"https:\/\/aliancaevangelica.pt\/site\/","logo":{"@type":"ImageObject","inLanguage":"pt-PT","@id":"https:\/\/aliancaevangelica.pt\/site\/#\/schema\/logo\/image\/","url":"https:\/\/aliancaevangelica.pt\/site\/wp-content\/uploads\/2017\/11\/logo-AEP-cor.png","contentUrl":"https:\/\/aliancaevangelica.pt\/site\/wp-content\/uploads\/2017\/11\/logo-AEP-cor.png","width":1156,"height":672,"caption":"Alian\u00e7a Evang\u00e9lica Portuguesa"},"image":{"@id":"https:\/\/aliancaevangelica.pt\/site\/#\/schema\/logo\/image\/"},"sameAs":["http:\/\/facebook.com\/aeportuguesa","http:\/\/instagram.com\/aliancaep","http:\/\/youtube.com\/aeportuguesa"]},{"@type":"Person","@id":"https:\/\/aliancaevangelica.pt\/site\/#\/schema\/person\/3b47cfc7535eff1e820f31c2d67eafcf","name":"AEP","sameAs":["aeportugal"],"url":"https:\/\/aliancaevangelica.pt\/site\/author\/aeportugal\/"}]}},"uagb_featured_image_src":{"full":["https:\/\/aliancaevangelica.pt\/site\/wp-content\/uploads\/2023\/04\/Captura-de-ecra\u0303-2023-04-24-a\u0300s-16.10.38.png",951,633,false],"thumbnail":["https:\/\/aliancaevangelica.pt\/site\/wp-content\/uploads\/2023\/04\/Captura-de-ecra\u0303-2023-04-24-a\u0300s-16.10.38-150x150.png",150,150,true],"medium":["https:\/\/aliancaevangelica.pt\/site\/wp-content\/uploads\/2023\/04\/Captura-de-ecra\u0303-2023-04-24-a\u0300s-16.10.38-300x200.png",300,200,true],"medium_large":["https:\/\/aliancaevangelica.pt\/site\/wp-content\/uploads\/2023\/04\/Captura-de-ecra\u0303-2023-04-24-a\u0300s-16.10.38-768x511.png",768,511,true],"large":["https:\/\/aliancaevangelica.pt\/site\/wp-content\/uploads\/2023\/04\/Captura-de-ecra\u0303-2023-04-24-a\u0300s-16.10.38.png",951,633,false],"1536x1536":["https:\/\/aliancaevangelica.pt\/site\/wp-content\/uploads\/2023\/04\/Captura-de-ecra\u0303-2023-04-24-a\u0300s-16.10.38.png",951,633,false],"2048x2048":["https:\/\/aliancaevangelica.pt\/site\/wp-content\/uploads\/2023\/04\/Captura-de-ecra\u0303-2023-04-24-a\u0300s-16.10.38.png",951,633,false],"vp_sm":["https:\/\/aliancaevangelica.pt\/site\/wp-content\/uploads\/2023\/04\/Captura-de-ecra\u0303-2023-04-24-a\u0300s-16.10.38.png",500,333,false],"vp_md":["https:\/\/aliancaevangelica.pt\/site\/wp-content\/uploads\/2023\/04\/Captura-de-ecra\u0303-2023-04-24-a\u0300s-16.10.38.png",800,532,false],"vp_lg":["https:\/\/aliancaevangelica.pt\/site\/wp-content\/uploads\/2023\/04\/Captura-de-ecra\u0303-2023-04-24-a\u0300s-16.10.38.png",951,633,false],"vp_xl":["https:\/\/aliancaevangelica.pt\/site\/wp-content\/uploads\/2023\/04\/Captura-de-ecra\u0303-2023-04-24-a\u0300s-16.10.38.png",951,633,false],"vp_sm_popup":["https:\/\/aliancaevangelica.pt\/site\/wp-content\/uploads\/2023\/04\/Captura-de-ecra\u0303-2023-04-24-a\u0300s-16.10.38.png",500,333,false],"vp_md_popup":["https:\/\/aliancaevangelica.pt\/site\/wp-content\/uploads\/2023\/04\/Captura-de-ecra\u0303-2023-04-24-a\u0300s-16.10.38.png",800,532,false],"vp_xl_popup":["https:\/\/aliancaevangelica.pt\/site\/wp-content\/uploads\/2023\/04\/Captura-de-ecra\u0303-2023-04-24-a\u0300s-16.10.38.png",951,633,false],"newsx-150x100":["https:\/\/aliancaevangelica.pt\/site\/wp-content\/uploads\/2023\/04\/Captura-de-ecra\u0303-2023-04-24-a\u0300s-16.10.38.png",150,100,false],"newsx-330x220":["https:\/\/aliancaevangelica.pt\/site\/wp-content\/uploads\/2023\/04\/Captura-de-ecra\u0303-2023-04-24-a\u0300s-16.10.38.png",330,220,false],"newsx-420x280":["https:\/\/aliancaevangelica.pt\/site\/wp-content\/uploads\/2023\/04\/Captura-de-ecra\u0303-2023-04-24-a\u0300s-16.10.38.png",420,280,false],"newsx-510x340":["https:\/\/aliancaevangelica.pt\/site\/wp-content\/uploads\/2023\/04\/Captura-de-ecra\u0303-2023-04-24-a\u0300s-16.10.38.png",510,340,false],"newsx-640x480":["https:\/\/aliancaevangelica.pt\/site\/wp-content\/uploads\/2023\/04\/Captura-de-ecra\u0303-2023-04-24-a\u0300s-16.10.38.png",640,426,false],"newsx-670x370":["https:\/\/aliancaevangelica.pt\/site\/wp-content\/uploads\/2023\/04\/Captura-de-ecra\u0303-2023-04-24-a\u0300s-16.10.38.png",556,370,false],"newsx-860x570":["https:\/\/aliancaevangelica.pt\/site\/wp-content\/uploads\/2023\/04\/Captura-de-ecra\u0303-2023-04-24-a\u0300s-16.10.38.png",856,570,false],"newsx-1000x750":["https:\/\/aliancaevangelica.pt\/site\/wp-content\/uploads\/2023\/04\/Captura-de-ecra\u0303-2023-04-24-a\u0300s-16.10.38.png",951,633,false],"newsx-1200x600":["https:\/\/aliancaevangelica.pt\/site\/wp-content\/uploads\/2023\/04\/Captura-de-ecra\u0303-2023-04-24-a\u0300s-16.10.38.png",901,600,false]},"uagb_author_info":{"display_name":"AEP","author_link":"https:\/\/aliancaevangelica.pt\/site\/author\/aeportugal\/"},"uagb_comment_info":0,"uagb_excerpt":"H\u00e1 quem me trate por Ana, outros tratam-me por Rute e ainda h\u00e1 quem me trate por Ana Rute. Respondo pelos tr\u00eas e n\u00e3o tenho prefer\u00eancia por nenhum. Gosto do meu duplo nome. Mas h\u00e1 quem me trate por \u201cMam\u00e3\u201d. Para os meus filhos, este \u00e9 o meu nome, e eu sei que quando o","_links":{"self":[{"href":"https:\/\/aliancaevangelica.pt\/site\/wp-json\/wp\/v2\/posts\/20053","targetHints":{"allow":["GET"]}}],"collection":[{"href":"https:\/\/aliancaevangelica.pt\/site\/wp-json\/wp\/v2\/posts"}],"about":[{"href":"https:\/\/aliancaevangelica.pt\/site\/wp-json\/wp\/v2\/types\/post"}],"author":[{"embeddable":true,"href":"https:\/\/aliancaevangelica.pt\/site\/wp-json\/wp\/v2\/users\/2"}],"replies":[{"embeddable":true,"href":"https:\/\/aliancaevangelica.pt\/site\/wp-json\/wp\/v2\/comments?post=20053"}],"version-history":[{"count":1,"href":"https:\/\/aliancaevangelica.pt\/site\/wp-json\/wp\/v2\/posts\/20053\/revisions"}],"predecessor-version":[{"id":20055,"href":"https:\/\/aliancaevangelica.pt\/site\/wp-json\/wp\/v2\/posts\/20053\/revisions\/20055"}],"wp:featuredmedia":[{"embeddable":true,"href":"https:\/\/aliancaevangelica.pt\/site\/wp-json\/wp\/v2\/media\/20054"}],"wp:attachment":[{"href":"https:\/\/aliancaevangelica.pt\/site\/wp-json\/wp\/v2\/media?parent=20053"}],"wp:term":[{"taxonomy":"category","embeddable":true,"href":"https:\/\/aliancaevangelica.pt\/site\/wp-json\/wp\/v2\/categories?post=20053"},{"taxonomy":"post_tag","embeddable":true,"href":"https:\/\/aliancaevangelica.pt\/site\/wp-json\/wp\/v2\/tags?post=20053"}],"curies":[{"name":"wp","href":"https:\/\/api.w.org\/{rel}","templated":true}]}}