{"id":20050,"date":"2023-04-24T15:01:29","date_gmt":"2023-04-24T15:01:29","guid":{"rendered":"https:\/\/aliancaevangelica.pt\/site\/?p=20050"},"modified":"2023-04-26T10:39:13","modified_gmt":"2023-04-26T10:39:13","slug":"liberdade","status":"publish","type":"post","link":"https:\/\/aliancaevangelica.pt\/site\/liberdade\/","title":{"rendered":"Liberdade"},"content":{"rendered":"<p class=\"p1\"><strong><em><span class=\"s1\">Foi para a liberdade que Cristo nos libertou. Portanto, permane\u00e7am firmes e n\u00e3o se deixem submeter novamente a um jugo de escravid\u00e3o.<\/span><span class=\"s2\"> Galatas 5:1<\/span><\/em><\/strong><\/p>\n<p class=\"p3\"><span class=\"s2\">O m\u00eas de abril em Portugal cheira \u00e0 lliberdade. Na hist\u00f3ria recente desta na\u00e7\u00e3o, passos gigantes foram dados ao som de uma can\u00e7\u00e3o que entoava nas r\u00e1dios e que falava de uma tal \u201cvila morena, terra da fraternidade\u201d. Os cravos vermelhos, ao inv\u00e9s de armas, representaram e representam a liberdade conquistada. Portugal \u00e9 dividido entre o antes e o depois do 25 de Abril de 1974.<\/span><\/p>\n<p class=\"p3\"><span class=\"s2\">Ao analisarmos a origem do significado da palavra liberdade, as defini\u00e7\u00f5es s\u00e3o pelo menos tr\u00eas. Do grego a palavra \u201celeutheria\u201d significava liberdade de movimento de um corpo sem qualquer restri\u00e7\u00e3o externa, ou seja sem qualquer aus\u00eancia de limita\u00e7\u00f5es f\u00edsicas. No alem\u00e3o, a palavra \u201cfreiheit\u201d de onde se origina a palavra \u201cfreedom\u201d em ingl\u00eas, significa \u201cum pesco\u00e7o livre\u201d o que se refere \u00e0 aus\u00eancia das correntes que aprisionavam os escravos, numa clara oposi\u00e7\u00e3o \u00e0 escravatura. J\u00e1 do latim, a palavra \u201clibertas\u201d que d\u00e1 origem a palavra em portugu\u00eas \u201cliberdade\u201d nasce em oposi\u00e7\u00e3o a outra palavra \u201cdependere\u201d cujo significado \u00e9 \u201cestar preso a\u201d \u201cpender de\u201d. Assim, liberdade, assume o significado de n\u00e3o estar preso a nada ou n\u00e3o ser propriedade de ningu\u00e9m.<\/span><\/p>\n<p class=\"p3\"><span class=\"s2\">No entanto, <\/span>\u00a0 nos nossos dias, a palavra liberdade assume significados mais abrangentes e n\u00e3o se refere apenas a pris\u00f5es externas (f\u00edsicas ou de subjulga\u00e7\u00e3o), mas internas, ligadas \u00e0s pris\u00f5es relativas as hist\u00f3rias de vida, sofrimento psicol\u00f3gico e emocional e que podem funcionar como correntes que impedem o individuo de fazer escolhas e de experimentar a liberdadde<\/p>\n<p class=\"p3\">Faz-me lembrar a hist\u00f3ria de uma mulher relatada nos evangelhos no cap\u00edtulo 4 de Jo\u00e3o. A mulher de Samaria. Ela era uma prisioneira. Podemos dizer que para ela, n\u00e3o havia liberdade de movimentos, ia ao po\u00e7o apenas ao meio dia, na hora mais quente do dia, pois assim n\u00e3o tinha a possibilidade de encontrar ningu\u00e9m. Correntes invis\u00edveis faziam-na escrava dos julgamentos, do apontar de dedos e da aceita\u00e7\u00e3o de algu\u00e9m. Tamb\u00e9m era dependente das suas pr\u00f3prias circunst\u00e2ncias e se movia presa a um jugo pesado e a um c\u00e2ntaro vazio e que nunca a satisfazia.<\/p>\n<p class=\"p3\">Outra mulher descrita na B\u00edblia tamb\u00e9m no evangelho de Jo\u00e3o e que me reporta a liberdade, \u00e9 a mulher apanhada em adult\u00e9rio. Ela tamb\u00e9m era prisioneira. N\u00e3o havia liberdade de movimentos, apenas o julgamento de uma lei que a condenava sem a Gra\u00e7a. N\u00e3o sabemos em que contexto ela foi apanhada, mas a verdade \u00e9 que correntes invis\u00edveis faziam-na tamb\u00e9m prisioneira dos julgamentos, do apontar de dedos e estavam a lev\u00e1-la a morte por apedrejamento.<\/p>\n<p class=\"p3\">Podiamos falar aqui de outras tantas mulheres cujo apedrejamento invis\u00edvel, atrav\u00e9s da rejei\u00e7\u00e3o, do abandono, dos abusos f\u00edsicos, psicol\u00f3gicos e morais est\u00e3o descritas na Palavra de Deus e ainda<span class=\"Apple-converted-space\">\u00a0 <\/span>de tantas outras no decorrer da hist\u00f3ria da humanidade.<\/p>\n<p class=\"p3\">Mas, prefiro \u201ctrazer a mem\u00f3ria aquilo que nos d\u00e1 esperan\u00e7a\u201d. Lembro-me de Maria que poderia ser tamb\u00e9m rejeitada, considerada impura por estar gr\u00e1vida sem ser casada, apedrejada, por ter \u201cadulterado\u201d sendo j\u00e1 prometida como esposa para Jos\u00e9. Por\u00e9m, esta mulher escolheu a liberdade. Os seus movimentos faziam-na bendizer ao Seu Salvador. As correntes da escravid\u00e3o de uma lei sem a Gra\u00e7a, foram quebradas quando ela foi capaz de enfrentar os medos externos de julgamento e rejei\u00e7\u00e3o e internos que poderiam t\u00ea-la paralizado e impedido de ser agraciada.<\/p>\n<p class=\"p3\">Por\u00e9m, precisamos lembrar que cada uma dessas mulheres encontrou a liberdade, n\u00e3o porque eram fortes, ou tinham em si mesmo a capacidade de serem livres. Houve um encontro. No po\u00e7o de Jac\u00f3, o encontro foi com os pecados, as consequ\u00eancias e um c\u00e2ntaro vazio. \u00c0 frente da mulher estava a Fonte de Agua Viva onde toda sede \u00e9 saciada. No quase apedrejamento da mulher adultera, o encontro foi com o \u00danico que podia cumprir toda a Lei, para que ela pudesse ser livre e a \u00fanica recomenda\u00e7\u00e3o foi: \u201cvai e n\u00e3o peques mais\u201d! Ele n\u00e3o disse vai e n\u00e3o adulteres mais. O encontro com o libertador, muda o rumo e as escolhas, e os homens que queriam apedrej\u00e1-la, n\u00e3o compreenderam a liberdade.<\/p>\n<p class=\"p3\">No caso de Maria, o encontro deu-se em seu ventre. Ela acolheu em seu \u00fatero, aquele que tinha vindo para libert\u00e1-la. Foi a primeira pessoa no Novo Testamento que chamou o Senhor de Seu Salvador. O encontro de Maria mudou a sua hist\u00f3ria e chegou at\u00e9 n\u00f3s. M\u00e9rito dela? N\u00e3o, claro que n\u00e3o. O m\u00e9rito \u00e9 todo Daquele que desenhou um plano perfeito de reden\u00e7\u00e3o, antes mesmo da funda\u00e7\u00e3o do mundo.<\/p>\n<p class=\"p3\">\u00c9 verdade, vivemos num pa\u00eds livre. Portugal celebra neste m\u00eas a liberdade que historicamente, muitos lutaram para que pudesse acontecer, por\u00e9m a verdadeira liberdade celebr\u00e1mos tamb\u00e9m neste m\u00eas de abril, a morte e a ressurrei\u00e7\u00e3o de Jesus, tamb\u00e9m um acontecimento hist\u00f3rico e que marca a hist\u00f3ria da humanidade entre o antes e o depois e a hist\u00f3ria individual de milh\u00f5es de pessoas, que como as mulheres que aqui descrevemos, escolheram a liberdade de andar onde Ele andou.<\/p>\n<p class=\"p1\"><span style=\"font-size: inherit;\">[movedo_single_image image=&#8221;20047&#8243; animation=&#8221;grve-zoom-in&#8221;]<\/span><\/p>\n<p class=\"p1\">Arlete Castro<\/p>\n<p class=\"p2\">Coordenadora de Cuidado e Desenvolvimento Integral de Mission\u00e1rios Transculturais Sepal \u2013 Servindo aos Pastores e L\u00edderes<\/p>\n<p class=\"p2\">Escritora: O Livro de Salema, Simplesmente Sofia, Mulheres com Hist\u00f3ria, e o livro P\u00e9rola (fic\u00e7\u00e3o baseada numa hist\u00f3ria real)<\/p>\n","protected":false},"excerpt":{"rendered":"<p>Foi para a liberdade que Cristo nos libertou. Portanto, permane\u00e7am firmes e n\u00e3o se deixem submeter novamente a um jugo de escravid\u00e3o. Galatas 5:1 O m\u00eas de abril em Portugal cheira \u00e0 lliberdade. Na hist\u00f3ria recente desta na\u00e7\u00e3o, passos gigantes foram dados ao som de uma can\u00e7\u00e3o que entoava nas r\u00e1dios e que falava de<\/p>\n","protected":false},"author":2,"featured_media":20052,"comment_status":"open","ping_status":"open","sticky":false,"template":"","format":"standard","meta":{"_uag_custom_page_level_css":"","_themeisle_gutenberg_block_has_review":false,"_vp_format_video_url":"","_vp_image_focal_point":[],"footnotes":""},"categories":[45,47],"tags":[],"class_list":["post-20050","post","type-post","status-publish","format-standard","has-post-thumbnail","hentry","category-geral","category-mulheres-casais-e-familia"],"yoast_head":"<!-- This site is optimized with the Yoast SEO plugin v27.5 - https:\/\/yoast.com\/product\/yoast-seo-wordpress\/ -->\n<title>Liberdade - AEP<\/title>\n<meta name=\"robots\" content=\"index, follow, max-snippet:-1, max-image-preview:large, max-video-preview:-1\" \/>\n<link rel=\"canonical\" href=\"https:\/\/aliancaevangelica.pt\/site\/liberdade\/\" \/>\n<meta property=\"og:locale\" content=\"pt_PT\" \/>\n<meta property=\"og:type\" content=\"article\" \/>\n<meta property=\"og:title\" content=\"Liberdade - AEP\" \/>\n<meta property=\"og:description\" content=\"Foi para a liberdade que Cristo nos libertou. Portanto, permane\u00e7am firmes e n\u00e3o se deixem submeter novamente a um jugo de escravid\u00e3o. Galatas 5:1 O m\u00eas de abril em Portugal cheira \u00e0 lliberdade. Na hist\u00f3ria recente desta na\u00e7\u00e3o, passos gigantes foram dados ao som de uma can\u00e7\u00e3o que entoava nas r\u00e1dios e que falava de\" \/>\n<meta property=\"og:url\" content=\"https:\/\/aliancaevangelica.pt\/site\/liberdade\/\" \/>\n<meta property=\"og:site_name\" content=\"AEP\" \/>\n<meta property=\"article:publisher\" content=\"http:\/\/facebook.com\/aeportuguesa\" \/>\n<meta property=\"article:author\" content=\"aeportugal\" \/>\n<meta property=\"article:published_time\" content=\"2023-04-24T15:01:29+00:00\" \/>\n<meta property=\"article:modified_time\" content=\"2023-04-26T10:39:13+00:00\" \/>\n<meta property=\"og:image\" content=\"https:\/\/aliancaevangelica.pt\/site\/wp-content\/uploads\/2023\/04\/Captura-de-ecra\u0303-2023-04-24-a\u0300s-15.58.17.png\" \/>\n\t<meta property=\"og:image:width\" content=\"767\" \/>\n\t<meta property=\"og:image:height\" content=\"695\" \/>\n\t<meta property=\"og:image:type\" content=\"image\/png\" \/>\n<meta name=\"author\" content=\"AEP\" \/>\n<meta name=\"twitter:card\" content=\"summary_large_image\" \/>\n<meta name=\"twitter:label1\" content=\"Escrito por\" \/>\n\t<meta name=\"twitter:data1\" content=\"AEP\" \/>\n\t<meta name=\"twitter:label2\" content=\"Tempo estimado de leitura\" \/>\n\t<meta name=\"twitter:data2\" content=\"5 minutos\" \/>\n<script type=\"application\/ld+json\" class=\"yoast-schema-graph\">{\"@context\":\"https:\\\/\\\/schema.org\",\"@graph\":[{\"@type\":\"Article\",\"@id\":\"https:\\\/\\\/aliancaevangelica.pt\\\/site\\\/liberdade\\\/#article\",\"isPartOf\":{\"@id\":\"https:\\\/\\\/aliancaevangelica.pt\\\/site\\\/liberdade\\\/\"},\"author\":{\"name\":\"AEP\",\"@id\":\"https:\\\/\\\/aliancaevangelica.pt\\\/site\\\/#\\\/schema\\\/person\\\/3b47cfc7535eff1e820f31c2d67eafcf\"},\"headline\":\"Liberdade\",\"datePublished\":\"2023-04-24T15:01:29+00:00\",\"dateModified\":\"2023-04-26T10:39:13+00:00\",\"mainEntityOfPage\":{\"@id\":\"https:\\\/\\\/aliancaevangelica.pt\\\/site\\\/liberdade\\\/\"},\"wordCount\":971,\"commentCount\":0,\"publisher\":{\"@id\":\"https:\\\/\\\/aliancaevangelica.pt\\\/site\\\/#organization\"},\"image\":{\"@id\":\"https:\\\/\\\/aliancaevangelica.pt\\\/site\\\/liberdade\\\/#primaryimage\"},\"thumbnailUrl\":\"https:\\\/\\\/aliancaevangelica.pt\\\/site\\\/wp-content\\\/uploads\\\/2023\\\/04\\\/Captura-de-ecra\u0303-2023-04-24-a\u0300s-15.58.17.png\",\"articleSection\":[\"1-Geral\",\"Mulheres, Casais e Fam\u00edlia\"],\"inLanguage\":\"pt-PT\",\"potentialAction\":[{\"@type\":\"CommentAction\",\"name\":\"Comment\",\"target\":[\"https:\\\/\\\/aliancaevangelica.pt\\\/site\\\/liberdade\\\/#respond\"]}]},{\"@type\":\"WebPage\",\"@id\":\"https:\\\/\\\/aliancaevangelica.pt\\\/site\\\/liberdade\\\/\",\"url\":\"https:\\\/\\\/aliancaevangelica.pt\\\/site\\\/liberdade\\\/\",\"name\":\"Liberdade - AEP\",\"isPartOf\":{\"@id\":\"https:\\\/\\\/aliancaevangelica.pt\\\/site\\\/#website\"},\"primaryImageOfPage\":{\"@id\":\"https:\\\/\\\/aliancaevangelica.pt\\\/site\\\/liberdade\\\/#primaryimage\"},\"image\":{\"@id\":\"https:\\\/\\\/aliancaevangelica.pt\\\/site\\\/liberdade\\\/#primaryimage\"},\"thumbnailUrl\":\"https:\\\/\\\/aliancaevangelica.pt\\\/site\\\/wp-content\\\/uploads\\\/2023\\\/04\\\/Captura-de-ecra\u0303-2023-04-24-a\u0300s-15.58.17.png\",\"datePublished\":\"2023-04-24T15:01:29+00:00\",\"dateModified\":\"2023-04-26T10:39:13+00:00\",\"breadcrumb\":{\"@id\":\"https:\\\/\\\/aliancaevangelica.pt\\\/site\\\/liberdade\\\/#breadcrumb\"},\"inLanguage\":\"pt-PT\",\"potentialAction\":[{\"@type\":\"ReadAction\",\"target\":[\"https:\\\/\\\/aliancaevangelica.pt\\\/site\\\/liberdade\\\/\"]}]},{\"@type\":\"ImageObject\",\"inLanguage\":\"pt-PT\",\"@id\":\"https:\\\/\\\/aliancaevangelica.pt\\\/site\\\/liberdade\\\/#primaryimage\",\"url\":\"https:\\\/\\\/aliancaevangelica.pt\\\/site\\\/wp-content\\\/uploads\\\/2023\\\/04\\\/Captura-de-ecra\u0303-2023-04-24-a\u0300s-15.58.17.png\",\"contentUrl\":\"https:\\\/\\\/aliancaevangelica.pt\\\/site\\\/wp-content\\\/uploads\\\/2023\\\/04\\\/Captura-de-ecra\u0303-2023-04-24-a\u0300s-15.58.17.png\",\"width\":767,\"height\":695},{\"@type\":\"BreadcrumbList\",\"@id\":\"https:\\\/\\\/aliancaevangelica.pt\\\/site\\\/liberdade\\\/#breadcrumb\",\"itemListElement\":[{\"@type\":\"ListItem\",\"position\":1,\"name\":\"In\u00edcio\",\"item\":\"https:\\\/\\\/aliancaevangelica.pt\\\/site\\\/\"},{\"@type\":\"ListItem\",\"position\":2,\"name\":\"Liberdade\"}]},{\"@type\":\"WebSite\",\"@id\":\"https:\\\/\\\/aliancaevangelica.pt\\\/site\\\/#website\",\"url\":\"https:\\\/\\\/aliancaevangelica.pt\\\/site\\\/\",\"name\":\"Alian\u00e7a Evang\u00e9lica Portuguesa\",\"description\":\"Alian\u00e7a Evang\u00e9lica Portuguesa\",\"publisher\":{\"@id\":\"https:\\\/\\\/aliancaevangelica.pt\\\/site\\\/#organization\"},\"potentialAction\":[{\"@type\":\"SearchAction\",\"target\":{\"@type\":\"EntryPoint\",\"urlTemplate\":\"https:\\\/\\\/aliancaevangelica.pt\\\/site\\\/?s={search_term_string}\"},\"query-input\":{\"@type\":\"PropertyValueSpecification\",\"valueRequired\":true,\"valueName\":\"search_term_string\"}}],\"inLanguage\":\"pt-PT\"},{\"@type\":\"Organization\",\"@id\":\"https:\\\/\\\/aliancaevangelica.pt\\\/site\\\/#organization\",\"name\":\"Alian\u00e7a Evang\u00e9lica Portuguesa\",\"url\":\"https:\\\/\\\/aliancaevangelica.pt\\\/site\\\/\",\"logo\":{\"@type\":\"ImageObject\",\"inLanguage\":\"pt-PT\",\"@id\":\"https:\\\/\\\/aliancaevangelica.pt\\\/site\\\/#\\\/schema\\\/logo\\\/image\\\/\",\"url\":\"https:\\\/\\\/aliancaevangelica.pt\\\/site\\\/wp-content\\\/uploads\\\/2017\\\/11\\\/logo-AEP-cor.png\",\"contentUrl\":\"https:\\\/\\\/aliancaevangelica.pt\\\/site\\\/wp-content\\\/uploads\\\/2017\\\/11\\\/logo-AEP-cor.png\",\"width\":1156,\"height\":672,\"caption\":\"Alian\u00e7a Evang\u00e9lica Portuguesa\"},\"image\":{\"@id\":\"https:\\\/\\\/aliancaevangelica.pt\\\/site\\\/#\\\/schema\\\/logo\\\/image\\\/\"},\"sameAs\":[\"http:\\\/\\\/facebook.com\\\/aeportuguesa\",\"http:\\\/\\\/instagram.com\\\/aliancaep\",\"http:\\\/\\\/youtube.com\\\/aeportuguesa\"]},{\"@type\":\"Person\",\"@id\":\"https:\\\/\\\/aliancaevangelica.pt\\\/site\\\/#\\\/schema\\\/person\\\/3b47cfc7535eff1e820f31c2d67eafcf\",\"name\":\"AEP\",\"sameAs\":[\"aeportugal\"],\"url\":\"https:\\\/\\\/aliancaevangelica.pt\\\/site\\\/author\\\/aeportugal\\\/\"}]}<\/script>\n<!-- \/ Yoast SEO plugin. -->","yoast_head_json":{"title":"Liberdade - AEP","robots":{"index":"index","follow":"follow","max-snippet":"max-snippet:-1","max-image-preview":"max-image-preview:large","max-video-preview":"max-video-preview:-1"},"canonical":"https:\/\/aliancaevangelica.pt\/site\/liberdade\/","og_locale":"pt_PT","og_type":"article","og_title":"Liberdade - AEP","og_description":"Foi para a liberdade que Cristo nos libertou. Portanto, permane\u00e7am firmes e n\u00e3o se deixem submeter novamente a um jugo de escravid\u00e3o. Galatas 5:1 O m\u00eas de abril em Portugal cheira \u00e0 lliberdade. Na hist\u00f3ria recente desta na\u00e7\u00e3o, passos gigantes foram dados ao som de uma can\u00e7\u00e3o que entoava nas r\u00e1dios e que falava de","og_url":"https:\/\/aliancaevangelica.pt\/site\/liberdade\/","og_site_name":"AEP","article_publisher":"http:\/\/facebook.com\/aeportuguesa","article_author":"aeportugal","article_published_time":"2023-04-24T15:01:29+00:00","article_modified_time":"2023-04-26T10:39:13+00:00","og_image":[{"width":767,"height":695,"url":"https:\/\/aliancaevangelica.pt\/site\/wp-content\/uploads\/2023\/04\/Captura-de-ecra\u0303-2023-04-24-a\u0300s-15.58.17.png","type":"image\/png"}],"author":"AEP","twitter_card":"summary_large_image","twitter_misc":{"Escrito por":"AEP","Tempo estimado de leitura":"5 minutos"},"schema":{"@context":"https:\/\/schema.org","@graph":[{"@type":"Article","@id":"https:\/\/aliancaevangelica.pt\/site\/liberdade\/#article","isPartOf":{"@id":"https:\/\/aliancaevangelica.pt\/site\/liberdade\/"},"author":{"name":"AEP","@id":"https:\/\/aliancaevangelica.pt\/site\/#\/schema\/person\/3b47cfc7535eff1e820f31c2d67eafcf"},"headline":"Liberdade","datePublished":"2023-04-24T15:01:29+00:00","dateModified":"2023-04-26T10:39:13+00:00","mainEntityOfPage":{"@id":"https:\/\/aliancaevangelica.pt\/site\/liberdade\/"},"wordCount":971,"commentCount":0,"publisher":{"@id":"https:\/\/aliancaevangelica.pt\/site\/#organization"},"image":{"@id":"https:\/\/aliancaevangelica.pt\/site\/liberdade\/#primaryimage"},"thumbnailUrl":"https:\/\/aliancaevangelica.pt\/site\/wp-content\/uploads\/2023\/04\/Captura-de-ecra\u0303-2023-04-24-a\u0300s-15.58.17.png","articleSection":["1-Geral","Mulheres, Casais e Fam\u00edlia"],"inLanguage":"pt-PT","potentialAction":[{"@type":"CommentAction","name":"Comment","target":["https:\/\/aliancaevangelica.pt\/site\/liberdade\/#respond"]}]},{"@type":"WebPage","@id":"https:\/\/aliancaevangelica.pt\/site\/liberdade\/","url":"https:\/\/aliancaevangelica.pt\/site\/liberdade\/","name":"Liberdade - AEP","isPartOf":{"@id":"https:\/\/aliancaevangelica.pt\/site\/#website"},"primaryImageOfPage":{"@id":"https:\/\/aliancaevangelica.pt\/site\/liberdade\/#primaryimage"},"image":{"@id":"https:\/\/aliancaevangelica.pt\/site\/liberdade\/#primaryimage"},"thumbnailUrl":"https:\/\/aliancaevangelica.pt\/site\/wp-content\/uploads\/2023\/04\/Captura-de-ecra\u0303-2023-04-24-a\u0300s-15.58.17.png","datePublished":"2023-04-24T15:01:29+00:00","dateModified":"2023-04-26T10:39:13+00:00","breadcrumb":{"@id":"https:\/\/aliancaevangelica.pt\/site\/liberdade\/#breadcrumb"},"inLanguage":"pt-PT","potentialAction":[{"@type":"ReadAction","target":["https:\/\/aliancaevangelica.pt\/site\/liberdade\/"]}]},{"@type":"ImageObject","inLanguage":"pt-PT","@id":"https:\/\/aliancaevangelica.pt\/site\/liberdade\/#primaryimage","url":"https:\/\/aliancaevangelica.pt\/site\/wp-content\/uploads\/2023\/04\/Captura-de-ecra\u0303-2023-04-24-a\u0300s-15.58.17.png","contentUrl":"https:\/\/aliancaevangelica.pt\/site\/wp-content\/uploads\/2023\/04\/Captura-de-ecra\u0303-2023-04-24-a\u0300s-15.58.17.png","width":767,"height":695},{"@type":"BreadcrumbList","@id":"https:\/\/aliancaevangelica.pt\/site\/liberdade\/#breadcrumb","itemListElement":[{"@type":"ListItem","position":1,"name":"In\u00edcio","item":"https:\/\/aliancaevangelica.pt\/site\/"},{"@type":"ListItem","position":2,"name":"Liberdade"}]},{"@type":"WebSite","@id":"https:\/\/aliancaevangelica.pt\/site\/#website","url":"https:\/\/aliancaevangelica.pt\/site\/","name":"Alian\u00e7a Evang\u00e9lica Portuguesa","description":"Alian\u00e7a Evang\u00e9lica Portuguesa","publisher":{"@id":"https:\/\/aliancaevangelica.pt\/site\/#organization"},"potentialAction":[{"@type":"SearchAction","target":{"@type":"EntryPoint","urlTemplate":"https:\/\/aliancaevangelica.pt\/site\/?s={search_term_string}"},"query-input":{"@type":"PropertyValueSpecification","valueRequired":true,"valueName":"search_term_string"}}],"inLanguage":"pt-PT"},{"@type":"Organization","@id":"https:\/\/aliancaevangelica.pt\/site\/#organization","name":"Alian\u00e7a Evang\u00e9lica Portuguesa","url":"https:\/\/aliancaevangelica.pt\/site\/","logo":{"@type":"ImageObject","inLanguage":"pt-PT","@id":"https:\/\/aliancaevangelica.pt\/site\/#\/schema\/logo\/image\/","url":"https:\/\/aliancaevangelica.pt\/site\/wp-content\/uploads\/2017\/11\/logo-AEP-cor.png","contentUrl":"https:\/\/aliancaevangelica.pt\/site\/wp-content\/uploads\/2017\/11\/logo-AEP-cor.png","width":1156,"height":672,"caption":"Alian\u00e7a Evang\u00e9lica Portuguesa"},"image":{"@id":"https:\/\/aliancaevangelica.pt\/site\/#\/schema\/logo\/image\/"},"sameAs":["http:\/\/facebook.com\/aeportuguesa","http:\/\/instagram.com\/aliancaep","http:\/\/youtube.com\/aeportuguesa"]},{"@type":"Person","@id":"https:\/\/aliancaevangelica.pt\/site\/#\/schema\/person\/3b47cfc7535eff1e820f31c2d67eafcf","name":"AEP","sameAs":["aeportugal"],"url":"https:\/\/aliancaevangelica.pt\/site\/author\/aeportugal\/"}]}},"uagb_featured_image_src":{"full":["https:\/\/aliancaevangelica.pt\/site\/wp-content\/uploads\/2023\/04\/Captura-de-ecra\u0303-2023-04-24-a\u0300s-15.58.17.png",767,695,false],"thumbnail":["https:\/\/aliancaevangelica.pt\/site\/wp-content\/uploads\/2023\/04\/Captura-de-ecra\u0303-2023-04-24-a\u0300s-15.58.17-150x150.png",150,150,true],"medium":["https:\/\/aliancaevangelica.pt\/site\/wp-content\/uploads\/2023\/04\/Captura-de-ecra\u0303-2023-04-24-a\u0300s-15.58.17-300x272.png",300,272,true],"medium_large":["https:\/\/aliancaevangelica.pt\/site\/wp-content\/uploads\/2023\/04\/Captura-de-ecra\u0303-2023-04-24-a\u0300s-15.58.17.png",767,695,false],"large":["https:\/\/aliancaevangelica.pt\/site\/wp-content\/uploads\/2023\/04\/Captura-de-ecra\u0303-2023-04-24-a\u0300s-15.58.17.png",767,695,false],"1536x1536":["https:\/\/aliancaevangelica.pt\/site\/wp-content\/uploads\/2023\/04\/Captura-de-ecra\u0303-2023-04-24-a\u0300s-15.58.17.png",767,695,false],"2048x2048":["https:\/\/aliancaevangelica.pt\/site\/wp-content\/uploads\/2023\/04\/Captura-de-ecra\u0303-2023-04-24-a\u0300s-15.58.17.png",767,695,false],"vp_sm":["https:\/\/aliancaevangelica.pt\/site\/wp-content\/uploads\/2023\/04\/Captura-de-ecra\u0303-2023-04-24-a\u0300s-15.58.17.png",500,453,false],"vp_md":["https:\/\/aliancaevangelica.pt\/site\/wp-content\/uploads\/2023\/04\/Captura-de-ecra\u0303-2023-04-24-a\u0300s-15.58.17.png",767,695,false],"vp_lg":["https:\/\/aliancaevangelica.pt\/site\/wp-content\/uploads\/2023\/04\/Captura-de-ecra\u0303-2023-04-24-a\u0300s-15.58.17.png",767,695,false],"vp_xl":["https:\/\/aliancaevangelica.pt\/site\/wp-content\/uploads\/2023\/04\/Captura-de-ecra\u0303-2023-04-24-a\u0300s-15.58.17.png",767,695,false],"vp_sm_popup":["https:\/\/aliancaevangelica.pt\/site\/wp-content\/uploads\/2023\/04\/Captura-de-ecra\u0303-2023-04-24-a\u0300s-15.58.17.png",500,453,false],"vp_md_popup":["https:\/\/aliancaevangelica.pt\/site\/wp-content\/uploads\/2023\/04\/Captura-de-ecra\u0303-2023-04-24-a\u0300s-15.58.17.png",767,695,false],"vp_xl_popup":["https:\/\/aliancaevangelica.pt\/site\/wp-content\/uploads\/2023\/04\/Captura-de-ecra\u0303-2023-04-24-a\u0300s-15.58.17.png",767,695,false],"newsx-150x100":["https:\/\/aliancaevangelica.pt\/site\/wp-content\/uploads\/2023\/04\/Captura-de-ecra\u0303-2023-04-24-a\u0300s-15.58.17.png",110,100,false],"newsx-330x220":["https:\/\/aliancaevangelica.pt\/site\/wp-content\/uploads\/2023\/04\/Captura-de-ecra\u0303-2023-04-24-a\u0300s-15.58.17.png",243,220,false],"newsx-420x280":["https:\/\/aliancaevangelica.pt\/site\/wp-content\/uploads\/2023\/04\/Captura-de-ecra\u0303-2023-04-24-a\u0300s-15.58.17.png",309,280,false],"newsx-510x340":["https:\/\/aliancaevangelica.pt\/site\/wp-content\/uploads\/2023\/04\/Captura-de-ecra\u0303-2023-04-24-a\u0300s-15.58.17.png",375,340,false],"newsx-640x480":["https:\/\/aliancaevangelica.pt\/site\/wp-content\/uploads\/2023\/04\/Captura-de-ecra\u0303-2023-04-24-a\u0300s-15.58.17.png",530,480,false],"newsx-670x370":["https:\/\/aliancaevangelica.pt\/site\/wp-content\/uploads\/2023\/04\/Captura-de-ecra\u0303-2023-04-24-a\u0300s-15.58.17.png",408,370,false],"newsx-860x570":["https:\/\/aliancaevangelica.pt\/site\/wp-content\/uploads\/2023\/04\/Captura-de-ecra\u0303-2023-04-24-a\u0300s-15.58.17.png",629,570,false],"newsx-1000x750":["https:\/\/aliancaevangelica.pt\/site\/wp-content\/uploads\/2023\/04\/Captura-de-ecra\u0303-2023-04-24-a\u0300s-15.58.17.png",767,695,false],"newsx-1200x600":["https:\/\/aliancaevangelica.pt\/site\/wp-content\/uploads\/2023\/04\/Captura-de-ecra\u0303-2023-04-24-a\u0300s-15.58.17.png",662,600,false]},"uagb_author_info":{"display_name":"AEP","author_link":"https:\/\/aliancaevangelica.pt\/site\/author\/aeportugal\/"},"uagb_comment_info":0,"uagb_excerpt":"Foi para a liberdade que Cristo nos libertou. Portanto, permane\u00e7am firmes e n\u00e3o se deixem submeter novamente a um jugo de escravid\u00e3o. Galatas 5:1 O m\u00eas de abril em Portugal cheira \u00e0 lliberdade. Na hist\u00f3ria recente desta na\u00e7\u00e3o, passos gigantes foram dados ao som de uma can\u00e7\u00e3o que entoava nas r\u00e1dios e que falava de","_links":{"self":[{"href":"https:\/\/aliancaevangelica.pt\/site\/wp-json\/wp\/v2\/posts\/20050","targetHints":{"allow":["GET"]}}],"collection":[{"href":"https:\/\/aliancaevangelica.pt\/site\/wp-json\/wp\/v2\/posts"}],"about":[{"href":"https:\/\/aliancaevangelica.pt\/site\/wp-json\/wp\/v2\/types\/post"}],"author":[{"embeddable":true,"href":"https:\/\/aliancaevangelica.pt\/site\/wp-json\/wp\/v2\/users\/2"}],"replies":[{"embeddable":true,"href":"https:\/\/aliancaevangelica.pt\/site\/wp-json\/wp\/v2\/comments?post=20050"}],"version-history":[{"count":1,"href":"https:\/\/aliancaevangelica.pt\/site\/wp-json\/wp\/v2\/posts\/20050\/revisions"}],"predecessor-version":[{"id":20051,"href":"https:\/\/aliancaevangelica.pt\/site\/wp-json\/wp\/v2\/posts\/20050\/revisions\/20051"}],"wp:featuredmedia":[{"embeddable":true,"href":"https:\/\/aliancaevangelica.pt\/site\/wp-json\/wp\/v2\/media\/20052"}],"wp:attachment":[{"href":"https:\/\/aliancaevangelica.pt\/site\/wp-json\/wp\/v2\/media?parent=20050"}],"wp:term":[{"taxonomy":"category","embeddable":true,"href":"https:\/\/aliancaevangelica.pt\/site\/wp-json\/wp\/v2\/categories?post=20050"},{"taxonomy":"post_tag","embeddable":true,"href":"https:\/\/aliancaevangelica.pt\/site\/wp-json\/wp\/v2\/tags?post=20050"}],"curies":[{"name":"wp","href":"https:\/\/api.w.org\/{rel}","templated":true}]}}