{"id":20033,"date":"2023-03-30T14:37:49","date_gmt":"2023-03-30T14:37:49","guid":{"rendered":"https:\/\/aliancaevangelica.pt\/site\/?p=20033"},"modified":"2026-04-07T22:21:14","modified_gmt":"2026-04-07T22:21:14","slug":"forum-evangelico-2023-interculturalidade-uma-igreja-acolhedora","status":"publish","type":"post","link":"https:\/\/aliancaevangelica.pt\/site\/forum-evangelico-2023-interculturalidade-uma-igreja-acolhedora\/","title":{"rendered":"F\u00f3rum Evang\u00e9lico 2023 &#8220;INTERCULTURALIDADE &#8211; Uma Igreja Acolhedora&#8221;"},"content":{"rendered":"\n<p>\u00c9 j\u00e1 no pr\u00f3ximo dia <strong>15 de abril<\/strong> que a Alian\u00e7a Evang\u00e9lica Portuguesa realiza o seu <strong>F\u00f3rum Evang\u00e9lico<\/strong> anual, na Faculdade de Medicina Dent\u00e1ria de Lisboa, entre as 10.00h e as 17.00h. O tema escolhido \u00e9 \u201c<strong>Interculturalidade\u201d<\/strong>, contextualizado com os tempos atuais que vivemos, esperando que seja um dia de reflex\u00e3o e de inspira\u00e7\u00e3o sobre ser Igreja nos nossos dias.<\/p>\n\n\n\n<p>A iniciativa abre as portas \u00e0s 9.30h com a <strong>ExpoEvang\u00e9lica<\/strong>, onde poder\u00e3o ser visitados stands de diversos minist\u00e9rios evang\u00e9licos nacionais e internacionais. Em simult\u00e2neo, vai estar tamb\u00e9m patente a Exposi\u00e7\u00e3o Itiner\u00e1ria \u201c<strong>100 anos da AEP<\/strong>\u201d, a \u201c<strong>Sala de Ora\u00e7\u00e3o\u201d<\/strong> e o \u201c<strong>Espa\u00e7o Crian\u00e7a<\/strong>\u201d.&nbsp;<\/p>\n\n\n\n<p>A oradora principal das plen\u00e1rias ser\u00e1 a <strong>Dr\u00aa Usha Reifsnider<\/strong>, seguidora de Cristo brit\u00e2nica Gujarati, filha de pais hindus da \u00cdndia. Usha \u00e9 mestre em Teologia Pr\u00e1tica e com doutoramento na intersec\u00e7\u00e3o entre Antropologia Cultural e Teologia Pr\u00e1tica, atualmente com foco espec\u00edfico no envolvimento de migrantes. Casada com o Dr. Matthew Reifsnider (ambos mission\u00e1rios afiliados da Miss\u00e3o Crist\u00e3 Europeia), tem dois filhos casados, faz parte do conselho da Alian\u00e7a Evang\u00e9lica Europeia e \u00e9 diretora do Centro para Mission\u00e1rios do Mundo Maiorit\u00e1rio. \u201c<strong>Igreja Intercultural: Na Terra como no C\u00e9u\u201d <\/strong>\u00e9 ent\u00e3o o tema que a oradora convidada nos vai trazer.<\/p>\n\n\n\n<p>A Segunda plen\u00e1ria ser\u00e1 ministrada pelo pastor <strong>Ant\u00f3nio Rodolpho<\/strong>, coordenador da assessoria de miss\u00f5es da AEP, diretor do COMIBAM para a pen\u00ednsula Ib\u00e9ria, membro da dire\u00e7\u00e3o da MEVIC, professor e pastor.<\/p>\n\n\n\n<p>Teremos tamb\u00e9m <strong>Workshop<\/strong>s entre as <strong>14.30h e as 15.45h<\/strong>:<\/p>\n\n\n\n<p><strong>Workshop 1<\/strong> \u201cAlgumas iniciativas interculturais em Portugal<\/p>\n\n\n\n<p><strong>Workshop 2<\/strong>: \u201cComunicar o evangelho em contextos interculturais\u201d<\/p>\n\n\n\n<p><strong>Workshop 3<\/strong>: \u201cComo as Comunidades de F\u00e9 podem ser relevantes no cuidado dos imigrantes em meio \u00e0s crises de perda\u201d<\/p>\n\n\n\n<p><strong>Workshop 4<\/strong>: \u201cMigrar \u00e9 humano, peregrinar \u00e9 crist\u00e3o\u201d<\/p>\n\n\n\n<p><strong>Workshop 5<\/strong>: \u201cCrist\u00e3os 007 \u2013 Estrat\u00e9gias Din\u00e2micas para alcan\u00e7ar adolescentes e jovens\u201d&nbsp;<\/p>\n\n\n\n<p>Para os mais novos, teremos ainda o \u201c<strong>Espa\u00e7o Crian\u00e7a<\/strong>\u201d com as seguintes atividades:<\/p>\n\n\n\n<p><strong>10.00h \u2013 11.30h<\/strong>: Apresenta\u00e7\u00e3o do Livro \u201cO Meu Mundo de Papel\u201d com a escritora Andrea Ramos<\/p>\n\n\n\n<p><strong>12.00 \u2013 13.00<\/strong> \u2013 Kid\u2019s Games com Uni\u00e3o B\u00edblica<\/p>\n\n\n\n<p><strong>14.30 \u2013 15.45<\/strong> \u2013 Oficina Criativa \u201cMam\u00e3e Retr\u00f4\u201d \/ construir \u201cBonecas do Mundo\u201d<\/p>\n\n\n\n<p><strong>16.15 \u2013 18.00<\/strong> \u2013 \u201cEra uma vez\u2026\u201d Li\u00e7\u00e3o Objeto com Rute Antunes (DIN \u2013 Dep. Infantil das Assembleias de Deus de Portugal)<\/p>\n\n\n\n<p>Toda a programa\u00e7\u00e3o aqui:<\/p>\n\n\n\n<div class=\"wp-block-file\"><a href=\"https:\/\/aliancaevangelica.pt\/site\/wp-content\/uploads\/2023\/04\/Fo\u0301rum-Evange\u0301lico_Hora\u0301rios.doc\">Fo\u0301rum-Evange\u0301lico_Hora\u0301rios<\/a><a href=\"https:\/\/aliancaevangelica.pt\/site\/wp-content\/uploads\/2023\/04\/Fo\u0301rum-Evange\u0301lico_Hora\u0301rios.doc\" class=\"wp-block-file__button\" download>Descarregar<\/a><\/div>\n\n\n\n<p>A entrada \u00e9 livre, mas carece de inscri\u00e7\u00e3o para os workshops aqui \u2013 <a href=\"https:\/\/forms.gle\/fSwFNddA4bMPwsySA\">https:\/\/forms.gle\/fSwFNddA4bMPwsySA<\/a><\/p>\n\n\n\n<p>Mais info em <a href=\"http:\/\/www.aliancaevangelica.pt\">www.aliancaevangelica.pt<\/a> &nbsp; @aliancaep&nbsp;<\/p>\n","protected":false},"excerpt":{"rendered":"<p>\u00c9 j\u00e1 no pr\u00f3ximo dia 15 de abril que a Alian\u00e7a Evang\u00e9lica Portuguesa realiza o seu F\u00f3rum Evang\u00e9lico anual, na Faculdade de Medicina Dent\u00e1ria de Lisboa, entre as 10.00h e as 17.00h. O tema escolhido \u00e9 \u201cInterculturalidade\u201d, contextualizado com os tempos atuais que vivemos, esperando que seja um dia de reflex\u00e3o e de inspira\u00e7\u00e3o sobre<\/p>\n","protected":false},"author":2,"featured_media":20034,"comment_status":"open","ping_status":"open","sticky":true,"template":"","format":"standard","meta":{"_uag_custom_page_level_css":"","_themeisle_gutenberg_block_has_review":false,"_vp_format_video_url":"","_vp_image_focal_point":[],"footnotes":""},"categories":[68,108],"tags":[],"class_list":["post-20033","post","type-post","status-publish","format-standard","has-post-thumbnail","hentry","category-forum","category-rede-social"],"yoast_head":"<!-- This site is optimized with the Yoast SEO plugin v27.5 - https:\/\/yoast.com\/product\/yoast-seo-wordpress\/ -->\n<title>F\u00f3rum Evang\u00e9lico 2023 &quot;INTERCULTURALIDADE - Uma Igreja Acolhedora&quot; - AEP<\/title>\n<meta name=\"robots\" content=\"index, follow, max-snippet:-1, max-image-preview:large, max-video-preview:-1\" \/>\n<link rel=\"canonical\" href=\"https:\/\/aliancaevangelica.pt\/site\/forum-evangelico-2023-interculturalidade-uma-igreja-acolhedora\/\" \/>\n<meta property=\"og:locale\" content=\"pt_PT\" \/>\n<meta property=\"og:type\" content=\"article\" \/>\n<meta property=\"og:title\" content=\"F\u00f3rum Evang\u00e9lico 2023 &quot;INTERCULTURALIDADE - Uma Igreja Acolhedora&quot; - AEP\" \/>\n<meta property=\"og:description\" content=\"\u00c9 j\u00e1 no pr\u00f3ximo dia 15 de abril que a Alian\u00e7a Evang\u00e9lica Portuguesa realiza o seu F\u00f3rum Evang\u00e9lico anual, na Faculdade de Medicina Dent\u00e1ria de Lisboa, entre as 10.00h e as 17.00h. O tema escolhido \u00e9 \u201cInterculturalidade\u201d, contextualizado com os tempos atuais que vivemos, esperando que seja um dia de reflex\u00e3o e de inspira\u00e7\u00e3o sobre\" \/>\n<meta property=\"og:url\" content=\"https:\/\/aliancaevangelica.pt\/site\/forum-evangelico-2023-interculturalidade-uma-igreja-acolhedora\/\" \/>\n<meta property=\"og:site_name\" content=\"AEP\" \/>\n<meta property=\"article:publisher\" content=\"http:\/\/facebook.com\/aeportuguesa\" \/>\n<meta property=\"article:author\" content=\"aeportugal\" \/>\n<meta property=\"article:published_time\" content=\"2023-03-30T14:37:49+00:00\" \/>\n<meta property=\"article:modified_time\" content=\"2026-04-07T22:21:14+00:00\" \/>\n<meta property=\"og:image\" content=\"https:\/\/aliancaevangelica.pt\/site\/wp-content\/uploads\/2023\/03\/7.png\" \/>\n\t<meta property=\"og:image:width\" content=\"1080\" \/>\n\t<meta property=\"og:image:height\" content=\"1080\" \/>\n\t<meta property=\"og:image:type\" content=\"image\/png\" \/>\n<meta name=\"author\" content=\"AEP\" \/>\n<meta name=\"twitter:card\" content=\"summary_large_image\" \/>\n<meta name=\"twitter:label1\" content=\"Escrito por\" \/>\n\t<meta name=\"twitter:data1\" content=\"AEP\" \/>\n\t<meta name=\"twitter:label2\" content=\"Tempo estimado de leitura\" \/>\n\t<meta name=\"twitter:data2\" content=\"3 minutos\" \/>\n<script type=\"application\/ld+json\" class=\"yoast-schema-graph\">{\"@context\":\"https:\\\/\\\/schema.org\",\"@graph\":[{\"@type\":\"Article\",\"@id\":\"https:\\\/\\\/aliancaevangelica.pt\\\/site\\\/forum-evangelico-2023-interculturalidade-uma-igreja-acolhedora\\\/#article\",\"isPartOf\":{\"@id\":\"https:\\\/\\\/aliancaevangelica.pt\\\/site\\\/forum-evangelico-2023-interculturalidade-uma-igreja-acolhedora\\\/\"},\"author\":{\"name\":\"AEP\",\"@id\":\"https:\\\/\\\/aliancaevangelica.pt\\\/site\\\/#\\\/schema\\\/person\\\/3b47cfc7535eff1e820f31c2d67eafcf\"},\"headline\":\"F\u00f3rum Evang\u00e9lico 2023 &#8220;INTERCULTURALIDADE &#8211; Uma Igreja Acolhedora&#8221;\",\"datePublished\":\"2023-03-30T14:37:49+00:00\",\"dateModified\":\"2026-04-07T22:21:14+00:00\",\"mainEntityOfPage\":{\"@id\":\"https:\\\/\\\/aliancaevangelica.pt\\\/site\\\/forum-evangelico-2023-interculturalidade-uma-igreja-acolhedora\\\/\"},\"wordCount\":440,\"commentCount\":0,\"publisher\":{\"@id\":\"https:\\\/\\\/aliancaevangelica.pt\\\/site\\\/#organization\"},\"image\":{\"@id\":\"https:\\\/\\\/aliancaevangelica.pt\\\/site\\\/forum-evangelico-2023-interculturalidade-uma-igreja-acolhedora\\\/#primaryimage\"},\"thumbnailUrl\":\"https:\\\/\\\/aliancaevangelica.pt\\\/site\\\/wp-content\\\/uploads\\\/2023\\\/03\\\/7.png\",\"articleSection\":[\"F\u00f3rum\",\"Rede Social\"],\"inLanguage\":\"pt-PT\",\"potentialAction\":[{\"@type\":\"CommentAction\",\"name\":\"Comment\",\"target\":[\"https:\\\/\\\/aliancaevangelica.pt\\\/site\\\/forum-evangelico-2023-interculturalidade-uma-igreja-acolhedora\\\/#respond\"]}]},{\"@type\":\"WebPage\",\"@id\":\"https:\\\/\\\/aliancaevangelica.pt\\\/site\\\/forum-evangelico-2023-interculturalidade-uma-igreja-acolhedora\\\/\",\"url\":\"https:\\\/\\\/aliancaevangelica.pt\\\/site\\\/forum-evangelico-2023-interculturalidade-uma-igreja-acolhedora\\\/\",\"name\":\"F\u00f3rum Evang\u00e9lico 2023 \\\"INTERCULTURALIDADE - Uma Igreja Acolhedora\\\" - AEP\",\"isPartOf\":{\"@id\":\"https:\\\/\\\/aliancaevangelica.pt\\\/site\\\/#website\"},\"primaryImageOfPage\":{\"@id\":\"https:\\\/\\\/aliancaevangelica.pt\\\/site\\\/forum-evangelico-2023-interculturalidade-uma-igreja-acolhedora\\\/#primaryimage\"},\"image\":{\"@id\":\"https:\\\/\\\/aliancaevangelica.pt\\\/site\\\/forum-evangelico-2023-interculturalidade-uma-igreja-acolhedora\\\/#primaryimage\"},\"thumbnailUrl\":\"https:\\\/\\\/aliancaevangelica.pt\\\/site\\\/wp-content\\\/uploads\\\/2023\\\/03\\\/7.png\",\"datePublished\":\"2023-03-30T14:37:49+00:00\",\"dateModified\":\"2026-04-07T22:21:14+00:00\",\"breadcrumb\":{\"@id\":\"https:\\\/\\\/aliancaevangelica.pt\\\/site\\\/forum-evangelico-2023-interculturalidade-uma-igreja-acolhedora\\\/#breadcrumb\"},\"inLanguage\":\"pt-PT\",\"potentialAction\":[{\"@type\":\"ReadAction\",\"target\":[\"https:\\\/\\\/aliancaevangelica.pt\\\/site\\\/forum-evangelico-2023-interculturalidade-uma-igreja-acolhedora\\\/\"]}]},{\"@type\":\"ImageObject\",\"inLanguage\":\"pt-PT\",\"@id\":\"https:\\\/\\\/aliancaevangelica.pt\\\/site\\\/forum-evangelico-2023-interculturalidade-uma-igreja-acolhedora\\\/#primaryimage\",\"url\":\"https:\\\/\\\/aliancaevangelica.pt\\\/site\\\/wp-content\\\/uploads\\\/2023\\\/03\\\/7.png\",\"contentUrl\":\"https:\\\/\\\/aliancaevangelica.pt\\\/site\\\/wp-content\\\/uploads\\\/2023\\\/03\\\/7.png\",\"width\":1080,\"height\":1080},{\"@type\":\"BreadcrumbList\",\"@id\":\"https:\\\/\\\/aliancaevangelica.pt\\\/site\\\/forum-evangelico-2023-interculturalidade-uma-igreja-acolhedora\\\/#breadcrumb\",\"itemListElement\":[{\"@type\":\"ListItem\",\"position\":1,\"name\":\"In\u00edcio\",\"item\":\"https:\\\/\\\/aliancaevangelica.pt\\\/site\\\/\"},{\"@type\":\"ListItem\",\"position\":2,\"name\":\"F\u00f3rum Evang\u00e9lico 2023 &#8220;INTERCULTURALIDADE &#8211; Uma Igreja Acolhedora&#8221;\"}]},{\"@type\":\"WebSite\",\"@id\":\"https:\\\/\\\/aliancaevangelica.pt\\\/site\\\/#website\",\"url\":\"https:\\\/\\\/aliancaevangelica.pt\\\/site\\\/\",\"name\":\"Alian\u00e7a Evang\u00e9lica Portuguesa\",\"description\":\"Alian\u00e7a Evang\u00e9lica Portuguesa\",\"publisher\":{\"@id\":\"https:\\\/\\\/aliancaevangelica.pt\\\/site\\\/#organization\"},\"potentialAction\":[{\"@type\":\"SearchAction\",\"target\":{\"@type\":\"EntryPoint\",\"urlTemplate\":\"https:\\\/\\\/aliancaevangelica.pt\\\/site\\\/?s={search_term_string}\"},\"query-input\":{\"@type\":\"PropertyValueSpecification\",\"valueRequired\":true,\"valueName\":\"search_term_string\"}}],\"inLanguage\":\"pt-PT\"},{\"@type\":\"Organization\",\"@id\":\"https:\\\/\\\/aliancaevangelica.pt\\\/site\\\/#organization\",\"name\":\"Alian\u00e7a Evang\u00e9lica Portuguesa\",\"url\":\"https:\\\/\\\/aliancaevangelica.pt\\\/site\\\/\",\"logo\":{\"@type\":\"ImageObject\",\"inLanguage\":\"pt-PT\",\"@id\":\"https:\\\/\\\/aliancaevangelica.pt\\\/site\\\/#\\\/schema\\\/logo\\\/image\\\/\",\"url\":\"https:\\\/\\\/aliancaevangelica.pt\\\/site\\\/wp-content\\\/uploads\\\/2017\\\/11\\\/logo-AEP-cor.png\",\"contentUrl\":\"https:\\\/\\\/aliancaevangelica.pt\\\/site\\\/wp-content\\\/uploads\\\/2017\\\/11\\\/logo-AEP-cor.png\",\"width\":1156,\"height\":672,\"caption\":\"Alian\u00e7a Evang\u00e9lica Portuguesa\"},\"image\":{\"@id\":\"https:\\\/\\\/aliancaevangelica.pt\\\/site\\\/#\\\/schema\\\/logo\\\/image\\\/\"},\"sameAs\":[\"http:\\\/\\\/facebook.com\\\/aeportuguesa\",\"http:\\\/\\\/instagram.com\\\/aliancaep\",\"http:\\\/\\\/youtube.com\\\/aeportuguesa\"]},{\"@type\":\"Person\",\"@id\":\"https:\\\/\\\/aliancaevangelica.pt\\\/site\\\/#\\\/schema\\\/person\\\/3b47cfc7535eff1e820f31c2d67eafcf\",\"name\":\"AEP\",\"sameAs\":[\"aeportugal\"],\"url\":\"https:\\\/\\\/aliancaevangelica.pt\\\/site\\\/author\\\/aeportugal\\\/\"}]}<\/script>\n<!-- \/ Yoast SEO plugin. -->","yoast_head_json":{"title":"F\u00f3rum Evang\u00e9lico 2023 \"INTERCULTURALIDADE - Uma Igreja Acolhedora\" - AEP","robots":{"index":"index","follow":"follow","max-snippet":"max-snippet:-1","max-image-preview":"max-image-preview:large","max-video-preview":"max-video-preview:-1"},"canonical":"https:\/\/aliancaevangelica.pt\/site\/forum-evangelico-2023-interculturalidade-uma-igreja-acolhedora\/","og_locale":"pt_PT","og_type":"article","og_title":"F\u00f3rum Evang\u00e9lico 2023 \"INTERCULTURALIDADE - Uma Igreja Acolhedora\" - AEP","og_description":"\u00c9 j\u00e1 no pr\u00f3ximo dia 15 de abril que a Alian\u00e7a Evang\u00e9lica Portuguesa realiza o seu F\u00f3rum Evang\u00e9lico anual, na Faculdade de Medicina Dent\u00e1ria de Lisboa, entre as 10.00h e as 17.00h. O tema escolhido \u00e9 \u201cInterculturalidade\u201d, contextualizado com os tempos atuais que vivemos, esperando que seja um dia de reflex\u00e3o e de inspira\u00e7\u00e3o sobre","og_url":"https:\/\/aliancaevangelica.pt\/site\/forum-evangelico-2023-interculturalidade-uma-igreja-acolhedora\/","og_site_name":"AEP","article_publisher":"http:\/\/facebook.com\/aeportuguesa","article_author":"aeportugal","article_published_time":"2023-03-30T14:37:49+00:00","article_modified_time":"2026-04-07T22:21:14+00:00","og_image":[{"width":1080,"height":1080,"url":"https:\/\/aliancaevangelica.pt\/site\/wp-content\/uploads\/2023\/03\/7.png","type":"image\/png"}],"author":"AEP","twitter_card":"summary_large_image","twitter_misc":{"Escrito por":"AEP","Tempo estimado de leitura":"3 minutos"},"schema":{"@context":"https:\/\/schema.org","@graph":[{"@type":"Article","@id":"https:\/\/aliancaevangelica.pt\/site\/forum-evangelico-2023-interculturalidade-uma-igreja-acolhedora\/#article","isPartOf":{"@id":"https:\/\/aliancaevangelica.pt\/site\/forum-evangelico-2023-interculturalidade-uma-igreja-acolhedora\/"},"author":{"name":"AEP","@id":"https:\/\/aliancaevangelica.pt\/site\/#\/schema\/person\/3b47cfc7535eff1e820f31c2d67eafcf"},"headline":"F\u00f3rum Evang\u00e9lico 2023 &#8220;INTERCULTURALIDADE &#8211; Uma Igreja Acolhedora&#8221;","datePublished":"2023-03-30T14:37:49+00:00","dateModified":"2026-04-07T22:21:14+00:00","mainEntityOfPage":{"@id":"https:\/\/aliancaevangelica.pt\/site\/forum-evangelico-2023-interculturalidade-uma-igreja-acolhedora\/"},"wordCount":440,"commentCount":0,"publisher":{"@id":"https:\/\/aliancaevangelica.pt\/site\/#organization"},"image":{"@id":"https:\/\/aliancaevangelica.pt\/site\/forum-evangelico-2023-interculturalidade-uma-igreja-acolhedora\/#primaryimage"},"thumbnailUrl":"https:\/\/aliancaevangelica.pt\/site\/wp-content\/uploads\/2023\/03\/7.png","articleSection":["F\u00f3rum","Rede Social"],"inLanguage":"pt-PT","potentialAction":[{"@type":"CommentAction","name":"Comment","target":["https:\/\/aliancaevangelica.pt\/site\/forum-evangelico-2023-interculturalidade-uma-igreja-acolhedora\/#respond"]}]},{"@type":"WebPage","@id":"https:\/\/aliancaevangelica.pt\/site\/forum-evangelico-2023-interculturalidade-uma-igreja-acolhedora\/","url":"https:\/\/aliancaevangelica.pt\/site\/forum-evangelico-2023-interculturalidade-uma-igreja-acolhedora\/","name":"F\u00f3rum Evang\u00e9lico 2023 \"INTERCULTURALIDADE - Uma Igreja Acolhedora\" - AEP","isPartOf":{"@id":"https:\/\/aliancaevangelica.pt\/site\/#website"},"primaryImageOfPage":{"@id":"https:\/\/aliancaevangelica.pt\/site\/forum-evangelico-2023-interculturalidade-uma-igreja-acolhedora\/#primaryimage"},"image":{"@id":"https:\/\/aliancaevangelica.pt\/site\/forum-evangelico-2023-interculturalidade-uma-igreja-acolhedora\/#primaryimage"},"thumbnailUrl":"https:\/\/aliancaevangelica.pt\/site\/wp-content\/uploads\/2023\/03\/7.png","datePublished":"2023-03-30T14:37:49+00:00","dateModified":"2026-04-07T22:21:14+00:00","breadcrumb":{"@id":"https:\/\/aliancaevangelica.pt\/site\/forum-evangelico-2023-interculturalidade-uma-igreja-acolhedora\/#breadcrumb"},"inLanguage":"pt-PT","potentialAction":[{"@type":"ReadAction","target":["https:\/\/aliancaevangelica.pt\/site\/forum-evangelico-2023-interculturalidade-uma-igreja-acolhedora\/"]}]},{"@type":"ImageObject","inLanguage":"pt-PT","@id":"https:\/\/aliancaevangelica.pt\/site\/forum-evangelico-2023-interculturalidade-uma-igreja-acolhedora\/#primaryimage","url":"https:\/\/aliancaevangelica.pt\/site\/wp-content\/uploads\/2023\/03\/7.png","contentUrl":"https:\/\/aliancaevangelica.pt\/site\/wp-content\/uploads\/2023\/03\/7.png","width":1080,"height":1080},{"@type":"BreadcrumbList","@id":"https:\/\/aliancaevangelica.pt\/site\/forum-evangelico-2023-interculturalidade-uma-igreja-acolhedora\/#breadcrumb","itemListElement":[{"@type":"ListItem","position":1,"name":"In\u00edcio","item":"https:\/\/aliancaevangelica.pt\/site\/"},{"@type":"ListItem","position":2,"name":"F\u00f3rum Evang\u00e9lico 2023 &#8220;INTERCULTURALIDADE &#8211; Uma Igreja Acolhedora&#8221;"}]},{"@type":"WebSite","@id":"https:\/\/aliancaevangelica.pt\/site\/#website","url":"https:\/\/aliancaevangelica.pt\/site\/","name":"Alian\u00e7a Evang\u00e9lica Portuguesa","description":"Alian\u00e7a Evang\u00e9lica Portuguesa","publisher":{"@id":"https:\/\/aliancaevangelica.pt\/site\/#organization"},"potentialAction":[{"@type":"SearchAction","target":{"@type":"EntryPoint","urlTemplate":"https:\/\/aliancaevangelica.pt\/site\/?s={search_term_string}"},"query-input":{"@type":"PropertyValueSpecification","valueRequired":true,"valueName":"search_term_string"}}],"inLanguage":"pt-PT"},{"@type":"Organization","@id":"https:\/\/aliancaevangelica.pt\/site\/#organization","name":"Alian\u00e7a Evang\u00e9lica Portuguesa","url":"https:\/\/aliancaevangelica.pt\/site\/","logo":{"@type":"ImageObject","inLanguage":"pt-PT","@id":"https:\/\/aliancaevangelica.pt\/site\/#\/schema\/logo\/image\/","url":"https:\/\/aliancaevangelica.pt\/site\/wp-content\/uploads\/2017\/11\/logo-AEP-cor.png","contentUrl":"https:\/\/aliancaevangelica.pt\/site\/wp-content\/uploads\/2017\/11\/logo-AEP-cor.png","width":1156,"height":672,"caption":"Alian\u00e7a Evang\u00e9lica Portuguesa"},"image":{"@id":"https:\/\/aliancaevangelica.pt\/site\/#\/schema\/logo\/image\/"},"sameAs":["http:\/\/facebook.com\/aeportuguesa","http:\/\/instagram.com\/aliancaep","http:\/\/youtube.com\/aeportuguesa"]},{"@type":"Person","@id":"https:\/\/aliancaevangelica.pt\/site\/#\/schema\/person\/3b47cfc7535eff1e820f31c2d67eafcf","name":"AEP","sameAs":["aeportugal"],"url":"https:\/\/aliancaevangelica.pt\/site\/author\/aeportugal\/"}]}},"uagb_featured_image_src":{"full":["https:\/\/aliancaevangelica.pt\/site\/wp-content\/uploads\/2023\/03\/7.png",1080,1080,false],"thumbnail":["https:\/\/aliancaevangelica.pt\/site\/wp-content\/uploads\/2023\/03\/7-150x150.png",150,150,true],"medium":["https:\/\/aliancaevangelica.pt\/site\/wp-content\/uploads\/2023\/03\/7-300x300.png",300,300,true],"medium_large":["https:\/\/aliancaevangelica.pt\/site\/wp-content\/uploads\/2023\/03\/7-768x768.png",768,768,true],"large":["https:\/\/aliancaevangelica.pt\/site\/wp-content\/uploads\/2023\/03\/7-1024x1024.png",960,960,true],"1536x1536":["https:\/\/aliancaevangelica.pt\/site\/wp-content\/uploads\/2023\/03\/7.png",1080,1080,false],"2048x2048":["https:\/\/aliancaevangelica.pt\/site\/wp-content\/uploads\/2023\/03\/7.png",1080,1080,false],"vp_sm":["https:\/\/aliancaevangelica.pt\/site\/wp-content\/uploads\/2023\/03\/7.png",500,500,false],"vp_md":["https:\/\/aliancaevangelica.pt\/site\/wp-content\/uploads\/2023\/03\/7.png",800,800,false],"vp_lg":["https:\/\/aliancaevangelica.pt\/site\/wp-content\/uploads\/2023\/03\/7.png",1080,1080,false],"vp_xl":["https:\/\/aliancaevangelica.pt\/site\/wp-content\/uploads\/2023\/03\/7.png",1080,1080,false],"vp_sm_popup":["https:\/\/aliancaevangelica.pt\/site\/wp-content\/uploads\/2023\/03\/7.png",500,500,false],"vp_md_popup":["https:\/\/aliancaevangelica.pt\/site\/wp-content\/uploads\/2023\/03\/7.png",800,800,false],"vp_xl_popup":["https:\/\/aliancaevangelica.pt\/site\/wp-content\/uploads\/2023\/03\/7.png",1080,1080,false],"newsx-150x100":["https:\/\/aliancaevangelica.pt\/site\/wp-content\/uploads\/2023\/03\/7.png",100,100,false],"newsx-330x220":["https:\/\/aliancaevangelica.pt\/site\/wp-content\/uploads\/2023\/03\/7.png",220,220,false],"newsx-420x280":["https:\/\/aliancaevangelica.pt\/site\/wp-content\/uploads\/2023\/03\/7.png",280,280,false],"newsx-510x340":["https:\/\/aliancaevangelica.pt\/site\/wp-content\/uploads\/2023\/03\/7.png",340,340,false],"newsx-640x480":["https:\/\/aliancaevangelica.pt\/site\/wp-content\/uploads\/2023\/03\/7.png",480,480,false],"newsx-670x370":["https:\/\/aliancaevangelica.pt\/site\/wp-content\/uploads\/2023\/03\/7.png",370,370,false],"newsx-860x570":["https:\/\/aliancaevangelica.pt\/site\/wp-content\/uploads\/2023\/03\/7.png",570,570,false],"newsx-1000x750":["https:\/\/aliancaevangelica.pt\/site\/wp-content\/uploads\/2023\/03\/7.png",750,750,false],"newsx-1200x600":["https:\/\/aliancaevangelica.pt\/site\/wp-content\/uploads\/2023\/03\/7.png",600,600,false]},"uagb_author_info":{"display_name":"AEP","author_link":"https:\/\/aliancaevangelica.pt\/site\/author\/aeportugal\/"},"uagb_comment_info":0,"uagb_excerpt":"\u00c9 j\u00e1 no pr\u00f3ximo dia 15 de abril que a Alian\u00e7a Evang\u00e9lica Portuguesa realiza o seu F\u00f3rum Evang\u00e9lico anual, na Faculdade de Medicina Dent\u00e1ria de Lisboa, entre as 10.00h e as 17.00h. O tema escolhido \u00e9 \u201cInterculturalidade\u201d, contextualizado com os tempos atuais que vivemos, esperando que seja um dia de reflex\u00e3o e de inspira\u00e7\u00e3o sobre","_links":{"self":[{"href":"https:\/\/aliancaevangelica.pt\/site\/wp-json\/wp\/v2\/posts\/20033","targetHints":{"allow":["GET"]}}],"collection":[{"href":"https:\/\/aliancaevangelica.pt\/site\/wp-json\/wp\/v2\/posts"}],"about":[{"href":"https:\/\/aliancaevangelica.pt\/site\/wp-json\/wp\/v2\/types\/post"}],"author":[{"embeddable":true,"href":"https:\/\/aliancaevangelica.pt\/site\/wp-json\/wp\/v2\/users\/2"}],"replies":[{"embeddable":true,"href":"https:\/\/aliancaevangelica.pt\/site\/wp-json\/wp\/v2\/comments?post=20033"}],"version-history":[{"count":2,"href":"https:\/\/aliancaevangelica.pt\/site\/wp-json\/wp\/v2\/posts\/20033\/revisions"}],"predecessor-version":[{"id":20042,"href":"https:\/\/aliancaevangelica.pt\/site\/wp-json\/wp\/v2\/posts\/20033\/revisions\/20042"}],"wp:featuredmedia":[{"embeddable":true,"href":"https:\/\/aliancaevangelica.pt\/site\/wp-json\/wp\/v2\/media\/20034"}],"wp:attachment":[{"href":"https:\/\/aliancaevangelica.pt\/site\/wp-json\/wp\/v2\/media?parent=20033"}],"wp:term":[{"taxonomy":"category","embeddable":true,"href":"https:\/\/aliancaevangelica.pt\/site\/wp-json\/wp\/v2\/categories?post=20033"},{"taxonomy":"post_tag","embeddable":true,"href":"https:\/\/aliancaevangelica.pt\/site\/wp-json\/wp\/v2\/tags?post=20033"}],"curies":[{"name":"wp","href":"https:\/\/api.w.org\/{rel}","templated":true}]}}