{"id":20027,"date":"2023-03-28T16:11:12","date_gmt":"2023-03-28T16:11:12","guid":{"rendered":"https:\/\/aliancaevangelica.pt\/site\/?p=20027"},"modified":"2026-04-07T09:59:09","modified_gmt":"2026-04-07T09:59:09","slug":"voto-de-solidariedade-e-pesar-a-comunidade-ismaili","status":"publish","type":"post","link":"https:\/\/aliancaevangelica.pt\/site\/voto-de-solidariedade-e-pesar-a-comunidade-ismaili\/","title":{"rendered":"Voto de Solidariedade e Pesar \u00e0 Comunidade Ismaili"},"content":{"rendered":"\n<p>Tendo tido conhecimento da ocorr\u00eancia dos dois homic\u00eddios hoje no vosso Centro em Lisboa, a Alian\u00e7a Evang\u00e9lica Portuguesa vem, por este meio, manifestar a sua mais profunda solidariedade e pesar \u00e0s fam\u00edlias das v\u00edtimas e a toda a comunidade Ismaili no nosso pa\u00eds.<\/p>\n\n\n\n<p>Desconhecemos detalhes sobre a ocorr\u00eancia, mas a aproxima\u00e7\u00e3o que as nossas comunidades t\u00eam tido nos \u00faltimos anos, designadamente atrav\u00e9s do Grupo de Trabalho para o Di\u00e1logo Inter-religioso, permitem-nos sentir a vossa dor e preocupa\u00e7\u00e3o, como se tal tivesse ocorrido numa das nossas comunidades. Somos conclamados \u00e0 proclama\u00e7\u00e3o da Paz entre todas as pessoas pelo que repudiamos qualquer tipo de viol\u00eancia.<\/p>\n\n\n\n<p>Perante a perplexidade que esta situa\u00e7\u00e3o nos causa, dirigimos as nossas ora\u00e7\u00f5es ao Alt\u00edssimo Deus a vosso favor.<\/p>\n\n\n\n<p>Com a express\u00e3o da nossa maior solidariedade, somos Pela Alian\u00e7a Evang\u00e9lica Portuguesa,<\/p>\n\n\n\n<div class=\"wp-block-file\"><a href=\"https:\/\/aliancaevangelica.pt\/site\/wp-content\/uploads\/2023\/03\/Voto-Pesar-Solidariedade_Comunidade-Ismaili.pdf\">Voto-Pesar-Solidariedade_Comunidade-Ismaili<\/a><a href=\"https:\/\/aliancaevangelica.pt\/site\/wp-content\/uploads\/2023\/03\/Voto-Pesar-Solidariedade_Comunidade-Ismaili.pdf\" class=\"wp-block-file__button\" download>Descarregar<\/a><\/div>\n","protected":false},"excerpt":{"rendered":"<p>Tendo tido conhecimento da ocorr\u00eancia dos dois homic\u00eddios hoje no vosso Centro em Lisboa, a Alian\u00e7a Evang\u00e9lica Portuguesa vem, por este meio, manifestar a sua mais profunda solidariedade e pesar \u00e0s fam\u00edlias das v\u00edtimas e a toda a comunidade Ismaili no nosso pa\u00eds. Desconhecemos detalhes sobre a ocorr\u00eancia, mas a aproxima\u00e7\u00e3o que as nossas comunidades<\/p>\n","protected":false},"author":2,"featured_media":20028,"comment_status":"closed","ping_status":"open","sticky":false,"template":"","format":"standard","meta":{"_uag_custom_page_level_css":"","_themeisle_gutenberg_block_has_review":false,"_vp_format_video_url":"","_vp_image_focal_point":[],"footnotes":""},"categories":[52],"tags":[],"class_list":["post-20027","post","type-post","status-publish","format-standard","has-post-thumbnail","hentry","category-tomadas-de-posicao"],"yoast_head":"<!-- This site is optimized with the Yoast SEO plugin v27.5 - https:\/\/yoast.com\/product\/yoast-seo-wordpress\/ -->\n<title>Voto de Solidariedade e Pesar \u00e0 Comunidade Ismaili - AEP<\/title>\n<meta name=\"robots\" content=\"index, follow, max-snippet:-1, max-image-preview:large, max-video-preview:-1\" \/>\n<link rel=\"canonical\" href=\"https:\/\/aliancaevangelica.pt\/site\/voto-de-solidariedade-e-pesar-a-comunidade-ismaili\/\" \/>\n<meta property=\"og:locale\" content=\"pt_PT\" \/>\n<meta property=\"og:type\" content=\"article\" \/>\n<meta property=\"og:title\" content=\"Voto de Solidariedade e Pesar \u00e0 Comunidade Ismaili - AEP\" \/>\n<meta property=\"og:description\" content=\"Tendo tido conhecimento da ocorr\u00eancia dos dois homic\u00eddios hoje no vosso Centro em Lisboa, a Alian\u00e7a Evang\u00e9lica Portuguesa vem, por este meio, manifestar a sua mais profunda solidariedade e pesar \u00e0s fam\u00edlias das v\u00edtimas e a toda a comunidade Ismaili no nosso pa\u00eds. Desconhecemos detalhes sobre a ocorr\u00eancia, mas a aproxima\u00e7\u00e3o que as nossas comunidades\" \/>\n<meta property=\"og:url\" content=\"https:\/\/aliancaevangelica.pt\/site\/voto-de-solidariedade-e-pesar-a-comunidade-ismaili\/\" \/>\n<meta property=\"og:site_name\" content=\"AEP\" \/>\n<meta property=\"article:publisher\" content=\"http:\/\/facebook.com\/aeportuguesa\" \/>\n<meta property=\"article:author\" content=\"aeportugal\" \/>\n<meta property=\"article:published_time\" content=\"2023-03-28T16:11:12+00:00\" \/>\n<meta property=\"article:modified_time\" content=\"2026-04-07T09:59:09+00:00\" \/>\n<meta property=\"og:image\" content=\"https:\/\/aliancaevangelica.pt\/site\/wp-content\/uploads\/2023\/03\/2746026573_c70c071246_w.jpg\" \/>\n\t<meta property=\"og:image:width\" content=\"400\" \/>\n\t<meta property=\"og:image:height\" content=\"266\" \/>\n\t<meta property=\"og:image:type\" content=\"image\/jpeg\" \/>\n<meta name=\"author\" content=\"AEP\" \/>\n<meta name=\"twitter:card\" content=\"summary_large_image\" \/>\n<meta name=\"twitter:label1\" content=\"Escrito por\" \/>\n\t<meta name=\"twitter:data1\" content=\"AEP\" \/>\n\t<meta name=\"twitter:label2\" content=\"Tempo estimado de leitura\" \/>\n\t<meta name=\"twitter:data2\" content=\"1 minuto\" \/>\n<script type=\"application\/ld+json\" class=\"yoast-schema-graph\">{\"@context\":\"https:\\\/\\\/schema.org\",\"@graph\":[{\"@type\":\"Article\",\"@id\":\"https:\\\/\\\/aliancaevangelica.pt\\\/site\\\/voto-de-solidariedade-e-pesar-a-comunidade-ismaili\\\/#article\",\"isPartOf\":{\"@id\":\"https:\\\/\\\/aliancaevangelica.pt\\\/site\\\/voto-de-solidariedade-e-pesar-a-comunidade-ismaili\\\/\"},\"author\":{\"name\":\"AEP\",\"@id\":\"https:\\\/\\\/aliancaevangelica.pt\\\/site\\\/#\\\/schema\\\/person\\\/3b47cfc7535eff1e820f31c2d67eafcf\"},\"headline\":\"Voto de Solidariedade e Pesar \u00e0 Comunidade Ismaili\",\"datePublished\":\"2023-03-28T16:11:12+00:00\",\"dateModified\":\"2026-04-07T09:59:09+00:00\",\"mainEntityOfPage\":{\"@id\":\"https:\\\/\\\/aliancaevangelica.pt\\\/site\\\/voto-de-solidariedade-e-pesar-a-comunidade-ismaili\\\/\"},\"wordCount\":163,\"publisher\":{\"@id\":\"https:\\\/\\\/aliancaevangelica.pt\\\/site\\\/#organization\"},\"image\":{\"@id\":\"https:\\\/\\\/aliancaevangelica.pt\\\/site\\\/voto-de-solidariedade-e-pesar-a-comunidade-ismaili\\\/#primaryimage\"},\"thumbnailUrl\":\"https:\\\/\\\/aliancaevangelica.pt\\\/site\\\/wp-content\\\/uploads\\\/2023\\\/03\\\/2746026573_c70c071246_w.jpg\",\"articleSection\":[\"Tomadas de Posi\u00e7\u00e3o\"],\"inLanguage\":\"pt-PT\"},{\"@type\":\"WebPage\",\"@id\":\"https:\\\/\\\/aliancaevangelica.pt\\\/site\\\/voto-de-solidariedade-e-pesar-a-comunidade-ismaili\\\/\",\"url\":\"https:\\\/\\\/aliancaevangelica.pt\\\/site\\\/voto-de-solidariedade-e-pesar-a-comunidade-ismaili\\\/\",\"name\":\"Voto de Solidariedade e Pesar \u00e0 Comunidade Ismaili - AEP\",\"isPartOf\":{\"@id\":\"https:\\\/\\\/aliancaevangelica.pt\\\/site\\\/#website\"},\"primaryImageOfPage\":{\"@id\":\"https:\\\/\\\/aliancaevangelica.pt\\\/site\\\/voto-de-solidariedade-e-pesar-a-comunidade-ismaili\\\/#primaryimage\"},\"image\":{\"@id\":\"https:\\\/\\\/aliancaevangelica.pt\\\/site\\\/voto-de-solidariedade-e-pesar-a-comunidade-ismaili\\\/#primaryimage\"},\"thumbnailUrl\":\"https:\\\/\\\/aliancaevangelica.pt\\\/site\\\/wp-content\\\/uploads\\\/2023\\\/03\\\/2746026573_c70c071246_w.jpg\",\"datePublished\":\"2023-03-28T16:11:12+00:00\",\"dateModified\":\"2026-04-07T09:59:09+00:00\",\"breadcrumb\":{\"@id\":\"https:\\\/\\\/aliancaevangelica.pt\\\/site\\\/voto-de-solidariedade-e-pesar-a-comunidade-ismaili\\\/#breadcrumb\"},\"inLanguage\":\"pt-PT\",\"potentialAction\":[{\"@type\":\"ReadAction\",\"target\":[\"https:\\\/\\\/aliancaevangelica.pt\\\/site\\\/voto-de-solidariedade-e-pesar-a-comunidade-ismaili\\\/\"]}]},{\"@type\":\"ImageObject\",\"inLanguage\":\"pt-PT\",\"@id\":\"https:\\\/\\\/aliancaevangelica.pt\\\/site\\\/voto-de-solidariedade-e-pesar-a-comunidade-ismaili\\\/#primaryimage\",\"url\":\"https:\\\/\\\/aliancaevangelica.pt\\\/site\\\/wp-content\\\/uploads\\\/2023\\\/03\\\/2746026573_c70c071246_w.jpg\",\"contentUrl\":\"https:\\\/\\\/aliancaevangelica.pt\\\/site\\\/wp-content\\\/uploads\\\/2023\\\/03\\\/2746026573_c70c071246_w.jpg\",\"width\":400,\"height\":266},{\"@type\":\"BreadcrumbList\",\"@id\":\"https:\\\/\\\/aliancaevangelica.pt\\\/site\\\/voto-de-solidariedade-e-pesar-a-comunidade-ismaili\\\/#breadcrumb\",\"itemListElement\":[{\"@type\":\"ListItem\",\"position\":1,\"name\":\"In\u00edcio\",\"item\":\"https:\\\/\\\/aliancaevangelica.pt\\\/site\\\/\"},{\"@type\":\"ListItem\",\"position\":2,\"name\":\"Voto de Solidariedade e Pesar \u00e0 Comunidade Ismaili\"}]},{\"@type\":\"WebSite\",\"@id\":\"https:\\\/\\\/aliancaevangelica.pt\\\/site\\\/#website\",\"url\":\"https:\\\/\\\/aliancaevangelica.pt\\\/site\\\/\",\"name\":\"Alian\u00e7a Evang\u00e9lica Portuguesa\",\"description\":\"Alian\u00e7a Evang\u00e9lica Portuguesa\",\"publisher\":{\"@id\":\"https:\\\/\\\/aliancaevangelica.pt\\\/site\\\/#organization\"},\"potentialAction\":[{\"@type\":\"SearchAction\",\"target\":{\"@type\":\"EntryPoint\",\"urlTemplate\":\"https:\\\/\\\/aliancaevangelica.pt\\\/site\\\/?s={search_term_string}\"},\"query-input\":{\"@type\":\"PropertyValueSpecification\",\"valueRequired\":true,\"valueName\":\"search_term_string\"}}],\"inLanguage\":\"pt-PT\"},{\"@type\":\"Organization\",\"@id\":\"https:\\\/\\\/aliancaevangelica.pt\\\/site\\\/#organization\",\"name\":\"Alian\u00e7a Evang\u00e9lica Portuguesa\",\"url\":\"https:\\\/\\\/aliancaevangelica.pt\\\/site\\\/\",\"logo\":{\"@type\":\"ImageObject\",\"inLanguage\":\"pt-PT\",\"@id\":\"https:\\\/\\\/aliancaevangelica.pt\\\/site\\\/#\\\/schema\\\/logo\\\/image\\\/\",\"url\":\"https:\\\/\\\/aliancaevangelica.pt\\\/site\\\/wp-content\\\/uploads\\\/2017\\\/11\\\/logo-AEP-cor.png\",\"contentUrl\":\"https:\\\/\\\/aliancaevangelica.pt\\\/site\\\/wp-content\\\/uploads\\\/2017\\\/11\\\/logo-AEP-cor.png\",\"width\":1156,\"height\":672,\"caption\":\"Alian\u00e7a Evang\u00e9lica Portuguesa\"},\"image\":{\"@id\":\"https:\\\/\\\/aliancaevangelica.pt\\\/site\\\/#\\\/schema\\\/logo\\\/image\\\/\"},\"sameAs\":[\"http:\\\/\\\/facebook.com\\\/aeportuguesa\",\"http:\\\/\\\/instagram.com\\\/aliancaep\",\"http:\\\/\\\/youtube.com\\\/aeportuguesa\"]},{\"@type\":\"Person\",\"@id\":\"https:\\\/\\\/aliancaevangelica.pt\\\/site\\\/#\\\/schema\\\/person\\\/3b47cfc7535eff1e820f31c2d67eafcf\",\"name\":\"AEP\",\"sameAs\":[\"aeportugal\"],\"url\":\"https:\\\/\\\/aliancaevangelica.pt\\\/site\\\/author\\\/aeportugal\\\/\"}]}<\/script>\n<!-- \/ Yoast SEO plugin. -->","yoast_head_json":{"title":"Voto de Solidariedade e Pesar \u00e0 Comunidade Ismaili - AEP","robots":{"index":"index","follow":"follow","max-snippet":"max-snippet:-1","max-image-preview":"max-image-preview:large","max-video-preview":"max-video-preview:-1"},"canonical":"https:\/\/aliancaevangelica.pt\/site\/voto-de-solidariedade-e-pesar-a-comunidade-ismaili\/","og_locale":"pt_PT","og_type":"article","og_title":"Voto de Solidariedade e Pesar \u00e0 Comunidade Ismaili - AEP","og_description":"Tendo tido conhecimento da ocorr\u00eancia dos dois homic\u00eddios hoje no vosso Centro em Lisboa, a Alian\u00e7a Evang\u00e9lica Portuguesa vem, por este meio, manifestar a sua mais profunda solidariedade e pesar \u00e0s fam\u00edlias das v\u00edtimas e a toda a comunidade Ismaili no nosso pa\u00eds. Desconhecemos detalhes sobre a ocorr\u00eancia, mas a aproxima\u00e7\u00e3o que as nossas comunidades","og_url":"https:\/\/aliancaevangelica.pt\/site\/voto-de-solidariedade-e-pesar-a-comunidade-ismaili\/","og_site_name":"AEP","article_publisher":"http:\/\/facebook.com\/aeportuguesa","article_author":"aeportugal","article_published_time":"2023-03-28T16:11:12+00:00","article_modified_time":"2026-04-07T09:59:09+00:00","og_image":[{"width":400,"height":266,"url":"https:\/\/aliancaevangelica.pt\/site\/wp-content\/uploads\/2023\/03\/2746026573_c70c071246_w.jpg","type":"image\/jpeg"}],"author":"AEP","twitter_card":"summary_large_image","twitter_misc":{"Escrito por":"AEP","Tempo estimado de leitura":"1 minuto"},"schema":{"@context":"https:\/\/schema.org","@graph":[{"@type":"Article","@id":"https:\/\/aliancaevangelica.pt\/site\/voto-de-solidariedade-e-pesar-a-comunidade-ismaili\/#article","isPartOf":{"@id":"https:\/\/aliancaevangelica.pt\/site\/voto-de-solidariedade-e-pesar-a-comunidade-ismaili\/"},"author":{"name":"AEP","@id":"https:\/\/aliancaevangelica.pt\/site\/#\/schema\/person\/3b47cfc7535eff1e820f31c2d67eafcf"},"headline":"Voto de Solidariedade e Pesar \u00e0 Comunidade Ismaili","datePublished":"2023-03-28T16:11:12+00:00","dateModified":"2026-04-07T09:59:09+00:00","mainEntityOfPage":{"@id":"https:\/\/aliancaevangelica.pt\/site\/voto-de-solidariedade-e-pesar-a-comunidade-ismaili\/"},"wordCount":163,"publisher":{"@id":"https:\/\/aliancaevangelica.pt\/site\/#organization"},"image":{"@id":"https:\/\/aliancaevangelica.pt\/site\/voto-de-solidariedade-e-pesar-a-comunidade-ismaili\/#primaryimage"},"thumbnailUrl":"https:\/\/aliancaevangelica.pt\/site\/wp-content\/uploads\/2023\/03\/2746026573_c70c071246_w.jpg","articleSection":["Tomadas de Posi\u00e7\u00e3o"],"inLanguage":"pt-PT"},{"@type":"WebPage","@id":"https:\/\/aliancaevangelica.pt\/site\/voto-de-solidariedade-e-pesar-a-comunidade-ismaili\/","url":"https:\/\/aliancaevangelica.pt\/site\/voto-de-solidariedade-e-pesar-a-comunidade-ismaili\/","name":"Voto de Solidariedade e Pesar \u00e0 Comunidade Ismaili - AEP","isPartOf":{"@id":"https:\/\/aliancaevangelica.pt\/site\/#website"},"primaryImageOfPage":{"@id":"https:\/\/aliancaevangelica.pt\/site\/voto-de-solidariedade-e-pesar-a-comunidade-ismaili\/#primaryimage"},"image":{"@id":"https:\/\/aliancaevangelica.pt\/site\/voto-de-solidariedade-e-pesar-a-comunidade-ismaili\/#primaryimage"},"thumbnailUrl":"https:\/\/aliancaevangelica.pt\/site\/wp-content\/uploads\/2023\/03\/2746026573_c70c071246_w.jpg","datePublished":"2023-03-28T16:11:12+00:00","dateModified":"2026-04-07T09:59:09+00:00","breadcrumb":{"@id":"https:\/\/aliancaevangelica.pt\/site\/voto-de-solidariedade-e-pesar-a-comunidade-ismaili\/#breadcrumb"},"inLanguage":"pt-PT","potentialAction":[{"@type":"ReadAction","target":["https:\/\/aliancaevangelica.pt\/site\/voto-de-solidariedade-e-pesar-a-comunidade-ismaili\/"]}]},{"@type":"ImageObject","inLanguage":"pt-PT","@id":"https:\/\/aliancaevangelica.pt\/site\/voto-de-solidariedade-e-pesar-a-comunidade-ismaili\/#primaryimage","url":"https:\/\/aliancaevangelica.pt\/site\/wp-content\/uploads\/2023\/03\/2746026573_c70c071246_w.jpg","contentUrl":"https:\/\/aliancaevangelica.pt\/site\/wp-content\/uploads\/2023\/03\/2746026573_c70c071246_w.jpg","width":400,"height":266},{"@type":"BreadcrumbList","@id":"https:\/\/aliancaevangelica.pt\/site\/voto-de-solidariedade-e-pesar-a-comunidade-ismaili\/#breadcrumb","itemListElement":[{"@type":"ListItem","position":1,"name":"In\u00edcio","item":"https:\/\/aliancaevangelica.pt\/site\/"},{"@type":"ListItem","position":2,"name":"Voto de Solidariedade e Pesar \u00e0 Comunidade Ismaili"}]},{"@type":"WebSite","@id":"https:\/\/aliancaevangelica.pt\/site\/#website","url":"https:\/\/aliancaevangelica.pt\/site\/","name":"Alian\u00e7a Evang\u00e9lica Portuguesa","description":"Alian\u00e7a Evang\u00e9lica Portuguesa","publisher":{"@id":"https:\/\/aliancaevangelica.pt\/site\/#organization"},"potentialAction":[{"@type":"SearchAction","target":{"@type":"EntryPoint","urlTemplate":"https:\/\/aliancaevangelica.pt\/site\/?s={search_term_string}"},"query-input":{"@type":"PropertyValueSpecification","valueRequired":true,"valueName":"search_term_string"}}],"inLanguage":"pt-PT"},{"@type":"Organization","@id":"https:\/\/aliancaevangelica.pt\/site\/#organization","name":"Alian\u00e7a Evang\u00e9lica Portuguesa","url":"https:\/\/aliancaevangelica.pt\/site\/","logo":{"@type":"ImageObject","inLanguage":"pt-PT","@id":"https:\/\/aliancaevangelica.pt\/site\/#\/schema\/logo\/image\/","url":"https:\/\/aliancaevangelica.pt\/site\/wp-content\/uploads\/2017\/11\/logo-AEP-cor.png","contentUrl":"https:\/\/aliancaevangelica.pt\/site\/wp-content\/uploads\/2017\/11\/logo-AEP-cor.png","width":1156,"height":672,"caption":"Alian\u00e7a Evang\u00e9lica Portuguesa"},"image":{"@id":"https:\/\/aliancaevangelica.pt\/site\/#\/schema\/logo\/image\/"},"sameAs":["http:\/\/facebook.com\/aeportuguesa","http:\/\/instagram.com\/aliancaep","http:\/\/youtube.com\/aeportuguesa"]},{"@type":"Person","@id":"https:\/\/aliancaevangelica.pt\/site\/#\/schema\/person\/3b47cfc7535eff1e820f31c2d67eafcf","name":"AEP","sameAs":["aeportugal"],"url":"https:\/\/aliancaevangelica.pt\/site\/author\/aeportugal\/"}]}},"uagb_featured_image_src":{"full":["https:\/\/aliancaevangelica.pt\/site\/wp-content\/uploads\/2023\/03\/2746026573_c70c071246_w.jpg",400,266,false],"thumbnail":["https:\/\/aliancaevangelica.pt\/site\/wp-content\/uploads\/2023\/03\/2746026573_c70c071246_w-150x150.jpg",150,150,true],"medium":["https:\/\/aliancaevangelica.pt\/site\/wp-content\/uploads\/2023\/03\/2746026573_c70c071246_w-300x200.jpg",300,200,true],"medium_large":["https:\/\/aliancaevangelica.pt\/site\/wp-content\/uploads\/2023\/03\/2746026573_c70c071246_w.jpg",400,266,false],"large":["https:\/\/aliancaevangelica.pt\/site\/wp-content\/uploads\/2023\/03\/2746026573_c70c071246_w.jpg",400,266,false],"1536x1536":["https:\/\/aliancaevangelica.pt\/site\/wp-content\/uploads\/2023\/03\/2746026573_c70c071246_w.jpg",400,266,false],"2048x2048":["https:\/\/aliancaevangelica.pt\/site\/wp-content\/uploads\/2023\/03\/2746026573_c70c071246_w.jpg",400,266,false],"vp_sm":["https:\/\/aliancaevangelica.pt\/site\/wp-content\/uploads\/2023\/03\/2746026573_c70c071246_w.jpg",400,266,false],"vp_md":["https:\/\/aliancaevangelica.pt\/site\/wp-content\/uploads\/2023\/03\/2746026573_c70c071246_w.jpg",400,266,false],"vp_lg":["https:\/\/aliancaevangelica.pt\/site\/wp-content\/uploads\/2023\/03\/2746026573_c70c071246_w.jpg",400,266,false],"vp_xl":["https:\/\/aliancaevangelica.pt\/site\/wp-content\/uploads\/2023\/03\/2746026573_c70c071246_w.jpg",400,266,false],"vp_sm_popup":["https:\/\/aliancaevangelica.pt\/site\/wp-content\/uploads\/2023\/03\/2746026573_c70c071246_w.jpg",400,266,false],"vp_md_popup":["https:\/\/aliancaevangelica.pt\/site\/wp-content\/uploads\/2023\/03\/2746026573_c70c071246_w.jpg",400,266,false],"vp_xl_popup":["https:\/\/aliancaevangelica.pt\/site\/wp-content\/uploads\/2023\/03\/2746026573_c70c071246_w.jpg",400,266,false],"newsx-150x100":["https:\/\/aliancaevangelica.pt\/site\/wp-content\/uploads\/2023\/03\/2746026573_c70c071246_w.jpg",150,100,false],"newsx-330x220":["https:\/\/aliancaevangelica.pt\/site\/wp-content\/uploads\/2023\/03\/2746026573_c70c071246_w.jpg",330,220,false],"newsx-420x280":["https:\/\/aliancaevangelica.pt\/site\/wp-content\/uploads\/2023\/03\/2746026573_c70c071246_w.jpg",400,266,false],"newsx-510x340":["https:\/\/aliancaevangelica.pt\/site\/wp-content\/uploads\/2023\/03\/2746026573_c70c071246_w.jpg",400,266,false],"newsx-640x480":["https:\/\/aliancaevangelica.pt\/site\/wp-content\/uploads\/2023\/03\/2746026573_c70c071246_w.jpg",400,266,false],"newsx-670x370":["https:\/\/aliancaevangelica.pt\/site\/wp-content\/uploads\/2023\/03\/2746026573_c70c071246_w.jpg",400,266,false],"newsx-860x570":["https:\/\/aliancaevangelica.pt\/site\/wp-content\/uploads\/2023\/03\/2746026573_c70c071246_w.jpg",400,266,false],"newsx-1000x750":["https:\/\/aliancaevangelica.pt\/site\/wp-content\/uploads\/2023\/03\/2746026573_c70c071246_w.jpg",400,266,false],"newsx-1200x600":["https:\/\/aliancaevangelica.pt\/site\/wp-content\/uploads\/2023\/03\/2746026573_c70c071246_w.jpg",400,266,false]},"uagb_author_info":{"display_name":"AEP","author_link":"https:\/\/aliancaevangelica.pt\/site\/author\/aeportugal\/"},"uagb_comment_info":0,"uagb_excerpt":"Tendo tido conhecimento da ocorr\u00eancia dos dois homic\u00eddios hoje no vosso Centro em Lisboa, a Alian\u00e7a Evang\u00e9lica Portuguesa vem, por este meio, manifestar a sua mais profunda solidariedade e pesar \u00e0s fam\u00edlias das v\u00edtimas e a toda a comunidade Ismaili no nosso pa\u00eds. Desconhecemos detalhes sobre a ocorr\u00eancia, mas a aproxima\u00e7\u00e3o que as nossas comunidades","_links":{"self":[{"href":"https:\/\/aliancaevangelica.pt\/site\/wp-json\/wp\/v2\/posts\/20027","targetHints":{"allow":["GET"]}}],"collection":[{"href":"https:\/\/aliancaevangelica.pt\/site\/wp-json\/wp\/v2\/posts"}],"about":[{"href":"https:\/\/aliancaevangelica.pt\/site\/wp-json\/wp\/v2\/types\/post"}],"author":[{"embeddable":true,"href":"https:\/\/aliancaevangelica.pt\/site\/wp-json\/wp\/v2\/users\/2"}],"replies":[{"embeddable":true,"href":"https:\/\/aliancaevangelica.pt\/site\/wp-json\/wp\/v2\/comments?post=20027"}],"version-history":[{"count":2,"href":"https:\/\/aliancaevangelica.pt\/site\/wp-json\/wp\/v2\/posts\/20027\/revisions"}],"predecessor-version":[{"id":20031,"href":"https:\/\/aliancaevangelica.pt\/site\/wp-json\/wp\/v2\/posts\/20027\/revisions\/20031"}],"wp:featuredmedia":[{"embeddable":true,"href":"https:\/\/aliancaevangelica.pt\/site\/wp-json\/wp\/v2\/media\/20028"}],"wp:attachment":[{"href":"https:\/\/aliancaevangelica.pt\/site\/wp-json\/wp\/v2\/media?parent=20027"}],"wp:term":[{"taxonomy":"category","embeddable":true,"href":"https:\/\/aliancaevangelica.pt\/site\/wp-json\/wp\/v2\/categories?post=20027"},{"taxonomy":"post_tag","embeddable":true,"href":"https:\/\/aliancaevangelica.pt\/site\/wp-json\/wp\/v2\/tags?post=20027"}],"curies":[{"name":"wp","href":"https:\/\/api.w.org\/{rel}","templated":true}]}}