{"id":20001,"date":"2023-03-06T13:03:06","date_gmt":"2023-03-06T13:03:06","guid":{"rendered":"https:\/\/aliancaevangelica.pt\/site\/?p=20001"},"modified":"2023-03-06T13:15:48","modified_gmt":"2023-03-06T13:15:48","slug":"ate-logo-amado-samuel","status":"publish","type":"post","link":"https:\/\/aliancaevangelica.pt\/site\/ate-logo-amado-samuel\/","title":{"rendered":"At\u00e9 logo, amado Samuel!"},"content":{"rendered":"\n<p>\u00c9 com pesar que comunicamos que o nosso amado irm\u00e3o evangelista Samuel Pinheiro partiu para o Senhor no passado dia 1 de Mar\u00e7o. Centenas de pessoas, entre irm\u00e3os, amigos, colegas, ex-alunos etc\u2026 marcaram presen\u00e7a na \u00faltima homenagem prestada a este nosso her\u00f3i da f\u00e9, para al\u00e9m das in\u00fameras mensagens de consolo e apare\u00e7o recebidas por diversos setores p\u00fablicos e religiosos.<\/p>\n\n\n\n<figure class=\"wp-block-gallery columns-3 is-cropped wp-block-gallery-1 is-layout-flex wp-block-gallery-is-layout-flex\"><ul class=\"blocks-gallery-grid\"><li class=\"blocks-gallery-item\"><figure><img loading=\"lazy\" decoding=\"async\" width=\"720\" height=\"960\" src=\"https:\/\/aliancaevangelica.pt\/site\/wp-content\/uploads\/2023\/03\/WhatsApp-Image-2023-03-03-at-16.52.57.jpeg\" alt=\"\" data-id=\"20007\" data-full-url=\"https:\/\/aliancaevangelica.pt\/site\/wp-content\/uploads\/2023\/03\/WhatsApp-Image-2023-03-03-at-16.52.57.jpeg\" data-link=\"https:\/\/aliancaevangelica.pt\/site\/?attachment_id=20007\" class=\"wp-image-20007\" srcset=\"https:\/\/aliancaevangelica.pt\/site\/wp-content\/uploads\/2023\/03\/WhatsApp-Image-2023-03-03-at-16.52.57.jpeg 720w, https:\/\/aliancaevangelica.pt\/site\/wp-content\/uploads\/2023\/03\/WhatsApp-Image-2023-03-03-at-16.52.57-225x300.jpeg 225w, https:\/\/aliancaevangelica.pt\/site\/wp-content\/uploads\/2023\/03\/WhatsApp-Image-2023-03-03-at-16.52.57-560x747.jpeg 560w\" sizes=\"auto, (max-width: 720px) 100vw, 720px\" \/><\/figure><\/li><li class=\"blocks-gallery-item\"><figure><img loading=\"lazy\" decoding=\"async\" width=\"720\" height=\"480\" src=\"https:\/\/aliancaevangelica.pt\/site\/wp-content\/uploads\/2023\/03\/WhatsApp-Image-2023-03-03-at-16.52.59.jpeg\" alt=\"\" data-id=\"20006\" data-full-url=\"https:\/\/aliancaevangelica.pt\/site\/wp-content\/uploads\/2023\/03\/WhatsApp-Image-2023-03-03-at-16.52.59.jpeg\" data-link=\"https:\/\/aliancaevangelica.pt\/site\/?attachment_id=20006\" class=\"wp-image-20006\" srcset=\"https:\/\/aliancaevangelica.pt\/site\/wp-content\/uploads\/2023\/03\/WhatsApp-Image-2023-03-03-at-16.52.59.jpeg 720w, https:\/\/aliancaevangelica.pt\/site\/wp-content\/uploads\/2023\/03\/WhatsApp-Image-2023-03-03-at-16.52.59-300x200.jpeg 300w\" sizes=\"auto, (max-width: 720px) 100vw, 720px\" \/><\/figure><\/li><li class=\"blocks-gallery-item\"><figure><img loading=\"lazy\" decoding=\"async\" width=\"768\" height=\"1024\" src=\"https:\/\/aliancaevangelica.pt\/site\/wp-content\/uploads\/2023\/03\/WhatsApp-Image-2023-03-06-at-13.14.30-768x1024.jpeg\" alt=\"\" data-id=\"20010\" data-full-url=\"https:\/\/aliancaevangelica.pt\/site\/wp-content\/uploads\/2023\/03\/WhatsApp-Image-2023-03-06-at-13.14.30.jpeg\" data-link=\"https:\/\/aliancaevangelica.pt\/site\/ate-logo-amado-samuel\/whatsapp-image-2023-03-06-at-13-14-30\/\" class=\"wp-image-20010\" srcset=\"https:\/\/aliancaevangelica.pt\/site\/wp-content\/uploads\/2023\/03\/WhatsApp-Image-2023-03-06-at-13.14.30-768x1024.jpeg 768w, https:\/\/aliancaevangelica.pt\/site\/wp-content\/uploads\/2023\/03\/WhatsApp-Image-2023-03-06-at-13.14.30-225x300.jpeg 225w, https:\/\/aliancaevangelica.pt\/site\/wp-content\/uploads\/2023\/03\/WhatsApp-Image-2023-03-06-at-13.14.30-1152x1536.jpeg 1152w, https:\/\/aliancaevangelica.pt\/site\/wp-content\/uploads\/2023\/03\/WhatsApp-Image-2023-03-06-at-13.14.30-560x747.jpeg 560w, https:\/\/aliancaevangelica.pt\/site\/wp-content\/uploads\/2023\/03\/WhatsApp-Image-2023-03-06-at-13.14.30-840x1120.jpeg 840w, https:\/\/aliancaevangelica.pt\/site\/wp-content\/uploads\/2023\/03\/WhatsApp-Image-2023-03-06-at-13.14.30.jpeg 1440w\" sizes=\"auto, (max-width: 768px) 100vw, 768px\" \/><\/figure><\/li><\/ul><\/figure>\n\n\n\n<p>Desbravou muito terreno para que, ainda hoje, a Palavra de Deus possa continuar a alcan\u00e7ar mais gera\u00e7\u00f5es na nossa na\u00e7\u00e3o.<\/p>\n\n\n\n<p>Estamos gratos a Deus pela sua vida e pelo enorme legado que nos deixa.<\/p>\n\n\n\n<p>De seguida, partilhamos a mensagem deixada pelo presidente da Alian\u00e7a Evang\u00e9lica Portuguesa, Dr Tim\u00f3teo Cavaco, que nos recorda o &#8220;bom aroma de Cristo&#8221; que o irm\u00e3o Samuel a todos nos deixou\u2026<\/p>\n\n\n\n<div class=\"wp-block-file\"><a href=\"https:\/\/aliancaevangelica.pt\/site\/wp-content\/uploads\/2023\/03\/Samuel-Pinheiro.pdf\">Samuel-Pinheiro<\/a><a href=\"https:\/\/aliancaevangelica.pt\/site\/wp-content\/uploads\/2023\/03\/Samuel-Pinheiro.pdf\" class=\"wp-block-file__button\" download>Descarregar<\/a><\/div>\n","protected":false},"excerpt":{"rendered":"<p>\u00c9 com pesar que comunicamos que o nosso amado irm\u00e3o evangelista Samuel Pinheiro partiu para o Senhor no passado dia 1 de Mar\u00e7o. Centenas de pessoas, entre irm\u00e3os, amigos, colegas, ex-alunos etc\u2026 marcaram presen\u00e7a na \u00faltima homenagem prestada a este nosso her\u00f3i da f\u00e9, para al\u00e9m das in\u00fameras mensagens de consolo e apare\u00e7o recebidas por<\/p>\n","protected":false},"author":2,"featured_media":20005,"comment_status":"open","ping_status":"open","sticky":false,"template":"","format":"standard","meta":{"_uag_custom_page_level_css":"","_themeisle_gutenberg_block_has_review":false,"_vp_format_video_url":"","_vp_image_focal_point":[],"footnotes":""},"categories":[45,3],"tags":[142,143],"class_list":["post-20001","post","type-post","status-publish","format-standard","has-post-thumbnail","hentry","category-geral","category-artigos-gerais","tag-4-anuncios","tag-noticias"],"yoast_head":"<!-- This site is optimized with the Yoast SEO plugin v27.5 - https:\/\/yoast.com\/product\/yoast-seo-wordpress\/ -->\n<title>At\u00e9 logo, amado Samuel! - AEP<\/title>\n<meta name=\"robots\" content=\"index, follow, max-snippet:-1, max-image-preview:large, max-video-preview:-1\" \/>\n<link rel=\"canonical\" href=\"https:\/\/aliancaevangelica.pt\/site\/ate-logo-amado-samuel\/\" \/>\n<meta property=\"og:locale\" content=\"pt_PT\" \/>\n<meta property=\"og:type\" content=\"article\" \/>\n<meta property=\"og:title\" content=\"At\u00e9 logo, amado Samuel! - AEP\" \/>\n<meta property=\"og:description\" content=\"\u00c9 com pesar que comunicamos que o nosso amado irm\u00e3o evangelista Samuel Pinheiro partiu para o Senhor no passado dia 1 de Mar\u00e7o. Centenas de pessoas, entre irm\u00e3os, amigos, colegas, ex-alunos etc\u2026 marcaram presen\u00e7a na \u00faltima homenagem prestada a este nosso her\u00f3i da f\u00e9, para al\u00e9m das in\u00fameras mensagens de consolo e apare\u00e7o recebidas por\" \/>\n<meta property=\"og:url\" content=\"https:\/\/aliancaevangelica.pt\/site\/ate-logo-amado-samuel\/\" \/>\n<meta property=\"og:site_name\" content=\"AEP\" \/>\n<meta property=\"article:publisher\" content=\"http:\/\/facebook.com\/aeportuguesa\" \/>\n<meta property=\"article:author\" content=\"aeportugal\" \/>\n<meta property=\"article:published_time\" content=\"2023-03-06T13:03:06+00:00\" \/>\n<meta property=\"article:modified_time\" content=\"2023-03-06T13:15:48+00:00\" \/>\n<meta property=\"og:image\" content=\"https:\/\/aliancaevangelica.pt\/site\/wp-content\/uploads\/2023\/03\/WhatsApp-Image-2023-03-03-at-16.54.37.jpeg\" \/>\n\t<meta property=\"og:image:width\" content=\"720\" \/>\n\t<meta property=\"og:image:height\" content=\"604\" \/>\n\t<meta property=\"og:image:type\" content=\"image\/jpeg\" \/>\n<meta name=\"author\" content=\"AEP\" \/>\n<meta name=\"twitter:card\" content=\"summary_large_image\" \/>\n<meta name=\"twitter:label1\" content=\"Escrito por\" \/>\n\t<meta name=\"twitter:data1\" content=\"AEP\" \/>\n\t<meta name=\"twitter:label2\" content=\"Tempo estimado de leitura\" \/>\n\t<meta name=\"twitter:data2\" content=\"1 minuto\" \/>\n<script type=\"application\/ld+json\" class=\"yoast-schema-graph\">{\"@context\":\"https:\\\/\\\/schema.org\",\"@graph\":[{\"@type\":\"Article\",\"@id\":\"https:\\\/\\\/aliancaevangelica.pt\\\/site\\\/ate-logo-amado-samuel\\\/#article\",\"isPartOf\":{\"@id\":\"https:\\\/\\\/aliancaevangelica.pt\\\/site\\\/ate-logo-amado-samuel\\\/\"},\"author\":{\"name\":\"AEP\",\"@id\":\"https:\\\/\\\/aliancaevangelica.pt\\\/site\\\/#\\\/schema\\\/person\\\/3b47cfc7535eff1e820f31c2d67eafcf\"},\"headline\":\"At\u00e9 logo, amado Samuel!\",\"datePublished\":\"2023-03-06T13:03:06+00:00\",\"dateModified\":\"2023-03-06T13:15:48+00:00\",\"mainEntityOfPage\":{\"@id\":\"https:\\\/\\\/aliancaevangelica.pt\\\/site\\\/ate-logo-amado-samuel\\\/\"},\"wordCount\":145,\"commentCount\":0,\"publisher\":{\"@id\":\"https:\\\/\\\/aliancaevangelica.pt\\\/site\\\/#organization\"},\"image\":{\"@id\":\"https:\\\/\\\/aliancaevangelica.pt\\\/site\\\/ate-logo-amado-samuel\\\/#primaryimage\"},\"thumbnailUrl\":\"https:\\\/\\\/aliancaevangelica.pt\\\/site\\\/wp-content\\\/uploads\\\/2023\\\/03\\\/WhatsApp-Image-2023-03-03-at-16.54.37.jpeg\",\"keywords\":[\"4-An\u00fancios\",\"Not\u00edcias\"],\"articleSection\":[\"1-Geral\",\"2-Artigos Gerais\"],\"inLanguage\":\"pt-PT\",\"potentialAction\":[{\"@type\":\"CommentAction\",\"name\":\"Comment\",\"target\":[\"https:\\\/\\\/aliancaevangelica.pt\\\/site\\\/ate-logo-amado-samuel\\\/#respond\"]}]},{\"@type\":\"WebPage\",\"@id\":\"https:\\\/\\\/aliancaevangelica.pt\\\/site\\\/ate-logo-amado-samuel\\\/\",\"url\":\"https:\\\/\\\/aliancaevangelica.pt\\\/site\\\/ate-logo-amado-samuel\\\/\",\"name\":\"At\u00e9 logo, amado Samuel! - AEP\",\"isPartOf\":{\"@id\":\"https:\\\/\\\/aliancaevangelica.pt\\\/site\\\/#website\"},\"primaryImageOfPage\":{\"@id\":\"https:\\\/\\\/aliancaevangelica.pt\\\/site\\\/ate-logo-amado-samuel\\\/#primaryimage\"},\"image\":{\"@id\":\"https:\\\/\\\/aliancaevangelica.pt\\\/site\\\/ate-logo-amado-samuel\\\/#primaryimage\"},\"thumbnailUrl\":\"https:\\\/\\\/aliancaevangelica.pt\\\/site\\\/wp-content\\\/uploads\\\/2023\\\/03\\\/WhatsApp-Image-2023-03-03-at-16.54.37.jpeg\",\"datePublished\":\"2023-03-06T13:03:06+00:00\",\"dateModified\":\"2023-03-06T13:15:48+00:00\",\"breadcrumb\":{\"@id\":\"https:\\\/\\\/aliancaevangelica.pt\\\/site\\\/ate-logo-amado-samuel\\\/#breadcrumb\"},\"inLanguage\":\"pt-PT\",\"potentialAction\":[{\"@type\":\"ReadAction\",\"target\":[\"https:\\\/\\\/aliancaevangelica.pt\\\/site\\\/ate-logo-amado-samuel\\\/\"]}]},{\"@type\":\"ImageObject\",\"inLanguage\":\"pt-PT\",\"@id\":\"https:\\\/\\\/aliancaevangelica.pt\\\/site\\\/ate-logo-amado-samuel\\\/#primaryimage\",\"url\":\"https:\\\/\\\/aliancaevangelica.pt\\\/site\\\/wp-content\\\/uploads\\\/2023\\\/03\\\/WhatsApp-Image-2023-03-03-at-16.54.37.jpeg\",\"contentUrl\":\"https:\\\/\\\/aliancaevangelica.pt\\\/site\\\/wp-content\\\/uploads\\\/2023\\\/03\\\/WhatsApp-Image-2023-03-03-at-16.54.37.jpeg\",\"width\":720,\"height\":604},{\"@type\":\"BreadcrumbList\",\"@id\":\"https:\\\/\\\/aliancaevangelica.pt\\\/site\\\/ate-logo-amado-samuel\\\/#breadcrumb\",\"itemListElement\":[{\"@type\":\"ListItem\",\"position\":1,\"name\":\"In\u00edcio\",\"item\":\"https:\\\/\\\/aliancaevangelica.pt\\\/site\\\/\"},{\"@type\":\"ListItem\",\"position\":2,\"name\":\"At\u00e9 logo, amado Samuel!\"}]},{\"@type\":\"WebSite\",\"@id\":\"https:\\\/\\\/aliancaevangelica.pt\\\/site\\\/#website\",\"url\":\"https:\\\/\\\/aliancaevangelica.pt\\\/site\\\/\",\"name\":\"Alian\u00e7a Evang\u00e9lica Portuguesa\",\"description\":\"Alian\u00e7a Evang\u00e9lica Portuguesa\",\"publisher\":{\"@id\":\"https:\\\/\\\/aliancaevangelica.pt\\\/site\\\/#organization\"},\"potentialAction\":[{\"@type\":\"SearchAction\",\"target\":{\"@type\":\"EntryPoint\",\"urlTemplate\":\"https:\\\/\\\/aliancaevangelica.pt\\\/site\\\/?s={search_term_string}\"},\"query-input\":{\"@type\":\"PropertyValueSpecification\",\"valueRequired\":true,\"valueName\":\"search_term_string\"}}],\"inLanguage\":\"pt-PT\"},{\"@type\":\"Organization\",\"@id\":\"https:\\\/\\\/aliancaevangelica.pt\\\/site\\\/#organization\",\"name\":\"Alian\u00e7a Evang\u00e9lica Portuguesa\",\"url\":\"https:\\\/\\\/aliancaevangelica.pt\\\/site\\\/\",\"logo\":{\"@type\":\"ImageObject\",\"inLanguage\":\"pt-PT\",\"@id\":\"https:\\\/\\\/aliancaevangelica.pt\\\/site\\\/#\\\/schema\\\/logo\\\/image\\\/\",\"url\":\"https:\\\/\\\/aliancaevangelica.pt\\\/site\\\/wp-content\\\/uploads\\\/2017\\\/11\\\/logo-AEP-cor.png\",\"contentUrl\":\"https:\\\/\\\/aliancaevangelica.pt\\\/site\\\/wp-content\\\/uploads\\\/2017\\\/11\\\/logo-AEP-cor.png\",\"width\":1156,\"height\":672,\"caption\":\"Alian\u00e7a Evang\u00e9lica Portuguesa\"},\"image\":{\"@id\":\"https:\\\/\\\/aliancaevangelica.pt\\\/site\\\/#\\\/schema\\\/logo\\\/image\\\/\"},\"sameAs\":[\"http:\\\/\\\/facebook.com\\\/aeportuguesa\",\"http:\\\/\\\/instagram.com\\\/aliancaep\",\"http:\\\/\\\/youtube.com\\\/aeportuguesa\"]},{\"@type\":\"Person\",\"@id\":\"https:\\\/\\\/aliancaevangelica.pt\\\/site\\\/#\\\/schema\\\/person\\\/3b47cfc7535eff1e820f31c2d67eafcf\",\"name\":\"AEP\",\"sameAs\":[\"aeportugal\"],\"url\":\"https:\\\/\\\/aliancaevangelica.pt\\\/site\\\/author\\\/aeportugal\\\/\"}]}<\/script>\n<!-- \/ Yoast SEO plugin. -->","yoast_head_json":{"title":"At\u00e9 logo, amado Samuel! - AEP","robots":{"index":"index","follow":"follow","max-snippet":"max-snippet:-1","max-image-preview":"max-image-preview:large","max-video-preview":"max-video-preview:-1"},"canonical":"https:\/\/aliancaevangelica.pt\/site\/ate-logo-amado-samuel\/","og_locale":"pt_PT","og_type":"article","og_title":"At\u00e9 logo, amado Samuel! - AEP","og_description":"\u00c9 com pesar que comunicamos que o nosso amado irm\u00e3o evangelista Samuel Pinheiro partiu para o Senhor no passado dia 1 de Mar\u00e7o. Centenas de pessoas, entre irm\u00e3os, amigos, colegas, ex-alunos etc\u2026 marcaram presen\u00e7a na \u00faltima homenagem prestada a este nosso her\u00f3i da f\u00e9, para al\u00e9m das in\u00fameras mensagens de consolo e apare\u00e7o recebidas por","og_url":"https:\/\/aliancaevangelica.pt\/site\/ate-logo-amado-samuel\/","og_site_name":"AEP","article_publisher":"http:\/\/facebook.com\/aeportuguesa","article_author":"aeportugal","article_published_time":"2023-03-06T13:03:06+00:00","article_modified_time":"2023-03-06T13:15:48+00:00","og_image":[{"width":720,"height":604,"url":"https:\/\/aliancaevangelica.pt\/site\/wp-content\/uploads\/2023\/03\/WhatsApp-Image-2023-03-03-at-16.54.37.jpeg","type":"image\/jpeg"}],"author":"AEP","twitter_card":"summary_large_image","twitter_misc":{"Escrito por":"AEP","Tempo estimado de leitura":"1 minuto"},"schema":{"@context":"https:\/\/schema.org","@graph":[{"@type":"Article","@id":"https:\/\/aliancaevangelica.pt\/site\/ate-logo-amado-samuel\/#article","isPartOf":{"@id":"https:\/\/aliancaevangelica.pt\/site\/ate-logo-amado-samuel\/"},"author":{"name":"AEP","@id":"https:\/\/aliancaevangelica.pt\/site\/#\/schema\/person\/3b47cfc7535eff1e820f31c2d67eafcf"},"headline":"At\u00e9 logo, amado Samuel!","datePublished":"2023-03-06T13:03:06+00:00","dateModified":"2023-03-06T13:15:48+00:00","mainEntityOfPage":{"@id":"https:\/\/aliancaevangelica.pt\/site\/ate-logo-amado-samuel\/"},"wordCount":145,"commentCount":0,"publisher":{"@id":"https:\/\/aliancaevangelica.pt\/site\/#organization"},"image":{"@id":"https:\/\/aliancaevangelica.pt\/site\/ate-logo-amado-samuel\/#primaryimage"},"thumbnailUrl":"https:\/\/aliancaevangelica.pt\/site\/wp-content\/uploads\/2023\/03\/WhatsApp-Image-2023-03-03-at-16.54.37.jpeg","keywords":["4-An\u00fancios","Not\u00edcias"],"articleSection":["1-Geral","2-Artigos Gerais"],"inLanguage":"pt-PT","potentialAction":[{"@type":"CommentAction","name":"Comment","target":["https:\/\/aliancaevangelica.pt\/site\/ate-logo-amado-samuel\/#respond"]}]},{"@type":"WebPage","@id":"https:\/\/aliancaevangelica.pt\/site\/ate-logo-amado-samuel\/","url":"https:\/\/aliancaevangelica.pt\/site\/ate-logo-amado-samuel\/","name":"At\u00e9 logo, amado Samuel! - AEP","isPartOf":{"@id":"https:\/\/aliancaevangelica.pt\/site\/#website"},"primaryImageOfPage":{"@id":"https:\/\/aliancaevangelica.pt\/site\/ate-logo-amado-samuel\/#primaryimage"},"image":{"@id":"https:\/\/aliancaevangelica.pt\/site\/ate-logo-amado-samuel\/#primaryimage"},"thumbnailUrl":"https:\/\/aliancaevangelica.pt\/site\/wp-content\/uploads\/2023\/03\/WhatsApp-Image-2023-03-03-at-16.54.37.jpeg","datePublished":"2023-03-06T13:03:06+00:00","dateModified":"2023-03-06T13:15:48+00:00","breadcrumb":{"@id":"https:\/\/aliancaevangelica.pt\/site\/ate-logo-amado-samuel\/#breadcrumb"},"inLanguage":"pt-PT","potentialAction":[{"@type":"ReadAction","target":["https:\/\/aliancaevangelica.pt\/site\/ate-logo-amado-samuel\/"]}]},{"@type":"ImageObject","inLanguage":"pt-PT","@id":"https:\/\/aliancaevangelica.pt\/site\/ate-logo-amado-samuel\/#primaryimage","url":"https:\/\/aliancaevangelica.pt\/site\/wp-content\/uploads\/2023\/03\/WhatsApp-Image-2023-03-03-at-16.54.37.jpeg","contentUrl":"https:\/\/aliancaevangelica.pt\/site\/wp-content\/uploads\/2023\/03\/WhatsApp-Image-2023-03-03-at-16.54.37.jpeg","width":720,"height":604},{"@type":"BreadcrumbList","@id":"https:\/\/aliancaevangelica.pt\/site\/ate-logo-amado-samuel\/#breadcrumb","itemListElement":[{"@type":"ListItem","position":1,"name":"In\u00edcio","item":"https:\/\/aliancaevangelica.pt\/site\/"},{"@type":"ListItem","position":2,"name":"At\u00e9 logo, amado Samuel!"}]},{"@type":"WebSite","@id":"https:\/\/aliancaevangelica.pt\/site\/#website","url":"https:\/\/aliancaevangelica.pt\/site\/","name":"Alian\u00e7a Evang\u00e9lica Portuguesa","description":"Alian\u00e7a Evang\u00e9lica Portuguesa","publisher":{"@id":"https:\/\/aliancaevangelica.pt\/site\/#organization"},"potentialAction":[{"@type":"SearchAction","target":{"@type":"EntryPoint","urlTemplate":"https:\/\/aliancaevangelica.pt\/site\/?s={search_term_string}"},"query-input":{"@type":"PropertyValueSpecification","valueRequired":true,"valueName":"search_term_string"}}],"inLanguage":"pt-PT"},{"@type":"Organization","@id":"https:\/\/aliancaevangelica.pt\/site\/#organization","name":"Alian\u00e7a Evang\u00e9lica Portuguesa","url":"https:\/\/aliancaevangelica.pt\/site\/","logo":{"@type":"ImageObject","inLanguage":"pt-PT","@id":"https:\/\/aliancaevangelica.pt\/site\/#\/schema\/logo\/image\/","url":"https:\/\/aliancaevangelica.pt\/site\/wp-content\/uploads\/2017\/11\/logo-AEP-cor.png","contentUrl":"https:\/\/aliancaevangelica.pt\/site\/wp-content\/uploads\/2017\/11\/logo-AEP-cor.png","width":1156,"height":672,"caption":"Alian\u00e7a Evang\u00e9lica Portuguesa"},"image":{"@id":"https:\/\/aliancaevangelica.pt\/site\/#\/schema\/logo\/image\/"},"sameAs":["http:\/\/facebook.com\/aeportuguesa","http:\/\/instagram.com\/aliancaep","http:\/\/youtube.com\/aeportuguesa"]},{"@type":"Person","@id":"https:\/\/aliancaevangelica.pt\/site\/#\/schema\/person\/3b47cfc7535eff1e820f31c2d67eafcf","name":"AEP","sameAs":["aeportugal"],"url":"https:\/\/aliancaevangelica.pt\/site\/author\/aeportugal\/"}]}},"uagb_featured_image_src":{"full":["https:\/\/aliancaevangelica.pt\/site\/wp-content\/uploads\/2023\/03\/WhatsApp-Image-2023-03-03-at-16.54.37.jpeg",720,604,false],"thumbnail":["https:\/\/aliancaevangelica.pt\/site\/wp-content\/uploads\/2023\/03\/WhatsApp-Image-2023-03-03-at-16.54.37-150x150.jpeg",150,150,true],"medium":["https:\/\/aliancaevangelica.pt\/site\/wp-content\/uploads\/2023\/03\/WhatsApp-Image-2023-03-03-at-16.54.37-300x252.jpeg",300,252,true],"medium_large":["https:\/\/aliancaevangelica.pt\/site\/wp-content\/uploads\/2023\/03\/WhatsApp-Image-2023-03-03-at-16.54.37.jpeg",720,604,false],"large":["https:\/\/aliancaevangelica.pt\/site\/wp-content\/uploads\/2023\/03\/WhatsApp-Image-2023-03-03-at-16.54.37.jpeg",720,604,false],"1536x1536":["https:\/\/aliancaevangelica.pt\/site\/wp-content\/uploads\/2023\/03\/WhatsApp-Image-2023-03-03-at-16.54.37.jpeg",720,604,false],"2048x2048":["https:\/\/aliancaevangelica.pt\/site\/wp-content\/uploads\/2023\/03\/WhatsApp-Image-2023-03-03-at-16.54.37.jpeg",720,604,false],"vp_sm":["https:\/\/aliancaevangelica.pt\/site\/wp-content\/uploads\/2023\/03\/WhatsApp-Image-2023-03-03-at-16.54.37.jpeg",500,419,false],"vp_md":["https:\/\/aliancaevangelica.pt\/site\/wp-content\/uploads\/2023\/03\/WhatsApp-Image-2023-03-03-at-16.54.37.jpeg",720,604,false],"vp_lg":["https:\/\/aliancaevangelica.pt\/site\/wp-content\/uploads\/2023\/03\/WhatsApp-Image-2023-03-03-at-16.54.37.jpeg",720,604,false],"vp_xl":["https:\/\/aliancaevangelica.pt\/site\/wp-content\/uploads\/2023\/03\/WhatsApp-Image-2023-03-03-at-16.54.37.jpeg",720,604,false],"vp_sm_popup":["https:\/\/aliancaevangelica.pt\/site\/wp-content\/uploads\/2023\/03\/WhatsApp-Image-2023-03-03-at-16.54.37.jpeg",500,419,false],"vp_md_popup":["https:\/\/aliancaevangelica.pt\/site\/wp-content\/uploads\/2023\/03\/WhatsApp-Image-2023-03-03-at-16.54.37.jpeg",720,604,false],"vp_xl_popup":["https:\/\/aliancaevangelica.pt\/site\/wp-content\/uploads\/2023\/03\/WhatsApp-Image-2023-03-03-at-16.54.37.jpeg",720,604,false],"newsx-150x100":["https:\/\/aliancaevangelica.pt\/site\/wp-content\/uploads\/2023\/03\/WhatsApp-Image-2023-03-03-at-16.54.37.jpeg",119,100,false],"newsx-330x220":["https:\/\/aliancaevangelica.pt\/site\/wp-content\/uploads\/2023\/03\/WhatsApp-Image-2023-03-03-at-16.54.37.jpeg",262,220,false],"newsx-420x280":["https:\/\/aliancaevangelica.pt\/site\/wp-content\/uploads\/2023\/03\/WhatsApp-Image-2023-03-03-at-16.54.37.jpeg",334,280,false],"newsx-510x340":["https:\/\/aliancaevangelica.pt\/site\/wp-content\/uploads\/2023\/03\/WhatsApp-Image-2023-03-03-at-16.54.37.jpeg",405,340,false],"newsx-640x480":["https:\/\/aliancaevangelica.pt\/site\/wp-content\/uploads\/2023\/03\/WhatsApp-Image-2023-03-03-at-16.54.37.jpeg",572,480,false],"newsx-670x370":["https:\/\/aliancaevangelica.pt\/site\/wp-content\/uploads\/2023\/03\/WhatsApp-Image-2023-03-03-at-16.54.37.jpeg",441,370,false],"newsx-860x570":["https:\/\/aliancaevangelica.pt\/site\/wp-content\/uploads\/2023\/03\/WhatsApp-Image-2023-03-03-at-16.54.37.jpeg",679,570,false],"newsx-1000x750":["https:\/\/aliancaevangelica.pt\/site\/wp-content\/uploads\/2023\/03\/WhatsApp-Image-2023-03-03-at-16.54.37.jpeg",720,604,false],"newsx-1200x600":["https:\/\/aliancaevangelica.pt\/site\/wp-content\/uploads\/2023\/03\/WhatsApp-Image-2023-03-03-at-16.54.37.jpeg",715,600,false]},"uagb_author_info":{"display_name":"AEP","author_link":"https:\/\/aliancaevangelica.pt\/site\/author\/aeportugal\/"},"uagb_comment_info":0,"uagb_excerpt":"\u00c9 com pesar que comunicamos que o nosso amado irm\u00e3o evangelista Samuel Pinheiro partiu para o Senhor no passado dia 1 de Mar\u00e7o. Centenas de pessoas, entre irm\u00e3os, amigos, colegas, ex-alunos etc\u2026 marcaram presen\u00e7a na \u00faltima homenagem prestada a este nosso her\u00f3i da f\u00e9, para al\u00e9m das in\u00fameras mensagens de consolo e apare\u00e7o recebidas por","_links":{"self":[{"href":"https:\/\/aliancaevangelica.pt\/site\/wp-json\/wp\/v2\/posts\/20001","targetHints":{"allow":["GET"]}}],"collection":[{"href":"https:\/\/aliancaevangelica.pt\/site\/wp-json\/wp\/v2\/posts"}],"about":[{"href":"https:\/\/aliancaevangelica.pt\/site\/wp-json\/wp\/v2\/types\/post"}],"author":[{"embeddable":true,"href":"https:\/\/aliancaevangelica.pt\/site\/wp-json\/wp\/v2\/users\/2"}],"replies":[{"embeddable":true,"href":"https:\/\/aliancaevangelica.pt\/site\/wp-json\/wp\/v2\/comments?post=20001"}],"version-history":[{"count":3,"href":"https:\/\/aliancaevangelica.pt\/site\/wp-json\/wp\/v2\/posts\/20001\/revisions"}],"predecessor-version":[{"id":20011,"href":"https:\/\/aliancaevangelica.pt\/site\/wp-json\/wp\/v2\/posts\/20001\/revisions\/20011"}],"wp:featuredmedia":[{"embeddable":true,"href":"https:\/\/aliancaevangelica.pt\/site\/wp-json\/wp\/v2\/media\/20005"}],"wp:attachment":[{"href":"https:\/\/aliancaevangelica.pt\/site\/wp-json\/wp\/v2\/media?parent=20001"}],"wp:term":[{"taxonomy":"category","embeddable":true,"href":"https:\/\/aliancaevangelica.pt\/site\/wp-json\/wp\/v2\/categories?post=20001"},{"taxonomy":"post_tag","embeddable":true,"href":"https:\/\/aliancaevangelica.pt\/site\/wp-json\/wp\/v2\/tags?post=20001"}],"curies":[{"name":"wp","href":"https:\/\/api.w.org\/{rel}","templated":true}]}}