{"id":19996,"date":"2023-03-08T08:30:00","date_gmt":"2023-03-08T08:30:00","guid":{"rendered":"https:\/\/aliancaevangelica.pt\/site\/?p=19996"},"modified":"2026-04-06T22:29:17","modified_gmt":"2026-04-06T22:29:17","slug":"mulher","status":"publish","type":"post","link":"https:\/\/aliancaevangelica.pt\/site\/mulher\/","title":{"rendered":"Mulher"},"content":{"rendered":"<p class=\"p1\"><b><i>\u201cO mundo de Deus \u00e9 dos humanos, mas n\u00e3o dos homens\u201d <\/i><\/b>(Caio F\u00e1bio)<\/p>\n<p class=\"p3\">Desci do p\u00falpito, cansada e feliz. A mensagem que entregara tinha sido, na minha \u00f3ptica, muito importante. Quando a reuni\u00e3o acabou, um cavalheiro cumprimentou-me e disse: \u201cParab\u00e9ns! Falou como um homem\u201d!<\/p>\n<p class=\"p3\">N\u00e3o sei se me estava a criticar porque perdi o meu jeito de mulher ou se me elogiava&#8230;n\u00e3o havia maneira de compreender o que queria dizer, tamb\u00e9m n\u00e3o tenho a certeza se ele saberia o que \u00e9 uma mulher&#8230;<\/p>\n<p class=\"p3\">A frase levou-me a uma longa reflex\u00e3o. Afinal, gosto de ir \u00e0s compras, de cozinhar, de limpar a minha casa, de telefonar \u00e1s minhas amigas, de \u201capaparicar\u201d a minha fam\u00edlia&#8230;mas tamb\u00e9m gosto de ler, de ouvir um bom debate pol\u00edtico, de discutir assuntos actuais, de fazer pesquisas, de escrever e (espantem-se!) de assistir a um bom jogo de futebol!<\/p>\n<p class=\"p3\">Ser\u00e1 que ser mulher tem a ver com fraqueza, medo, compet\u00eancia, intelig\u00eancia&#8230; (acho que como mulher, j\u00e1 estou a misturar tudo&#8230;)?<\/p>\n<p class=\"p3\">A reflex\u00e3o levou-me ao livro dos princ\u00edpios da B\u00edblia. Especialmente fez-me pensar o que estaria no cora\u00e7\u00e3o do Criador quando disse:<\/p>\n<p class=\"p3\"><b><i>\u201cN\u00e3o \u00e9 bom que o homem esteja s\u00f3&#8230;\u201d<\/i><\/b><\/p>\n<p class=\"p3\">Como \u00e9 que algu\u00e9m se atreve a por em causa uma declara\u00e7\u00e3o do Deus Todo-Poderoso? Foi Ele que afirmou <span class=\"s1\">n\u00e3o ser bom<\/span> o estado de solid\u00e3o do homem. Ad\u00e3o tinha visto todos os animais criados por Deus, tinha dado nomes a todos eles, mas n\u00e3o havia um \u00fanico que lhe fosse compat\u00edvel, que estivesse \u00e0 altura de quebrar essa solid\u00e3o, de preencher esse vazio na sua vida.<\/p>\n<p class=\"p3\">Fico feliz porque ser mulher n\u00e3o tem a ver apenas com o facto de preencher uma lacuna na vida f\u00edsica de um homem, de trazer para o lar o conforto e o calor necess\u00e1rios para a fam\u00edlia, mas com a afirma\u00e7\u00e3o divina de que fui<b> criada para preencher a vida de algu\u00e9m,<\/b> o que infere que esse estaria para sempre s\u00f3, se eu n\u00e3o tivesse chegado \u00e0 sua vida.<\/p>\n<p class=\"p3\"><em><b>\u201c&#8230;farei para ele algu\u00e9m que o auxilie&#8230;\u201d<\/b><\/em><\/p>\n<p class=\"p3\">Ao pensar nesta palavra \u201caux\u00edlio\u201d vem \u00e0 minha mente a imagem de algu\u00e9m que procura fazer uma determinada tarefa, mas n\u00e3o tem m\u00e3os a medir&#8230;precisa de ajuda. \u00c9 isso mesmo, Deus fez-me mulher n\u00e3o para ser escrava do homem, subordinada do homem, mas <b>colocou-me num lugar de honra \u2013 auxiliadora.<\/b> Significa que sem a mulher o homem n\u00e3o seria capaz de cumprir as suas tarefas, chegar onde almeja, carregar a responsabilidade que lhe foi entregue.<\/p>\n<p class=\"p3\"><em><b>\u201d&#8230;e lhe corresponda\u201d.<\/b><\/em><\/p>\n<p class=\"p3\">Esta foi a raz\u00e3o pela qual Deus se deu ao trabalho de tirar do corpo do homem algo que lhe correspondesse: um ser da mesma natureza, com a mesma intelig\u00eancia, com os mesmos desejos e anseios. Tudo o que os homens t\u00eam feito e desfeito \u00e0 mulher ao longo dos s\u00e9culos, \u00e9 absolutamente contr\u00e1rio ao desejo e plano divinos ao criar este ser t\u00e3o especial. Deus fez a mulher para uma correspond\u00eancia, que no original significa \u201cface a face\u201d, para ser igual ao homem na tarefa de dominar o mundo, de frutificar e aben\u00e7oar.<\/p>\n<p class=\"p3\">A raz\u00e3o por que Deus n\u00e3o fez a mulher igual ao homem, al\u00e9m das diferen\u00e7as f\u00edsicas necess\u00e1rias para a tal correspond\u00eancia, tem a ver com o facto maravilhoso que Deus nunca cria seres em s\u00e9rie, cada uma das Suas obras \u00e9 \u00fanica e perfeita. Mas fez a mulher da mesma esp\u00e9cie. Com o mesmo sentido de eternidade e com a mesma capacidade de alcan\u00e7ar um mesmo patamar de dom\u00ednio e de governo, de produzir e encontrar como o homem, meios de subsistir.<\/p>\n<p class=\"p3\">Infelizmente vemos sempre a hist\u00f3ria humana depois do cap\u00edtulo 3 do G\u00e9nesis, quando dever\u00edamos focar-nos naquilo que Deus planeou antes e que o pecado sujou e estragou.<\/p>\n<p class=\"p3\">Ainda h\u00e1 muitas mulheres que se sentem diminu\u00eddas junto dos homens, incapazes de exprimir a sua opini\u00e3o, castradas por pais e maridos que as colocaram num lugar que nunca foi o desejo de Deus.<\/p>\n<p class=\"p3\">Essas s\u00e3o as mulheres que hoje devem olhar para a eterna Palavra de Deus e rejeitar a mentira que lhes foi imposta por erro, maldade e ignor\u00e2ncia, aceitando a verdade que ela afirma: <b>\u201c<i>e lhe corresponda<\/i>\u201d. <\/b><\/p>\n<p class=\"p3\"><b>\u201d&#8230;<i>o Senhor Deus fez a mulher e a levou at\u00e9 ele\u201d<\/i><\/b><\/p>\n<p class=\"p3\">Imagino eu, que enquanto o homem dormia um sono de anestesia divina, o Criador constru\u00eda com as Suas m\u00e3os e o Seu saber, um novo ser. Colocou nele \u00f3rg\u00e3os semelhantes aos do homem e depois&#8230; deteve-se nos detalhes. \u00c0 medida que a mulher era <b>moldada<\/b> (esta \u00e9 a tradu\u00e7\u00e3o do original hebraico), o Senhor Deus foi retocando ali e acol\u00e1 uma obra que seria a \u00faltima da cria\u00e7\u00e3o perfeita que efectuara. N\u00e3o diz a Palavra se Ele soprou nela o f\u00f4lego da vida ou se, \u00e0 medida que a moldava, a pr\u00f3pria vida era parte da constru\u00e7\u00e3o, tal como um embri\u00e3o, que ainda sem tudo o que necessita para funcionar, j\u00e1 a m\u00e3e pode ouvir deliciada o seu pequeno cora\u00e7\u00e3o a bater. Mas a parte que mais me fascina \u00e9 que foi Deus que a levou junto do homem. J\u00e1 pensou no valor deste gesto? Na import\u00e2ncia que Deus colocou no ser correspondente, necess\u00e1rio, chamado mulher? Nem sempre a mulher se deixa guiar pela m\u00e3o bendita do seu Criador. O pecado fez de n\u00f3s seres da mesma rebeldia, por isso quantas vezes erramos nas escolhas e na pessoa que nos corresponderia&#8230;<\/p>\n<p class=\"p3\">O importante do gesto de Deus, \u00e9 que Ele tinha um prop\u00f3sito para a vida da mulher, tudo aquilo que j\u00e1 foi dita atr\u00e1s, um projecto \u00fanico, maravilhoso e honroso, por isso fez quest\u00e3o de ser Ele mesmo a lev\u00e1-la ao homem.<\/p>\n<p class=\"p3\">A mulher n\u00e3o ficou abandonada, no meio do jardim, perdida, sem saber o que estava a acontecer-lhe, Deus levou-a ao seu destino, ao seu prop\u00f3sito.<\/p>\n<p class=\"p3\">Tudo o que for dito e argumentado sobre a mulher al\u00e9m do que a Palavra de Deus afirma, \u00e9 obra de fic\u00e7\u00e3o. Esta \u00e9 a verdade. Uma verdade que nos honra, nos eleva e nos coloca n\u00e3o abaixo do homem, nem mesmo ao seu lado, mas face a face, para ser para ele o que Deus tinha em mente.<\/p>\n<p class=\"p3\"><b><i>\u201dEsta \u00e9 afinal, osso dos meus ossos e carne da minha carne; chamar-se-\u00e1 varoa, porque do var\u00e3o foi tomada\u201d<\/i><\/b><\/p>\n<p class=\"p3\">Foi a resposta maravilhada do homem, quando acordou e viu na sua frente um ser novo, \u00fanico e que lhe era compat\u00edvel. Ele n\u00e3o viu a mulher como o \u201csexo fr\u00e1gil\u201d (afinal estes preconceitos vieram por causa do pecado e eles ainda n\u00e3o tinham desobedecido), mas entendeu que aquele ser era igual, parte de uma mesma ordem biol\u00f3gica. Estava habituado a dar nomes \u00e0 cria\u00e7\u00e3o de Deus e aqui, mais uma vez, deu um nome ao ser que Deus lhe apresentava: varoa, visto ele ser o var\u00e3o. Viu-a como companheira da sua humanidade, observou-a nas suas diferen\u00e7as e compreendeu que elas n\u00e3o eram outra coisa sen\u00e3o um plano divino para que existisse entre eles uma perfeita compatibilidade e correspond\u00eancia. N\u00e3o h\u00e1 uma \u00fanica express\u00e3o na boca do primeiro homem que diminua, subjugue ou submeta a mulher; a express\u00e3o de espanto do homem foi de alegria e de completa\u00e7\u00e3o. O homem seguiu o pensamento de Deus que procurou criar uma pessoa id\u00f3nea, respons\u00e1vel e parceira.<\/p>\n<p class=\"p3\">Jesus Cristo veio para redimir uma cria\u00e7\u00e3o ca\u00edda. Esta reden\u00e7\u00e3o foi efectuada pela Sua morte vic\u00e1ria na cruz. Por causa dela os humanos podem encontrar paz, comunh\u00e3o com Deus, coisas que tinham ficado imposs\u00edveis por causa do pecado e da desobedi\u00eancia, mas a implementa\u00e7\u00e3o desta reden\u00e7\u00e3o onde est\u00e1 inclu\u00edda a restaura\u00e7\u00e3o da imagem de Deus &#8211; macho e f\u00eamea, ainda \u00e9 um processo em curso.<\/p>\n<p class=\"p3\">Diz a B\u00edblia que Ele est\u00e1 a preparar uma Noiva, sem m\u00e1cula, sem defeito, sem ruga, uma esposa composta de homens e mulheres que entendem o Seu plano e que caminham juntos, face a face para uma restaura\u00e7\u00e3o final.<\/p>\n<p class=\"p3\">Na compreens\u00e3o do nosso papel de mulher e na aceita\u00e7\u00e3o do plano de Deus pelo homem, reside parte desta restaura\u00e7\u00e3o.<\/p>\n<p class=\"p3\">Eu j\u00e1 decidi: sou um ser \u00fanico, criado por Deus, com um prop\u00f3sito honroso e sublime e quero fazer parte de uma outra Mulher \u2013 a Noiva de Cristo, essa, para sempre gloriosa e amada.<\/p>\n<p class=\"p1\"><span style=\"font-size: inherit;\">[movedo_single_image image=&#8221;19997&#8243; animation=&#8221;grve-zoom-in&#8221;]<\/span><\/p>\n<p class=\"p1\">Sara Catarino<\/p>\n<p class=\"p3\">Ex-presidente da Aglow Internacional Portugal.<br \/>\nEx-conferencista<\/p>\n","protected":false},"excerpt":{"rendered":"<p>\u201cO mundo de Deus \u00e9 dos humanos, mas n\u00e3o dos homens\u201d (Caio F\u00e1bio) Desci do p\u00falpito, cansada e feliz. A mensagem que entregara tinha sido, na minha \u00f3ptica, muito importante. Quando a reuni\u00e3o acabou, um cavalheiro cumprimentou-me e disse: \u201cParab\u00e9ns! Falou como um homem\u201d! N\u00e3o sei se me estava a criticar porque perdi o meu<\/p>\n","protected":false},"author":2,"featured_media":19998,"comment_status":"open","ping_status":"open","sticky":false,"template":"","format":"standard","meta":{"_uag_custom_page_level_css":"","_themeisle_gutenberg_block_has_review":false,"_vp_format_video_url":"","_vp_image_focal_point":[],"footnotes":""},"categories":[45,47],"tags":[],"class_list":["post-19996","post","type-post","status-publish","format-standard","has-post-thumbnail","hentry","category-geral","category-mulheres-casais-e-familia"],"yoast_head":"<!-- This site is optimized with the Yoast SEO plugin v27.5 - https:\/\/yoast.com\/product\/yoast-seo-wordpress\/ -->\n<title>Mulher - AEP<\/title>\n<meta name=\"robots\" content=\"index, follow, max-snippet:-1, max-image-preview:large, max-video-preview:-1\" \/>\n<link rel=\"canonical\" href=\"https:\/\/aliancaevangelica.pt\/site\/mulher\/\" \/>\n<meta property=\"og:locale\" content=\"pt_PT\" \/>\n<meta property=\"og:type\" content=\"article\" \/>\n<meta property=\"og:title\" content=\"Mulher - AEP\" \/>\n<meta property=\"og:description\" content=\"\u201cO mundo de Deus \u00e9 dos humanos, mas n\u00e3o dos homens\u201d (Caio F\u00e1bio) Desci do p\u00falpito, cansada e feliz. A mensagem que entregara tinha sido, na minha \u00f3ptica, muito importante. Quando a reuni\u00e3o acabou, um cavalheiro cumprimentou-me e disse: \u201cParab\u00e9ns! Falou como um homem\u201d! N\u00e3o sei se me estava a criticar porque perdi o meu\" \/>\n<meta property=\"og:url\" content=\"https:\/\/aliancaevangelica.pt\/site\/mulher\/\" \/>\n<meta property=\"og:site_name\" content=\"AEP\" \/>\n<meta property=\"article:publisher\" content=\"http:\/\/facebook.com\/aeportuguesa\" \/>\n<meta property=\"article:author\" content=\"aeportugal\" \/>\n<meta property=\"article:published_time\" content=\"2023-03-08T08:30:00+00:00\" \/>\n<meta property=\"article:modified_time\" content=\"2026-04-06T22:29:17+00:00\" \/>\n<meta property=\"og:image\" content=\"https:\/\/aliancaevangelica.pt\/site\/wp-content\/uploads\/2023\/02\/Captura-de-ecra\u0303-2023-02-27-a\u0300s-14.20.48.png\" \/>\n\t<meta property=\"og:image:width\" content=\"878\" \/>\n\t<meta property=\"og:image:height\" content=\"539\" \/>\n\t<meta property=\"og:image:type\" content=\"image\/png\" \/>\n<meta name=\"author\" content=\"AEP\" \/>\n<meta name=\"twitter:card\" content=\"summary_large_image\" \/>\n<meta name=\"twitter:label1\" content=\"Escrito por\" \/>\n\t<meta name=\"twitter:data1\" content=\"AEP\" \/>\n\t<meta name=\"twitter:label2\" content=\"Tempo estimado de leitura\" \/>\n\t<meta name=\"twitter:data2\" content=\"7 minutos\" \/>\n<script type=\"application\/ld+json\" class=\"yoast-schema-graph\">{\"@context\":\"https:\\\/\\\/schema.org\",\"@graph\":[{\"@type\":\"Article\",\"@id\":\"https:\\\/\\\/aliancaevangelica.pt\\\/site\\\/mulher\\\/#article\",\"isPartOf\":{\"@id\":\"https:\\\/\\\/aliancaevangelica.pt\\\/site\\\/mulher\\\/\"},\"author\":{\"name\":\"AEP\",\"@id\":\"https:\\\/\\\/aliancaevangelica.pt\\\/site\\\/#\\\/schema\\\/person\\\/3b47cfc7535eff1e820f31c2d67eafcf\"},\"headline\":\"Mulher\",\"datePublished\":\"2023-03-08T08:30:00+00:00\",\"dateModified\":\"2026-04-06T22:29:17+00:00\",\"mainEntityOfPage\":{\"@id\":\"https:\\\/\\\/aliancaevangelica.pt\\\/site\\\/mulher\\\/\"},\"wordCount\":1481,\"commentCount\":0,\"publisher\":{\"@id\":\"https:\\\/\\\/aliancaevangelica.pt\\\/site\\\/#organization\"},\"image\":{\"@id\":\"https:\\\/\\\/aliancaevangelica.pt\\\/site\\\/mulher\\\/#primaryimage\"},\"thumbnailUrl\":\"https:\\\/\\\/aliancaevangelica.pt\\\/site\\\/wp-content\\\/uploads\\\/2023\\\/02\\\/Captura-de-ecra\u0303-2023-02-27-a\u0300s-14.20.48.png\",\"articleSection\":[\"1-Geral\",\"Mulheres, Casais e Fam\u00edlia\"],\"inLanguage\":\"pt-PT\",\"potentialAction\":[{\"@type\":\"CommentAction\",\"name\":\"Comment\",\"target\":[\"https:\\\/\\\/aliancaevangelica.pt\\\/site\\\/mulher\\\/#respond\"]}]},{\"@type\":\"WebPage\",\"@id\":\"https:\\\/\\\/aliancaevangelica.pt\\\/site\\\/mulher\\\/\",\"url\":\"https:\\\/\\\/aliancaevangelica.pt\\\/site\\\/mulher\\\/\",\"name\":\"Mulher - AEP\",\"isPartOf\":{\"@id\":\"https:\\\/\\\/aliancaevangelica.pt\\\/site\\\/#website\"},\"primaryImageOfPage\":{\"@id\":\"https:\\\/\\\/aliancaevangelica.pt\\\/site\\\/mulher\\\/#primaryimage\"},\"image\":{\"@id\":\"https:\\\/\\\/aliancaevangelica.pt\\\/site\\\/mulher\\\/#primaryimage\"},\"thumbnailUrl\":\"https:\\\/\\\/aliancaevangelica.pt\\\/site\\\/wp-content\\\/uploads\\\/2023\\\/02\\\/Captura-de-ecra\u0303-2023-02-27-a\u0300s-14.20.48.png\",\"datePublished\":\"2023-03-08T08:30:00+00:00\",\"dateModified\":\"2026-04-06T22:29:17+00:00\",\"breadcrumb\":{\"@id\":\"https:\\\/\\\/aliancaevangelica.pt\\\/site\\\/mulher\\\/#breadcrumb\"},\"inLanguage\":\"pt-PT\",\"potentialAction\":[{\"@type\":\"ReadAction\",\"target\":[\"https:\\\/\\\/aliancaevangelica.pt\\\/site\\\/mulher\\\/\"]}]},{\"@type\":\"ImageObject\",\"inLanguage\":\"pt-PT\",\"@id\":\"https:\\\/\\\/aliancaevangelica.pt\\\/site\\\/mulher\\\/#primaryimage\",\"url\":\"https:\\\/\\\/aliancaevangelica.pt\\\/site\\\/wp-content\\\/uploads\\\/2023\\\/02\\\/Captura-de-ecra\u0303-2023-02-27-a\u0300s-14.20.48.png\",\"contentUrl\":\"https:\\\/\\\/aliancaevangelica.pt\\\/site\\\/wp-content\\\/uploads\\\/2023\\\/02\\\/Captura-de-ecra\u0303-2023-02-27-a\u0300s-14.20.48.png\",\"width\":878,\"height\":539},{\"@type\":\"BreadcrumbList\",\"@id\":\"https:\\\/\\\/aliancaevangelica.pt\\\/site\\\/mulher\\\/#breadcrumb\",\"itemListElement\":[{\"@type\":\"ListItem\",\"position\":1,\"name\":\"In\u00edcio\",\"item\":\"https:\\\/\\\/aliancaevangelica.pt\\\/site\\\/\"},{\"@type\":\"ListItem\",\"position\":2,\"name\":\"Mulher\"}]},{\"@type\":\"WebSite\",\"@id\":\"https:\\\/\\\/aliancaevangelica.pt\\\/site\\\/#website\",\"url\":\"https:\\\/\\\/aliancaevangelica.pt\\\/site\\\/\",\"name\":\"Alian\u00e7a Evang\u00e9lica Portuguesa\",\"description\":\"Alian\u00e7a Evang\u00e9lica Portuguesa\",\"publisher\":{\"@id\":\"https:\\\/\\\/aliancaevangelica.pt\\\/site\\\/#organization\"},\"potentialAction\":[{\"@type\":\"SearchAction\",\"target\":{\"@type\":\"EntryPoint\",\"urlTemplate\":\"https:\\\/\\\/aliancaevangelica.pt\\\/site\\\/?s={search_term_string}\"},\"query-input\":{\"@type\":\"PropertyValueSpecification\",\"valueRequired\":true,\"valueName\":\"search_term_string\"}}],\"inLanguage\":\"pt-PT\"},{\"@type\":\"Organization\",\"@id\":\"https:\\\/\\\/aliancaevangelica.pt\\\/site\\\/#organization\",\"name\":\"Alian\u00e7a Evang\u00e9lica Portuguesa\",\"url\":\"https:\\\/\\\/aliancaevangelica.pt\\\/site\\\/\",\"logo\":{\"@type\":\"ImageObject\",\"inLanguage\":\"pt-PT\",\"@id\":\"https:\\\/\\\/aliancaevangelica.pt\\\/site\\\/#\\\/schema\\\/logo\\\/image\\\/\",\"url\":\"https:\\\/\\\/aliancaevangelica.pt\\\/site\\\/wp-content\\\/uploads\\\/2017\\\/11\\\/logo-AEP-cor.png\",\"contentUrl\":\"https:\\\/\\\/aliancaevangelica.pt\\\/site\\\/wp-content\\\/uploads\\\/2017\\\/11\\\/logo-AEP-cor.png\",\"width\":1156,\"height\":672,\"caption\":\"Alian\u00e7a Evang\u00e9lica Portuguesa\"},\"image\":{\"@id\":\"https:\\\/\\\/aliancaevangelica.pt\\\/site\\\/#\\\/schema\\\/logo\\\/image\\\/\"},\"sameAs\":[\"http:\\\/\\\/facebook.com\\\/aeportuguesa\",\"http:\\\/\\\/instagram.com\\\/aliancaep\",\"http:\\\/\\\/youtube.com\\\/aeportuguesa\"]},{\"@type\":\"Person\",\"@id\":\"https:\\\/\\\/aliancaevangelica.pt\\\/site\\\/#\\\/schema\\\/person\\\/3b47cfc7535eff1e820f31c2d67eafcf\",\"name\":\"AEP\",\"sameAs\":[\"aeportugal\"],\"url\":\"https:\\\/\\\/aliancaevangelica.pt\\\/site\\\/author\\\/aeportugal\\\/\"}]}<\/script>\n<!-- \/ Yoast SEO plugin. -->","yoast_head_json":{"title":"Mulher - AEP","robots":{"index":"index","follow":"follow","max-snippet":"max-snippet:-1","max-image-preview":"max-image-preview:large","max-video-preview":"max-video-preview:-1"},"canonical":"https:\/\/aliancaevangelica.pt\/site\/mulher\/","og_locale":"pt_PT","og_type":"article","og_title":"Mulher - AEP","og_description":"\u201cO mundo de Deus \u00e9 dos humanos, mas n\u00e3o dos homens\u201d (Caio F\u00e1bio) Desci do p\u00falpito, cansada e feliz. A mensagem que entregara tinha sido, na minha \u00f3ptica, muito importante. Quando a reuni\u00e3o acabou, um cavalheiro cumprimentou-me e disse: \u201cParab\u00e9ns! Falou como um homem\u201d! N\u00e3o sei se me estava a criticar porque perdi o meu","og_url":"https:\/\/aliancaevangelica.pt\/site\/mulher\/","og_site_name":"AEP","article_publisher":"http:\/\/facebook.com\/aeportuguesa","article_author":"aeportugal","article_published_time":"2023-03-08T08:30:00+00:00","article_modified_time":"2026-04-06T22:29:17+00:00","og_image":[{"width":878,"height":539,"url":"https:\/\/aliancaevangelica.pt\/site\/wp-content\/uploads\/2023\/02\/Captura-de-ecra\u0303-2023-02-27-a\u0300s-14.20.48.png","type":"image\/png"}],"author":"AEP","twitter_card":"summary_large_image","twitter_misc":{"Escrito por":"AEP","Tempo estimado de leitura":"7 minutos"},"schema":{"@context":"https:\/\/schema.org","@graph":[{"@type":"Article","@id":"https:\/\/aliancaevangelica.pt\/site\/mulher\/#article","isPartOf":{"@id":"https:\/\/aliancaevangelica.pt\/site\/mulher\/"},"author":{"name":"AEP","@id":"https:\/\/aliancaevangelica.pt\/site\/#\/schema\/person\/3b47cfc7535eff1e820f31c2d67eafcf"},"headline":"Mulher","datePublished":"2023-03-08T08:30:00+00:00","dateModified":"2026-04-06T22:29:17+00:00","mainEntityOfPage":{"@id":"https:\/\/aliancaevangelica.pt\/site\/mulher\/"},"wordCount":1481,"commentCount":0,"publisher":{"@id":"https:\/\/aliancaevangelica.pt\/site\/#organization"},"image":{"@id":"https:\/\/aliancaevangelica.pt\/site\/mulher\/#primaryimage"},"thumbnailUrl":"https:\/\/aliancaevangelica.pt\/site\/wp-content\/uploads\/2023\/02\/Captura-de-ecra\u0303-2023-02-27-a\u0300s-14.20.48.png","articleSection":["1-Geral","Mulheres, Casais e Fam\u00edlia"],"inLanguage":"pt-PT","potentialAction":[{"@type":"CommentAction","name":"Comment","target":["https:\/\/aliancaevangelica.pt\/site\/mulher\/#respond"]}]},{"@type":"WebPage","@id":"https:\/\/aliancaevangelica.pt\/site\/mulher\/","url":"https:\/\/aliancaevangelica.pt\/site\/mulher\/","name":"Mulher - AEP","isPartOf":{"@id":"https:\/\/aliancaevangelica.pt\/site\/#website"},"primaryImageOfPage":{"@id":"https:\/\/aliancaevangelica.pt\/site\/mulher\/#primaryimage"},"image":{"@id":"https:\/\/aliancaevangelica.pt\/site\/mulher\/#primaryimage"},"thumbnailUrl":"https:\/\/aliancaevangelica.pt\/site\/wp-content\/uploads\/2023\/02\/Captura-de-ecra\u0303-2023-02-27-a\u0300s-14.20.48.png","datePublished":"2023-03-08T08:30:00+00:00","dateModified":"2026-04-06T22:29:17+00:00","breadcrumb":{"@id":"https:\/\/aliancaevangelica.pt\/site\/mulher\/#breadcrumb"},"inLanguage":"pt-PT","potentialAction":[{"@type":"ReadAction","target":["https:\/\/aliancaevangelica.pt\/site\/mulher\/"]}]},{"@type":"ImageObject","inLanguage":"pt-PT","@id":"https:\/\/aliancaevangelica.pt\/site\/mulher\/#primaryimage","url":"https:\/\/aliancaevangelica.pt\/site\/wp-content\/uploads\/2023\/02\/Captura-de-ecra\u0303-2023-02-27-a\u0300s-14.20.48.png","contentUrl":"https:\/\/aliancaevangelica.pt\/site\/wp-content\/uploads\/2023\/02\/Captura-de-ecra\u0303-2023-02-27-a\u0300s-14.20.48.png","width":878,"height":539},{"@type":"BreadcrumbList","@id":"https:\/\/aliancaevangelica.pt\/site\/mulher\/#breadcrumb","itemListElement":[{"@type":"ListItem","position":1,"name":"In\u00edcio","item":"https:\/\/aliancaevangelica.pt\/site\/"},{"@type":"ListItem","position":2,"name":"Mulher"}]},{"@type":"WebSite","@id":"https:\/\/aliancaevangelica.pt\/site\/#website","url":"https:\/\/aliancaevangelica.pt\/site\/","name":"Alian\u00e7a Evang\u00e9lica Portuguesa","description":"Alian\u00e7a Evang\u00e9lica Portuguesa","publisher":{"@id":"https:\/\/aliancaevangelica.pt\/site\/#organization"},"potentialAction":[{"@type":"SearchAction","target":{"@type":"EntryPoint","urlTemplate":"https:\/\/aliancaevangelica.pt\/site\/?s={search_term_string}"},"query-input":{"@type":"PropertyValueSpecification","valueRequired":true,"valueName":"search_term_string"}}],"inLanguage":"pt-PT"},{"@type":"Organization","@id":"https:\/\/aliancaevangelica.pt\/site\/#organization","name":"Alian\u00e7a Evang\u00e9lica Portuguesa","url":"https:\/\/aliancaevangelica.pt\/site\/","logo":{"@type":"ImageObject","inLanguage":"pt-PT","@id":"https:\/\/aliancaevangelica.pt\/site\/#\/schema\/logo\/image\/","url":"https:\/\/aliancaevangelica.pt\/site\/wp-content\/uploads\/2017\/11\/logo-AEP-cor.png","contentUrl":"https:\/\/aliancaevangelica.pt\/site\/wp-content\/uploads\/2017\/11\/logo-AEP-cor.png","width":1156,"height":672,"caption":"Alian\u00e7a Evang\u00e9lica Portuguesa"},"image":{"@id":"https:\/\/aliancaevangelica.pt\/site\/#\/schema\/logo\/image\/"},"sameAs":["http:\/\/facebook.com\/aeportuguesa","http:\/\/instagram.com\/aliancaep","http:\/\/youtube.com\/aeportuguesa"]},{"@type":"Person","@id":"https:\/\/aliancaevangelica.pt\/site\/#\/schema\/person\/3b47cfc7535eff1e820f31c2d67eafcf","name":"AEP","sameAs":["aeportugal"],"url":"https:\/\/aliancaevangelica.pt\/site\/author\/aeportugal\/"}]}},"uagb_featured_image_src":{"full":["https:\/\/aliancaevangelica.pt\/site\/wp-content\/uploads\/2023\/02\/Captura-de-ecra\u0303-2023-02-27-a\u0300s-14.20.48.png",878,539,false],"thumbnail":["https:\/\/aliancaevangelica.pt\/site\/wp-content\/uploads\/2023\/02\/Captura-de-ecra\u0303-2023-02-27-a\u0300s-14.20.48-150x150.png",150,150,true],"medium":["https:\/\/aliancaevangelica.pt\/site\/wp-content\/uploads\/2023\/02\/Captura-de-ecra\u0303-2023-02-27-a\u0300s-14.20.48-300x184.png",300,184,true],"medium_large":["https:\/\/aliancaevangelica.pt\/site\/wp-content\/uploads\/2023\/02\/Captura-de-ecra\u0303-2023-02-27-a\u0300s-14.20.48-768x471.png",768,471,true],"large":["https:\/\/aliancaevangelica.pt\/site\/wp-content\/uploads\/2023\/02\/Captura-de-ecra\u0303-2023-02-27-a\u0300s-14.20.48.png",878,539,false],"1536x1536":["https:\/\/aliancaevangelica.pt\/site\/wp-content\/uploads\/2023\/02\/Captura-de-ecra\u0303-2023-02-27-a\u0300s-14.20.48.png",878,539,false],"2048x2048":["https:\/\/aliancaevangelica.pt\/site\/wp-content\/uploads\/2023\/02\/Captura-de-ecra\u0303-2023-02-27-a\u0300s-14.20.48.png",878,539,false],"vp_sm":["https:\/\/aliancaevangelica.pt\/site\/wp-content\/uploads\/2023\/02\/Captura-de-ecra\u0303-2023-02-27-a\u0300s-14.20.48.png",500,307,false],"vp_md":["https:\/\/aliancaevangelica.pt\/site\/wp-content\/uploads\/2023\/02\/Captura-de-ecra\u0303-2023-02-27-a\u0300s-14.20.48.png",800,491,false],"vp_lg":["https:\/\/aliancaevangelica.pt\/site\/wp-content\/uploads\/2023\/02\/Captura-de-ecra\u0303-2023-02-27-a\u0300s-14.20.48.png",878,539,false],"vp_xl":["https:\/\/aliancaevangelica.pt\/site\/wp-content\/uploads\/2023\/02\/Captura-de-ecra\u0303-2023-02-27-a\u0300s-14.20.48.png",878,539,false],"vp_sm_popup":["https:\/\/aliancaevangelica.pt\/site\/wp-content\/uploads\/2023\/02\/Captura-de-ecra\u0303-2023-02-27-a\u0300s-14.20.48.png",500,307,false],"vp_md_popup":["https:\/\/aliancaevangelica.pt\/site\/wp-content\/uploads\/2023\/02\/Captura-de-ecra\u0303-2023-02-27-a\u0300s-14.20.48.png",800,491,false],"vp_xl_popup":["https:\/\/aliancaevangelica.pt\/site\/wp-content\/uploads\/2023\/02\/Captura-de-ecra\u0303-2023-02-27-a\u0300s-14.20.48.png",878,539,false],"newsx-150x100":["https:\/\/aliancaevangelica.pt\/site\/wp-content\/uploads\/2023\/02\/Captura-de-ecra\u0303-2023-02-27-a\u0300s-14.20.48.png",150,92,false],"newsx-330x220":["https:\/\/aliancaevangelica.pt\/site\/wp-content\/uploads\/2023\/02\/Captura-de-ecra\u0303-2023-02-27-a\u0300s-14.20.48.png",330,203,false],"newsx-420x280":["https:\/\/aliancaevangelica.pt\/site\/wp-content\/uploads\/2023\/02\/Captura-de-ecra\u0303-2023-02-27-a\u0300s-14.20.48.png",420,258,false],"newsx-510x340":["https:\/\/aliancaevangelica.pt\/site\/wp-content\/uploads\/2023\/02\/Captura-de-ecra\u0303-2023-02-27-a\u0300s-14.20.48.png",510,313,false],"newsx-640x480":["https:\/\/aliancaevangelica.pt\/site\/wp-content\/uploads\/2023\/02\/Captura-de-ecra\u0303-2023-02-27-a\u0300s-14.20.48.png",640,393,false],"newsx-670x370":["https:\/\/aliancaevangelica.pt\/site\/wp-content\/uploads\/2023\/02\/Captura-de-ecra\u0303-2023-02-27-a\u0300s-14.20.48.png",603,370,false],"newsx-860x570":["https:\/\/aliancaevangelica.pt\/site\/wp-content\/uploads\/2023\/02\/Captura-de-ecra\u0303-2023-02-27-a\u0300s-14.20.48.png",860,528,false],"newsx-1000x750":["https:\/\/aliancaevangelica.pt\/site\/wp-content\/uploads\/2023\/02\/Captura-de-ecra\u0303-2023-02-27-a\u0300s-14.20.48.png",878,539,false],"newsx-1200x600":["https:\/\/aliancaevangelica.pt\/site\/wp-content\/uploads\/2023\/02\/Captura-de-ecra\u0303-2023-02-27-a\u0300s-14.20.48.png",878,539,false]},"uagb_author_info":{"display_name":"AEP","author_link":"https:\/\/aliancaevangelica.pt\/site\/author\/aeportugal\/"},"uagb_comment_info":0,"uagb_excerpt":"\u201cO mundo de Deus \u00e9 dos humanos, mas n\u00e3o dos homens\u201d (Caio F\u00e1bio) Desci do p\u00falpito, cansada e feliz. A mensagem que entregara tinha sido, na minha \u00f3ptica, muito importante. Quando a reuni\u00e3o acabou, um cavalheiro cumprimentou-me e disse: \u201cParab\u00e9ns! Falou como um homem\u201d! N\u00e3o sei se me estava a criticar porque perdi o meu","_links":{"self":[{"href":"https:\/\/aliancaevangelica.pt\/site\/wp-json\/wp\/v2\/posts\/19996","targetHints":{"allow":["GET"]}}],"collection":[{"href":"https:\/\/aliancaevangelica.pt\/site\/wp-json\/wp\/v2\/posts"}],"about":[{"href":"https:\/\/aliancaevangelica.pt\/site\/wp-json\/wp\/v2\/types\/post"}],"author":[{"embeddable":true,"href":"https:\/\/aliancaevangelica.pt\/site\/wp-json\/wp\/v2\/users\/2"}],"replies":[{"embeddable":true,"href":"https:\/\/aliancaevangelica.pt\/site\/wp-json\/wp\/v2\/comments?post=19996"}],"version-history":[{"count":2,"href":"https:\/\/aliancaevangelica.pt\/site\/wp-json\/wp\/v2\/posts\/19996\/revisions"}],"predecessor-version":[{"id":22269,"href":"https:\/\/aliancaevangelica.pt\/site\/wp-json\/wp\/v2\/posts\/19996\/revisions\/22269"}],"wp:featuredmedia":[{"embeddable":true,"href":"https:\/\/aliancaevangelica.pt\/site\/wp-json\/wp\/v2\/media\/19998"}],"wp:attachment":[{"href":"https:\/\/aliancaevangelica.pt\/site\/wp-json\/wp\/v2\/media?parent=19996"}],"wp:term":[{"taxonomy":"category","embeddable":true,"href":"https:\/\/aliancaevangelica.pt\/site\/wp-json\/wp\/v2\/categories?post=19996"},{"taxonomy":"post_tag","embeddable":true,"href":"https:\/\/aliancaevangelica.pt\/site\/wp-json\/wp\/v2\/tags?post=19996"}],"curies":[{"name":"wp","href":"https:\/\/api.w.org\/{rel}","templated":true}]}}