{"id":19979,"date":"2023-02-25T19:04:59","date_gmt":"2023-02-25T19:04:59","guid":{"rendered":"https:\/\/aliancaevangelica.pt\/site\/?p=19979"},"modified":"2023-02-25T19:05:02","modified_gmt":"2023-02-25T19:05:02","slug":"a-comunicacao-no-sistema-familiar","status":"publish","type":"post","link":"https:\/\/aliancaevangelica.pt\/site\/a-comunicacao-no-sistema-familiar\/","title":{"rendered":"A Comunica\u00e7\u00e3o no sistema familiar"},"content":{"rendered":"<p class=\"p1\"><b>Fam\u00edlia, comunica\u00e7\u00e3o, amor.<\/b><\/p>\n<p class=\"p1\">Vivemos na era das tecnologias de informa\u00e7\u00e3o, apesar dos benef\u00edcios desta forma de comunicar, assistimos para nossa tristeza \u00e0 decad\u00eancia da comunica\u00e7\u00e3o em todos os setores da sociedade, principalmente na fam\u00edlia, estamos perante um sistema de comunica\u00e7\u00e3o de sentido \u00fanico, sabendo que a verdadeira forma de comunica\u00e7\u00e3o, depende da intera\u00e7\u00e3o adequada entre quem emite e recebe a mensagem.<\/p>\n<p class=\"p1\">Em simples palavras, pretendo evidenciar a import\u00e2ncia da comunica\u00e7\u00e3o, nos aspetos que caraterizam a fam\u00edlia, nas rela\u00e7\u00f5es familiares que estabelecem e a forma como se organizam. Para falar em comunica\u00e7\u00e3o e adequada reflex\u00e3o \u00e9 importante efetuar um breve olhar para a estrutura e din\u00e2mica familiar na nossa sociedade, sendo diversificados contextos: fam\u00edlia nuclear ou simples, fam\u00edlia alargada ou extensa, fam\u00edlia homossexual, fam\u00edlia monoparental, constitu\u00edda por um progenitor, podendo ou n\u00e3o residir com os descendentes; fam\u00edlia com din\u00e2micas a dois, constitu\u00edda por familiares da mesma linhagem, sem rela\u00e7\u00e3o conjugal ou parental, (av\u00f3s, netos, tios sobrinhos, irm\u00e3os, primos, cunhados, outros familiares), esta forma de organiza\u00e7\u00e3o familiar tem vindo a aumentar devido \u00e0 elevada car\u00eancia de habita\u00e7\u00e3o; fam\u00edlia adotiva, casal ou pessoa sozinha que adotam uma ou mais crian\u00e7as podendo n\u00e3o ser consangu\u00edneas e a residir ou n\u00e3o no mesmo agregado filhos biol\u00f3gicos; fam\u00edlia em que um dos elementos \u00e9 dependente dos cuidados de outros por motivo de doen\u00e7a, real\u00e7o aqui o aumento de cuidadores para apoio a membros da fam\u00edlia nessa condi\u00e7\u00e3o, nomeadamente com problemas de sa\u00fade mental, podendo residir e estar nesta situa\u00e7\u00e3o crian\u00e7as, jovens, adultos e idosos; fam\u00edlia multidesafiada, registando-se elementos no agregado familiar com problemas cr\u00f3nicos de comportamento, por doen\u00e7a, por desemprego de longa dura\u00e7\u00e3o, consumo de estupefacientes e \u00e1lcool; fam\u00edlia m\u00faltipla, um dos elementos assume duas ou mais fam\u00edlias, agregados diferentes com ou sem descendentes.<\/p>\n<p class=\"p1\">Poderia continuar a descrever outras formas da estrutura e din\u00e2micas na fam\u00edlia dos contextos na rela\u00e7\u00e3o conjugal e parental, o conceito vai-se alterando tornando-se dif\u00edcil em poucas palavras abordar todas as dimens\u00f5es.<\/p>\n<p class=\"p1\">Sendo t\u00e3o diversificada a forma de organiza\u00e7\u00e3o familiar, \u00e9 de reconhecer que as problem\u00e1ticas sociais que ocorrem nas fam\u00edlias se enquadram numa sociedade que evolui para novos desafios, exig\u00eancias, competitividade, deficiente prote\u00e7\u00e3o social, quer dos grupos de risco tradicionais quer dos novos grupos de risco, o fen\u00f3meno migrat\u00f3rio, contextos marcados por fen\u00f3menos de polariza\u00e7\u00e3o social, sociedade em rede longe de ser inclusiva, agravante fase pand\u00e9mica, guerras, altera\u00e7\u00f5es atmosf\u00e9ricas, r\u00e1pido desenvolvimento da comunica\u00e7\u00e3o eletr\u00f3nica e dos sistemas de informa\u00e7\u00e3o, recai no aumento de novas necessidades, disfun\u00e7\u00f5es sociais na fam\u00edlia, parca comunica\u00e7\u00e3o para melhor desempenho da vida quotidiana.<\/p>\n<p class=\"p1\">A interven\u00e7\u00e3o social hoje confronta-se com uma nova e crescente procura de respostas, cada vez mais adequadas ao n\u00edvel de atua\u00e7\u00e3o de forma personalizada e especializada.<\/p>\n<p class=\"p2\"><span class=\"s1\">Atentem ao relato de uma m\u00e3e: <\/span><i>A parentalidade nos dias de hoje levanta muitos desafios. Como m\u00e3e de duas adolescentes, vivo diariamente o desequil\u00edbrio entre a vida familiar e a profissional. Todos os dias organizo, planeio, cumpro hor\u00e1rios e tarefas, apoio dos TPC, ou\u00e7o, acompanho, cozinho, limpo, entre tantas outras tarefas, ao longo de 24 horas fren\u00e9ticas que tem um dia. Quando a noite chega e o ritmo abranda, habitualmente sentimentos de culpa invadem o meu pensamento e as minhas vozes internas questionam as minhas a\u00e7\u00f5es &#8220;porque falhei, porque gritei, porque n\u00e3o ouvi, porque cedi, porque n\u00e3o brinquei mais \u2026&#8221;. A exig\u00eancia que a sociedade nos incute e que persiste nos dias que correm para sermos pais perfeitos, pais ouvintes, pais amigos, pais positivos, tolda muitas vezes as minhas a\u00e7\u00f5es como m\u00e3e. O desejo indiscut\u00edvel se ver os filhos felizes e realizados \u00e9 universal, mas tenho a certeza de que s\u00f3 o conseguiram ser se, n\u00f3s pais, aceitarmos as nossas imperfei\u00e7\u00f5es e compreender que esta jornada \u00e9 para ser feita em fam\u00edlia, com amor e momentos por vezes tumultuosos, mas verdadeiros e reais.\u00a0<\/i><\/p>\n<p class=\"p1\">Sendo a comunica\u00e7\u00e3o o elo de liga\u00e7\u00e3o dos elementos que constituem a fam\u00edlia, tornando-se ainda mais relevante na rela\u00e7\u00e3o progenitores, porque a influ\u00eancia principal na vida dos filhos \u00e9 essencialmente exercida pelos pais, n\u00e3o negligenciando aqueles que por vezes assumem este papel. <b><i>Falar de uma comunica\u00e7\u00e3o saud\u00e1vel na fam\u00edlia \u00e9 urgente<\/i>,<\/b> e aqui a igreja tem um contributo eficaz, na forma como interage com as fam\u00edlias, evitar criticas e avalia\u00e7\u00f5es baseadas em preconceitos, refor\u00e7ar o ensino da palavra de Deus, a import\u00e2ncia de conhecer a Deus, orar sem cessar, ser ombro amigo na ajuda das dificuldades, ajudar a fam\u00edlia a restabelecer uma forma de comunica\u00e7\u00e3o com base no respeito individual de forma que todos entendam a mesma linguagem e consigam confiar no seu projeto familiar, com ajuda de Deus.<\/p>\n<p class=\"p1\">Jo\u00e3o 13:34 \u201camai-vos uns aos outros como eu vos amei\u201d, que cada um possa fazer a sua parte no uso da dose certa de amor, na comunica\u00e7\u00e3o, principalmente na fam\u00edlia, foi o m\u00e9todo usado por Jesus, ouvindo o ritmo de cada um e n\u00e3o deixando de ensinar, desta forma consolava os cora\u00e7\u00f5es e fazia a diferen\u00e7a.<\/p>\n<p class=\"p1\"><span style=\"font-size: inherit;\">[movedo_single_image image=&#8221;19978&#8243; animation=&#8221;grve-zoom-in&#8221;]<\/span><\/p>\n<p class=\"p1\">Arlete Santos<\/p>\n<p class=\"p3\">Assistente Social<\/p>\n<p class=\"p3\">Exerce profiss\u00e3o na \u00e1rea de Prote\u00e7\u00e3o de Crian\u00e7as e Jovens em Perigo.<\/p>\n","protected":false},"excerpt":{"rendered":"<p>Fam\u00edlia, comunica\u00e7\u00e3o, amor. Vivemos na era das tecnologias de informa\u00e7\u00e3o, apesar dos benef\u00edcios desta forma de comunicar, assistimos para nossa tristeza \u00e0 decad\u00eancia da comunica\u00e7\u00e3o em todos os setores da sociedade, principalmente na fam\u00edlia, estamos perante um sistema de comunica\u00e7\u00e3o de sentido \u00fanico, sabendo que a verdadeira forma de comunica\u00e7\u00e3o, depende da intera\u00e7\u00e3o adequada entre<\/p>\n","protected":false},"author":2,"featured_media":19980,"comment_status":"open","ping_status":"open","sticky":false,"template":"","format":"standard","meta":{"_uag_custom_page_level_css":"","_themeisle_gutenberg_block_has_review":false,"_vp_format_video_url":"","_vp_image_focal_point":[],"footnotes":""},"categories":[45,47],"tags":[],"class_list":["post-19979","post","type-post","status-publish","format-standard","has-post-thumbnail","hentry","category-geral","category-mulheres-casais-e-familia"],"yoast_head":"<!-- This site is optimized with the Yoast SEO plugin v27.5 - https:\/\/yoast.com\/product\/yoast-seo-wordpress\/ -->\n<title>A Comunica\u00e7\u00e3o no sistema familiar - AEP<\/title>\n<meta name=\"robots\" content=\"index, follow, max-snippet:-1, max-image-preview:large, max-video-preview:-1\" \/>\n<link rel=\"canonical\" href=\"https:\/\/aliancaevangelica.pt\/site\/a-comunicacao-no-sistema-familiar\/\" \/>\n<meta property=\"og:locale\" content=\"pt_PT\" \/>\n<meta property=\"og:type\" content=\"article\" \/>\n<meta property=\"og:title\" content=\"A Comunica\u00e7\u00e3o no sistema familiar - AEP\" \/>\n<meta property=\"og:description\" content=\"Fam\u00edlia, comunica\u00e7\u00e3o, amor. Vivemos na era das tecnologias de informa\u00e7\u00e3o, apesar dos benef\u00edcios desta forma de comunicar, assistimos para nossa tristeza \u00e0 decad\u00eancia da comunica\u00e7\u00e3o em todos os setores da sociedade, principalmente na fam\u00edlia, estamos perante um sistema de comunica\u00e7\u00e3o de sentido \u00fanico, sabendo que a verdadeira forma de comunica\u00e7\u00e3o, depende da intera\u00e7\u00e3o adequada entre\" \/>\n<meta property=\"og:url\" content=\"https:\/\/aliancaevangelica.pt\/site\/a-comunicacao-no-sistema-familiar\/\" \/>\n<meta property=\"og:site_name\" content=\"AEP\" \/>\n<meta property=\"article:publisher\" content=\"http:\/\/facebook.com\/aeportuguesa\" \/>\n<meta property=\"article:author\" content=\"aeportugal\" \/>\n<meta property=\"article:published_time\" content=\"2023-02-25T19:04:59+00:00\" \/>\n<meta property=\"article:modified_time\" content=\"2023-02-25T19:05:02+00:00\" \/>\n<meta property=\"og:image\" content=\"https:\/\/aliancaevangelica.pt\/site\/wp-content\/uploads\/2023\/02\/Captura-de-ecra\u0303-2023-02-25-a\u0300s-19.04.39.png\" \/>\n\t<meta property=\"og:image:width\" content=\"1338\" \/>\n\t<meta property=\"og:image:height\" content=\"832\" \/>\n\t<meta property=\"og:image:type\" content=\"image\/png\" \/>\n<meta name=\"author\" content=\"AEP\" \/>\n<meta name=\"twitter:card\" content=\"summary_large_image\" \/>\n<meta name=\"twitter:label1\" content=\"Escrito por\" \/>\n\t<meta name=\"twitter:data1\" content=\"AEP\" \/>\n\t<meta name=\"twitter:label2\" content=\"Tempo estimado de leitura\" \/>\n\t<meta name=\"twitter:data2\" content=\"5 minutos\" \/>\n<script type=\"application\/ld+json\" class=\"yoast-schema-graph\">{\"@context\":\"https:\\\/\\\/schema.org\",\"@graph\":[{\"@type\":\"Article\",\"@id\":\"https:\\\/\\\/aliancaevangelica.pt\\\/site\\\/a-comunicacao-no-sistema-familiar\\\/#article\",\"isPartOf\":{\"@id\":\"https:\\\/\\\/aliancaevangelica.pt\\\/site\\\/a-comunicacao-no-sistema-familiar\\\/\"},\"author\":{\"name\":\"AEP\",\"@id\":\"https:\\\/\\\/aliancaevangelica.pt\\\/site\\\/#\\\/schema\\\/person\\\/3b47cfc7535eff1e820f31c2d67eafcf\"},\"headline\":\"A Comunica\u00e7\u00e3o no sistema familiar\",\"datePublished\":\"2023-02-25T19:04:59+00:00\",\"dateModified\":\"2023-02-25T19:05:02+00:00\",\"mainEntityOfPage\":{\"@id\":\"https:\\\/\\\/aliancaevangelica.pt\\\/site\\\/a-comunicacao-no-sistema-familiar\\\/\"},\"wordCount\":948,\"commentCount\":0,\"publisher\":{\"@id\":\"https:\\\/\\\/aliancaevangelica.pt\\\/site\\\/#organization\"},\"image\":{\"@id\":\"https:\\\/\\\/aliancaevangelica.pt\\\/site\\\/a-comunicacao-no-sistema-familiar\\\/#primaryimage\"},\"thumbnailUrl\":\"https:\\\/\\\/aliancaevangelica.pt\\\/site\\\/wp-content\\\/uploads\\\/2023\\\/02\\\/Captura-de-ecra\u0303-2023-02-25-a\u0300s-19.04.39.png\",\"articleSection\":[\"1-Geral\",\"Mulheres, Casais e Fam\u00edlia\"],\"inLanguage\":\"pt-PT\",\"potentialAction\":[{\"@type\":\"CommentAction\",\"name\":\"Comment\",\"target\":[\"https:\\\/\\\/aliancaevangelica.pt\\\/site\\\/a-comunicacao-no-sistema-familiar\\\/#respond\"]}]},{\"@type\":\"WebPage\",\"@id\":\"https:\\\/\\\/aliancaevangelica.pt\\\/site\\\/a-comunicacao-no-sistema-familiar\\\/\",\"url\":\"https:\\\/\\\/aliancaevangelica.pt\\\/site\\\/a-comunicacao-no-sistema-familiar\\\/\",\"name\":\"A Comunica\u00e7\u00e3o no sistema familiar - AEP\",\"isPartOf\":{\"@id\":\"https:\\\/\\\/aliancaevangelica.pt\\\/site\\\/#website\"},\"primaryImageOfPage\":{\"@id\":\"https:\\\/\\\/aliancaevangelica.pt\\\/site\\\/a-comunicacao-no-sistema-familiar\\\/#primaryimage\"},\"image\":{\"@id\":\"https:\\\/\\\/aliancaevangelica.pt\\\/site\\\/a-comunicacao-no-sistema-familiar\\\/#primaryimage\"},\"thumbnailUrl\":\"https:\\\/\\\/aliancaevangelica.pt\\\/site\\\/wp-content\\\/uploads\\\/2023\\\/02\\\/Captura-de-ecra\u0303-2023-02-25-a\u0300s-19.04.39.png\",\"datePublished\":\"2023-02-25T19:04:59+00:00\",\"dateModified\":\"2023-02-25T19:05:02+00:00\",\"breadcrumb\":{\"@id\":\"https:\\\/\\\/aliancaevangelica.pt\\\/site\\\/a-comunicacao-no-sistema-familiar\\\/#breadcrumb\"},\"inLanguage\":\"pt-PT\",\"potentialAction\":[{\"@type\":\"ReadAction\",\"target\":[\"https:\\\/\\\/aliancaevangelica.pt\\\/site\\\/a-comunicacao-no-sistema-familiar\\\/\"]}]},{\"@type\":\"ImageObject\",\"inLanguage\":\"pt-PT\",\"@id\":\"https:\\\/\\\/aliancaevangelica.pt\\\/site\\\/a-comunicacao-no-sistema-familiar\\\/#primaryimage\",\"url\":\"https:\\\/\\\/aliancaevangelica.pt\\\/site\\\/wp-content\\\/uploads\\\/2023\\\/02\\\/Captura-de-ecra\u0303-2023-02-25-a\u0300s-19.04.39.png\",\"contentUrl\":\"https:\\\/\\\/aliancaevangelica.pt\\\/site\\\/wp-content\\\/uploads\\\/2023\\\/02\\\/Captura-de-ecra\u0303-2023-02-25-a\u0300s-19.04.39.png\",\"width\":1338,\"height\":832},{\"@type\":\"BreadcrumbList\",\"@id\":\"https:\\\/\\\/aliancaevangelica.pt\\\/site\\\/a-comunicacao-no-sistema-familiar\\\/#breadcrumb\",\"itemListElement\":[{\"@type\":\"ListItem\",\"position\":1,\"name\":\"In\u00edcio\",\"item\":\"https:\\\/\\\/aliancaevangelica.pt\\\/site\\\/\"},{\"@type\":\"ListItem\",\"position\":2,\"name\":\"A Comunica\u00e7\u00e3o no sistema familiar\"}]},{\"@type\":\"WebSite\",\"@id\":\"https:\\\/\\\/aliancaevangelica.pt\\\/site\\\/#website\",\"url\":\"https:\\\/\\\/aliancaevangelica.pt\\\/site\\\/\",\"name\":\"Alian\u00e7a Evang\u00e9lica Portuguesa\",\"description\":\"Alian\u00e7a Evang\u00e9lica Portuguesa\",\"publisher\":{\"@id\":\"https:\\\/\\\/aliancaevangelica.pt\\\/site\\\/#organization\"},\"potentialAction\":[{\"@type\":\"SearchAction\",\"target\":{\"@type\":\"EntryPoint\",\"urlTemplate\":\"https:\\\/\\\/aliancaevangelica.pt\\\/site\\\/?s={search_term_string}\"},\"query-input\":{\"@type\":\"PropertyValueSpecification\",\"valueRequired\":true,\"valueName\":\"search_term_string\"}}],\"inLanguage\":\"pt-PT\"},{\"@type\":\"Organization\",\"@id\":\"https:\\\/\\\/aliancaevangelica.pt\\\/site\\\/#organization\",\"name\":\"Alian\u00e7a Evang\u00e9lica Portuguesa\",\"url\":\"https:\\\/\\\/aliancaevangelica.pt\\\/site\\\/\",\"logo\":{\"@type\":\"ImageObject\",\"inLanguage\":\"pt-PT\",\"@id\":\"https:\\\/\\\/aliancaevangelica.pt\\\/site\\\/#\\\/schema\\\/logo\\\/image\\\/\",\"url\":\"https:\\\/\\\/aliancaevangelica.pt\\\/site\\\/wp-content\\\/uploads\\\/2017\\\/11\\\/logo-AEP-cor.png\",\"contentUrl\":\"https:\\\/\\\/aliancaevangelica.pt\\\/site\\\/wp-content\\\/uploads\\\/2017\\\/11\\\/logo-AEP-cor.png\",\"width\":1156,\"height\":672,\"caption\":\"Alian\u00e7a Evang\u00e9lica Portuguesa\"},\"image\":{\"@id\":\"https:\\\/\\\/aliancaevangelica.pt\\\/site\\\/#\\\/schema\\\/logo\\\/image\\\/\"},\"sameAs\":[\"http:\\\/\\\/facebook.com\\\/aeportuguesa\",\"http:\\\/\\\/instagram.com\\\/aliancaep\",\"http:\\\/\\\/youtube.com\\\/aeportuguesa\"]},{\"@type\":\"Person\",\"@id\":\"https:\\\/\\\/aliancaevangelica.pt\\\/site\\\/#\\\/schema\\\/person\\\/3b47cfc7535eff1e820f31c2d67eafcf\",\"name\":\"AEP\",\"sameAs\":[\"aeportugal\"],\"url\":\"https:\\\/\\\/aliancaevangelica.pt\\\/site\\\/author\\\/aeportugal\\\/\"}]}<\/script>\n<!-- \/ Yoast SEO plugin. -->","yoast_head_json":{"title":"A Comunica\u00e7\u00e3o no sistema familiar - AEP","robots":{"index":"index","follow":"follow","max-snippet":"max-snippet:-1","max-image-preview":"max-image-preview:large","max-video-preview":"max-video-preview:-1"},"canonical":"https:\/\/aliancaevangelica.pt\/site\/a-comunicacao-no-sistema-familiar\/","og_locale":"pt_PT","og_type":"article","og_title":"A Comunica\u00e7\u00e3o no sistema familiar - AEP","og_description":"Fam\u00edlia, comunica\u00e7\u00e3o, amor. Vivemos na era das tecnologias de informa\u00e7\u00e3o, apesar dos benef\u00edcios desta forma de comunicar, assistimos para nossa tristeza \u00e0 decad\u00eancia da comunica\u00e7\u00e3o em todos os setores da sociedade, principalmente na fam\u00edlia, estamos perante um sistema de comunica\u00e7\u00e3o de sentido \u00fanico, sabendo que a verdadeira forma de comunica\u00e7\u00e3o, depende da intera\u00e7\u00e3o adequada entre","og_url":"https:\/\/aliancaevangelica.pt\/site\/a-comunicacao-no-sistema-familiar\/","og_site_name":"AEP","article_publisher":"http:\/\/facebook.com\/aeportuguesa","article_author":"aeportugal","article_published_time":"2023-02-25T19:04:59+00:00","article_modified_time":"2023-02-25T19:05:02+00:00","og_image":[{"width":1338,"height":832,"url":"https:\/\/aliancaevangelica.pt\/site\/wp-content\/uploads\/2023\/02\/Captura-de-ecra\u0303-2023-02-25-a\u0300s-19.04.39.png","type":"image\/png"}],"author":"AEP","twitter_card":"summary_large_image","twitter_misc":{"Escrito por":"AEP","Tempo estimado de leitura":"5 minutos"},"schema":{"@context":"https:\/\/schema.org","@graph":[{"@type":"Article","@id":"https:\/\/aliancaevangelica.pt\/site\/a-comunicacao-no-sistema-familiar\/#article","isPartOf":{"@id":"https:\/\/aliancaevangelica.pt\/site\/a-comunicacao-no-sistema-familiar\/"},"author":{"name":"AEP","@id":"https:\/\/aliancaevangelica.pt\/site\/#\/schema\/person\/3b47cfc7535eff1e820f31c2d67eafcf"},"headline":"A Comunica\u00e7\u00e3o no sistema familiar","datePublished":"2023-02-25T19:04:59+00:00","dateModified":"2023-02-25T19:05:02+00:00","mainEntityOfPage":{"@id":"https:\/\/aliancaevangelica.pt\/site\/a-comunicacao-no-sistema-familiar\/"},"wordCount":948,"commentCount":0,"publisher":{"@id":"https:\/\/aliancaevangelica.pt\/site\/#organization"},"image":{"@id":"https:\/\/aliancaevangelica.pt\/site\/a-comunicacao-no-sistema-familiar\/#primaryimage"},"thumbnailUrl":"https:\/\/aliancaevangelica.pt\/site\/wp-content\/uploads\/2023\/02\/Captura-de-ecra\u0303-2023-02-25-a\u0300s-19.04.39.png","articleSection":["1-Geral","Mulheres, Casais e Fam\u00edlia"],"inLanguage":"pt-PT","potentialAction":[{"@type":"CommentAction","name":"Comment","target":["https:\/\/aliancaevangelica.pt\/site\/a-comunicacao-no-sistema-familiar\/#respond"]}]},{"@type":"WebPage","@id":"https:\/\/aliancaevangelica.pt\/site\/a-comunicacao-no-sistema-familiar\/","url":"https:\/\/aliancaevangelica.pt\/site\/a-comunicacao-no-sistema-familiar\/","name":"A Comunica\u00e7\u00e3o no sistema familiar - AEP","isPartOf":{"@id":"https:\/\/aliancaevangelica.pt\/site\/#website"},"primaryImageOfPage":{"@id":"https:\/\/aliancaevangelica.pt\/site\/a-comunicacao-no-sistema-familiar\/#primaryimage"},"image":{"@id":"https:\/\/aliancaevangelica.pt\/site\/a-comunicacao-no-sistema-familiar\/#primaryimage"},"thumbnailUrl":"https:\/\/aliancaevangelica.pt\/site\/wp-content\/uploads\/2023\/02\/Captura-de-ecra\u0303-2023-02-25-a\u0300s-19.04.39.png","datePublished":"2023-02-25T19:04:59+00:00","dateModified":"2023-02-25T19:05:02+00:00","breadcrumb":{"@id":"https:\/\/aliancaevangelica.pt\/site\/a-comunicacao-no-sistema-familiar\/#breadcrumb"},"inLanguage":"pt-PT","potentialAction":[{"@type":"ReadAction","target":["https:\/\/aliancaevangelica.pt\/site\/a-comunicacao-no-sistema-familiar\/"]}]},{"@type":"ImageObject","inLanguage":"pt-PT","@id":"https:\/\/aliancaevangelica.pt\/site\/a-comunicacao-no-sistema-familiar\/#primaryimage","url":"https:\/\/aliancaevangelica.pt\/site\/wp-content\/uploads\/2023\/02\/Captura-de-ecra\u0303-2023-02-25-a\u0300s-19.04.39.png","contentUrl":"https:\/\/aliancaevangelica.pt\/site\/wp-content\/uploads\/2023\/02\/Captura-de-ecra\u0303-2023-02-25-a\u0300s-19.04.39.png","width":1338,"height":832},{"@type":"BreadcrumbList","@id":"https:\/\/aliancaevangelica.pt\/site\/a-comunicacao-no-sistema-familiar\/#breadcrumb","itemListElement":[{"@type":"ListItem","position":1,"name":"In\u00edcio","item":"https:\/\/aliancaevangelica.pt\/site\/"},{"@type":"ListItem","position":2,"name":"A Comunica\u00e7\u00e3o no sistema familiar"}]},{"@type":"WebSite","@id":"https:\/\/aliancaevangelica.pt\/site\/#website","url":"https:\/\/aliancaevangelica.pt\/site\/","name":"Alian\u00e7a Evang\u00e9lica Portuguesa","description":"Alian\u00e7a Evang\u00e9lica Portuguesa","publisher":{"@id":"https:\/\/aliancaevangelica.pt\/site\/#organization"},"potentialAction":[{"@type":"SearchAction","target":{"@type":"EntryPoint","urlTemplate":"https:\/\/aliancaevangelica.pt\/site\/?s={search_term_string}"},"query-input":{"@type":"PropertyValueSpecification","valueRequired":true,"valueName":"search_term_string"}}],"inLanguage":"pt-PT"},{"@type":"Organization","@id":"https:\/\/aliancaevangelica.pt\/site\/#organization","name":"Alian\u00e7a Evang\u00e9lica Portuguesa","url":"https:\/\/aliancaevangelica.pt\/site\/","logo":{"@type":"ImageObject","inLanguage":"pt-PT","@id":"https:\/\/aliancaevangelica.pt\/site\/#\/schema\/logo\/image\/","url":"https:\/\/aliancaevangelica.pt\/site\/wp-content\/uploads\/2017\/11\/logo-AEP-cor.png","contentUrl":"https:\/\/aliancaevangelica.pt\/site\/wp-content\/uploads\/2017\/11\/logo-AEP-cor.png","width":1156,"height":672,"caption":"Alian\u00e7a Evang\u00e9lica Portuguesa"},"image":{"@id":"https:\/\/aliancaevangelica.pt\/site\/#\/schema\/logo\/image\/"},"sameAs":["http:\/\/facebook.com\/aeportuguesa","http:\/\/instagram.com\/aliancaep","http:\/\/youtube.com\/aeportuguesa"]},{"@type":"Person","@id":"https:\/\/aliancaevangelica.pt\/site\/#\/schema\/person\/3b47cfc7535eff1e820f31c2d67eafcf","name":"AEP","sameAs":["aeportugal"],"url":"https:\/\/aliancaevangelica.pt\/site\/author\/aeportugal\/"}]}},"uagb_featured_image_src":{"full":["https:\/\/aliancaevangelica.pt\/site\/wp-content\/uploads\/2023\/02\/Captura-de-ecra\u0303-2023-02-25-a\u0300s-19.04.39.png",1338,832,false],"thumbnail":["https:\/\/aliancaevangelica.pt\/site\/wp-content\/uploads\/2023\/02\/Captura-de-ecra\u0303-2023-02-25-a\u0300s-19.04.39-150x150.png",150,150,true],"medium":["https:\/\/aliancaevangelica.pt\/site\/wp-content\/uploads\/2023\/02\/Captura-de-ecra\u0303-2023-02-25-a\u0300s-19.04.39-300x187.png",300,187,true],"medium_large":["https:\/\/aliancaevangelica.pt\/site\/wp-content\/uploads\/2023\/02\/Captura-de-ecra\u0303-2023-02-25-a\u0300s-19.04.39-768x478.png",768,478,true],"large":["https:\/\/aliancaevangelica.pt\/site\/wp-content\/uploads\/2023\/02\/Captura-de-ecra\u0303-2023-02-25-a\u0300s-19.04.39-1024x637.png",960,597,true],"1536x1536":["https:\/\/aliancaevangelica.pt\/site\/wp-content\/uploads\/2023\/02\/Captura-de-ecra\u0303-2023-02-25-a\u0300s-19.04.39.png",1338,832,false],"2048x2048":["https:\/\/aliancaevangelica.pt\/site\/wp-content\/uploads\/2023\/02\/Captura-de-ecra\u0303-2023-02-25-a\u0300s-19.04.39.png",1338,832,false],"vp_sm":["https:\/\/aliancaevangelica.pt\/site\/wp-content\/uploads\/2023\/02\/Captura-de-ecra\u0303-2023-02-25-a\u0300s-19.04.39.png",500,311,false],"vp_md":["https:\/\/aliancaevangelica.pt\/site\/wp-content\/uploads\/2023\/02\/Captura-de-ecra\u0303-2023-02-25-a\u0300s-19.04.39.png",800,497,false],"vp_lg":["https:\/\/aliancaevangelica.pt\/site\/wp-content\/uploads\/2023\/02\/Captura-de-ecra\u0303-2023-02-25-a\u0300s-19.04.39.png",1280,796,false],"vp_xl":["https:\/\/aliancaevangelica.pt\/site\/wp-content\/uploads\/2023\/02\/Captura-de-ecra\u0303-2023-02-25-a\u0300s-19.04.39.png",1338,832,false],"vp_sm_popup":["https:\/\/aliancaevangelica.pt\/site\/wp-content\/uploads\/2023\/02\/Captura-de-ecra\u0303-2023-02-25-a\u0300s-19.04.39.png",500,311,false],"vp_md_popup":["https:\/\/aliancaevangelica.pt\/site\/wp-content\/uploads\/2023\/02\/Captura-de-ecra\u0303-2023-02-25-a\u0300s-19.04.39.png",800,497,false],"vp_xl_popup":["https:\/\/aliancaevangelica.pt\/site\/wp-content\/uploads\/2023\/02\/Captura-de-ecra\u0303-2023-02-25-a\u0300s-19.04.39.png",1338,832,false],"newsx-150x100":["https:\/\/aliancaevangelica.pt\/site\/wp-content\/uploads\/2023\/02\/Captura-de-ecra\u0303-2023-02-25-a\u0300s-19.04.39.png",150,93,false],"newsx-330x220":["https:\/\/aliancaevangelica.pt\/site\/wp-content\/uploads\/2023\/02\/Captura-de-ecra\u0303-2023-02-25-a\u0300s-19.04.39.png",330,205,false],"newsx-420x280":["https:\/\/aliancaevangelica.pt\/site\/wp-content\/uploads\/2023\/02\/Captura-de-ecra\u0303-2023-02-25-a\u0300s-19.04.39.png",420,261,false],"newsx-510x340":["https:\/\/aliancaevangelica.pt\/site\/wp-content\/uploads\/2023\/02\/Captura-de-ecra\u0303-2023-02-25-a\u0300s-19.04.39.png",510,317,false],"newsx-640x480":["https:\/\/aliancaevangelica.pt\/site\/wp-content\/uploads\/2023\/02\/Captura-de-ecra\u0303-2023-02-25-a\u0300s-19.04.39.png",640,398,false],"newsx-670x370":["https:\/\/aliancaevangelica.pt\/site\/wp-content\/uploads\/2023\/02\/Captura-de-ecra\u0303-2023-02-25-a\u0300s-19.04.39.png",595,370,false],"newsx-860x570":["https:\/\/aliancaevangelica.pt\/site\/wp-content\/uploads\/2023\/02\/Captura-de-ecra\u0303-2023-02-25-a\u0300s-19.04.39.png",860,535,false],"newsx-1000x750":["https:\/\/aliancaevangelica.pt\/site\/wp-content\/uploads\/2023\/02\/Captura-de-ecra\u0303-2023-02-25-a\u0300s-19.04.39.png",1000,622,false],"newsx-1200x600":["https:\/\/aliancaevangelica.pt\/site\/wp-content\/uploads\/2023\/02\/Captura-de-ecra\u0303-2023-02-25-a\u0300s-19.04.39.png",965,600,false]},"uagb_author_info":{"display_name":"AEP","author_link":"https:\/\/aliancaevangelica.pt\/site\/author\/aeportugal\/"},"uagb_comment_info":0,"uagb_excerpt":"Fam\u00edlia, comunica\u00e7\u00e3o, amor. Vivemos na era das tecnologias de informa\u00e7\u00e3o, apesar dos benef\u00edcios desta forma de comunicar, assistimos para nossa tristeza \u00e0 decad\u00eancia da comunica\u00e7\u00e3o em todos os setores da sociedade, principalmente na fam\u00edlia, estamos perante um sistema de comunica\u00e7\u00e3o de sentido \u00fanico, sabendo que a verdadeira forma de comunica\u00e7\u00e3o, depende da intera\u00e7\u00e3o adequada entre","_links":{"self":[{"href":"https:\/\/aliancaevangelica.pt\/site\/wp-json\/wp\/v2\/posts\/19979","targetHints":{"allow":["GET"]}}],"collection":[{"href":"https:\/\/aliancaevangelica.pt\/site\/wp-json\/wp\/v2\/posts"}],"about":[{"href":"https:\/\/aliancaevangelica.pt\/site\/wp-json\/wp\/v2\/types\/post"}],"author":[{"embeddable":true,"href":"https:\/\/aliancaevangelica.pt\/site\/wp-json\/wp\/v2\/users\/2"}],"replies":[{"embeddable":true,"href":"https:\/\/aliancaevangelica.pt\/site\/wp-json\/wp\/v2\/comments?post=19979"}],"version-history":[{"count":1,"href":"https:\/\/aliancaevangelica.pt\/site\/wp-json\/wp\/v2\/posts\/19979\/revisions"}],"predecessor-version":[{"id":19981,"href":"https:\/\/aliancaevangelica.pt\/site\/wp-json\/wp\/v2\/posts\/19979\/revisions\/19981"}],"wp:featuredmedia":[{"embeddable":true,"href":"https:\/\/aliancaevangelica.pt\/site\/wp-json\/wp\/v2\/media\/19980"}],"wp:attachment":[{"href":"https:\/\/aliancaevangelica.pt\/site\/wp-json\/wp\/v2\/media?parent=19979"}],"wp:term":[{"taxonomy":"category","embeddable":true,"href":"https:\/\/aliancaevangelica.pt\/site\/wp-json\/wp\/v2\/categories?post=19979"},{"taxonomy":"post_tag","embeddable":true,"href":"https:\/\/aliancaevangelica.pt\/site\/wp-json\/wp\/v2\/tags?post=19979"}],"curies":[{"name":"wp","href":"https:\/\/api.w.org\/{rel}","templated":true}]}}