{"id":19970,"date":"2023-02-25T18:53:37","date_gmt":"2023-02-25T18:53:37","guid":{"rendered":"https:\/\/aliancaevangelica.pt\/site\/?p=19970"},"modified":"2023-02-25T18:53:41","modified_gmt":"2023-02-25T18:53:41","slug":"formacao-professores-ed-moral-e-religiosa-evangelica","status":"publish","type":"post","link":"https:\/\/aliancaevangelica.pt\/site\/formacao-professores-ed-moral-e-religiosa-evangelica\/","title":{"rendered":"Forma\u00e7\u00e3o Professores Ed. Moral e Religiosa Evang\u00e9lica"},"content":{"rendered":"\n<p>A COMACEP\u00a0(Comiss\u00e3o para A\u00e7\u00e3o Educativa Evang\u00e9lica nas Escolas P\u00fablicas) vai levar a cabo um ciclo de FORMA\u00c7\u00d5ES NACIONAIS para professores e candidatos ao ensino de Educa\u00e7\u00e3o Moral e Religiosa Evang\u00e9lica (EMRE), em diferentes regi\u00f5es do pa\u00eds.<\/p>\n\n\n\n<p>Trata-se de um esfor\u00e7o de descentraliza\u00e7\u00e3o, que visa minimizar as despesas de desloca\u00e7\u00e3o do professor de EMRE ao local de forma\u00e7\u00e3o, por esta ser uma forma\u00e7\u00e3o de cariz obrigat\u00f3rio.&nbsp;<\/p>\n\n\n\n<p>O programa inclui:<\/p>\n\n\n\n<p>1.&nbsp;&nbsp;&nbsp;&nbsp;Partilha de experi\u00eancias<\/p>\n\n\n\n<p>2.&nbsp;&nbsp;&nbsp;&nbsp;Prepara\u00e7\u00e3o para candidatos \u00e0 doc\u00eancia<\/p>\n\n\n\n<p>3.&nbsp;&nbsp;&nbsp;&nbsp;An\u00e1lise do tema: \u201cO professor de EMRE diante da sociedade dos nossos dias\u201d<\/p>\n\n\n\n<p>4.&nbsp;&nbsp;&nbsp;&nbsp;A divulga\u00e7\u00e3o da disciplina de EMRE na igreja e na escola: prepara\u00e7\u00e3o para o ano letivo 2023\/24<\/p>\n\n\n\n<p>5.&nbsp;&nbsp;&nbsp;&nbsp;Apresenta\u00e7\u00e3o dos recursos did\u00e1ticos dispon\u00edveis<\/p>\n\n\n\n<p>6.&nbsp;&nbsp;&nbsp;&nbsp;Participa\u00e7\u00e3o dos Minist\u00e9rios parceiros da COMACEP: Atividades Especiais\/Vistas de Estudo\/Acampamentos<\/p>\n\n\n\n<p>As Forma\u00e7\u00f5es Nacionais presenciais ir\u00e3o realizar-se na:<\/p>\n\n\n\n<p><strong>Zona Centro &#8211; 25 fevereiro<\/strong><strong><\/strong><\/p>\n\n\n\n<p><strong>Igreja Wesleyana de Aveiro<\/strong><\/p>\n\n\n\n<p>R. de S\u00e3o Jo\u00e3o 1, 3800-713 Eixo<\/p>\n\n\n\n<p>Telf.&nbsp;<a href=\"https:\/\/www.google.com\/search?q=igreja+wesleiana+de+aveiro&amp;rlz=1C1CHBF_pt-PTPT1008PT1008&amp;oq=igreja+wesleiana+de+aveiro&amp;aqs=chrome..69i57j69i59.8436j0j7&amp;sourceid=chrome&amp;ie=UTF-8\" target=\"_blank\" rel=\"noreferrer noopener\">234 306&nbsp;554<\/a>;<\/p>\n\n\n\n<p><strong>Zona Norte &#8211; 4 mar\u00e7o<\/strong><\/p>\n\n\n\n<p><strong>Braga<\/strong>&nbsp;<strong>\u2013 Igreja Batista da Lagoinha<\/strong><\/p>\n\n\n\n<p>R. do Parque Comercial, 4715-217 Braga<\/p>\n\n\n\n<p><strong>Zona Sul- 11 mar\u00e7o<\/strong><\/p>\n\n\n\n<p><strong>Faro<\/strong>&nbsp;&#8211;&nbsp;<strong>Igreja internacional no Algarve<\/strong><\/p>\n\n\n\n<p>Estr. de Vale Judeu, 8100-000 Loul\u00e9<\/p>\n\n\n\n<p>Telefone: 289 328&nbsp;635<\/p>\n\n\n\n<p><strong>Zona de Lisboa &#8211; 25 mar\u00e7o<\/strong><\/p>\n\n\n\n<p><strong>Igreja da Assembleia de Deus de Benfica<\/strong><\/p>\n\n\n\n<p>R. Juli\u00e3o Quintinha 16, 1500-381 Lisboa<\/p>\n\n\n\n<p>Telefone: 21 760 3628<\/p>\n\n\n\n<p>Dever\u00e1 proceder de imediato \u00e0 SELE\u00c7\u00c3O DO LOCAL DE FORMA\u00c7\u00c3O preferencial e respetiva INSCRI\u00c7\u00c3O.<\/p>\n\n\n\n<p>Link de inscri\u00e7\u00e3o (demora 30 segundos a preencher)<\/p>\n\n\n\n<figure class=\"wp-block-embed\"><div class=\"wp-block-embed__wrapper\">\nhttps:\/\/forms.gle\/cW3eufEeLW19RJjh8\n<\/div><\/figure>\n","protected":false},"excerpt":{"rendered":"<p>A COMACEP\u00a0(Comiss\u00e3o para A\u00e7\u00e3o Educativa Evang\u00e9lica nas Escolas P\u00fablicas) vai levar a cabo um ciclo de FORMA\u00c7\u00d5ES NACIONAIS para professores e candidatos ao ensino de Educa\u00e7\u00e3o Moral e Religiosa Evang\u00e9lica<\/p>\n","protected":false},"author":2,"featured_media":19971,"comment_status":"open","ping_status":"open","sticky":false,"template":"","format":"standard","meta":{"_uag_custom_page_level_css":"","_themeisle_gutenberg_block_has_review":false,"_vp_format_video_url":"","_vp_image_focal_point":[],"footnotes":""},"categories":[45,2,46],"tags":[],"class_list":["post-19970","post","type-post","status-publish","format-standard","has-post-thumbnail","hentry","category-geral","category-anuncios","category-eventos"],"yoast_head":"<!-- This site is optimized with the Yoast SEO plugin v27.5 - https:\/\/yoast.com\/product\/yoast-seo-wordpress\/ -->\n<title>Forma\u00e7\u00e3o Professores Ed. Moral e Religiosa Evang\u00e9lica - AEP<\/title>\n<meta name=\"robots\" content=\"index, follow, max-snippet:-1, max-image-preview:large, max-video-preview:-1\" \/>\n<link rel=\"canonical\" href=\"https:\/\/aliancaevangelica.pt\/site\/formacao-professores-ed-moral-e-religiosa-evangelica\/\" \/>\n<meta property=\"og:locale\" content=\"pt_PT\" \/>\n<meta property=\"og:type\" content=\"article\" \/>\n<meta property=\"og:title\" content=\"Forma\u00e7\u00e3o Professores Ed. Moral e Religiosa Evang\u00e9lica - AEP\" \/>\n<meta property=\"og:description\" content=\"A COMACEP\u00a0(Comiss\u00e3o para A\u00e7\u00e3o Educativa Evang\u00e9lica nas Escolas P\u00fablicas) vai levar a cabo um ciclo de FORMA\u00c7\u00d5ES NACIONAIS para professores e candidatos ao ensino de Educa\u00e7\u00e3o Moral e Religiosa Evang\u00e9lica\" \/>\n<meta property=\"og:url\" content=\"https:\/\/aliancaevangelica.pt\/site\/formacao-professores-ed-moral-e-religiosa-evangelica\/\" \/>\n<meta property=\"og:site_name\" content=\"AEP\" \/>\n<meta property=\"article:publisher\" content=\"http:\/\/facebook.com\/aeportuguesa\" \/>\n<meta property=\"article:author\" content=\"aeportugal\" \/>\n<meta property=\"article:published_time\" content=\"2023-02-25T18:53:37+00:00\" \/>\n<meta property=\"article:modified_time\" content=\"2023-02-25T18:53:41+00:00\" \/>\n<meta property=\"og:image\" content=\"https:\/\/aliancaevangelica.pt\/site\/wp-content\/uploads\/2023\/02\/Geral.jpeg\" \/>\n\t<meta property=\"og:image:width\" content=\"940\" \/>\n\t<meta property=\"og:image:height\" content=\"788\" \/>\n\t<meta property=\"og:image:type\" content=\"image\/jpeg\" \/>\n<meta name=\"author\" content=\"AEP\" \/>\n<meta name=\"twitter:card\" content=\"summary_large_image\" \/>\n<meta name=\"twitter:label1\" content=\"Escrito por\" \/>\n\t<meta name=\"twitter:data1\" content=\"AEP\" \/>\n\t<meta name=\"twitter:label2\" content=\"Tempo estimado de leitura\" \/>\n\t<meta name=\"twitter:data2\" content=\"1 minuto\" \/>\n<script type=\"application\/ld+json\" class=\"yoast-schema-graph\">{\"@context\":\"https:\\\/\\\/schema.org\",\"@graph\":[{\"@type\":\"Article\",\"@id\":\"https:\\\/\\\/aliancaevangelica.pt\\\/site\\\/formacao-professores-ed-moral-e-religiosa-evangelica\\\/#article\",\"isPartOf\":{\"@id\":\"https:\\\/\\\/aliancaevangelica.pt\\\/site\\\/formacao-professores-ed-moral-e-religiosa-evangelica\\\/\"},\"author\":{\"name\":\"AEP\",\"@id\":\"https:\\\/\\\/aliancaevangelica.pt\\\/site\\\/#\\\/schema\\\/person\\\/3b47cfc7535eff1e820f31c2d67eafcf\"},\"headline\":\"Forma\u00e7\u00e3o Professores Ed. Moral e Religiosa Evang\u00e9lica\",\"datePublished\":\"2023-02-25T18:53:37+00:00\",\"dateModified\":\"2023-02-25T18:53:41+00:00\",\"mainEntityOfPage\":{\"@id\":\"https:\\\/\\\/aliancaevangelica.pt\\\/site\\\/formacao-professores-ed-moral-e-religiosa-evangelica\\\/\"},\"wordCount\":297,\"commentCount\":0,\"publisher\":{\"@id\":\"https:\\\/\\\/aliancaevangelica.pt\\\/site\\\/#organization\"},\"image\":{\"@id\":\"https:\\\/\\\/aliancaevangelica.pt\\\/site\\\/formacao-professores-ed-moral-e-religiosa-evangelica\\\/#primaryimage\"},\"thumbnailUrl\":\"https:\\\/\\\/aliancaevangelica.pt\\\/site\\\/wp-content\\\/uploads\\\/2023\\\/02\\\/Geral.jpeg\",\"articleSection\":[\"1-Geral\",\"4-An\u00fancios\",\"Eventos\"],\"inLanguage\":\"pt-PT\",\"potentialAction\":[{\"@type\":\"CommentAction\",\"name\":\"Comment\",\"target\":[\"https:\\\/\\\/aliancaevangelica.pt\\\/site\\\/formacao-professores-ed-moral-e-religiosa-evangelica\\\/#respond\"]}]},{\"@type\":\"WebPage\",\"@id\":\"https:\\\/\\\/aliancaevangelica.pt\\\/site\\\/formacao-professores-ed-moral-e-religiosa-evangelica\\\/\",\"url\":\"https:\\\/\\\/aliancaevangelica.pt\\\/site\\\/formacao-professores-ed-moral-e-religiosa-evangelica\\\/\",\"name\":\"Forma\u00e7\u00e3o Professores Ed. Moral e Religiosa Evang\u00e9lica - AEP\",\"isPartOf\":{\"@id\":\"https:\\\/\\\/aliancaevangelica.pt\\\/site\\\/#website\"},\"primaryImageOfPage\":{\"@id\":\"https:\\\/\\\/aliancaevangelica.pt\\\/site\\\/formacao-professores-ed-moral-e-religiosa-evangelica\\\/#primaryimage\"},\"image\":{\"@id\":\"https:\\\/\\\/aliancaevangelica.pt\\\/site\\\/formacao-professores-ed-moral-e-religiosa-evangelica\\\/#primaryimage\"},\"thumbnailUrl\":\"https:\\\/\\\/aliancaevangelica.pt\\\/site\\\/wp-content\\\/uploads\\\/2023\\\/02\\\/Geral.jpeg\",\"datePublished\":\"2023-02-25T18:53:37+00:00\",\"dateModified\":\"2023-02-25T18:53:41+00:00\",\"breadcrumb\":{\"@id\":\"https:\\\/\\\/aliancaevangelica.pt\\\/site\\\/formacao-professores-ed-moral-e-religiosa-evangelica\\\/#breadcrumb\"},\"inLanguage\":\"pt-PT\",\"potentialAction\":[{\"@type\":\"ReadAction\",\"target\":[\"https:\\\/\\\/aliancaevangelica.pt\\\/site\\\/formacao-professores-ed-moral-e-religiosa-evangelica\\\/\"]}]},{\"@type\":\"ImageObject\",\"inLanguage\":\"pt-PT\",\"@id\":\"https:\\\/\\\/aliancaevangelica.pt\\\/site\\\/formacao-professores-ed-moral-e-religiosa-evangelica\\\/#primaryimage\",\"url\":\"https:\\\/\\\/aliancaevangelica.pt\\\/site\\\/wp-content\\\/uploads\\\/2023\\\/02\\\/Geral.jpeg\",\"contentUrl\":\"https:\\\/\\\/aliancaevangelica.pt\\\/site\\\/wp-content\\\/uploads\\\/2023\\\/02\\\/Geral.jpeg\",\"width\":940,\"height\":788},{\"@type\":\"BreadcrumbList\",\"@id\":\"https:\\\/\\\/aliancaevangelica.pt\\\/site\\\/formacao-professores-ed-moral-e-religiosa-evangelica\\\/#breadcrumb\",\"itemListElement\":[{\"@type\":\"ListItem\",\"position\":1,\"name\":\"In\u00edcio\",\"item\":\"https:\\\/\\\/aliancaevangelica.pt\\\/site\\\/\"},{\"@type\":\"ListItem\",\"position\":2,\"name\":\"Forma\u00e7\u00e3o Professores Ed. Moral e Religiosa Evang\u00e9lica\"}]},{\"@type\":\"WebSite\",\"@id\":\"https:\\\/\\\/aliancaevangelica.pt\\\/site\\\/#website\",\"url\":\"https:\\\/\\\/aliancaevangelica.pt\\\/site\\\/\",\"name\":\"Alian\u00e7a Evang\u00e9lica Portuguesa\",\"description\":\"Alian\u00e7a Evang\u00e9lica Portuguesa\",\"publisher\":{\"@id\":\"https:\\\/\\\/aliancaevangelica.pt\\\/site\\\/#organization\"},\"potentialAction\":[{\"@type\":\"SearchAction\",\"target\":{\"@type\":\"EntryPoint\",\"urlTemplate\":\"https:\\\/\\\/aliancaevangelica.pt\\\/site\\\/?s={search_term_string}\"},\"query-input\":{\"@type\":\"PropertyValueSpecification\",\"valueRequired\":true,\"valueName\":\"search_term_string\"}}],\"inLanguage\":\"pt-PT\"},{\"@type\":\"Organization\",\"@id\":\"https:\\\/\\\/aliancaevangelica.pt\\\/site\\\/#organization\",\"name\":\"Alian\u00e7a Evang\u00e9lica Portuguesa\",\"url\":\"https:\\\/\\\/aliancaevangelica.pt\\\/site\\\/\",\"logo\":{\"@type\":\"ImageObject\",\"inLanguage\":\"pt-PT\",\"@id\":\"https:\\\/\\\/aliancaevangelica.pt\\\/site\\\/#\\\/schema\\\/logo\\\/image\\\/\",\"url\":\"https:\\\/\\\/aliancaevangelica.pt\\\/site\\\/wp-content\\\/uploads\\\/2017\\\/11\\\/logo-AEP-cor.png\",\"contentUrl\":\"https:\\\/\\\/aliancaevangelica.pt\\\/site\\\/wp-content\\\/uploads\\\/2017\\\/11\\\/logo-AEP-cor.png\",\"width\":1156,\"height\":672,\"caption\":\"Alian\u00e7a Evang\u00e9lica Portuguesa\"},\"image\":{\"@id\":\"https:\\\/\\\/aliancaevangelica.pt\\\/site\\\/#\\\/schema\\\/logo\\\/image\\\/\"},\"sameAs\":[\"http:\\\/\\\/facebook.com\\\/aeportuguesa\",\"http:\\\/\\\/instagram.com\\\/aliancaep\",\"http:\\\/\\\/youtube.com\\\/aeportuguesa\"]},{\"@type\":\"Person\",\"@id\":\"https:\\\/\\\/aliancaevangelica.pt\\\/site\\\/#\\\/schema\\\/person\\\/3b47cfc7535eff1e820f31c2d67eafcf\",\"name\":\"AEP\",\"sameAs\":[\"aeportugal\"],\"url\":\"https:\\\/\\\/aliancaevangelica.pt\\\/site\\\/author\\\/aeportugal\\\/\"}]}<\/script>\n<!-- \/ Yoast SEO plugin. -->","yoast_head_json":{"title":"Forma\u00e7\u00e3o Professores Ed. Moral e Religiosa Evang\u00e9lica - AEP","robots":{"index":"index","follow":"follow","max-snippet":"max-snippet:-1","max-image-preview":"max-image-preview:large","max-video-preview":"max-video-preview:-1"},"canonical":"https:\/\/aliancaevangelica.pt\/site\/formacao-professores-ed-moral-e-religiosa-evangelica\/","og_locale":"pt_PT","og_type":"article","og_title":"Forma\u00e7\u00e3o Professores Ed. Moral e Religiosa Evang\u00e9lica - AEP","og_description":"A COMACEP\u00a0(Comiss\u00e3o para A\u00e7\u00e3o Educativa Evang\u00e9lica nas Escolas P\u00fablicas) vai levar a cabo um ciclo de FORMA\u00c7\u00d5ES NACIONAIS para professores e candidatos ao ensino de Educa\u00e7\u00e3o Moral e Religiosa Evang\u00e9lica","og_url":"https:\/\/aliancaevangelica.pt\/site\/formacao-professores-ed-moral-e-religiosa-evangelica\/","og_site_name":"AEP","article_publisher":"http:\/\/facebook.com\/aeportuguesa","article_author":"aeportugal","article_published_time":"2023-02-25T18:53:37+00:00","article_modified_time":"2023-02-25T18:53:41+00:00","og_image":[{"width":940,"height":788,"url":"https:\/\/aliancaevangelica.pt\/site\/wp-content\/uploads\/2023\/02\/Geral.jpeg","type":"image\/jpeg"}],"author":"AEP","twitter_card":"summary_large_image","twitter_misc":{"Escrito por":"AEP","Tempo estimado de leitura":"1 minuto"},"schema":{"@context":"https:\/\/schema.org","@graph":[{"@type":"Article","@id":"https:\/\/aliancaevangelica.pt\/site\/formacao-professores-ed-moral-e-religiosa-evangelica\/#article","isPartOf":{"@id":"https:\/\/aliancaevangelica.pt\/site\/formacao-professores-ed-moral-e-religiosa-evangelica\/"},"author":{"name":"AEP","@id":"https:\/\/aliancaevangelica.pt\/site\/#\/schema\/person\/3b47cfc7535eff1e820f31c2d67eafcf"},"headline":"Forma\u00e7\u00e3o Professores Ed. Moral e Religiosa Evang\u00e9lica","datePublished":"2023-02-25T18:53:37+00:00","dateModified":"2023-02-25T18:53:41+00:00","mainEntityOfPage":{"@id":"https:\/\/aliancaevangelica.pt\/site\/formacao-professores-ed-moral-e-religiosa-evangelica\/"},"wordCount":297,"commentCount":0,"publisher":{"@id":"https:\/\/aliancaevangelica.pt\/site\/#organization"},"image":{"@id":"https:\/\/aliancaevangelica.pt\/site\/formacao-professores-ed-moral-e-religiosa-evangelica\/#primaryimage"},"thumbnailUrl":"https:\/\/aliancaevangelica.pt\/site\/wp-content\/uploads\/2023\/02\/Geral.jpeg","articleSection":["1-Geral","4-An\u00fancios","Eventos"],"inLanguage":"pt-PT","potentialAction":[{"@type":"CommentAction","name":"Comment","target":["https:\/\/aliancaevangelica.pt\/site\/formacao-professores-ed-moral-e-religiosa-evangelica\/#respond"]}]},{"@type":"WebPage","@id":"https:\/\/aliancaevangelica.pt\/site\/formacao-professores-ed-moral-e-religiosa-evangelica\/","url":"https:\/\/aliancaevangelica.pt\/site\/formacao-professores-ed-moral-e-religiosa-evangelica\/","name":"Forma\u00e7\u00e3o Professores Ed. Moral e Religiosa Evang\u00e9lica - AEP","isPartOf":{"@id":"https:\/\/aliancaevangelica.pt\/site\/#website"},"primaryImageOfPage":{"@id":"https:\/\/aliancaevangelica.pt\/site\/formacao-professores-ed-moral-e-religiosa-evangelica\/#primaryimage"},"image":{"@id":"https:\/\/aliancaevangelica.pt\/site\/formacao-professores-ed-moral-e-religiosa-evangelica\/#primaryimage"},"thumbnailUrl":"https:\/\/aliancaevangelica.pt\/site\/wp-content\/uploads\/2023\/02\/Geral.jpeg","datePublished":"2023-02-25T18:53:37+00:00","dateModified":"2023-02-25T18:53:41+00:00","breadcrumb":{"@id":"https:\/\/aliancaevangelica.pt\/site\/formacao-professores-ed-moral-e-religiosa-evangelica\/#breadcrumb"},"inLanguage":"pt-PT","potentialAction":[{"@type":"ReadAction","target":["https:\/\/aliancaevangelica.pt\/site\/formacao-professores-ed-moral-e-religiosa-evangelica\/"]}]},{"@type":"ImageObject","inLanguage":"pt-PT","@id":"https:\/\/aliancaevangelica.pt\/site\/formacao-professores-ed-moral-e-religiosa-evangelica\/#primaryimage","url":"https:\/\/aliancaevangelica.pt\/site\/wp-content\/uploads\/2023\/02\/Geral.jpeg","contentUrl":"https:\/\/aliancaevangelica.pt\/site\/wp-content\/uploads\/2023\/02\/Geral.jpeg","width":940,"height":788},{"@type":"BreadcrumbList","@id":"https:\/\/aliancaevangelica.pt\/site\/formacao-professores-ed-moral-e-religiosa-evangelica\/#breadcrumb","itemListElement":[{"@type":"ListItem","position":1,"name":"In\u00edcio","item":"https:\/\/aliancaevangelica.pt\/site\/"},{"@type":"ListItem","position":2,"name":"Forma\u00e7\u00e3o Professores Ed. Moral e Religiosa Evang\u00e9lica"}]},{"@type":"WebSite","@id":"https:\/\/aliancaevangelica.pt\/site\/#website","url":"https:\/\/aliancaevangelica.pt\/site\/","name":"Alian\u00e7a Evang\u00e9lica Portuguesa","description":"Alian\u00e7a Evang\u00e9lica Portuguesa","publisher":{"@id":"https:\/\/aliancaevangelica.pt\/site\/#organization"},"potentialAction":[{"@type":"SearchAction","target":{"@type":"EntryPoint","urlTemplate":"https:\/\/aliancaevangelica.pt\/site\/?s={search_term_string}"},"query-input":{"@type":"PropertyValueSpecification","valueRequired":true,"valueName":"search_term_string"}}],"inLanguage":"pt-PT"},{"@type":"Organization","@id":"https:\/\/aliancaevangelica.pt\/site\/#organization","name":"Alian\u00e7a Evang\u00e9lica Portuguesa","url":"https:\/\/aliancaevangelica.pt\/site\/","logo":{"@type":"ImageObject","inLanguage":"pt-PT","@id":"https:\/\/aliancaevangelica.pt\/site\/#\/schema\/logo\/image\/","url":"https:\/\/aliancaevangelica.pt\/site\/wp-content\/uploads\/2017\/11\/logo-AEP-cor.png","contentUrl":"https:\/\/aliancaevangelica.pt\/site\/wp-content\/uploads\/2017\/11\/logo-AEP-cor.png","width":1156,"height":672,"caption":"Alian\u00e7a Evang\u00e9lica Portuguesa"},"image":{"@id":"https:\/\/aliancaevangelica.pt\/site\/#\/schema\/logo\/image\/"},"sameAs":["http:\/\/facebook.com\/aeportuguesa","http:\/\/instagram.com\/aliancaep","http:\/\/youtube.com\/aeportuguesa"]},{"@type":"Person","@id":"https:\/\/aliancaevangelica.pt\/site\/#\/schema\/person\/3b47cfc7535eff1e820f31c2d67eafcf","name":"AEP","sameAs":["aeportugal"],"url":"https:\/\/aliancaevangelica.pt\/site\/author\/aeportugal\/"}]}},"uagb_featured_image_src":{"full":["https:\/\/aliancaevangelica.pt\/site\/wp-content\/uploads\/2023\/02\/Geral.jpeg",940,788,false],"thumbnail":["https:\/\/aliancaevangelica.pt\/site\/wp-content\/uploads\/2023\/02\/Geral-150x150.jpeg",150,150,true],"medium":["https:\/\/aliancaevangelica.pt\/site\/wp-content\/uploads\/2023\/02\/Geral-300x251.jpeg",300,251,true],"medium_large":["https:\/\/aliancaevangelica.pt\/site\/wp-content\/uploads\/2023\/02\/Geral-768x644.jpeg",768,644,true],"large":["https:\/\/aliancaevangelica.pt\/site\/wp-content\/uploads\/2023\/02\/Geral.jpeg",940,788,false],"1536x1536":["https:\/\/aliancaevangelica.pt\/site\/wp-content\/uploads\/2023\/02\/Geral.jpeg",940,788,false],"2048x2048":["https:\/\/aliancaevangelica.pt\/site\/wp-content\/uploads\/2023\/02\/Geral.jpeg",940,788,false],"vp_sm":["https:\/\/aliancaevangelica.pt\/site\/wp-content\/uploads\/2023\/02\/Geral.jpeg",500,419,false],"vp_md":["https:\/\/aliancaevangelica.pt\/site\/wp-content\/uploads\/2023\/02\/Geral.jpeg",800,671,false],"vp_lg":["https:\/\/aliancaevangelica.pt\/site\/wp-content\/uploads\/2023\/02\/Geral.jpeg",940,788,false],"vp_xl":["https:\/\/aliancaevangelica.pt\/site\/wp-content\/uploads\/2023\/02\/Geral.jpeg",940,788,false],"vp_sm_popup":["https:\/\/aliancaevangelica.pt\/site\/wp-content\/uploads\/2023\/02\/Geral.jpeg",500,419,false],"vp_md_popup":["https:\/\/aliancaevangelica.pt\/site\/wp-content\/uploads\/2023\/02\/Geral.jpeg",800,671,false],"vp_xl_popup":["https:\/\/aliancaevangelica.pt\/site\/wp-content\/uploads\/2023\/02\/Geral.jpeg",940,788,false],"newsx-150x100":["https:\/\/aliancaevangelica.pt\/site\/wp-content\/uploads\/2023\/02\/Geral.jpeg",119,100,false],"newsx-330x220":["https:\/\/aliancaevangelica.pt\/site\/wp-content\/uploads\/2023\/02\/Geral.jpeg",262,220,false],"newsx-420x280":["https:\/\/aliancaevangelica.pt\/site\/wp-content\/uploads\/2023\/02\/Geral.jpeg",334,280,false],"newsx-510x340":["https:\/\/aliancaevangelica.pt\/site\/wp-content\/uploads\/2023\/02\/Geral.jpeg",406,340,false],"newsx-640x480":["https:\/\/aliancaevangelica.pt\/site\/wp-content\/uploads\/2023\/02\/Geral.jpeg",573,480,false],"newsx-670x370":["https:\/\/aliancaevangelica.pt\/site\/wp-content\/uploads\/2023\/02\/Geral.jpeg",441,370,false],"newsx-860x570":["https:\/\/aliancaevangelica.pt\/site\/wp-content\/uploads\/2023\/02\/Geral.jpeg",680,570,false],"newsx-1000x750":["https:\/\/aliancaevangelica.pt\/site\/wp-content\/uploads\/2023\/02\/Geral.jpeg",895,750,false],"newsx-1200x600":["https:\/\/aliancaevangelica.pt\/site\/wp-content\/uploads\/2023\/02\/Geral.jpeg",716,600,false]},"uagb_author_info":{"display_name":"AEP","author_link":"https:\/\/aliancaevangelica.pt\/site\/author\/aeportugal\/"},"uagb_comment_info":0,"uagb_excerpt":"A COMACEP\u00a0(Comiss\u00e3o para A\u00e7\u00e3o Educativa Evang\u00e9lica nas Escolas P\u00fablicas) vai levar a cabo um ciclo de FORMA\u00c7\u00d5ES NACIONAIS para professores e candidatos ao ensino de Educa\u00e7\u00e3o Moral e Religiosa Evang\u00e9lica","_links":{"self":[{"href":"https:\/\/aliancaevangelica.pt\/site\/wp-json\/wp\/v2\/posts\/19970","targetHints":{"allow":["GET"]}}],"collection":[{"href":"https:\/\/aliancaevangelica.pt\/site\/wp-json\/wp\/v2\/posts"}],"about":[{"href":"https:\/\/aliancaevangelica.pt\/site\/wp-json\/wp\/v2\/types\/post"}],"author":[{"embeddable":true,"href":"https:\/\/aliancaevangelica.pt\/site\/wp-json\/wp\/v2\/users\/2"}],"replies":[{"embeddable":true,"href":"https:\/\/aliancaevangelica.pt\/site\/wp-json\/wp\/v2\/comments?post=19970"}],"version-history":[{"count":1,"href":"https:\/\/aliancaevangelica.pt\/site\/wp-json\/wp\/v2\/posts\/19970\/revisions"}],"predecessor-version":[{"id":19972,"href":"https:\/\/aliancaevangelica.pt\/site\/wp-json\/wp\/v2\/posts\/19970\/revisions\/19972"}],"wp:featuredmedia":[{"embeddable":true,"href":"https:\/\/aliancaevangelica.pt\/site\/wp-json\/wp\/v2\/media\/19971"}],"wp:attachment":[{"href":"https:\/\/aliancaevangelica.pt\/site\/wp-json\/wp\/v2\/media?parent=19970"}],"wp:term":[{"taxonomy":"category","embeddable":true,"href":"https:\/\/aliancaevangelica.pt\/site\/wp-json\/wp\/v2\/categories?post=19970"},{"taxonomy":"post_tag","embeddable":true,"href":"https:\/\/aliancaevangelica.pt\/site\/wp-json\/wp\/v2\/tags?post=19970"}],"curies":[{"name":"wp","href":"https:\/\/api.w.org\/{rel}","templated":true}]}}