{"id":19946,"date":"2023-02-17T17:45:54","date_gmt":"2023-02-17T17:45:54","guid":{"rendered":"https:\/\/aliancaevangelica.pt\/site\/?p=19946"},"modified":"2023-02-17T17:45:57","modified_gmt":"2023-02-17T17:45:57","slug":"casamento","status":"publish","type":"post","link":"https:\/\/aliancaevangelica.pt\/site\/casamento\/","title":{"rendered":"Casamento"},"content":{"rendered":"<p class=\"p1\">\u201c\u2026 casaram e foram felizes para todo o sempre\u2026\u201d<\/p>\n<p class=\"p1\">Este \u00e9 a mensagem dos filmes infantis sobre princesas, que termina invariavelmente em casamento. E muitas vezes, esta \u00e9 a ideia que algumas pessoas t\u00eam sobre casamento.<\/p>\n<p class=\"p1\">Infelizmente a realidade acaba por ser bem diferente. Porqu\u00ea? Porque \u00e9 que assistimos \u00e0 diminui\u00e7\u00e3o dos casamentos na nossa sociedade? Porqu\u00ea que muitas pessoas j\u00e1 n\u00e3o acreditam no casamento? As respostas a estas perguntas passam por, primeiro, percebermos o que \u00e9 o casamento. De acordo com o dicion\u00e1rio da Porto Editora, <i>casamento \u00e9 o <\/i><span class=\"s1\"><i>ato ou efeito de casar; \u00e9 a uni\u00e3o conjugal; \u00e9 o matrim\u00f3nio, que contempla dois aspetos: O Direito Civil e o Religioso.<\/i>\u00a0<\/span><\/p>\n<p class=\"p2\">No Direito Civil, casamento \u00e9 um contrato civil livremente celebrado entre duas pessoas que pretendem constituir fam\u00edlia mediante plena comunh\u00e3o de vida, segundo o qual se estabelecem direitos e deveres conjugais.<\/p>\n<p class=\"p2\">Na Religi\u00e3o cat\u00f3lica \u00e9 sacramento pelo qual um homem e uma mulher se ligam de forma perp\u00e9tua, de acordo com as prescri\u00e7\u00f5es da Igreja<\/p>\n<p class=\"p2\">Para o crist\u00e3o que se rev\u00ea nos ensinamentos b\u00edblicos, casamento \u00e9 uma alian\u00e7a que se estabelece numa cerim\u00f3nia onde os v\u00ednculos matrimoniais entre um homem e uma mulher, s\u00e3o firmados e os ligam at\u00e9 que a morte os separe. O casamento pode-se resumir em tr\u00eas aspetos principais: a livre vontade dos pr\u00f3prios, o cumprimento dos rituais da cultura (na cultura portuguesa \u00e9 a Conservat\u00f3ria, e\/ou a igreja) e a consuma\u00e7\u00e3o do ato atrav\u00e9s da rela\u00e7\u00e3o sexual.<\/p>\n<p class=\"p1\">E \u00e9 desta rela\u00e7\u00e3o <i>\u201cat\u00e9 que a morte os separe\u201d<\/i> que eu quero falar. Uma boa parte das pessoas que casa, entra para a rela\u00e7\u00e3o pensando <b>\u201co meu c\u00f4njuge vai fazer-me feliz\u201d<\/b>! De acordo com a palavra de Deus, \u00e9 responsabilidade do c\u00f4njuge estar atento \u00e0s necessidades do outro e ser a resposta de Deus a essas necessidades. Mais do que procurar a felicidade em si mesma, \u00e9 na entrega de um ao outro (o amor\/amar) que a felicidade pode ser encontrada.<\/p>\n<p class=\"p1\">Muito raramente se est\u00e1 no casamento com o pensamento <b>\u201ceu vou fazer o meu c\u00f4njuge feliz\u201d<\/b>, Ou <b>\u201cEu vou ser a resposta de Deus \u00e0s suas necessidades.\u201d<\/b> Desta forma, cada um espera que seja o outro a faz\u00ea-lo feliz. O grande desafio \u00e9 estar no casamento com o pensamento que devo fazer tudo o que est\u00e1 ao meu alcance para pensar mais no meu c\u00f4njuge do que em mim mesmo, isto de forma b\u00edblica e saud\u00e1vel.<span class=\"Apple-converted-space\">\u00a0 <\/span>Somos naturalmente ego\u00edstas e pensamos em n\u00f3s em primeiro lugar, em vez de pensarmos no outro, por isso as rela\u00e7\u00f5es tendem a ser dif\u00edceis e muito longe daquilo que Deus planejou e pensou.<\/p>\n<p class=\"p1\">Surge ent\u00e3o a pergunta: Qual o prop\u00f3sito de Deus para o casamento?<\/p>\n<p class=\"p4\">Para um crist\u00e3o que acredita que a B\u00edblia \u00e9 a Palavra de Deus, ela d\u00e1 a resposta. Ap\u00f3s a cria\u00e7\u00e3o de todas as coisas, narrada no livro de G\u00eanesis, cap\u00edtulos 1 e 2, Deus criou o homem e a mulher, G\u00eanesis 1.26,27 \u201c<i>E disse Deus: Fa\u00e7amos o homem \u00e0 nossa imagem, conforme a nossa semelhan\u00e7a; e domine sobre os peixes do mar, e sobre as aves dos c\u00e9us, e sobre o gado, e sobre toda a terra, e sobre todo o r\u00e9ptil que se move sobre a terra. E criou Deus o homem \u00e0 sua imagem; \u00e0 imagem de Deus o criou; homem e mulher os criou<\/i>. <i>E Deus os aben\u00e7oou, e Deus lhes disse: Frutificai e multiplicai-vos, e enchei a terra, e sujeitai-a; e dominai sobre os peixes do mar e sobre as aves dos c\u00e9us, e sobre todo o animal que se move sobre a terra\u201d.<\/i><\/p>\n<p class=\"p4\">\nMais adiante, em G\u00eanesis 2:18 <i>\u201cE disse o Senhor Deus: N\u00e3o \u00e9 bom que o homem esteja s\u00f3; far-lhe-ei uma ajudadora id\u00f4nea para ele.\u201d<\/i> E em <i>G\u00eanesis 2.21-24<\/i> \u201c<i>Ent\u00e3o o Senhor Deus fez cair um sono pesado sobre Ad\u00e3o, e este adormeceu; e tomou uma das suas costelas, e cerrou a carne em seu lugar; E da costela que o Senhor Deus tomou do homem, formou uma mulher, e trouxe-a a Ad\u00e3o. E disse Ad\u00e3o: Esta \u00e9 agora osso dos meus ossos, e carne da minha carne; esta ser\u00e1 chamada mulher, porquanto do homem foi tomada. Portanto deixar\u00e1 o homem o seu pai e a sua m\u00e3e, e apegar-se-\u00e1 \u00e0 sua mulher, e ser\u00e3o ambos uma carne.\u201d<\/i> Este foi o primeiro casamento, feito por Deus e testemunhado por toda a cria\u00e7\u00e3o.<\/p>\n<p class=\"p4\">Juntos, os dois \u201cuma s\u00f3 carne\u201d, deviam frutificar, multiplicar-se e encher a terra, sujeit\u00e1-la e domin\u00e1-la. Juntos deviam tamb\u00e9m refletir a gl\u00f3ria de Deus no seu relacionamento, porquanto foram criados \u00e0 imagem e semelhan\u00e7a de Deus. Deviam mostrar a toda a cria\u00e7\u00e3o, os atributos comunic\u00e1veis de Deus. Deus criou mais do que dois \u201cEus\u201d, Ele criou um \u201cN\u00d3S\u201d, um sere humano Macho e F\u00eamea, para comunicar os seus atributos, Amor, miseric\u00f3rdia, bondade, fidelidade, justi\u00e7a, sabedoria, santidade, verdade, liberdade e paz.<\/p>\n<p>Alem disso, cada um deles tinha uma tarefa espec\u00edfica: o <b>homem<\/b> era o <b>provedor e o protetor do lar<\/b> e a <b>mulher<\/b> era a <b>auxiliador e cuidadora do lar<\/b>. \u00c9 verdade que nos dias em que vivemos, estas tarefas est\u00e3o esbatidas, principalmente porque os dois trabalham e proveem para a fam\u00edlia e os dois realizam tarefas dom\u00e9sticas. Isso quer dizer que o plano de Deus falhou? N\u00e3o! Quer dizer apenas que, como s\u00e3o os dois <i>\u201cuma s\u00f3 carne \u201ce est\u00e3o a trabalhar para o mesmo objetivo, <\/i>a rela\u00e7\u00e3o deve priorizar o \u201cN\u00d3S\u201d, e n\u00e3o o \u201cEU\u201d, a divis\u00e3o das tarefes do lar deve ser consoante as habilidades e disponibilidades de cada um, bem como o sustento, fruto do trabalho individual, pertence ao N\u00d3S e n\u00e3o a cada um dos \u201cEUs\u201d. Assim, as <b>responsabilidades devem ser definidas previamente, em amor e respeitando \u00e0s particularidades um do outro.<\/b> Esta forma de estar no casamento em que priorizamos o \u201cN\u00d3S\u201d, \u00e9 uma mudan\u00e7a de mentalidade e uma compreens\u00e3o mais ampla da vontade de Deus, diferente da que temos hoje. Essa mudan\u00e7a de pensamento, de postura e de atitude, faz TODA a diferen\u00e7a nos nossos casamentos.<\/p>\n<p class=\"p1\">Porque o ego\u00edsmo faz parte da natureza humana pecadora, a rela\u00e7\u00e3o conjugal enfrenta v\u00e1rios desafios, tais como o conhecimento de n\u00f3s mesmos, o conhecimento do outro, a express\u00e3o genu\u00edna dos sentimentos e emo\u00e7\u00f5es, a educa\u00e7\u00e3o dos filhos, a gest\u00e3o financeira e a vida sexual. Estes desafios, levados ao extremo, em vez de cooperarem para um relacionamento saud\u00e1vel e agrad\u00e1vel, acabam por tornar os lares numa batalha campal feroz e cruel. Como ultrapassar isso? Devemos viver resignados ou fazer alguma coisa em contr\u00e1rio? \u00c9 claro que devemos lutar, n\u00e3o nos devemos resignar, mas em vez de combatermos um contra o outro, devemos unir-nos, esfor\u00e7ar-nos e trabalharmos juntos contra tudo o que quer destruir a harmonia do casal e do lar.<\/p>\n<p class=\"p1\">Um outro desafio est\u00e1 relacionado com <b>as diferen\u00e7as anat\u00f3micas, fisiol\u00f3gicas e gen\u00e9ticas entre o homem e a mulher<\/b>. Apesar de intelectualmente estarmos conscientes destas diferen\u00e7as, na viv\u00eancia do dia a dia, as mesmas tendem a ser ignoradas e acabam por separar os casais. Mas a ideia de Deus \u00e9 que estas diferen\u00e7as sejam para complementaridade, apoio e fortalecimento do casal. <b>Os pontos fortes de um, complementam os pontos fracos do outro<\/b>, e assim seguem numa rela\u00e7\u00e3o de cumplicidade e parceria.<\/p>\n<p class=\"p4\">O casamento \u00e9 o lugar perfeito criado por Deus para confrontar e expor o meu EU de forma a conduzi-lo a Cristo, \u00e0 morte do \u201cEU\u201d, conforme diz a B\u00edblia. Sem a morte do \u201ceu\u201d, vivem na mesma casa dois \u201ceus\u201d competindo entre si, at\u00e9 que algum deles se anule ou se resigne, mas este n\u00e3o \u00e9 o plano de Deus. O deixar crescer o \u201cN\u00d3S\u201d no casamento vai de encontro ao plano divino. O \u201cN\u00d3S\u201d trabalha para a satisfa\u00e7\u00e3o m\u00fatua do casal e busca responder \u00e0 vontade de Deus, \u00e0s necessidades e aos anseios um do outro.<\/p>\n<p class=\"p1\">Sejam quais forem os desafios e as dificuldades que a vida vos traga no casamento, <b>n\u00e3o desistam de v\u00f3s mesmos, procurem ajuda<\/b>!<\/p>\n<p class=\"p1\">Na medida em que ambos queiram, sejam humildes, honestos, submissos e obedientes a Deus, o Deus dos imposs\u00edveis, que teve a ideia do casamento, far\u00e1 os milagres necess\u00e1rios para a restaura\u00e7\u00e3o.<\/p>\n<p class=\"p1\"><span style=\"font-size: inherit;\">[movedo_single_image image=&#8221;19945&#8243; animation=&#8221;grve-zoom-in&#8221;]<\/span><\/p>\n<p class=\"p1\">Genny Chaveiro<\/p>\n<p class=\"p1\">Conferencista\/palestrante sobre vida familiar<\/p>\n<p class=\"p1\">Dire\u00e7\u00e3o Alian\u00e7a Evang\u00e9lica Portuguesa, respons\u00e1vel pela \u201cAssessoria de Mulheres\u201d<\/p>\n","protected":false},"excerpt":{"rendered":"<p>\u201c\u2026 casaram e foram felizes para todo o sempre\u2026\u201d Este \u00e9 a mensagem dos filmes infantis sobre princesas, que termina invariavelmente em casamento. E muitas vezes, esta \u00e9 a ideia que algumas pessoas t\u00eam sobre casamento. Infelizmente a realidade acaba por ser bem diferente. Porqu\u00ea? Porque \u00e9 que assistimos \u00e0 diminui\u00e7\u00e3o dos casamentos na nossa<\/p>\n","protected":false},"author":2,"featured_media":19947,"comment_status":"open","ping_status":"open","sticky":false,"template":"","format":"standard","meta":{"_uag_custom_page_level_css":"","_themeisle_gutenberg_block_has_review":false,"_vp_format_video_url":"","_vp_image_focal_point":[],"footnotes":""},"categories":[45,47],"tags":[],"class_list":["post-19946","post","type-post","status-publish","format-standard","has-post-thumbnail","hentry","category-geral","category-mulheres"],"yoast_head":"<!-- This site is optimized with the Yoast SEO plugin v27.5 - https:\/\/yoast.com\/product\/yoast-seo-wordpress\/ -->\n<title>Casamento - AEP<\/title>\n<meta name=\"robots\" content=\"index, follow, max-snippet:-1, max-image-preview:large, max-video-preview:-1\" \/>\n<link rel=\"canonical\" href=\"https:\/\/aliancaevangelica.pt\/site\/casamento\/\" \/>\n<meta property=\"og:locale\" content=\"pt_PT\" \/>\n<meta property=\"og:type\" content=\"article\" \/>\n<meta property=\"og:title\" content=\"Casamento - AEP\" \/>\n<meta property=\"og:description\" content=\"\u201c\u2026 casaram e foram felizes para todo o sempre\u2026\u201d Este \u00e9 a mensagem dos filmes infantis sobre princesas, que termina invariavelmente em casamento. E muitas vezes, esta \u00e9 a ideia que algumas pessoas t\u00eam sobre casamento. Infelizmente a realidade acaba por ser bem diferente. Porqu\u00ea? Porque \u00e9 que assistimos \u00e0 diminui\u00e7\u00e3o dos casamentos na nossa\" \/>\n<meta property=\"og:url\" content=\"https:\/\/aliancaevangelica.pt\/site\/casamento\/\" \/>\n<meta property=\"og:site_name\" content=\"AEP\" \/>\n<meta property=\"article:publisher\" content=\"http:\/\/facebook.com\/aeportuguesa\" \/>\n<meta property=\"article:author\" content=\"aeportugal\" \/>\n<meta property=\"article:published_time\" content=\"2023-02-17T17:45:54+00:00\" \/>\n<meta property=\"article:modified_time\" content=\"2023-02-17T17:45:57+00:00\" \/>\n<meta property=\"og:image\" content=\"https:\/\/aliancaevangelica.pt\/site\/wp-content\/uploads\/2023\/02\/Beige-Aesthetic-Family-Time-Photo-Instagram-Post.png\" \/>\n\t<meta property=\"og:image:width\" content=\"1080\" \/>\n\t<meta property=\"og:image:height\" content=\"1350\" \/>\n\t<meta property=\"og:image:type\" content=\"image\/png\" \/>\n<meta name=\"author\" content=\"AEP\" \/>\n<meta name=\"twitter:card\" content=\"summary_large_image\" \/>\n<meta name=\"twitter:label1\" content=\"Escrito por\" \/>\n\t<meta name=\"twitter:data1\" content=\"AEP\" \/>\n\t<meta name=\"twitter:label2\" content=\"Tempo estimado de leitura\" \/>\n\t<meta name=\"twitter:data2\" content=\"7 minutos\" \/>\n<script type=\"application\/ld+json\" class=\"yoast-schema-graph\">{\"@context\":\"https:\\\/\\\/schema.org\",\"@graph\":[{\"@type\":\"Article\",\"@id\":\"https:\\\/\\\/aliancaevangelica.pt\\\/site\\\/casamento\\\/#article\",\"isPartOf\":{\"@id\":\"https:\\\/\\\/aliancaevangelica.pt\\\/site\\\/casamento\\\/\"},\"author\":{\"name\":\"AEP\",\"@id\":\"https:\\\/\\\/aliancaevangelica.pt\\\/site\\\/#\\\/schema\\\/person\\\/3b47cfc7535eff1e820f31c2d67eafcf\"},\"headline\":\"Casamento\",\"datePublished\":\"2023-02-17T17:45:54+00:00\",\"dateModified\":\"2023-02-17T17:45:57+00:00\",\"mainEntityOfPage\":{\"@id\":\"https:\\\/\\\/aliancaevangelica.pt\\\/site\\\/casamento\\\/\"},\"wordCount\":1464,\"commentCount\":0,\"publisher\":{\"@id\":\"https:\\\/\\\/aliancaevangelica.pt\\\/site\\\/#organization\"},\"image\":{\"@id\":\"https:\\\/\\\/aliancaevangelica.pt\\\/site\\\/casamento\\\/#primaryimage\"},\"thumbnailUrl\":\"https:\\\/\\\/aliancaevangelica.pt\\\/site\\\/wp-content\\\/uploads\\\/2023\\\/02\\\/Beige-Aesthetic-Family-Time-Photo-Instagram-Post.png\",\"articleSection\":[\"1-Geral\",\"Mulheres\"],\"inLanguage\":\"pt-PT\",\"potentialAction\":[{\"@type\":\"CommentAction\",\"name\":\"Comment\",\"target\":[\"https:\\\/\\\/aliancaevangelica.pt\\\/site\\\/casamento\\\/#respond\"]}]},{\"@type\":\"WebPage\",\"@id\":\"https:\\\/\\\/aliancaevangelica.pt\\\/site\\\/casamento\\\/\",\"url\":\"https:\\\/\\\/aliancaevangelica.pt\\\/site\\\/casamento\\\/\",\"name\":\"Casamento - AEP\",\"isPartOf\":{\"@id\":\"https:\\\/\\\/aliancaevangelica.pt\\\/site\\\/#website\"},\"primaryImageOfPage\":{\"@id\":\"https:\\\/\\\/aliancaevangelica.pt\\\/site\\\/casamento\\\/#primaryimage\"},\"image\":{\"@id\":\"https:\\\/\\\/aliancaevangelica.pt\\\/site\\\/casamento\\\/#primaryimage\"},\"thumbnailUrl\":\"https:\\\/\\\/aliancaevangelica.pt\\\/site\\\/wp-content\\\/uploads\\\/2023\\\/02\\\/Beige-Aesthetic-Family-Time-Photo-Instagram-Post.png\",\"datePublished\":\"2023-02-17T17:45:54+00:00\",\"dateModified\":\"2023-02-17T17:45:57+00:00\",\"breadcrumb\":{\"@id\":\"https:\\\/\\\/aliancaevangelica.pt\\\/site\\\/casamento\\\/#breadcrumb\"},\"inLanguage\":\"pt-PT\",\"potentialAction\":[{\"@type\":\"ReadAction\",\"target\":[\"https:\\\/\\\/aliancaevangelica.pt\\\/site\\\/casamento\\\/\"]}]},{\"@type\":\"ImageObject\",\"inLanguage\":\"pt-PT\",\"@id\":\"https:\\\/\\\/aliancaevangelica.pt\\\/site\\\/casamento\\\/#primaryimage\",\"url\":\"https:\\\/\\\/aliancaevangelica.pt\\\/site\\\/wp-content\\\/uploads\\\/2023\\\/02\\\/Beige-Aesthetic-Family-Time-Photo-Instagram-Post.png\",\"contentUrl\":\"https:\\\/\\\/aliancaevangelica.pt\\\/site\\\/wp-content\\\/uploads\\\/2023\\\/02\\\/Beige-Aesthetic-Family-Time-Photo-Instagram-Post.png\",\"width\":1080,\"height\":1350},{\"@type\":\"BreadcrumbList\",\"@id\":\"https:\\\/\\\/aliancaevangelica.pt\\\/site\\\/casamento\\\/#breadcrumb\",\"itemListElement\":[{\"@type\":\"ListItem\",\"position\":1,\"name\":\"In\u00edcio\",\"item\":\"https:\\\/\\\/aliancaevangelica.pt\\\/site\\\/\"},{\"@type\":\"ListItem\",\"position\":2,\"name\":\"Casamento\"}]},{\"@type\":\"WebSite\",\"@id\":\"https:\\\/\\\/aliancaevangelica.pt\\\/site\\\/#website\",\"url\":\"https:\\\/\\\/aliancaevangelica.pt\\\/site\\\/\",\"name\":\"Alian\u00e7a Evang\u00e9lica Portuguesa\",\"description\":\"Alian\u00e7a Evang\u00e9lica Portuguesa\",\"publisher\":{\"@id\":\"https:\\\/\\\/aliancaevangelica.pt\\\/site\\\/#organization\"},\"potentialAction\":[{\"@type\":\"SearchAction\",\"target\":{\"@type\":\"EntryPoint\",\"urlTemplate\":\"https:\\\/\\\/aliancaevangelica.pt\\\/site\\\/?s={search_term_string}\"},\"query-input\":{\"@type\":\"PropertyValueSpecification\",\"valueRequired\":true,\"valueName\":\"search_term_string\"}}],\"inLanguage\":\"pt-PT\"},{\"@type\":\"Organization\",\"@id\":\"https:\\\/\\\/aliancaevangelica.pt\\\/site\\\/#organization\",\"name\":\"Alian\u00e7a Evang\u00e9lica Portuguesa\",\"url\":\"https:\\\/\\\/aliancaevangelica.pt\\\/site\\\/\",\"logo\":{\"@type\":\"ImageObject\",\"inLanguage\":\"pt-PT\",\"@id\":\"https:\\\/\\\/aliancaevangelica.pt\\\/site\\\/#\\\/schema\\\/logo\\\/image\\\/\",\"url\":\"https:\\\/\\\/aliancaevangelica.pt\\\/site\\\/wp-content\\\/uploads\\\/2017\\\/11\\\/logo-AEP-cor.png\",\"contentUrl\":\"https:\\\/\\\/aliancaevangelica.pt\\\/site\\\/wp-content\\\/uploads\\\/2017\\\/11\\\/logo-AEP-cor.png\",\"width\":1156,\"height\":672,\"caption\":\"Alian\u00e7a Evang\u00e9lica Portuguesa\"},\"image\":{\"@id\":\"https:\\\/\\\/aliancaevangelica.pt\\\/site\\\/#\\\/schema\\\/logo\\\/image\\\/\"},\"sameAs\":[\"http:\\\/\\\/facebook.com\\\/aeportuguesa\",\"http:\\\/\\\/instagram.com\\\/aliancaep\",\"http:\\\/\\\/youtube.com\\\/aeportuguesa\"]},{\"@type\":\"Person\",\"@id\":\"https:\\\/\\\/aliancaevangelica.pt\\\/site\\\/#\\\/schema\\\/person\\\/3b47cfc7535eff1e820f31c2d67eafcf\",\"name\":\"AEP\",\"sameAs\":[\"aeportugal\"],\"url\":\"https:\\\/\\\/aliancaevangelica.pt\\\/site\\\/author\\\/aeportugal\\\/\"}]}<\/script>\n<!-- \/ Yoast SEO plugin. -->","yoast_head_json":{"title":"Casamento - AEP","robots":{"index":"index","follow":"follow","max-snippet":"max-snippet:-1","max-image-preview":"max-image-preview:large","max-video-preview":"max-video-preview:-1"},"canonical":"https:\/\/aliancaevangelica.pt\/site\/casamento\/","og_locale":"pt_PT","og_type":"article","og_title":"Casamento - AEP","og_description":"\u201c\u2026 casaram e foram felizes para todo o sempre\u2026\u201d Este \u00e9 a mensagem dos filmes infantis sobre princesas, que termina invariavelmente em casamento. E muitas vezes, esta \u00e9 a ideia que algumas pessoas t\u00eam sobre casamento. Infelizmente a realidade acaba por ser bem diferente. Porqu\u00ea? Porque \u00e9 que assistimos \u00e0 diminui\u00e7\u00e3o dos casamentos na nossa","og_url":"https:\/\/aliancaevangelica.pt\/site\/casamento\/","og_site_name":"AEP","article_publisher":"http:\/\/facebook.com\/aeportuguesa","article_author":"aeportugal","article_published_time":"2023-02-17T17:45:54+00:00","article_modified_time":"2023-02-17T17:45:57+00:00","og_image":[{"width":1080,"height":1350,"url":"https:\/\/aliancaevangelica.pt\/site\/wp-content\/uploads\/2023\/02\/Beige-Aesthetic-Family-Time-Photo-Instagram-Post.png","type":"image\/png"}],"author":"AEP","twitter_card":"summary_large_image","twitter_misc":{"Escrito por":"AEP","Tempo estimado de leitura":"7 minutos"},"schema":{"@context":"https:\/\/schema.org","@graph":[{"@type":"Article","@id":"https:\/\/aliancaevangelica.pt\/site\/casamento\/#article","isPartOf":{"@id":"https:\/\/aliancaevangelica.pt\/site\/casamento\/"},"author":{"name":"AEP","@id":"https:\/\/aliancaevangelica.pt\/site\/#\/schema\/person\/3b47cfc7535eff1e820f31c2d67eafcf"},"headline":"Casamento","datePublished":"2023-02-17T17:45:54+00:00","dateModified":"2023-02-17T17:45:57+00:00","mainEntityOfPage":{"@id":"https:\/\/aliancaevangelica.pt\/site\/casamento\/"},"wordCount":1464,"commentCount":0,"publisher":{"@id":"https:\/\/aliancaevangelica.pt\/site\/#organization"},"image":{"@id":"https:\/\/aliancaevangelica.pt\/site\/casamento\/#primaryimage"},"thumbnailUrl":"https:\/\/aliancaevangelica.pt\/site\/wp-content\/uploads\/2023\/02\/Beige-Aesthetic-Family-Time-Photo-Instagram-Post.png","articleSection":["1-Geral","Mulheres"],"inLanguage":"pt-PT","potentialAction":[{"@type":"CommentAction","name":"Comment","target":["https:\/\/aliancaevangelica.pt\/site\/casamento\/#respond"]}]},{"@type":"WebPage","@id":"https:\/\/aliancaevangelica.pt\/site\/casamento\/","url":"https:\/\/aliancaevangelica.pt\/site\/casamento\/","name":"Casamento - AEP","isPartOf":{"@id":"https:\/\/aliancaevangelica.pt\/site\/#website"},"primaryImageOfPage":{"@id":"https:\/\/aliancaevangelica.pt\/site\/casamento\/#primaryimage"},"image":{"@id":"https:\/\/aliancaevangelica.pt\/site\/casamento\/#primaryimage"},"thumbnailUrl":"https:\/\/aliancaevangelica.pt\/site\/wp-content\/uploads\/2023\/02\/Beige-Aesthetic-Family-Time-Photo-Instagram-Post.png","datePublished":"2023-02-17T17:45:54+00:00","dateModified":"2023-02-17T17:45:57+00:00","breadcrumb":{"@id":"https:\/\/aliancaevangelica.pt\/site\/casamento\/#breadcrumb"},"inLanguage":"pt-PT","potentialAction":[{"@type":"ReadAction","target":["https:\/\/aliancaevangelica.pt\/site\/casamento\/"]}]},{"@type":"ImageObject","inLanguage":"pt-PT","@id":"https:\/\/aliancaevangelica.pt\/site\/casamento\/#primaryimage","url":"https:\/\/aliancaevangelica.pt\/site\/wp-content\/uploads\/2023\/02\/Beige-Aesthetic-Family-Time-Photo-Instagram-Post.png","contentUrl":"https:\/\/aliancaevangelica.pt\/site\/wp-content\/uploads\/2023\/02\/Beige-Aesthetic-Family-Time-Photo-Instagram-Post.png","width":1080,"height":1350},{"@type":"BreadcrumbList","@id":"https:\/\/aliancaevangelica.pt\/site\/casamento\/#breadcrumb","itemListElement":[{"@type":"ListItem","position":1,"name":"In\u00edcio","item":"https:\/\/aliancaevangelica.pt\/site\/"},{"@type":"ListItem","position":2,"name":"Casamento"}]},{"@type":"WebSite","@id":"https:\/\/aliancaevangelica.pt\/site\/#website","url":"https:\/\/aliancaevangelica.pt\/site\/","name":"Alian\u00e7a Evang\u00e9lica Portuguesa","description":"Alian\u00e7a Evang\u00e9lica Portuguesa","publisher":{"@id":"https:\/\/aliancaevangelica.pt\/site\/#organization"},"potentialAction":[{"@type":"SearchAction","target":{"@type":"EntryPoint","urlTemplate":"https:\/\/aliancaevangelica.pt\/site\/?s={search_term_string}"},"query-input":{"@type":"PropertyValueSpecification","valueRequired":true,"valueName":"search_term_string"}}],"inLanguage":"pt-PT"},{"@type":"Organization","@id":"https:\/\/aliancaevangelica.pt\/site\/#organization","name":"Alian\u00e7a Evang\u00e9lica Portuguesa","url":"https:\/\/aliancaevangelica.pt\/site\/","logo":{"@type":"ImageObject","inLanguage":"pt-PT","@id":"https:\/\/aliancaevangelica.pt\/site\/#\/schema\/logo\/image\/","url":"https:\/\/aliancaevangelica.pt\/site\/wp-content\/uploads\/2017\/11\/logo-AEP-cor.png","contentUrl":"https:\/\/aliancaevangelica.pt\/site\/wp-content\/uploads\/2017\/11\/logo-AEP-cor.png","width":1156,"height":672,"caption":"Alian\u00e7a Evang\u00e9lica Portuguesa"},"image":{"@id":"https:\/\/aliancaevangelica.pt\/site\/#\/schema\/logo\/image\/"},"sameAs":["http:\/\/facebook.com\/aeportuguesa","http:\/\/instagram.com\/aliancaep","http:\/\/youtube.com\/aeportuguesa"]},{"@type":"Person","@id":"https:\/\/aliancaevangelica.pt\/site\/#\/schema\/person\/3b47cfc7535eff1e820f31c2d67eafcf","name":"AEP","sameAs":["aeportugal"],"url":"https:\/\/aliancaevangelica.pt\/site\/author\/aeportugal\/"}]}},"uagb_featured_image_src":{"full":["https:\/\/aliancaevangelica.pt\/site\/wp-content\/uploads\/2023\/02\/Beige-Aesthetic-Family-Time-Photo-Instagram-Post.png",1080,1350,false],"thumbnail":["https:\/\/aliancaevangelica.pt\/site\/wp-content\/uploads\/2023\/02\/Beige-Aesthetic-Family-Time-Photo-Instagram-Post-150x150.png",150,150,true],"medium":["https:\/\/aliancaevangelica.pt\/site\/wp-content\/uploads\/2023\/02\/Beige-Aesthetic-Family-Time-Photo-Instagram-Post-240x300.png",240,300,true],"medium_large":["https:\/\/aliancaevangelica.pt\/site\/wp-content\/uploads\/2023\/02\/Beige-Aesthetic-Family-Time-Photo-Instagram-Post-768x960.png",768,960,true],"large":["https:\/\/aliancaevangelica.pt\/site\/wp-content\/uploads\/2023\/02\/Beige-Aesthetic-Family-Time-Photo-Instagram-Post-819x1024.png",819,1024,true],"1536x1536":["https:\/\/aliancaevangelica.pt\/site\/wp-content\/uploads\/2023\/02\/Beige-Aesthetic-Family-Time-Photo-Instagram-Post.png",1080,1350,false],"2048x2048":["https:\/\/aliancaevangelica.pt\/site\/wp-content\/uploads\/2023\/02\/Beige-Aesthetic-Family-Time-Photo-Instagram-Post.png",1080,1350,false],"vp_sm":["https:\/\/aliancaevangelica.pt\/site\/wp-content\/uploads\/2023\/02\/Beige-Aesthetic-Family-Time-Photo-Instagram-Post.png",500,625,false],"vp_md":["https:\/\/aliancaevangelica.pt\/site\/wp-content\/uploads\/2023\/02\/Beige-Aesthetic-Family-Time-Photo-Instagram-Post.png",800,1000,false],"vp_lg":["https:\/\/aliancaevangelica.pt\/site\/wp-content\/uploads\/2023\/02\/Beige-Aesthetic-Family-Time-Photo-Instagram-Post.png",1080,1350,false],"vp_xl":["https:\/\/aliancaevangelica.pt\/site\/wp-content\/uploads\/2023\/02\/Beige-Aesthetic-Family-Time-Photo-Instagram-Post.png",1080,1350,false],"vp_sm_popup":["https:\/\/aliancaevangelica.pt\/site\/wp-content\/uploads\/2023\/02\/Beige-Aesthetic-Family-Time-Photo-Instagram-Post.png",500,625,false],"vp_md_popup":["https:\/\/aliancaevangelica.pt\/site\/wp-content\/uploads\/2023\/02\/Beige-Aesthetic-Family-Time-Photo-Instagram-Post.png",800,1000,false],"vp_xl_popup":["https:\/\/aliancaevangelica.pt\/site\/wp-content\/uploads\/2023\/02\/Beige-Aesthetic-Family-Time-Photo-Instagram-Post.png",1080,1350,false],"newsx-150x100":["https:\/\/aliancaevangelica.pt\/site\/wp-content\/uploads\/2023\/02\/Beige-Aesthetic-Family-Time-Photo-Instagram-Post.png",80,100,false],"newsx-330x220":["https:\/\/aliancaevangelica.pt\/site\/wp-content\/uploads\/2023\/02\/Beige-Aesthetic-Family-Time-Photo-Instagram-Post.png",176,220,false],"newsx-420x280":["https:\/\/aliancaevangelica.pt\/site\/wp-content\/uploads\/2023\/02\/Beige-Aesthetic-Family-Time-Photo-Instagram-Post.png",224,280,false],"newsx-510x340":["https:\/\/aliancaevangelica.pt\/site\/wp-content\/uploads\/2023\/02\/Beige-Aesthetic-Family-Time-Photo-Instagram-Post.png",272,340,false],"newsx-640x480":["https:\/\/aliancaevangelica.pt\/site\/wp-content\/uploads\/2023\/02\/Beige-Aesthetic-Family-Time-Photo-Instagram-Post.png",384,480,false],"newsx-670x370":["https:\/\/aliancaevangelica.pt\/site\/wp-content\/uploads\/2023\/02\/Beige-Aesthetic-Family-Time-Photo-Instagram-Post.png",296,370,false],"newsx-860x570":["https:\/\/aliancaevangelica.pt\/site\/wp-content\/uploads\/2023\/02\/Beige-Aesthetic-Family-Time-Photo-Instagram-Post.png",456,570,false],"newsx-1000x750":["https:\/\/aliancaevangelica.pt\/site\/wp-content\/uploads\/2023\/02\/Beige-Aesthetic-Family-Time-Photo-Instagram-Post.png",600,750,false],"newsx-1200x600":["https:\/\/aliancaevangelica.pt\/site\/wp-content\/uploads\/2023\/02\/Beige-Aesthetic-Family-Time-Photo-Instagram-Post.png",480,600,false]},"uagb_author_info":{"display_name":"AEP","author_link":"https:\/\/aliancaevangelica.pt\/site\/author\/aeportugal\/"},"uagb_comment_info":0,"uagb_excerpt":"\u201c\u2026 casaram e foram felizes para todo o sempre\u2026\u201d Este \u00e9 a mensagem dos filmes infantis sobre princesas, que termina invariavelmente em casamento. E muitas vezes, esta \u00e9 a ideia que algumas pessoas t\u00eam sobre casamento. Infelizmente a realidade acaba por ser bem diferente. Porqu\u00ea? Porque \u00e9 que assistimos \u00e0 diminui\u00e7\u00e3o dos casamentos na nossa","_links":{"self":[{"href":"https:\/\/aliancaevangelica.pt\/site\/wp-json\/wp\/v2\/posts\/19946","targetHints":{"allow":["GET"]}}],"collection":[{"href":"https:\/\/aliancaevangelica.pt\/site\/wp-json\/wp\/v2\/posts"}],"about":[{"href":"https:\/\/aliancaevangelica.pt\/site\/wp-json\/wp\/v2\/types\/post"}],"author":[{"embeddable":true,"href":"https:\/\/aliancaevangelica.pt\/site\/wp-json\/wp\/v2\/users\/2"}],"replies":[{"embeddable":true,"href":"https:\/\/aliancaevangelica.pt\/site\/wp-json\/wp\/v2\/comments?post=19946"}],"version-history":[{"count":1,"href":"https:\/\/aliancaevangelica.pt\/site\/wp-json\/wp\/v2\/posts\/19946\/revisions"}],"predecessor-version":[{"id":19948,"href":"https:\/\/aliancaevangelica.pt\/site\/wp-json\/wp\/v2\/posts\/19946\/revisions\/19948"}],"wp:featuredmedia":[{"embeddable":true,"href":"https:\/\/aliancaevangelica.pt\/site\/wp-json\/wp\/v2\/media\/19947"}],"wp:attachment":[{"href":"https:\/\/aliancaevangelica.pt\/site\/wp-json\/wp\/v2\/media?parent=19946"}],"wp:term":[{"taxonomy":"category","embeddable":true,"href":"https:\/\/aliancaevangelica.pt\/site\/wp-json\/wp\/v2\/categories?post=19946"},{"taxonomy":"post_tag","embeddable":true,"href":"https:\/\/aliancaevangelica.pt\/site\/wp-json\/wp\/v2\/tags?post=19946"}],"curies":[{"name":"wp","href":"https:\/\/api.w.org\/{rel}","templated":true}]}}