{"id":19934,"date":"2023-02-09T17:02:06","date_gmt":"2023-02-09T17:02:06","guid":{"rendered":"https:\/\/aliancaevangelica.pt\/site\/?p=19934"},"modified":"2023-02-09T17:02:09","modified_gmt":"2023-02-09T17:02:09","slug":"vamos-apoiar-a-turquia","status":"publish","type":"post","link":"https:\/\/aliancaevangelica.pt\/site\/vamos-apoiar-a-turquia\/","title":{"rendered":"Vamos apoiar a Turquia!"},"content":{"rendered":"\n<p>Mensagem do Conselho de TEK (Associa\u00e7\u00e3o das Igrejas Protestantes, ou Alian\u00e7a Evang\u00e9lica Turca) e um apelo \u00e0s vossas ora\u00e7\u00f5es e doa\u00e7\u00f5es:<br><br><em>\u201cQueridos irm\u00e3os e irm\u00e3s, estamos todos a passar por um profundo choque ap\u00f3s o terramoto desastroso. Embora ainda n\u00e3o saibamos a extens\u00e3o total dos preju\u00edzos, \u00e9 evidente que estamos perante uma situa\u00e7\u00e3o muito grave e dif\u00edcil.&nbsp;Muitas igrejas e crentes na zona do terramoto est\u00e3o a trabalhar arduamente para ajudar as v\u00edtimas, enquanto lutam com as suas pr\u00f3prias dificuldades e dor. N\u00e3o nos esque\u00e7amos de apoi\u00e1-los com as nossas ora\u00e7\u00f5es.&nbsp;<\/em><\/p>\n\n\n\n<p><em>Se os irm\u00e3os e irm\u00e3s nas prov\u00edncias vizinhas poderem abrir as suas casas temporariamente para alojar quem necessitar, ent\u00e3o devem falar com os seus pr\u00f3prios l\u00edderes da igreja que podem contactar pastores e outros que trabalham na regi\u00e3o afetada&#8230;&nbsp;\u201c<\/em><\/p>\n\n\n\n<p>Outra forma de poiar \u00e9 financeiramente, atrav\u00e9s das contas banc\u00e1rias abaixo indicadas. Os fundos recolhidos ser\u00e3o utilizados exclusivamente para as v\u00edtimas do terramoto na regi\u00e3o e, no final, ser\u00e1 apresentado um relat\u00f3rio.<br>A Alian\u00e7a Evang\u00e9lica Europeia est\u00e1 a canalizar donativos para apoiar a Alian\u00e7a Evang\u00e9lica Turca (TeK). Os fundos ir\u00e3o para a ONG turca, a First Hope Association, que j\u00e1 est\u00e1 a trabalhar nos esfor\u00e7os de socorro (para mais detalhes, veja a p\u00e1gina da EEA <a href=\"https:\/\/www.europeanea.org\/severe-earthquake-in-turkey-and-northern-syria-urgent-call-for-donations\/\">Website post<\/a>).&nbsp;Para outras formas de dar, por favor leia o artigo publicado pela <em>Evang\u00e9lical Focus<\/em><a href=\"https:\/\/evangelicalfocus.com\/europe\/20626\/christians-in-turkey-mobilise-to-help-let-us-not-neglect-to-support-them-with-our-prayers\"> aqui<\/a>.<br><br>Conta Benefic\u00eancia AEP:<br>IBAN: PT50 0033 0000 4528 2173 8960 5&nbsp;<br>SWIFT: BCOMPTPL<\/p>\n\n\n\n<p>Apoio Turquia<\/p>\n\n\n\n<p>Que o Senhor tenha miseric\u00f3rdia de todos n\u00f3s. Que o Esp\u00edrito Santo nos proteja e nos dirija!<\/p>\n","protected":false},"excerpt":{"rendered":"<p>Mensagem do Conselho de TEK (Associa\u00e7\u00e3o das Igrejas Protestantes, ou Alian\u00e7a Evang\u00e9lica Turca) e um apelo \u00e0s vossas ora\u00e7\u00f5es e doa\u00e7\u00f5es: \u201cQueridos irm\u00e3os e irm\u00e3s, estamos todos a passar por um profundo choque ap\u00f3s o terramoto desastroso. Embora ainda n\u00e3o saibamos a extens\u00e3o total dos preju\u00edzos, \u00e9 evidente que estamos perante uma situa\u00e7\u00e3o muito grave<\/p>\n","protected":false},"author":2,"featured_media":19935,"comment_status":"open","ping_status":"open","sticky":false,"template":"","format":"standard","meta":{"_uag_custom_page_level_css":"","_themeisle_gutenberg_block_has_review":false,"_vp_format_video_url":"","_vp_image_focal_point":[],"footnotes":""},"categories":[45,3],"tags":[142,143],"class_list":["post-19934","post","type-post","status-publish","format-standard","has-post-thumbnail","hentry","category-geral","category-artigos-gerais","tag-4-anuncios","tag-noticias"],"yoast_head":"<!-- This site is optimized with the Yoast SEO plugin v27.5 - https:\/\/yoast.com\/product\/yoast-seo-wordpress\/ -->\n<title>Vamos apoiar a Turquia! - AEP<\/title>\n<meta name=\"robots\" content=\"index, follow, max-snippet:-1, max-image-preview:large, max-video-preview:-1\" \/>\n<link rel=\"canonical\" href=\"https:\/\/aliancaevangelica.pt\/site\/vamos-apoiar-a-turquia\/\" \/>\n<meta property=\"og:locale\" content=\"pt_PT\" \/>\n<meta property=\"og:type\" content=\"article\" \/>\n<meta property=\"og:title\" content=\"Vamos apoiar a Turquia! - AEP\" \/>\n<meta property=\"og:description\" content=\"Mensagem do Conselho de TEK (Associa\u00e7\u00e3o das Igrejas Protestantes, ou Alian\u00e7a Evang\u00e9lica Turca) e um apelo \u00e0s vossas ora\u00e7\u00f5es e doa\u00e7\u00f5es: \u201cQueridos irm\u00e3os e irm\u00e3s, estamos todos a passar por um profundo choque ap\u00f3s o terramoto desastroso. Embora ainda n\u00e3o saibamos a extens\u00e3o total dos preju\u00edzos, \u00e9 evidente que estamos perante uma situa\u00e7\u00e3o muito grave\" \/>\n<meta property=\"og:url\" content=\"https:\/\/aliancaevangelica.pt\/site\/vamos-apoiar-a-turquia\/\" \/>\n<meta property=\"og:site_name\" content=\"AEP\" \/>\n<meta property=\"article:publisher\" content=\"http:\/\/facebook.com\/aeportuguesa\" \/>\n<meta property=\"article:author\" content=\"aeportugal\" \/>\n<meta property=\"article:published_time\" content=\"2023-02-09T17:02:06+00:00\" \/>\n<meta property=\"article:modified_time\" content=\"2023-02-09T17:02:09+00:00\" \/>\n<meta property=\"og:image\" content=\"https:\/\/aliancaevangelica.pt\/site\/wp-content\/uploads\/2023\/02\/WhatsApp-Image-2023-02-07-at-09.36.12-690x450-1.jpeg\" \/>\n\t<meta property=\"og:image:width\" content=\"690\" \/>\n\t<meta property=\"og:image:height\" content=\"450\" \/>\n\t<meta property=\"og:image:type\" content=\"image\/jpeg\" \/>\n<meta name=\"author\" content=\"AEP\" \/>\n<meta name=\"twitter:card\" content=\"summary_large_image\" \/>\n<meta name=\"twitter:label1\" content=\"Escrito por\" \/>\n\t<meta name=\"twitter:data1\" content=\"AEP\" \/>\n\t<meta name=\"twitter:label2\" content=\"Tempo estimado de leitura\" \/>\n\t<meta name=\"twitter:data2\" content=\"1 minuto\" \/>\n<script type=\"application\/ld+json\" class=\"yoast-schema-graph\">{\"@context\":\"https:\\\/\\\/schema.org\",\"@graph\":[{\"@type\":\"Article\",\"@id\":\"https:\\\/\\\/aliancaevangelica.pt\\\/site\\\/vamos-apoiar-a-turquia\\\/#article\",\"isPartOf\":{\"@id\":\"https:\\\/\\\/aliancaevangelica.pt\\\/site\\\/vamos-apoiar-a-turquia\\\/\"},\"author\":{\"name\":\"AEP\",\"@id\":\"https:\\\/\\\/aliancaevangelica.pt\\\/site\\\/#\\\/schema\\\/person\\\/3b47cfc7535eff1e820f31c2d67eafcf\"},\"headline\":\"Vamos apoiar a Turquia!\",\"datePublished\":\"2023-02-09T17:02:06+00:00\",\"dateModified\":\"2023-02-09T17:02:09+00:00\",\"mainEntityOfPage\":{\"@id\":\"https:\\\/\\\/aliancaevangelica.pt\\\/site\\\/vamos-apoiar-a-turquia\\\/\"},\"wordCount\":300,\"commentCount\":0,\"publisher\":{\"@id\":\"https:\\\/\\\/aliancaevangelica.pt\\\/site\\\/#organization\"},\"image\":{\"@id\":\"https:\\\/\\\/aliancaevangelica.pt\\\/site\\\/vamos-apoiar-a-turquia\\\/#primaryimage\"},\"thumbnailUrl\":\"https:\\\/\\\/aliancaevangelica.pt\\\/site\\\/wp-content\\\/uploads\\\/2023\\\/02\\\/WhatsApp-Image-2023-02-07-at-09.36.12-690x450-1.jpeg\",\"keywords\":[\"4-An\u00fancios\",\"Not\u00edcias\"],\"articleSection\":[\"1-Geral\",\"2-Artigos Gerais\"],\"inLanguage\":\"pt-PT\",\"potentialAction\":[{\"@type\":\"CommentAction\",\"name\":\"Comment\",\"target\":[\"https:\\\/\\\/aliancaevangelica.pt\\\/site\\\/vamos-apoiar-a-turquia\\\/#respond\"]}]},{\"@type\":\"WebPage\",\"@id\":\"https:\\\/\\\/aliancaevangelica.pt\\\/site\\\/vamos-apoiar-a-turquia\\\/\",\"url\":\"https:\\\/\\\/aliancaevangelica.pt\\\/site\\\/vamos-apoiar-a-turquia\\\/\",\"name\":\"Vamos apoiar a Turquia! - AEP\",\"isPartOf\":{\"@id\":\"https:\\\/\\\/aliancaevangelica.pt\\\/site\\\/#website\"},\"primaryImageOfPage\":{\"@id\":\"https:\\\/\\\/aliancaevangelica.pt\\\/site\\\/vamos-apoiar-a-turquia\\\/#primaryimage\"},\"image\":{\"@id\":\"https:\\\/\\\/aliancaevangelica.pt\\\/site\\\/vamos-apoiar-a-turquia\\\/#primaryimage\"},\"thumbnailUrl\":\"https:\\\/\\\/aliancaevangelica.pt\\\/site\\\/wp-content\\\/uploads\\\/2023\\\/02\\\/WhatsApp-Image-2023-02-07-at-09.36.12-690x450-1.jpeg\",\"datePublished\":\"2023-02-09T17:02:06+00:00\",\"dateModified\":\"2023-02-09T17:02:09+00:00\",\"breadcrumb\":{\"@id\":\"https:\\\/\\\/aliancaevangelica.pt\\\/site\\\/vamos-apoiar-a-turquia\\\/#breadcrumb\"},\"inLanguage\":\"pt-PT\",\"potentialAction\":[{\"@type\":\"ReadAction\",\"target\":[\"https:\\\/\\\/aliancaevangelica.pt\\\/site\\\/vamos-apoiar-a-turquia\\\/\"]}]},{\"@type\":\"ImageObject\",\"inLanguage\":\"pt-PT\",\"@id\":\"https:\\\/\\\/aliancaevangelica.pt\\\/site\\\/vamos-apoiar-a-turquia\\\/#primaryimage\",\"url\":\"https:\\\/\\\/aliancaevangelica.pt\\\/site\\\/wp-content\\\/uploads\\\/2023\\\/02\\\/WhatsApp-Image-2023-02-07-at-09.36.12-690x450-1.jpeg\",\"contentUrl\":\"https:\\\/\\\/aliancaevangelica.pt\\\/site\\\/wp-content\\\/uploads\\\/2023\\\/02\\\/WhatsApp-Image-2023-02-07-at-09.36.12-690x450-1.jpeg\",\"width\":690,\"height\":450},{\"@type\":\"BreadcrumbList\",\"@id\":\"https:\\\/\\\/aliancaevangelica.pt\\\/site\\\/vamos-apoiar-a-turquia\\\/#breadcrumb\",\"itemListElement\":[{\"@type\":\"ListItem\",\"position\":1,\"name\":\"In\u00edcio\",\"item\":\"https:\\\/\\\/aliancaevangelica.pt\\\/site\\\/\"},{\"@type\":\"ListItem\",\"position\":2,\"name\":\"Vamos apoiar a Turquia!\"}]},{\"@type\":\"WebSite\",\"@id\":\"https:\\\/\\\/aliancaevangelica.pt\\\/site\\\/#website\",\"url\":\"https:\\\/\\\/aliancaevangelica.pt\\\/site\\\/\",\"name\":\"Alian\u00e7a Evang\u00e9lica Portuguesa\",\"description\":\"Alian\u00e7a Evang\u00e9lica Portuguesa\",\"publisher\":{\"@id\":\"https:\\\/\\\/aliancaevangelica.pt\\\/site\\\/#organization\"},\"potentialAction\":[{\"@type\":\"SearchAction\",\"target\":{\"@type\":\"EntryPoint\",\"urlTemplate\":\"https:\\\/\\\/aliancaevangelica.pt\\\/site\\\/?s={search_term_string}\"},\"query-input\":{\"@type\":\"PropertyValueSpecification\",\"valueRequired\":true,\"valueName\":\"search_term_string\"}}],\"inLanguage\":\"pt-PT\"},{\"@type\":\"Organization\",\"@id\":\"https:\\\/\\\/aliancaevangelica.pt\\\/site\\\/#organization\",\"name\":\"Alian\u00e7a Evang\u00e9lica Portuguesa\",\"url\":\"https:\\\/\\\/aliancaevangelica.pt\\\/site\\\/\",\"logo\":{\"@type\":\"ImageObject\",\"inLanguage\":\"pt-PT\",\"@id\":\"https:\\\/\\\/aliancaevangelica.pt\\\/site\\\/#\\\/schema\\\/logo\\\/image\\\/\",\"url\":\"https:\\\/\\\/aliancaevangelica.pt\\\/site\\\/wp-content\\\/uploads\\\/2017\\\/11\\\/logo-AEP-cor.png\",\"contentUrl\":\"https:\\\/\\\/aliancaevangelica.pt\\\/site\\\/wp-content\\\/uploads\\\/2017\\\/11\\\/logo-AEP-cor.png\",\"width\":1156,\"height\":672,\"caption\":\"Alian\u00e7a Evang\u00e9lica Portuguesa\"},\"image\":{\"@id\":\"https:\\\/\\\/aliancaevangelica.pt\\\/site\\\/#\\\/schema\\\/logo\\\/image\\\/\"},\"sameAs\":[\"http:\\\/\\\/facebook.com\\\/aeportuguesa\",\"http:\\\/\\\/instagram.com\\\/aliancaep\",\"http:\\\/\\\/youtube.com\\\/aeportuguesa\"]},{\"@type\":\"Person\",\"@id\":\"https:\\\/\\\/aliancaevangelica.pt\\\/site\\\/#\\\/schema\\\/person\\\/3b47cfc7535eff1e820f31c2d67eafcf\",\"name\":\"AEP\",\"sameAs\":[\"aeportugal\"],\"url\":\"https:\\\/\\\/aliancaevangelica.pt\\\/site\\\/author\\\/aeportugal\\\/\"}]}<\/script>\n<!-- \/ Yoast SEO plugin. -->","yoast_head_json":{"title":"Vamos apoiar a Turquia! - AEP","robots":{"index":"index","follow":"follow","max-snippet":"max-snippet:-1","max-image-preview":"max-image-preview:large","max-video-preview":"max-video-preview:-1"},"canonical":"https:\/\/aliancaevangelica.pt\/site\/vamos-apoiar-a-turquia\/","og_locale":"pt_PT","og_type":"article","og_title":"Vamos apoiar a Turquia! - AEP","og_description":"Mensagem do Conselho de TEK (Associa\u00e7\u00e3o das Igrejas Protestantes, ou Alian\u00e7a Evang\u00e9lica Turca) e um apelo \u00e0s vossas ora\u00e7\u00f5es e doa\u00e7\u00f5es: \u201cQueridos irm\u00e3os e irm\u00e3s, estamos todos a passar por um profundo choque ap\u00f3s o terramoto desastroso. Embora ainda n\u00e3o saibamos a extens\u00e3o total dos preju\u00edzos, \u00e9 evidente que estamos perante uma situa\u00e7\u00e3o muito grave","og_url":"https:\/\/aliancaevangelica.pt\/site\/vamos-apoiar-a-turquia\/","og_site_name":"AEP","article_publisher":"http:\/\/facebook.com\/aeportuguesa","article_author":"aeportugal","article_published_time":"2023-02-09T17:02:06+00:00","article_modified_time":"2023-02-09T17:02:09+00:00","og_image":[{"width":690,"height":450,"url":"https:\/\/aliancaevangelica.pt\/site\/wp-content\/uploads\/2023\/02\/WhatsApp-Image-2023-02-07-at-09.36.12-690x450-1.jpeg","type":"image\/jpeg"}],"author":"AEP","twitter_card":"summary_large_image","twitter_misc":{"Escrito por":"AEP","Tempo estimado de leitura":"1 minuto"},"schema":{"@context":"https:\/\/schema.org","@graph":[{"@type":"Article","@id":"https:\/\/aliancaevangelica.pt\/site\/vamos-apoiar-a-turquia\/#article","isPartOf":{"@id":"https:\/\/aliancaevangelica.pt\/site\/vamos-apoiar-a-turquia\/"},"author":{"name":"AEP","@id":"https:\/\/aliancaevangelica.pt\/site\/#\/schema\/person\/3b47cfc7535eff1e820f31c2d67eafcf"},"headline":"Vamos apoiar a Turquia!","datePublished":"2023-02-09T17:02:06+00:00","dateModified":"2023-02-09T17:02:09+00:00","mainEntityOfPage":{"@id":"https:\/\/aliancaevangelica.pt\/site\/vamos-apoiar-a-turquia\/"},"wordCount":300,"commentCount":0,"publisher":{"@id":"https:\/\/aliancaevangelica.pt\/site\/#organization"},"image":{"@id":"https:\/\/aliancaevangelica.pt\/site\/vamos-apoiar-a-turquia\/#primaryimage"},"thumbnailUrl":"https:\/\/aliancaevangelica.pt\/site\/wp-content\/uploads\/2023\/02\/WhatsApp-Image-2023-02-07-at-09.36.12-690x450-1.jpeg","keywords":["4-An\u00fancios","Not\u00edcias"],"articleSection":["1-Geral","2-Artigos Gerais"],"inLanguage":"pt-PT","potentialAction":[{"@type":"CommentAction","name":"Comment","target":["https:\/\/aliancaevangelica.pt\/site\/vamos-apoiar-a-turquia\/#respond"]}]},{"@type":"WebPage","@id":"https:\/\/aliancaevangelica.pt\/site\/vamos-apoiar-a-turquia\/","url":"https:\/\/aliancaevangelica.pt\/site\/vamos-apoiar-a-turquia\/","name":"Vamos apoiar a Turquia! - AEP","isPartOf":{"@id":"https:\/\/aliancaevangelica.pt\/site\/#website"},"primaryImageOfPage":{"@id":"https:\/\/aliancaevangelica.pt\/site\/vamos-apoiar-a-turquia\/#primaryimage"},"image":{"@id":"https:\/\/aliancaevangelica.pt\/site\/vamos-apoiar-a-turquia\/#primaryimage"},"thumbnailUrl":"https:\/\/aliancaevangelica.pt\/site\/wp-content\/uploads\/2023\/02\/WhatsApp-Image-2023-02-07-at-09.36.12-690x450-1.jpeg","datePublished":"2023-02-09T17:02:06+00:00","dateModified":"2023-02-09T17:02:09+00:00","breadcrumb":{"@id":"https:\/\/aliancaevangelica.pt\/site\/vamos-apoiar-a-turquia\/#breadcrumb"},"inLanguage":"pt-PT","potentialAction":[{"@type":"ReadAction","target":["https:\/\/aliancaevangelica.pt\/site\/vamos-apoiar-a-turquia\/"]}]},{"@type":"ImageObject","inLanguage":"pt-PT","@id":"https:\/\/aliancaevangelica.pt\/site\/vamos-apoiar-a-turquia\/#primaryimage","url":"https:\/\/aliancaevangelica.pt\/site\/wp-content\/uploads\/2023\/02\/WhatsApp-Image-2023-02-07-at-09.36.12-690x450-1.jpeg","contentUrl":"https:\/\/aliancaevangelica.pt\/site\/wp-content\/uploads\/2023\/02\/WhatsApp-Image-2023-02-07-at-09.36.12-690x450-1.jpeg","width":690,"height":450},{"@type":"BreadcrumbList","@id":"https:\/\/aliancaevangelica.pt\/site\/vamos-apoiar-a-turquia\/#breadcrumb","itemListElement":[{"@type":"ListItem","position":1,"name":"In\u00edcio","item":"https:\/\/aliancaevangelica.pt\/site\/"},{"@type":"ListItem","position":2,"name":"Vamos apoiar a Turquia!"}]},{"@type":"WebSite","@id":"https:\/\/aliancaevangelica.pt\/site\/#website","url":"https:\/\/aliancaevangelica.pt\/site\/","name":"Alian\u00e7a Evang\u00e9lica Portuguesa","description":"Alian\u00e7a Evang\u00e9lica Portuguesa","publisher":{"@id":"https:\/\/aliancaevangelica.pt\/site\/#organization"},"potentialAction":[{"@type":"SearchAction","target":{"@type":"EntryPoint","urlTemplate":"https:\/\/aliancaevangelica.pt\/site\/?s={search_term_string}"},"query-input":{"@type":"PropertyValueSpecification","valueRequired":true,"valueName":"search_term_string"}}],"inLanguage":"pt-PT"},{"@type":"Organization","@id":"https:\/\/aliancaevangelica.pt\/site\/#organization","name":"Alian\u00e7a Evang\u00e9lica Portuguesa","url":"https:\/\/aliancaevangelica.pt\/site\/","logo":{"@type":"ImageObject","inLanguage":"pt-PT","@id":"https:\/\/aliancaevangelica.pt\/site\/#\/schema\/logo\/image\/","url":"https:\/\/aliancaevangelica.pt\/site\/wp-content\/uploads\/2017\/11\/logo-AEP-cor.png","contentUrl":"https:\/\/aliancaevangelica.pt\/site\/wp-content\/uploads\/2017\/11\/logo-AEP-cor.png","width":1156,"height":672,"caption":"Alian\u00e7a Evang\u00e9lica Portuguesa"},"image":{"@id":"https:\/\/aliancaevangelica.pt\/site\/#\/schema\/logo\/image\/"},"sameAs":["http:\/\/facebook.com\/aeportuguesa","http:\/\/instagram.com\/aliancaep","http:\/\/youtube.com\/aeportuguesa"]},{"@type":"Person","@id":"https:\/\/aliancaevangelica.pt\/site\/#\/schema\/person\/3b47cfc7535eff1e820f31c2d67eafcf","name":"AEP","sameAs":["aeportugal"],"url":"https:\/\/aliancaevangelica.pt\/site\/author\/aeportugal\/"}]}},"uagb_featured_image_src":{"full":["https:\/\/aliancaevangelica.pt\/site\/wp-content\/uploads\/2023\/02\/WhatsApp-Image-2023-02-07-at-09.36.12-690x450-1.jpeg",690,450,false],"thumbnail":["https:\/\/aliancaevangelica.pt\/site\/wp-content\/uploads\/2023\/02\/WhatsApp-Image-2023-02-07-at-09.36.12-690x450-1-150x150.jpeg",150,150,true],"medium":["https:\/\/aliancaevangelica.pt\/site\/wp-content\/uploads\/2023\/02\/WhatsApp-Image-2023-02-07-at-09.36.12-690x450-1-300x196.jpeg",300,196,true],"medium_large":["https:\/\/aliancaevangelica.pt\/site\/wp-content\/uploads\/2023\/02\/WhatsApp-Image-2023-02-07-at-09.36.12-690x450-1.jpeg",690,450,false],"large":["https:\/\/aliancaevangelica.pt\/site\/wp-content\/uploads\/2023\/02\/WhatsApp-Image-2023-02-07-at-09.36.12-690x450-1.jpeg",690,450,false],"1536x1536":["https:\/\/aliancaevangelica.pt\/site\/wp-content\/uploads\/2023\/02\/WhatsApp-Image-2023-02-07-at-09.36.12-690x450-1.jpeg",690,450,false],"2048x2048":["https:\/\/aliancaevangelica.pt\/site\/wp-content\/uploads\/2023\/02\/WhatsApp-Image-2023-02-07-at-09.36.12-690x450-1.jpeg",690,450,false],"vp_sm":["https:\/\/aliancaevangelica.pt\/site\/wp-content\/uploads\/2023\/02\/WhatsApp-Image-2023-02-07-at-09.36.12-690x450-1.jpeg",500,326,false],"vp_md":["https:\/\/aliancaevangelica.pt\/site\/wp-content\/uploads\/2023\/02\/WhatsApp-Image-2023-02-07-at-09.36.12-690x450-1.jpeg",690,450,false],"vp_lg":["https:\/\/aliancaevangelica.pt\/site\/wp-content\/uploads\/2023\/02\/WhatsApp-Image-2023-02-07-at-09.36.12-690x450-1.jpeg",690,450,false],"vp_xl":["https:\/\/aliancaevangelica.pt\/site\/wp-content\/uploads\/2023\/02\/WhatsApp-Image-2023-02-07-at-09.36.12-690x450-1.jpeg",690,450,false],"vp_sm_popup":["https:\/\/aliancaevangelica.pt\/site\/wp-content\/uploads\/2023\/02\/WhatsApp-Image-2023-02-07-at-09.36.12-690x450-1.jpeg",500,326,false],"vp_md_popup":["https:\/\/aliancaevangelica.pt\/site\/wp-content\/uploads\/2023\/02\/WhatsApp-Image-2023-02-07-at-09.36.12-690x450-1.jpeg",690,450,false],"vp_xl_popup":["https:\/\/aliancaevangelica.pt\/site\/wp-content\/uploads\/2023\/02\/WhatsApp-Image-2023-02-07-at-09.36.12-690x450-1.jpeg",690,450,false],"newsx-150x100":["https:\/\/aliancaevangelica.pt\/site\/wp-content\/uploads\/2023\/02\/WhatsApp-Image-2023-02-07-at-09.36.12-690x450-1.jpeg",150,98,false],"newsx-330x220":["https:\/\/aliancaevangelica.pt\/site\/wp-content\/uploads\/2023\/02\/WhatsApp-Image-2023-02-07-at-09.36.12-690x450-1.jpeg",330,215,false],"newsx-420x280":["https:\/\/aliancaevangelica.pt\/site\/wp-content\/uploads\/2023\/02\/WhatsApp-Image-2023-02-07-at-09.36.12-690x450-1.jpeg",420,274,false],"newsx-510x340":["https:\/\/aliancaevangelica.pt\/site\/wp-content\/uploads\/2023\/02\/WhatsApp-Image-2023-02-07-at-09.36.12-690x450-1.jpeg",510,333,false],"newsx-640x480":["https:\/\/aliancaevangelica.pt\/site\/wp-content\/uploads\/2023\/02\/WhatsApp-Image-2023-02-07-at-09.36.12-690x450-1.jpeg",640,417,false],"newsx-670x370":["https:\/\/aliancaevangelica.pt\/site\/wp-content\/uploads\/2023\/02\/WhatsApp-Image-2023-02-07-at-09.36.12-690x450-1.jpeg",567,370,false],"newsx-860x570":["https:\/\/aliancaevangelica.pt\/site\/wp-content\/uploads\/2023\/02\/WhatsApp-Image-2023-02-07-at-09.36.12-690x450-1.jpeg",690,450,false],"newsx-1000x750":["https:\/\/aliancaevangelica.pt\/site\/wp-content\/uploads\/2023\/02\/WhatsApp-Image-2023-02-07-at-09.36.12-690x450-1.jpeg",690,450,false],"newsx-1200x600":["https:\/\/aliancaevangelica.pt\/site\/wp-content\/uploads\/2023\/02\/WhatsApp-Image-2023-02-07-at-09.36.12-690x450-1.jpeg",690,450,false]},"uagb_author_info":{"display_name":"AEP","author_link":"https:\/\/aliancaevangelica.pt\/site\/author\/aeportugal\/"},"uagb_comment_info":0,"uagb_excerpt":"Mensagem do Conselho de TEK (Associa\u00e7\u00e3o das Igrejas Protestantes, ou Alian\u00e7a Evang\u00e9lica Turca) e um apelo \u00e0s vossas ora\u00e7\u00f5es e doa\u00e7\u00f5es: \u201cQueridos irm\u00e3os e irm\u00e3s, estamos todos a passar por um profundo choque ap\u00f3s o terramoto desastroso. Embora ainda n\u00e3o saibamos a extens\u00e3o total dos preju\u00edzos, \u00e9 evidente que estamos perante uma situa\u00e7\u00e3o muito grave","_links":{"self":[{"href":"https:\/\/aliancaevangelica.pt\/site\/wp-json\/wp\/v2\/posts\/19934","targetHints":{"allow":["GET"]}}],"collection":[{"href":"https:\/\/aliancaevangelica.pt\/site\/wp-json\/wp\/v2\/posts"}],"about":[{"href":"https:\/\/aliancaevangelica.pt\/site\/wp-json\/wp\/v2\/types\/post"}],"author":[{"embeddable":true,"href":"https:\/\/aliancaevangelica.pt\/site\/wp-json\/wp\/v2\/users\/2"}],"replies":[{"embeddable":true,"href":"https:\/\/aliancaevangelica.pt\/site\/wp-json\/wp\/v2\/comments?post=19934"}],"version-history":[{"count":1,"href":"https:\/\/aliancaevangelica.pt\/site\/wp-json\/wp\/v2\/posts\/19934\/revisions"}],"predecessor-version":[{"id":19936,"href":"https:\/\/aliancaevangelica.pt\/site\/wp-json\/wp\/v2\/posts\/19934\/revisions\/19936"}],"wp:featuredmedia":[{"embeddable":true,"href":"https:\/\/aliancaevangelica.pt\/site\/wp-json\/wp\/v2\/media\/19935"}],"wp:attachment":[{"href":"https:\/\/aliancaevangelica.pt\/site\/wp-json\/wp\/v2\/media?parent=19934"}],"wp:term":[{"taxonomy":"category","embeddable":true,"href":"https:\/\/aliancaevangelica.pt\/site\/wp-json\/wp\/v2\/categories?post=19934"},{"taxonomy":"post_tag","embeddable":true,"href":"https:\/\/aliancaevangelica.pt\/site\/wp-json\/wp\/v2\/tags?post=19934"}],"curies":[{"name":"wp","href":"https:\/\/api.w.org\/{rel}","templated":true}]}}