{"id":19913,"date":"2023-01-03T12:04:43","date_gmt":"2023-01-03T12:04:43","guid":{"rendered":"https:\/\/aliancaevangelica.pt\/site\/?p=19913"},"modified":"2026-04-16T00:59:49","modified_gmt":"2026-04-16T00:59:49","slug":"semana-universal-de-oracao-2023","status":"publish","type":"post","link":"https:\/\/aliancaevangelica.pt\/site\/semana-universal-de-oracao-2023\/","title":{"rendered":"Semana Universal de Ora\u00e7\u00e3o 2023"},"content":{"rendered":"\n<p>Mais uma vez iniciamos este novo ano com um desafio para a Ora\u00e7\u00e3o, atrav\u00e9s da SEMANA UNIVERSAL de ORA\u00c7\u00c3O que desta vez tem como tema <strong>&#8220;Alegria&#8221;<\/strong>.<\/p>\n\n\n\n<p>Nesse sentido, queremos estimular mais uma vez todas as igrejas evang\u00e9licas em Portugal a observar a Semana Universal de Ora\u00e7\u00e3o, entre os dias 8 e 15 de janeiro de 2023, quer em iniciativas realizadas separadamente por cada comunidade local quer em reuni\u00f5es que possam juntar comunidades de diferentes denomina\u00e7\u00f5es na mesma localidade ou regi\u00e3o. Como lembrou o Senhor Jesus na Sua ora\u00e7\u00e3o ao Pai: \u201cPara que todos sejam um, como tu, \u00f3 Pai, o \u00e9s em mim, e eu em ti; que tamb\u00e9m eles sejam um, em n\u00f3s, para que o mundo creia que tu me enviaste\u201d (Jo\u00e3o 17:21).<\/p>\n\n\n\n<p>Conhe\u00e7a <strong><a href=\"https:\/\/drive.google.com\/file\/d\/1QPwiEJJZmZLndHk9bCu9I0f28p23DjQ4\/view?usp=sharing\">aqui<\/a><\/strong> o Guia de Ora\u00e7\u00e3o 2023 &#8211; PDF<\/p>\n\n\n\n<p>Conhe\u00e7a <strong><a href=\"https:\/\/docs.google.com\/document\/d\/1R5WArfns9kSfxd2GrS8qBItJhgziODpR\/edit?usp=sharing&amp;ouid=112523918456836753932&amp;rtpof=true&amp;sd=true\">aqui<\/a><\/strong> quando e onde participar nas reuni\u00f5es locais de ora\u00e7\u00e3o <em>(documento a disponibilizar brevemente)<\/em><\/p>\n\n\n\n<p>Descarregue <strong><a href=\"https:\/\/drive.google.com\/drive\/folders\/1x27SaKxw3zO1zruvNu5OBD4dErMYf-ZM?usp=sharing\">aqui<\/a> <\/strong>os cartazes da Semana Universal de Ora\u00e7\u00e3o em diferentes formatos.<\/p>\n\n\n\n<p>Deus ricamente vos aben\u00e7oe!<\/p>\n","protected":false},"excerpt":{"rendered":"<p>Mais uma vez iniciamos este novo ano com um desafio para a Ora\u00e7\u00e3o, atrav\u00e9s da SEMANA UNIVERSAL de ORA\u00c7\u00c3O que desta vez tem como tema &#8220;Alegria&#8221;. Nesse sentido, queremos estimular mais uma vez todas as igrejas evang\u00e9licas em Portugal a observar a Semana Universal de Ora\u00e7\u00e3o, entre os dias 8 e 15 de janeiro de<\/p>\n","protected":false},"author":2,"featured_media":19914,"comment_status":"open","ping_status":"open","sticky":false,"template":"","format":"standard","meta":{"_uag_custom_page_level_css":"","_themeisle_gutenberg_block_has_review":false,"_vp_format_video_url":"","_vp_image_focal_point":[],"footnotes":""},"categories":[101],"tags":[],"class_list":["post-19913","post","type-post","status-publish","format-standard","has-post-thumbnail","hentry","category-oracao"],"yoast_head":"<!-- This site is optimized with the Yoast SEO plugin v27.5 - https:\/\/yoast.com\/product\/yoast-seo-wordpress\/ -->\n<title>Semana Universal de Ora\u00e7\u00e3o 2023 - AEP<\/title>\n<meta name=\"robots\" content=\"index, follow, max-snippet:-1, max-image-preview:large, max-video-preview:-1\" \/>\n<link rel=\"canonical\" href=\"https:\/\/aliancaevangelica.pt\/site\/semana-universal-de-oracao-2023\/\" \/>\n<meta property=\"og:locale\" content=\"pt_PT\" \/>\n<meta property=\"og:type\" content=\"article\" \/>\n<meta property=\"og:title\" content=\"Semana Universal de Ora\u00e7\u00e3o 2023 - AEP\" \/>\n<meta property=\"og:description\" content=\"Mais uma vez iniciamos este novo ano com um desafio para a Ora\u00e7\u00e3o, atrav\u00e9s da SEMANA UNIVERSAL de ORA\u00c7\u00c3O que desta vez tem como tema &#8220;Alegria&#8221;. Nesse sentido, queremos estimular mais uma vez todas as igrejas evang\u00e9licas em Portugal a observar a Semana Universal de Ora\u00e7\u00e3o, entre os dias 8 e 15 de janeiro de\" \/>\n<meta property=\"og:url\" content=\"https:\/\/aliancaevangelica.pt\/site\/semana-universal-de-oracao-2023\/\" \/>\n<meta property=\"og:site_name\" content=\"AEP\" \/>\n<meta property=\"article:publisher\" content=\"http:\/\/facebook.com\/aeportuguesa\" \/>\n<meta property=\"article:author\" content=\"aeportugal\" \/>\n<meta property=\"article:published_time\" content=\"2023-01-03T12:04:43+00:00\" \/>\n<meta property=\"article:modified_time\" content=\"2026-04-16T00:59:49+00:00\" \/>\n<meta property=\"og:image\" content=\"https:\/\/aliancaevangelica.pt\/site\/wp-content\/uploads\/2023\/01\/Semana-Universal-de-Orac\u0327a\u0303o-2023-instagram.png\" \/>\n\t<meta property=\"og:image:width\" content=\"1080\" \/>\n\t<meta property=\"og:image:height\" content=\"1080\" \/>\n\t<meta property=\"og:image:type\" content=\"image\/png\" \/>\n<meta name=\"author\" content=\"AEP\" \/>\n<meta name=\"twitter:card\" content=\"summary_large_image\" \/>\n<meta name=\"twitter:label1\" content=\"Escrito por\" \/>\n\t<meta name=\"twitter:data1\" content=\"AEP\" \/>\n\t<meta name=\"twitter:label2\" content=\"Tempo estimado de leitura\" \/>\n\t<meta name=\"twitter:data2\" content=\"1 minuto\" \/>\n<script type=\"application\/ld+json\" class=\"yoast-schema-graph\">{\"@context\":\"https:\\\/\\\/schema.org\",\"@graph\":[{\"@type\":\"Article\",\"@id\":\"https:\\\/\\\/aliancaevangelica.pt\\\/site\\\/semana-universal-de-oracao-2023\\\/#article\",\"isPartOf\":{\"@id\":\"https:\\\/\\\/aliancaevangelica.pt\\\/site\\\/semana-universal-de-oracao-2023\\\/\"},\"author\":{\"name\":\"AEP\",\"@id\":\"https:\\\/\\\/aliancaevangelica.pt\\\/site\\\/#\\\/schema\\\/person\\\/3b47cfc7535eff1e820f31c2d67eafcf\"},\"headline\":\"Semana Universal de Ora\u00e7\u00e3o 2023\",\"datePublished\":\"2023-01-03T12:04:43+00:00\",\"dateModified\":\"2026-04-16T00:59:49+00:00\",\"mainEntityOfPage\":{\"@id\":\"https:\\\/\\\/aliancaevangelica.pt\\\/site\\\/semana-universal-de-oracao-2023\\\/\"},\"wordCount\":183,\"commentCount\":0,\"publisher\":{\"@id\":\"https:\\\/\\\/aliancaevangelica.pt\\\/site\\\/#organization\"},\"image\":{\"@id\":\"https:\\\/\\\/aliancaevangelica.pt\\\/site\\\/semana-universal-de-oracao-2023\\\/#primaryimage\"},\"thumbnailUrl\":\"https:\\\/\\\/aliancaevangelica.pt\\\/site\\\/wp-content\\\/uploads\\\/2023\\\/01\\\/Semana-Universal-de-Orac\u0327a\u0303o-2023-instagram.png\",\"articleSection\":[\"ORA\u00c7\u00c3O\"],\"inLanguage\":\"pt-PT\",\"potentialAction\":[{\"@type\":\"CommentAction\",\"name\":\"Comment\",\"target\":[\"https:\\\/\\\/aliancaevangelica.pt\\\/site\\\/semana-universal-de-oracao-2023\\\/#respond\"]}]},{\"@type\":\"WebPage\",\"@id\":\"https:\\\/\\\/aliancaevangelica.pt\\\/site\\\/semana-universal-de-oracao-2023\\\/\",\"url\":\"https:\\\/\\\/aliancaevangelica.pt\\\/site\\\/semana-universal-de-oracao-2023\\\/\",\"name\":\"Semana Universal de Ora\u00e7\u00e3o 2023 - AEP\",\"isPartOf\":{\"@id\":\"https:\\\/\\\/aliancaevangelica.pt\\\/site\\\/#website\"},\"primaryImageOfPage\":{\"@id\":\"https:\\\/\\\/aliancaevangelica.pt\\\/site\\\/semana-universal-de-oracao-2023\\\/#primaryimage\"},\"image\":{\"@id\":\"https:\\\/\\\/aliancaevangelica.pt\\\/site\\\/semana-universal-de-oracao-2023\\\/#primaryimage\"},\"thumbnailUrl\":\"https:\\\/\\\/aliancaevangelica.pt\\\/site\\\/wp-content\\\/uploads\\\/2023\\\/01\\\/Semana-Universal-de-Orac\u0327a\u0303o-2023-instagram.png\",\"datePublished\":\"2023-01-03T12:04:43+00:00\",\"dateModified\":\"2026-04-16T00:59:49+00:00\",\"breadcrumb\":{\"@id\":\"https:\\\/\\\/aliancaevangelica.pt\\\/site\\\/semana-universal-de-oracao-2023\\\/#breadcrumb\"},\"inLanguage\":\"pt-PT\",\"potentialAction\":[{\"@type\":\"ReadAction\",\"target\":[\"https:\\\/\\\/aliancaevangelica.pt\\\/site\\\/semana-universal-de-oracao-2023\\\/\"]}]},{\"@type\":\"ImageObject\",\"inLanguage\":\"pt-PT\",\"@id\":\"https:\\\/\\\/aliancaevangelica.pt\\\/site\\\/semana-universal-de-oracao-2023\\\/#primaryimage\",\"url\":\"https:\\\/\\\/aliancaevangelica.pt\\\/site\\\/wp-content\\\/uploads\\\/2023\\\/01\\\/Semana-Universal-de-Orac\u0327a\u0303o-2023-instagram.png\",\"contentUrl\":\"https:\\\/\\\/aliancaevangelica.pt\\\/site\\\/wp-content\\\/uploads\\\/2023\\\/01\\\/Semana-Universal-de-Orac\u0327a\u0303o-2023-instagram.png\",\"width\":1080,\"height\":1080},{\"@type\":\"BreadcrumbList\",\"@id\":\"https:\\\/\\\/aliancaevangelica.pt\\\/site\\\/semana-universal-de-oracao-2023\\\/#breadcrumb\",\"itemListElement\":[{\"@type\":\"ListItem\",\"position\":1,\"name\":\"In\u00edcio\",\"item\":\"https:\\\/\\\/aliancaevangelica.pt\\\/site\\\/\"},{\"@type\":\"ListItem\",\"position\":2,\"name\":\"Semana Universal de Ora\u00e7\u00e3o 2023\"}]},{\"@type\":\"WebSite\",\"@id\":\"https:\\\/\\\/aliancaevangelica.pt\\\/site\\\/#website\",\"url\":\"https:\\\/\\\/aliancaevangelica.pt\\\/site\\\/\",\"name\":\"Alian\u00e7a Evang\u00e9lica Portuguesa\",\"description\":\"Alian\u00e7a Evang\u00e9lica Portuguesa\",\"publisher\":{\"@id\":\"https:\\\/\\\/aliancaevangelica.pt\\\/site\\\/#organization\"},\"potentialAction\":[{\"@type\":\"SearchAction\",\"target\":{\"@type\":\"EntryPoint\",\"urlTemplate\":\"https:\\\/\\\/aliancaevangelica.pt\\\/site\\\/?s={search_term_string}\"},\"query-input\":{\"@type\":\"PropertyValueSpecification\",\"valueRequired\":true,\"valueName\":\"search_term_string\"}}],\"inLanguage\":\"pt-PT\"},{\"@type\":\"Organization\",\"@id\":\"https:\\\/\\\/aliancaevangelica.pt\\\/site\\\/#organization\",\"name\":\"Alian\u00e7a Evang\u00e9lica Portuguesa\",\"url\":\"https:\\\/\\\/aliancaevangelica.pt\\\/site\\\/\",\"logo\":{\"@type\":\"ImageObject\",\"inLanguage\":\"pt-PT\",\"@id\":\"https:\\\/\\\/aliancaevangelica.pt\\\/site\\\/#\\\/schema\\\/logo\\\/image\\\/\",\"url\":\"https:\\\/\\\/aliancaevangelica.pt\\\/site\\\/wp-content\\\/uploads\\\/2017\\\/11\\\/logo-AEP-cor.png\",\"contentUrl\":\"https:\\\/\\\/aliancaevangelica.pt\\\/site\\\/wp-content\\\/uploads\\\/2017\\\/11\\\/logo-AEP-cor.png\",\"width\":1156,\"height\":672,\"caption\":\"Alian\u00e7a Evang\u00e9lica Portuguesa\"},\"image\":{\"@id\":\"https:\\\/\\\/aliancaevangelica.pt\\\/site\\\/#\\\/schema\\\/logo\\\/image\\\/\"},\"sameAs\":[\"http:\\\/\\\/facebook.com\\\/aeportuguesa\",\"http:\\\/\\\/instagram.com\\\/aliancaep\",\"http:\\\/\\\/youtube.com\\\/aeportuguesa\"]},{\"@type\":\"Person\",\"@id\":\"https:\\\/\\\/aliancaevangelica.pt\\\/site\\\/#\\\/schema\\\/person\\\/3b47cfc7535eff1e820f31c2d67eafcf\",\"name\":\"AEP\",\"sameAs\":[\"aeportugal\"],\"url\":\"https:\\\/\\\/aliancaevangelica.pt\\\/site\\\/author\\\/aeportugal\\\/\"}]}<\/script>\n<!-- \/ Yoast SEO plugin. -->","yoast_head_json":{"title":"Semana Universal de Ora\u00e7\u00e3o 2023 - AEP","robots":{"index":"index","follow":"follow","max-snippet":"max-snippet:-1","max-image-preview":"max-image-preview:large","max-video-preview":"max-video-preview:-1"},"canonical":"https:\/\/aliancaevangelica.pt\/site\/semana-universal-de-oracao-2023\/","og_locale":"pt_PT","og_type":"article","og_title":"Semana Universal de Ora\u00e7\u00e3o 2023 - AEP","og_description":"Mais uma vez iniciamos este novo ano com um desafio para a Ora\u00e7\u00e3o, atrav\u00e9s da SEMANA UNIVERSAL de ORA\u00c7\u00c3O que desta vez tem como tema &#8220;Alegria&#8221;. Nesse sentido, queremos estimular mais uma vez todas as igrejas evang\u00e9licas em Portugal a observar a Semana Universal de Ora\u00e7\u00e3o, entre os dias 8 e 15 de janeiro de","og_url":"https:\/\/aliancaevangelica.pt\/site\/semana-universal-de-oracao-2023\/","og_site_name":"AEP","article_publisher":"http:\/\/facebook.com\/aeportuguesa","article_author":"aeportugal","article_published_time":"2023-01-03T12:04:43+00:00","article_modified_time":"2026-04-16T00:59:49+00:00","og_image":[{"width":1080,"height":1080,"url":"https:\/\/aliancaevangelica.pt\/site\/wp-content\/uploads\/2023\/01\/Semana-Universal-de-Orac\u0327a\u0303o-2023-instagram.png","type":"image\/png"}],"author":"AEP","twitter_card":"summary_large_image","twitter_misc":{"Escrito por":"AEP","Tempo estimado de leitura":"1 minuto"},"schema":{"@context":"https:\/\/schema.org","@graph":[{"@type":"Article","@id":"https:\/\/aliancaevangelica.pt\/site\/semana-universal-de-oracao-2023\/#article","isPartOf":{"@id":"https:\/\/aliancaevangelica.pt\/site\/semana-universal-de-oracao-2023\/"},"author":{"name":"AEP","@id":"https:\/\/aliancaevangelica.pt\/site\/#\/schema\/person\/3b47cfc7535eff1e820f31c2d67eafcf"},"headline":"Semana Universal de Ora\u00e7\u00e3o 2023","datePublished":"2023-01-03T12:04:43+00:00","dateModified":"2026-04-16T00:59:49+00:00","mainEntityOfPage":{"@id":"https:\/\/aliancaevangelica.pt\/site\/semana-universal-de-oracao-2023\/"},"wordCount":183,"commentCount":0,"publisher":{"@id":"https:\/\/aliancaevangelica.pt\/site\/#organization"},"image":{"@id":"https:\/\/aliancaevangelica.pt\/site\/semana-universal-de-oracao-2023\/#primaryimage"},"thumbnailUrl":"https:\/\/aliancaevangelica.pt\/site\/wp-content\/uploads\/2023\/01\/Semana-Universal-de-Orac\u0327a\u0303o-2023-instagram.png","articleSection":["ORA\u00c7\u00c3O"],"inLanguage":"pt-PT","potentialAction":[{"@type":"CommentAction","name":"Comment","target":["https:\/\/aliancaevangelica.pt\/site\/semana-universal-de-oracao-2023\/#respond"]}]},{"@type":"WebPage","@id":"https:\/\/aliancaevangelica.pt\/site\/semana-universal-de-oracao-2023\/","url":"https:\/\/aliancaevangelica.pt\/site\/semana-universal-de-oracao-2023\/","name":"Semana Universal de Ora\u00e7\u00e3o 2023 - AEP","isPartOf":{"@id":"https:\/\/aliancaevangelica.pt\/site\/#website"},"primaryImageOfPage":{"@id":"https:\/\/aliancaevangelica.pt\/site\/semana-universal-de-oracao-2023\/#primaryimage"},"image":{"@id":"https:\/\/aliancaevangelica.pt\/site\/semana-universal-de-oracao-2023\/#primaryimage"},"thumbnailUrl":"https:\/\/aliancaevangelica.pt\/site\/wp-content\/uploads\/2023\/01\/Semana-Universal-de-Orac\u0327a\u0303o-2023-instagram.png","datePublished":"2023-01-03T12:04:43+00:00","dateModified":"2026-04-16T00:59:49+00:00","breadcrumb":{"@id":"https:\/\/aliancaevangelica.pt\/site\/semana-universal-de-oracao-2023\/#breadcrumb"},"inLanguage":"pt-PT","potentialAction":[{"@type":"ReadAction","target":["https:\/\/aliancaevangelica.pt\/site\/semana-universal-de-oracao-2023\/"]}]},{"@type":"ImageObject","inLanguage":"pt-PT","@id":"https:\/\/aliancaevangelica.pt\/site\/semana-universal-de-oracao-2023\/#primaryimage","url":"https:\/\/aliancaevangelica.pt\/site\/wp-content\/uploads\/2023\/01\/Semana-Universal-de-Orac\u0327a\u0303o-2023-instagram.png","contentUrl":"https:\/\/aliancaevangelica.pt\/site\/wp-content\/uploads\/2023\/01\/Semana-Universal-de-Orac\u0327a\u0303o-2023-instagram.png","width":1080,"height":1080},{"@type":"BreadcrumbList","@id":"https:\/\/aliancaevangelica.pt\/site\/semana-universal-de-oracao-2023\/#breadcrumb","itemListElement":[{"@type":"ListItem","position":1,"name":"In\u00edcio","item":"https:\/\/aliancaevangelica.pt\/site\/"},{"@type":"ListItem","position":2,"name":"Semana Universal de Ora\u00e7\u00e3o 2023"}]},{"@type":"WebSite","@id":"https:\/\/aliancaevangelica.pt\/site\/#website","url":"https:\/\/aliancaevangelica.pt\/site\/","name":"Alian\u00e7a Evang\u00e9lica Portuguesa","description":"Alian\u00e7a Evang\u00e9lica Portuguesa","publisher":{"@id":"https:\/\/aliancaevangelica.pt\/site\/#organization"},"potentialAction":[{"@type":"SearchAction","target":{"@type":"EntryPoint","urlTemplate":"https:\/\/aliancaevangelica.pt\/site\/?s={search_term_string}"},"query-input":{"@type":"PropertyValueSpecification","valueRequired":true,"valueName":"search_term_string"}}],"inLanguage":"pt-PT"},{"@type":"Organization","@id":"https:\/\/aliancaevangelica.pt\/site\/#organization","name":"Alian\u00e7a Evang\u00e9lica Portuguesa","url":"https:\/\/aliancaevangelica.pt\/site\/","logo":{"@type":"ImageObject","inLanguage":"pt-PT","@id":"https:\/\/aliancaevangelica.pt\/site\/#\/schema\/logo\/image\/","url":"https:\/\/aliancaevangelica.pt\/site\/wp-content\/uploads\/2017\/11\/logo-AEP-cor.png","contentUrl":"https:\/\/aliancaevangelica.pt\/site\/wp-content\/uploads\/2017\/11\/logo-AEP-cor.png","width":1156,"height":672,"caption":"Alian\u00e7a Evang\u00e9lica Portuguesa"},"image":{"@id":"https:\/\/aliancaevangelica.pt\/site\/#\/schema\/logo\/image\/"},"sameAs":["http:\/\/facebook.com\/aeportuguesa","http:\/\/instagram.com\/aliancaep","http:\/\/youtube.com\/aeportuguesa"]},{"@type":"Person","@id":"https:\/\/aliancaevangelica.pt\/site\/#\/schema\/person\/3b47cfc7535eff1e820f31c2d67eafcf","name":"AEP","sameAs":["aeportugal"],"url":"https:\/\/aliancaevangelica.pt\/site\/author\/aeportugal\/"}]}},"uagb_featured_image_src":{"full":["https:\/\/aliancaevangelica.pt\/site\/wp-content\/uploads\/2023\/01\/Semana-Universal-de-Orac\u0327a\u0303o-2023-instagram.png",1080,1080,false],"thumbnail":["https:\/\/aliancaevangelica.pt\/site\/wp-content\/uploads\/2023\/01\/Semana-Universal-de-Orac\u0327a\u0303o-2023-instagram-150x150.png",150,150,true],"medium":["https:\/\/aliancaevangelica.pt\/site\/wp-content\/uploads\/2023\/01\/Semana-Universal-de-Orac\u0327a\u0303o-2023-instagram-300x300.png",300,300,true],"medium_large":["https:\/\/aliancaevangelica.pt\/site\/wp-content\/uploads\/2023\/01\/Semana-Universal-de-Orac\u0327a\u0303o-2023-instagram-768x768.png",768,768,true],"large":["https:\/\/aliancaevangelica.pt\/site\/wp-content\/uploads\/2023\/01\/Semana-Universal-de-Orac\u0327a\u0303o-2023-instagram-1024x1024.png",960,960,true],"1536x1536":["https:\/\/aliancaevangelica.pt\/site\/wp-content\/uploads\/2023\/01\/Semana-Universal-de-Orac\u0327a\u0303o-2023-instagram.png",1080,1080,false],"2048x2048":["https:\/\/aliancaevangelica.pt\/site\/wp-content\/uploads\/2023\/01\/Semana-Universal-de-Orac\u0327a\u0303o-2023-instagram.png",1080,1080,false],"vp_sm":["https:\/\/aliancaevangelica.pt\/site\/wp-content\/uploads\/2023\/01\/Semana-Universal-de-Orac\u0327a\u0303o-2023-instagram.png",500,500,false],"vp_md":["https:\/\/aliancaevangelica.pt\/site\/wp-content\/uploads\/2023\/01\/Semana-Universal-de-Orac\u0327a\u0303o-2023-instagram.png",800,800,false],"vp_lg":["https:\/\/aliancaevangelica.pt\/site\/wp-content\/uploads\/2023\/01\/Semana-Universal-de-Orac\u0327a\u0303o-2023-instagram.png",1080,1080,false],"vp_xl":["https:\/\/aliancaevangelica.pt\/site\/wp-content\/uploads\/2023\/01\/Semana-Universal-de-Orac\u0327a\u0303o-2023-instagram.png",1080,1080,false],"vp_sm_popup":["https:\/\/aliancaevangelica.pt\/site\/wp-content\/uploads\/2023\/01\/Semana-Universal-de-Orac\u0327a\u0303o-2023-instagram.png",500,500,false],"vp_md_popup":["https:\/\/aliancaevangelica.pt\/site\/wp-content\/uploads\/2023\/01\/Semana-Universal-de-Orac\u0327a\u0303o-2023-instagram.png",800,800,false],"vp_xl_popup":["https:\/\/aliancaevangelica.pt\/site\/wp-content\/uploads\/2023\/01\/Semana-Universal-de-Orac\u0327a\u0303o-2023-instagram.png",1080,1080,false],"newsx-150x100":["https:\/\/aliancaevangelica.pt\/site\/wp-content\/uploads\/2023\/01\/Semana-Universal-de-Orac\u0327a\u0303o-2023-instagram.png",100,100,false],"newsx-330x220":["https:\/\/aliancaevangelica.pt\/site\/wp-content\/uploads\/2023\/01\/Semana-Universal-de-Orac\u0327a\u0303o-2023-instagram.png",220,220,false],"newsx-420x280":["https:\/\/aliancaevangelica.pt\/site\/wp-content\/uploads\/2023\/01\/Semana-Universal-de-Orac\u0327a\u0303o-2023-instagram.png",280,280,false],"newsx-510x340":["https:\/\/aliancaevangelica.pt\/site\/wp-content\/uploads\/2023\/01\/Semana-Universal-de-Orac\u0327a\u0303o-2023-instagram.png",340,340,false],"newsx-640x480":["https:\/\/aliancaevangelica.pt\/site\/wp-content\/uploads\/2023\/01\/Semana-Universal-de-Orac\u0327a\u0303o-2023-instagram.png",480,480,false],"newsx-670x370":["https:\/\/aliancaevangelica.pt\/site\/wp-content\/uploads\/2023\/01\/Semana-Universal-de-Orac\u0327a\u0303o-2023-instagram.png",370,370,false],"newsx-860x570":["https:\/\/aliancaevangelica.pt\/site\/wp-content\/uploads\/2023\/01\/Semana-Universal-de-Orac\u0327a\u0303o-2023-instagram.png",570,570,false],"newsx-1000x750":["https:\/\/aliancaevangelica.pt\/site\/wp-content\/uploads\/2023\/01\/Semana-Universal-de-Orac\u0327a\u0303o-2023-instagram.png",750,750,false],"newsx-1200x600":["https:\/\/aliancaevangelica.pt\/site\/wp-content\/uploads\/2023\/01\/Semana-Universal-de-Orac\u0327a\u0303o-2023-instagram.png",600,600,false]},"uagb_author_info":{"display_name":"AEP","author_link":"https:\/\/aliancaevangelica.pt\/site\/author\/aeportugal\/"},"uagb_comment_info":0,"uagb_excerpt":"Mais uma vez iniciamos este novo ano com um desafio para a Ora\u00e7\u00e3o, atrav\u00e9s da SEMANA UNIVERSAL de ORA\u00c7\u00c3O que desta vez tem como tema &#8220;Alegria&#8221;. Nesse sentido, queremos estimular mais uma vez todas as igrejas evang\u00e9licas em Portugal a observar a Semana Universal de Ora\u00e7\u00e3o, entre os dias 8 e 15 de janeiro de","_links":{"self":[{"href":"https:\/\/aliancaevangelica.pt\/site\/wp-json\/wp\/v2\/posts\/19913","targetHints":{"allow":["GET"]}}],"collection":[{"href":"https:\/\/aliancaevangelica.pt\/site\/wp-json\/wp\/v2\/posts"}],"about":[{"href":"https:\/\/aliancaevangelica.pt\/site\/wp-json\/wp\/v2\/types\/post"}],"author":[{"embeddable":true,"href":"https:\/\/aliancaevangelica.pt\/site\/wp-json\/wp\/v2\/users\/2"}],"replies":[{"embeddable":true,"href":"https:\/\/aliancaevangelica.pt\/site\/wp-json\/wp\/v2\/comments?post=19913"}],"version-history":[{"count":2,"href":"https:\/\/aliancaevangelica.pt\/site\/wp-json\/wp\/v2\/posts\/19913\/revisions"}],"predecessor-version":[{"id":19917,"href":"https:\/\/aliancaevangelica.pt\/site\/wp-json\/wp\/v2\/posts\/19913\/revisions\/19917"}],"wp:featuredmedia":[{"embeddable":true,"href":"https:\/\/aliancaevangelica.pt\/site\/wp-json\/wp\/v2\/media\/19914"}],"wp:attachment":[{"href":"https:\/\/aliancaevangelica.pt\/site\/wp-json\/wp\/v2\/media?parent=19913"}],"wp:term":[{"taxonomy":"category","embeddable":true,"href":"https:\/\/aliancaevangelica.pt\/site\/wp-json\/wp\/v2\/categories?post=19913"},{"taxonomy":"post_tag","embeddable":true,"href":"https:\/\/aliancaevangelica.pt\/site\/wp-json\/wp\/v2\/tags?post=19913"}],"curies":[{"name":"wp","href":"https:\/\/api.w.org\/{rel}","templated":true}]}}