{"id":19910,"date":"2022-12-09T23:12:44","date_gmt":"2022-12-09T23:12:44","guid":{"rendered":"https:\/\/aliancaevangelica.pt\/site\/?p=19910"},"modified":"2026-04-06T22:29:49","modified_gmt":"2026-04-06T22:29:49","slug":"os-evangelicos-e-a-lei-da-eutanasia","status":"publish","type":"post","link":"https:\/\/aliancaevangelica.pt\/site\/os-evangelicos-e-a-lei-da-eutanasia\/","title":{"rendered":"Os Evang\u00e9licos e a Lei da Eutan\u00e1sia"},"content":{"rendered":"\n<p>Mais uma vez o parlamento portugu\u00eas aprovou a lei que legaliza a aplica\u00e7\u00e3o da eutan\u00e1sia no nosso pa\u00eds. Como tal, a Alian\u00e7a Evang\u00e9lica Portuguesa vem de novo afirmar que considera a Vida como um bem que n\u00e3o pode ser sujeito a exce\u00e7\u00f5es, pelo que discorda de qualquer lei que coloque como hip\u00f3tese a morte medicamente provocada e manifesta profunda preocupa\u00e7\u00e3o com a nova vers\u00e3o do texto aprovado.<br>Consideramos que esta mat\u00e9ria \u00e9 de tal modo importante que haveria sempre a necessidade da ocorr\u00eancia de dois pressupostos antes da prepara\u00e7\u00e3o de qualquer lei desta natureza: a primeira seria um debate amplo de an\u00e1lise filos\u00f3fica, social, religiosa e pragm\u00e1tica, que nunca ocorreu na prepara\u00e7\u00e3o desta lei; e, por outro, a necessidade de estarem assegurados os cuidados paliativos e sociais necess\u00e1rios ao exerc\u00edcio de decis\u00e3o livre e sem coa\u00e7\u00e3o do sofrimento. No entanto, nem uma nem outra condi\u00e7\u00e3o est\u00e3o preenchidas.<br>Discordamos veementemente da ideia de morte medicamente provocada e verificamos que o texto atual agrava ainda mais a situa\u00e7\u00e3o dos mais fragilizados que podem ficar sujeitos \u00e0 tomada de uma decis\u00e3o com esta gravidade e irreversibilidade. Verificamos que a ideia inicial de antecipa\u00e7\u00e3o de uma morte iminente com o texto \u201cdoen\u00e7a incur\u00e1vel e fatal\u201d foi completamente colocada de lado, passando o texto a prever \u201cdoen\u00e7a grave e incur\u00e1vel\u201d, j\u00e1 n\u00e3o sendo necess\u00e1rio estimar que a morte pudesse chegar com brevidade, bem como, verificamos que os prazos previstos para o processo de decis\u00e3o s\u00e3o no m\u00ednimo de dois meses, com prazos muito curtos para que os pareceres possam ser preparados durante esse per\u00edodo \u2013 15 ou 20 dias para a emiss\u00e3o dos pareceres m\u00e9dicos e 5 dias para a comiss\u00e3o decisora dar resposta. Esta situa\u00e7\u00e3o implica ligeireza em assegurar a vontade atual, s\u00e9ria, livre e esclarecida do paciente e negligencia a an\u00e1lise m\u00e9dica de que o doente est\u00e1 em situa\u00e7\u00e3o de sofrimento de grande intensidade e padece de uma les\u00e3o definitiva de gravidade extrema ou de uma doen\u00e7a grave e incur\u00e1vel. Em nenhum momento do processo se averigua se h\u00e1 alguma situa\u00e7\u00e3o que possa ser resolvida ou melhorada por forma a dar oportunidade \u00e0 mudan\u00e7a de decis\u00e3o, nem s\u00e3o equacionadas situa\u00e7\u00f5es em que o paciente possa estar a ser coagido por familiares ou outros intervenientes nesta tomada de decis\u00e3o, pois n\u00e3o nos parece suficiente a mera declara\u00e7\u00e3o.<br>Perante a irrazoabilidade desta lei, a Alian\u00e7a Evang\u00e9lica Portuguesa apela ao Senhor Presidente da Rep\u00fablica para que tudo fa\u00e7a no \u00e2mbito das suas compet\u00eancias e responsabilidades para que esta lei n\u00e3o entre em vigor; apelamos tamb\u00e9m ao Tribunal Constitucional para que continue a pugnar pelo princ\u00edpio da inviolabilidade da Vida Humana, consagrado na lei fundamental, ao inv\u00e9s de defender a fr\u00e1gil autonomia das pessoas em sofrimento, t\u00e3o perme\u00e1vel ao aproveitamento de interesses externos.<br>A Alian\u00e7a Evang\u00e9lica Portuguesa, constitu\u00edda desde 1921, tem por objetivo congregar os evang\u00e9licos portugueses e represent\u00e1-los perante a sociedade e o Estado. \u00c9 o mais antigo e abrangente organismo de coopera\u00e7\u00e3o desta fam\u00edlia crist\u00e3, contando, atualmente, como membros, mais de 700 comunidades evang\u00e9licas locais e cerca de 65 organiza\u00e7\u00f5es, entre as quais se incluem diversos organismos ou federa\u00e7\u00f5es das igrejas evang\u00e9licas mais representadas em Portugal. Esta federa\u00e7\u00e3o crist\u00e3 integra o Grupo de Trabalho Inter-religioso Religi\u00f5es | Sa\u00fade, sob a \u00e9gide do Alto-Comissariado para as Migra\u00e7\u00f5es.<\/p>\n","protected":false},"excerpt":{"rendered":"<p>Mais uma vez o parlamento portugu\u00eas aprovou a lei que legaliza a aplica\u00e7\u00e3o da eutan\u00e1sia no nosso pa\u00eds. Como tal, a Alian\u00e7a Evang\u00e9lica Portuguesa vem de novo afirmar que considera a Vida como um bem que n\u00e3o pode ser sujeito a exce\u00e7\u00f5es, pelo que discorda de qualquer lei que coloque como hip\u00f3tese a morte medicamente<\/p>\n","protected":false},"author":2,"featured_media":16091,"comment_status":"open","ping_status":"open","sticky":false,"template":"","format":"standard","meta":{"_uag_custom_page_level_css":"","_themeisle_gutenberg_block_has_review":false,"_vp_format_video_url":"","_vp_image_focal_point":[],"footnotes":""},"categories":[45],"tags":[181],"class_list":["post-19910","post","type-post","status-publish","format-standard","has-post-thumbnail","hentry","category-geral","tag-1-geral"],"yoast_head":"<!-- This site is optimized with the Yoast SEO plugin v27.5 - https:\/\/yoast.com\/product\/yoast-seo-wordpress\/ -->\n<title>Os Evang\u00e9licos e a Lei da Eutan\u00e1sia - AEP<\/title>\n<meta name=\"robots\" content=\"index, follow, max-snippet:-1, max-image-preview:large, max-video-preview:-1\" \/>\n<link rel=\"canonical\" href=\"https:\/\/aliancaevangelica.pt\/site\/os-evangelicos-e-a-lei-da-eutanasia\/\" \/>\n<meta property=\"og:locale\" content=\"pt_PT\" \/>\n<meta property=\"og:type\" content=\"article\" \/>\n<meta property=\"og:title\" content=\"Os Evang\u00e9licos e a Lei da Eutan\u00e1sia - AEP\" \/>\n<meta property=\"og:description\" content=\"Mais uma vez o parlamento portugu\u00eas aprovou a lei que legaliza a aplica\u00e7\u00e3o da eutan\u00e1sia no nosso pa\u00eds. Como tal, a Alian\u00e7a Evang\u00e9lica Portuguesa vem de novo afirmar que considera a Vida como um bem que n\u00e3o pode ser sujeito a exce\u00e7\u00f5es, pelo que discorda de qualquer lei que coloque como hip\u00f3tese a morte medicamente\" \/>\n<meta property=\"og:url\" content=\"https:\/\/aliancaevangelica.pt\/site\/os-evangelicos-e-a-lei-da-eutanasia\/\" \/>\n<meta property=\"og:site_name\" content=\"AEP\" \/>\n<meta property=\"article:publisher\" content=\"http:\/\/facebook.com\/aeportuguesa\" \/>\n<meta property=\"article:author\" content=\"aeportugal\" \/>\n<meta property=\"article:published_time\" content=\"2022-12-09T23:12:44+00:00\" \/>\n<meta property=\"article:modified_time\" content=\"2026-04-06T22:29:49+00:00\" \/>\n<meta property=\"og:image\" content=\"https:\/\/aliancaevangelica.pt\/site\/wp-content\/uploads\/2018\/05\/eutanasia.jpg\" \/>\n\t<meta property=\"og:image:width\" content=\"1280\" \/>\n\t<meta property=\"og:image:height\" content=\"853\" \/>\n\t<meta property=\"og:image:type\" content=\"image\/jpeg\" \/>\n<meta name=\"author\" content=\"AEP\" \/>\n<meta name=\"twitter:card\" content=\"summary_large_image\" \/>\n<meta name=\"twitter:label1\" content=\"Escrito por\" \/>\n\t<meta name=\"twitter:data1\" content=\"AEP\" \/>\n\t<meta name=\"twitter:label2\" content=\"Tempo estimado de leitura\" \/>\n\t<meta name=\"twitter:data2\" content=\"3 minutos\" \/>\n<script type=\"application\/ld+json\" class=\"yoast-schema-graph\">{\"@context\":\"https:\\\/\\\/schema.org\",\"@graph\":[{\"@type\":\"Article\",\"@id\":\"https:\\\/\\\/aliancaevangelica.pt\\\/site\\\/os-evangelicos-e-a-lei-da-eutanasia\\\/#article\",\"isPartOf\":{\"@id\":\"https:\\\/\\\/aliancaevangelica.pt\\\/site\\\/os-evangelicos-e-a-lei-da-eutanasia\\\/\"},\"author\":{\"name\":\"AEP\",\"@id\":\"https:\\\/\\\/aliancaevangelica.pt\\\/site\\\/#\\\/schema\\\/person\\\/3b47cfc7535eff1e820f31c2d67eafcf\"},\"headline\":\"Os Evang\u00e9licos e a Lei da Eutan\u00e1sia\",\"datePublished\":\"2022-12-09T23:12:44+00:00\",\"dateModified\":\"2026-04-06T22:29:49+00:00\",\"mainEntityOfPage\":{\"@id\":\"https:\\\/\\\/aliancaevangelica.pt\\\/site\\\/os-evangelicos-e-a-lei-da-eutanasia\\\/\"},\"wordCount\":621,\"commentCount\":0,\"publisher\":{\"@id\":\"https:\\\/\\\/aliancaevangelica.pt\\\/site\\\/#organization\"},\"image\":{\"@id\":\"https:\\\/\\\/aliancaevangelica.pt\\\/site\\\/os-evangelicos-e-a-lei-da-eutanasia\\\/#primaryimage\"},\"thumbnailUrl\":\"https:\\\/\\\/aliancaevangelica.pt\\\/site\\\/wp-content\\\/uploads\\\/2018\\\/05\\\/eutanasia.jpg\",\"keywords\":[\"1-Geral\"],\"articleSection\":[\"GERAL\"],\"inLanguage\":\"pt-PT\",\"potentialAction\":[{\"@type\":\"CommentAction\",\"name\":\"Comment\",\"target\":[\"https:\\\/\\\/aliancaevangelica.pt\\\/site\\\/os-evangelicos-e-a-lei-da-eutanasia\\\/#respond\"]}]},{\"@type\":\"WebPage\",\"@id\":\"https:\\\/\\\/aliancaevangelica.pt\\\/site\\\/os-evangelicos-e-a-lei-da-eutanasia\\\/\",\"url\":\"https:\\\/\\\/aliancaevangelica.pt\\\/site\\\/os-evangelicos-e-a-lei-da-eutanasia\\\/\",\"name\":\"Os Evang\u00e9licos e a Lei da Eutan\u00e1sia - AEP\",\"isPartOf\":{\"@id\":\"https:\\\/\\\/aliancaevangelica.pt\\\/site\\\/#website\"},\"primaryImageOfPage\":{\"@id\":\"https:\\\/\\\/aliancaevangelica.pt\\\/site\\\/os-evangelicos-e-a-lei-da-eutanasia\\\/#primaryimage\"},\"image\":{\"@id\":\"https:\\\/\\\/aliancaevangelica.pt\\\/site\\\/os-evangelicos-e-a-lei-da-eutanasia\\\/#primaryimage\"},\"thumbnailUrl\":\"https:\\\/\\\/aliancaevangelica.pt\\\/site\\\/wp-content\\\/uploads\\\/2018\\\/05\\\/eutanasia.jpg\",\"datePublished\":\"2022-12-09T23:12:44+00:00\",\"dateModified\":\"2026-04-06T22:29:49+00:00\",\"breadcrumb\":{\"@id\":\"https:\\\/\\\/aliancaevangelica.pt\\\/site\\\/os-evangelicos-e-a-lei-da-eutanasia\\\/#breadcrumb\"},\"inLanguage\":\"pt-PT\",\"potentialAction\":[{\"@type\":\"ReadAction\",\"target\":[\"https:\\\/\\\/aliancaevangelica.pt\\\/site\\\/os-evangelicos-e-a-lei-da-eutanasia\\\/\"]}]},{\"@type\":\"ImageObject\",\"inLanguage\":\"pt-PT\",\"@id\":\"https:\\\/\\\/aliancaevangelica.pt\\\/site\\\/os-evangelicos-e-a-lei-da-eutanasia\\\/#primaryimage\",\"url\":\"https:\\\/\\\/aliancaevangelica.pt\\\/site\\\/wp-content\\\/uploads\\\/2018\\\/05\\\/eutanasia.jpg\",\"contentUrl\":\"https:\\\/\\\/aliancaevangelica.pt\\\/site\\\/wp-content\\\/uploads\\\/2018\\\/05\\\/eutanasia.jpg\",\"width\":1280,\"height\":853},{\"@type\":\"BreadcrumbList\",\"@id\":\"https:\\\/\\\/aliancaevangelica.pt\\\/site\\\/os-evangelicos-e-a-lei-da-eutanasia\\\/#breadcrumb\",\"itemListElement\":[{\"@type\":\"ListItem\",\"position\":1,\"name\":\"In\u00edcio\",\"item\":\"https:\\\/\\\/aliancaevangelica.pt\\\/site\\\/\"},{\"@type\":\"ListItem\",\"position\":2,\"name\":\"Os Evang\u00e9licos e a Lei da Eutan\u00e1sia\"}]},{\"@type\":\"WebSite\",\"@id\":\"https:\\\/\\\/aliancaevangelica.pt\\\/site\\\/#website\",\"url\":\"https:\\\/\\\/aliancaevangelica.pt\\\/site\\\/\",\"name\":\"Alian\u00e7a Evang\u00e9lica Portuguesa\",\"description\":\"Alian\u00e7a Evang\u00e9lica Portuguesa\",\"publisher\":{\"@id\":\"https:\\\/\\\/aliancaevangelica.pt\\\/site\\\/#organization\"},\"potentialAction\":[{\"@type\":\"SearchAction\",\"target\":{\"@type\":\"EntryPoint\",\"urlTemplate\":\"https:\\\/\\\/aliancaevangelica.pt\\\/site\\\/?s={search_term_string}\"},\"query-input\":{\"@type\":\"PropertyValueSpecification\",\"valueRequired\":true,\"valueName\":\"search_term_string\"}}],\"inLanguage\":\"pt-PT\"},{\"@type\":\"Organization\",\"@id\":\"https:\\\/\\\/aliancaevangelica.pt\\\/site\\\/#organization\",\"name\":\"Alian\u00e7a Evang\u00e9lica Portuguesa\",\"url\":\"https:\\\/\\\/aliancaevangelica.pt\\\/site\\\/\",\"logo\":{\"@type\":\"ImageObject\",\"inLanguage\":\"pt-PT\",\"@id\":\"https:\\\/\\\/aliancaevangelica.pt\\\/site\\\/#\\\/schema\\\/logo\\\/image\\\/\",\"url\":\"https:\\\/\\\/aliancaevangelica.pt\\\/site\\\/wp-content\\\/uploads\\\/2017\\\/11\\\/logo-AEP-cor.png\",\"contentUrl\":\"https:\\\/\\\/aliancaevangelica.pt\\\/site\\\/wp-content\\\/uploads\\\/2017\\\/11\\\/logo-AEP-cor.png\",\"width\":1156,\"height\":672,\"caption\":\"Alian\u00e7a Evang\u00e9lica Portuguesa\"},\"image\":{\"@id\":\"https:\\\/\\\/aliancaevangelica.pt\\\/site\\\/#\\\/schema\\\/logo\\\/image\\\/\"},\"sameAs\":[\"http:\\\/\\\/facebook.com\\\/aeportuguesa\",\"http:\\\/\\\/instagram.com\\\/aliancaep\",\"http:\\\/\\\/youtube.com\\\/aeportuguesa\"]},{\"@type\":\"Person\",\"@id\":\"https:\\\/\\\/aliancaevangelica.pt\\\/site\\\/#\\\/schema\\\/person\\\/3b47cfc7535eff1e820f31c2d67eafcf\",\"name\":\"AEP\",\"sameAs\":[\"aeportugal\"],\"url\":\"https:\\\/\\\/aliancaevangelica.pt\\\/site\\\/author\\\/aeportugal\\\/\"}]}<\/script>\n<!-- \/ Yoast SEO plugin. -->","yoast_head_json":{"title":"Os Evang\u00e9licos e a Lei da Eutan\u00e1sia - AEP","robots":{"index":"index","follow":"follow","max-snippet":"max-snippet:-1","max-image-preview":"max-image-preview:large","max-video-preview":"max-video-preview:-1"},"canonical":"https:\/\/aliancaevangelica.pt\/site\/os-evangelicos-e-a-lei-da-eutanasia\/","og_locale":"pt_PT","og_type":"article","og_title":"Os Evang\u00e9licos e a Lei da Eutan\u00e1sia - AEP","og_description":"Mais uma vez o parlamento portugu\u00eas aprovou a lei que legaliza a aplica\u00e7\u00e3o da eutan\u00e1sia no nosso pa\u00eds. Como tal, a Alian\u00e7a Evang\u00e9lica Portuguesa vem de novo afirmar que considera a Vida como um bem que n\u00e3o pode ser sujeito a exce\u00e7\u00f5es, pelo que discorda de qualquer lei que coloque como hip\u00f3tese a morte medicamente","og_url":"https:\/\/aliancaevangelica.pt\/site\/os-evangelicos-e-a-lei-da-eutanasia\/","og_site_name":"AEP","article_publisher":"http:\/\/facebook.com\/aeportuguesa","article_author":"aeportugal","article_published_time":"2022-12-09T23:12:44+00:00","article_modified_time":"2026-04-06T22:29:49+00:00","og_image":[{"width":1280,"height":853,"url":"https:\/\/aliancaevangelica.pt\/site\/wp-content\/uploads\/2018\/05\/eutanasia.jpg","type":"image\/jpeg"}],"author":"AEP","twitter_card":"summary_large_image","twitter_misc":{"Escrito por":"AEP","Tempo estimado de leitura":"3 minutos"},"schema":{"@context":"https:\/\/schema.org","@graph":[{"@type":"Article","@id":"https:\/\/aliancaevangelica.pt\/site\/os-evangelicos-e-a-lei-da-eutanasia\/#article","isPartOf":{"@id":"https:\/\/aliancaevangelica.pt\/site\/os-evangelicos-e-a-lei-da-eutanasia\/"},"author":{"name":"AEP","@id":"https:\/\/aliancaevangelica.pt\/site\/#\/schema\/person\/3b47cfc7535eff1e820f31c2d67eafcf"},"headline":"Os Evang\u00e9licos e a Lei da Eutan\u00e1sia","datePublished":"2022-12-09T23:12:44+00:00","dateModified":"2026-04-06T22:29:49+00:00","mainEntityOfPage":{"@id":"https:\/\/aliancaevangelica.pt\/site\/os-evangelicos-e-a-lei-da-eutanasia\/"},"wordCount":621,"commentCount":0,"publisher":{"@id":"https:\/\/aliancaevangelica.pt\/site\/#organization"},"image":{"@id":"https:\/\/aliancaevangelica.pt\/site\/os-evangelicos-e-a-lei-da-eutanasia\/#primaryimage"},"thumbnailUrl":"https:\/\/aliancaevangelica.pt\/site\/wp-content\/uploads\/2018\/05\/eutanasia.jpg","keywords":["1-Geral"],"articleSection":["GERAL"],"inLanguage":"pt-PT","potentialAction":[{"@type":"CommentAction","name":"Comment","target":["https:\/\/aliancaevangelica.pt\/site\/os-evangelicos-e-a-lei-da-eutanasia\/#respond"]}]},{"@type":"WebPage","@id":"https:\/\/aliancaevangelica.pt\/site\/os-evangelicos-e-a-lei-da-eutanasia\/","url":"https:\/\/aliancaevangelica.pt\/site\/os-evangelicos-e-a-lei-da-eutanasia\/","name":"Os Evang\u00e9licos e a Lei da Eutan\u00e1sia - AEP","isPartOf":{"@id":"https:\/\/aliancaevangelica.pt\/site\/#website"},"primaryImageOfPage":{"@id":"https:\/\/aliancaevangelica.pt\/site\/os-evangelicos-e-a-lei-da-eutanasia\/#primaryimage"},"image":{"@id":"https:\/\/aliancaevangelica.pt\/site\/os-evangelicos-e-a-lei-da-eutanasia\/#primaryimage"},"thumbnailUrl":"https:\/\/aliancaevangelica.pt\/site\/wp-content\/uploads\/2018\/05\/eutanasia.jpg","datePublished":"2022-12-09T23:12:44+00:00","dateModified":"2026-04-06T22:29:49+00:00","breadcrumb":{"@id":"https:\/\/aliancaevangelica.pt\/site\/os-evangelicos-e-a-lei-da-eutanasia\/#breadcrumb"},"inLanguage":"pt-PT","potentialAction":[{"@type":"ReadAction","target":["https:\/\/aliancaevangelica.pt\/site\/os-evangelicos-e-a-lei-da-eutanasia\/"]}]},{"@type":"ImageObject","inLanguage":"pt-PT","@id":"https:\/\/aliancaevangelica.pt\/site\/os-evangelicos-e-a-lei-da-eutanasia\/#primaryimage","url":"https:\/\/aliancaevangelica.pt\/site\/wp-content\/uploads\/2018\/05\/eutanasia.jpg","contentUrl":"https:\/\/aliancaevangelica.pt\/site\/wp-content\/uploads\/2018\/05\/eutanasia.jpg","width":1280,"height":853},{"@type":"BreadcrumbList","@id":"https:\/\/aliancaevangelica.pt\/site\/os-evangelicos-e-a-lei-da-eutanasia\/#breadcrumb","itemListElement":[{"@type":"ListItem","position":1,"name":"In\u00edcio","item":"https:\/\/aliancaevangelica.pt\/site\/"},{"@type":"ListItem","position":2,"name":"Os Evang\u00e9licos e a Lei da Eutan\u00e1sia"}]},{"@type":"WebSite","@id":"https:\/\/aliancaevangelica.pt\/site\/#website","url":"https:\/\/aliancaevangelica.pt\/site\/","name":"Alian\u00e7a Evang\u00e9lica Portuguesa","description":"Alian\u00e7a Evang\u00e9lica Portuguesa","publisher":{"@id":"https:\/\/aliancaevangelica.pt\/site\/#organization"},"potentialAction":[{"@type":"SearchAction","target":{"@type":"EntryPoint","urlTemplate":"https:\/\/aliancaevangelica.pt\/site\/?s={search_term_string}"},"query-input":{"@type":"PropertyValueSpecification","valueRequired":true,"valueName":"search_term_string"}}],"inLanguage":"pt-PT"},{"@type":"Organization","@id":"https:\/\/aliancaevangelica.pt\/site\/#organization","name":"Alian\u00e7a Evang\u00e9lica Portuguesa","url":"https:\/\/aliancaevangelica.pt\/site\/","logo":{"@type":"ImageObject","inLanguage":"pt-PT","@id":"https:\/\/aliancaevangelica.pt\/site\/#\/schema\/logo\/image\/","url":"https:\/\/aliancaevangelica.pt\/site\/wp-content\/uploads\/2017\/11\/logo-AEP-cor.png","contentUrl":"https:\/\/aliancaevangelica.pt\/site\/wp-content\/uploads\/2017\/11\/logo-AEP-cor.png","width":1156,"height":672,"caption":"Alian\u00e7a Evang\u00e9lica Portuguesa"},"image":{"@id":"https:\/\/aliancaevangelica.pt\/site\/#\/schema\/logo\/image\/"},"sameAs":["http:\/\/facebook.com\/aeportuguesa","http:\/\/instagram.com\/aliancaep","http:\/\/youtube.com\/aeportuguesa"]},{"@type":"Person","@id":"https:\/\/aliancaevangelica.pt\/site\/#\/schema\/person\/3b47cfc7535eff1e820f31c2d67eafcf","name":"AEP","sameAs":["aeportugal"],"url":"https:\/\/aliancaevangelica.pt\/site\/author\/aeportugal\/"}]}},"uagb_featured_image_src":{"full":["https:\/\/aliancaevangelica.pt\/site\/wp-content\/uploads\/2018\/05\/eutanasia.jpg",1280,853,false],"thumbnail":["https:\/\/aliancaevangelica.pt\/site\/wp-content\/uploads\/2018\/05\/eutanasia-150x150.jpg",150,150,true],"medium":["https:\/\/aliancaevangelica.pt\/site\/wp-content\/uploads\/2018\/05\/eutanasia-300x200.jpg",300,200,true],"medium_large":["https:\/\/aliancaevangelica.pt\/site\/wp-content\/uploads\/2018\/05\/eutanasia-768x512.jpg",768,512,true],"large":["https:\/\/aliancaevangelica.pt\/site\/wp-content\/uploads\/2018\/05\/eutanasia-1024x682.jpg",960,639,true],"1536x1536":["https:\/\/aliancaevangelica.pt\/site\/wp-content\/uploads\/2018\/05\/eutanasia.jpg",1280,853,false],"2048x2048":["https:\/\/aliancaevangelica.pt\/site\/wp-content\/uploads\/2018\/05\/eutanasia.jpg",1280,853,false],"vp_sm":["https:\/\/aliancaevangelica.pt\/site\/wp-content\/uploads\/2018\/05\/eutanasia.jpg",500,333,false],"vp_md":["https:\/\/aliancaevangelica.pt\/site\/wp-content\/uploads\/2018\/05\/eutanasia.jpg",800,533,false],"vp_lg":["https:\/\/aliancaevangelica.pt\/site\/wp-content\/uploads\/2018\/05\/eutanasia.jpg",1280,853,false],"vp_xl":["https:\/\/aliancaevangelica.pt\/site\/wp-content\/uploads\/2018\/05\/eutanasia.jpg",1280,853,false],"vp_sm_popup":["https:\/\/aliancaevangelica.pt\/site\/wp-content\/uploads\/2018\/05\/eutanasia.jpg",500,333,false],"vp_md_popup":["https:\/\/aliancaevangelica.pt\/site\/wp-content\/uploads\/2018\/05\/eutanasia.jpg",800,533,false],"vp_xl_popup":["https:\/\/aliancaevangelica.pt\/site\/wp-content\/uploads\/2018\/05\/eutanasia.jpg",1280,853,false],"newsx-150x100":["https:\/\/aliancaevangelica.pt\/site\/wp-content\/uploads\/2018\/05\/eutanasia.jpg",150,100,false],"newsx-330x220":["https:\/\/aliancaevangelica.pt\/site\/wp-content\/uploads\/2018\/05\/eutanasia.jpg",330,220,false],"newsx-420x280":["https:\/\/aliancaevangelica.pt\/site\/wp-content\/uploads\/2018\/05\/eutanasia.jpg",420,280,false],"newsx-510x340":["https:\/\/aliancaevangelica.pt\/site\/wp-content\/uploads\/2018\/05\/eutanasia.jpg",510,340,false],"newsx-640x480":["https:\/\/aliancaevangelica.pt\/site\/wp-content\/uploads\/2018\/05\/eutanasia.jpg",640,427,false],"newsx-670x370":["https:\/\/aliancaevangelica.pt\/site\/wp-content\/uploads\/2018\/05\/eutanasia.jpg",555,370,false],"newsx-860x570":["https:\/\/aliancaevangelica.pt\/site\/wp-content\/uploads\/2018\/05\/eutanasia.jpg",855,570,false],"newsx-1000x750":["https:\/\/aliancaevangelica.pt\/site\/wp-content\/uploads\/2018\/05\/eutanasia.jpg",1000,666,false],"newsx-1200x600":["https:\/\/aliancaevangelica.pt\/site\/wp-content\/uploads\/2018\/05\/eutanasia.jpg",900,600,false]},"uagb_author_info":{"display_name":"AEP","author_link":"https:\/\/aliancaevangelica.pt\/site\/author\/aeportugal\/"},"uagb_comment_info":0,"uagb_excerpt":"Mais uma vez o parlamento portugu\u00eas aprovou a lei que legaliza a aplica\u00e7\u00e3o da eutan\u00e1sia no nosso pa\u00eds. Como tal, a Alian\u00e7a Evang\u00e9lica Portuguesa vem de novo afirmar que considera a Vida como um bem que n\u00e3o pode ser sujeito a exce\u00e7\u00f5es, pelo que discorda de qualquer lei que coloque como hip\u00f3tese a morte medicamente","_links":{"self":[{"href":"https:\/\/aliancaevangelica.pt\/site\/wp-json\/wp\/v2\/posts\/19910","targetHints":{"allow":["GET"]}}],"collection":[{"href":"https:\/\/aliancaevangelica.pt\/site\/wp-json\/wp\/v2\/posts"}],"about":[{"href":"https:\/\/aliancaevangelica.pt\/site\/wp-json\/wp\/v2\/types\/post"}],"author":[{"embeddable":true,"href":"https:\/\/aliancaevangelica.pt\/site\/wp-json\/wp\/v2\/users\/2"}],"replies":[{"embeddable":true,"href":"https:\/\/aliancaevangelica.pt\/site\/wp-json\/wp\/v2\/comments?post=19910"}],"version-history":[{"count":2,"href":"https:\/\/aliancaevangelica.pt\/site\/wp-json\/wp\/v2\/posts\/19910\/revisions"}],"predecessor-version":[{"id":22270,"href":"https:\/\/aliancaevangelica.pt\/site\/wp-json\/wp\/v2\/posts\/19910\/revisions\/22270"}],"wp:featuredmedia":[{"embeddable":true,"href":"https:\/\/aliancaevangelica.pt\/site\/wp-json\/wp\/v2\/media\/16091"}],"wp:attachment":[{"href":"https:\/\/aliancaevangelica.pt\/site\/wp-json\/wp\/v2\/media?parent=19910"}],"wp:term":[{"taxonomy":"category","embeddable":true,"href":"https:\/\/aliancaevangelica.pt\/site\/wp-json\/wp\/v2\/categories?post=19910"},{"taxonomy":"post_tag","embeddable":true,"href":"https:\/\/aliancaevangelica.pt\/site\/wp-json\/wp\/v2\/tags?post=19910"}],"curies":[{"name":"wp","href":"https:\/\/api.w.org\/{rel}","templated":true}]}}