{"id":19905,"date":"2022-11-30T17:00:27","date_gmt":"2022-11-30T17:00:27","guid":{"rendered":"https:\/\/aliancaevangelica.pt\/site\/?p=19905"},"modified":"2026-04-06T22:30:29","modified_gmt":"2026-04-06T22:30:29","slug":"evangelicos-em-portugal-segundo-o-censos-2021","status":"publish","type":"post","link":"https:\/\/aliancaevangelica.pt\/site\/evangelicos-em-portugal-segundo-o-censos-2021\/","title":{"rendered":"Evang\u00e9licos em Portugal Segundo o Censos 2021"},"content":{"rendered":"\n<p>De acordo com os dados recentemente divulgados referentes ao inqu\u00e9rito nacional \u201cCensos 2021\u201d, dos residentes em Portugal com 15 e mais anos de idade, que voluntariamente responderam \u00e0 pergunta sobre a sua perten\u00e7a religiosa, 186832 afirmaram ser protestantes\/evang\u00e9licos (2,13% dos respondentes). Uma parte significativa destes cidad\u00e3os integram igrejas e comunidades religiosas que est\u00e3o filiadas na Alian\u00e7a Evang\u00e9lica Portuguesa.<\/p>\n\n\n\n<p>Esta federa\u00e7\u00e3o, constitu\u00edda a 14 de novembro de 1921, com estatutos aprovados desde 6 de fevereiro de 1935, tem por objetivo congregar os evang\u00e9licos portugueses e represent\u00e1-los perante a sociedade e o Estado. \u00c9 o mais antigo e abrangente organismo de coopera\u00e7\u00e3o desta fam\u00edlia crist\u00e3, contando, atualmente, como membros, mais de 700 comunidades evang\u00e9licas locais e cerca de 65 organiza\u00e7\u00f5es, entre as quais se incluem diversos organismos ou federa\u00e7\u00f5es das igrejas evang\u00e9licas mais representadas em Portugal.<\/p>\n\n\n\n<p>Refira-se que esta \u00e9 a primeira vez, desde que em 1864 foi realizado o I Recenseamento Geral da Popula\u00e7\u00e3o Portuguesa, que a designa\u00e7\u00e3o \u201cevang\u00e9lica\u201d foi inclu\u00edda numa categoria de perten\u00e7a religiosa, o que pode ajudar a explicar o facto de ter aumentado significativamente o n\u00famero de respondentes, uma vez que aqueles que se identificavam como \u201cprotestantes\u201d em 2011 eram apenas 75571 (0,84% dos inquiridos). Na verdade, a grande maioria das pessoas que pertencem a igrejas evang\u00e9licas em Portugal autorrepresentam-se como evang\u00e9licos, embora sejam herdeiros dos princ\u00edpios doutrin\u00e1rios da Reforma Protestante do s\u00e9culo XVI, designadamente o reconhecimento da centralidade e da autoridade da B\u00edblia como Palavra de Deus.<\/p>\n\n\n\n<p>A amplia\u00e7\u00e3o da identifica\u00e7\u00e3o da categoria, que no Censos 2021 passou a ser \u201cprotestante \/ evang\u00e9lica\u201d, resultou de uma proposta apresentada em 2019 pela Comiss\u00e3o da Liberdade Religiosa ao Instituto Nacional de Estat\u00edstica, por se adequar melhor \u00e0 diversidade que este grupo representa, incluindo desde igrejas hist\u00f3ricas a pentecostais. Para al\u00e9m desta modifica\u00e7\u00e3o, foram ainda inclu\u00eddas as categorias de \u201ctestemunhas de Jeov\u00e1\u201d, \u201cbudista\u201d e \u201chindu\u201d; n\u00e3o foi aceite a inclus\u00e3o da categoria \u201ccrentes sem religi\u00e3o\u201d.<\/p>\n\n\n\n<p>De destacar o facto de, segundo o Censos 2021, continuar a diminuir o n\u00famero total de crist\u00e3os em Portugal e de serem j\u00e1 mais de um milh\u00e3o os que se consideram pessoas sem religi\u00e3o. Para os evang\u00e9licos, com comunidades organizadas no pa\u00eds h\u00e1 quase dois s\u00e9culos, a B\u00edblia \u00e9 a sua \u00fanica regra de f\u00e9, sendo esta uma mensagem de crucial import\u00e2ncia para cada indiv\u00edduo em particular e para a sociedade em geral, no que diz respeito \u00e0s suas necessidades, quer sejam espirituais, morais, \u00e9ticas, culturais, sociais, pol\u00edticas, etc.<\/p>\n\n\n\n<p>Para consultar em detalhe a filia\u00e7\u00e3o religiosa da popula\u00e7\u00e3o portuguesa, os dados podem ser visualizados aqui:<\/p>\n\n\n\n<p><a href=\"https:\/\/tabulador.ine.pt\/indicador\/?id=0011644\">https:\/\/tabulador.ine.pt\/indicador\/?id=0011644<\/a><\/p>\n","protected":false},"excerpt":{"rendered":"<p>De acordo com os dados recentemente divulgados referentes ao inqu\u00e9rito nacional \u201cCensos 2021\u201d, dos residentes em Portugal com 15 e mais anos de idade, que voluntariamente responderam \u00e0 pergunta sobre a sua perten\u00e7a religiosa, 186832 afirmaram ser protestantes\/evang\u00e9licos (2,13% dos respondentes). Uma parte significativa destes cidad\u00e3os integram igrejas e comunidades religiosas que est\u00e3o filiadas na<\/p>\n","protected":false},"author":2,"featured_media":18913,"comment_status":"open","ping_status":"open","sticky":false,"template":"","format":"standard","meta":{"_uag_custom_page_level_css":"","_themeisle_gutenberg_block_has_review":false,"_vp_format_video_url":"","_vp_image_focal_point":[],"footnotes":""},"categories":[45,3],"tags":[143],"class_list":["post-19905","post","type-post","status-publish","format-standard","has-post-thumbnail","hentry","category-geral","category-artigos-gerais","tag-noticias"],"yoast_head":"<!-- This site is optimized with the Yoast SEO plugin v27.5 - https:\/\/yoast.com\/product\/yoast-seo-wordpress\/ -->\n<title>Evang\u00e9licos em Portugal Segundo o Censos 2021 - AEP<\/title>\n<meta name=\"robots\" content=\"index, follow, max-snippet:-1, max-image-preview:large, max-video-preview:-1\" \/>\n<link rel=\"canonical\" href=\"https:\/\/aliancaevangelica.pt\/site\/evangelicos-em-portugal-segundo-o-censos-2021\/\" \/>\n<meta property=\"og:locale\" content=\"pt_PT\" \/>\n<meta property=\"og:type\" content=\"article\" \/>\n<meta property=\"og:title\" content=\"Evang\u00e9licos em Portugal Segundo o Censos 2021 - AEP\" \/>\n<meta property=\"og:description\" content=\"De acordo com os dados recentemente divulgados referentes ao inqu\u00e9rito nacional \u201cCensos 2021\u201d, dos residentes em Portugal com 15 e mais anos de idade, que voluntariamente responderam \u00e0 pergunta sobre a sua perten\u00e7a religiosa, 186832 afirmaram ser protestantes\/evang\u00e9licos (2,13% dos respondentes). Uma parte significativa destes cidad\u00e3os integram igrejas e comunidades religiosas que est\u00e3o filiadas na\" \/>\n<meta property=\"og:url\" content=\"https:\/\/aliancaevangelica.pt\/site\/evangelicos-em-portugal-segundo-o-censos-2021\/\" \/>\n<meta property=\"og:site_name\" content=\"AEP\" \/>\n<meta property=\"article:publisher\" content=\"http:\/\/facebook.com\/aeportuguesa\" \/>\n<meta property=\"article:author\" content=\"aeportugal\" \/>\n<meta property=\"article:published_time\" content=\"2022-11-30T17:00:27+00:00\" \/>\n<meta property=\"article:modified_time\" content=\"2026-04-06T22:30:29+00:00\" \/>\n<meta property=\"og:image\" content=\"https:\/\/aliancaevangelica.pt\/site\/wp-content\/uploads\/2021\/04\/Captura-de-ecra\u0303-2021-04-16-a\u0300s-15.56.32.png\" \/>\n\t<meta property=\"og:image:width\" content=\"625\" \/>\n\t<meta property=\"og:image:height\" content=\"757\" \/>\n\t<meta property=\"og:image:type\" content=\"image\/png\" \/>\n<meta name=\"author\" content=\"AEP\" \/>\n<meta name=\"twitter:card\" content=\"summary_large_image\" \/>\n<meta name=\"twitter:label1\" content=\"Escrito por\" \/>\n\t<meta name=\"twitter:data1\" content=\"AEP\" \/>\n\t<meta name=\"twitter:label2\" content=\"Tempo estimado de leitura\" \/>\n\t<meta name=\"twitter:data2\" content=\"2 minutos\" \/>\n<script type=\"application\/ld+json\" class=\"yoast-schema-graph\">{\"@context\":\"https:\\\/\\\/schema.org\",\"@graph\":[{\"@type\":\"Article\",\"@id\":\"https:\\\/\\\/aliancaevangelica.pt\\\/site\\\/evangelicos-em-portugal-segundo-o-censos-2021\\\/#article\",\"isPartOf\":{\"@id\":\"https:\\\/\\\/aliancaevangelica.pt\\\/site\\\/evangelicos-em-portugal-segundo-o-censos-2021\\\/\"},\"author\":{\"name\":\"AEP\",\"@id\":\"https:\\\/\\\/aliancaevangelica.pt\\\/site\\\/#\\\/schema\\\/person\\\/3b47cfc7535eff1e820f31c2d67eafcf\"},\"headline\":\"Evang\u00e9licos em Portugal Segundo o Censos 2021\",\"datePublished\":\"2022-11-30T17:00:27+00:00\",\"dateModified\":\"2026-04-06T22:30:29+00:00\",\"mainEntityOfPage\":{\"@id\":\"https:\\\/\\\/aliancaevangelica.pt\\\/site\\\/evangelicos-em-portugal-segundo-o-censos-2021\\\/\"},\"wordCount\":466,\"commentCount\":0,\"publisher\":{\"@id\":\"https:\\\/\\\/aliancaevangelica.pt\\\/site\\\/#organization\"},\"image\":{\"@id\":\"https:\\\/\\\/aliancaevangelica.pt\\\/site\\\/evangelicos-em-portugal-segundo-o-censos-2021\\\/#primaryimage\"},\"thumbnailUrl\":\"https:\\\/\\\/aliancaevangelica.pt\\\/site\\\/wp-content\\\/uploads\\\/2021\\\/04\\\/Captura-de-ecra\u0303-2021-04-16-a\u0300s-15.56.32.png\",\"keywords\":[\"Not\u00edcias\"],\"articleSection\":[\"1-Geral\",\"2-Artigos Gerais\"],\"inLanguage\":\"pt-PT\",\"potentialAction\":[{\"@type\":\"CommentAction\",\"name\":\"Comment\",\"target\":[\"https:\\\/\\\/aliancaevangelica.pt\\\/site\\\/evangelicos-em-portugal-segundo-o-censos-2021\\\/#respond\"]}]},{\"@type\":\"WebPage\",\"@id\":\"https:\\\/\\\/aliancaevangelica.pt\\\/site\\\/evangelicos-em-portugal-segundo-o-censos-2021\\\/\",\"url\":\"https:\\\/\\\/aliancaevangelica.pt\\\/site\\\/evangelicos-em-portugal-segundo-o-censos-2021\\\/\",\"name\":\"Evang\u00e9licos em Portugal Segundo o Censos 2021 - AEP\",\"isPartOf\":{\"@id\":\"https:\\\/\\\/aliancaevangelica.pt\\\/site\\\/#website\"},\"primaryImageOfPage\":{\"@id\":\"https:\\\/\\\/aliancaevangelica.pt\\\/site\\\/evangelicos-em-portugal-segundo-o-censos-2021\\\/#primaryimage\"},\"image\":{\"@id\":\"https:\\\/\\\/aliancaevangelica.pt\\\/site\\\/evangelicos-em-portugal-segundo-o-censos-2021\\\/#primaryimage\"},\"thumbnailUrl\":\"https:\\\/\\\/aliancaevangelica.pt\\\/site\\\/wp-content\\\/uploads\\\/2021\\\/04\\\/Captura-de-ecra\u0303-2021-04-16-a\u0300s-15.56.32.png\",\"datePublished\":\"2022-11-30T17:00:27+00:00\",\"dateModified\":\"2026-04-06T22:30:29+00:00\",\"breadcrumb\":{\"@id\":\"https:\\\/\\\/aliancaevangelica.pt\\\/site\\\/evangelicos-em-portugal-segundo-o-censos-2021\\\/#breadcrumb\"},\"inLanguage\":\"pt-PT\",\"potentialAction\":[{\"@type\":\"ReadAction\",\"target\":[\"https:\\\/\\\/aliancaevangelica.pt\\\/site\\\/evangelicos-em-portugal-segundo-o-censos-2021\\\/\"]}]},{\"@type\":\"ImageObject\",\"inLanguage\":\"pt-PT\",\"@id\":\"https:\\\/\\\/aliancaevangelica.pt\\\/site\\\/evangelicos-em-portugal-segundo-o-censos-2021\\\/#primaryimage\",\"url\":\"https:\\\/\\\/aliancaevangelica.pt\\\/site\\\/wp-content\\\/uploads\\\/2021\\\/04\\\/Captura-de-ecra\u0303-2021-04-16-a\u0300s-15.56.32.png\",\"contentUrl\":\"https:\\\/\\\/aliancaevangelica.pt\\\/site\\\/wp-content\\\/uploads\\\/2021\\\/04\\\/Captura-de-ecra\u0303-2021-04-16-a\u0300s-15.56.32.png\",\"width\":625,\"height\":757},{\"@type\":\"BreadcrumbList\",\"@id\":\"https:\\\/\\\/aliancaevangelica.pt\\\/site\\\/evangelicos-em-portugal-segundo-o-censos-2021\\\/#breadcrumb\",\"itemListElement\":[{\"@type\":\"ListItem\",\"position\":1,\"name\":\"In\u00edcio\",\"item\":\"https:\\\/\\\/aliancaevangelica.pt\\\/site\\\/\"},{\"@type\":\"ListItem\",\"position\":2,\"name\":\"Evang\u00e9licos em Portugal Segundo o Censos 2021\"}]},{\"@type\":\"WebSite\",\"@id\":\"https:\\\/\\\/aliancaevangelica.pt\\\/site\\\/#website\",\"url\":\"https:\\\/\\\/aliancaevangelica.pt\\\/site\\\/\",\"name\":\"Alian\u00e7a Evang\u00e9lica Portuguesa\",\"description\":\"Alian\u00e7a Evang\u00e9lica Portuguesa\",\"publisher\":{\"@id\":\"https:\\\/\\\/aliancaevangelica.pt\\\/site\\\/#organization\"},\"potentialAction\":[{\"@type\":\"SearchAction\",\"target\":{\"@type\":\"EntryPoint\",\"urlTemplate\":\"https:\\\/\\\/aliancaevangelica.pt\\\/site\\\/?s={search_term_string}\"},\"query-input\":{\"@type\":\"PropertyValueSpecification\",\"valueRequired\":true,\"valueName\":\"search_term_string\"}}],\"inLanguage\":\"pt-PT\"},{\"@type\":\"Organization\",\"@id\":\"https:\\\/\\\/aliancaevangelica.pt\\\/site\\\/#organization\",\"name\":\"Alian\u00e7a Evang\u00e9lica Portuguesa\",\"url\":\"https:\\\/\\\/aliancaevangelica.pt\\\/site\\\/\",\"logo\":{\"@type\":\"ImageObject\",\"inLanguage\":\"pt-PT\",\"@id\":\"https:\\\/\\\/aliancaevangelica.pt\\\/site\\\/#\\\/schema\\\/logo\\\/image\\\/\",\"url\":\"https:\\\/\\\/aliancaevangelica.pt\\\/site\\\/wp-content\\\/uploads\\\/2017\\\/11\\\/logo-AEP-cor.png\",\"contentUrl\":\"https:\\\/\\\/aliancaevangelica.pt\\\/site\\\/wp-content\\\/uploads\\\/2017\\\/11\\\/logo-AEP-cor.png\",\"width\":1156,\"height\":672,\"caption\":\"Alian\u00e7a Evang\u00e9lica Portuguesa\"},\"image\":{\"@id\":\"https:\\\/\\\/aliancaevangelica.pt\\\/site\\\/#\\\/schema\\\/logo\\\/image\\\/\"},\"sameAs\":[\"http:\\\/\\\/facebook.com\\\/aeportuguesa\",\"http:\\\/\\\/instagram.com\\\/aliancaep\",\"http:\\\/\\\/youtube.com\\\/aeportuguesa\"]},{\"@type\":\"Person\",\"@id\":\"https:\\\/\\\/aliancaevangelica.pt\\\/site\\\/#\\\/schema\\\/person\\\/3b47cfc7535eff1e820f31c2d67eafcf\",\"name\":\"AEP\",\"sameAs\":[\"aeportugal\"],\"url\":\"https:\\\/\\\/aliancaevangelica.pt\\\/site\\\/author\\\/aeportugal\\\/\"}]}<\/script>\n<!-- \/ Yoast SEO plugin. -->","yoast_head_json":{"title":"Evang\u00e9licos em Portugal Segundo o Censos 2021 - AEP","robots":{"index":"index","follow":"follow","max-snippet":"max-snippet:-1","max-image-preview":"max-image-preview:large","max-video-preview":"max-video-preview:-1"},"canonical":"https:\/\/aliancaevangelica.pt\/site\/evangelicos-em-portugal-segundo-o-censos-2021\/","og_locale":"pt_PT","og_type":"article","og_title":"Evang\u00e9licos em Portugal Segundo o Censos 2021 - AEP","og_description":"De acordo com os dados recentemente divulgados referentes ao inqu\u00e9rito nacional \u201cCensos 2021\u201d, dos residentes em Portugal com 15 e mais anos de idade, que voluntariamente responderam \u00e0 pergunta sobre a sua perten\u00e7a religiosa, 186832 afirmaram ser protestantes\/evang\u00e9licos (2,13% dos respondentes). Uma parte significativa destes cidad\u00e3os integram igrejas e comunidades religiosas que est\u00e3o filiadas na","og_url":"https:\/\/aliancaevangelica.pt\/site\/evangelicos-em-portugal-segundo-o-censos-2021\/","og_site_name":"AEP","article_publisher":"http:\/\/facebook.com\/aeportuguesa","article_author":"aeportugal","article_published_time":"2022-11-30T17:00:27+00:00","article_modified_time":"2026-04-06T22:30:29+00:00","og_image":[{"width":625,"height":757,"url":"https:\/\/aliancaevangelica.pt\/site\/wp-content\/uploads\/2021\/04\/Captura-de-ecra\u0303-2021-04-16-a\u0300s-15.56.32.png","type":"image\/png"}],"author":"AEP","twitter_card":"summary_large_image","twitter_misc":{"Escrito por":"AEP","Tempo estimado de leitura":"2 minutos"},"schema":{"@context":"https:\/\/schema.org","@graph":[{"@type":"Article","@id":"https:\/\/aliancaevangelica.pt\/site\/evangelicos-em-portugal-segundo-o-censos-2021\/#article","isPartOf":{"@id":"https:\/\/aliancaevangelica.pt\/site\/evangelicos-em-portugal-segundo-o-censos-2021\/"},"author":{"name":"AEP","@id":"https:\/\/aliancaevangelica.pt\/site\/#\/schema\/person\/3b47cfc7535eff1e820f31c2d67eafcf"},"headline":"Evang\u00e9licos em Portugal Segundo o Censos 2021","datePublished":"2022-11-30T17:00:27+00:00","dateModified":"2026-04-06T22:30:29+00:00","mainEntityOfPage":{"@id":"https:\/\/aliancaevangelica.pt\/site\/evangelicos-em-portugal-segundo-o-censos-2021\/"},"wordCount":466,"commentCount":0,"publisher":{"@id":"https:\/\/aliancaevangelica.pt\/site\/#organization"},"image":{"@id":"https:\/\/aliancaevangelica.pt\/site\/evangelicos-em-portugal-segundo-o-censos-2021\/#primaryimage"},"thumbnailUrl":"https:\/\/aliancaevangelica.pt\/site\/wp-content\/uploads\/2021\/04\/Captura-de-ecra\u0303-2021-04-16-a\u0300s-15.56.32.png","keywords":["Not\u00edcias"],"articleSection":["1-Geral","2-Artigos Gerais"],"inLanguage":"pt-PT","potentialAction":[{"@type":"CommentAction","name":"Comment","target":["https:\/\/aliancaevangelica.pt\/site\/evangelicos-em-portugal-segundo-o-censos-2021\/#respond"]}]},{"@type":"WebPage","@id":"https:\/\/aliancaevangelica.pt\/site\/evangelicos-em-portugal-segundo-o-censos-2021\/","url":"https:\/\/aliancaevangelica.pt\/site\/evangelicos-em-portugal-segundo-o-censos-2021\/","name":"Evang\u00e9licos em Portugal Segundo o Censos 2021 - AEP","isPartOf":{"@id":"https:\/\/aliancaevangelica.pt\/site\/#website"},"primaryImageOfPage":{"@id":"https:\/\/aliancaevangelica.pt\/site\/evangelicos-em-portugal-segundo-o-censos-2021\/#primaryimage"},"image":{"@id":"https:\/\/aliancaevangelica.pt\/site\/evangelicos-em-portugal-segundo-o-censos-2021\/#primaryimage"},"thumbnailUrl":"https:\/\/aliancaevangelica.pt\/site\/wp-content\/uploads\/2021\/04\/Captura-de-ecra\u0303-2021-04-16-a\u0300s-15.56.32.png","datePublished":"2022-11-30T17:00:27+00:00","dateModified":"2026-04-06T22:30:29+00:00","breadcrumb":{"@id":"https:\/\/aliancaevangelica.pt\/site\/evangelicos-em-portugal-segundo-o-censos-2021\/#breadcrumb"},"inLanguage":"pt-PT","potentialAction":[{"@type":"ReadAction","target":["https:\/\/aliancaevangelica.pt\/site\/evangelicos-em-portugal-segundo-o-censos-2021\/"]}]},{"@type":"ImageObject","inLanguage":"pt-PT","@id":"https:\/\/aliancaevangelica.pt\/site\/evangelicos-em-portugal-segundo-o-censos-2021\/#primaryimage","url":"https:\/\/aliancaevangelica.pt\/site\/wp-content\/uploads\/2021\/04\/Captura-de-ecra\u0303-2021-04-16-a\u0300s-15.56.32.png","contentUrl":"https:\/\/aliancaevangelica.pt\/site\/wp-content\/uploads\/2021\/04\/Captura-de-ecra\u0303-2021-04-16-a\u0300s-15.56.32.png","width":625,"height":757},{"@type":"BreadcrumbList","@id":"https:\/\/aliancaevangelica.pt\/site\/evangelicos-em-portugal-segundo-o-censos-2021\/#breadcrumb","itemListElement":[{"@type":"ListItem","position":1,"name":"In\u00edcio","item":"https:\/\/aliancaevangelica.pt\/site\/"},{"@type":"ListItem","position":2,"name":"Evang\u00e9licos em Portugal Segundo o Censos 2021"}]},{"@type":"WebSite","@id":"https:\/\/aliancaevangelica.pt\/site\/#website","url":"https:\/\/aliancaevangelica.pt\/site\/","name":"Alian\u00e7a Evang\u00e9lica Portuguesa","description":"Alian\u00e7a Evang\u00e9lica Portuguesa","publisher":{"@id":"https:\/\/aliancaevangelica.pt\/site\/#organization"},"potentialAction":[{"@type":"SearchAction","target":{"@type":"EntryPoint","urlTemplate":"https:\/\/aliancaevangelica.pt\/site\/?s={search_term_string}"},"query-input":{"@type":"PropertyValueSpecification","valueRequired":true,"valueName":"search_term_string"}}],"inLanguage":"pt-PT"},{"@type":"Organization","@id":"https:\/\/aliancaevangelica.pt\/site\/#organization","name":"Alian\u00e7a Evang\u00e9lica Portuguesa","url":"https:\/\/aliancaevangelica.pt\/site\/","logo":{"@type":"ImageObject","inLanguage":"pt-PT","@id":"https:\/\/aliancaevangelica.pt\/site\/#\/schema\/logo\/image\/","url":"https:\/\/aliancaevangelica.pt\/site\/wp-content\/uploads\/2017\/11\/logo-AEP-cor.png","contentUrl":"https:\/\/aliancaevangelica.pt\/site\/wp-content\/uploads\/2017\/11\/logo-AEP-cor.png","width":1156,"height":672,"caption":"Alian\u00e7a Evang\u00e9lica Portuguesa"},"image":{"@id":"https:\/\/aliancaevangelica.pt\/site\/#\/schema\/logo\/image\/"},"sameAs":["http:\/\/facebook.com\/aeportuguesa","http:\/\/instagram.com\/aliancaep","http:\/\/youtube.com\/aeportuguesa"]},{"@type":"Person","@id":"https:\/\/aliancaevangelica.pt\/site\/#\/schema\/person\/3b47cfc7535eff1e820f31c2d67eafcf","name":"AEP","sameAs":["aeportugal"],"url":"https:\/\/aliancaevangelica.pt\/site\/author\/aeportugal\/"}]}},"uagb_featured_image_src":{"full":["https:\/\/aliancaevangelica.pt\/site\/wp-content\/uploads\/2021\/04\/Captura-de-ecra\u0303-2021-04-16-a\u0300s-15.56.32.png",625,757,false],"thumbnail":["https:\/\/aliancaevangelica.pt\/site\/wp-content\/uploads\/2021\/04\/Captura-de-ecra\u0303-2021-04-16-a\u0300s-15.56.32-150x150.png",150,150,true],"medium":["https:\/\/aliancaevangelica.pt\/site\/wp-content\/uploads\/2021\/04\/Captura-de-ecra\u0303-2021-04-16-a\u0300s-15.56.32-248x300.png",248,300,true],"medium_large":["https:\/\/aliancaevangelica.pt\/site\/wp-content\/uploads\/2021\/04\/Captura-de-ecra\u0303-2021-04-16-a\u0300s-15.56.32.png",625,757,false],"large":["https:\/\/aliancaevangelica.pt\/site\/wp-content\/uploads\/2021\/04\/Captura-de-ecra\u0303-2021-04-16-a\u0300s-15.56.32.png",625,757,false],"1536x1536":["https:\/\/aliancaevangelica.pt\/site\/wp-content\/uploads\/2021\/04\/Captura-de-ecra\u0303-2021-04-16-a\u0300s-15.56.32.png",625,757,false],"2048x2048":["https:\/\/aliancaevangelica.pt\/site\/wp-content\/uploads\/2021\/04\/Captura-de-ecra\u0303-2021-04-16-a\u0300s-15.56.32.png",625,757,false],"vp_sm":["https:\/\/aliancaevangelica.pt\/site\/wp-content\/uploads\/2021\/04\/Captura-de-ecra\u0303-2021-04-16-a\u0300s-15.56.32.png",500,606,false],"vp_md":["https:\/\/aliancaevangelica.pt\/site\/wp-content\/uploads\/2021\/04\/Captura-de-ecra\u0303-2021-04-16-a\u0300s-15.56.32.png",625,757,false],"vp_lg":["https:\/\/aliancaevangelica.pt\/site\/wp-content\/uploads\/2021\/04\/Captura-de-ecra\u0303-2021-04-16-a\u0300s-15.56.32.png",625,757,false],"vp_xl":["https:\/\/aliancaevangelica.pt\/site\/wp-content\/uploads\/2021\/04\/Captura-de-ecra\u0303-2021-04-16-a\u0300s-15.56.32.png",625,757,false],"vp_sm_popup":["https:\/\/aliancaevangelica.pt\/site\/wp-content\/uploads\/2021\/04\/Captura-de-ecra\u0303-2021-04-16-a\u0300s-15.56.32.png",500,606,false],"vp_md_popup":["https:\/\/aliancaevangelica.pt\/site\/wp-content\/uploads\/2021\/04\/Captura-de-ecra\u0303-2021-04-16-a\u0300s-15.56.32.png",625,757,false],"vp_xl_popup":["https:\/\/aliancaevangelica.pt\/site\/wp-content\/uploads\/2021\/04\/Captura-de-ecra\u0303-2021-04-16-a\u0300s-15.56.32.png",625,757,false],"newsx-150x100":["https:\/\/aliancaevangelica.pt\/site\/wp-content\/uploads\/2021\/04\/Captura-de-ecra\u0303-2021-04-16-a\u0300s-15.56.32.png",83,100,false],"newsx-330x220":["https:\/\/aliancaevangelica.pt\/site\/wp-content\/uploads\/2021\/04\/Captura-de-ecra\u0303-2021-04-16-a\u0300s-15.56.32.png",182,220,false],"newsx-420x280":["https:\/\/aliancaevangelica.pt\/site\/wp-content\/uploads\/2021\/04\/Captura-de-ecra\u0303-2021-04-16-a\u0300s-15.56.32.png",231,280,false],"newsx-510x340":["https:\/\/aliancaevangelica.pt\/site\/wp-content\/uploads\/2021\/04\/Captura-de-ecra\u0303-2021-04-16-a\u0300s-15.56.32.png",281,340,false],"newsx-640x480":["https:\/\/aliancaevangelica.pt\/site\/wp-content\/uploads\/2021\/04\/Captura-de-ecra\u0303-2021-04-16-a\u0300s-15.56.32.png",396,480,false],"newsx-670x370":["https:\/\/aliancaevangelica.pt\/site\/wp-content\/uploads\/2021\/04\/Captura-de-ecra\u0303-2021-04-16-a\u0300s-15.56.32.png",305,370,false],"newsx-860x570":["https:\/\/aliancaevangelica.pt\/site\/wp-content\/uploads\/2021\/04\/Captura-de-ecra\u0303-2021-04-16-a\u0300s-15.56.32.png",471,570,false],"newsx-1000x750":["https:\/\/aliancaevangelica.pt\/site\/wp-content\/uploads\/2021\/04\/Captura-de-ecra\u0303-2021-04-16-a\u0300s-15.56.32.png",619,750,false],"newsx-1200x600":["https:\/\/aliancaevangelica.pt\/site\/wp-content\/uploads\/2021\/04\/Captura-de-ecra\u0303-2021-04-16-a\u0300s-15.56.32.png",495,600,false]},"uagb_author_info":{"display_name":"AEP","author_link":"https:\/\/aliancaevangelica.pt\/site\/author\/aeportugal\/"},"uagb_comment_info":0,"uagb_excerpt":"De acordo com os dados recentemente divulgados referentes ao inqu\u00e9rito nacional \u201cCensos 2021\u201d, dos residentes em Portugal com 15 e mais anos de idade, que voluntariamente responderam \u00e0 pergunta sobre a sua perten\u00e7a religiosa, 186832 afirmaram ser protestantes\/evang\u00e9licos (2,13% dos respondentes). Uma parte significativa destes cidad\u00e3os integram igrejas e comunidades religiosas que est\u00e3o filiadas na","_links":{"self":[{"href":"https:\/\/aliancaevangelica.pt\/site\/wp-json\/wp\/v2\/posts\/19905","targetHints":{"allow":["GET"]}}],"collection":[{"href":"https:\/\/aliancaevangelica.pt\/site\/wp-json\/wp\/v2\/posts"}],"about":[{"href":"https:\/\/aliancaevangelica.pt\/site\/wp-json\/wp\/v2\/types\/post"}],"author":[{"embeddable":true,"href":"https:\/\/aliancaevangelica.pt\/site\/wp-json\/wp\/v2\/users\/2"}],"replies":[{"embeddable":true,"href":"https:\/\/aliancaevangelica.pt\/site\/wp-json\/wp\/v2\/comments?post=19905"}],"version-history":[{"count":2,"href":"https:\/\/aliancaevangelica.pt\/site\/wp-json\/wp\/v2\/posts\/19905\/revisions"}],"predecessor-version":[{"id":22272,"href":"https:\/\/aliancaevangelica.pt\/site\/wp-json\/wp\/v2\/posts\/19905\/revisions\/22272"}],"wp:featuredmedia":[{"embeddable":true,"href":"https:\/\/aliancaevangelica.pt\/site\/wp-json\/wp\/v2\/media\/18913"}],"wp:attachment":[{"href":"https:\/\/aliancaevangelica.pt\/site\/wp-json\/wp\/v2\/media?parent=19905"}],"wp:term":[{"taxonomy":"category","embeddable":true,"href":"https:\/\/aliancaevangelica.pt\/site\/wp-json\/wp\/v2\/categories?post=19905"},{"taxonomy":"post_tag","embeddable":true,"href":"https:\/\/aliancaevangelica.pt\/site\/wp-json\/wp\/v2\/tags?post=19905"}],"curies":[{"name":"wp","href":"https:\/\/api.w.org\/{rel}","templated":true}]}}