{"id":19859,"date":"2022-11-18T15:45:39","date_gmt":"2022-11-18T15:45:39","guid":{"rendered":"https:\/\/aliancaevangelica.pt\/site\/?p=19859"},"modified":"2022-11-18T15:45:41","modified_gmt":"2022-11-18T15:45:41","slug":"dissipar-a-solidao","status":"publish","type":"post","link":"https:\/\/aliancaevangelica.pt\/site\/dissipar-a-solidao\/","title":{"rendered":"Dissipar a solid\u00e3o"},"content":{"rendered":"<p class=\"p1\">Era uma pequena aldeia, situada entre duas ribeiras, envolvida por belas paisagens e terrenos f\u00e9rteis, de vinhas, oliveiras e amendoeiras. Contudo, havia uma caracter\u00edstica que a distinguia de todas as outras aldeias portuguesas: tinha apenas um habitante.<\/p>\n<p class=\"p1\">Ao longos dos anos, as fam\u00edlias que ali residiam tinham-se mudando para outras localidades<span class=\"s1\">,<\/span> talvez profissionalmente mais promissoras. Restava apenas aquele homem. Podemos imaginar o seu dia-a-dia? Como seria sair de casa, pela manh\u00e3, e encontrar \u00e0 sua volta um amontoado de casas vazias? N\u00e3o haver com quem conversar ou mesmo pedir ajuda? \u00c0 condi\u00e7\u00e3o dele em Adagoi, assim se chama a aldeia, poderemos chamar solid\u00e3o objectiva, que significa, literalmente, a aus\u00eancia de pessoas. Mais tarde, ele ter\u00e1 decidido ir viver para outra localidade, provavelmente para evitar esse isolamento.<\/p>\n<p class=\"p1\">Este n\u00e3o \u00e9 o tipo de solid\u00e3o mais comum nos dias de hoje. Ou seja, quando algu\u00e9m nos diz que est\u00e1 s\u00f3, tal n\u00e3o significa a inexist\u00eancia de pessoas \u00e0 sua volta. Habitualmente, refere-se a uma outra realidade, a chamada solid\u00e3o sentida. Ou seja, \u00e9 uma solid\u00e3o que se transporta no \u00edntimo, que acompanha a pessoa para onde v\u00e1, independentemente de quem esteja pr\u00f3ximo de si. Por isso, o facto de sermos muitos, num qualquer evento por exemplo, n\u00e3o garante que a sensa\u00e7\u00e3o de solid\u00e3o n\u00e3o esteja presente.<\/p>\n<p class=\"p1\">Uma forma de trabalhar saudavelmente essa condi\u00e7\u00e3o em cada um de n\u00f3s, pode acontecer em duas vertentes: alimentarmo-nos e repartirmos entre n\u00f3s o nosso p\u00e3o.<\/p>\n<p class=\"p1\">Alimente-se<\/p>\n<p class=\"p1\">Aquilo que absorve a nossa aten\u00e7\u00e3o diariamente, e os pensamentos que ruminamos a partir da\u00ed, ditam em grande medida os contornos e a dimens\u00e3o da solid\u00e3o que sentimos. Se estivermos focados naquilo que n\u00e3o \u00e9 alimento, poderemos dar por n\u00f3s emocional e espiritualmente subnutridos e, inevitavelmente, sentirmo-nos s\u00f3s, numa percep\u00e7\u00e3o \u00e1rida e desvalorizante de n\u00f3s mesmos, vivamos s\u00f3s ou acompanhados. Por outro lado, Jesus assegurou-nos alimento di\u00e1rio, ao afirmar: \u201cEu sou o p\u00e3o da vida.\u201d(Jo\u00e3o 6:48, ACF) Jeremias sentiu esse conforto, mesmo no tempo dif\u00edcil que viveu, tendo afirmado at\u00e9 \u201cA minha por\u00e7\u00e3o \u00e9 o Senhor.\u201d (Lam. 3:24, ACF)<\/p>\n<p class=\"p1\">A leitura da B\u00edblia e a ora\u00e7\u00e3o s\u00e3o duas fontes inesgot\u00e1veis de provis\u00e3o. Conversar com algu\u00e9m que nos escuta, aceita e oferece alento, pode ajudar a ultrapassar circunst\u00e2ncias ou recorda\u00e7\u00f5es que se constituam como factores de manuten\u00e7\u00e3o, ou at\u00e9 de agravamento, da solid\u00e3o, no cumprimento do princ\u00edpio b\u00edblico \u201cLevai as cargas uns dos outros e assim cumprireis a lei de Cristo.\u201d (G\u00e1l. 6:2, ACF) Tamb\u00e9m existem recursos de aprendizagem, bons livros, m\u00fasicas que nos elevam, pesquisa de temas que nos edificam, a contempla\u00e7\u00e3o da natureza, em momentos da chamada solitude, que significa estar s\u00f3 e saborear esse momento. Em todas essas circunst\u00e2ncias, Deus pode falar-nos.<\/p>\n<p class=\"p1\">Alimente<\/p>\n<p class=\"p1\">Uma vez nutridos, acabamos por entender que a mesa de Deus \u00e9 abundante e que Ele nos d\u00e1 mais do que aquilo que precisamos. Assim, podemos partilhar tranquilamente o nosso p\u00e3o com quem nos cruzamos, em momentos de proximidade, de ouvido atento, sensibilidade, palavras, ac\u00e7\u00f5es de entreajuda.<\/p>\n<p class=\"p1\">Sinto-me muito grata a todas as pessoas que, ao longo da vida, me alimentaram, usadas por Deus, substituindo solid\u00e3o por oportunidade de desenvolvimento pessoal. Assim, deixo aqui a recorda\u00e7\u00e3o de dois momentos desses, como uma homenagem tamb\u00e9m, aos meus queridos e saudosos pais.<\/p>\n<p class=\"p1\">Duas p\u00e9rolas preciosas<\/p>\n<p class=\"p1\">Numa das \u00faltimas vezes em que convers\u00e1mos, o meu pai ofereceu-me um vers\u00edculo b\u00edblico. Ao longo da vida, ofereceu-me muitos, mas este teve um sabor especial, por ser o \u00faltimo e por definir um precioso princ\u00edpio de vida. Disse-me que aquela passagem b\u00edblica era para mim e referiu-a: \u201cE dizei a Arquipo: Atenta para o minist\u00e9rio que recebeste no Senhor, para que o cumpras.\u201d Colossenses 4:17. E guardo-o preciosamente, substituindo o nome Arquipo por Bertina\u2026<\/p>\n<p class=\"p1\">A minha m\u00e3e tinha uma voz lind\u00edssima. Muitas vezes cantou para programas de r\u00e1dio, a ent\u00e3o Ibra R\u00e1dio, e em eventos evang\u00e9licos, tendo chegado a gravar uma cassete de hinos, como se usava na altura. Recordo-me bem da \u00faltima vez em que a ouvi cantar. Cantou para mim, pouco tempo antes de partir para a eternidade. Est\u00e1vamos a conversar a prop\u00f3sito de alguns planos para a minha vida, sobre os quais eu n\u00e3o tinha a certeza, e cantou: \u201cOne day at a time, sweet Jesus\u2026\u201d Foi apenas a parte inicial deste belo hino, o que lhe permitia a sua sa\u00fade j\u00e1 fr\u00e1gil, e eu entendi a mensagem.<\/p>\n<p class=\"p1\">Sim, queridos pais, guardo comigo o vosso conselho conjunto: atentar no minist\u00e9rio que o Senhor me deu, para o cumprir, mas lembrando-me sempre que \u00e9 um dia de cada vez!<\/p>\n<p class=\"p1\">Hoje mesmo<\/p>\n<p class=\"p1\">Se tem lamentado a solid\u00e3o que sente, resista \u00e0 tenta\u00e7\u00e3o f\u00e1cil de ficar \u00e0 espera que algu\u00e9m o(a) venha alimentar e angustiar-se por isso n\u00e3o estar a suceder como desejaria, pois esse apoio nem sempre est\u00e1 garantido. Comece por pensar em formas de se alimentar afectiva, mental e espiritualmente. Existem muitas oportunidades, como referi, providenciadas por um Deus que tem prazer em alimentar-nos, e que ser\u00e3o provis\u00e3o, \u00e1gua fresca, mel, cura para feridas, vida.<\/p>\n<p class=\"p1\">Uma vez mais bem nutrido(a), ir\u00e1 sentir-se mais motivado(a) a tomar a iniciativa de se aproximar de outras pessoas e partilhar o seu p\u00e3o. Outros ir\u00e3o aliment\u00e1-lo(a), usados por Deus. E, naturalmente, a solid\u00e3o se ir\u00e1 dissipando.<\/p>\n<p class=\"p1\">\u201cQuando a ansiedade j\u00e1 me dominava no \u00edntimo, o teu consolo trouxe al\u00edvio \u00e0 minha alma.\u201d Salmo 94:19 (NVI)<\/p>\n<p class=\"p1\"><span style=\"font-size: inherit;\">[movedo_single_image image=&#8221;19763&#8243; animation=&#8221;grve-zoom-in&#8221;]<\/span><\/p>\n<p class=\"p1\">Bertina Coias Tom\u00e9<\/p>\n<p class=\"p1\">Psic\u00f3loga<\/p>\n<p class=\"p1\">Especialista em Psicologia Cl\u00ednica e da Sa\u00fade e em Psicologia Comunit\u00e1ria<\/p>\n","protected":false},"excerpt":{"rendered":"<p>Era uma pequena aldeia, situada entre duas ribeiras, envolvida por belas paisagens e terrenos f\u00e9rteis, de vinhas, oliveiras e amendoeiras. Contudo, havia uma caracter\u00edstica que a distinguia de todas as outras aldeias portuguesas: tinha apenas um habitante. Ao longos dos anos, as fam\u00edlias que ali residiam tinham-se mudando para outras localidades, talvez profissionalmente mais promissoras.<\/p>\n","protected":false},"author":2,"featured_media":19860,"comment_status":"open","ping_status":"open","sticky":false,"template":"","format":"standard","meta":{"_uag_custom_page_level_css":"","_themeisle_gutenberg_block_has_review":false,"_vp_format_video_url":"","_vp_image_focal_point":[],"footnotes":""},"categories":[45,47],"tags":[],"class_list":["post-19859","post","type-post","status-publish","format-standard","has-post-thumbnail","hentry","category-geral","category-mulheres"],"yoast_head":"<!-- This site is optimized with the Yoast SEO plugin v27.5 - https:\/\/yoast.com\/product\/yoast-seo-wordpress\/ -->\n<title>Dissipar a solid\u00e3o - AEP<\/title>\n<meta name=\"robots\" content=\"index, follow, max-snippet:-1, max-image-preview:large, max-video-preview:-1\" \/>\n<link rel=\"canonical\" href=\"https:\/\/aliancaevangelica.pt\/site\/dissipar-a-solidao\/\" \/>\n<meta property=\"og:locale\" content=\"pt_PT\" \/>\n<meta property=\"og:type\" content=\"article\" \/>\n<meta property=\"og:title\" content=\"Dissipar a solid\u00e3o - AEP\" \/>\n<meta property=\"og:description\" content=\"Era uma pequena aldeia, situada entre duas ribeiras, envolvida por belas paisagens e terrenos f\u00e9rteis, de vinhas, oliveiras e amendoeiras. Contudo, havia uma caracter\u00edstica que a distinguia de todas as outras aldeias portuguesas: tinha apenas um habitante. Ao longos dos anos, as fam\u00edlias que ali residiam tinham-se mudando para outras localidades, talvez profissionalmente mais promissoras.\" \/>\n<meta property=\"og:url\" content=\"https:\/\/aliancaevangelica.pt\/site\/dissipar-a-solidao\/\" \/>\n<meta property=\"og:site_name\" content=\"AEP\" \/>\n<meta property=\"article:publisher\" content=\"http:\/\/facebook.com\/aeportuguesa\" \/>\n<meta property=\"article:author\" content=\"aeportugal\" \/>\n<meta property=\"article:published_time\" content=\"2022-11-18T15:45:39+00:00\" \/>\n<meta property=\"article:modified_time\" content=\"2022-11-18T15:45:41+00:00\" \/>\n<meta property=\"og:image\" content=\"https:\/\/aliancaevangelica.pt\/site\/wp-content\/uploads\/2022\/11\/Captura-de-ecra\u0303-2022-11-18-a\u0300s-15.45.13.png\" \/>\n\t<meta property=\"og:image:width\" content=\"1048\" \/>\n\t<meta property=\"og:image:height\" content=\"862\" \/>\n\t<meta property=\"og:image:type\" content=\"image\/png\" \/>\n<meta name=\"author\" content=\"AEP\" \/>\n<meta name=\"twitter:card\" content=\"summary_large_image\" \/>\n<meta name=\"twitter:label1\" content=\"Escrito por\" \/>\n\t<meta name=\"twitter:data1\" content=\"AEP\" \/>\n\t<meta name=\"twitter:label2\" content=\"Tempo estimado de leitura\" \/>\n\t<meta name=\"twitter:data2\" content=\"5 minutos\" \/>\n<script type=\"application\/ld+json\" class=\"yoast-schema-graph\">{\"@context\":\"https:\\\/\\\/schema.org\",\"@graph\":[{\"@type\":\"Article\",\"@id\":\"https:\\\/\\\/aliancaevangelica.pt\\\/site\\\/dissipar-a-solidao\\\/#article\",\"isPartOf\":{\"@id\":\"https:\\\/\\\/aliancaevangelica.pt\\\/site\\\/dissipar-a-solidao\\\/\"},\"author\":{\"name\":\"AEP\",\"@id\":\"https:\\\/\\\/aliancaevangelica.pt\\\/site\\\/#\\\/schema\\\/person\\\/3b47cfc7535eff1e820f31c2d67eafcf\"},\"headline\":\"Dissipar a solid\u00e3o\",\"datePublished\":\"2022-11-18T15:45:39+00:00\",\"dateModified\":\"2022-11-18T15:45:41+00:00\",\"mainEntityOfPage\":{\"@id\":\"https:\\\/\\\/aliancaevangelica.pt\\\/site\\\/dissipar-a-solidao\\\/\"},\"wordCount\":989,\"commentCount\":0,\"publisher\":{\"@id\":\"https:\\\/\\\/aliancaevangelica.pt\\\/site\\\/#organization\"},\"image\":{\"@id\":\"https:\\\/\\\/aliancaevangelica.pt\\\/site\\\/dissipar-a-solidao\\\/#primaryimage\"},\"thumbnailUrl\":\"https:\\\/\\\/aliancaevangelica.pt\\\/site\\\/wp-content\\\/uploads\\\/2022\\\/11\\\/Captura-de-ecra\u0303-2022-11-18-a\u0300s-15.45.13.png\",\"articleSection\":[\"1-Geral\",\"Mulheres\"],\"inLanguage\":\"pt-PT\",\"potentialAction\":[{\"@type\":\"CommentAction\",\"name\":\"Comment\",\"target\":[\"https:\\\/\\\/aliancaevangelica.pt\\\/site\\\/dissipar-a-solidao\\\/#respond\"]}]},{\"@type\":\"WebPage\",\"@id\":\"https:\\\/\\\/aliancaevangelica.pt\\\/site\\\/dissipar-a-solidao\\\/\",\"url\":\"https:\\\/\\\/aliancaevangelica.pt\\\/site\\\/dissipar-a-solidao\\\/\",\"name\":\"Dissipar a solid\u00e3o - AEP\",\"isPartOf\":{\"@id\":\"https:\\\/\\\/aliancaevangelica.pt\\\/site\\\/#website\"},\"primaryImageOfPage\":{\"@id\":\"https:\\\/\\\/aliancaevangelica.pt\\\/site\\\/dissipar-a-solidao\\\/#primaryimage\"},\"image\":{\"@id\":\"https:\\\/\\\/aliancaevangelica.pt\\\/site\\\/dissipar-a-solidao\\\/#primaryimage\"},\"thumbnailUrl\":\"https:\\\/\\\/aliancaevangelica.pt\\\/site\\\/wp-content\\\/uploads\\\/2022\\\/11\\\/Captura-de-ecra\u0303-2022-11-18-a\u0300s-15.45.13.png\",\"datePublished\":\"2022-11-18T15:45:39+00:00\",\"dateModified\":\"2022-11-18T15:45:41+00:00\",\"breadcrumb\":{\"@id\":\"https:\\\/\\\/aliancaevangelica.pt\\\/site\\\/dissipar-a-solidao\\\/#breadcrumb\"},\"inLanguage\":\"pt-PT\",\"potentialAction\":[{\"@type\":\"ReadAction\",\"target\":[\"https:\\\/\\\/aliancaevangelica.pt\\\/site\\\/dissipar-a-solidao\\\/\"]}]},{\"@type\":\"ImageObject\",\"inLanguage\":\"pt-PT\",\"@id\":\"https:\\\/\\\/aliancaevangelica.pt\\\/site\\\/dissipar-a-solidao\\\/#primaryimage\",\"url\":\"https:\\\/\\\/aliancaevangelica.pt\\\/site\\\/wp-content\\\/uploads\\\/2022\\\/11\\\/Captura-de-ecra\u0303-2022-11-18-a\u0300s-15.45.13.png\",\"contentUrl\":\"https:\\\/\\\/aliancaevangelica.pt\\\/site\\\/wp-content\\\/uploads\\\/2022\\\/11\\\/Captura-de-ecra\u0303-2022-11-18-a\u0300s-15.45.13.png\",\"width\":1048,\"height\":862},{\"@type\":\"BreadcrumbList\",\"@id\":\"https:\\\/\\\/aliancaevangelica.pt\\\/site\\\/dissipar-a-solidao\\\/#breadcrumb\",\"itemListElement\":[{\"@type\":\"ListItem\",\"position\":1,\"name\":\"In\u00edcio\",\"item\":\"https:\\\/\\\/aliancaevangelica.pt\\\/site\\\/\"},{\"@type\":\"ListItem\",\"position\":2,\"name\":\"Dissipar a solid\u00e3o\"}]},{\"@type\":\"WebSite\",\"@id\":\"https:\\\/\\\/aliancaevangelica.pt\\\/site\\\/#website\",\"url\":\"https:\\\/\\\/aliancaevangelica.pt\\\/site\\\/\",\"name\":\"Alian\u00e7a Evang\u00e9lica Portuguesa\",\"description\":\"Alian\u00e7a Evang\u00e9lica Portuguesa\",\"publisher\":{\"@id\":\"https:\\\/\\\/aliancaevangelica.pt\\\/site\\\/#organization\"},\"potentialAction\":[{\"@type\":\"SearchAction\",\"target\":{\"@type\":\"EntryPoint\",\"urlTemplate\":\"https:\\\/\\\/aliancaevangelica.pt\\\/site\\\/?s={search_term_string}\"},\"query-input\":{\"@type\":\"PropertyValueSpecification\",\"valueRequired\":true,\"valueName\":\"search_term_string\"}}],\"inLanguage\":\"pt-PT\"},{\"@type\":\"Organization\",\"@id\":\"https:\\\/\\\/aliancaevangelica.pt\\\/site\\\/#organization\",\"name\":\"Alian\u00e7a Evang\u00e9lica Portuguesa\",\"url\":\"https:\\\/\\\/aliancaevangelica.pt\\\/site\\\/\",\"logo\":{\"@type\":\"ImageObject\",\"inLanguage\":\"pt-PT\",\"@id\":\"https:\\\/\\\/aliancaevangelica.pt\\\/site\\\/#\\\/schema\\\/logo\\\/image\\\/\",\"url\":\"https:\\\/\\\/aliancaevangelica.pt\\\/site\\\/wp-content\\\/uploads\\\/2017\\\/11\\\/logo-AEP-cor.png\",\"contentUrl\":\"https:\\\/\\\/aliancaevangelica.pt\\\/site\\\/wp-content\\\/uploads\\\/2017\\\/11\\\/logo-AEP-cor.png\",\"width\":1156,\"height\":672,\"caption\":\"Alian\u00e7a Evang\u00e9lica Portuguesa\"},\"image\":{\"@id\":\"https:\\\/\\\/aliancaevangelica.pt\\\/site\\\/#\\\/schema\\\/logo\\\/image\\\/\"},\"sameAs\":[\"http:\\\/\\\/facebook.com\\\/aeportuguesa\",\"http:\\\/\\\/instagram.com\\\/aliancaep\",\"http:\\\/\\\/youtube.com\\\/aeportuguesa\"]},{\"@type\":\"Person\",\"@id\":\"https:\\\/\\\/aliancaevangelica.pt\\\/site\\\/#\\\/schema\\\/person\\\/3b47cfc7535eff1e820f31c2d67eafcf\",\"name\":\"AEP\",\"sameAs\":[\"aeportugal\"],\"url\":\"https:\\\/\\\/aliancaevangelica.pt\\\/site\\\/author\\\/aeportugal\\\/\"}]}<\/script>\n<!-- \/ Yoast SEO plugin. -->","yoast_head_json":{"title":"Dissipar a solid\u00e3o - AEP","robots":{"index":"index","follow":"follow","max-snippet":"max-snippet:-1","max-image-preview":"max-image-preview:large","max-video-preview":"max-video-preview:-1"},"canonical":"https:\/\/aliancaevangelica.pt\/site\/dissipar-a-solidao\/","og_locale":"pt_PT","og_type":"article","og_title":"Dissipar a solid\u00e3o - AEP","og_description":"Era uma pequena aldeia, situada entre duas ribeiras, envolvida por belas paisagens e terrenos f\u00e9rteis, de vinhas, oliveiras e amendoeiras. Contudo, havia uma caracter\u00edstica que a distinguia de todas as outras aldeias portuguesas: tinha apenas um habitante. Ao longos dos anos, as fam\u00edlias que ali residiam tinham-se mudando para outras localidades, talvez profissionalmente mais promissoras.","og_url":"https:\/\/aliancaevangelica.pt\/site\/dissipar-a-solidao\/","og_site_name":"AEP","article_publisher":"http:\/\/facebook.com\/aeportuguesa","article_author":"aeportugal","article_published_time":"2022-11-18T15:45:39+00:00","article_modified_time":"2022-11-18T15:45:41+00:00","og_image":[{"width":1048,"height":862,"url":"https:\/\/aliancaevangelica.pt\/site\/wp-content\/uploads\/2022\/11\/Captura-de-ecra\u0303-2022-11-18-a\u0300s-15.45.13.png","type":"image\/png"}],"author":"AEP","twitter_card":"summary_large_image","twitter_misc":{"Escrito por":"AEP","Tempo estimado de leitura":"5 minutos"},"schema":{"@context":"https:\/\/schema.org","@graph":[{"@type":"Article","@id":"https:\/\/aliancaevangelica.pt\/site\/dissipar-a-solidao\/#article","isPartOf":{"@id":"https:\/\/aliancaevangelica.pt\/site\/dissipar-a-solidao\/"},"author":{"name":"AEP","@id":"https:\/\/aliancaevangelica.pt\/site\/#\/schema\/person\/3b47cfc7535eff1e820f31c2d67eafcf"},"headline":"Dissipar a solid\u00e3o","datePublished":"2022-11-18T15:45:39+00:00","dateModified":"2022-11-18T15:45:41+00:00","mainEntityOfPage":{"@id":"https:\/\/aliancaevangelica.pt\/site\/dissipar-a-solidao\/"},"wordCount":989,"commentCount":0,"publisher":{"@id":"https:\/\/aliancaevangelica.pt\/site\/#organization"},"image":{"@id":"https:\/\/aliancaevangelica.pt\/site\/dissipar-a-solidao\/#primaryimage"},"thumbnailUrl":"https:\/\/aliancaevangelica.pt\/site\/wp-content\/uploads\/2022\/11\/Captura-de-ecra\u0303-2022-11-18-a\u0300s-15.45.13.png","articleSection":["1-Geral","Mulheres"],"inLanguage":"pt-PT","potentialAction":[{"@type":"CommentAction","name":"Comment","target":["https:\/\/aliancaevangelica.pt\/site\/dissipar-a-solidao\/#respond"]}]},{"@type":"WebPage","@id":"https:\/\/aliancaevangelica.pt\/site\/dissipar-a-solidao\/","url":"https:\/\/aliancaevangelica.pt\/site\/dissipar-a-solidao\/","name":"Dissipar a solid\u00e3o - AEP","isPartOf":{"@id":"https:\/\/aliancaevangelica.pt\/site\/#website"},"primaryImageOfPage":{"@id":"https:\/\/aliancaevangelica.pt\/site\/dissipar-a-solidao\/#primaryimage"},"image":{"@id":"https:\/\/aliancaevangelica.pt\/site\/dissipar-a-solidao\/#primaryimage"},"thumbnailUrl":"https:\/\/aliancaevangelica.pt\/site\/wp-content\/uploads\/2022\/11\/Captura-de-ecra\u0303-2022-11-18-a\u0300s-15.45.13.png","datePublished":"2022-11-18T15:45:39+00:00","dateModified":"2022-11-18T15:45:41+00:00","breadcrumb":{"@id":"https:\/\/aliancaevangelica.pt\/site\/dissipar-a-solidao\/#breadcrumb"},"inLanguage":"pt-PT","potentialAction":[{"@type":"ReadAction","target":["https:\/\/aliancaevangelica.pt\/site\/dissipar-a-solidao\/"]}]},{"@type":"ImageObject","inLanguage":"pt-PT","@id":"https:\/\/aliancaevangelica.pt\/site\/dissipar-a-solidao\/#primaryimage","url":"https:\/\/aliancaevangelica.pt\/site\/wp-content\/uploads\/2022\/11\/Captura-de-ecra\u0303-2022-11-18-a\u0300s-15.45.13.png","contentUrl":"https:\/\/aliancaevangelica.pt\/site\/wp-content\/uploads\/2022\/11\/Captura-de-ecra\u0303-2022-11-18-a\u0300s-15.45.13.png","width":1048,"height":862},{"@type":"BreadcrumbList","@id":"https:\/\/aliancaevangelica.pt\/site\/dissipar-a-solidao\/#breadcrumb","itemListElement":[{"@type":"ListItem","position":1,"name":"In\u00edcio","item":"https:\/\/aliancaevangelica.pt\/site\/"},{"@type":"ListItem","position":2,"name":"Dissipar a solid\u00e3o"}]},{"@type":"WebSite","@id":"https:\/\/aliancaevangelica.pt\/site\/#website","url":"https:\/\/aliancaevangelica.pt\/site\/","name":"Alian\u00e7a Evang\u00e9lica Portuguesa","description":"Alian\u00e7a Evang\u00e9lica Portuguesa","publisher":{"@id":"https:\/\/aliancaevangelica.pt\/site\/#organization"},"potentialAction":[{"@type":"SearchAction","target":{"@type":"EntryPoint","urlTemplate":"https:\/\/aliancaevangelica.pt\/site\/?s={search_term_string}"},"query-input":{"@type":"PropertyValueSpecification","valueRequired":true,"valueName":"search_term_string"}}],"inLanguage":"pt-PT"},{"@type":"Organization","@id":"https:\/\/aliancaevangelica.pt\/site\/#organization","name":"Alian\u00e7a Evang\u00e9lica Portuguesa","url":"https:\/\/aliancaevangelica.pt\/site\/","logo":{"@type":"ImageObject","inLanguage":"pt-PT","@id":"https:\/\/aliancaevangelica.pt\/site\/#\/schema\/logo\/image\/","url":"https:\/\/aliancaevangelica.pt\/site\/wp-content\/uploads\/2017\/11\/logo-AEP-cor.png","contentUrl":"https:\/\/aliancaevangelica.pt\/site\/wp-content\/uploads\/2017\/11\/logo-AEP-cor.png","width":1156,"height":672,"caption":"Alian\u00e7a Evang\u00e9lica Portuguesa"},"image":{"@id":"https:\/\/aliancaevangelica.pt\/site\/#\/schema\/logo\/image\/"},"sameAs":["http:\/\/facebook.com\/aeportuguesa","http:\/\/instagram.com\/aliancaep","http:\/\/youtube.com\/aeportuguesa"]},{"@type":"Person","@id":"https:\/\/aliancaevangelica.pt\/site\/#\/schema\/person\/3b47cfc7535eff1e820f31c2d67eafcf","name":"AEP","sameAs":["aeportugal"],"url":"https:\/\/aliancaevangelica.pt\/site\/author\/aeportugal\/"}]}},"uagb_featured_image_src":{"full":["https:\/\/aliancaevangelica.pt\/site\/wp-content\/uploads\/2022\/11\/Captura-de-ecra\u0303-2022-11-18-a\u0300s-15.45.13.png",1048,862,false],"thumbnail":["https:\/\/aliancaevangelica.pt\/site\/wp-content\/uploads\/2022\/11\/Captura-de-ecra\u0303-2022-11-18-a\u0300s-15.45.13-150x150.png",150,150,true],"medium":["https:\/\/aliancaevangelica.pt\/site\/wp-content\/uploads\/2022\/11\/Captura-de-ecra\u0303-2022-11-18-a\u0300s-15.45.13-300x247.png",300,247,true],"medium_large":["https:\/\/aliancaevangelica.pt\/site\/wp-content\/uploads\/2022\/11\/Captura-de-ecra\u0303-2022-11-18-a\u0300s-15.45.13-768x632.png",768,632,true],"large":["https:\/\/aliancaevangelica.pt\/site\/wp-content\/uploads\/2022\/11\/Captura-de-ecra\u0303-2022-11-18-a\u0300s-15.45.13-1024x842.png",960,789,true],"1536x1536":["https:\/\/aliancaevangelica.pt\/site\/wp-content\/uploads\/2022\/11\/Captura-de-ecra\u0303-2022-11-18-a\u0300s-15.45.13.png",1048,862,false],"2048x2048":["https:\/\/aliancaevangelica.pt\/site\/wp-content\/uploads\/2022\/11\/Captura-de-ecra\u0303-2022-11-18-a\u0300s-15.45.13.png",1048,862,false],"vp_sm":["https:\/\/aliancaevangelica.pt\/site\/wp-content\/uploads\/2022\/11\/Captura-de-ecra\u0303-2022-11-18-a\u0300s-15.45.13.png",500,411,false],"vp_md":["https:\/\/aliancaevangelica.pt\/site\/wp-content\/uploads\/2022\/11\/Captura-de-ecra\u0303-2022-11-18-a\u0300s-15.45.13.png",800,658,false],"vp_lg":["https:\/\/aliancaevangelica.pt\/site\/wp-content\/uploads\/2022\/11\/Captura-de-ecra\u0303-2022-11-18-a\u0300s-15.45.13.png",1048,862,false],"vp_xl":["https:\/\/aliancaevangelica.pt\/site\/wp-content\/uploads\/2022\/11\/Captura-de-ecra\u0303-2022-11-18-a\u0300s-15.45.13.png",1048,862,false],"vp_sm_popup":["https:\/\/aliancaevangelica.pt\/site\/wp-content\/uploads\/2022\/11\/Captura-de-ecra\u0303-2022-11-18-a\u0300s-15.45.13.png",500,411,false],"vp_md_popup":["https:\/\/aliancaevangelica.pt\/site\/wp-content\/uploads\/2022\/11\/Captura-de-ecra\u0303-2022-11-18-a\u0300s-15.45.13.png",800,658,false],"vp_xl_popup":["https:\/\/aliancaevangelica.pt\/site\/wp-content\/uploads\/2022\/11\/Captura-de-ecra\u0303-2022-11-18-a\u0300s-15.45.13.png",1048,862,false],"newsx-150x100":["https:\/\/aliancaevangelica.pt\/site\/wp-content\/uploads\/2022\/11\/Captura-de-ecra\u0303-2022-11-18-a\u0300s-15.45.13.png",122,100,false],"newsx-330x220":["https:\/\/aliancaevangelica.pt\/site\/wp-content\/uploads\/2022\/11\/Captura-de-ecra\u0303-2022-11-18-a\u0300s-15.45.13.png",267,220,false],"newsx-420x280":["https:\/\/aliancaevangelica.pt\/site\/wp-content\/uploads\/2022\/11\/Captura-de-ecra\u0303-2022-11-18-a\u0300s-15.45.13.png",340,280,false],"newsx-510x340":["https:\/\/aliancaevangelica.pt\/site\/wp-content\/uploads\/2022\/11\/Captura-de-ecra\u0303-2022-11-18-a\u0300s-15.45.13.png",413,340,false],"newsx-640x480":["https:\/\/aliancaevangelica.pt\/site\/wp-content\/uploads\/2022\/11\/Captura-de-ecra\u0303-2022-11-18-a\u0300s-15.45.13.png",584,480,false],"newsx-670x370":["https:\/\/aliancaevangelica.pt\/site\/wp-content\/uploads\/2022\/11\/Captura-de-ecra\u0303-2022-11-18-a\u0300s-15.45.13.png",450,370,false],"newsx-860x570":["https:\/\/aliancaevangelica.pt\/site\/wp-content\/uploads\/2022\/11\/Captura-de-ecra\u0303-2022-11-18-a\u0300s-15.45.13.png",693,570,false],"newsx-1000x750":["https:\/\/aliancaevangelica.pt\/site\/wp-content\/uploads\/2022\/11\/Captura-de-ecra\u0303-2022-11-18-a\u0300s-15.45.13.png",912,750,false],"newsx-1200x600":["https:\/\/aliancaevangelica.pt\/site\/wp-content\/uploads\/2022\/11\/Captura-de-ecra\u0303-2022-11-18-a\u0300s-15.45.13.png",729,600,false]},"uagb_author_info":{"display_name":"AEP","author_link":"https:\/\/aliancaevangelica.pt\/site\/author\/aeportugal\/"},"uagb_comment_info":0,"uagb_excerpt":"Era uma pequena aldeia, situada entre duas ribeiras, envolvida por belas paisagens e terrenos f\u00e9rteis, de vinhas, oliveiras e amendoeiras. Contudo, havia uma caracter\u00edstica que a distinguia de todas as outras aldeias portuguesas: tinha apenas um habitante. Ao longos dos anos, as fam\u00edlias que ali residiam tinham-se mudando para outras localidades, talvez profissionalmente mais promissoras.","_links":{"self":[{"href":"https:\/\/aliancaevangelica.pt\/site\/wp-json\/wp\/v2\/posts\/19859","targetHints":{"allow":["GET"]}}],"collection":[{"href":"https:\/\/aliancaevangelica.pt\/site\/wp-json\/wp\/v2\/posts"}],"about":[{"href":"https:\/\/aliancaevangelica.pt\/site\/wp-json\/wp\/v2\/types\/post"}],"author":[{"embeddable":true,"href":"https:\/\/aliancaevangelica.pt\/site\/wp-json\/wp\/v2\/users\/2"}],"replies":[{"embeddable":true,"href":"https:\/\/aliancaevangelica.pt\/site\/wp-json\/wp\/v2\/comments?post=19859"}],"version-history":[{"count":1,"href":"https:\/\/aliancaevangelica.pt\/site\/wp-json\/wp\/v2\/posts\/19859\/revisions"}],"predecessor-version":[{"id":19861,"href":"https:\/\/aliancaevangelica.pt\/site\/wp-json\/wp\/v2\/posts\/19859\/revisions\/19861"}],"wp:featuredmedia":[{"embeddable":true,"href":"https:\/\/aliancaevangelica.pt\/site\/wp-json\/wp\/v2\/media\/19860"}],"wp:attachment":[{"href":"https:\/\/aliancaevangelica.pt\/site\/wp-json\/wp\/v2\/media?parent=19859"}],"wp:term":[{"taxonomy":"category","embeddable":true,"href":"https:\/\/aliancaevangelica.pt\/site\/wp-json\/wp\/v2\/categories?post=19859"},{"taxonomy":"post_tag","embeddable":true,"href":"https:\/\/aliancaevangelica.pt\/site\/wp-json\/wp\/v2\/tags?post=19859"}],"curies":[{"name":"wp","href":"https:\/\/api.w.org\/{rel}","templated":true}]}}