{"id":19845,"date":"2022-11-07T23:36:22","date_gmt":"2022-11-07T23:36:22","guid":{"rendered":"https:\/\/aliancaevangelica.pt\/site\/?p=19845"},"modified":"2022-11-07T23:36:24","modified_gmt":"2022-11-07T23:36:24","slug":"batem-a-porta-quem-sera","status":"publish","type":"post","link":"https:\/\/aliancaevangelica.pt\/site\/batem-a-porta-quem-sera\/","title":{"rendered":"Batem \u00e0 porta. Quem ser\u00e1?"},"content":{"rendered":"<p class=\"p1\">Tocavam \u00e0 campainha da nossa casa com muita frequ\u00eancia. Eram os nossos amigos, os conhecidos e, tantas vezes, pessoas que precisavam de desabafar os seus problemas e ouvir conselhos e palavras de \u00e2nimo. No seu minist\u00e9rio pastoral os meus pais as recebiam, escutavam, conversavam, disponibilizavam o telefone, enfim, quantas vezes recebiam crian\u00e7as enquanto os pais iam trabalhar, jovens que precisavam de tempo para arranjar casas onde \u201dservir\u201d (como se dizia na \u00e9poca) e, at\u00e9, recordo-me de uma idosa, sem abrigo que se recusava a tomar um bom banho\u2026<\/p>\n<p class=\"p1\">Revisitando esse tempo guardado na mem\u00f3ria, sinto saudades daquela casa.<span class=\"Apple-converted-space\">\u00a0 <\/span>Tinha um corredor comprido ladeado pelos v\u00e1rios quartos onde dorm\u00edamos aos pares (porque oito a dividir por dois d\u00e1 quatro) mais o principal que era dos pais, quase sempre com um ber\u00e7o para mais um beb\u00e9 que chegava \u00e0 fam\u00edlia. Ainda sinto o conforto daquele primeiro andar onde os anos passavam devagar, as f\u00e9rias da escola eram longas, os amigos entravam e sa\u00edam num corrupio para as brincadeiras, para estudarem connosco, e chegada a hora, lanchavam connosco. Havia sempre mais um prato na mesa para um deles ou para quem chegasse de improviso.<\/p>\n<p class=\"p1\">\u2026 Como era poss\u00edvel que, do pouco, ainda houvesse alguma coisa para partilhar al\u00e9m do carinho e compreens\u00e3o para com vidas t\u00e3o sofridas!<\/p>\n<p class=\"p1\">Nesta visita a tempos distantes e preciosos, recordo um fim de tarde, quase noite, em que algu\u00e9m batia \u00e0 porta da rua e tocava \u00e0 campainha ao mesmo tempo, num sinal de afli\u00e7\u00e3o e desespero. Era uma senhora chorando copiosamente, com uma crian\u00e7a pela m\u00e3o. Abra\u00e7ou-se \u00e0 minha m\u00e3e sob o olhar atento e preocupado do meu pai e foi encaminhada para uma sala para conversarem. Fechada a porta, fic\u00e1mos sem saber de que perigo fugia.<\/p>\n<p class=\"p1\">Recordo que m\u00e3e e filha ficaram connosco. A senhora ajudava nas tarefas di\u00e1rias, j\u00e1 n\u00e3o chorava e a pequenita entrou nas nossas brincadeiras. O que a trouxera ali \u201cn\u00e3o era assunto para as crian\u00e7as\u201d. Houve telefonemas, cartas para l\u00e1 e para c\u00e1\u2026<\/p>\n<p class=\"p1\">Quanto tempo passou n\u00e3o sei, mas a nossa curiosidade teve parcial resposta quando, numa tarde igual a tantas outras para mim, a campainha voltou a tocar. \u201cQuem ser\u00e1?\u201d Foi o meu pai quem desceu as escadas para abrir a porta, enquanto o nervosismo da h\u00f3spede inesperada foi bem vis\u00edvel. Era o seu marido que a abra\u00e7ou, em l\u00e1grimas, assim como \u00e0 menina e foram encaminhados, sozinhos,<span class=\"Apple-converted-space\">\u00a0 <\/span>para a mesma sala onde ela estivera no dia da sua chegada. Quando sa\u00edram estavam reconciliados, partindo juntos entre abra\u00e7os tranquilos e sorrisos felizes dos meus pais e o espanto, algo envergonhado, dos que por ali est\u00e1vamos.<\/p>\n<p class=\"p1\">Batem \u00e0 porta! Quem ser\u00e1?<\/p>\n<p class=\"p1\">Regresso ao presente e pergunto-me: quantas vezes batem \u00e0 minha porta!<span class=\"Apple-converted-space\">\u00a0 <\/span>Quem ser\u00e1 e do que necessita? De que forma escuto, abra\u00e7o, ajudo?<\/p>\n<p class=\"p1\">Dirigindo a mesma pergunta aos leitores, ser\u00e1 que disponibilizamos alguma parte do que somos e temos? Ser\u00e1 que os nossos filhos, aqueles com quem convivemos, poder\u00e3o voltar atr\u00e1s no tempo e ter o testemunho da nossa partilha, do \u201camar o pr\u00f3ximo como a n\u00f3s mesmos\u201d? Sobretudo, ser\u00e1 que falamos aos desvalidos e sofridos sobre Algu\u00e9m que deseja entrar nas suas vidas e nelas morar at\u00e9 \u00e0 eternidade?<\/p>\n<p class=\"p1\">\u201cEis que estou \u00e0 porta e bato: se algu\u00e9m ouvir a minha voz e abrir a porta, entrarei em sua casa, e cearei com ele e ele comigo.\u201d (Ap. 3:20)<\/p>\n<p class=\"p1\">Quem bate assim, com voz suave?<\/p>\n<p class=\"p1\">Jesus Cristo, o \u00fanico Amigo sempre dispon\u00edvel, que quer sentar-se \u00e0 nossa mesa, conversar e cear connosco, suavizando as nossas dores e secar as nossas l\u00e1grimas.<\/p>\n<p class=\"p1\">\u201c\u2026 se \u2026 estiver atento \u00e0 voz \u2026 e abrir a porta\u201d \u2026<\/p>\n<p class=\"p1\">Como ser\u00e1 aben\u00e7oadora a Sua entrada pela porta da nossa vida!<\/p>\n<p class=\"p1\"><span style=\"font-size: inherit;\">[movedo_single_image image=&#8221;16693&#8243; animation=&#8221;grve-zoom-in&#8221;]<\/span><\/p>\n<p class=\"p1\">L\u00eddia Pereira<\/p>\n<p class=\"p1\">Gestora de Recursos Humanos e Administrativos<\/p>\n<p class=\"p1\">Aposentada<\/p>\n","protected":false},"excerpt":{"rendered":"<p>Tocavam \u00e0 campainha da nossa casa com muita frequ\u00eancia. Eram os nossos amigos, os conhecidos e, tantas vezes, pessoas que precisavam de desabafar os seus problemas e ouvir conselhos e palavras de \u00e2nimo. No seu minist\u00e9rio pastoral os meus pais as recebiam, escutavam, conversavam, disponibilizavam o telefone, enfim, quantas vezes recebiam crian\u00e7as enquanto os pais<\/p>\n","protected":false},"author":2,"featured_media":19846,"comment_status":"open","ping_status":"open","sticky":false,"template":"","format":"standard","meta":{"_uag_custom_page_level_css":"","_themeisle_gutenberg_block_has_review":false,"_vp_format_video_url":"","_vp_image_focal_point":[],"footnotes":""},"categories":[45,47],"tags":[],"class_list":["post-19845","post","type-post","status-publish","format-standard","has-post-thumbnail","hentry","category-geral","category-mulheres-casais-e-familia"],"yoast_head":"<!-- This site is optimized with the Yoast SEO plugin v27.5 - https:\/\/yoast.com\/product\/yoast-seo-wordpress\/ -->\n<title>Batem \u00e0 porta. Quem ser\u00e1? - AEP<\/title>\n<meta name=\"robots\" content=\"index, follow, max-snippet:-1, max-image-preview:large, max-video-preview:-1\" \/>\n<link rel=\"canonical\" href=\"https:\/\/aliancaevangelica.pt\/site\/batem-a-porta-quem-sera\/\" \/>\n<meta property=\"og:locale\" content=\"pt_PT\" \/>\n<meta property=\"og:type\" content=\"article\" \/>\n<meta property=\"og:title\" content=\"Batem \u00e0 porta. Quem ser\u00e1? - AEP\" \/>\n<meta property=\"og:description\" content=\"Tocavam \u00e0 campainha da nossa casa com muita frequ\u00eancia. Eram os nossos amigos, os conhecidos e, tantas vezes, pessoas que precisavam de desabafar os seus problemas e ouvir conselhos e palavras de \u00e2nimo. No seu minist\u00e9rio pastoral os meus pais as recebiam, escutavam, conversavam, disponibilizavam o telefone, enfim, quantas vezes recebiam crian\u00e7as enquanto os pais\" \/>\n<meta property=\"og:url\" content=\"https:\/\/aliancaevangelica.pt\/site\/batem-a-porta-quem-sera\/\" \/>\n<meta property=\"og:site_name\" content=\"AEP\" \/>\n<meta property=\"article:publisher\" content=\"http:\/\/facebook.com\/aeportuguesa\" \/>\n<meta property=\"article:author\" content=\"aeportugal\" \/>\n<meta property=\"article:published_time\" content=\"2022-11-07T23:36:22+00:00\" \/>\n<meta property=\"article:modified_time\" content=\"2022-11-07T23:36:24+00:00\" \/>\n<meta property=\"og:image\" content=\"https:\/\/aliancaevangelica.pt\/site\/wp-content\/uploads\/2022\/11\/Batem-a\u0300-porta-foto.jpg\" \/>\n\t<meta property=\"og:image:width\" content=\"1000\" \/>\n\t<meta property=\"og:image:height\" content=\"668\" \/>\n\t<meta property=\"og:image:type\" content=\"image\/jpeg\" \/>\n<meta name=\"author\" content=\"AEP\" \/>\n<meta name=\"twitter:card\" content=\"summary_large_image\" \/>\n<meta name=\"twitter:label1\" content=\"Escrito por\" \/>\n\t<meta name=\"twitter:data1\" content=\"AEP\" \/>\n\t<meta name=\"twitter:label2\" content=\"Tempo estimado de leitura\" \/>\n\t<meta name=\"twitter:data2\" content=\"3 minutos\" \/>\n<script type=\"application\/ld+json\" class=\"yoast-schema-graph\">{\"@context\":\"https:\\\/\\\/schema.org\",\"@graph\":[{\"@type\":\"Article\",\"@id\":\"https:\\\/\\\/aliancaevangelica.pt\\\/site\\\/batem-a-porta-quem-sera\\\/#article\",\"isPartOf\":{\"@id\":\"https:\\\/\\\/aliancaevangelica.pt\\\/site\\\/batem-a-porta-quem-sera\\\/\"},\"author\":{\"name\":\"AEP\",\"@id\":\"https:\\\/\\\/aliancaevangelica.pt\\\/site\\\/#\\\/schema\\\/person\\\/3b47cfc7535eff1e820f31c2d67eafcf\"},\"headline\":\"Batem \u00e0 porta. Quem ser\u00e1?\",\"datePublished\":\"2022-11-07T23:36:22+00:00\",\"dateModified\":\"2022-11-07T23:36:24+00:00\",\"mainEntityOfPage\":{\"@id\":\"https:\\\/\\\/aliancaevangelica.pt\\\/site\\\/batem-a-porta-quem-sera\\\/\"},\"wordCount\":662,\"commentCount\":0,\"publisher\":{\"@id\":\"https:\\\/\\\/aliancaevangelica.pt\\\/site\\\/#organization\"},\"image\":{\"@id\":\"https:\\\/\\\/aliancaevangelica.pt\\\/site\\\/batem-a-porta-quem-sera\\\/#primaryimage\"},\"thumbnailUrl\":\"https:\\\/\\\/aliancaevangelica.pt\\\/site\\\/wp-content\\\/uploads\\\/2022\\\/11\\\/Batem-a\u0300-porta-foto.jpg\",\"articleSection\":[\"1-Geral\",\"MULHERES, CASAIS E FAM\u00cdLIA\"],\"inLanguage\":\"pt-PT\",\"potentialAction\":[{\"@type\":\"CommentAction\",\"name\":\"Comment\",\"target\":[\"https:\\\/\\\/aliancaevangelica.pt\\\/site\\\/batem-a-porta-quem-sera\\\/#respond\"]}]},{\"@type\":\"WebPage\",\"@id\":\"https:\\\/\\\/aliancaevangelica.pt\\\/site\\\/batem-a-porta-quem-sera\\\/\",\"url\":\"https:\\\/\\\/aliancaevangelica.pt\\\/site\\\/batem-a-porta-quem-sera\\\/\",\"name\":\"Batem \u00e0 porta. Quem ser\u00e1? - AEP\",\"isPartOf\":{\"@id\":\"https:\\\/\\\/aliancaevangelica.pt\\\/site\\\/#website\"},\"primaryImageOfPage\":{\"@id\":\"https:\\\/\\\/aliancaevangelica.pt\\\/site\\\/batem-a-porta-quem-sera\\\/#primaryimage\"},\"image\":{\"@id\":\"https:\\\/\\\/aliancaevangelica.pt\\\/site\\\/batem-a-porta-quem-sera\\\/#primaryimage\"},\"thumbnailUrl\":\"https:\\\/\\\/aliancaevangelica.pt\\\/site\\\/wp-content\\\/uploads\\\/2022\\\/11\\\/Batem-a\u0300-porta-foto.jpg\",\"datePublished\":\"2022-11-07T23:36:22+00:00\",\"dateModified\":\"2022-11-07T23:36:24+00:00\",\"breadcrumb\":{\"@id\":\"https:\\\/\\\/aliancaevangelica.pt\\\/site\\\/batem-a-porta-quem-sera\\\/#breadcrumb\"},\"inLanguage\":\"pt-PT\",\"potentialAction\":[{\"@type\":\"ReadAction\",\"target\":[\"https:\\\/\\\/aliancaevangelica.pt\\\/site\\\/batem-a-porta-quem-sera\\\/\"]}]},{\"@type\":\"ImageObject\",\"inLanguage\":\"pt-PT\",\"@id\":\"https:\\\/\\\/aliancaevangelica.pt\\\/site\\\/batem-a-porta-quem-sera\\\/#primaryimage\",\"url\":\"https:\\\/\\\/aliancaevangelica.pt\\\/site\\\/wp-content\\\/uploads\\\/2022\\\/11\\\/Batem-a\u0300-porta-foto.jpg\",\"contentUrl\":\"https:\\\/\\\/aliancaevangelica.pt\\\/site\\\/wp-content\\\/uploads\\\/2022\\\/11\\\/Batem-a\u0300-porta-foto.jpg\",\"width\":1000,\"height\":668},{\"@type\":\"BreadcrumbList\",\"@id\":\"https:\\\/\\\/aliancaevangelica.pt\\\/site\\\/batem-a-porta-quem-sera\\\/#breadcrumb\",\"itemListElement\":[{\"@type\":\"ListItem\",\"position\":1,\"name\":\"In\u00edcio\",\"item\":\"https:\\\/\\\/aliancaevangelica.pt\\\/site\\\/\"},{\"@type\":\"ListItem\",\"position\":2,\"name\":\"Batem \u00e0 porta. Quem ser\u00e1?\"}]},{\"@type\":\"WebSite\",\"@id\":\"https:\\\/\\\/aliancaevangelica.pt\\\/site\\\/#website\",\"url\":\"https:\\\/\\\/aliancaevangelica.pt\\\/site\\\/\",\"name\":\"Alian\u00e7a Evang\u00e9lica Portuguesa\",\"description\":\"Alian\u00e7a Evang\u00e9lica Portuguesa\",\"publisher\":{\"@id\":\"https:\\\/\\\/aliancaevangelica.pt\\\/site\\\/#organization\"},\"potentialAction\":[{\"@type\":\"SearchAction\",\"target\":{\"@type\":\"EntryPoint\",\"urlTemplate\":\"https:\\\/\\\/aliancaevangelica.pt\\\/site\\\/?s={search_term_string}\"},\"query-input\":{\"@type\":\"PropertyValueSpecification\",\"valueRequired\":true,\"valueName\":\"search_term_string\"}}],\"inLanguage\":\"pt-PT\"},{\"@type\":\"Organization\",\"@id\":\"https:\\\/\\\/aliancaevangelica.pt\\\/site\\\/#organization\",\"name\":\"Alian\u00e7a Evang\u00e9lica Portuguesa\",\"url\":\"https:\\\/\\\/aliancaevangelica.pt\\\/site\\\/\",\"logo\":{\"@type\":\"ImageObject\",\"inLanguage\":\"pt-PT\",\"@id\":\"https:\\\/\\\/aliancaevangelica.pt\\\/site\\\/#\\\/schema\\\/logo\\\/image\\\/\",\"url\":\"https:\\\/\\\/aliancaevangelica.pt\\\/site\\\/wp-content\\\/uploads\\\/2017\\\/11\\\/logo-AEP-cor.png\",\"contentUrl\":\"https:\\\/\\\/aliancaevangelica.pt\\\/site\\\/wp-content\\\/uploads\\\/2017\\\/11\\\/logo-AEP-cor.png\",\"width\":1156,\"height\":672,\"caption\":\"Alian\u00e7a Evang\u00e9lica Portuguesa\"},\"image\":{\"@id\":\"https:\\\/\\\/aliancaevangelica.pt\\\/site\\\/#\\\/schema\\\/logo\\\/image\\\/\"},\"sameAs\":[\"http:\\\/\\\/facebook.com\\\/aeportuguesa\",\"http:\\\/\\\/instagram.com\\\/aliancaep\",\"http:\\\/\\\/youtube.com\\\/aeportuguesa\"]},{\"@type\":\"Person\",\"@id\":\"https:\\\/\\\/aliancaevangelica.pt\\\/site\\\/#\\\/schema\\\/person\\\/3b47cfc7535eff1e820f31c2d67eafcf\",\"name\":\"AEP\",\"sameAs\":[\"aeportugal\"],\"url\":\"https:\\\/\\\/aliancaevangelica.pt\\\/site\\\/author\\\/aeportugal\\\/\"}]}<\/script>\n<!-- \/ Yoast SEO plugin. -->","yoast_head_json":{"title":"Batem \u00e0 porta. Quem ser\u00e1? - AEP","robots":{"index":"index","follow":"follow","max-snippet":"max-snippet:-1","max-image-preview":"max-image-preview:large","max-video-preview":"max-video-preview:-1"},"canonical":"https:\/\/aliancaevangelica.pt\/site\/batem-a-porta-quem-sera\/","og_locale":"pt_PT","og_type":"article","og_title":"Batem \u00e0 porta. Quem ser\u00e1? - AEP","og_description":"Tocavam \u00e0 campainha da nossa casa com muita frequ\u00eancia. Eram os nossos amigos, os conhecidos e, tantas vezes, pessoas que precisavam de desabafar os seus problemas e ouvir conselhos e palavras de \u00e2nimo. No seu minist\u00e9rio pastoral os meus pais as recebiam, escutavam, conversavam, disponibilizavam o telefone, enfim, quantas vezes recebiam crian\u00e7as enquanto os pais","og_url":"https:\/\/aliancaevangelica.pt\/site\/batem-a-porta-quem-sera\/","og_site_name":"AEP","article_publisher":"http:\/\/facebook.com\/aeportuguesa","article_author":"aeportugal","article_published_time":"2022-11-07T23:36:22+00:00","article_modified_time":"2022-11-07T23:36:24+00:00","og_image":[{"width":1000,"height":668,"url":"https:\/\/aliancaevangelica.pt\/site\/wp-content\/uploads\/2022\/11\/Batem-a\u0300-porta-foto.jpg","type":"image\/jpeg"}],"author":"AEP","twitter_card":"summary_large_image","twitter_misc":{"Escrito por":"AEP","Tempo estimado de leitura":"3 minutos"},"schema":{"@context":"https:\/\/schema.org","@graph":[{"@type":"Article","@id":"https:\/\/aliancaevangelica.pt\/site\/batem-a-porta-quem-sera\/#article","isPartOf":{"@id":"https:\/\/aliancaevangelica.pt\/site\/batem-a-porta-quem-sera\/"},"author":{"name":"AEP","@id":"https:\/\/aliancaevangelica.pt\/site\/#\/schema\/person\/3b47cfc7535eff1e820f31c2d67eafcf"},"headline":"Batem \u00e0 porta. Quem ser\u00e1?","datePublished":"2022-11-07T23:36:22+00:00","dateModified":"2022-11-07T23:36:24+00:00","mainEntityOfPage":{"@id":"https:\/\/aliancaevangelica.pt\/site\/batem-a-porta-quem-sera\/"},"wordCount":662,"commentCount":0,"publisher":{"@id":"https:\/\/aliancaevangelica.pt\/site\/#organization"},"image":{"@id":"https:\/\/aliancaevangelica.pt\/site\/batem-a-porta-quem-sera\/#primaryimage"},"thumbnailUrl":"https:\/\/aliancaevangelica.pt\/site\/wp-content\/uploads\/2022\/11\/Batem-a\u0300-porta-foto.jpg","articleSection":["1-Geral","MULHERES, CASAIS E FAM\u00cdLIA"],"inLanguage":"pt-PT","potentialAction":[{"@type":"CommentAction","name":"Comment","target":["https:\/\/aliancaevangelica.pt\/site\/batem-a-porta-quem-sera\/#respond"]}]},{"@type":"WebPage","@id":"https:\/\/aliancaevangelica.pt\/site\/batem-a-porta-quem-sera\/","url":"https:\/\/aliancaevangelica.pt\/site\/batem-a-porta-quem-sera\/","name":"Batem \u00e0 porta. Quem ser\u00e1? - AEP","isPartOf":{"@id":"https:\/\/aliancaevangelica.pt\/site\/#website"},"primaryImageOfPage":{"@id":"https:\/\/aliancaevangelica.pt\/site\/batem-a-porta-quem-sera\/#primaryimage"},"image":{"@id":"https:\/\/aliancaevangelica.pt\/site\/batem-a-porta-quem-sera\/#primaryimage"},"thumbnailUrl":"https:\/\/aliancaevangelica.pt\/site\/wp-content\/uploads\/2022\/11\/Batem-a\u0300-porta-foto.jpg","datePublished":"2022-11-07T23:36:22+00:00","dateModified":"2022-11-07T23:36:24+00:00","breadcrumb":{"@id":"https:\/\/aliancaevangelica.pt\/site\/batem-a-porta-quem-sera\/#breadcrumb"},"inLanguage":"pt-PT","potentialAction":[{"@type":"ReadAction","target":["https:\/\/aliancaevangelica.pt\/site\/batem-a-porta-quem-sera\/"]}]},{"@type":"ImageObject","inLanguage":"pt-PT","@id":"https:\/\/aliancaevangelica.pt\/site\/batem-a-porta-quem-sera\/#primaryimage","url":"https:\/\/aliancaevangelica.pt\/site\/wp-content\/uploads\/2022\/11\/Batem-a\u0300-porta-foto.jpg","contentUrl":"https:\/\/aliancaevangelica.pt\/site\/wp-content\/uploads\/2022\/11\/Batem-a\u0300-porta-foto.jpg","width":1000,"height":668},{"@type":"BreadcrumbList","@id":"https:\/\/aliancaevangelica.pt\/site\/batem-a-porta-quem-sera\/#breadcrumb","itemListElement":[{"@type":"ListItem","position":1,"name":"In\u00edcio","item":"https:\/\/aliancaevangelica.pt\/site\/"},{"@type":"ListItem","position":2,"name":"Batem \u00e0 porta. Quem ser\u00e1?"}]},{"@type":"WebSite","@id":"https:\/\/aliancaevangelica.pt\/site\/#website","url":"https:\/\/aliancaevangelica.pt\/site\/","name":"Alian\u00e7a Evang\u00e9lica Portuguesa","description":"Alian\u00e7a Evang\u00e9lica Portuguesa","publisher":{"@id":"https:\/\/aliancaevangelica.pt\/site\/#organization"},"potentialAction":[{"@type":"SearchAction","target":{"@type":"EntryPoint","urlTemplate":"https:\/\/aliancaevangelica.pt\/site\/?s={search_term_string}"},"query-input":{"@type":"PropertyValueSpecification","valueRequired":true,"valueName":"search_term_string"}}],"inLanguage":"pt-PT"},{"@type":"Organization","@id":"https:\/\/aliancaevangelica.pt\/site\/#organization","name":"Alian\u00e7a Evang\u00e9lica Portuguesa","url":"https:\/\/aliancaevangelica.pt\/site\/","logo":{"@type":"ImageObject","inLanguage":"pt-PT","@id":"https:\/\/aliancaevangelica.pt\/site\/#\/schema\/logo\/image\/","url":"https:\/\/aliancaevangelica.pt\/site\/wp-content\/uploads\/2017\/11\/logo-AEP-cor.png","contentUrl":"https:\/\/aliancaevangelica.pt\/site\/wp-content\/uploads\/2017\/11\/logo-AEP-cor.png","width":1156,"height":672,"caption":"Alian\u00e7a Evang\u00e9lica Portuguesa"},"image":{"@id":"https:\/\/aliancaevangelica.pt\/site\/#\/schema\/logo\/image\/"},"sameAs":["http:\/\/facebook.com\/aeportuguesa","http:\/\/instagram.com\/aliancaep","http:\/\/youtube.com\/aeportuguesa"]},{"@type":"Person","@id":"https:\/\/aliancaevangelica.pt\/site\/#\/schema\/person\/3b47cfc7535eff1e820f31c2d67eafcf","name":"AEP","sameAs":["aeportugal"],"url":"https:\/\/aliancaevangelica.pt\/site\/author\/aeportugal\/"}]}},"uagb_featured_image_src":{"full":["https:\/\/aliancaevangelica.pt\/site\/wp-content\/uploads\/2022\/11\/Batem-a\u0300-porta-foto.jpg",1000,668,false],"thumbnail":["https:\/\/aliancaevangelica.pt\/site\/wp-content\/uploads\/2022\/11\/Batem-a\u0300-porta-foto-150x150.jpg",150,150,true],"medium":["https:\/\/aliancaevangelica.pt\/site\/wp-content\/uploads\/2022\/11\/Batem-a\u0300-porta-foto-300x200.jpg",300,200,true],"medium_large":["https:\/\/aliancaevangelica.pt\/site\/wp-content\/uploads\/2022\/11\/Batem-a\u0300-porta-foto-768x513.jpg",768,513,true],"large":["https:\/\/aliancaevangelica.pt\/site\/wp-content\/uploads\/2022\/11\/Batem-a\u0300-porta-foto.jpg",960,641,false],"1536x1536":["https:\/\/aliancaevangelica.pt\/site\/wp-content\/uploads\/2022\/11\/Batem-a\u0300-porta-foto.jpg",1000,668,false],"2048x2048":["https:\/\/aliancaevangelica.pt\/site\/wp-content\/uploads\/2022\/11\/Batem-a\u0300-porta-foto.jpg",1000,668,false],"vp_sm":["https:\/\/aliancaevangelica.pt\/site\/wp-content\/uploads\/2022\/11\/Batem-a\u0300-porta-foto.jpg",500,334,false],"vp_md":["https:\/\/aliancaevangelica.pt\/site\/wp-content\/uploads\/2022\/11\/Batem-a\u0300-porta-foto.jpg",800,534,false],"vp_lg":["https:\/\/aliancaevangelica.pt\/site\/wp-content\/uploads\/2022\/11\/Batem-a\u0300-porta-foto.jpg",1000,668,false],"vp_xl":["https:\/\/aliancaevangelica.pt\/site\/wp-content\/uploads\/2022\/11\/Batem-a\u0300-porta-foto.jpg",1000,668,false],"vp_sm_popup":["https:\/\/aliancaevangelica.pt\/site\/wp-content\/uploads\/2022\/11\/Batem-a\u0300-porta-foto.jpg",500,334,false],"vp_md_popup":["https:\/\/aliancaevangelica.pt\/site\/wp-content\/uploads\/2022\/11\/Batem-a\u0300-porta-foto.jpg",800,534,false],"vp_xl_popup":["https:\/\/aliancaevangelica.pt\/site\/wp-content\/uploads\/2022\/11\/Batem-a\u0300-porta-foto.jpg",1000,668,false],"newsx-150x100":["https:\/\/aliancaevangelica.pt\/site\/wp-content\/uploads\/2022\/11\/Batem-a\u0300-porta-foto.jpg",150,100,false],"newsx-330x220":["https:\/\/aliancaevangelica.pt\/site\/wp-content\/uploads\/2022\/11\/Batem-a\u0300-porta-foto.jpg",330,220,false],"newsx-420x280":["https:\/\/aliancaevangelica.pt\/site\/wp-content\/uploads\/2022\/11\/Batem-a\u0300-porta-foto.jpg",420,280,false],"newsx-510x340":["https:\/\/aliancaevangelica.pt\/site\/wp-content\/uploads\/2022\/11\/Batem-a\u0300-porta-foto.jpg",510,340,false],"newsx-640x480":["https:\/\/aliancaevangelica.pt\/site\/wp-content\/uploads\/2022\/11\/Batem-a\u0300-porta-foto.jpg",640,428,false],"newsx-670x370":["https:\/\/aliancaevangelica.pt\/site\/wp-content\/uploads\/2022\/11\/Batem-a\u0300-porta-foto.jpg",554,370,false],"newsx-860x570":["https:\/\/aliancaevangelica.pt\/site\/wp-content\/uploads\/2022\/11\/Batem-a\u0300-porta-foto.jpg",853,570,false],"newsx-1000x750":["https:\/\/aliancaevangelica.pt\/site\/wp-content\/uploads\/2022\/11\/Batem-a\u0300-porta-foto.jpg",1000,668,false],"newsx-1200x600":["https:\/\/aliancaevangelica.pt\/site\/wp-content\/uploads\/2022\/11\/Batem-a\u0300-porta-foto.jpg",898,600,false]},"uagb_author_info":{"display_name":"AEP","author_link":"https:\/\/aliancaevangelica.pt\/site\/author\/aeportugal\/"},"uagb_comment_info":0,"uagb_excerpt":"Tocavam \u00e0 campainha da nossa casa com muita frequ\u00eancia. Eram os nossos amigos, os conhecidos e, tantas vezes, pessoas que precisavam de desabafar os seus problemas e ouvir conselhos e palavras de \u00e2nimo. No seu minist\u00e9rio pastoral os meus pais as recebiam, escutavam, conversavam, disponibilizavam o telefone, enfim, quantas vezes recebiam crian\u00e7as enquanto os pais","_links":{"self":[{"href":"https:\/\/aliancaevangelica.pt\/site\/wp-json\/wp\/v2\/posts\/19845","targetHints":{"allow":["GET"]}}],"collection":[{"href":"https:\/\/aliancaevangelica.pt\/site\/wp-json\/wp\/v2\/posts"}],"about":[{"href":"https:\/\/aliancaevangelica.pt\/site\/wp-json\/wp\/v2\/types\/post"}],"author":[{"embeddable":true,"href":"https:\/\/aliancaevangelica.pt\/site\/wp-json\/wp\/v2\/users\/2"}],"replies":[{"embeddable":true,"href":"https:\/\/aliancaevangelica.pt\/site\/wp-json\/wp\/v2\/comments?post=19845"}],"version-history":[{"count":1,"href":"https:\/\/aliancaevangelica.pt\/site\/wp-json\/wp\/v2\/posts\/19845\/revisions"}],"predecessor-version":[{"id":19847,"href":"https:\/\/aliancaevangelica.pt\/site\/wp-json\/wp\/v2\/posts\/19845\/revisions\/19847"}],"wp:featuredmedia":[{"embeddable":true,"href":"https:\/\/aliancaevangelica.pt\/site\/wp-json\/wp\/v2\/media\/19846"}],"wp:attachment":[{"href":"https:\/\/aliancaevangelica.pt\/site\/wp-json\/wp\/v2\/media?parent=19845"}],"wp:term":[{"taxonomy":"category","embeddable":true,"href":"https:\/\/aliancaevangelica.pt\/site\/wp-json\/wp\/v2\/categories?post=19845"},{"taxonomy":"post_tag","embeddable":true,"href":"https:\/\/aliancaevangelica.pt\/site\/wp-json\/wp\/v2\/tags?post=19845"}],"curies":[{"name":"wp","href":"https:\/\/api.w.org\/{rel}","templated":true}]}}