{"id":19819,"date":"2022-10-21T08:30:00","date_gmt":"2022-10-21T08:30:00","guid":{"rendered":"https:\/\/aliancaevangelica.pt\/site\/?p=19819"},"modified":"2022-10-18T14:55:51","modified_gmt":"2022-10-18T14:55:51","slug":"momentos-preciosos","status":"publish","type":"post","link":"https:\/\/aliancaevangelica.pt\/site\/momentos-preciosos\/","title":{"rendered":"Momentos Preciosos"},"content":{"rendered":"<p class=\"p1\">Dei comigo a caminhar para o refeit\u00f3rio, pensativa. Estava numa Confer\u00eancia, a que tinha vindo com muitos outros jovens como eu, num ambiente tranquilo e animado de Ver\u00e3o, e reflectia sobre aquilo que ouvira na sess\u00e3o da manh\u00e3.<\/p>\n<p class=\"p1\">O orador acabara de nos deixar um convite que tinha tanto de inesperado como de aliciante<span class=\"s1\">.<\/span> Dissera que quem quisesse falar com ele em particular poderia ter essa oportunidade a seguir ao almo\u00e7o, numa sala que nos indicou.<\/p>\n<p class=\"p1\">Apreciara muito o que ele partilhara connosco e poder conversar com ele parecia-me uma oportunidade incr\u00edvel! Nunca antes vira um orador internacional abrir-nos essa possibilidade. Contudo, ao entusiasmo veio-se misturar alguma inseguran\u00e7a. O convite despertara tamb\u00e9m os meus receios pessoais. O que pensaria quem me visse a dirigir-me para l\u00e1? Iriam imaginar-me como uma pessoa \u201ccheia de problemas\u201d, fr\u00e1gil? Deveria ir ou n\u00e3o?<\/p>\n<p class=\"p1\">Sentei-me \u00e0 mesa e fui comendo e pensando. A certa altura, no meio daquela teia de rumina\u00e7\u00f5es, surgiu uma ideia que me agradou porque me pareceu conciliar a vontade de ir com a minha inseguran\u00e7a\u2026 Sim, depois do almo\u00e7o eu iria caminhar na direc\u00e7\u00e3o da tal sala onde ele iria estar. Iria assim \u201ccomo quem n\u00e3o quer a coisa\u201d, como se estivesse apenas a passear por ali, e logo avaliaria o que sentiria no momento, se deveria entrar ou n\u00e3o, se estaria algu\u00e9m a observar ou se poderia acontecer discretamente.<\/p>\n<p class=\"p1\">Confort\u00e1vel com o plano que tra\u00e7ara, terminei a refei\u00e7\u00e3o. Depois levantei o tabuleiro da mesa, fui colocar no lugar certo, e sa\u00ed do refeit\u00f3rio. Caminhei em direc\u00e7\u00e3o \u00e0 sala e, ao aproximar-me, tive uma surpresa! Rapidamente descobri que, de facto, n\u00e3o precisaria mais de me preocupar com a decis\u00e3o de ir ou n\u00e3o falar com o orador. Eu n\u00e3o teria essa oportunidade. A fila \u00e0 porta da sala era longa! Ali estavam muitos jovens, \u00e0 espera do seu momento, certamente \u00fanico, de falar pessoalmente com aquele orador!<\/p>\n<p class=\"p1\">N\u00e3o me senti triste<span class=\"s1\">,<\/span> talvez por n\u00e3o ter sido um plano muito vincado em mim. Fiquei, sim, impressionada. Tanta gente, como eu, a precisar de falar e de se sentir ouvida! Aquela imagem acompanhou-me para sempre.<\/p>\n<p class=\"p1\">Muitos anos s\u00e3o decorridos desde aquele dia mas a necessidade mant\u00e9m-se<span class=\"s1\">,<\/span> na generalidade: precisamos de nos sentir ouvidos e aceites.<\/p>\n<p class=\"p1\">H\u00e1 conte\u00fados que ora se agitam em n\u00f3s, ora parecem atenuar-se, mas que precisariam de ser falados para ser saudavelmente processados. Por serem situa\u00e7\u00f5es nossas, s\u00e3o sentidas com uma intensidade pr\u00f3pria e adquirem naturalmente uma densidade emocional que facilmente pode traduzir-se num amontoado de pensamentos que, quantas vezes, atrapalham mais do que esclarecem, como um nevoeiro confuso, que dificulta o discernir de um caminho ou at\u00e9 nos oferecem uma sensa\u00e7\u00e3o de encurralamento, como se n\u00e3o houvesse sa\u00edda.<\/p>\n<p class=\"p1\">Nem todas as pessoas t\u00eam maturidade ou recursos pessoais para conhecer as nossas dores. N\u00e3o deve ser para elas o nosso desabafo.<\/p>\n<p class=\"p1\">Outras h\u00e1 que, reconhecendo-lhes idoneidade para acolher os nossos conte\u00fados mais delicados, poder\u00e3o estar a viver um momento pessoal exigente\/desgastante e, por esse motivo, n\u00e3o t\u00eam em si espa\u00e7o emocional para oferecer ao nosso desabafo.<\/p>\n<p class=\"p1\">Por vezes tamb\u00e9m acontece ser menos confort\u00e1vel faz\u00ea-lo com familiares ou no c\u00edrculo de amigos, pela grande proximidade. Aquele orador desconhecido, vindo de outro pa\u00eds, trazia consigo essa dist\u00e2ncia que tamb\u00e9m se tornara atraente, por certo.<\/p>\n<p class=\"p1\">Na verdade, h\u00e1 pessoas capazes de tomar a nossa carga e, de forma s\u00e1bia, caminhar connosco e ajudar-nos a descobrir caminho. Como diz um prov\u00e9rbio antigo: \u201cOs l\u00e1bios do justo apascentam a muitos<span class=\"s1\">.<\/span>\u201d (Prov\u00e9rbios 10:21)<\/p>\n<p class=\"p1\">Criar oportunidades de conversar e partilhar \u00e9 uma verdadeira b\u00ean\u00e7\u00e3o. S\u00e3o momentos que Deus pode usar para nos fazer sossegar, para curar feridas e desenhar caminho diante de n\u00f3s. E nesse apoio se cumpre o que h\u00e1 de mais precioso: \u201cLevai as cargas uns dos outros e assim cumprireis a lei de Cristo.\u201d (G\u00e1latas 6:2)<\/p>\n<p class=\"p1\"><span style=\"font-size: inherit;\">[movedo_single_image image=&#8221;19763&#8243; animation=&#8221;grve-zoom-in&#8221;]<\/span><\/p>\n<p class=\"p1\">Bertina Coias Tom\u00e9<\/p>\n<p class=\"p1\">Psic\u00f3loga<\/p>\n<p class=\"p1\">Especialista em Psicologia Cl\u00ednica e da Sa\u00fade e em Psicologia Comunit\u00e1ria<\/p>\n","protected":false},"excerpt":{"rendered":"<p>Dei comigo a caminhar para o refeit\u00f3rio, pensativa. Estava numa Confer\u00eancia, a que tinha vindo com muitos outros jovens como eu, num ambiente tranquilo e animado de Ver\u00e3o, e reflectia sobre aquilo que ouvira na sess\u00e3o da manh\u00e3. O orador acabara de nos deixar um convite que tinha tanto de inesperado como de aliciante. Dissera<\/p>\n","protected":false},"author":2,"featured_media":19820,"comment_status":"open","ping_status":"open","sticky":false,"template":"","format":"standard","meta":{"_uag_custom_page_level_css":"","_themeisle_gutenberg_block_has_review":false,"_vp_format_video_url":"","_vp_image_focal_point":[],"footnotes":""},"categories":[45,47],"tags":[],"class_list":["post-19819","post","type-post","status-publish","format-standard","has-post-thumbnail","hentry","category-geral","category-mulheres"],"yoast_head":"<!-- This site is optimized with the Yoast SEO plugin v27.5 - https:\/\/yoast.com\/product\/yoast-seo-wordpress\/ -->\n<title>Momentos Preciosos - AEP<\/title>\n<meta name=\"robots\" content=\"index, follow, max-snippet:-1, max-image-preview:large, max-video-preview:-1\" \/>\n<link rel=\"canonical\" href=\"https:\/\/aliancaevangelica.pt\/site\/momentos-preciosos\/\" \/>\n<meta property=\"og:locale\" content=\"pt_PT\" \/>\n<meta property=\"og:type\" content=\"article\" \/>\n<meta property=\"og:title\" content=\"Momentos Preciosos - AEP\" \/>\n<meta property=\"og:description\" content=\"Dei comigo a caminhar para o refeit\u00f3rio, pensativa. Estava numa Confer\u00eancia, a que tinha vindo com muitos outros jovens como eu, num ambiente tranquilo e animado de Ver\u00e3o, e reflectia sobre aquilo que ouvira na sess\u00e3o da manh\u00e3. O orador acabara de nos deixar um convite que tinha tanto de inesperado como de aliciante. Dissera\" \/>\n<meta property=\"og:url\" content=\"https:\/\/aliancaevangelica.pt\/site\/momentos-preciosos\/\" \/>\n<meta property=\"og:site_name\" content=\"AEP\" \/>\n<meta property=\"article:publisher\" content=\"http:\/\/facebook.com\/aeportuguesa\" \/>\n<meta property=\"article:author\" content=\"aeportugal\" \/>\n<meta property=\"article:published_time\" content=\"2022-10-21T08:30:00+00:00\" \/>\n<meta property=\"og:image\" content=\"https:\/\/aliancaevangelica.pt\/site\/wp-content\/uploads\/2022\/10\/Captura-de-ecra\u0303-2022-10-18-a\u0300s-15.54.39.png\" \/>\n\t<meta property=\"og:image:width\" content=\"737\" \/>\n\t<meta property=\"og:image:height\" content=\"491\" \/>\n\t<meta property=\"og:image:type\" content=\"image\/png\" \/>\n<meta name=\"author\" content=\"AEP\" \/>\n<meta name=\"twitter:card\" content=\"summary_large_image\" \/>\n<meta name=\"twitter:label1\" content=\"Escrito por\" \/>\n\t<meta name=\"twitter:data1\" content=\"AEP\" \/>\n\t<meta name=\"twitter:label2\" content=\"Tempo estimado de leitura\" \/>\n\t<meta name=\"twitter:data2\" content=\"4 minutos\" \/>\n<script type=\"application\/ld+json\" class=\"yoast-schema-graph\">{\"@context\":\"https:\\\/\\\/schema.org\",\"@graph\":[{\"@type\":\"Article\",\"@id\":\"https:\\\/\\\/aliancaevangelica.pt\\\/site\\\/momentos-preciosos\\\/#article\",\"isPartOf\":{\"@id\":\"https:\\\/\\\/aliancaevangelica.pt\\\/site\\\/momentos-preciosos\\\/\"},\"author\":{\"name\":\"AEP\",\"@id\":\"https:\\\/\\\/aliancaevangelica.pt\\\/site\\\/#\\\/schema\\\/person\\\/3b47cfc7535eff1e820f31c2d67eafcf\"},\"headline\":\"Momentos Preciosos\",\"datePublished\":\"2022-10-21T08:30:00+00:00\",\"mainEntityOfPage\":{\"@id\":\"https:\\\/\\\/aliancaevangelica.pt\\\/site\\\/momentos-preciosos\\\/\"},\"wordCount\":714,\"commentCount\":0,\"publisher\":{\"@id\":\"https:\\\/\\\/aliancaevangelica.pt\\\/site\\\/#organization\"},\"image\":{\"@id\":\"https:\\\/\\\/aliancaevangelica.pt\\\/site\\\/momentos-preciosos\\\/#primaryimage\"},\"thumbnailUrl\":\"https:\\\/\\\/aliancaevangelica.pt\\\/site\\\/wp-content\\\/uploads\\\/2022\\\/10\\\/Captura-de-ecra\u0303-2022-10-18-a\u0300s-15.54.39.png\",\"articleSection\":[\"1-Geral\",\"Mulheres\"],\"inLanguage\":\"pt-PT\",\"potentialAction\":[{\"@type\":\"CommentAction\",\"name\":\"Comment\",\"target\":[\"https:\\\/\\\/aliancaevangelica.pt\\\/site\\\/momentos-preciosos\\\/#respond\"]}]},{\"@type\":\"WebPage\",\"@id\":\"https:\\\/\\\/aliancaevangelica.pt\\\/site\\\/momentos-preciosos\\\/\",\"url\":\"https:\\\/\\\/aliancaevangelica.pt\\\/site\\\/momentos-preciosos\\\/\",\"name\":\"Momentos Preciosos - AEP\",\"isPartOf\":{\"@id\":\"https:\\\/\\\/aliancaevangelica.pt\\\/site\\\/#website\"},\"primaryImageOfPage\":{\"@id\":\"https:\\\/\\\/aliancaevangelica.pt\\\/site\\\/momentos-preciosos\\\/#primaryimage\"},\"image\":{\"@id\":\"https:\\\/\\\/aliancaevangelica.pt\\\/site\\\/momentos-preciosos\\\/#primaryimage\"},\"thumbnailUrl\":\"https:\\\/\\\/aliancaevangelica.pt\\\/site\\\/wp-content\\\/uploads\\\/2022\\\/10\\\/Captura-de-ecra\u0303-2022-10-18-a\u0300s-15.54.39.png\",\"datePublished\":\"2022-10-21T08:30:00+00:00\",\"breadcrumb\":{\"@id\":\"https:\\\/\\\/aliancaevangelica.pt\\\/site\\\/momentos-preciosos\\\/#breadcrumb\"},\"inLanguage\":\"pt-PT\",\"potentialAction\":[{\"@type\":\"ReadAction\",\"target\":[\"https:\\\/\\\/aliancaevangelica.pt\\\/site\\\/momentos-preciosos\\\/\"]}]},{\"@type\":\"ImageObject\",\"inLanguage\":\"pt-PT\",\"@id\":\"https:\\\/\\\/aliancaevangelica.pt\\\/site\\\/momentos-preciosos\\\/#primaryimage\",\"url\":\"https:\\\/\\\/aliancaevangelica.pt\\\/site\\\/wp-content\\\/uploads\\\/2022\\\/10\\\/Captura-de-ecra\u0303-2022-10-18-a\u0300s-15.54.39.png\",\"contentUrl\":\"https:\\\/\\\/aliancaevangelica.pt\\\/site\\\/wp-content\\\/uploads\\\/2022\\\/10\\\/Captura-de-ecra\u0303-2022-10-18-a\u0300s-15.54.39.png\",\"width\":737,\"height\":491},{\"@type\":\"BreadcrumbList\",\"@id\":\"https:\\\/\\\/aliancaevangelica.pt\\\/site\\\/momentos-preciosos\\\/#breadcrumb\",\"itemListElement\":[{\"@type\":\"ListItem\",\"position\":1,\"name\":\"In\u00edcio\",\"item\":\"https:\\\/\\\/aliancaevangelica.pt\\\/site\\\/\"},{\"@type\":\"ListItem\",\"position\":2,\"name\":\"Momentos Preciosos\"}]},{\"@type\":\"WebSite\",\"@id\":\"https:\\\/\\\/aliancaevangelica.pt\\\/site\\\/#website\",\"url\":\"https:\\\/\\\/aliancaevangelica.pt\\\/site\\\/\",\"name\":\"Alian\u00e7a Evang\u00e9lica Portuguesa\",\"description\":\"Alian\u00e7a Evang\u00e9lica Portuguesa\",\"publisher\":{\"@id\":\"https:\\\/\\\/aliancaevangelica.pt\\\/site\\\/#organization\"},\"potentialAction\":[{\"@type\":\"SearchAction\",\"target\":{\"@type\":\"EntryPoint\",\"urlTemplate\":\"https:\\\/\\\/aliancaevangelica.pt\\\/site\\\/?s={search_term_string}\"},\"query-input\":{\"@type\":\"PropertyValueSpecification\",\"valueRequired\":true,\"valueName\":\"search_term_string\"}}],\"inLanguage\":\"pt-PT\"},{\"@type\":\"Organization\",\"@id\":\"https:\\\/\\\/aliancaevangelica.pt\\\/site\\\/#organization\",\"name\":\"Alian\u00e7a Evang\u00e9lica Portuguesa\",\"url\":\"https:\\\/\\\/aliancaevangelica.pt\\\/site\\\/\",\"logo\":{\"@type\":\"ImageObject\",\"inLanguage\":\"pt-PT\",\"@id\":\"https:\\\/\\\/aliancaevangelica.pt\\\/site\\\/#\\\/schema\\\/logo\\\/image\\\/\",\"url\":\"https:\\\/\\\/aliancaevangelica.pt\\\/site\\\/wp-content\\\/uploads\\\/2017\\\/11\\\/logo-AEP-cor.png\",\"contentUrl\":\"https:\\\/\\\/aliancaevangelica.pt\\\/site\\\/wp-content\\\/uploads\\\/2017\\\/11\\\/logo-AEP-cor.png\",\"width\":1156,\"height\":672,\"caption\":\"Alian\u00e7a Evang\u00e9lica Portuguesa\"},\"image\":{\"@id\":\"https:\\\/\\\/aliancaevangelica.pt\\\/site\\\/#\\\/schema\\\/logo\\\/image\\\/\"},\"sameAs\":[\"http:\\\/\\\/facebook.com\\\/aeportuguesa\",\"http:\\\/\\\/instagram.com\\\/aliancaep\",\"http:\\\/\\\/youtube.com\\\/aeportuguesa\"]},{\"@type\":\"Person\",\"@id\":\"https:\\\/\\\/aliancaevangelica.pt\\\/site\\\/#\\\/schema\\\/person\\\/3b47cfc7535eff1e820f31c2d67eafcf\",\"name\":\"AEP\",\"sameAs\":[\"aeportugal\"],\"url\":\"https:\\\/\\\/aliancaevangelica.pt\\\/site\\\/author\\\/aeportugal\\\/\"}]}<\/script>\n<!-- \/ Yoast SEO plugin. -->","yoast_head_json":{"title":"Momentos Preciosos - AEP","robots":{"index":"index","follow":"follow","max-snippet":"max-snippet:-1","max-image-preview":"max-image-preview:large","max-video-preview":"max-video-preview:-1"},"canonical":"https:\/\/aliancaevangelica.pt\/site\/momentos-preciosos\/","og_locale":"pt_PT","og_type":"article","og_title":"Momentos Preciosos - AEP","og_description":"Dei comigo a caminhar para o refeit\u00f3rio, pensativa. Estava numa Confer\u00eancia, a que tinha vindo com muitos outros jovens como eu, num ambiente tranquilo e animado de Ver\u00e3o, e reflectia sobre aquilo que ouvira na sess\u00e3o da manh\u00e3. O orador acabara de nos deixar um convite que tinha tanto de inesperado como de aliciante. Dissera","og_url":"https:\/\/aliancaevangelica.pt\/site\/momentos-preciosos\/","og_site_name":"AEP","article_publisher":"http:\/\/facebook.com\/aeportuguesa","article_author":"aeportugal","article_published_time":"2022-10-21T08:30:00+00:00","og_image":[{"width":737,"height":491,"url":"https:\/\/aliancaevangelica.pt\/site\/wp-content\/uploads\/2022\/10\/Captura-de-ecra\u0303-2022-10-18-a\u0300s-15.54.39.png","type":"image\/png"}],"author":"AEP","twitter_card":"summary_large_image","twitter_misc":{"Escrito por":"AEP","Tempo estimado de leitura":"4 minutos"},"schema":{"@context":"https:\/\/schema.org","@graph":[{"@type":"Article","@id":"https:\/\/aliancaevangelica.pt\/site\/momentos-preciosos\/#article","isPartOf":{"@id":"https:\/\/aliancaevangelica.pt\/site\/momentos-preciosos\/"},"author":{"name":"AEP","@id":"https:\/\/aliancaevangelica.pt\/site\/#\/schema\/person\/3b47cfc7535eff1e820f31c2d67eafcf"},"headline":"Momentos Preciosos","datePublished":"2022-10-21T08:30:00+00:00","mainEntityOfPage":{"@id":"https:\/\/aliancaevangelica.pt\/site\/momentos-preciosos\/"},"wordCount":714,"commentCount":0,"publisher":{"@id":"https:\/\/aliancaevangelica.pt\/site\/#organization"},"image":{"@id":"https:\/\/aliancaevangelica.pt\/site\/momentos-preciosos\/#primaryimage"},"thumbnailUrl":"https:\/\/aliancaevangelica.pt\/site\/wp-content\/uploads\/2022\/10\/Captura-de-ecra\u0303-2022-10-18-a\u0300s-15.54.39.png","articleSection":["1-Geral","Mulheres"],"inLanguage":"pt-PT","potentialAction":[{"@type":"CommentAction","name":"Comment","target":["https:\/\/aliancaevangelica.pt\/site\/momentos-preciosos\/#respond"]}]},{"@type":"WebPage","@id":"https:\/\/aliancaevangelica.pt\/site\/momentos-preciosos\/","url":"https:\/\/aliancaevangelica.pt\/site\/momentos-preciosos\/","name":"Momentos Preciosos - AEP","isPartOf":{"@id":"https:\/\/aliancaevangelica.pt\/site\/#website"},"primaryImageOfPage":{"@id":"https:\/\/aliancaevangelica.pt\/site\/momentos-preciosos\/#primaryimage"},"image":{"@id":"https:\/\/aliancaevangelica.pt\/site\/momentos-preciosos\/#primaryimage"},"thumbnailUrl":"https:\/\/aliancaevangelica.pt\/site\/wp-content\/uploads\/2022\/10\/Captura-de-ecra\u0303-2022-10-18-a\u0300s-15.54.39.png","datePublished":"2022-10-21T08:30:00+00:00","breadcrumb":{"@id":"https:\/\/aliancaevangelica.pt\/site\/momentos-preciosos\/#breadcrumb"},"inLanguage":"pt-PT","potentialAction":[{"@type":"ReadAction","target":["https:\/\/aliancaevangelica.pt\/site\/momentos-preciosos\/"]}]},{"@type":"ImageObject","inLanguage":"pt-PT","@id":"https:\/\/aliancaevangelica.pt\/site\/momentos-preciosos\/#primaryimage","url":"https:\/\/aliancaevangelica.pt\/site\/wp-content\/uploads\/2022\/10\/Captura-de-ecra\u0303-2022-10-18-a\u0300s-15.54.39.png","contentUrl":"https:\/\/aliancaevangelica.pt\/site\/wp-content\/uploads\/2022\/10\/Captura-de-ecra\u0303-2022-10-18-a\u0300s-15.54.39.png","width":737,"height":491},{"@type":"BreadcrumbList","@id":"https:\/\/aliancaevangelica.pt\/site\/momentos-preciosos\/#breadcrumb","itemListElement":[{"@type":"ListItem","position":1,"name":"In\u00edcio","item":"https:\/\/aliancaevangelica.pt\/site\/"},{"@type":"ListItem","position":2,"name":"Momentos Preciosos"}]},{"@type":"WebSite","@id":"https:\/\/aliancaevangelica.pt\/site\/#website","url":"https:\/\/aliancaevangelica.pt\/site\/","name":"Alian\u00e7a Evang\u00e9lica Portuguesa","description":"Alian\u00e7a Evang\u00e9lica Portuguesa","publisher":{"@id":"https:\/\/aliancaevangelica.pt\/site\/#organization"},"potentialAction":[{"@type":"SearchAction","target":{"@type":"EntryPoint","urlTemplate":"https:\/\/aliancaevangelica.pt\/site\/?s={search_term_string}"},"query-input":{"@type":"PropertyValueSpecification","valueRequired":true,"valueName":"search_term_string"}}],"inLanguage":"pt-PT"},{"@type":"Organization","@id":"https:\/\/aliancaevangelica.pt\/site\/#organization","name":"Alian\u00e7a Evang\u00e9lica Portuguesa","url":"https:\/\/aliancaevangelica.pt\/site\/","logo":{"@type":"ImageObject","inLanguage":"pt-PT","@id":"https:\/\/aliancaevangelica.pt\/site\/#\/schema\/logo\/image\/","url":"https:\/\/aliancaevangelica.pt\/site\/wp-content\/uploads\/2017\/11\/logo-AEP-cor.png","contentUrl":"https:\/\/aliancaevangelica.pt\/site\/wp-content\/uploads\/2017\/11\/logo-AEP-cor.png","width":1156,"height":672,"caption":"Alian\u00e7a Evang\u00e9lica Portuguesa"},"image":{"@id":"https:\/\/aliancaevangelica.pt\/site\/#\/schema\/logo\/image\/"},"sameAs":["http:\/\/facebook.com\/aeportuguesa","http:\/\/instagram.com\/aliancaep","http:\/\/youtube.com\/aeportuguesa"]},{"@type":"Person","@id":"https:\/\/aliancaevangelica.pt\/site\/#\/schema\/person\/3b47cfc7535eff1e820f31c2d67eafcf","name":"AEP","sameAs":["aeportugal"],"url":"https:\/\/aliancaevangelica.pt\/site\/author\/aeportugal\/"}]}},"uagb_featured_image_src":{"full":["https:\/\/aliancaevangelica.pt\/site\/wp-content\/uploads\/2022\/10\/Captura-de-ecra\u0303-2022-10-18-a\u0300s-15.54.39.png",737,491,false],"thumbnail":["https:\/\/aliancaevangelica.pt\/site\/wp-content\/uploads\/2022\/10\/Captura-de-ecra\u0303-2022-10-18-a\u0300s-15.54.39-150x150.png",150,150,true],"medium":["https:\/\/aliancaevangelica.pt\/site\/wp-content\/uploads\/2022\/10\/Captura-de-ecra\u0303-2022-10-18-a\u0300s-15.54.39-300x200.png",300,200,true],"medium_large":["https:\/\/aliancaevangelica.pt\/site\/wp-content\/uploads\/2022\/10\/Captura-de-ecra\u0303-2022-10-18-a\u0300s-15.54.39.png",737,491,false],"large":["https:\/\/aliancaevangelica.pt\/site\/wp-content\/uploads\/2022\/10\/Captura-de-ecra\u0303-2022-10-18-a\u0300s-15.54.39.png",737,491,false],"1536x1536":["https:\/\/aliancaevangelica.pt\/site\/wp-content\/uploads\/2022\/10\/Captura-de-ecra\u0303-2022-10-18-a\u0300s-15.54.39.png",737,491,false],"2048x2048":["https:\/\/aliancaevangelica.pt\/site\/wp-content\/uploads\/2022\/10\/Captura-de-ecra\u0303-2022-10-18-a\u0300s-15.54.39.png",737,491,false],"vp_sm":["https:\/\/aliancaevangelica.pt\/site\/wp-content\/uploads\/2022\/10\/Captura-de-ecra\u0303-2022-10-18-a\u0300s-15.54.39.png",500,333,false],"vp_md":["https:\/\/aliancaevangelica.pt\/site\/wp-content\/uploads\/2022\/10\/Captura-de-ecra\u0303-2022-10-18-a\u0300s-15.54.39.png",737,491,false],"vp_lg":["https:\/\/aliancaevangelica.pt\/site\/wp-content\/uploads\/2022\/10\/Captura-de-ecra\u0303-2022-10-18-a\u0300s-15.54.39.png",737,491,false],"vp_xl":["https:\/\/aliancaevangelica.pt\/site\/wp-content\/uploads\/2022\/10\/Captura-de-ecra\u0303-2022-10-18-a\u0300s-15.54.39.png",737,491,false],"vp_sm_popup":["https:\/\/aliancaevangelica.pt\/site\/wp-content\/uploads\/2022\/10\/Captura-de-ecra\u0303-2022-10-18-a\u0300s-15.54.39.png",500,333,false],"vp_md_popup":["https:\/\/aliancaevangelica.pt\/site\/wp-content\/uploads\/2022\/10\/Captura-de-ecra\u0303-2022-10-18-a\u0300s-15.54.39.png",737,491,false],"vp_xl_popup":["https:\/\/aliancaevangelica.pt\/site\/wp-content\/uploads\/2022\/10\/Captura-de-ecra\u0303-2022-10-18-a\u0300s-15.54.39.png",737,491,false],"newsx-150x100":["https:\/\/aliancaevangelica.pt\/site\/wp-content\/uploads\/2022\/10\/Captura-de-ecra\u0303-2022-10-18-a\u0300s-15.54.39.png",150,100,false],"newsx-330x220":["https:\/\/aliancaevangelica.pt\/site\/wp-content\/uploads\/2022\/10\/Captura-de-ecra\u0303-2022-10-18-a\u0300s-15.54.39.png",330,220,false],"newsx-420x280":["https:\/\/aliancaevangelica.pt\/site\/wp-content\/uploads\/2022\/10\/Captura-de-ecra\u0303-2022-10-18-a\u0300s-15.54.39.png",420,280,false],"newsx-510x340":["https:\/\/aliancaevangelica.pt\/site\/wp-content\/uploads\/2022\/10\/Captura-de-ecra\u0303-2022-10-18-a\u0300s-15.54.39.png",510,340,false],"newsx-640x480":["https:\/\/aliancaevangelica.pt\/site\/wp-content\/uploads\/2022\/10\/Captura-de-ecra\u0303-2022-10-18-a\u0300s-15.54.39.png",640,426,false],"newsx-670x370":["https:\/\/aliancaevangelica.pt\/site\/wp-content\/uploads\/2022\/10\/Captura-de-ecra\u0303-2022-10-18-a\u0300s-15.54.39.png",555,370,false],"newsx-860x570":["https:\/\/aliancaevangelica.pt\/site\/wp-content\/uploads\/2022\/10\/Captura-de-ecra\u0303-2022-10-18-a\u0300s-15.54.39.png",737,491,false],"newsx-1000x750":["https:\/\/aliancaevangelica.pt\/site\/wp-content\/uploads\/2022\/10\/Captura-de-ecra\u0303-2022-10-18-a\u0300s-15.54.39.png",737,491,false],"newsx-1200x600":["https:\/\/aliancaevangelica.pt\/site\/wp-content\/uploads\/2022\/10\/Captura-de-ecra\u0303-2022-10-18-a\u0300s-15.54.39.png",737,491,false]},"uagb_author_info":{"display_name":"AEP","author_link":"https:\/\/aliancaevangelica.pt\/site\/author\/aeportugal\/"},"uagb_comment_info":0,"uagb_excerpt":"Dei comigo a caminhar para o refeit\u00f3rio, pensativa. Estava numa Confer\u00eancia, a que tinha vindo com muitos outros jovens como eu, num ambiente tranquilo e animado de Ver\u00e3o, e reflectia sobre aquilo que ouvira na sess\u00e3o da manh\u00e3. O orador acabara de nos deixar um convite que tinha tanto de inesperado como de aliciante. Dissera","_links":{"self":[{"href":"https:\/\/aliancaevangelica.pt\/site\/wp-json\/wp\/v2\/posts\/19819","targetHints":{"allow":["GET"]}}],"collection":[{"href":"https:\/\/aliancaevangelica.pt\/site\/wp-json\/wp\/v2\/posts"}],"about":[{"href":"https:\/\/aliancaevangelica.pt\/site\/wp-json\/wp\/v2\/types\/post"}],"author":[{"embeddable":true,"href":"https:\/\/aliancaevangelica.pt\/site\/wp-json\/wp\/v2\/users\/2"}],"replies":[{"embeddable":true,"href":"https:\/\/aliancaevangelica.pt\/site\/wp-json\/wp\/v2\/comments?post=19819"}],"version-history":[{"count":1,"href":"https:\/\/aliancaevangelica.pt\/site\/wp-json\/wp\/v2\/posts\/19819\/revisions"}],"predecessor-version":[{"id":19821,"href":"https:\/\/aliancaevangelica.pt\/site\/wp-json\/wp\/v2\/posts\/19819\/revisions\/19821"}],"wp:featuredmedia":[{"embeddable":true,"href":"https:\/\/aliancaevangelica.pt\/site\/wp-json\/wp\/v2\/media\/19820"}],"wp:attachment":[{"href":"https:\/\/aliancaevangelica.pt\/site\/wp-json\/wp\/v2\/media?parent=19819"}],"wp:term":[{"taxonomy":"category","embeddable":true,"href":"https:\/\/aliancaevangelica.pt\/site\/wp-json\/wp\/v2\/categories?post=19819"},{"taxonomy":"post_tag","embeddable":true,"href":"https:\/\/aliancaevangelica.pt\/site\/wp-json\/wp\/v2\/tags?post=19819"}],"curies":[{"name":"wp","href":"https:\/\/api.w.org\/{rel}","templated":true}]}}