{"id":19798,"date":"2022-10-07T10:50:20","date_gmt":"2022-10-07T10:50:20","guid":{"rendered":"https:\/\/aliancaevangelica.pt\/site\/?p=19798"},"modified":"2022-10-07T10:50:23","modified_gmt":"2022-10-07T10:50:23","slug":"as-artesas-do-tabernaculo","status":"publish","type":"post","link":"https:\/\/aliancaevangelica.pt\/site\/as-artesas-do-tabernaculo\/","title":{"rendered":"As artes\u00e3s do tabern\u00e1culo"},"content":{"rendered":"<p class=\"p1\">No livro de \u00caxodo, nos cap\u00edtulos 31 e 35<span class=\"s1\">,<\/span> encontramos o relato da proje\u00e7\u00e3o da constru\u00e7\u00e3o do tabern\u00e1culo, que \u00e9 extraordin\u00e1rio. Convido-a a fazer uma leitura atenta dele e certamente ser\u00e1 aben\u00e7oada. Por vezes estes cap\u00edtulos passam-nos um pouco ao lado porque a dist\u00e2ncia cultural dificulta a nossa perce\u00e7\u00e3o. No entanto<span class=\"s1\">,<\/span> este \u00e9 um texto rico em detalhes t\u00e3o importantes para n\u00f3s.<\/p>\n<p class=\"p1\">No cap\u00edtulo 31, Deus apresenta a Mois\u00e9s o seu projeto de constru\u00e7\u00e3o do tabern\u00e1culo. Deus era o arquiteto que havia projetado uma obra tremenda cujo prop\u00f3sito era habitar com Sua presen\u00e7a no meio do povo. Ele \u00e9 Deus de perto e n\u00e3o de longe e apesar de todo o pecado que afastava o povo de Deus, Ele mesmo projetou um plano de aproxima\u00e7\u00e3o e revela\u00e7\u00e3o da Sua gl\u00f3ria. Contudo, Deus queria que o seu projeto fosse concretizado pelo Seu povo, por m\u00e3os e recursos de homens limitados, mas sobrenaturalmente capacitados por Seu Esp\u00edrito. Que gra\u00e7a constrangedora!<\/p>\n<p class=\"p1\">\u201cO Senhor lhes deu habilidade especial (\u2026)\u201d (\u00caxodo 35:35)<\/p>\n<p class=\"p1\">Deus escolheu os artes\u00e3os mais talentosos de entre o Seu povo e os encheu com o Seu Esp\u00edrito,<span class=\"Apple-converted-space\">\u00a0 <\/span>dando-lhes sabedoria e per\u00edcia para os trabalhos art\u00edsticos. Haviam alguns com um reconhecido talento para os trabalhos artesanais. No entanto<span class=\"s1\">,<\/span> para al\u00e9m desse talento natural de alguns, Deus conferiu ainda habilidades especiais a todos os artes\u00e3os para que pudessem participar na concretiza\u00e7\u00e3o deste Seu projeto.<\/p>\n<p class=\"p1\">Quando Mois\u00e9s foi convocar o povo para a realiza\u00e7\u00e3o desta obra, ele convidou a todos aqueles que tinham um cora\u00e7\u00e3o generoso a darem dos seus recursos, talentos e habilidades para juntos cooperarem na obra do Senhor. A Palavra de Deus diz que \u201ctodos os <b>que tinham o cora\u00e7\u00e3o disposto<\/b><span class=\"s1\">,<\/span> tanto homens como mulheres, vieram e trouxeram suas ofertas para o Senhor<span class=\"s1\">.<\/span>\u201d (\u00caxodo 35:22)<\/p>\n<p class=\"p1\">N\u00e3o se tratava apenas de uma quest\u00e3o de talento ou habilidade<span class=\"s1\">.<\/span> Era preciso ter um cora\u00e7\u00e3o disposto e almejante por dar de si. Fossem homens ou mulheres<span class=\"s1\">,<\/span> todos estavam inclu\u00eddos no projeto, na miss\u00e3o. O projeto de Deus seria realizado com muitos ou com poucos mas s\u00f3 os de cora\u00e7\u00e3o disposto poderiam ser participantes da grande miss\u00e3o de Deus de trazer o c\u00e9u \u00e0 terra.<\/p>\n<p class=\"p1\">E as mulheres n\u00e3o quiseram ficar de fora, pois diz que \u201ctodas as mulheres s\u00e1bias de cora\u00e7\u00e3o fiavam com as suas m\u00e3os, e traziam o que tinham fiado, o azul e a p\u00farpura, o carmesim e o linho fino. E todas as mulheres, cujo cora\u00e7\u00e3o as moveu em habilidade fiavam os p\u00ealos das cabras.\u201d (\u00caxodo 35:25,26) Que Deus tremendo, que olha e procura por cora\u00e7\u00f5es dispostos, que capacita e chama todos os que querem ser participantes!<\/p>\n<p class=\"p1\">Se temos realmente cora\u00e7\u00f5es dispostos para \u201cconstruir\u201d o reino, qualquer uma das nossas habilidades glorificar\u00e1 o Rei. Juntos estamos envolvidos no mesmo projeto, sendo cada um capacitado pelo Esp\u00edrito de Deus para com distin\u00e7\u00e3o cumprirmos a nossa miss\u00e3o.<\/p>\n<p class=\"p1\">Homens e mulheres em Israel estavam envolvidos na grande obra que traria a habita\u00e7\u00e3o da presen\u00e7a de Deus entre os homens, mas aquele tabern\u00e1culo era apenas um s\u00edmbolo que apontava para Jesus &#8211; \u201co verdadeiro tabern\u00e1culo\u201d<span class=\"s1\">.<\/span><\/p>\n<p class=\"p1\">\u201cE o verbo se fez carne e \u201c tabernaculou\u201d entre n\u00f3s\u201d (Jo\u00e3o 1:14). N\u00e3o precisamos mais de \u201cconstruir\u201d um tabern\u00e1culo f\u00edsico pois o verdadeiro tabern\u00e1culo j\u00e1 veio em Jesus, manifestando a gl\u00f3ria de Deus. Ele subiu aos c\u00e9us, mas atrav\u00e9s do Seu Esp\u00edrito, que o Pai enviou, somos feitos morada de Deus, onde a Sua presen\u00e7a se manifesta. Qual \u00e9 ent\u00e3o nossa miss\u00e3o? Somos chamadas a \u201cconstruir tabern\u00e1culos\u201d. Sim<span class=\"s1\">,<\/span> Deus tem um projeto de constru\u00e7\u00e3o<span class=\"s1\">,<\/span> de fazer morada nos cora\u00e7\u00f5es de homens e mulheres. O projeto \u00e9 D\u00b4Ele, a miss\u00e3o \u00e9 D \u00b4Ele mas Ele conta com \u201cartes\u00e3os\u201d dispostos. Homens e mulheres que por meio de suas habilidades e capacitados pelo Seu Esp\u00edrito possam preparar o terreno, levantar as estacas e montar a tenda no cora\u00e7\u00e3o dos homens para que Ele possa vir e habitar.<\/p>\n<p class=\"p1\">Que sejamos como as artes\u00e3s do tabern\u00e1culo que se dispuseram e usaram a sua habilidade para que o projeto de Deus fosse conclu\u00eddo, a presen\u00e7a de Deus manifesta e a Sua gl\u00f3ria revelada.<\/p>\n<p class=\"p1\"><span style=\"font-size: inherit;\">[movedo_single_image image=&#8221;18970&#8243; animation=&#8221;grve-zoom-in&#8221;]<\/span><\/p>\n<p class=\"p1\">Sara Rosa<\/p>\n<p class=\"p1\">Mission\u00e1ria em Cabo Verde<\/p>\n","protected":false},"excerpt":{"rendered":"<p>No livro de \u00caxodo, nos cap\u00edtulos 31 e 35, encontramos o relato da proje\u00e7\u00e3o da constru\u00e7\u00e3o do tabern\u00e1culo, que \u00e9 extraordin\u00e1rio. Convido-a a fazer uma leitura atenta dele e certamente ser\u00e1 aben\u00e7oada. Por vezes estes cap\u00edtulos passam-nos um pouco ao lado porque a dist\u00e2ncia cultural dificulta a nossa perce\u00e7\u00e3o. No entanto, este \u00e9 um texto<\/p>\n","protected":false},"author":2,"featured_media":19799,"comment_status":"open","ping_status":"open","sticky":false,"template":"","format":"standard","meta":{"_uag_custom_page_level_css":"","_themeisle_gutenberg_block_has_review":false,"_vp_format_video_url":"","_vp_image_focal_point":[],"footnotes":""},"categories":[45,47],"tags":[],"class_list":["post-19798","post","type-post","status-publish","format-standard","has-post-thumbnail","hentry","category-geral","category-mulheres"],"yoast_head":"<!-- This site is optimized with the Yoast SEO plugin v27.5 - https:\/\/yoast.com\/product\/yoast-seo-wordpress\/ -->\n<title>As artes\u00e3s do tabern\u00e1culo - AEP<\/title>\n<meta name=\"robots\" content=\"index, follow, max-snippet:-1, max-image-preview:large, max-video-preview:-1\" \/>\n<link rel=\"canonical\" href=\"https:\/\/aliancaevangelica.pt\/site\/as-artesas-do-tabernaculo\/\" \/>\n<meta property=\"og:locale\" content=\"pt_PT\" \/>\n<meta property=\"og:type\" content=\"article\" \/>\n<meta property=\"og:title\" content=\"As artes\u00e3s do tabern\u00e1culo - AEP\" \/>\n<meta property=\"og:description\" content=\"No livro de \u00caxodo, nos cap\u00edtulos 31 e 35, encontramos o relato da proje\u00e7\u00e3o da constru\u00e7\u00e3o do tabern\u00e1culo, que \u00e9 extraordin\u00e1rio. Convido-a a fazer uma leitura atenta dele e certamente ser\u00e1 aben\u00e7oada. Por vezes estes cap\u00edtulos passam-nos um pouco ao lado porque a dist\u00e2ncia cultural dificulta a nossa perce\u00e7\u00e3o. No entanto, este \u00e9 um texto\" \/>\n<meta property=\"og:url\" content=\"https:\/\/aliancaevangelica.pt\/site\/as-artesas-do-tabernaculo\/\" \/>\n<meta property=\"og:site_name\" content=\"AEP\" \/>\n<meta property=\"article:publisher\" content=\"http:\/\/facebook.com\/aeportuguesa\" \/>\n<meta property=\"article:author\" content=\"aeportugal\" \/>\n<meta property=\"article:published_time\" content=\"2022-10-07T10:50:20+00:00\" \/>\n<meta property=\"article:modified_time\" content=\"2022-10-07T10:50:23+00:00\" \/>\n<meta property=\"og:image\" content=\"https:\/\/aliancaevangelica.pt\/site\/wp-content\/uploads\/2022\/10\/Artesa\u0303s-do-taberna\u0301culo.jpg\" \/>\n\t<meta property=\"og:image:width\" content=\"960\" \/>\n\t<meta property=\"og:image:height\" content=\"640\" \/>\n\t<meta property=\"og:image:type\" content=\"image\/jpeg\" \/>\n<meta name=\"author\" content=\"AEP\" \/>\n<meta name=\"twitter:card\" content=\"summary_large_image\" \/>\n<meta name=\"twitter:label1\" content=\"Escrito por\" \/>\n\t<meta name=\"twitter:data1\" content=\"AEP\" \/>\n\t<meta name=\"twitter:label2\" content=\"Tempo estimado de leitura\" \/>\n\t<meta name=\"twitter:data2\" content=\"4 minutos\" \/>\n<script type=\"application\/ld+json\" class=\"yoast-schema-graph\">{\"@context\":\"https:\\\/\\\/schema.org\",\"@graph\":[{\"@type\":\"Article\",\"@id\":\"https:\\\/\\\/aliancaevangelica.pt\\\/site\\\/as-artesas-do-tabernaculo\\\/#article\",\"isPartOf\":{\"@id\":\"https:\\\/\\\/aliancaevangelica.pt\\\/site\\\/as-artesas-do-tabernaculo\\\/\"},\"author\":{\"name\":\"AEP\",\"@id\":\"https:\\\/\\\/aliancaevangelica.pt\\\/site\\\/#\\\/schema\\\/person\\\/3b47cfc7535eff1e820f31c2d67eafcf\"},\"headline\":\"As artes\u00e3s do tabern\u00e1culo\",\"datePublished\":\"2022-10-07T10:50:20+00:00\",\"dateModified\":\"2022-10-07T10:50:23+00:00\",\"mainEntityOfPage\":{\"@id\":\"https:\\\/\\\/aliancaevangelica.pt\\\/site\\\/as-artesas-do-tabernaculo\\\/\"},\"wordCount\":765,\"commentCount\":0,\"publisher\":{\"@id\":\"https:\\\/\\\/aliancaevangelica.pt\\\/site\\\/#organization\"},\"image\":{\"@id\":\"https:\\\/\\\/aliancaevangelica.pt\\\/site\\\/as-artesas-do-tabernaculo\\\/#primaryimage\"},\"thumbnailUrl\":\"https:\\\/\\\/aliancaevangelica.pt\\\/site\\\/wp-content\\\/uploads\\\/2022\\\/10\\\/Artesa\u0303s-do-taberna\u0301culo.jpg\",\"articleSection\":[\"1-Geral\",\"Mulheres\"],\"inLanguage\":\"pt-PT\",\"potentialAction\":[{\"@type\":\"CommentAction\",\"name\":\"Comment\",\"target\":[\"https:\\\/\\\/aliancaevangelica.pt\\\/site\\\/as-artesas-do-tabernaculo\\\/#respond\"]}]},{\"@type\":\"WebPage\",\"@id\":\"https:\\\/\\\/aliancaevangelica.pt\\\/site\\\/as-artesas-do-tabernaculo\\\/\",\"url\":\"https:\\\/\\\/aliancaevangelica.pt\\\/site\\\/as-artesas-do-tabernaculo\\\/\",\"name\":\"As artes\u00e3s do tabern\u00e1culo - AEP\",\"isPartOf\":{\"@id\":\"https:\\\/\\\/aliancaevangelica.pt\\\/site\\\/#website\"},\"primaryImageOfPage\":{\"@id\":\"https:\\\/\\\/aliancaevangelica.pt\\\/site\\\/as-artesas-do-tabernaculo\\\/#primaryimage\"},\"image\":{\"@id\":\"https:\\\/\\\/aliancaevangelica.pt\\\/site\\\/as-artesas-do-tabernaculo\\\/#primaryimage\"},\"thumbnailUrl\":\"https:\\\/\\\/aliancaevangelica.pt\\\/site\\\/wp-content\\\/uploads\\\/2022\\\/10\\\/Artesa\u0303s-do-taberna\u0301culo.jpg\",\"datePublished\":\"2022-10-07T10:50:20+00:00\",\"dateModified\":\"2022-10-07T10:50:23+00:00\",\"breadcrumb\":{\"@id\":\"https:\\\/\\\/aliancaevangelica.pt\\\/site\\\/as-artesas-do-tabernaculo\\\/#breadcrumb\"},\"inLanguage\":\"pt-PT\",\"potentialAction\":[{\"@type\":\"ReadAction\",\"target\":[\"https:\\\/\\\/aliancaevangelica.pt\\\/site\\\/as-artesas-do-tabernaculo\\\/\"]}]},{\"@type\":\"ImageObject\",\"inLanguage\":\"pt-PT\",\"@id\":\"https:\\\/\\\/aliancaevangelica.pt\\\/site\\\/as-artesas-do-tabernaculo\\\/#primaryimage\",\"url\":\"https:\\\/\\\/aliancaevangelica.pt\\\/site\\\/wp-content\\\/uploads\\\/2022\\\/10\\\/Artesa\u0303s-do-taberna\u0301culo.jpg\",\"contentUrl\":\"https:\\\/\\\/aliancaevangelica.pt\\\/site\\\/wp-content\\\/uploads\\\/2022\\\/10\\\/Artesa\u0303s-do-taberna\u0301culo.jpg\",\"width\":960,\"height\":640},{\"@type\":\"BreadcrumbList\",\"@id\":\"https:\\\/\\\/aliancaevangelica.pt\\\/site\\\/as-artesas-do-tabernaculo\\\/#breadcrumb\",\"itemListElement\":[{\"@type\":\"ListItem\",\"position\":1,\"name\":\"In\u00edcio\",\"item\":\"https:\\\/\\\/aliancaevangelica.pt\\\/site\\\/\"},{\"@type\":\"ListItem\",\"position\":2,\"name\":\"As artes\u00e3s do tabern\u00e1culo\"}]},{\"@type\":\"WebSite\",\"@id\":\"https:\\\/\\\/aliancaevangelica.pt\\\/site\\\/#website\",\"url\":\"https:\\\/\\\/aliancaevangelica.pt\\\/site\\\/\",\"name\":\"Alian\u00e7a Evang\u00e9lica Portuguesa\",\"description\":\"Alian\u00e7a Evang\u00e9lica Portuguesa\",\"publisher\":{\"@id\":\"https:\\\/\\\/aliancaevangelica.pt\\\/site\\\/#organization\"},\"potentialAction\":[{\"@type\":\"SearchAction\",\"target\":{\"@type\":\"EntryPoint\",\"urlTemplate\":\"https:\\\/\\\/aliancaevangelica.pt\\\/site\\\/?s={search_term_string}\"},\"query-input\":{\"@type\":\"PropertyValueSpecification\",\"valueRequired\":true,\"valueName\":\"search_term_string\"}}],\"inLanguage\":\"pt-PT\"},{\"@type\":\"Organization\",\"@id\":\"https:\\\/\\\/aliancaevangelica.pt\\\/site\\\/#organization\",\"name\":\"Alian\u00e7a Evang\u00e9lica Portuguesa\",\"url\":\"https:\\\/\\\/aliancaevangelica.pt\\\/site\\\/\",\"logo\":{\"@type\":\"ImageObject\",\"inLanguage\":\"pt-PT\",\"@id\":\"https:\\\/\\\/aliancaevangelica.pt\\\/site\\\/#\\\/schema\\\/logo\\\/image\\\/\",\"url\":\"https:\\\/\\\/aliancaevangelica.pt\\\/site\\\/wp-content\\\/uploads\\\/2017\\\/11\\\/logo-AEP-cor.png\",\"contentUrl\":\"https:\\\/\\\/aliancaevangelica.pt\\\/site\\\/wp-content\\\/uploads\\\/2017\\\/11\\\/logo-AEP-cor.png\",\"width\":1156,\"height\":672,\"caption\":\"Alian\u00e7a Evang\u00e9lica Portuguesa\"},\"image\":{\"@id\":\"https:\\\/\\\/aliancaevangelica.pt\\\/site\\\/#\\\/schema\\\/logo\\\/image\\\/\"},\"sameAs\":[\"http:\\\/\\\/facebook.com\\\/aeportuguesa\",\"http:\\\/\\\/instagram.com\\\/aliancaep\",\"http:\\\/\\\/youtube.com\\\/aeportuguesa\"]},{\"@type\":\"Person\",\"@id\":\"https:\\\/\\\/aliancaevangelica.pt\\\/site\\\/#\\\/schema\\\/person\\\/3b47cfc7535eff1e820f31c2d67eafcf\",\"name\":\"AEP\",\"sameAs\":[\"aeportugal\"],\"url\":\"https:\\\/\\\/aliancaevangelica.pt\\\/site\\\/author\\\/aeportugal\\\/\"}]}<\/script>\n<!-- \/ Yoast SEO plugin. -->","yoast_head_json":{"title":"As artes\u00e3s do tabern\u00e1culo - AEP","robots":{"index":"index","follow":"follow","max-snippet":"max-snippet:-1","max-image-preview":"max-image-preview:large","max-video-preview":"max-video-preview:-1"},"canonical":"https:\/\/aliancaevangelica.pt\/site\/as-artesas-do-tabernaculo\/","og_locale":"pt_PT","og_type":"article","og_title":"As artes\u00e3s do tabern\u00e1culo - AEP","og_description":"No livro de \u00caxodo, nos cap\u00edtulos 31 e 35, encontramos o relato da proje\u00e7\u00e3o da constru\u00e7\u00e3o do tabern\u00e1culo, que \u00e9 extraordin\u00e1rio. Convido-a a fazer uma leitura atenta dele e certamente ser\u00e1 aben\u00e7oada. Por vezes estes cap\u00edtulos passam-nos um pouco ao lado porque a dist\u00e2ncia cultural dificulta a nossa perce\u00e7\u00e3o. No entanto, este \u00e9 um texto","og_url":"https:\/\/aliancaevangelica.pt\/site\/as-artesas-do-tabernaculo\/","og_site_name":"AEP","article_publisher":"http:\/\/facebook.com\/aeportuguesa","article_author":"aeportugal","article_published_time":"2022-10-07T10:50:20+00:00","article_modified_time":"2022-10-07T10:50:23+00:00","og_image":[{"width":960,"height":640,"url":"https:\/\/aliancaevangelica.pt\/site\/wp-content\/uploads\/2022\/10\/Artesa\u0303s-do-taberna\u0301culo.jpg","type":"image\/jpeg"}],"author":"AEP","twitter_card":"summary_large_image","twitter_misc":{"Escrito por":"AEP","Tempo estimado de leitura":"4 minutos"},"schema":{"@context":"https:\/\/schema.org","@graph":[{"@type":"Article","@id":"https:\/\/aliancaevangelica.pt\/site\/as-artesas-do-tabernaculo\/#article","isPartOf":{"@id":"https:\/\/aliancaevangelica.pt\/site\/as-artesas-do-tabernaculo\/"},"author":{"name":"AEP","@id":"https:\/\/aliancaevangelica.pt\/site\/#\/schema\/person\/3b47cfc7535eff1e820f31c2d67eafcf"},"headline":"As artes\u00e3s do tabern\u00e1culo","datePublished":"2022-10-07T10:50:20+00:00","dateModified":"2022-10-07T10:50:23+00:00","mainEntityOfPage":{"@id":"https:\/\/aliancaevangelica.pt\/site\/as-artesas-do-tabernaculo\/"},"wordCount":765,"commentCount":0,"publisher":{"@id":"https:\/\/aliancaevangelica.pt\/site\/#organization"},"image":{"@id":"https:\/\/aliancaevangelica.pt\/site\/as-artesas-do-tabernaculo\/#primaryimage"},"thumbnailUrl":"https:\/\/aliancaevangelica.pt\/site\/wp-content\/uploads\/2022\/10\/Artesa\u0303s-do-taberna\u0301culo.jpg","articleSection":["1-Geral","Mulheres"],"inLanguage":"pt-PT","potentialAction":[{"@type":"CommentAction","name":"Comment","target":["https:\/\/aliancaevangelica.pt\/site\/as-artesas-do-tabernaculo\/#respond"]}]},{"@type":"WebPage","@id":"https:\/\/aliancaevangelica.pt\/site\/as-artesas-do-tabernaculo\/","url":"https:\/\/aliancaevangelica.pt\/site\/as-artesas-do-tabernaculo\/","name":"As artes\u00e3s do tabern\u00e1culo - AEP","isPartOf":{"@id":"https:\/\/aliancaevangelica.pt\/site\/#website"},"primaryImageOfPage":{"@id":"https:\/\/aliancaevangelica.pt\/site\/as-artesas-do-tabernaculo\/#primaryimage"},"image":{"@id":"https:\/\/aliancaevangelica.pt\/site\/as-artesas-do-tabernaculo\/#primaryimage"},"thumbnailUrl":"https:\/\/aliancaevangelica.pt\/site\/wp-content\/uploads\/2022\/10\/Artesa\u0303s-do-taberna\u0301culo.jpg","datePublished":"2022-10-07T10:50:20+00:00","dateModified":"2022-10-07T10:50:23+00:00","breadcrumb":{"@id":"https:\/\/aliancaevangelica.pt\/site\/as-artesas-do-tabernaculo\/#breadcrumb"},"inLanguage":"pt-PT","potentialAction":[{"@type":"ReadAction","target":["https:\/\/aliancaevangelica.pt\/site\/as-artesas-do-tabernaculo\/"]}]},{"@type":"ImageObject","inLanguage":"pt-PT","@id":"https:\/\/aliancaevangelica.pt\/site\/as-artesas-do-tabernaculo\/#primaryimage","url":"https:\/\/aliancaevangelica.pt\/site\/wp-content\/uploads\/2022\/10\/Artesa\u0303s-do-taberna\u0301culo.jpg","contentUrl":"https:\/\/aliancaevangelica.pt\/site\/wp-content\/uploads\/2022\/10\/Artesa\u0303s-do-taberna\u0301culo.jpg","width":960,"height":640},{"@type":"BreadcrumbList","@id":"https:\/\/aliancaevangelica.pt\/site\/as-artesas-do-tabernaculo\/#breadcrumb","itemListElement":[{"@type":"ListItem","position":1,"name":"In\u00edcio","item":"https:\/\/aliancaevangelica.pt\/site\/"},{"@type":"ListItem","position":2,"name":"As artes\u00e3s do tabern\u00e1culo"}]},{"@type":"WebSite","@id":"https:\/\/aliancaevangelica.pt\/site\/#website","url":"https:\/\/aliancaevangelica.pt\/site\/","name":"Alian\u00e7a Evang\u00e9lica Portuguesa","description":"Alian\u00e7a Evang\u00e9lica Portuguesa","publisher":{"@id":"https:\/\/aliancaevangelica.pt\/site\/#organization"},"potentialAction":[{"@type":"SearchAction","target":{"@type":"EntryPoint","urlTemplate":"https:\/\/aliancaevangelica.pt\/site\/?s={search_term_string}"},"query-input":{"@type":"PropertyValueSpecification","valueRequired":true,"valueName":"search_term_string"}}],"inLanguage":"pt-PT"},{"@type":"Organization","@id":"https:\/\/aliancaevangelica.pt\/site\/#organization","name":"Alian\u00e7a Evang\u00e9lica Portuguesa","url":"https:\/\/aliancaevangelica.pt\/site\/","logo":{"@type":"ImageObject","inLanguage":"pt-PT","@id":"https:\/\/aliancaevangelica.pt\/site\/#\/schema\/logo\/image\/","url":"https:\/\/aliancaevangelica.pt\/site\/wp-content\/uploads\/2017\/11\/logo-AEP-cor.png","contentUrl":"https:\/\/aliancaevangelica.pt\/site\/wp-content\/uploads\/2017\/11\/logo-AEP-cor.png","width":1156,"height":672,"caption":"Alian\u00e7a Evang\u00e9lica Portuguesa"},"image":{"@id":"https:\/\/aliancaevangelica.pt\/site\/#\/schema\/logo\/image\/"},"sameAs":["http:\/\/facebook.com\/aeportuguesa","http:\/\/instagram.com\/aliancaep","http:\/\/youtube.com\/aeportuguesa"]},{"@type":"Person","@id":"https:\/\/aliancaevangelica.pt\/site\/#\/schema\/person\/3b47cfc7535eff1e820f31c2d67eafcf","name":"AEP","sameAs":["aeportugal"],"url":"https:\/\/aliancaevangelica.pt\/site\/author\/aeportugal\/"}]}},"uagb_featured_image_src":{"full":["https:\/\/aliancaevangelica.pt\/site\/wp-content\/uploads\/2022\/10\/Artesa\u0303s-do-taberna\u0301culo.jpg",960,640,false],"thumbnail":["https:\/\/aliancaevangelica.pt\/site\/wp-content\/uploads\/2022\/10\/Artesa\u0303s-do-taberna\u0301culo-150x150.jpg",150,150,true],"medium":["https:\/\/aliancaevangelica.pt\/site\/wp-content\/uploads\/2022\/10\/Artesa\u0303s-do-taberna\u0301culo-300x200.jpg",300,200,true],"medium_large":["https:\/\/aliancaevangelica.pt\/site\/wp-content\/uploads\/2022\/10\/Artesa\u0303s-do-taberna\u0301culo-768x512.jpg",768,512,true],"large":["https:\/\/aliancaevangelica.pt\/site\/wp-content\/uploads\/2022\/10\/Artesa\u0303s-do-taberna\u0301culo.jpg",960,640,false],"1536x1536":["https:\/\/aliancaevangelica.pt\/site\/wp-content\/uploads\/2022\/10\/Artesa\u0303s-do-taberna\u0301culo.jpg",960,640,false],"2048x2048":["https:\/\/aliancaevangelica.pt\/site\/wp-content\/uploads\/2022\/10\/Artesa\u0303s-do-taberna\u0301culo.jpg",960,640,false],"vp_sm":["https:\/\/aliancaevangelica.pt\/site\/wp-content\/uploads\/2022\/10\/Artesa\u0303s-do-taberna\u0301culo.jpg",500,333,false],"vp_md":["https:\/\/aliancaevangelica.pt\/site\/wp-content\/uploads\/2022\/10\/Artesa\u0303s-do-taberna\u0301culo.jpg",800,533,false],"vp_lg":["https:\/\/aliancaevangelica.pt\/site\/wp-content\/uploads\/2022\/10\/Artesa\u0303s-do-taberna\u0301culo.jpg",960,640,false],"vp_xl":["https:\/\/aliancaevangelica.pt\/site\/wp-content\/uploads\/2022\/10\/Artesa\u0303s-do-taberna\u0301culo.jpg",960,640,false],"vp_sm_popup":["https:\/\/aliancaevangelica.pt\/site\/wp-content\/uploads\/2022\/10\/Artesa\u0303s-do-taberna\u0301culo.jpg",500,333,false],"vp_md_popup":["https:\/\/aliancaevangelica.pt\/site\/wp-content\/uploads\/2022\/10\/Artesa\u0303s-do-taberna\u0301culo.jpg",800,533,false],"vp_xl_popup":["https:\/\/aliancaevangelica.pt\/site\/wp-content\/uploads\/2022\/10\/Artesa\u0303s-do-taberna\u0301culo.jpg",960,640,false],"newsx-150x100":["https:\/\/aliancaevangelica.pt\/site\/wp-content\/uploads\/2022\/10\/Artesa\u0303s-do-taberna\u0301culo.jpg",150,100,false],"newsx-330x220":["https:\/\/aliancaevangelica.pt\/site\/wp-content\/uploads\/2022\/10\/Artesa\u0303s-do-taberna\u0301culo.jpg",330,220,false],"newsx-420x280":["https:\/\/aliancaevangelica.pt\/site\/wp-content\/uploads\/2022\/10\/Artesa\u0303s-do-taberna\u0301culo.jpg",420,280,false],"newsx-510x340":["https:\/\/aliancaevangelica.pt\/site\/wp-content\/uploads\/2022\/10\/Artesa\u0303s-do-taberna\u0301culo.jpg",510,340,false],"newsx-640x480":["https:\/\/aliancaevangelica.pt\/site\/wp-content\/uploads\/2022\/10\/Artesa\u0303s-do-taberna\u0301culo.jpg",640,427,false],"newsx-670x370":["https:\/\/aliancaevangelica.pt\/site\/wp-content\/uploads\/2022\/10\/Artesa\u0303s-do-taberna\u0301culo.jpg",555,370,false],"newsx-860x570":["https:\/\/aliancaevangelica.pt\/site\/wp-content\/uploads\/2022\/10\/Artesa\u0303s-do-taberna\u0301culo.jpg",855,570,false],"newsx-1000x750":["https:\/\/aliancaevangelica.pt\/site\/wp-content\/uploads\/2022\/10\/Artesa\u0303s-do-taberna\u0301culo.jpg",960,640,false],"newsx-1200x600":["https:\/\/aliancaevangelica.pt\/site\/wp-content\/uploads\/2022\/10\/Artesa\u0303s-do-taberna\u0301culo.jpg",900,600,false]},"uagb_author_info":{"display_name":"AEP","author_link":"https:\/\/aliancaevangelica.pt\/site\/author\/aeportugal\/"},"uagb_comment_info":0,"uagb_excerpt":"No livro de \u00caxodo, nos cap\u00edtulos 31 e 35, encontramos o relato da proje\u00e7\u00e3o da constru\u00e7\u00e3o do tabern\u00e1culo, que \u00e9 extraordin\u00e1rio. Convido-a a fazer uma leitura atenta dele e certamente ser\u00e1 aben\u00e7oada. Por vezes estes cap\u00edtulos passam-nos um pouco ao lado porque a dist\u00e2ncia cultural dificulta a nossa perce\u00e7\u00e3o. No entanto, este \u00e9 um texto","_links":{"self":[{"href":"https:\/\/aliancaevangelica.pt\/site\/wp-json\/wp\/v2\/posts\/19798","targetHints":{"allow":["GET"]}}],"collection":[{"href":"https:\/\/aliancaevangelica.pt\/site\/wp-json\/wp\/v2\/posts"}],"about":[{"href":"https:\/\/aliancaevangelica.pt\/site\/wp-json\/wp\/v2\/types\/post"}],"author":[{"embeddable":true,"href":"https:\/\/aliancaevangelica.pt\/site\/wp-json\/wp\/v2\/users\/2"}],"replies":[{"embeddable":true,"href":"https:\/\/aliancaevangelica.pt\/site\/wp-json\/wp\/v2\/comments?post=19798"}],"version-history":[{"count":1,"href":"https:\/\/aliancaevangelica.pt\/site\/wp-json\/wp\/v2\/posts\/19798\/revisions"}],"predecessor-version":[{"id":19800,"href":"https:\/\/aliancaevangelica.pt\/site\/wp-json\/wp\/v2\/posts\/19798\/revisions\/19800"}],"wp:featuredmedia":[{"embeddable":true,"href":"https:\/\/aliancaevangelica.pt\/site\/wp-json\/wp\/v2\/media\/19799"}],"wp:attachment":[{"href":"https:\/\/aliancaevangelica.pt\/site\/wp-json\/wp\/v2\/media?parent=19798"}],"wp:term":[{"taxonomy":"category","embeddable":true,"href":"https:\/\/aliancaevangelica.pt\/site\/wp-json\/wp\/v2\/categories?post=19798"},{"taxonomy":"post_tag","embeddable":true,"href":"https:\/\/aliancaevangelica.pt\/site\/wp-json\/wp\/v2\/tags?post=19798"}],"curies":[{"name":"wp","href":"https:\/\/api.w.org\/{rel}","templated":true}]}}