{"id":19749,"date":"2022-09-09T14:42:39","date_gmt":"2022-09-09T14:42:39","guid":{"rendered":"https:\/\/aliancaevangelica.pt\/site\/?p=19749"},"modified":"2022-09-12T16:26:50","modified_gmt":"2022-09-12T16:26:50","slug":"aproveite-a-oportunidade","status":"publish","type":"post","link":"https:\/\/aliancaevangelica.pt\/site\/aproveite-a-oportunidade\/","title":{"rendered":"Aproveite a oportunidade"},"content":{"rendered":"<p class=\"p1\">&#8220;A vida \u00e9 feita de oportunidades&#8221;, ouvimos regularmente. At\u00e9 parece que vivemos meio \u00e0 deriva, \u00e0 espera de encontrar uma boa oportunidade, ao acaso, para alcan\u00e7armos algo que desejamos, ir a um lugar onde nunca fomos, ou adquirir um bem que de outra forma seria imposs\u00edvel de ter.<\/p>\n<p class=\"p1\">Mas\u2026 E quando surge a oportunidade de impactar a vida de algu\u00e9m, conhecendo ou n\u00e3o essa pessoa, num impulso natural de beneficiar o outro sem esperar nada em troca?<\/p>\n<p class=\"p1\">Acredito que Deus coloca em n\u00f3s esse sentido de oportunidade e n\u00e3o, nunca \u00e9 aleat\u00f3rio, pois Deus, que dirige a nossa vida, cria as oportunidades certas e os desejos certos no nosso cora\u00e7\u00e3o.<\/p>\n<p class=\"p1\">Hoje deixo aqui um testemunho breve de algu\u00e9m que aproveitou uma oportunidade (por acaso \u00e9 a minha m\u00e3e) para aben\u00e7oar a vida de uma estranha, algu\u00e9m que nunca tinha conhecido e provavelmente nunca voltar\u00e1 a ver. Contudo, aproveitou a oportunidade e fez o que sentiu no seu cora\u00e7\u00e3o. Aqui est\u00e1:<\/p>\n<p class=\"p1\">&#8220;A pensar que hoje foi um dia agitado, finalmente cheg\u00e1mos a casa j\u00e1 em cima das 20 horas. Tive uma consulta de Reumatologia no hospital Sta. Maria e quem era o m\u00e9dico? O mesmo que na sexta-feira passada o meu marido consultara, na mesma especialidade. Muito atento, muitas perguntas, muitos estic\u00f5es e mais exames e medicamentos. Antes de sair de casa, senti levar comigo o meu livro &#8220;Minha hist\u00f3ria Meus poemas&#8221;. Hesitei, mas levei-o.<\/p>\n<p><img loading=\"lazy\" decoding=\"async\" class=\"size-medium wp-image-19751 alignleft\" src=\"https:\/\/aliancaevangelica.pt\/site\/wp-content\/uploads\/2022\/09\/Minha-histo\u0301ria-meus-poemas-225x300.jpg\" alt=\"\" width=\"225\" height=\"300\" srcset=\"https:\/\/aliancaevangelica.pt\/site\/wp-content\/uploads\/2022\/09\/Minha-histo\u0301ria-meus-poemas-225x300.jpg 225w, https:\/\/aliancaevangelica.pt\/site\/wp-content\/uploads\/2022\/09\/Minha-histo\u0301ria-meus-poemas-560x747.jpg 560w, https:\/\/aliancaevangelica.pt\/site\/wp-content\/uploads\/2022\/09\/Minha-histo\u0301ria-meus-poemas.jpg 612w\" sizes=\"auto, (max-width: 225px) 100vw, 225px\" \/><\/p>\n<p class=\"p1\">J\u00e1 sentada na sala de espera, perguntava-me: Porque \u00e9 que trouxe o livro? Vou oferecer a quem? Ao meu lado, sentou-se uma senhora talvez de 40 anos, alta, magra. De m\u00e1scara, \u00e9 dif\u00edcil identificar e n\u00e3o nos olh\u00e1mos de frente. Continuei inquieta: Deus, a quem vou dar o livro? Se essa senhora falar contigo por qualquer motivo, \u00e9 esse o sinal.<\/p>\n<p class=\"p1\">Um tempo depois a senhora levantou-se e perguntou se eu olhava pelos seus pertences que ficaram na cadeira. Fiquei mais nervosa\u2026 Quando a senhora voltou, peguei no livro e numa caneta e perguntei: \u201cA senhora gosta de ler?\u201d Um pouco hesitante, respondeu: &#8220;Sim, gosto&#8221;. Perguntei, ent\u00e3o: \u201cPosso oferecer-lhe um livro?\u201d Acenou com a cabe\u00e7a num gesto que interpretei como um sim e perguntei-lhe o nome. &#8220;Chamo-me Ana&#8221;. Escrevi uma pequena dedicat\u00f3ria e entreguei.<\/p>\n<p class=\"p1\">&#8220;N\u00e3o trouxe os \u00f3culos, mas um pouco ao longe consigo ler&#8221;, disse timidamente.<\/p>\n<p class=\"p1\">Expliquei-lhe: &#8220;\u00c9 um pouco da minha hist\u00f3ria de vida, desculpe a simplicidade, ofere\u00e7o com carinho.&#8221; Come\u00e7ou a ler. Passados uns 10 minutos, abriu a mala \u00e0 pressa e tirou um len\u00e7o para enxugar as l\u00e1grimas. Pouco depois, saiu a indica\u00e7\u00e3o para a consulta dela, agradeceu e n\u00e3o a vi mais.<\/p>\n<p class=\"p1\">Interessante o que o nosso Pastor tem falado acerca do que devemos arriscar no que sentimos ser de Deus, mas eu tenho sempre muito medo. Semeei e agora fica nas m\u00e3os do Pai.&#8221; Carlota Roque<\/p>\n<p class=\"p1\">No dia seguinte, a minha m\u00e3e ligou-me e contou-me que j\u00e1 nem se lembrava que tinha escrito o n\u00famero do telem\u00f3vel dela num canto de uma p\u00e1gina do livro. Ent\u00e3o a senhora enviou-lhe uma mensagem na qual agradecia o livro, contando que j\u00e1 tinha terminado a leitura e que tinha encontrado algo que h\u00e1 muito procurava e precisava: f\u00e9. A minha m\u00e3e ficou muito feliz. Ela disse-me que, de futuro, ir\u00e1 enviar algumas mensagens \u00e0 senhora, quem sabe ela ir\u00e1 encontrar paz e seguran\u00e7a em Jesus.<\/p>\n<p class=\"p1\">Que oportunidades vamos aproveitar hoje?<\/p>\n<p>[movedo_single_image image=&#8221;19748&#8243; animation=&#8221;grve-zoom-in&#8221;]<\/p>\n<p class=\"p1\">Rute Lopes<\/p>\n<div>Serve a Deus, com o seu marido, Pr. Samuel Lopes, na igreja em Vila Ch\u00e3<\/div>\n<p class=\"p1\">\n","protected":false},"excerpt":{"rendered":"<p>&#8220;A vida \u00e9 feita de oportunidades&#8221;, ouvimos regularmente. At\u00e9 parece que vivemos meio \u00e0 deriva, \u00e0 espera de encontrar uma boa oportunidade, ao acaso, para alcan\u00e7armos algo que desejamos, ir a um lugar onde nunca fomos, ou adquirir um bem que de outra forma seria imposs\u00edvel de ter. Mas\u2026 E quando surge a oportunidade de<\/p>\n","protected":false},"author":2,"featured_media":19750,"comment_status":"open","ping_status":"open","sticky":false,"template":"","format":"standard","meta":{"_uag_custom_page_level_css":"","_themeisle_gutenberg_block_has_review":false,"_vp_format_video_url":"","_vp_image_focal_point":[],"footnotes":""},"categories":[45,47],"tags":[],"class_list":["post-19749","post","type-post","status-publish","format-standard","has-post-thumbnail","hentry","category-geral","category-mulheres"],"yoast_head":"<!-- This site is optimized with the Yoast SEO plugin v27.5 - https:\/\/yoast.com\/product\/yoast-seo-wordpress\/ -->\n<title>Aproveite a oportunidade - AEP<\/title>\n<meta name=\"robots\" content=\"index, follow, max-snippet:-1, max-image-preview:large, max-video-preview:-1\" \/>\n<link rel=\"canonical\" href=\"https:\/\/aliancaevangelica.pt\/site\/aproveite-a-oportunidade\/\" \/>\n<meta property=\"og:locale\" content=\"pt_PT\" \/>\n<meta property=\"og:type\" content=\"article\" \/>\n<meta property=\"og:title\" content=\"Aproveite a oportunidade - AEP\" \/>\n<meta property=\"og:description\" content=\"&#8220;A vida \u00e9 feita de oportunidades&#8221;, ouvimos regularmente. At\u00e9 parece que vivemos meio \u00e0 deriva, \u00e0 espera de encontrar uma boa oportunidade, ao acaso, para alcan\u00e7armos algo que desejamos, ir a um lugar onde nunca fomos, ou adquirir um bem que de outra forma seria imposs\u00edvel de ter. Mas\u2026 E quando surge a oportunidade de\" \/>\n<meta property=\"og:url\" content=\"https:\/\/aliancaevangelica.pt\/site\/aproveite-a-oportunidade\/\" \/>\n<meta property=\"og:site_name\" content=\"AEP\" \/>\n<meta property=\"article:publisher\" content=\"http:\/\/facebook.com\/aeportuguesa\" \/>\n<meta property=\"article:author\" content=\"aeportugal\" \/>\n<meta property=\"article:published_time\" content=\"2022-09-09T14:42:39+00:00\" \/>\n<meta property=\"article:modified_time\" content=\"2022-09-12T16:26:50+00:00\" \/>\n<meta property=\"og:image\" content=\"https:\/\/aliancaevangelica.pt\/site\/wp-content\/uploads\/2022\/09\/livro.jpg\" \/>\n\t<meta property=\"og:image:width\" content=\"960\" \/>\n\t<meta property=\"og:image:height\" content=\"488\" \/>\n\t<meta property=\"og:image:type\" content=\"image\/jpeg\" \/>\n<meta name=\"author\" content=\"AEP\" \/>\n<meta name=\"twitter:card\" content=\"summary_large_image\" \/>\n<meta name=\"twitter:label1\" content=\"Escrito por\" \/>\n\t<meta name=\"twitter:data1\" content=\"AEP\" \/>\n\t<meta name=\"twitter:label2\" content=\"Tempo estimado de leitura\" \/>\n\t<meta name=\"twitter:data2\" content=\"3 minutos\" \/>\n<script type=\"application\/ld+json\" class=\"yoast-schema-graph\">{\"@context\":\"https:\\\/\\\/schema.org\",\"@graph\":[{\"@type\":\"Article\",\"@id\":\"https:\\\/\\\/aliancaevangelica.pt\\\/site\\\/aproveite-a-oportunidade\\\/#article\",\"isPartOf\":{\"@id\":\"https:\\\/\\\/aliancaevangelica.pt\\\/site\\\/aproveite-a-oportunidade\\\/\"},\"author\":{\"name\":\"AEP\",\"@id\":\"https:\\\/\\\/aliancaevangelica.pt\\\/site\\\/#\\\/schema\\\/person\\\/3b47cfc7535eff1e820f31c2d67eafcf\"},\"headline\":\"Aproveite a oportunidade\",\"datePublished\":\"2022-09-09T14:42:39+00:00\",\"dateModified\":\"2022-09-12T16:26:50+00:00\",\"mainEntityOfPage\":{\"@id\":\"https:\\\/\\\/aliancaevangelica.pt\\\/site\\\/aproveite-a-oportunidade\\\/\"},\"wordCount\":609,\"commentCount\":0,\"publisher\":{\"@id\":\"https:\\\/\\\/aliancaevangelica.pt\\\/site\\\/#organization\"},\"image\":{\"@id\":\"https:\\\/\\\/aliancaevangelica.pt\\\/site\\\/aproveite-a-oportunidade\\\/#primaryimage\"},\"thumbnailUrl\":\"https:\\\/\\\/aliancaevangelica.pt\\\/site\\\/wp-content\\\/uploads\\\/2022\\\/09\\\/livro.jpg\",\"articleSection\":[\"1-Geral\",\"Mulheres\"],\"inLanguage\":\"pt-PT\",\"potentialAction\":[{\"@type\":\"CommentAction\",\"name\":\"Comment\",\"target\":[\"https:\\\/\\\/aliancaevangelica.pt\\\/site\\\/aproveite-a-oportunidade\\\/#respond\"]}]},{\"@type\":\"WebPage\",\"@id\":\"https:\\\/\\\/aliancaevangelica.pt\\\/site\\\/aproveite-a-oportunidade\\\/\",\"url\":\"https:\\\/\\\/aliancaevangelica.pt\\\/site\\\/aproveite-a-oportunidade\\\/\",\"name\":\"Aproveite a oportunidade - AEP\",\"isPartOf\":{\"@id\":\"https:\\\/\\\/aliancaevangelica.pt\\\/site\\\/#website\"},\"primaryImageOfPage\":{\"@id\":\"https:\\\/\\\/aliancaevangelica.pt\\\/site\\\/aproveite-a-oportunidade\\\/#primaryimage\"},\"image\":{\"@id\":\"https:\\\/\\\/aliancaevangelica.pt\\\/site\\\/aproveite-a-oportunidade\\\/#primaryimage\"},\"thumbnailUrl\":\"https:\\\/\\\/aliancaevangelica.pt\\\/site\\\/wp-content\\\/uploads\\\/2022\\\/09\\\/livro.jpg\",\"datePublished\":\"2022-09-09T14:42:39+00:00\",\"dateModified\":\"2022-09-12T16:26:50+00:00\",\"breadcrumb\":{\"@id\":\"https:\\\/\\\/aliancaevangelica.pt\\\/site\\\/aproveite-a-oportunidade\\\/#breadcrumb\"},\"inLanguage\":\"pt-PT\",\"potentialAction\":[{\"@type\":\"ReadAction\",\"target\":[\"https:\\\/\\\/aliancaevangelica.pt\\\/site\\\/aproveite-a-oportunidade\\\/\"]}]},{\"@type\":\"ImageObject\",\"inLanguage\":\"pt-PT\",\"@id\":\"https:\\\/\\\/aliancaevangelica.pt\\\/site\\\/aproveite-a-oportunidade\\\/#primaryimage\",\"url\":\"https:\\\/\\\/aliancaevangelica.pt\\\/site\\\/wp-content\\\/uploads\\\/2022\\\/09\\\/livro.jpg\",\"contentUrl\":\"https:\\\/\\\/aliancaevangelica.pt\\\/site\\\/wp-content\\\/uploads\\\/2022\\\/09\\\/livro.jpg\",\"width\":960,\"height\":488},{\"@type\":\"BreadcrumbList\",\"@id\":\"https:\\\/\\\/aliancaevangelica.pt\\\/site\\\/aproveite-a-oportunidade\\\/#breadcrumb\",\"itemListElement\":[{\"@type\":\"ListItem\",\"position\":1,\"name\":\"In\u00edcio\",\"item\":\"https:\\\/\\\/aliancaevangelica.pt\\\/site\\\/\"},{\"@type\":\"ListItem\",\"position\":2,\"name\":\"Aproveite a oportunidade\"}]},{\"@type\":\"WebSite\",\"@id\":\"https:\\\/\\\/aliancaevangelica.pt\\\/site\\\/#website\",\"url\":\"https:\\\/\\\/aliancaevangelica.pt\\\/site\\\/\",\"name\":\"Alian\u00e7a Evang\u00e9lica Portuguesa\",\"description\":\"Alian\u00e7a Evang\u00e9lica Portuguesa\",\"publisher\":{\"@id\":\"https:\\\/\\\/aliancaevangelica.pt\\\/site\\\/#organization\"},\"potentialAction\":[{\"@type\":\"SearchAction\",\"target\":{\"@type\":\"EntryPoint\",\"urlTemplate\":\"https:\\\/\\\/aliancaevangelica.pt\\\/site\\\/?s={search_term_string}\"},\"query-input\":{\"@type\":\"PropertyValueSpecification\",\"valueRequired\":true,\"valueName\":\"search_term_string\"}}],\"inLanguage\":\"pt-PT\"},{\"@type\":\"Organization\",\"@id\":\"https:\\\/\\\/aliancaevangelica.pt\\\/site\\\/#organization\",\"name\":\"Alian\u00e7a Evang\u00e9lica Portuguesa\",\"url\":\"https:\\\/\\\/aliancaevangelica.pt\\\/site\\\/\",\"logo\":{\"@type\":\"ImageObject\",\"inLanguage\":\"pt-PT\",\"@id\":\"https:\\\/\\\/aliancaevangelica.pt\\\/site\\\/#\\\/schema\\\/logo\\\/image\\\/\",\"url\":\"https:\\\/\\\/aliancaevangelica.pt\\\/site\\\/wp-content\\\/uploads\\\/2017\\\/11\\\/logo-AEP-cor.png\",\"contentUrl\":\"https:\\\/\\\/aliancaevangelica.pt\\\/site\\\/wp-content\\\/uploads\\\/2017\\\/11\\\/logo-AEP-cor.png\",\"width\":1156,\"height\":672,\"caption\":\"Alian\u00e7a Evang\u00e9lica Portuguesa\"},\"image\":{\"@id\":\"https:\\\/\\\/aliancaevangelica.pt\\\/site\\\/#\\\/schema\\\/logo\\\/image\\\/\"},\"sameAs\":[\"http:\\\/\\\/facebook.com\\\/aeportuguesa\",\"http:\\\/\\\/instagram.com\\\/aliancaep\",\"http:\\\/\\\/youtube.com\\\/aeportuguesa\"]},{\"@type\":\"Person\",\"@id\":\"https:\\\/\\\/aliancaevangelica.pt\\\/site\\\/#\\\/schema\\\/person\\\/3b47cfc7535eff1e820f31c2d67eafcf\",\"name\":\"AEP\",\"sameAs\":[\"aeportugal\"],\"url\":\"https:\\\/\\\/aliancaevangelica.pt\\\/site\\\/author\\\/aeportugal\\\/\"}]}<\/script>\n<!-- \/ Yoast SEO plugin. -->","yoast_head_json":{"title":"Aproveite a oportunidade - AEP","robots":{"index":"index","follow":"follow","max-snippet":"max-snippet:-1","max-image-preview":"max-image-preview:large","max-video-preview":"max-video-preview:-1"},"canonical":"https:\/\/aliancaevangelica.pt\/site\/aproveite-a-oportunidade\/","og_locale":"pt_PT","og_type":"article","og_title":"Aproveite a oportunidade - AEP","og_description":"&#8220;A vida \u00e9 feita de oportunidades&#8221;, ouvimos regularmente. At\u00e9 parece que vivemos meio \u00e0 deriva, \u00e0 espera de encontrar uma boa oportunidade, ao acaso, para alcan\u00e7armos algo que desejamos, ir a um lugar onde nunca fomos, ou adquirir um bem que de outra forma seria imposs\u00edvel de ter. Mas\u2026 E quando surge a oportunidade de","og_url":"https:\/\/aliancaevangelica.pt\/site\/aproveite-a-oportunidade\/","og_site_name":"AEP","article_publisher":"http:\/\/facebook.com\/aeportuguesa","article_author":"aeportugal","article_published_time":"2022-09-09T14:42:39+00:00","article_modified_time":"2022-09-12T16:26:50+00:00","og_image":[{"width":960,"height":488,"url":"https:\/\/aliancaevangelica.pt\/site\/wp-content\/uploads\/2022\/09\/livro.jpg","type":"image\/jpeg"}],"author":"AEP","twitter_card":"summary_large_image","twitter_misc":{"Escrito por":"AEP","Tempo estimado de leitura":"3 minutos"},"schema":{"@context":"https:\/\/schema.org","@graph":[{"@type":"Article","@id":"https:\/\/aliancaevangelica.pt\/site\/aproveite-a-oportunidade\/#article","isPartOf":{"@id":"https:\/\/aliancaevangelica.pt\/site\/aproveite-a-oportunidade\/"},"author":{"name":"AEP","@id":"https:\/\/aliancaevangelica.pt\/site\/#\/schema\/person\/3b47cfc7535eff1e820f31c2d67eafcf"},"headline":"Aproveite a oportunidade","datePublished":"2022-09-09T14:42:39+00:00","dateModified":"2022-09-12T16:26:50+00:00","mainEntityOfPage":{"@id":"https:\/\/aliancaevangelica.pt\/site\/aproveite-a-oportunidade\/"},"wordCount":609,"commentCount":0,"publisher":{"@id":"https:\/\/aliancaevangelica.pt\/site\/#organization"},"image":{"@id":"https:\/\/aliancaevangelica.pt\/site\/aproveite-a-oportunidade\/#primaryimage"},"thumbnailUrl":"https:\/\/aliancaevangelica.pt\/site\/wp-content\/uploads\/2022\/09\/livro.jpg","articleSection":["1-Geral","Mulheres"],"inLanguage":"pt-PT","potentialAction":[{"@type":"CommentAction","name":"Comment","target":["https:\/\/aliancaevangelica.pt\/site\/aproveite-a-oportunidade\/#respond"]}]},{"@type":"WebPage","@id":"https:\/\/aliancaevangelica.pt\/site\/aproveite-a-oportunidade\/","url":"https:\/\/aliancaevangelica.pt\/site\/aproveite-a-oportunidade\/","name":"Aproveite a oportunidade - AEP","isPartOf":{"@id":"https:\/\/aliancaevangelica.pt\/site\/#website"},"primaryImageOfPage":{"@id":"https:\/\/aliancaevangelica.pt\/site\/aproveite-a-oportunidade\/#primaryimage"},"image":{"@id":"https:\/\/aliancaevangelica.pt\/site\/aproveite-a-oportunidade\/#primaryimage"},"thumbnailUrl":"https:\/\/aliancaevangelica.pt\/site\/wp-content\/uploads\/2022\/09\/livro.jpg","datePublished":"2022-09-09T14:42:39+00:00","dateModified":"2022-09-12T16:26:50+00:00","breadcrumb":{"@id":"https:\/\/aliancaevangelica.pt\/site\/aproveite-a-oportunidade\/#breadcrumb"},"inLanguage":"pt-PT","potentialAction":[{"@type":"ReadAction","target":["https:\/\/aliancaevangelica.pt\/site\/aproveite-a-oportunidade\/"]}]},{"@type":"ImageObject","inLanguage":"pt-PT","@id":"https:\/\/aliancaevangelica.pt\/site\/aproveite-a-oportunidade\/#primaryimage","url":"https:\/\/aliancaevangelica.pt\/site\/wp-content\/uploads\/2022\/09\/livro.jpg","contentUrl":"https:\/\/aliancaevangelica.pt\/site\/wp-content\/uploads\/2022\/09\/livro.jpg","width":960,"height":488},{"@type":"BreadcrumbList","@id":"https:\/\/aliancaevangelica.pt\/site\/aproveite-a-oportunidade\/#breadcrumb","itemListElement":[{"@type":"ListItem","position":1,"name":"In\u00edcio","item":"https:\/\/aliancaevangelica.pt\/site\/"},{"@type":"ListItem","position":2,"name":"Aproveite a oportunidade"}]},{"@type":"WebSite","@id":"https:\/\/aliancaevangelica.pt\/site\/#website","url":"https:\/\/aliancaevangelica.pt\/site\/","name":"Alian\u00e7a Evang\u00e9lica Portuguesa","description":"Alian\u00e7a Evang\u00e9lica Portuguesa","publisher":{"@id":"https:\/\/aliancaevangelica.pt\/site\/#organization"},"potentialAction":[{"@type":"SearchAction","target":{"@type":"EntryPoint","urlTemplate":"https:\/\/aliancaevangelica.pt\/site\/?s={search_term_string}"},"query-input":{"@type":"PropertyValueSpecification","valueRequired":true,"valueName":"search_term_string"}}],"inLanguage":"pt-PT"},{"@type":"Organization","@id":"https:\/\/aliancaevangelica.pt\/site\/#organization","name":"Alian\u00e7a Evang\u00e9lica Portuguesa","url":"https:\/\/aliancaevangelica.pt\/site\/","logo":{"@type":"ImageObject","inLanguage":"pt-PT","@id":"https:\/\/aliancaevangelica.pt\/site\/#\/schema\/logo\/image\/","url":"https:\/\/aliancaevangelica.pt\/site\/wp-content\/uploads\/2017\/11\/logo-AEP-cor.png","contentUrl":"https:\/\/aliancaevangelica.pt\/site\/wp-content\/uploads\/2017\/11\/logo-AEP-cor.png","width":1156,"height":672,"caption":"Alian\u00e7a Evang\u00e9lica Portuguesa"},"image":{"@id":"https:\/\/aliancaevangelica.pt\/site\/#\/schema\/logo\/image\/"},"sameAs":["http:\/\/facebook.com\/aeportuguesa","http:\/\/instagram.com\/aliancaep","http:\/\/youtube.com\/aeportuguesa"]},{"@type":"Person","@id":"https:\/\/aliancaevangelica.pt\/site\/#\/schema\/person\/3b47cfc7535eff1e820f31c2d67eafcf","name":"AEP","sameAs":["aeportugal"],"url":"https:\/\/aliancaevangelica.pt\/site\/author\/aeportugal\/"}]}},"uagb_featured_image_src":{"full":["https:\/\/aliancaevangelica.pt\/site\/wp-content\/uploads\/2022\/09\/livro.jpg",960,488,false],"thumbnail":["https:\/\/aliancaevangelica.pt\/site\/wp-content\/uploads\/2022\/09\/livro-150x150.jpg",150,150,true],"medium":["https:\/\/aliancaevangelica.pt\/site\/wp-content\/uploads\/2022\/09\/livro-300x153.jpg",300,153,true],"medium_large":["https:\/\/aliancaevangelica.pt\/site\/wp-content\/uploads\/2022\/09\/livro-768x390.jpg",768,390,true],"large":["https:\/\/aliancaevangelica.pt\/site\/wp-content\/uploads\/2022\/09\/livro.jpg",960,488,false],"1536x1536":["https:\/\/aliancaevangelica.pt\/site\/wp-content\/uploads\/2022\/09\/livro.jpg",960,488,false],"2048x2048":["https:\/\/aliancaevangelica.pt\/site\/wp-content\/uploads\/2022\/09\/livro.jpg",960,488,false],"vp_sm":["https:\/\/aliancaevangelica.pt\/site\/wp-content\/uploads\/2022\/09\/livro.jpg",500,254,false],"vp_md":["https:\/\/aliancaevangelica.pt\/site\/wp-content\/uploads\/2022\/09\/livro.jpg",800,407,false],"vp_lg":["https:\/\/aliancaevangelica.pt\/site\/wp-content\/uploads\/2022\/09\/livro.jpg",960,488,false],"vp_xl":["https:\/\/aliancaevangelica.pt\/site\/wp-content\/uploads\/2022\/09\/livro.jpg",960,488,false],"vp_sm_popup":["https:\/\/aliancaevangelica.pt\/site\/wp-content\/uploads\/2022\/09\/livro.jpg",500,254,false],"vp_md_popup":["https:\/\/aliancaevangelica.pt\/site\/wp-content\/uploads\/2022\/09\/livro.jpg",800,407,false],"vp_xl_popup":["https:\/\/aliancaevangelica.pt\/site\/wp-content\/uploads\/2022\/09\/livro.jpg",960,488,false],"newsx-150x100":["https:\/\/aliancaevangelica.pt\/site\/wp-content\/uploads\/2022\/09\/livro.jpg",150,76,false],"newsx-330x220":["https:\/\/aliancaevangelica.pt\/site\/wp-content\/uploads\/2022\/09\/livro.jpg",330,168,false],"newsx-420x280":["https:\/\/aliancaevangelica.pt\/site\/wp-content\/uploads\/2022\/09\/livro.jpg",420,214,false],"newsx-510x340":["https:\/\/aliancaevangelica.pt\/site\/wp-content\/uploads\/2022\/09\/livro.jpg",510,259,false],"newsx-640x480":["https:\/\/aliancaevangelica.pt\/site\/wp-content\/uploads\/2022\/09\/livro.jpg",640,325,false],"newsx-670x370":["https:\/\/aliancaevangelica.pt\/site\/wp-content\/uploads\/2022\/09\/livro.jpg",670,341,false],"newsx-860x570":["https:\/\/aliancaevangelica.pt\/site\/wp-content\/uploads\/2022\/09\/livro.jpg",860,437,false],"newsx-1000x750":["https:\/\/aliancaevangelica.pt\/site\/wp-content\/uploads\/2022\/09\/livro.jpg",960,488,false],"newsx-1200x600":["https:\/\/aliancaevangelica.pt\/site\/wp-content\/uploads\/2022\/09\/livro.jpg",960,488,false]},"uagb_author_info":{"display_name":"AEP","author_link":"https:\/\/aliancaevangelica.pt\/site\/author\/aeportugal\/"},"uagb_comment_info":0,"uagb_excerpt":"&#8220;A vida \u00e9 feita de oportunidades&#8221;, ouvimos regularmente. At\u00e9 parece que vivemos meio \u00e0 deriva, \u00e0 espera de encontrar uma boa oportunidade, ao acaso, para alcan\u00e7armos algo que desejamos, ir a um lugar onde nunca fomos, ou adquirir um bem que de outra forma seria imposs\u00edvel de ter. Mas\u2026 E quando surge a oportunidade de","_links":{"self":[{"href":"https:\/\/aliancaevangelica.pt\/site\/wp-json\/wp\/v2\/posts\/19749","targetHints":{"allow":["GET"]}}],"collection":[{"href":"https:\/\/aliancaevangelica.pt\/site\/wp-json\/wp\/v2\/posts"}],"about":[{"href":"https:\/\/aliancaevangelica.pt\/site\/wp-json\/wp\/v2\/types\/post"}],"author":[{"embeddable":true,"href":"https:\/\/aliancaevangelica.pt\/site\/wp-json\/wp\/v2\/users\/2"}],"replies":[{"embeddable":true,"href":"https:\/\/aliancaevangelica.pt\/site\/wp-json\/wp\/v2\/comments?post=19749"}],"version-history":[{"count":4,"href":"https:\/\/aliancaevangelica.pt\/site\/wp-json\/wp\/v2\/posts\/19749\/revisions"}],"predecessor-version":[{"id":20631,"href":"https:\/\/aliancaevangelica.pt\/site\/wp-json\/wp\/v2\/posts\/19749\/revisions\/20631"}],"wp:featuredmedia":[{"embeddable":true,"href":"https:\/\/aliancaevangelica.pt\/site\/wp-json\/wp\/v2\/media\/19750"}],"wp:attachment":[{"href":"https:\/\/aliancaevangelica.pt\/site\/wp-json\/wp\/v2\/media?parent=19749"}],"wp:term":[{"taxonomy":"category","embeddable":true,"href":"https:\/\/aliancaevangelica.pt\/site\/wp-json\/wp\/v2\/categories?post=19749"},{"taxonomy":"post_tag","embeddable":true,"href":"https:\/\/aliancaevangelica.pt\/site\/wp-json\/wp\/v2\/tags?post=19749"}],"curies":[{"name":"wp","href":"https:\/\/api.w.org\/{rel}","templated":true}]}}