{"id":19730,"date":"2022-07-26T15:37:31","date_gmt":"2022-07-26T15:37:31","guid":{"rendered":"https:\/\/aliancaevangelica.pt\/site\/?p=19730"},"modified":"2026-04-06T22:33:34","modified_gmt":"2026-04-06T22:33:34","slug":"cuidar-dos-que-cuidam","status":"publish","type":"post","link":"https:\/\/aliancaevangelica.pt\/site\/cuidar-dos-que-cuidam\/","title":{"rendered":"Cuidar dos que Cuidam"},"content":{"rendered":"<p class=\"p1\">Quando penso neste tema penso, inevitavelmente, no cuidado que Deus teve para com as pessoas que cuidam na B\u00edblia.<\/p>\n<p class=\"p1\">Lembro a hist\u00f3ria de Noemi, que cuidou dos seus filhos e do seu marido, e, num pa\u00eds estrangeiro, onde tinha procurado o p\u00e3o, a felicidade, a paz\u2026 perdeu os seus amados. Com grande amargura na sua alma quis voltar para a sua terra Natal, Bel\u00e9m a terra do p\u00e3o. Noemi, perdera os seus amados, mas n\u00e3o perdeu o amor nem a miseric\u00f3rdia de Deus. Nunca perdemos. Ela, que tinha cuidado de tantos, agora chegara a vez de Deus cuidar dela. Deus colocou ent\u00e3o no cora\u00e7\u00e3o da sua nora, a moabita Rute, uma estrangeira, cuidar dela. \u201cO teu povo \u00e9 o meu povo, o teu Deus \u00e9 o meu Deus\u201d. Acompanhou-a ent\u00e3o por 80 km at\u00e9 uma terra que nunca conhecera. Rute, apesar de n\u00e3o ter crescido nas verdades do Deus de Israel, colocou em pr\u00e1tica uma (ou mais) leis espirituais: Semear para colher, cuidar para ser cuidado, cuidar dos mais vulner\u00e1veis e experimentar o cuidado de Deus. Foi ent\u00e3o que Rute, conheceu a maior transforma\u00e7\u00e3o da sua vida. Cuidando da sua sogra, sem qualquer esperan\u00e7a de futuro, buscando alimentos para ela, ela pr\u00f3pria foi cuidada por Deus, encontrando o amor da sua vida, Boaz, um terno e expressivo exemplo de Cristo.<\/p>\n<p class=\"p1\">Lembro tamb\u00e9m a trag\u00e9dia da vi\u00fava de Naim. Em Lucas 7 diz que Jesus se moveu de \u00edntima compaix\u00e3o por ela. Pense nesta frase: nos \u00faltimos tempos, tem olhado para algu\u00e9m e isso f\u00e1-lo mover-se de \u00edntima compaix\u00e3o, por essa pessoa? No seu interior, surge um desejo profundo de cuidar, de restaurar? Era isso que movia Jesus, e \u00e9 isso que nos deve mover.<\/p>\n<p class=\"p1\">Jesus sabia que, para esta mulher, perder o marido, perder o \u00fanico filho, significaria no futuro uma profunda car\u00eancia emocional, financeira e social. Sujeita a descrimina\u00e7\u00f5es, e sem suporte familiar, haveria pouca esperan\u00e7a para a mulher, al\u00e9m de viver na mis\u00e9ria. Mas Deus cuida dos que cuidam, e restituiu-lhe \u00e0 vida o seu amparo, como um abra\u00e7o do alto que revigora a alma.<\/p>\n<p class=\"p1\">A Vi\u00fava de Sarepta \u00e9 mais um epis\u00f3dio que nos mostra o cuidado de Deus para com os que cuidam. Numa altura de fome, esta mulher e o seu filho s\u00f3 tinham um pouco de farinha e azeite. O profeta Elias desafia-a a fazer primeiro um bolo para ele, dizendo que depois, nunca haveria de se acabar o alimento para ela e seu filho. Porque haveria ela de acreditar? No entanto, sem qualquer outra esperan\u00e7a onde se agarrar, a vi\u00fava de Sarepta optou pela obedi\u00eancia, em vez da desconfian\u00e7a. Cuidou do homem de Deus, do profeta, e Deus cuidou dela e do seu filho, durante aquele tempo de escassez, nunca lhes faltando alimentos.<\/p>\n<p class=\"p1\">Por \u00faltima, quero referir a vi\u00fava dos filhos dos profetas, um epis\u00f3dio que se passou com o profeta Eliseu. A mulher ficara vi\u00fava, e o marido, havia deixado d\u00edvidas. Os credores queriam levar-lhe os filhos como escravos, deixando-a sem nada. Mas, mais uma vez o cuidado de Deus para com esta mulher que cuidou do seu marido e filhos, foi evidente e milagroso. O profeta disse-lhe que procurasse junto dos seus amigos e vizinhos tantas vasilhas quantas pudesse, pois o pouco azeite que ela tinha, iria ser suficiente para encher todas elas, pagar as d\u00edvidas e servir de sustento para os seus dias.<\/p>\n<p class=\"p1\">Vamos orar:<\/p>\n<p class=\"p1\">Senhor,<\/p>\n<p class=\"p1\">Ajuda-me a sempre ser cuidadora dos que est\u00e3o ao meu redor. A ter especial aten\u00e7\u00e3o aqueles que cuidam de crian\u00e7as, de idosos, de portadores de defici\u00eancia, de doentes. Ajuda-me a ver o seu desgaste, o seu cansa\u00e7o, as suas impossibilidades, as suas l\u00e1grimas escondidas, os seus anseios calados, e a ser, como os profetas de Deus foram, como Jesus foi, cuidador destes.<\/p>\n<p class=\"p1\">Ajuda-me tamb\u00e9m a crer que, cuidando eu dos que cuidam, tu cuidar\u00e1s de mim. Se semear, tu me ajudar\u00e1s a colher, se me faltar tu prover\u00e1s, se n\u00e3o for suficiente, tu multiplicar\u00e1s, em nome de Jesus e para Tua gl\u00f3ria.<span class=\"Apple-converted-space\">\u00a0 <\/span>Am\u00e9m.<\/p>\n<p>[movedo_single_image image=&#8221;19729&#8243; animation=&#8221;grve-zoom-in&#8221;]Elsa Correia Pereira<br \/>\nSoci\u00f3loga<\/p>\n","protected":false},"excerpt":{"rendered":"<p>Quando penso neste tema penso, inevitavelmente, no cuidado que Deus teve para com as pessoas que cuidam na B\u00edblia. Lembro a hist\u00f3ria de Noemi, que cuidou dos seus filhos e do seu marido, e, num pa\u00eds estrangeiro, onde tinha procurado o p\u00e3o, a felicidade, a paz\u2026 perdeu os seus amados. Com grande amargura na sua<\/p>\n","protected":false},"author":2,"featured_media":19731,"comment_status":"open","ping_status":"open","sticky":false,"template":"","format":"standard","meta":{"_uag_custom_page_level_css":"","_themeisle_gutenberg_block_has_review":false,"_vp_format_video_url":"","_vp_image_focal_point":[],"footnotes":""},"categories":[45,47],"tags":[],"class_list":["post-19730","post","type-post","status-publish","format-standard","has-post-thumbnail","hentry","category-geral","category-mulheres-casais-e-familia"],"yoast_head":"<!-- This site is optimized with the Yoast SEO plugin v27.5 - https:\/\/yoast.com\/product\/yoast-seo-wordpress\/ -->\n<title>Cuidar dos que Cuidam - AEP<\/title>\n<meta name=\"robots\" content=\"index, follow, max-snippet:-1, max-image-preview:large, max-video-preview:-1\" \/>\n<link rel=\"canonical\" href=\"https:\/\/aliancaevangelica.pt\/site\/cuidar-dos-que-cuidam\/\" \/>\n<meta property=\"og:locale\" content=\"pt_PT\" \/>\n<meta property=\"og:type\" content=\"article\" \/>\n<meta property=\"og:title\" content=\"Cuidar dos que Cuidam - AEP\" \/>\n<meta property=\"og:description\" content=\"Quando penso neste tema penso, inevitavelmente, no cuidado que Deus teve para com as pessoas que cuidam na B\u00edblia. Lembro a hist\u00f3ria de Noemi, que cuidou dos seus filhos e do seu marido, e, num pa\u00eds estrangeiro, onde tinha procurado o p\u00e3o, a felicidade, a paz\u2026 perdeu os seus amados. Com grande amargura na sua\" \/>\n<meta property=\"og:url\" content=\"https:\/\/aliancaevangelica.pt\/site\/cuidar-dos-que-cuidam\/\" \/>\n<meta property=\"og:site_name\" content=\"AEP\" \/>\n<meta property=\"article:publisher\" content=\"http:\/\/facebook.com\/aeportuguesa\" \/>\n<meta property=\"article:author\" content=\"aeportugal\" \/>\n<meta property=\"article:published_time\" content=\"2022-07-26T15:37:31+00:00\" \/>\n<meta property=\"article:modified_time\" content=\"2026-04-06T22:33:34+00:00\" \/>\n<meta property=\"og:image\" content=\"https:\/\/aliancaevangelica.pt\/site\/wp-content\/uploads\/2022\/07\/Captura-de-ecra\u0303-2022-07-26-a\u0300s-16.36.57.png\" \/>\n\t<meta property=\"og:image:width\" content=\"1486\" \/>\n\t<meta property=\"og:image:height\" content=\"986\" \/>\n\t<meta property=\"og:image:type\" content=\"image\/png\" \/>\n<meta name=\"author\" content=\"AEP\" \/>\n<meta name=\"twitter:card\" content=\"summary_large_image\" \/>\n<meta name=\"twitter:label1\" content=\"Escrito por\" \/>\n\t<meta name=\"twitter:data1\" content=\"AEP\" \/>\n\t<meta name=\"twitter:label2\" content=\"Tempo estimado de leitura\" \/>\n\t<meta name=\"twitter:data2\" content=\"4 minutos\" \/>\n<script type=\"application\/ld+json\" class=\"yoast-schema-graph\">{\"@context\":\"https:\\\/\\\/schema.org\",\"@graph\":[{\"@type\":\"Article\",\"@id\":\"https:\\\/\\\/aliancaevangelica.pt\\\/site\\\/cuidar-dos-que-cuidam\\\/#article\",\"isPartOf\":{\"@id\":\"https:\\\/\\\/aliancaevangelica.pt\\\/site\\\/cuidar-dos-que-cuidam\\\/\"},\"author\":{\"name\":\"AEP\",\"@id\":\"https:\\\/\\\/aliancaevangelica.pt\\\/site\\\/#\\\/schema\\\/person\\\/3b47cfc7535eff1e820f31c2d67eafcf\"},\"headline\":\"Cuidar dos que Cuidam\",\"datePublished\":\"2022-07-26T15:37:31+00:00\",\"dateModified\":\"2026-04-06T22:33:34+00:00\",\"mainEntityOfPage\":{\"@id\":\"https:\\\/\\\/aliancaevangelica.pt\\\/site\\\/cuidar-dos-que-cuidam\\\/\"},\"wordCount\":733,\"commentCount\":0,\"publisher\":{\"@id\":\"https:\\\/\\\/aliancaevangelica.pt\\\/site\\\/#organization\"},\"image\":{\"@id\":\"https:\\\/\\\/aliancaevangelica.pt\\\/site\\\/cuidar-dos-que-cuidam\\\/#primaryimage\"},\"thumbnailUrl\":\"https:\\\/\\\/aliancaevangelica.pt\\\/site\\\/wp-content\\\/uploads\\\/2022\\\/07\\\/Captura-de-ecra\u0303-2022-07-26-a\u0300s-16.36.57.png\",\"articleSection\":[\"1-Geral\",\"MULHERES, CASAIS E FAM\u00cdLIA\"],\"inLanguage\":\"pt-PT\",\"potentialAction\":[{\"@type\":\"CommentAction\",\"name\":\"Comment\",\"target\":[\"https:\\\/\\\/aliancaevangelica.pt\\\/site\\\/cuidar-dos-que-cuidam\\\/#respond\"]}]},{\"@type\":\"WebPage\",\"@id\":\"https:\\\/\\\/aliancaevangelica.pt\\\/site\\\/cuidar-dos-que-cuidam\\\/\",\"url\":\"https:\\\/\\\/aliancaevangelica.pt\\\/site\\\/cuidar-dos-que-cuidam\\\/\",\"name\":\"Cuidar dos que Cuidam - AEP\",\"isPartOf\":{\"@id\":\"https:\\\/\\\/aliancaevangelica.pt\\\/site\\\/#website\"},\"primaryImageOfPage\":{\"@id\":\"https:\\\/\\\/aliancaevangelica.pt\\\/site\\\/cuidar-dos-que-cuidam\\\/#primaryimage\"},\"image\":{\"@id\":\"https:\\\/\\\/aliancaevangelica.pt\\\/site\\\/cuidar-dos-que-cuidam\\\/#primaryimage\"},\"thumbnailUrl\":\"https:\\\/\\\/aliancaevangelica.pt\\\/site\\\/wp-content\\\/uploads\\\/2022\\\/07\\\/Captura-de-ecra\u0303-2022-07-26-a\u0300s-16.36.57.png\",\"datePublished\":\"2022-07-26T15:37:31+00:00\",\"dateModified\":\"2026-04-06T22:33:34+00:00\",\"breadcrumb\":{\"@id\":\"https:\\\/\\\/aliancaevangelica.pt\\\/site\\\/cuidar-dos-que-cuidam\\\/#breadcrumb\"},\"inLanguage\":\"pt-PT\",\"potentialAction\":[{\"@type\":\"ReadAction\",\"target\":[\"https:\\\/\\\/aliancaevangelica.pt\\\/site\\\/cuidar-dos-que-cuidam\\\/\"]}]},{\"@type\":\"ImageObject\",\"inLanguage\":\"pt-PT\",\"@id\":\"https:\\\/\\\/aliancaevangelica.pt\\\/site\\\/cuidar-dos-que-cuidam\\\/#primaryimage\",\"url\":\"https:\\\/\\\/aliancaevangelica.pt\\\/site\\\/wp-content\\\/uploads\\\/2022\\\/07\\\/Captura-de-ecra\u0303-2022-07-26-a\u0300s-16.36.57.png\",\"contentUrl\":\"https:\\\/\\\/aliancaevangelica.pt\\\/site\\\/wp-content\\\/uploads\\\/2022\\\/07\\\/Captura-de-ecra\u0303-2022-07-26-a\u0300s-16.36.57.png\",\"width\":1486,\"height\":986},{\"@type\":\"BreadcrumbList\",\"@id\":\"https:\\\/\\\/aliancaevangelica.pt\\\/site\\\/cuidar-dos-que-cuidam\\\/#breadcrumb\",\"itemListElement\":[{\"@type\":\"ListItem\",\"position\":1,\"name\":\"In\u00edcio\",\"item\":\"https:\\\/\\\/aliancaevangelica.pt\\\/site\\\/\"},{\"@type\":\"ListItem\",\"position\":2,\"name\":\"Cuidar dos que Cuidam\"}]},{\"@type\":\"WebSite\",\"@id\":\"https:\\\/\\\/aliancaevangelica.pt\\\/site\\\/#website\",\"url\":\"https:\\\/\\\/aliancaevangelica.pt\\\/site\\\/\",\"name\":\"Alian\u00e7a Evang\u00e9lica Portuguesa\",\"description\":\"Alian\u00e7a Evang\u00e9lica Portuguesa\",\"publisher\":{\"@id\":\"https:\\\/\\\/aliancaevangelica.pt\\\/site\\\/#organization\"},\"potentialAction\":[{\"@type\":\"SearchAction\",\"target\":{\"@type\":\"EntryPoint\",\"urlTemplate\":\"https:\\\/\\\/aliancaevangelica.pt\\\/site\\\/?s={search_term_string}\"},\"query-input\":{\"@type\":\"PropertyValueSpecification\",\"valueRequired\":true,\"valueName\":\"search_term_string\"}}],\"inLanguage\":\"pt-PT\"},{\"@type\":\"Organization\",\"@id\":\"https:\\\/\\\/aliancaevangelica.pt\\\/site\\\/#organization\",\"name\":\"Alian\u00e7a Evang\u00e9lica Portuguesa\",\"url\":\"https:\\\/\\\/aliancaevangelica.pt\\\/site\\\/\",\"logo\":{\"@type\":\"ImageObject\",\"inLanguage\":\"pt-PT\",\"@id\":\"https:\\\/\\\/aliancaevangelica.pt\\\/site\\\/#\\\/schema\\\/logo\\\/image\\\/\",\"url\":\"https:\\\/\\\/aliancaevangelica.pt\\\/site\\\/wp-content\\\/uploads\\\/2017\\\/11\\\/logo-AEP-cor.png\",\"contentUrl\":\"https:\\\/\\\/aliancaevangelica.pt\\\/site\\\/wp-content\\\/uploads\\\/2017\\\/11\\\/logo-AEP-cor.png\",\"width\":1156,\"height\":672,\"caption\":\"Alian\u00e7a Evang\u00e9lica Portuguesa\"},\"image\":{\"@id\":\"https:\\\/\\\/aliancaevangelica.pt\\\/site\\\/#\\\/schema\\\/logo\\\/image\\\/\"},\"sameAs\":[\"http:\\\/\\\/facebook.com\\\/aeportuguesa\",\"http:\\\/\\\/instagram.com\\\/aliancaep\",\"http:\\\/\\\/youtube.com\\\/aeportuguesa\"]},{\"@type\":\"Person\",\"@id\":\"https:\\\/\\\/aliancaevangelica.pt\\\/site\\\/#\\\/schema\\\/person\\\/3b47cfc7535eff1e820f31c2d67eafcf\",\"name\":\"AEP\",\"sameAs\":[\"aeportugal\"],\"url\":\"https:\\\/\\\/aliancaevangelica.pt\\\/site\\\/author\\\/aeportugal\\\/\"}]}<\/script>\n<!-- \/ Yoast SEO plugin. -->","yoast_head_json":{"title":"Cuidar dos que Cuidam - AEP","robots":{"index":"index","follow":"follow","max-snippet":"max-snippet:-1","max-image-preview":"max-image-preview:large","max-video-preview":"max-video-preview:-1"},"canonical":"https:\/\/aliancaevangelica.pt\/site\/cuidar-dos-que-cuidam\/","og_locale":"pt_PT","og_type":"article","og_title":"Cuidar dos que Cuidam - AEP","og_description":"Quando penso neste tema penso, inevitavelmente, no cuidado que Deus teve para com as pessoas que cuidam na B\u00edblia. Lembro a hist\u00f3ria de Noemi, que cuidou dos seus filhos e do seu marido, e, num pa\u00eds estrangeiro, onde tinha procurado o p\u00e3o, a felicidade, a paz\u2026 perdeu os seus amados. Com grande amargura na sua","og_url":"https:\/\/aliancaevangelica.pt\/site\/cuidar-dos-que-cuidam\/","og_site_name":"AEP","article_publisher":"http:\/\/facebook.com\/aeportuguesa","article_author":"aeportugal","article_published_time":"2022-07-26T15:37:31+00:00","article_modified_time":"2026-04-06T22:33:34+00:00","og_image":[{"width":1486,"height":986,"url":"https:\/\/aliancaevangelica.pt\/site\/wp-content\/uploads\/2022\/07\/Captura-de-ecra\u0303-2022-07-26-a\u0300s-16.36.57.png","type":"image\/png"}],"author":"AEP","twitter_card":"summary_large_image","twitter_misc":{"Escrito por":"AEP","Tempo estimado de leitura":"4 minutos"},"schema":{"@context":"https:\/\/schema.org","@graph":[{"@type":"Article","@id":"https:\/\/aliancaevangelica.pt\/site\/cuidar-dos-que-cuidam\/#article","isPartOf":{"@id":"https:\/\/aliancaevangelica.pt\/site\/cuidar-dos-que-cuidam\/"},"author":{"name":"AEP","@id":"https:\/\/aliancaevangelica.pt\/site\/#\/schema\/person\/3b47cfc7535eff1e820f31c2d67eafcf"},"headline":"Cuidar dos que Cuidam","datePublished":"2022-07-26T15:37:31+00:00","dateModified":"2026-04-06T22:33:34+00:00","mainEntityOfPage":{"@id":"https:\/\/aliancaevangelica.pt\/site\/cuidar-dos-que-cuidam\/"},"wordCount":733,"commentCount":0,"publisher":{"@id":"https:\/\/aliancaevangelica.pt\/site\/#organization"},"image":{"@id":"https:\/\/aliancaevangelica.pt\/site\/cuidar-dos-que-cuidam\/#primaryimage"},"thumbnailUrl":"https:\/\/aliancaevangelica.pt\/site\/wp-content\/uploads\/2022\/07\/Captura-de-ecra\u0303-2022-07-26-a\u0300s-16.36.57.png","articleSection":["1-Geral","MULHERES, CASAIS E FAM\u00cdLIA"],"inLanguage":"pt-PT","potentialAction":[{"@type":"CommentAction","name":"Comment","target":["https:\/\/aliancaevangelica.pt\/site\/cuidar-dos-que-cuidam\/#respond"]}]},{"@type":"WebPage","@id":"https:\/\/aliancaevangelica.pt\/site\/cuidar-dos-que-cuidam\/","url":"https:\/\/aliancaevangelica.pt\/site\/cuidar-dos-que-cuidam\/","name":"Cuidar dos que Cuidam - AEP","isPartOf":{"@id":"https:\/\/aliancaevangelica.pt\/site\/#website"},"primaryImageOfPage":{"@id":"https:\/\/aliancaevangelica.pt\/site\/cuidar-dos-que-cuidam\/#primaryimage"},"image":{"@id":"https:\/\/aliancaevangelica.pt\/site\/cuidar-dos-que-cuidam\/#primaryimage"},"thumbnailUrl":"https:\/\/aliancaevangelica.pt\/site\/wp-content\/uploads\/2022\/07\/Captura-de-ecra\u0303-2022-07-26-a\u0300s-16.36.57.png","datePublished":"2022-07-26T15:37:31+00:00","dateModified":"2026-04-06T22:33:34+00:00","breadcrumb":{"@id":"https:\/\/aliancaevangelica.pt\/site\/cuidar-dos-que-cuidam\/#breadcrumb"},"inLanguage":"pt-PT","potentialAction":[{"@type":"ReadAction","target":["https:\/\/aliancaevangelica.pt\/site\/cuidar-dos-que-cuidam\/"]}]},{"@type":"ImageObject","inLanguage":"pt-PT","@id":"https:\/\/aliancaevangelica.pt\/site\/cuidar-dos-que-cuidam\/#primaryimage","url":"https:\/\/aliancaevangelica.pt\/site\/wp-content\/uploads\/2022\/07\/Captura-de-ecra\u0303-2022-07-26-a\u0300s-16.36.57.png","contentUrl":"https:\/\/aliancaevangelica.pt\/site\/wp-content\/uploads\/2022\/07\/Captura-de-ecra\u0303-2022-07-26-a\u0300s-16.36.57.png","width":1486,"height":986},{"@type":"BreadcrumbList","@id":"https:\/\/aliancaevangelica.pt\/site\/cuidar-dos-que-cuidam\/#breadcrumb","itemListElement":[{"@type":"ListItem","position":1,"name":"In\u00edcio","item":"https:\/\/aliancaevangelica.pt\/site\/"},{"@type":"ListItem","position":2,"name":"Cuidar dos que Cuidam"}]},{"@type":"WebSite","@id":"https:\/\/aliancaevangelica.pt\/site\/#website","url":"https:\/\/aliancaevangelica.pt\/site\/","name":"Alian\u00e7a Evang\u00e9lica Portuguesa","description":"Alian\u00e7a Evang\u00e9lica Portuguesa","publisher":{"@id":"https:\/\/aliancaevangelica.pt\/site\/#organization"},"potentialAction":[{"@type":"SearchAction","target":{"@type":"EntryPoint","urlTemplate":"https:\/\/aliancaevangelica.pt\/site\/?s={search_term_string}"},"query-input":{"@type":"PropertyValueSpecification","valueRequired":true,"valueName":"search_term_string"}}],"inLanguage":"pt-PT"},{"@type":"Organization","@id":"https:\/\/aliancaevangelica.pt\/site\/#organization","name":"Alian\u00e7a Evang\u00e9lica Portuguesa","url":"https:\/\/aliancaevangelica.pt\/site\/","logo":{"@type":"ImageObject","inLanguage":"pt-PT","@id":"https:\/\/aliancaevangelica.pt\/site\/#\/schema\/logo\/image\/","url":"https:\/\/aliancaevangelica.pt\/site\/wp-content\/uploads\/2017\/11\/logo-AEP-cor.png","contentUrl":"https:\/\/aliancaevangelica.pt\/site\/wp-content\/uploads\/2017\/11\/logo-AEP-cor.png","width":1156,"height":672,"caption":"Alian\u00e7a Evang\u00e9lica Portuguesa"},"image":{"@id":"https:\/\/aliancaevangelica.pt\/site\/#\/schema\/logo\/image\/"},"sameAs":["http:\/\/facebook.com\/aeportuguesa","http:\/\/instagram.com\/aliancaep","http:\/\/youtube.com\/aeportuguesa"]},{"@type":"Person","@id":"https:\/\/aliancaevangelica.pt\/site\/#\/schema\/person\/3b47cfc7535eff1e820f31c2d67eafcf","name":"AEP","sameAs":["aeportugal"],"url":"https:\/\/aliancaevangelica.pt\/site\/author\/aeportugal\/"}]}},"uagb_featured_image_src":{"full":["https:\/\/aliancaevangelica.pt\/site\/wp-content\/uploads\/2022\/07\/Captura-de-ecra\u0303-2022-07-26-a\u0300s-16.36.57.png",1486,986,false],"thumbnail":["https:\/\/aliancaevangelica.pt\/site\/wp-content\/uploads\/2022\/07\/Captura-de-ecra\u0303-2022-07-26-a\u0300s-16.36.57-150x150.png",150,150,true],"medium":["https:\/\/aliancaevangelica.pt\/site\/wp-content\/uploads\/2022\/07\/Captura-de-ecra\u0303-2022-07-26-a\u0300s-16.36.57-300x199.png",300,199,true],"medium_large":["https:\/\/aliancaevangelica.pt\/site\/wp-content\/uploads\/2022\/07\/Captura-de-ecra\u0303-2022-07-26-a\u0300s-16.36.57-768x510.png",768,510,true],"large":["https:\/\/aliancaevangelica.pt\/site\/wp-content\/uploads\/2022\/07\/Captura-de-ecra\u0303-2022-07-26-a\u0300s-16.36.57-1024x679.png",960,637,true],"1536x1536":["https:\/\/aliancaevangelica.pt\/site\/wp-content\/uploads\/2022\/07\/Captura-de-ecra\u0303-2022-07-26-a\u0300s-16.36.57.png",1486,986,false],"2048x2048":["https:\/\/aliancaevangelica.pt\/site\/wp-content\/uploads\/2022\/07\/Captura-de-ecra\u0303-2022-07-26-a\u0300s-16.36.57.png",1486,986,false],"vp_sm":["https:\/\/aliancaevangelica.pt\/site\/wp-content\/uploads\/2022\/07\/Captura-de-ecra\u0303-2022-07-26-a\u0300s-16.36.57.png",500,332,false],"vp_md":["https:\/\/aliancaevangelica.pt\/site\/wp-content\/uploads\/2022\/07\/Captura-de-ecra\u0303-2022-07-26-a\u0300s-16.36.57.png",800,531,false],"vp_lg":["https:\/\/aliancaevangelica.pt\/site\/wp-content\/uploads\/2022\/07\/Captura-de-ecra\u0303-2022-07-26-a\u0300s-16.36.57.png",1280,849,false],"vp_xl":["https:\/\/aliancaevangelica.pt\/site\/wp-content\/uploads\/2022\/07\/Captura-de-ecra\u0303-2022-07-26-a\u0300s-16.36.57.png",1486,986,false],"vp_sm_popup":["https:\/\/aliancaevangelica.pt\/site\/wp-content\/uploads\/2022\/07\/Captura-de-ecra\u0303-2022-07-26-a\u0300s-16.36.57.png",500,332,false],"vp_md_popup":["https:\/\/aliancaevangelica.pt\/site\/wp-content\/uploads\/2022\/07\/Captura-de-ecra\u0303-2022-07-26-a\u0300s-16.36.57.png",800,531,false],"vp_xl_popup":["https:\/\/aliancaevangelica.pt\/site\/wp-content\/uploads\/2022\/07\/Captura-de-ecra\u0303-2022-07-26-a\u0300s-16.36.57.png",1486,986,false],"newsx-150x100":["https:\/\/aliancaevangelica.pt\/site\/wp-content\/uploads\/2022\/07\/Captura-de-ecra\u0303-2022-07-26-a\u0300s-16.36.57.png",150,100,false],"newsx-330x220":["https:\/\/aliancaevangelica.pt\/site\/wp-content\/uploads\/2022\/07\/Captura-de-ecra\u0303-2022-07-26-a\u0300s-16.36.57.png",330,220,false],"newsx-420x280":["https:\/\/aliancaevangelica.pt\/site\/wp-content\/uploads\/2022\/07\/Captura-de-ecra\u0303-2022-07-26-a\u0300s-16.36.57.png",420,280,false],"newsx-510x340":["https:\/\/aliancaevangelica.pt\/site\/wp-content\/uploads\/2022\/07\/Captura-de-ecra\u0303-2022-07-26-a\u0300s-16.36.57.png",510,338,false],"newsx-640x480":["https:\/\/aliancaevangelica.pt\/site\/wp-content\/uploads\/2022\/07\/Captura-de-ecra\u0303-2022-07-26-a\u0300s-16.36.57.png",640,425,false],"newsx-670x370":["https:\/\/aliancaevangelica.pt\/site\/wp-content\/uploads\/2022\/07\/Captura-de-ecra\u0303-2022-07-26-a\u0300s-16.36.57.png",558,370,false],"newsx-860x570":["https:\/\/aliancaevangelica.pt\/site\/wp-content\/uploads\/2022\/07\/Captura-de-ecra\u0303-2022-07-26-a\u0300s-16.36.57.png",860,570,false],"newsx-1000x750":["https:\/\/aliancaevangelica.pt\/site\/wp-content\/uploads\/2022\/07\/Captura-de-ecra\u0303-2022-07-26-a\u0300s-16.36.57.png",1000,664,false],"newsx-1200x600":["https:\/\/aliancaevangelica.pt\/site\/wp-content\/uploads\/2022\/07\/Captura-de-ecra\u0303-2022-07-26-a\u0300s-16.36.57.png",904,600,false]},"uagb_author_info":{"display_name":"AEP","author_link":"https:\/\/aliancaevangelica.pt\/site\/author\/aeportugal\/"},"uagb_comment_info":0,"uagb_excerpt":"Quando penso neste tema penso, inevitavelmente, no cuidado que Deus teve para com as pessoas que cuidam na B\u00edblia. Lembro a hist\u00f3ria de Noemi, que cuidou dos seus filhos e do seu marido, e, num pa\u00eds estrangeiro, onde tinha procurado o p\u00e3o, a felicidade, a paz\u2026 perdeu os seus amados. Com grande amargura na sua","_links":{"self":[{"href":"https:\/\/aliancaevangelica.pt\/site\/wp-json\/wp\/v2\/posts\/19730","targetHints":{"allow":["GET"]}}],"collection":[{"href":"https:\/\/aliancaevangelica.pt\/site\/wp-json\/wp\/v2\/posts"}],"about":[{"href":"https:\/\/aliancaevangelica.pt\/site\/wp-json\/wp\/v2\/types\/post"}],"author":[{"embeddable":true,"href":"https:\/\/aliancaevangelica.pt\/site\/wp-json\/wp\/v2\/users\/2"}],"replies":[{"embeddable":true,"href":"https:\/\/aliancaevangelica.pt\/site\/wp-json\/wp\/v2\/comments?post=19730"}],"version-history":[{"count":2,"href":"https:\/\/aliancaevangelica.pt\/site\/wp-json\/wp\/v2\/posts\/19730\/revisions"}],"predecessor-version":[{"id":22277,"href":"https:\/\/aliancaevangelica.pt\/site\/wp-json\/wp\/v2\/posts\/19730\/revisions\/22277"}],"wp:featuredmedia":[{"embeddable":true,"href":"https:\/\/aliancaevangelica.pt\/site\/wp-json\/wp\/v2\/media\/19731"}],"wp:attachment":[{"href":"https:\/\/aliancaevangelica.pt\/site\/wp-json\/wp\/v2\/media?parent=19730"}],"wp:term":[{"taxonomy":"category","embeddable":true,"href":"https:\/\/aliancaevangelica.pt\/site\/wp-json\/wp\/v2\/categories?post=19730"},{"taxonomy":"post_tag","embeddable":true,"href":"https:\/\/aliancaevangelica.pt\/site\/wp-json\/wp\/v2\/tags?post=19730"}],"curies":[{"name":"wp","href":"https:\/\/api.w.org\/{rel}","templated":true}]}}