{"id":19634,"date":"2022-04-29T20:47:17","date_gmt":"2022-04-29T20:47:17","guid":{"rendered":"https:\/\/aliancaevangelica.pt\/site\/?p=19634"},"modified":"2022-04-29T20:47:21","modified_gmt":"2022-04-29T20:47:21","slug":"o-bom-encontro","status":"publish","type":"post","link":"https:\/\/aliancaevangelica.pt\/site\/o-bom-encontro\/","title":{"rendered":"O bom encontro"},"content":{"rendered":"<p class=\"p1\">Ele procurava algu\u00e9m que n\u00e3o conhecia. Na verdade, nunca\u00a0lhe vira o rosto, n\u00e3o sabia o nome, a morada ou mesmo a profiss\u00e3o. Sabia\u00a0apenas que era uma mulher, que ele acreditava que existia numa determinada terra e que iria encontrar.\u00a0Tratava-se de uma situa\u00e7\u00e3o delicada e incomum, de facto.<\/p>\n<p class=\"p1\">Da parte da tarde, quando chegou a Naor, assim se chamava a cidade, come\u00e7ou a observar as mulheres jovens que vinham buscar \u00e1gua a um po\u00e7o que ali existia. Estaria entre elas a mulher certa? E se estivesse,\u00a0quem seria?<\/p>\n<p class=\"p1\"><strong>\u00c0 procura de algu\u00e9m<\/strong><\/p>\n<p class=\"p1\">\u00a0E n\u00f3s? J\u00e1 alguma vez procur\u00e1mos uma pessoa que n\u00e3o sabemos exatamente quem \u00e9? Sim, \u00e9 poss\u00edvel que, na vida, j\u00e1 nos tenhamos confrontado com um desafio semelhante. Onde estar\u00e1 a pessoa certa para ter como uma nova e leal amiga? Para fazer parceria num projecto a desenvolver? Para uma iniciativa de voluntariado ou empresarial? Para aprender e ver promovido o desenvolvimento pessoal? Para namorar e casar? Para consultar num momento de decis\u00e3o importante?<\/p>\n<p class=\"p1\"><strong>Incerteza e ora\u00e7\u00e3o<\/strong><\/p>\n<p class=\"p1\">Eliezer, assim se chamava este homem, procurava noiva para o filho do seu senhor, Abra\u00e3o. Ali viera, por ordem sua, ambos na incerteza de se encontrar a mulher certa ou n\u00e3o. O pr\u00f3prio Abra\u00e3o lhe referira, a certa altura: &#8220;Se a mulher, por\u00e9m, n\u00e3o quiser seguir-te&#8230;&#8221; (G\u00e9nesis 24:8)<\/p>\n<p class=\"p1\">E agora, ali est\u00e1 ele, a observar, sem direc\u00e7\u00e3o definida. O que fazer?\u00a0Sim, ele sabe qual \u00e9 a estrat\u00e9gia certa: come\u00e7ar a orar.<\/p>\n<p class=\"p1\">Aquele que tudo sabe, Criador dos c\u00e9us e da terra, total conhecedor do \u00edntimo de cada pessoa, \u00e9 Quem poder\u00e1 dirigir os Seus passos agora hesitantes.\u00a0E diz-Lhe: &#8220;\u00d3 Senhor, Deus de meu senhor Abra\u00e3o, d\u00e1-me hoje <strong>bom encontro<\/strong>, e faz\u00a0benefic\u00eancia ao meu senhor Abra\u00e3o!\u00a0Eis que eu estou em p\u00e9 junto \u00e0 fonte de \u00e1gua e as filhas dos homens desta cidade saem para tirar \u00e1gua;\u00a0Seja, pois, que a donzela, a quem eu disser: Abaixa agora o teu c\u00e2ntaro para que eu beba; e ela disser: Bebe, e tamb\u00e9m darei de beber aos teus camelos; esta seja a quem designaste ao teu servo Isaque, e que eu conhe\u00e7a nisso que usaste de benevol\u00eancia com meu senhor.&#8221; (G\u00e9nesis 24:12-14).<\/p>\n<p class=\"p1\"><strong>Um pedido<\/strong><\/p>\n<p class=\"p1\">&#8220;D\u00e1-me hoje um bom encontro&#8221;, pede ele ao Senhor!\u00a0E prop\u00f5e-Lhe uma pequena iniciativa sua, que se possa constituir como um ponto de partida: pedir \u00e1gua a uma daquelas mulheres.<\/p>\n<p class=\"p1\">Curioso \u00e9 que, diz a B\u00edblia, ele ainda n\u00e3o terminado a ora\u00e7\u00e3o quando chega \u00e0quele lugar mais uma jovem, que traz um c\u00e2ntaro ao ombro. Ele observa-a atentamente. Ela desce \u00e0 fonte, enche o c\u00e2ntaro, e depois sobe.\u00a0E a\u00ed \u00e9 o momento de coragem e ac\u00e7\u00e3o.\u00a0 &#8220;Ent\u00e3o o servo correu-lhe ao encontro, e disse: Pe\u00e7o-te, deixa-me beber um pouco de \u00e1gua do teu c\u00e2ntaro.&#8221; (G\u00e9nesis 24:7)<\/p>\n<p class=\"p1\">A resposta dela \u00e9 de grande amabilidade: &#8220;E ela disse: Bebe, meu senhor. E apressou-se e abaixou o seu c\u00e2ntaro sobre a sua m\u00e3o e deu-lhe de beber.\u00a0E, acabando ela de lhe dar de beber, disse: Tirarei tamb\u00e9m \u00e1gua para os teus camelos, at\u00e9 que acabem de beber.\u00a0E apressou-se, e despejou o seu c\u00e2ntaro no bebedouro, e correu outra vez ao po\u00e7o para tirar \u00e1gua, e tirou para todos os seus camelos.&#8221; (G\u00e9nesis\u00a024:18-20)<\/p>\n<p class=\"p1\">Eliezer observa, admirado\u00a0e em sil\u00eancio, aquela\u00a0az\u00e1fama de ir e\u00a0vir do po\u00e7o, e disponibilizar tanta \u00e1gua para si e para os seus dez camelos, e vai vendo desenhar-se um caminho. Sim, aquela poder\u00e1 ser a mulher!<\/p>\n<p class=\"p1\">&#8220;E o homem estava admirado de v\u00ea-la, calando-se, para saber se o Senhor havia prosperado a sua jornada ou n\u00e3o&#8221;. (G\u00e9nesis 24:21)<\/p>\n<p class=\"p1\"><strong>O conforto de um bom encontro<\/strong><\/p>\n<p class=\"p1\">E a hist\u00f3ria continua no belo cap\u00edtulo 24 do livro de G\u00e9nesis, que se conclui com a uni\u00e3o entre Isaque, filho de Abra\u00e3o e a tal jovem Rebeca, dizendo:\u00a0 &#8220;Assim Isaque foi consolado depois da morte de sua m\u00e3e.&#8221;\u00a0 (G\u00e9nesis 24:67)<\/p>\n<p class=\"p1\">Um bom encontro, proporcionado por Deus, que oferece consolo, perante um tempo de tristeza, de luto.<\/p>\n<p class=\"p1\">Acredito\u00a0que ainda hoje Deus quer promover bons encontros. Momentos, de gra\u00e7a, entre-ajuda, generosidade, que se podem constituir como ponto de partida para algo maior.<\/p>\n<p class=\"p1\">\u00c0 medida que a pandemia parece desvanecer-se, dando lugar a um tempo mais prop\u00edcio \u00e0 proximidade, em que cen\u00e1rios de guerra geram in\u00fameros apelos ao acolhimento e a actos solid\u00e1rios, vamos disponibilizar-nos para bons encontros \u2013 oportunidades de partilharmos Quem Deus \u00e9 em cada um(a) de n\u00f3s!<\/p>\n<p>[movedo_single_image image=&#8221;19608&#8243; animation=&#8221;grve-zoom-in&#8221;]Bertina Coias Tom\u00e9<br \/>\nPsic\u00f3loga, Especialista em Psicologia Cl\u00ednica e da Sa\u00fade e Psicologia Comunit\u00e1ria<\/p>\n","protected":false},"excerpt":{"rendered":"<p>Ele procurava algu\u00e9m que n\u00e3o conhecia. Na verdade, nunca\u00a0lhe vira o rosto, n\u00e3o sabia o nome, a morada ou mesmo a profiss\u00e3o. Sabia\u00a0apenas que era uma mulher, que ele acreditava que existia numa determinada terra e que iria encontrar.\u00a0Tratava-se de uma situa\u00e7\u00e3o delicada e incomum, de facto. Da parte da tarde, quando chegou a Naor,<\/p>\n","protected":false},"author":2,"featured_media":19635,"comment_status":"open","ping_status":"open","sticky":false,"template":"","format":"standard","meta":{"_uag_custom_page_level_css":"","_themeisle_gutenberg_block_has_review":false,"_vp_format_video_url":"","_vp_image_focal_point":[],"footnotes":""},"categories":[45,47],"tags":[],"class_list":["post-19634","post","type-post","status-publish","format-standard","has-post-thumbnail","hentry","category-geral","category-mulheres-casais-e-familia"],"yoast_head":"<!-- This site is optimized with the Yoast SEO plugin v27.5 - https:\/\/yoast.com\/product\/yoast-seo-wordpress\/ -->\n<title>O bom encontro - AEP<\/title>\n<meta name=\"robots\" content=\"index, follow, max-snippet:-1, max-image-preview:large, max-video-preview:-1\" \/>\n<link rel=\"canonical\" href=\"https:\/\/aliancaevangelica.pt\/site\/o-bom-encontro\/\" \/>\n<meta property=\"og:locale\" content=\"pt_PT\" \/>\n<meta property=\"og:type\" content=\"article\" \/>\n<meta property=\"og:title\" content=\"O bom encontro - AEP\" \/>\n<meta property=\"og:description\" content=\"Ele procurava algu\u00e9m que n\u00e3o conhecia. Na verdade, nunca\u00a0lhe vira o rosto, n\u00e3o sabia o nome, a morada ou mesmo a profiss\u00e3o. Sabia\u00a0apenas que era uma mulher, que ele acreditava que existia numa determinada terra e que iria encontrar.\u00a0Tratava-se de uma situa\u00e7\u00e3o delicada e incomum, de facto. Da parte da tarde, quando chegou a Naor,\" \/>\n<meta property=\"og:url\" content=\"https:\/\/aliancaevangelica.pt\/site\/o-bom-encontro\/\" \/>\n<meta property=\"og:site_name\" content=\"AEP\" \/>\n<meta property=\"article:publisher\" content=\"http:\/\/facebook.com\/aeportuguesa\" \/>\n<meta property=\"article:author\" content=\"aeportugal\" \/>\n<meta property=\"article:published_time\" content=\"2022-04-29T20:47:17+00:00\" \/>\n<meta property=\"article:modified_time\" content=\"2022-04-29T20:47:21+00:00\" \/>\n<meta property=\"og:image\" content=\"https:\/\/aliancaevangelica.pt\/site\/wp-content\/uploads\/2022\/04\/Poc\u0327o.jpg\" \/>\n\t<meta property=\"og:image:width\" content=\"427\" \/>\n\t<meta property=\"og:image:height\" content=\"240\" \/>\n\t<meta property=\"og:image:type\" content=\"image\/jpeg\" \/>\n<meta name=\"author\" content=\"AEP\" \/>\n<meta name=\"twitter:card\" content=\"summary_large_image\" \/>\n<meta name=\"twitter:label1\" content=\"Escrito por\" \/>\n\t<meta name=\"twitter:data1\" content=\"AEP\" \/>\n\t<meta name=\"twitter:label2\" content=\"Tempo estimado de leitura\" \/>\n\t<meta name=\"twitter:data2\" content=\"4 minutos\" \/>\n<script type=\"application\/ld+json\" class=\"yoast-schema-graph\">{\"@context\":\"https:\\\/\\\/schema.org\",\"@graph\":[{\"@type\":\"Article\",\"@id\":\"https:\\\/\\\/aliancaevangelica.pt\\\/site\\\/o-bom-encontro\\\/#article\",\"isPartOf\":{\"@id\":\"https:\\\/\\\/aliancaevangelica.pt\\\/site\\\/o-bom-encontro\\\/\"},\"author\":{\"name\":\"AEP\",\"@id\":\"https:\\\/\\\/aliancaevangelica.pt\\\/site\\\/#\\\/schema\\\/person\\\/3b47cfc7535eff1e820f31c2d67eafcf\"},\"headline\":\"O bom encontro\",\"datePublished\":\"2022-04-29T20:47:17+00:00\",\"dateModified\":\"2022-04-29T20:47:21+00:00\",\"mainEntityOfPage\":{\"@id\":\"https:\\\/\\\/aliancaevangelica.pt\\\/site\\\/o-bom-encontro\\\/\"},\"wordCount\":813,\"commentCount\":0,\"publisher\":{\"@id\":\"https:\\\/\\\/aliancaevangelica.pt\\\/site\\\/#organization\"},\"image\":{\"@id\":\"https:\\\/\\\/aliancaevangelica.pt\\\/site\\\/o-bom-encontro\\\/#primaryimage\"},\"thumbnailUrl\":\"https:\\\/\\\/aliancaevangelica.pt\\\/site\\\/wp-content\\\/uploads\\\/2022\\\/04\\\/Poc\u0327o.jpg\",\"articleSection\":[\"1-Geral\",\"Mulheres, Casais e Fam\u00edlia\"],\"inLanguage\":\"pt-PT\",\"potentialAction\":[{\"@type\":\"CommentAction\",\"name\":\"Comment\",\"target\":[\"https:\\\/\\\/aliancaevangelica.pt\\\/site\\\/o-bom-encontro\\\/#respond\"]}]},{\"@type\":\"WebPage\",\"@id\":\"https:\\\/\\\/aliancaevangelica.pt\\\/site\\\/o-bom-encontro\\\/\",\"url\":\"https:\\\/\\\/aliancaevangelica.pt\\\/site\\\/o-bom-encontro\\\/\",\"name\":\"O bom encontro - AEP\",\"isPartOf\":{\"@id\":\"https:\\\/\\\/aliancaevangelica.pt\\\/site\\\/#website\"},\"primaryImageOfPage\":{\"@id\":\"https:\\\/\\\/aliancaevangelica.pt\\\/site\\\/o-bom-encontro\\\/#primaryimage\"},\"image\":{\"@id\":\"https:\\\/\\\/aliancaevangelica.pt\\\/site\\\/o-bom-encontro\\\/#primaryimage\"},\"thumbnailUrl\":\"https:\\\/\\\/aliancaevangelica.pt\\\/site\\\/wp-content\\\/uploads\\\/2022\\\/04\\\/Poc\u0327o.jpg\",\"datePublished\":\"2022-04-29T20:47:17+00:00\",\"dateModified\":\"2022-04-29T20:47:21+00:00\",\"breadcrumb\":{\"@id\":\"https:\\\/\\\/aliancaevangelica.pt\\\/site\\\/o-bom-encontro\\\/#breadcrumb\"},\"inLanguage\":\"pt-PT\",\"potentialAction\":[{\"@type\":\"ReadAction\",\"target\":[\"https:\\\/\\\/aliancaevangelica.pt\\\/site\\\/o-bom-encontro\\\/\"]}]},{\"@type\":\"ImageObject\",\"inLanguage\":\"pt-PT\",\"@id\":\"https:\\\/\\\/aliancaevangelica.pt\\\/site\\\/o-bom-encontro\\\/#primaryimage\",\"url\":\"https:\\\/\\\/aliancaevangelica.pt\\\/site\\\/wp-content\\\/uploads\\\/2022\\\/04\\\/Poc\u0327o.jpg\",\"contentUrl\":\"https:\\\/\\\/aliancaevangelica.pt\\\/site\\\/wp-content\\\/uploads\\\/2022\\\/04\\\/Poc\u0327o.jpg\",\"width\":427,\"height\":240},{\"@type\":\"BreadcrumbList\",\"@id\":\"https:\\\/\\\/aliancaevangelica.pt\\\/site\\\/o-bom-encontro\\\/#breadcrumb\",\"itemListElement\":[{\"@type\":\"ListItem\",\"position\":1,\"name\":\"In\u00edcio\",\"item\":\"https:\\\/\\\/aliancaevangelica.pt\\\/site\\\/\"},{\"@type\":\"ListItem\",\"position\":2,\"name\":\"O bom encontro\"}]},{\"@type\":\"WebSite\",\"@id\":\"https:\\\/\\\/aliancaevangelica.pt\\\/site\\\/#website\",\"url\":\"https:\\\/\\\/aliancaevangelica.pt\\\/site\\\/\",\"name\":\"Alian\u00e7a Evang\u00e9lica Portuguesa\",\"description\":\"Alian\u00e7a Evang\u00e9lica Portuguesa\",\"publisher\":{\"@id\":\"https:\\\/\\\/aliancaevangelica.pt\\\/site\\\/#organization\"},\"potentialAction\":[{\"@type\":\"SearchAction\",\"target\":{\"@type\":\"EntryPoint\",\"urlTemplate\":\"https:\\\/\\\/aliancaevangelica.pt\\\/site\\\/?s={search_term_string}\"},\"query-input\":{\"@type\":\"PropertyValueSpecification\",\"valueRequired\":true,\"valueName\":\"search_term_string\"}}],\"inLanguage\":\"pt-PT\"},{\"@type\":\"Organization\",\"@id\":\"https:\\\/\\\/aliancaevangelica.pt\\\/site\\\/#organization\",\"name\":\"Alian\u00e7a Evang\u00e9lica Portuguesa\",\"url\":\"https:\\\/\\\/aliancaevangelica.pt\\\/site\\\/\",\"logo\":{\"@type\":\"ImageObject\",\"inLanguage\":\"pt-PT\",\"@id\":\"https:\\\/\\\/aliancaevangelica.pt\\\/site\\\/#\\\/schema\\\/logo\\\/image\\\/\",\"url\":\"https:\\\/\\\/aliancaevangelica.pt\\\/site\\\/wp-content\\\/uploads\\\/2017\\\/11\\\/logo-AEP-cor.png\",\"contentUrl\":\"https:\\\/\\\/aliancaevangelica.pt\\\/site\\\/wp-content\\\/uploads\\\/2017\\\/11\\\/logo-AEP-cor.png\",\"width\":1156,\"height\":672,\"caption\":\"Alian\u00e7a Evang\u00e9lica Portuguesa\"},\"image\":{\"@id\":\"https:\\\/\\\/aliancaevangelica.pt\\\/site\\\/#\\\/schema\\\/logo\\\/image\\\/\"},\"sameAs\":[\"http:\\\/\\\/facebook.com\\\/aeportuguesa\",\"http:\\\/\\\/instagram.com\\\/aliancaep\",\"http:\\\/\\\/youtube.com\\\/aeportuguesa\"]},{\"@type\":\"Person\",\"@id\":\"https:\\\/\\\/aliancaevangelica.pt\\\/site\\\/#\\\/schema\\\/person\\\/3b47cfc7535eff1e820f31c2d67eafcf\",\"name\":\"AEP\",\"sameAs\":[\"aeportugal\"],\"url\":\"https:\\\/\\\/aliancaevangelica.pt\\\/site\\\/author\\\/aeportugal\\\/\"}]}<\/script>\n<!-- \/ Yoast SEO plugin. -->","yoast_head_json":{"title":"O bom encontro - AEP","robots":{"index":"index","follow":"follow","max-snippet":"max-snippet:-1","max-image-preview":"max-image-preview:large","max-video-preview":"max-video-preview:-1"},"canonical":"https:\/\/aliancaevangelica.pt\/site\/o-bom-encontro\/","og_locale":"pt_PT","og_type":"article","og_title":"O bom encontro - AEP","og_description":"Ele procurava algu\u00e9m que n\u00e3o conhecia. Na verdade, nunca\u00a0lhe vira o rosto, n\u00e3o sabia o nome, a morada ou mesmo a profiss\u00e3o. Sabia\u00a0apenas que era uma mulher, que ele acreditava que existia numa determinada terra e que iria encontrar.\u00a0Tratava-se de uma situa\u00e7\u00e3o delicada e incomum, de facto. Da parte da tarde, quando chegou a Naor,","og_url":"https:\/\/aliancaevangelica.pt\/site\/o-bom-encontro\/","og_site_name":"AEP","article_publisher":"http:\/\/facebook.com\/aeportuguesa","article_author":"aeportugal","article_published_time":"2022-04-29T20:47:17+00:00","article_modified_time":"2022-04-29T20:47:21+00:00","og_image":[{"width":427,"height":240,"url":"https:\/\/aliancaevangelica.pt\/site\/wp-content\/uploads\/2022\/04\/Poc\u0327o.jpg","type":"image\/jpeg"}],"author":"AEP","twitter_card":"summary_large_image","twitter_misc":{"Escrito por":"AEP","Tempo estimado de leitura":"4 minutos"},"schema":{"@context":"https:\/\/schema.org","@graph":[{"@type":"Article","@id":"https:\/\/aliancaevangelica.pt\/site\/o-bom-encontro\/#article","isPartOf":{"@id":"https:\/\/aliancaevangelica.pt\/site\/o-bom-encontro\/"},"author":{"name":"AEP","@id":"https:\/\/aliancaevangelica.pt\/site\/#\/schema\/person\/3b47cfc7535eff1e820f31c2d67eafcf"},"headline":"O bom encontro","datePublished":"2022-04-29T20:47:17+00:00","dateModified":"2022-04-29T20:47:21+00:00","mainEntityOfPage":{"@id":"https:\/\/aliancaevangelica.pt\/site\/o-bom-encontro\/"},"wordCount":813,"commentCount":0,"publisher":{"@id":"https:\/\/aliancaevangelica.pt\/site\/#organization"},"image":{"@id":"https:\/\/aliancaevangelica.pt\/site\/o-bom-encontro\/#primaryimage"},"thumbnailUrl":"https:\/\/aliancaevangelica.pt\/site\/wp-content\/uploads\/2022\/04\/Poc\u0327o.jpg","articleSection":["1-Geral","Mulheres, Casais e Fam\u00edlia"],"inLanguage":"pt-PT","potentialAction":[{"@type":"CommentAction","name":"Comment","target":["https:\/\/aliancaevangelica.pt\/site\/o-bom-encontro\/#respond"]}]},{"@type":"WebPage","@id":"https:\/\/aliancaevangelica.pt\/site\/o-bom-encontro\/","url":"https:\/\/aliancaevangelica.pt\/site\/o-bom-encontro\/","name":"O bom encontro - AEP","isPartOf":{"@id":"https:\/\/aliancaevangelica.pt\/site\/#website"},"primaryImageOfPage":{"@id":"https:\/\/aliancaevangelica.pt\/site\/o-bom-encontro\/#primaryimage"},"image":{"@id":"https:\/\/aliancaevangelica.pt\/site\/o-bom-encontro\/#primaryimage"},"thumbnailUrl":"https:\/\/aliancaevangelica.pt\/site\/wp-content\/uploads\/2022\/04\/Poc\u0327o.jpg","datePublished":"2022-04-29T20:47:17+00:00","dateModified":"2022-04-29T20:47:21+00:00","breadcrumb":{"@id":"https:\/\/aliancaevangelica.pt\/site\/o-bom-encontro\/#breadcrumb"},"inLanguage":"pt-PT","potentialAction":[{"@type":"ReadAction","target":["https:\/\/aliancaevangelica.pt\/site\/o-bom-encontro\/"]}]},{"@type":"ImageObject","inLanguage":"pt-PT","@id":"https:\/\/aliancaevangelica.pt\/site\/o-bom-encontro\/#primaryimage","url":"https:\/\/aliancaevangelica.pt\/site\/wp-content\/uploads\/2022\/04\/Poc\u0327o.jpg","contentUrl":"https:\/\/aliancaevangelica.pt\/site\/wp-content\/uploads\/2022\/04\/Poc\u0327o.jpg","width":427,"height":240},{"@type":"BreadcrumbList","@id":"https:\/\/aliancaevangelica.pt\/site\/o-bom-encontro\/#breadcrumb","itemListElement":[{"@type":"ListItem","position":1,"name":"In\u00edcio","item":"https:\/\/aliancaevangelica.pt\/site\/"},{"@type":"ListItem","position":2,"name":"O bom encontro"}]},{"@type":"WebSite","@id":"https:\/\/aliancaevangelica.pt\/site\/#website","url":"https:\/\/aliancaevangelica.pt\/site\/","name":"Alian\u00e7a Evang\u00e9lica Portuguesa","description":"Alian\u00e7a Evang\u00e9lica Portuguesa","publisher":{"@id":"https:\/\/aliancaevangelica.pt\/site\/#organization"},"potentialAction":[{"@type":"SearchAction","target":{"@type":"EntryPoint","urlTemplate":"https:\/\/aliancaevangelica.pt\/site\/?s={search_term_string}"},"query-input":{"@type":"PropertyValueSpecification","valueRequired":true,"valueName":"search_term_string"}}],"inLanguage":"pt-PT"},{"@type":"Organization","@id":"https:\/\/aliancaevangelica.pt\/site\/#organization","name":"Alian\u00e7a Evang\u00e9lica Portuguesa","url":"https:\/\/aliancaevangelica.pt\/site\/","logo":{"@type":"ImageObject","inLanguage":"pt-PT","@id":"https:\/\/aliancaevangelica.pt\/site\/#\/schema\/logo\/image\/","url":"https:\/\/aliancaevangelica.pt\/site\/wp-content\/uploads\/2017\/11\/logo-AEP-cor.png","contentUrl":"https:\/\/aliancaevangelica.pt\/site\/wp-content\/uploads\/2017\/11\/logo-AEP-cor.png","width":1156,"height":672,"caption":"Alian\u00e7a Evang\u00e9lica Portuguesa"},"image":{"@id":"https:\/\/aliancaevangelica.pt\/site\/#\/schema\/logo\/image\/"},"sameAs":["http:\/\/facebook.com\/aeportuguesa","http:\/\/instagram.com\/aliancaep","http:\/\/youtube.com\/aeportuguesa"]},{"@type":"Person","@id":"https:\/\/aliancaevangelica.pt\/site\/#\/schema\/person\/3b47cfc7535eff1e820f31c2d67eafcf","name":"AEP","sameAs":["aeportugal"],"url":"https:\/\/aliancaevangelica.pt\/site\/author\/aeportugal\/"}]}},"uagb_featured_image_src":{"full":["https:\/\/aliancaevangelica.pt\/site\/wp-content\/uploads\/2022\/04\/Poc\u0327o.jpg",427,240,false],"thumbnail":["https:\/\/aliancaevangelica.pt\/site\/wp-content\/uploads\/2022\/04\/Poc\u0327o-150x150.jpg",150,150,true],"medium":["https:\/\/aliancaevangelica.pt\/site\/wp-content\/uploads\/2022\/04\/Poc\u0327o-300x169.jpg",300,169,true],"medium_large":["https:\/\/aliancaevangelica.pt\/site\/wp-content\/uploads\/2022\/04\/Poc\u0327o.jpg",427,240,false],"large":["https:\/\/aliancaevangelica.pt\/site\/wp-content\/uploads\/2022\/04\/Poc\u0327o.jpg",427,240,false],"1536x1536":["https:\/\/aliancaevangelica.pt\/site\/wp-content\/uploads\/2022\/04\/Poc\u0327o.jpg",427,240,false],"2048x2048":["https:\/\/aliancaevangelica.pt\/site\/wp-content\/uploads\/2022\/04\/Poc\u0327o.jpg",427,240,false],"vp_sm":["https:\/\/aliancaevangelica.pt\/site\/wp-content\/uploads\/2022\/04\/Poc\u0327o.jpg",427,240,false],"vp_md":["https:\/\/aliancaevangelica.pt\/site\/wp-content\/uploads\/2022\/04\/Poc\u0327o.jpg",427,240,false],"vp_lg":["https:\/\/aliancaevangelica.pt\/site\/wp-content\/uploads\/2022\/04\/Poc\u0327o.jpg",427,240,false],"vp_xl":["https:\/\/aliancaevangelica.pt\/site\/wp-content\/uploads\/2022\/04\/Poc\u0327o.jpg",427,240,false],"vp_sm_popup":["https:\/\/aliancaevangelica.pt\/site\/wp-content\/uploads\/2022\/04\/Poc\u0327o.jpg",427,240,false],"vp_md_popup":["https:\/\/aliancaevangelica.pt\/site\/wp-content\/uploads\/2022\/04\/Poc\u0327o.jpg",427,240,false],"vp_xl_popup":["https:\/\/aliancaevangelica.pt\/site\/wp-content\/uploads\/2022\/04\/Poc\u0327o.jpg",427,240,false],"newsx-150x100":["https:\/\/aliancaevangelica.pt\/site\/wp-content\/uploads\/2022\/04\/Poc\u0327o.jpg",150,84,false],"newsx-330x220":["https:\/\/aliancaevangelica.pt\/site\/wp-content\/uploads\/2022\/04\/Poc\u0327o.jpg",330,185,false],"newsx-420x280":["https:\/\/aliancaevangelica.pt\/site\/wp-content\/uploads\/2022\/04\/Poc\u0327o.jpg",420,236,false],"newsx-510x340":["https:\/\/aliancaevangelica.pt\/site\/wp-content\/uploads\/2022\/04\/Poc\u0327o.jpg",427,240,false],"newsx-640x480":["https:\/\/aliancaevangelica.pt\/site\/wp-content\/uploads\/2022\/04\/Poc\u0327o.jpg",427,240,false],"newsx-670x370":["https:\/\/aliancaevangelica.pt\/site\/wp-content\/uploads\/2022\/04\/Poc\u0327o.jpg",427,240,false],"newsx-860x570":["https:\/\/aliancaevangelica.pt\/site\/wp-content\/uploads\/2022\/04\/Poc\u0327o.jpg",427,240,false],"newsx-1000x750":["https:\/\/aliancaevangelica.pt\/site\/wp-content\/uploads\/2022\/04\/Poc\u0327o.jpg",427,240,false],"newsx-1200x600":["https:\/\/aliancaevangelica.pt\/site\/wp-content\/uploads\/2022\/04\/Poc\u0327o.jpg",427,240,false]},"uagb_author_info":{"display_name":"AEP","author_link":"https:\/\/aliancaevangelica.pt\/site\/author\/aeportugal\/"},"uagb_comment_info":0,"uagb_excerpt":"Ele procurava algu\u00e9m que n\u00e3o conhecia. Na verdade, nunca\u00a0lhe vira o rosto, n\u00e3o sabia o nome, a morada ou mesmo a profiss\u00e3o. Sabia\u00a0apenas que era uma mulher, que ele acreditava que existia numa determinada terra e que iria encontrar.\u00a0Tratava-se de uma situa\u00e7\u00e3o delicada e incomum, de facto. Da parte da tarde, quando chegou a Naor,","_links":{"self":[{"href":"https:\/\/aliancaevangelica.pt\/site\/wp-json\/wp\/v2\/posts\/19634","targetHints":{"allow":["GET"]}}],"collection":[{"href":"https:\/\/aliancaevangelica.pt\/site\/wp-json\/wp\/v2\/posts"}],"about":[{"href":"https:\/\/aliancaevangelica.pt\/site\/wp-json\/wp\/v2\/types\/post"}],"author":[{"embeddable":true,"href":"https:\/\/aliancaevangelica.pt\/site\/wp-json\/wp\/v2\/users\/2"}],"replies":[{"embeddable":true,"href":"https:\/\/aliancaevangelica.pt\/site\/wp-json\/wp\/v2\/comments?post=19634"}],"version-history":[{"count":1,"href":"https:\/\/aliancaevangelica.pt\/site\/wp-json\/wp\/v2\/posts\/19634\/revisions"}],"predecessor-version":[{"id":19636,"href":"https:\/\/aliancaevangelica.pt\/site\/wp-json\/wp\/v2\/posts\/19634\/revisions\/19636"}],"wp:featuredmedia":[{"embeddable":true,"href":"https:\/\/aliancaevangelica.pt\/site\/wp-json\/wp\/v2\/media\/19635"}],"wp:attachment":[{"href":"https:\/\/aliancaevangelica.pt\/site\/wp-json\/wp\/v2\/media?parent=19634"}],"wp:term":[{"taxonomy":"category","embeddable":true,"href":"https:\/\/aliancaevangelica.pt\/site\/wp-json\/wp\/v2\/categories?post=19634"},{"taxonomy":"post_tag","embeddable":true,"href":"https:\/\/aliancaevangelica.pt\/site\/wp-json\/wp\/v2\/tags?post=19634"}],"curies":[{"name":"wp","href":"https:\/\/api.w.org\/{rel}","templated":true}]}}