{"id":19605,"date":"2022-04-05T15:59:19","date_gmt":"2022-04-05T15:59:19","guid":{"rendered":"https:\/\/aliancaevangelica.pt\/site\/?p=19605"},"modified":"2022-04-05T16:01:45","modified_gmt":"2022-04-05T16:01:45","slug":"ele-nao-se-importa-de-esperar","status":"publish","type":"post","link":"https:\/\/aliancaevangelica.pt\/site\/ele-nao-se-importa-de-esperar\/","title":{"rendered":"Ele n\u00e3o se importa de esperar"},"content":{"rendered":"<p class=\"p1\">Falava, h\u00e1 dias, com um homem que est\u00e1 a esfor\u00e7ar-se por dar um outro sentido \u00e0 sua vida. Prepara-se para iniciar um programa em comunidade terap\u00eautica, face ao quadro de consumo de estupefacientes que o tem dominado e empobrecido. J\u00e1 anos antes deixara as \u201cdrogas\u201d e conseguira inserir-se ao n\u00edvel familiar e profissional. Agora, reca\u00edra.<\/p>\n<p class=\"p1\">Contava-me o seu percurso de vida e, a certa altura, disse-me: \u201cQuando a vida se desmoronou, a droga bateu-me \u00e0 porta, de novo.\u201d Depois de um sil\u00eancio breve, acrescentou: \u201cA droga sabe esperar.\u201d<\/p>\n<p class=\"p1\">Nunca tinha ouvido essa express\u00e3o e apontei-a: \u201cA droga sabe esperar.\u201d<\/p>\n<p class=\"p1\">\u00c9 uma frase assustadora, como se aquilo que nos fragiliza n\u00e3o desistisse de nos perseguir.<\/p>\n<p class=\"p1\">Lembrei-me, ent\u00e3o, de uma outra frase que ouvi num retiro, h\u00e1 um tempo atr\u00e1s, proferida por um amigo. Come\u00e7ou por ler estas palavras de Jesus: \u201cPortanto, se trouxeres a tua oferta ao altar, e a\u00ed te lembrares de que teu irm\u00e3o tem alguma coisa contra ti, deixa ali diante do altar a tua oferta, e vai reconciliar-te primeiro com teu irm\u00e3o e, depois, vem e apresenta a tua oferta.\u201d (Mateus 5:23,24)<\/p>\n<p class=\"p1\">Depois, real\u00e7ou o facto de Deus desejar tanto ver reconcilia\u00e7\u00e3o entre n\u00f3s que Ele n\u00e3o se importa de esperar pela nossa oferta. Sim, Ele aguarda, com agrado, que corramos para quem nos magoou ou a quem mago\u00e1mos e construamos a paz entre n\u00f3s. E Ele espera pacientemente o nosso regresso para que, ent\u00e3o, lhe passemos para as m\u00e3os a nossa oferta. Ele n\u00e3o se importa de esperar, por querer tanto ver-nos unidos.<\/p>\n<p class=\"p1\">Acredito que existe muita reconstru\u00e7\u00e3o para acontecer em relacionamentos. Poder\u00e1 ser delicada, dif\u00edcil at\u00e9, mas \u00e9 sumamente agrad\u00e1vel a Deus. E edifica-nos mutuamente, pois uma rela\u00e7\u00e3o reconstru\u00edda \u00e9 uma rela\u00e7\u00e3o robustecida.<\/p>\n<p class=\"p1\">Um homem falava-me de uma droga que sabe esperar para, depois, destruir. Um outro falava-me de um Deus grande que sabe esperar para nos abra\u00e7ar, depois de nos reconciliarmos com o nosso irm\u00e3o.<\/p>\n<p class=\"p1\">As ofertas que temos para dar a Deus n\u00e3o t\u00eam que entrar em conflito com as quest\u00f5es que eventualmente nos t\u00eam afastado uns dos outros. Ele diz para darmos prioridade \u00e0 reconcilia\u00e7\u00e3o. Depois, a oferta ter\u00e1 uma beleza diferente diante do Senhor. E, entretanto, Ele n\u00e3o se importa de esperar\u2026<\/p>\n<p>[movedo_single_image image=&#8221;19608&#8243; animation=&#8221;grve-zoom-in&#8221;]Bertina Coias Tom\u00e9<br \/>\nPsic\u00f3loga, Especialista em Psicologia Cl\u00ednica e da Sa\u00fade e Psicologia Comunit\u00e1ria<\/p>\n","protected":false},"excerpt":{"rendered":"<p>Falava, h\u00e1 dias, com um homem que est\u00e1 a esfor\u00e7ar-se por dar um outro sentido \u00e0 sua vida. Prepara-se para iniciar um programa em comunidade terap\u00eautica, face ao quadro de consumo de estupefacientes que o tem dominado e empobrecido. J\u00e1 anos antes deixara as \u201cdrogas\u201d e conseguira inserir-se ao n\u00edvel familiar e profissional. Agora, reca\u00edra.<\/p>\n","protected":false},"author":2,"featured_media":19606,"comment_status":"open","ping_status":"open","sticky":false,"template":"","format":"standard","meta":{"_uag_custom_page_level_css":"","_themeisle_gutenberg_block_has_review":false,"_vp_format_video_url":"","_vp_image_focal_point":[],"footnotes":""},"categories":[45,47],"tags":[],"class_list":["post-19605","post","type-post","status-publish","format-standard","has-post-thumbnail","hentry","category-geral","category-mulheres-casais-e-familia"],"yoast_head":"<!-- This site is optimized with the Yoast SEO plugin v27.5 - https:\/\/yoast.com\/product\/yoast-seo-wordpress\/ -->\n<title>Ele n\u00e3o se importa de esperar - AEP<\/title>\n<meta name=\"robots\" content=\"index, follow, max-snippet:-1, max-image-preview:large, max-video-preview:-1\" \/>\n<link rel=\"canonical\" href=\"https:\/\/aliancaevangelica.pt\/site\/ele-nao-se-importa-de-esperar\/\" \/>\n<meta property=\"og:locale\" content=\"pt_PT\" \/>\n<meta property=\"og:type\" content=\"article\" \/>\n<meta property=\"og:title\" content=\"Ele n\u00e3o se importa de esperar - AEP\" \/>\n<meta property=\"og:description\" content=\"Falava, h\u00e1 dias, com um homem que est\u00e1 a esfor\u00e7ar-se por dar um outro sentido \u00e0 sua vida. Prepara-se para iniciar um programa em comunidade terap\u00eautica, face ao quadro de consumo de estupefacientes que o tem dominado e empobrecido. J\u00e1 anos antes deixara as \u201cdrogas\u201d e conseguira inserir-se ao n\u00edvel familiar e profissional. Agora, reca\u00edra.\" \/>\n<meta property=\"og:url\" content=\"https:\/\/aliancaevangelica.pt\/site\/ele-nao-se-importa-de-esperar\/\" \/>\n<meta property=\"og:site_name\" content=\"AEP\" \/>\n<meta property=\"article:publisher\" content=\"http:\/\/facebook.com\/aeportuguesa\" \/>\n<meta property=\"article:author\" content=\"aeportugal\" \/>\n<meta property=\"article:published_time\" content=\"2022-04-05T15:59:19+00:00\" \/>\n<meta property=\"article:modified_time\" content=\"2022-04-05T16:01:45+00:00\" \/>\n<meta property=\"og:image\" content=\"https:\/\/aliancaevangelica.pt\/site\/wp-content\/uploads\/2022\/04\/Captura-de-ecra\u0303-2022-04-05-a\u0300s-16.55.46.png\" \/>\n\t<meta property=\"og:image:width\" content=\"1480\" \/>\n\t<meta property=\"og:image:height\" content=\"986\" \/>\n\t<meta property=\"og:image:type\" content=\"image\/png\" \/>\n<meta name=\"author\" content=\"AEP\" \/>\n<meta name=\"twitter:card\" content=\"summary_large_image\" \/>\n<meta name=\"twitter:label1\" content=\"Escrito por\" \/>\n\t<meta name=\"twitter:data1\" content=\"AEP\" \/>\n\t<meta name=\"twitter:label2\" content=\"Tempo estimado de leitura\" \/>\n\t<meta name=\"twitter:data2\" content=\"2 minutos\" \/>\n<script type=\"application\/ld+json\" class=\"yoast-schema-graph\">{\"@context\":\"https:\\\/\\\/schema.org\",\"@graph\":[{\"@type\":\"Article\",\"@id\":\"https:\\\/\\\/aliancaevangelica.pt\\\/site\\\/ele-nao-se-importa-de-esperar\\\/#article\",\"isPartOf\":{\"@id\":\"https:\\\/\\\/aliancaevangelica.pt\\\/site\\\/ele-nao-se-importa-de-esperar\\\/\"},\"author\":{\"name\":\"AEP\",\"@id\":\"https:\\\/\\\/aliancaevangelica.pt\\\/site\\\/#\\\/schema\\\/person\\\/3b47cfc7535eff1e820f31c2d67eafcf\"},\"headline\":\"Ele n\u00e3o se importa de esperar\",\"datePublished\":\"2022-04-05T15:59:19+00:00\",\"dateModified\":\"2022-04-05T16:01:45+00:00\",\"mainEntityOfPage\":{\"@id\":\"https:\\\/\\\/aliancaevangelica.pt\\\/site\\\/ele-nao-se-importa-de-esperar\\\/\"},\"wordCount\":430,\"commentCount\":0,\"publisher\":{\"@id\":\"https:\\\/\\\/aliancaevangelica.pt\\\/site\\\/#organization\"},\"image\":{\"@id\":\"https:\\\/\\\/aliancaevangelica.pt\\\/site\\\/ele-nao-se-importa-de-esperar\\\/#primaryimage\"},\"thumbnailUrl\":\"https:\\\/\\\/aliancaevangelica.pt\\\/site\\\/wp-content\\\/uploads\\\/2022\\\/04\\\/Captura-de-ecra\u0303-2022-04-05-a\u0300s-16.55.46.png\",\"articleSection\":[\"1-Geral\",\"Mulheres, Casais e Fam\u00edlia\"],\"inLanguage\":\"pt-PT\",\"potentialAction\":[{\"@type\":\"CommentAction\",\"name\":\"Comment\",\"target\":[\"https:\\\/\\\/aliancaevangelica.pt\\\/site\\\/ele-nao-se-importa-de-esperar\\\/#respond\"]}]},{\"@type\":\"WebPage\",\"@id\":\"https:\\\/\\\/aliancaevangelica.pt\\\/site\\\/ele-nao-se-importa-de-esperar\\\/\",\"url\":\"https:\\\/\\\/aliancaevangelica.pt\\\/site\\\/ele-nao-se-importa-de-esperar\\\/\",\"name\":\"Ele n\u00e3o se importa de esperar - AEP\",\"isPartOf\":{\"@id\":\"https:\\\/\\\/aliancaevangelica.pt\\\/site\\\/#website\"},\"primaryImageOfPage\":{\"@id\":\"https:\\\/\\\/aliancaevangelica.pt\\\/site\\\/ele-nao-se-importa-de-esperar\\\/#primaryimage\"},\"image\":{\"@id\":\"https:\\\/\\\/aliancaevangelica.pt\\\/site\\\/ele-nao-se-importa-de-esperar\\\/#primaryimage\"},\"thumbnailUrl\":\"https:\\\/\\\/aliancaevangelica.pt\\\/site\\\/wp-content\\\/uploads\\\/2022\\\/04\\\/Captura-de-ecra\u0303-2022-04-05-a\u0300s-16.55.46.png\",\"datePublished\":\"2022-04-05T15:59:19+00:00\",\"dateModified\":\"2022-04-05T16:01:45+00:00\",\"breadcrumb\":{\"@id\":\"https:\\\/\\\/aliancaevangelica.pt\\\/site\\\/ele-nao-se-importa-de-esperar\\\/#breadcrumb\"},\"inLanguage\":\"pt-PT\",\"potentialAction\":[{\"@type\":\"ReadAction\",\"target\":[\"https:\\\/\\\/aliancaevangelica.pt\\\/site\\\/ele-nao-se-importa-de-esperar\\\/\"]}]},{\"@type\":\"ImageObject\",\"inLanguage\":\"pt-PT\",\"@id\":\"https:\\\/\\\/aliancaevangelica.pt\\\/site\\\/ele-nao-se-importa-de-esperar\\\/#primaryimage\",\"url\":\"https:\\\/\\\/aliancaevangelica.pt\\\/site\\\/wp-content\\\/uploads\\\/2022\\\/04\\\/Captura-de-ecra\u0303-2022-04-05-a\u0300s-16.55.46.png\",\"contentUrl\":\"https:\\\/\\\/aliancaevangelica.pt\\\/site\\\/wp-content\\\/uploads\\\/2022\\\/04\\\/Captura-de-ecra\u0303-2022-04-05-a\u0300s-16.55.46.png\",\"width\":1480,\"height\":986},{\"@type\":\"BreadcrumbList\",\"@id\":\"https:\\\/\\\/aliancaevangelica.pt\\\/site\\\/ele-nao-se-importa-de-esperar\\\/#breadcrumb\",\"itemListElement\":[{\"@type\":\"ListItem\",\"position\":1,\"name\":\"In\u00edcio\",\"item\":\"https:\\\/\\\/aliancaevangelica.pt\\\/site\\\/\"},{\"@type\":\"ListItem\",\"position\":2,\"name\":\"Ele n\u00e3o se importa de esperar\"}]},{\"@type\":\"WebSite\",\"@id\":\"https:\\\/\\\/aliancaevangelica.pt\\\/site\\\/#website\",\"url\":\"https:\\\/\\\/aliancaevangelica.pt\\\/site\\\/\",\"name\":\"Alian\u00e7a Evang\u00e9lica Portuguesa\",\"description\":\"Alian\u00e7a Evang\u00e9lica Portuguesa\",\"publisher\":{\"@id\":\"https:\\\/\\\/aliancaevangelica.pt\\\/site\\\/#organization\"},\"potentialAction\":[{\"@type\":\"SearchAction\",\"target\":{\"@type\":\"EntryPoint\",\"urlTemplate\":\"https:\\\/\\\/aliancaevangelica.pt\\\/site\\\/?s={search_term_string}\"},\"query-input\":{\"@type\":\"PropertyValueSpecification\",\"valueRequired\":true,\"valueName\":\"search_term_string\"}}],\"inLanguage\":\"pt-PT\"},{\"@type\":\"Organization\",\"@id\":\"https:\\\/\\\/aliancaevangelica.pt\\\/site\\\/#organization\",\"name\":\"Alian\u00e7a Evang\u00e9lica Portuguesa\",\"url\":\"https:\\\/\\\/aliancaevangelica.pt\\\/site\\\/\",\"logo\":{\"@type\":\"ImageObject\",\"inLanguage\":\"pt-PT\",\"@id\":\"https:\\\/\\\/aliancaevangelica.pt\\\/site\\\/#\\\/schema\\\/logo\\\/image\\\/\",\"url\":\"https:\\\/\\\/aliancaevangelica.pt\\\/site\\\/wp-content\\\/uploads\\\/2017\\\/11\\\/logo-AEP-cor.png\",\"contentUrl\":\"https:\\\/\\\/aliancaevangelica.pt\\\/site\\\/wp-content\\\/uploads\\\/2017\\\/11\\\/logo-AEP-cor.png\",\"width\":1156,\"height\":672,\"caption\":\"Alian\u00e7a Evang\u00e9lica Portuguesa\"},\"image\":{\"@id\":\"https:\\\/\\\/aliancaevangelica.pt\\\/site\\\/#\\\/schema\\\/logo\\\/image\\\/\"},\"sameAs\":[\"http:\\\/\\\/facebook.com\\\/aeportuguesa\",\"http:\\\/\\\/instagram.com\\\/aliancaep\",\"http:\\\/\\\/youtube.com\\\/aeportuguesa\"]},{\"@type\":\"Person\",\"@id\":\"https:\\\/\\\/aliancaevangelica.pt\\\/site\\\/#\\\/schema\\\/person\\\/3b47cfc7535eff1e820f31c2d67eafcf\",\"name\":\"AEP\",\"sameAs\":[\"aeportugal\"],\"url\":\"https:\\\/\\\/aliancaevangelica.pt\\\/site\\\/author\\\/aeportugal\\\/\"}]}<\/script>\n<!-- \/ Yoast SEO plugin. -->","yoast_head_json":{"title":"Ele n\u00e3o se importa de esperar - AEP","robots":{"index":"index","follow":"follow","max-snippet":"max-snippet:-1","max-image-preview":"max-image-preview:large","max-video-preview":"max-video-preview:-1"},"canonical":"https:\/\/aliancaevangelica.pt\/site\/ele-nao-se-importa-de-esperar\/","og_locale":"pt_PT","og_type":"article","og_title":"Ele n\u00e3o se importa de esperar - AEP","og_description":"Falava, h\u00e1 dias, com um homem que est\u00e1 a esfor\u00e7ar-se por dar um outro sentido \u00e0 sua vida. Prepara-se para iniciar um programa em comunidade terap\u00eautica, face ao quadro de consumo de estupefacientes que o tem dominado e empobrecido. J\u00e1 anos antes deixara as \u201cdrogas\u201d e conseguira inserir-se ao n\u00edvel familiar e profissional. Agora, reca\u00edra.","og_url":"https:\/\/aliancaevangelica.pt\/site\/ele-nao-se-importa-de-esperar\/","og_site_name":"AEP","article_publisher":"http:\/\/facebook.com\/aeportuguesa","article_author":"aeportugal","article_published_time":"2022-04-05T15:59:19+00:00","article_modified_time":"2022-04-05T16:01:45+00:00","og_image":[{"width":1480,"height":986,"url":"https:\/\/aliancaevangelica.pt\/site\/wp-content\/uploads\/2022\/04\/Captura-de-ecra\u0303-2022-04-05-a\u0300s-16.55.46.png","type":"image\/png"}],"author":"AEP","twitter_card":"summary_large_image","twitter_misc":{"Escrito por":"AEP","Tempo estimado de leitura":"2 minutos"},"schema":{"@context":"https:\/\/schema.org","@graph":[{"@type":"Article","@id":"https:\/\/aliancaevangelica.pt\/site\/ele-nao-se-importa-de-esperar\/#article","isPartOf":{"@id":"https:\/\/aliancaevangelica.pt\/site\/ele-nao-se-importa-de-esperar\/"},"author":{"name":"AEP","@id":"https:\/\/aliancaevangelica.pt\/site\/#\/schema\/person\/3b47cfc7535eff1e820f31c2d67eafcf"},"headline":"Ele n\u00e3o se importa de esperar","datePublished":"2022-04-05T15:59:19+00:00","dateModified":"2022-04-05T16:01:45+00:00","mainEntityOfPage":{"@id":"https:\/\/aliancaevangelica.pt\/site\/ele-nao-se-importa-de-esperar\/"},"wordCount":430,"commentCount":0,"publisher":{"@id":"https:\/\/aliancaevangelica.pt\/site\/#organization"},"image":{"@id":"https:\/\/aliancaevangelica.pt\/site\/ele-nao-se-importa-de-esperar\/#primaryimage"},"thumbnailUrl":"https:\/\/aliancaevangelica.pt\/site\/wp-content\/uploads\/2022\/04\/Captura-de-ecra\u0303-2022-04-05-a\u0300s-16.55.46.png","articleSection":["1-Geral","Mulheres, Casais e Fam\u00edlia"],"inLanguage":"pt-PT","potentialAction":[{"@type":"CommentAction","name":"Comment","target":["https:\/\/aliancaevangelica.pt\/site\/ele-nao-se-importa-de-esperar\/#respond"]}]},{"@type":"WebPage","@id":"https:\/\/aliancaevangelica.pt\/site\/ele-nao-se-importa-de-esperar\/","url":"https:\/\/aliancaevangelica.pt\/site\/ele-nao-se-importa-de-esperar\/","name":"Ele n\u00e3o se importa de esperar - AEP","isPartOf":{"@id":"https:\/\/aliancaevangelica.pt\/site\/#website"},"primaryImageOfPage":{"@id":"https:\/\/aliancaevangelica.pt\/site\/ele-nao-se-importa-de-esperar\/#primaryimage"},"image":{"@id":"https:\/\/aliancaevangelica.pt\/site\/ele-nao-se-importa-de-esperar\/#primaryimage"},"thumbnailUrl":"https:\/\/aliancaevangelica.pt\/site\/wp-content\/uploads\/2022\/04\/Captura-de-ecra\u0303-2022-04-05-a\u0300s-16.55.46.png","datePublished":"2022-04-05T15:59:19+00:00","dateModified":"2022-04-05T16:01:45+00:00","breadcrumb":{"@id":"https:\/\/aliancaevangelica.pt\/site\/ele-nao-se-importa-de-esperar\/#breadcrumb"},"inLanguage":"pt-PT","potentialAction":[{"@type":"ReadAction","target":["https:\/\/aliancaevangelica.pt\/site\/ele-nao-se-importa-de-esperar\/"]}]},{"@type":"ImageObject","inLanguage":"pt-PT","@id":"https:\/\/aliancaevangelica.pt\/site\/ele-nao-se-importa-de-esperar\/#primaryimage","url":"https:\/\/aliancaevangelica.pt\/site\/wp-content\/uploads\/2022\/04\/Captura-de-ecra\u0303-2022-04-05-a\u0300s-16.55.46.png","contentUrl":"https:\/\/aliancaevangelica.pt\/site\/wp-content\/uploads\/2022\/04\/Captura-de-ecra\u0303-2022-04-05-a\u0300s-16.55.46.png","width":1480,"height":986},{"@type":"BreadcrumbList","@id":"https:\/\/aliancaevangelica.pt\/site\/ele-nao-se-importa-de-esperar\/#breadcrumb","itemListElement":[{"@type":"ListItem","position":1,"name":"In\u00edcio","item":"https:\/\/aliancaevangelica.pt\/site\/"},{"@type":"ListItem","position":2,"name":"Ele n\u00e3o se importa de esperar"}]},{"@type":"WebSite","@id":"https:\/\/aliancaevangelica.pt\/site\/#website","url":"https:\/\/aliancaevangelica.pt\/site\/","name":"Alian\u00e7a Evang\u00e9lica Portuguesa","description":"Alian\u00e7a Evang\u00e9lica Portuguesa","publisher":{"@id":"https:\/\/aliancaevangelica.pt\/site\/#organization"},"potentialAction":[{"@type":"SearchAction","target":{"@type":"EntryPoint","urlTemplate":"https:\/\/aliancaevangelica.pt\/site\/?s={search_term_string}"},"query-input":{"@type":"PropertyValueSpecification","valueRequired":true,"valueName":"search_term_string"}}],"inLanguage":"pt-PT"},{"@type":"Organization","@id":"https:\/\/aliancaevangelica.pt\/site\/#organization","name":"Alian\u00e7a Evang\u00e9lica Portuguesa","url":"https:\/\/aliancaevangelica.pt\/site\/","logo":{"@type":"ImageObject","inLanguage":"pt-PT","@id":"https:\/\/aliancaevangelica.pt\/site\/#\/schema\/logo\/image\/","url":"https:\/\/aliancaevangelica.pt\/site\/wp-content\/uploads\/2017\/11\/logo-AEP-cor.png","contentUrl":"https:\/\/aliancaevangelica.pt\/site\/wp-content\/uploads\/2017\/11\/logo-AEP-cor.png","width":1156,"height":672,"caption":"Alian\u00e7a Evang\u00e9lica Portuguesa"},"image":{"@id":"https:\/\/aliancaevangelica.pt\/site\/#\/schema\/logo\/image\/"},"sameAs":["http:\/\/facebook.com\/aeportuguesa","http:\/\/instagram.com\/aliancaep","http:\/\/youtube.com\/aeportuguesa"]},{"@type":"Person","@id":"https:\/\/aliancaevangelica.pt\/site\/#\/schema\/person\/3b47cfc7535eff1e820f31c2d67eafcf","name":"AEP","sameAs":["aeportugal"],"url":"https:\/\/aliancaevangelica.pt\/site\/author\/aeportugal\/"}]}},"uagb_featured_image_src":{"full":["https:\/\/aliancaevangelica.pt\/site\/wp-content\/uploads\/2022\/04\/Captura-de-ecra\u0303-2022-04-05-a\u0300s-16.55.46.png",1480,986,false],"thumbnail":["https:\/\/aliancaevangelica.pt\/site\/wp-content\/uploads\/2022\/04\/Captura-de-ecra\u0303-2022-04-05-a\u0300s-16.55.46-150x150.png",150,150,true],"medium":["https:\/\/aliancaevangelica.pt\/site\/wp-content\/uploads\/2022\/04\/Captura-de-ecra\u0303-2022-04-05-a\u0300s-16.55.46-300x200.png",300,200,true],"medium_large":["https:\/\/aliancaevangelica.pt\/site\/wp-content\/uploads\/2022\/04\/Captura-de-ecra\u0303-2022-04-05-a\u0300s-16.55.46-768x512.png",768,512,true],"large":["https:\/\/aliancaevangelica.pt\/site\/wp-content\/uploads\/2022\/04\/Captura-de-ecra\u0303-2022-04-05-a\u0300s-16.55.46-1024x682.png",960,639,true],"1536x1536":["https:\/\/aliancaevangelica.pt\/site\/wp-content\/uploads\/2022\/04\/Captura-de-ecra\u0303-2022-04-05-a\u0300s-16.55.46.png",1480,986,false],"2048x2048":["https:\/\/aliancaevangelica.pt\/site\/wp-content\/uploads\/2022\/04\/Captura-de-ecra\u0303-2022-04-05-a\u0300s-16.55.46.png",1480,986,false],"vp_sm":["https:\/\/aliancaevangelica.pt\/site\/wp-content\/uploads\/2022\/04\/Captura-de-ecra\u0303-2022-04-05-a\u0300s-16.55.46.png",500,333,false],"vp_md":["https:\/\/aliancaevangelica.pt\/site\/wp-content\/uploads\/2022\/04\/Captura-de-ecra\u0303-2022-04-05-a\u0300s-16.55.46.png",800,533,false],"vp_lg":["https:\/\/aliancaevangelica.pt\/site\/wp-content\/uploads\/2022\/04\/Captura-de-ecra\u0303-2022-04-05-a\u0300s-16.55.46.png",1280,853,false],"vp_xl":["https:\/\/aliancaevangelica.pt\/site\/wp-content\/uploads\/2022\/04\/Captura-de-ecra\u0303-2022-04-05-a\u0300s-16.55.46.png",1480,986,false],"vp_sm_popup":["https:\/\/aliancaevangelica.pt\/site\/wp-content\/uploads\/2022\/04\/Captura-de-ecra\u0303-2022-04-05-a\u0300s-16.55.46.png",500,333,false],"vp_md_popup":["https:\/\/aliancaevangelica.pt\/site\/wp-content\/uploads\/2022\/04\/Captura-de-ecra\u0303-2022-04-05-a\u0300s-16.55.46.png",800,533,false],"vp_xl_popup":["https:\/\/aliancaevangelica.pt\/site\/wp-content\/uploads\/2022\/04\/Captura-de-ecra\u0303-2022-04-05-a\u0300s-16.55.46.png",1480,986,false],"newsx-150x100":["https:\/\/aliancaevangelica.pt\/site\/wp-content\/uploads\/2022\/04\/Captura-de-ecra\u0303-2022-04-05-a\u0300s-16.55.46.png",150,100,false],"newsx-330x220":["https:\/\/aliancaevangelica.pt\/site\/wp-content\/uploads\/2022\/04\/Captura-de-ecra\u0303-2022-04-05-a\u0300s-16.55.46.png",330,220,false],"newsx-420x280":["https:\/\/aliancaevangelica.pt\/site\/wp-content\/uploads\/2022\/04\/Captura-de-ecra\u0303-2022-04-05-a\u0300s-16.55.46.png",420,280,false],"newsx-510x340":["https:\/\/aliancaevangelica.pt\/site\/wp-content\/uploads\/2022\/04\/Captura-de-ecra\u0303-2022-04-05-a\u0300s-16.55.46.png",510,340,false],"newsx-640x480":["https:\/\/aliancaevangelica.pt\/site\/wp-content\/uploads\/2022\/04\/Captura-de-ecra\u0303-2022-04-05-a\u0300s-16.55.46.png",640,426,false],"newsx-670x370":["https:\/\/aliancaevangelica.pt\/site\/wp-content\/uploads\/2022\/04\/Captura-de-ecra\u0303-2022-04-05-a\u0300s-16.55.46.png",555,370,false],"newsx-860x570":["https:\/\/aliancaevangelica.pt\/site\/wp-content\/uploads\/2022\/04\/Captura-de-ecra\u0303-2022-04-05-a\u0300s-16.55.46.png",856,570,false],"newsx-1000x750":["https:\/\/aliancaevangelica.pt\/site\/wp-content\/uploads\/2022\/04\/Captura-de-ecra\u0303-2022-04-05-a\u0300s-16.55.46.png",1000,666,false],"newsx-1200x600":["https:\/\/aliancaevangelica.pt\/site\/wp-content\/uploads\/2022\/04\/Captura-de-ecra\u0303-2022-04-05-a\u0300s-16.55.46.png",901,600,false]},"uagb_author_info":{"display_name":"AEP","author_link":"https:\/\/aliancaevangelica.pt\/site\/author\/aeportugal\/"},"uagb_comment_info":0,"uagb_excerpt":"Falava, h\u00e1 dias, com um homem que est\u00e1 a esfor\u00e7ar-se por dar um outro sentido \u00e0 sua vida. Prepara-se para iniciar um programa em comunidade terap\u00eautica, face ao quadro de consumo de estupefacientes que o tem dominado e empobrecido. J\u00e1 anos antes deixara as \u201cdrogas\u201d e conseguira inserir-se ao n\u00edvel familiar e profissional. Agora, reca\u00edra.","_links":{"self":[{"href":"https:\/\/aliancaevangelica.pt\/site\/wp-json\/wp\/v2\/posts\/19605","targetHints":{"allow":["GET"]}}],"collection":[{"href":"https:\/\/aliancaevangelica.pt\/site\/wp-json\/wp\/v2\/posts"}],"about":[{"href":"https:\/\/aliancaevangelica.pt\/site\/wp-json\/wp\/v2\/types\/post"}],"author":[{"embeddable":true,"href":"https:\/\/aliancaevangelica.pt\/site\/wp-json\/wp\/v2\/users\/2"}],"replies":[{"embeddable":true,"href":"https:\/\/aliancaevangelica.pt\/site\/wp-json\/wp\/v2\/comments?post=19605"}],"version-history":[{"count":3,"href":"https:\/\/aliancaevangelica.pt\/site\/wp-json\/wp\/v2\/posts\/19605\/revisions"}],"predecessor-version":[{"id":20873,"href":"https:\/\/aliancaevangelica.pt\/site\/wp-json\/wp\/v2\/posts\/19605\/revisions\/20873"}],"wp:featuredmedia":[{"embeddable":true,"href":"https:\/\/aliancaevangelica.pt\/site\/wp-json\/wp\/v2\/media\/19606"}],"wp:attachment":[{"href":"https:\/\/aliancaevangelica.pt\/site\/wp-json\/wp\/v2\/media?parent=19605"}],"wp:term":[{"taxonomy":"category","embeddable":true,"href":"https:\/\/aliancaevangelica.pt\/site\/wp-json\/wp\/v2\/categories?post=19605"},{"taxonomy":"post_tag","embeddable":true,"href":"https:\/\/aliancaevangelica.pt\/site\/wp-json\/wp\/v2\/tags?post=19605"}],"curies":[{"name":"wp","href":"https:\/\/api.w.org\/{rel}","templated":true}]}}