{"id":19573,"date":"2022-03-18T19:52:29","date_gmt":"2022-03-18T19:52:29","guid":{"rendered":"https:\/\/aliancaevangelica.pt\/site\/?p=19573"},"modified":"2022-03-18T19:52:30","modified_gmt":"2022-03-18T19:52:30","slug":"proteger-o-coracao","status":"publish","type":"post","link":"https:\/\/aliancaevangelica.pt\/site\/proteger-o-coracao\/","title":{"rendered":"Proteger o cora\u00e7\u00e3o"},"content":{"rendered":"<p class=\"p1\">Este tema tem sido alvo de muitos coment\u00e1rios, avisos, a fim de percebermos se n\u00f3s ou algu\u00e9m perto, pode socorrer ou ser socorrido no caso de um acidente cardiovascular, j\u00e1 que o cora\u00e7\u00e3o \u00e9 um dos \u00f3rg\u00e3os do nosso corpo que mais deve ser vigiado e cuidado.<\/p>\n<p class=\"p1\">Tamb\u00e9m devemos guardar o nosso cora\u00e7\u00e3o de grandes emo\u00e7\u00f5es, como o stress e a ansiedade, sendo pacientes no sofrimento que de tantas maneiras nos pode atingir.<span class=\"Apple-converted-space\">\u00a0 <\/span>A ira e a contenda, s\u00e3o inimigos <span class=\"Apple-converted-space\">\u00a0 <\/span>que permitem que as batidas se agigantem, trazendo do mesmo modo efeitos negativos e perigosos.<\/p>\n<p class=\"p1\">Ainda dissertando sobre o nosso cora\u00e7\u00e3o f\u00edsico, recordo que, na fase adulta, foi-me diagnosticado o cora\u00e7\u00e3o hipercin\u00e9tico, sempre mais acelerado que o normal e hoje tomo medica\u00e7\u00e3o di\u00e1ria para minimizar as batidas card\u00edacas.<\/p>\n<p class=\"p1\">Falamos do nosso cora\u00e7\u00e3o como sendo o centro de todos os nossos sentimentos e \u00e9 mesmo. A B\u00edblia Sagrada alerta-nos: \u201cSobre tudo o que se deve guardar, guarda o teu cora\u00e7\u00e3o, porque dele procedem as sa\u00eddas da vida\u201d Prov\u00e9rbios 4:23. Dele, procedem decis\u00f5es boas ou m\u00e1s, atrav\u00e9s das quais colhemos bons ou maus resultados.<\/p>\n<p class=\"p1\">Espiritualmente, podemos ter um cora\u00e7\u00e3o enfermo, ou s\u00e3o; endurecido, ou quebrantado; incr\u00e9dulo, ou crente. O pecado, \u00e9 a maior doen\u00e7a que faz perigar o nosso cora\u00e7\u00e3o e entristece Deus. Ele ama o pecador, mas abomina o pecado. Como est\u00e1 escrito em Ezequiel 36:26, se quisermos, diz-nos: \u201cVos darei um cora\u00e7\u00e3o novo\u2026tirarei o cora\u00e7\u00e3o de pedra\u2026e vos darei um cora\u00e7\u00e3o de carne\u201d. O maior e melhor cirurgi\u00e3o da hist\u00f3ria \u00e9 Deus!<\/p>\n<p class=\"p1\">Talvez algu\u00e9m motivado por circunst\u00e2ncias adversas tenha feito uma afirma\u00e7\u00e3o que encontramos no Salmo 53:1 \u201cDisse o n\u00e9scio no seu cora\u00e7\u00e3o: N\u00e3o h\u00e1 Deus\u201d. Que insensatez, que incredulidade. Quando o desespero se instala, o melhor clamor \u00e9 este: Deus, se tu existes, socorre-me, revela-te, mostra-te; este \u00e9 um bom desafio, porque \u201c\u2026\u00e9 necess\u00e1rio que aquele que se aproxima de Deus creia que ele existe e que \u00e9 galardoador dos que o buscam\u201d Romanos 11:6. Antes de fecharmos o cora\u00e7\u00e3o, porque n\u00e3o fazer este apelo a quem nos ouve e responde?<\/p>\n<p class=\"p1\">Ele d\u00e1-nos um novo cora\u00e7\u00e3o, uma mente renovada, uma f\u00e9 alicer\u00e7ada na B\u00edblia Sagrada. Depois disto, precisamos atentar para a Palavra no livro de Jeremias 17:9,10 \u201cEnganoso \u00e9 o cora\u00e7\u00e3o, mais do que todas as coisas, e perverso; quem o conhecer\u00e1? Eu, o Senhor, esquadrinho o cora\u00e7\u00e3o\u201d.<\/p>\n<p class=\"p1\">Esta \u00e9 uma an\u00e1lise dura mas t\u00e3o verdadeira. Muitas vezes temos dificuldade em gerir a nossa nova vida em Deus. Enganoso e perverso, pode ser o nosso cora\u00e7\u00e3o e sendo nosso, n\u00e3o nos apercebemos das armadilhas nas quais trope\u00e7amos. Quem o conhecer\u00e1 ent\u00e3o? O Senhor Deus, quem nos criou. Ele esquadrinha, analisa minuciosamente o nosso interior com a Sua omnisci\u00eancia e o que faz? Fala connosco.<\/p>\n<p class=\"p1\">Se conseguirmos ouvir a Sua voz: \u201cPerto est\u00e1 o Senhor dos que t\u00eam o cora\u00e7\u00e3o quebrantado\u2026\u201d Salmo 34:18. Deste modo Ele se compadece, endireita as nossas veredas, cura as nossas feridas.<\/p>\n<p class=\"p1\">Atentemos para esta ora\u00e7\u00e3o do rei David: \u201cCria em mim, \u00f3 Deus, um cora\u00e7\u00e3o puro\u2026\u201d Salmo 51:10 e a sua peti\u00e7\u00e3o foi ouvida. Ele ouve tamb\u00e9m o nosso clamor. Porventura n\u00e3o conhecer\u00e1 Deus isso? Pois Ele sabe os segredos do cora\u00e7\u00e3o.<\/p>\n<p class=\"p1\">\u201cPorque Deus, que disse que das trevas resplandecesse a luz, \u00e9 quem resplandeceu, em nossos cora\u00e7\u00f5es, para ilumina\u00e7\u00e3o do conhecimento da gl\u00f3ria de Deus, na face de Jesus Cristo\u201d II Cor\u00edntios 4:6.<\/p>\n<p class=\"p1\">Jesus veio viver entre n\u00f3s para nos dar a conhecer o Seu Pai e nosso Pai. Morreu na cruz e levou sobre Si os nossos pecados e como algumas centenas de anos atr\u00e1s profetas afirmaram, ressuscitou dos mortos e hoje est\u00e1 assentado \u00e0 direita de Deus intercedendo por n\u00f3s. Em Romanos 5:5 diz que \u201co amor de Deus est\u00e1 derramado em nosso cora\u00e7\u00e3o pelo Esp\u00edrito Santo que nos foi dado\u201d. Jesus voltou para o Pai, mas deixou-nos o Consolador que habita em todo aquele que confessa Jesus como Senhor.<\/p>\n<p class=\"p1\">Eu gosto muito dum vers\u00edculo que est\u00e1 no Salmo 37:4: \u201cDeleita-te tamb\u00e9m no Senhor e ele conceder\u00e1 o que deseja o teu cora\u00e7\u00e3o\u201d. Deleitarmo-nos no Senhor, \u00e9 experimentar todas as Suas miseric\u00f3rdias, sermos gratos, obedecer-lhe, entre muitas outras coisas, deliciarmo-nos com a Sua presen\u00e7a graciosa, reconhec\u00ea-lo em todos os nossos caminhos e estarmos sempre perto, sabendo que ocupa todo o nosso ser e nos pode e deve ajudar em todas as decis\u00f5es da nossa vida.<\/p>\n<p class=\"p1\">Esta \u00e9 uma mensagem amorosa de Jesus para n\u00f3s: \u201cN\u00e3o se turbe o vosso cora\u00e7\u00e3o, credes em Deus, crede tamb\u00e9m em mim\u201d Jo\u00e3o 14:1. Havia tanta interroga\u00e7\u00e3o nos ap\u00f3stolos confrontados com o homem Deus; N\u00e3o fiquem inquietos e como se usa hoje dizer, vai tudo correr bem. Creiam em mim, eu vim de Deus.<\/p>\n<p class=\"p1\">Hoje vivendo n\u00f3s com tantas interroga\u00e7\u00f5es sobre o amanh\u00e3, o melhor \u00e9 dependermos de Deus, cuidando do nosso cora\u00e7\u00e3o f\u00edsico e espiritual para que o Esp\u00edrito Santo tenha a primazia nas nossas decis\u00f5es, rejeitando todo o medo e incertezas, pois Ele est\u00e1 connosco sempre.<\/p>\n<p class=\"p1\">O meu cora\u00e7\u00e3o hipercin\u00e9tico continua agitado, mas aquele cora\u00e7\u00e3o que gera sentimentos e emo\u00e7\u00f5es, com os anos, tem encontrado tanto repouso e decidiu que \u00e9 s\u00f3 Daquele a quem o rei Davi p\u00f4de orar: \u201cSonda-me, \u00f3 Deus, e conhece o meu cora\u00e7\u00e3o; prova-me e conhece os meus pensamentos. E v\u00ea se se h\u00e1 em mim algum caminho mau e guia-me pelo caminho eterno\u201d Salmo139:23,24.<\/p>\n<p>[movedo_single_image image=&#8221;18978&#8243; animation=&#8221;grve-zoom-in&#8221;]Carlota Roque<\/p>\n<p class=\"p1\">Mission\u00e1ria aposentada<\/p>\n<p class=\"p1\">\n","protected":false},"excerpt":{"rendered":"<p>Este tema tem sido alvo de muitos coment\u00e1rios, avisos, a fim de percebermos se n\u00f3s ou algu\u00e9m perto, pode socorrer ou ser socorrido no caso de um acidente cardiovascular, j\u00e1 que o cora\u00e7\u00e3o \u00e9 um dos \u00f3rg\u00e3os do nosso corpo que mais deve ser vigiado e cuidado. Tamb\u00e9m devemos guardar o nosso cora\u00e7\u00e3o de grandes<\/p>\n","protected":false},"author":2,"featured_media":19574,"comment_status":"open","ping_status":"open","sticky":false,"template":"","format":"standard","meta":{"_piecal_is_event":false,"_piecal_start_date":"","_piecal_end_date":"","_piecal_is_allday":false,"_uag_custom_page_level_css":"","_themeisle_gutenberg_block_has_review":false,"_vp_format_video_url":"","_vp_image_focal_point":[],"footnotes":""},"categories":[45,47],"tags":[],"class_list":["post-19573","post","type-post","status-publish","format-standard","has-post-thumbnail","hentry","category-geral","category-mulheres"],"yoast_head":"<!-- This site is optimized with the Yoast SEO plugin v27.5 - https:\/\/yoast.com\/product\/yoast-seo-wordpress\/ -->\n<title>Proteger o cora\u00e7\u00e3o - AEP<\/title>\n<meta name=\"robots\" content=\"index, follow, max-snippet:-1, max-image-preview:large, max-video-preview:-1\" \/>\n<link rel=\"canonical\" href=\"https:\/\/aliancaevangelica.pt\/site\/proteger-o-coracao\/\" \/>\n<meta property=\"og:locale\" content=\"pt_PT\" \/>\n<meta property=\"og:type\" content=\"article\" \/>\n<meta property=\"og:title\" content=\"Proteger o cora\u00e7\u00e3o - AEP\" \/>\n<meta property=\"og:description\" content=\"Este tema tem sido alvo de muitos coment\u00e1rios, avisos, a fim de percebermos se n\u00f3s ou algu\u00e9m perto, pode socorrer ou ser socorrido no caso de um acidente cardiovascular, j\u00e1 que o cora\u00e7\u00e3o \u00e9 um dos \u00f3rg\u00e3os do nosso corpo que mais deve ser vigiado e cuidado. Tamb\u00e9m devemos guardar o nosso cora\u00e7\u00e3o de grandes\" \/>\n<meta property=\"og:url\" content=\"https:\/\/aliancaevangelica.pt\/site\/proteger-o-coracao\/\" \/>\n<meta property=\"og:site_name\" content=\"AEP\" \/>\n<meta property=\"article:publisher\" content=\"http:\/\/facebook.com\/aeportuguesa\" \/>\n<meta property=\"article:author\" content=\"aeportugal\" \/>\n<meta property=\"article:published_time\" content=\"2022-03-18T19:52:29+00:00\" \/>\n<meta property=\"article:modified_time\" content=\"2022-03-18T19:52:30+00:00\" \/>\n<meta property=\"og:image\" content=\"https:\/\/aliancaevangelica.pt\/site\/wp-content\/uploads\/2022\/03\/Corac\u0327a\u0303o.jpg\" \/>\n\t<meta property=\"og:image:width\" content=\"960\" \/>\n\t<meta property=\"og:image:height\" content=\"477\" \/>\n\t<meta property=\"og:image:type\" content=\"image\/jpeg\" \/>\n<meta name=\"author\" content=\"AEP\" \/>\n<meta name=\"twitter:card\" content=\"summary_large_image\" \/>\n<meta name=\"twitter:label1\" content=\"Escrito por\" \/>\n\t<meta name=\"twitter:data1\" content=\"AEP\" \/>\n\t<meta name=\"twitter:label2\" content=\"Tempo estimado de leitura\" \/>\n\t<meta name=\"twitter:data2\" content=\"5 minutos\" \/>\n<script type=\"application\/ld+json\" class=\"yoast-schema-graph\">{\"@context\":\"https:\\\/\\\/schema.org\",\"@graph\":[{\"@type\":\"Article\",\"@id\":\"https:\\\/\\\/aliancaevangelica.pt\\\/site\\\/proteger-o-coracao\\\/#article\",\"isPartOf\":{\"@id\":\"https:\\\/\\\/aliancaevangelica.pt\\\/site\\\/proteger-o-coracao\\\/\"},\"author\":{\"name\":\"AEP\",\"@id\":\"https:\\\/\\\/aliancaevangelica.pt\\\/site\\\/#\\\/schema\\\/person\\\/3b47cfc7535eff1e820f31c2d67eafcf\"},\"headline\":\"Proteger o cora\u00e7\u00e3o\",\"datePublished\":\"2022-03-18T19:52:29+00:00\",\"dateModified\":\"2022-03-18T19:52:30+00:00\",\"mainEntityOfPage\":{\"@id\":\"https:\\\/\\\/aliancaevangelica.pt\\\/site\\\/proteger-o-coracao\\\/\"},\"wordCount\":973,\"commentCount\":0,\"publisher\":{\"@id\":\"https:\\\/\\\/aliancaevangelica.pt\\\/site\\\/#organization\"},\"image\":{\"@id\":\"https:\\\/\\\/aliancaevangelica.pt\\\/site\\\/proteger-o-coracao\\\/#primaryimage\"},\"thumbnailUrl\":\"https:\\\/\\\/aliancaevangelica.pt\\\/site\\\/wp-content\\\/uploads\\\/2022\\\/03\\\/Corac\u0327a\u0303o.jpg\",\"articleSection\":[\"1-Geral\",\"Mulheres\"],\"inLanguage\":\"pt-PT\",\"potentialAction\":[{\"@type\":\"CommentAction\",\"name\":\"Comment\",\"target\":[\"https:\\\/\\\/aliancaevangelica.pt\\\/site\\\/proteger-o-coracao\\\/#respond\"]}]},{\"@type\":\"WebPage\",\"@id\":\"https:\\\/\\\/aliancaevangelica.pt\\\/site\\\/proteger-o-coracao\\\/\",\"url\":\"https:\\\/\\\/aliancaevangelica.pt\\\/site\\\/proteger-o-coracao\\\/\",\"name\":\"Proteger o cora\u00e7\u00e3o - AEP\",\"isPartOf\":{\"@id\":\"https:\\\/\\\/aliancaevangelica.pt\\\/site\\\/#website\"},\"primaryImageOfPage\":{\"@id\":\"https:\\\/\\\/aliancaevangelica.pt\\\/site\\\/proteger-o-coracao\\\/#primaryimage\"},\"image\":{\"@id\":\"https:\\\/\\\/aliancaevangelica.pt\\\/site\\\/proteger-o-coracao\\\/#primaryimage\"},\"thumbnailUrl\":\"https:\\\/\\\/aliancaevangelica.pt\\\/site\\\/wp-content\\\/uploads\\\/2022\\\/03\\\/Corac\u0327a\u0303o.jpg\",\"datePublished\":\"2022-03-18T19:52:29+00:00\",\"dateModified\":\"2022-03-18T19:52:30+00:00\",\"breadcrumb\":{\"@id\":\"https:\\\/\\\/aliancaevangelica.pt\\\/site\\\/proteger-o-coracao\\\/#breadcrumb\"},\"inLanguage\":\"pt-PT\",\"potentialAction\":[{\"@type\":\"ReadAction\",\"target\":[\"https:\\\/\\\/aliancaevangelica.pt\\\/site\\\/proteger-o-coracao\\\/\"]}]},{\"@type\":\"ImageObject\",\"inLanguage\":\"pt-PT\",\"@id\":\"https:\\\/\\\/aliancaevangelica.pt\\\/site\\\/proteger-o-coracao\\\/#primaryimage\",\"url\":\"https:\\\/\\\/aliancaevangelica.pt\\\/site\\\/wp-content\\\/uploads\\\/2022\\\/03\\\/Corac\u0327a\u0303o.jpg\",\"contentUrl\":\"https:\\\/\\\/aliancaevangelica.pt\\\/site\\\/wp-content\\\/uploads\\\/2022\\\/03\\\/Corac\u0327a\u0303o.jpg\",\"width\":960,\"height\":477},{\"@type\":\"BreadcrumbList\",\"@id\":\"https:\\\/\\\/aliancaevangelica.pt\\\/site\\\/proteger-o-coracao\\\/#breadcrumb\",\"itemListElement\":[{\"@type\":\"ListItem\",\"position\":1,\"name\":\"In\u00edcio\",\"item\":\"https:\\\/\\\/aliancaevangelica.pt\\\/site\\\/\"},{\"@type\":\"ListItem\",\"position\":2,\"name\":\"Proteger o cora\u00e7\u00e3o\"}]},{\"@type\":\"WebSite\",\"@id\":\"https:\\\/\\\/aliancaevangelica.pt\\\/site\\\/#website\",\"url\":\"https:\\\/\\\/aliancaevangelica.pt\\\/site\\\/\",\"name\":\"Alian\u00e7a Evang\u00e9lica Portuguesa\",\"description\":\"Alian\u00e7a Evang\u00e9lica Portuguesa\",\"publisher\":{\"@id\":\"https:\\\/\\\/aliancaevangelica.pt\\\/site\\\/#organization\"},\"potentialAction\":[{\"@type\":\"SearchAction\",\"target\":{\"@type\":\"EntryPoint\",\"urlTemplate\":\"https:\\\/\\\/aliancaevangelica.pt\\\/site\\\/?s={search_term_string}\"},\"query-input\":{\"@type\":\"PropertyValueSpecification\",\"valueRequired\":true,\"valueName\":\"search_term_string\"}}],\"inLanguage\":\"pt-PT\"},{\"@type\":\"Organization\",\"@id\":\"https:\\\/\\\/aliancaevangelica.pt\\\/site\\\/#organization\",\"name\":\"Alian\u00e7a Evang\u00e9lica Portuguesa\",\"url\":\"https:\\\/\\\/aliancaevangelica.pt\\\/site\\\/\",\"logo\":{\"@type\":\"ImageObject\",\"inLanguage\":\"pt-PT\",\"@id\":\"https:\\\/\\\/aliancaevangelica.pt\\\/site\\\/#\\\/schema\\\/logo\\\/image\\\/\",\"url\":\"https:\\\/\\\/aliancaevangelica.pt\\\/site\\\/wp-content\\\/uploads\\\/2017\\\/11\\\/logo-AEP-cor.png\",\"contentUrl\":\"https:\\\/\\\/aliancaevangelica.pt\\\/site\\\/wp-content\\\/uploads\\\/2017\\\/11\\\/logo-AEP-cor.png\",\"width\":1156,\"height\":672,\"caption\":\"Alian\u00e7a Evang\u00e9lica Portuguesa\"},\"image\":{\"@id\":\"https:\\\/\\\/aliancaevangelica.pt\\\/site\\\/#\\\/schema\\\/logo\\\/image\\\/\"},\"sameAs\":[\"http:\\\/\\\/facebook.com\\\/aeportuguesa\",\"http:\\\/\\\/instagram.com\\\/aliancaep\",\"http:\\\/\\\/youtube.com\\\/aeportuguesa\"]},{\"@type\":\"Person\",\"@id\":\"https:\\\/\\\/aliancaevangelica.pt\\\/site\\\/#\\\/schema\\\/person\\\/3b47cfc7535eff1e820f31c2d67eafcf\",\"name\":\"AEP\",\"sameAs\":[\"aeportugal\"],\"url\":\"https:\\\/\\\/aliancaevangelica.pt\\\/site\\\/author\\\/aeportugal\\\/\"}]}<\/script>\n<!-- \/ Yoast SEO plugin. -->","yoast_head_json":{"title":"Proteger o cora\u00e7\u00e3o - AEP","robots":{"index":"index","follow":"follow","max-snippet":"max-snippet:-1","max-image-preview":"max-image-preview:large","max-video-preview":"max-video-preview:-1"},"canonical":"https:\/\/aliancaevangelica.pt\/site\/proteger-o-coracao\/","og_locale":"pt_PT","og_type":"article","og_title":"Proteger o cora\u00e7\u00e3o - AEP","og_description":"Este tema tem sido alvo de muitos coment\u00e1rios, avisos, a fim de percebermos se n\u00f3s ou algu\u00e9m perto, pode socorrer ou ser socorrido no caso de um acidente cardiovascular, j\u00e1 que o cora\u00e7\u00e3o \u00e9 um dos \u00f3rg\u00e3os do nosso corpo que mais deve ser vigiado e cuidado. Tamb\u00e9m devemos guardar o nosso cora\u00e7\u00e3o de grandes","og_url":"https:\/\/aliancaevangelica.pt\/site\/proteger-o-coracao\/","og_site_name":"AEP","article_publisher":"http:\/\/facebook.com\/aeportuguesa","article_author":"aeportugal","article_published_time":"2022-03-18T19:52:29+00:00","article_modified_time":"2022-03-18T19:52:30+00:00","og_image":[{"width":960,"height":477,"url":"https:\/\/aliancaevangelica.pt\/site\/wp-content\/uploads\/2022\/03\/Corac\u0327a\u0303o.jpg","type":"image\/jpeg"}],"author":"AEP","twitter_card":"summary_large_image","twitter_misc":{"Escrito por":"AEP","Tempo estimado de leitura":"5 minutos"},"schema":{"@context":"https:\/\/schema.org","@graph":[{"@type":"Article","@id":"https:\/\/aliancaevangelica.pt\/site\/proteger-o-coracao\/#article","isPartOf":{"@id":"https:\/\/aliancaevangelica.pt\/site\/proteger-o-coracao\/"},"author":{"name":"AEP","@id":"https:\/\/aliancaevangelica.pt\/site\/#\/schema\/person\/3b47cfc7535eff1e820f31c2d67eafcf"},"headline":"Proteger o cora\u00e7\u00e3o","datePublished":"2022-03-18T19:52:29+00:00","dateModified":"2022-03-18T19:52:30+00:00","mainEntityOfPage":{"@id":"https:\/\/aliancaevangelica.pt\/site\/proteger-o-coracao\/"},"wordCount":973,"commentCount":0,"publisher":{"@id":"https:\/\/aliancaevangelica.pt\/site\/#organization"},"image":{"@id":"https:\/\/aliancaevangelica.pt\/site\/proteger-o-coracao\/#primaryimage"},"thumbnailUrl":"https:\/\/aliancaevangelica.pt\/site\/wp-content\/uploads\/2022\/03\/Corac\u0327a\u0303o.jpg","articleSection":["1-Geral","Mulheres"],"inLanguage":"pt-PT","potentialAction":[{"@type":"CommentAction","name":"Comment","target":["https:\/\/aliancaevangelica.pt\/site\/proteger-o-coracao\/#respond"]}]},{"@type":"WebPage","@id":"https:\/\/aliancaevangelica.pt\/site\/proteger-o-coracao\/","url":"https:\/\/aliancaevangelica.pt\/site\/proteger-o-coracao\/","name":"Proteger o cora\u00e7\u00e3o - AEP","isPartOf":{"@id":"https:\/\/aliancaevangelica.pt\/site\/#website"},"primaryImageOfPage":{"@id":"https:\/\/aliancaevangelica.pt\/site\/proteger-o-coracao\/#primaryimage"},"image":{"@id":"https:\/\/aliancaevangelica.pt\/site\/proteger-o-coracao\/#primaryimage"},"thumbnailUrl":"https:\/\/aliancaevangelica.pt\/site\/wp-content\/uploads\/2022\/03\/Corac\u0327a\u0303o.jpg","datePublished":"2022-03-18T19:52:29+00:00","dateModified":"2022-03-18T19:52:30+00:00","breadcrumb":{"@id":"https:\/\/aliancaevangelica.pt\/site\/proteger-o-coracao\/#breadcrumb"},"inLanguage":"pt-PT","potentialAction":[{"@type":"ReadAction","target":["https:\/\/aliancaevangelica.pt\/site\/proteger-o-coracao\/"]}]},{"@type":"ImageObject","inLanguage":"pt-PT","@id":"https:\/\/aliancaevangelica.pt\/site\/proteger-o-coracao\/#primaryimage","url":"https:\/\/aliancaevangelica.pt\/site\/wp-content\/uploads\/2022\/03\/Corac\u0327a\u0303o.jpg","contentUrl":"https:\/\/aliancaevangelica.pt\/site\/wp-content\/uploads\/2022\/03\/Corac\u0327a\u0303o.jpg","width":960,"height":477},{"@type":"BreadcrumbList","@id":"https:\/\/aliancaevangelica.pt\/site\/proteger-o-coracao\/#breadcrumb","itemListElement":[{"@type":"ListItem","position":1,"name":"In\u00edcio","item":"https:\/\/aliancaevangelica.pt\/site\/"},{"@type":"ListItem","position":2,"name":"Proteger o cora\u00e7\u00e3o"}]},{"@type":"WebSite","@id":"https:\/\/aliancaevangelica.pt\/site\/#website","url":"https:\/\/aliancaevangelica.pt\/site\/","name":"Alian\u00e7a Evang\u00e9lica Portuguesa","description":"Alian\u00e7a Evang\u00e9lica Portuguesa","publisher":{"@id":"https:\/\/aliancaevangelica.pt\/site\/#organization"},"potentialAction":[{"@type":"SearchAction","target":{"@type":"EntryPoint","urlTemplate":"https:\/\/aliancaevangelica.pt\/site\/?s={search_term_string}"},"query-input":{"@type":"PropertyValueSpecification","valueRequired":true,"valueName":"search_term_string"}}],"inLanguage":"pt-PT"},{"@type":"Organization","@id":"https:\/\/aliancaevangelica.pt\/site\/#organization","name":"Alian\u00e7a Evang\u00e9lica Portuguesa","url":"https:\/\/aliancaevangelica.pt\/site\/","logo":{"@type":"ImageObject","inLanguage":"pt-PT","@id":"https:\/\/aliancaevangelica.pt\/site\/#\/schema\/logo\/image\/","url":"https:\/\/aliancaevangelica.pt\/site\/wp-content\/uploads\/2017\/11\/logo-AEP-cor.png","contentUrl":"https:\/\/aliancaevangelica.pt\/site\/wp-content\/uploads\/2017\/11\/logo-AEP-cor.png","width":1156,"height":672,"caption":"Alian\u00e7a Evang\u00e9lica Portuguesa"},"image":{"@id":"https:\/\/aliancaevangelica.pt\/site\/#\/schema\/logo\/image\/"},"sameAs":["http:\/\/facebook.com\/aeportuguesa","http:\/\/instagram.com\/aliancaep","http:\/\/youtube.com\/aeportuguesa"]},{"@type":"Person","@id":"https:\/\/aliancaevangelica.pt\/site\/#\/schema\/person\/3b47cfc7535eff1e820f31c2d67eafcf","name":"AEP","sameAs":["aeportugal"],"url":"https:\/\/aliancaevangelica.pt\/site\/author\/aeportugal\/"}]}},"uagb_featured_image_src":{"full":["https:\/\/aliancaevangelica.pt\/site\/wp-content\/uploads\/2022\/03\/Corac\u0327a\u0303o.jpg",960,477,false],"thumbnail":["https:\/\/aliancaevangelica.pt\/site\/wp-content\/uploads\/2022\/03\/Corac\u0327a\u0303o-150x150.jpg",150,150,true],"medium":["https:\/\/aliancaevangelica.pt\/site\/wp-content\/uploads\/2022\/03\/Corac\u0327a\u0303o-300x149.jpg",300,149,true],"medium_large":["https:\/\/aliancaevangelica.pt\/site\/wp-content\/uploads\/2022\/03\/Corac\u0327a\u0303o-768x382.jpg",768,382,true],"large":["https:\/\/aliancaevangelica.pt\/site\/wp-content\/uploads\/2022\/03\/Corac\u0327a\u0303o.jpg",960,477,false],"1536x1536":["https:\/\/aliancaevangelica.pt\/site\/wp-content\/uploads\/2022\/03\/Corac\u0327a\u0303o.jpg",960,477,false],"2048x2048":["https:\/\/aliancaevangelica.pt\/site\/wp-content\/uploads\/2022\/03\/Corac\u0327a\u0303o.jpg",960,477,false],"vp_sm":["https:\/\/aliancaevangelica.pt\/site\/wp-content\/uploads\/2022\/03\/Corac\u0327a\u0303o.jpg",500,248,false],"vp_md":["https:\/\/aliancaevangelica.pt\/site\/wp-content\/uploads\/2022\/03\/Corac\u0327a\u0303o.jpg",800,398,false],"vp_lg":["https:\/\/aliancaevangelica.pt\/site\/wp-content\/uploads\/2022\/03\/Corac\u0327a\u0303o.jpg",960,477,false],"vp_xl":["https:\/\/aliancaevangelica.pt\/site\/wp-content\/uploads\/2022\/03\/Corac\u0327a\u0303o.jpg",960,477,false],"vp_sm_popup":["https:\/\/aliancaevangelica.pt\/site\/wp-content\/uploads\/2022\/03\/Corac\u0327a\u0303o.jpg",500,248,false],"vp_md_popup":["https:\/\/aliancaevangelica.pt\/site\/wp-content\/uploads\/2022\/03\/Corac\u0327a\u0303o.jpg",800,398,false],"vp_xl_popup":["https:\/\/aliancaevangelica.pt\/site\/wp-content\/uploads\/2022\/03\/Corac\u0327a\u0303o.jpg",960,477,false],"newsx-150x100":["https:\/\/aliancaevangelica.pt\/site\/wp-content\/uploads\/2022\/03\/Corac\u0327a\u0303o.jpg",150,75,false],"newsx-330x220":["https:\/\/aliancaevangelica.pt\/site\/wp-content\/uploads\/2022\/03\/Corac\u0327a\u0303o.jpg",330,164,false],"newsx-420x280":["https:\/\/aliancaevangelica.pt\/site\/wp-content\/uploads\/2022\/03\/Corac\u0327a\u0303o.jpg",420,209,false],"newsx-510x340":["https:\/\/aliancaevangelica.pt\/site\/wp-content\/uploads\/2022\/03\/Corac\u0327a\u0303o.jpg",510,253,false],"newsx-640x480":["https:\/\/aliancaevangelica.pt\/site\/wp-content\/uploads\/2022\/03\/Corac\u0327a\u0303o.jpg",640,318,false],"newsx-670x370":["https:\/\/aliancaevangelica.pt\/site\/wp-content\/uploads\/2022\/03\/Corac\u0327a\u0303o.jpg",670,333,false],"newsx-860x570":["https:\/\/aliancaevangelica.pt\/site\/wp-content\/uploads\/2022\/03\/Corac\u0327a\u0303o.jpg",860,427,false],"newsx-1000x750":["https:\/\/aliancaevangelica.pt\/site\/wp-content\/uploads\/2022\/03\/Corac\u0327a\u0303o.jpg",960,477,false],"newsx-1200x600":["https:\/\/aliancaevangelica.pt\/site\/wp-content\/uploads\/2022\/03\/Corac\u0327a\u0303o.jpg",960,477,false]},"uagb_author_info":{"display_name":"AEP","author_link":"https:\/\/aliancaevangelica.pt\/site\/author\/aeportugal\/"},"uagb_comment_info":0,"uagb_excerpt":"Este tema tem sido alvo de muitos coment\u00e1rios, avisos, a fim de percebermos se n\u00f3s ou algu\u00e9m perto, pode socorrer ou ser socorrido no caso de um acidente cardiovascular, j\u00e1 que o cora\u00e7\u00e3o \u00e9 um dos \u00f3rg\u00e3os do nosso corpo que mais deve ser vigiado e cuidado. Tamb\u00e9m devemos guardar o nosso cora\u00e7\u00e3o de grandes","_links":{"self":[{"href":"https:\/\/aliancaevangelica.pt\/site\/wp-json\/wp\/v2\/posts\/19573","targetHints":{"allow":["GET"]}}],"collection":[{"href":"https:\/\/aliancaevangelica.pt\/site\/wp-json\/wp\/v2\/posts"}],"about":[{"href":"https:\/\/aliancaevangelica.pt\/site\/wp-json\/wp\/v2\/types\/post"}],"author":[{"embeddable":true,"href":"https:\/\/aliancaevangelica.pt\/site\/wp-json\/wp\/v2\/users\/2"}],"replies":[{"embeddable":true,"href":"https:\/\/aliancaevangelica.pt\/site\/wp-json\/wp\/v2\/comments?post=19573"}],"version-history":[{"count":2,"href":"https:\/\/aliancaevangelica.pt\/site\/wp-json\/wp\/v2\/posts\/19573\/revisions"}],"predecessor-version":[{"id":19734,"href":"https:\/\/aliancaevangelica.pt\/site\/wp-json\/wp\/v2\/posts\/19573\/revisions\/19734"}],"wp:featuredmedia":[{"embeddable":true,"href":"https:\/\/aliancaevangelica.pt\/site\/wp-json\/wp\/v2\/media\/19574"}],"wp:attachment":[{"href":"https:\/\/aliancaevangelica.pt\/site\/wp-json\/wp\/v2\/media?parent=19573"}],"wp:term":[{"taxonomy":"category","embeddable":true,"href":"https:\/\/aliancaevangelica.pt\/site\/wp-json\/wp\/v2\/categories?post=19573"},{"taxonomy":"post_tag","embeddable":true,"href":"https:\/\/aliancaevangelica.pt\/site\/wp-json\/wp\/v2\/tags?post=19573"}],"curies":[{"name":"wp","href":"https:\/\/api.w.org\/{rel}","templated":true}]}}