{"id":19565,"date":"2022-03-05T19:00:46","date_gmt":"2022-03-05T19:00:46","guid":{"rendered":"https:\/\/aliancaevangelica.pt\/site\/?p=19565"},"modified":"2022-03-05T19:00:49","modified_gmt":"2022-03-05T19:00:49","slug":"escutar-o-nosso-corpo","status":"publish","type":"post","link":"https:\/\/aliancaevangelica.pt\/site\/escutar-o-nosso-corpo\/","title":{"rendered":"Escutar o nosso corpo"},"content":{"rendered":"<p class=\"p1\">Era uma sala confort\u00e1vel, acolhedora. Em torno das mesas redondas, decoradas com gosto, mulheres de diferentes idades ouviam-me atentamente, naquela tarde, enquanto partilhava com elas algumas ideias sobre o tema que me havia sido proposto.<\/p>\n<p class=\"p1\">Depois, foi altura de termos o anunciado ch\u00e1 com bolinhos.\u00a0O dia estava frio e aquela bebida quente\u00a0e arom\u00e1tica soube-me muito bem, acompanhada por uns biscoitos macios e saborosos, enquanto conversava com quem tinha ficado pr\u00f3ximo de\u00a0mim.<\/p>\n<p class=\"p1\">Passado pouco tempo, a minha respira\u00e7\u00e3o come\u00e7ou a ficar diferente. Sentia uma opress\u00e3o desagrad\u00e1vel, \u00e0 entrada e \u00e0 sa\u00edda do ar, mas n\u00e3o desconhecida. Foi mais um momento que me veio lembrar que tenho\u00a0asma e, por vezes, \u00e9 assim que respiro.<\/p>\n<p class=\"p1\">Estava habituada a tentar manter a serenidade em alturas como esta, e foi o que fiz, evitando esfor\u00e7os que pudessem agravar a condi\u00e7\u00e3o respirat\u00f3ria.\u00a0Sentia-me desconfort\u00e1vel, mas a explica\u00e7\u00e3o que dava a mim pr\u00f3pria era a mesma: tenho asma, \u00e9 assim. Contudo, para al\u00e9m dessa aparente resigna\u00e7\u00e3o, havia uma pergunta que, embora em voz sumida dentro de mim, parecia desejar fazer-se ouvir: &#8220;Sim, tenho asma, mas se eu estava bem, o que \u00e9 que aconteceu, ou o que \u00e9 que fiz, para ficar assim?&#8221;<\/p>\n<p class=\"p1\">T\u00ednhamos combinado ir jantar em fam\u00edlia, nessa noite, a um restaurante chin\u00eas. Mais tarde, fui com o meu marido e as nossas filhas, a pensar ainda que n\u00e3o iria comer muito mais. A verdade\u00a0\u00e9 que, na altura do jantar, a dificuldade em respirar j\u00e1 se tinha atenuado, e alimentei-me normalmente. Afinal, este n\u00e3o fora um epis\u00f3dio \u00fanico. Recordava-me de certa vez, entre outras, ter feito um bolo de iogurte &#8211; receita f\u00e1cil e saborosa, que resulta sempre bem. Comi uma fatia e, passado pouco tempo, a mesma dificuldade em respirar. Atenuava-se\u00a0depois de feita a digest\u00e3o, ao que parecia.<\/p>\n<p class=\"p1\">Para abreviar uma hist\u00f3ria um tanto longa, direi apenas que, depois de pesquisar e conhecer tamb\u00e9m relatos e intoler\u00e2ncias ou alergias alimentares de amigas minhas, resolvi\u00a0retirar o gl\u00faten da minha vida. N\u00e3o havia sintomas da doen\u00e7a cel\u00edaca, mas havia outro problema de sa\u00fade e&#8230; Decidi por minha conta!\u00a0A minha condi\u00e7\u00e3o respirat\u00f3ria melhorou, claramente. Mais tarde, e a meu pedido, fiz testes cut\u00e2neos que trouxeram a confirma\u00e7\u00e3o: sou al\u00e9rgica ao trigo. Por ruptura de stock, n\u00e3o foi poss\u00edvel avaliar em rela\u00e7\u00e3o ao gl\u00faten, mas acho que j\u00e1 nem \u00e9 preciso: est\u00e1 retirado da minha alimenta\u00e7\u00e3o, h\u00e1 uns 7 anos.<\/p>\n<p class=\"p1\">Escutar o nosso corpo \u00e9 uma oportunidade e um benef\u00edcio individual, exclusivo. Ningu\u00e9m o pode fazer por n\u00f3s. Ser\u00e1 uma refer\u00eancia preciosa para o m\u00e9dico que nos acompanha e poder\u00e1 fazer toda a diferen\u00e7a.\u00a0Por vezes, penso: h\u00e1 quanto tempo seria eu al\u00e9rgica ao trigo, sem saber? Os testes cut\u00e2neos que realizara nunca haviam inclu\u00eddo este alimento. Entretanto, tenho lido mais sobre esta tem\u00e1tica e sei que investiga\u00e7\u00f5es\u00a0 revelam que a\u00a0grande maioria das alergias a alimentos incidem sobre estes oito:\u00a0 leite, ovos, marisco, peixe, amendoins, frutos secos,\u00a0cereais com gl\u00faten e soja.\u00a0Sou al\u00e9rgica tamb\u00e9m a todos estes? N\u00e3o, mas sou a alguns desta lista, para al\u00e9m do gl\u00faten, e n\u00e3o entram no meu prato.<\/p>\n<p class=\"p1\">Desde ent\u00e3o, j\u00e1 aconteceu o convite para outros &#8220;ch\u00e1s&#8221;, em que bebo apenas o ch\u00e1, ou petisco\u00a0alguma fruta, se houver. A estranheza que pode provocar em quem insiste para que coma um bolinho constituiu uma boa oportunidade de explicar porque n\u00e3o o fa\u00e7o e, quem sabe, despertar a necess\u00e1ria reflex\u00e3o em algu\u00e9m que tamb\u00e9m precise de alterar a sua alimenta\u00e7\u00e3o. Afinal, antes eu tamb\u00e9m precisava e n\u00e3o sabia&#8230; Como me sinto grata \u00e0s pessoas que Deus usou para me fazer parar, pensar e alterar a minha alimenta\u00e7\u00e3o!<\/p>\n<p class=\"p1\">Neste ano, vamos ouvir o nosso corpo com aten\u00e7\u00e3o\u00a0e desfrutar de mais sa\u00fade! Um abra\u00e7o para todas.<\/p>\n<p class=\"p1\"><span style=\"font-size: inherit;\">[movedo_single_image image=&#8221;19564&#8243; animation=&#8221;grve-zoom-in&#8221;]<\/span>Bertina Coias Tom\u00e9<\/p>\n<p class=\"p1\">Psic\u00f3loga<\/p>\n<p class=\"p1\">Especialista em Psicologia Cl\u00ednica e da Sa\u00fade e em Psicologia Comunit\u00e1ria<\/p>\n","protected":false},"excerpt":{"rendered":"<p>Era uma sala confort\u00e1vel, acolhedora. Em torno das mesas redondas, decoradas com gosto, mulheres de diferentes idades ouviam-me atentamente, naquela tarde, enquanto partilhava com elas algumas ideias sobre o tema que me havia sido proposto. Depois, foi altura de termos o anunciado ch\u00e1 com bolinhos.\u00a0O dia estava frio e aquela bebida quente\u00a0e arom\u00e1tica soube-me muito<\/p>\n","protected":false},"author":2,"featured_media":19566,"comment_status":"open","ping_status":"open","sticky":false,"template":"","format":"standard","meta":{"_uag_custom_page_level_css":"","_themeisle_gutenberg_block_has_review":false,"_vp_format_video_url":"","_vp_image_focal_point":[],"footnotes":""},"categories":[45,47],"tags":[],"class_list":["post-19565","post","type-post","status-publish","format-standard","has-post-thumbnail","hentry","category-geral","category-mulheres-casais-e-familia"],"yoast_head":"<!-- This site is optimized with the Yoast SEO plugin v27.5 - https:\/\/yoast.com\/product\/yoast-seo-wordpress\/ -->\n<title>Escutar o nosso corpo - AEP<\/title>\n<meta name=\"robots\" content=\"index, follow, max-snippet:-1, max-image-preview:large, max-video-preview:-1\" \/>\n<link rel=\"canonical\" href=\"https:\/\/aliancaevangelica.pt\/site\/escutar-o-nosso-corpo\/\" \/>\n<meta property=\"og:locale\" content=\"pt_PT\" \/>\n<meta property=\"og:type\" content=\"article\" \/>\n<meta property=\"og:title\" content=\"Escutar o nosso corpo - AEP\" \/>\n<meta property=\"og:description\" content=\"Era uma sala confort\u00e1vel, acolhedora. Em torno das mesas redondas, decoradas com gosto, mulheres de diferentes idades ouviam-me atentamente, naquela tarde, enquanto partilhava com elas algumas ideias sobre o tema que me havia sido proposto. Depois, foi altura de termos o anunciado ch\u00e1 com bolinhos.\u00a0O dia estava frio e aquela bebida quente\u00a0e arom\u00e1tica soube-me muito\" \/>\n<meta property=\"og:url\" content=\"https:\/\/aliancaevangelica.pt\/site\/escutar-o-nosso-corpo\/\" \/>\n<meta property=\"og:site_name\" content=\"AEP\" \/>\n<meta property=\"article:publisher\" content=\"http:\/\/facebook.com\/aeportuguesa\" \/>\n<meta property=\"article:author\" content=\"aeportugal\" \/>\n<meta property=\"article:published_time\" content=\"2022-03-05T19:00:46+00:00\" \/>\n<meta property=\"article:modified_time\" content=\"2022-03-05T19:00:49+00:00\" \/>\n<meta property=\"og:image\" content=\"https:\/\/aliancaevangelica.pt\/site\/wp-content\/uploads\/2022\/03\/Captura-de-ecra\u0303-2022-03-05-a\u0300s-18.58.52.png\" \/>\n\t<meta property=\"og:image:width\" content=\"956\" \/>\n\t<meta property=\"og:image:height\" content=\"638\" \/>\n\t<meta property=\"og:image:type\" content=\"image\/png\" \/>\n<meta name=\"author\" content=\"AEP\" \/>\n<meta name=\"twitter:card\" content=\"summary_large_image\" \/>\n<meta name=\"twitter:label1\" content=\"Escrito por\" \/>\n\t<meta name=\"twitter:data1\" content=\"AEP\" \/>\n\t<meta name=\"twitter:label2\" content=\"Tempo estimado de leitura\" \/>\n\t<meta name=\"twitter:data2\" content=\"4 minutos\" \/>\n<script type=\"application\/ld+json\" class=\"yoast-schema-graph\">{\"@context\":\"https:\\\/\\\/schema.org\",\"@graph\":[{\"@type\":\"Article\",\"@id\":\"https:\\\/\\\/aliancaevangelica.pt\\\/site\\\/escutar-o-nosso-corpo\\\/#article\",\"isPartOf\":{\"@id\":\"https:\\\/\\\/aliancaevangelica.pt\\\/site\\\/escutar-o-nosso-corpo\\\/\"},\"author\":{\"name\":\"AEP\",\"@id\":\"https:\\\/\\\/aliancaevangelica.pt\\\/site\\\/#\\\/schema\\\/person\\\/3b47cfc7535eff1e820f31c2d67eafcf\"},\"headline\":\"Escutar o nosso corpo\",\"datePublished\":\"2022-03-05T19:00:46+00:00\",\"dateModified\":\"2022-03-05T19:00:49+00:00\",\"mainEntityOfPage\":{\"@id\":\"https:\\\/\\\/aliancaevangelica.pt\\\/site\\\/escutar-o-nosso-corpo\\\/\"},\"wordCount\":717,\"commentCount\":0,\"publisher\":{\"@id\":\"https:\\\/\\\/aliancaevangelica.pt\\\/site\\\/#organization\"},\"image\":{\"@id\":\"https:\\\/\\\/aliancaevangelica.pt\\\/site\\\/escutar-o-nosso-corpo\\\/#primaryimage\"},\"thumbnailUrl\":\"https:\\\/\\\/aliancaevangelica.pt\\\/site\\\/wp-content\\\/uploads\\\/2022\\\/03\\\/Captura-de-ecra\u0303-2022-03-05-a\u0300s-18.58.52.png\",\"articleSection\":[\"1-Geral\",\"Mulheres, Casais e Fam\u00edlia\"],\"inLanguage\":\"pt-PT\",\"potentialAction\":[{\"@type\":\"CommentAction\",\"name\":\"Comment\",\"target\":[\"https:\\\/\\\/aliancaevangelica.pt\\\/site\\\/escutar-o-nosso-corpo\\\/#respond\"]}]},{\"@type\":\"WebPage\",\"@id\":\"https:\\\/\\\/aliancaevangelica.pt\\\/site\\\/escutar-o-nosso-corpo\\\/\",\"url\":\"https:\\\/\\\/aliancaevangelica.pt\\\/site\\\/escutar-o-nosso-corpo\\\/\",\"name\":\"Escutar o nosso corpo - AEP\",\"isPartOf\":{\"@id\":\"https:\\\/\\\/aliancaevangelica.pt\\\/site\\\/#website\"},\"primaryImageOfPage\":{\"@id\":\"https:\\\/\\\/aliancaevangelica.pt\\\/site\\\/escutar-o-nosso-corpo\\\/#primaryimage\"},\"image\":{\"@id\":\"https:\\\/\\\/aliancaevangelica.pt\\\/site\\\/escutar-o-nosso-corpo\\\/#primaryimage\"},\"thumbnailUrl\":\"https:\\\/\\\/aliancaevangelica.pt\\\/site\\\/wp-content\\\/uploads\\\/2022\\\/03\\\/Captura-de-ecra\u0303-2022-03-05-a\u0300s-18.58.52.png\",\"datePublished\":\"2022-03-05T19:00:46+00:00\",\"dateModified\":\"2022-03-05T19:00:49+00:00\",\"breadcrumb\":{\"@id\":\"https:\\\/\\\/aliancaevangelica.pt\\\/site\\\/escutar-o-nosso-corpo\\\/#breadcrumb\"},\"inLanguage\":\"pt-PT\",\"potentialAction\":[{\"@type\":\"ReadAction\",\"target\":[\"https:\\\/\\\/aliancaevangelica.pt\\\/site\\\/escutar-o-nosso-corpo\\\/\"]}]},{\"@type\":\"ImageObject\",\"inLanguage\":\"pt-PT\",\"@id\":\"https:\\\/\\\/aliancaevangelica.pt\\\/site\\\/escutar-o-nosso-corpo\\\/#primaryimage\",\"url\":\"https:\\\/\\\/aliancaevangelica.pt\\\/site\\\/wp-content\\\/uploads\\\/2022\\\/03\\\/Captura-de-ecra\u0303-2022-03-05-a\u0300s-18.58.52.png\",\"contentUrl\":\"https:\\\/\\\/aliancaevangelica.pt\\\/site\\\/wp-content\\\/uploads\\\/2022\\\/03\\\/Captura-de-ecra\u0303-2022-03-05-a\u0300s-18.58.52.png\",\"width\":956,\"height\":638},{\"@type\":\"BreadcrumbList\",\"@id\":\"https:\\\/\\\/aliancaevangelica.pt\\\/site\\\/escutar-o-nosso-corpo\\\/#breadcrumb\",\"itemListElement\":[{\"@type\":\"ListItem\",\"position\":1,\"name\":\"In\u00edcio\",\"item\":\"https:\\\/\\\/aliancaevangelica.pt\\\/site\\\/\"},{\"@type\":\"ListItem\",\"position\":2,\"name\":\"Escutar o nosso corpo\"}]},{\"@type\":\"WebSite\",\"@id\":\"https:\\\/\\\/aliancaevangelica.pt\\\/site\\\/#website\",\"url\":\"https:\\\/\\\/aliancaevangelica.pt\\\/site\\\/\",\"name\":\"Alian\u00e7a Evang\u00e9lica Portuguesa\",\"description\":\"Alian\u00e7a Evang\u00e9lica Portuguesa\",\"publisher\":{\"@id\":\"https:\\\/\\\/aliancaevangelica.pt\\\/site\\\/#organization\"},\"potentialAction\":[{\"@type\":\"SearchAction\",\"target\":{\"@type\":\"EntryPoint\",\"urlTemplate\":\"https:\\\/\\\/aliancaevangelica.pt\\\/site\\\/?s={search_term_string}\"},\"query-input\":{\"@type\":\"PropertyValueSpecification\",\"valueRequired\":true,\"valueName\":\"search_term_string\"}}],\"inLanguage\":\"pt-PT\"},{\"@type\":\"Organization\",\"@id\":\"https:\\\/\\\/aliancaevangelica.pt\\\/site\\\/#organization\",\"name\":\"Alian\u00e7a Evang\u00e9lica Portuguesa\",\"url\":\"https:\\\/\\\/aliancaevangelica.pt\\\/site\\\/\",\"logo\":{\"@type\":\"ImageObject\",\"inLanguage\":\"pt-PT\",\"@id\":\"https:\\\/\\\/aliancaevangelica.pt\\\/site\\\/#\\\/schema\\\/logo\\\/image\\\/\",\"url\":\"https:\\\/\\\/aliancaevangelica.pt\\\/site\\\/wp-content\\\/uploads\\\/2017\\\/11\\\/logo-AEP-cor.png\",\"contentUrl\":\"https:\\\/\\\/aliancaevangelica.pt\\\/site\\\/wp-content\\\/uploads\\\/2017\\\/11\\\/logo-AEP-cor.png\",\"width\":1156,\"height\":672,\"caption\":\"Alian\u00e7a Evang\u00e9lica Portuguesa\"},\"image\":{\"@id\":\"https:\\\/\\\/aliancaevangelica.pt\\\/site\\\/#\\\/schema\\\/logo\\\/image\\\/\"},\"sameAs\":[\"http:\\\/\\\/facebook.com\\\/aeportuguesa\",\"http:\\\/\\\/instagram.com\\\/aliancaep\",\"http:\\\/\\\/youtube.com\\\/aeportuguesa\"]},{\"@type\":\"Person\",\"@id\":\"https:\\\/\\\/aliancaevangelica.pt\\\/site\\\/#\\\/schema\\\/person\\\/3b47cfc7535eff1e820f31c2d67eafcf\",\"name\":\"AEP\",\"sameAs\":[\"aeportugal\"],\"url\":\"https:\\\/\\\/aliancaevangelica.pt\\\/site\\\/author\\\/aeportugal\\\/\"}]}<\/script>\n<!-- \/ Yoast SEO plugin. -->","yoast_head_json":{"title":"Escutar o nosso corpo - AEP","robots":{"index":"index","follow":"follow","max-snippet":"max-snippet:-1","max-image-preview":"max-image-preview:large","max-video-preview":"max-video-preview:-1"},"canonical":"https:\/\/aliancaevangelica.pt\/site\/escutar-o-nosso-corpo\/","og_locale":"pt_PT","og_type":"article","og_title":"Escutar o nosso corpo - AEP","og_description":"Era uma sala confort\u00e1vel, acolhedora. Em torno das mesas redondas, decoradas com gosto, mulheres de diferentes idades ouviam-me atentamente, naquela tarde, enquanto partilhava com elas algumas ideias sobre o tema que me havia sido proposto. Depois, foi altura de termos o anunciado ch\u00e1 com bolinhos.\u00a0O dia estava frio e aquela bebida quente\u00a0e arom\u00e1tica soube-me muito","og_url":"https:\/\/aliancaevangelica.pt\/site\/escutar-o-nosso-corpo\/","og_site_name":"AEP","article_publisher":"http:\/\/facebook.com\/aeportuguesa","article_author":"aeportugal","article_published_time":"2022-03-05T19:00:46+00:00","article_modified_time":"2022-03-05T19:00:49+00:00","og_image":[{"width":956,"height":638,"url":"https:\/\/aliancaevangelica.pt\/site\/wp-content\/uploads\/2022\/03\/Captura-de-ecra\u0303-2022-03-05-a\u0300s-18.58.52.png","type":"image\/png"}],"author":"AEP","twitter_card":"summary_large_image","twitter_misc":{"Escrito por":"AEP","Tempo estimado de leitura":"4 minutos"},"schema":{"@context":"https:\/\/schema.org","@graph":[{"@type":"Article","@id":"https:\/\/aliancaevangelica.pt\/site\/escutar-o-nosso-corpo\/#article","isPartOf":{"@id":"https:\/\/aliancaevangelica.pt\/site\/escutar-o-nosso-corpo\/"},"author":{"name":"AEP","@id":"https:\/\/aliancaevangelica.pt\/site\/#\/schema\/person\/3b47cfc7535eff1e820f31c2d67eafcf"},"headline":"Escutar o nosso corpo","datePublished":"2022-03-05T19:00:46+00:00","dateModified":"2022-03-05T19:00:49+00:00","mainEntityOfPage":{"@id":"https:\/\/aliancaevangelica.pt\/site\/escutar-o-nosso-corpo\/"},"wordCount":717,"commentCount":0,"publisher":{"@id":"https:\/\/aliancaevangelica.pt\/site\/#organization"},"image":{"@id":"https:\/\/aliancaevangelica.pt\/site\/escutar-o-nosso-corpo\/#primaryimage"},"thumbnailUrl":"https:\/\/aliancaevangelica.pt\/site\/wp-content\/uploads\/2022\/03\/Captura-de-ecra\u0303-2022-03-05-a\u0300s-18.58.52.png","articleSection":["1-Geral","Mulheres, Casais e Fam\u00edlia"],"inLanguage":"pt-PT","potentialAction":[{"@type":"CommentAction","name":"Comment","target":["https:\/\/aliancaevangelica.pt\/site\/escutar-o-nosso-corpo\/#respond"]}]},{"@type":"WebPage","@id":"https:\/\/aliancaevangelica.pt\/site\/escutar-o-nosso-corpo\/","url":"https:\/\/aliancaevangelica.pt\/site\/escutar-o-nosso-corpo\/","name":"Escutar o nosso corpo - AEP","isPartOf":{"@id":"https:\/\/aliancaevangelica.pt\/site\/#website"},"primaryImageOfPage":{"@id":"https:\/\/aliancaevangelica.pt\/site\/escutar-o-nosso-corpo\/#primaryimage"},"image":{"@id":"https:\/\/aliancaevangelica.pt\/site\/escutar-o-nosso-corpo\/#primaryimage"},"thumbnailUrl":"https:\/\/aliancaevangelica.pt\/site\/wp-content\/uploads\/2022\/03\/Captura-de-ecra\u0303-2022-03-05-a\u0300s-18.58.52.png","datePublished":"2022-03-05T19:00:46+00:00","dateModified":"2022-03-05T19:00:49+00:00","breadcrumb":{"@id":"https:\/\/aliancaevangelica.pt\/site\/escutar-o-nosso-corpo\/#breadcrumb"},"inLanguage":"pt-PT","potentialAction":[{"@type":"ReadAction","target":["https:\/\/aliancaevangelica.pt\/site\/escutar-o-nosso-corpo\/"]}]},{"@type":"ImageObject","inLanguage":"pt-PT","@id":"https:\/\/aliancaevangelica.pt\/site\/escutar-o-nosso-corpo\/#primaryimage","url":"https:\/\/aliancaevangelica.pt\/site\/wp-content\/uploads\/2022\/03\/Captura-de-ecra\u0303-2022-03-05-a\u0300s-18.58.52.png","contentUrl":"https:\/\/aliancaevangelica.pt\/site\/wp-content\/uploads\/2022\/03\/Captura-de-ecra\u0303-2022-03-05-a\u0300s-18.58.52.png","width":956,"height":638},{"@type":"BreadcrumbList","@id":"https:\/\/aliancaevangelica.pt\/site\/escutar-o-nosso-corpo\/#breadcrumb","itemListElement":[{"@type":"ListItem","position":1,"name":"In\u00edcio","item":"https:\/\/aliancaevangelica.pt\/site\/"},{"@type":"ListItem","position":2,"name":"Escutar o nosso corpo"}]},{"@type":"WebSite","@id":"https:\/\/aliancaevangelica.pt\/site\/#website","url":"https:\/\/aliancaevangelica.pt\/site\/","name":"Alian\u00e7a Evang\u00e9lica Portuguesa","description":"Alian\u00e7a Evang\u00e9lica Portuguesa","publisher":{"@id":"https:\/\/aliancaevangelica.pt\/site\/#organization"},"potentialAction":[{"@type":"SearchAction","target":{"@type":"EntryPoint","urlTemplate":"https:\/\/aliancaevangelica.pt\/site\/?s={search_term_string}"},"query-input":{"@type":"PropertyValueSpecification","valueRequired":true,"valueName":"search_term_string"}}],"inLanguage":"pt-PT"},{"@type":"Organization","@id":"https:\/\/aliancaevangelica.pt\/site\/#organization","name":"Alian\u00e7a Evang\u00e9lica Portuguesa","url":"https:\/\/aliancaevangelica.pt\/site\/","logo":{"@type":"ImageObject","inLanguage":"pt-PT","@id":"https:\/\/aliancaevangelica.pt\/site\/#\/schema\/logo\/image\/","url":"https:\/\/aliancaevangelica.pt\/site\/wp-content\/uploads\/2017\/11\/logo-AEP-cor.png","contentUrl":"https:\/\/aliancaevangelica.pt\/site\/wp-content\/uploads\/2017\/11\/logo-AEP-cor.png","width":1156,"height":672,"caption":"Alian\u00e7a Evang\u00e9lica Portuguesa"},"image":{"@id":"https:\/\/aliancaevangelica.pt\/site\/#\/schema\/logo\/image\/"},"sameAs":["http:\/\/facebook.com\/aeportuguesa","http:\/\/instagram.com\/aliancaep","http:\/\/youtube.com\/aeportuguesa"]},{"@type":"Person","@id":"https:\/\/aliancaevangelica.pt\/site\/#\/schema\/person\/3b47cfc7535eff1e820f31c2d67eafcf","name":"AEP","sameAs":["aeportugal"],"url":"https:\/\/aliancaevangelica.pt\/site\/author\/aeportugal\/"}]}},"uagb_featured_image_src":{"full":["https:\/\/aliancaevangelica.pt\/site\/wp-content\/uploads\/2022\/03\/Captura-de-ecra\u0303-2022-03-05-a\u0300s-18.58.52.png",956,638,false],"thumbnail":["https:\/\/aliancaevangelica.pt\/site\/wp-content\/uploads\/2022\/03\/Captura-de-ecra\u0303-2022-03-05-a\u0300s-18.58.52-150x150.png",150,150,true],"medium":["https:\/\/aliancaevangelica.pt\/site\/wp-content\/uploads\/2022\/03\/Captura-de-ecra\u0303-2022-03-05-a\u0300s-18.58.52-300x200.png",300,200,true],"medium_large":["https:\/\/aliancaevangelica.pt\/site\/wp-content\/uploads\/2022\/03\/Captura-de-ecra\u0303-2022-03-05-a\u0300s-18.58.52-768x513.png",768,513,true],"large":["https:\/\/aliancaevangelica.pt\/site\/wp-content\/uploads\/2022\/03\/Captura-de-ecra\u0303-2022-03-05-a\u0300s-18.58.52.png",956,638,false],"1536x1536":["https:\/\/aliancaevangelica.pt\/site\/wp-content\/uploads\/2022\/03\/Captura-de-ecra\u0303-2022-03-05-a\u0300s-18.58.52.png",956,638,false],"2048x2048":["https:\/\/aliancaevangelica.pt\/site\/wp-content\/uploads\/2022\/03\/Captura-de-ecra\u0303-2022-03-05-a\u0300s-18.58.52.png",956,638,false],"vp_sm":["https:\/\/aliancaevangelica.pt\/site\/wp-content\/uploads\/2022\/03\/Captura-de-ecra\u0303-2022-03-05-a\u0300s-18.58.52.png",500,334,false],"vp_md":["https:\/\/aliancaevangelica.pt\/site\/wp-content\/uploads\/2022\/03\/Captura-de-ecra\u0303-2022-03-05-a\u0300s-18.58.52.png",800,534,false],"vp_lg":["https:\/\/aliancaevangelica.pt\/site\/wp-content\/uploads\/2022\/03\/Captura-de-ecra\u0303-2022-03-05-a\u0300s-18.58.52.png",956,638,false],"vp_xl":["https:\/\/aliancaevangelica.pt\/site\/wp-content\/uploads\/2022\/03\/Captura-de-ecra\u0303-2022-03-05-a\u0300s-18.58.52.png",956,638,false],"vp_sm_popup":["https:\/\/aliancaevangelica.pt\/site\/wp-content\/uploads\/2022\/03\/Captura-de-ecra\u0303-2022-03-05-a\u0300s-18.58.52.png",500,334,false],"vp_md_popup":["https:\/\/aliancaevangelica.pt\/site\/wp-content\/uploads\/2022\/03\/Captura-de-ecra\u0303-2022-03-05-a\u0300s-18.58.52.png",800,534,false],"vp_xl_popup":["https:\/\/aliancaevangelica.pt\/site\/wp-content\/uploads\/2022\/03\/Captura-de-ecra\u0303-2022-03-05-a\u0300s-18.58.52.png",956,638,false],"newsx-150x100":["https:\/\/aliancaevangelica.pt\/site\/wp-content\/uploads\/2022\/03\/Captura-de-ecra\u0303-2022-03-05-a\u0300s-18.58.52.png",150,100,false],"newsx-330x220":["https:\/\/aliancaevangelica.pt\/site\/wp-content\/uploads\/2022\/03\/Captura-de-ecra\u0303-2022-03-05-a\u0300s-18.58.52.png",330,220,false],"newsx-420x280":["https:\/\/aliancaevangelica.pt\/site\/wp-content\/uploads\/2022\/03\/Captura-de-ecra\u0303-2022-03-05-a\u0300s-18.58.52.png",420,280,false],"newsx-510x340":["https:\/\/aliancaevangelica.pt\/site\/wp-content\/uploads\/2022\/03\/Captura-de-ecra\u0303-2022-03-05-a\u0300s-18.58.52.png",510,340,false],"newsx-640x480":["https:\/\/aliancaevangelica.pt\/site\/wp-content\/uploads\/2022\/03\/Captura-de-ecra\u0303-2022-03-05-a\u0300s-18.58.52.png",640,427,false],"newsx-670x370":["https:\/\/aliancaevangelica.pt\/site\/wp-content\/uploads\/2022\/03\/Captura-de-ecra\u0303-2022-03-05-a\u0300s-18.58.52.png",554,370,false],"newsx-860x570":["https:\/\/aliancaevangelica.pt\/site\/wp-content\/uploads\/2022\/03\/Captura-de-ecra\u0303-2022-03-05-a\u0300s-18.58.52.png",854,570,false],"newsx-1000x750":["https:\/\/aliancaevangelica.pt\/site\/wp-content\/uploads\/2022\/03\/Captura-de-ecra\u0303-2022-03-05-a\u0300s-18.58.52.png",956,638,false],"newsx-1200x600":["https:\/\/aliancaevangelica.pt\/site\/wp-content\/uploads\/2022\/03\/Captura-de-ecra\u0303-2022-03-05-a\u0300s-18.58.52.png",899,600,false]},"uagb_author_info":{"display_name":"AEP","author_link":"https:\/\/aliancaevangelica.pt\/site\/author\/aeportugal\/"},"uagb_comment_info":0,"uagb_excerpt":"Era uma sala confort\u00e1vel, acolhedora. Em torno das mesas redondas, decoradas com gosto, mulheres de diferentes idades ouviam-me atentamente, naquela tarde, enquanto partilhava com elas algumas ideias sobre o tema que me havia sido proposto. Depois, foi altura de termos o anunciado ch\u00e1 com bolinhos.\u00a0O dia estava frio e aquela bebida quente\u00a0e arom\u00e1tica soube-me muito","_links":{"self":[{"href":"https:\/\/aliancaevangelica.pt\/site\/wp-json\/wp\/v2\/posts\/19565","targetHints":{"allow":["GET"]}}],"collection":[{"href":"https:\/\/aliancaevangelica.pt\/site\/wp-json\/wp\/v2\/posts"}],"about":[{"href":"https:\/\/aliancaevangelica.pt\/site\/wp-json\/wp\/v2\/types\/post"}],"author":[{"embeddable":true,"href":"https:\/\/aliancaevangelica.pt\/site\/wp-json\/wp\/v2\/users\/2"}],"replies":[{"embeddable":true,"href":"https:\/\/aliancaevangelica.pt\/site\/wp-json\/wp\/v2\/comments?post=19565"}],"version-history":[{"count":2,"href":"https:\/\/aliancaevangelica.pt\/site\/wp-json\/wp\/v2\/posts\/19565\/revisions"}],"predecessor-version":[{"id":20272,"href":"https:\/\/aliancaevangelica.pt\/site\/wp-json\/wp\/v2\/posts\/19565\/revisions\/20272"}],"wp:featuredmedia":[{"embeddable":true,"href":"https:\/\/aliancaevangelica.pt\/site\/wp-json\/wp\/v2\/media\/19566"}],"wp:attachment":[{"href":"https:\/\/aliancaevangelica.pt\/site\/wp-json\/wp\/v2\/media?parent=19565"}],"wp:term":[{"taxonomy":"category","embeddable":true,"href":"https:\/\/aliancaevangelica.pt\/site\/wp-json\/wp\/v2\/categories?post=19565"},{"taxonomy":"post_tag","embeddable":true,"href":"https:\/\/aliancaevangelica.pt\/site\/wp-json\/wp\/v2\/tags?post=19565"}],"curies":[{"name":"wp","href":"https:\/\/api.w.org\/{rel}","templated":true}]}}