{"id":19540,"date":"2022-02-18T08:30:00","date_gmt":"2022-02-18T08:30:00","guid":{"rendered":"https:\/\/aliancaevangelica.pt\/site\/?p=19540"},"modified":"2022-02-16T15:01:36","modified_gmt":"2022-02-16T15:01:36","slug":"levantemo-nos-e-edifiquemos","status":"publish","type":"post","link":"https:\/\/aliancaevangelica.pt\/site\/levantemo-nos-e-edifiquemos\/","title":{"rendered":"Levantemo-nos e edifiquemos"},"content":{"rendered":"<p class=\"p1\">As imensas torres do <i>World Trade Center<\/i>, conhecidas como torres g\u00e9meas, desmoronaram-se como se de um castelo de cartas se tratasse. Eram torres imensas, preparadas at\u00e9 para muitos embates&#8230; Contudo, pequenos pormenores na tecnologia de ponta foram descurados e a trag\u00e9dia aconteceu.<\/p>\n<p class=\"p1\">Dizem os entendidos que os embates poderiam ter causado v\u00edtimas, muitas, mas o desmoronar foi o maior assassino de tanta gente. Tudo porque ningu\u00e9m se lembrou que, se uma aeronave embatesse no edif\u00edcio, o combust\u00edvel que a aeronave transporta iria provocar um sobreaquecimento enorme, que fez com que as prote\u00e7\u00f5es do calor nas vigas fossem deslocadas e arrastassem tudo atr\u00e1s de si.<\/p>\n<p class=\"p1\">Lembra-me as nossas vidas, constru\u00eddas com cuidado e afinco&#8230; Pensamos n\u00f3s que nenhum pormenor foi descurado. Tal como as torres, o embate faz-nos vacilar, mas aquilo em que n\u00f3s n\u00e3o pens\u00e1mos nem ponder\u00e1mos, pode fazer-nos tombar.<\/p>\n<p class=\"p1\">Um embate pode ser muita coisa: o falecimento de um ente querido, uma separa\u00e7\u00e3o inesperada, uma condi\u00e7\u00e3o de sa\u00fade grave, problemas com os filhos&#8230; Afinal, estava tudo bem, era um dia como outro qualquer&#8230; E tudo se desmoronou. O que levou anos a construir, \u00e9 desfeito em pedacinhos, muitas vezes pequenos demais para &#8220;colar&#8221;.<\/p>\n<p class=\"p1\">Todavia, naquele ch\u00e3o &#8220;maldito&#8221; por muitos, ergueu<span class=\"s1\">&#8211;<\/span>se um memorial aos que partiram de uma forma t\u00e3o injusta, e outras torres se constru\u00edram, de novo. Muitos dos que l\u00e1 passam e moram, dizem que apesar de tudo novo, h\u00e1 uma ferida que n\u00e3o se esquece n\u00e3o s\u00f3 pelos nova iorquinos mas tamb\u00e9m pelo mundo. Como reconstruir num solo t\u00e3o &#8220;queimado&#8221;, como reconstruir por cima de cinzas e l\u00e1grimas?<\/p>\n<p class=\"p1\">Talvez algumas de v\u00f3s pensem nas vossas vidas assim&#8230; Como reedificar esta vida t\u00e3o cheia de l\u00e1grimas e cinzas&#8230; Como reconstruir o que duvidamos se se manter\u00e1 de p\u00e9?<\/p>\n<p class=\"p1\">Neemias pensou assim quando viu tudo ca\u00eddo&#8230; os muros da cidade&#8230; a prote\u00e7\u00e3o, o abrigo&#8230;tudo desaparecera. (Neemias 1,2) O que fez ele? Orou ao Deus que sempre o ouvira, clamou com uma tristeza de cora\u00e7\u00e3o vis\u00edvel at\u00e9 ao rei (2:2) e Deus o ouviu. Foi esse Deus que amaciou o cora\u00e7\u00e3o do rei para que Neemias levasse a cargo aquela grande tarefa. Deus providenciou a passagem com cartas do rei, Deus providenciou as pessoas certas para que o ajudassem, e Deus providenciou tudo o que era preciso para reconstruir. E, com f\u00e9, avan\u00e7ou: \u201cO Deus dos c\u00e9us \u00e9 o que nos far\u00e1 prosperar: e n\u00f3s, seus servos, nos levantaremos e edificaremos.\u201d (Neemias 2:20)<\/p>\n<p class=\"p1\">As nossas vidas s\u00e3o muitas vezes como muralhas tombadas, como torres destru\u00eddas, mas s\u00e3o tamb\u00e9m o lugar onde Deus pode ordenar a b\u00ean\u00e7\u00e3o, onde Deus pode trocar as tuas cinzas por gozo, o lugar onde pode secar as tuas l\u00e1grimas.<\/p>\n<p class=\"p1\">Acham que alguma coisa \u00e9 imposs\u00edvel ao nosso Deus? Eu tamb\u00e9m acho que n\u00e3o. \u201cPara Deus todas as coisas s\u00e3o poss\u00edveis&#8221;. (Mateus 19:26)<\/p>\n<p class=\"p1\">Fiquem bem, minhas queridas.<\/p>\n<p>[movedo_single_image image=&#8221;19539&#8243; animation=&#8221;grve-zoom-in&#8221;]Elisa Miguez<\/p>\n<p class=\"p1\">Respons\u00e1vel pela Associa\u00e7\u00e3o Vida Abundante na Lous\u00e3<\/p>\n","protected":false},"excerpt":{"rendered":"<p>As imensas torres do World Trade Center, conhecidas como torres g\u00e9meas, desmoronaram-se como se de um castelo de cartas se tratasse. Eram torres imensas, preparadas at\u00e9 para muitos embates&#8230; Contudo, pequenos pormenores na tecnologia de ponta foram descurados e a trag\u00e9dia aconteceu. Dizem os entendidos que os embates poderiam ter causado v\u00edtimas, muitas, mas o<\/p>\n","protected":false},"author":2,"featured_media":19541,"comment_status":"open","ping_status":"open","sticky":false,"template":"","format":"standard","meta":{"_uag_custom_page_level_css":"","_themeisle_gutenberg_block_has_review":false,"_vp_format_video_url":"","_vp_image_focal_point":[],"footnotes":""},"categories":[45,47],"tags":[],"class_list":["post-19540","post","type-post","status-publish","format-standard","has-post-thumbnail","hentry","category-geral","category-mulheres-casais-e-familia"],"yoast_head":"<!-- This site is optimized with the Yoast SEO plugin v27.5 - https:\/\/yoast.com\/product\/yoast-seo-wordpress\/ -->\n<title>Levantemo-nos e edifiquemos - AEP<\/title>\n<meta name=\"robots\" content=\"index, follow, max-snippet:-1, max-image-preview:large, max-video-preview:-1\" \/>\n<link rel=\"canonical\" href=\"https:\/\/aliancaevangelica.pt\/site\/levantemo-nos-e-edifiquemos\/\" \/>\n<meta property=\"og:locale\" content=\"pt_PT\" \/>\n<meta property=\"og:type\" content=\"article\" \/>\n<meta property=\"og:title\" content=\"Levantemo-nos e edifiquemos - AEP\" \/>\n<meta property=\"og:description\" content=\"As imensas torres do World Trade Center, conhecidas como torres g\u00e9meas, desmoronaram-se como se de um castelo de cartas se tratasse. Eram torres imensas, preparadas at\u00e9 para muitos embates&#8230; Contudo, pequenos pormenores na tecnologia de ponta foram descurados e a trag\u00e9dia aconteceu. Dizem os entendidos que os embates poderiam ter causado v\u00edtimas, muitas, mas o\" \/>\n<meta property=\"og:url\" content=\"https:\/\/aliancaevangelica.pt\/site\/levantemo-nos-e-edifiquemos\/\" \/>\n<meta property=\"og:site_name\" content=\"AEP\" \/>\n<meta property=\"article:publisher\" content=\"http:\/\/facebook.com\/aeportuguesa\" \/>\n<meta property=\"article:author\" content=\"aeportugal\" \/>\n<meta property=\"article:published_time\" content=\"2022-02-18T08:30:00+00:00\" \/>\n<meta property=\"og:image\" content=\"https:\/\/aliancaevangelica.pt\/site\/wp-content\/uploads\/2022\/02\/world-trade-center-2699805_960_720.jpg\" \/>\n\t<meta property=\"og:image:width\" content=\"895\" \/>\n\t<meta property=\"og:image:height\" content=\"720\" \/>\n\t<meta property=\"og:image:type\" content=\"image\/jpeg\" \/>\n<meta name=\"author\" content=\"AEP\" \/>\n<meta name=\"twitter:card\" content=\"summary_large_image\" \/>\n<meta name=\"twitter:label1\" content=\"Escrito por\" \/>\n\t<meta name=\"twitter:data1\" content=\"AEP\" \/>\n\t<meta name=\"twitter:label2\" content=\"Tempo estimado de leitura\" \/>\n\t<meta name=\"twitter:data2\" content=\"3 minutos\" \/>\n<script type=\"application\/ld+json\" class=\"yoast-schema-graph\">{\"@context\":\"https:\\\/\\\/schema.org\",\"@graph\":[{\"@type\":\"Article\",\"@id\":\"https:\\\/\\\/aliancaevangelica.pt\\\/site\\\/levantemo-nos-e-edifiquemos\\\/#article\",\"isPartOf\":{\"@id\":\"https:\\\/\\\/aliancaevangelica.pt\\\/site\\\/levantemo-nos-e-edifiquemos\\\/\"},\"author\":{\"name\":\"AEP\",\"@id\":\"https:\\\/\\\/aliancaevangelica.pt\\\/site\\\/#\\\/schema\\\/person\\\/3b47cfc7535eff1e820f31c2d67eafcf\"},\"headline\":\"Levantemo-nos e edifiquemos\",\"datePublished\":\"2022-02-18T08:30:00+00:00\",\"mainEntityOfPage\":{\"@id\":\"https:\\\/\\\/aliancaevangelica.pt\\\/site\\\/levantemo-nos-e-edifiquemos\\\/\"},\"wordCount\":532,\"commentCount\":0,\"publisher\":{\"@id\":\"https:\\\/\\\/aliancaevangelica.pt\\\/site\\\/#organization\"},\"image\":{\"@id\":\"https:\\\/\\\/aliancaevangelica.pt\\\/site\\\/levantemo-nos-e-edifiquemos\\\/#primaryimage\"},\"thumbnailUrl\":\"https:\\\/\\\/aliancaevangelica.pt\\\/site\\\/wp-content\\\/uploads\\\/2022\\\/02\\\/world-trade-center-2699805_960_720.jpg\",\"articleSection\":[\"1-Geral\",\"Mulheres, Casais e Fam\u00edlia\"],\"inLanguage\":\"pt-PT\",\"potentialAction\":[{\"@type\":\"CommentAction\",\"name\":\"Comment\",\"target\":[\"https:\\\/\\\/aliancaevangelica.pt\\\/site\\\/levantemo-nos-e-edifiquemos\\\/#respond\"]}]},{\"@type\":\"WebPage\",\"@id\":\"https:\\\/\\\/aliancaevangelica.pt\\\/site\\\/levantemo-nos-e-edifiquemos\\\/\",\"url\":\"https:\\\/\\\/aliancaevangelica.pt\\\/site\\\/levantemo-nos-e-edifiquemos\\\/\",\"name\":\"Levantemo-nos e edifiquemos - AEP\",\"isPartOf\":{\"@id\":\"https:\\\/\\\/aliancaevangelica.pt\\\/site\\\/#website\"},\"primaryImageOfPage\":{\"@id\":\"https:\\\/\\\/aliancaevangelica.pt\\\/site\\\/levantemo-nos-e-edifiquemos\\\/#primaryimage\"},\"image\":{\"@id\":\"https:\\\/\\\/aliancaevangelica.pt\\\/site\\\/levantemo-nos-e-edifiquemos\\\/#primaryimage\"},\"thumbnailUrl\":\"https:\\\/\\\/aliancaevangelica.pt\\\/site\\\/wp-content\\\/uploads\\\/2022\\\/02\\\/world-trade-center-2699805_960_720.jpg\",\"datePublished\":\"2022-02-18T08:30:00+00:00\",\"breadcrumb\":{\"@id\":\"https:\\\/\\\/aliancaevangelica.pt\\\/site\\\/levantemo-nos-e-edifiquemos\\\/#breadcrumb\"},\"inLanguage\":\"pt-PT\",\"potentialAction\":[{\"@type\":\"ReadAction\",\"target\":[\"https:\\\/\\\/aliancaevangelica.pt\\\/site\\\/levantemo-nos-e-edifiquemos\\\/\"]}]},{\"@type\":\"ImageObject\",\"inLanguage\":\"pt-PT\",\"@id\":\"https:\\\/\\\/aliancaevangelica.pt\\\/site\\\/levantemo-nos-e-edifiquemos\\\/#primaryimage\",\"url\":\"https:\\\/\\\/aliancaevangelica.pt\\\/site\\\/wp-content\\\/uploads\\\/2022\\\/02\\\/world-trade-center-2699805_960_720.jpg\",\"contentUrl\":\"https:\\\/\\\/aliancaevangelica.pt\\\/site\\\/wp-content\\\/uploads\\\/2022\\\/02\\\/world-trade-center-2699805_960_720.jpg\",\"width\":895,\"height\":720},{\"@type\":\"BreadcrumbList\",\"@id\":\"https:\\\/\\\/aliancaevangelica.pt\\\/site\\\/levantemo-nos-e-edifiquemos\\\/#breadcrumb\",\"itemListElement\":[{\"@type\":\"ListItem\",\"position\":1,\"name\":\"In\u00edcio\",\"item\":\"https:\\\/\\\/aliancaevangelica.pt\\\/site\\\/\"},{\"@type\":\"ListItem\",\"position\":2,\"name\":\"Levantemo-nos e edifiquemos\"}]},{\"@type\":\"WebSite\",\"@id\":\"https:\\\/\\\/aliancaevangelica.pt\\\/site\\\/#website\",\"url\":\"https:\\\/\\\/aliancaevangelica.pt\\\/site\\\/\",\"name\":\"Alian\u00e7a Evang\u00e9lica Portuguesa\",\"description\":\"Alian\u00e7a Evang\u00e9lica Portuguesa\",\"publisher\":{\"@id\":\"https:\\\/\\\/aliancaevangelica.pt\\\/site\\\/#organization\"},\"potentialAction\":[{\"@type\":\"SearchAction\",\"target\":{\"@type\":\"EntryPoint\",\"urlTemplate\":\"https:\\\/\\\/aliancaevangelica.pt\\\/site\\\/?s={search_term_string}\"},\"query-input\":{\"@type\":\"PropertyValueSpecification\",\"valueRequired\":true,\"valueName\":\"search_term_string\"}}],\"inLanguage\":\"pt-PT\"},{\"@type\":\"Organization\",\"@id\":\"https:\\\/\\\/aliancaevangelica.pt\\\/site\\\/#organization\",\"name\":\"Alian\u00e7a Evang\u00e9lica Portuguesa\",\"url\":\"https:\\\/\\\/aliancaevangelica.pt\\\/site\\\/\",\"logo\":{\"@type\":\"ImageObject\",\"inLanguage\":\"pt-PT\",\"@id\":\"https:\\\/\\\/aliancaevangelica.pt\\\/site\\\/#\\\/schema\\\/logo\\\/image\\\/\",\"url\":\"https:\\\/\\\/aliancaevangelica.pt\\\/site\\\/wp-content\\\/uploads\\\/2017\\\/11\\\/logo-AEP-cor.png\",\"contentUrl\":\"https:\\\/\\\/aliancaevangelica.pt\\\/site\\\/wp-content\\\/uploads\\\/2017\\\/11\\\/logo-AEP-cor.png\",\"width\":1156,\"height\":672,\"caption\":\"Alian\u00e7a Evang\u00e9lica Portuguesa\"},\"image\":{\"@id\":\"https:\\\/\\\/aliancaevangelica.pt\\\/site\\\/#\\\/schema\\\/logo\\\/image\\\/\"},\"sameAs\":[\"http:\\\/\\\/facebook.com\\\/aeportuguesa\",\"http:\\\/\\\/instagram.com\\\/aliancaep\",\"http:\\\/\\\/youtube.com\\\/aeportuguesa\"]},{\"@type\":\"Person\",\"@id\":\"https:\\\/\\\/aliancaevangelica.pt\\\/site\\\/#\\\/schema\\\/person\\\/3b47cfc7535eff1e820f31c2d67eafcf\",\"name\":\"AEP\",\"sameAs\":[\"aeportugal\"],\"url\":\"https:\\\/\\\/aliancaevangelica.pt\\\/site\\\/author\\\/aeportugal\\\/\"}]}<\/script>\n<!-- \/ Yoast SEO plugin. -->","yoast_head_json":{"title":"Levantemo-nos e edifiquemos - AEP","robots":{"index":"index","follow":"follow","max-snippet":"max-snippet:-1","max-image-preview":"max-image-preview:large","max-video-preview":"max-video-preview:-1"},"canonical":"https:\/\/aliancaevangelica.pt\/site\/levantemo-nos-e-edifiquemos\/","og_locale":"pt_PT","og_type":"article","og_title":"Levantemo-nos e edifiquemos - AEP","og_description":"As imensas torres do World Trade Center, conhecidas como torres g\u00e9meas, desmoronaram-se como se de um castelo de cartas se tratasse. Eram torres imensas, preparadas at\u00e9 para muitos embates&#8230; Contudo, pequenos pormenores na tecnologia de ponta foram descurados e a trag\u00e9dia aconteceu. Dizem os entendidos que os embates poderiam ter causado v\u00edtimas, muitas, mas o","og_url":"https:\/\/aliancaevangelica.pt\/site\/levantemo-nos-e-edifiquemos\/","og_site_name":"AEP","article_publisher":"http:\/\/facebook.com\/aeportuguesa","article_author":"aeportugal","article_published_time":"2022-02-18T08:30:00+00:00","og_image":[{"width":895,"height":720,"url":"https:\/\/aliancaevangelica.pt\/site\/wp-content\/uploads\/2022\/02\/world-trade-center-2699805_960_720.jpg","type":"image\/jpeg"}],"author":"AEP","twitter_card":"summary_large_image","twitter_misc":{"Escrito por":"AEP","Tempo estimado de leitura":"3 minutos"},"schema":{"@context":"https:\/\/schema.org","@graph":[{"@type":"Article","@id":"https:\/\/aliancaevangelica.pt\/site\/levantemo-nos-e-edifiquemos\/#article","isPartOf":{"@id":"https:\/\/aliancaevangelica.pt\/site\/levantemo-nos-e-edifiquemos\/"},"author":{"name":"AEP","@id":"https:\/\/aliancaevangelica.pt\/site\/#\/schema\/person\/3b47cfc7535eff1e820f31c2d67eafcf"},"headline":"Levantemo-nos e edifiquemos","datePublished":"2022-02-18T08:30:00+00:00","mainEntityOfPage":{"@id":"https:\/\/aliancaevangelica.pt\/site\/levantemo-nos-e-edifiquemos\/"},"wordCount":532,"commentCount":0,"publisher":{"@id":"https:\/\/aliancaevangelica.pt\/site\/#organization"},"image":{"@id":"https:\/\/aliancaevangelica.pt\/site\/levantemo-nos-e-edifiquemos\/#primaryimage"},"thumbnailUrl":"https:\/\/aliancaevangelica.pt\/site\/wp-content\/uploads\/2022\/02\/world-trade-center-2699805_960_720.jpg","articleSection":["1-Geral","Mulheres, Casais e Fam\u00edlia"],"inLanguage":"pt-PT","potentialAction":[{"@type":"CommentAction","name":"Comment","target":["https:\/\/aliancaevangelica.pt\/site\/levantemo-nos-e-edifiquemos\/#respond"]}]},{"@type":"WebPage","@id":"https:\/\/aliancaevangelica.pt\/site\/levantemo-nos-e-edifiquemos\/","url":"https:\/\/aliancaevangelica.pt\/site\/levantemo-nos-e-edifiquemos\/","name":"Levantemo-nos e edifiquemos - AEP","isPartOf":{"@id":"https:\/\/aliancaevangelica.pt\/site\/#website"},"primaryImageOfPage":{"@id":"https:\/\/aliancaevangelica.pt\/site\/levantemo-nos-e-edifiquemos\/#primaryimage"},"image":{"@id":"https:\/\/aliancaevangelica.pt\/site\/levantemo-nos-e-edifiquemos\/#primaryimage"},"thumbnailUrl":"https:\/\/aliancaevangelica.pt\/site\/wp-content\/uploads\/2022\/02\/world-trade-center-2699805_960_720.jpg","datePublished":"2022-02-18T08:30:00+00:00","breadcrumb":{"@id":"https:\/\/aliancaevangelica.pt\/site\/levantemo-nos-e-edifiquemos\/#breadcrumb"},"inLanguage":"pt-PT","potentialAction":[{"@type":"ReadAction","target":["https:\/\/aliancaevangelica.pt\/site\/levantemo-nos-e-edifiquemos\/"]}]},{"@type":"ImageObject","inLanguage":"pt-PT","@id":"https:\/\/aliancaevangelica.pt\/site\/levantemo-nos-e-edifiquemos\/#primaryimage","url":"https:\/\/aliancaevangelica.pt\/site\/wp-content\/uploads\/2022\/02\/world-trade-center-2699805_960_720.jpg","contentUrl":"https:\/\/aliancaevangelica.pt\/site\/wp-content\/uploads\/2022\/02\/world-trade-center-2699805_960_720.jpg","width":895,"height":720},{"@type":"BreadcrumbList","@id":"https:\/\/aliancaevangelica.pt\/site\/levantemo-nos-e-edifiquemos\/#breadcrumb","itemListElement":[{"@type":"ListItem","position":1,"name":"In\u00edcio","item":"https:\/\/aliancaevangelica.pt\/site\/"},{"@type":"ListItem","position":2,"name":"Levantemo-nos e edifiquemos"}]},{"@type":"WebSite","@id":"https:\/\/aliancaevangelica.pt\/site\/#website","url":"https:\/\/aliancaevangelica.pt\/site\/","name":"Alian\u00e7a Evang\u00e9lica Portuguesa","description":"Alian\u00e7a Evang\u00e9lica Portuguesa","publisher":{"@id":"https:\/\/aliancaevangelica.pt\/site\/#organization"},"potentialAction":[{"@type":"SearchAction","target":{"@type":"EntryPoint","urlTemplate":"https:\/\/aliancaevangelica.pt\/site\/?s={search_term_string}"},"query-input":{"@type":"PropertyValueSpecification","valueRequired":true,"valueName":"search_term_string"}}],"inLanguage":"pt-PT"},{"@type":"Organization","@id":"https:\/\/aliancaevangelica.pt\/site\/#organization","name":"Alian\u00e7a Evang\u00e9lica Portuguesa","url":"https:\/\/aliancaevangelica.pt\/site\/","logo":{"@type":"ImageObject","inLanguage":"pt-PT","@id":"https:\/\/aliancaevangelica.pt\/site\/#\/schema\/logo\/image\/","url":"https:\/\/aliancaevangelica.pt\/site\/wp-content\/uploads\/2017\/11\/logo-AEP-cor.png","contentUrl":"https:\/\/aliancaevangelica.pt\/site\/wp-content\/uploads\/2017\/11\/logo-AEP-cor.png","width":1156,"height":672,"caption":"Alian\u00e7a Evang\u00e9lica Portuguesa"},"image":{"@id":"https:\/\/aliancaevangelica.pt\/site\/#\/schema\/logo\/image\/"},"sameAs":["http:\/\/facebook.com\/aeportuguesa","http:\/\/instagram.com\/aliancaep","http:\/\/youtube.com\/aeportuguesa"]},{"@type":"Person","@id":"https:\/\/aliancaevangelica.pt\/site\/#\/schema\/person\/3b47cfc7535eff1e820f31c2d67eafcf","name":"AEP","sameAs":["aeportugal"],"url":"https:\/\/aliancaevangelica.pt\/site\/author\/aeportugal\/"}]}},"uagb_featured_image_src":{"full":["https:\/\/aliancaevangelica.pt\/site\/wp-content\/uploads\/2022\/02\/world-trade-center-2699805_960_720.jpg",895,720,false],"thumbnail":["https:\/\/aliancaevangelica.pt\/site\/wp-content\/uploads\/2022\/02\/world-trade-center-2699805_960_720-150x150.jpg",150,150,true],"medium":["https:\/\/aliancaevangelica.pt\/site\/wp-content\/uploads\/2022\/02\/world-trade-center-2699805_960_720-300x241.jpg",300,241,true],"medium_large":["https:\/\/aliancaevangelica.pt\/site\/wp-content\/uploads\/2022\/02\/world-trade-center-2699805_960_720-768x618.jpg",768,618,true],"large":["https:\/\/aliancaevangelica.pt\/site\/wp-content\/uploads\/2022\/02\/world-trade-center-2699805_960_720.jpg",895,720,false],"1536x1536":["https:\/\/aliancaevangelica.pt\/site\/wp-content\/uploads\/2022\/02\/world-trade-center-2699805_960_720.jpg",895,720,false],"2048x2048":["https:\/\/aliancaevangelica.pt\/site\/wp-content\/uploads\/2022\/02\/world-trade-center-2699805_960_720.jpg",895,720,false],"vp_sm":["https:\/\/aliancaevangelica.pt\/site\/wp-content\/uploads\/2022\/02\/world-trade-center-2699805_960_720.jpg",500,402,false],"vp_md":["https:\/\/aliancaevangelica.pt\/site\/wp-content\/uploads\/2022\/02\/world-trade-center-2699805_960_720.jpg",800,644,false],"vp_lg":["https:\/\/aliancaevangelica.pt\/site\/wp-content\/uploads\/2022\/02\/world-trade-center-2699805_960_720.jpg",895,720,false],"vp_xl":["https:\/\/aliancaevangelica.pt\/site\/wp-content\/uploads\/2022\/02\/world-trade-center-2699805_960_720.jpg",895,720,false],"vp_sm_popup":["https:\/\/aliancaevangelica.pt\/site\/wp-content\/uploads\/2022\/02\/world-trade-center-2699805_960_720.jpg",500,402,false],"vp_md_popup":["https:\/\/aliancaevangelica.pt\/site\/wp-content\/uploads\/2022\/02\/world-trade-center-2699805_960_720.jpg",800,644,false],"vp_xl_popup":["https:\/\/aliancaevangelica.pt\/site\/wp-content\/uploads\/2022\/02\/world-trade-center-2699805_960_720.jpg",895,720,false],"newsx-150x100":["https:\/\/aliancaevangelica.pt\/site\/wp-content\/uploads\/2022\/02\/world-trade-center-2699805_960_720.jpg",124,100,false],"newsx-330x220":["https:\/\/aliancaevangelica.pt\/site\/wp-content\/uploads\/2022\/02\/world-trade-center-2699805_960_720.jpg",273,220,false],"newsx-420x280":["https:\/\/aliancaevangelica.pt\/site\/wp-content\/uploads\/2022\/02\/world-trade-center-2699805_960_720.jpg",348,280,false],"newsx-510x340":["https:\/\/aliancaevangelica.pt\/site\/wp-content\/uploads\/2022\/02\/world-trade-center-2699805_960_720.jpg",423,340,false],"newsx-640x480":["https:\/\/aliancaevangelica.pt\/site\/wp-content\/uploads\/2022\/02\/world-trade-center-2699805_960_720.jpg",597,480,false],"newsx-670x370":["https:\/\/aliancaevangelica.pt\/site\/wp-content\/uploads\/2022\/02\/world-trade-center-2699805_960_720.jpg",460,370,false],"newsx-860x570":["https:\/\/aliancaevangelica.pt\/site\/wp-content\/uploads\/2022\/02\/world-trade-center-2699805_960_720.jpg",709,570,false],"newsx-1000x750":["https:\/\/aliancaevangelica.pt\/site\/wp-content\/uploads\/2022\/02\/world-trade-center-2699805_960_720.jpg",895,720,false],"newsx-1200x600":["https:\/\/aliancaevangelica.pt\/site\/wp-content\/uploads\/2022\/02\/world-trade-center-2699805_960_720.jpg",746,600,false]},"uagb_author_info":{"display_name":"AEP","author_link":"https:\/\/aliancaevangelica.pt\/site\/author\/aeportugal\/"},"uagb_comment_info":0,"uagb_excerpt":"As imensas torres do World Trade Center, conhecidas como torres g\u00e9meas, desmoronaram-se como se de um castelo de cartas se tratasse. Eram torres imensas, preparadas at\u00e9 para muitos embates&#8230; Contudo, pequenos pormenores na tecnologia de ponta foram descurados e a trag\u00e9dia aconteceu. Dizem os entendidos que os embates poderiam ter causado v\u00edtimas, muitas, mas o","_links":{"self":[{"href":"https:\/\/aliancaevangelica.pt\/site\/wp-json\/wp\/v2\/posts\/19540","targetHints":{"allow":["GET"]}}],"collection":[{"href":"https:\/\/aliancaevangelica.pt\/site\/wp-json\/wp\/v2\/posts"}],"about":[{"href":"https:\/\/aliancaevangelica.pt\/site\/wp-json\/wp\/v2\/types\/post"}],"author":[{"embeddable":true,"href":"https:\/\/aliancaevangelica.pt\/site\/wp-json\/wp\/v2\/users\/2"}],"replies":[{"embeddable":true,"href":"https:\/\/aliancaevangelica.pt\/site\/wp-json\/wp\/v2\/comments?post=19540"}],"version-history":[{"count":1,"href":"https:\/\/aliancaevangelica.pt\/site\/wp-json\/wp\/v2\/posts\/19540\/revisions"}],"predecessor-version":[{"id":19542,"href":"https:\/\/aliancaevangelica.pt\/site\/wp-json\/wp\/v2\/posts\/19540\/revisions\/19542"}],"wp:featuredmedia":[{"embeddable":true,"href":"https:\/\/aliancaevangelica.pt\/site\/wp-json\/wp\/v2\/media\/19541"}],"wp:attachment":[{"href":"https:\/\/aliancaevangelica.pt\/site\/wp-json\/wp\/v2\/media?parent=19540"}],"wp:term":[{"taxonomy":"category","embeddable":true,"href":"https:\/\/aliancaevangelica.pt\/site\/wp-json\/wp\/v2\/categories?post=19540"},{"taxonomy":"post_tag","embeddable":true,"href":"https:\/\/aliancaevangelica.pt\/site\/wp-json\/wp\/v2\/tags?post=19540"}],"curies":[{"name":"wp","href":"https:\/\/api.w.org\/{rel}","templated":true}]}}