{"id":19513,"date":"2022-02-04T08:00:00","date_gmt":"2022-02-04T08:00:00","guid":{"rendered":"https:\/\/aliancaevangelica.pt\/site\/?p=19513"},"modified":"2022-02-28T14:58:56","modified_gmt":"2022-02-28T14:58:56","slug":"acima-da-covid","status":"publish","type":"post","link":"https:\/\/aliancaevangelica.pt\/site\/acima-da-covid\/","title":{"rendered":"Acima da Covid"},"content":{"rendered":"<p class=\"p1\">&#8220;Boa tarde. \u00c9 a m\u00e3e da Melissa?&#8221;<\/p>\n<p class=\"p1\">&#8220;Sim, sou.&#8221;<\/p>\n<p class=\"p1\">No \u00e9cran rectangular do telem\u00f3vel vejo o rosto de uma enfermeira, coberto por uma m\u00e1scara, uma viseira e uma touca. Entendo logo que \u00e9 do Hospital onde a nossa filha mais nova est\u00e1 internada.<\/p>\n<p class=\"p1\">Ali fomos numa madrugada, dias antes, porque ela&nbsp;tinha tosse, febre, um n\u00edvel &nbsp;baixo de oxig\u00e9nio&#8230; Entrou nas Urg\u00eancias e fic\u00e1mos no carro a aguardar ali mesmo em frente, no parque de estacionamento que se foi esvaziando com o correr da noite, nunca imaginando o que viria a seguir. Acabou por ficar internada.<\/p>\n<p class=\"p1\">Dois dias depois, chega o telefonema r\u00e1pido dela, numa voz ansiosa: &#8220;M\u00e3e, vou ser ligada ao ventilador. Avisem o meu marido, amo-vos muito&#8230;&#8221; Foi angustiante, demolidor.<\/p>\n<p class=\"p1\">Os dias passaram-se, entretanto, lentos, pesados e dolorosos. &#8221; O estado dela ainda \u00e9 cr\u00edtico mas est\u00e1 a evoluir favoravelmente.&#8221; As palavras dos m\u00e9dicos que Deus usou foram-nos sustentando o \u00e2nimo. Dias depois, chegou a grande not\u00edcia: J\u00e1 foi tirada do ventilador! E agora chegava este contacto, pelo Whatsapp.<\/p>\n<p class=\"p1\">&#8220;Quer v\u00ea-la e falar com ela?&#8221; Perguntou a enfermeira.&nbsp;\u201cSim, claro!&#8221; respondo, ainda a refazer-me da surpresa.&nbsp;Sim, a Melissa j\u00e1 fora retirada do ventilador, onde estivera em coma induzido durante uns dias, a lutar pela vida. E agora poder\u00edamos v\u00ea-la.<\/p>\n<p class=\"p1\">O aparelho de ventila\u00e7\u00e3o n\u00e3o invasiva deixa a descoberto um pouco do seu rosto. Contudo, os olhinhos focam-se em n\u00f3s, e comovem-se. N\u00e3o pode falar&nbsp;devido ao aparelho, nem conseguiria ainda, sabemos. Contudo, v\u00ea-la e dizer-lhe que a amamos enche a nossa alma e a dela.<\/p>\n<p class=\"p1\">Passaram-se mais uns dias. Finalmente saiu da Unidade de Cuidados Intensivos e passou para a Enfermaria. Agora j\u00e1 \u00e9 ela pr\u00f3pria a ligar o Whatsapp e a falar comigo.&nbsp;&#8220;M\u00e3e, como est\u00e3o? Estive entre a vida e a morte. Temos que nos proteger muito deste v\u00edrus. A vida \u00e9 t\u00e3o preciosa!&#8221;<\/p>\n<p class=\"p1\">Bebo cada palavra que diz. O seu sorriso, num rosto agora mais magro, ilumina-me e aquece-me como um raio de sol.&nbsp;&nbsp;Est\u00e1 gr\u00e1vida de 7 meses e assegura-nos: &#8220;Vieram fazer mais uma ecografia. A beb\u00e9 est\u00e1 bem!&#8221; Tinham-nos falado de uma cesariana de urg\u00eancia que, gra\u00e7as a Deus, n\u00e3o chegou a acontecer.<\/p>\n<p class=\"p1\">A gratid\u00e3o a Deus, aos muitos familiares e amigos que oraram, aos m\u00e9dicos e enfermeiros que deram o seu melhor para a ajudar, \u00e9 infinita, muito maior do que \u00e9 poss\u00edvel expressar&#8230;<\/p>\n<p class=\"p1\">&#8220;M\u00e3e, podes trazer-me uns past\u00e9is de nata, uns p\u00e3es de leite&#8230; O m\u00e9dico disse que o meu a\u00e7\u00facar est\u00e1 baixo e precisa de subir&#8230;&#8221; A m\u00e9dica j\u00e1 me informara que essa era agora uma preocupa\u00e7\u00e3o. &#8220;Sim, vamos levar&#8230; Queres que levemos tamb\u00e9m frango assado? A m\u00e9dica disse que podemos levar um prato que tu gostes&#8230;&#8221; &#8220;Sim!&#8221; O seu apetite delicia-nos. H\u00e1-de recuperar o peso perdido, a mobilidade, as for\u00e7as&#8230;<\/p>\n<p class=\"p1\">J\u00e1 teve uma \u00fanica visita permitida, do marido. Choram emocionados ao ver-se,&nbsp;de novo. O filho, de 2 anos e meio, aguarda em casa o seu beijo&nbsp;e o seu abra\u00e7o, e diz que &#8220;a m\u00e3e tem d\u00f3i-d\u00f3i e foi ao m\u00e9dico.&#8221; Um dia conhecer\u00e1 a hist\u00f3ria do vale profundo de onde o Senhor a salvou.<\/p>\n<p class=\"p1\">&#8220;No mundo terei afli\u00e7\u00f5es&#8230;&#8221; (Jo\u00e3o 16:33) Este foi um aviso de Jesus. Muitos anos antes, o salmista j\u00e1 conclu\u00edra que:&nbsp;&#8220;Muitas s\u00e3o as afli\u00e7\u00f5es do justo,&nbsp;mas o Senhor o livra de todas.&#8221; (Salmo 34:19).<\/p>\n<p class=\"p1\">Agradecemos ao Senhor este grande livramento, que nos ofereceu no seu imenso poder, muito acima do Covid!&nbsp; Vimos a vida da nossa filha em &#8220;situa\u00e7\u00e3o periclitante&#8221;, como nos foi dito, abalada por um v\u00edrus que tem espalhado doen\u00e7a e morte por todo o mundo, e vimos tamb\u00e9m sair de l\u00e1 gradualmente, dia ap\u00f3s dia.&nbsp;Muitas ora\u00e7\u00f5es subiram diante de Deus, em seu favor e da nossa pequenina neta que ainda n\u00e3o nasceu, de um verdadeiro ex\u00e9rcito de intercess\u00e3o em diversos pa\u00edses. Ora\u00e7\u00f5es de familiares, de amigos e de muitas pessoas que nem conhecemos. A nossa imensa gratid\u00e3o a todos!<\/p>\n<p class=\"p1\">&#8220;Sim, grandes coisas fez o Senhor por n\u00f3s, e por isso, estamos alegres!&#8221; (Salmo 126:2)<\/p>\n<p>[movedo_single_image image=&#8221;17799&#8243; animation=&#8221;grve-zoom-in&#8221;]Bertina Coias Tom\u00e9<br \/>\nPsic\u00f3loga, Especialista em Psicologia Cl\u00ednica e da Sa\u00fade e Psicologia Comunit\u00e1ria<\/p>\n","protected":false},"excerpt":{"rendered":"<p>&#8220;Boa tarde. \u00c9 a m\u00e3e da Melissa?&#8221; &#8220;Sim, sou.&#8221; No \u00e9cran rectangular do telem\u00f3vel vejo o rosto de uma enfermeira, coberto por uma m\u00e1scara, uma viseira e uma touca. Entendo logo que \u00e9 do Hospital onde a nossa filha mais nova est\u00e1 internada. Ali fomos numa madrugada, dias antes, porque ela&nbsp;tinha tosse, febre, um n\u00edvel<\/p>\n","protected":false},"author":2,"featured_media":19514,"comment_status":"open","ping_status":"open","sticky":false,"template":"","format":"standard","meta":{"_uag_custom_page_level_css":"","_themeisle_gutenberg_block_has_review":false,"_vp_format_video_url":"","_vp_image_focal_point":[],"footnotes":""},"categories":[45,47],"tags":[],"class_list":["post-19513","post","type-post","status-publish","format-standard","has-post-thumbnail","hentry","category-geral","category-mulheres-casais-e-familia"],"yoast_head":"<!-- This site is optimized with the Yoast SEO plugin v27.5 - https:\/\/yoast.com\/product\/yoast-seo-wordpress\/ -->\n<title>Acima da Covid - AEP<\/title>\n<meta name=\"robots\" content=\"index, follow, max-snippet:-1, max-image-preview:large, max-video-preview:-1\" \/>\n<link rel=\"canonical\" href=\"https:\/\/aliancaevangelica.pt\/site\/acima-da-covid\/\" \/>\n<meta property=\"og:locale\" content=\"pt_PT\" \/>\n<meta property=\"og:type\" content=\"article\" \/>\n<meta property=\"og:title\" content=\"Acima da Covid - AEP\" \/>\n<meta property=\"og:description\" content=\"&#8220;Boa tarde. \u00c9 a m\u00e3e da Melissa?&#8221; &#8220;Sim, sou.&#8221; No \u00e9cran rectangular do telem\u00f3vel vejo o rosto de uma enfermeira, coberto por uma m\u00e1scara, uma viseira e uma touca. Entendo logo que \u00e9 do Hospital onde a nossa filha mais nova est\u00e1 internada. Ali fomos numa madrugada, dias antes, porque ela&nbsp;tinha tosse, febre, um n\u00edvel\" \/>\n<meta property=\"og:url\" content=\"https:\/\/aliancaevangelica.pt\/site\/acima-da-covid\/\" \/>\n<meta property=\"og:site_name\" content=\"AEP\" \/>\n<meta property=\"article:publisher\" content=\"http:\/\/facebook.com\/aeportuguesa\" \/>\n<meta property=\"article:author\" content=\"aeportugal\" \/>\n<meta property=\"article:published_time\" content=\"2022-02-04T08:00:00+00:00\" \/>\n<meta property=\"article:modified_time\" content=\"2022-02-28T14:58:56+00:00\" \/>\n<meta property=\"og:image\" content=\"https:\/\/aliancaevangelica.pt\/site\/wp-content\/uploads\/2022\/02\/Melissa-em-casa.jpg\" \/>\n\t<meta property=\"og:image:width\" content=\"526\" \/>\n\t<meta property=\"og:image:height\" content=\"706\" \/>\n\t<meta property=\"og:image:type\" content=\"image\/jpeg\" \/>\n<meta name=\"author\" content=\"AEP\" \/>\n<meta name=\"twitter:card\" content=\"summary_large_image\" \/>\n<meta name=\"twitter:label1\" content=\"Escrito por\" \/>\n\t<meta name=\"twitter:data1\" content=\"AEP\" \/>\n\t<meta name=\"twitter:label2\" content=\"Tempo estimado de leitura\" \/>\n\t<meta name=\"twitter:data2\" content=\"4 minutos\" \/>\n<script type=\"application\/ld+json\" class=\"yoast-schema-graph\">{\"@context\":\"https:\\\/\\\/schema.org\",\"@graph\":[{\"@type\":\"Article\",\"@id\":\"https:\\\/\\\/aliancaevangelica.pt\\\/site\\\/acima-da-covid\\\/#article\",\"isPartOf\":{\"@id\":\"https:\\\/\\\/aliancaevangelica.pt\\\/site\\\/acima-da-covid\\\/\"},\"author\":{\"name\":\"AEP\",\"@id\":\"https:\\\/\\\/aliancaevangelica.pt\\\/site\\\/#\\\/schema\\\/person\\\/3b47cfc7535eff1e820f31c2d67eafcf\"},\"headline\":\"Acima da Covid\",\"datePublished\":\"2022-02-04T08:00:00+00:00\",\"dateModified\":\"2022-02-28T14:58:56+00:00\",\"mainEntityOfPage\":{\"@id\":\"https:\\\/\\\/aliancaevangelica.pt\\\/site\\\/acima-da-covid\\\/\"},\"wordCount\":762,\"commentCount\":0,\"publisher\":{\"@id\":\"https:\\\/\\\/aliancaevangelica.pt\\\/site\\\/#organization\"},\"image\":{\"@id\":\"https:\\\/\\\/aliancaevangelica.pt\\\/site\\\/acima-da-covid\\\/#primaryimage\"},\"thumbnailUrl\":\"https:\\\/\\\/aliancaevangelica.pt\\\/site\\\/wp-content\\\/uploads\\\/2022\\\/02\\\/Melissa-em-casa.jpg\",\"articleSection\":[\"1-Geral\",\"Mulheres, Casais e Fam\u00edlia\"],\"inLanguage\":\"pt-PT\",\"potentialAction\":[{\"@type\":\"CommentAction\",\"name\":\"Comment\",\"target\":[\"https:\\\/\\\/aliancaevangelica.pt\\\/site\\\/acima-da-covid\\\/#respond\"]}]},{\"@type\":\"WebPage\",\"@id\":\"https:\\\/\\\/aliancaevangelica.pt\\\/site\\\/acima-da-covid\\\/\",\"url\":\"https:\\\/\\\/aliancaevangelica.pt\\\/site\\\/acima-da-covid\\\/\",\"name\":\"Acima da Covid - AEP\",\"isPartOf\":{\"@id\":\"https:\\\/\\\/aliancaevangelica.pt\\\/site\\\/#website\"},\"primaryImageOfPage\":{\"@id\":\"https:\\\/\\\/aliancaevangelica.pt\\\/site\\\/acima-da-covid\\\/#primaryimage\"},\"image\":{\"@id\":\"https:\\\/\\\/aliancaevangelica.pt\\\/site\\\/acima-da-covid\\\/#primaryimage\"},\"thumbnailUrl\":\"https:\\\/\\\/aliancaevangelica.pt\\\/site\\\/wp-content\\\/uploads\\\/2022\\\/02\\\/Melissa-em-casa.jpg\",\"datePublished\":\"2022-02-04T08:00:00+00:00\",\"dateModified\":\"2022-02-28T14:58:56+00:00\",\"breadcrumb\":{\"@id\":\"https:\\\/\\\/aliancaevangelica.pt\\\/site\\\/acima-da-covid\\\/#breadcrumb\"},\"inLanguage\":\"pt-PT\",\"potentialAction\":[{\"@type\":\"ReadAction\",\"target\":[\"https:\\\/\\\/aliancaevangelica.pt\\\/site\\\/acima-da-covid\\\/\"]}]},{\"@type\":\"ImageObject\",\"inLanguage\":\"pt-PT\",\"@id\":\"https:\\\/\\\/aliancaevangelica.pt\\\/site\\\/acima-da-covid\\\/#primaryimage\",\"url\":\"https:\\\/\\\/aliancaevangelica.pt\\\/site\\\/wp-content\\\/uploads\\\/2022\\\/02\\\/Melissa-em-casa.jpg\",\"contentUrl\":\"https:\\\/\\\/aliancaevangelica.pt\\\/site\\\/wp-content\\\/uploads\\\/2022\\\/02\\\/Melissa-em-casa.jpg\",\"width\":526,\"height\":706},{\"@type\":\"BreadcrumbList\",\"@id\":\"https:\\\/\\\/aliancaevangelica.pt\\\/site\\\/acima-da-covid\\\/#breadcrumb\",\"itemListElement\":[{\"@type\":\"ListItem\",\"position\":1,\"name\":\"In\u00edcio\",\"item\":\"https:\\\/\\\/aliancaevangelica.pt\\\/site\\\/\"},{\"@type\":\"ListItem\",\"position\":2,\"name\":\"Acima da Covid\"}]},{\"@type\":\"WebSite\",\"@id\":\"https:\\\/\\\/aliancaevangelica.pt\\\/site\\\/#website\",\"url\":\"https:\\\/\\\/aliancaevangelica.pt\\\/site\\\/\",\"name\":\"Alian\u00e7a Evang\u00e9lica Portuguesa\",\"description\":\"Alian\u00e7a Evang\u00e9lica Portuguesa\",\"publisher\":{\"@id\":\"https:\\\/\\\/aliancaevangelica.pt\\\/site\\\/#organization\"},\"potentialAction\":[{\"@type\":\"SearchAction\",\"target\":{\"@type\":\"EntryPoint\",\"urlTemplate\":\"https:\\\/\\\/aliancaevangelica.pt\\\/site\\\/?s={search_term_string}\"},\"query-input\":{\"@type\":\"PropertyValueSpecification\",\"valueRequired\":true,\"valueName\":\"search_term_string\"}}],\"inLanguage\":\"pt-PT\"},{\"@type\":\"Organization\",\"@id\":\"https:\\\/\\\/aliancaevangelica.pt\\\/site\\\/#organization\",\"name\":\"Alian\u00e7a Evang\u00e9lica Portuguesa\",\"url\":\"https:\\\/\\\/aliancaevangelica.pt\\\/site\\\/\",\"logo\":{\"@type\":\"ImageObject\",\"inLanguage\":\"pt-PT\",\"@id\":\"https:\\\/\\\/aliancaevangelica.pt\\\/site\\\/#\\\/schema\\\/logo\\\/image\\\/\",\"url\":\"https:\\\/\\\/aliancaevangelica.pt\\\/site\\\/wp-content\\\/uploads\\\/2017\\\/11\\\/logo-AEP-cor.png\",\"contentUrl\":\"https:\\\/\\\/aliancaevangelica.pt\\\/site\\\/wp-content\\\/uploads\\\/2017\\\/11\\\/logo-AEP-cor.png\",\"width\":1156,\"height\":672,\"caption\":\"Alian\u00e7a Evang\u00e9lica Portuguesa\"},\"image\":{\"@id\":\"https:\\\/\\\/aliancaevangelica.pt\\\/site\\\/#\\\/schema\\\/logo\\\/image\\\/\"},\"sameAs\":[\"http:\\\/\\\/facebook.com\\\/aeportuguesa\",\"http:\\\/\\\/instagram.com\\\/aliancaep\",\"http:\\\/\\\/youtube.com\\\/aeportuguesa\"]},{\"@type\":\"Person\",\"@id\":\"https:\\\/\\\/aliancaevangelica.pt\\\/site\\\/#\\\/schema\\\/person\\\/3b47cfc7535eff1e820f31c2d67eafcf\",\"name\":\"AEP\",\"sameAs\":[\"aeportugal\"],\"url\":\"https:\\\/\\\/aliancaevangelica.pt\\\/site\\\/author\\\/aeportugal\\\/\"}]}<\/script>\n<!-- \/ Yoast SEO plugin. -->","yoast_head_json":{"title":"Acima da Covid - AEP","robots":{"index":"index","follow":"follow","max-snippet":"max-snippet:-1","max-image-preview":"max-image-preview:large","max-video-preview":"max-video-preview:-1"},"canonical":"https:\/\/aliancaevangelica.pt\/site\/acima-da-covid\/","og_locale":"pt_PT","og_type":"article","og_title":"Acima da Covid - AEP","og_description":"&#8220;Boa tarde. \u00c9 a m\u00e3e da Melissa?&#8221; &#8220;Sim, sou.&#8221; No \u00e9cran rectangular do telem\u00f3vel vejo o rosto de uma enfermeira, coberto por uma m\u00e1scara, uma viseira e uma touca. Entendo logo que \u00e9 do Hospital onde a nossa filha mais nova est\u00e1 internada. Ali fomos numa madrugada, dias antes, porque ela&nbsp;tinha tosse, febre, um n\u00edvel","og_url":"https:\/\/aliancaevangelica.pt\/site\/acima-da-covid\/","og_site_name":"AEP","article_publisher":"http:\/\/facebook.com\/aeportuguesa","article_author":"aeportugal","article_published_time":"2022-02-04T08:00:00+00:00","article_modified_time":"2022-02-28T14:58:56+00:00","og_image":[{"width":526,"height":706,"url":"https:\/\/aliancaevangelica.pt\/site\/wp-content\/uploads\/2022\/02\/Melissa-em-casa.jpg","type":"image\/jpeg"}],"author":"AEP","twitter_card":"summary_large_image","twitter_misc":{"Escrito por":"AEP","Tempo estimado de leitura":"4 minutos"},"schema":{"@context":"https:\/\/schema.org","@graph":[{"@type":"Article","@id":"https:\/\/aliancaevangelica.pt\/site\/acima-da-covid\/#article","isPartOf":{"@id":"https:\/\/aliancaevangelica.pt\/site\/acima-da-covid\/"},"author":{"name":"AEP","@id":"https:\/\/aliancaevangelica.pt\/site\/#\/schema\/person\/3b47cfc7535eff1e820f31c2d67eafcf"},"headline":"Acima da Covid","datePublished":"2022-02-04T08:00:00+00:00","dateModified":"2022-02-28T14:58:56+00:00","mainEntityOfPage":{"@id":"https:\/\/aliancaevangelica.pt\/site\/acima-da-covid\/"},"wordCount":762,"commentCount":0,"publisher":{"@id":"https:\/\/aliancaevangelica.pt\/site\/#organization"},"image":{"@id":"https:\/\/aliancaevangelica.pt\/site\/acima-da-covid\/#primaryimage"},"thumbnailUrl":"https:\/\/aliancaevangelica.pt\/site\/wp-content\/uploads\/2022\/02\/Melissa-em-casa.jpg","articleSection":["1-Geral","Mulheres, Casais e Fam\u00edlia"],"inLanguage":"pt-PT","potentialAction":[{"@type":"CommentAction","name":"Comment","target":["https:\/\/aliancaevangelica.pt\/site\/acima-da-covid\/#respond"]}]},{"@type":"WebPage","@id":"https:\/\/aliancaevangelica.pt\/site\/acima-da-covid\/","url":"https:\/\/aliancaevangelica.pt\/site\/acima-da-covid\/","name":"Acima da Covid - AEP","isPartOf":{"@id":"https:\/\/aliancaevangelica.pt\/site\/#website"},"primaryImageOfPage":{"@id":"https:\/\/aliancaevangelica.pt\/site\/acima-da-covid\/#primaryimage"},"image":{"@id":"https:\/\/aliancaevangelica.pt\/site\/acima-da-covid\/#primaryimage"},"thumbnailUrl":"https:\/\/aliancaevangelica.pt\/site\/wp-content\/uploads\/2022\/02\/Melissa-em-casa.jpg","datePublished":"2022-02-04T08:00:00+00:00","dateModified":"2022-02-28T14:58:56+00:00","breadcrumb":{"@id":"https:\/\/aliancaevangelica.pt\/site\/acima-da-covid\/#breadcrumb"},"inLanguage":"pt-PT","potentialAction":[{"@type":"ReadAction","target":["https:\/\/aliancaevangelica.pt\/site\/acima-da-covid\/"]}]},{"@type":"ImageObject","inLanguage":"pt-PT","@id":"https:\/\/aliancaevangelica.pt\/site\/acima-da-covid\/#primaryimage","url":"https:\/\/aliancaevangelica.pt\/site\/wp-content\/uploads\/2022\/02\/Melissa-em-casa.jpg","contentUrl":"https:\/\/aliancaevangelica.pt\/site\/wp-content\/uploads\/2022\/02\/Melissa-em-casa.jpg","width":526,"height":706},{"@type":"BreadcrumbList","@id":"https:\/\/aliancaevangelica.pt\/site\/acima-da-covid\/#breadcrumb","itemListElement":[{"@type":"ListItem","position":1,"name":"In\u00edcio","item":"https:\/\/aliancaevangelica.pt\/site\/"},{"@type":"ListItem","position":2,"name":"Acima da Covid"}]},{"@type":"WebSite","@id":"https:\/\/aliancaevangelica.pt\/site\/#website","url":"https:\/\/aliancaevangelica.pt\/site\/","name":"Alian\u00e7a Evang\u00e9lica Portuguesa","description":"Alian\u00e7a Evang\u00e9lica Portuguesa","publisher":{"@id":"https:\/\/aliancaevangelica.pt\/site\/#organization"},"potentialAction":[{"@type":"SearchAction","target":{"@type":"EntryPoint","urlTemplate":"https:\/\/aliancaevangelica.pt\/site\/?s={search_term_string}"},"query-input":{"@type":"PropertyValueSpecification","valueRequired":true,"valueName":"search_term_string"}}],"inLanguage":"pt-PT"},{"@type":"Organization","@id":"https:\/\/aliancaevangelica.pt\/site\/#organization","name":"Alian\u00e7a Evang\u00e9lica Portuguesa","url":"https:\/\/aliancaevangelica.pt\/site\/","logo":{"@type":"ImageObject","inLanguage":"pt-PT","@id":"https:\/\/aliancaevangelica.pt\/site\/#\/schema\/logo\/image\/","url":"https:\/\/aliancaevangelica.pt\/site\/wp-content\/uploads\/2017\/11\/logo-AEP-cor.png","contentUrl":"https:\/\/aliancaevangelica.pt\/site\/wp-content\/uploads\/2017\/11\/logo-AEP-cor.png","width":1156,"height":672,"caption":"Alian\u00e7a Evang\u00e9lica Portuguesa"},"image":{"@id":"https:\/\/aliancaevangelica.pt\/site\/#\/schema\/logo\/image\/"},"sameAs":["http:\/\/facebook.com\/aeportuguesa","http:\/\/instagram.com\/aliancaep","http:\/\/youtube.com\/aeportuguesa"]},{"@type":"Person","@id":"https:\/\/aliancaevangelica.pt\/site\/#\/schema\/person\/3b47cfc7535eff1e820f31c2d67eafcf","name":"AEP","sameAs":["aeportugal"],"url":"https:\/\/aliancaevangelica.pt\/site\/author\/aeportugal\/"}]}},"uagb_featured_image_src":{"full":["https:\/\/aliancaevangelica.pt\/site\/wp-content\/uploads\/2022\/02\/Melissa-em-casa.jpg",526,706,false],"thumbnail":["https:\/\/aliancaevangelica.pt\/site\/wp-content\/uploads\/2022\/02\/Melissa-em-casa-150x150.jpg",150,150,true],"medium":["https:\/\/aliancaevangelica.pt\/site\/wp-content\/uploads\/2022\/02\/Melissa-em-casa-224x300.jpg",224,300,true],"medium_large":["https:\/\/aliancaevangelica.pt\/site\/wp-content\/uploads\/2022\/02\/Melissa-em-casa.jpg",526,706,false],"large":["https:\/\/aliancaevangelica.pt\/site\/wp-content\/uploads\/2022\/02\/Melissa-em-casa.jpg",526,706,false],"1536x1536":["https:\/\/aliancaevangelica.pt\/site\/wp-content\/uploads\/2022\/02\/Melissa-em-casa.jpg",526,706,false],"2048x2048":["https:\/\/aliancaevangelica.pt\/site\/wp-content\/uploads\/2022\/02\/Melissa-em-casa.jpg",526,706,false],"vp_sm":["https:\/\/aliancaevangelica.pt\/site\/wp-content\/uploads\/2022\/02\/Melissa-em-casa.jpg",500,671,false],"vp_md":["https:\/\/aliancaevangelica.pt\/site\/wp-content\/uploads\/2022\/02\/Melissa-em-casa.jpg",526,706,false],"vp_lg":["https:\/\/aliancaevangelica.pt\/site\/wp-content\/uploads\/2022\/02\/Melissa-em-casa.jpg",526,706,false],"vp_xl":["https:\/\/aliancaevangelica.pt\/site\/wp-content\/uploads\/2022\/02\/Melissa-em-casa.jpg",526,706,false],"vp_sm_popup":["https:\/\/aliancaevangelica.pt\/site\/wp-content\/uploads\/2022\/02\/Melissa-em-casa.jpg",500,671,false],"vp_md_popup":["https:\/\/aliancaevangelica.pt\/site\/wp-content\/uploads\/2022\/02\/Melissa-em-casa.jpg",526,706,false],"vp_xl_popup":["https:\/\/aliancaevangelica.pt\/site\/wp-content\/uploads\/2022\/02\/Melissa-em-casa.jpg",526,706,false],"newsx-150x100":["https:\/\/aliancaevangelica.pt\/site\/wp-content\/uploads\/2022\/02\/Melissa-em-casa.jpg",75,100,false],"newsx-330x220":["https:\/\/aliancaevangelica.pt\/site\/wp-content\/uploads\/2022\/02\/Melissa-em-casa.jpg",164,220,false],"newsx-420x280":["https:\/\/aliancaevangelica.pt\/site\/wp-content\/uploads\/2022\/02\/Melissa-em-casa.jpg",209,280,false],"newsx-510x340":["https:\/\/aliancaevangelica.pt\/site\/wp-content\/uploads\/2022\/02\/Melissa-em-casa.jpg",253,340,false],"newsx-640x480":["https:\/\/aliancaevangelica.pt\/site\/wp-content\/uploads\/2022\/02\/Melissa-em-casa.jpg",358,480,false],"newsx-670x370":["https:\/\/aliancaevangelica.pt\/site\/wp-content\/uploads\/2022\/02\/Melissa-em-casa.jpg",276,370,false],"newsx-860x570":["https:\/\/aliancaevangelica.pt\/site\/wp-content\/uploads\/2022\/02\/Melissa-em-casa.jpg",425,570,false],"newsx-1000x750":["https:\/\/aliancaevangelica.pt\/site\/wp-content\/uploads\/2022\/02\/Melissa-em-casa.jpg",526,706,false],"newsx-1200x600":["https:\/\/aliancaevangelica.pt\/site\/wp-content\/uploads\/2022\/02\/Melissa-em-casa.jpg",447,600,false]},"uagb_author_info":{"display_name":"AEP","author_link":"https:\/\/aliancaevangelica.pt\/site\/author\/aeportugal\/"},"uagb_comment_info":0,"uagb_excerpt":"&#8220;Boa tarde. \u00c9 a m\u00e3e da Melissa?&#8221; &#8220;Sim, sou.&#8221; No \u00e9cran rectangular do telem\u00f3vel vejo o rosto de uma enfermeira, coberto por uma m\u00e1scara, uma viseira e uma touca. Entendo logo que \u00e9 do Hospital onde a nossa filha mais nova est\u00e1 internada. Ali fomos numa madrugada, dias antes, porque ela&nbsp;tinha tosse, febre, um n\u00edvel","_links":{"self":[{"href":"https:\/\/aliancaevangelica.pt\/site\/wp-json\/wp\/v2\/posts\/19513","targetHints":{"allow":["GET"]}}],"collection":[{"href":"https:\/\/aliancaevangelica.pt\/site\/wp-json\/wp\/v2\/posts"}],"about":[{"href":"https:\/\/aliancaevangelica.pt\/site\/wp-json\/wp\/v2\/types\/post"}],"author":[{"embeddable":true,"href":"https:\/\/aliancaevangelica.pt\/site\/wp-json\/wp\/v2\/users\/2"}],"replies":[{"embeddable":true,"href":"https:\/\/aliancaevangelica.pt\/site\/wp-json\/wp\/v2\/comments?post=19513"}],"version-history":[{"count":3,"href":"https:\/\/aliancaevangelica.pt\/site\/wp-json\/wp\/v2\/posts\/19513\/revisions"}],"predecessor-version":[{"id":19554,"href":"https:\/\/aliancaevangelica.pt\/site\/wp-json\/wp\/v2\/posts\/19513\/revisions\/19554"}],"wp:featuredmedia":[{"embeddable":true,"href":"https:\/\/aliancaevangelica.pt\/site\/wp-json\/wp\/v2\/media\/19514"}],"wp:attachment":[{"href":"https:\/\/aliancaevangelica.pt\/site\/wp-json\/wp\/v2\/media?parent=19513"}],"wp:term":[{"taxonomy":"category","embeddable":true,"href":"https:\/\/aliancaevangelica.pt\/site\/wp-json\/wp\/v2\/categories?post=19513"},{"taxonomy":"post_tag","embeddable":true,"href":"https:\/\/aliancaevangelica.pt\/site\/wp-json\/wp\/v2\/tags?post=19513"}],"curies":[{"name":"wp","href":"https:\/\/api.w.org\/{rel}","templated":true}]}}