{"id":19482,"date":"2022-01-03T18:46:49","date_gmt":"2022-01-03T18:46:49","guid":{"rendered":"https:\/\/aliancaevangelica.pt\/site\/?p=19482"},"modified":"2026-04-30T19:25:08","modified_gmt":"2026-04-30T19:25:08","slug":"semana-universal-de-oracao","status":"publish","type":"post","link":"https:\/\/aliancaevangelica.pt\/site\/semana-universal-de-oracao\/","title":{"rendered":"Semana Universal de Ora\u00e7\u00e3o 2022"},"content":{"rendered":"\n<p>Como j\u00e1 vem sendo habitual, \u00e9 com enorme alegria que convocamos todos os irm\u00e3os e irm\u00e3s a juntarem-se a n\u00f3s, no in\u00edcio de um novo ano, para mais uma Semana Universal de Ora\u00e7\u00e3o, que este ano tem como tema &#8221; SHABAT: Viver de acordo com o ritmo de Deus&#8221; .<\/p>\n\n\n\n<p>De 9 a 16 de janeiro faremos reuni\u00f5es de ora\u00e7\u00e3o locais, presencialmente e\/ou online. <a href=\"https:\/\/docs.google.com\/document\/d\/1gm3fLodOp4kohAT6IE0TfMZUvWqr1frm\/edit?usp=sharing&amp;ouid=112523918456836753932&amp;rtpof=true&amp;sd=true\">Agenda de Ora\u00e7\u00e3o<\/a> (com as datas e locais).<\/p>\n\n\n\n<p>Disponibilizamos aqui tamb\u00e9m o <a href=\"https:\/\/drive.google.com\/file\/d\/1J6BN0OPoFTCdR1SA0Fvlk4B-FPXTtNAR\/view?usp=sharing\">Guia de Ora\u00e7\u00e3o<\/a> que este ano foi produzido pela Alian\u00e7a Evang\u00e9lica Su\u00ed\u00e7a.<\/p>\n\n\n\n<p>Que esta semana possa ser de grande b\u00ean\u00e7\u00e3o para todos n\u00f3s!<\/p>\n","protected":false},"excerpt":{"rendered":"<p>Como j\u00e1 vem sendo habitual, \u00e9 com enorme alegria que convocamos todos os irm\u00e3os e irm\u00e3s a juntarem-se a n\u00f3s, no in\u00edcio de um novo ano, para mais uma Semana Universal de Ora\u00e7\u00e3o, que este ano tem como tema &#8221; SHABAT: Viver de acordo com o ritmo de Deus&#8221; . De 9 a 16 de<\/p>\n","protected":false},"author":2,"featured_media":19504,"comment_status":"closed","ping_status":"open","sticky":false,"template":"","format":"standard","meta":{"_uag_custom_page_level_css":"","_themeisle_gutenberg_block_has_review":false,"_vp_format_video_url":"","_vp_image_focal_point":[],"footnotes":""},"categories":[101],"tags":[167],"class_list":["post-19482","post","type-post","status-publish","format-standard","has-post-thumbnail","hentry","category-oracao","tag-semana-universal-de-oracao"],"yoast_head":"<!-- This site is optimized with the Yoast SEO plugin v27.5 - https:\/\/yoast.com\/product\/yoast-seo-wordpress\/ -->\n<title>Semana Universal de Ora\u00e7\u00e3o 2022 - AEP<\/title>\n<meta name=\"robots\" content=\"index, follow, max-snippet:-1, max-image-preview:large, max-video-preview:-1\" \/>\n<link rel=\"canonical\" href=\"https:\/\/aliancaevangelica.pt\/site\/semana-universal-de-oracao\/\" \/>\n<meta property=\"og:locale\" content=\"pt_PT\" \/>\n<meta property=\"og:type\" content=\"article\" \/>\n<meta property=\"og:title\" content=\"Semana Universal de Ora\u00e7\u00e3o 2022 - AEP\" \/>\n<meta property=\"og:description\" content=\"Como j\u00e1 vem sendo habitual, \u00e9 com enorme alegria que convocamos todos os irm\u00e3os e irm\u00e3s a juntarem-se a n\u00f3s, no in\u00edcio de um novo ano, para mais uma Semana Universal de Ora\u00e7\u00e3o, que este ano tem como tema &#8221; SHABAT: Viver de acordo com o ritmo de Deus&#8221; . De 9 a 16 de\" \/>\n<meta property=\"og:url\" content=\"https:\/\/aliancaevangelica.pt\/site\/semana-universal-de-oracao\/\" \/>\n<meta property=\"og:site_name\" content=\"AEP\" \/>\n<meta property=\"article:publisher\" content=\"http:\/\/facebook.com\/aeportuguesa\" \/>\n<meta property=\"article:author\" content=\"aeportugal\" \/>\n<meta property=\"article:published_time\" content=\"2022-01-03T18:46:49+00:00\" \/>\n<meta property=\"article:modified_time\" content=\"2026-04-30T19:25:08+00:00\" \/>\n<meta property=\"og:image\" content=\"https:\/\/aliancaevangelica.pt\/site\/wp-content\/uploads\/2022\/01\/Foresty-Spring-Clothing-Presentation.jpg\" \/>\n\t<meta property=\"og:image:width\" content=\"1024\" \/>\n\t<meta property=\"og:image:height\" content=\"768\" \/>\n\t<meta property=\"og:image:type\" content=\"image\/jpeg\" \/>\n<meta name=\"author\" content=\"AEP\" \/>\n<meta name=\"twitter:card\" content=\"summary_large_image\" \/>\n<meta name=\"twitter:label1\" content=\"Escrito por\" \/>\n\t<meta name=\"twitter:data1\" content=\"AEP\" \/>\n\t<meta name=\"twitter:label2\" content=\"Tempo estimado de leitura\" \/>\n\t<meta name=\"twitter:data2\" content=\"1 minuto\" \/>\n<script type=\"application\/ld+json\" class=\"yoast-schema-graph\">{\"@context\":\"https:\\\/\\\/schema.org\",\"@graph\":[{\"@type\":\"Article\",\"@id\":\"https:\\\/\\\/aliancaevangelica.pt\\\/site\\\/semana-universal-de-oracao\\\/#article\",\"isPartOf\":{\"@id\":\"https:\\\/\\\/aliancaevangelica.pt\\\/site\\\/semana-universal-de-oracao\\\/\"},\"author\":{\"name\":\"AEP\",\"@id\":\"https:\\\/\\\/aliancaevangelica.pt\\\/site\\\/#\\\/schema\\\/person\\\/3b47cfc7535eff1e820f31c2d67eafcf\"},\"headline\":\"Semana Universal de Ora\u00e7\u00e3o 2022\",\"datePublished\":\"2022-01-03T18:46:49+00:00\",\"dateModified\":\"2026-04-30T19:25:08+00:00\",\"mainEntityOfPage\":{\"@id\":\"https:\\\/\\\/aliancaevangelica.pt\\\/site\\\/semana-universal-de-oracao\\\/\"},\"wordCount\":116,\"publisher\":{\"@id\":\"https:\\\/\\\/aliancaevangelica.pt\\\/site\\\/#organization\"},\"image\":{\"@id\":\"https:\\\/\\\/aliancaevangelica.pt\\\/site\\\/semana-universal-de-oracao\\\/#primaryimage\"},\"thumbnailUrl\":\"https:\\\/\\\/aliancaevangelica.pt\\\/site\\\/wp-content\\\/uploads\\\/2022\\\/01\\\/Foresty-Spring-Clothing-Presentation.jpg\",\"keywords\":[\"Semana Universal de Ora\u00e7\u00e3o\"],\"articleSection\":[\"ORA\u00c7\u00c3O\"],\"inLanguage\":\"pt-PT\"},{\"@type\":\"WebPage\",\"@id\":\"https:\\\/\\\/aliancaevangelica.pt\\\/site\\\/semana-universal-de-oracao\\\/\",\"url\":\"https:\\\/\\\/aliancaevangelica.pt\\\/site\\\/semana-universal-de-oracao\\\/\",\"name\":\"Semana Universal de Ora\u00e7\u00e3o 2022 - AEP\",\"isPartOf\":{\"@id\":\"https:\\\/\\\/aliancaevangelica.pt\\\/site\\\/#website\"},\"primaryImageOfPage\":{\"@id\":\"https:\\\/\\\/aliancaevangelica.pt\\\/site\\\/semana-universal-de-oracao\\\/#primaryimage\"},\"image\":{\"@id\":\"https:\\\/\\\/aliancaevangelica.pt\\\/site\\\/semana-universal-de-oracao\\\/#primaryimage\"},\"thumbnailUrl\":\"https:\\\/\\\/aliancaevangelica.pt\\\/site\\\/wp-content\\\/uploads\\\/2022\\\/01\\\/Foresty-Spring-Clothing-Presentation.jpg\",\"datePublished\":\"2022-01-03T18:46:49+00:00\",\"dateModified\":\"2026-04-30T19:25:08+00:00\",\"breadcrumb\":{\"@id\":\"https:\\\/\\\/aliancaevangelica.pt\\\/site\\\/semana-universal-de-oracao\\\/#breadcrumb\"},\"inLanguage\":\"pt-PT\",\"potentialAction\":[{\"@type\":\"ReadAction\",\"target\":[\"https:\\\/\\\/aliancaevangelica.pt\\\/site\\\/semana-universal-de-oracao\\\/\"]}]},{\"@type\":\"ImageObject\",\"inLanguage\":\"pt-PT\",\"@id\":\"https:\\\/\\\/aliancaevangelica.pt\\\/site\\\/semana-universal-de-oracao\\\/#primaryimage\",\"url\":\"https:\\\/\\\/aliancaevangelica.pt\\\/site\\\/wp-content\\\/uploads\\\/2022\\\/01\\\/Foresty-Spring-Clothing-Presentation.jpg\",\"contentUrl\":\"https:\\\/\\\/aliancaevangelica.pt\\\/site\\\/wp-content\\\/uploads\\\/2022\\\/01\\\/Foresty-Spring-Clothing-Presentation.jpg\",\"width\":1024,\"height\":768},{\"@type\":\"BreadcrumbList\",\"@id\":\"https:\\\/\\\/aliancaevangelica.pt\\\/site\\\/semana-universal-de-oracao\\\/#breadcrumb\",\"itemListElement\":[{\"@type\":\"ListItem\",\"position\":1,\"name\":\"In\u00edcio\",\"item\":\"https:\\\/\\\/aliancaevangelica.pt\\\/site\\\/\"},{\"@type\":\"ListItem\",\"position\":2,\"name\":\"Semana Universal de Ora\u00e7\u00e3o 2022\"}]},{\"@type\":\"WebSite\",\"@id\":\"https:\\\/\\\/aliancaevangelica.pt\\\/site\\\/#website\",\"url\":\"https:\\\/\\\/aliancaevangelica.pt\\\/site\\\/\",\"name\":\"Alian\u00e7a Evang\u00e9lica Portuguesa\",\"description\":\"Alian\u00e7a Evang\u00e9lica Portuguesa\",\"publisher\":{\"@id\":\"https:\\\/\\\/aliancaevangelica.pt\\\/site\\\/#organization\"},\"potentialAction\":[{\"@type\":\"SearchAction\",\"target\":{\"@type\":\"EntryPoint\",\"urlTemplate\":\"https:\\\/\\\/aliancaevangelica.pt\\\/site\\\/?s={search_term_string}\"},\"query-input\":{\"@type\":\"PropertyValueSpecification\",\"valueRequired\":true,\"valueName\":\"search_term_string\"}}],\"inLanguage\":\"pt-PT\"},{\"@type\":\"Organization\",\"@id\":\"https:\\\/\\\/aliancaevangelica.pt\\\/site\\\/#organization\",\"name\":\"Alian\u00e7a Evang\u00e9lica Portuguesa\",\"url\":\"https:\\\/\\\/aliancaevangelica.pt\\\/site\\\/\",\"logo\":{\"@type\":\"ImageObject\",\"inLanguage\":\"pt-PT\",\"@id\":\"https:\\\/\\\/aliancaevangelica.pt\\\/site\\\/#\\\/schema\\\/logo\\\/image\\\/\",\"url\":\"https:\\\/\\\/aliancaevangelica.pt\\\/site\\\/wp-content\\\/uploads\\\/2017\\\/11\\\/logo-AEP-cor.png\",\"contentUrl\":\"https:\\\/\\\/aliancaevangelica.pt\\\/site\\\/wp-content\\\/uploads\\\/2017\\\/11\\\/logo-AEP-cor.png\",\"width\":1156,\"height\":672,\"caption\":\"Alian\u00e7a Evang\u00e9lica Portuguesa\"},\"image\":{\"@id\":\"https:\\\/\\\/aliancaevangelica.pt\\\/site\\\/#\\\/schema\\\/logo\\\/image\\\/\"},\"sameAs\":[\"http:\\\/\\\/facebook.com\\\/aeportuguesa\",\"http:\\\/\\\/instagram.com\\\/aliancaep\",\"http:\\\/\\\/youtube.com\\\/aeportuguesa\"]},{\"@type\":\"Person\",\"@id\":\"https:\\\/\\\/aliancaevangelica.pt\\\/site\\\/#\\\/schema\\\/person\\\/3b47cfc7535eff1e820f31c2d67eafcf\",\"name\":\"AEP\",\"sameAs\":[\"aeportugal\"],\"url\":\"https:\\\/\\\/aliancaevangelica.pt\\\/site\\\/author\\\/aeportugal\\\/\"}]}<\/script>\n<!-- \/ Yoast SEO plugin. -->","yoast_head_json":{"title":"Semana Universal de Ora\u00e7\u00e3o 2022 - AEP","robots":{"index":"index","follow":"follow","max-snippet":"max-snippet:-1","max-image-preview":"max-image-preview:large","max-video-preview":"max-video-preview:-1"},"canonical":"https:\/\/aliancaevangelica.pt\/site\/semana-universal-de-oracao\/","og_locale":"pt_PT","og_type":"article","og_title":"Semana Universal de Ora\u00e7\u00e3o 2022 - AEP","og_description":"Como j\u00e1 vem sendo habitual, \u00e9 com enorme alegria que convocamos todos os irm\u00e3os e irm\u00e3s a juntarem-se a n\u00f3s, no in\u00edcio de um novo ano, para mais uma Semana Universal de Ora\u00e7\u00e3o, que este ano tem como tema &#8221; SHABAT: Viver de acordo com o ritmo de Deus&#8221; . De 9 a 16 de","og_url":"https:\/\/aliancaevangelica.pt\/site\/semana-universal-de-oracao\/","og_site_name":"AEP","article_publisher":"http:\/\/facebook.com\/aeportuguesa","article_author":"aeportugal","article_published_time":"2022-01-03T18:46:49+00:00","article_modified_time":"2026-04-30T19:25:08+00:00","og_image":[{"width":1024,"height":768,"url":"https:\/\/aliancaevangelica.pt\/site\/wp-content\/uploads\/2022\/01\/Foresty-Spring-Clothing-Presentation.jpg","type":"image\/jpeg"}],"author":"AEP","twitter_card":"summary_large_image","twitter_misc":{"Escrito por":"AEP","Tempo estimado de leitura":"1 minuto"},"schema":{"@context":"https:\/\/schema.org","@graph":[{"@type":"Article","@id":"https:\/\/aliancaevangelica.pt\/site\/semana-universal-de-oracao\/#article","isPartOf":{"@id":"https:\/\/aliancaevangelica.pt\/site\/semana-universal-de-oracao\/"},"author":{"name":"AEP","@id":"https:\/\/aliancaevangelica.pt\/site\/#\/schema\/person\/3b47cfc7535eff1e820f31c2d67eafcf"},"headline":"Semana Universal de Ora\u00e7\u00e3o 2022","datePublished":"2022-01-03T18:46:49+00:00","dateModified":"2026-04-30T19:25:08+00:00","mainEntityOfPage":{"@id":"https:\/\/aliancaevangelica.pt\/site\/semana-universal-de-oracao\/"},"wordCount":116,"publisher":{"@id":"https:\/\/aliancaevangelica.pt\/site\/#organization"},"image":{"@id":"https:\/\/aliancaevangelica.pt\/site\/semana-universal-de-oracao\/#primaryimage"},"thumbnailUrl":"https:\/\/aliancaevangelica.pt\/site\/wp-content\/uploads\/2022\/01\/Foresty-Spring-Clothing-Presentation.jpg","keywords":["Semana Universal de Ora\u00e7\u00e3o"],"articleSection":["ORA\u00c7\u00c3O"],"inLanguage":"pt-PT"},{"@type":"WebPage","@id":"https:\/\/aliancaevangelica.pt\/site\/semana-universal-de-oracao\/","url":"https:\/\/aliancaevangelica.pt\/site\/semana-universal-de-oracao\/","name":"Semana Universal de Ora\u00e7\u00e3o 2022 - AEP","isPartOf":{"@id":"https:\/\/aliancaevangelica.pt\/site\/#website"},"primaryImageOfPage":{"@id":"https:\/\/aliancaevangelica.pt\/site\/semana-universal-de-oracao\/#primaryimage"},"image":{"@id":"https:\/\/aliancaevangelica.pt\/site\/semana-universal-de-oracao\/#primaryimage"},"thumbnailUrl":"https:\/\/aliancaevangelica.pt\/site\/wp-content\/uploads\/2022\/01\/Foresty-Spring-Clothing-Presentation.jpg","datePublished":"2022-01-03T18:46:49+00:00","dateModified":"2026-04-30T19:25:08+00:00","breadcrumb":{"@id":"https:\/\/aliancaevangelica.pt\/site\/semana-universal-de-oracao\/#breadcrumb"},"inLanguage":"pt-PT","potentialAction":[{"@type":"ReadAction","target":["https:\/\/aliancaevangelica.pt\/site\/semana-universal-de-oracao\/"]}]},{"@type":"ImageObject","inLanguage":"pt-PT","@id":"https:\/\/aliancaevangelica.pt\/site\/semana-universal-de-oracao\/#primaryimage","url":"https:\/\/aliancaevangelica.pt\/site\/wp-content\/uploads\/2022\/01\/Foresty-Spring-Clothing-Presentation.jpg","contentUrl":"https:\/\/aliancaevangelica.pt\/site\/wp-content\/uploads\/2022\/01\/Foresty-Spring-Clothing-Presentation.jpg","width":1024,"height":768},{"@type":"BreadcrumbList","@id":"https:\/\/aliancaevangelica.pt\/site\/semana-universal-de-oracao\/#breadcrumb","itemListElement":[{"@type":"ListItem","position":1,"name":"In\u00edcio","item":"https:\/\/aliancaevangelica.pt\/site\/"},{"@type":"ListItem","position":2,"name":"Semana Universal de Ora\u00e7\u00e3o 2022"}]},{"@type":"WebSite","@id":"https:\/\/aliancaevangelica.pt\/site\/#website","url":"https:\/\/aliancaevangelica.pt\/site\/","name":"Alian\u00e7a Evang\u00e9lica Portuguesa","description":"Alian\u00e7a Evang\u00e9lica Portuguesa","publisher":{"@id":"https:\/\/aliancaevangelica.pt\/site\/#organization"},"potentialAction":[{"@type":"SearchAction","target":{"@type":"EntryPoint","urlTemplate":"https:\/\/aliancaevangelica.pt\/site\/?s={search_term_string}"},"query-input":{"@type":"PropertyValueSpecification","valueRequired":true,"valueName":"search_term_string"}}],"inLanguage":"pt-PT"},{"@type":"Organization","@id":"https:\/\/aliancaevangelica.pt\/site\/#organization","name":"Alian\u00e7a Evang\u00e9lica Portuguesa","url":"https:\/\/aliancaevangelica.pt\/site\/","logo":{"@type":"ImageObject","inLanguage":"pt-PT","@id":"https:\/\/aliancaevangelica.pt\/site\/#\/schema\/logo\/image\/","url":"https:\/\/aliancaevangelica.pt\/site\/wp-content\/uploads\/2017\/11\/logo-AEP-cor.png","contentUrl":"https:\/\/aliancaevangelica.pt\/site\/wp-content\/uploads\/2017\/11\/logo-AEP-cor.png","width":1156,"height":672,"caption":"Alian\u00e7a Evang\u00e9lica Portuguesa"},"image":{"@id":"https:\/\/aliancaevangelica.pt\/site\/#\/schema\/logo\/image\/"},"sameAs":["http:\/\/facebook.com\/aeportuguesa","http:\/\/instagram.com\/aliancaep","http:\/\/youtube.com\/aeportuguesa"]},{"@type":"Person","@id":"https:\/\/aliancaevangelica.pt\/site\/#\/schema\/person\/3b47cfc7535eff1e820f31c2d67eafcf","name":"AEP","sameAs":["aeportugal"],"url":"https:\/\/aliancaevangelica.pt\/site\/author\/aeportugal\/"}]}},"uagb_featured_image_src":{"full":["https:\/\/aliancaevangelica.pt\/site\/wp-content\/uploads\/2022\/01\/Foresty-Spring-Clothing-Presentation.jpg",1024,768,false],"thumbnail":["https:\/\/aliancaevangelica.pt\/site\/wp-content\/uploads\/2022\/01\/Foresty-Spring-Clothing-Presentation-150x150.jpg",150,150,true],"medium":["https:\/\/aliancaevangelica.pt\/site\/wp-content\/uploads\/2022\/01\/Foresty-Spring-Clothing-Presentation-300x225.jpg",300,225,true],"medium_large":["https:\/\/aliancaevangelica.pt\/site\/wp-content\/uploads\/2022\/01\/Foresty-Spring-Clothing-Presentation-768x576.jpg",768,576,true],"large":["https:\/\/aliancaevangelica.pt\/site\/wp-content\/uploads\/2022\/01\/Foresty-Spring-Clothing-Presentation.jpg",960,720,false],"1536x1536":["https:\/\/aliancaevangelica.pt\/site\/wp-content\/uploads\/2022\/01\/Foresty-Spring-Clothing-Presentation.jpg",1024,768,false],"2048x2048":["https:\/\/aliancaevangelica.pt\/site\/wp-content\/uploads\/2022\/01\/Foresty-Spring-Clothing-Presentation.jpg",1024,768,false],"vp_sm":["https:\/\/aliancaevangelica.pt\/site\/wp-content\/uploads\/2022\/01\/Foresty-Spring-Clothing-Presentation.jpg",500,375,false],"vp_md":["https:\/\/aliancaevangelica.pt\/site\/wp-content\/uploads\/2022\/01\/Foresty-Spring-Clothing-Presentation.jpg",800,600,false],"vp_lg":["https:\/\/aliancaevangelica.pt\/site\/wp-content\/uploads\/2022\/01\/Foresty-Spring-Clothing-Presentation.jpg",1024,768,false],"vp_xl":["https:\/\/aliancaevangelica.pt\/site\/wp-content\/uploads\/2022\/01\/Foresty-Spring-Clothing-Presentation.jpg",1024,768,false],"vp_sm_popup":["https:\/\/aliancaevangelica.pt\/site\/wp-content\/uploads\/2022\/01\/Foresty-Spring-Clothing-Presentation.jpg",500,375,false],"vp_md_popup":["https:\/\/aliancaevangelica.pt\/site\/wp-content\/uploads\/2022\/01\/Foresty-Spring-Clothing-Presentation.jpg",800,600,false],"vp_xl_popup":["https:\/\/aliancaevangelica.pt\/site\/wp-content\/uploads\/2022\/01\/Foresty-Spring-Clothing-Presentation.jpg",1024,768,false],"newsx-150x100":["https:\/\/aliancaevangelica.pt\/site\/wp-content\/uploads\/2022\/01\/Foresty-Spring-Clothing-Presentation.jpg",133,100,false],"newsx-330x220":["https:\/\/aliancaevangelica.pt\/site\/wp-content\/uploads\/2022\/01\/Foresty-Spring-Clothing-Presentation.jpg",293,220,false],"newsx-420x280":["https:\/\/aliancaevangelica.pt\/site\/wp-content\/uploads\/2022\/01\/Foresty-Spring-Clothing-Presentation.jpg",373,280,false],"newsx-510x340":["https:\/\/aliancaevangelica.pt\/site\/wp-content\/uploads\/2022\/01\/Foresty-Spring-Clothing-Presentation.jpg",453,340,false],"newsx-640x480":["https:\/\/aliancaevangelica.pt\/site\/wp-content\/uploads\/2022\/01\/Foresty-Spring-Clothing-Presentation.jpg",640,480,false],"newsx-670x370":["https:\/\/aliancaevangelica.pt\/site\/wp-content\/uploads\/2022\/01\/Foresty-Spring-Clothing-Presentation.jpg",493,370,false],"newsx-860x570":["https:\/\/aliancaevangelica.pt\/site\/wp-content\/uploads\/2022\/01\/Foresty-Spring-Clothing-Presentation.jpg",760,570,false],"newsx-1000x750":["https:\/\/aliancaevangelica.pt\/site\/wp-content\/uploads\/2022\/01\/Foresty-Spring-Clothing-Presentation.jpg",1000,750,false],"newsx-1200x600":["https:\/\/aliancaevangelica.pt\/site\/wp-content\/uploads\/2022\/01\/Foresty-Spring-Clothing-Presentation.jpg",800,600,false]},"uagb_author_info":{"display_name":"AEP","author_link":"https:\/\/aliancaevangelica.pt\/site\/author\/aeportugal\/"},"uagb_comment_info":0,"uagb_excerpt":"Como j\u00e1 vem sendo habitual, \u00e9 com enorme alegria que convocamos todos os irm\u00e3os e irm\u00e3s a juntarem-se a n\u00f3s, no in\u00edcio de um novo ano, para mais uma Semana Universal de Ora\u00e7\u00e3o, que este ano tem como tema &#8221; SHABAT: Viver de acordo com o ritmo de Deus&#8221; . De 9 a 16 de","_links":{"self":[{"href":"https:\/\/aliancaevangelica.pt\/site\/wp-json\/wp\/v2\/posts\/19482","targetHints":{"allow":["GET"]}}],"collection":[{"href":"https:\/\/aliancaevangelica.pt\/site\/wp-json\/wp\/v2\/posts"}],"about":[{"href":"https:\/\/aliancaevangelica.pt\/site\/wp-json\/wp\/v2\/types\/post"}],"author":[{"embeddable":true,"href":"https:\/\/aliancaevangelica.pt\/site\/wp-json\/wp\/v2\/users\/2"}],"replies":[{"embeddable":true,"href":"https:\/\/aliancaevangelica.pt\/site\/wp-json\/wp\/v2\/comments?post=19482"}],"version-history":[{"count":3,"href":"https:\/\/aliancaevangelica.pt\/site\/wp-json\/wp\/v2\/posts\/19482\/revisions"}],"predecessor-version":[{"id":23176,"href":"https:\/\/aliancaevangelica.pt\/site\/wp-json\/wp\/v2\/posts\/19482\/revisions\/23176"}],"wp:featuredmedia":[{"embeddable":true,"href":"https:\/\/aliancaevangelica.pt\/site\/wp-json\/wp\/v2\/media\/19504"}],"wp:attachment":[{"href":"https:\/\/aliancaevangelica.pt\/site\/wp-json\/wp\/v2\/media?parent=19482"}],"wp:term":[{"taxonomy":"category","embeddable":true,"href":"https:\/\/aliancaevangelica.pt\/site\/wp-json\/wp\/v2\/categories?post=19482"},{"taxonomy":"post_tag","embeddable":true,"href":"https:\/\/aliancaevangelica.pt\/site\/wp-json\/wp\/v2\/tags?post=19482"}],"curies":[{"name":"wp","href":"https:\/\/api.w.org\/{rel}","templated":true}]}}