{"id":19478,"date":"2021-12-31T08:00:00","date_gmt":"2021-12-31T08:00:00","guid":{"rendered":"https:\/\/aliancaevangelica.pt\/site\/?p=19478"},"modified":"2026-04-10T03:35:04","modified_gmt":"2026-04-10T03:35:04","slug":"a-graca-comum","status":"publish","type":"post","link":"https:\/\/aliancaevangelica.pt\/site\/a-graca-comum\/","title":{"rendered":"A gra\u00e7a comum"},"content":{"rendered":"\n<div style=\"height:25px\" aria-hidden=\"true\" class=\"wp-block-spacer\"><\/div>\n\n\n\n<div class=\"wp-block-media-text is-stacked-on-mobile is-vertically-aligned-bottom\" style=\"grid-template-columns:20% auto\" id=\"wp-block-themeisle-blocks-image-30c9123f\"><figure class=\"wp-block-media-text__media\"><img loading=\"lazy\" decoding=\"async\" width=\"350\" height=\"447\" src=\"https:\/\/aliancaevangelica.pt\/site\/wp-content\/uploads\/2020\/01\/Elsa-Pereira.jpg\" alt=\"\" class=\"wp-image-17822 size-full\" srcset=\"https:\/\/aliancaevangelica.pt\/site\/wp-content\/uploads\/2020\/01\/Elsa-Pereira.jpg 350w, https:\/\/aliancaevangelica.pt\/site\/wp-content\/uploads\/2020\/01\/Elsa-Pereira-235x300.jpg 235w\" sizes=\"auto, (max-width: 350px) 100vw, 350px\" \/><\/figure><div class=\"wp-block-media-text__content\">\n<h3 class=\"wp-block-heading\">A <i>gra\u00e7a comum <\/i>manifesta-se nas tarefas di\u00e1rias da vida pelas pessoas e com elas.<\/h3>\n\n\n\n<p>Elsa Correia Pereira<br><em>Mission\u00e1ria Aposentada<\/em><\/p>\n<\/div><\/div>\n\n\n\n<div style=\"height:25px\" aria-hidden=\"true\" class=\"wp-block-spacer\"><\/div>\n\n\n\n<p class=\"p1\"><strong>H\u00e1 dias, nas minhas leituras b\u00edblicas di\u00e1rias, cruzei-me, num coment\u00e1rio b\u00edblico, com este conceito: \u201cgra\u00e7a comum\u201d. Neste momento estou a ler a par\u00e1frase da B\u00edblia \u201cA Mensagem\u201d e Eugene Peterson, o autor, apresenta este conceito.<\/strong><\/p>\n\n\n\n<p class=\"p1\"><strong>A verdade \u00e9 que vivemos numa era de eventos, de grandes acontecimentos, da visibilidade, das celebridades, do impacto, do relevante, do grande, do her\u00f3ico.<\/strong><\/p>\n\n\n\n<p class=\"p1\">Esta cultura da imagem, do visual e do vis\u00edvel, para alguns soci\u00f3logos, surgiu com a emerg\u00eancia das cidades, na era p\u00f3s-moderna, a que alguns chamam cidades-espet\u00e1culo. A beleza destas cidades j\u00e1 n\u00e3o vem dos detalhados edif\u00edcios esculpidos a cinzel, mas das luzes, da cor, do n\u00e9on, que enche os olhos e cria espa\u00e7os novos nos quais circulam as pessoas an\u00f3nimas, parte da multid\u00e3o citadina.<\/p>\n\n\n\n<p class=\"p1\">Parece um contrassenso \u2013 na cidade onde o espetacular \u00e9 destacado, as pessoas tornam-se an\u00f3nimas, a n\u00e3o ser que, consigam elas pr\u00f3pria, tamb\u00e9m grande destaque pela realiza\u00e7\u00e3o de algo espetacular.<\/p>\n\n\n\n<p class=\"p1\">Na B\u00edblia, conhecemos uma s\u00e9rie de pessoas que se destacam. Ali\u00e1s, a pr\u00f3pria B\u00edblia diz que \u201cem Deus, faremos proezas\u201d Salmos 60:12, portanto, nada contra o destaque, a influencia, o hero\u00edsmo.<span class=\"Apple-converted-space\">&nbsp; <\/span>Sim, h\u00e1 personagens b\u00edblicos que s\u00e3o aut\u00eanticos her\u00f3is \u2013 a sua f\u00e9 e confian\u00e7a em Deus levaram-nos a feitos incr\u00edveis e ficaram famosos. A sua fama dura at\u00e9 hoje, milhares de anos depois. Ali\u00e1s, temos at\u00e9 um cap\u00edtulo da B\u00edblia chamado o cap\u00edtulo dos \u201cher\u00f3is da f\u00e9\u201d (Hebreus 11). Ter um filho aos 90 ou 100 anos, n\u00e3o \u00e9 para todos, estar numa cova de le\u00f5es e sobreviver tamb\u00e9m n\u00e3o, ser engolido por uma baleia e ter uma segunda oportunidade, n\u00e3o \u00e9, de todo, para qualquer um, nem sequer matar um gigante com uma pedrinha de riacho. O pr\u00f3prio Jesus nos encorajou \u201cDigo a verdade: Aquele que cr\u00ea em mim far\u00e1 tamb\u00e9m as obras que tenho realizado. Far\u00e1 coisas ainda maiores do que estas, porque eu estou indo para o Pai.\u201d (Jo\u00e3o 14:12). Coisas maiores do que Jesus fez, coisas maiores do que ressuscitar L\u00e1zaro, morto h\u00e1 4 dias? Uau! Eu quero! Algu\u00e9m mais quer?<\/p>\n\n\n\n<p class=\"p1\">Mas, paralelamente a estes nossos irm\u00e3os her\u00f3is, lemos tamb\u00e9m os exemplos, t\u00e3o importantes, usados por Deus, nos detalhes, na vida do dia a dia, alguns dos quais, nem o nome conhecemos, e que s\u00e3o ilustra\u00e7\u00e3o para n\u00f3s da tal, <i>gra\u00e7a comum. <\/i> Eugene Peterson, faz uma pergunta relevante: porque s\u00e3o eles inclu\u00eddos na narrativa b\u00edblica? A resposta que ele apresenta \u00e9: Precisamos de algu\u00e9m que n\u00e3o seja excecional na hist\u00f3ria. Se enfatizamos demais os aspetos excecionais da vida crist\u00e3, daremos desculpas a vida inteira de n\u00e3o vivermos segundo esses mesmos aspetos. As m\u00ednimas coisas s\u00e3o t\u00e3o essenciais quanto as grandes realiza\u00e7\u00f5es. A <i>gra\u00e7a comum <\/i>manifesta-se nas tarefas di\u00e1rias da vida pelas pessoas e com elas. \u00c9 um dom de Deus que faz que isso seja poss\u00edvel A <i>gra\u00e7a comum<\/i> \u00e9 a cola que une as horas do dia que as pessoas passam juntas. A <i>gra\u00e7a comum <\/i>n\u00e3o produz feitos heroicos, ela simplesmente providencia a for\u00e7a e o amor que lava os pratos, que faz que um vizinho desagrad\u00e1vel seja tratado com gentileza, que suporta a dor que n\u00e3o tem al\u00edvio, que ora cem cessar, mesmo sem ter vis\u00f5es, que serve sem desejar reconhecimento, que faz o que \u00e9 simples.<\/p>\n\n\n\n<p class=\"p1\">Na B\u00edblia, vejo a gra\u00e7a comum, entre muitos outros exemplos, no estalajadeiro que ter\u00e1 oferecido a estrebaria para Jesus nascer (Lucas 2:7), no homem que ter\u00e1 emprestado o jumento para Jesus entrar em Jerusal\u00e9m (Mateus 21), na menina israelita, que sabia que Deus poderia curar Naam\u00e3 (II Reis 5), na for\u00e7a apaziguadora de Abigail (I Samuel 25).<\/p>\n\n\n\n<p class=\"p1\">Neste fim de ano, reflete um pouco onde podes encontrar esta gra\u00e7a comum na tua vida: na pessoa que confeciona as refei\u00e7\u00f5es, e consegue unir a fam\u00edlia \u00e0 volta de uma mesa, na colega que oferece os bombons, no av\u00f4 que cuida da horta e oferece os frutos, no padeiro que oferece<span class=\"Apple-converted-space\">&nbsp; <\/span>o p\u00e3o que sobra aos mais carenciados.<\/p>\n\n\n\n<p class=\"p1\">E tu? Na vida de quem podes ser gra\u00e7a comum? Podes cantar uma m\u00fasica \u00e0 janela, daquela vizinha que vive sozinha, podes oferecer alimentos \u00e0 fam\u00edlia que tem falta deles, podes convidar para a tua ceia de Natal aquele migrante que n\u00e3o tem ningu\u00e9m, podes dizer \u201cbom dia\u201d ao casal que mora ao lado, e as demais ocasi\u00f5es onde podes ser gra\u00e7a comum, tu saber\u00e1s.<\/p>\n\n\n\n<p class=\"p1\">Para terminar, desejo-vos um ano de 2022 cheio de grandes realiza\u00e7\u00f5es, mas que os pr\u00f3ximos 365 dias sejam tamb\u00e9m e principalmente cheios de gra\u00e7a comum, daqueles feitos pequenos, que tornam os dias mais doces, as horas mais felizes, que oferecem sentido e aconchego ao quotidiano, que nos tornam, a todos, mais humanos, e ao mesmo tempo, portadores do favor divino que \u00e9 a Gra\u00e7a que h\u00e1 em Jesus &#8211; para os grandes milagres e para as pequenas coisas. Felic\u00edssimo 2022!<\/p>\n\n\n\n<div style=\"height:100px\" aria-hidden=\"true\" class=\"wp-block-spacer\"><\/div>\n","protected":false},"excerpt":{"rendered":"<p>A gra\u00e7a comum manifesta-se nas tarefas di\u00e1rias da vida pelas pessoas e com elas. Elsa Correia PereiraMission\u00e1ria Aposentada H\u00e1 dias, nas minhas leituras b\u00edblicas di\u00e1rias, cruzei-me, num coment\u00e1rio b\u00edblico, com este conceito: \u201cgra\u00e7a comum\u201d. Neste momento estou a ler a par\u00e1frase da B\u00edblia \u201cA Mensagem\u201d e Eugene Peterson, o autor, apresenta este conceito. A verdade<\/p>\n","protected":false},"author":2,"featured_media":19479,"comment_status":"open","ping_status":"open","sticky":false,"template":"","format":"standard","meta":{"_uag_custom_page_level_css":"","_themeisle_gutenberg_block_has_review":false,"_vp_format_video_url":"","_vp_image_focal_point":[],"footnotes":""},"categories":[45,47],"tags":[],"class_list":["post-19478","post","type-post","status-publish","format-standard","has-post-thumbnail","hentry","category-geral","category-mulheres-casais-e-familia"],"yoast_head":"<!-- This site is optimized with the Yoast SEO plugin v27.5 - https:\/\/yoast.com\/product\/yoast-seo-wordpress\/ -->\n<title>A gra\u00e7a comum - AEP<\/title>\n<meta name=\"robots\" content=\"index, follow, max-snippet:-1, max-image-preview:large, max-video-preview:-1\" \/>\n<link rel=\"canonical\" href=\"https:\/\/aliancaevangelica.pt\/site\/a-graca-comum\/\" \/>\n<meta property=\"og:locale\" content=\"pt_PT\" \/>\n<meta property=\"og:type\" content=\"article\" \/>\n<meta property=\"og:title\" content=\"A gra\u00e7a comum - AEP\" \/>\n<meta property=\"og:description\" content=\"A gra\u00e7a comum manifesta-se nas tarefas di\u00e1rias da vida pelas pessoas e com elas. Elsa Correia PereiraMission\u00e1ria Aposentada H\u00e1 dias, nas minhas leituras b\u00edblicas di\u00e1rias, cruzei-me, num coment\u00e1rio b\u00edblico, com este conceito: \u201cgra\u00e7a comum\u201d. Neste momento estou a ler a par\u00e1frase da B\u00edblia \u201cA Mensagem\u201d e Eugene Peterson, o autor, apresenta este conceito. A verdade\" \/>\n<meta property=\"og:url\" content=\"https:\/\/aliancaevangelica.pt\/site\/a-graca-comum\/\" \/>\n<meta property=\"og:site_name\" content=\"AEP\" \/>\n<meta property=\"article:publisher\" content=\"http:\/\/facebook.com\/aeportuguesa\" \/>\n<meta property=\"article:author\" content=\"aeportugal\" \/>\n<meta property=\"article:published_time\" content=\"2021-12-31T08:00:00+00:00\" \/>\n<meta property=\"article:modified_time\" content=\"2026-04-10T03:35:04+00:00\" \/>\n<meta property=\"og:image\" content=\"https:\/\/aliancaevangelica.pt\/site\/wp-content\/uploads\/2021\/12\/Captura-de-ecra\u0303-2021-12-17-a\u0300s-14.35.34.png\" \/>\n\t<meta property=\"og:image:width\" content=\"956\" \/>\n\t<meta property=\"og:image:height\" content=\"637\" \/>\n\t<meta property=\"og:image:type\" content=\"image\/png\" \/>\n<meta name=\"author\" content=\"AEP\" \/>\n<meta name=\"twitter:card\" content=\"summary_large_image\" \/>\n<meta name=\"twitter:label1\" content=\"Escrito por\" \/>\n\t<meta name=\"twitter:data1\" content=\"AEP\" \/>\n\t<meta name=\"twitter:label2\" content=\"Tempo estimado de leitura\" \/>\n\t<meta name=\"twitter:data2\" content=\"5 minutos\" \/>\n<script type=\"application\/ld+json\" class=\"yoast-schema-graph\">{\"@context\":\"https:\\\/\\\/schema.org\",\"@graph\":[{\"@type\":\"Article\",\"@id\":\"https:\\\/\\\/aliancaevangelica.pt\\\/site\\\/a-graca-comum\\\/#article\",\"isPartOf\":{\"@id\":\"https:\\\/\\\/aliancaevangelica.pt\\\/site\\\/a-graca-comum\\\/\"},\"author\":{\"name\":\"AEP\",\"@id\":\"https:\\\/\\\/aliancaevangelica.pt\\\/site\\\/#\\\/schema\\\/person\\\/3b47cfc7535eff1e820f31c2d67eafcf\"},\"headline\":\"A gra\u00e7a comum\",\"datePublished\":\"2021-12-31T08:00:00+00:00\",\"dateModified\":\"2026-04-10T03:35:04+00:00\",\"mainEntityOfPage\":{\"@id\":\"https:\\\/\\\/aliancaevangelica.pt\\\/site\\\/a-graca-comum\\\/\"},\"wordCount\":902,\"commentCount\":0,\"publisher\":{\"@id\":\"https:\\\/\\\/aliancaevangelica.pt\\\/site\\\/#organization\"},\"image\":{\"@id\":\"https:\\\/\\\/aliancaevangelica.pt\\\/site\\\/a-graca-comum\\\/#primaryimage\"},\"thumbnailUrl\":\"https:\\\/\\\/aliancaevangelica.pt\\\/site\\\/wp-content\\\/uploads\\\/2021\\\/12\\\/Captura-de-ecra\u0303-2021-12-17-a\u0300s-14.35.34.png\",\"articleSection\":[\"1-Geral\",\"Mulheres, Casais e Fam\u00edlia\"],\"inLanguage\":\"pt-PT\",\"potentialAction\":[{\"@type\":\"CommentAction\",\"name\":\"Comment\",\"target\":[\"https:\\\/\\\/aliancaevangelica.pt\\\/site\\\/a-graca-comum\\\/#respond\"]}]},{\"@type\":\"WebPage\",\"@id\":\"https:\\\/\\\/aliancaevangelica.pt\\\/site\\\/a-graca-comum\\\/\",\"url\":\"https:\\\/\\\/aliancaevangelica.pt\\\/site\\\/a-graca-comum\\\/\",\"name\":\"A gra\u00e7a comum - AEP\",\"isPartOf\":{\"@id\":\"https:\\\/\\\/aliancaevangelica.pt\\\/site\\\/#website\"},\"primaryImageOfPage\":{\"@id\":\"https:\\\/\\\/aliancaevangelica.pt\\\/site\\\/a-graca-comum\\\/#primaryimage\"},\"image\":{\"@id\":\"https:\\\/\\\/aliancaevangelica.pt\\\/site\\\/a-graca-comum\\\/#primaryimage\"},\"thumbnailUrl\":\"https:\\\/\\\/aliancaevangelica.pt\\\/site\\\/wp-content\\\/uploads\\\/2021\\\/12\\\/Captura-de-ecra\u0303-2021-12-17-a\u0300s-14.35.34.png\",\"datePublished\":\"2021-12-31T08:00:00+00:00\",\"dateModified\":\"2026-04-10T03:35:04+00:00\",\"breadcrumb\":{\"@id\":\"https:\\\/\\\/aliancaevangelica.pt\\\/site\\\/a-graca-comum\\\/#breadcrumb\"},\"inLanguage\":\"pt-PT\",\"potentialAction\":[{\"@type\":\"ReadAction\",\"target\":[\"https:\\\/\\\/aliancaevangelica.pt\\\/site\\\/a-graca-comum\\\/\"]}]},{\"@type\":\"ImageObject\",\"inLanguage\":\"pt-PT\",\"@id\":\"https:\\\/\\\/aliancaevangelica.pt\\\/site\\\/a-graca-comum\\\/#primaryimage\",\"url\":\"https:\\\/\\\/aliancaevangelica.pt\\\/site\\\/wp-content\\\/uploads\\\/2021\\\/12\\\/Captura-de-ecra\u0303-2021-12-17-a\u0300s-14.35.34.png\",\"contentUrl\":\"https:\\\/\\\/aliancaevangelica.pt\\\/site\\\/wp-content\\\/uploads\\\/2021\\\/12\\\/Captura-de-ecra\u0303-2021-12-17-a\u0300s-14.35.34.png\",\"width\":956,\"height\":637},{\"@type\":\"BreadcrumbList\",\"@id\":\"https:\\\/\\\/aliancaevangelica.pt\\\/site\\\/a-graca-comum\\\/#breadcrumb\",\"itemListElement\":[{\"@type\":\"ListItem\",\"position\":1,\"name\":\"In\u00edcio\",\"item\":\"https:\\\/\\\/aliancaevangelica.pt\\\/site\\\/\"},{\"@type\":\"ListItem\",\"position\":2,\"name\":\"A gra\u00e7a comum\"}]},{\"@type\":\"WebSite\",\"@id\":\"https:\\\/\\\/aliancaevangelica.pt\\\/site\\\/#website\",\"url\":\"https:\\\/\\\/aliancaevangelica.pt\\\/site\\\/\",\"name\":\"Alian\u00e7a Evang\u00e9lica Portuguesa\",\"description\":\"Alian\u00e7a Evang\u00e9lica Portuguesa\",\"publisher\":{\"@id\":\"https:\\\/\\\/aliancaevangelica.pt\\\/site\\\/#organization\"},\"potentialAction\":[{\"@type\":\"SearchAction\",\"target\":{\"@type\":\"EntryPoint\",\"urlTemplate\":\"https:\\\/\\\/aliancaevangelica.pt\\\/site\\\/?s={search_term_string}\"},\"query-input\":{\"@type\":\"PropertyValueSpecification\",\"valueRequired\":true,\"valueName\":\"search_term_string\"}}],\"inLanguage\":\"pt-PT\"},{\"@type\":\"Organization\",\"@id\":\"https:\\\/\\\/aliancaevangelica.pt\\\/site\\\/#organization\",\"name\":\"Alian\u00e7a Evang\u00e9lica Portuguesa\",\"url\":\"https:\\\/\\\/aliancaevangelica.pt\\\/site\\\/\",\"logo\":{\"@type\":\"ImageObject\",\"inLanguage\":\"pt-PT\",\"@id\":\"https:\\\/\\\/aliancaevangelica.pt\\\/site\\\/#\\\/schema\\\/logo\\\/image\\\/\",\"url\":\"https:\\\/\\\/aliancaevangelica.pt\\\/site\\\/wp-content\\\/uploads\\\/2017\\\/11\\\/logo-AEP-cor.png\",\"contentUrl\":\"https:\\\/\\\/aliancaevangelica.pt\\\/site\\\/wp-content\\\/uploads\\\/2017\\\/11\\\/logo-AEP-cor.png\",\"width\":1156,\"height\":672,\"caption\":\"Alian\u00e7a Evang\u00e9lica Portuguesa\"},\"image\":{\"@id\":\"https:\\\/\\\/aliancaevangelica.pt\\\/site\\\/#\\\/schema\\\/logo\\\/image\\\/\"},\"sameAs\":[\"http:\\\/\\\/facebook.com\\\/aeportuguesa\",\"http:\\\/\\\/instagram.com\\\/aliancaep\",\"http:\\\/\\\/youtube.com\\\/aeportuguesa\"]},{\"@type\":\"Person\",\"@id\":\"https:\\\/\\\/aliancaevangelica.pt\\\/site\\\/#\\\/schema\\\/person\\\/3b47cfc7535eff1e820f31c2d67eafcf\",\"name\":\"AEP\",\"sameAs\":[\"aeportugal\"],\"url\":\"https:\\\/\\\/aliancaevangelica.pt\\\/site\\\/author\\\/aeportugal\\\/\"}]}<\/script>\n<!-- \/ Yoast SEO plugin. -->","yoast_head_json":{"title":"A gra\u00e7a comum - AEP","robots":{"index":"index","follow":"follow","max-snippet":"max-snippet:-1","max-image-preview":"max-image-preview:large","max-video-preview":"max-video-preview:-1"},"canonical":"https:\/\/aliancaevangelica.pt\/site\/a-graca-comum\/","og_locale":"pt_PT","og_type":"article","og_title":"A gra\u00e7a comum - AEP","og_description":"A gra\u00e7a comum manifesta-se nas tarefas di\u00e1rias da vida pelas pessoas e com elas. Elsa Correia PereiraMission\u00e1ria Aposentada H\u00e1 dias, nas minhas leituras b\u00edblicas di\u00e1rias, cruzei-me, num coment\u00e1rio b\u00edblico, com este conceito: \u201cgra\u00e7a comum\u201d. Neste momento estou a ler a par\u00e1frase da B\u00edblia \u201cA Mensagem\u201d e Eugene Peterson, o autor, apresenta este conceito. A verdade","og_url":"https:\/\/aliancaevangelica.pt\/site\/a-graca-comum\/","og_site_name":"AEP","article_publisher":"http:\/\/facebook.com\/aeportuguesa","article_author":"aeportugal","article_published_time":"2021-12-31T08:00:00+00:00","article_modified_time":"2026-04-10T03:35:04+00:00","og_image":[{"width":956,"height":637,"url":"https:\/\/aliancaevangelica.pt\/site\/wp-content\/uploads\/2021\/12\/Captura-de-ecra\u0303-2021-12-17-a\u0300s-14.35.34.png","type":"image\/png"}],"author":"AEP","twitter_card":"summary_large_image","twitter_misc":{"Escrito por":"AEP","Tempo estimado de leitura":"5 minutos"},"schema":{"@context":"https:\/\/schema.org","@graph":[{"@type":"Article","@id":"https:\/\/aliancaevangelica.pt\/site\/a-graca-comum\/#article","isPartOf":{"@id":"https:\/\/aliancaevangelica.pt\/site\/a-graca-comum\/"},"author":{"name":"AEP","@id":"https:\/\/aliancaevangelica.pt\/site\/#\/schema\/person\/3b47cfc7535eff1e820f31c2d67eafcf"},"headline":"A gra\u00e7a comum","datePublished":"2021-12-31T08:00:00+00:00","dateModified":"2026-04-10T03:35:04+00:00","mainEntityOfPage":{"@id":"https:\/\/aliancaevangelica.pt\/site\/a-graca-comum\/"},"wordCount":902,"commentCount":0,"publisher":{"@id":"https:\/\/aliancaevangelica.pt\/site\/#organization"},"image":{"@id":"https:\/\/aliancaevangelica.pt\/site\/a-graca-comum\/#primaryimage"},"thumbnailUrl":"https:\/\/aliancaevangelica.pt\/site\/wp-content\/uploads\/2021\/12\/Captura-de-ecra\u0303-2021-12-17-a\u0300s-14.35.34.png","articleSection":["1-Geral","Mulheres, Casais e Fam\u00edlia"],"inLanguage":"pt-PT","potentialAction":[{"@type":"CommentAction","name":"Comment","target":["https:\/\/aliancaevangelica.pt\/site\/a-graca-comum\/#respond"]}]},{"@type":"WebPage","@id":"https:\/\/aliancaevangelica.pt\/site\/a-graca-comum\/","url":"https:\/\/aliancaevangelica.pt\/site\/a-graca-comum\/","name":"A gra\u00e7a comum - AEP","isPartOf":{"@id":"https:\/\/aliancaevangelica.pt\/site\/#website"},"primaryImageOfPage":{"@id":"https:\/\/aliancaevangelica.pt\/site\/a-graca-comum\/#primaryimage"},"image":{"@id":"https:\/\/aliancaevangelica.pt\/site\/a-graca-comum\/#primaryimage"},"thumbnailUrl":"https:\/\/aliancaevangelica.pt\/site\/wp-content\/uploads\/2021\/12\/Captura-de-ecra\u0303-2021-12-17-a\u0300s-14.35.34.png","datePublished":"2021-12-31T08:00:00+00:00","dateModified":"2026-04-10T03:35:04+00:00","breadcrumb":{"@id":"https:\/\/aliancaevangelica.pt\/site\/a-graca-comum\/#breadcrumb"},"inLanguage":"pt-PT","potentialAction":[{"@type":"ReadAction","target":["https:\/\/aliancaevangelica.pt\/site\/a-graca-comum\/"]}]},{"@type":"ImageObject","inLanguage":"pt-PT","@id":"https:\/\/aliancaevangelica.pt\/site\/a-graca-comum\/#primaryimage","url":"https:\/\/aliancaevangelica.pt\/site\/wp-content\/uploads\/2021\/12\/Captura-de-ecra\u0303-2021-12-17-a\u0300s-14.35.34.png","contentUrl":"https:\/\/aliancaevangelica.pt\/site\/wp-content\/uploads\/2021\/12\/Captura-de-ecra\u0303-2021-12-17-a\u0300s-14.35.34.png","width":956,"height":637},{"@type":"BreadcrumbList","@id":"https:\/\/aliancaevangelica.pt\/site\/a-graca-comum\/#breadcrumb","itemListElement":[{"@type":"ListItem","position":1,"name":"In\u00edcio","item":"https:\/\/aliancaevangelica.pt\/site\/"},{"@type":"ListItem","position":2,"name":"A gra\u00e7a comum"}]},{"@type":"WebSite","@id":"https:\/\/aliancaevangelica.pt\/site\/#website","url":"https:\/\/aliancaevangelica.pt\/site\/","name":"Alian\u00e7a Evang\u00e9lica Portuguesa","description":"Alian\u00e7a Evang\u00e9lica Portuguesa","publisher":{"@id":"https:\/\/aliancaevangelica.pt\/site\/#organization"},"potentialAction":[{"@type":"SearchAction","target":{"@type":"EntryPoint","urlTemplate":"https:\/\/aliancaevangelica.pt\/site\/?s={search_term_string}"},"query-input":{"@type":"PropertyValueSpecification","valueRequired":true,"valueName":"search_term_string"}}],"inLanguage":"pt-PT"},{"@type":"Organization","@id":"https:\/\/aliancaevangelica.pt\/site\/#organization","name":"Alian\u00e7a Evang\u00e9lica Portuguesa","url":"https:\/\/aliancaevangelica.pt\/site\/","logo":{"@type":"ImageObject","inLanguage":"pt-PT","@id":"https:\/\/aliancaevangelica.pt\/site\/#\/schema\/logo\/image\/","url":"https:\/\/aliancaevangelica.pt\/site\/wp-content\/uploads\/2017\/11\/logo-AEP-cor.png","contentUrl":"https:\/\/aliancaevangelica.pt\/site\/wp-content\/uploads\/2017\/11\/logo-AEP-cor.png","width":1156,"height":672,"caption":"Alian\u00e7a Evang\u00e9lica Portuguesa"},"image":{"@id":"https:\/\/aliancaevangelica.pt\/site\/#\/schema\/logo\/image\/"},"sameAs":["http:\/\/facebook.com\/aeportuguesa","http:\/\/instagram.com\/aliancaep","http:\/\/youtube.com\/aeportuguesa"]},{"@type":"Person","@id":"https:\/\/aliancaevangelica.pt\/site\/#\/schema\/person\/3b47cfc7535eff1e820f31c2d67eafcf","name":"AEP","sameAs":["aeportugal"],"url":"https:\/\/aliancaevangelica.pt\/site\/author\/aeportugal\/"}]}},"uagb_featured_image_src":{"full":["https:\/\/aliancaevangelica.pt\/site\/wp-content\/uploads\/2021\/12\/Captura-de-ecra\u0303-2021-12-17-a\u0300s-14.35.34.png",956,637,false],"thumbnail":["https:\/\/aliancaevangelica.pt\/site\/wp-content\/uploads\/2021\/12\/Captura-de-ecra\u0303-2021-12-17-a\u0300s-14.35.34-150x150.png",150,150,true],"medium":["https:\/\/aliancaevangelica.pt\/site\/wp-content\/uploads\/2021\/12\/Captura-de-ecra\u0303-2021-12-17-a\u0300s-14.35.34-300x200.png",300,200,true],"medium_large":["https:\/\/aliancaevangelica.pt\/site\/wp-content\/uploads\/2021\/12\/Captura-de-ecra\u0303-2021-12-17-a\u0300s-14.35.34-768x512.png",768,512,true],"large":["https:\/\/aliancaevangelica.pt\/site\/wp-content\/uploads\/2021\/12\/Captura-de-ecra\u0303-2021-12-17-a\u0300s-14.35.34.png",956,637,false],"1536x1536":["https:\/\/aliancaevangelica.pt\/site\/wp-content\/uploads\/2021\/12\/Captura-de-ecra\u0303-2021-12-17-a\u0300s-14.35.34.png",956,637,false],"2048x2048":["https:\/\/aliancaevangelica.pt\/site\/wp-content\/uploads\/2021\/12\/Captura-de-ecra\u0303-2021-12-17-a\u0300s-14.35.34.png",956,637,false],"vp_sm":["https:\/\/aliancaevangelica.pt\/site\/wp-content\/uploads\/2021\/12\/Captura-de-ecra\u0303-2021-12-17-a\u0300s-14.35.34.png",500,333,false],"vp_md":["https:\/\/aliancaevangelica.pt\/site\/wp-content\/uploads\/2021\/12\/Captura-de-ecra\u0303-2021-12-17-a\u0300s-14.35.34.png",800,533,false],"vp_lg":["https:\/\/aliancaevangelica.pt\/site\/wp-content\/uploads\/2021\/12\/Captura-de-ecra\u0303-2021-12-17-a\u0300s-14.35.34.png",956,637,false],"vp_xl":["https:\/\/aliancaevangelica.pt\/site\/wp-content\/uploads\/2021\/12\/Captura-de-ecra\u0303-2021-12-17-a\u0300s-14.35.34.png",956,637,false],"vp_sm_popup":["https:\/\/aliancaevangelica.pt\/site\/wp-content\/uploads\/2021\/12\/Captura-de-ecra\u0303-2021-12-17-a\u0300s-14.35.34.png",500,333,false],"vp_md_popup":["https:\/\/aliancaevangelica.pt\/site\/wp-content\/uploads\/2021\/12\/Captura-de-ecra\u0303-2021-12-17-a\u0300s-14.35.34.png",800,533,false],"vp_xl_popup":["https:\/\/aliancaevangelica.pt\/site\/wp-content\/uploads\/2021\/12\/Captura-de-ecra\u0303-2021-12-17-a\u0300s-14.35.34.png",956,637,false],"newsx-150x100":["https:\/\/aliancaevangelica.pt\/site\/wp-content\/uploads\/2021\/12\/Captura-de-ecra\u0303-2021-12-17-a\u0300s-14.35.34.png",150,100,false],"newsx-330x220":["https:\/\/aliancaevangelica.pt\/site\/wp-content\/uploads\/2021\/12\/Captura-de-ecra\u0303-2021-12-17-a\u0300s-14.35.34.png",330,220,false],"newsx-420x280":["https:\/\/aliancaevangelica.pt\/site\/wp-content\/uploads\/2021\/12\/Captura-de-ecra\u0303-2021-12-17-a\u0300s-14.35.34.png",420,280,false],"newsx-510x340":["https:\/\/aliancaevangelica.pt\/site\/wp-content\/uploads\/2021\/12\/Captura-de-ecra\u0303-2021-12-17-a\u0300s-14.35.34.png",510,340,false],"newsx-640x480":["https:\/\/aliancaevangelica.pt\/site\/wp-content\/uploads\/2021\/12\/Captura-de-ecra\u0303-2021-12-17-a\u0300s-14.35.34.png",640,426,false],"newsx-670x370":["https:\/\/aliancaevangelica.pt\/site\/wp-content\/uploads\/2021\/12\/Captura-de-ecra\u0303-2021-12-17-a\u0300s-14.35.34.png",555,370,false],"newsx-860x570":["https:\/\/aliancaevangelica.pt\/site\/wp-content\/uploads\/2021\/12\/Captura-de-ecra\u0303-2021-12-17-a\u0300s-14.35.34.png",855,570,false],"newsx-1000x750":["https:\/\/aliancaevangelica.pt\/site\/wp-content\/uploads\/2021\/12\/Captura-de-ecra\u0303-2021-12-17-a\u0300s-14.35.34.png",956,637,false],"newsx-1200x600":["https:\/\/aliancaevangelica.pt\/site\/wp-content\/uploads\/2021\/12\/Captura-de-ecra\u0303-2021-12-17-a\u0300s-14.35.34.png",900,600,false]},"uagb_author_info":{"display_name":"AEP","author_link":"https:\/\/aliancaevangelica.pt\/site\/author\/aeportugal\/"},"uagb_comment_info":0,"uagb_excerpt":"A gra\u00e7a comum manifesta-se nas tarefas di\u00e1rias da vida pelas pessoas e com elas. Elsa Correia PereiraMission\u00e1ria Aposentada H\u00e1 dias, nas minhas leituras b\u00edblicas di\u00e1rias, cruzei-me, num coment\u00e1rio b\u00edblico, com este conceito: \u201cgra\u00e7a comum\u201d. Neste momento estou a ler a par\u00e1frase da B\u00edblia \u201cA Mensagem\u201d e Eugene Peterson, o autor, apresenta este conceito. A verdade","_links":{"self":[{"href":"https:\/\/aliancaevangelica.pt\/site\/wp-json\/wp\/v2\/posts\/19478","targetHints":{"allow":["GET"]}}],"collection":[{"href":"https:\/\/aliancaevangelica.pt\/site\/wp-json\/wp\/v2\/posts"}],"about":[{"href":"https:\/\/aliancaevangelica.pt\/site\/wp-json\/wp\/v2\/types\/post"}],"author":[{"embeddable":true,"href":"https:\/\/aliancaevangelica.pt\/site\/wp-json\/wp\/v2\/users\/2"}],"replies":[{"embeddable":true,"href":"https:\/\/aliancaevangelica.pt\/site\/wp-json\/wp\/v2\/comments?post=19478"}],"version-history":[{"count":3,"href":"https:\/\/aliancaevangelica.pt\/site\/wp-json\/wp\/v2\/posts\/19478\/revisions"}],"predecessor-version":[{"id":22927,"href":"https:\/\/aliancaevangelica.pt\/site\/wp-json\/wp\/v2\/posts\/19478\/revisions\/22927"}],"wp:featuredmedia":[{"embeddable":true,"href":"https:\/\/aliancaevangelica.pt\/site\/wp-json\/wp\/v2\/media\/19479"}],"wp:attachment":[{"href":"https:\/\/aliancaevangelica.pt\/site\/wp-json\/wp\/v2\/media?parent=19478"}],"wp:term":[{"taxonomy":"category","embeddable":true,"href":"https:\/\/aliancaevangelica.pt\/site\/wp-json\/wp\/v2\/categories?post=19478"},{"taxonomy":"post_tag","embeddable":true,"href":"https:\/\/aliancaevangelica.pt\/site\/wp-json\/wp\/v2\/tags?post=19478"}],"curies":[{"name":"wp","href":"https:\/\/api.w.org\/{rel}","templated":true}]}}