{"id":19475,"date":"2021-12-17T14:33:30","date_gmt":"2021-12-17T14:33:30","guid":{"rendered":"https:\/\/aliancaevangelica.pt\/site\/?p=19475"},"modified":"2021-12-17T14:33:33","modified_gmt":"2021-12-17T14:33:33","slug":"o-numero-do-natal","status":"publish","type":"post","link":"https:\/\/aliancaevangelica.pt\/site\/o-numero-do-natal\/","title":{"rendered":"O n\u00famero do Natal"},"content":{"rendered":"<p class=\"p1\">Recordo-me bem da altura em que aprendi a escrever o n\u00famero 1. Foi o meu pai que me ensinou, teria eu uns 4 ou 5 anos. Ele escrevia-o lentamente, fazendo deslizar o l\u00e1pis, enquanto dizia, com carinho: &#8220;\u00c9 assim, filha: para cima e para baixo&#8221;. Depois era a minha vez de escrever e, pela minha idade, eu escrevia-o &#8220;em espelho&#8221;. Com paci\u00eancia, ele exemplificava de novo&#8230;<\/p>\n<p class=\"p1\">Este foi o primeiro n\u00famero que aprendi a escrever como, provavelmente, sucedeu com todos n\u00f3s. E, hoje, venho prop\u00f4r-vos uma reflex\u00e3o r\u00e1pida sobre este n\u00famero, o 1.<\/p>\n<p class=\"p1\"><strong>Topo<\/strong><\/p>\n<p class=\"p1\">Em diversos contextos, assume-se como o mais importante, atribu\u00eddo \u00e0quele que est\u00e1 ou chegou em primeiro lugar. Sim, foi o que conseguiu alcan\u00e7ar a meta ou o topo antes de qualquer outro. E representa a vit\u00f3ria, em alguns casos a medalha de ouro. O melhor aluno, o melhor vendedor, o atleta mais veloz, o profissional mais competente, o cargo mais elevado de uma institui\u00e7\u00e3o&#8230;<\/p>\n<p class=\"p1\"><strong>Desalento<\/strong><\/p>\n<p class=\"p1\">Contudo, tamb\u00e9m \u00e9 comum o n\u00famero 1 expressar des\u00e2nimo.<\/p>\n<p class=\"p1\">Quantos clientes tens? 1<\/p>\n<p class=\"p1\">Quantos quadros j\u00e1 pintaste? 1<\/p>\n<p class=\"p1\">Quantos alunos s\u00e3o? 1<\/p>\n<p class=\"p1\">Quantos seguidores tens na rede social? 1<\/p>\n<p class=\"p1\">Quantos produtos j\u00e1 vendeste? 1<\/p>\n<p class=\"p1\">A motiva\u00e7\u00e3o fragiliza-se perante este n\u00famero pequeno e pode ditar o fim de um projecto que se desejava bem-sucedido.<\/p>\n<p class=\"p1\"><strong>Ponto de partida<\/strong><\/p>\n<p class=\"p1\">A verdade \u00e9 que tamb\u00e9m pode representar um ponto de partida, um come\u00e7o. Todo o grande empreendimento se iniciou exactamente por a\u00ed, por 1. A inscri\u00e7\u00e3o do primeiro participante, o primeiro cliente, a primeira encomenda, o primeiro trabalho conclu\u00eddo, o primeiro artigo, a primeira m\u00fasica que se comp\u00f5e&#8230; Um passo, um degrau, no in\u00edcio de cada percurso.<\/p>\n<p class=\"p1\">Assim, ser\u00e1 interessante pararmos para pensar em algum 1 que esteja presente na nossa vida. Pode significar o topo, a escassez ou, quem sabe, um ponto de partida. Contudo, ainda h\u00e1 um outro significado precioso, referido por Jesus&#8230;<\/p>\n<p class=\"p1\"><strong>Unidade<\/strong><\/p>\n<p class=\"p1\">Na sua ora\u00e7\u00e3o ao Pai, Jesus expressa um anseio: &#8220;Para que todos sejam um, como tu, \u00f3 Pai, o \u00e9s em mim, e eu em ti; que tamb\u00e9m eles sejam um em n\u00f3s, para que o mundo creia que tu me enviaste.&#8221; (Jo\u00e3o 17:21)<\/p>\n<p class=\"p1\">Como crist\u00e3os, somos chamados a ser 1. Aqui torna-se um n\u00famero dif\u00edcil, elevado, exigente. Chegar l\u00e1, constitui-se como um alvo, um desafio di\u00e1rio, uma arte ditada pelo amor&#8230; Na diversidade que somos, na singularidade que nos define individualmente, ser um significa exercitar o respeito pelas diferen\u00e7as, o acolhimento, a complementaridade, o apre\u00e7o pelo outro e a paix\u00e3o por servi-lo.<\/p>\n<p class=\"p1\">Precisamos de lembrar este des\u00edgnio divino para n\u00f3s como crist\u00e3os, sobretudo quando n\u00e3o concordamos, tomamos decis\u00f5es diferentes, divergimos na forma de ver, de pensar. Neste tempo em que a solid\u00e3o se tem ampliado de uma forma preocupante, numa forma mais dispersa de viver, descrita em detalhe no livro recente &#8220;O S\u00e9culo da Solid\u00e3o&#8221;, de Noreena Hertz, com refer\u00eancias de in\u00fameros estudos que demonstram o evidente impacto na nossa sa\u00fade f\u00edsica e emocional, a proximidade e a intimidade como comunidade crist\u00e3 precisam de ser intencionalmente procuradas e desenvolvidas. N\u00e3o permitamos que a aridez dos dias ou as diverg\u00eancias naturais de opini\u00e3o e decis\u00e3o entre n\u00f3s nos dividam e enfraque\u00e7am.<\/p>\n<p class=\"p1\"><strong>O nosso n\u00famero<\/strong><\/p>\n<p class=\"p1\">Este Natal pode ser mais uma oportunidade de cultivar o sentido de unidade que tanto agrada a Deus. Vamos fazer do 1 o nosso n\u00famero. Levantemo-nos num sentido de urg\u00eancia e de entreajuda, como se f\u00f4ssemos um s\u00f3. Ser\u00e1 poss\u00edvel? Sim, \u00e9. Aconteceu no tempo de Esdras: &#8220;Ent\u00e3o se levantou Jesu\u00e1, seus filhos, e seus irm\u00e3os, Cadmiel e seus filhos, os filhos de Jud\u00e1, como um s\u00f3 homem, para dirigirem os que faziam a obra na casa de Deus.&#8221; (Esdras 3:9).<\/p>\n<p class=\"p1\">Jesus disse que ser\u00e1 assim que o mundo ir\u00e1 crer! (Jo\u00e3o 17:21).<\/p>\n<p class=\"p1\">Para todos, votos de um Natal unido e aben\u00e7oado!<\/p>\n<p>[movedo_single_image image=&#8221;17799&#8243; animation=&#8221;grve-zoom-in&#8221;]Bertina Coias Tom\u00e9<br \/>\nPsic\u00f3loga, Especialista em Psicologia Cl\u00ednica e da Sa\u00fade e Psicologia Comunit\u00e1ria<\/p>\n","protected":false},"excerpt":{"rendered":"<p>Recordo-me bem da altura em que aprendi a escrever o n\u00famero 1. Foi o meu pai que me ensinou, teria eu uns 4 ou 5 anos. Ele escrevia-o lentamente, fazendo deslizar o l\u00e1pis, enquanto dizia, com carinho: &#8220;\u00c9 assim, filha: para cima e para baixo&#8221;. Depois era a minha vez de escrever e, pela minha<\/p>\n","protected":false},"author":2,"featured_media":19476,"comment_status":"open","ping_status":"open","sticky":false,"template":"","format":"standard","meta":{"_uag_custom_page_level_css":"","_themeisle_gutenberg_block_has_review":false,"_vp_format_video_url":"","_vp_image_focal_point":[],"footnotes":""},"categories":[45,47],"tags":[],"class_list":["post-19475","post","type-post","status-publish","format-standard","has-post-thumbnail","hentry","category-geral","category-mulheres-casais-e-familia"],"yoast_head":"<!-- This site is optimized with the Yoast SEO plugin v27.5 - https:\/\/yoast.com\/product\/yoast-seo-wordpress\/ -->\n<title>O n\u00famero do Natal - AEP<\/title>\n<meta name=\"robots\" content=\"index, follow, max-snippet:-1, max-image-preview:large, max-video-preview:-1\" \/>\n<link rel=\"canonical\" href=\"https:\/\/aliancaevangelica.pt\/site\/o-numero-do-natal\/\" \/>\n<meta property=\"og:locale\" content=\"pt_PT\" \/>\n<meta property=\"og:type\" content=\"article\" \/>\n<meta property=\"og:title\" content=\"O n\u00famero do Natal - AEP\" \/>\n<meta property=\"og:description\" content=\"Recordo-me bem da altura em que aprendi a escrever o n\u00famero 1. Foi o meu pai que me ensinou, teria eu uns 4 ou 5 anos. Ele escrevia-o lentamente, fazendo deslizar o l\u00e1pis, enquanto dizia, com carinho: &#8220;\u00c9 assim, filha: para cima e para baixo&#8221;. Depois era a minha vez de escrever e, pela minha\" \/>\n<meta property=\"og:url\" content=\"https:\/\/aliancaevangelica.pt\/site\/o-numero-do-natal\/\" \/>\n<meta property=\"og:site_name\" content=\"AEP\" \/>\n<meta property=\"article:publisher\" content=\"http:\/\/facebook.com\/aeportuguesa\" \/>\n<meta property=\"article:author\" content=\"aeportugal\" \/>\n<meta property=\"article:published_time\" content=\"2021-12-17T14:33:30+00:00\" \/>\n<meta property=\"article:modified_time\" content=\"2021-12-17T14:33:33+00:00\" \/>\n<meta property=\"og:image\" content=\"https:\/\/aliancaevangelica.pt\/site\/wp-content\/uploads\/2021\/12\/No-1.jpg\" \/>\n\t<meta property=\"og:image:width\" content=\"960\" \/>\n\t<meta property=\"og:image:height\" content=\"702\" \/>\n\t<meta property=\"og:image:type\" content=\"image\/jpeg\" \/>\n<meta name=\"author\" content=\"AEP\" \/>\n<meta name=\"twitter:card\" content=\"summary_large_image\" \/>\n<meta name=\"twitter:label1\" content=\"Escrito por\" \/>\n\t<meta name=\"twitter:data1\" content=\"AEP\" \/>\n\t<meta name=\"twitter:label2\" content=\"Tempo estimado de leitura\" \/>\n\t<meta name=\"twitter:data2\" content=\"3 minutos\" \/>\n<script type=\"application\/ld+json\" class=\"yoast-schema-graph\">{\"@context\":\"https:\\\/\\\/schema.org\",\"@graph\":[{\"@type\":\"Article\",\"@id\":\"https:\\\/\\\/aliancaevangelica.pt\\\/site\\\/o-numero-do-natal\\\/#article\",\"isPartOf\":{\"@id\":\"https:\\\/\\\/aliancaevangelica.pt\\\/site\\\/o-numero-do-natal\\\/\"},\"author\":{\"name\":\"AEP\",\"@id\":\"https:\\\/\\\/aliancaevangelica.pt\\\/site\\\/#\\\/schema\\\/person\\\/3b47cfc7535eff1e820f31c2d67eafcf\"},\"headline\":\"O n\u00famero do Natal\",\"datePublished\":\"2021-12-17T14:33:30+00:00\",\"dateModified\":\"2021-12-17T14:33:33+00:00\",\"mainEntityOfPage\":{\"@id\":\"https:\\\/\\\/aliancaevangelica.pt\\\/site\\\/o-numero-do-natal\\\/\"},\"wordCount\":698,\"commentCount\":0,\"publisher\":{\"@id\":\"https:\\\/\\\/aliancaevangelica.pt\\\/site\\\/#organization\"},\"image\":{\"@id\":\"https:\\\/\\\/aliancaevangelica.pt\\\/site\\\/o-numero-do-natal\\\/#primaryimage\"},\"thumbnailUrl\":\"https:\\\/\\\/aliancaevangelica.pt\\\/site\\\/wp-content\\\/uploads\\\/2021\\\/12\\\/No-1.jpg\",\"articleSection\":[\"1-Geral\",\"Mulheres, Casais e Fam\u00edlia\"],\"inLanguage\":\"pt-PT\",\"potentialAction\":[{\"@type\":\"CommentAction\",\"name\":\"Comment\",\"target\":[\"https:\\\/\\\/aliancaevangelica.pt\\\/site\\\/o-numero-do-natal\\\/#respond\"]}]},{\"@type\":\"WebPage\",\"@id\":\"https:\\\/\\\/aliancaevangelica.pt\\\/site\\\/o-numero-do-natal\\\/\",\"url\":\"https:\\\/\\\/aliancaevangelica.pt\\\/site\\\/o-numero-do-natal\\\/\",\"name\":\"O n\u00famero do Natal - AEP\",\"isPartOf\":{\"@id\":\"https:\\\/\\\/aliancaevangelica.pt\\\/site\\\/#website\"},\"primaryImageOfPage\":{\"@id\":\"https:\\\/\\\/aliancaevangelica.pt\\\/site\\\/o-numero-do-natal\\\/#primaryimage\"},\"image\":{\"@id\":\"https:\\\/\\\/aliancaevangelica.pt\\\/site\\\/o-numero-do-natal\\\/#primaryimage\"},\"thumbnailUrl\":\"https:\\\/\\\/aliancaevangelica.pt\\\/site\\\/wp-content\\\/uploads\\\/2021\\\/12\\\/No-1.jpg\",\"datePublished\":\"2021-12-17T14:33:30+00:00\",\"dateModified\":\"2021-12-17T14:33:33+00:00\",\"breadcrumb\":{\"@id\":\"https:\\\/\\\/aliancaevangelica.pt\\\/site\\\/o-numero-do-natal\\\/#breadcrumb\"},\"inLanguage\":\"pt-PT\",\"potentialAction\":[{\"@type\":\"ReadAction\",\"target\":[\"https:\\\/\\\/aliancaevangelica.pt\\\/site\\\/o-numero-do-natal\\\/\"]}]},{\"@type\":\"ImageObject\",\"inLanguage\":\"pt-PT\",\"@id\":\"https:\\\/\\\/aliancaevangelica.pt\\\/site\\\/o-numero-do-natal\\\/#primaryimage\",\"url\":\"https:\\\/\\\/aliancaevangelica.pt\\\/site\\\/wp-content\\\/uploads\\\/2021\\\/12\\\/No-1.jpg\",\"contentUrl\":\"https:\\\/\\\/aliancaevangelica.pt\\\/site\\\/wp-content\\\/uploads\\\/2021\\\/12\\\/No-1.jpg\",\"width\":960,\"height\":702},{\"@type\":\"BreadcrumbList\",\"@id\":\"https:\\\/\\\/aliancaevangelica.pt\\\/site\\\/o-numero-do-natal\\\/#breadcrumb\",\"itemListElement\":[{\"@type\":\"ListItem\",\"position\":1,\"name\":\"In\u00edcio\",\"item\":\"https:\\\/\\\/aliancaevangelica.pt\\\/site\\\/\"},{\"@type\":\"ListItem\",\"position\":2,\"name\":\"O n\u00famero do Natal\"}]},{\"@type\":\"WebSite\",\"@id\":\"https:\\\/\\\/aliancaevangelica.pt\\\/site\\\/#website\",\"url\":\"https:\\\/\\\/aliancaevangelica.pt\\\/site\\\/\",\"name\":\"Alian\u00e7a Evang\u00e9lica Portuguesa\",\"description\":\"Alian\u00e7a Evang\u00e9lica Portuguesa\",\"publisher\":{\"@id\":\"https:\\\/\\\/aliancaevangelica.pt\\\/site\\\/#organization\"},\"potentialAction\":[{\"@type\":\"SearchAction\",\"target\":{\"@type\":\"EntryPoint\",\"urlTemplate\":\"https:\\\/\\\/aliancaevangelica.pt\\\/site\\\/?s={search_term_string}\"},\"query-input\":{\"@type\":\"PropertyValueSpecification\",\"valueRequired\":true,\"valueName\":\"search_term_string\"}}],\"inLanguage\":\"pt-PT\"},{\"@type\":\"Organization\",\"@id\":\"https:\\\/\\\/aliancaevangelica.pt\\\/site\\\/#organization\",\"name\":\"Alian\u00e7a Evang\u00e9lica Portuguesa\",\"url\":\"https:\\\/\\\/aliancaevangelica.pt\\\/site\\\/\",\"logo\":{\"@type\":\"ImageObject\",\"inLanguage\":\"pt-PT\",\"@id\":\"https:\\\/\\\/aliancaevangelica.pt\\\/site\\\/#\\\/schema\\\/logo\\\/image\\\/\",\"url\":\"https:\\\/\\\/aliancaevangelica.pt\\\/site\\\/wp-content\\\/uploads\\\/2017\\\/11\\\/logo-AEP-cor.png\",\"contentUrl\":\"https:\\\/\\\/aliancaevangelica.pt\\\/site\\\/wp-content\\\/uploads\\\/2017\\\/11\\\/logo-AEP-cor.png\",\"width\":1156,\"height\":672,\"caption\":\"Alian\u00e7a Evang\u00e9lica Portuguesa\"},\"image\":{\"@id\":\"https:\\\/\\\/aliancaevangelica.pt\\\/site\\\/#\\\/schema\\\/logo\\\/image\\\/\"},\"sameAs\":[\"http:\\\/\\\/facebook.com\\\/aeportuguesa\",\"http:\\\/\\\/instagram.com\\\/aliancaep\",\"http:\\\/\\\/youtube.com\\\/aeportuguesa\"]},{\"@type\":\"Person\",\"@id\":\"https:\\\/\\\/aliancaevangelica.pt\\\/site\\\/#\\\/schema\\\/person\\\/3b47cfc7535eff1e820f31c2d67eafcf\",\"name\":\"AEP\",\"sameAs\":[\"aeportugal\"],\"url\":\"https:\\\/\\\/aliancaevangelica.pt\\\/site\\\/author\\\/aeportugal\\\/\"}]}<\/script>\n<!-- \/ Yoast SEO plugin. -->","yoast_head_json":{"title":"O n\u00famero do Natal - AEP","robots":{"index":"index","follow":"follow","max-snippet":"max-snippet:-1","max-image-preview":"max-image-preview:large","max-video-preview":"max-video-preview:-1"},"canonical":"https:\/\/aliancaevangelica.pt\/site\/o-numero-do-natal\/","og_locale":"pt_PT","og_type":"article","og_title":"O n\u00famero do Natal - AEP","og_description":"Recordo-me bem da altura em que aprendi a escrever o n\u00famero 1. Foi o meu pai que me ensinou, teria eu uns 4 ou 5 anos. Ele escrevia-o lentamente, fazendo deslizar o l\u00e1pis, enquanto dizia, com carinho: &#8220;\u00c9 assim, filha: para cima e para baixo&#8221;. Depois era a minha vez de escrever e, pela minha","og_url":"https:\/\/aliancaevangelica.pt\/site\/o-numero-do-natal\/","og_site_name":"AEP","article_publisher":"http:\/\/facebook.com\/aeportuguesa","article_author":"aeportugal","article_published_time":"2021-12-17T14:33:30+00:00","article_modified_time":"2021-12-17T14:33:33+00:00","og_image":[{"width":960,"height":702,"url":"https:\/\/aliancaevangelica.pt\/site\/wp-content\/uploads\/2021\/12\/No-1.jpg","type":"image\/jpeg"}],"author":"AEP","twitter_card":"summary_large_image","twitter_misc":{"Escrito por":"AEP","Tempo estimado de leitura":"3 minutos"},"schema":{"@context":"https:\/\/schema.org","@graph":[{"@type":"Article","@id":"https:\/\/aliancaevangelica.pt\/site\/o-numero-do-natal\/#article","isPartOf":{"@id":"https:\/\/aliancaevangelica.pt\/site\/o-numero-do-natal\/"},"author":{"name":"AEP","@id":"https:\/\/aliancaevangelica.pt\/site\/#\/schema\/person\/3b47cfc7535eff1e820f31c2d67eafcf"},"headline":"O n\u00famero do Natal","datePublished":"2021-12-17T14:33:30+00:00","dateModified":"2021-12-17T14:33:33+00:00","mainEntityOfPage":{"@id":"https:\/\/aliancaevangelica.pt\/site\/o-numero-do-natal\/"},"wordCount":698,"commentCount":0,"publisher":{"@id":"https:\/\/aliancaevangelica.pt\/site\/#organization"},"image":{"@id":"https:\/\/aliancaevangelica.pt\/site\/o-numero-do-natal\/#primaryimage"},"thumbnailUrl":"https:\/\/aliancaevangelica.pt\/site\/wp-content\/uploads\/2021\/12\/No-1.jpg","articleSection":["1-Geral","Mulheres, Casais e Fam\u00edlia"],"inLanguage":"pt-PT","potentialAction":[{"@type":"CommentAction","name":"Comment","target":["https:\/\/aliancaevangelica.pt\/site\/o-numero-do-natal\/#respond"]}]},{"@type":"WebPage","@id":"https:\/\/aliancaevangelica.pt\/site\/o-numero-do-natal\/","url":"https:\/\/aliancaevangelica.pt\/site\/o-numero-do-natal\/","name":"O n\u00famero do Natal - AEP","isPartOf":{"@id":"https:\/\/aliancaevangelica.pt\/site\/#website"},"primaryImageOfPage":{"@id":"https:\/\/aliancaevangelica.pt\/site\/o-numero-do-natal\/#primaryimage"},"image":{"@id":"https:\/\/aliancaevangelica.pt\/site\/o-numero-do-natal\/#primaryimage"},"thumbnailUrl":"https:\/\/aliancaevangelica.pt\/site\/wp-content\/uploads\/2021\/12\/No-1.jpg","datePublished":"2021-12-17T14:33:30+00:00","dateModified":"2021-12-17T14:33:33+00:00","breadcrumb":{"@id":"https:\/\/aliancaevangelica.pt\/site\/o-numero-do-natal\/#breadcrumb"},"inLanguage":"pt-PT","potentialAction":[{"@type":"ReadAction","target":["https:\/\/aliancaevangelica.pt\/site\/o-numero-do-natal\/"]}]},{"@type":"ImageObject","inLanguage":"pt-PT","@id":"https:\/\/aliancaevangelica.pt\/site\/o-numero-do-natal\/#primaryimage","url":"https:\/\/aliancaevangelica.pt\/site\/wp-content\/uploads\/2021\/12\/No-1.jpg","contentUrl":"https:\/\/aliancaevangelica.pt\/site\/wp-content\/uploads\/2021\/12\/No-1.jpg","width":960,"height":702},{"@type":"BreadcrumbList","@id":"https:\/\/aliancaevangelica.pt\/site\/o-numero-do-natal\/#breadcrumb","itemListElement":[{"@type":"ListItem","position":1,"name":"In\u00edcio","item":"https:\/\/aliancaevangelica.pt\/site\/"},{"@type":"ListItem","position":2,"name":"O n\u00famero do Natal"}]},{"@type":"WebSite","@id":"https:\/\/aliancaevangelica.pt\/site\/#website","url":"https:\/\/aliancaevangelica.pt\/site\/","name":"Alian\u00e7a Evang\u00e9lica Portuguesa","description":"Alian\u00e7a Evang\u00e9lica Portuguesa","publisher":{"@id":"https:\/\/aliancaevangelica.pt\/site\/#organization"},"potentialAction":[{"@type":"SearchAction","target":{"@type":"EntryPoint","urlTemplate":"https:\/\/aliancaevangelica.pt\/site\/?s={search_term_string}"},"query-input":{"@type":"PropertyValueSpecification","valueRequired":true,"valueName":"search_term_string"}}],"inLanguage":"pt-PT"},{"@type":"Organization","@id":"https:\/\/aliancaevangelica.pt\/site\/#organization","name":"Alian\u00e7a Evang\u00e9lica Portuguesa","url":"https:\/\/aliancaevangelica.pt\/site\/","logo":{"@type":"ImageObject","inLanguage":"pt-PT","@id":"https:\/\/aliancaevangelica.pt\/site\/#\/schema\/logo\/image\/","url":"https:\/\/aliancaevangelica.pt\/site\/wp-content\/uploads\/2017\/11\/logo-AEP-cor.png","contentUrl":"https:\/\/aliancaevangelica.pt\/site\/wp-content\/uploads\/2017\/11\/logo-AEP-cor.png","width":1156,"height":672,"caption":"Alian\u00e7a Evang\u00e9lica Portuguesa"},"image":{"@id":"https:\/\/aliancaevangelica.pt\/site\/#\/schema\/logo\/image\/"},"sameAs":["http:\/\/facebook.com\/aeportuguesa","http:\/\/instagram.com\/aliancaep","http:\/\/youtube.com\/aeportuguesa"]},{"@type":"Person","@id":"https:\/\/aliancaevangelica.pt\/site\/#\/schema\/person\/3b47cfc7535eff1e820f31c2d67eafcf","name":"AEP","sameAs":["aeportugal"],"url":"https:\/\/aliancaevangelica.pt\/site\/author\/aeportugal\/"}]}},"uagb_featured_image_src":{"full":["https:\/\/aliancaevangelica.pt\/site\/wp-content\/uploads\/2021\/12\/No-1.jpg",960,702,false],"thumbnail":["https:\/\/aliancaevangelica.pt\/site\/wp-content\/uploads\/2021\/12\/No-1-150x150.jpg",150,150,true],"medium":["https:\/\/aliancaevangelica.pt\/site\/wp-content\/uploads\/2021\/12\/No-1-300x219.jpg",300,219,true],"medium_large":["https:\/\/aliancaevangelica.pt\/site\/wp-content\/uploads\/2021\/12\/No-1-768x562.jpg",768,562,true],"large":["https:\/\/aliancaevangelica.pt\/site\/wp-content\/uploads\/2021\/12\/No-1.jpg",960,702,false],"1536x1536":["https:\/\/aliancaevangelica.pt\/site\/wp-content\/uploads\/2021\/12\/No-1.jpg",960,702,false],"2048x2048":["https:\/\/aliancaevangelica.pt\/site\/wp-content\/uploads\/2021\/12\/No-1.jpg",960,702,false],"vp_sm":["https:\/\/aliancaevangelica.pt\/site\/wp-content\/uploads\/2021\/12\/No-1.jpg",500,366,false],"vp_md":["https:\/\/aliancaevangelica.pt\/site\/wp-content\/uploads\/2021\/12\/No-1.jpg",800,585,false],"vp_lg":["https:\/\/aliancaevangelica.pt\/site\/wp-content\/uploads\/2021\/12\/No-1.jpg",960,702,false],"vp_xl":["https:\/\/aliancaevangelica.pt\/site\/wp-content\/uploads\/2021\/12\/No-1.jpg",960,702,false],"vp_sm_popup":["https:\/\/aliancaevangelica.pt\/site\/wp-content\/uploads\/2021\/12\/No-1.jpg",500,366,false],"vp_md_popup":["https:\/\/aliancaevangelica.pt\/site\/wp-content\/uploads\/2021\/12\/No-1.jpg",800,585,false],"vp_xl_popup":["https:\/\/aliancaevangelica.pt\/site\/wp-content\/uploads\/2021\/12\/No-1.jpg",960,702,false],"newsx-150x100":["https:\/\/aliancaevangelica.pt\/site\/wp-content\/uploads\/2021\/12\/No-1.jpg",137,100,false],"newsx-330x220":["https:\/\/aliancaevangelica.pt\/site\/wp-content\/uploads\/2021\/12\/No-1.jpg",301,220,false],"newsx-420x280":["https:\/\/aliancaevangelica.pt\/site\/wp-content\/uploads\/2021\/12\/No-1.jpg",383,280,false],"newsx-510x340":["https:\/\/aliancaevangelica.pt\/site\/wp-content\/uploads\/2021\/12\/No-1.jpg",465,340,false],"newsx-640x480":["https:\/\/aliancaevangelica.pt\/site\/wp-content\/uploads\/2021\/12\/No-1.jpg",640,468,false],"newsx-670x370":["https:\/\/aliancaevangelica.pt\/site\/wp-content\/uploads\/2021\/12\/No-1.jpg",506,370,false],"newsx-860x570":["https:\/\/aliancaevangelica.pt\/site\/wp-content\/uploads\/2021\/12\/No-1.jpg",779,570,false],"newsx-1000x750":["https:\/\/aliancaevangelica.pt\/site\/wp-content\/uploads\/2021\/12\/No-1.jpg",960,702,false],"newsx-1200x600":["https:\/\/aliancaevangelica.pt\/site\/wp-content\/uploads\/2021\/12\/No-1.jpg",821,600,false]},"uagb_author_info":{"display_name":"AEP","author_link":"https:\/\/aliancaevangelica.pt\/site\/author\/aeportugal\/"},"uagb_comment_info":0,"uagb_excerpt":"Recordo-me bem da altura em que aprendi a escrever o n\u00famero 1. Foi o meu pai que me ensinou, teria eu uns 4 ou 5 anos. Ele escrevia-o lentamente, fazendo deslizar o l\u00e1pis, enquanto dizia, com carinho: &#8220;\u00c9 assim, filha: para cima e para baixo&#8221;. Depois era a minha vez de escrever e, pela minha","_links":{"self":[{"href":"https:\/\/aliancaevangelica.pt\/site\/wp-json\/wp\/v2\/posts\/19475","targetHints":{"allow":["GET"]}}],"collection":[{"href":"https:\/\/aliancaevangelica.pt\/site\/wp-json\/wp\/v2\/posts"}],"about":[{"href":"https:\/\/aliancaevangelica.pt\/site\/wp-json\/wp\/v2\/types\/post"}],"author":[{"embeddable":true,"href":"https:\/\/aliancaevangelica.pt\/site\/wp-json\/wp\/v2\/users\/2"}],"replies":[{"embeddable":true,"href":"https:\/\/aliancaevangelica.pt\/site\/wp-json\/wp\/v2\/comments?post=19475"}],"version-history":[{"count":1,"href":"https:\/\/aliancaevangelica.pt\/site\/wp-json\/wp\/v2\/posts\/19475\/revisions"}],"predecessor-version":[{"id":19477,"href":"https:\/\/aliancaevangelica.pt\/site\/wp-json\/wp\/v2\/posts\/19475\/revisions\/19477"}],"wp:featuredmedia":[{"embeddable":true,"href":"https:\/\/aliancaevangelica.pt\/site\/wp-json\/wp\/v2\/media\/19476"}],"wp:attachment":[{"href":"https:\/\/aliancaevangelica.pt\/site\/wp-json\/wp\/v2\/media?parent=19475"}],"wp:term":[{"taxonomy":"category","embeddable":true,"href":"https:\/\/aliancaevangelica.pt\/site\/wp-json\/wp\/v2\/categories?post=19475"},{"taxonomy":"post_tag","embeddable":true,"href":"https:\/\/aliancaevangelica.pt\/site\/wp-json\/wp\/v2\/tags?post=19475"}],"curies":[{"name":"wp","href":"https:\/\/api.w.org\/{rel}","templated":true}]}}