{"id":19464,"date":"2021-12-03T10:25:55","date_gmt":"2021-12-03T10:25:55","guid":{"rendered":"https:\/\/aliancaevangelica.pt\/site\/?p=19464"},"modified":"2021-12-03T10:25:56","modified_gmt":"2021-12-03T10:25:56","slug":"ter-mais-uma-filha-que-tal","status":"publish","type":"post","link":"https:\/\/aliancaevangelica.pt\/site\/ter-mais-uma-filha-que-tal\/","title":{"rendered":"Ter mais uma filha&#8230; Que tal?"},"content":{"rendered":"<p class=\"p1\">Estaciono o carro junto \u00e0quele edif\u00edcio de cor branca. Dentro de mim antecipo j\u00e1 o bem-estar que ali me ser\u00e1 proporcionado.<\/p>\n<p class=\"p1\">Marquei o tratamento para as 10 horas e ali estou, a tempo. Entro, e deixo-me envolver pelo ar fresco do ar condicionado, que alivia o calor forte desta zona do Texas.<\/p>\n<p class=\"p1\">Ela vem ao meu encontro, com o seu sorriso habitual. O cabelo liso e negro emoldura-lhe o rosto de tra\u00e7os orientais.<\/p>\n<p class=\"p1\">Conhecemo-nos h\u00e1 meses atr\u00e1s e temos conversado muitas vezes, enquanto ela me trata os p\u00e9s cuidadosa e carinhosamente. \u00c9 natural do Vietname. Longe do seu povo, da sua cultura, trabalha aqui nos Estados Unidos h\u00e1 alguns anos. Cada p\u00e9 merece, das suas m\u00e3os h\u00e1beis, todo o cuidado, num dia-a-dia muito preenchido.<\/p>\n<p class=\"p1\">E hoje, assim suceder\u00e1. Sento-me confortavelmente numa cadeira de assento macio. Os meus p\u00e9s s\u00e3o mergulhados numa bacia de \u00e1gua morna. Os cantos das unhas s\u00e3o cortados meticulosamente, sem que aconte\u00e7a o descuido de algum golpe.<\/p>\n<p class=\"p1\">Entretanto, vamos conversando, como j\u00e1 \u00e9 costume. Acompanho as viv\u00eancias que decide partilhar comigo e eu dou-lhe a conhecer aspectos da minha vida. E ali tem crescido uma amizade.<\/p>\n<p class=\"p1\">As asperezas e calosidades s\u00e3o removidas dos p\u00e9s, uma a uma. Sei que no dia seguinte, quarta-feira, ser\u00e1 a sua folga, como sempre. Recomendo-lhe que tire tempo para descansar. Precisa de equilibrar as tarefas com o devido repouso, para n\u00e3o entrar em exaust\u00e3o. Afinal, uma vela n\u00e3o deve queimar-se dos dois lados.<\/p>\n<p class=\"p1\">No fim, os p\u00e9s s\u00e3o massajados com uma lo\u00e7\u00e3o de aroma agrad\u00e1vel. Ficaram &#8220;como novos&#8221;. Ir\u00e3o voltar aos sapatos num conforto muito maior. Caminharei de volta para o carro como se andasse sobre nuvens!<\/p>\n<p class=\"p1\">Olha-me, com o sorriso af\u00e1vel de sempre, e surpreende-me com um pedido: &#8220;Sabe, a minha m\u00e3e vive t\u00e3o longe, no Vietname&#8230; A Carmina pode ser a minha m\u00e3e aqui?&#8221;<\/p>\n<p class=\"p1\">Olha-a, com emo\u00e7\u00e3o. Percebo que, no meio de tantas conversas entre n\u00f3s, viu em mim a solicitude ou o carinho de uma m\u00e3e. &#8220;Sim, claro que posso!&#8221;<\/p>\n<p class=\"p1\">Acredito que Deus pode ampliar o nosso colo para que receba mais filhos do que aqueles que demos \u00e0 luz. Eu tive cinco filhos mas Ele tem-me dado outros para amar e cuidar porque, afinal, existem diferentes formas de ser pai e de ser m\u00e3e.<\/p>\n<p class=\"p1\">E v\u00eam-me \u00e0 mente um momento da vida de Jesus aqui na terra, quando estava crucificado: &#8220;Ora Jesus, vendo ali sua m\u00e3e, e que o disc\u00edpulo a quem ele amava estava presente, disse a sua m\u00e3e: Mulher, eis a\u00ed o teu filho. Depois disse ao disc\u00edpulo: Eis a\u00ed tua m\u00e3e. E desde aquela hora o disc\u00edpulo a recebeu em sua casa.&#8221; (Jo\u00e3o 19:26, 27)<\/p>\n<p class=\"p1\">Em apenas duas frases, Jesus criou uma filia\u00e7\u00e3o nova: Maria, sua m\u00e3e, passou a ser tamb\u00e9m m\u00e3e daquele disc\u00edpulo, que a recebeu em casa nesse mesmo dia, como um filho.<\/p>\n<p class=\"p1\">Hoje, Deus chama-nos a partilhar o Seu amor com o nosso pr\u00f3ximo em cada oportunidade e, nessa disponibilidade para apoiar e proteger, poderemos ser para algu\u00e9m como um pai ou uma m\u00e3e. Vamos ficar atentos e dispon\u00edveis!<\/p>\n<p class=\"p1\">Assim ganhei uma filha vietnamita e sinto-me privilegiada por isso. Deus cruzou os nossos caminhos e, por isso, quero continuar a ser para ela express\u00e3o do Seu amor, em cada vez que trato dos meus p\u00e9s.<\/p>\n<p class=\"p1\">(Este artigo, da autoria da minha m\u00e3e, foi publicado na revista Mulher Criativa h\u00e1 anos atr\u00e1s. Hoje disponibilizo-o aqui, pois sei que ela gostaria que fosse, de novo, inspira\u00e7\u00e3o para quem leia. Carmina foi uma mulher sempre pronta a servir a Deus, servindo os outros, uma m\u00e3e para muitos, e esta \u00e9 uma homenagem mais do que merecida, na fase terminal da sua vida em que agora se encontra). Bertina Coias Tom\u00e9<\/p>\n<p>[movedo_single_image image=&#8221;17117&#8243; animation=&#8221;grve-zoom-in&#8221;]<strong>Carmina Coias<\/strong><br \/>\nMission\u00e1ria Aposentada<\/p>\n","protected":false},"excerpt":{"rendered":"<p>Estaciono o carro junto \u00e0quele edif\u00edcio de cor branca. Dentro de mim antecipo j\u00e1 o bem-estar que ali me ser\u00e1 proporcionado. Marquei o tratamento para as 10 horas e ali estou, a tempo. Entro, e deixo-me envolver pelo ar fresco do ar condicionado, que alivia o calor forte desta zona do Texas. Ela vem ao<\/p>\n","protected":false},"author":2,"featured_media":19465,"comment_status":"open","ping_status":"open","sticky":false,"template":"","format":"standard","meta":{"_uag_custom_page_level_css":"","_themeisle_gutenberg_block_has_review":false,"_vp_format_video_url":"","_vp_image_focal_point":[],"footnotes":""},"categories":[45,47],"tags":[],"class_list":["post-19464","post","type-post","status-publish","format-standard","has-post-thumbnail","hentry","category-geral","category-mulheres-casais-e-familia"],"yoast_head":"<!-- This site is optimized with the Yoast SEO plugin v27.5 - https:\/\/yoast.com\/product\/yoast-seo-wordpress\/ -->\n<title>Ter mais uma filha... Que tal? - AEP<\/title>\n<meta name=\"robots\" content=\"index, follow, max-snippet:-1, max-image-preview:large, max-video-preview:-1\" \/>\n<link rel=\"canonical\" href=\"https:\/\/aliancaevangelica.pt\/site\/ter-mais-uma-filha-que-tal\/\" \/>\n<meta property=\"og:locale\" content=\"pt_PT\" \/>\n<meta property=\"og:type\" content=\"article\" \/>\n<meta property=\"og:title\" content=\"Ter mais uma filha... Que tal? - AEP\" \/>\n<meta property=\"og:description\" content=\"Estaciono o carro junto \u00e0quele edif\u00edcio de cor branca. Dentro de mim antecipo j\u00e1 o bem-estar que ali me ser\u00e1 proporcionado. Marquei o tratamento para as 10 horas e ali estou, a tempo. Entro, e deixo-me envolver pelo ar fresco do ar condicionado, que alivia o calor forte desta zona do Texas. Ela vem ao\" \/>\n<meta property=\"og:url\" content=\"https:\/\/aliancaevangelica.pt\/site\/ter-mais-uma-filha-que-tal\/\" \/>\n<meta property=\"og:site_name\" content=\"AEP\" \/>\n<meta property=\"article:publisher\" content=\"http:\/\/facebook.com\/aeportuguesa\" \/>\n<meta property=\"article:author\" content=\"aeportugal\" \/>\n<meta property=\"article:published_time\" content=\"2021-12-03T10:25:55+00:00\" \/>\n<meta property=\"article:modified_time\" content=\"2021-12-03T10:25:56+00:00\" \/>\n<meta property=\"og:image\" content=\"https:\/\/aliancaevangelica.pt\/site\/wp-content\/uploads\/2021\/12\/Pe\u0301s.jpg\" \/>\n\t<meta property=\"og:image:width\" content=\"960\" \/>\n\t<meta property=\"og:image:height\" content=\"640\" \/>\n\t<meta property=\"og:image:type\" content=\"image\/jpeg\" \/>\n<meta name=\"author\" content=\"AEP\" \/>\n<meta name=\"twitter:card\" content=\"summary_large_image\" \/>\n<meta name=\"twitter:label1\" content=\"Escrito por\" \/>\n\t<meta name=\"twitter:data1\" content=\"AEP\" \/>\n\t<meta name=\"twitter:label2\" content=\"Tempo estimado de leitura\" \/>\n\t<meta name=\"twitter:data2\" content=\"3 minutos\" \/>\n<script type=\"application\/ld+json\" class=\"yoast-schema-graph\">{\"@context\":\"https:\\\/\\\/schema.org\",\"@graph\":[{\"@type\":\"Article\",\"@id\":\"https:\\\/\\\/aliancaevangelica.pt\\\/site\\\/ter-mais-uma-filha-que-tal\\\/#article\",\"isPartOf\":{\"@id\":\"https:\\\/\\\/aliancaevangelica.pt\\\/site\\\/ter-mais-uma-filha-que-tal\\\/\"},\"author\":{\"name\":\"AEP\",\"@id\":\"https:\\\/\\\/aliancaevangelica.pt\\\/site\\\/#\\\/schema\\\/person\\\/3b47cfc7535eff1e820f31c2d67eafcf\"},\"headline\":\"Ter mais uma filha&#8230; Que tal?\",\"datePublished\":\"2021-12-03T10:25:55+00:00\",\"dateModified\":\"2021-12-03T10:25:56+00:00\",\"mainEntityOfPage\":{\"@id\":\"https:\\\/\\\/aliancaevangelica.pt\\\/site\\\/ter-mais-uma-filha-que-tal\\\/\"},\"wordCount\":676,\"commentCount\":0,\"publisher\":{\"@id\":\"https:\\\/\\\/aliancaevangelica.pt\\\/site\\\/#organization\"},\"image\":{\"@id\":\"https:\\\/\\\/aliancaevangelica.pt\\\/site\\\/ter-mais-uma-filha-que-tal\\\/#primaryimage\"},\"thumbnailUrl\":\"https:\\\/\\\/aliancaevangelica.pt\\\/site\\\/wp-content\\\/uploads\\\/2021\\\/12\\\/Pe\u0301s.jpg\",\"articleSection\":[\"1-Geral\",\"Mulheres, Casais e Fam\u00edlia\"],\"inLanguage\":\"pt-PT\",\"potentialAction\":[{\"@type\":\"CommentAction\",\"name\":\"Comment\",\"target\":[\"https:\\\/\\\/aliancaevangelica.pt\\\/site\\\/ter-mais-uma-filha-que-tal\\\/#respond\"]}]},{\"@type\":\"WebPage\",\"@id\":\"https:\\\/\\\/aliancaevangelica.pt\\\/site\\\/ter-mais-uma-filha-que-tal\\\/\",\"url\":\"https:\\\/\\\/aliancaevangelica.pt\\\/site\\\/ter-mais-uma-filha-que-tal\\\/\",\"name\":\"Ter mais uma filha... Que tal? - AEP\",\"isPartOf\":{\"@id\":\"https:\\\/\\\/aliancaevangelica.pt\\\/site\\\/#website\"},\"primaryImageOfPage\":{\"@id\":\"https:\\\/\\\/aliancaevangelica.pt\\\/site\\\/ter-mais-uma-filha-que-tal\\\/#primaryimage\"},\"image\":{\"@id\":\"https:\\\/\\\/aliancaevangelica.pt\\\/site\\\/ter-mais-uma-filha-que-tal\\\/#primaryimage\"},\"thumbnailUrl\":\"https:\\\/\\\/aliancaevangelica.pt\\\/site\\\/wp-content\\\/uploads\\\/2021\\\/12\\\/Pe\u0301s.jpg\",\"datePublished\":\"2021-12-03T10:25:55+00:00\",\"dateModified\":\"2021-12-03T10:25:56+00:00\",\"breadcrumb\":{\"@id\":\"https:\\\/\\\/aliancaevangelica.pt\\\/site\\\/ter-mais-uma-filha-que-tal\\\/#breadcrumb\"},\"inLanguage\":\"pt-PT\",\"potentialAction\":[{\"@type\":\"ReadAction\",\"target\":[\"https:\\\/\\\/aliancaevangelica.pt\\\/site\\\/ter-mais-uma-filha-que-tal\\\/\"]}]},{\"@type\":\"ImageObject\",\"inLanguage\":\"pt-PT\",\"@id\":\"https:\\\/\\\/aliancaevangelica.pt\\\/site\\\/ter-mais-uma-filha-que-tal\\\/#primaryimage\",\"url\":\"https:\\\/\\\/aliancaevangelica.pt\\\/site\\\/wp-content\\\/uploads\\\/2021\\\/12\\\/Pe\u0301s.jpg\",\"contentUrl\":\"https:\\\/\\\/aliancaevangelica.pt\\\/site\\\/wp-content\\\/uploads\\\/2021\\\/12\\\/Pe\u0301s.jpg\",\"width\":960,\"height\":640},{\"@type\":\"BreadcrumbList\",\"@id\":\"https:\\\/\\\/aliancaevangelica.pt\\\/site\\\/ter-mais-uma-filha-que-tal\\\/#breadcrumb\",\"itemListElement\":[{\"@type\":\"ListItem\",\"position\":1,\"name\":\"In\u00edcio\",\"item\":\"https:\\\/\\\/aliancaevangelica.pt\\\/site\\\/\"},{\"@type\":\"ListItem\",\"position\":2,\"name\":\"Ter mais uma filha&#8230; Que tal?\"}]},{\"@type\":\"WebSite\",\"@id\":\"https:\\\/\\\/aliancaevangelica.pt\\\/site\\\/#website\",\"url\":\"https:\\\/\\\/aliancaevangelica.pt\\\/site\\\/\",\"name\":\"Alian\u00e7a Evang\u00e9lica Portuguesa\",\"description\":\"Alian\u00e7a Evang\u00e9lica Portuguesa\",\"publisher\":{\"@id\":\"https:\\\/\\\/aliancaevangelica.pt\\\/site\\\/#organization\"},\"potentialAction\":[{\"@type\":\"SearchAction\",\"target\":{\"@type\":\"EntryPoint\",\"urlTemplate\":\"https:\\\/\\\/aliancaevangelica.pt\\\/site\\\/?s={search_term_string}\"},\"query-input\":{\"@type\":\"PropertyValueSpecification\",\"valueRequired\":true,\"valueName\":\"search_term_string\"}}],\"inLanguage\":\"pt-PT\"},{\"@type\":\"Organization\",\"@id\":\"https:\\\/\\\/aliancaevangelica.pt\\\/site\\\/#organization\",\"name\":\"Alian\u00e7a Evang\u00e9lica Portuguesa\",\"url\":\"https:\\\/\\\/aliancaevangelica.pt\\\/site\\\/\",\"logo\":{\"@type\":\"ImageObject\",\"inLanguage\":\"pt-PT\",\"@id\":\"https:\\\/\\\/aliancaevangelica.pt\\\/site\\\/#\\\/schema\\\/logo\\\/image\\\/\",\"url\":\"https:\\\/\\\/aliancaevangelica.pt\\\/site\\\/wp-content\\\/uploads\\\/2017\\\/11\\\/logo-AEP-cor.png\",\"contentUrl\":\"https:\\\/\\\/aliancaevangelica.pt\\\/site\\\/wp-content\\\/uploads\\\/2017\\\/11\\\/logo-AEP-cor.png\",\"width\":1156,\"height\":672,\"caption\":\"Alian\u00e7a Evang\u00e9lica Portuguesa\"},\"image\":{\"@id\":\"https:\\\/\\\/aliancaevangelica.pt\\\/site\\\/#\\\/schema\\\/logo\\\/image\\\/\"},\"sameAs\":[\"http:\\\/\\\/facebook.com\\\/aeportuguesa\",\"http:\\\/\\\/instagram.com\\\/aliancaep\",\"http:\\\/\\\/youtube.com\\\/aeportuguesa\"]},{\"@type\":\"Person\",\"@id\":\"https:\\\/\\\/aliancaevangelica.pt\\\/site\\\/#\\\/schema\\\/person\\\/3b47cfc7535eff1e820f31c2d67eafcf\",\"name\":\"AEP\",\"sameAs\":[\"aeportugal\"],\"url\":\"https:\\\/\\\/aliancaevangelica.pt\\\/site\\\/author\\\/aeportugal\\\/\"}]}<\/script>\n<!-- \/ Yoast SEO plugin. -->","yoast_head_json":{"title":"Ter mais uma filha... Que tal? - AEP","robots":{"index":"index","follow":"follow","max-snippet":"max-snippet:-1","max-image-preview":"max-image-preview:large","max-video-preview":"max-video-preview:-1"},"canonical":"https:\/\/aliancaevangelica.pt\/site\/ter-mais-uma-filha-que-tal\/","og_locale":"pt_PT","og_type":"article","og_title":"Ter mais uma filha... Que tal? - AEP","og_description":"Estaciono o carro junto \u00e0quele edif\u00edcio de cor branca. Dentro de mim antecipo j\u00e1 o bem-estar que ali me ser\u00e1 proporcionado. Marquei o tratamento para as 10 horas e ali estou, a tempo. Entro, e deixo-me envolver pelo ar fresco do ar condicionado, que alivia o calor forte desta zona do Texas. Ela vem ao","og_url":"https:\/\/aliancaevangelica.pt\/site\/ter-mais-uma-filha-que-tal\/","og_site_name":"AEP","article_publisher":"http:\/\/facebook.com\/aeportuguesa","article_author":"aeportugal","article_published_time":"2021-12-03T10:25:55+00:00","article_modified_time":"2021-12-03T10:25:56+00:00","og_image":[{"width":960,"height":640,"url":"https:\/\/aliancaevangelica.pt\/site\/wp-content\/uploads\/2021\/12\/Pe\u0301s.jpg","type":"image\/jpeg"}],"author":"AEP","twitter_card":"summary_large_image","twitter_misc":{"Escrito por":"AEP","Tempo estimado de leitura":"3 minutos"},"schema":{"@context":"https:\/\/schema.org","@graph":[{"@type":"Article","@id":"https:\/\/aliancaevangelica.pt\/site\/ter-mais-uma-filha-que-tal\/#article","isPartOf":{"@id":"https:\/\/aliancaevangelica.pt\/site\/ter-mais-uma-filha-que-tal\/"},"author":{"name":"AEP","@id":"https:\/\/aliancaevangelica.pt\/site\/#\/schema\/person\/3b47cfc7535eff1e820f31c2d67eafcf"},"headline":"Ter mais uma filha&#8230; Que tal?","datePublished":"2021-12-03T10:25:55+00:00","dateModified":"2021-12-03T10:25:56+00:00","mainEntityOfPage":{"@id":"https:\/\/aliancaevangelica.pt\/site\/ter-mais-uma-filha-que-tal\/"},"wordCount":676,"commentCount":0,"publisher":{"@id":"https:\/\/aliancaevangelica.pt\/site\/#organization"},"image":{"@id":"https:\/\/aliancaevangelica.pt\/site\/ter-mais-uma-filha-que-tal\/#primaryimage"},"thumbnailUrl":"https:\/\/aliancaevangelica.pt\/site\/wp-content\/uploads\/2021\/12\/Pe\u0301s.jpg","articleSection":["1-Geral","Mulheres, Casais e Fam\u00edlia"],"inLanguage":"pt-PT","potentialAction":[{"@type":"CommentAction","name":"Comment","target":["https:\/\/aliancaevangelica.pt\/site\/ter-mais-uma-filha-que-tal\/#respond"]}]},{"@type":"WebPage","@id":"https:\/\/aliancaevangelica.pt\/site\/ter-mais-uma-filha-que-tal\/","url":"https:\/\/aliancaevangelica.pt\/site\/ter-mais-uma-filha-que-tal\/","name":"Ter mais uma filha... Que tal? - AEP","isPartOf":{"@id":"https:\/\/aliancaevangelica.pt\/site\/#website"},"primaryImageOfPage":{"@id":"https:\/\/aliancaevangelica.pt\/site\/ter-mais-uma-filha-que-tal\/#primaryimage"},"image":{"@id":"https:\/\/aliancaevangelica.pt\/site\/ter-mais-uma-filha-que-tal\/#primaryimage"},"thumbnailUrl":"https:\/\/aliancaevangelica.pt\/site\/wp-content\/uploads\/2021\/12\/Pe\u0301s.jpg","datePublished":"2021-12-03T10:25:55+00:00","dateModified":"2021-12-03T10:25:56+00:00","breadcrumb":{"@id":"https:\/\/aliancaevangelica.pt\/site\/ter-mais-uma-filha-que-tal\/#breadcrumb"},"inLanguage":"pt-PT","potentialAction":[{"@type":"ReadAction","target":["https:\/\/aliancaevangelica.pt\/site\/ter-mais-uma-filha-que-tal\/"]}]},{"@type":"ImageObject","inLanguage":"pt-PT","@id":"https:\/\/aliancaevangelica.pt\/site\/ter-mais-uma-filha-que-tal\/#primaryimage","url":"https:\/\/aliancaevangelica.pt\/site\/wp-content\/uploads\/2021\/12\/Pe\u0301s.jpg","contentUrl":"https:\/\/aliancaevangelica.pt\/site\/wp-content\/uploads\/2021\/12\/Pe\u0301s.jpg","width":960,"height":640},{"@type":"BreadcrumbList","@id":"https:\/\/aliancaevangelica.pt\/site\/ter-mais-uma-filha-que-tal\/#breadcrumb","itemListElement":[{"@type":"ListItem","position":1,"name":"In\u00edcio","item":"https:\/\/aliancaevangelica.pt\/site\/"},{"@type":"ListItem","position":2,"name":"Ter mais uma filha&#8230; Que tal?"}]},{"@type":"WebSite","@id":"https:\/\/aliancaevangelica.pt\/site\/#website","url":"https:\/\/aliancaevangelica.pt\/site\/","name":"Alian\u00e7a Evang\u00e9lica Portuguesa","description":"Alian\u00e7a Evang\u00e9lica Portuguesa","publisher":{"@id":"https:\/\/aliancaevangelica.pt\/site\/#organization"},"potentialAction":[{"@type":"SearchAction","target":{"@type":"EntryPoint","urlTemplate":"https:\/\/aliancaevangelica.pt\/site\/?s={search_term_string}"},"query-input":{"@type":"PropertyValueSpecification","valueRequired":true,"valueName":"search_term_string"}}],"inLanguage":"pt-PT"},{"@type":"Organization","@id":"https:\/\/aliancaevangelica.pt\/site\/#organization","name":"Alian\u00e7a Evang\u00e9lica Portuguesa","url":"https:\/\/aliancaevangelica.pt\/site\/","logo":{"@type":"ImageObject","inLanguage":"pt-PT","@id":"https:\/\/aliancaevangelica.pt\/site\/#\/schema\/logo\/image\/","url":"https:\/\/aliancaevangelica.pt\/site\/wp-content\/uploads\/2017\/11\/logo-AEP-cor.png","contentUrl":"https:\/\/aliancaevangelica.pt\/site\/wp-content\/uploads\/2017\/11\/logo-AEP-cor.png","width":1156,"height":672,"caption":"Alian\u00e7a Evang\u00e9lica Portuguesa"},"image":{"@id":"https:\/\/aliancaevangelica.pt\/site\/#\/schema\/logo\/image\/"},"sameAs":["http:\/\/facebook.com\/aeportuguesa","http:\/\/instagram.com\/aliancaep","http:\/\/youtube.com\/aeportuguesa"]},{"@type":"Person","@id":"https:\/\/aliancaevangelica.pt\/site\/#\/schema\/person\/3b47cfc7535eff1e820f31c2d67eafcf","name":"AEP","sameAs":["aeportugal"],"url":"https:\/\/aliancaevangelica.pt\/site\/author\/aeportugal\/"}]}},"uagb_featured_image_src":{"full":["https:\/\/aliancaevangelica.pt\/site\/wp-content\/uploads\/2021\/12\/Pe\u0301s.jpg",960,640,false],"thumbnail":["https:\/\/aliancaevangelica.pt\/site\/wp-content\/uploads\/2021\/12\/Pe\u0301s-150x150.jpg",150,150,true],"medium":["https:\/\/aliancaevangelica.pt\/site\/wp-content\/uploads\/2021\/12\/Pe\u0301s-300x200.jpg",300,200,true],"medium_large":["https:\/\/aliancaevangelica.pt\/site\/wp-content\/uploads\/2021\/12\/Pe\u0301s-768x512.jpg",768,512,true],"large":["https:\/\/aliancaevangelica.pt\/site\/wp-content\/uploads\/2021\/12\/Pe\u0301s.jpg",960,640,false],"1536x1536":["https:\/\/aliancaevangelica.pt\/site\/wp-content\/uploads\/2021\/12\/Pe\u0301s.jpg",960,640,false],"2048x2048":["https:\/\/aliancaevangelica.pt\/site\/wp-content\/uploads\/2021\/12\/Pe\u0301s.jpg",960,640,false],"vp_sm":["https:\/\/aliancaevangelica.pt\/site\/wp-content\/uploads\/2021\/12\/Pe\u0301s.jpg",500,333,false],"vp_md":["https:\/\/aliancaevangelica.pt\/site\/wp-content\/uploads\/2021\/12\/Pe\u0301s.jpg",800,533,false],"vp_lg":["https:\/\/aliancaevangelica.pt\/site\/wp-content\/uploads\/2021\/12\/Pe\u0301s.jpg",960,640,false],"vp_xl":["https:\/\/aliancaevangelica.pt\/site\/wp-content\/uploads\/2021\/12\/Pe\u0301s.jpg",960,640,false],"vp_sm_popup":["https:\/\/aliancaevangelica.pt\/site\/wp-content\/uploads\/2021\/12\/Pe\u0301s.jpg",500,333,false],"vp_md_popup":["https:\/\/aliancaevangelica.pt\/site\/wp-content\/uploads\/2021\/12\/Pe\u0301s.jpg",800,533,false],"vp_xl_popup":["https:\/\/aliancaevangelica.pt\/site\/wp-content\/uploads\/2021\/12\/Pe\u0301s.jpg",960,640,false],"newsx-150x100":["https:\/\/aliancaevangelica.pt\/site\/wp-content\/uploads\/2021\/12\/Pe\u0301s.jpg",150,100,false],"newsx-330x220":["https:\/\/aliancaevangelica.pt\/site\/wp-content\/uploads\/2021\/12\/Pe\u0301s.jpg",330,220,false],"newsx-420x280":["https:\/\/aliancaevangelica.pt\/site\/wp-content\/uploads\/2021\/12\/Pe\u0301s.jpg",420,280,false],"newsx-510x340":["https:\/\/aliancaevangelica.pt\/site\/wp-content\/uploads\/2021\/12\/Pe\u0301s.jpg",510,340,false],"newsx-640x480":["https:\/\/aliancaevangelica.pt\/site\/wp-content\/uploads\/2021\/12\/Pe\u0301s.jpg",640,427,false],"newsx-670x370":["https:\/\/aliancaevangelica.pt\/site\/wp-content\/uploads\/2021\/12\/Pe\u0301s.jpg",555,370,false],"newsx-860x570":["https:\/\/aliancaevangelica.pt\/site\/wp-content\/uploads\/2021\/12\/Pe\u0301s.jpg",855,570,false],"newsx-1000x750":["https:\/\/aliancaevangelica.pt\/site\/wp-content\/uploads\/2021\/12\/Pe\u0301s.jpg",960,640,false],"newsx-1200x600":["https:\/\/aliancaevangelica.pt\/site\/wp-content\/uploads\/2021\/12\/Pe\u0301s.jpg",900,600,false]},"uagb_author_info":{"display_name":"AEP","author_link":"https:\/\/aliancaevangelica.pt\/site\/author\/aeportugal\/"},"uagb_comment_info":0,"uagb_excerpt":"Estaciono o carro junto \u00e0quele edif\u00edcio de cor branca. Dentro de mim antecipo j\u00e1 o bem-estar que ali me ser\u00e1 proporcionado. Marquei o tratamento para as 10 horas e ali estou, a tempo. Entro, e deixo-me envolver pelo ar fresco do ar condicionado, que alivia o calor forte desta zona do Texas. Ela vem ao","_links":{"self":[{"href":"https:\/\/aliancaevangelica.pt\/site\/wp-json\/wp\/v2\/posts\/19464","targetHints":{"allow":["GET"]}}],"collection":[{"href":"https:\/\/aliancaevangelica.pt\/site\/wp-json\/wp\/v2\/posts"}],"about":[{"href":"https:\/\/aliancaevangelica.pt\/site\/wp-json\/wp\/v2\/types\/post"}],"author":[{"embeddable":true,"href":"https:\/\/aliancaevangelica.pt\/site\/wp-json\/wp\/v2\/users\/2"}],"replies":[{"embeddable":true,"href":"https:\/\/aliancaevangelica.pt\/site\/wp-json\/wp\/v2\/comments?post=19464"}],"version-history":[{"count":1,"href":"https:\/\/aliancaevangelica.pt\/site\/wp-json\/wp\/v2\/posts\/19464\/revisions"}],"predecessor-version":[{"id":19466,"href":"https:\/\/aliancaevangelica.pt\/site\/wp-json\/wp\/v2\/posts\/19464\/revisions\/19466"}],"wp:featuredmedia":[{"embeddable":true,"href":"https:\/\/aliancaevangelica.pt\/site\/wp-json\/wp\/v2\/media\/19465"}],"wp:attachment":[{"href":"https:\/\/aliancaevangelica.pt\/site\/wp-json\/wp\/v2\/media?parent=19464"}],"wp:term":[{"taxonomy":"category","embeddable":true,"href":"https:\/\/aliancaevangelica.pt\/site\/wp-json\/wp\/v2\/categories?post=19464"},{"taxonomy":"post_tag","embeddable":true,"href":"https:\/\/aliancaevangelica.pt\/site\/wp-json\/wp\/v2\/tags?post=19464"}],"curies":[{"name":"wp","href":"https:\/\/api.w.org\/{rel}","templated":true}]}}