{"id":19221,"date":"2021-10-18T15:50:38","date_gmt":"2021-10-18T15:50:38","guid":{"rendered":"https:\/\/aliancaevangelica.pt\/site\/?p=19221"},"modified":"2021-10-18T15:50:41","modified_gmt":"2021-10-18T15:50:41","slug":"memoria-esperanca","status":"publish","type":"post","link":"https:\/\/aliancaevangelica.pt\/site\/memoria-esperanca\/","title":{"rendered":"Mem\u00f3ria &#038; Esperan\u00e7a"},"content":{"rendered":"\n<p>Uma jornada solid\u00e1ria e nacional&nbsp;<\/p>\n\n\n\n<p>Naquele dia, a batalha fora dura, na montanha. Muitos faleceram, entre eles Sa\u00fal e J\u00f3natas. Ao sab\u00ea-lo, impregnado de dor, David escreve um poema de lamento e luto, em que expressa a sua tristeza e celebra tamb\u00e9m a vida dos que partiram. A dada altura, diz: \u201cComo ca\u00edram os poderosos, no meio da peleja!\u201d (II Samuel 1:25)<\/p>\n\n\n\n<p><strong>Pandemia e luto<\/strong><\/p>\n\n\n\n<p>Estas palavras v\u00eam-me \u00e0 mente, a prop\u00f3sito de 1 ano e meio de verdadeira peleja, que temos travado no nosso pa\u00eds, como tem sucedido em todo o mundo, contra um v\u00edrus min\u00fasculo, silencioso e mort\u00edfero. E muitos j\u00e1 \u201cca\u00edram no meio da peleja.\u201d S\u00f3 em Portugal j\u00e1 se ultrapassaram os 18000 \u00f3bitos associados ao COVID 19, para al\u00e9m das muitas pessoas que, tendo sobrevivido, ficaram com sequelas. T\u00eam sido tempos de apreens\u00e3o, de perdas, em lutos que n\u00e3o tiveram como se processar devidamente, pela impossibilidade de acompanhar entes queridos nos momentos finais, por cerim\u00f3nias f\u00fanebres de participa\u00e7\u00e3o deveras limitada, ou mesmo pela aus\u00eancia imposta por isolamento profil\u00e1tico, pela impossibilidade do abra\u00e7o e do beijo t\u00e3o portugueses, por express\u00f5es faciais limitadas por m\u00e1scaras\u2026<\/p>\n\n\n\n<p>Neste contexto, surge uma jornada de mem\u00f3ria, luto e afirma\u00e7\u00e3o da esperan\u00e7a, marcada para os dias 22-23-24 de Outubro de 2021. Designada como Mem\u00f3ria &amp; Esperan\u00e7a, ir\u00e1 traduzir-se num leque diversificado de iniciativas que ter\u00e3o como objectivo focar a Mem\u00f3ria dos que partiram e\/ou a Esperan\u00e7a num futuro mais justo para todos.&nbsp;<\/p>\n\n\n\n<p><strong>Vamos celebrar a mem\u00f3ria de quem partiu<\/strong><\/p>\n\n\n\n<p>Em momentos de luto, o lamento e a celebra\u00e7\u00e3o podem estar de m\u00e3os dadas, combinando-se harmoniosamente. Lamento pela perda afectiva, pela dor da aus\u00eancia. Celebra\u00e7\u00e3o pela vida de quem partiu, pela sua riqueza e singularidade, e gratid\u00e3o pelo tempo que foi oferecido para desfrutarmos dela. Assim fez David, que neste seu poema lamenta e celebra. N\u00e3o se trata do culto aos mortos nem de ora\u00e7\u00e3o em seu favor, que n\u00e3o praticamos pois n\u00e3o encontramos suporte b\u00edblico para tal, mas o reconhecimento e a homenagem pelas suas vidas.&nbsp;<\/p>\n\n\n\n<p><strong>Vamos fomentar a esperan\u00e7a<\/strong><\/p>\n\n\n\n<p>Ao luto associa-se, frequentemente, o desalento e a in\u00e9rcia. Contudo, enquanto ainda se continua a falecer por COVID, \u00e9 premente fazer desabrochar a esperan\u00e7a. E o que significa ter esperan\u00e7a? A pergunta pode remeter-nos para um olhar sobre o horizonte, dia ap\u00f3s dia, na espera passiva de que algo novo e ben\u00e9fico venha a emergir e a alterar o cen\u00e1rio de vida, pessoal, familiar ou social. Contudo, como o te\u00f3logo Moltmann refere, a esperan\u00e7a pode ser operante, uma forma de constru\u00e7\u00e3o. Porque esperamos, ent\u00e3o caminhamos, preparamos, empenhamo-nos. \u00c9 necess\u00e1rio promov\u00ea-la entre n\u00f3s, encorajando-nos uns aos outros nesse sentido. &nbsp;<\/p>\n\n\n\n<p><strong>Como poderei aderir?<\/strong><\/p>\n\n\n\n<p>A Alian\u00e7a Evang\u00e9lica Portuguesa associa-se a esta jornada, e incentiva os seus membros a envolver-se. Ser\u00e3o muitas as iniciativas locais nesse sentido. At\u00e9 mesmo o culto de domingo, dia 24, ser\u00e1 um momento prop\u00edcio \u00e0 homenagem e \u00e0 esperan\u00e7a. Obtenha mais informa\u00e7\u00e3o em <a href=\"http:\/\/www.memoriaeesperanca.pt\" data-type=\"URL\" data-id=\"www.memoriaeesperanca.pt\">www.memoriaeesperanca.pt<\/a><\/p>\n","protected":false},"excerpt":{"rendered":"<p>Uma jornada solid\u00e1ria e nacional&nbsp; Naquele dia, a batalha fora dura, na montanha. Muitos faleceram, entre eles Sa\u00fal e J\u00f3natas. Ao sab\u00ea-lo, impregnado de dor, David escreve um poema de lamento e luto, em que expressa a sua tristeza e celebra tamb\u00e9m a vida dos que partiram. A dada altura, diz: \u201cComo ca\u00edram os poderosos,<\/p>\n","protected":false},"author":2,"featured_media":19222,"comment_status":"open","ping_status":"open","sticky":false,"template":"","format":"standard","meta":{"_uag_custom_page_level_css":"","_themeisle_gutenberg_block_has_review":false,"_vp_format_video_url":"","_vp_image_focal_point":[],"footnotes":""},"categories":[45,3],"tags":[144,143],"class_list":["post-19221","post","type-post","status-publish","format-standard","has-post-thumbnail","hentry","category-geral","category-artigos-gerais","tag-eventos","tag-noticias"],"yoast_head":"<!-- This site is optimized with the Yoast SEO plugin v27.5 - https:\/\/yoast.com\/product\/yoast-seo-wordpress\/ -->\n<title>Mem\u00f3ria &amp; Esperan\u00e7a - AEP<\/title>\n<meta name=\"robots\" content=\"index, follow, max-snippet:-1, max-image-preview:large, max-video-preview:-1\" \/>\n<link rel=\"canonical\" href=\"https:\/\/aliancaevangelica.pt\/site\/memoria-esperanca\/\" \/>\n<meta property=\"og:locale\" content=\"pt_PT\" \/>\n<meta property=\"og:type\" content=\"article\" \/>\n<meta property=\"og:title\" content=\"Mem\u00f3ria &amp; Esperan\u00e7a - AEP\" \/>\n<meta property=\"og:description\" content=\"Uma jornada solid\u00e1ria e nacional&nbsp; Naquele dia, a batalha fora dura, na montanha. Muitos faleceram, entre eles Sa\u00fal e J\u00f3natas. Ao sab\u00ea-lo, impregnado de dor, David escreve um poema de lamento e luto, em que expressa a sua tristeza e celebra tamb\u00e9m a vida dos que partiram. A dada altura, diz: \u201cComo ca\u00edram os poderosos,\" \/>\n<meta property=\"og:url\" content=\"https:\/\/aliancaevangelica.pt\/site\/memoria-esperanca\/\" \/>\n<meta property=\"og:site_name\" content=\"AEP\" \/>\n<meta property=\"article:publisher\" content=\"http:\/\/facebook.com\/aeportuguesa\" \/>\n<meta property=\"article:author\" content=\"aeportugal\" \/>\n<meta property=\"article:published_time\" content=\"2021-10-18T15:50:38+00:00\" \/>\n<meta property=\"article:modified_time\" content=\"2021-10-18T15:50:41+00:00\" \/>\n<meta property=\"og:image\" content=\"https:\/\/aliancaevangelica.pt\/site\/wp-content\/uploads\/2021\/10\/WhatsApp-Image-2021-10-11-at-09.30.37.jpeg\" \/>\n\t<meta property=\"og:image:width\" content=\"1448\" \/>\n\t<meta property=\"og:image:height\" content=\"2048\" \/>\n\t<meta property=\"og:image:type\" content=\"image\/jpeg\" \/>\n<meta name=\"author\" content=\"AEP\" \/>\n<meta name=\"twitter:card\" content=\"summary_large_image\" \/>\n<meta name=\"twitter:label1\" content=\"Escrito por\" \/>\n\t<meta name=\"twitter:data1\" content=\"AEP\" \/>\n\t<meta name=\"twitter:label2\" content=\"Tempo estimado de leitura\" \/>\n\t<meta name=\"twitter:data2\" content=\"3 minutos\" \/>\n<script type=\"application\/ld+json\" class=\"yoast-schema-graph\">{\"@context\":\"https:\\\/\\\/schema.org\",\"@graph\":[{\"@type\":\"Article\",\"@id\":\"https:\\\/\\\/aliancaevangelica.pt\\\/site\\\/memoria-esperanca\\\/#article\",\"isPartOf\":{\"@id\":\"https:\\\/\\\/aliancaevangelica.pt\\\/site\\\/memoria-esperanca\\\/\"},\"author\":{\"name\":\"AEP\",\"@id\":\"https:\\\/\\\/aliancaevangelica.pt\\\/site\\\/#\\\/schema\\\/person\\\/3b47cfc7535eff1e820f31c2d67eafcf\"},\"headline\":\"Mem\u00f3ria &#038; Esperan\u00e7a\",\"datePublished\":\"2021-10-18T15:50:38+00:00\",\"dateModified\":\"2021-10-18T15:50:41+00:00\",\"mainEntityOfPage\":{\"@id\":\"https:\\\/\\\/aliancaevangelica.pt\\\/site\\\/memoria-esperanca\\\/\"},\"wordCount\":548,\"commentCount\":0,\"publisher\":{\"@id\":\"https:\\\/\\\/aliancaevangelica.pt\\\/site\\\/#organization\"},\"image\":{\"@id\":\"https:\\\/\\\/aliancaevangelica.pt\\\/site\\\/memoria-esperanca\\\/#primaryimage\"},\"thumbnailUrl\":\"https:\\\/\\\/aliancaevangelica.pt\\\/site\\\/wp-content\\\/uploads\\\/2021\\\/10\\\/WhatsApp-Image-2021-10-11-at-09.30.37.jpeg\",\"keywords\":[\"Eventos\",\"Not\u00edcias\"],\"articleSection\":[\"1-Geral\",\"2-Artigos Gerais\"],\"inLanguage\":\"pt-PT\",\"potentialAction\":[{\"@type\":\"CommentAction\",\"name\":\"Comment\",\"target\":[\"https:\\\/\\\/aliancaevangelica.pt\\\/site\\\/memoria-esperanca\\\/#respond\"]}]},{\"@type\":\"WebPage\",\"@id\":\"https:\\\/\\\/aliancaevangelica.pt\\\/site\\\/memoria-esperanca\\\/\",\"url\":\"https:\\\/\\\/aliancaevangelica.pt\\\/site\\\/memoria-esperanca\\\/\",\"name\":\"Mem\u00f3ria & Esperan\u00e7a - AEP\",\"isPartOf\":{\"@id\":\"https:\\\/\\\/aliancaevangelica.pt\\\/site\\\/#website\"},\"primaryImageOfPage\":{\"@id\":\"https:\\\/\\\/aliancaevangelica.pt\\\/site\\\/memoria-esperanca\\\/#primaryimage\"},\"image\":{\"@id\":\"https:\\\/\\\/aliancaevangelica.pt\\\/site\\\/memoria-esperanca\\\/#primaryimage\"},\"thumbnailUrl\":\"https:\\\/\\\/aliancaevangelica.pt\\\/site\\\/wp-content\\\/uploads\\\/2021\\\/10\\\/WhatsApp-Image-2021-10-11-at-09.30.37.jpeg\",\"datePublished\":\"2021-10-18T15:50:38+00:00\",\"dateModified\":\"2021-10-18T15:50:41+00:00\",\"breadcrumb\":{\"@id\":\"https:\\\/\\\/aliancaevangelica.pt\\\/site\\\/memoria-esperanca\\\/#breadcrumb\"},\"inLanguage\":\"pt-PT\",\"potentialAction\":[{\"@type\":\"ReadAction\",\"target\":[\"https:\\\/\\\/aliancaevangelica.pt\\\/site\\\/memoria-esperanca\\\/\"]}]},{\"@type\":\"ImageObject\",\"inLanguage\":\"pt-PT\",\"@id\":\"https:\\\/\\\/aliancaevangelica.pt\\\/site\\\/memoria-esperanca\\\/#primaryimage\",\"url\":\"https:\\\/\\\/aliancaevangelica.pt\\\/site\\\/wp-content\\\/uploads\\\/2021\\\/10\\\/WhatsApp-Image-2021-10-11-at-09.30.37.jpeg\",\"contentUrl\":\"https:\\\/\\\/aliancaevangelica.pt\\\/site\\\/wp-content\\\/uploads\\\/2021\\\/10\\\/WhatsApp-Image-2021-10-11-at-09.30.37.jpeg\",\"width\":1448,\"height\":2048},{\"@type\":\"BreadcrumbList\",\"@id\":\"https:\\\/\\\/aliancaevangelica.pt\\\/site\\\/memoria-esperanca\\\/#breadcrumb\",\"itemListElement\":[{\"@type\":\"ListItem\",\"position\":1,\"name\":\"In\u00edcio\",\"item\":\"https:\\\/\\\/aliancaevangelica.pt\\\/site\\\/\"},{\"@type\":\"ListItem\",\"position\":2,\"name\":\"Mem\u00f3ria &#038; Esperan\u00e7a\"}]},{\"@type\":\"WebSite\",\"@id\":\"https:\\\/\\\/aliancaevangelica.pt\\\/site\\\/#website\",\"url\":\"https:\\\/\\\/aliancaevangelica.pt\\\/site\\\/\",\"name\":\"Alian\u00e7a Evang\u00e9lica Portuguesa\",\"description\":\"Alian\u00e7a Evang\u00e9lica Portuguesa\",\"publisher\":{\"@id\":\"https:\\\/\\\/aliancaevangelica.pt\\\/site\\\/#organization\"},\"potentialAction\":[{\"@type\":\"SearchAction\",\"target\":{\"@type\":\"EntryPoint\",\"urlTemplate\":\"https:\\\/\\\/aliancaevangelica.pt\\\/site\\\/?s={search_term_string}\"},\"query-input\":{\"@type\":\"PropertyValueSpecification\",\"valueRequired\":true,\"valueName\":\"search_term_string\"}}],\"inLanguage\":\"pt-PT\"},{\"@type\":\"Organization\",\"@id\":\"https:\\\/\\\/aliancaevangelica.pt\\\/site\\\/#organization\",\"name\":\"Alian\u00e7a Evang\u00e9lica Portuguesa\",\"url\":\"https:\\\/\\\/aliancaevangelica.pt\\\/site\\\/\",\"logo\":{\"@type\":\"ImageObject\",\"inLanguage\":\"pt-PT\",\"@id\":\"https:\\\/\\\/aliancaevangelica.pt\\\/site\\\/#\\\/schema\\\/logo\\\/image\\\/\",\"url\":\"https:\\\/\\\/aliancaevangelica.pt\\\/site\\\/wp-content\\\/uploads\\\/2017\\\/11\\\/logo-AEP-cor.png\",\"contentUrl\":\"https:\\\/\\\/aliancaevangelica.pt\\\/site\\\/wp-content\\\/uploads\\\/2017\\\/11\\\/logo-AEP-cor.png\",\"width\":1156,\"height\":672,\"caption\":\"Alian\u00e7a Evang\u00e9lica Portuguesa\"},\"image\":{\"@id\":\"https:\\\/\\\/aliancaevangelica.pt\\\/site\\\/#\\\/schema\\\/logo\\\/image\\\/\"},\"sameAs\":[\"http:\\\/\\\/facebook.com\\\/aeportuguesa\",\"http:\\\/\\\/instagram.com\\\/aliancaep\",\"http:\\\/\\\/youtube.com\\\/aeportuguesa\"]},{\"@type\":\"Person\",\"@id\":\"https:\\\/\\\/aliancaevangelica.pt\\\/site\\\/#\\\/schema\\\/person\\\/3b47cfc7535eff1e820f31c2d67eafcf\",\"name\":\"AEP\",\"sameAs\":[\"aeportugal\"],\"url\":\"https:\\\/\\\/aliancaevangelica.pt\\\/site\\\/author\\\/aeportugal\\\/\"}]}<\/script>\n<!-- \/ Yoast SEO plugin. -->","yoast_head_json":{"title":"Mem\u00f3ria & Esperan\u00e7a - AEP","robots":{"index":"index","follow":"follow","max-snippet":"max-snippet:-1","max-image-preview":"max-image-preview:large","max-video-preview":"max-video-preview:-1"},"canonical":"https:\/\/aliancaevangelica.pt\/site\/memoria-esperanca\/","og_locale":"pt_PT","og_type":"article","og_title":"Mem\u00f3ria & Esperan\u00e7a - AEP","og_description":"Uma jornada solid\u00e1ria e nacional&nbsp; Naquele dia, a batalha fora dura, na montanha. Muitos faleceram, entre eles Sa\u00fal e J\u00f3natas. Ao sab\u00ea-lo, impregnado de dor, David escreve um poema de lamento e luto, em que expressa a sua tristeza e celebra tamb\u00e9m a vida dos que partiram. A dada altura, diz: \u201cComo ca\u00edram os poderosos,","og_url":"https:\/\/aliancaevangelica.pt\/site\/memoria-esperanca\/","og_site_name":"AEP","article_publisher":"http:\/\/facebook.com\/aeportuguesa","article_author":"aeportugal","article_published_time":"2021-10-18T15:50:38+00:00","article_modified_time":"2021-10-18T15:50:41+00:00","og_image":[{"width":1448,"height":2048,"url":"https:\/\/aliancaevangelica.pt\/site\/wp-content\/uploads\/2021\/10\/WhatsApp-Image-2021-10-11-at-09.30.37.jpeg","type":"image\/jpeg"}],"author":"AEP","twitter_card":"summary_large_image","twitter_misc":{"Escrito por":"AEP","Tempo estimado de leitura":"3 minutos"},"schema":{"@context":"https:\/\/schema.org","@graph":[{"@type":"Article","@id":"https:\/\/aliancaevangelica.pt\/site\/memoria-esperanca\/#article","isPartOf":{"@id":"https:\/\/aliancaevangelica.pt\/site\/memoria-esperanca\/"},"author":{"name":"AEP","@id":"https:\/\/aliancaevangelica.pt\/site\/#\/schema\/person\/3b47cfc7535eff1e820f31c2d67eafcf"},"headline":"Mem\u00f3ria &#038; Esperan\u00e7a","datePublished":"2021-10-18T15:50:38+00:00","dateModified":"2021-10-18T15:50:41+00:00","mainEntityOfPage":{"@id":"https:\/\/aliancaevangelica.pt\/site\/memoria-esperanca\/"},"wordCount":548,"commentCount":0,"publisher":{"@id":"https:\/\/aliancaevangelica.pt\/site\/#organization"},"image":{"@id":"https:\/\/aliancaevangelica.pt\/site\/memoria-esperanca\/#primaryimage"},"thumbnailUrl":"https:\/\/aliancaevangelica.pt\/site\/wp-content\/uploads\/2021\/10\/WhatsApp-Image-2021-10-11-at-09.30.37.jpeg","keywords":["Eventos","Not\u00edcias"],"articleSection":["1-Geral","2-Artigos Gerais"],"inLanguage":"pt-PT","potentialAction":[{"@type":"CommentAction","name":"Comment","target":["https:\/\/aliancaevangelica.pt\/site\/memoria-esperanca\/#respond"]}]},{"@type":"WebPage","@id":"https:\/\/aliancaevangelica.pt\/site\/memoria-esperanca\/","url":"https:\/\/aliancaevangelica.pt\/site\/memoria-esperanca\/","name":"Mem\u00f3ria & Esperan\u00e7a - AEP","isPartOf":{"@id":"https:\/\/aliancaevangelica.pt\/site\/#website"},"primaryImageOfPage":{"@id":"https:\/\/aliancaevangelica.pt\/site\/memoria-esperanca\/#primaryimage"},"image":{"@id":"https:\/\/aliancaevangelica.pt\/site\/memoria-esperanca\/#primaryimage"},"thumbnailUrl":"https:\/\/aliancaevangelica.pt\/site\/wp-content\/uploads\/2021\/10\/WhatsApp-Image-2021-10-11-at-09.30.37.jpeg","datePublished":"2021-10-18T15:50:38+00:00","dateModified":"2021-10-18T15:50:41+00:00","breadcrumb":{"@id":"https:\/\/aliancaevangelica.pt\/site\/memoria-esperanca\/#breadcrumb"},"inLanguage":"pt-PT","potentialAction":[{"@type":"ReadAction","target":["https:\/\/aliancaevangelica.pt\/site\/memoria-esperanca\/"]}]},{"@type":"ImageObject","inLanguage":"pt-PT","@id":"https:\/\/aliancaevangelica.pt\/site\/memoria-esperanca\/#primaryimage","url":"https:\/\/aliancaevangelica.pt\/site\/wp-content\/uploads\/2021\/10\/WhatsApp-Image-2021-10-11-at-09.30.37.jpeg","contentUrl":"https:\/\/aliancaevangelica.pt\/site\/wp-content\/uploads\/2021\/10\/WhatsApp-Image-2021-10-11-at-09.30.37.jpeg","width":1448,"height":2048},{"@type":"BreadcrumbList","@id":"https:\/\/aliancaevangelica.pt\/site\/memoria-esperanca\/#breadcrumb","itemListElement":[{"@type":"ListItem","position":1,"name":"In\u00edcio","item":"https:\/\/aliancaevangelica.pt\/site\/"},{"@type":"ListItem","position":2,"name":"Mem\u00f3ria &#038; Esperan\u00e7a"}]},{"@type":"WebSite","@id":"https:\/\/aliancaevangelica.pt\/site\/#website","url":"https:\/\/aliancaevangelica.pt\/site\/","name":"Alian\u00e7a Evang\u00e9lica Portuguesa","description":"Alian\u00e7a Evang\u00e9lica Portuguesa","publisher":{"@id":"https:\/\/aliancaevangelica.pt\/site\/#organization"},"potentialAction":[{"@type":"SearchAction","target":{"@type":"EntryPoint","urlTemplate":"https:\/\/aliancaevangelica.pt\/site\/?s={search_term_string}"},"query-input":{"@type":"PropertyValueSpecification","valueRequired":true,"valueName":"search_term_string"}}],"inLanguage":"pt-PT"},{"@type":"Organization","@id":"https:\/\/aliancaevangelica.pt\/site\/#organization","name":"Alian\u00e7a Evang\u00e9lica Portuguesa","url":"https:\/\/aliancaevangelica.pt\/site\/","logo":{"@type":"ImageObject","inLanguage":"pt-PT","@id":"https:\/\/aliancaevangelica.pt\/site\/#\/schema\/logo\/image\/","url":"https:\/\/aliancaevangelica.pt\/site\/wp-content\/uploads\/2017\/11\/logo-AEP-cor.png","contentUrl":"https:\/\/aliancaevangelica.pt\/site\/wp-content\/uploads\/2017\/11\/logo-AEP-cor.png","width":1156,"height":672,"caption":"Alian\u00e7a Evang\u00e9lica Portuguesa"},"image":{"@id":"https:\/\/aliancaevangelica.pt\/site\/#\/schema\/logo\/image\/"},"sameAs":["http:\/\/facebook.com\/aeportuguesa","http:\/\/instagram.com\/aliancaep","http:\/\/youtube.com\/aeportuguesa"]},{"@type":"Person","@id":"https:\/\/aliancaevangelica.pt\/site\/#\/schema\/person\/3b47cfc7535eff1e820f31c2d67eafcf","name":"AEP","sameAs":["aeportugal"],"url":"https:\/\/aliancaevangelica.pt\/site\/author\/aeportugal\/"}]}},"uagb_featured_image_src":{"full":["https:\/\/aliancaevangelica.pt\/site\/wp-content\/uploads\/2021\/10\/WhatsApp-Image-2021-10-11-at-09.30.37.jpeg",1448,2048,false],"thumbnail":["https:\/\/aliancaevangelica.pt\/site\/wp-content\/uploads\/2021\/10\/WhatsApp-Image-2021-10-11-at-09.30.37-150x150.jpeg",150,150,true],"medium":["https:\/\/aliancaevangelica.pt\/site\/wp-content\/uploads\/2021\/10\/WhatsApp-Image-2021-10-11-at-09.30.37-212x300.jpeg",212,300,true],"medium_large":["https:\/\/aliancaevangelica.pt\/site\/wp-content\/uploads\/2021\/10\/WhatsApp-Image-2021-10-11-at-09.30.37-768x1086.jpeg",768,1086,true],"large":["https:\/\/aliancaevangelica.pt\/site\/wp-content\/uploads\/2021\/10\/WhatsApp-Image-2021-10-11-at-09.30.37-724x1024.jpeg",724,1024,true],"1536x1536":["https:\/\/aliancaevangelica.pt\/site\/wp-content\/uploads\/2021\/10\/WhatsApp-Image-2021-10-11-at-09.30.37-1086x1536.jpeg",1086,1536,true],"2048x2048":["https:\/\/aliancaevangelica.pt\/site\/wp-content\/uploads\/2021\/10\/WhatsApp-Image-2021-10-11-at-09.30.37.jpeg",1448,2048,false],"vp_sm":["https:\/\/aliancaevangelica.pt\/site\/wp-content\/uploads\/2021\/10\/WhatsApp-Image-2021-10-11-at-09.30.37.jpeg",500,707,false],"vp_md":["https:\/\/aliancaevangelica.pt\/site\/wp-content\/uploads\/2021\/10\/WhatsApp-Image-2021-10-11-at-09.30.37.jpeg",800,1131,false],"vp_lg":["https:\/\/aliancaevangelica.pt\/site\/wp-content\/uploads\/2021\/10\/WhatsApp-Image-2021-10-11-at-09.30.37.jpeg",1280,1810,false],"vp_xl":["https:\/\/aliancaevangelica.pt\/site\/wp-content\/uploads\/2021\/10\/WhatsApp-Image-2021-10-11-at-09.30.37.jpeg",1448,2048,false],"vp_sm_popup":["https:\/\/aliancaevangelica.pt\/site\/wp-content\/uploads\/2021\/10\/WhatsApp-Image-2021-10-11-at-09.30.37.jpeg",500,707,false],"vp_md_popup":["https:\/\/aliancaevangelica.pt\/site\/wp-content\/uploads\/2021\/10\/WhatsApp-Image-2021-10-11-at-09.30.37.jpeg",800,1131,false],"vp_xl_popup":["https:\/\/aliancaevangelica.pt\/site\/wp-content\/uploads\/2021\/10\/WhatsApp-Image-2021-10-11-at-09.30.37.jpeg",1448,2048,false],"newsx-150x100":["https:\/\/aliancaevangelica.pt\/site\/wp-content\/uploads\/2021\/10\/WhatsApp-Image-2021-10-11-at-09.30.37.jpeg",71,100,false],"newsx-330x220":["https:\/\/aliancaevangelica.pt\/site\/wp-content\/uploads\/2021\/10\/WhatsApp-Image-2021-10-11-at-09.30.37.jpeg",156,220,false],"newsx-420x280":["https:\/\/aliancaevangelica.pt\/site\/wp-content\/uploads\/2021\/10\/WhatsApp-Image-2021-10-11-at-09.30.37.jpeg",198,280,false],"newsx-510x340":["https:\/\/aliancaevangelica.pt\/site\/wp-content\/uploads\/2021\/10\/WhatsApp-Image-2021-10-11-at-09.30.37.jpeg",240,340,false],"newsx-640x480":["https:\/\/aliancaevangelica.pt\/site\/wp-content\/uploads\/2021\/10\/WhatsApp-Image-2021-10-11-at-09.30.37.jpeg",339,480,false],"newsx-670x370":["https:\/\/aliancaevangelica.pt\/site\/wp-content\/uploads\/2021\/10\/WhatsApp-Image-2021-10-11-at-09.30.37.jpeg",262,370,false],"newsx-860x570":["https:\/\/aliancaevangelica.pt\/site\/wp-content\/uploads\/2021\/10\/WhatsApp-Image-2021-10-11-at-09.30.37.jpeg",403,570,false],"newsx-1000x750":["https:\/\/aliancaevangelica.pt\/site\/wp-content\/uploads\/2021\/10\/WhatsApp-Image-2021-10-11-at-09.30.37.jpeg",530,750,false],"newsx-1200x600":["https:\/\/aliancaevangelica.pt\/site\/wp-content\/uploads\/2021\/10\/WhatsApp-Image-2021-10-11-at-09.30.37.jpeg",424,600,false]},"uagb_author_info":{"display_name":"AEP","author_link":"https:\/\/aliancaevangelica.pt\/site\/author\/aeportugal\/"},"uagb_comment_info":0,"uagb_excerpt":"Uma jornada solid\u00e1ria e nacional&nbsp; Naquele dia, a batalha fora dura, na montanha. Muitos faleceram, entre eles Sa\u00fal e J\u00f3natas. Ao sab\u00ea-lo, impregnado de dor, David escreve um poema de lamento e luto, em que expressa a sua tristeza e celebra tamb\u00e9m a vida dos que partiram. A dada altura, diz: \u201cComo ca\u00edram os poderosos,","_links":{"self":[{"href":"https:\/\/aliancaevangelica.pt\/site\/wp-json\/wp\/v2\/posts\/19221","targetHints":{"allow":["GET"]}}],"collection":[{"href":"https:\/\/aliancaevangelica.pt\/site\/wp-json\/wp\/v2\/posts"}],"about":[{"href":"https:\/\/aliancaevangelica.pt\/site\/wp-json\/wp\/v2\/types\/post"}],"author":[{"embeddable":true,"href":"https:\/\/aliancaevangelica.pt\/site\/wp-json\/wp\/v2\/users\/2"}],"replies":[{"embeddable":true,"href":"https:\/\/aliancaevangelica.pt\/site\/wp-json\/wp\/v2\/comments?post=19221"}],"version-history":[{"count":2,"href":"https:\/\/aliancaevangelica.pt\/site\/wp-json\/wp\/v2\/posts\/19221\/revisions"}],"predecessor-version":[{"id":19224,"href":"https:\/\/aliancaevangelica.pt\/site\/wp-json\/wp\/v2\/posts\/19221\/revisions\/19224"}],"wp:featuredmedia":[{"embeddable":true,"href":"https:\/\/aliancaevangelica.pt\/site\/wp-json\/wp\/v2\/media\/19222"}],"wp:attachment":[{"href":"https:\/\/aliancaevangelica.pt\/site\/wp-json\/wp\/v2\/media?parent=19221"}],"wp:term":[{"taxonomy":"category","embeddable":true,"href":"https:\/\/aliancaevangelica.pt\/site\/wp-json\/wp\/v2\/categories?post=19221"},{"taxonomy":"post_tag","embeddable":true,"href":"https:\/\/aliancaevangelica.pt\/site\/wp-json\/wp\/v2\/tags?post=19221"}],"curies":[{"name":"wp","href":"https:\/\/api.w.org\/{rel}","templated":true}]}}