{"id":19209,"date":"2021-10-29T08:00:00","date_gmt":"2021-10-29T08:00:00","guid":{"rendered":"https:\/\/aliancaevangelica.pt\/site\/?p=19209"},"modified":"2021-10-07T12:54:02","modified_gmt":"2021-10-07T12:54:02","slug":"escrever-uma-oportunidade-de-servir","status":"publish","type":"post","link":"https:\/\/aliancaevangelica.pt\/site\/escrever-uma-oportunidade-de-servir\/","title":{"rendered":"Escrever \u2013 uma oportunidade de servir"},"content":{"rendered":"<p class=\"p1\">Foi no in\u00edcio do confinamento que Deus me impulsionou de forma que, nem eu pr\u00f3pria acreditaria. Muitos me perguntaram porque escrevi um livro durante a pandemia. Outros, que at\u00e9 me conhecem h\u00e1 algum tempo, ficaram surpresos quando me viram a lan\u00e7ar um livro.<\/p>\n<p class=\"p1\">Pois bem, como tudo come\u00e7ou? Acredito que Deus trabalhou comigo para que eu acreditasse ser poss\u00edvel escrever um livro. Na minha adolesc\u00eancia, foi na escrita que encontrei escape. Muitas vezes, sentindo-me sozinha no meu quarto, escrevia. Escrevi poemas e comecei a l\u00ea-los na igreja. Na \u00e9poca, eu n\u00e3o tinha acesso a livros, a bibliotecas e a todo esse mundo liter\u00e1rio.<\/p>\n<p class=\"p1\">Os anos passaram e o gosto pela escrita esteve adormecido mas nunca esquecido, n\u00e3o por vontade pr\u00f3pria mas porque o cuidado com filhos, casa, trabalho, igreja e estudos n\u00e3o o permitiam. Digo estudos porque cedo sa\u00ed da escola para ajudar a levar dinheiro para casa. E foi na fase adulta que terminei os estudos. Nessa fase, Deus revelou-me o dom mais ativamente. O primeiro exame na universidade foi lido em voz alta pelo professor, como sendo a forma correta de resposta a uma \u00fanica pergunta. Todos ficaram curiosos sobre quem tinha escrito daquela forma. Eu s\u00f3 queria ter um s\u00edtio para me esconder.<\/p>\n<p class=\"p1\">Mais tarde, decidi criar uma p\u00e1gina de escrita a fim de partilhar alguns textos que eu ia escrevendo (Escrever porqu\u00ea \u2013 Facebook). Participei no livro \u00abSer Mulher\u00bb e em revistas crist\u00e3s.<\/p>\n<p class=\"p1\">O meu primeiro livro a solo vai na segunda edi\u00e7\u00e3o e para mim \u00e9 um milagre de Deus, pois como pude escrever eu todo o roteiro da hist\u00f3ria numa s\u00f3 semana? Foi Ele que me deu a hist\u00f3ria da menina que n\u00e3o gostava do seu nome. H\u00e1 adolescentes que apresentaram o livro na escola. Uma delas disse-me a ajudou na sua autoestima. H\u00e1 crian\u00e7as que dizem que as ajudou a ter imagina\u00e7\u00e3o e criatividade. H\u00e1 adultos e idosos que se identificaram com a hist\u00f3ria.<\/p>\n<p class=\"p1\">Acredito que muitas podem ser as estrat\u00e9gias para levarmos a mensagem crist\u00e3 aos outros. Acredito que todas as pessoas t\u00eam \u00e1reas fortes que carecem de ser desenvolvidas, sen\u00e3o veja-se a conhecida par\u00e1bola dos talentos (as contas de Deus n\u00e3o s\u00e3o a multiplicar?). No outro dia eu disse a uma pessoa: \u00abFa\u00e7a Deus conhecido atrav\u00e9s do seu bolo\u00bb. E, se a escrita foi um dos talentos que Deus colocou na minha m\u00e3o, o que fa\u00e7o eu com ele? Tenho o apoio do meu marido para poder fazer este trabalho, pois sem editora por detr\u00e1s torna-se tudo mais dif\u00edcil. E tenho um objetivo ao trabalhar desta forma: ajudar projetos atrav\u00e9s da venda dos livros. E para tal, uma marca impl\u00edcita, a da solidariedade.<\/p>\n<p class=\"p1\"><img loading=\"lazy\" decoding=\"async\" class=\"size-medium wp-image-19210 alignleft\" src=\"https:\/\/aliancaevangelica.pt\/site\/wp-content\/uploads\/2021\/10\/Captura-de-ecra\u0303-2021-10-07-a\u0300s-13.51.12-171x300.png\" alt=\"\" width=\"171\" height=\"300\" srcset=\"https:\/\/aliancaevangelica.pt\/site\/wp-content\/uploads\/2021\/10\/Captura-de-ecra\u0303-2021-10-07-a\u0300s-13.51.12-171x300.png 171w, https:\/\/aliancaevangelica.pt\/site\/wp-content\/uploads\/2021\/10\/Captura-de-ecra\u0303-2021-10-07-a\u0300s-13.51.12.png 540w\" sizes=\"auto, (max-width: 171px) 100vw, 171px\" \/>Em breve, se Deus permitir, farei novo lan\u00e7amento de uma hist\u00f3ria mais infantil, visto a anterior ter sido para adolescentes, fam\u00edlias e professores. Uma hist\u00f3ria que desenvolvi h\u00e1 uns anos mediante um teatro de sombras, com turmas de primeiro ciclo, que alertava para a obedi\u00eancia aos pais. O Zez\u00e9 desta hist\u00f3ria \u00e9 um menino que gosta de aventuras e gosta muito de \u2018pisar o risco\u2019. Gosta de chocolate e de o conseguir, nem que tenha que mentir. Uma personagem vai fazer-lhe crer em mais mentiras. Os seus pais v\u00e3o ajud\u00e1-lo a compreender que as atitudes podem ter consequ\u00eancias para si ou para os outros. Cuidar do nosso corpo n\u00e3o ser\u00e1 deveras importante, tendo uma alimenta\u00e7\u00e3o saud\u00e1vel e fazendo exerc\u00edcio f\u00edsico? Para tudo na vida carecemos de equil\u00edbrio, tal como andar sobre duas rodas da bicicleta e, porque n\u00e3o promov\u00ea-lo na inf\u00e2ncia e juventude?<\/p>\n<p class=\"p1\">Este \u00e9 o v\u00eddeo promocional da obra:<\/p>\n<p class=\"p2\"><span class=\"s1\"><a href=\"https:\/\/www.youtube.com\/watch?v=SUrUCbTt5NY&amp;t=2s\">https:\/\/www.youtube.com\/watch?v=SUrUCbTt5NY&amp;t=2s<\/a><\/span><\/p>\n<p class=\"p1\">Esta obra proclama os valores b\u00edblicos num mundo onde eles se v\u00e3o desvanecendo. Uma alternativa ao mundo das redes sociais, uma vez que os livros podem ser lidos por filhos e pais, com vista ao melhor relacionamento entre si. Atrav\u00e9s dos meus contactos, redes sociais, email e site, poder\u00e3o encontrar os livros.<\/p>\n<p class=\"p1\">Precisamos que Deus nos inspire e d\u00ea as estrat\u00e9gias adequadas para este tempo. Se queremos ser instrumentos na Sua m\u00e3o, h\u00e1 que acreditar, investir, trabalhar, n\u00e3o pensar que tudo vai cair de gra\u00e7a nas nossas m\u00e3os. E quando trabalhamos em f\u00e9, Ele diz na Sua Palavra que \u2018os Seus planos n\u00e3o s\u00e3o os nossos\u2019 e que \u2018\u00e9 capaz de fazer muito mais do que alguma vez imagin\u00e1mos.\u2019 Assim, \u2018como h\u00e3o-se ouvir?\u2019. Estou convicta que h\u00e1 muito a fazer e que por vezes desperdi\u00e7amos oportunidades. E penso, que legado estamos a deixar? O que fazemos com o que Deus nos d\u00e1?<\/p>\n<p class=\"p1\">Tenho mais ideias? Sim, muitas. N\u00e3o consigo fazer tudo de uma vez e tudo tem um pre\u00e7o a pagar. H\u00e1 que ir com calma, pois em Portugal fica muito caro fazer um livro. E n\u00e3o quero fazer uns quaisquer livros, quero tentar fazer o melhor para glorificar a Deus.<\/p>\n<p class=\"p1\">Preciso de ajuda? Sim. S\u00f3 vendendo os livros, a mensagem pode chegar mais longe. \u00c9 tamb\u00e9m aqui que vejo o trabalho em uni\u00e3o. Nem todos podem escrever, cantar, ser atores\u2026 Todos podemos trabalhar em conjunto a fim de promover o Reino de Deus. Podemos orar uns pelos outros. Ajudar-nos mutuamente.<\/p>\n<p class=\"p1\">\u00c9 f\u00e1cil? N\u00e3o. Mas com Deus \u00e9 poss\u00edvel. Em breve, se Deus quiser, apresentarei o novo livro numas escolas no Norte. A porta est\u00e1 aberta. Os nervos miudinhos tiram o sono. A responsabilidade \u00e9 grande. N\u00e3o anseio sucesso. As camadas infantojuvenis precisam de ouvir falar sobre o Deus criador, sobre o Pai eterno, sobre o Senhor que os ama, sobre os valores que Ele nos ensina. Quero proclamar bem alto o nome de Deus, at\u00e9 onde Ele me levar.<\/p>\n<p>[movedo_single_image image=&#8221;19208&#8243; animation=&#8221;grve-zoom-in&#8221;]Andrea Ramos<\/p>\n<p class=\"p1\">Licenciada em ASC<\/p>\n<p class=\"p1\"><span style=\"font-size: inherit;\">Escritora<\/span><\/p>\n<p class=\"p2\"><span class=\"s1\"><a href=\"mailto:anevesmr22@gmail.com\">anevesmr22@gmail.com<\/a><\/span><\/p>\n<p class=\"p2\"><span class=\"s1\"><a href=\"https:\/\/andrearamos.pt\/\">https:\/\/andrearamos.pt\/<\/a><\/span><\/p>\n<p class=\"p1\">\n","protected":false},"excerpt":{"rendered":"<p>Foi no in\u00edcio do confinamento que Deus me impulsionou de forma que, nem eu pr\u00f3pria acreditaria. Muitos me perguntaram porque escrevi um livro durante a pandemia. Outros, que at\u00e9 me conhecem h\u00e1 algum tempo, ficaram surpresos quando me viram a lan\u00e7ar um livro. Pois bem, como tudo come\u00e7ou? Acredito que Deus trabalhou comigo para que<\/p>\n","protected":false},"author":2,"featured_media":19211,"comment_status":"open","ping_status":"open","sticky":false,"template":"","format":"standard","meta":{"_uag_custom_page_level_css":"","_themeisle_gutenberg_block_has_review":false,"_vp_format_video_url":"","_vp_image_focal_point":[],"footnotes":""},"categories":[45,47],"tags":[],"class_list":["post-19209","post","type-post","status-publish","format-standard","has-post-thumbnail","hentry","category-geral","category-mulheres-casais-e-familia"],"yoast_head":"<!-- This site is optimized with the Yoast SEO plugin v27.5 - https:\/\/yoast.com\/product\/yoast-seo-wordpress\/ -->\n<title>Escrever \u2013 uma oportunidade de servir - AEP<\/title>\n<meta name=\"robots\" content=\"index, follow, max-snippet:-1, max-image-preview:large, max-video-preview:-1\" \/>\n<link rel=\"canonical\" href=\"https:\/\/aliancaevangelica.pt\/site\/escrever-uma-oportunidade-de-servir\/\" \/>\n<meta property=\"og:locale\" content=\"pt_PT\" \/>\n<meta property=\"og:type\" content=\"article\" \/>\n<meta property=\"og:title\" content=\"Escrever \u2013 uma oportunidade de servir - AEP\" \/>\n<meta property=\"og:description\" content=\"Foi no in\u00edcio do confinamento que Deus me impulsionou de forma que, nem eu pr\u00f3pria acreditaria. Muitos me perguntaram porque escrevi um livro durante a pandemia. Outros, que at\u00e9 me conhecem h\u00e1 algum tempo, ficaram surpresos quando me viram a lan\u00e7ar um livro. Pois bem, como tudo come\u00e7ou? Acredito que Deus trabalhou comigo para que\" \/>\n<meta property=\"og:url\" content=\"https:\/\/aliancaevangelica.pt\/site\/escrever-uma-oportunidade-de-servir\/\" \/>\n<meta property=\"og:site_name\" content=\"AEP\" \/>\n<meta property=\"article:publisher\" content=\"http:\/\/facebook.com\/aeportuguesa\" \/>\n<meta property=\"article:author\" content=\"aeportugal\" \/>\n<meta property=\"article:published_time\" content=\"2021-10-29T08:00:00+00:00\" \/>\n<meta property=\"og:image\" content=\"https:\/\/aliancaevangelica.pt\/site\/wp-content\/uploads\/2021\/10\/Escrever.jpg\" \/>\n\t<meta property=\"og:image:width\" content=\"960\" \/>\n\t<meta property=\"og:image:height\" content=\"640\" \/>\n\t<meta property=\"og:image:type\" content=\"image\/jpeg\" \/>\n<meta name=\"author\" content=\"AEP\" \/>\n<meta name=\"twitter:card\" content=\"summary_large_image\" \/>\n<meta name=\"twitter:label1\" content=\"Escrito por\" \/>\n\t<meta name=\"twitter:data1\" content=\"AEP\" \/>\n\t<meta name=\"twitter:label2\" content=\"Tempo estimado de leitura\" \/>\n\t<meta name=\"twitter:data2\" content=\"5 minutos\" \/>\n<script type=\"application\/ld+json\" class=\"yoast-schema-graph\">{\"@context\":\"https:\\\/\\\/schema.org\",\"@graph\":[{\"@type\":\"Article\",\"@id\":\"https:\\\/\\\/aliancaevangelica.pt\\\/site\\\/escrever-uma-oportunidade-de-servir\\\/#article\",\"isPartOf\":{\"@id\":\"https:\\\/\\\/aliancaevangelica.pt\\\/site\\\/escrever-uma-oportunidade-de-servir\\\/\"},\"author\":{\"name\":\"AEP\",\"@id\":\"https:\\\/\\\/aliancaevangelica.pt\\\/site\\\/#\\\/schema\\\/person\\\/3b47cfc7535eff1e820f31c2d67eafcf\"},\"headline\":\"Escrever \u2013 uma oportunidade de servir\",\"datePublished\":\"2021-10-29T08:00:00+00:00\",\"mainEntityOfPage\":{\"@id\":\"https:\\\/\\\/aliancaevangelica.pt\\\/site\\\/escrever-uma-oportunidade-de-servir\\\/\"},\"wordCount\":1025,\"commentCount\":0,\"publisher\":{\"@id\":\"https:\\\/\\\/aliancaevangelica.pt\\\/site\\\/#organization\"},\"image\":{\"@id\":\"https:\\\/\\\/aliancaevangelica.pt\\\/site\\\/escrever-uma-oportunidade-de-servir\\\/#primaryimage\"},\"thumbnailUrl\":\"https:\\\/\\\/aliancaevangelica.pt\\\/site\\\/wp-content\\\/uploads\\\/2021\\\/10\\\/Escrever.jpg\",\"articleSection\":[\"1-Geral\",\"Mulheres, Casais e Fam\u00edlia\"],\"inLanguage\":\"pt-PT\",\"potentialAction\":[{\"@type\":\"CommentAction\",\"name\":\"Comment\",\"target\":[\"https:\\\/\\\/aliancaevangelica.pt\\\/site\\\/escrever-uma-oportunidade-de-servir\\\/#respond\"]}]},{\"@type\":\"WebPage\",\"@id\":\"https:\\\/\\\/aliancaevangelica.pt\\\/site\\\/escrever-uma-oportunidade-de-servir\\\/\",\"url\":\"https:\\\/\\\/aliancaevangelica.pt\\\/site\\\/escrever-uma-oportunidade-de-servir\\\/\",\"name\":\"Escrever \u2013 uma oportunidade de servir - AEP\",\"isPartOf\":{\"@id\":\"https:\\\/\\\/aliancaevangelica.pt\\\/site\\\/#website\"},\"primaryImageOfPage\":{\"@id\":\"https:\\\/\\\/aliancaevangelica.pt\\\/site\\\/escrever-uma-oportunidade-de-servir\\\/#primaryimage\"},\"image\":{\"@id\":\"https:\\\/\\\/aliancaevangelica.pt\\\/site\\\/escrever-uma-oportunidade-de-servir\\\/#primaryimage\"},\"thumbnailUrl\":\"https:\\\/\\\/aliancaevangelica.pt\\\/site\\\/wp-content\\\/uploads\\\/2021\\\/10\\\/Escrever.jpg\",\"datePublished\":\"2021-10-29T08:00:00+00:00\",\"breadcrumb\":{\"@id\":\"https:\\\/\\\/aliancaevangelica.pt\\\/site\\\/escrever-uma-oportunidade-de-servir\\\/#breadcrumb\"},\"inLanguage\":\"pt-PT\",\"potentialAction\":[{\"@type\":\"ReadAction\",\"target\":[\"https:\\\/\\\/aliancaevangelica.pt\\\/site\\\/escrever-uma-oportunidade-de-servir\\\/\"]}]},{\"@type\":\"ImageObject\",\"inLanguage\":\"pt-PT\",\"@id\":\"https:\\\/\\\/aliancaevangelica.pt\\\/site\\\/escrever-uma-oportunidade-de-servir\\\/#primaryimage\",\"url\":\"https:\\\/\\\/aliancaevangelica.pt\\\/site\\\/wp-content\\\/uploads\\\/2021\\\/10\\\/Escrever.jpg\",\"contentUrl\":\"https:\\\/\\\/aliancaevangelica.pt\\\/site\\\/wp-content\\\/uploads\\\/2021\\\/10\\\/Escrever.jpg\",\"width\":960,\"height\":640},{\"@type\":\"BreadcrumbList\",\"@id\":\"https:\\\/\\\/aliancaevangelica.pt\\\/site\\\/escrever-uma-oportunidade-de-servir\\\/#breadcrumb\",\"itemListElement\":[{\"@type\":\"ListItem\",\"position\":1,\"name\":\"In\u00edcio\",\"item\":\"https:\\\/\\\/aliancaevangelica.pt\\\/site\\\/\"},{\"@type\":\"ListItem\",\"position\":2,\"name\":\"Escrever \u2013 uma oportunidade de servir\"}]},{\"@type\":\"WebSite\",\"@id\":\"https:\\\/\\\/aliancaevangelica.pt\\\/site\\\/#website\",\"url\":\"https:\\\/\\\/aliancaevangelica.pt\\\/site\\\/\",\"name\":\"Alian\u00e7a Evang\u00e9lica Portuguesa\",\"description\":\"Alian\u00e7a Evang\u00e9lica Portuguesa\",\"publisher\":{\"@id\":\"https:\\\/\\\/aliancaevangelica.pt\\\/site\\\/#organization\"},\"potentialAction\":[{\"@type\":\"SearchAction\",\"target\":{\"@type\":\"EntryPoint\",\"urlTemplate\":\"https:\\\/\\\/aliancaevangelica.pt\\\/site\\\/?s={search_term_string}\"},\"query-input\":{\"@type\":\"PropertyValueSpecification\",\"valueRequired\":true,\"valueName\":\"search_term_string\"}}],\"inLanguage\":\"pt-PT\"},{\"@type\":\"Organization\",\"@id\":\"https:\\\/\\\/aliancaevangelica.pt\\\/site\\\/#organization\",\"name\":\"Alian\u00e7a Evang\u00e9lica Portuguesa\",\"url\":\"https:\\\/\\\/aliancaevangelica.pt\\\/site\\\/\",\"logo\":{\"@type\":\"ImageObject\",\"inLanguage\":\"pt-PT\",\"@id\":\"https:\\\/\\\/aliancaevangelica.pt\\\/site\\\/#\\\/schema\\\/logo\\\/image\\\/\",\"url\":\"https:\\\/\\\/aliancaevangelica.pt\\\/site\\\/wp-content\\\/uploads\\\/2017\\\/11\\\/logo-AEP-cor.png\",\"contentUrl\":\"https:\\\/\\\/aliancaevangelica.pt\\\/site\\\/wp-content\\\/uploads\\\/2017\\\/11\\\/logo-AEP-cor.png\",\"width\":1156,\"height\":672,\"caption\":\"Alian\u00e7a Evang\u00e9lica Portuguesa\"},\"image\":{\"@id\":\"https:\\\/\\\/aliancaevangelica.pt\\\/site\\\/#\\\/schema\\\/logo\\\/image\\\/\"},\"sameAs\":[\"http:\\\/\\\/facebook.com\\\/aeportuguesa\",\"http:\\\/\\\/instagram.com\\\/aliancaep\",\"http:\\\/\\\/youtube.com\\\/aeportuguesa\"]},{\"@type\":\"Person\",\"@id\":\"https:\\\/\\\/aliancaevangelica.pt\\\/site\\\/#\\\/schema\\\/person\\\/3b47cfc7535eff1e820f31c2d67eafcf\",\"name\":\"AEP\",\"sameAs\":[\"aeportugal\"],\"url\":\"https:\\\/\\\/aliancaevangelica.pt\\\/site\\\/author\\\/aeportugal\\\/\"}]}<\/script>\n<!-- \/ Yoast SEO plugin. -->","yoast_head_json":{"title":"Escrever \u2013 uma oportunidade de servir - AEP","robots":{"index":"index","follow":"follow","max-snippet":"max-snippet:-1","max-image-preview":"max-image-preview:large","max-video-preview":"max-video-preview:-1"},"canonical":"https:\/\/aliancaevangelica.pt\/site\/escrever-uma-oportunidade-de-servir\/","og_locale":"pt_PT","og_type":"article","og_title":"Escrever \u2013 uma oportunidade de servir - AEP","og_description":"Foi no in\u00edcio do confinamento que Deus me impulsionou de forma que, nem eu pr\u00f3pria acreditaria. Muitos me perguntaram porque escrevi um livro durante a pandemia. Outros, que at\u00e9 me conhecem h\u00e1 algum tempo, ficaram surpresos quando me viram a lan\u00e7ar um livro. Pois bem, como tudo come\u00e7ou? Acredito que Deus trabalhou comigo para que","og_url":"https:\/\/aliancaevangelica.pt\/site\/escrever-uma-oportunidade-de-servir\/","og_site_name":"AEP","article_publisher":"http:\/\/facebook.com\/aeportuguesa","article_author":"aeportugal","article_published_time":"2021-10-29T08:00:00+00:00","og_image":[{"width":960,"height":640,"url":"https:\/\/aliancaevangelica.pt\/site\/wp-content\/uploads\/2021\/10\/Escrever.jpg","type":"image\/jpeg"}],"author":"AEP","twitter_card":"summary_large_image","twitter_misc":{"Escrito por":"AEP","Tempo estimado de leitura":"5 minutos"},"schema":{"@context":"https:\/\/schema.org","@graph":[{"@type":"Article","@id":"https:\/\/aliancaevangelica.pt\/site\/escrever-uma-oportunidade-de-servir\/#article","isPartOf":{"@id":"https:\/\/aliancaevangelica.pt\/site\/escrever-uma-oportunidade-de-servir\/"},"author":{"name":"AEP","@id":"https:\/\/aliancaevangelica.pt\/site\/#\/schema\/person\/3b47cfc7535eff1e820f31c2d67eafcf"},"headline":"Escrever \u2013 uma oportunidade de servir","datePublished":"2021-10-29T08:00:00+00:00","mainEntityOfPage":{"@id":"https:\/\/aliancaevangelica.pt\/site\/escrever-uma-oportunidade-de-servir\/"},"wordCount":1025,"commentCount":0,"publisher":{"@id":"https:\/\/aliancaevangelica.pt\/site\/#organization"},"image":{"@id":"https:\/\/aliancaevangelica.pt\/site\/escrever-uma-oportunidade-de-servir\/#primaryimage"},"thumbnailUrl":"https:\/\/aliancaevangelica.pt\/site\/wp-content\/uploads\/2021\/10\/Escrever.jpg","articleSection":["1-Geral","Mulheres, Casais e Fam\u00edlia"],"inLanguage":"pt-PT","potentialAction":[{"@type":"CommentAction","name":"Comment","target":["https:\/\/aliancaevangelica.pt\/site\/escrever-uma-oportunidade-de-servir\/#respond"]}]},{"@type":"WebPage","@id":"https:\/\/aliancaevangelica.pt\/site\/escrever-uma-oportunidade-de-servir\/","url":"https:\/\/aliancaevangelica.pt\/site\/escrever-uma-oportunidade-de-servir\/","name":"Escrever \u2013 uma oportunidade de servir - AEP","isPartOf":{"@id":"https:\/\/aliancaevangelica.pt\/site\/#website"},"primaryImageOfPage":{"@id":"https:\/\/aliancaevangelica.pt\/site\/escrever-uma-oportunidade-de-servir\/#primaryimage"},"image":{"@id":"https:\/\/aliancaevangelica.pt\/site\/escrever-uma-oportunidade-de-servir\/#primaryimage"},"thumbnailUrl":"https:\/\/aliancaevangelica.pt\/site\/wp-content\/uploads\/2021\/10\/Escrever.jpg","datePublished":"2021-10-29T08:00:00+00:00","breadcrumb":{"@id":"https:\/\/aliancaevangelica.pt\/site\/escrever-uma-oportunidade-de-servir\/#breadcrumb"},"inLanguage":"pt-PT","potentialAction":[{"@type":"ReadAction","target":["https:\/\/aliancaevangelica.pt\/site\/escrever-uma-oportunidade-de-servir\/"]}]},{"@type":"ImageObject","inLanguage":"pt-PT","@id":"https:\/\/aliancaevangelica.pt\/site\/escrever-uma-oportunidade-de-servir\/#primaryimage","url":"https:\/\/aliancaevangelica.pt\/site\/wp-content\/uploads\/2021\/10\/Escrever.jpg","contentUrl":"https:\/\/aliancaevangelica.pt\/site\/wp-content\/uploads\/2021\/10\/Escrever.jpg","width":960,"height":640},{"@type":"BreadcrumbList","@id":"https:\/\/aliancaevangelica.pt\/site\/escrever-uma-oportunidade-de-servir\/#breadcrumb","itemListElement":[{"@type":"ListItem","position":1,"name":"In\u00edcio","item":"https:\/\/aliancaevangelica.pt\/site\/"},{"@type":"ListItem","position":2,"name":"Escrever \u2013 uma oportunidade de servir"}]},{"@type":"WebSite","@id":"https:\/\/aliancaevangelica.pt\/site\/#website","url":"https:\/\/aliancaevangelica.pt\/site\/","name":"Alian\u00e7a Evang\u00e9lica Portuguesa","description":"Alian\u00e7a Evang\u00e9lica Portuguesa","publisher":{"@id":"https:\/\/aliancaevangelica.pt\/site\/#organization"},"potentialAction":[{"@type":"SearchAction","target":{"@type":"EntryPoint","urlTemplate":"https:\/\/aliancaevangelica.pt\/site\/?s={search_term_string}"},"query-input":{"@type":"PropertyValueSpecification","valueRequired":true,"valueName":"search_term_string"}}],"inLanguage":"pt-PT"},{"@type":"Organization","@id":"https:\/\/aliancaevangelica.pt\/site\/#organization","name":"Alian\u00e7a Evang\u00e9lica Portuguesa","url":"https:\/\/aliancaevangelica.pt\/site\/","logo":{"@type":"ImageObject","inLanguage":"pt-PT","@id":"https:\/\/aliancaevangelica.pt\/site\/#\/schema\/logo\/image\/","url":"https:\/\/aliancaevangelica.pt\/site\/wp-content\/uploads\/2017\/11\/logo-AEP-cor.png","contentUrl":"https:\/\/aliancaevangelica.pt\/site\/wp-content\/uploads\/2017\/11\/logo-AEP-cor.png","width":1156,"height":672,"caption":"Alian\u00e7a Evang\u00e9lica Portuguesa"},"image":{"@id":"https:\/\/aliancaevangelica.pt\/site\/#\/schema\/logo\/image\/"},"sameAs":["http:\/\/facebook.com\/aeportuguesa","http:\/\/instagram.com\/aliancaep","http:\/\/youtube.com\/aeportuguesa"]},{"@type":"Person","@id":"https:\/\/aliancaevangelica.pt\/site\/#\/schema\/person\/3b47cfc7535eff1e820f31c2d67eafcf","name":"AEP","sameAs":["aeportugal"],"url":"https:\/\/aliancaevangelica.pt\/site\/author\/aeportugal\/"}]}},"uagb_featured_image_src":{"full":["https:\/\/aliancaevangelica.pt\/site\/wp-content\/uploads\/2021\/10\/Escrever.jpg",960,640,false],"thumbnail":["https:\/\/aliancaevangelica.pt\/site\/wp-content\/uploads\/2021\/10\/Escrever-150x150.jpg",150,150,true],"medium":["https:\/\/aliancaevangelica.pt\/site\/wp-content\/uploads\/2021\/10\/Escrever-300x200.jpg",300,200,true],"medium_large":["https:\/\/aliancaevangelica.pt\/site\/wp-content\/uploads\/2021\/10\/Escrever-768x512.jpg",768,512,true],"large":["https:\/\/aliancaevangelica.pt\/site\/wp-content\/uploads\/2021\/10\/Escrever.jpg",960,640,false],"1536x1536":["https:\/\/aliancaevangelica.pt\/site\/wp-content\/uploads\/2021\/10\/Escrever.jpg",960,640,false],"2048x2048":["https:\/\/aliancaevangelica.pt\/site\/wp-content\/uploads\/2021\/10\/Escrever.jpg",960,640,false],"vp_sm":["https:\/\/aliancaevangelica.pt\/site\/wp-content\/uploads\/2021\/10\/Escrever.jpg",500,333,false],"vp_md":["https:\/\/aliancaevangelica.pt\/site\/wp-content\/uploads\/2021\/10\/Escrever.jpg",800,533,false],"vp_lg":["https:\/\/aliancaevangelica.pt\/site\/wp-content\/uploads\/2021\/10\/Escrever.jpg",960,640,false],"vp_xl":["https:\/\/aliancaevangelica.pt\/site\/wp-content\/uploads\/2021\/10\/Escrever.jpg",960,640,false],"vp_sm_popup":["https:\/\/aliancaevangelica.pt\/site\/wp-content\/uploads\/2021\/10\/Escrever.jpg",500,333,false],"vp_md_popup":["https:\/\/aliancaevangelica.pt\/site\/wp-content\/uploads\/2021\/10\/Escrever.jpg",800,533,false],"vp_xl_popup":["https:\/\/aliancaevangelica.pt\/site\/wp-content\/uploads\/2021\/10\/Escrever.jpg",960,640,false],"newsx-150x100":["https:\/\/aliancaevangelica.pt\/site\/wp-content\/uploads\/2021\/10\/Escrever.jpg",150,100,false],"newsx-330x220":["https:\/\/aliancaevangelica.pt\/site\/wp-content\/uploads\/2021\/10\/Escrever.jpg",330,220,false],"newsx-420x280":["https:\/\/aliancaevangelica.pt\/site\/wp-content\/uploads\/2021\/10\/Escrever.jpg",420,280,false],"newsx-510x340":["https:\/\/aliancaevangelica.pt\/site\/wp-content\/uploads\/2021\/10\/Escrever.jpg",510,340,false],"newsx-640x480":["https:\/\/aliancaevangelica.pt\/site\/wp-content\/uploads\/2021\/10\/Escrever.jpg",640,427,false],"newsx-670x370":["https:\/\/aliancaevangelica.pt\/site\/wp-content\/uploads\/2021\/10\/Escrever.jpg",555,370,false],"newsx-860x570":["https:\/\/aliancaevangelica.pt\/site\/wp-content\/uploads\/2021\/10\/Escrever.jpg",855,570,false],"newsx-1000x750":["https:\/\/aliancaevangelica.pt\/site\/wp-content\/uploads\/2021\/10\/Escrever.jpg",960,640,false],"newsx-1200x600":["https:\/\/aliancaevangelica.pt\/site\/wp-content\/uploads\/2021\/10\/Escrever.jpg",900,600,false]},"uagb_author_info":{"display_name":"AEP","author_link":"https:\/\/aliancaevangelica.pt\/site\/author\/aeportugal\/"},"uagb_comment_info":0,"uagb_excerpt":"Foi no in\u00edcio do confinamento que Deus me impulsionou de forma que, nem eu pr\u00f3pria acreditaria. Muitos me perguntaram porque escrevi um livro durante a pandemia. Outros, que at\u00e9 me conhecem h\u00e1 algum tempo, ficaram surpresos quando me viram a lan\u00e7ar um livro. Pois bem, como tudo come\u00e7ou? Acredito que Deus trabalhou comigo para que","_links":{"self":[{"href":"https:\/\/aliancaevangelica.pt\/site\/wp-json\/wp\/v2\/posts\/19209","targetHints":{"allow":["GET"]}}],"collection":[{"href":"https:\/\/aliancaevangelica.pt\/site\/wp-json\/wp\/v2\/posts"}],"about":[{"href":"https:\/\/aliancaevangelica.pt\/site\/wp-json\/wp\/v2\/types\/post"}],"author":[{"embeddable":true,"href":"https:\/\/aliancaevangelica.pt\/site\/wp-json\/wp\/v2\/users\/2"}],"replies":[{"embeddable":true,"href":"https:\/\/aliancaevangelica.pt\/site\/wp-json\/wp\/v2\/comments?post=19209"}],"version-history":[{"count":1,"href":"https:\/\/aliancaevangelica.pt\/site\/wp-json\/wp\/v2\/posts\/19209\/revisions"}],"predecessor-version":[{"id":19212,"href":"https:\/\/aliancaevangelica.pt\/site\/wp-json\/wp\/v2\/posts\/19209\/revisions\/19212"}],"wp:featuredmedia":[{"embeddable":true,"href":"https:\/\/aliancaevangelica.pt\/site\/wp-json\/wp\/v2\/media\/19211"}],"wp:attachment":[{"href":"https:\/\/aliancaevangelica.pt\/site\/wp-json\/wp\/v2\/media?parent=19209"}],"wp:term":[{"taxonomy":"category","embeddable":true,"href":"https:\/\/aliancaevangelica.pt\/site\/wp-json\/wp\/v2\/categories?post=19209"},{"taxonomy":"post_tag","embeddable":true,"href":"https:\/\/aliancaevangelica.pt\/site\/wp-json\/wp\/v2\/tags?post=19209"}],"curies":[{"name":"wp","href":"https:\/\/api.w.org\/{rel}","templated":true}]}}